{"id":133900,"date":"2025-07-07T19:15:10","date_gmt":"2025-07-07T22:15:10","guid":{"rendered":"https:\/\/cj.estrategia.com\/portal\/?p=133900"},"modified":"2025-07-14T13:53:36","modified_gmt":"2025-07-14T16:53:36","slug":"stf-valida-busca-apreensao-extrajudicial-bens","status":"publish","type":"post","link":"https:\/\/cj.estrategia.com\/portal\/stf-valida-busca-apreensao-extrajudicial-bens\/","title":{"rendered":"STF valida busca e apreens\u00e3o extrajudicial de bens"},"content":{"rendered":"\n<p><em>STF confirma a legalidade da busca e apreens\u00e3o extrajudicial de bens. Entenda os impactos e fundamentos dessa decis\u00e3o no direito brasileiro.<\/em><\/p>\n\n\n\n<p>* Thiago de Paula Leite \u00e9 procurador do Estado de S\u00e3o Paulo e professor de direito ambiental e agr\u00e1rio do Estrat\u00e9gia.<\/p>\n\n\n\n<figure class=\"wp-block-image size-large\"><img decoding=\"async\" width=\"1024\" height=\"620\" src=\"https:\/\/cj.estrategia.com\/portal\/wp-content\/uploads\/2025\/07\/07190615\/busca-e-apreensao-1024x620.webp\" alt=\"busca e apreens\u00e3o\" class=\"wp-image-133949\" srcset=\"https:\/\/cj.estrategia.com\/portal\/wp-content\/uploads\/2025\/07\/07190615\/busca-e-apreensao-1024x620.webp 1024w, https:\/\/cj.estrategia.com\/portal\/wp-content\/uploads\/2025\/07\/07190615\/busca-e-apreensao-300x182.webp 300w, https:\/\/cj.estrategia.com\/portal\/wp-content\/uploads\/2025\/07\/07190615\/busca-e-apreensao-768x465.webp 768w, https:\/\/cj.estrategia.com\/portal\/wp-content\/uploads\/2025\/07\/07190615\/busca-e-apreensao-380x230.webp 380w, https:\/\/cj.estrategia.com\/portal\/wp-content\/uploads\/2025\/07\/07190615\/busca-e-apreensao-800x485.webp 800w, https:\/\/cj.estrategia.com\/portal\/wp-content\/uploads\/2025\/07\/07190615\/busca-e-apreensao-1160x703.webp 1160w, https:\/\/cj.estrategia.com\/portal\/wp-content\/uploads\/2025\/07\/07190615\/busca-e-apreensao-150x91.webp 150w, https:\/\/cj.estrategia.com\/portal\/wp-content\/uploads\/2025\/07\/07190615\/busca-e-apreensao.webp 1218w\" sizes=\"(max-width: 1024px) 100vw, 1024px\" \/><\/figure>\n\n\n\n<h2 class=\"wp-block-heading\" id=\"h-decisao-do-stf\" style=\"font-style:normal;font-weight:400\"><span id=\"decisao-do-stf\"><strong>Decis\u00e3o do STF<\/strong><\/span><\/h2>\n\n\n\n<p>O Supremo Tribunal Federal, por ampla maioria (10 x 1), validou dispositivos do&nbsp;marco legal das garantias&nbsp;(<a href=\"https:\/\/www.planalto.gov.br\/ccivil_03\/_ato2023-2026\/2023\/lei\/l14711.htm\">lei 14.711\/23<\/a>) que autorizam a consolida\u00e7\u00e3o extrajudicial da propriedade e a busca e apreens\u00e3o de bens m\u00f3veis e im\u00f3veis em contratos com garantia fiduci\u00e1ria e hipoteca.<\/p>\n\n\n\n<p>O julgamento se deu no \u00e2mbito das ADIns&nbsp;7.600,&nbsp;7.601&nbsp;e&nbsp;7.608, com relatoria do ministro Dias Toffoli, e contou com apenas um voto contr\u00e1rio, o da ministra C\u00e1rmen L\u00facia.&nbsp;<\/p>\n\n\n\n<div class=\"wp-block-group is-style-cnvs-block-bg-light has-border-color has-0693-e-3-border-color has-white-background-color has-background cnvs-block-core-group-1751922314441\"><div class=\"wp-block-group__inner-container is-layout-constrained wp-block-group-is-layout-constrained\">\n<p><strong>Para a Ministra C\u00e1rmen L\u00facia, <mark style=\"background-color:rgba(0, 0, 0, 0)\" class=\"has-inline-color has-vivid-red-color\">voto vencido<\/mark>, os procedimentos extrajudiciais previstos na lei violam garantias fundamentais como o devido processo legal, a inviolabilidade do domic\u00edlio e a cl\u00e1usula de reserva de jurisdi\u00e7\u00e3o.<\/strong><\/p>\n<\/div><\/div>\n\n\n\n<p>As ADIns foram ajuizadas pela Uni\u00e3o dos Oficiais de Justi\u00e7a do Brasil, pela Associa\u00e7\u00e3o dos Magistrados Brasileiros e pela Associa\u00e7\u00e3o Nacional dos Oficiais de Justi\u00e7a, Avaliadores Federais e Associa\u00e7\u00e3o Federal dos Oficiais de Justi\u00e7a do Brasil.<\/p>\n\n\n\n<p>As a\u00e7\u00f5es questionaram os arts. 8\u00ba-B a 8\u00ba-E do&nbsp;decreto-lei 911\/69, com a reda\u00e7\u00e3o dada pela lei 14.711\/23, que preveem:<\/p>\n\n\n\n<ul class=\"wp-block-list is-style-cnvs-list-styled-positive\">\n<li><strong>Consolida\u00e7\u00e3o extrajudicial da propriedade fiduci\u00e1ria por meio de cart\u00f3rio;<\/strong><\/li>\n\n\n\n<li><strong>Procedimento de busca e apreens\u00e3o administrativa;<\/strong><\/li>\n\n\n\n<li><strong>Regras para execu\u00e7\u00e3o extrajudicial de hipotecas e garantias em concurso de credores;<\/strong><\/li>\n\n\n\n<li><strong>Possibilidade de realiza\u00e7\u00e3o de leil\u00f5es extrajudiciais e aliena\u00e7\u00e3o direta.<\/strong><\/li>\n<\/ul>\n\n\n\n<p>As autoras das ADIns sustentaram que, ao permitirem constri\u00e7\u00e3o de bens sem autoriza\u00e7\u00e3o judicial, as medidas acabam violando:<\/p>\n\n\n\n<ul class=\"wp-block-list is-style-cnvs-list-styled-positive\">\n<li><strong>A reserva de jurisdi\u00e7\u00e3o;<\/strong><\/li>\n\n\n\n<li><strong>O devido processo legal;<\/strong><\/li>\n\n\n\n<li><strong>A inviolabilidade de domic\u00edlio;&nbsp;&nbsp;<\/strong><\/li>\n\n\n\n<li><strong>O princ\u00edpio da dignidade da pessoa humana;<\/strong><\/li>\n\n\n\n<li><strong>O direito de propriedade;<\/strong><\/li>\n\n\n\n<li><strong>O direito \u00e0 vida e \u00e0 seguran\u00e7a;<\/strong><\/li>\n\n\n\n<li><strong>A inviolabilidade de dados;<\/strong><\/li>\n\n\n\n<li><strong>A inviolabilidade da intimidade;<\/strong><\/li>\n\n\n\n<li><strong>A fun\u00e7\u00e3o social da propriedade;<\/strong><\/li>\n\n\n\n<li><strong>O direito ao contradit\u00f3rio e ampla defesa.&nbsp;&nbsp;&nbsp;<\/strong><\/li>\n<\/ul>\n\n\n\n<p>A Procuradoria-Geral da Rep\u00fablica, em 2024, emitiu parecer defendendo a constitucionalidade das medidas, haja vista que elas garantem o devido processo legal e respeitam o direito de propriedade, sem impedir o acesso ao Judici\u00e1rio.<\/p>\n\n\n\n<p>O relator das ADIns, o ministro Dias Toffoli, utilizou os seguintes argumentos para justificar seu voto:<\/p>\n\n\n\n<ul class=\"wp-block-list is-style-cnvs-list-styled-positive\">\n<li>A atua\u00e7\u00e3o de cart\u00f3rios e institui\u00e7\u00f5es administrativas<strong> n\u00e3o exclui o controle judicial posterior<\/strong>, conforme assegurado pela&nbsp;CF;<\/li>\n\n\n\n<li>A execu\u00e7\u00e3o extrajudicial <strong>\u00e9 facultativa e depende de cl\u00e1usula expressa<\/strong> no contrato;<\/li>\n\n\n\n<li>O procedimento, al\u00e9m de assegurar notifica\u00e7\u00e3o do devedor e oportunidade para impugnar a cobran\u00e7a,<strong> n\u00e3o elimina o direito de recorrer ao Judici\u00e1ri<\/strong>o (n\u00e3o h\u00e1 ofensa ao art. 5\u00ba, XXXV, da CF, que garante a inafastabilidade da jurisdi\u00e7\u00e3o);<\/li>\n\n\n\n<li>Quanto \u00e0 busca e apreens\u00e3o, os dispositivos <strong>n\u00e3o autorizam o ingresso for\u00e7ado em domic\u00edlios, nem uso de for\u00e7a por particulares.<\/strong> A apreens\u00e3o pode ocorrer apenas por meios administrativos, como o bloqueio eletr\u00f4nico de circula\u00e7\u00e3o de ve\u00edculos, ou por entrega volunt\u00e1ria do bem;<\/li>\n\n\n\n<li>A execu\u00e7\u00e3o extrajudicial <strong>moderniza o sistema de cr\u00e9dito, reduz a judicializa\u00e7\u00e3o e estimula a efici\u00eancia econ\u00f4mica<\/strong>, ao conferir mais celeridade na recupera\u00e7\u00e3o de garantias sem sacrificar os direitos dos devedores;<\/li>\n\n\n\n<li>Os atos extrajudiciais <strong>devem respeitar direitos fundamentais do devedo<\/strong>r, como a vida privada, honra, imagem, inviolabilidade do domic\u00edlio e proibi\u00e7\u00e3o do uso privado da viol\u00eancia.<\/li>\n<\/ul>\n\n\n\n<h3 class=\"wp-block-heading\" id=\"h-desjudicializacao-de-procedimentos-executivos\" style=\"font-style:normal;font-weight:400\"><span id=\"desjudicializacao-de-procedimentos-executivos\"><strong>Desjudicializa\u00e7\u00e3o de procedimentos executivos<\/strong><\/span><\/h3>\n\n\n\n<p>A desjudicializa\u00e7\u00e3o de procedimentos executivos \u00e9 uma tend\u00eancia mundial, e traz, como principal vantagem, a redu\u00e7\u00e3o da sobrecarga do Poder Judici\u00e1rio. Seus principais fundamentos s\u00e3o:<\/p>\n\n\n\n<ol class=\"wp-block-list is-style-cnvs-list-styled-negative\">\n<li><strong>&nbsp;A razoabilidade de se atribuir a pr\u00e1tica de determinados atos de execu\u00e7\u00e3o a autoridades ou agentes privados;&nbsp;<\/strong><\/li>\n\n\n\n<li><strong>A necessidade de amplia\u00e7\u00e3o do acesso \u00e0 justi\u00e7a e de garantia da celeridade na presta\u00e7\u00e3o jurisdicional; e&nbsp;<\/strong><\/li>\n\n\n\n<li><strong>A estrutura\u00e7\u00e3o de um sistema de justi\u00e7a multiportas no ordenamento brasileiro.<\/strong><\/li>\n<\/ol>\n\n\n\n<p>Neste mesmo sentido temos a li\u00e7\u00e3o do professor M\u00e1rcio Carvalho Faria:<\/p>\n\n\n\n<div class=\"wp-block-group is-style-cnvs-block-bg-light\"><div class=\"wp-block-group__inner-container is-layout-constrained wp-block-group-is-layout-constrained\">\n<p><em>\u201cEm outras palavras, as orienta\u00e7\u00f5es internacionais \u2013 que, posteriormente, reverberaram, em maior ou menor escala, nos ordenamentos jur\u00eddicos internos \u2013 caminhavam no sentido de se desjudicializar as execu\u00e7\u00f5es, assim entendida, ao menos inicialmente, como a necessidade de reduzir a presen\u00e7a do juiz nessas demandas, conjugada com a amplia\u00e7\u00e3o da atua\u00e7\u00e3o de agentes executivos que pudessem se mostrar mais preparados, menos custosos, mais pr\u00f3ximos \u00e0s partes e, sobretudo, mais eficientes\u201d.<\/em><br><em><strong>(FARIA, M\u00e1rcio Carvalho. Reformar e racionalizar a execu\u00e7\u00e3o civil: um caminho necess\u00e1rio. Suprema &#8211; Revista de Estudos Constitucionais. v. 3, n. 1. p. 244-45 \u2013 grifo nosso).<\/strong><\/em><\/p>\n<\/div><\/div>\n\n\n\n<div class=\"wp-block-group is-style-cnvs-block-bg-light has-white-background-color has-background cnvs-block-core-group-1751922400108\"><div class=\"wp-block-group__inner-container is-layout-constrained wp-block-group-is-layout-constrained\">\n<p class=\"has-text-align-center\" style=\"font-size:18px\"><em><mark style=\"background-color:rgba(0, 0, 0, 0)\" class=\"has-inline-color has-black-color\">A Lei n\u00ba 14.711\/23 decorre daquilo que o Ministro Luiz Fux chamou, no julgamento do RE n\u00ba 860.631, de \u201ctend\u00eancia do direito moderno de transferir para o \u00e2mbito administrativo atos que antes demandavam interven\u00e7\u00e3o obrigat\u00f3ria do Judici\u00e1rio\u201d<\/mark><\/em><\/p>\n<\/div><\/div>\n\n\n\n<h2 class=\"wp-block-heading\" id=\"h-precedentes-do-stf\" style=\"font-style:normal;font-weight:400\"><span id=\"precedentes-do-stf\"><strong>Precedentes do STF<\/strong><\/span><\/h2>\n\n\n\n<p>O STF possui jurisprud\u00eancia no sentido de validar a execu\u00e7\u00e3o extrajudicial em garantias hipotec\u00e1rias (tema 249) e em contratos com aliena\u00e7\u00e3o fiduci\u00e1ria de im\u00f3veis (tema 982).<\/p>\n\n\n\n<div class=\"wp-block-group is-style-cnvs-block-bg-light\"><div class=\"wp-block-group__inner-container is-layout-constrained wp-block-group-is-layout-constrained\">\n<p><strong><mark style=\"background-color:rgba(0, 0, 0, 0)\" class=\"has-inline-color has-black-color\">TEMA 249:<\/mark><\/strong> \u00c9 constitucional, pois foi devidamente recepcionado pela Constitui\u00e7\u00e3o Federal de 1988, o procedimento de execu\u00e7\u00e3o extrajudicial, previsto no Decreto-lei n\u00ba 70\/66.<\/p>\n<\/div><\/div>\n\n\n\n<div class=\"wp-block-group is-style-cnvs-block-bg-light\"><div class=\"wp-block-group__inner-container is-layout-constrained wp-block-group-is-layout-constrained\">\n<p><strong><mark style=\"background-color:rgba(0, 0, 0, 0)\" class=\"has-inline-color has-black-color\">TEMA 982:<\/mark><\/strong> \u00c9 constitucional o procedimento da Lei n\u00ba 9.514\/1997 para a execu\u00e7\u00e3o extrajudicial da cl\u00e1usula de aliena\u00e7\u00e3o fiduci\u00e1ria em garantia, haja vista sua compatibilidade com as garantias processuais previstas na Constitui\u00e7\u00e3o Federal.<\/p>\n<\/div><\/div>\n\n\n\n<h3 class=\"wp-block-heading\" id=\"h-voto-divergente-carmen-lucia\" style=\"font-style:normal;font-weight:400\"><span id=\"voto-divergente-carmen-lucia\"><strong>Voto Divergente &#8211; C\u00e1rmen L\u00facia<\/strong><\/span><\/h3>\n\n\n\n<p>Como apontado mais acima, para a ministra C\u00e1rmen L\u00facia, os procedimentos extrajudiciais de consolida\u00e7\u00e3o da propriedade, busca e apreens\u00e3o de bens m\u00f3veis, e execu\u00e7\u00e3o de hipotecas e garantias imobili\u00e1rias violam direitos e garantias fundamentais assegurados pela constitui\u00e7\u00e3o Federal, em especial:<\/p>\n\n\n\n<ul class=\"wp-block-list is-style-cnvs-list-styled-positive\">\n<li><strong>O devido processo legal (art. 5\u00ba, LIV);<\/strong><\/li>\n\n\n\n<li><strong>A inviolabilidade do domic\u00edlio (art. 5\u00ba, XI); e&nbsp;<\/strong><\/li>\n\n\n\n<li><strong>A reserva de jurisdi\u00e7\u00e3o &#8211; cl\u00e1usula que exige ordem judicial para atos como a busca e apreens\u00e3o de bens.&nbsp;<\/strong><\/li>\n<\/ul>\n\n\n\n<p>A ministra criticou a possibilidade de dilig\u00eancias realizadas por empresas privadas sem controle judicial, o que caracterizaria uma verdadeira \u201c<em>desjudicializa\u00e7\u00e3o indevida de garantias constitucionais<\/em>\u201d.<\/p>\n\n\n\n<p>C\u00e1rmen, inclusive, deixou claro que tamb\u00e9m restou vencida no julgamento dos temas 249 e 982 da Corte, o que corrobora sua posi\u00e7\u00e3o contr\u00e1ria ao tema.<\/p>\n\n\n\n<p>A ministra, vencida, votou pela proced\u00eancia total das a\u00e7\u00f5es, declarando inconstitucionais os arts. 6\u00ba, 9\u00ba e 10 da lei 14.711\/23 &#8211; que introduzem os arts. 8\u00ba-B a 8\u00ba-E no decreto-lei 911\/69 e regulam as execu\u00e7\u00f5es extrajudiciais.<\/p>\n\n\n\n<h2 class=\"wp-block-heading\" id=\"h-tese-aprovada\" style=\"font-style:normal;font-weight:400\"><span id=\"tese-aprovada\"><strong>Tese aprovada<\/strong><\/span><\/h2>\n\n\n\n<p>Ao final, as ADIns foram julgadas improcedentes, com a fixa\u00e7\u00e3o da seguinte tese de julgamento:<\/p>\n\n\n\n<pre class=\"wp-block-preformatted\"><strong>\u201c1. S\u00e3o constitucionais os procedimentos extrajudiciais institu\u00eddos pela Lei n\u00ba 14.711\/23 de consolida\u00e7\u00e3o da propriedade em contratos de aliena\u00e7\u00e3o fiduci\u00e1ria de bens m\u00f3veis, de execu\u00e7\u00e3o dos cr\u00e9ditos garantidos por hipoteca e de execu\u00e7\u00e3o da garantia imobili\u00e1ria em concurso de credores.<\/strong><\/pre>\n\n\n\n<pre class=\"wp-block-preformatted\"><strong>2. Nas dilig\u00eancias para a localiza\u00e7\u00e3o do bem m\u00f3vel dado em garantia em aliena\u00e7\u00e3o fiduci\u00e1ria e em sua apreens\u00e3o, previstas nos \u00a7\u00a7 4\u00ba, 5\u00ba e 7\u00ba do art. 8\u00ba-C do Decreto-Lei n\u00ba 911\/69 (reda\u00e7\u00e3o da Lei n\u00ba 14.711\/23), devem ser assegurados os direitos \u00e0 vida privada, \u00e0 honra e \u00e0 imagem do devedor; a inviolabilidade do sigilo de dados; a veda\u00e7\u00e3o ao uso privado da viol\u00eancia; a inviolabilidade do domic\u00edlio; a dignidade da pessoa humana e a autonomia da vontade.\u201d<\/strong><\/pre>\n\n\n\n<p>\u00d3timo tema para provas de direito processual civil e direito constitucional.<\/p>\n\n\n\n<p>Quer saber quais ser\u00e3o os pr\u00f3ximos concursos?<\/p>\n\n\n\n<p class=\"has-text-align-center\" style=\"font-size:20px\"><strong>Confira nossos&nbsp;<a href=\"https:\/\/cj.estrategia.com\/portal\/\" target=\"_blank\" >artigos para Carreiras Jur\u00eddicas<\/a>!<\/strong><\/p>\n\n\n\n<p class=\"has-text-align-center has-white-color has-pale-cyan-blue-background-color has-text-color has-background has-link-color wp-elements-361e4f986e0a9a05bec60bc57ae4cdd9\" style=\"text-decoration:underline\"><a href=\"https:\/\/cj.estrategia.com\/portal\/concursos-abertos-carreiras-juridicas\/\" target=\"_blank\" >Concursos jur\u00eddicos abertos<\/a><\/p>\n\n\n\n<p class=\"has-text-align-center has-pale-cyan-blue-background-color has-background\" style=\"text-decoration:underline\"><a href=\"https:\/\/cj.estrategia.com\/portal\/concursos-2025-carreiras-juridicas\/\" target=\"_blank\" >Concursos jur\u00eddicos 2025<\/a><\/p>\n\n\n\n<p><\/p>\n\n\n\n<p><\/p>\n","protected":false},"excerpt":{"rendered":"STF confirma a legalidade da busca e apreens\u00e3o extrajudicial de bens. Entenda os impactos e fundamentos dessa decis\u00e3o&hellip;\n","protected":false},"author":81,"featured_media":133949,"comment_status":"open","ping_status":"open","sticky":false,"template":"","format":"standard","meta":{"_jetpack_memberships_contains_paid_content":false,"footnotes":""},"categories":[1],"tags":[336,2920],"tax_estado":[30,31,32,33,34,35,36,37,38,39,40,41,42,43,44,45,46,47,48,49,50,51,52,53,54,55,56,57],"class_list":{"0":"post-133900","1":"post","2":"type-post","3":"status-publish","4":"format-standard","5":"has-post-thumbnail","7":"category-carreiras-juridicas","8":"tag-analise-juridica","9":"tag-busca-e-apreensao-de-bens","10":"tax_estado-ac","11":"tax_estado-al","12":"tax_estado-am","13":"tax_estado-ap","14":"tax_estado-ba","15":"tax_estado-ce","16":"tax_estado-concursos-federais","17":"tax_estado-df","18":"tax_estado-es","19":"tax_estado-go","20":"tax_estado-ma","21":"tax_estado-mg","22":"tax_estado-ms","23":"tax_estado-mt","24":"tax_estado-pa","25":"tax_estado-pb","26":"tax_estado-pe","27":"tax_estado-pi","28":"tax_estado-pr","29":"tax_estado-rj","30":"tax_estado-rn","31":"tax_estado-ro","32":"tax_estado-rr","33":"tax_estado-rs","34":"tax_estado-sc","35":"tax_estado-se","36":"tax_estado-sp","37":"tax_estado-to"},"acf":[],"yoast_head":"<!-- This site is optimized with the Yoast SEO Premium plugin v27.4 (Yoast SEO v27.4) - https:\/\/yoast.com\/product\/yoast-seo-premium-wordpress\/ -->\n<title>STF valida busca e apreens\u00e3o extrajudicial de bens<\/title>\n<meta name=\"description\" content=\"Supremo confirma a legalidade da busca e apreens\u00e3o extrajudicial de bens. Entenda os impactos e fundamentos dessa decis\u00e3o.\" \/>\n<meta name=\"robots\" content=\"index, follow, max-snippet:-1, max-image-preview:large, max-video-preview:-1\" \/>\n<link rel=\"canonical\" href=\"https:\/\/cj.estrategia.com\/portal\/stf-valida-busca-apreensao-extrajudicial-bens\/\" \/>\n<meta property=\"og:locale\" content=\"pt_BR\" \/>\n<meta property=\"og:type\" content=\"article\" \/>\n<meta property=\"og:title\" content=\"STF valida busca e apreens\u00e3o extrajudicial de bens\" \/>\n<meta property=\"og:description\" content=\"Supremo confirma a legalidade da busca e apreens\u00e3o extrajudicial de bens. Entenda os impactos e fundamentos dessa decis\u00e3o.\" \/>\n<meta property=\"og:url\" content=\"https:\/\/cj.estrategia.com\/portal\/stf-valida-busca-apreensao-extrajudicial-bens\/\" \/>\n<meta property=\"og:site_name\" content=\"Blog - Carreiras Jur\u00eddicas - Estrat\u00e9gia\" \/>\n<meta property=\"article:publisher\" content=\"https:\/\/www.facebook.com\/estrategiacarreirajuridica\/\" \/>\n<meta property=\"article:published_time\" content=\"2025-07-07T22:15:10+00:00\" \/>\n<meta property=\"article:modified_time\" content=\"2025-07-14T16:53:36+00:00\" \/>\n<meta property=\"og:image\" content=\"https:\/\/cj.estrategia.com\/portal\/wp-content\/uploads\/2025\/07\/07190615\/busca-e-apreensao.webp\" \/>\n\t<meta property=\"og:image:width\" content=\"1218\" \/>\n\t<meta property=\"og:image:height\" content=\"738\" \/>\n\t<meta property=\"og:image:type\" content=\"image\/webp\" \/>\n<meta name=\"author\" content=\"Thiago Leite\" \/>\n<meta name=\"twitter:card\" content=\"summary_large_image\" \/>\n<meta name=\"twitter:creator\" content=\"@EstratJuridica\" \/>\n<meta name=\"twitter:site\" content=\"@EstratJuridica\" \/>\n<meta name=\"twitter:label1\" content=\"Escrito por\" \/>\n\t<meta name=\"twitter:data1\" content=\"Thiago Leite\" \/>\n\t<meta name=\"twitter:label2\" content=\"Est. tempo de leitura\" \/>\n\t<meta name=\"twitter:data2\" content=\"7 minutos\" \/>\n<script type=\"application\/ld+json\" class=\"yoast-schema-graph\">{\"@context\":\"https:\\\/\\\/schema.org\",\"@graph\":[{\"@type\":\"NewsArticle\",\"@id\":\"https:\\\/\\\/cj.estrategia.com\\\/portal\\\/stf-valida-busca-apreensao-extrajudicial-bens\\\/#article\",\"isPartOf\":{\"@id\":\"https:\\\/\\\/cj.estrategia.com\\\/portal\\\/stf-valida-busca-apreensao-extrajudicial-bens\\\/\"},\"author\":{\"name\":\"Thiago Leite\",\"@id\":\"https:\\\/\\\/cj.estrategia.com\\\/portal\\\/#\\\/schema\\\/person\\\/7d7d2b1c8386e2eeacc0b09cfbc1d0ff\"},\"headline\":\"STF valida busca e apreens\u00e3o extrajudicial de bens\",\"datePublished\":\"2025-07-07T22:15:10+00:00\",\"dateModified\":\"2025-07-14T16:53:36+00:00\",\"mainEntityOfPage\":{\"@id\":\"https:\\\/\\\/cj.estrategia.com\\\/portal\\\/stf-valida-busca-apreensao-extrajudicial-bens\\\/\"},\"wordCount\":1171,\"commentCount\":0,\"publisher\":{\"@id\":\"https:\\\/\\\/cj.estrategia.com\\\/portal\\\/#organization\"},\"image\":{\"@id\":\"https:\\\/\\\/cj.estrategia.com\\\/portal\\\/stf-valida-busca-apreensao-extrajudicial-bens\\\/#primaryimage\"},\"thumbnailUrl\":\"https:\\\/\\\/cj.estrategia.com\\\/portal\\\/wp-content\\\/uploads\\\/2025\\\/07\\\/07190615\\\/busca-e-apreensao.webp\",\"keywords\":[\"an\u00e1lise jur\u00eddica\",\"busca e apreens\u00e3o de bens\"],\"articleSection\":[\"Carreiras Jur\u00eddicas\"],\"inLanguage\":\"pt-BR\",\"potentialAction\":[{\"@type\":\"CommentAction\",\"name\":\"Comment\",\"target\":[\"https:\\\/\\\/cj.estrategia.com\\\/portal\\\/stf-valida-busca-apreensao-extrajudicial-bens\\\/#respond\"]}]},{\"@type\":\"WebPage\",\"@id\":\"https:\\\/\\\/cj.estrategia.com\\\/portal\\\/stf-valida-busca-apreensao-extrajudicial-bens\\\/\",\"url\":\"https:\\\/\\\/cj.estrategia.com\\\/portal\\\/stf-valida-busca-apreensao-extrajudicial-bens\\\/\",\"name\":\"STF valida busca e apreens\u00e3o extrajudicial de bens\",\"isPartOf\":{\"@id\":\"https:\\\/\\\/cj.estrategia.com\\\/portal\\\/#website\"},\"primaryImageOfPage\":{\"@id\":\"https:\\\/\\\/cj.estrategia.com\\\/portal\\\/stf-valida-busca-apreensao-extrajudicial-bens\\\/#primaryimage\"},\"image\":{\"@id\":\"https:\\\/\\\/cj.estrategia.com\\\/portal\\\/stf-valida-busca-apreensao-extrajudicial-bens\\\/#primaryimage\"},\"thumbnailUrl\":\"https:\\\/\\\/cj.estrategia.com\\\/portal\\\/wp-content\\\/uploads\\\/2025\\\/07\\\/07190615\\\/busca-e-apreensao.webp\",\"datePublished\":\"2025-07-07T22:15:10+00:00\",\"dateModified\":\"2025-07-14T16:53:36+00:00\",\"description\":\"Supremo confirma a legalidade da busca e apreens\u00e3o extrajudicial de bens. Entenda os impactos e fundamentos dessa decis\u00e3o.\",\"breadcrumb\":{\"@id\":\"https:\\\/\\\/cj.estrategia.com\\\/portal\\\/stf-valida-busca-apreensao-extrajudicial-bens\\\/#breadcrumb\"},\"inLanguage\":\"pt-BR\",\"potentialAction\":[{\"@type\":\"ReadAction\",\"target\":[\"https:\\\/\\\/cj.estrategia.com\\\/portal\\\/stf-valida-busca-apreensao-extrajudicial-bens\\\/\"]}]},{\"@type\":\"ImageObject\",\"inLanguage\":\"pt-BR\",\"@id\":\"https:\\\/\\\/cj.estrategia.com\\\/portal\\\/stf-valida-busca-apreensao-extrajudicial-bens\\\/#primaryimage\",\"url\":\"https:\\\/\\\/cj.estrategia.com\\\/portal\\\/wp-content\\\/uploads\\\/2025\\\/07\\\/07190615\\\/busca-e-apreensao.webp\",\"contentUrl\":\"https:\\\/\\\/cj.estrategia.com\\\/portal\\\/wp-content\\\/uploads\\\/2025\\\/07\\\/07190615\\\/busca-e-apreensao.webp\",\"width\":1218,\"height\":738},{\"@type\":\"BreadcrumbList\",\"@id\":\"https:\\\/\\\/cj.estrategia.com\\\/portal\\\/stf-valida-busca-apreensao-extrajudicial-bens\\\/#breadcrumb\",\"itemListElement\":[{\"@type\":\"ListItem\",\"position\":1,\"name\":\"In\u00edcio\",\"item\":\"https:\\\/\\\/cj.estrategia.com\\\/portal\\\/\"},{\"@type\":\"ListItem\",\"position\":2,\"name\":\"STF valida busca e apreens\u00e3o extrajudicial de bens\"}]},{\"@type\":\"WebSite\",\"@id\":\"https:\\\/\\\/cj.estrategia.com\\\/portal\\\/#website\",\"url\":\"https:\\\/\\\/cj.estrategia.com\\\/portal\\\/\",\"name\":\"Blog - Carreiras Jur\u00eddicas - Estrat\u00e9gia\",\"description\":\"\",\"publisher\":{\"@id\":\"https:\\\/\\\/cj.estrategia.com\\\/portal\\\/#organization\"},\"potentialAction\":[{\"@type\":\"SearchAction\",\"target\":{\"@type\":\"EntryPoint\",\"urlTemplate\":\"https:\\\/\\\/cj.estrategia.com\\\/portal\\\/?s={search_term_string}\"},\"query-input\":{\"@type\":\"PropertyValueSpecification\",\"valueRequired\":true,\"valueName\":\"search_term_string\"}}],\"inLanguage\":\"pt-BR\"},{\"@type\":\"Organization\",\"@id\":\"https:\\\/\\\/cj.estrategia.com\\\/portal\\\/#organization\",\"name\":\"Estrat\u00e9gia - Carreiras Jur\u00eddicas\",\"url\":\"https:\\\/\\\/cj.estrategia.com\\\/portal\\\/\",\"logo\":{\"@type\":\"ImageObject\",\"inLanguage\":\"pt-BR\",\"@id\":\"https:\\\/\\\/cj.estrategia.com\\\/portal\\\/#\\\/schema\\\/logo\\\/image\\\/\",\"url\":\"https:\\\/\\\/cj.estrategia.com\\\/portal\\\/wp-content\\\/uploads\\\/2022\\\/03\\\/11151052\\\/cj-logo.png\",\"contentUrl\":\"https:\\\/\\\/cj.estrategia.com\\\/portal\\\/wp-content\\\/uploads\\\/2022\\\/03\\\/11151052\\\/cj-logo.png\",\"width\":150,\"height\":39,\"caption\":\"Estrat\u00e9gia - Carreiras Jur\u00eddicas\"},\"image\":{\"@id\":\"https:\\\/\\\/cj.estrategia.com\\\/portal\\\/#\\\/schema\\\/logo\\\/image\\\/\"},\"sameAs\":[\"https:\\\/\\\/www.facebook.com\\\/estrategiacarreirajuridica\\\/\",\"https:\\\/\\\/x.com\\\/EstratJuridica\",\"https:\\\/\\\/www.instagram.com\\\/estrategiacarreirajuridica\\\/\",\"https:\\\/\\\/www.youtube.com\\\/channel\\\/UClbMGuYbj2Mh1m3w144ETWQ\"]},{\"@type\":\"Person\",\"@id\":\"https:\\\/\\\/cj.estrategia.com\\\/portal\\\/#\\\/schema\\\/person\\\/7d7d2b1c8386e2eeacc0b09cfbc1d0ff\",\"name\":\"Thiago Leite\",\"image\":{\"@type\":\"ImageObject\",\"inLanguage\":\"pt-BR\",\"@id\":\"https:\\\/\\\/secure.gravatar.com\\\/avatar\\\/15ff5746ff9e313f1248fe2373ce03309054e96387bb9249055458d0c1aaa297?s=96&d=mm&r=g\",\"url\":\"https:\\\/\\\/secure.gravatar.com\\\/avatar\\\/15ff5746ff9e313f1248fe2373ce03309054e96387bb9249055458d0c1aaa297?s=96&d=mm&r=g\",\"contentUrl\":\"https:\\\/\\\/secure.gravatar.com\\\/avatar\\\/15ff5746ff9e313f1248fe2373ce03309054e96387bb9249055458d0c1aaa297?s=96&d=mm&r=g\",\"caption\":\"Thiago Leite\"},\"description\":\"Thiago de Paula Leite \u00e9 procurador do Estado de S\u00e3o Paulo e professor de direito ambiental e agr\u00e1rio do Estrat\u00e9gia.\",\"url\":\"https:\\\/\\\/cj.estrategia.com\\\/portal\\\/author\\\/thiago-leite\\\/\"}]}<\/script>\n<!-- \/ Yoast SEO Premium plugin. -->","yoast_head_json":{"title":"STF valida busca e apreens\u00e3o extrajudicial de bens","description":"Supremo confirma a legalidade da busca e apreens\u00e3o extrajudicial de bens. Entenda os impactos e fundamentos dessa decis\u00e3o.","robots":{"index":"index","follow":"follow","max-snippet":"max-snippet:-1","max-image-preview":"max-image-preview:large","max-video-preview":"max-video-preview:-1"},"canonical":"https:\/\/cj.estrategia.com\/portal\/stf-valida-busca-apreensao-extrajudicial-bens\/","og_locale":"pt_BR","og_type":"article","og_title":"STF valida busca e apreens\u00e3o extrajudicial de bens","og_description":"Supremo confirma a legalidade da busca e apreens\u00e3o extrajudicial de bens. Entenda os impactos e fundamentos dessa decis\u00e3o.","og_url":"https:\/\/cj.estrategia.com\/portal\/stf-valida-busca-apreensao-extrajudicial-bens\/","og_site_name":"Blog - Carreiras Jur\u00eddicas - Estrat\u00e9gia","article_publisher":"https:\/\/www.facebook.com\/estrategiacarreirajuridica\/","article_published_time":"2025-07-07T22:15:10+00:00","article_modified_time":"2025-07-14T16:53:36+00:00","og_image":[{"width":1218,"height":738,"url":"https:\/\/cj.estrategia.com\/portal\/wp-content\/uploads\/2025\/07\/07190615\/busca-e-apreensao.webp","type":"image\/webp"}],"author":"Thiago Leite","twitter_card":"summary_large_image","twitter_creator":"@EstratJuridica","twitter_site":"@EstratJuridica","twitter_misc":{"Escrito por":"Thiago Leite","Est. tempo de leitura":"7 minutos"},"schema":{"@context":"https:\/\/schema.org","@graph":[{"@type":"NewsArticle","@id":"https:\/\/cj.estrategia.com\/portal\/stf-valida-busca-apreensao-extrajudicial-bens\/#article","isPartOf":{"@id":"https:\/\/cj.estrategia.com\/portal\/stf-valida-busca-apreensao-extrajudicial-bens\/"},"author":{"name":"Thiago Leite","@id":"https:\/\/cj.estrategia.com\/portal\/#\/schema\/person\/7d7d2b1c8386e2eeacc0b09cfbc1d0ff"},"headline":"STF valida busca e apreens\u00e3o extrajudicial de bens","datePublished":"2025-07-07T22:15:10+00:00","dateModified":"2025-07-14T16:53:36+00:00","mainEntityOfPage":{"@id":"https:\/\/cj.estrategia.com\/portal\/stf-valida-busca-apreensao-extrajudicial-bens\/"},"wordCount":1171,"commentCount":0,"publisher":{"@id":"https:\/\/cj.estrategia.com\/portal\/#organization"},"image":{"@id":"https:\/\/cj.estrategia.com\/portal\/stf-valida-busca-apreensao-extrajudicial-bens\/#primaryimage"},"thumbnailUrl":"https:\/\/cj.estrategia.com\/portal\/wp-content\/uploads\/2025\/07\/07190615\/busca-e-apreensao.webp","keywords":["an\u00e1lise jur\u00eddica","busca e apreens\u00e3o de bens"],"articleSection":["Carreiras Jur\u00eddicas"],"inLanguage":"pt-BR","potentialAction":[{"@type":"CommentAction","name":"Comment","target":["https:\/\/cj.estrategia.com\/portal\/stf-valida-busca-apreensao-extrajudicial-bens\/#respond"]}]},{"@type":"WebPage","@id":"https:\/\/cj.estrategia.com\/portal\/stf-valida-busca-apreensao-extrajudicial-bens\/","url":"https:\/\/cj.estrategia.com\/portal\/stf-valida-busca-apreensao-extrajudicial-bens\/","name":"STF valida busca e apreens\u00e3o extrajudicial de bens","isPartOf":{"@id":"https:\/\/cj.estrategia.com\/portal\/#website"},"primaryImageOfPage":{"@id":"https:\/\/cj.estrategia.com\/portal\/stf-valida-busca-apreensao-extrajudicial-bens\/#primaryimage"},"image":{"@id":"https:\/\/cj.estrategia.com\/portal\/stf-valida-busca-apreensao-extrajudicial-bens\/#primaryimage"},"thumbnailUrl":"https:\/\/cj.estrategia.com\/portal\/wp-content\/uploads\/2025\/07\/07190615\/busca-e-apreensao.webp","datePublished":"2025-07-07T22:15:10+00:00","dateModified":"2025-07-14T16:53:36+00:00","description":"Supremo confirma a legalidade da busca e apreens\u00e3o extrajudicial de bens. Entenda os impactos e fundamentos dessa decis\u00e3o.","breadcrumb":{"@id":"https:\/\/cj.estrategia.com\/portal\/stf-valida-busca-apreensao-extrajudicial-bens\/#breadcrumb"},"inLanguage":"pt-BR","potentialAction":[{"@type":"ReadAction","target":["https:\/\/cj.estrategia.com\/portal\/stf-valida-busca-apreensao-extrajudicial-bens\/"]}]},{"@type":"ImageObject","inLanguage":"pt-BR","@id":"https:\/\/cj.estrategia.com\/portal\/stf-valida-busca-apreensao-extrajudicial-bens\/#primaryimage","url":"https:\/\/cj.estrategia.com\/portal\/wp-content\/uploads\/2025\/07\/07190615\/busca-e-apreensao.webp","contentUrl":"https:\/\/cj.estrategia.com\/portal\/wp-content\/uploads\/2025\/07\/07190615\/busca-e-apreensao.webp","width":1218,"height":738},{"@type":"BreadcrumbList","@id":"https:\/\/cj.estrategia.com\/portal\/stf-valida-busca-apreensao-extrajudicial-bens\/#breadcrumb","itemListElement":[{"@type":"ListItem","position":1,"name":"In\u00edcio","item":"https:\/\/cj.estrategia.com\/portal\/"},{"@type":"ListItem","position":2,"name":"STF valida busca e apreens\u00e3o extrajudicial de bens"}]},{"@type":"WebSite","@id":"https:\/\/cj.estrategia.com\/portal\/#website","url":"https:\/\/cj.estrategia.com\/portal\/","name":"Blog - Carreiras Jur\u00eddicas - Estrat\u00e9gia","description":"","publisher":{"@id":"https:\/\/cj.estrategia.com\/portal\/#organization"},"potentialAction":[{"@type":"SearchAction","target":{"@type":"EntryPoint","urlTemplate":"https:\/\/cj.estrategia.com\/portal\/?s={search_term_string}"},"query-input":{"@type":"PropertyValueSpecification","valueRequired":true,"valueName":"search_term_string"}}],"inLanguage":"pt-BR"},{"@type":"Organization","@id":"https:\/\/cj.estrategia.com\/portal\/#organization","name":"Estrat\u00e9gia - Carreiras Jur\u00eddicas","url":"https:\/\/cj.estrategia.com\/portal\/","logo":{"@type":"ImageObject","inLanguage":"pt-BR","@id":"https:\/\/cj.estrategia.com\/portal\/#\/schema\/logo\/image\/","url":"https:\/\/cj.estrategia.com\/portal\/wp-content\/uploads\/2022\/03\/11151052\/cj-logo.png","contentUrl":"https:\/\/cj.estrategia.com\/portal\/wp-content\/uploads\/2022\/03\/11151052\/cj-logo.png","width":150,"height":39,"caption":"Estrat\u00e9gia - Carreiras Jur\u00eddicas"},"image":{"@id":"https:\/\/cj.estrategia.com\/portal\/#\/schema\/logo\/image\/"},"sameAs":["https:\/\/www.facebook.com\/estrategiacarreirajuridica\/","https:\/\/x.com\/EstratJuridica","https:\/\/www.instagram.com\/estrategiacarreirajuridica\/","https:\/\/www.youtube.com\/channel\/UClbMGuYbj2Mh1m3w144ETWQ"]},{"@type":"Person","@id":"https:\/\/cj.estrategia.com\/portal\/#\/schema\/person\/7d7d2b1c8386e2eeacc0b09cfbc1d0ff","name":"Thiago Leite","image":{"@type":"ImageObject","inLanguage":"pt-BR","@id":"https:\/\/secure.gravatar.com\/avatar\/15ff5746ff9e313f1248fe2373ce03309054e96387bb9249055458d0c1aaa297?s=96&d=mm&r=g","url":"https:\/\/secure.gravatar.com\/avatar\/15ff5746ff9e313f1248fe2373ce03309054e96387bb9249055458d0c1aaa297?s=96&d=mm&r=g","contentUrl":"https:\/\/secure.gravatar.com\/avatar\/15ff5746ff9e313f1248fe2373ce03309054e96387bb9249055458d0c1aaa297?s=96&d=mm&r=g","caption":"Thiago Leite"},"description":"Thiago de Paula Leite \u00e9 procurador do Estado de S\u00e3o Paulo e professor de direito ambiental e agr\u00e1rio do Estrat\u00e9gia.","url":"https:\/\/cj.estrategia.com\/portal\/author\/thiago-leite\/"}]}},"jetpack_featured_media_url":"https:\/\/cj.estrategia.com\/portal\/wp-content\/uploads\/2025\/07\/07190615\/busca-e-apreensao.webp","jetpack_sharing_enabled":true,"_links":{"self":[{"href":"https:\/\/cj.estrategia.com\/portal\/wp-json\/wp\/v2\/posts\/133900","targetHints":{"allow":["GET"]}}],"collection":[{"href":"https:\/\/cj.estrategia.com\/portal\/wp-json\/wp\/v2\/posts"}],"about":[{"href":"https:\/\/cj.estrategia.com\/portal\/wp-json\/wp\/v2\/types\/post"}],"author":[{"embeddable":true,"href":"https:\/\/cj.estrategia.com\/portal\/wp-json\/wp\/v2\/users\/81"}],"replies":[{"embeddable":true,"href":"https:\/\/cj.estrategia.com\/portal\/wp-json\/wp\/v2\/comments?post=133900"}],"version-history":[{"count":34,"href":"https:\/\/cj.estrategia.com\/portal\/wp-json\/wp\/v2\/posts\/133900\/revisions"}],"predecessor-version":[{"id":135436,"href":"https:\/\/cj.estrategia.com\/portal\/wp-json\/wp\/v2\/posts\/133900\/revisions\/135436"}],"wp:featuredmedia":[{"embeddable":true,"href":"https:\/\/cj.estrategia.com\/portal\/wp-json\/wp\/v2\/media\/133949"}],"wp:attachment":[{"href":"https:\/\/cj.estrategia.com\/portal\/wp-json\/wp\/v2\/media?parent=133900"}],"wp:term":[{"taxonomy":"category","embeddable":true,"href":"https:\/\/cj.estrategia.com\/portal\/wp-json\/wp\/v2\/categories?post=133900"},{"taxonomy":"post_tag","embeddable":true,"href":"https:\/\/cj.estrategia.com\/portal\/wp-json\/wp\/v2\/tags?post=133900"},{"taxonomy":"tax_estado","embeddable":true,"href":"https:\/\/cj.estrategia.com\/portal\/wp-json\/wp\/v2\/tax_estado?post=133900"}],"curies":[{"name":"wp","href":"https:\/\/api.w.org\/{rel}","templated":true}]}}