{"id":133713,"date":"2025-07-07T11:17:57","date_gmt":"2025-07-07T14:17:57","guid":{"rendered":"https:\/\/cj.estrategia.com\/portal\/?p=133713"},"modified":"2025-07-07T16:49:54","modified_gmt":"2025-07-07T19:49:54","slug":"stf-decretos-restricao-acesso-armas","status":"publish","type":"post","link":"https:\/\/cj.estrategia.com\/portal\/stf-decretos-restricao-acesso-armas\/","title":{"rendered":"STF valida decretos de Lula que restringem acesso a armas"},"content":{"rendered":"\n<p class=\"has-small-font-size\">* Thiago de Paula Leite \u00e9 procurador do Estado de S\u00e3o Paulo e professor de direito ambiental e agr\u00e1rio do Estrat\u00e9gia.<\/p>\n\n\n\n<p>O Supremo Tribunal Federal formou maioria para reconhecer a constitucionalidade de decretos de Lula que tratam da regulamenta\u00e7\u00e3o do Estatuto do Desarmamento.<\/p>\n\n\n\n<h2 class=\"wp-block-heading\" id=\"h-decretos\"><span id=\"decretos\">Decretos<\/span><\/h2>\n\n\n\n<p>O julgamento se deu no bojo da A\u00e7\u00e3o Direta de Constitucionalidade 85. Tal ADC foi proposta pelo pr\u00f3prio Presidente da Rep\u00fablica para confirmar a validade jur\u00eddica dos decretos 11.366\/23 e 11.615\/23, que impuseram restri\u00e7\u00f5es ao acesso da popula\u00e7\u00e3o a armas de fogo e muni\u00e7\u00f5es no Brasil.<\/p>\n\n\n\n<ul class=\"wp-block-list\">\n<li><strong>Decreto n\u00ba 11.366\/2023: <\/strong>Suspendeu a emiss\u00e3o de novos registros de armas de uso restrito e limitou a atua\u00e7\u00e3o de ca\u00e7adores, atiradores e colecionadores (CACs). Instituiu tamb\u00e9m um grupo de trabalho para revisar a pol\u00edtica armamentista vigente.<\/li>\n<\/ul>\n\n\n\n<ul class=\"wp-block-list\">\n<li><strong>Decreto n\u00ba 11.615\/2023:<\/strong> De car\u00e1ter mais amplo, consolidou a regulamenta\u00e7\u00e3o definitiva, com a redu\u00e7\u00e3o dos quantitativos permitidos e refor\u00e7o dos crit\u00e9rios para aquisi\u00e7\u00e3o de armamento.<\/li>\n<\/ul>\n\n\n\n<p>Ademais, os decretos tamb\u00e9m centralizaram na Pol\u00edcia Federal a compet\u00eancia para gerir o cadastro de armas no pa\u00eds.<\/p>\n\n\n\n<p>Em 2023, o plen\u00e1rio da Suprema Corte j\u00e1 havia mantido liminar do relator, Gilmar Mendes, que suspendeu todos os processos na Justi\u00e7a que discutiam a constitucionalidade dos decretos.<\/p>\n\n\n\n<p>Na verdade, os decretos acabaram por regulamentar o Estatuto do Desarmamento (Lei n\u00ba 10.826\/2003), que concede fundamento para a pol\u00edtica de controle da circula\u00e7\u00e3o de armas fogo no Brasil.<\/p>\n\n\n\n<figure class=\"wp-block-pullquote\"><blockquote><p><\/p><cite><mark style=\"background-color:rgba(0, 0, 0, 0)\" class=\"has-inline-color has-black-color\">O objetivo do Estatuto do Desarmamento \u00e9 aprimorar os mecanismos de controle da circula\u00e7\u00e3o de armas de fogo no pa\u00eds a fim de combater a viol\u00eancia social.<\/mark><\/cite><\/blockquote><\/figure>\n\n\n\n<h2 class=\"wp-block-heading\" id=\"h-seguranca-publica-e-o-acesso-as-armas\"><span id=\"seguranca-publica-e-o-acesso-as-armas\">Seguran\u00e7a p\u00fablica e o acesso \u00e0s armas<\/span><\/h2>\n\n\n\n<p>Muitos defendem que uma das principais causas da onda de viol\u00eancia que assola o pa\u00eds \u00e9 a facilidade de obten\u00e7\u00e3o e uso de armas de fogo. Argumenta-se tamb\u00e9m que \u00e9 dever do Estado manter a seguran\u00e7a p\u00fablica, reduzindo este perigo a um grau control\u00e1vel.<\/p>\n\n\n\n<p>Contudo, o Estatuto do Desarmamento, ainda que n\u00e3o seja a solu\u00e7\u00e3o final e integral para todos os problemas de viol\u00eancia letal, interrompeu a corrida armamentista no pa\u00eds que estava impulsionando as mortes violentas.<\/p>\n\n\n\n<p>Estudos comprovam que, se n\u00e3o fosse o Estatuto do Desarmamento, que imp\u00f4s um controle respons\u00e1vel das armas de fogo, a taxa de homic\u00eddios seria ainda maior que a observada atualmente.<\/p>\n\n\n\n<p>Na ADI 3112, o relator, ministro Ricardo Lewandowski, ressaltou:<\/p>\n\n\n\n<pre class=\"wp-block-verse\">\u201cO dever estatal concernente \u00e0 seguran\u00e7a p\u00fablica n\u00e3o \u00e9 exercido de forma aleat\u00f3ria, mas atrav\u00e9s de institui\u00e7\u00f5es permanentes e, idealmente, segundo uma pol\u00edtica criminal, com objetivos de curto, m\u00e9dio e longo prazo, suficientemente flex\u00edvel para responder \u00e0s circunst\u00e2ncias cambiantes de cada momento hist\u00f3rico.<br><br>Nesse sentido, observo que a edi\u00e7\u00e3o do Estatuto do Desarmamento, que resultou da conjuga\u00e7\u00e3o da vontade pol\u00edtica do Executivo com a do Legislativo, representou uma resposta do Estado e da sociedade civil \u00e0 situa\u00e7\u00e3o de extrema gravidade pela qual passava \u2013 e ainda passa \u2013 o Pa\u00eds, no tocante ao assustador aumento da viol\u00eancia e da criminalidade, notadamente em rela\u00e7\u00e3o ao dram\u00e1tico incremento do n\u00famero de mortes por armas de fogo entre os jovens\u201d.<\/pre>\n\n\n\n<p class=\"has-background\" style=\"background-color:#dddddd\">O Estatuto do Desarmamento \u00e9 o diploma legislativo que consubstancia os valores constitucionais concernentes \u00e0 prote\u00e7\u00e3o da vida humana (CF, art. 5\u00ba, caput) e \u00e0 promo\u00e7\u00e3o da seguran\u00e7a p\u00fablica (CF, art. 144, caput) contra o terror e a mortalidade provocada pelo uso indevido das armas de fogo<\/p>\n\n\n\n<p>Em 2019, se observou um efetivo esvaziamento da pol\u00edtica de controle de armas no Brasil. Isso teria acontecido com a revoga\u00e7\u00e3o do Decreto n\u00ba 5.123\/2004, que regulamentava o Estatuto do Desarmamento.<\/p>\n\n\n\n<p>Nesse sentido, o ministro Gilmar Mendes assentou, em seu voto na ADC 85, que \u201c<em>a gest\u00e3o do Governo Federal que permaneceu no poder entre 2019 e 2022 promoveu a flexibiliza\u00e7\u00e3o das normas de controle de armas de fogo no Brasil, com o objetivo deliberado de permitir a prolifera\u00e7\u00e3o da aquisi\u00e7\u00e3o, posse e circula\u00e7\u00e3o de armas de fogo no pa\u00eds<\/em>\u201d.<\/p>\n\n\n\n<pre class=\"wp-block-preformatted has-background\" style=\"background-color:#dddddd\"><strong>Dados do Ex\u00e9rcito noticiados pela imprensa d\u00e3o conta que o n\u00famero de armas nas m\u00e3os de CACs quase triplicou entre dezembro de 2018 e julho de 2022, saltando de 350.683 (trezentos e cinquenta mil, seiscentas e oitenta e tr\u00eas) para 1.006.725 (um milh\u00e3o, seis mil, setecentas e vinte cinco)<\/strong>.<\/pre>\n\n\n\n<h2 class=\"wp-block-heading\" id=\"h-direitos-constitucionais\"><span id=\"direitos-constitucionais\">Direitos constitucionais<\/span><\/h2>\n\n\n\n<p>A compet\u00eancia do Poder Executivo para regulamentar o Estatuto do Desarmamento (Lei 10.826\/2003) encontra limites nos direitos constitucionais \u00e0 vida e \u00e0 seguran\u00e7a, bem como no dever estatal de constru\u00e7\u00e3o de uma pol\u00edtica p\u00fablica de seguran\u00e7a e controle da viol\u00eancia armada.<\/p>\n\n\n\n<div class=\"wp-block-media-text is-stacked-on-mobile\"><figure class=\"wp-block-media-text__media\"><img decoding=\"async\" width=\"1000\" height=\"750\" src=\"https:\/\/cj.estrategia.com\/portal\/wp-content\/uploads\/2025\/07\/07110612\/requisitos-necessidade-lista-documento-check.jpg\" alt=\"Armas:\" class=\"wp-image-133746 size-full\" srcset=\"https:\/\/cj.estrategia.com\/portal\/wp-content\/uploads\/2025\/07\/07110612\/requisitos-necessidade-lista-documento-check.jpg 1000w, https:\/\/cj.estrategia.com\/portal\/wp-content\/uploads\/2025\/07\/07110612\/requisitos-necessidade-lista-documento-check-300x225.jpg 300w, https:\/\/cj.estrategia.com\/portal\/wp-content\/uploads\/2025\/07\/07110612\/requisitos-necessidade-lista-documento-check-768x576.jpg 768w, https:\/\/cj.estrategia.com\/portal\/wp-content\/uploads\/2025\/07\/07110612\/requisitos-necessidade-lista-documento-check-380x285.jpg 380w, https:\/\/cj.estrategia.com\/portal\/wp-content\/uploads\/2025\/07\/07110612\/requisitos-necessidade-lista-documento-check-800x600.jpg 800w, https:\/\/cj.estrategia.com\/portal\/wp-content\/uploads\/2025\/07\/07110612\/requisitos-necessidade-lista-documento-check-150x113.jpg 150w\" sizes=\"(max-width: 1000px) 100vw, 1000px\" \/><\/figure><div class=\"wp-block-media-text__content\">\n<p>N\u00e3o existe, na ordem constitucional brasileira, um direito fundamental ao acesso a armas de fogo pelos cidad\u00e3os. Al\u00e9m disso, a aquisi\u00e7\u00e3o e o porte de armas de fogo no Brasil devem estar sempre marcados pelo car\u00e1ter excepcional e pela exig\u00eancia de demonstra\u00e7\u00e3o de necessidade concreta.<\/p>\n<\/div><\/div>\n\n\n\n<p>A Suprema Corte considerou, na ADC 85, que os Decretos 11.366\/2023 e11.615\/2023 t\u00eam por objetivo reconstruir a pol\u00edtica de controle de armas no Brasil.<\/p>\n\n\n\n<p>O Decreto 11.366\/2023 previu, basicamente, 5 medidas, a saber:<\/p>\n\n\n\n<pre class=\"wp-block-preformatted\"><strong>1\u00aa) Suspens\u00e3o dos registros para a aquisi\u00e7\u00e3o e transfer\u00eancia de armas e de muni\u00e7\u00f5es de uso restrito por ca\u00e7adores, colecionadores, atiradores e particulares;<br><br>2\u00aa) Restri\u00e7\u00e3o dos quantitativos de aquisi\u00e7\u00e3o de armas e de muni\u00e7\u00f5es de uso permitido, assim como a fixa\u00e7\u00e3o dos requisitos para a compra de arma e para a obten\u00e7\u00e3o do Certificado de Registro de Arma de Fogo;<br><br>3\u00aa) Suspendeu-se a concess\u00e3o de novos registros de clubes e escolas de tiro; e<br><br>4\u00aa)Suspendeu a concess\u00e3o de novos registros de colecionadores, atiradores e ca\u00e7adores.<br><br>5\u00aa) A institui\u00e7\u00e3o de grupo de trabalho, com vistas \u00e0 regulamenta\u00e7\u00e3o da Lei n. 10.826\/2003.<\/strong><\/pre>\n\n\n\n<p>J\u00e1 o Decreto 11.615\/2023 consiste efetivamente na nova regulamenta\u00e7\u00e3o \u201campla, definitiva e prospectiva\u201d do Estatuto do Desarmamento, almejada pelo Decreto 11.366\/2023 e constru\u00edda pelo grupo de trabalho por ele institu\u00eddo.<\/p>\n\n\n\n<figure class=\"wp-block-pullquote\"><blockquote><p><\/p><cite><mark style=\"background-color:rgba(0, 0, 0, 0)\" class=\"has-inline-color has-black-color\">O STF decidiu que os decretos s\u00e3o formal e materialmente constitucionais, j\u00e1 que voltados \u00e0 reconstru\u00e7\u00e3o da pol\u00edtica de controle de armas no Brasil.<\/mark><\/cite><\/blockquote><\/figure>\n\n\n\n<p>Portanto, os decretos que limitam o acesso \u00e0s armas e muni\u00e7\u00f5es no Brasil n\u00e3o importam em viola\u00e7\u00e3o \u00e0 seguran\u00e7a jur\u00eddica ou ao direito adquirido (Constitui\u00e7\u00e3o, art. 5\u00ba, XXXVI), n\u00e3o havendo inconstitucionalidade no particular. Pelo contr\u00e1rio, visam aumentar a fiscaliza\u00e7\u00e3o e o controle sobre a circula\u00e7\u00e3o de armas de fogo no Brasil.<\/p>\n\n\n\n<p>\u00d3timo tema para provas de <strong><a href=\"https:\/\/www.estrategiaconcursos.com.br\/assinaturas-ecj\/\" target=\"_blank\" >direito constitucional<\/a><\/strong>.<\/p>\n\n\n\n<hr class=\"wp-block-separator has-alpha-channel-opacity\"\/>\n\n\n\n<h2 class=\"wp-block-heading has-text-align-center\" id=\"h-quer-saber-quais-serao-os-proximos-concursos\"><span id=\"quer-saber-quais-serao-os-proximos-concursos\">Quer saber quais ser\u00e3o os pr\u00f3ximos concursos?<\/span><\/h2>\n\n\n\n<pre class=\"wp-block-verse has-text-align-center\">Confira nossos&nbsp;<a href=\"https:\/\/cj.estrategia.com\/portal\/\" target=\"_blank\" >artigos para Carreiras Jur\u00eddicas<\/a>!<\/pre>\n\n\n\n<p class=\"has-text-align-center has-white-color has-pale-cyan-blue-background-color has-text-color has-background has-link-color wp-elements-723b3278bf14a50a5e7b7e937b9a17d4\"><a href=\"https:\/\/cj.estrategia.com\/portal\/concursos-abertos-carreiras-juridicas\/\">Concursos jur\u00eddicos abertos<\/a><\/p>\n\n\n\n<p class=\"has-text-align-center has-white-color has-pale-cyan-blue-background-color has-text-color has-background has-link-color wp-elements-41349f36dc977263ca2129bf0f6dd541\"><a href=\"https:\/\/cj.estrategia.com\/portal\/concursos-2025-carreiras-juridicas\/\" target=\"_blank\" >Concursos jur\u00eddicos 2025<\/a><\/p>\n","protected":false},"excerpt":{"rendered":"* Thiago de Paula Leite \u00e9 procurador do Estado de S\u00e3o Paulo e professor de direito ambiental e&hellip;\n","protected":false},"author":81,"featured_media":133717,"comment_status":"open","ping_status":"open","sticky":false,"template":"","format":"standard","meta":{"_jetpack_memberships_contains_paid_content":false,"footnotes":""},"categories":[1],"tags":[2917,2919,155,730,1285,2140,134],"tax_estado":[30,31,32,33,34,35,36,37,38,39,40,41,42,43,44,45,46,47,48,49,50,51,52,53,54,55,56,57],"class_list":{"0":"post-133713","1":"post","2":"type-post","3":"status-publish","4":"format-standard","5":"has-post-thumbnail","7":"category-carreiras-juridicas","8":"tag-acesso-a-armas-de-fogo","9":"tag-cacs","10":"tag-direito-a-vida","11":"tag-direito-constitucional","12":"tag-estatuto-do-desarmamento","13":"tag-seguranca-publica","14":"tag-stf","15":"tax_estado-ac","16":"tax_estado-al","17":"tax_estado-am","18":"tax_estado-ap","19":"tax_estado-ba","20":"tax_estado-ce","21":"tax_estado-concursos-federais","22":"tax_estado-df","23":"tax_estado-es","24":"tax_estado-go","25":"tax_estado-ma","26":"tax_estado-mg","27":"tax_estado-ms","28":"tax_estado-mt","29":"tax_estado-pa","30":"tax_estado-pb","31":"tax_estado-pe","32":"tax_estado-pi","33":"tax_estado-pr","34":"tax_estado-rj","35":"tax_estado-rn","36":"tax_estado-ro","37":"tax_estado-rr","38":"tax_estado-rs","39":"tax_estado-sc","40":"tax_estado-se","41":"tax_estado-sp","42":"tax_estado-to"},"acf":[],"yoast_head":"<!-- This site is optimized with the Yoast SEO Premium plugin v27.4 (Yoast SEO v27.4) - https:\/\/yoast.com\/product\/yoast-seo-premium-wordpress\/ -->\n<title>STF valida decretos de Lula que restringem acesso a armas<\/title>\n<meta name=\"description\" content=\"O STF formou maioria para reconhecer a constitucionalidade de decretos de Lula que tratam do acesso a armas de fogo.\" \/>\n<meta name=\"robots\" content=\"index, follow, max-snippet:-1, max-image-preview:large, max-video-preview:-1\" \/>\n<link rel=\"canonical\" href=\"https:\/\/cj.estrategia.com\/portal\/stf-decretos-restricao-acesso-armas\/\" \/>\n<meta property=\"og:locale\" content=\"pt_BR\" \/>\n<meta property=\"og:type\" content=\"article\" \/>\n<meta property=\"og:title\" content=\"STF valida decretos de Lula que restringem acesso a armas\" \/>\n<meta property=\"og:description\" content=\"O STF formou maioria para reconhecer a constitucionalidade de decretos de Lula que tratam do acesso a armas de fogo.\" \/>\n<meta property=\"og:url\" content=\"https:\/\/cj.estrategia.com\/portal\/stf-decretos-restricao-acesso-armas\/\" \/>\n<meta property=\"og:site_name\" content=\"Blog - Carreiras Jur\u00eddicas - Estrat\u00e9gia\" \/>\n<meta property=\"article:publisher\" content=\"https:\/\/www.facebook.com\/estrategiacarreirajuridica\/\" \/>\n<meta property=\"article:published_time\" content=\"2025-07-07T14:17:57+00:00\" \/>\n<meta property=\"article:modified_time\" content=\"2025-07-07T19:49:54+00:00\" \/>\n<meta property=\"og:image\" content=\"https:\/\/cj.estrategia.com\/portal\/wp-content\/uploads\/2025\/07\/07103326\/AP-Photo_Eraldo-Peres-arma-fogo-acesso.png\" \/>\n\t<meta property=\"og:image:width\" content=\"840\" \/>\n\t<meta property=\"og:image:height\" content=\"520\" \/>\n\t<meta property=\"og:image:type\" content=\"image\/png\" \/>\n<meta name=\"author\" content=\"Thiago Leite\" \/>\n<meta name=\"twitter:card\" content=\"summary_large_image\" \/>\n<meta name=\"twitter:creator\" content=\"@EstratJuridica\" \/>\n<meta name=\"twitter:site\" content=\"@EstratJuridica\" \/>\n<meta name=\"twitter:label1\" content=\"Escrito por\" \/>\n\t<meta name=\"twitter:data1\" content=\"Thiago Leite\" \/>\n\t<meta name=\"twitter:label2\" content=\"Est. tempo de leitura\" \/>\n\t<meta name=\"twitter:data2\" content=\"5 minutos\" \/>\n<script type=\"application\/ld+json\" class=\"yoast-schema-graph\">{\"@context\":\"https:\\\/\\\/schema.org\",\"@graph\":[{\"@type\":\"NewsArticle\",\"@id\":\"https:\\\/\\\/cj.estrategia.com\\\/portal\\\/stf-decretos-restricao-acesso-armas\\\/#article\",\"isPartOf\":{\"@id\":\"https:\\\/\\\/cj.estrategia.com\\\/portal\\\/stf-decretos-restricao-acesso-armas\\\/\"},\"author\":{\"name\":\"Thiago Leite\",\"@id\":\"https:\\\/\\\/cj.estrategia.com\\\/portal\\\/#\\\/schema\\\/person\\\/7d7d2b1c8386e2eeacc0b09cfbc1d0ff\"},\"headline\":\"STF valida decretos de Lula que restringem acesso a armas\",\"datePublished\":\"2025-07-07T14:17:57+00:00\",\"dateModified\":\"2025-07-07T19:49:54+00:00\",\"mainEntityOfPage\":{\"@id\":\"https:\\\/\\\/cj.estrategia.com\\\/portal\\\/stf-decretos-restricao-acesso-armas\\\/\"},\"wordCount\":831,\"commentCount\":0,\"publisher\":{\"@id\":\"https:\\\/\\\/cj.estrategia.com\\\/portal\\\/#organization\"},\"image\":{\"@id\":\"https:\\\/\\\/cj.estrategia.com\\\/portal\\\/stf-decretos-restricao-acesso-armas\\\/#primaryimage\"},\"thumbnailUrl\":\"https:\\\/\\\/cj.estrategia.com\\\/portal\\\/wp-content\\\/uploads\\\/2025\\\/07\\\/07103326\\\/AP-Photo_Eraldo-Peres-arma-fogo-acesso.png\",\"keywords\":[\"acesso a armas de fogo\",\"CACs\",\"direito \u00e0 vida\",\"Direito Constitucional\",\"Estatuto do Desarmamento\",\"Seguran\u00e7a P\u00fablica\",\"STF\"],\"articleSection\":[\"Carreiras Jur\u00eddicas\"],\"inLanguage\":\"pt-BR\",\"potentialAction\":[{\"@type\":\"CommentAction\",\"name\":\"Comment\",\"target\":[\"https:\\\/\\\/cj.estrategia.com\\\/portal\\\/stf-decretos-restricao-acesso-armas\\\/#respond\"]}]},{\"@type\":\"WebPage\",\"@id\":\"https:\\\/\\\/cj.estrategia.com\\\/portal\\\/stf-decretos-restricao-acesso-armas\\\/\",\"url\":\"https:\\\/\\\/cj.estrategia.com\\\/portal\\\/stf-decretos-restricao-acesso-armas\\\/\",\"name\":\"STF valida decretos de Lula que restringem acesso a armas\",\"isPartOf\":{\"@id\":\"https:\\\/\\\/cj.estrategia.com\\\/portal\\\/#website\"},\"primaryImageOfPage\":{\"@id\":\"https:\\\/\\\/cj.estrategia.com\\\/portal\\\/stf-decretos-restricao-acesso-armas\\\/#primaryimage\"},\"image\":{\"@id\":\"https:\\\/\\\/cj.estrategia.com\\\/portal\\\/stf-decretos-restricao-acesso-armas\\\/#primaryimage\"},\"thumbnailUrl\":\"https:\\\/\\\/cj.estrategia.com\\\/portal\\\/wp-content\\\/uploads\\\/2025\\\/07\\\/07103326\\\/AP-Photo_Eraldo-Peres-arma-fogo-acesso.png\",\"datePublished\":\"2025-07-07T14:17:57+00:00\",\"dateModified\":\"2025-07-07T19:49:54+00:00\",\"description\":\"O STF formou maioria para reconhecer a constitucionalidade de decretos de Lula que tratam do acesso a armas de fogo.\",\"breadcrumb\":{\"@id\":\"https:\\\/\\\/cj.estrategia.com\\\/portal\\\/stf-decretos-restricao-acesso-armas\\\/#breadcrumb\"},\"inLanguage\":\"pt-BR\",\"potentialAction\":[{\"@type\":\"ReadAction\",\"target\":[\"https:\\\/\\\/cj.estrategia.com\\\/portal\\\/stf-decretos-restricao-acesso-armas\\\/\"]}]},{\"@type\":\"ImageObject\",\"inLanguage\":\"pt-BR\",\"@id\":\"https:\\\/\\\/cj.estrategia.com\\\/portal\\\/stf-decretos-restricao-acesso-armas\\\/#primaryimage\",\"url\":\"https:\\\/\\\/cj.estrategia.com\\\/portal\\\/wp-content\\\/uploads\\\/2025\\\/07\\\/07103326\\\/AP-Photo_Eraldo-Peres-arma-fogo-acesso.png\",\"contentUrl\":\"https:\\\/\\\/cj.estrategia.com\\\/portal\\\/wp-content\\\/uploads\\\/2025\\\/07\\\/07103326\\\/AP-Photo_Eraldo-Peres-arma-fogo-acesso.png\",\"width\":840,\"height\":520,\"caption\":\"Foto: AP Photo\\\/Eraldo Peres\"},{\"@type\":\"BreadcrumbList\",\"@id\":\"https:\\\/\\\/cj.estrategia.com\\\/portal\\\/stf-decretos-restricao-acesso-armas\\\/#breadcrumb\",\"itemListElement\":[{\"@type\":\"ListItem\",\"position\":1,\"name\":\"In\u00edcio\",\"item\":\"https:\\\/\\\/cj.estrategia.com\\\/portal\\\/\"},{\"@type\":\"ListItem\",\"position\":2,\"name\":\"STF valida decretos de Lula que restringem acesso a armas\"}]},{\"@type\":\"WebSite\",\"@id\":\"https:\\\/\\\/cj.estrategia.com\\\/portal\\\/#website\",\"url\":\"https:\\\/\\\/cj.estrategia.com\\\/portal\\\/\",\"name\":\"Blog - Carreiras Jur\u00eddicas - Estrat\u00e9gia\",\"description\":\"\",\"publisher\":{\"@id\":\"https:\\\/\\\/cj.estrategia.com\\\/portal\\\/#organization\"},\"potentialAction\":[{\"@type\":\"SearchAction\",\"target\":{\"@type\":\"EntryPoint\",\"urlTemplate\":\"https:\\\/\\\/cj.estrategia.com\\\/portal\\\/?s={search_term_string}\"},\"query-input\":{\"@type\":\"PropertyValueSpecification\",\"valueRequired\":true,\"valueName\":\"search_term_string\"}}],\"inLanguage\":\"pt-BR\"},{\"@type\":\"Organization\",\"@id\":\"https:\\\/\\\/cj.estrategia.com\\\/portal\\\/#organization\",\"name\":\"Estrat\u00e9gia - Carreiras Jur\u00eddicas\",\"url\":\"https:\\\/\\\/cj.estrategia.com\\\/portal\\\/\",\"logo\":{\"@type\":\"ImageObject\",\"inLanguage\":\"pt-BR\",\"@id\":\"https:\\\/\\\/cj.estrategia.com\\\/portal\\\/#\\\/schema\\\/logo\\\/image\\\/\",\"url\":\"https:\\\/\\\/cj.estrategia.com\\\/portal\\\/wp-content\\\/uploads\\\/2022\\\/03\\\/11151052\\\/cj-logo.png\",\"contentUrl\":\"https:\\\/\\\/cj.estrategia.com\\\/portal\\\/wp-content\\\/uploads\\\/2022\\\/03\\\/11151052\\\/cj-logo.png\",\"width\":150,\"height\":39,\"caption\":\"Estrat\u00e9gia - Carreiras Jur\u00eddicas\"},\"image\":{\"@id\":\"https:\\\/\\\/cj.estrategia.com\\\/portal\\\/#\\\/schema\\\/logo\\\/image\\\/\"},\"sameAs\":[\"https:\\\/\\\/www.facebook.com\\\/estrategiacarreirajuridica\\\/\",\"https:\\\/\\\/x.com\\\/EstratJuridica\",\"https:\\\/\\\/www.instagram.com\\\/estrategiacarreirajuridica\\\/\",\"https:\\\/\\\/www.youtube.com\\\/channel\\\/UClbMGuYbj2Mh1m3w144ETWQ\"]},{\"@type\":\"Person\",\"@id\":\"https:\\\/\\\/cj.estrategia.com\\\/portal\\\/#\\\/schema\\\/person\\\/7d7d2b1c8386e2eeacc0b09cfbc1d0ff\",\"name\":\"Thiago Leite\",\"image\":{\"@type\":\"ImageObject\",\"inLanguage\":\"pt-BR\",\"@id\":\"https:\\\/\\\/secure.gravatar.com\\\/avatar\\\/15ff5746ff9e313f1248fe2373ce03309054e96387bb9249055458d0c1aaa297?s=96&d=mm&r=g\",\"url\":\"https:\\\/\\\/secure.gravatar.com\\\/avatar\\\/15ff5746ff9e313f1248fe2373ce03309054e96387bb9249055458d0c1aaa297?s=96&d=mm&r=g\",\"contentUrl\":\"https:\\\/\\\/secure.gravatar.com\\\/avatar\\\/15ff5746ff9e313f1248fe2373ce03309054e96387bb9249055458d0c1aaa297?s=96&d=mm&r=g\",\"caption\":\"Thiago Leite\"},\"description\":\"Thiago de Paula Leite \u00e9 procurador do Estado de S\u00e3o Paulo e professor de direito ambiental e agr\u00e1rio do Estrat\u00e9gia.\",\"url\":\"https:\\\/\\\/cj.estrategia.com\\\/portal\\\/author\\\/thiago-leite\\\/\"}]}<\/script>\n<!-- \/ Yoast SEO Premium plugin. -->","yoast_head_json":{"title":"STF valida decretos de Lula que restringem acesso a armas","description":"O STF formou maioria para reconhecer a constitucionalidade de decretos de Lula que tratam do acesso a armas de fogo.","robots":{"index":"index","follow":"follow","max-snippet":"max-snippet:-1","max-image-preview":"max-image-preview:large","max-video-preview":"max-video-preview:-1"},"canonical":"https:\/\/cj.estrategia.com\/portal\/stf-decretos-restricao-acesso-armas\/","og_locale":"pt_BR","og_type":"article","og_title":"STF valida decretos de Lula que restringem acesso a armas","og_description":"O STF formou maioria para reconhecer a constitucionalidade de decretos de Lula que tratam do acesso a armas de fogo.","og_url":"https:\/\/cj.estrategia.com\/portal\/stf-decretos-restricao-acesso-armas\/","og_site_name":"Blog - Carreiras Jur\u00eddicas - Estrat\u00e9gia","article_publisher":"https:\/\/www.facebook.com\/estrategiacarreirajuridica\/","article_published_time":"2025-07-07T14:17:57+00:00","article_modified_time":"2025-07-07T19:49:54+00:00","og_image":[{"width":840,"height":520,"url":"https:\/\/cj.estrategia.com\/portal\/wp-content\/uploads\/2025\/07\/07103326\/AP-Photo_Eraldo-Peres-arma-fogo-acesso.png","type":"image\/png"}],"author":"Thiago Leite","twitter_card":"summary_large_image","twitter_creator":"@EstratJuridica","twitter_site":"@EstratJuridica","twitter_misc":{"Escrito por":"Thiago Leite","Est. tempo de leitura":"5 minutos"},"schema":{"@context":"https:\/\/schema.org","@graph":[{"@type":"NewsArticle","@id":"https:\/\/cj.estrategia.com\/portal\/stf-decretos-restricao-acesso-armas\/#article","isPartOf":{"@id":"https:\/\/cj.estrategia.com\/portal\/stf-decretos-restricao-acesso-armas\/"},"author":{"name":"Thiago Leite","@id":"https:\/\/cj.estrategia.com\/portal\/#\/schema\/person\/7d7d2b1c8386e2eeacc0b09cfbc1d0ff"},"headline":"STF valida decretos de Lula que restringem acesso a armas","datePublished":"2025-07-07T14:17:57+00:00","dateModified":"2025-07-07T19:49:54+00:00","mainEntityOfPage":{"@id":"https:\/\/cj.estrategia.com\/portal\/stf-decretos-restricao-acesso-armas\/"},"wordCount":831,"commentCount":0,"publisher":{"@id":"https:\/\/cj.estrategia.com\/portal\/#organization"},"image":{"@id":"https:\/\/cj.estrategia.com\/portal\/stf-decretos-restricao-acesso-armas\/#primaryimage"},"thumbnailUrl":"https:\/\/cj.estrategia.com\/portal\/wp-content\/uploads\/2025\/07\/07103326\/AP-Photo_Eraldo-Peres-arma-fogo-acesso.png","keywords":["acesso a armas de fogo","CACs","direito \u00e0 vida","Direito Constitucional","Estatuto do Desarmamento","Seguran\u00e7a P\u00fablica","STF"],"articleSection":["Carreiras Jur\u00eddicas"],"inLanguage":"pt-BR","potentialAction":[{"@type":"CommentAction","name":"Comment","target":["https:\/\/cj.estrategia.com\/portal\/stf-decretos-restricao-acesso-armas\/#respond"]}]},{"@type":"WebPage","@id":"https:\/\/cj.estrategia.com\/portal\/stf-decretos-restricao-acesso-armas\/","url":"https:\/\/cj.estrategia.com\/portal\/stf-decretos-restricao-acesso-armas\/","name":"STF valida decretos de Lula que restringem acesso a armas","isPartOf":{"@id":"https:\/\/cj.estrategia.com\/portal\/#website"},"primaryImageOfPage":{"@id":"https:\/\/cj.estrategia.com\/portal\/stf-decretos-restricao-acesso-armas\/#primaryimage"},"image":{"@id":"https:\/\/cj.estrategia.com\/portal\/stf-decretos-restricao-acesso-armas\/#primaryimage"},"thumbnailUrl":"https:\/\/cj.estrategia.com\/portal\/wp-content\/uploads\/2025\/07\/07103326\/AP-Photo_Eraldo-Peres-arma-fogo-acesso.png","datePublished":"2025-07-07T14:17:57+00:00","dateModified":"2025-07-07T19:49:54+00:00","description":"O STF formou maioria para reconhecer a constitucionalidade de decretos de Lula que tratam do acesso a armas de fogo.","breadcrumb":{"@id":"https:\/\/cj.estrategia.com\/portal\/stf-decretos-restricao-acesso-armas\/#breadcrumb"},"inLanguage":"pt-BR","potentialAction":[{"@type":"ReadAction","target":["https:\/\/cj.estrategia.com\/portal\/stf-decretos-restricao-acesso-armas\/"]}]},{"@type":"ImageObject","inLanguage":"pt-BR","@id":"https:\/\/cj.estrategia.com\/portal\/stf-decretos-restricao-acesso-armas\/#primaryimage","url":"https:\/\/cj.estrategia.com\/portal\/wp-content\/uploads\/2025\/07\/07103326\/AP-Photo_Eraldo-Peres-arma-fogo-acesso.png","contentUrl":"https:\/\/cj.estrategia.com\/portal\/wp-content\/uploads\/2025\/07\/07103326\/AP-Photo_Eraldo-Peres-arma-fogo-acesso.png","width":840,"height":520,"caption":"Foto: AP Photo\/Eraldo Peres"},{"@type":"BreadcrumbList","@id":"https:\/\/cj.estrategia.com\/portal\/stf-decretos-restricao-acesso-armas\/#breadcrumb","itemListElement":[{"@type":"ListItem","position":1,"name":"In\u00edcio","item":"https:\/\/cj.estrategia.com\/portal\/"},{"@type":"ListItem","position":2,"name":"STF valida decretos de Lula que restringem acesso a armas"}]},{"@type":"WebSite","@id":"https:\/\/cj.estrategia.com\/portal\/#website","url":"https:\/\/cj.estrategia.com\/portal\/","name":"Blog - Carreiras Jur\u00eddicas - Estrat\u00e9gia","description":"","publisher":{"@id":"https:\/\/cj.estrategia.com\/portal\/#organization"},"potentialAction":[{"@type":"SearchAction","target":{"@type":"EntryPoint","urlTemplate":"https:\/\/cj.estrategia.com\/portal\/?s={search_term_string}"},"query-input":{"@type":"PropertyValueSpecification","valueRequired":true,"valueName":"search_term_string"}}],"inLanguage":"pt-BR"},{"@type":"Organization","@id":"https:\/\/cj.estrategia.com\/portal\/#organization","name":"Estrat\u00e9gia - Carreiras Jur\u00eddicas","url":"https:\/\/cj.estrategia.com\/portal\/","logo":{"@type":"ImageObject","inLanguage":"pt-BR","@id":"https:\/\/cj.estrategia.com\/portal\/#\/schema\/logo\/image\/","url":"https:\/\/cj.estrategia.com\/portal\/wp-content\/uploads\/2022\/03\/11151052\/cj-logo.png","contentUrl":"https:\/\/cj.estrategia.com\/portal\/wp-content\/uploads\/2022\/03\/11151052\/cj-logo.png","width":150,"height":39,"caption":"Estrat\u00e9gia - Carreiras Jur\u00eddicas"},"image":{"@id":"https:\/\/cj.estrategia.com\/portal\/#\/schema\/logo\/image\/"},"sameAs":["https:\/\/www.facebook.com\/estrategiacarreirajuridica\/","https:\/\/x.com\/EstratJuridica","https:\/\/www.instagram.com\/estrategiacarreirajuridica\/","https:\/\/www.youtube.com\/channel\/UClbMGuYbj2Mh1m3w144ETWQ"]},{"@type":"Person","@id":"https:\/\/cj.estrategia.com\/portal\/#\/schema\/person\/7d7d2b1c8386e2eeacc0b09cfbc1d0ff","name":"Thiago Leite","image":{"@type":"ImageObject","inLanguage":"pt-BR","@id":"https:\/\/secure.gravatar.com\/avatar\/15ff5746ff9e313f1248fe2373ce03309054e96387bb9249055458d0c1aaa297?s=96&d=mm&r=g","url":"https:\/\/secure.gravatar.com\/avatar\/15ff5746ff9e313f1248fe2373ce03309054e96387bb9249055458d0c1aaa297?s=96&d=mm&r=g","contentUrl":"https:\/\/secure.gravatar.com\/avatar\/15ff5746ff9e313f1248fe2373ce03309054e96387bb9249055458d0c1aaa297?s=96&d=mm&r=g","caption":"Thiago Leite"},"description":"Thiago de Paula Leite \u00e9 procurador do Estado de S\u00e3o Paulo e professor de direito ambiental e agr\u00e1rio do Estrat\u00e9gia.","url":"https:\/\/cj.estrategia.com\/portal\/author\/thiago-leite\/"}]}},"jetpack_featured_media_url":"https:\/\/cj.estrategia.com\/portal\/wp-content\/uploads\/2025\/07\/07103326\/AP-Photo_Eraldo-Peres-arma-fogo-acesso.png","jetpack_sharing_enabled":true,"_links":{"self":[{"href":"https:\/\/cj.estrategia.com\/portal\/wp-json\/wp\/v2\/posts\/133713","targetHints":{"allow":["GET"]}}],"collection":[{"href":"https:\/\/cj.estrategia.com\/portal\/wp-json\/wp\/v2\/posts"}],"about":[{"href":"https:\/\/cj.estrategia.com\/portal\/wp-json\/wp\/v2\/types\/post"}],"author":[{"embeddable":true,"href":"https:\/\/cj.estrategia.com\/portal\/wp-json\/wp\/v2\/users\/81"}],"replies":[{"embeddable":true,"href":"https:\/\/cj.estrategia.com\/portal\/wp-json\/wp\/v2\/comments?post=133713"}],"version-history":[{"count":5,"href":"https:\/\/cj.estrategia.com\/portal\/wp-json\/wp\/v2\/posts\/133713\/revisions"}],"predecessor-version":[{"id":133866,"href":"https:\/\/cj.estrategia.com\/portal\/wp-json\/wp\/v2\/posts\/133713\/revisions\/133866"}],"wp:featuredmedia":[{"embeddable":true,"href":"https:\/\/cj.estrategia.com\/portal\/wp-json\/wp\/v2\/media\/133717"}],"wp:attachment":[{"href":"https:\/\/cj.estrategia.com\/portal\/wp-json\/wp\/v2\/media?parent=133713"}],"wp:term":[{"taxonomy":"category","embeddable":true,"href":"https:\/\/cj.estrategia.com\/portal\/wp-json\/wp\/v2\/categories?post=133713"},{"taxonomy":"post_tag","embeddable":true,"href":"https:\/\/cj.estrategia.com\/portal\/wp-json\/wp\/v2\/tags?post=133713"},{"taxonomy":"tax_estado","embeddable":true,"href":"https:\/\/cj.estrategia.com\/portal\/wp-json\/wp\/v2\/tax_estado?post=133713"}],"curies":[{"name":"wp","href":"https:\/\/api.w.org\/{rel}","templated":true}]}}