{"id":133696,"date":"2025-07-07T10:24:21","date_gmt":"2025-07-07T13:24:21","guid":{"rendered":"https:\/\/cj.estrategia.com\/portal\/?p=133696"},"modified":"2025-07-08T20:28:46","modified_gmt":"2025-07-08T23:28:46","slug":"marcha-maconha-sorocaba-inconstitucional-stf","status":"publish","type":"post","link":"https:\/\/cj.estrategia.com\/portal\/marcha-maconha-sorocaba-inconstitucional-stf\/","title":{"rendered":"Marcha da Maconha em Sorocaba-SP: inconstitucional? A vis\u00e3o do STF na ADPF 1103"},"content":{"rendered":"\n<p>Em fevereiro de 2023, o prefeito de Sorocaba, Rodrigo Manga, sancionou a lei que vetava a realiza\u00e7\u00e3o da <strong>Marcha da Maconha<\/strong> na cidade. Conhecido por publicar v\u00eddeos em tom descontra\u00eddo nas redes sociais, o prefeito se posicionou contra o evento em diversas oportunidades.<\/p>\n\n\n\n<p><a href=\"https:\/\/www.instagram.com\/reel\/C8pvw4tpRRw\/?utm_source=ig_embed&ig_rid=8acbe4a8-4206-4235-bb97-a5fdef430c6c\" target=\"_blank\" ><strong>MARCHA PARA MACONHA AQUI NA CIDADE DE SOROCABA N\u00c3O!<\/strong><\/a><\/p>\n\n\n\n<p>A a\u00e7\u00e3o foi proposta pela PGR, que argumenta que a lei municipal viola os direitos fundamentais \u00e0 liberdade de express\u00e3o e de reuni\u00e3o. Segundo a PGR, o dispositivo municipal inviabiliza, na pr\u00e1tica, qualquer debate p\u00fablico sobre a <strong><mark style=\"background-color:rgba(0, 0, 0, 0)\" class=\"has-inline-color has-black-color\">descriminaliza\u00e7\u00e3o das drogas<\/mark><\/strong>, em desacordo com a Constitui\u00e7\u00e3o.<\/p>\n\n\n\n<p>O prefeito\u00a0defendeu a validade da norma, alegando que a lei busca proteger a <strong>sa\u00fade p\u00fablica<\/strong>, especialmente de crian\u00e7as e adolescentes, contra a apologia ao uso de drogas.<\/p>\n\n\n\n<p>Desse modo, a Argui\u00e7\u00e3o de Descumprimento de Preceito Fundamental 1103 representa marco definitivo na delimita\u00e7\u00e3o dos contornos constitucionais entre o <strong>poder de pol\u00edcia<\/strong> municipal e os <strong>direitos fundamentais<\/strong> de liberdade de express\u00e3o e reuni\u00e3o.<\/p>\n\n\n\n<h2 class=\"wp-block-heading\" id=\"h-como-estao-os-votos-ate-agora\"><span id=\"como-estao-os-votos-ate-agora\">Como est\u00e3o os votos at\u00e9 agora?<\/span><\/h2>\n\n\n\n<h3 id=\"a-lei-de-sorocaba-que-proibe-a-marcha-da-maconha-e-constitucional\" class=\"wp-block-heading\">A lei de Sorocaba que pro\u00edbe a Marcha da Maconha \u00e9 constitucional?<\/h3>\n\n\n<div class=\"wp-block-image\">\n<figure class=\"aligncenter size-full\"><img decoding=\"async\" width=\"569\" height=\"212\" src=\"https:\/\/cj.estrategia.com\/portal\/wp-content\/uploads\/2025\/07\/07095840\/voto-marcha-da-maconha-sorocaba.png\" alt=\"Marcha da Maconha\" class=\"wp-image-133697\" srcset=\"https:\/\/cj.estrategia.com\/portal\/wp-content\/uploads\/2025\/07\/07095840\/voto-marcha-da-maconha-sorocaba.png 569w, https:\/\/cj.estrategia.com\/portal\/wp-content\/uploads\/2025\/07\/07095840\/voto-marcha-da-maconha-sorocaba-300x112.png 300w, https:\/\/cj.estrategia.com\/portal\/wp-content\/uploads\/2025\/07\/07095840\/voto-marcha-da-maconha-sorocaba-380x142.png 380w, https:\/\/cj.estrategia.com\/portal\/wp-content\/uploads\/2025\/07\/07095840\/voto-marcha-da-maconha-sorocaba-150x56.png 150w\" sizes=\"(max-width: 569px) 100vw, 569px\" \/><\/figure>\n<\/div>\n\n\n<h3 class=\"wp-block-heading\" id=\"h-fundamentacao-constitucional-do-voto-condutor\"><span id=\"fundamentacao-constitucional-do-voto-condutor\">Fundamenta\u00e7\u00e3o constitucional do voto condutor<\/span><\/h3>\n\n\n\n<p>De in\u00edcio, o Min. relator Gilmar Mendes construiu argumenta\u00e7\u00e3o s\u00f3lida fundamentada na jurisprud\u00eancia consolidada do STF, particularmente nos precedentes da ADPF 187 e ADI 4274.<\/p>\n\n\n\n<p>Isto porque, sua an\u00e1lise parte da premissa de que a Lei 12.719\/2023 de Sorocaba <strong>extrapola <\/strong>os limites constitucionais do poder de pol\u00edcia municipal ao estabelecer proibi\u00e7\u00e3o absoluta de manifesta\u00e7\u00f5es que abordem a descriminaliza\u00e7\u00e3o de subst\u00e2ncias psicoativas.<\/p>\n\n\n\n<p>A fundamenta\u00e7\u00e3o do relator ancora-se no <strong><mark style=\"background-color:rgba(0, 0, 0, 0)\" class=\"has-inline-color has-black-color\">princ\u00edpio da proporcionalidade<\/mark><\/strong>, demonstrando que a norma municipal n\u00e3o observa adequadamente a rela\u00e7\u00e3o meio-fim exigida constitucionalmente.<\/p>\n\n\n\n<p>Dessa maneira, enquanto manifesta\u00e7\u00f5es pac\u00edficas pela mudan\u00e7a legislativa inserem-se no \u00e2mbito de prote\u00e7\u00e3o dos direitos fundamentais, a veda\u00e7\u00e3o total e indiscriminada revelou-se medida desproporcional aos objetivos alegadamente perseguidos pelo munic\u00edpio.<\/p>\n\n\n\n<p>Inclusive, um elemento central da argumenta\u00e7\u00e3o sobre a Marcha da Maconha reside na distin\u00e7\u00e3o conceitual entre apologia ao crime e manifesta\u00e7\u00e3o pol\u00edtica leg\u00edtima.<\/p>\n\n\n\n<p>O relator, ministro Gilmar Mendes, lembrou que o STF firmou entendimento no sentido de que manifesta\u00e7\u00f5es p\u00fablicas pela legaliza\u00e7\u00e3o das drogas est\u00e3o protegidas pelas garantias constitucionais da liberdade de express\u00e3o e de reuni\u00e3o.<\/p>\n\n\n\n<p>Para o relator, a norma municipal \u201cprocedeu \u00e0 verdadeira proibi\u00e7\u00e3o de tais express\u00f5es do pensamento\u201d. S.Exa. considerou que o diploma \u201cn\u00e3o se coaduna com a compreens\u00e3o desta Corte a respeito do tema\u201d.<\/p>\n\n\n\n<p>Segundo o ministro, \u201ca Lei municipal 12.719\/2023 mostra-se inconstitucional, na medida em que viola os direitos \u00e0 liberdade de express\u00e3o e de reuni\u00e3o, al\u00e9m de transgredir frontalmente a jurisprud\u00eancia que se sedimentou no \u00e2mbito deste Supremo Tribunal Federal\u201d.<\/p>\n\n\n\n<p>Ao concluir seu voto, Gilmar Mendes prop\u00f4s que seja declarada a inconstitucionalidade da lei municipal, por entender que ela representa uma restri\u00e7\u00e3o desproporcional e ileg\u00edtima aos direitos fundamentais garantidos pela Constitui\u00e7\u00e3o.<\/p>\n\n\n\n<h2 class=\"wp-block-heading\" id=\"h-a-divergencia-do-ministro-zanin\"><span id=\"a-divergencia-do-ministro-zanin\">A diverg\u00eancia do ministro Zanin<\/span><\/h2>\n\n\n\n<p>Por outro lado, o voto divergente do ministro Cristiano Zanin apresenta constru\u00e7\u00e3o dogm\u00e1tica interessante ao defender a constitucionalidade da lei municipal com base na prote\u00e7\u00e3o da sa\u00fade p\u00fablica, especialmente de crian\u00e7as e adolescentes.<\/p>\n\n\n\n<p>Isto porque, sua argumenta\u00e7\u00e3o sustenta-se no argumento de que a norma municipal pro\u00edbe especificamente a \u201capologia \u00e0 posse de entorpecentes il\u00edcitos para consumo\u201d e n\u00e3o a manifesta\u00e7\u00e3o pol\u00edtica em favor de altera\u00e7\u00f5es na pol\u00edtica de drogas.<\/p>\n\n\n\n<p>Dessa maneira, Zanin fundamenta sua posi\u00e7\u00e3o na compet\u00eancia municipal suplementar prevista no artigo 30, inciso II, da <strong><a href=\"https:\/\/www.estrategiaconcursos.com.br\/assinaturas-ecj\/\" target=\"_blank\" >Constitui\u00e7\u00e3o Federal<\/a><\/strong>, combinada com a compet\u00eancia concorrente para prote\u00e7\u00e3o da sa\u00fade estabelecida no artigo 24, inciso XII.<\/p>\n\n\n\n<p>Al\u00e9m disso, segundo sua interpreta\u00e7\u00e3o, a lei municipal encontraria respaldo na prote\u00e7\u00e3o leg\u00edtima da sa\u00fade, sobretudo considerando o disposto no artigo 227 da Constitui\u00e7\u00e3o Federal sobre prote\u00e7\u00e3o absoluta de crian\u00e7as e adolescentes.<\/p>\n\n\n\n<p>Assim, o ministro divergente prop\u00f5e interpreta\u00e7\u00e3o conforme \u00e0 Constitui\u00e7\u00e3o que mantivesse a higidez do texto legal, excluindo apenas as condutas destinadas exclusivamente \u00e0 manifesta\u00e7\u00e3o favor\u00e1vel \u00e0 descriminaliza\u00e7\u00e3o das drogas.<\/p>\n\n\n\n<p>O ministro Cristiano Zanin abriu diverg\u00eancia. Para ele, \u201cn\u00e3o h\u00e1 [\u2026] incompatibilidade prima facie entre a Lei municipal ora impugnada e a Constitui\u00e7\u00e3o, tendo em vista a sua ratio de prote\u00e7\u00e3o leg\u00edtima da sa\u00fade, sobretudo de crian\u00e7as e adolescentes\u201d.<\/p>\n\n\n\n<p>Segundo Zanin, \u00e9 poss\u00edvel compatibilizar o texto legal com a Constitui\u00e7\u00e3o, desde que se fa\u00e7a uma distin\u00e7\u00e3o entre manifesta\u00e7\u00f5es pol\u00edticas leg\u00edtimas \u2013 como aquelas favor\u00e1veis \u00e0 descriminaliza\u00e7\u00e3o das drogas \u2013 e eventos que configurem apologia ou exalta\u00e7\u00e3o ao uso de entorpecentes.<\/p>\n\n\n\n<pre class=\"wp-block-verse\">\"\u00c9 poss\u00edvel manter a higidez do texto legal impugnado, apenas compatibilizando-o com o texto constitucional por meio da t\u00e9cnica da interpreta\u00e7\u00e3o conforme \u00e0 Constitui\u00e7\u00e3o.\"<\/pre>\n\n\n\n<p>Assim, votou para julgar parcialmente procedente a a\u00e7\u00e3o, permitindo atos p\u00fablicos que tenham como objetivo a defesa da descriminaliza\u00e7\u00e3o ou a reforma da pol\u00edtica de drogas, mas mantendo a veda\u00e7\u00e3o a manifesta\u00e7\u00f5es que fa\u00e7am <strong>apologia ao uso de drogas il\u00edcitas<\/strong>.<\/p>\n\n\n\n<h2 class=\"wp-block-heading\" id=\"h-posicao-do-ministro-flavio-dino\"><span id=\"posicao-do-ministro-flavio-dino\">Posi\u00e7\u00e3o do Ministro Fl\u00e1vio Dino<\/span><\/h2>\n\n\n\n<p>Por fim, vale ressaltar que o Min. Fl\u00e1vio Dino apresenta posicionamento intermedi\u00e1rio que merece destaque pela preocupa\u00e7\u00e3o com a prote\u00e7\u00e3o espec\u00edfica de menores de idade.<\/p>\n\n\n\n<p>No seu voto acompanha o relator quanto \u00e0 inconstitucionalidade da proibi\u00e7\u00e3o geral, mas introduz ressalva importante ao vedar expressamente a participa\u00e7\u00e3o de crian\u00e7as e adolescentes em eventos favor\u00e1veis a drogas il\u00edcitas, \u00e1lcool ou tabaco.<\/p>\n\n\n\n<p>Dessa maneira, essa orienta\u00e7\u00e3o revela aplica\u00e7\u00e3o cuidadosa do princ\u00edpio da prote\u00e7\u00e3o integral estabelecido no artigo 227 da Constitui\u00e7\u00e3o Federal.<\/p>\n\n\n\n<p>Isto porque, Dino consegue harmonizar a liberdade de express\u00e3o dos adultos com a prote\u00e7\u00e3o constitucional especial dispensada aos menores, demonstrando que direitos fundamentais podem ser exercidos dentro de marcos que preservem outros valores constitucionalmente protegidos.<\/p>\n\n\n\n<h2 class=\"wp-block-heading\" id=\"h-e-voce-o-que-acha\"><span id=\"e-voce-o-que-acha\">E voc\u00ea o que acha?<\/span><\/h2>\n\n\n\n<figure class=\"wp-block-table\"><table class=\"has-fixed-layout\"><tbody><tr><td><strong>CORRENTE<\/strong><\/td><td><strong>MINISTROS<\/strong><\/td><td><strong>POSI\u00c7\u00c3O CENTRAL<\/strong><\/td><td><strong>FUNDAMENTA\u00c7\u00c3O PRINCIPAL<\/strong><\/td><td><strong>SOLU\u00c7\u00c3O PROPOSTA<\/strong><\/td><\/tr><tr><td><strong>Corrente Majorit\u00e1ria (Inconstitucionalidade Total)<\/strong><\/td><td>Gilmar Mendes (Relator), Alexandre de Moraes, C\u00e1rmen L\u00facia, Edson Fachin<\/td><td>A Lei 12.719\/2023 de Sorocaba \u00e9 totalmente inconstitucional por violar liberdades fundamentais<\/td><td>Precedentes da ADPF 187 e ADI 4274; princ\u00edpio da proporcionalidade; distin\u00e7\u00e3o entre apologia criminosa e manifesta\u00e7\u00e3o pol\u00edtica leg\u00edtima<\/td><td>Declara\u00e7\u00e3o de inconstitucionalidade integral da lei municipal<\/td><\/tr><tr><td><strong>Corrente Divergente (Constitucionalidade com Interpreta\u00e7\u00e3o Conforme)<\/strong><\/td><td>Cristiano Zanin<\/td><td>A lei \u00e9 constitucional pois protege legitimamente a sa\u00fade p\u00fablica, especialmente de crian\u00e7as e adolescentes<\/td><td>Compet\u00eancia municipal suplementar (art. 30, II, CF); prote\u00e7\u00e3o da sa\u00fade (art. 24, XII, CF); prote\u00e7\u00e3o integral de menores (art. 227, CF)<\/td><td>Interpreta\u00e7\u00e3o conforme que preserve a proibi\u00e7\u00e3o de apologia, mas permita manifesta\u00e7\u00f5es pela descriminaliza\u00e7\u00e3o<\/td><\/tr><tr><td><strong>Corrente Intermedi\u00e1ria (Inconstitucionalidade com Ressalvas)<\/strong><\/td><td>Fl\u00e1vio Dino<\/td><td>Acompanha a inconstitucionalidade, mas com prote\u00e7\u00e3o espec\u00edfica para menores<\/td><td>Harmoniza\u00e7\u00e3o entre liberdade de express\u00e3o e prote\u00e7\u00e3o integral de crian\u00e7as e adolescentes<\/td><td>Declara\u00e7\u00e3o de inconstitucionalidade com veda\u00e7\u00e3o expressa \u00e0 participa\u00e7\u00e3o de menores nas manifesta\u00e7\u00f5es<\/td><\/tr><\/tbody><\/table><\/figure>\n\n\n\n<p><\/p>\n\n\n\n<hr class=\"wp-block-separator has-alpha-channel-opacity\"\/>\n\n\n\n<h2 class=\"wp-block-heading has-text-align-center\" id=\"h-quer-saber-quais-serao-os-proximos-concursos\"><span id=\"quer-saber-quais-serao-os-proximos-concursos\">Quer saber quais ser\u00e3o os pr\u00f3ximos concursos?<\/span><\/h2>\n\n\n\n<pre class=\"wp-block-verse has-text-align-center\">Confira nossos\u00a0<a href=\"https:\/\/cj.estrategia.com\/portal\/\" target=\"_blank\" >artigos para Carreiras Jur\u00eddicas<\/a>!<\/pre>\n\n\n\n<p class=\"has-text-align-center has-white-color has-pale-cyan-blue-background-color has-text-color has-background has-link-color wp-elements-723b3278bf14a50a5e7b7e937b9a17d4\"><a href=\"https:\/\/cj.estrategia.com\/portal\/concursos-abertos-carreiras-juridicas\/\">Concursos jur\u00eddicos abertos<\/a><\/p>\n\n\n\n<p class=\"has-text-align-center has-white-color has-pale-cyan-blue-background-color has-text-color has-background has-link-color wp-elements-41349f36dc977263ca2129bf0f6dd541\"><a href=\"https:\/\/cj.estrategia.com\/portal\/concursos-2025-carreiras-juridicas\/\" target=\"_blank\" >Concursos jur\u00eddicos 2025<\/a><\/p>\n","protected":false},"excerpt":{"rendered":"Em fevereiro de 2023, o prefeito de Sorocaba, Rodrigo Manga, sancionou a lei que vetava a realiza\u00e7\u00e3o da&hellip;\n","protected":false},"author":93,"featured_media":106818,"comment_status":"open","ping_status":"open","sticky":false,"template":"","format":"standard","meta":{"_jetpack_memberships_contains_paid_content":false,"footnotes":""},"categories":[1],"tags":[2913,2915,198,2916,2914,587,1092,2067,1437,665,134],"tax_estado":[30,31,32,33,34,35,36,37,38,39,40,41,42,43,44,45,46,47,48,49,50,51,52,53,54,55,56,57],"class_list":{"0":"post-133696","1":"post","2":"type-post","3":"status-publish","4":"format-standard","5":"has-post-thumbnail","7":"category-carreiras-juridicas","8":"tag-adpf-1103","9":"tag-descriminalizacao-das-drogas","10":"tag-liberdade-de-expressao","11":"tag-liberdade-de-reuniao","12":"tag-marcha-da-maconha","13":"tag-poder-de-policia","14":"tag-principio-da-proporcionalidade","15":"tag-procuradoria-geral-da-republica-pgr","16":"tag-saude-publica","17":"tag-sorocaba","18":"tag-stf","19":"tax_estado-ac","20":"tax_estado-al","21":"tax_estado-am","22":"tax_estado-ap","23":"tax_estado-ba","24":"tax_estado-ce","25":"tax_estado-concursos-federais","26":"tax_estado-df","27":"tax_estado-es","28":"tax_estado-go","29":"tax_estado-ma","30":"tax_estado-mg","31":"tax_estado-ms","32":"tax_estado-mt","33":"tax_estado-pa","34":"tax_estado-pb","35":"tax_estado-pe","36":"tax_estado-pi","37":"tax_estado-pr","38":"tax_estado-rj","39":"tax_estado-rn","40":"tax_estado-ro","41":"tax_estado-rr","42":"tax_estado-rs","43":"tax_estado-sc","44":"tax_estado-se","45":"tax_estado-sp","46":"tax_estado-to"},"acf":[],"yoast_head":"<!-- This site is optimized with the Yoast SEO Premium plugin v27.5 (Yoast SEO v27.5) - https:\/\/yoast.com\/product\/yoast-seo-premium-wordpress\/ -->\n<title>Marcha da Maconha em Sorocaba-SP: inconstitucional?<\/title>\n<meta name=\"description\" content=\"Em 2023, o prefeito de Sorocaba, Rodrigo Manga, sancionou lei que vetava a realiza\u00e7\u00e3o da Marcha da Maconha na cidade.\" \/>\n<meta name=\"robots\" content=\"index, follow, max-snippet:-1, max-image-preview:large, max-video-preview:-1\" \/>\n<link rel=\"canonical\" href=\"https:\/\/cj.estrategia.com\/portal\/marcha-maconha-sorocaba-inconstitucional-stf\/\" \/>\n<meta property=\"og:locale\" content=\"pt_BR\" \/>\n<meta property=\"og:type\" content=\"article\" \/>\n<meta property=\"og:title\" content=\"Marcha da Maconha em Sorocaba-SP: inconstitucional? A vis\u00e3o do STF na ADPF 1103\" \/>\n<meta property=\"og:description\" content=\"Em 2023, o prefeito de Sorocaba, Rodrigo Manga, sancionou lei que vetava a realiza\u00e7\u00e3o da Marcha da Maconha na cidade.\" \/>\n<meta property=\"og:url\" content=\"https:\/\/cj.estrategia.com\/portal\/marcha-maconha-sorocaba-inconstitucional-stf\/\" \/>\n<meta property=\"og:site_name\" content=\"Blog - Carreiras Jur\u00eddicas - Estrat\u00e9gia\" \/>\n<meta property=\"article:publisher\" content=\"https:\/\/www.facebook.com\/estrategiacarreirajuridica\/\" \/>\n<meta property=\"article:published_time\" content=\"2025-07-07T13:24:21+00:00\" \/>\n<meta property=\"article:modified_time\" content=\"2025-07-08T23:28:46+00:00\" \/>\n<meta property=\"og:image\" content=\"https:\/\/cj.estrategia.com\/portal\/wp-content\/uploads\/2025\/03\/20212917\/justica-prerrogativa-especial-funcao-foro.jpg\" \/>\n\t<meta property=\"og:image:width\" content=\"2000\" \/>\n\t<meta property=\"og:image:height\" content=\"1368\" \/>\n\t<meta property=\"og:image:type\" content=\"image\/jpeg\" \/>\n<meta name=\"author\" content=\"Felipe Duque\" \/>\n<meta name=\"twitter:card\" content=\"summary_large_image\" \/>\n<meta name=\"twitter:creator\" content=\"@https:\/\/x.com\/ProfessorDuque\" \/>\n<meta name=\"twitter:site\" content=\"@EstratJuridica\" \/>\n<meta name=\"twitter:label1\" content=\"Escrito por\" \/>\n\t<meta name=\"twitter:data1\" content=\"Felipe Duque\" \/>\n\t<meta name=\"twitter:label2\" content=\"Est. tempo de leitura\" \/>\n\t<meta name=\"twitter:data2\" content=\"7 minutos\" \/>\n<script type=\"application\/ld+json\" class=\"yoast-schema-graph\">{\"@context\":\"https:\\\/\\\/schema.org\",\"@graph\":[{\"@type\":\"NewsArticle\",\"@id\":\"https:\\\/\\\/cj.estrategia.com\\\/portal\\\/marcha-maconha-sorocaba-inconstitucional-stf\\\/#article\",\"isPartOf\":{\"@id\":\"https:\\\/\\\/cj.estrategia.com\\\/portal\\\/marcha-maconha-sorocaba-inconstitucional-stf\\\/\"},\"author\":{\"name\":\"Felipe Duque\",\"@id\":\"https:\\\/\\\/cj.estrategia.com\\\/portal\\\/#\\\/schema\\\/person\\\/b5b0253b269d7130d1f7770b1ba29285\"},\"headline\":\"Marcha da Maconha em Sorocaba-SP: inconstitucional? A vis\u00e3o do STF na ADPF 1103\",\"datePublished\":\"2025-07-07T13:24:21+00:00\",\"dateModified\":\"2025-07-08T23:28:46+00:00\",\"mainEntityOfPage\":{\"@id\":\"https:\\\/\\\/cj.estrategia.com\\\/portal\\\/marcha-maconha-sorocaba-inconstitucional-stf\\\/\"},\"wordCount\":1200,\"commentCount\":0,\"publisher\":{\"@id\":\"https:\\\/\\\/cj.estrategia.com\\\/portal\\\/#organization\"},\"image\":{\"@id\":\"https:\\\/\\\/cj.estrategia.com\\\/portal\\\/marcha-maconha-sorocaba-inconstitucional-stf\\\/#primaryimage\"},\"thumbnailUrl\":\"https:\\\/\\\/cj.estrategia.com\\\/portal\\\/wp-content\\\/uploads\\\/2025\\\/03\\\/20212917\\\/justica-prerrogativa-especial-funcao-foro.jpg\",\"keywords\":[\"ADPF 1103\",\"descriminaliza\u00e7\u00e3o das drogas\",\"liberdade de express\u00e3o\",\"liberdade de reuni\u00e3o\",\"Marcha da Maconha\",\"poder de pol\u00edcia\",\"princ\u00edpio da proporcionalidade\",\"Procuradoria-Geral da Rep\u00fablica (PGR)\",\"sa\u00fade p\u00fablica\",\"Sorocaba\",\"STF\"],\"articleSection\":[\"Carreiras Jur\u00eddicas\"],\"inLanguage\":\"pt-BR\",\"potentialAction\":[{\"@type\":\"CommentAction\",\"name\":\"Comment\",\"target\":[\"https:\\\/\\\/cj.estrategia.com\\\/portal\\\/marcha-maconha-sorocaba-inconstitucional-stf\\\/#respond\"]}]},{\"@type\":\"WebPage\",\"@id\":\"https:\\\/\\\/cj.estrategia.com\\\/portal\\\/marcha-maconha-sorocaba-inconstitucional-stf\\\/\",\"url\":\"https:\\\/\\\/cj.estrategia.com\\\/portal\\\/marcha-maconha-sorocaba-inconstitucional-stf\\\/\",\"name\":\"Marcha da Maconha em Sorocaba-SP: inconstitucional?\",\"isPartOf\":{\"@id\":\"https:\\\/\\\/cj.estrategia.com\\\/portal\\\/#website\"},\"primaryImageOfPage\":{\"@id\":\"https:\\\/\\\/cj.estrategia.com\\\/portal\\\/marcha-maconha-sorocaba-inconstitucional-stf\\\/#primaryimage\"},\"image\":{\"@id\":\"https:\\\/\\\/cj.estrategia.com\\\/portal\\\/marcha-maconha-sorocaba-inconstitucional-stf\\\/#primaryimage\"},\"thumbnailUrl\":\"https:\\\/\\\/cj.estrategia.com\\\/portal\\\/wp-content\\\/uploads\\\/2025\\\/03\\\/20212917\\\/justica-prerrogativa-especial-funcao-foro.jpg\",\"datePublished\":\"2025-07-07T13:24:21+00:00\",\"dateModified\":\"2025-07-08T23:28:46+00:00\",\"description\":\"Em 2023, o prefeito de Sorocaba, Rodrigo Manga, sancionou lei que vetava a realiza\u00e7\u00e3o da Marcha da Maconha na cidade.\",\"breadcrumb\":{\"@id\":\"https:\\\/\\\/cj.estrategia.com\\\/portal\\\/marcha-maconha-sorocaba-inconstitucional-stf\\\/#breadcrumb\"},\"inLanguage\":\"pt-BR\",\"potentialAction\":[{\"@type\":\"ReadAction\",\"target\":[\"https:\\\/\\\/cj.estrategia.com\\\/portal\\\/marcha-maconha-sorocaba-inconstitucional-stf\\\/\"]}]},{\"@type\":\"ImageObject\",\"inLanguage\":\"pt-BR\",\"@id\":\"https:\\\/\\\/cj.estrategia.com\\\/portal\\\/marcha-maconha-sorocaba-inconstitucional-stf\\\/#primaryimage\",\"url\":\"https:\\\/\\\/cj.estrategia.com\\\/portal\\\/wp-content\\\/uploads\\\/2025\\\/03\\\/20212917\\\/justica-prerrogativa-especial-funcao-foro.jpg\",\"contentUrl\":\"https:\\\/\\\/cj.estrategia.com\\\/portal\\\/wp-content\\\/uploads\\\/2025\\\/03\\\/20212917\\\/justica-prerrogativa-especial-funcao-foro.jpg\",\"width\":2000,\"height\":1368},{\"@type\":\"BreadcrumbList\",\"@id\":\"https:\\\/\\\/cj.estrategia.com\\\/portal\\\/marcha-maconha-sorocaba-inconstitucional-stf\\\/#breadcrumb\",\"itemListElement\":[{\"@type\":\"ListItem\",\"position\":1,\"name\":\"In\u00edcio\",\"item\":\"https:\\\/\\\/cj.estrategia.com\\\/portal\\\/\"},{\"@type\":\"ListItem\",\"position\":2,\"name\":\"Marcha da Maconha em Sorocaba-SP: inconstitucional? A vis\u00e3o do STF na ADPF 1103\"}]},{\"@type\":\"WebSite\",\"@id\":\"https:\\\/\\\/cj.estrategia.com\\\/portal\\\/#website\",\"url\":\"https:\\\/\\\/cj.estrategia.com\\\/portal\\\/\",\"name\":\"Blog - Carreiras Jur\u00eddicas - Estrat\u00e9gia\",\"description\":\"\",\"publisher\":{\"@id\":\"https:\\\/\\\/cj.estrategia.com\\\/portal\\\/#organization\"},\"potentialAction\":[{\"@type\":\"SearchAction\",\"target\":{\"@type\":\"EntryPoint\",\"urlTemplate\":\"https:\\\/\\\/cj.estrategia.com\\\/portal\\\/?s={search_term_string}\"},\"query-input\":{\"@type\":\"PropertyValueSpecification\",\"valueRequired\":true,\"valueName\":\"search_term_string\"}}],\"inLanguage\":\"pt-BR\"},{\"@type\":\"Organization\",\"@id\":\"https:\\\/\\\/cj.estrategia.com\\\/portal\\\/#organization\",\"name\":\"Estrat\u00e9gia - Carreiras Jur\u00eddicas\",\"url\":\"https:\\\/\\\/cj.estrategia.com\\\/portal\\\/\",\"logo\":{\"@type\":\"ImageObject\",\"inLanguage\":\"pt-BR\",\"@id\":\"https:\\\/\\\/cj.estrategia.com\\\/portal\\\/#\\\/schema\\\/logo\\\/image\\\/\",\"url\":\"https:\\\/\\\/cj.estrategia.com\\\/portal\\\/wp-content\\\/uploads\\\/2022\\\/03\\\/11151052\\\/cj-logo.png\",\"contentUrl\":\"https:\\\/\\\/cj.estrategia.com\\\/portal\\\/wp-content\\\/uploads\\\/2022\\\/03\\\/11151052\\\/cj-logo.png\",\"width\":150,\"height\":39,\"caption\":\"Estrat\u00e9gia - Carreiras Jur\u00eddicas\"},\"image\":{\"@id\":\"https:\\\/\\\/cj.estrategia.com\\\/portal\\\/#\\\/schema\\\/logo\\\/image\\\/\"},\"sameAs\":[\"https:\\\/\\\/www.facebook.com\\\/estrategiacarreirajuridica\\\/\",\"https:\\\/\\\/x.com\\\/EstratJuridica\",\"https:\\\/\\\/www.instagram.com\\\/estrategiacarreirajuridica\\\/\",\"https:\\\/\\\/www.youtube.com\\\/channel\\\/UClbMGuYbj2Mh1m3w144ETWQ\"]},{\"@type\":\"Person\",\"@id\":\"https:\\\/\\\/cj.estrategia.com\\\/portal\\\/#\\\/schema\\\/person\\\/b5b0253b269d7130d1f7770b1ba29285\",\"name\":\"Felipe Duque\",\"image\":{\"@type\":\"ImageObject\",\"inLanguage\":\"pt-BR\",\"@id\":\"https:\\\/\\\/cj.estrategia.com\\\/portal\\\/wp-content\\\/uploads\\\/2024\\\/08\\\/06162009\\\/Captura-de-Tela-2024-08-06-as-16.19.26-96x96.png\",\"url\":\"https:\\\/\\\/cj.estrategia.com\\\/portal\\\/wp-content\\\/uploads\\\/2024\\\/08\\\/06162009\\\/Captura-de-Tela-2024-08-06-as-16.19.26-96x96.png\",\"contentUrl\":\"https:\\\/\\\/cj.estrategia.com\\\/portal\\\/wp-content\\\/uploads\\\/2024\\\/08\\\/06162009\\\/Captura-de-Tela-2024-08-06-as-16.19.26-96x96.png\",\"caption\":\"Felipe Duque\"},\"description\":\"Felipe Duque - Mestre em Direito Pol\u00edtico e Econ\u00f4mico na Mackenzie-SP. Graduado em Direito pela Universidade Cat\u00f3lica de Pernambuco, com conclus\u00e3o pelo regime de Aproveitamento Extraordin\u00e1rio nos Estudos (art. 47, \u00a7 2\u00ba, da Lei n\u00ba 9.394\\\/96). Ex-Assessor de Desembargador no TJPE. Procurador da Fazenda Nacional. Integra voluntariamente a Coordena\u00e7\u00e3o de Assuntos Estrat\u00e9gicos Judiciais da PGFN. Professor do Estrat\u00e9gia Carreira Jur\u00eddica, Estrat\u00e9gia OAB e Buscador Dizer o Direito. Autor do livro \u201cReforma Tribut\u00e1ria Comentada e Esquematizada\u201d, \\\"Manual de Processo Tribut\u00e1rio: Administrativo e Judicial\\\" pela editora Juspodivm Parecerista na Revista de Estudos Jur\u00eddicos do Superior Tribunal de Justi\u00e7a (REJuriSTJ)\",\"sameAs\":[\"http:\\\/\\\/lattes.cnpq.br\\\/5755137268084324\",\"https:\\\/\\\/www.instagram.com\\\/felipe_duque\\\/\",\"https:\\\/\\\/br.linkedin.com\\\/in\\\/felipe-duque-56954638\",\"https:\\\/\\\/x.com\\\/https:\\\/\\\/x.com\\\/ProfessorDuque\",\"https:\\\/\\\/www.youtube.com\\\/@felipeduque-experienciasco5797\"],\"url\":\"https:\\\/\\\/cj.estrategia.com\\\/portal\\\/author\\\/felipe-duque\\\/\"}]}<\/script>\n<!-- \/ Yoast SEO Premium plugin. -->","yoast_head_json":{"title":"Marcha da Maconha em Sorocaba-SP: inconstitucional?","description":"Em 2023, o prefeito de Sorocaba, Rodrigo Manga, sancionou lei que vetava a realiza\u00e7\u00e3o da Marcha da Maconha na cidade.","robots":{"index":"index","follow":"follow","max-snippet":"max-snippet:-1","max-image-preview":"max-image-preview:large","max-video-preview":"max-video-preview:-1"},"canonical":"https:\/\/cj.estrategia.com\/portal\/marcha-maconha-sorocaba-inconstitucional-stf\/","og_locale":"pt_BR","og_type":"article","og_title":"Marcha da Maconha em Sorocaba-SP: inconstitucional? A vis\u00e3o do STF na ADPF 1103","og_description":"Em 2023, o prefeito de Sorocaba, Rodrigo Manga, sancionou lei que vetava a realiza\u00e7\u00e3o da Marcha da Maconha na cidade.","og_url":"https:\/\/cj.estrategia.com\/portal\/marcha-maconha-sorocaba-inconstitucional-stf\/","og_site_name":"Blog - Carreiras Jur\u00eddicas - Estrat\u00e9gia","article_publisher":"https:\/\/www.facebook.com\/estrategiacarreirajuridica\/","article_published_time":"2025-07-07T13:24:21+00:00","article_modified_time":"2025-07-08T23:28:46+00:00","og_image":[{"width":2000,"height":1368,"url":"https:\/\/cj.estrategia.com\/portal\/wp-content\/uploads\/2025\/03\/20212917\/justica-prerrogativa-especial-funcao-foro.jpg","type":"image\/jpeg"}],"author":"Felipe Duque","twitter_card":"summary_large_image","twitter_creator":"@https:\/\/x.com\/ProfessorDuque","twitter_site":"@EstratJuridica","twitter_misc":{"Escrito por":"Felipe Duque","Est. tempo de leitura":"7 minutos"},"schema":{"@context":"https:\/\/schema.org","@graph":[{"@type":"NewsArticle","@id":"https:\/\/cj.estrategia.com\/portal\/marcha-maconha-sorocaba-inconstitucional-stf\/#article","isPartOf":{"@id":"https:\/\/cj.estrategia.com\/portal\/marcha-maconha-sorocaba-inconstitucional-stf\/"},"author":{"name":"Felipe Duque","@id":"https:\/\/cj.estrategia.com\/portal\/#\/schema\/person\/b5b0253b269d7130d1f7770b1ba29285"},"headline":"Marcha da Maconha em Sorocaba-SP: inconstitucional? A vis\u00e3o do STF na ADPF 1103","datePublished":"2025-07-07T13:24:21+00:00","dateModified":"2025-07-08T23:28:46+00:00","mainEntityOfPage":{"@id":"https:\/\/cj.estrategia.com\/portal\/marcha-maconha-sorocaba-inconstitucional-stf\/"},"wordCount":1200,"commentCount":0,"publisher":{"@id":"https:\/\/cj.estrategia.com\/portal\/#organization"},"image":{"@id":"https:\/\/cj.estrategia.com\/portal\/marcha-maconha-sorocaba-inconstitucional-stf\/#primaryimage"},"thumbnailUrl":"https:\/\/cj.estrategia.com\/portal\/wp-content\/uploads\/2025\/03\/20212917\/justica-prerrogativa-especial-funcao-foro.jpg","keywords":["ADPF 1103","descriminaliza\u00e7\u00e3o das drogas","liberdade de express\u00e3o","liberdade de reuni\u00e3o","Marcha da Maconha","poder de pol\u00edcia","princ\u00edpio da proporcionalidade","Procuradoria-Geral da Rep\u00fablica (PGR)","sa\u00fade p\u00fablica","Sorocaba","STF"],"articleSection":["Carreiras Jur\u00eddicas"],"inLanguage":"pt-BR","potentialAction":[{"@type":"CommentAction","name":"Comment","target":["https:\/\/cj.estrategia.com\/portal\/marcha-maconha-sorocaba-inconstitucional-stf\/#respond"]}]},{"@type":"WebPage","@id":"https:\/\/cj.estrategia.com\/portal\/marcha-maconha-sorocaba-inconstitucional-stf\/","url":"https:\/\/cj.estrategia.com\/portal\/marcha-maconha-sorocaba-inconstitucional-stf\/","name":"Marcha da Maconha em Sorocaba-SP: inconstitucional?","isPartOf":{"@id":"https:\/\/cj.estrategia.com\/portal\/#website"},"primaryImageOfPage":{"@id":"https:\/\/cj.estrategia.com\/portal\/marcha-maconha-sorocaba-inconstitucional-stf\/#primaryimage"},"image":{"@id":"https:\/\/cj.estrategia.com\/portal\/marcha-maconha-sorocaba-inconstitucional-stf\/#primaryimage"},"thumbnailUrl":"https:\/\/cj.estrategia.com\/portal\/wp-content\/uploads\/2025\/03\/20212917\/justica-prerrogativa-especial-funcao-foro.jpg","datePublished":"2025-07-07T13:24:21+00:00","dateModified":"2025-07-08T23:28:46+00:00","description":"Em 2023, o prefeito de Sorocaba, Rodrigo Manga, sancionou lei que vetava a realiza\u00e7\u00e3o da Marcha da Maconha na cidade.","breadcrumb":{"@id":"https:\/\/cj.estrategia.com\/portal\/marcha-maconha-sorocaba-inconstitucional-stf\/#breadcrumb"},"inLanguage":"pt-BR","potentialAction":[{"@type":"ReadAction","target":["https:\/\/cj.estrategia.com\/portal\/marcha-maconha-sorocaba-inconstitucional-stf\/"]}]},{"@type":"ImageObject","inLanguage":"pt-BR","@id":"https:\/\/cj.estrategia.com\/portal\/marcha-maconha-sorocaba-inconstitucional-stf\/#primaryimage","url":"https:\/\/cj.estrategia.com\/portal\/wp-content\/uploads\/2025\/03\/20212917\/justica-prerrogativa-especial-funcao-foro.jpg","contentUrl":"https:\/\/cj.estrategia.com\/portal\/wp-content\/uploads\/2025\/03\/20212917\/justica-prerrogativa-especial-funcao-foro.jpg","width":2000,"height":1368},{"@type":"BreadcrumbList","@id":"https:\/\/cj.estrategia.com\/portal\/marcha-maconha-sorocaba-inconstitucional-stf\/#breadcrumb","itemListElement":[{"@type":"ListItem","position":1,"name":"In\u00edcio","item":"https:\/\/cj.estrategia.com\/portal\/"},{"@type":"ListItem","position":2,"name":"Marcha da Maconha em Sorocaba-SP: inconstitucional? A vis\u00e3o do STF na ADPF 1103"}]},{"@type":"WebSite","@id":"https:\/\/cj.estrategia.com\/portal\/#website","url":"https:\/\/cj.estrategia.com\/portal\/","name":"Blog - Carreiras Jur\u00eddicas - Estrat\u00e9gia","description":"","publisher":{"@id":"https:\/\/cj.estrategia.com\/portal\/#organization"},"potentialAction":[{"@type":"SearchAction","target":{"@type":"EntryPoint","urlTemplate":"https:\/\/cj.estrategia.com\/portal\/?s={search_term_string}"},"query-input":{"@type":"PropertyValueSpecification","valueRequired":true,"valueName":"search_term_string"}}],"inLanguage":"pt-BR"},{"@type":"Organization","@id":"https:\/\/cj.estrategia.com\/portal\/#organization","name":"Estrat\u00e9gia - Carreiras Jur\u00eddicas","url":"https:\/\/cj.estrategia.com\/portal\/","logo":{"@type":"ImageObject","inLanguage":"pt-BR","@id":"https:\/\/cj.estrategia.com\/portal\/#\/schema\/logo\/image\/","url":"https:\/\/cj.estrategia.com\/portal\/wp-content\/uploads\/2022\/03\/11151052\/cj-logo.png","contentUrl":"https:\/\/cj.estrategia.com\/portal\/wp-content\/uploads\/2022\/03\/11151052\/cj-logo.png","width":150,"height":39,"caption":"Estrat\u00e9gia - Carreiras Jur\u00eddicas"},"image":{"@id":"https:\/\/cj.estrategia.com\/portal\/#\/schema\/logo\/image\/"},"sameAs":["https:\/\/www.facebook.com\/estrategiacarreirajuridica\/","https:\/\/x.com\/EstratJuridica","https:\/\/www.instagram.com\/estrategiacarreirajuridica\/","https:\/\/www.youtube.com\/channel\/UClbMGuYbj2Mh1m3w144ETWQ"]},{"@type":"Person","@id":"https:\/\/cj.estrategia.com\/portal\/#\/schema\/person\/b5b0253b269d7130d1f7770b1ba29285","name":"Felipe Duque","image":{"@type":"ImageObject","inLanguage":"pt-BR","@id":"https:\/\/cj.estrategia.com\/portal\/wp-content\/uploads\/2024\/08\/06162009\/Captura-de-Tela-2024-08-06-as-16.19.26-96x96.png","url":"https:\/\/cj.estrategia.com\/portal\/wp-content\/uploads\/2024\/08\/06162009\/Captura-de-Tela-2024-08-06-as-16.19.26-96x96.png","contentUrl":"https:\/\/cj.estrategia.com\/portal\/wp-content\/uploads\/2024\/08\/06162009\/Captura-de-Tela-2024-08-06-as-16.19.26-96x96.png","caption":"Felipe Duque"},"description":"Felipe Duque - Mestre em Direito Pol\u00edtico e Econ\u00f4mico na Mackenzie-SP. Graduado em Direito pela Universidade Cat\u00f3lica de Pernambuco, com conclus\u00e3o pelo regime de Aproveitamento Extraordin\u00e1rio nos Estudos (art. 47, \u00a7 2\u00ba, da Lei n\u00ba 9.394\/96). Ex-Assessor de Desembargador no TJPE. Procurador da Fazenda Nacional. Integra voluntariamente a Coordena\u00e7\u00e3o de Assuntos Estrat\u00e9gicos Judiciais da PGFN. Professor do Estrat\u00e9gia Carreira Jur\u00eddica, Estrat\u00e9gia OAB e Buscador Dizer o Direito. Autor do livro \u201cReforma Tribut\u00e1ria Comentada e Esquematizada\u201d, \"Manual de Processo Tribut\u00e1rio: Administrativo e Judicial\" pela editora Juspodivm Parecerista na Revista de Estudos Jur\u00eddicos do Superior Tribunal de Justi\u00e7a (REJuriSTJ)","sameAs":["http:\/\/lattes.cnpq.br\/5755137268084324","https:\/\/www.instagram.com\/felipe_duque\/","https:\/\/br.linkedin.com\/in\/felipe-duque-56954638","https:\/\/x.com\/https:\/\/x.com\/ProfessorDuque","https:\/\/www.youtube.com\/@felipeduque-experienciasco5797"],"url":"https:\/\/cj.estrategia.com\/portal\/author\/felipe-duque\/"}]}},"jetpack_featured_media_url":"https:\/\/cj.estrategia.com\/portal\/wp-content\/uploads\/2025\/03\/20212917\/justica-prerrogativa-especial-funcao-foro.jpg","jetpack_sharing_enabled":true,"_links":{"self":[{"href":"https:\/\/cj.estrategia.com\/portal\/wp-json\/wp\/v2\/posts\/133696","targetHints":{"allow":["GET"]}}],"collection":[{"href":"https:\/\/cj.estrategia.com\/portal\/wp-json\/wp\/v2\/posts"}],"about":[{"href":"https:\/\/cj.estrategia.com\/portal\/wp-json\/wp\/v2\/types\/post"}],"author":[{"embeddable":true,"href":"https:\/\/cj.estrategia.com\/portal\/wp-json\/wp\/v2\/users\/93"}],"replies":[{"embeddable":true,"href":"https:\/\/cj.estrategia.com\/portal\/wp-json\/wp\/v2\/comments?post=133696"}],"version-history":[{"count":0,"href":"https:\/\/cj.estrategia.com\/portal\/wp-json\/wp\/v2\/posts\/133696\/revisions"}],"wp:featuredmedia":[{"embeddable":true,"href":"https:\/\/cj.estrategia.com\/portal\/wp-json\/wp\/v2\/media\/106818"}],"wp:attachment":[{"href":"https:\/\/cj.estrategia.com\/portal\/wp-json\/wp\/v2\/media?parent=133696"}],"wp:term":[{"taxonomy":"category","embeddable":true,"href":"https:\/\/cj.estrategia.com\/portal\/wp-json\/wp\/v2\/categories?post=133696"},{"taxonomy":"post_tag","embeddable":true,"href":"https:\/\/cj.estrategia.com\/portal\/wp-json\/wp\/v2\/tags?post=133696"},{"taxonomy":"tax_estado","embeddable":true,"href":"https:\/\/cj.estrategia.com\/portal\/wp-json\/wp\/v2\/tax_estado?post=133696"}],"curies":[{"name":"wp","href":"https:\/\/api.w.org\/{rel}","templated":true}]}}