{"id":13280,"date":"2022-07-24T13:50:21","date_gmt":"2022-07-24T16:50:21","guid":{"rendered":"https:\/\/cj.estrategia.com\/portal\/?p=13280"},"modified":"2022-07-30T11:33:18","modified_gmt":"2022-07-30T14:33:18","slug":"delegado-ba-provas-suspensas","status":"publish","type":"post","link":"https:\/\/cj.estrategia.com\/portal\/delegado-ba-provas-suspensas\/","title":{"rendered":"Delegado BA: PROVAS SUSPENSAS! Confira aqui!"},"content":{"rendered":"\n<p><strong>As provas do concurso Delegado BA foram suspensas ap\u00f3s uma&nbsp;falha de log\u00edstica que gerou uma entrega de provas trocadas aos candidatos.<\/strong><\/p>\n\n\n\n<p>De acordo com o Instituto Brasileiro de Forma\u00e7\u00e3o e Capacita\u00e7\u00e3o (IBFC), a nova data ser\u00e1 anunciada em breve.<\/p>\n\n\n\n<p>O problema aconteceu em salas na Universidade Cat\u00f3lica do&nbsp;Salvador&nbsp;(UCSal), em Pitua\u00e7u. De acordo com o IBFC, o impasse ocorreu porque um circuito de corrida de rua na capital baiana, realizado tamb\u00e9m na manh\u00e3 deste domingo, poderia comprometer o bom andamento das provas.<\/p>\n\n\n\n<p>Com isso, o IBFC decidiu alterar locais de provas na quarta-feira (20), quatro dias antes da aplica\u00e7\u00e3o dos exames. No entanto, por causa da log\u00edstica j\u00e1 montada para distribui\u00e7\u00e3o de todos os materiais e provas, n\u00e3o seria mais poss\u00edvel refazer os cadernos de provas para os novos locais.<\/p>\n\n\n\n<p>Ao serem abertos os envelopes de provas dentro das salas, foi constatado que as folhas de respostas anexadas aos cadernos de provas n\u00e3o pertenciam aos candidatos daquela sala, mas de outro local.<\/p>\n\n\n\n<p>O IBFC acrescentou que a troca de pacotes n\u00e3o causou preju\u00edzo \u00e0 seguran\u00e7a do processo ou ao sigilo das provas. Mas por causa da recusa dos candidatos, tendo j\u00e1 passado uma hora do in\u00edcio da aplica\u00e7\u00e3o em todo o estado, a empresa notificou a Secretaria da Administra\u00e7\u00e3o do Estado da Bahia (SAEB) e solicitou suspens\u00e3o do processo para o cargo de Delegado de Pol\u00edcia Civil.<\/p>\n\n\n\n<p><\/p>\n\n\n<div class=\"wp-block-image\">\n<figure class=\"aligncenter size-large is-resized\"><img decoding=\"async\" src=\"https:\/\/cj.estrategia.com\/portal\/wp-content\/uploads\/2022\/07\/24134843\/WhatsApp-Image-2022-07-24-at-13.41.52-993x1024.jpeg\" alt=\"CONCURSO DELEGADO BA prova suspensa\" class=\"wp-image-13283\" width=\"561\" height=\"578\" srcset=\"https:\/\/cj.estrategia.com\/portal\/wp-content\/uploads\/2022\/07\/24134843\/WhatsApp-Image-2022-07-24-at-13.41.52-993x1024.jpeg 993w, https:\/\/cj.estrategia.com\/portal\/wp-content\/uploads\/2022\/07\/24134843\/WhatsApp-Image-2022-07-24-at-13.41.52-291x300.jpeg 291w, https:\/\/cj.estrategia.com\/portal\/wp-content\/uploads\/2022\/07\/24134843\/WhatsApp-Image-2022-07-24-at-13.41.52-768x792.jpeg 768w, https:\/\/cj.estrategia.com\/portal\/wp-content\/uploads\/2022\/07\/24134843\/WhatsApp-Image-2022-07-24-at-13.41.52-380x392.jpeg 380w, https:\/\/cj.estrategia.com\/portal\/wp-content\/uploads\/2022\/07\/24134843\/WhatsApp-Image-2022-07-24-at-13.41.52-800x825.jpeg 800w, https:\/\/cj.estrategia.com\/portal\/wp-content\/uploads\/2022\/07\/24134843\/WhatsApp-Image-2022-07-24-at-13.41.52-24x24.jpeg 24w, https:\/\/cj.estrategia.com\/portal\/wp-content\/uploads\/2022\/07\/24134843\/WhatsApp-Image-2022-07-24-at-13.41.52-48x48.jpeg 48w, https:\/\/cj.estrategia.com\/portal\/wp-content\/uploads\/2022\/07\/24134843\/WhatsApp-Image-2022-07-24-at-13.41.52-150x155.jpeg 150w, https:\/\/cj.estrategia.com\/portal\/wp-content\/uploads\/2022\/07\/24134843\/WhatsApp-Image-2022-07-24-at-13.41.52.jpeg 1047w\" sizes=\"(max-width: 561px) 100vw, 561px\" \/><figcaption>Prova para Delegado suspensa<\/figcaption><\/figure>\n<\/div>\n\n\n<p class=\"has-text-align-center has-luminous-vivid-amber-background-color has-background has-medium-font-size\"><strong>Saiba mais: <a href=\"https:\/\/cj.estrategia.com\/portal\/concurso-delegado-ba\/\" target=\"_blank\" >Concurso Delegado BA<\/a><\/strong><\/p>\n\n\n\n<h2 class=\"has-text-align-center wp-block-heading\" id=\"cursos\"><span id=\"quer-saber-tudo-sobre-concursos-previstosconfira-nossos-artigos\">Quer saber tudo sobre concursos previstos?<br><strong>Confira nossos artigos!<\/strong><\/span><\/h2>\n\n\n\n<ul class=\"wp-block-list\"><li><a href=\"https:\/\/cj.estrategia.com\/portal\/concursos-abertos-carreiras-juridicas\/\" target=\"_blank\" >Concursos abertos<\/a><\/li><li><a href=\"https:\/\/cj.estrategia.com\/portal\/concursos-2022-carreira-juridicas\/\" target=\"_blank\" >Concursos 2022<\/a><\/li><\/ul>\n\n\n\n<h2 class=\"has-text-align-center wp-block-heading\" id=\"cursos\"><span id=\"cursos-e-assinaturas\">CURSOS E ASSINATURAS <\/span><\/h2>\n\n\n\n<div class=\"wp-block-cover\" style=\"min-height:155px;aspect-ratio:unset;\"><img decoding=\"async\" width=\"1890\" height=\"351\" class=\"wp-block-cover__image-background wp-image-8669\" alt=\"Assinaturas Jur\u00eddicas\" src=\"https:\/\/cj.estrategia.com\/portal\/wp-content\/uploads\/2022\/06\/20151253\/concurso-carreiras-juridicas-assinatura-juridica.jpg\" style=\"object-position:78% 43%\" data-object-fit=\"cover\" data-object-position=\"78% 43%\" srcset=\"https:\/\/cj.estrategia.com\/portal\/wp-content\/uploads\/2022\/06\/20151253\/concurso-carreiras-juridicas-assinatura-juridica.jpg 1890w, https:\/\/cj.estrategia.com\/portal\/wp-content\/uploads\/2022\/06\/20151253\/concurso-carreiras-juridicas-assinatura-juridica-300x56.jpg 300w, https:\/\/cj.estrategia.com\/portal\/wp-content\/uploads\/2022\/06\/20151253\/concurso-carreiras-juridicas-assinatura-juridica-1024x190.jpg 1024w, https:\/\/cj.estrategia.com\/portal\/wp-content\/uploads\/2022\/06\/20151253\/concurso-carreiras-juridicas-assinatura-juridica-768x143.jpg 768w, https:\/\/cj.estrategia.com\/portal\/wp-content\/uploads\/2022\/06\/20151253\/concurso-carreiras-juridicas-assinatura-juridica-1536x285.jpg 1536w, https:\/\/cj.estrategia.com\/portal\/wp-content\/uploads\/2022\/06\/20151253\/concurso-carreiras-juridicas-assinatura-juridica-380x71.jpg 380w, https:\/\/cj.estrategia.com\/portal\/wp-content\/uploads\/2022\/06\/20151253\/concurso-carreiras-juridicas-assinatura-juridica-800x149.jpg 800w, https:\/\/cj.estrategia.com\/portal\/wp-content\/uploads\/2022\/06\/20151253\/concurso-carreiras-juridicas-assinatura-juridica-1160x215.jpg 1160w\" sizes=\"(max-width: 1890px) 100vw, 1890px\" \/><span aria-hidden=\"true\" class=\"wp-block-cover__background has-background-dim\"><\/span><div class=\"wp-block-cover__inner-container is-layout-flow wp-block-cover-is-layout-flow\">\n<h3 id=\"faca-a-sua-assinatura\" class=\"titulo-assinatura\"><span style=\"color: #ffffff;\">Fa\u00e7a a sua assinatura!<\/span><\/h3>\n<p class=\"subtitulo-assinatura\" style=\"display:block!important; line-height: 0;\"><span style=\"color: #ffffff;\">Escolha a sua \u00e1rea.<\/span><\/p>\n<a target=\"_blank\" href=\"https:\/\/www.estrategiaconcursos.com.br\/assinaturas-ecj\/\" rel=\"noopener\"><button style=\"border-radius: 10px; text-transform: capitalize;\">Acessar<\/button><\/a>\n<\/div><\/div>\n\n\n\n<div class=\"container\" id=\"boxes\">\n  <div class=\"row\">\n\n    <div class=\"col-sm\">\n      <div class=\"banner-policial\" id=\"box-assinatura\">\n        <h3 id=\"assinatura-delta\" class=\"titulo-assinatura\">Assinatura Delta<\/h3>\n        <p class=\"subtitulo-assinatura\">Conhe\u00e7a os cursos<\/p>\n        <div class=\"box-botao\">\n          <a class=\"btn-assinatura\" target=\"_blank\" href=\"https:\/\/www.estrategiaconcursos.com.br\/assinaturas-delta\/\" role=\"button\" rel=\"noopener noreferrer\">Conhe\u00e7a mais<\/a>\n        <\/div>\n      <\/div>\n      <p class=\"texto-auxiliar\">Prepare-se com o melhor material e com quem mais aprova em Concursos P\u00fablicos em todo o pa\u00eds. Assine agora a nossa Assinatura e tenha acesso ilimitado* aos cursos para Delegado de Pol\u00edcia.<\/p>\n    <\/div>\n\n  <\/div>\n<\/div>\n","protected":false},"excerpt":{"rendered":"As provas do concurso Delegado BA foram suspensas ap\u00f3s uma&nbsp;falha de log\u00edstica que gerou uma entrega de provas&hellip;\n","protected":false},"author":12,"featured_media":12974,"comment_status":"open","ping_status":"open","sticky":false,"template":"","format":"standard","meta":{"_jetpack_memberships_contains_paid_content":false,"footnotes":""},"categories":[28],"tags":[],"tax_estado":[34],"class_list":{"0":"post-13280","1":"post","2":"type-post","3":"status-publish","4":"format-standard","5":"has-post-thumbnail","7":"category-delegado","8":"tax_estado-ba"},"acf":[],"yoast_head":"<!-- This site is optimized with the Yoast SEO Premium plugin v27.4 (Yoast SEO v27.4) - https:\/\/yoast.com\/product\/yoast-seo-premium-wordpress\/ -->\n<title>Delegado BA: PROVAS SUSPENSAS! Confira aqui!<\/title>\n<meta name=\"description\" content=\"Delegado BA: PROVAS SUSPENSAS! Confira todas as informa\u00e7\u00f5es neste artigo.\" \/>\n<meta name=\"robots\" content=\"index, follow, max-snippet:-1, max-image-preview:large, max-video-preview:-1\" \/>\n<link rel=\"canonical\" href=\"https:\/\/cj.estrategia.com\/portal\/delegado-ba-provas-suspensas\/\" \/>\n<meta property=\"og:locale\" content=\"pt_BR\" \/>\n<meta property=\"og:type\" content=\"article\" \/>\n<meta property=\"og:title\" content=\"Delegado BA: PROVAS SUSPENSAS! Confira aqui!\" \/>\n<meta property=\"og:description\" content=\"Delegado BA: PROVAS SUSPENSAS! Confira todas as informa\u00e7\u00f5es neste artigo.\" \/>\n<meta property=\"og:url\" content=\"https:\/\/cj.estrategia.com\/portal\/delegado-ba-provas-suspensas\/\" \/>\n<meta property=\"og:site_name\" content=\"Blog - Carreiras Jur\u00eddicas - Estrat\u00e9gia\" \/>\n<meta property=\"article:publisher\" content=\"https:\/\/www.facebook.com\/estrategiacarreirajuridica\/\" \/>\n<meta property=\"article:published_time\" content=\"2022-07-24T16:50:21+00:00\" \/>\n<meta property=\"article:modified_time\" content=\"2022-07-30T14:33:18+00:00\" \/>\n<meta property=\"og:image\" content=\"https:\/\/cj.estrategia.com\/portal\/wp-content\/uploads\/2022\/07\/21135814\/pc-ba-6-1.jpg\" \/>\n\t<meta property=\"og:image:width\" content=\"1200\" \/>\n\t<meta property=\"og:image:height\" content=\"628\" \/>\n\t<meta property=\"og:image:type\" content=\"image\/jpeg\" \/>\n<meta name=\"author\" content=\"Coordena\u00e7\u00e3o\" \/>\n<meta name=\"twitter:card\" content=\"summary_large_image\" \/>\n<meta name=\"twitter:creator\" content=\"@EstratJuridica\" \/>\n<meta name=\"twitter:site\" content=\"@EstratJuridica\" \/>\n<meta name=\"twitter:label1\" content=\"Escrito por\" \/>\n\t<meta name=\"twitter:data1\" content=\"Coordena\u00e7\u00e3o\" \/>\n\t<meta name=\"twitter:label2\" content=\"Est. tempo de leitura\" \/>\n\t<meta name=\"twitter:data2\" content=\"2 minutos\" \/>\n<script type=\"application\/ld+json\" class=\"yoast-schema-graph\">{\"@context\":\"https:\\\/\\\/schema.org\",\"@graph\":[{\"@type\":\"NewsArticle\",\"@id\":\"https:\\\/\\\/cj.estrategia.com\\\/portal\\\/delegado-ba-provas-suspensas\\\/#article\",\"isPartOf\":{\"@id\":\"https:\\\/\\\/cj.estrategia.com\\\/portal\\\/delegado-ba-provas-suspensas\\\/\"},\"author\":{\"name\":\"Coordena\u00e7\u00e3o\",\"@id\":\"https:\\\/\\\/cj.estrategia.com\\\/portal\\\/#\\\/schema\\\/person\\\/4d70317d31449932b99102916b6637f5\"},\"headline\":\"Delegado BA: PROVAS SUSPENSAS! Confira aqui!\",\"datePublished\":\"2022-07-24T16:50:21+00:00\",\"dateModified\":\"2022-07-30T14:33:18+00:00\",\"mainEntityOfPage\":{\"@id\":\"https:\\\/\\\/cj.estrategia.com\\\/portal\\\/delegado-ba-provas-suspensas\\\/\"},\"wordCount\":325,\"commentCount\":0,\"publisher\":{\"@id\":\"https:\\\/\\\/cj.estrategia.com\\\/portal\\\/#organization\"},\"image\":{\"@id\":\"https:\\\/\\\/cj.estrategia.com\\\/portal\\\/delegado-ba-provas-suspensas\\\/#primaryimage\"},\"thumbnailUrl\":\"https:\\\/\\\/cj.estrategia.com\\\/portal\\\/wp-content\\\/uploads\\\/2022\\\/07\\\/21135814\\\/pc-ba-6-1.jpg\",\"articleSection\":[\"Delegado\"],\"inLanguage\":\"pt-BR\",\"potentialAction\":[{\"@type\":\"CommentAction\",\"name\":\"Comment\",\"target\":[\"https:\\\/\\\/cj.estrategia.com\\\/portal\\\/delegado-ba-provas-suspensas\\\/#respond\"]}]},{\"@type\":\"WebPage\",\"@id\":\"https:\\\/\\\/cj.estrategia.com\\\/portal\\\/delegado-ba-provas-suspensas\\\/\",\"url\":\"https:\\\/\\\/cj.estrategia.com\\\/portal\\\/delegado-ba-provas-suspensas\\\/\",\"name\":\"Delegado BA: PROVAS SUSPENSAS! Confira aqui!\",\"isPartOf\":{\"@id\":\"https:\\\/\\\/cj.estrategia.com\\\/portal\\\/#website\"},\"primaryImageOfPage\":{\"@id\":\"https:\\\/\\\/cj.estrategia.com\\\/portal\\\/delegado-ba-provas-suspensas\\\/#primaryimage\"},\"image\":{\"@id\":\"https:\\\/\\\/cj.estrategia.com\\\/portal\\\/delegado-ba-provas-suspensas\\\/#primaryimage\"},\"thumbnailUrl\":\"https:\\\/\\\/cj.estrategia.com\\\/portal\\\/wp-content\\\/uploads\\\/2022\\\/07\\\/21135814\\\/pc-ba-6-1.jpg\",\"datePublished\":\"2022-07-24T16:50:21+00:00\",\"dateModified\":\"2022-07-30T14:33:18+00:00\",\"description\":\"Delegado BA: PROVAS SUSPENSAS! Confira todas as informa\u00e7\u00f5es neste artigo.\",\"breadcrumb\":{\"@id\":\"https:\\\/\\\/cj.estrategia.com\\\/portal\\\/delegado-ba-provas-suspensas\\\/#breadcrumb\"},\"inLanguage\":\"pt-BR\",\"potentialAction\":[{\"@type\":\"ReadAction\",\"target\":[\"https:\\\/\\\/cj.estrategia.com\\\/portal\\\/delegado-ba-provas-suspensas\\\/\"]}]},{\"@type\":\"ImageObject\",\"inLanguage\":\"pt-BR\",\"@id\":\"https:\\\/\\\/cj.estrategia.com\\\/portal\\\/delegado-ba-provas-suspensas\\\/#primaryimage\",\"url\":\"https:\\\/\\\/cj.estrategia.com\\\/portal\\\/wp-content\\\/uploads\\\/2022\\\/07\\\/21135814\\\/pc-ba-6-1.jpg\",\"contentUrl\":\"https:\\\/\\\/cj.estrategia.com\\\/portal\\\/wp-content\\\/uploads\\\/2022\\\/07\\\/21135814\\\/pc-ba-6-1.jpg\",\"width\":1200,\"height\":628},{\"@type\":\"BreadcrumbList\",\"@id\":\"https:\\\/\\\/cj.estrategia.com\\\/portal\\\/delegado-ba-provas-suspensas\\\/#breadcrumb\",\"itemListElement\":[{\"@type\":\"ListItem\",\"position\":1,\"name\":\"In\u00edcio\",\"item\":\"https:\\\/\\\/cj.estrategia.com\\\/portal\\\/\"},{\"@type\":\"ListItem\",\"position\":2,\"name\":\"Delegado BA: PROVAS SUSPENSAS! Confira aqui!\"}]},{\"@type\":\"WebSite\",\"@id\":\"https:\\\/\\\/cj.estrategia.com\\\/portal\\\/#website\",\"url\":\"https:\\\/\\\/cj.estrategia.com\\\/portal\\\/\",\"name\":\"Blog - Carreiras Jur\u00eddicas - Estrat\u00e9gia\",\"description\":\"\",\"publisher\":{\"@id\":\"https:\\\/\\\/cj.estrategia.com\\\/portal\\\/#organization\"},\"potentialAction\":[{\"@type\":\"SearchAction\",\"target\":{\"@type\":\"EntryPoint\",\"urlTemplate\":\"https:\\\/\\\/cj.estrategia.com\\\/portal\\\/?s={search_term_string}\"},\"query-input\":{\"@type\":\"PropertyValueSpecification\",\"valueRequired\":true,\"valueName\":\"search_term_string\"}}],\"inLanguage\":\"pt-BR\"},{\"@type\":\"Organization\",\"@id\":\"https:\\\/\\\/cj.estrategia.com\\\/portal\\\/#organization\",\"name\":\"Estrat\u00e9gia - Carreiras Jur\u00eddicas\",\"url\":\"https:\\\/\\\/cj.estrategia.com\\\/portal\\\/\",\"logo\":{\"@type\":\"ImageObject\",\"inLanguage\":\"pt-BR\",\"@id\":\"https:\\\/\\\/cj.estrategia.com\\\/portal\\\/#\\\/schema\\\/logo\\\/image\\\/\",\"url\":\"https:\\\/\\\/cj.estrategia.com\\\/portal\\\/wp-content\\\/uploads\\\/2022\\\/03\\\/11151052\\\/cj-logo.png\",\"contentUrl\":\"https:\\\/\\\/cj.estrategia.com\\\/portal\\\/wp-content\\\/uploads\\\/2022\\\/03\\\/11151052\\\/cj-logo.png\",\"width\":150,\"height\":39,\"caption\":\"Estrat\u00e9gia - Carreiras Jur\u00eddicas\"},\"image\":{\"@id\":\"https:\\\/\\\/cj.estrategia.com\\\/portal\\\/#\\\/schema\\\/logo\\\/image\\\/\"},\"sameAs\":[\"https:\\\/\\\/www.facebook.com\\\/estrategiacarreirajuridica\\\/\",\"https:\\\/\\\/x.com\\\/EstratJuridica\",\"https:\\\/\\\/www.instagram.com\\\/estrategiacarreirajuridica\\\/\",\"https:\\\/\\\/www.youtube.com\\\/channel\\\/UClbMGuYbj2Mh1m3w144ETWQ\"]},{\"@type\":\"Person\",\"@id\":\"https:\\\/\\\/cj.estrategia.com\\\/portal\\\/#\\\/schema\\\/person\\\/4d70317d31449932b99102916b6637f5\",\"name\":\"Coordena\u00e7\u00e3o\",\"image\":{\"@type\":\"ImageObject\",\"inLanguage\":\"pt-BR\",\"@id\":\"https:\\\/\\\/cj.estrategia.com\\\/portal\\\/wp-content\\\/uploads\\\/2022\\\/05\\\/12164923\\\/estrategia-carreira-juridica-coordenacao-96x96.png\",\"url\":\"https:\\\/\\\/cj.estrategia.com\\\/portal\\\/wp-content\\\/uploads\\\/2022\\\/05\\\/12164923\\\/estrategia-carreira-juridica-coordenacao-96x96.png\",\"contentUrl\":\"https:\\\/\\\/cj.estrategia.com\\\/portal\\\/wp-content\\\/uploads\\\/2022\\\/05\\\/12164923\\\/estrategia-carreira-juridica-coordenacao-96x96.png\",\"caption\":\"Coordena\u00e7\u00e3o\"},\"url\":\"https:\\\/\\\/cj.estrategia.com\\\/portal\\\/author\\\/coordenacao\\\/\"}]}<\/script>\n<!-- \/ Yoast SEO Premium plugin. -->","yoast_head_json":{"title":"Delegado BA: PROVAS SUSPENSAS! Confira aqui!","description":"Delegado BA: PROVAS SUSPENSAS! Confira todas as informa\u00e7\u00f5es neste artigo.","robots":{"index":"index","follow":"follow","max-snippet":"max-snippet:-1","max-image-preview":"max-image-preview:large","max-video-preview":"max-video-preview:-1"},"canonical":"https:\/\/cj.estrategia.com\/portal\/delegado-ba-provas-suspensas\/","og_locale":"pt_BR","og_type":"article","og_title":"Delegado BA: PROVAS SUSPENSAS! Confira aqui!","og_description":"Delegado BA: PROVAS SUSPENSAS! Confira todas as informa\u00e7\u00f5es neste artigo.","og_url":"https:\/\/cj.estrategia.com\/portal\/delegado-ba-provas-suspensas\/","og_site_name":"Blog - Carreiras Jur\u00eddicas - Estrat\u00e9gia","article_publisher":"https:\/\/www.facebook.com\/estrategiacarreirajuridica\/","article_published_time":"2022-07-24T16:50:21+00:00","article_modified_time":"2022-07-30T14:33:18+00:00","og_image":[{"width":1200,"height":628,"url":"https:\/\/cj.estrategia.com\/portal\/wp-content\/uploads\/2022\/07\/21135814\/pc-ba-6-1.jpg","type":"image\/jpeg"}],"author":"Coordena\u00e7\u00e3o","twitter_card":"summary_large_image","twitter_creator":"@EstratJuridica","twitter_site":"@EstratJuridica","twitter_misc":{"Escrito por":"Coordena\u00e7\u00e3o","Est. tempo de leitura":"2 minutos"},"schema":{"@context":"https:\/\/schema.org","@graph":[{"@type":"NewsArticle","@id":"https:\/\/cj.estrategia.com\/portal\/delegado-ba-provas-suspensas\/#article","isPartOf":{"@id":"https:\/\/cj.estrategia.com\/portal\/delegado-ba-provas-suspensas\/"},"author":{"name":"Coordena\u00e7\u00e3o","@id":"https:\/\/cj.estrategia.com\/portal\/#\/schema\/person\/4d70317d31449932b99102916b6637f5"},"headline":"Delegado BA: PROVAS SUSPENSAS! Confira aqui!","datePublished":"2022-07-24T16:50:21+00:00","dateModified":"2022-07-30T14:33:18+00:00","mainEntityOfPage":{"@id":"https:\/\/cj.estrategia.com\/portal\/delegado-ba-provas-suspensas\/"},"wordCount":325,"commentCount":0,"publisher":{"@id":"https:\/\/cj.estrategia.com\/portal\/#organization"},"image":{"@id":"https:\/\/cj.estrategia.com\/portal\/delegado-ba-provas-suspensas\/#primaryimage"},"thumbnailUrl":"https:\/\/cj.estrategia.com\/portal\/wp-content\/uploads\/2022\/07\/21135814\/pc-ba-6-1.jpg","articleSection":["Delegado"],"inLanguage":"pt-BR","potentialAction":[{"@type":"CommentAction","name":"Comment","target":["https:\/\/cj.estrategia.com\/portal\/delegado-ba-provas-suspensas\/#respond"]}]},{"@type":"WebPage","@id":"https:\/\/cj.estrategia.com\/portal\/delegado-ba-provas-suspensas\/","url":"https:\/\/cj.estrategia.com\/portal\/delegado-ba-provas-suspensas\/","name":"Delegado BA: PROVAS SUSPENSAS! Confira aqui!","isPartOf":{"@id":"https:\/\/cj.estrategia.com\/portal\/#website"},"primaryImageOfPage":{"@id":"https:\/\/cj.estrategia.com\/portal\/delegado-ba-provas-suspensas\/#primaryimage"},"image":{"@id":"https:\/\/cj.estrategia.com\/portal\/delegado-ba-provas-suspensas\/#primaryimage"},"thumbnailUrl":"https:\/\/cj.estrategia.com\/portal\/wp-content\/uploads\/2022\/07\/21135814\/pc-ba-6-1.jpg","datePublished":"2022-07-24T16:50:21+00:00","dateModified":"2022-07-30T14:33:18+00:00","description":"Delegado BA: PROVAS SUSPENSAS! Confira todas as informa\u00e7\u00f5es neste artigo.","breadcrumb":{"@id":"https:\/\/cj.estrategia.com\/portal\/delegado-ba-provas-suspensas\/#breadcrumb"},"inLanguage":"pt-BR","potentialAction":[{"@type":"ReadAction","target":["https:\/\/cj.estrategia.com\/portal\/delegado-ba-provas-suspensas\/"]}]},{"@type":"ImageObject","inLanguage":"pt-BR","@id":"https:\/\/cj.estrategia.com\/portal\/delegado-ba-provas-suspensas\/#primaryimage","url":"https:\/\/cj.estrategia.com\/portal\/wp-content\/uploads\/2022\/07\/21135814\/pc-ba-6-1.jpg","contentUrl":"https:\/\/cj.estrategia.com\/portal\/wp-content\/uploads\/2022\/07\/21135814\/pc-ba-6-1.jpg","width":1200,"height":628},{"@type":"BreadcrumbList","@id":"https:\/\/cj.estrategia.com\/portal\/delegado-ba-provas-suspensas\/#breadcrumb","itemListElement":[{"@type":"ListItem","position":1,"name":"In\u00edcio","item":"https:\/\/cj.estrategia.com\/portal\/"},{"@type":"ListItem","position":2,"name":"Delegado BA: PROVAS SUSPENSAS! Confira aqui!"}]},{"@type":"WebSite","@id":"https:\/\/cj.estrategia.com\/portal\/#website","url":"https:\/\/cj.estrategia.com\/portal\/","name":"Blog - Carreiras Jur\u00eddicas - Estrat\u00e9gia","description":"","publisher":{"@id":"https:\/\/cj.estrategia.com\/portal\/#organization"},"potentialAction":[{"@type":"SearchAction","target":{"@type":"EntryPoint","urlTemplate":"https:\/\/cj.estrategia.com\/portal\/?s={search_term_string}"},"query-input":{"@type":"PropertyValueSpecification","valueRequired":true,"valueName":"search_term_string"}}],"inLanguage":"pt-BR"},{"@type":"Organization","@id":"https:\/\/cj.estrategia.com\/portal\/#organization","name":"Estrat\u00e9gia - Carreiras Jur\u00eddicas","url":"https:\/\/cj.estrategia.com\/portal\/","logo":{"@type":"ImageObject","inLanguage":"pt-BR","@id":"https:\/\/cj.estrategia.com\/portal\/#\/schema\/logo\/image\/","url":"https:\/\/cj.estrategia.com\/portal\/wp-content\/uploads\/2022\/03\/11151052\/cj-logo.png","contentUrl":"https:\/\/cj.estrategia.com\/portal\/wp-content\/uploads\/2022\/03\/11151052\/cj-logo.png","width":150,"height":39,"caption":"Estrat\u00e9gia - Carreiras Jur\u00eddicas"},"image":{"@id":"https:\/\/cj.estrategia.com\/portal\/#\/schema\/logo\/image\/"},"sameAs":["https:\/\/www.facebook.com\/estrategiacarreirajuridica\/","https:\/\/x.com\/EstratJuridica","https:\/\/www.instagram.com\/estrategiacarreirajuridica\/","https:\/\/www.youtube.com\/channel\/UClbMGuYbj2Mh1m3w144ETWQ"]},{"@type":"Person","@id":"https:\/\/cj.estrategia.com\/portal\/#\/schema\/person\/4d70317d31449932b99102916b6637f5","name":"Coordena\u00e7\u00e3o","image":{"@type":"ImageObject","inLanguage":"pt-BR","@id":"https:\/\/cj.estrategia.com\/portal\/wp-content\/uploads\/2022\/05\/12164923\/estrategia-carreira-juridica-coordenacao-96x96.png","url":"https:\/\/cj.estrategia.com\/portal\/wp-content\/uploads\/2022\/05\/12164923\/estrategia-carreira-juridica-coordenacao-96x96.png","contentUrl":"https:\/\/cj.estrategia.com\/portal\/wp-content\/uploads\/2022\/05\/12164923\/estrategia-carreira-juridica-coordenacao-96x96.png","caption":"Coordena\u00e7\u00e3o"},"url":"https:\/\/cj.estrategia.com\/portal\/author\/coordenacao\/"}]}},"jetpack_featured_media_url":"https:\/\/cj.estrategia.com\/portal\/wp-content\/uploads\/2022\/07\/21135814\/pc-ba-6-1.jpg","jetpack_sharing_enabled":true,"_links":{"self":[{"href":"https:\/\/cj.estrategia.com\/portal\/wp-json\/wp\/v2\/posts\/13280","targetHints":{"allow":["GET"]}}],"collection":[{"href":"https:\/\/cj.estrategia.com\/portal\/wp-json\/wp\/v2\/posts"}],"about":[{"href":"https:\/\/cj.estrategia.com\/portal\/wp-json\/wp\/v2\/types\/post"}],"author":[{"embeddable":true,"href":"https:\/\/cj.estrategia.com\/portal\/wp-json\/wp\/v2\/users\/12"}],"replies":[{"embeddable":true,"href":"https:\/\/cj.estrategia.com\/portal\/wp-json\/wp\/v2\/comments?post=13280"}],"version-history":[{"count":5,"href":"https:\/\/cj.estrategia.com\/portal\/wp-json\/wp\/v2\/posts\/13280\/revisions"}],"predecessor-version":[{"id":13315,"href":"https:\/\/cj.estrategia.com\/portal\/wp-json\/wp\/v2\/posts\/13280\/revisions\/13315"}],"wp:featuredmedia":[{"embeddable":true,"href":"https:\/\/cj.estrategia.com\/portal\/wp-json\/wp\/v2\/media\/12974"}],"wp:attachment":[{"href":"https:\/\/cj.estrategia.com\/portal\/wp-json\/wp\/v2\/media?parent=13280"}],"wp:term":[{"taxonomy":"category","embeddable":true,"href":"https:\/\/cj.estrategia.com\/portal\/wp-json\/wp\/v2\/categories?post=13280"},{"taxonomy":"post_tag","embeddable":true,"href":"https:\/\/cj.estrategia.com\/portal\/wp-json\/wp\/v2\/tags?post=13280"},{"taxonomy":"tax_estado","embeddable":true,"href":"https:\/\/cj.estrategia.com\/portal\/wp-json\/wp\/v2\/tax_estado?post=13280"}],"curies":[{"name":"wp","href":"https:\/\/api.w.org\/{rel}","templated":true}]}}