{"id":132697,"date":"2025-07-02T10:33:45","date_gmt":"2025-07-02T13:33:45","guid":{"rendered":"https:\/\/cj.estrategia.com\/portal\/?p=132697"},"modified":"2025-07-02T10:33:47","modified_gmt":"2025-07-02T13:33:47","slug":"cnj-veda-a-realizacao-de-concursos-para-magistratura-e-cartorios-na-mesma-data","status":"publish","type":"post","link":"https:\/\/cj.estrategia.com\/portal\/cnj-veda-a-realizacao-de-concursos-para-magistratura-e-cartorios-na-mesma-data\/","title":{"rendered":"CNJ veda a realiza\u00e7\u00e3o de concursos para magistratura e cart\u00f3rios na mesma data"},"content":{"rendered":"\n<p>O Conselho Nacional de Justi\u00e7a (CNJ) <strong>aprovou norma para alterar tr\u00eas resolu\u00e7\u00f5es (<a href=\"https:\/\/atos.cnj.jus.br\/atos\/detalhar\/100\">n. 75\/2009<\/a>,\u00a0<a href=\"https:\/\/atos.cnj.jus.br\/atos\/detalhar\/104\">n. 81\/2009<\/a>\u00a0e\u00a0<a href=\"https:\/\/atos.cnj.jus.br\/atos\/detalhar\/5392\">n. 541\/2023)<\/a>\u00a0com objetivo de modernizar as regras dos concursos p\u00fablicos para a magistratura e para os servi\u00e7os extrajudiciais.<\/strong> <\/p>\n\n\n\n<p><strong>A decis\u00e3o prev\u00ea veda\u00e7\u00e3o da coincid\u00eancia de datas programadas nas duas etapas dos certames dessas carreiras e, em caso de as datas coincidirem, determina que deve haver remarca\u00e7\u00e3o de ao menos um deles.\u00a0<\/strong><\/p>\n\n\n\n<p>O texto do Ato Normativo 0004294-51.2025.2.00.0000, aprovado na&nbsp;<a href=\"https:\/\/www.cnj.jus.br\/lista-de-processos-da-sessao\/?sessao=886\">9.\u00aa Sess\u00e3o Virtual de 2025<\/a>, encerrada na \u00faltima segunda-feira (30\/6), tamb\u00e9m orienta os tribunais para a necessidade de racionalizarem as estruturas cartoriais do pa\u00eds. O texto foi assinado pelo presidente do CNJ, ministro Lu\u00eds Roberto Barroso, e pelo corregedor nacional de justi\u00e7a, Mauro Campbell Marques.&nbsp;&nbsp;<\/p>\n\n\n\n<p>A nova determina\u00e7\u00e3o mant\u00e9m o impedimento para que provas das primeiras etapas sejam marcadas no mesmo dia e permite que datas de fases subsequentes, como a prova oral, sejam ajustadas individualmente (em caso de sobreposi\u00e7\u00e3o), desde que seja respeitado o cronograma previsto no edital. A mudan\u00e7a \u00e9 considerada medida fundamental para ampliar a concorr\u00eancia e reduzir a judicializa\u00e7\u00e3o dos concursos.&nbsp;<\/p>\n\n\n\n<h4 class=\"wp-block-heading has-text-align-center\" id=\"h-quer-saber-tudo-sobre-concursos-previstos-confira-nossos-artigos\"><span id=\"quer-saber-tudo-sobre-concursos-previstosconfira-nossos-artigos\">Quer saber tudo sobre concursos previstos?<br>Confira nossos artigos!<\/span><\/h4>\n\n\n\n<ul class=\"wp-block-list\">\n<li><a href=\"https:\/\/cj.estrategia.com\/portal\/concursos-abertos-carreiras-juridicas\/\" target=\"_blank\" ><strong>Concursos jur\u00eddicos abertos<\/strong><\/a><\/li>\n\n\n\n<li><a href=\"https:\/\/cj.estrategia.com\/portal\/concursos-2025-carreiras-juridicas\/\" target=\"_blank\" ><strong>Concursos jur\u00eddicos 2025<\/strong><\/a><\/li>\n<\/ul>\n\n\n\n<h2 class=\"wp-block-heading has-text-align-center\" id=\"cursos-ficha\"><span id=\"quer-estudar-para-concursos-de-direito\">Quer estudar para Concursos de Direito?<\/span><\/h2>\n\n\n\n<p>O Estrat\u00e9gia Carreira Jur\u00eddica \u00e9 campe\u00e3o de aprova\u00e7\u00f5es nos concursos para Carreiras Jur\u00eddicas com um corpo docente qualificado e materiais completos. Conhe\u00e7a nossos cursos e garanta sua aprova\u00e7\u00e3o:<\/p>\n\n\n\n<div class=\"wp-block-cover\" style=\"min-height:155px;aspect-ratio:unset;\"><img decoding=\"async\" width=\"1890\" height=\"351\" class=\"wp-block-cover__image-background wp-image-8669\" alt=\"Assinaturas Jur\u00eddicas\" src=\"https:\/\/cj.estrategia.com\/portal\/wp-content\/uploads\/2022\/06\/20151253\/concurso-carreiras-juridicas-assinatura-juridica.jpg\" style=\"object-position:78% 43%\" data-object-fit=\"cover\" data-object-position=\"78% 43%\" srcset=\"https:\/\/cj.estrategia.com\/portal\/wp-content\/uploads\/2022\/06\/20151253\/concurso-carreiras-juridicas-assinatura-juridica.jpg 1890w, https:\/\/cj.estrategia.com\/portal\/wp-content\/uploads\/2022\/06\/20151253\/concurso-carreiras-juridicas-assinatura-juridica-300x56.jpg 300w, https:\/\/cj.estrategia.com\/portal\/wp-content\/uploads\/2022\/06\/20151253\/concurso-carreiras-juridicas-assinatura-juridica-1024x190.jpg 1024w, https:\/\/cj.estrategia.com\/portal\/wp-content\/uploads\/2022\/06\/20151253\/concurso-carreiras-juridicas-assinatura-juridica-768x143.jpg 768w, https:\/\/cj.estrategia.com\/portal\/wp-content\/uploads\/2022\/06\/20151253\/concurso-carreiras-juridicas-assinatura-juridica-1536x285.jpg 1536w, https:\/\/cj.estrategia.com\/portal\/wp-content\/uploads\/2022\/06\/20151253\/concurso-carreiras-juridicas-assinatura-juridica-380x71.jpg 380w, https:\/\/cj.estrategia.com\/portal\/wp-content\/uploads\/2022\/06\/20151253\/concurso-carreiras-juridicas-assinatura-juridica-800x149.jpg 800w, https:\/\/cj.estrategia.com\/portal\/wp-content\/uploads\/2022\/06\/20151253\/concurso-carreiras-juridicas-assinatura-juridica-1160x215.jpg 1160w\" sizes=\"(max-width: 1890px) 100vw, 1890px\" \/><span aria-hidden=\"true\" class=\"wp-block-cover__background has-background-dim\"><\/span><div class=\"wp-block-cover__inner-container is-layout-flow wp-block-cover-is-layout-flow\">\n<h3 id=\"faca-a-sua-assinatura\" class=\"titulo-assinatura\"><span style=\"color: #ffffff;\">Fa\u00e7a a sua assinatura!<\/span><\/h3>\n<p class=\"subtitulo-assinatura\" style=\"display:block!important; line-height: 0;\"><span style=\"color: #ffffff;\">Escolha a sua \u00e1rea.<\/span><\/p>\n<a target=\"_blank\" href=\"https:\/\/www.estrategiaconcursos.com.br\/assinaturas-ecj\/\" rel=\"noopener\"><button style=\"border-radius: 10px; text-transform: capitalize;\">Acessar<\/button><\/a>\n<\/div><\/div>\n","protected":false},"excerpt":{"rendered":"O Conselho Nacional de Justi\u00e7a (CNJ) aprovou norma para alterar tr\u00eas resolu\u00e7\u00f5es (n. 75\/2009,\u00a0n. 81\/2009\u00a0e\u00a0n. 541\/2023)\u00a0com objetivo de&hellip;\n","protected":false},"author":12,"featured_media":20774,"comment_status":"open","ping_status":"open","sticky":false,"template":"","format":"standard","meta":{"_jetpack_memberships_contains_paid_content":false,"footnotes":""},"categories":[29,26],"tags":[],"tax_estado":[],"class_list":{"0":"post-132697","1":"post","2":"type-post","3":"status-publish","4":"format-standard","5":"has-post-thumbnail","7":"category-cartorio","8":"category-magistratura"},"acf":[],"yoast_head":"<!-- This site is optimized with the Yoast SEO Premium plugin v27.4 (Yoast SEO v27.4) - https:\/\/yoast.com\/product\/yoast-seo-premium-wordpress\/ -->\n<title>CNJ veda a realiza\u00e7\u00e3o de concursos para magistratura e cart\u00f3rios na mesma data<\/title>\n<meta name=\"description\" content=\"CNJ atualiza resolu\u00e7\u00f5es sobre concursos para magistratura e cart\u00f3rios. Descubra as implica\u00e7\u00f5es da nova determina\u00e7\u00e3o de datas.\" \/>\n<meta name=\"robots\" content=\"index, follow, max-snippet:-1, max-image-preview:large, max-video-preview:-1\" \/>\n<link rel=\"canonical\" href=\"https:\/\/cj.estrategia.com\/portal\/cnj-veda-a-realizacao-de-concursos-para-magistratura-e-cartorios-na-mesma-data\/\" \/>\n<meta property=\"og:locale\" content=\"pt_BR\" \/>\n<meta property=\"og:type\" content=\"article\" \/>\n<meta property=\"og:title\" content=\"CNJ veda a realiza\u00e7\u00e3o de concursos para magistratura e cart\u00f3rios na mesma data\" \/>\n<meta property=\"og:description\" content=\"CNJ atualiza resolu\u00e7\u00f5es sobre concursos para magistratura e cart\u00f3rios. Descubra as implica\u00e7\u00f5es da nova determina\u00e7\u00e3o de datas.\" \/>\n<meta property=\"og:url\" content=\"https:\/\/cj.estrategia.com\/portal\/cnj-veda-a-realizacao-de-concursos-para-magistratura-e-cartorios-na-mesma-data\/\" \/>\n<meta property=\"og:site_name\" content=\"Blog - Carreiras Jur\u00eddicas - Estrat\u00e9gia\" \/>\n<meta property=\"article:publisher\" content=\"https:\/\/www.facebook.com\/estrategiacarreirajuridica\/\" \/>\n<meta property=\"article:published_time\" content=\"2025-07-02T13:33:45+00:00\" \/>\n<meta property=\"article:modified_time\" content=\"2025-07-02T13:33:47+00:00\" \/>\n<meta property=\"og:image\" content=\"https:\/\/cj.estrategia.com\/portal\/wp-content\/uploads\/2022\/09\/04102134\/Concursos-de-Direito.jpg\" \/>\n\t<meta property=\"og:image:width\" content=\"768\" \/>\n\t<meta property=\"og:image:height\" content=\"432\" \/>\n\t<meta property=\"og:image:type\" content=\"image\/jpeg\" \/>\n<meta name=\"author\" content=\"Coordena\u00e7\u00e3o\" \/>\n<meta name=\"twitter:card\" content=\"summary_large_image\" \/>\n<meta name=\"twitter:creator\" content=\"@EstratJuridica\" \/>\n<meta name=\"twitter:site\" content=\"@EstratJuridica\" \/>\n<meta name=\"twitter:label1\" content=\"Escrito por\" \/>\n\t<meta name=\"twitter:data1\" content=\"Coordena\u00e7\u00e3o\" \/>\n\t<meta name=\"twitter:label2\" content=\"Est. tempo de leitura\" \/>\n\t<meta name=\"twitter:data2\" content=\"2 minutos\" \/>\n<script type=\"application\/ld+json\" class=\"yoast-schema-graph\">{\"@context\":\"https:\\\/\\\/schema.org\",\"@graph\":[{\"@type\":\"NewsArticle\",\"@id\":\"https:\\\/\\\/cj.estrategia.com\\\/portal\\\/cnj-veda-a-realizacao-de-concursos-para-magistratura-e-cartorios-na-mesma-data\\\/#article\",\"isPartOf\":{\"@id\":\"https:\\\/\\\/cj.estrategia.com\\\/portal\\\/cnj-veda-a-realizacao-de-concursos-para-magistratura-e-cartorios-na-mesma-data\\\/\"},\"author\":{\"name\":\"Coordena\u00e7\u00e3o\",\"@id\":\"https:\\\/\\\/cj.estrategia.com\\\/portal\\\/#\\\/schema\\\/person\\\/4d70317d31449932b99102916b6637f5\"},\"headline\":\"CNJ veda a realiza\u00e7\u00e3o de concursos para magistratura e cart\u00f3rios na mesma data\",\"datePublished\":\"2025-07-02T13:33:45+00:00\",\"dateModified\":\"2025-07-02T13:33:47+00:00\",\"mainEntityOfPage\":{\"@id\":\"https:\\\/\\\/cj.estrategia.com\\\/portal\\\/cnj-veda-a-realizacao-de-concursos-para-magistratura-e-cartorios-na-mesma-data\\\/\"},\"wordCount\":270,\"commentCount\":0,\"publisher\":{\"@id\":\"https:\\\/\\\/cj.estrategia.com\\\/portal\\\/#organization\"},\"image\":{\"@id\":\"https:\\\/\\\/cj.estrategia.com\\\/portal\\\/cnj-veda-a-realizacao-de-concursos-para-magistratura-e-cartorios-na-mesma-data\\\/#primaryimage\"},\"thumbnailUrl\":\"https:\\\/\\\/cj.estrategia.com\\\/portal\\\/wp-content\\\/uploads\\\/2022\\\/09\\\/04102134\\\/Concursos-de-Direito.jpg\",\"articleSection\":[\"Cart\u00f3rio\",\"Magistratura\"],\"inLanguage\":\"pt-BR\",\"potentialAction\":[{\"@type\":\"CommentAction\",\"name\":\"Comment\",\"target\":[\"https:\\\/\\\/cj.estrategia.com\\\/portal\\\/cnj-veda-a-realizacao-de-concursos-para-magistratura-e-cartorios-na-mesma-data\\\/#respond\"]}]},{\"@type\":\"WebPage\",\"@id\":\"https:\\\/\\\/cj.estrategia.com\\\/portal\\\/cnj-veda-a-realizacao-de-concursos-para-magistratura-e-cartorios-na-mesma-data\\\/\",\"url\":\"https:\\\/\\\/cj.estrategia.com\\\/portal\\\/cnj-veda-a-realizacao-de-concursos-para-magistratura-e-cartorios-na-mesma-data\\\/\",\"name\":\"CNJ veda a realiza\u00e7\u00e3o de concursos para magistratura e cart\u00f3rios na mesma data\",\"isPartOf\":{\"@id\":\"https:\\\/\\\/cj.estrategia.com\\\/portal\\\/#website\"},\"primaryImageOfPage\":{\"@id\":\"https:\\\/\\\/cj.estrategia.com\\\/portal\\\/cnj-veda-a-realizacao-de-concursos-para-magistratura-e-cartorios-na-mesma-data\\\/#primaryimage\"},\"image\":{\"@id\":\"https:\\\/\\\/cj.estrategia.com\\\/portal\\\/cnj-veda-a-realizacao-de-concursos-para-magistratura-e-cartorios-na-mesma-data\\\/#primaryimage\"},\"thumbnailUrl\":\"https:\\\/\\\/cj.estrategia.com\\\/portal\\\/wp-content\\\/uploads\\\/2022\\\/09\\\/04102134\\\/Concursos-de-Direito.jpg\",\"datePublished\":\"2025-07-02T13:33:45+00:00\",\"dateModified\":\"2025-07-02T13:33:47+00:00\",\"description\":\"CNJ atualiza resolu\u00e7\u00f5es sobre concursos para magistratura e cart\u00f3rios. Descubra as implica\u00e7\u00f5es da nova determina\u00e7\u00e3o de datas.\",\"breadcrumb\":{\"@id\":\"https:\\\/\\\/cj.estrategia.com\\\/portal\\\/cnj-veda-a-realizacao-de-concursos-para-magistratura-e-cartorios-na-mesma-data\\\/#breadcrumb\"},\"inLanguage\":\"pt-BR\",\"potentialAction\":[{\"@type\":\"ReadAction\",\"target\":[\"https:\\\/\\\/cj.estrategia.com\\\/portal\\\/cnj-veda-a-realizacao-de-concursos-para-magistratura-e-cartorios-na-mesma-data\\\/\"]}]},{\"@type\":\"ImageObject\",\"inLanguage\":\"pt-BR\",\"@id\":\"https:\\\/\\\/cj.estrategia.com\\\/portal\\\/cnj-veda-a-realizacao-de-concursos-para-magistratura-e-cartorios-na-mesma-data\\\/#primaryimage\",\"url\":\"https:\\\/\\\/cj.estrategia.com\\\/portal\\\/wp-content\\\/uploads\\\/2022\\\/09\\\/04102134\\\/Concursos-de-Direito.jpg\",\"contentUrl\":\"https:\\\/\\\/cj.estrategia.com\\\/portal\\\/wp-content\\\/uploads\\\/2022\\\/09\\\/04102134\\\/Concursos-de-Direito.jpg\",\"width\":768,\"height\":432,\"caption\":\"Concursos de direito\"},{\"@type\":\"BreadcrumbList\",\"@id\":\"https:\\\/\\\/cj.estrategia.com\\\/portal\\\/cnj-veda-a-realizacao-de-concursos-para-magistratura-e-cartorios-na-mesma-data\\\/#breadcrumb\",\"itemListElement\":[{\"@type\":\"ListItem\",\"position\":1,\"name\":\"In\u00edcio\",\"item\":\"https:\\\/\\\/cj.estrategia.com\\\/portal\\\/\"},{\"@type\":\"ListItem\",\"position\":2,\"name\":\"CNJ veda a realiza\u00e7\u00e3o de concursos para magistratura e cart\u00f3rios na mesma data\"}]},{\"@type\":\"WebSite\",\"@id\":\"https:\\\/\\\/cj.estrategia.com\\\/portal\\\/#website\",\"url\":\"https:\\\/\\\/cj.estrategia.com\\\/portal\\\/\",\"name\":\"Blog - Carreiras Jur\u00eddicas - Estrat\u00e9gia\",\"description\":\"\",\"publisher\":{\"@id\":\"https:\\\/\\\/cj.estrategia.com\\\/portal\\\/#organization\"},\"potentialAction\":[{\"@type\":\"SearchAction\",\"target\":{\"@type\":\"EntryPoint\",\"urlTemplate\":\"https:\\\/\\\/cj.estrategia.com\\\/portal\\\/?s={search_term_string}\"},\"query-input\":{\"@type\":\"PropertyValueSpecification\",\"valueRequired\":true,\"valueName\":\"search_term_string\"}}],\"inLanguage\":\"pt-BR\"},{\"@type\":\"Organization\",\"@id\":\"https:\\\/\\\/cj.estrategia.com\\\/portal\\\/#organization\",\"name\":\"Estrat\u00e9gia - Carreiras Jur\u00eddicas\",\"url\":\"https:\\\/\\\/cj.estrategia.com\\\/portal\\\/\",\"logo\":{\"@type\":\"ImageObject\",\"inLanguage\":\"pt-BR\",\"@id\":\"https:\\\/\\\/cj.estrategia.com\\\/portal\\\/#\\\/schema\\\/logo\\\/image\\\/\",\"url\":\"https:\\\/\\\/cj.estrategia.com\\\/portal\\\/wp-content\\\/uploads\\\/2022\\\/03\\\/11151052\\\/cj-logo.png\",\"contentUrl\":\"https:\\\/\\\/cj.estrategia.com\\\/portal\\\/wp-content\\\/uploads\\\/2022\\\/03\\\/11151052\\\/cj-logo.png\",\"width\":150,\"height\":39,\"caption\":\"Estrat\u00e9gia - Carreiras Jur\u00eddicas\"},\"image\":{\"@id\":\"https:\\\/\\\/cj.estrategia.com\\\/portal\\\/#\\\/schema\\\/logo\\\/image\\\/\"},\"sameAs\":[\"https:\\\/\\\/www.facebook.com\\\/estrategiacarreirajuridica\\\/\",\"https:\\\/\\\/x.com\\\/EstratJuridica\",\"https:\\\/\\\/www.instagram.com\\\/estrategiacarreirajuridica\\\/\",\"https:\\\/\\\/www.youtube.com\\\/channel\\\/UClbMGuYbj2Mh1m3w144ETWQ\"]},{\"@type\":\"Person\",\"@id\":\"https:\\\/\\\/cj.estrategia.com\\\/portal\\\/#\\\/schema\\\/person\\\/4d70317d31449932b99102916b6637f5\",\"name\":\"Coordena\u00e7\u00e3o\",\"image\":{\"@type\":\"ImageObject\",\"inLanguage\":\"pt-BR\",\"@id\":\"https:\\\/\\\/cj.estrategia.com\\\/portal\\\/wp-content\\\/uploads\\\/2022\\\/05\\\/12164923\\\/estrategia-carreira-juridica-coordenacao-96x96.png\",\"url\":\"https:\\\/\\\/cj.estrategia.com\\\/portal\\\/wp-content\\\/uploads\\\/2022\\\/05\\\/12164923\\\/estrategia-carreira-juridica-coordenacao-96x96.png\",\"contentUrl\":\"https:\\\/\\\/cj.estrategia.com\\\/portal\\\/wp-content\\\/uploads\\\/2022\\\/05\\\/12164923\\\/estrategia-carreira-juridica-coordenacao-96x96.png\",\"caption\":\"Coordena\u00e7\u00e3o\"},\"url\":\"https:\\\/\\\/cj.estrategia.com\\\/portal\\\/author\\\/coordenacao\\\/\"}]}<\/script>\n<!-- \/ Yoast SEO Premium plugin. -->","yoast_head_json":{"title":"CNJ veda a realiza\u00e7\u00e3o de concursos para magistratura e cart\u00f3rios na mesma data","description":"CNJ atualiza resolu\u00e7\u00f5es sobre concursos para magistratura e cart\u00f3rios. Descubra as implica\u00e7\u00f5es da nova determina\u00e7\u00e3o de datas.","robots":{"index":"index","follow":"follow","max-snippet":"max-snippet:-1","max-image-preview":"max-image-preview:large","max-video-preview":"max-video-preview:-1"},"canonical":"https:\/\/cj.estrategia.com\/portal\/cnj-veda-a-realizacao-de-concursos-para-magistratura-e-cartorios-na-mesma-data\/","og_locale":"pt_BR","og_type":"article","og_title":"CNJ veda a realiza\u00e7\u00e3o de concursos para magistratura e cart\u00f3rios na mesma data","og_description":"CNJ atualiza resolu\u00e7\u00f5es sobre concursos para magistratura e cart\u00f3rios. Descubra as implica\u00e7\u00f5es da nova determina\u00e7\u00e3o de datas.","og_url":"https:\/\/cj.estrategia.com\/portal\/cnj-veda-a-realizacao-de-concursos-para-magistratura-e-cartorios-na-mesma-data\/","og_site_name":"Blog - Carreiras Jur\u00eddicas - Estrat\u00e9gia","article_publisher":"https:\/\/www.facebook.com\/estrategiacarreirajuridica\/","article_published_time":"2025-07-02T13:33:45+00:00","article_modified_time":"2025-07-02T13:33:47+00:00","og_image":[{"width":768,"height":432,"url":"https:\/\/cj.estrategia.com\/portal\/wp-content\/uploads\/2022\/09\/04102134\/Concursos-de-Direito.jpg","type":"image\/jpeg"}],"author":"Coordena\u00e7\u00e3o","twitter_card":"summary_large_image","twitter_creator":"@EstratJuridica","twitter_site":"@EstratJuridica","twitter_misc":{"Escrito por":"Coordena\u00e7\u00e3o","Est. tempo de leitura":"2 minutos"},"schema":{"@context":"https:\/\/schema.org","@graph":[{"@type":"NewsArticle","@id":"https:\/\/cj.estrategia.com\/portal\/cnj-veda-a-realizacao-de-concursos-para-magistratura-e-cartorios-na-mesma-data\/#article","isPartOf":{"@id":"https:\/\/cj.estrategia.com\/portal\/cnj-veda-a-realizacao-de-concursos-para-magistratura-e-cartorios-na-mesma-data\/"},"author":{"name":"Coordena\u00e7\u00e3o","@id":"https:\/\/cj.estrategia.com\/portal\/#\/schema\/person\/4d70317d31449932b99102916b6637f5"},"headline":"CNJ veda a realiza\u00e7\u00e3o de concursos para magistratura e cart\u00f3rios na mesma data","datePublished":"2025-07-02T13:33:45+00:00","dateModified":"2025-07-02T13:33:47+00:00","mainEntityOfPage":{"@id":"https:\/\/cj.estrategia.com\/portal\/cnj-veda-a-realizacao-de-concursos-para-magistratura-e-cartorios-na-mesma-data\/"},"wordCount":270,"commentCount":0,"publisher":{"@id":"https:\/\/cj.estrategia.com\/portal\/#organization"},"image":{"@id":"https:\/\/cj.estrategia.com\/portal\/cnj-veda-a-realizacao-de-concursos-para-magistratura-e-cartorios-na-mesma-data\/#primaryimage"},"thumbnailUrl":"https:\/\/cj.estrategia.com\/portal\/wp-content\/uploads\/2022\/09\/04102134\/Concursos-de-Direito.jpg","articleSection":["Cart\u00f3rio","Magistratura"],"inLanguage":"pt-BR","potentialAction":[{"@type":"CommentAction","name":"Comment","target":["https:\/\/cj.estrategia.com\/portal\/cnj-veda-a-realizacao-de-concursos-para-magistratura-e-cartorios-na-mesma-data\/#respond"]}]},{"@type":"WebPage","@id":"https:\/\/cj.estrategia.com\/portal\/cnj-veda-a-realizacao-de-concursos-para-magistratura-e-cartorios-na-mesma-data\/","url":"https:\/\/cj.estrategia.com\/portal\/cnj-veda-a-realizacao-de-concursos-para-magistratura-e-cartorios-na-mesma-data\/","name":"CNJ veda a realiza\u00e7\u00e3o de concursos para magistratura e cart\u00f3rios na mesma data","isPartOf":{"@id":"https:\/\/cj.estrategia.com\/portal\/#website"},"primaryImageOfPage":{"@id":"https:\/\/cj.estrategia.com\/portal\/cnj-veda-a-realizacao-de-concursos-para-magistratura-e-cartorios-na-mesma-data\/#primaryimage"},"image":{"@id":"https:\/\/cj.estrategia.com\/portal\/cnj-veda-a-realizacao-de-concursos-para-magistratura-e-cartorios-na-mesma-data\/#primaryimage"},"thumbnailUrl":"https:\/\/cj.estrategia.com\/portal\/wp-content\/uploads\/2022\/09\/04102134\/Concursos-de-Direito.jpg","datePublished":"2025-07-02T13:33:45+00:00","dateModified":"2025-07-02T13:33:47+00:00","description":"CNJ atualiza resolu\u00e7\u00f5es sobre concursos para magistratura e cart\u00f3rios. Descubra as implica\u00e7\u00f5es da nova determina\u00e7\u00e3o de datas.","breadcrumb":{"@id":"https:\/\/cj.estrategia.com\/portal\/cnj-veda-a-realizacao-de-concursos-para-magistratura-e-cartorios-na-mesma-data\/#breadcrumb"},"inLanguage":"pt-BR","potentialAction":[{"@type":"ReadAction","target":["https:\/\/cj.estrategia.com\/portal\/cnj-veda-a-realizacao-de-concursos-para-magistratura-e-cartorios-na-mesma-data\/"]}]},{"@type":"ImageObject","inLanguage":"pt-BR","@id":"https:\/\/cj.estrategia.com\/portal\/cnj-veda-a-realizacao-de-concursos-para-magistratura-e-cartorios-na-mesma-data\/#primaryimage","url":"https:\/\/cj.estrategia.com\/portal\/wp-content\/uploads\/2022\/09\/04102134\/Concursos-de-Direito.jpg","contentUrl":"https:\/\/cj.estrategia.com\/portal\/wp-content\/uploads\/2022\/09\/04102134\/Concursos-de-Direito.jpg","width":768,"height":432,"caption":"Concursos de direito"},{"@type":"BreadcrumbList","@id":"https:\/\/cj.estrategia.com\/portal\/cnj-veda-a-realizacao-de-concursos-para-magistratura-e-cartorios-na-mesma-data\/#breadcrumb","itemListElement":[{"@type":"ListItem","position":1,"name":"In\u00edcio","item":"https:\/\/cj.estrategia.com\/portal\/"},{"@type":"ListItem","position":2,"name":"CNJ veda a realiza\u00e7\u00e3o de concursos para magistratura e cart\u00f3rios na mesma data"}]},{"@type":"WebSite","@id":"https:\/\/cj.estrategia.com\/portal\/#website","url":"https:\/\/cj.estrategia.com\/portal\/","name":"Blog - Carreiras Jur\u00eddicas - Estrat\u00e9gia","description":"","publisher":{"@id":"https:\/\/cj.estrategia.com\/portal\/#organization"},"potentialAction":[{"@type":"SearchAction","target":{"@type":"EntryPoint","urlTemplate":"https:\/\/cj.estrategia.com\/portal\/?s={search_term_string}"},"query-input":{"@type":"PropertyValueSpecification","valueRequired":true,"valueName":"search_term_string"}}],"inLanguage":"pt-BR"},{"@type":"Organization","@id":"https:\/\/cj.estrategia.com\/portal\/#organization","name":"Estrat\u00e9gia - Carreiras Jur\u00eddicas","url":"https:\/\/cj.estrategia.com\/portal\/","logo":{"@type":"ImageObject","inLanguage":"pt-BR","@id":"https:\/\/cj.estrategia.com\/portal\/#\/schema\/logo\/image\/","url":"https:\/\/cj.estrategia.com\/portal\/wp-content\/uploads\/2022\/03\/11151052\/cj-logo.png","contentUrl":"https:\/\/cj.estrategia.com\/portal\/wp-content\/uploads\/2022\/03\/11151052\/cj-logo.png","width":150,"height":39,"caption":"Estrat\u00e9gia - Carreiras Jur\u00eddicas"},"image":{"@id":"https:\/\/cj.estrategia.com\/portal\/#\/schema\/logo\/image\/"},"sameAs":["https:\/\/www.facebook.com\/estrategiacarreirajuridica\/","https:\/\/x.com\/EstratJuridica","https:\/\/www.instagram.com\/estrategiacarreirajuridica\/","https:\/\/www.youtube.com\/channel\/UClbMGuYbj2Mh1m3w144ETWQ"]},{"@type":"Person","@id":"https:\/\/cj.estrategia.com\/portal\/#\/schema\/person\/4d70317d31449932b99102916b6637f5","name":"Coordena\u00e7\u00e3o","image":{"@type":"ImageObject","inLanguage":"pt-BR","@id":"https:\/\/cj.estrategia.com\/portal\/wp-content\/uploads\/2022\/05\/12164923\/estrategia-carreira-juridica-coordenacao-96x96.png","url":"https:\/\/cj.estrategia.com\/portal\/wp-content\/uploads\/2022\/05\/12164923\/estrategia-carreira-juridica-coordenacao-96x96.png","contentUrl":"https:\/\/cj.estrategia.com\/portal\/wp-content\/uploads\/2022\/05\/12164923\/estrategia-carreira-juridica-coordenacao-96x96.png","caption":"Coordena\u00e7\u00e3o"},"url":"https:\/\/cj.estrategia.com\/portal\/author\/coordenacao\/"}]}},"jetpack_featured_media_url":"https:\/\/cj.estrategia.com\/portal\/wp-content\/uploads\/2022\/09\/04102134\/Concursos-de-Direito.jpg","jetpack_sharing_enabled":true,"_links":{"self":[{"href":"https:\/\/cj.estrategia.com\/portal\/wp-json\/wp\/v2\/posts\/132697","targetHints":{"allow":["GET"]}}],"collection":[{"href":"https:\/\/cj.estrategia.com\/portal\/wp-json\/wp\/v2\/posts"}],"about":[{"href":"https:\/\/cj.estrategia.com\/portal\/wp-json\/wp\/v2\/types\/post"}],"author":[{"embeddable":true,"href":"https:\/\/cj.estrategia.com\/portal\/wp-json\/wp\/v2\/users\/12"}],"replies":[{"embeddable":true,"href":"https:\/\/cj.estrategia.com\/portal\/wp-json\/wp\/v2\/comments?post=132697"}],"version-history":[{"count":3,"href":"https:\/\/cj.estrategia.com\/portal\/wp-json\/wp\/v2\/posts\/132697\/revisions"}],"predecessor-version":[{"id":132702,"href":"https:\/\/cj.estrategia.com\/portal\/wp-json\/wp\/v2\/posts\/132697\/revisions\/132702"}],"wp:featuredmedia":[{"embeddable":true,"href":"https:\/\/cj.estrategia.com\/portal\/wp-json\/wp\/v2\/media\/20774"}],"wp:attachment":[{"href":"https:\/\/cj.estrategia.com\/portal\/wp-json\/wp\/v2\/media?parent=132697"}],"wp:term":[{"taxonomy":"category","embeddable":true,"href":"https:\/\/cj.estrategia.com\/portal\/wp-json\/wp\/v2\/categories?post=132697"},{"taxonomy":"post_tag","embeddable":true,"href":"https:\/\/cj.estrategia.com\/portal\/wp-json\/wp\/v2\/tags?post=132697"},{"taxonomy":"tax_estado","embeddable":true,"href":"https:\/\/cj.estrategia.com\/portal\/wp-json\/wp\/v2\/tax_estado?post=132697"}],"curies":[{"name":"wp","href":"https:\/\/api.w.org\/{rel}","templated":true}]}}