{"id":132207,"date":"2025-06-30T19:53:18","date_gmt":"2025-06-30T22:53:18","guid":{"rendered":"https:\/\/cj.estrategia.com\/portal\/?p=132207"},"modified":"2025-06-30T19:53:23","modified_gmt":"2025-06-30T22:53:23","slug":"etapas-e-provas-do-concurso-pgm-francisco-morato-sp","status":"publish","type":"post","link":"https:\/\/cj.estrategia.com\/portal\/etapas-e-provas-do-concurso-pgm-francisco-morato-sp\/","title":{"rendered":"Quais as etapas e provas do concurso PGM Francisco Morato SP?"},"content":{"rendered":"\n<p>A <strong>Prefeitura de Francisco Morato (SP) abriu, em 28 de maio, as inscri\u00e7\u00f5es para o concurso p\u00fablico que oferece vagas em cadastro de reserva no cargo de Procurador Jur\u00eddico.<\/strong><\/p>\n\n\n\n<p><strong>Os interessados podem se inscrever at\u00e9 o dia 7 de julho de 2025, por meio do site do Instituto Mais, a banca organizadora do certame<\/strong>. A<strong> taxa de participa\u00e7\u00e3o custa R$ 78,00.<\/strong><\/p>\n\n\n\n<p><strong>O edital para Procurador oferece sal\u00e1rio inicial de R$ 5.284,60<\/strong>, com <strong>jornada semanal de 40 horas<\/strong>. <\/p>\n\n\n\n<p>Se voc\u00ea planeja se inscrever, saiba que \u00e9 necess\u00e1rio ter diploma de Direito, registro v\u00e1lido na Ordem dos Advogados do Brasil (OAB) e, pelo menos, tr\u00eas anos de pr\u00e1tica jur\u00eddica comprovada.<\/p>\n\n\n\n<p><em>Confira nesta mat\u00e9ria todos os detalhes acerca das etapas e provas do certame!<\/em><\/p>\n\n\n<a id=\"cta-icon\" href=\"https:\/\/sndflw.com\/i\/procuradorias-grupo\" target=\"blank\" style=\"background:rgb(41,166,26)\">\n            <img decoding=\"async\" src=\"https:\/\/cj.estrategia.com\/portal\/wp-content\/uploads\/2023\/12\/07160657\/whatsapp_1385.webp\" alt=\"\" alt=\"whatsapp_1385\"><span > Acesse agora o Grupo de Estudos para Concurso de Procuradorias <\/span><\/a>\n\n\n\n<h2 class=\"wp-block-heading\" id=\"h-quais-as-etapas-e-provas-do-concurso-pgm-francisco-morato-sp\"><span id=\"quais-as-etapas-e-provas-do-concurso-pgm-francisco-morato-sp\">Quais as etapas e provas do concurso PGM Francisco Morato SP?<\/span><\/h2>\n\n\n\n<p>A primeira etapa, a <strong>prova objetiva<\/strong>, ser\u00e1 de car\u00e1ter eliminat\u00f3rio e classificat\u00f3rio e composta por quest\u00f5es de m\u00faltipla escolha, com quatro alternativas e apenas uma correta. <\/p>\n\n\n\n<p>J\u00e1 a segunda fase, a <strong>prova pr\u00e1tico-profissional<\/strong>, tamb\u00e9m de car\u00e1ter eliminat\u00f3rio e classificat\u00f3rio, seguir\u00e1 os mesmos crit\u00e9rios de avalia\u00e7\u00e3o. <\/p>\n\n\n\n<p>Enquanto isso, a <strong>prova de t\u00edtulos<\/strong>, \u00faltima etapa do certame, ser\u00e1 de car\u00e1ter apenas classificat\u00f3rio e analisada seguindo regras de pontua\u00e7\u00e3o que podem ser vistas mais abaixo.<\/p>\n\n\n\n<h3 class=\"wp-block-heading\" id=\"h-o-concurso-publico-para-procurador-juridico-da-pgm-francisco-morato-sp-constara-das-seguintes-provas\"><span id=\"o-concurso-publico-para-procurador-juridico-da-pgm-francisco-morato-sp-constara-das-seguintes-provas\">O concurso p\u00fablico para Procurador Jur\u00eddico da PGM Francisco Morato SP constar\u00e1 das seguintes provas:<\/span><\/h3>\n\n\n\n<figure class=\"wp-block-table is-style-stripes\"><table class=\"has-pale-ocean-gradient-background has-background\"><thead><tr><th class=\"has-text-align-center\" data-align=\"center\"><strong>Cargo<\/strong><\/th><th class=\"has-text-align-center\" data-align=\"center\"><strong>Tipo de Prova<\/strong><\/th><th class=\"has-text-align-center\" data-align=\"center\"><strong>Conte\u00fado<\/strong><\/th><th class=\"has-text-align-center\" data-align=\"center\"><strong>N\u00ba de itens<\/strong><\/th><\/tr><\/thead><tbody><tr><td class=\"has-text-align-center\" data-align=\"center\">Procurador Jur\u00eddico<\/td><td class=\"has-text-align-center\" data-align=\"center\">Prova Objetiva:<\/td><td class=\"has-text-align-center\" data-align=\"center\">L\u00edngua Portuguesa<\/td><td class=\"has-text-align-center\" data-align=\"center\">8<\/td><\/tr><tr><td class=\"has-text-align-center\" data-align=\"center\"><\/td><td class=\"has-text-align-center\" data-align=\"center\"><\/td><td class=\"has-text-align-center\" data-align=\"center\">Legisla\u00e7\u00e3o Municipal<\/td><td class=\"has-text-align-center\" data-align=\"center\">7<\/td><\/tr><tr><td class=\"has-text-align-center\" data-align=\"center\"><\/td><td class=\"has-text-align-center\" data-align=\"center\"><\/td><td class=\"has-text-align-center\" data-align=\"center\">Direito Administrativo<\/td><td class=\"has-text-align-center\" data-align=\"center\">6<\/td><\/tr><tr><td class=\"has-text-align-center\" data-align=\"center\"><\/td><td class=\"has-text-align-center\" data-align=\"center\"><\/td><td class=\"has-text-align-center\" data-align=\"center\">Direito Constitucional<\/td><td class=\"has-text-align-center\" data-align=\"center\">6<\/td><\/tr><tr><td class=\"has-text-align-center\" data-align=\"center\"><\/td><td class=\"has-text-align-center\" data-align=\"center\"><\/td><td class=\"has-text-align-center\" data-align=\"center\">Direito Tribut\u00e1rio<\/td><td class=\"has-text-align-center\" data-align=\"center\">5<\/td><\/tr><tr><td class=\"has-text-align-center\" data-align=\"center\"><\/td><td class=\"has-text-align-center\" data-align=\"center\"><\/td><td class=\"has-text-align-center\" data-align=\"center\">Direito Civil<\/td><td class=\"has-text-align-center\" data-align=\"center\">5<\/td><\/tr><tr><td class=\"has-text-align-center\" data-align=\"center\"><\/td><td class=\"has-text-align-center\" data-align=\"center\"><\/td><td class=\"has-text-align-center\" data-align=\"center\">Direito Processual Civil<\/td><td class=\"has-text-align-center\" data-align=\"center\">5<\/td><\/tr><tr><td class=\"has-text-align-center\" data-align=\"center\"><\/td><td class=\"has-text-align-center\" data-align=\"center\"><\/td><td class=\"has-text-align-center\" data-align=\"center\">Direito Previdenci\u00e1rio<\/td><td class=\"has-text-align-center\" data-align=\"center\">3<\/td><\/tr><tr><td class=\"has-text-align-center\" data-align=\"center\"><\/td><td class=\"has-text-align-center\" data-align=\"center\"><\/td><td class=\"has-text-align-center\" data-align=\"center\">Direito Ambiental<\/td><td class=\"has-text-align-center\" data-align=\"center\">2<\/td><\/tr><tr><td class=\"has-text-align-center\" data-align=\"center\"><\/td><td class=\"has-text-align-center\" data-align=\"center\"><\/td><td class=\"has-text-align-center\" data-align=\"center\">Direito do Trabalho e Direito Processual do Trabalho<\/td><td class=\"has-text-align-center\" data-align=\"center\">3<\/td><\/tr><tr><td class=\"has-text-align-center\" data-align=\"center\"><\/td><td class=\"has-text-align-center\" data-align=\"center\">Prova Pr\u00e1tico-Profissional:<\/td><td class=\"has-text-align-center\" data-align=\"center\">Uma pe\u00e7a processual sobre conte\u00fado de Conhecimentos Espec\u00edficos. Sem consulta.<\/td><td class=\"has-text-align-center\" data-align=\"center\">\u2014<\/td><\/tr><tr><td class=\"has-text-align-center\" data-align=\"center\"><\/td><td class=\"has-text-align-center\" data-align=\"center\">Prova de T\u00edtulos:<\/td><td class=\"has-text-align-center\" data-align=\"center\">Avalia\u00e7\u00e3o de documentos conforme o Cap\u00edtulo X do edital<\/td><td class=\"has-text-align-center\" data-align=\"center\">\u2014<\/td><\/tr><\/tbody><\/table><\/figure>\n\n\n\n<h3 class=\"wp-block-heading\" id=\"h-quando-serao-aplicadas-as-provas-objetiva-e-pratico-profissional\"><span id=\"quando-serao-aplicadas-as-provas-objetiva-e-pratico-profissional\">Quando ser\u00e3o aplicadas as provas objetiva e pr\u00e1tico-profissional?<\/span><\/h3>\n\n\n\n<p>As provas objetiva e pr\u00e1tico-profissional do concurso ser\u00e3o aplicadas no dia 17 de agosto de 2025 (domingo), no per\u00edodo da manh\u00e3, em um \u00fanico turno.<\/p>\n\n\n\n<p>As avalia\u00e7\u00f5es ocorrer\u00e3o no pr\u00f3prio munic\u00edpio de Francisco Morato e ter\u00e3o dura\u00e7\u00e3o de 5 horas. O candidato dever\u00e1 permanecer, ao menos, 2 horas em sala.<\/p>\n\n\n\n<p>Os locais e hor\u00e1rios de aplica\u00e7\u00e3o das provas ser\u00e3o divulgados oportunamente no documento de Convoca\u00e7\u00e3o para as Provas, que ser\u00e1 publicado nos sites do Instituto Mais e da Prefeitura Municipal de Francisco Morato<\/p>\n\n\n\n<h3 class=\"wp-block-heading\" id=\"h-como-sera-ac-avaliacao-de-titulos\"><span id=\"como-sera-ac-avaliacao-de-titulos\">Como ser\u00e1 ac avalia\u00e7\u00e3o de t\u00edtulos?<\/span><\/h3>\n\n\n\n<p>Os candidatos devem enviar os documentos da prova de t\u00edtulos entre os dias 22 e 24 de outubro de 2025, pela \u00e1rea restrita do site da banca organizadora.<\/p>\n\n\n\n<p>As instru\u00e7\u00f5es completas ser\u00e3o divulgadas no mesmo dia do resultado final das provas objetiva e pr\u00e1tico-profissional.<\/p>\n\n\n\n<p>Ser\u00e3o considerados t\u00edtulos somente os constantes na tabela abaixo:<\/p>\n\n\n\n<figure class=\"wp-block-table is-style-stripes\"><table class=\"has-pale-ocean-gradient-background has-background\"><thead><tr><th class=\"has-text-align-center\" data-align=\"center\"><strong>Prova de T\u00edtulos<\/strong><\/th><th class=\"has-text-align-center\" data-align=\"center\"><strong>Valor Unit\u00e1rio<\/strong><\/th><th class=\"has-text-align-center\" data-align=\"center\"><strong>Valor M\u00e1ximo<\/strong><\/th><th class=\"has-text-align-center\" data-align=\"center\"><strong>Comprovantes<\/strong><\/th><\/tr><\/thead><tbody><tr><td class=\"has-text-align-center\" data-align=\"center\">a) T\u00edtulo de Doutor correlato ao cargo, obtido em institui\u00e7\u00e3o oficial reconhecida pelo MEC, conclu\u00eddo at\u00e9 a data de apresenta\u00e7\u00e3o dos t\u00edtulos.<\/td><td class=\"has-text-align-center\" data-align=\"center\">2,5 (dois pontos e meio)<\/td><td class=\"has-text-align-center\" data-align=\"center\">2,5 (dois pontos e meio)<\/td><td class=\"has-text-align-center\" data-align=\"center\">Diploma registrado ou Declara\u00e7\u00e3o\/Certificado de conclus\u00e3o do Doutorado com Hist\u00f3rico Escolar.<\/td><\/tr><tr><td class=\"has-text-align-center\" data-align=\"center\">b) T\u00edtulo de Mestre correlato ao cargo, obtido em institui\u00e7\u00e3o oficial reconhecida pelo MEC, conclu\u00eddo at\u00e9 a data de apresenta\u00e7\u00e3o dos t\u00edtulos.<\/td><td class=\"has-text-align-center\" data-align=\"center\">1,5 (um ponto e meio)<\/td><td class=\"has-text-align-center\" data-align=\"center\">1,5 (um ponto e meio)<\/td><td class=\"has-text-align-center\" data-align=\"center\">Diploma registrado ou Declara\u00e7\u00e3o\/Certificado de conclus\u00e3o do Mestrado com Hist\u00f3rico Escolar.<\/td><\/tr><tr><td class=\"has-text-align-center\" data-align=\"center\">c) P\u00f3s-Gradua\u00e7\u00e3o Lato Sensu (Especializa\u00e7\u00e3o) correlata ao cargo, com carga m\u00ednima de 360 horas, reconhecida pelo MEC, conclu\u00edda at\u00e9 a data de apresenta\u00e7\u00e3o dos t\u00edtulos.<\/td><td class=\"has-text-align-center\" data-align=\"center\">0,5 (meio ponto por t\u00edtulo)<\/td><td class=\"has-text-align-center\" data-align=\"center\">1,0 (um ponto)<\/td><td class=\"has-text-align-center\" data-align=\"center\">Certificado, Certid\u00e3o ou Declara\u00e7\u00e3o de conclus\u00e3o do curso com indica\u00e7\u00e3o de carga hor\u00e1ria, per\u00edodo de realiza\u00e7\u00e3o e Hist\u00f3rico Escolar.<\/td><\/tr><tr><td class=\"has-text-align-center\" data-align=\"center\"><strong>Total m\u00e1ximo:<\/strong><\/td><td class=\"has-text-align-center\" data-align=\"center\"><\/td><td class=\"has-text-align-center\" data-align=\"center\"><strong>5,0 (cinco pontos)<\/strong><\/td><\/tr><\/tbody><\/table><\/figure>\n\n\n\n<h2 class=\"wp-block-heading has-text-align-center\" id=\"h-quer-saber-tudo-sobre-concursos-previstos-confira-nossos-artigos\"><span id=\"quer-saber-tudo-sobre-concursos-previstosconfira-nossos-artigos\"><strong>Quer saber tudo sobre concursos previstos?<br><\/strong>Confira nossos artigos!<\/span><\/h2>\n\n\n\n<ul class=\"wp-block-list\">\n<li><a href=\"https:\/\/cj.estrategia.com\/portal\/concursos-abertos-carreiras-juridicas\/\" target=\"_blank\" >Concursos Jur\u00eddicos abertos<\/a><\/li>\n\n\n\n<li><a href=\"https:\/\/cj.estrategia.com\/portal\/concursos-2025-carreiras-juridicas\/\" target=\"_blank\" >Concursos Jur\u00eddicos 2025<\/a><\/li>\n\n\n\n<li><a href=\"https:\/\/cj.estrategia.com\/portal\/concursos-procuradorias\/\" target=\"_blank\" >Concursos Procuradorias<\/a><\/li>\n<\/ul>\n\n\n\n<h2 class=\"wp-block-heading has-text-align-center\" id=\"cursos\"><span id=\"quer-estudar-para-concursos-de-procuradorias\">Quer estudar para Concursos de Procuradorias?<\/span><\/h2>\n\n\n\n<p class=\"has-text-align-center\"><em>Gostou desta oportunidade e deseja se preparar? <\/em><br>C<em>onfira abaixo nosso curso exclusivo e inicie seus estudos agora mesmo:<\/em><\/p>\n\n\n\n<div class=\"container\" id=\"boxes\">\n  <div class=\"row\">\n\n    <div class=\"col-sm\">\n      <div class=\"banner-estrategia-concursos-juridicos\" id=\"box-assinatura\">\n        <h2 id=\"curso-para-pgm-francisco-morato-sp\" class=\"titulo-assinatura\"><span style=\"color: #ffffff; font-size: 23px; \">Curso para PGM Francisco Morato SP<\/span><\/h2>\n        <p class=\"subtitulo-assinatura\">Cursos focados no edital do concurso<\/p>\n        <div class=\"box-botao\">\n          <a class=\"btn-assinatura-juridica\" target=\"_blank\" href=\"https:\/\/cj.estrategia.com\/cursos\/home\" role=\"button\" rel=\"noopener noreferrer\">Conhe\u00e7a mais<\/a>\n        <\/div>\n      <\/div>\n      <p class=\"texto-auxiliar\">Prepare-se com o melhor material e com quem mais aprova em concursos em todo o pa\u00eds. \n<\/p>\n    <\/div>\n\n  <\/div>\n<\/div>\n\n\n\n<div class=\"wp-block-cover\" style=\"min-height:155px;aspect-ratio:unset;\"><img decoding=\"async\" width=\"1890\" height=\"351\" class=\"wp-block-cover__image-background wp-image-8669\" alt=\"Assinaturas Jur\u00eddicas\" src=\"https:\/\/cj.estrategia.com\/portal\/wp-content\/uploads\/2022\/06\/20151253\/concurso-carreiras-juridicas-assinatura-juridica.jpg\" style=\"object-position:78% 43%\" data-object-fit=\"cover\" data-object-position=\"78% 43%\" srcset=\"https:\/\/cj.estrategia.com\/portal\/wp-content\/uploads\/2022\/06\/20151253\/concurso-carreiras-juridicas-assinatura-juridica.jpg 1890w, https:\/\/cj.estrategia.com\/portal\/wp-content\/uploads\/2022\/06\/20151253\/concurso-carreiras-juridicas-assinatura-juridica-300x56.jpg 300w, https:\/\/cj.estrategia.com\/portal\/wp-content\/uploads\/2022\/06\/20151253\/concurso-carreiras-juridicas-assinatura-juridica-1024x190.jpg 1024w, https:\/\/cj.estrategia.com\/portal\/wp-content\/uploads\/2022\/06\/20151253\/concurso-carreiras-juridicas-assinatura-juridica-768x143.jpg 768w, https:\/\/cj.estrategia.com\/portal\/wp-content\/uploads\/2022\/06\/20151253\/concurso-carreiras-juridicas-assinatura-juridica-1536x285.jpg 1536w, https:\/\/cj.estrategia.com\/portal\/wp-content\/uploads\/2022\/06\/20151253\/concurso-carreiras-juridicas-assinatura-juridica-380x71.jpg 380w, https:\/\/cj.estrategia.com\/portal\/wp-content\/uploads\/2022\/06\/20151253\/concurso-carreiras-juridicas-assinatura-juridica-800x149.jpg 800w, https:\/\/cj.estrategia.com\/portal\/wp-content\/uploads\/2022\/06\/20151253\/concurso-carreiras-juridicas-assinatura-juridica-1160x215.jpg 1160w\" sizes=\"(max-width: 1890px) 100vw, 1890px\" \/><span aria-hidden=\"true\" class=\"wp-block-cover__background has-background-dim\"><\/span><div class=\"wp-block-cover__inner-container is-layout-flow wp-block-cover-is-layout-flow\">\n<h3 id=\"faca-a-sua-assinatura\" class=\"titulo-assinatura\"><span style=\"color: #ffffff;\">Fa\u00e7a a sua assinatura!<\/span><\/h3>\n<p class=\"subtitulo-assinatura\" style=\"display:block!important; line-height: 0;\"><span style=\"color: #ffffff;\">Escolha a sua \u00e1rea.<\/span><\/p>\n<a target=\"_blank\" href=\"https:\/\/www.estrategiaconcursos.com.br\/assinaturas-ecj\/\" rel=\"noopener\"><button style=\"border-radius: 10px; text-transform: capitalize;\">Acessar<\/button><\/a>\n<\/div><\/div>\n\n\n\n<p><\/p>\n","protected":false},"excerpt":{"rendered":"A Prefeitura de Francisco Morato (SP) abriu, em 28 de maio, as inscri\u00e7\u00f5es para o concurso p\u00fablico que&hellip;\n","protected":false},"author":162,"featured_media":30994,"comment_status":"open","ping_status":"open","sticky":false,"template":"","format":"standard","meta":{"_jetpack_memberships_contains_paid_content":false,"footnotes":""},"categories":[24],"tags":[],"tax_estado":[56],"class_list":{"0":"post-132207","1":"post","2":"type-post","3":"status-publish","4":"format-standard","5":"has-post-thumbnail","7":"category-procuradoria","8":"tax_estado-sp"},"acf":[],"yoast_head":"<!-- This site is optimized with the Yoast SEO Premium plugin v27.5 (Yoast SEO v27.5) - https:\/\/yoast.com\/product\/yoast-seo-premium-wordpress\/ -->\n<title>Quais as etapas e provas do concurso PGM Francisco Morato SP?<\/title>\n<meta name=\"description\" content=\"Saiba tudo sobre o PGM Francisco Morato concurso, inscri\u00e7\u00f5es at\u00e9 7 de julho de 2025 para o cargo de Procurador Jur\u00eddico.\" \/>\n<meta name=\"robots\" content=\"index, follow, max-snippet:-1, max-image-preview:large, max-video-preview:-1\" \/>\n<link rel=\"canonical\" href=\"https:\/\/cj.estrategia.com\/portal\/etapas-e-provas-do-concurso-pgm-francisco-morato-sp\/\" \/>\n<meta property=\"og:locale\" content=\"pt_BR\" \/>\n<meta property=\"og:type\" content=\"article\" \/>\n<meta property=\"og:title\" content=\"Quais as etapas e provas do concurso PGM Francisco Morato SP?\" \/>\n<meta property=\"og:description\" content=\"Saiba tudo sobre o PGM Francisco Morato concurso, inscri\u00e7\u00f5es at\u00e9 7 de julho de 2025 para o cargo de Procurador Jur\u00eddico.\" \/>\n<meta property=\"og:url\" content=\"https:\/\/cj.estrategia.com\/portal\/etapas-e-provas-do-concurso-pgm-francisco-morato-sp\/\" \/>\n<meta property=\"og:site_name\" content=\"Blog - Carreiras Jur\u00eddicas - Estrat\u00e9gia\" \/>\n<meta property=\"article:publisher\" content=\"https:\/\/www.facebook.com\/estrategiacarreirajuridica\/\" \/>\n<meta property=\"article:published_time\" content=\"2025-06-30T22:53:18+00:00\" \/>\n<meta property=\"article:modified_time\" content=\"2025-06-30T22:53:23+00:00\" \/>\n<meta property=\"og:image\" content=\"https:\/\/cj.estrategia.com\/portal\/wp-content\/uploads\/2023\/03\/08100121\/concursos-pgm-procuradoria-geral.jpg\" \/>\n\t<meta property=\"og:image:width\" content=\"960\" \/>\n\t<meta property=\"og:image:height\" content=\"540\" \/>\n\t<meta property=\"og:image:type\" content=\"image\/jpeg\" \/>\n<meta name=\"author\" content=\"Jos\u00e9 Ferreira\" \/>\n<meta name=\"twitter:card\" content=\"summary_large_image\" \/>\n<meta name=\"twitter:creator\" content=\"@EstratJuridica\" \/>\n<meta name=\"twitter:site\" content=\"@EstratJuridica\" \/>\n<meta name=\"twitter:label1\" content=\"Escrito por\" \/>\n\t<meta name=\"twitter:data1\" content=\"Jos\u00e9 Ferreira\" \/>\n\t<meta name=\"twitter:label2\" content=\"Est. tempo de leitura\" \/>\n\t<meta name=\"twitter:data2\" content=\"5 minutos\" \/>\n<script type=\"application\/ld+json\" class=\"yoast-schema-graph\">{\"@context\":\"https:\\\/\\\/schema.org\",\"@graph\":[{\"@type\":\"NewsArticle\",\"@id\":\"https:\\\/\\\/cj.estrategia.com\\\/portal\\\/etapas-e-provas-do-concurso-pgm-francisco-morato-sp\\\/#article\",\"isPartOf\":{\"@id\":\"https:\\\/\\\/cj.estrategia.com\\\/portal\\\/etapas-e-provas-do-concurso-pgm-francisco-morato-sp\\\/\"},\"author\":{\"name\":\"Jos\u00e9 Ferreira\",\"@id\":\"https:\\\/\\\/cj.estrategia.com\\\/portal\\\/#\\\/schema\\\/person\\\/4caf0099c42d736f2aade723f309f690\"},\"headline\":\"Quais as etapas e provas do concurso PGM Francisco Morato SP?\",\"datePublished\":\"2025-06-30T22:53:18+00:00\",\"dateModified\":\"2025-06-30T22:53:23+00:00\",\"mainEntityOfPage\":{\"@id\":\"https:\\\/\\\/cj.estrategia.com\\\/portal\\\/etapas-e-provas-do-concurso-pgm-francisco-morato-sp\\\/\"},\"wordCount\":754,\"commentCount\":0,\"publisher\":{\"@id\":\"https:\\\/\\\/cj.estrategia.com\\\/portal\\\/#organization\"},\"image\":{\"@id\":\"https:\\\/\\\/cj.estrategia.com\\\/portal\\\/etapas-e-provas-do-concurso-pgm-francisco-morato-sp\\\/#primaryimage\"},\"thumbnailUrl\":\"https:\\\/\\\/cj.estrategia.com\\\/portal\\\/wp-content\\\/uploads\\\/2023\\\/03\\\/08100121\\\/concursos-pgm-procuradoria-geral.jpg\",\"articleSection\":[\"Procuradoria\"],\"inLanguage\":\"pt-BR\",\"potentialAction\":[{\"@type\":\"CommentAction\",\"name\":\"Comment\",\"target\":[\"https:\\\/\\\/cj.estrategia.com\\\/portal\\\/etapas-e-provas-do-concurso-pgm-francisco-morato-sp\\\/#respond\"]}]},{\"@type\":\"WebPage\",\"@id\":\"https:\\\/\\\/cj.estrategia.com\\\/portal\\\/etapas-e-provas-do-concurso-pgm-francisco-morato-sp\\\/\",\"url\":\"https:\\\/\\\/cj.estrategia.com\\\/portal\\\/etapas-e-provas-do-concurso-pgm-francisco-morato-sp\\\/\",\"name\":\"Quais as etapas e provas do concurso PGM Francisco Morato SP?\",\"isPartOf\":{\"@id\":\"https:\\\/\\\/cj.estrategia.com\\\/portal\\\/#website\"},\"primaryImageOfPage\":{\"@id\":\"https:\\\/\\\/cj.estrategia.com\\\/portal\\\/etapas-e-provas-do-concurso-pgm-francisco-morato-sp\\\/#primaryimage\"},\"image\":{\"@id\":\"https:\\\/\\\/cj.estrategia.com\\\/portal\\\/etapas-e-provas-do-concurso-pgm-francisco-morato-sp\\\/#primaryimage\"},\"thumbnailUrl\":\"https:\\\/\\\/cj.estrategia.com\\\/portal\\\/wp-content\\\/uploads\\\/2023\\\/03\\\/08100121\\\/concursos-pgm-procuradoria-geral.jpg\",\"datePublished\":\"2025-06-30T22:53:18+00:00\",\"dateModified\":\"2025-06-30T22:53:23+00:00\",\"description\":\"Saiba tudo sobre o PGM Francisco Morato concurso, inscri\u00e7\u00f5es at\u00e9 7 de julho de 2025 para o cargo de Procurador Jur\u00eddico.\",\"breadcrumb\":{\"@id\":\"https:\\\/\\\/cj.estrategia.com\\\/portal\\\/etapas-e-provas-do-concurso-pgm-francisco-morato-sp\\\/#breadcrumb\"},\"inLanguage\":\"pt-BR\",\"potentialAction\":[{\"@type\":\"ReadAction\",\"target\":[\"https:\\\/\\\/cj.estrategia.com\\\/portal\\\/etapas-e-provas-do-concurso-pgm-francisco-morato-sp\\\/\"]}]},{\"@type\":\"ImageObject\",\"inLanguage\":\"pt-BR\",\"@id\":\"https:\\\/\\\/cj.estrategia.com\\\/portal\\\/etapas-e-provas-do-concurso-pgm-francisco-morato-sp\\\/#primaryimage\",\"url\":\"https:\\\/\\\/cj.estrategia.com\\\/portal\\\/wp-content\\\/uploads\\\/2023\\\/03\\\/08100121\\\/concursos-pgm-procuradoria-geral.jpg\",\"contentUrl\":\"https:\\\/\\\/cj.estrategia.com\\\/portal\\\/wp-content\\\/uploads\\\/2023\\\/03\\\/08100121\\\/concursos-pgm-procuradoria-geral.jpg\",\"width\":960,\"height\":540,\"caption\":\"concursos da procuradoria geral\"},{\"@type\":\"BreadcrumbList\",\"@id\":\"https:\\\/\\\/cj.estrategia.com\\\/portal\\\/etapas-e-provas-do-concurso-pgm-francisco-morato-sp\\\/#breadcrumb\",\"itemListElement\":[{\"@type\":\"ListItem\",\"position\":1,\"name\":\"In\u00edcio\",\"item\":\"https:\\\/\\\/cj.estrategia.com\\\/portal\\\/\"},{\"@type\":\"ListItem\",\"position\":2,\"name\":\"Quais as etapas e provas do concurso PGM Francisco Morato SP?\"}]},{\"@type\":\"WebSite\",\"@id\":\"https:\\\/\\\/cj.estrategia.com\\\/portal\\\/#website\",\"url\":\"https:\\\/\\\/cj.estrategia.com\\\/portal\\\/\",\"name\":\"Blog - Carreiras Jur\u00eddicas - Estrat\u00e9gia\",\"description\":\"\",\"publisher\":{\"@id\":\"https:\\\/\\\/cj.estrategia.com\\\/portal\\\/#organization\"},\"potentialAction\":[{\"@type\":\"SearchAction\",\"target\":{\"@type\":\"EntryPoint\",\"urlTemplate\":\"https:\\\/\\\/cj.estrategia.com\\\/portal\\\/?s={search_term_string}\"},\"query-input\":{\"@type\":\"PropertyValueSpecification\",\"valueRequired\":true,\"valueName\":\"search_term_string\"}}],\"inLanguage\":\"pt-BR\"},{\"@type\":\"Organization\",\"@id\":\"https:\\\/\\\/cj.estrategia.com\\\/portal\\\/#organization\",\"name\":\"Estrat\u00e9gia - Carreiras Jur\u00eddicas\",\"url\":\"https:\\\/\\\/cj.estrategia.com\\\/portal\\\/\",\"logo\":{\"@type\":\"ImageObject\",\"inLanguage\":\"pt-BR\",\"@id\":\"https:\\\/\\\/cj.estrategia.com\\\/portal\\\/#\\\/schema\\\/logo\\\/image\\\/\",\"url\":\"https:\\\/\\\/cj.estrategia.com\\\/portal\\\/wp-content\\\/uploads\\\/2022\\\/03\\\/11151052\\\/cj-logo.png\",\"contentUrl\":\"https:\\\/\\\/cj.estrategia.com\\\/portal\\\/wp-content\\\/uploads\\\/2022\\\/03\\\/11151052\\\/cj-logo.png\",\"width\":150,\"height\":39,\"caption\":\"Estrat\u00e9gia - Carreiras Jur\u00eddicas\"},\"image\":{\"@id\":\"https:\\\/\\\/cj.estrategia.com\\\/portal\\\/#\\\/schema\\\/logo\\\/image\\\/\"},\"sameAs\":[\"https:\\\/\\\/www.facebook.com\\\/estrategiacarreirajuridica\\\/\",\"https:\\\/\\\/x.com\\\/EstratJuridica\",\"https:\\\/\\\/www.instagram.com\\\/estrategiacarreirajuridica\\\/\",\"https:\\\/\\\/www.youtube.com\\\/channel\\\/UClbMGuYbj2Mh1m3w144ETWQ\"]},{\"@type\":\"Person\",\"@id\":\"https:\\\/\\\/cj.estrategia.com\\\/portal\\\/#\\\/schema\\\/person\\\/4caf0099c42d736f2aade723f309f690\",\"name\":\"Jos\u00e9 Ferreira\",\"image\":{\"@type\":\"ImageObject\",\"inLanguage\":\"pt-BR\",\"@id\":\"https:\\\/\\\/cj.estrategia.com\\\/portal\\\/wp-content\\\/uploads\\\/2025\\\/04\\\/18142237\\\/jose-ferreira-navarro-analista-de-conteudo-jornalismo-carreiras-juridicas-96x96.png\",\"url\":\"https:\\\/\\\/cj.estrategia.com\\\/portal\\\/wp-content\\\/uploads\\\/2025\\\/04\\\/18142237\\\/jose-ferreira-navarro-analista-de-conteudo-jornalismo-carreiras-juridicas-96x96.png\",\"contentUrl\":\"https:\\\/\\\/cj.estrategia.com\\\/portal\\\/wp-content\\\/uploads\\\/2025\\\/04\\\/18142237\\\/jose-ferreira-navarro-analista-de-conteudo-jornalismo-carreiras-juridicas-96x96.png\",\"caption\":\"Jos\u00e9 Ferreira\"},\"description\":\"Analista de conte\u00fado na equipe de Jornalismo, atua com SEO e estrat\u00e9gia para desenvolver conte\u00fados relevantes e de alta qualidade voltados para OAB e para o universo de Concursos Jur\u00eddicos.\",\"url\":\"https:\\\/\\\/cj.estrategia.com\\\/portal\\\/author\\\/jose-navarro-de-andrade-cintra-ferreira\\\/\"}]}<\/script>\n<!-- \/ Yoast SEO Premium plugin. -->","yoast_head_json":{"title":"Quais as etapas e provas do concurso PGM Francisco Morato SP?","description":"Saiba tudo sobre o PGM Francisco Morato concurso, inscri\u00e7\u00f5es at\u00e9 7 de julho de 2025 para o cargo de Procurador Jur\u00eddico.","robots":{"index":"index","follow":"follow","max-snippet":"max-snippet:-1","max-image-preview":"max-image-preview:large","max-video-preview":"max-video-preview:-1"},"canonical":"https:\/\/cj.estrategia.com\/portal\/etapas-e-provas-do-concurso-pgm-francisco-morato-sp\/","og_locale":"pt_BR","og_type":"article","og_title":"Quais as etapas e provas do concurso PGM Francisco Morato SP?","og_description":"Saiba tudo sobre o PGM Francisco Morato concurso, inscri\u00e7\u00f5es at\u00e9 7 de julho de 2025 para o cargo de Procurador Jur\u00eddico.","og_url":"https:\/\/cj.estrategia.com\/portal\/etapas-e-provas-do-concurso-pgm-francisco-morato-sp\/","og_site_name":"Blog - Carreiras Jur\u00eddicas - Estrat\u00e9gia","article_publisher":"https:\/\/www.facebook.com\/estrategiacarreirajuridica\/","article_published_time":"2025-06-30T22:53:18+00:00","article_modified_time":"2025-06-30T22:53:23+00:00","og_image":[{"width":960,"height":540,"url":"https:\/\/cj.estrategia.com\/portal\/wp-content\/uploads\/2023\/03\/08100121\/concursos-pgm-procuradoria-geral.jpg","type":"image\/jpeg"}],"author":"Jos\u00e9 Ferreira","twitter_card":"summary_large_image","twitter_creator":"@EstratJuridica","twitter_site":"@EstratJuridica","twitter_misc":{"Escrito por":"Jos\u00e9 Ferreira","Est. tempo de leitura":"5 minutos"},"schema":{"@context":"https:\/\/schema.org","@graph":[{"@type":"NewsArticle","@id":"https:\/\/cj.estrategia.com\/portal\/etapas-e-provas-do-concurso-pgm-francisco-morato-sp\/#article","isPartOf":{"@id":"https:\/\/cj.estrategia.com\/portal\/etapas-e-provas-do-concurso-pgm-francisco-morato-sp\/"},"author":{"name":"Jos\u00e9 Ferreira","@id":"https:\/\/cj.estrategia.com\/portal\/#\/schema\/person\/4caf0099c42d736f2aade723f309f690"},"headline":"Quais as etapas e provas do concurso PGM Francisco Morato SP?","datePublished":"2025-06-30T22:53:18+00:00","dateModified":"2025-06-30T22:53:23+00:00","mainEntityOfPage":{"@id":"https:\/\/cj.estrategia.com\/portal\/etapas-e-provas-do-concurso-pgm-francisco-morato-sp\/"},"wordCount":754,"commentCount":0,"publisher":{"@id":"https:\/\/cj.estrategia.com\/portal\/#organization"},"image":{"@id":"https:\/\/cj.estrategia.com\/portal\/etapas-e-provas-do-concurso-pgm-francisco-morato-sp\/#primaryimage"},"thumbnailUrl":"https:\/\/cj.estrategia.com\/portal\/wp-content\/uploads\/2023\/03\/08100121\/concursos-pgm-procuradoria-geral.jpg","articleSection":["Procuradoria"],"inLanguage":"pt-BR","potentialAction":[{"@type":"CommentAction","name":"Comment","target":["https:\/\/cj.estrategia.com\/portal\/etapas-e-provas-do-concurso-pgm-francisco-morato-sp\/#respond"]}]},{"@type":"WebPage","@id":"https:\/\/cj.estrategia.com\/portal\/etapas-e-provas-do-concurso-pgm-francisco-morato-sp\/","url":"https:\/\/cj.estrategia.com\/portal\/etapas-e-provas-do-concurso-pgm-francisco-morato-sp\/","name":"Quais as etapas e provas do concurso PGM Francisco Morato SP?","isPartOf":{"@id":"https:\/\/cj.estrategia.com\/portal\/#website"},"primaryImageOfPage":{"@id":"https:\/\/cj.estrategia.com\/portal\/etapas-e-provas-do-concurso-pgm-francisco-morato-sp\/#primaryimage"},"image":{"@id":"https:\/\/cj.estrategia.com\/portal\/etapas-e-provas-do-concurso-pgm-francisco-morato-sp\/#primaryimage"},"thumbnailUrl":"https:\/\/cj.estrategia.com\/portal\/wp-content\/uploads\/2023\/03\/08100121\/concursos-pgm-procuradoria-geral.jpg","datePublished":"2025-06-30T22:53:18+00:00","dateModified":"2025-06-30T22:53:23+00:00","description":"Saiba tudo sobre o PGM Francisco Morato concurso, inscri\u00e7\u00f5es at\u00e9 7 de julho de 2025 para o cargo de Procurador Jur\u00eddico.","breadcrumb":{"@id":"https:\/\/cj.estrategia.com\/portal\/etapas-e-provas-do-concurso-pgm-francisco-morato-sp\/#breadcrumb"},"inLanguage":"pt-BR","potentialAction":[{"@type":"ReadAction","target":["https:\/\/cj.estrategia.com\/portal\/etapas-e-provas-do-concurso-pgm-francisco-morato-sp\/"]}]},{"@type":"ImageObject","inLanguage":"pt-BR","@id":"https:\/\/cj.estrategia.com\/portal\/etapas-e-provas-do-concurso-pgm-francisco-morato-sp\/#primaryimage","url":"https:\/\/cj.estrategia.com\/portal\/wp-content\/uploads\/2023\/03\/08100121\/concursos-pgm-procuradoria-geral.jpg","contentUrl":"https:\/\/cj.estrategia.com\/portal\/wp-content\/uploads\/2023\/03\/08100121\/concursos-pgm-procuradoria-geral.jpg","width":960,"height":540,"caption":"concursos da procuradoria geral"},{"@type":"BreadcrumbList","@id":"https:\/\/cj.estrategia.com\/portal\/etapas-e-provas-do-concurso-pgm-francisco-morato-sp\/#breadcrumb","itemListElement":[{"@type":"ListItem","position":1,"name":"In\u00edcio","item":"https:\/\/cj.estrategia.com\/portal\/"},{"@type":"ListItem","position":2,"name":"Quais as etapas e provas do concurso PGM Francisco Morato SP?"}]},{"@type":"WebSite","@id":"https:\/\/cj.estrategia.com\/portal\/#website","url":"https:\/\/cj.estrategia.com\/portal\/","name":"Blog - Carreiras Jur\u00eddicas - Estrat\u00e9gia","description":"","publisher":{"@id":"https:\/\/cj.estrategia.com\/portal\/#organization"},"potentialAction":[{"@type":"SearchAction","target":{"@type":"EntryPoint","urlTemplate":"https:\/\/cj.estrategia.com\/portal\/?s={search_term_string}"},"query-input":{"@type":"PropertyValueSpecification","valueRequired":true,"valueName":"search_term_string"}}],"inLanguage":"pt-BR"},{"@type":"Organization","@id":"https:\/\/cj.estrategia.com\/portal\/#organization","name":"Estrat\u00e9gia - Carreiras Jur\u00eddicas","url":"https:\/\/cj.estrategia.com\/portal\/","logo":{"@type":"ImageObject","inLanguage":"pt-BR","@id":"https:\/\/cj.estrategia.com\/portal\/#\/schema\/logo\/image\/","url":"https:\/\/cj.estrategia.com\/portal\/wp-content\/uploads\/2022\/03\/11151052\/cj-logo.png","contentUrl":"https:\/\/cj.estrategia.com\/portal\/wp-content\/uploads\/2022\/03\/11151052\/cj-logo.png","width":150,"height":39,"caption":"Estrat\u00e9gia - Carreiras Jur\u00eddicas"},"image":{"@id":"https:\/\/cj.estrategia.com\/portal\/#\/schema\/logo\/image\/"},"sameAs":["https:\/\/www.facebook.com\/estrategiacarreirajuridica\/","https:\/\/x.com\/EstratJuridica","https:\/\/www.instagram.com\/estrategiacarreirajuridica\/","https:\/\/www.youtube.com\/channel\/UClbMGuYbj2Mh1m3w144ETWQ"]},{"@type":"Person","@id":"https:\/\/cj.estrategia.com\/portal\/#\/schema\/person\/4caf0099c42d736f2aade723f309f690","name":"Jos\u00e9 Ferreira","image":{"@type":"ImageObject","inLanguage":"pt-BR","@id":"https:\/\/cj.estrategia.com\/portal\/wp-content\/uploads\/2025\/04\/18142237\/jose-ferreira-navarro-analista-de-conteudo-jornalismo-carreiras-juridicas-96x96.png","url":"https:\/\/cj.estrategia.com\/portal\/wp-content\/uploads\/2025\/04\/18142237\/jose-ferreira-navarro-analista-de-conteudo-jornalismo-carreiras-juridicas-96x96.png","contentUrl":"https:\/\/cj.estrategia.com\/portal\/wp-content\/uploads\/2025\/04\/18142237\/jose-ferreira-navarro-analista-de-conteudo-jornalismo-carreiras-juridicas-96x96.png","caption":"Jos\u00e9 Ferreira"},"description":"Analista de conte\u00fado na equipe de Jornalismo, atua com SEO e estrat\u00e9gia para desenvolver conte\u00fados relevantes e de alta qualidade voltados para OAB e para o universo de Concursos Jur\u00eddicos.","url":"https:\/\/cj.estrategia.com\/portal\/author\/jose-navarro-de-andrade-cintra-ferreira\/"}]}},"jetpack_featured_media_url":"https:\/\/cj.estrategia.com\/portal\/wp-content\/uploads\/2023\/03\/08100121\/concursos-pgm-procuradoria-geral.jpg","jetpack_sharing_enabled":true,"_links":{"self":[{"href":"https:\/\/cj.estrategia.com\/portal\/wp-json\/wp\/v2\/posts\/132207","targetHints":{"allow":["GET"]}}],"collection":[{"href":"https:\/\/cj.estrategia.com\/portal\/wp-json\/wp\/v2\/posts"}],"about":[{"href":"https:\/\/cj.estrategia.com\/portal\/wp-json\/wp\/v2\/types\/post"}],"author":[{"embeddable":true,"href":"https:\/\/cj.estrategia.com\/portal\/wp-json\/wp\/v2\/users\/162"}],"replies":[{"embeddable":true,"href":"https:\/\/cj.estrategia.com\/portal\/wp-json\/wp\/v2\/comments?post=132207"}],"version-history":[{"count":0,"href":"https:\/\/cj.estrategia.com\/portal\/wp-json\/wp\/v2\/posts\/132207\/revisions"}],"wp:featuredmedia":[{"embeddable":true,"href":"https:\/\/cj.estrategia.com\/portal\/wp-json\/wp\/v2\/media\/30994"}],"wp:attachment":[{"href":"https:\/\/cj.estrategia.com\/portal\/wp-json\/wp\/v2\/media?parent=132207"}],"wp:term":[{"taxonomy":"category","embeddable":true,"href":"https:\/\/cj.estrategia.com\/portal\/wp-json\/wp\/v2\/categories?post=132207"},{"taxonomy":"post_tag","embeddable":true,"href":"https:\/\/cj.estrategia.com\/portal\/wp-json\/wp\/v2\/tags?post=132207"},{"taxonomy":"tax_estado","embeddable":true,"href":"https:\/\/cj.estrategia.com\/portal\/wp-json\/wp\/v2\/tax_estado?post=132207"}],"curies":[{"name":"wp","href":"https:\/\/api.w.org\/{rel}","templated":true}]}}