{"id":132064,"date":"2025-06-30T13:41:04","date_gmt":"2025-06-30T16:41:04","guid":{"rendered":"https:\/\/cj.estrategia.com\/portal\/?p=132064"},"modified":"2025-07-04T08:40:54","modified_gmt":"2025-07-04T11:40:54","slug":"plataforma-vaquinha-cancela-arrecadacao-taxa","status":"publish","type":"post","link":"https:\/\/cj.estrategia.com\/portal\/plataforma-vaquinha-cancela-arrecadacao-taxa\/","title":{"rendered":"Plataforma cancela vaquinha ap\u00f3s pol\u00eamica sobre taxa de 20%"},"content":{"rendered":"\n<p>Uma <strong>campanha solid\u00e1ria<\/strong> organizada pelo Instituto Raz\u00f5es para Acreditar, atrav\u00e9s de sua plataforma Voaa para arrecadar fundos ao volunt\u00e1rio indon\u00e9sio Agam Rinjani, foi cancelada na sexta-feira (27). Isso aconteceu ap\u00f3s revolta entre doadores que descobriram que a institui\u00e7\u00e3o reteria 20% do valor total arrecadado:<\/p>\n\n\n\n<figure class=\"wp-block-image size-large\"><img decoding=\"async\" width=\"1024\" height=\"616\" src=\"https:\/\/cj.estrategia.com\/portal\/wp-content\/uploads\/2025\/06\/30123533\/comunicado_oficial_vaquinha_agam1-1024x616.png\" alt=\"Plataforma\" class=\"wp-image-132073\" srcset=\"https:\/\/cj.estrategia.com\/portal\/wp-content\/uploads\/2025\/06\/30123533\/comunicado_oficial_vaquinha_agam1-1024x616.png 1024w, https:\/\/cj.estrategia.com\/portal\/wp-content\/uploads\/2025\/06\/30123533\/comunicado_oficial_vaquinha_agam1-300x180.png 300w, https:\/\/cj.estrategia.com\/portal\/wp-content\/uploads\/2025\/06\/30123533\/comunicado_oficial_vaquinha_agam1-768x462.png 768w, https:\/\/cj.estrategia.com\/portal\/wp-content\/uploads\/2025\/06\/30123533\/comunicado_oficial_vaquinha_agam1-380x229.png 380w, https:\/\/cj.estrategia.com\/portal\/wp-content\/uploads\/2025\/06\/30123533\/comunicado_oficial_vaquinha_agam1-560x336.png 560w, https:\/\/cj.estrategia.com\/portal\/wp-content\/uploads\/2025\/06\/30123533\/comunicado_oficial_vaquinha_agam1-800x482.png 800w, https:\/\/cj.estrategia.com\/portal\/wp-content\/uploads\/2025\/06\/30123533\/comunicado_oficial_vaquinha_agam1-150x90.png 150w, https:\/\/cj.estrategia.com\/portal\/wp-content\/uploads\/2025\/06\/30123533\/comunicado_oficial_vaquinha_agam1.png 1153w\" sizes=\"(max-width: 1024px) 100vw, 1024px\" \/><figcaption class=\"wp-element-caption\"><a href=\"https:\/\/www.instagram.com\/p\/DLgCi9xPKzk\/?igsh=MTF4OGY4MWlyNWxnOA%3D%3D&amp;img_index=2\" target=\"_blank\" >https:\/\/www.instagram.com\/p\/DLgCi9xPKzk\/?igsh=MTF4OGY4MWlyNWxnOA%3D%3D&amp;img_index=2<\/a><\/figcaption><\/figure>\n\n\n\n<p>Em resumo, a vaquinha havia alcan\u00e7ado R$ 522.305,53, dos quais mais de R$ 100 mil ficariam com os organizadores, conforme &#8220;taxa padr\u00e3o da plataforma&#8221;, que segundo alega\u00e7\u00e3o dos consumidores, n\u00e3o foi adequadamente informada no in\u00edcio da campanha.<\/p>\n\n\n\n<p>Agam arriscou a pr\u00f3pria vida para alcan\u00e7ar o local onde estava o corpo da jovem brasileira, que caiu de um penhasco durante uma trilha no Monte Rinjani.<\/p>\n\n\n\n<p>Ele passou a madrugada ao lado da v\u00edtima, em uma encosta \u00edngreme e inst\u00e1vel, para evitar que o corpo escorregasse ainda mais. O gesto comoveu o Brasil, que respondeu com doa\u00e7\u00f5es em massa.<\/p>\n\n\n\n<p>Diante disso, pergunta-se: caso n\u00e3o tivesse cancelado, os consumidores teriam direito a devolu\u00e7\u00e3o dos valores?<\/p>\n\n\n\n<p>Ora, a controv\u00e9rsia revela quest\u00f5es fundamentais sobre <strong><mark style=\"background-color:rgba(0, 0, 0, 0)\" class=\"has-inline-color has-black-color\">transpar\u00eancia e boa-f\u00e9<\/mark> nas rela\u00e7\u00f5es de consumo digitais<\/strong>.<\/p>\n\n\n\n<h2 class=\"wp-block-heading\" id=\"h-relacoes-de-consumo-digitais\"><span id=\"relacoes-de-consumo-digitais\">Rela\u00e7\u00f5es de consumo digitais<\/span><\/h2>\n\n\n\n<p>De in\u00edcio, veja o relato de um consumidor:<\/p>\n\n\n\n<pre class=\"wp-block-verse\">\u201cNo dia 27 de junho de 2025 ao realizar uma doa\u00e7\u00e3o atrav\u00e9s da plataforma VOAA (raz\u00f5es para acreditar), percebi que n\u00e3o havia qualquer informa\u00e7\u00e3o vis\u00edvel e clara sobre a taxa administrativa cobrada. Essa informa\u00e7\u00e3o n\u00e3o est\u00e1 presente na p\u00e1gina inicial, na tela de preenchimento de dados, nem no momento da escolha da forma de pagamento. Encontra-se nos termos de uso, localizado no rodap\u00e9 do site o que dificulta que os doadores tenham ci\u00eancia pr\u00e9via e expl\u00edcita de tal cobran\u00e7a\u201d.<br><br><a href=\"https:\/\/www.reclameaqui.com.br\/voaa-vaquinha-do-razoes\/taxa-administrativa-oculta-e-alteracao-repentina-na-plataforma-voaa_yYwgkHS6LHyyXVHB\" target=\"_blank\" >https:\/\/www.reclameaqui.com.br\/voaa-vaquinha-do-razoes\/taxa-administrativa-oculta-e-alteracao-repentina-na-plataforma-voaa_yYwgkHS6LHyyXVHB<\/a><\/pre>\n\n\n\n<p>Perceba, a primeira quest\u00e3o que precisamos estabelecer \u00e9 a caracteriza\u00e7\u00e3o da rela\u00e7\u00e3o consumerista.<\/p>\n\n\n\n<p>Isto porque, embora se trate de doa\u00e7\u00f5es, a plataforma Voaa fornece <strong>servi\u00e7os de intermedia\u00e7\u00e3o financeira<\/strong> mediante remunera\u00e7\u00e3o, configurando fornecedor nos termos do artigo 3\u00ba do CDC.<\/p>\n\n\n\n<p>Dessa maneira, os doadores, como destinat\u00e1rios finais do servi\u00e7o de intermedia\u00e7\u00e3o, enquadram-se como consumidores.<\/p>\n\n\n\n<p>Sendo assim, a principal viola\u00e7\u00e3o ocorreria no artigo 6\u00ba, inciso III, que assegura &#8220;informa\u00e7\u00e3o adequada e clara sobre os diferentes produtos e servi\u00e7os&#8221;.<\/p>\n\n\n\n<p>Ora, se h\u00e1 uma aus\u00eancia de informa\u00e7\u00e3o ostensiva sobre a reten\u00e7\u00e3o de 20% caracteriza viola\u00e7\u00e3o ao direito b\u00e1sico \u00e0 informa\u00e7\u00e3o.<\/p>\n\n\n\n<p>Inclusive, pode ser mais grave ainda, constitui publicidade enganosa por omiss\u00e3o, vedada pelo artigo 37, par\u00e1grafo 3\u00ba, que considera enganosa &#8220;qualquer modalidade de informa\u00e7\u00e3o ou comunica\u00e7\u00e3o de car\u00e1ter publicit\u00e1rio, inteira ou parcialmente falsa, ou, por qualquer outro modo, mesmo por omiss\u00e3o, capaz de induzir em erro o consumidor&#8221;.<\/p>\n\n\n\n<p>Se a publicidade n\u00e3o mencionava de <strong>maneira ostensiva<\/strong> a taxa de 20%, pode ser tida como ilegal, como j\u00e1 decidiu em outros casos a jurisprud\u00eancia:<\/p>\n\n\n\n<pre class=\"wp-block-preformatted\">(...) \u00c9 tida como enganosa, ainda que por omiss\u00e3o, a publicidade capaz de induzir em erro o consumidor a respeito da natureza, caracter\u00edsticas, qualidade, quantidade, propriedades, origem, pre\u00e7o e quaisquer outros dados sobre o servi\u00e7o prestado. Circunst\u00e2ncias n\u00e3o verificadas. (TJMG; APCV 5008674-84.2021.8.13.0525; D\u00e9cima S\u00e9tima C\u00e2mara C\u00edvel; Rel. Des. Lailson Braga Baeta Neves; Julg. 23\/04\/2025; DJEMG 24\/04\/2025)<\/pre>\n\n\n\n<pre class=\"wp-block-preformatted\">Autora que n\u00e3o foi esclarecida acerca das diferen\u00e7as entre o apartamento adquirido e o modelo ofertado, o que configura propaganda enganosa. Publicidade que vincula o fornecedor, nos termos dos artigos 30 e 31 do C\u00f3digo de Defesa do Consumidor. 2. Dano moral configurado diante das peculiaridades do caso concreto. Viola\u00e7\u00e3o ao princ\u00edpio da boa-f\u00e9 objetiva. Situa\u00e7\u00e3o que ultrapassou a esfera do mero aborrecimento. Indeniza\u00e7\u00e3o ora arbitrada em R$ 5.000,00, que n\u00e3o \u00e9 excessiva e bem compensa a o dano suportado pelo autor, com incid\u00eancia de: (a) corre\u00e7\u00e3o monet\u00e1ria pelo IPCA, a contar deste arbitramento, e de (b) juros de mora a partir da cita\u00e7\u00e3o com base na taxa da SELIC, observada a altera\u00e7\u00e3o a partir da vig\u00eancia da Lei n\u00ba 14.905\/2024, que deu nova reda\u00e7\u00e3o ao artigo 406 do C\u00f3digo Civil. 3. Senten\u00e7a reformada para julgar procedente a demanda e condenar as r\u00e9s ao pagamento de indeniza\u00e7\u00e3o por danos morais, nos termos do ac\u00f3rd\u00e3o, invertido o \u00f4nus sucumbencial. Recurso provido. (TJSP; Apela\u00e7\u00e3o C\u00edvel 1003002-34.2021.8.26.0451; Relator (a): El\u00f3i Estev\u00e3o Troly; \u00d3rg\u00e3o Julgador: 15\u00aa C\u00e2mara de Direito Privado; Foro de Piracicaba - 4\u00aa Vara C\u00edvel; Data do Julgamento: 16\/05\/2025; Data de Registro: 16\/05\/2025) (TJSP; AC 1003002-34.2021.8.26.0451; Piracicaba; D\u00e9cima Quinta C\u00e2mara de Direito Privado; Rel. Des. El\u00f3i Estev\u00e3o Troly; Julg. 16\/05\/2025)<\/pre>\n\n\n\n<p>Por fim, ainda \u00e9 poss\u00edvel se falar no artigo 39, inciso V, do CDC, que pro\u00edbe <strong>expressamente <\/strong>&#8220;exigir do consumidor vantagem manifestamente excessiva&#8221;.<\/p>\n\n\n\n<p>Isto porque, a cobran\u00e7a de taxa n\u00e3o informada previamente, especialmente em contexto solid\u00e1rio onde se espera integralidade na destina\u00e7\u00e3o, pode configurar vantagem excessiva.<\/p>\n\n\n\n<p>Perceba, no caso concreto, o percentual de 20% sobre mais de meio milh\u00e3o de reais, resultando em mais de R$ 100 mil para a plataforma, assume propor\u00e7\u00f5es question\u00e1veis judicialmente quanto \u00e0 sua razoabilidade.<\/p>\n\n\n\n<h2 class=\"wp-block-heading\" id=\"h-conclusao\"><span id=\"conclusao\">Conclus\u00e3o<\/span><\/h2>\n\n\n\n<p>Nesse sentido, como o <strong><a href=\"https:\/\/www.estrategiaconcursos.com.br\/assinaturas-ecj\/\" target=\"_blank\" >C\u00f3digo de Defesa do Consumidor<\/a><\/strong> estabelece em seu art. 6\u00ba, inciso III, como direito b\u00e1sico &#8220;a informa\u00e7\u00e3o adequada e clara sobre os diferentes produtos e servi\u00e7os, com especifica\u00e7\u00e3o correta de quantidade, caracter\u00edsticas, composi\u00e7\u00e3o, qualidade, tributos incidentes e pre\u00e7o&#8221;. A aus\u00eancia de informa\u00e7\u00e3o clara sobre a reten\u00e7\u00e3o de 20% do valor arrecadado caracteriza viola\u00e7\u00e3o ao dever de informa\u00e7\u00e3o, princ\u00edpio basilar das rela\u00e7\u00f5es consumeristas.<\/p>\n\n\n\n<p>Lado outro, o Superior Tribunal de Justi\u00e7a tem consolidado entendimento de que a boa-f\u00e9 objetiva, prevista no art. 422 do C\u00f3digo Civil, imp\u00f5e \u00e0s empresas o <strong>dever de clareza e lealdade<\/strong> nas informa\u00e7\u00f5es prestadas, especialmente quando envolvem causas solid\u00e1rias.<\/p>\n\n\n\n<hr class=\"wp-block-separator has-alpha-channel-opacity\"\/>\n\n\n\n<h2 class=\"wp-block-heading has-text-align-center\" id=\"h-quer-saber-quais-serao-os-proximos-concursos\"><span id=\"quer-saber-quais-serao-os-proximos-concursos\">Quer saber quais ser\u00e3o os pr\u00f3ximos concursos?<\/span><\/h2>\n\n\n\n<pre class=\"wp-block-verse has-text-align-center\">Confira nossos&nbsp;<a href=\"https:\/\/cj.estrategia.com\/portal\/\" target=\"_blank\" >artigos para Carreiras Jur\u00eddicas<\/a>!<\/pre>\n\n\n\n<p class=\"has-text-align-center has-white-color has-pale-cyan-blue-background-color has-text-color has-background has-link-color wp-elements-723b3278bf14a50a5e7b7e937b9a17d4\"><a href=\"https:\/\/cj.estrategia.com\/portal\/concursos-abertos-carreiras-juridicas\/\">Concursos jur\u00eddicos abertos<\/a><\/p>\n\n\n\n<p class=\"has-text-align-center has-white-color has-pale-cyan-blue-background-color has-text-color has-background has-link-color wp-elements-41349f36dc977263ca2129bf0f6dd541\"><a href=\"https:\/\/cj.estrategia.com\/portal\/concursos-2025-carreiras-juridicas\/\" target=\"_blank\" >Concursos jur\u00eddicos 2025<\/a><\/p>\n","protected":false},"excerpt":{"rendered":"Uma campanha solid\u00e1ria organizada pelo Instituto Raz\u00f5es para Acreditar, atrav\u00e9s de sua plataforma Voaa para arrecadar fundos ao&hellip;\n","protected":false},"author":93,"featured_media":132077,"comment_status":"open","ping_status":"open","sticky":false,"template":"","format":"standard","meta":{"_jetpack_memberships_contains_paid_content":false,"footnotes":""},"categories":[1],"tags":[2877,2878,1746,2879,2883,2881,2167,2880,1380,315,2882],"tax_estado":[30,31,32,33,34,35,36,37,38,39,40,41,42,43,44,45,46,47,48,49,50,51,52,53,54,55,56,57],"class_list":{"0":"post-132064","1":"post","2":"type-post","3":"status-publish","4":"format-standard","5":"has-post-thumbnail","7":"category-carreiras-juridicas","8":"tag-arrecadacao-de-fundos","9":"tag-campanha-solidaria","10":"tag-cdc-codigo-de-defesa-do-consumidor","11":"tag-consumo-digital","12":"tag-instituto-razoes-para-acreditar","13":"tag-plataforma-voaa","14":"tag-principio-da-boa-fe","15":"tag-servicos-de-intermediacao-financeira","16":"tag-transparencia","17":"tag-vaquinha-virtual","18":"tag-voluntario-indonesio-agam","19":"tax_estado-ac","20":"tax_estado-al","21":"tax_estado-am","22":"tax_estado-ap","23":"tax_estado-ba","24":"tax_estado-ce","25":"tax_estado-concursos-federais","26":"tax_estado-df","27":"tax_estado-es","28":"tax_estado-go","29":"tax_estado-ma","30":"tax_estado-mg","31":"tax_estado-ms","32":"tax_estado-mt","33":"tax_estado-pa","34":"tax_estado-pb","35":"tax_estado-pe","36":"tax_estado-pi","37":"tax_estado-pr","38":"tax_estado-rj","39":"tax_estado-rn","40":"tax_estado-ro","41":"tax_estado-rr","42":"tax_estado-rs","43":"tax_estado-sc","44":"tax_estado-se","45":"tax_estado-sp","46":"tax_estado-to"},"acf":[],"yoast_head":"<!-- This site is optimized with the Yoast SEO Premium plugin v27.4 (Yoast SEO v27.4) - https:\/\/yoast.com\/product\/yoast-seo-premium-wordpress\/ -->\n<title>Plataforma cancela vaquinha ap\u00f3s pol\u00eamica sobre taxa de 20%<\/title>\n<meta name=\"description\" content=\"Campanha solid\u00e1ria organizada para arrecadar fundos ao volunt\u00e1rio indon\u00e9sio Agam foi cancelada ap\u00f3s a plataforma n\u00e3o esclarecer taxa.\" \/>\n<meta name=\"robots\" content=\"index, follow, max-snippet:-1, max-image-preview:large, max-video-preview:-1\" \/>\n<link rel=\"canonical\" href=\"https:\/\/cj.estrategia.com\/portal\/plataforma-vaquinha-cancela-arrecadacao-taxa\/\" \/>\n<meta property=\"og:locale\" content=\"pt_BR\" \/>\n<meta property=\"og:type\" content=\"article\" \/>\n<meta property=\"og:title\" content=\"Plataforma cancela vaquinha ap\u00f3s pol\u00eamica sobre taxa de 20%\" \/>\n<meta property=\"og:description\" content=\"Campanha solid\u00e1ria organizada para arrecadar fundos ao volunt\u00e1rio indon\u00e9sio Agam foi cancelada ap\u00f3s a plataforma n\u00e3o esclarecer taxa.\" \/>\n<meta property=\"og:url\" content=\"https:\/\/cj.estrategia.com\/portal\/plataforma-vaquinha-cancela-arrecadacao-taxa\/\" \/>\n<meta property=\"og:site_name\" content=\"Blog - Carreiras Jur\u00eddicas - Estrat\u00e9gia\" \/>\n<meta property=\"article:publisher\" content=\"https:\/\/www.facebook.com\/estrategiacarreirajuridica\/\" \/>\n<meta property=\"article:published_time\" content=\"2025-06-30T16:41:04+00:00\" \/>\n<meta property=\"article:modified_time\" content=\"2025-07-04T11:40:54+00:00\" \/>\n<meta property=\"og:image\" content=\"https:\/\/cj.estrategia.com\/portal\/wp-content\/uploads\/2025\/06\/30133803\/vaquinha-virtual-pagamento-arrecadacao-campanha-solidaria-compras-internet-doacao.jpg\" \/>\n\t<meta property=\"og:image:width\" content=\"2000\" \/>\n\t<meta property=\"og:image:height\" content=\"1335\" \/>\n\t<meta property=\"og:image:type\" content=\"image\/jpeg\" \/>\n<meta name=\"author\" content=\"Felipe Duque\" \/>\n<meta name=\"twitter:card\" content=\"summary_large_image\" \/>\n<meta name=\"twitter:creator\" content=\"@https:\/\/x.com\/ProfessorDuque\" \/>\n<meta name=\"twitter:site\" content=\"@EstratJuridica\" \/>\n<meta name=\"twitter:label1\" content=\"Escrito por\" \/>\n\t<meta name=\"twitter:data1\" content=\"Felipe Duque\" \/>\n\t<meta name=\"twitter:label2\" content=\"Est. tempo de leitura\" \/>\n\t<meta name=\"twitter:data2\" content=\"4 minutos\" \/>\n<script type=\"application\/ld+json\" class=\"yoast-schema-graph\">{\"@context\":\"https:\\\/\\\/schema.org\",\"@graph\":[{\"@type\":\"NewsArticle\",\"@id\":\"https:\\\/\\\/cj.estrategia.com\\\/portal\\\/plataforma-vaquinha-cancela-arrecadacao-taxa\\\/#article\",\"isPartOf\":{\"@id\":\"https:\\\/\\\/cj.estrategia.com\\\/portal\\\/plataforma-vaquinha-cancela-arrecadacao-taxa\\\/\"},\"author\":{\"name\":\"Felipe Duque\",\"@id\":\"https:\\\/\\\/cj.estrategia.com\\\/portal\\\/#\\\/schema\\\/person\\\/b5b0253b269d7130d1f7770b1ba29285\"},\"headline\":\"Plataforma cancela vaquinha ap\u00f3s pol\u00eamica sobre taxa de 20%\",\"datePublished\":\"2025-06-30T16:41:04+00:00\",\"dateModified\":\"2025-07-04T11:40:54+00:00\",\"mainEntityOfPage\":{\"@id\":\"https:\\\/\\\/cj.estrategia.com\\\/portal\\\/plataforma-vaquinha-cancela-arrecadacao-taxa\\\/\"},\"wordCount\":642,\"commentCount\":0,\"publisher\":{\"@id\":\"https:\\\/\\\/cj.estrategia.com\\\/portal\\\/#organization\"},\"image\":{\"@id\":\"https:\\\/\\\/cj.estrategia.com\\\/portal\\\/plataforma-vaquinha-cancela-arrecadacao-taxa\\\/#primaryimage\"},\"thumbnailUrl\":\"https:\\\/\\\/cj.estrategia.com\\\/portal\\\/wp-content\\\/uploads\\\/2025\\\/06\\\/30133803\\\/vaquinha-virtual-pagamento-arrecadacao-campanha-solidaria-compras-internet-doacao.jpg\",\"keywords\":[\"arrecada\u00e7\u00e3o de fundos\",\"campanha solid\u00e1ria\",\"CDC - C\u00f3digo de Defesa do Consumidor\",\"consumo digital\",\"Instituto Raz\u00f5es para Acreditar\",\"plataforma Voaa\",\"princ\u00edpio da boa-f\u00e9\",\"servi\u00e7os de intermedia\u00e7\u00e3o financeira\",\"transpar\u00eancia\",\"vaquinha virtual\",\"volunt\u00e1rio indon\u00e9sio Agam\"],\"articleSection\":[\"Carreiras Jur\u00eddicas\"],\"inLanguage\":\"pt-BR\",\"potentialAction\":[{\"@type\":\"CommentAction\",\"name\":\"Comment\",\"target\":[\"https:\\\/\\\/cj.estrategia.com\\\/portal\\\/plataforma-vaquinha-cancela-arrecadacao-taxa\\\/#respond\"]}]},{\"@type\":\"WebPage\",\"@id\":\"https:\\\/\\\/cj.estrategia.com\\\/portal\\\/plataforma-vaquinha-cancela-arrecadacao-taxa\\\/\",\"url\":\"https:\\\/\\\/cj.estrategia.com\\\/portal\\\/plataforma-vaquinha-cancela-arrecadacao-taxa\\\/\",\"name\":\"Plataforma cancela vaquinha ap\u00f3s pol\u00eamica sobre taxa de 20%\",\"isPartOf\":{\"@id\":\"https:\\\/\\\/cj.estrategia.com\\\/portal\\\/#website\"},\"primaryImageOfPage\":{\"@id\":\"https:\\\/\\\/cj.estrategia.com\\\/portal\\\/plataforma-vaquinha-cancela-arrecadacao-taxa\\\/#primaryimage\"},\"image\":{\"@id\":\"https:\\\/\\\/cj.estrategia.com\\\/portal\\\/plataforma-vaquinha-cancela-arrecadacao-taxa\\\/#primaryimage\"},\"thumbnailUrl\":\"https:\\\/\\\/cj.estrategia.com\\\/portal\\\/wp-content\\\/uploads\\\/2025\\\/06\\\/30133803\\\/vaquinha-virtual-pagamento-arrecadacao-campanha-solidaria-compras-internet-doacao.jpg\",\"datePublished\":\"2025-06-30T16:41:04+00:00\",\"dateModified\":\"2025-07-04T11:40:54+00:00\",\"description\":\"Campanha solid\u00e1ria organizada para arrecadar fundos ao volunt\u00e1rio indon\u00e9sio Agam foi cancelada ap\u00f3s a plataforma n\u00e3o esclarecer taxa.\",\"breadcrumb\":{\"@id\":\"https:\\\/\\\/cj.estrategia.com\\\/portal\\\/plataforma-vaquinha-cancela-arrecadacao-taxa\\\/#breadcrumb\"},\"inLanguage\":\"pt-BR\",\"potentialAction\":[{\"@type\":\"ReadAction\",\"target\":[\"https:\\\/\\\/cj.estrategia.com\\\/portal\\\/plataforma-vaquinha-cancela-arrecadacao-taxa\\\/\"]}]},{\"@type\":\"ImageObject\",\"inLanguage\":\"pt-BR\",\"@id\":\"https:\\\/\\\/cj.estrategia.com\\\/portal\\\/plataforma-vaquinha-cancela-arrecadacao-taxa\\\/#primaryimage\",\"url\":\"https:\\\/\\\/cj.estrategia.com\\\/portal\\\/wp-content\\\/uploads\\\/2025\\\/06\\\/30133803\\\/vaquinha-virtual-pagamento-arrecadacao-campanha-solidaria-compras-internet-doacao.jpg\",\"contentUrl\":\"https:\\\/\\\/cj.estrategia.com\\\/portal\\\/wp-content\\\/uploads\\\/2025\\\/06\\\/30133803\\\/vaquinha-virtual-pagamento-arrecadacao-campanha-solidaria-compras-internet-doacao.jpg\",\"width\":2000,\"height\":1335},{\"@type\":\"BreadcrumbList\",\"@id\":\"https:\\\/\\\/cj.estrategia.com\\\/portal\\\/plataforma-vaquinha-cancela-arrecadacao-taxa\\\/#breadcrumb\",\"itemListElement\":[{\"@type\":\"ListItem\",\"position\":1,\"name\":\"In\u00edcio\",\"item\":\"https:\\\/\\\/cj.estrategia.com\\\/portal\\\/\"},{\"@type\":\"ListItem\",\"position\":2,\"name\":\"Plataforma cancela vaquinha ap\u00f3s pol\u00eamica sobre taxa de 20%\"}]},{\"@type\":\"WebSite\",\"@id\":\"https:\\\/\\\/cj.estrategia.com\\\/portal\\\/#website\",\"url\":\"https:\\\/\\\/cj.estrategia.com\\\/portal\\\/\",\"name\":\"Blog - Carreiras Jur\u00eddicas - Estrat\u00e9gia\",\"description\":\"\",\"publisher\":{\"@id\":\"https:\\\/\\\/cj.estrategia.com\\\/portal\\\/#organization\"},\"potentialAction\":[{\"@type\":\"SearchAction\",\"target\":{\"@type\":\"EntryPoint\",\"urlTemplate\":\"https:\\\/\\\/cj.estrategia.com\\\/portal\\\/?s={search_term_string}\"},\"query-input\":{\"@type\":\"PropertyValueSpecification\",\"valueRequired\":true,\"valueName\":\"search_term_string\"}}],\"inLanguage\":\"pt-BR\"},{\"@type\":\"Organization\",\"@id\":\"https:\\\/\\\/cj.estrategia.com\\\/portal\\\/#organization\",\"name\":\"Estrat\u00e9gia - Carreiras Jur\u00eddicas\",\"url\":\"https:\\\/\\\/cj.estrategia.com\\\/portal\\\/\",\"logo\":{\"@type\":\"ImageObject\",\"inLanguage\":\"pt-BR\",\"@id\":\"https:\\\/\\\/cj.estrategia.com\\\/portal\\\/#\\\/schema\\\/logo\\\/image\\\/\",\"url\":\"https:\\\/\\\/cj.estrategia.com\\\/portal\\\/wp-content\\\/uploads\\\/2022\\\/03\\\/11151052\\\/cj-logo.png\",\"contentUrl\":\"https:\\\/\\\/cj.estrategia.com\\\/portal\\\/wp-content\\\/uploads\\\/2022\\\/03\\\/11151052\\\/cj-logo.png\",\"width\":150,\"height\":39,\"caption\":\"Estrat\u00e9gia - Carreiras Jur\u00eddicas\"},\"image\":{\"@id\":\"https:\\\/\\\/cj.estrategia.com\\\/portal\\\/#\\\/schema\\\/logo\\\/image\\\/\"},\"sameAs\":[\"https:\\\/\\\/www.facebook.com\\\/estrategiacarreirajuridica\\\/\",\"https:\\\/\\\/x.com\\\/EstratJuridica\",\"https:\\\/\\\/www.instagram.com\\\/estrategiacarreirajuridica\\\/\",\"https:\\\/\\\/www.youtube.com\\\/channel\\\/UClbMGuYbj2Mh1m3w144ETWQ\"]},{\"@type\":\"Person\",\"@id\":\"https:\\\/\\\/cj.estrategia.com\\\/portal\\\/#\\\/schema\\\/person\\\/b5b0253b269d7130d1f7770b1ba29285\",\"name\":\"Felipe Duque\",\"image\":{\"@type\":\"ImageObject\",\"inLanguage\":\"pt-BR\",\"@id\":\"https:\\\/\\\/cj.estrategia.com\\\/portal\\\/wp-content\\\/uploads\\\/2024\\\/08\\\/06162009\\\/Captura-de-Tela-2024-08-06-as-16.19.26-96x96.png\",\"url\":\"https:\\\/\\\/cj.estrategia.com\\\/portal\\\/wp-content\\\/uploads\\\/2024\\\/08\\\/06162009\\\/Captura-de-Tela-2024-08-06-as-16.19.26-96x96.png\",\"contentUrl\":\"https:\\\/\\\/cj.estrategia.com\\\/portal\\\/wp-content\\\/uploads\\\/2024\\\/08\\\/06162009\\\/Captura-de-Tela-2024-08-06-as-16.19.26-96x96.png\",\"caption\":\"Felipe Duque\"},\"description\":\"Felipe Duque - Mestre em Direito Pol\u00edtico e Econ\u00f4mico na Mackenzie-SP. Graduado em Direito pela Universidade Cat\u00f3lica de Pernambuco, com conclus\u00e3o pelo regime de Aproveitamento Extraordin\u00e1rio nos Estudos (art. 47, \u00a7 2\u00ba, da Lei n\u00ba 9.394\\\/96). Ex-Assessor de Desembargador no TJPE. Procurador da Fazenda Nacional. Integra voluntariamente a Coordena\u00e7\u00e3o de Assuntos Estrat\u00e9gicos Judiciais da PGFN. Professor do Estrat\u00e9gia Carreira Jur\u00eddica, Estrat\u00e9gia OAB e Buscador Dizer o Direito. Autor do livro \u201cReforma Tribut\u00e1ria Comentada e Esquematizada\u201d, \\\"Manual de Processo Tribut\u00e1rio: Administrativo e Judicial\\\" pela editora Juspodivm Parecerista na Revista de Estudos Jur\u00eddicos do Superior Tribunal de Justi\u00e7a (REJuriSTJ)\",\"sameAs\":[\"http:\\\/\\\/lattes.cnpq.br\\\/5755137268084324\",\"https:\\\/\\\/www.instagram.com\\\/felipe_duque\\\/\",\"https:\\\/\\\/br.linkedin.com\\\/in\\\/felipe-duque-56954638\",\"https:\\\/\\\/x.com\\\/https:\\\/\\\/x.com\\\/ProfessorDuque\",\"https:\\\/\\\/www.youtube.com\\\/@felipeduque-experienciasco5797\"],\"url\":\"https:\\\/\\\/cj.estrategia.com\\\/portal\\\/author\\\/felipe-duque\\\/\"}]}<\/script>\n<!-- \/ Yoast SEO Premium plugin. -->","yoast_head_json":{"title":"Plataforma cancela vaquinha ap\u00f3s pol\u00eamica sobre taxa de 20%","description":"Campanha solid\u00e1ria organizada para arrecadar fundos ao volunt\u00e1rio indon\u00e9sio Agam foi cancelada ap\u00f3s a plataforma n\u00e3o esclarecer taxa.","robots":{"index":"index","follow":"follow","max-snippet":"max-snippet:-1","max-image-preview":"max-image-preview:large","max-video-preview":"max-video-preview:-1"},"canonical":"https:\/\/cj.estrategia.com\/portal\/plataforma-vaquinha-cancela-arrecadacao-taxa\/","og_locale":"pt_BR","og_type":"article","og_title":"Plataforma cancela vaquinha ap\u00f3s pol\u00eamica sobre taxa de 20%","og_description":"Campanha solid\u00e1ria organizada para arrecadar fundos ao volunt\u00e1rio indon\u00e9sio Agam foi cancelada ap\u00f3s a plataforma n\u00e3o esclarecer taxa.","og_url":"https:\/\/cj.estrategia.com\/portal\/plataforma-vaquinha-cancela-arrecadacao-taxa\/","og_site_name":"Blog - Carreiras Jur\u00eddicas - Estrat\u00e9gia","article_publisher":"https:\/\/www.facebook.com\/estrategiacarreirajuridica\/","article_published_time":"2025-06-30T16:41:04+00:00","article_modified_time":"2025-07-04T11:40:54+00:00","og_image":[{"width":2000,"height":1335,"url":"https:\/\/cj.estrategia.com\/portal\/wp-content\/uploads\/2025\/06\/30133803\/vaquinha-virtual-pagamento-arrecadacao-campanha-solidaria-compras-internet-doacao.jpg","type":"image\/jpeg"}],"author":"Felipe Duque","twitter_card":"summary_large_image","twitter_creator":"@https:\/\/x.com\/ProfessorDuque","twitter_site":"@EstratJuridica","twitter_misc":{"Escrito por":"Felipe Duque","Est. tempo de leitura":"4 minutos"},"schema":{"@context":"https:\/\/schema.org","@graph":[{"@type":"NewsArticle","@id":"https:\/\/cj.estrategia.com\/portal\/plataforma-vaquinha-cancela-arrecadacao-taxa\/#article","isPartOf":{"@id":"https:\/\/cj.estrategia.com\/portal\/plataforma-vaquinha-cancela-arrecadacao-taxa\/"},"author":{"name":"Felipe Duque","@id":"https:\/\/cj.estrategia.com\/portal\/#\/schema\/person\/b5b0253b269d7130d1f7770b1ba29285"},"headline":"Plataforma cancela vaquinha ap\u00f3s pol\u00eamica sobre taxa de 20%","datePublished":"2025-06-30T16:41:04+00:00","dateModified":"2025-07-04T11:40:54+00:00","mainEntityOfPage":{"@id":"https:\/\/cj.estrategia.com\/portal\/plataforma-vaquinha-cancela-arrecadacao-taxa\/"},"wordCount":642,"commentCount":0,"publisher":{"@id":"https:\/\/cj.estrategia.com\/portal\/#organization"},"image":{"@id":"https:\/\/cj.estrategia.com\/portal\/plataforma-vaquinha-cancela-arrecadacao-taxa\/#primaryimage"},"thumbnailUrl":"https:\/\/cj.estrategia.com\/portal\/wp-content\/uploads\/2025\/06\/30133803\/vaquinha-virtual-pagamento-arrecadacao-campanha-solidaria-compras-internet-doacao.jpg","keywords":["arrecada\u00e7\u00e3o de fundos","campanha solid\u00e1ria","CDC - C\u00f3digo de Defesa do Consumidor","consumo digital","Instituto Raz\u00f5es para Acreditar","plataforma Voaa","princ\u00edpio da boa-f\u00e9","servi\u00e7os de intermedia\u00e7\u00e3o financeira","transpar\u00eancia","vaquinha virtual","volunt\u00e1rio indon\u00e9sio Agam"],"articleSection":["Carreiras Jur\u00eddicas"],"inLanguage":"pt-BR","potentialAction":[{"@type":"CommentAction","name":"Comment","target":["https:\/\/cj.estrategia.com\/portal\/plataforma-vaquinha-cancela-arrecadacao-taxa\/#respond"]}]},{"@type":"WebPage","@id":"https:\/\/cj.estrategia.com\/portal\/plataforma-vaquinha-cancela-arrecadacao-taxa\/","url":"https:\/\/cj.estrategia.com\/portal\/plataforma-vaquinha-cancela-arrecadacao-taxa\/","name":"Plataforma cancela vaquinha ap\u00f3s pol\u00eamica sobre taxa de 20%","isPartOf":{"@id":"https:\/\/cj.estrategia.com\/portal\/#website"},"primaryImageOfPage":{"@id":"https:\/\/cj.estrategia.com\/portal\/plataforma-vaquinha-cancela-arrecadacao-taxa\/#primaryimage"},"image":{"@id":"https:\/\/cj.estrategia.com\/portal\/plataforma-vaquinha-cancela-arrecadacao-taxa\/#primaryimage"},"thumbnailUrl":"https:\/\/cj.estrategia.com\/portal\/wp-content\/uploads\/2025\/06\/30133803\/vaquinha-virtual-pagamento-arrecadacao-campanha-solidaria-compras-internet-doacao.jpg","datePublished":"2025-06-30T16:41:04+00:00","dateModified":"2025-07-04T11:40:54+00:00","description":"Campanha solid\u00e1ria organizada para arrecadar fundos ao volunt\u00e1rio indon\u00e9sio Agam foi cancelada ap\u00f3s a plataforma n\u00e3o esclarecer taxa.","breadcrumb":{"@id":"https:\/\/cj.estrategia.com\/portal\/plataforma-vaquinha-cancela-arrecadacao-taxa\/#breadcrumb"},"inLanguage":"pt-BR","potentialAction":[{"@type":"ReadAction","target":["https:\/\/cj.estrategia.com\/portal\/plataforma-vaquinha-cancela-arrecadacao-taxa\/"]}]},{"@type":"ImageObject","inLanguage":"pt-BR","@id":"https:\/\/cj.estrategia.com\/portal\/plataforma-vaquinha-cancela-arrecadacao-taxa\/#primaryimage","url":"https:\/\/cj.estrategia.com\/portal\/wp-content\/uploads\/2025\/06\/30133803\/vaquinha-virtual-pagamento-arrecadacao-campanha-solidaria-compras-internet-doacao.jpg","contentUrl":"https:\/\/cj.estrategia.com\/portal\/wp-content\/uploads\/2025\/06\/30133803\/vaquinha-virtual-pagamento-arrecadacao-campanha-solidaria-compras-internet-doacao.jpg","width":2000,"height":1335},{"@type":"BreadcrumbList","@id":"https:\/\/cj.estrategia.com\/portal\/plataforma-vaquinha-cancela-arrecadacao-taxa\/#breadcrumb","itemListElement":[{"@type":"ListItem","position":1,"name":"In\u00edcio","item":"https:\/\/cj.estrategia.com\/portal\/"},{"@type":"ListItem","position":2,"name":"Plataforma cancela vaquinha ap\u00f3s pol\u00eamica sobre taxa de 20%"}]},{"@type":"WebSite","@id":"https:\/\/cj.estrategia.com\/portal\/#website","url":"https:\/\/cj.estrategia.com\/portal\/","name":"Blog - Carreiras Jur\u00eddicas - Estrat\u00e9gia","description":"","publisher":{"@id":"https:\/\/cj.estrategia.com\/portal\/#organization"},"potentialAction":[{"@type":"SearchAction","target":{"@type":"EntryPoint","urlTemplate":"https:\/\/cj.estrategia.com\/portal\/?s={search_term_string}"},"query-input":{"@type":"PropertyValueSpecification","valueRequired":true,"valueName":"search_term_string"}}],"inLanguage":"pt-BR"},{"@type":"Organization","@id":"https:\/\/cj.estrategia.com\/portal\/#organization","name":"Estrat\u00e9gia - Carreiras Jur\u00eddicas","url":"https:\/\/cj.estrategia.com\/portal\/","logo":{"@type":"ImageObject","inLanguage":"pt-BR","@id":"https:\/\/cj.estrategia.com\/portal\/#\/schema\/logo\/image\/","url":"https:\/\/cj.estrategia.com\/portal\/wp-content\/uploads\/2022\/03\/11151052\/cj-logo.png","contentUrl":"https:\/\/cj.estrategia.com\/portal\/wp-content\/uploads\/2022\/03\/11151052\/cj-logo.png","width":150,"height":39,"caption":"Estrat\u00e9gia - Carreiras Jur\u00eddicas"},"image":{"@id":"https:\/\/cj.estrategia.com\/portal\/#\/schema\/logo\/image\/"},"sameAs":["https:\/\/www.facebook.com\/estrategiacarreirajuridica\/","https:\/\/x.com\/EstratJuridica","https:\/\/www.instagram.com\/estrategiacarreirajuridica\/","https:\/\/www.youtube.com\/channel\/UClbMGuYbj2Mh1m3w144ETWQ"]},{"@type":"Person","@id":"https:\/\/cj.estrategia.com\/portal\/#\/schema\/person\/b5b0253b269d7130d1f7770b1ba29285","name":"Felipe Duque","image":{"@type":"ImageObject","inLanguage":"pt-BR","@id":"https:\/\/cj.estrategia.com\/portal\/wp-content\/uploads\/2024\/08\/06162009\/Captura-de-Tela-2024-08-06-as-16.19.26-96x96.png","url":"https:\/\/cj.estrategia.com\/portal\/wp-content\/uploads\/2024\/08\/06162009\/Captura-de-Tela-2024-08-06-as-16.19.26-96x96.png","contentUrl":"https:\/\/cj.estrategia.com\/portal\/wp-content\/uploads\/2024\/08\/06162009\/Captura-de-Tela-2024-08-06-as-16.19.26-96x96.png","caption":"Felipe Duque"},"description":"Felipe Duque - Mestre em Direito Pol\u00edtico e Econ\u00f4mico na Mackenzie-SP. Graduado em Direito pela Universidade Cat\u00f3lica de Pernambuco, com conclus\u00e3o pelo regime de Aproveitamento Extraordin\u00e1rio nos Estudos (art. 47, \u00a7 2\u00ba, da Lei n\u00ba 9.394\/96). Ex-Assessor de Desembargador no TJPE. Procurador da Fazenda Nacional. Integra voluntariamente a Coordena\u00e7\u00e3o de Assuntos Estrat\u00e9gicos Judiciais da PGFN. Professor do Estrat\u00e9gia Carreira Jur\u00eddica, Estrat\u00e9gia OAB e Buscador Dizer o Direito. Autor do livro \u201cReforma Tribut\u00e1ria Comentada e Esquematizada\u201d, \"Manual de Processo Tribut\u00e1rio: Administrativo e Judicial\" pela editora Juspodivm Parecerista na Revista de Estudos Jur\u00eddicos do Superior Tribunal de Justi\u00e7a (REJuriSTJ)","sameAs":["http:\/\/lattes.cnpq.br\/5755137268084324","https:\/\/www.instagram.com\/felipe_duque\/","https:\/\/br.linkedin.com\/in\/felipe-duque-56954638","https:\/\/x.com\/https:\/\/x.com\/ProfessorDuque","https:\/\/www.youtube.com\/@felipeduque-experienciasco5797"],"url":"https:\/\/cj.estrategia.com\/portal\/author\/felipe-duque\/"}]}},"jetpack_featured_media_url":"https:\/\/cj.estrategia.com\/portal\/wp-content\/uploads\/2025\/06\/30133803\/vaquinha-virtual-pagamento-arrecadacao-campanha-solidaria-compras-internet-doacao.jpg","jetpack_sharing_enabled":true,"_links":{"self":[{"href":"https:\/\/cj.estrategia.com\/portal\/wp-json\/wp\/v2\/posts\/132064","targetHints":{"allow":["GET"]}}],"collection":[{"href":"https:\/\/cj.estrategia.com\/portal\/wp-json\/wp\/v2\/posts"}],"about":[{"href":"https:\/\/cj.estrategia.com\/portal\/wp-json\/wp\/v2\/types\/post"}],"author":[{"embeddable":true,"href":"https:\/\/cj.estrategia.com\/portal\/wp-json\/wp\/v2\/users\/93"}],"replies":[{"embeddable":true,"href":"https:\/\/cj.estrategia.com\/portal\/wp-json\/wp\/v2\/comments?post=132064"}],"version-history":[{"count":5,"href":"https:\/\/cj.estrategia.com\/portal\/wp-json\/wp\/v2\/posts\/132064\/revisions"}],"predecessor-version":[{"id":133206,"href":"https:\/\/cj.estrategia.com\/portal\/wp-json\/wp\/v2\/posts\/132064\/revisions\/133206"}],"wp:featuredmedia":[{"embeddable":true,"href":"https:\/\/cj.estrategia.com\/portal\/wp-json\/wp\/v2\/media\/132077"}],"wp:attachment":[{"href":"https:\/\/cj.estrategia.com\/portal\/wp-json\/wp\/v2\/media?parent=132064"}],"wp:term":[{"taxonomy":"category","embeddable":true,"href":"https:\/\/cj.estrategia.com\/portal\/wp-json\/wp\/v2\/categories?post=132064"},{"taxonomy":"post_tag","embeddable":true,"href":"https:\/\/cj.estrategia.com\/portal\/wp-json\/wp\/v2\/tags?post=132064"},{"taxonomy":"tax_estado","embeddable":true,"href":"https:\/\/cj.estrategia.com\/portal\/wp-json\/wp\/v2\/tax_estado?post=132064"}],"curies":[{"name":"wp","href":"https:\/\/api.w.org\/{rel}","templated":true}]}}