{"id":131835,"date":"2025-06-27T23:21:28","date_gmt":"2025-06-28T02:21:28","guid":{"rendered":"https:\/\/cj.estrategia.com\/portal\/?p=131835"},"modified":"2025-06-30T10:52:44","modified_gmt":"2025-06-30T13:52:44","slug":"criterio-honorarios-acoes-saude-equidade","status":"publish","type":"post","link":"https:\/\/cj.estrategia.com\/portal\/criterio-honorarios-acoes-saude-equidade\/","title":{"rendered":"Crit\u00e9rio para honor\u00e1rios em a\u00e7\u00f5es de sa\u00fade: equidade"},"content":{"rendered":"\n<p>Em breve s\u00edntese, o Superior Tribunal de Justi\u00e7a definiu que presta\u00e7\u00f5es existenciais n\u00e3o geram proveito econ\u00f4mico mensur\u00e1vel, estabelecendo novo paradigma para remunera\u00e7\u00e3o advocat\u00edcia<\/p>\n\n\n\n<p>De in\u00edcio, vale destacar que o Superior Tribunal de Justi\u00e7a consolidou entendimento revolucion\u00e1rio sobre um dos temas mais controvertidos do <strong><mark style=\"background-color:rgba(0, 0, 0, 0)\" class=\"has-inline-color has-black-color\">direito processual<\/mark><\/strong> contempor\u00e2neo: como calcular honor\u00e1rios advocat\u00edcios nas a\u00e7\u00f5es em que cidad\u00e3os processam o Estado para obter medicamentos, exames e tratamentos m\u00e9dicos.<\/p>\n\n\n\n<p>Isto porque, em julgamento hist\u00f3rico da Primeira Se\u00e7\u00e3o, realizado em 11 de junho de 2025, a Corte fixou tese vinculante que representa verdadeira mudan\u00e7a de paradigma na judicializa\u00e7\u00e3o da sa\u00fade p\u00fablica brasileira.<\/p>\n\n\n\n<p>A decis\u00e3o un\u00e2nime estabeleceu que \u201cnas demandas em que se pleiteia do Poder P\u00fablico a satisfa\u00e7\u00e3o do direito \u00e0 sa\u00fade, os honor\u00e1rios advocat\u00edcios s\u00e3o fixados por aprecia\u00e7\u00e3o equitativa, sem aplica\u00e7\u00e3o do art. 85, \u00a7 8\u00ba-A, do CPC\u201d.<\/p>\n\n\n\n<h2 class=\"wp-block-heading\" id=\"h-contexto-historico-da-questao\"><span id=\"contexto-historico-da-questao\">Contexto hist\u00f3rico da quest\u00e3o<\/span><\/h2>\n\n\n\n<p>Ora, para compreender adequadamente a magnitude dessa decis\u00e3o, \u00e9 fundamental contextualizar a evolu\u00e7\u00e3o do tema.<\/p>\n\n\n\n<p>Tradicionalmente, o C\u00f3digo de Processo Civil estabelece uma \u201cordem de voca\u00e7\u00e3o\u201d para fixa\u00e7\u00e3o de honor\u00e1rios sucumbenciais, privilegiando crit\u00e9rios objetivos e percentuais.<\/p>\n\n\n\n<div class=\"wp-block-media-text is-stacked-on-mobile\"><figure class=\"wp-block-media-text__media\"><img decoding=\"async\" width=\"1024\" height=\"768\" src=\"https:\/\/cj.estrategia.com\/portal\/wp-content\/uploads\/2025\/06\/27231735\/percentual-porcentagem-honorarios-advocaticios-dinheiros-deposito-calculo-1024x768.jpg\" alt=\"Crit\u00e9rio para honor\u00e1rios\" class=\"wp-image-131842 size-full\" srcset=\"https:\/\/cj.estrategia.com\/portal\/wp-content\/uploads\/2025\/06\/27231735\/percentual-porcentagem-honorarios-advocaticios-dinheiros-deposito-calculo-1024x768.jpg 1024w, https:\/\/cj.estrategia.com\/portal\/wp-content\/uploads\/2025\/06\/27231735\/percentual-porcentagem-honorarios-advocaticios-dinheiros-deposito-calculo-300x225.jpg 300w, https:\/\/cj.estrategia.com\/portal\/wp-content\/uploads\/2025\/06\/27231735\/percentual-porcentagem-honorarios-advocaticios-dinheiros-deposito-calculo-768x576.jpg 768w, https:\/\/cj.estrategia.com\/portal\/wp-content\/uploads\/2025\/06\/27231735\/percentual-porcentagem-honorarios-advocaticios-dinheiros-deposito-calculo-1536x1152.jpg 1536w, https:\/\/cj.estrategia.com\/portal\/wp-content\/uploads\/2025\/06\/27231735\/percentual-porcentagem-honorarios-advocaticios-dinheiros-deposito-calculo-2048x1536.jpg 2048w, https:\/\/cj.estrategia.com\/portal\/wp-content\/uploads\/2025\/06\/27231735\/percentual-porcentagem-honorarios-advocaticios-dinheiros-deposito-calculo-380x285.jpg 380w, https:\/\/cj.estrategia.com\/portal\/wp-content\/uploads\/2025\/06\/27231735\/percentual-porcentagem-honorarios-advocaticios-dinheiros-deposito-calculo-800x600.jpg 800w, https:\/\/cj.estrategia.com\/portal\/wp-content\/uploads\/2025\/06\/27231735\/percentual-porcentagem-honorarios-advocaticios-dinheiros-deposito-calculo-1160x870.jpg 1160w, https:\/\/cj.estrategia.com\/portal\/wp-content\/uploads\/2025\/06\/27231735\/percentual-porcentagem-honorarios-advocaticios-dinheiros-deposito-calculo-150x113.jpg 150w, https:\/\/cj.estrategia.com\/portal\/wp-content\/uploads\/2025\/06\/27231735\/percentual-porcentagem-honorarios-advocaticios-dinheiros-deposito-calculo-scaled.jpg 2560w\" sizes=\"(max-width: 1024px) 100vw, 1024px\" \/><\/figure><div class=\"wp-block-media-text__content\">\n<p>Segundo o artigo 85, par\u00e1grafo 2\u00ba, do CPC, a forma preferencial consiste na <strong>aplica\u00e7\u00e3o de percentuais<\/strong> sobre o valor da condena\u00e7\u00e3o ou proveito econ\u00f4mico obtido. Subsidiariamente, quando n\u00e3o \u00e9 poss\u00edvel mensurar esse proveito, utiliza-se o valor atualizado da causa como base de c\u00e1lculo.<\/p>\n<\/div><\/div>\n\n\n\n<p>Apenas excepcionalmente, nas hip\u00f3teses de proveito inestim\u00e1vel ou irris\u00f3rio, aplica-se o crit\u00e9rio equitativo.<\/p>\n\n\n\n<h3 class=\"wp-block-heading\" id=\"h-perceba-a-complexidade-especifica-das-acoes-de-saude\"><span id=\"perceba-a-complexidade-especifica-das-acoes-de-saude\">Perceba a complexidade espec\u00edfica das a\u00e7\u00f5es de sa\u00fade<\/span><\/h3>\n\n\n\n<p>Veja, as a\u00e7\u00f5es de sa\u00fade sempre geraram perplexidade jur\u00eddica porque transitam numa zona cinzenta entre essas categorias.<\/p>\n\n\n\n<p>De um lado, \u00e9 ineg\u00e1vel que medicamentos, exames e procedimentos m\u00e9dicos possuem <strong>valor econ\u00f4mico definido<\/strong> \u2013 afinal, laborat\u00f3rios e hospitais cobram pre\u00e7os espec\u00edficos por seus produtos e servi\u00e7os.<\/p>\n\n\n\n<p>Por outro lado, quando um paciente obt\u00e9m judicialmente um medicamento oncol\u00f3gico, por exemplo, esse f\u00e1rmaco <strong>n\u00e3o se integra ao seu patrim\u00f4nio<\/strong> como bem alien\u00e1vel ou transfer\u00edvel.<\/p>\n\n\n\n<p>Destarte, a quest\u00e3o central residia em determinar se o custo da presta\u00e7\u00e3o m\u00e9dica constitui \u201cproveito econ\u00f4mico\u201d para fins de c\u00e1lculo dos honor\u00e1rios advocat\u00edcios.<\/p>\n\n\n\n<p>A resposta a essa pergunta definiria se os honor\u00e1rios seriam calculados por percentual sobre valores frequentemente elevados \u2013 alguns tratamentos custam centenas de milhares de reais \u2013 ou por crit\u00e9rio equitativo, geralmente resultando em valores menores e mais uniformes.<\/p>\n\n\n\n<h2 class=\"wp-block-heading\" id=\"h-o-que-decidiu-o-stj\"><span id=\"o-que-decidiu-o-stj\">O que decidiu o STJ?<\/span><\/h2>\n\n\n\n<p>Assim, a Ministra Maria Thereza de Assis Moura, relatora do leading case REsp 2.169.102\/AL, construiu fundamenta\u00e7\u00e3o inovadora que resolveu definitivamente a controv\u00e9rsia.<\/p>\n\n\n\n<p class=\"has-background\" style=\"background-color:#dddddd\">O voto condutor partiu de premissa fundamental: embora as presta\u00e7\u00f5es de sa\u00fade tenham conte\u00fado econ\u00f4mico mensur\u00e1vel, <span style=\"text-decoration: underline;\">elas n\u00e3o geram proveito patrimonial efetivo para o requerente<\/span>.<\/p>\n\n\n\n<p>Ademais, a decis\u00e3o distinguiu claramente as a\u00e7\u00f5es contra o Poder P\u00fablico daquelas movidas contra operadoras de planos de sa\u00fade privados.<\/p>\n\n\n\n<p>Enquanto nestas \u00faltimas o STJ j\u00e1 havia consolidado que o valor da presta\u00e7\u00e3o integra a base de c\u00e1lculo dos honor\u00e1rios, nas demandas contra entes p\u00fablicos prevaleceu a l\u00f3gica da natureza existencial do direito \u00e0 sa\u00fade.<\/p>\n\n\n\n<h3 class=\"wp-block-heading\" id=\"h-por-que-essa-distincao-entre-publico-e-privado-faz-toda-a-diferenca\"><span id=\"por-que-essa-distincao-entre-publico-e-privado-faz-toda-a-diferenca\">Por que essa distin\u00e7\u00e3o entre p\u00fablico e privado faz toda a diferen\u00e7a?<\/span><\/h3>\n\n\n\n<p>Perceba que essa diferencia\u00e7\u00e3o n\u00e3o \u00e9 meramente formal, mas reflete distin\u00e7\u00f5es substanciais entre os regimes jur\u00eddicos aplic\u00e1veis.<\/p>\n\n\n\n<p>Nas rela\u00e7\u00f5es com operadoras privadas, discute-se fundamentalmente o cumprimento de obriga\u00e7\u00f5es contratuais em ambiente regido pelo <strong><a href=\"https:\/\/www.estrategiaconcursos.com.br\/assinaturas-ecj\/\" target=\"_blank\" >C\u00f3digo de Defesa do Consumidor<\/a><\/strong>.<\/p>\n\n\n\n<p>O benefici\u00e1rio paga mensalidade e tem direito \u00e0 contrapartida estipulada no contrato.<\/p>\n\n\n\n<p>J\u00e1 nas a\u00e7\u00f5es contra o Estado, est\u00e1 em jogo a efetiva\u00e7\u00e3o do mandamento constitucional do artigo 196, que estabelece a sa\u00fade como \u201cdireito de todos e dever do Estado\u201d.<\/p>\n\n\n\n<p>Nesse contexto, a ordem judicial n\u00e3o cria obriga\u00e7\u00e3o nova, mas apenas concretiza dever preexistente do Poder P\u00fablico, individualizando a norma constitucional para o caso espec\u00edfico.<\/p>\n\n\n\n<p>Logo, como observou a Corte Especial em precedente anterior (EREsp 1.838.692), inexiste \u201csimilitude f\u00e1tico-processual\u201d entre as hip\u00f3teses, justificando tratamentos diferenciados para situa\u00e7\u00f5es juridicamente distintas.<\/p>\n\n\n\n<h2 class=\"wp-block-heading\" id=\"h-e-o-cpc\"><span id=\"e-o-cpc\">E o CPC?<\/span><\/h2>\n\n\n\n<p>Como se sabe, a Lei 14.365\/2022 introduziu os par\u00e1grafos 6\u00ba-A e 8\u00ba-A ao artigo 85 do CPC, estabelecendo limita\u00e7\u00f5es ao uso da equidade e criando patamares m\u00ednimos para honor\u00e1rios fixados por esse crit\u00e9rio.<\/p>\n\n\n\n<p>Em resumo, o voto da relatora desenvolveu <strong>interpreta\u00e7\u00e3o sistem\u00e1tica<\/strong> que afasta a aplica\u00e7\u00e3o do par\u00e1grafo 8\u00ba-A nas a\u00e7\u00f5es de sa\u00fade contra o Poder P\u00fablico.<\/p>\n\n\n\n<p>Isto porque, <strong>cidad\u00e3os em situa\u00e7\u00e3o de vulnerabilidade<\/strong> \u2013 afinal, quem busca medicamento judicialmente geralmente n\u00e3o conseguiu obt\u00ea-lo pelos meios ordin\u00e1rios \u2013 seriam for\u00e7ados a escolher entre dois caminhos igualmente dram\u00e1ticos: arriscar a sucumb\u00eancia que poderia dilapidar seu patrim\u00f4nio ou renunciar ao tratamento potencialmente salvador.<\/p>\n\n\n\n<p>Inclusive, sob a perspectiva principiol\u00f3gica, a decis\u00e3o reconheceu que o par\u00e1grafo 8\u00ba-A utiliza marcos estranhos \u00e0 administra\u00e7\u00e3o p\u00fablica.<\/p>\n\n\n\n<p>Isto porque, a tabela de honor\u00e1rios da OAB, por exemplo, n\u00e3o se aplica a advogados p\u00fablicos e defensores p\u00fablicos, que s\u00e3o remunerados por subs\u00eddio.<\/p>\n\n\n\n<p>Desta forma, os percentuais do par\u00e1grafo 2\u00ba destinam-se a rela\u00e7\u00f5es privadas, n\u00e3o \u00e0 condena\u00e7\u00e3o da Fazenda P\u00fablica, regida por regime espec\u00edfico do par\u00e1grafo 3\u00ba.<\/p>\n\n\n\n<p>Assim, decidiu o STJ:<\/p>\n\n\n\n<pre class=\"wp-block-preformatted\">Nas demandas em que se pleiteia do Poder P\u00fablico a satisfa\u00e7\u00e3o do direito \u00e0 sa\u00fade, os honor\u00e1rios advocat\u00edcios s\u00e3o fixados por aprecia\u00e7\u00e3o equitativa, sem aplica\u00e7\u00e3o do art. 85, \u00a7 8\u00ba-A, do C\u00f3digo de Processo Civil.<br><br><strong>STJ. REsp 2.166.690-RN, Rel. Ministra Maria Thereza de Assis Moura, Primeira Se\u00e7\u00e3o, por unanimidade, julgado em 11\/6\/2025 (Tema 1313).<\/strong><\/pre>\n\n\n\n<hr class=\"wp-block-separator has-alpha-channel-opacity\"\/>\n\n\n\n<h2 class=\"wp-block-heading has-text-align-center\" id=\"h-quer-saber-quais-serao-os-proximos-concursos\"><span id=\"quer-saber-quais-serao-os-proximos-concursos\">Quer saber quais ser\u00e3o os pr\u00f3ximos concursos?<\/span><\/h2>\n\n\n\n<pre class=\"wp-block-verse has-text-align-center\">Confira nossos\u00a0<a href=\"https:\/\/cj.estrategia.com\/portal\/\" target=\"_blank\" >artigos para Carreiras Jur\u00eddicas<\/a>!<\/pre>\n\n\n\n<p class=\"has-text-align-center has-white-color has-pale-cyan-blue-background-color has-text-color has-background has-link-color wp-elements-723b3278bf14a50a5e7b7e937b9a17d4\"><a href=\"https:\/\/cj.estrategia.com\/portal\/concursos-abertos-carreiras-juridicas\/\">Concursos jur\u00eddicos abertos<\/a><\/p>\n\n\n\n<p class=\"has-text-align-center has-white-color has-pale-cyan-blue-background-color has-text-color has-background has-link-color wp-elements-41349f36dc977263ca2129bf0f6dd541\"><a href=\"https:\/\/cj.estrategia.com\/portal\/concursos-2025-carreiras-juridicas\/\" target=\"_blank\" >Concursos jur\u00eddicos 2025<\/a><\/p>\n","protected":false},"excerpt":{"rendered":"Em breve s\u00edntese, o Superior Tribunal de Justi\u00e7a definiu que presta\u00e7\u00f5es existenciais n\u00e3o geram proveito econ\u00f4mico mensur\u00e1vel, estabelecendo&hellip;\n","protected":false},"author":93,"featured_media":114753,"comment_status":"open","ping_status":"open","sticky":false,"template":"","format":"standard","meta":{"_jetpack_memberships_contains_paid_content":false,"footnotes":""},"categories":[1],"tags":[2869,1746,1841,972,1896,2726,1655,1437,202,2868],"tax_estado":[30,31,32,33,34,35,36,37,38,39,40,41,42,43,44,45,46,47,48,49,50,51,52,53,54,55,56,57],"class_list":{"0":"post-131835","1":"post","2":"type-post","3":"status-publish","4":"format-standard","5":"has-post-thumbnail","7":"category-carreiras-juridicas","8":"tag-acoes-de-saude","9":"tag-cdc-codigo-de-defesa-do-consumidor","10":"tag-codigo-de-processo-civil-cpc","11":"tag-direito-a-saude","12":"tag-direito-processual","13":"tag-equidade","14":"tag-honorarios-advocaticios","15":"tag-saude-publica","16":"tag-stj","17":"tag-tema-1-313-stj","18":"tax_estado-ac","19":"tax_estado-al","20":"tax_estado-am","21":"tax_estado-ap","22":"tax_estado-ba","23":"tax_estado-ce","24":"tax_estado-concursos-federais","25":"tax_estado-df","26":"tax_estado-es","27":"tax_estado-go","28":"tax_estado-ma","29":"tax_estado-mg","30":"tax_estado-ms","31":"tax_estado-mt","32":"tax_estado-pa","33":"tax_estado-pb","34":"tax_estado-pe","35":"tax_estado-pi","36":"tax_estado-pr","37":"tax_estado-rj","38":"tax_estado-rn","39":"tax_estado-ro","40":"tax_estado-rr","41":"tax_estado-rs","42":"tax_estado-sc","43":"tax_estado-se","44":"tax_estado-sp","45":"tax_estado-to"},"acf":[],"yoast_head":"<!-- This site is optimized with the Yoast SEO Premium plugin v27.5 (Yoast SEO v27.5) - https:\/\/yoast.com\/product\/yoast-seo-premium-wordpress\/ -->\n<title>Crit\u00e9rio para honor\u00e1rios em a\u00e7\u00f5es de sa\u00fade: equidade<\/title>\n<meta name=\"description\" content=\"O STJ consolidou entendimento sobre crit\u00e9rio de c\u00e1lculo de honor\u00e1rios advocat\u00edcios nas a\u00e7\u00f5es de sa\u00fade envolvendo cidad\u00e3os e o Estado.\" \/>\n<meta name=\"robots\" content=\"index, follow, max-snippet:-1, max-image-preview:large, max-video-preview:-1\" \/>\n<link rel=\"canonical\" href=\"https:\/\/cj.estrategia.com\/portal\/criterio-honorarios-acoes-saude-equidade\/\" \/>\n<meta property=\"og:locale\" content=\"pt_BR\" \/>\n<meta property=\"og:type\" content=\"article\" \/>\n<meta property=\"og:title\" content=\"Crit\u00e9rio para honor\u00e1rios em a\u00e7\u00f5es de sa\u00fade: equidade\" \/>\n<meta property=\"og:description\" content=\"O STJ consolidou entendimento sobre crit\u00e9rio de c\u00e1lculo de honor\u00e1rios advocat\u00edcios nas a\u00e7\u00f5es de sa\u00fade envolvendo cidad\u00e3os e o Estado.\" \/>\n<meta property=\"og:url\" content=\"https:\/\/cj.estrategia.com\/portal\/criterio-honorarios-acoes-saude-equidade\/\" \/>\n<meta property=\"og:site_name\" content=\"Blog - Carreiras Jur\u00eddicas - Estrat\u00e9gia\" \/>\n<meta property=\"article:publisher\" content=\"https:\/\/www.facebook.com\/estrategiacarreirajuridica\/\" \/>\n<meta property=\"article:published_time\" content=\"2025-06-28T02:21:28+00:00\" \/>\n<meta property=\"article:modified_time\" content=\"2025-06-30T13:52:44+00:00\" \/>\n<meta property=\"og:image\" content=\"https:\/\/cj.estrategia.com\/portal\/wp-content\/uploads\/2025\/04\/24214121\/advogado-advocacia-processo-honorarios-justica.jpg\" \/>\n\t<meta property=\"og:image:width\" content=\"2000\" \/>\n\t<meta property=\"og:image:height\" content=\"1300\" \/>\n\t<meta property=\"og:image:type\" content=\"image\/jpeg\" \/>\n<meta name=\"author\" content=\"Felipe Duque\" \/>\n<meta name=\"twitter:card\" content=\"summary_large_image\" \/>\n<meta name=\"twitter:creator\" content=\"@https:\/\/x.com\/ProfessorDuque\" \/>\n<meta name=\"twitter:site\" content=\"@EstratJuridica\" \/>\n<meta name=\"twitter:label1\" content=\"Escrito por\" \/>\n\t<meta name=\"twitter:data1\" content=\"Felipe Duque\" \/>\n\t<meta name=\"twitter:label2\" content=\"Est. tempo de leitura\" \/>\n\t<meta name=\"twitter:data2\" content=\"5 minutos\" \/>\n<script type=\"application\/ld+json\" class=\"yoast-schema-graph\">{\"@context\":\"https:\\\/\\\/schema.org\",\"@graph\":[{\"@type\":\"NewsArticle\",\"@id\":\"https:\\\/\\\/cj.estrategia.com\\\/portal\\\/criterio-honorarios-acoes-saude-equidade\\\/#article\",\"isPartOf\":{\"@id\":\"https:\\\/\\\/cj.estrategia.com\\\/portal\\\/criterio-honorarios-acoes-saude-equidade\\\/\"},\"author\":{\"name\":\"Felipe Duque\",\"@id\":\"https:\\\/\\\/cj.estrategia.com\\\/portal\\\/#\\\/schema\\\/person\\\/b5b0253b269d7130d1f7770b1ba29285\"},\"headline\":\"Crit\u00e9rio para honor\u00e1rios em a\u00e7\u00f5es de sa\u00fade: equidade\",\"datePublished\":\"2025-06-28T02:21:28+00:00\",\"dateModified\":\"2025-06-30T13:52:44+00:00\",\"mainEntityOfPage\":{\"@id\":\"https:\\\/\\\/cj.estrategia.com\\\/portal\\\/criterio-honorarios-acoes-saude-equidade\\\/\"},\"wordCount\":960,\"commentCount\":0,\"publisher\":{\"@id\":\"https:\\\/\\\/cj.estrategia.com\\\/portal\\\/#organization\"},\"image\":{\"@id\":\"https:\\\/\\\/cj.estrategia.com\\\/portal\\\/criterio-honorarios-acoes-saude-equidade\\\/#primaryimage\"},\"thumbnailUrl\":\"https:\\\/\\\/cj.estrategia.com\\\/portal\\\/wp-content\\\/uploads\\\/2025\\\/04\\\/24214121\\\/advogado-advocacia-processo-honorarios-justica.jpg\",\"keywords\":[\"a\u00e7\u00f5es de sa\u00fade\",\"CDC - C\u00f3digo de Defesa do Consumidor\",\"C\u00f3digo de Processo Civil (CPC)\",\"direito \u00e0 sa\u00fade\",\"direito processual\",\"equidade\",\"honor\u00e1rios advocat\u00edcios\",\"sa\u00fade p\u00fablica\",\"STJ\",\"Tema 1.313 STJ\"],\"articleSection\":[\"Carreiras Jur\u00eddicas\"],\"inLanguage\":\"pt-BR\",\"potentialAction\":[{\"@type\":\"CommentAction\",\"name\":\"Comment\",\"target\":[\"https:\\\/\\\/cj.estrategia.com\\\/portal\\\/criterio-honorarios-acoes-saude-equidade\\\/#respond\"]}]},{\"@type\":\"WebPage\",\"@id\":\"https:\\\/\\\/cj.estrategia.com\\\/portal\\\/criterio-honorarios-acoes-saude-equidade\\\/\",\"url\":\"https:\\\/\\\/cj.estrategia.com\\\/portal\\\/criterio-honorarios-acoes-saude-equidade\\\/\",\"name\":\"Crit\u00e9rio para honor\u00e1rios em a\u00e7\u00f5es de sa\u00fade: equidade\",\"isPartOf\":{\"@id\":\"https:\\\/\\\/cj.estrategia.com\\\/portal\\\/#website\"},\"primaryImageOfPage\":{\"@id\":\"https:\\\/\\\/cj.estrategia.com\\\/portal\\\/criterio-honorarios-acoes-saude-equidade\\\/#primaryimage\"},\"image\":{\"@id\":\"https:\\\/\\\/cj.estrategia.com\\\/portal\\\/criterio-honorarios-acoes-saude-equidade\\\/#primaryimage\"},\"thumbnailUrl\":\"https:\\\/\\\/cj.estrategia.com\\\/portal\\\/wp-content\\\/uploads\\\/2025\\\/04\\\/24214121\\\/advogado-advocacia-processo-honorarios-justica.jpg\",\"datePublished\":\"2025-06-28T02:21:28+00:00\",\"dateModified\":\"2025-06-30T13:52:44+00:00\",\"description\":\"O STJ consolidou entendimento sobre crit\u00e9rio de c\u00e1lculo de honor\u00e1rios advocat\u00edcios nas a\u00e7\u00f5es de sa\u00fade envolvendo cidad\u00e3os e o Estado.\",\"breadcrumb\":{\"@id\":\"https:\\\/\\\/cj.estrategia.com\\\/portal\\\/criterio-honorarios-acoes-saude-equidade\\\/#breadcrumb\"},\"inLanguage\":\"pt-BR\",\"potentialAction\":[{\"@type\":\"ReadAction\",\"target\":[\"https:\\\/\\\/cj.estrategia.com\\\/portal\\\/criterio-honorarios-acoes-saude-equidade\\\/\"]}]},{\"@type\":\"ImageObject\",\"inLanguage\":\"pt-BR\",\"@id\":\"https:\\\/\\\/cj.estrategia.com\\\/portal\\\/criterio-honorarios-acoes-saude-equidade\\\/#primaryimage\",\"url\":\"https:\\\/\\\/cj.estrategia.com\\\/portal\\\/wp-content\\\/uploads\\\/2025\\\/04\\\/24214121\\\/advogado-advocacia-processo-honorarios-justica.jpg\",\"contentUrl\":\"https:\\\/\\\/cj.estrategia.com\\\/portal\\\/wp-content\\\/uploads\\\/2025\\\/04\\\/24214121\\\/advogado-advocacia-processo-honorarios-justica.jpg\",\"width\":2000,\"height\":1300},{\"@type\":\"BreadcrumbList\",\"@id\":\"https:\\\/\\\/cj.estrategia.com\\\/portal\\\/criterio-honorarios-acoes-saude-equidade\\\/#breadcrumb\",\"itemListElement\":[{\"@type\":\"ListItem\",\"position\":1,\"name\":\"In\u00edcio\",\"item\":\"https:\\\/\\\/cj.estrategia.com\\\/portal\\\/\"},{\"@type\":\"ListItem\",\"position\":2,\"name\":\"Crit\u00e9rio para honor\u00e1rios em a\u00e7\u00f5es de sa\u00fade: equidade\"}]},{\"@type\":\"WebSite\",\"@id\":\"https:\\\/\\\/cj.estrategia.com\\\/portal\\\/#website\",\"url\":\"https:\\\/\\\/cj.estrategia.com\\\/portal\\\/\",\"name\":\"Blog - Carreiras Jur\u00eddicas - Estrat\u00e9gia\",\"description\":\"\",\"publisher\":{\"@id\":\"https:\\\/\\\/cj.estrategia.com\\\/portal\\\/#organization\"},\"potentialAction\":[{\"@type\":\"SearchAction\",\"target\":{\"@type\":\"EntryPoint\",\"urlTemplate\":\"https:\\\/\\\/cj.estrategia.com\\\/portal\\\/?s={search_term_string}\"},\"query-input\":{\"@type\":\"PropertyValueSpecification\",\"valueRequired\":true,\"valueName\":\"search_term_string\"}}],\"inLanguage\":\"pt-BR\"},{\"@type\":\"Organization\",\"@id\":\"https:\\\/\\\/cj.estrategia.com\\\/portal\\\/#organization\",\"name\":\"Estrat\u00e9gia - Carreiras Jur\u00eddicas\",\"url\":\"https:\\\/\\\/cj.estrategia.com\\\/portal\\\/\",\"logo\":{\"@type\":\"ImageObject\",\"inLanguage\":\"pt-BR\",\"@id\":\"https:\\\/\\\/cj.estrategia.com\\\/portal\\\/#\\\/schema\\\/logo\\\/image\\\/\",\"url\":\"https:\\\/\\\/cj.estrategia.com\\\/portal\\\/wp-content\\\/uploads\\\/2022\\\/03\\\/11151052\\\/cj-logo.png\",\"contentUrl\":\"https:\\\/\\\/cj.estrategia.com\\\/portal\\\/wp-content\\\/uploads\\\/2022\\\/03\\\/11151052\\\/cj-logo.png\",\"width\":150,\"height\":39,\"caption\":\"Estrat\u00e9gia - Carreiras Jur\u00eddicas\"},\"image\":{\"@id\":\"https:\\\/\\\/cj.estrategia.com\\\/portal\\\/#\\\/schema\\\/logo\\\/image\\\/\"},\"sameAs\":[\"https:\\\/\\\/www.facebook.com\\\/estrategiacarreirajuridica\\\/\",\"https:\\\/\\\/x.com\\\/EstratJuridica\",\"https:\\\/\\\/www.instagram.com\\\/estrategiacarreirajuridica\\\/\",\"https:\\\/\\\/www.youtube.com\\\/channel\\\/UClbMGuYbj2Mh1m3w144ETWQ\"]},{\"@type\":\"Person\",\"@id\":\"https:\\\/\\\/cj.estrategia.com\\\/portal\\\/#\\\/schema\\\/person\\\/b5b0253b269d7130d1f7770b1ba29285\",\"name\":\"Felipe Duque\",\"image\":{\"@type\":\"ImageObject\",\"inLanguage\":\"pt-BR\",\"@id\":\"https:\\\/\\\/cj.estrategia.com\\\/portal\\\/wp-content\\\/uploads\\\/2024\\\/08\\\/06162009\\\/Captura-de-Tela-2024-08-06-as-16.19.26-96x96.png\",\"url\":\"https:\\\/\\\/cj.estrategia.com\\\/portal\\\/wp-content\\\/uploads\\\/2024\\\/08\\\/06162009\\\/Captura-de-Tela-2024-08-06-as-16.19.26-96x96.png\",\"contentUrl\":\"https:\\\/\\\/cj.estrategia.com\\\/portal\\\/wp-content\\\/uploads\\\/2024\\\/08\\\/06162009\\\/Captura-de-Tela-2024-08-06-as-16.19.26-96x96.png\",\"caption\":\"Felipe Duque\"},\"description\":\"Felipe Duque - Mestre em Direito Pol\u00edtico e Econ\u00f4mico na Mackenzie-SP. Graduado em Direito pela Universidade Cat\u00f3lica de Pernambuco, com conclus\u00e3o pelo regime de Aproveitamento Extraordin\u00e1rio nos Estudos (art. 47, \u00a7 2\u00ba, da Lei n\u00ba 9.394\\\/96). Ex-Assessor de Desembargador no TJPE. Procurador da Fazenda Nacional. Integra voluntariamente a Coordena\u00e7\u00e3o de Assuntos Estrat\u00e9gicos Judiciais da PGFN. Professor do Estrat\u00e9gia Carreira Jur\u00eddica, Estrat\u00e9gia OAB e Buscador Dizer o Direito. Autor do livro \u201cReforma Tribut\u00e1ria Comentada e Esquematizada\u201d, \\\"Manual de Processo Tribut\u00e1rio: Administrativo e Judicial\\\" pela editora Juspodivm Parecerista na Revista de Estudos Jur\u00eddicos do Superior Tribunal de Justi\u00e7a (REJuriSTJ)\",\"sameAs\":[\"http:\\\/\\\/lattes.cnpq.br\\\/5755137268084324\",\"https:\\\/\\\/www.instagram.com\\\/felipe_duque\\\/\",\"https:\\\/\\\/br.linkedin.com\\\/in\\\/felipe-duque-56954638\",\"https:\\\/\\\/x.com\\\/https:\\\/\\\/x.com\\\/ProfessorDuque\",\"https:\\\/\\\/www.youtube.com\\\/@felipeduque-experienciasco5797\"],\"url\":\"https:\\\/\\\/cj.estrategia.com\\\/portal\\\/author\\\/felipe-duque\\\/\"}]}<\/script>\n<!-- \/ Yoast SEO Premium plugin. -->","yoast_head_json":{"title":"Crit\u00e9rio para honor\u00e1rios em a\u00e7\u00f5es de sa\u00fade: equidade","description":"O STJ consolidou entendimento sobre crit\u00e9rio de c\u00e1lculo de honor\u00e1rios advocat\u00edcios nas a\u00e7\u00f5es de sa\u00fade envolvendo cidad\u00e3os e o Estado.","robots":{"index":"index","follow":"follow","max-snippet":"max-snippet:-1","max-image-preview":"max-image-preview:large","max-video-preview":"max-video-preview:-1"},"canonical":"https:\/\/cj.estrategia.com\/portal\/criterio-honorarios-acoes-saude-equidade\/","og_locale":"pt_BR","og_type":"article","og_title":"Crit\u00e9rio para honor\u00e1rios em a\u00e7\u00f5es de sa\u00fade: equidade","og_description":"O STJ consolidou entendimento sobre crit\u00e9rio de c\u00e1lculo de honor\u00e1rios advocat\u00edcios nas a\u00e7\u00f5es de sa\u00fade envolvendo cidad\u00e3os e o Estado.","og_url":"https:\/\/cj.estrategia.com\/portal\/criterio-honorarios-acoes-saude-equidade\/","og_site_name":"Blog - Carreiras Jur\u00eddicas - Estrat\u00e9gia","article_publisher":"https:\/\/www.facebook.com\/estrategiacarreirajuridica\/","article_published_time":"2025-06-28T02:21:28+00:00","article_modified_time":"2025-06-30T13:52:44+00:00","og_image":[{"width":2000,"height":1300,"url":"https:\/\/cj.estrategia.com\/portal\/wp-content\/uploads\/2025\/04\/24214121\/advogado-advocacia-processo-honorarios-justica.jpg","type":"image\/jpeg"}],"author":"Felipe Duque","twitter_card":"summary_large_image","twitter_creator":"@https:\/\/x.com\/ProfessorDuque","twitter_site":"@EstratJuridica","twitter_misc":{"Escrito por":"Felipe Duque","Est. tempo de leitura":"5 minutos"},"schema":{"@context":"https:\/\/schema.org","@graph":[{"@type":"NewsArticle","@id":"https:\/\/cj.estrategia.com\/portal\/criterio-honorarios-acoes-saude-equidade\/#article","isPartOf":{"@id":"https:\/\/cj.estrategia.com\/portal\/criterio-honorarios-acoes-saude-equidade\/"},"author":{"name":"Felipe Duque","@id":"https:\/\/cj.estrategia.com\/portal\/#\/schema\/person\/b5b0253b269d7130d1f7770b1ba29285"},"headline":"Crit\u00e9rio para honor\u00e1rios em a\u00e7\u00f5es de sa\u00fade: equidade","datePublished":"2025-06-28T02:21:28+00:00","dateModified":"2025-06-30T13:52:44+00:00","mainEntityOfPage":{"@id":"https:\/\/cj.estrategia.com\/portal\/criterio-honorarios-acoes-saude-equidade\/"},"wordCount":960,"commentCount":0,"publisher":{"@id":"https:\/\/cj.estrategia.com\/portal\/#organization"},"image":{"@id":"https:\/\/cj.estrategia.com\/portal\/criterio-honorarios-acoes-saude-equidade\/#primaryimage"},"thumbnailUrl":"https:\/\/cj.estrategia.com\/portal\/wp-content\/uploads\/2025\/04\/24214121\/advogado-advocacia-processo-honorarios-justica.jpg","keywords":["a\u00e7\u00f5es de sa\u00fade","CDC - C\u00f3digo de Defesa do Consumidor","C\u00f3digo de Processo Civil (CPC)","direito \u00e0 sa\u00fade","direito processual","equidade","honor\u00e1rios advocat\u00edcios","sa\u00fade p\u00fablica","STJ","Tema 1.313 STJ"],"articleSection":["Carreiras Jur\u00eddicas"],"inLanguage":"pt-BR","potentialAction":[{"@type":"CommentAction","name":"Comment","target":["https:\/\/cj.estrategia.com\/portal\/criterio-honorarios-acoes-saude-equidade\/#respond"]}]},{"@type":"WebPage","@id":"https:\/\/cj.estrategia.com\/portal\/criterio-honorarios-acoes-saude-equidade\/","url":"https:\/\/cj.estrategia.com\/portal\/criterio-honorarios-acoes-saude-equidade\/","name":"Crit\u00e9rio para honor\u00e1rios em a\u00e7\u00f5es de sa\u00fade: equidade","isPartOf":{"@id":"https:\/\/cj.estrategia.com\/portal\/#website"},"primaryImageOfPage":{"@id":"https:\/\/cj.estrategia.com\/portal\/criterio-honorarios-acoes-saude-equidade\/#primaryimage"},"image":{"@id":"https:\/\/cj.estrategia.com\/portal\/criterio-honorarios-acoes-saude-equidade\/#primaryimage"},"thumbnailUrl":"https:\/\/cj.estrategia.com\/portal\/wp-content\/uploads\/2025\/04\/24214121\/advogado-advocacia-processo-honorarios-justica.jpg","datePublished":"2025-06-28T02:21:28+00:00","dateModified":"2025-06-30T13:52:44+00:00","description":"O STJ consolidou entendimento sobre crit\u00e9rio de c\u00e1lculo de honor\u00e1rios advocat\u00edcios nas a\u00e7\u00f5es de sa\u00fade envolvendo cidad\u00e3os e o Estado.","breadcrumb":{"@id":"https:\/\/cj.estrategia.com\/portal\/criterio-honorarios-acoes-saude-equidade\/#breadcrumb"},"inLanguage":"pt-BR","potentialAction":[{"@type":"ReadAction","target":["https:\/\/cj.estrategia.com\/portal\/criterio-honorarios-acoes-saude-equidade\/"]}]},{"@type":"ImageObject","inLanguage":"pt-BR","@id":"https:\/\/cj.estrategia.com\/portal\/criterio-honorarios-acoes-saude-equidade\/#primaryimage","url":"https:\/\/cj.estrategia.com\/portal\/wp-content\/uploads\/2025\/04\/24214121\/advogado-advocacia-processo-honorarios-justica.jpg","contentUrl":"https:\/\/cj.estrategia.com\/portal\/wp-content\/uploads\/2025\/04\/24214121\/advogado-advocacia-processo-honorarios-justica.jpg","width":2000,"height":1300},{"@type":"BreadcrumbList","@id":"https:\/\/cj.estrategia.com\/portal\/criterio-honorarios-acoes-saude-equidade\/#breadcrumb","itemListElement":[{"@type":"ListItem","position":1,"name":"In\u00edcio","item":"https:\/\/cj.estrategia.com\/portal\/"},{"@type":"ListItem","position":2,"name":"Crit\u00e9rio para honor\u00e1rios em a\u00e7\u00f5es de sa\u00fade: equidade"}]},{"@type":"WebSite","@id":"https:\/\/cj.estrategia.com\/portal\/#website","url":"https:\/\/cj.estrategia.com\/portal\/","name":"Blog - Carreiras Jur\u00eddicas - Estrat\u00e9gia","description":"","publisher":{"@id":"https:\/\/cj.estrategia.com\/portal\/#organization"},"potentialAction":[{"@type":"SearchAction","target":{"@type":"EntryPoint","urlTemplate":"https:\/\/cj.estrategia.com\/portal\/?s={search_term_string}"},"query-input":{"@type":"PropertyValueSpecification","valueRequired":true,"valueName":"search_term_string"}}],"inLanguage":"pt-BR"},{"@type":"Organization","@id":"https:\/\/cj.estrategia.com\/portal\/#organization","name":"Estrat\u00e9gia - Carreiras Jur\u00eddicas","url":"https:\/\/cj.estrategia.com\/portal\/","logo":{"@type":"ImageObject","inLanguage":"pt-BR","@id":"https:\/\/cj.estrategia.com\/portal\/#\/schema\/logo\/image\/","url":"https:\/\/cj.estrategia.com\/portal\/wp-content\/uploads\/2022\/03\/11151052\/cj-logo.png","contentUrl":"https:\/\/cj.estrategia.com\/portal\/wp-content\/uploads\/2022\/03\/11151052\/cj-logo.png","width":150,"height":39,"caption":"Estrat\u00e9gia - Carreiras Jur\u00eddicas"},"image":{"@id":"https:\/\/cj.estrategia.com\/portal\/#\/schema\/logo\/image\/"},"sameAs":["https:\/\/www.facebook.com\/estrategiacarreirajuridica\/","https:\/\/x.com\/EstratJuridica","https:\/\/www.instagram.com\/estrategiacarreirajuridica\/","https:\/\/www.youtube.com\/channel\/UClbMGuYbj2Mh1m3w144ETWQ"]},{"@type":"Person","@id":"https:\/\/cj.estrategia.com\/portal\/#\/schema\/person\/b5b0253b269d7130d1f7770b1ba29285","name":"Felipe Duque","image":{"@type":"ImageObject","inLanguage":"pt-BR","@id":"https:\/\/cj.estrategia.com\/portal\/wp-content\/uploads\/2024\/08\/06162009\/Captura-de-Tela-2024-08-06-as-16.19.26-96x96.png","url":"https:\/\/cj.estrategia.com\/portal\/wp-content\/uploads\/2024\/08\/06162009\/Captura-de-Tela-2024-08-06-as-16.19.26-96x96.png","contentUrl":"https:\/\/cj.estrategia.com\/portal\/wp-content\/uploads\/2024\/08\/06162009\/Captura-de-Tela-2024-08-06-as-16.19.26-96x96.png","caption":"Felipe Duque"},"description":"Felipe Duque - Mestre em Direito Pol\u00edtico e Econ\u00f4mico na Mackenzie-SP. Graduado em Direito pela Universidade Cat\u00f3lica de Pernambuco, com conclus\u00e3o pelo regime de Aproveitamento Extraordin\u00e1rio nos Estudos (art. 47, \u00a7 2\u00ba, da Lei n\u00ba 9.394\/96). Ex-Assessor de Desembargador no TJPE. Procurador da Fazenda Nacional. Integra voluntariamente a Coordena\u00e7\u00e3o de Assuntos Estrat\u00e9gicos Judiciais da PGFN. Professor do Estrat\u00e9gia Carreira Jur\u00eddica, Estrat\u00e9gia OAB e Buscador Dizer o Direito. Autor do livro \u201cReforma Tribut\u00e1ria Comentada e Esquematizada\u201d, \"Manual de Processo Tribut\u00e1rio: Administrativo e Judicial\" pela editora Juspodivm Parecerista na Revista de Estudos Jur\u00eddicos do Superior Tribunal de Justi\u00e7a (REJuriSTJ)","sameAs":["http:\/\/lattes.cnpq.br\/5755137268084324","https:\/\/www.instagram.com\/felipe_duque\/","https:\/\/br.linkedin.com\/in\/felipe-duque-56954638","https:\/\/x.com\/https:\/\/x.com\/ProfessorDuque","https:\/\/www.youtube.com\/@felipeduque-experienciasco5797"],"url":"https:\/\/cj.estrategia.com\/portal\/author\/felipe-duque\/"}]}},"jetpack_featured_media_url":"https:\/\/cj.estrategia.com\/portal\/wp-content\/uploads\/2025\/04\/24214121\/advogado-advocacia-processo-honorarios-justica.jpg","jetpack_sharing_enabled":true,"_links":{"self":[{"href":"https:\/\/cj.estrategia.com\/portal\/wp-json\/wp\/v2\/posts\/131835","targetHints":{"allow":["GET"]}}],"collection":[{"href":"https:\/\/cj.estrategia.com\/portal\/wp-json\/wp\/v2\/posts"}],"about":[{"href":"https:\/\/cj.estrategia.com\/portal\/wp-json\/wp\/v2\/types\/post"}],"author":[{"embeddable":true,"href":"https:\/\/cj.estrategia.com\/portal\/wp-json\/wp\/v2\/users\/93"}],"replies":[{"embeddable":true,"href":"https:\/\/cj.estrategia.com\/portal\/wp-json\/wp\/v2\/comments?post=131835"}],"version-history":[{"count":0,"href":"https:\/\/cj.estrategia.com\/portal\/wp-json\/wp\/v2\/posts\/131835\/revisions"}],"wp:featuredmedia":[{"embeddable":true,"href":"https:\/\/cj.estrategia.com\/portal\/wp-json\/wp\/v2\/media\/114753"}],"wp:attachment":[{"href":"https:\/\/cj.estrategia.com\/portal\/wp-json\/wp\/v2\/media?parent=131835"}],"wp:term":[{"taxonomy":"category","embeddable":true,"href":"https:\/\/cj.estrategia.com\/portal\/wp-json\/wp\/v2\/categories?post=131835"},{"taxonomy":"post_tag","embeddable":true,"href":"https:\/\/cj.estrategia.com\/portal\/wp-json\/wp\/v2\/tags?post=131835"},{"taxonomy":"tax_estado","embeddable":true,"href":"https:\/\/cj.estrategia.com\/portal\/wp-json\/wp\/v2\/tax_estado?post=131835"}],"curies":[{"name":"wp","href":"https:\/\/api.w.org\/{rel}","templated":true}]}}