{"id":131516,"date":"2025-06-26T20:53:21","date_gmt":"2025-06-26T23:53:21","guid":{"rendered":"https:\/\/cj.estrategia.com\/portal\/?p=131516"},"modified":"2025-06-26T20:57:52","modified_gmt":"2025-06-26T23:57:52","slug":"cartorios-tj-ce-plano-de-estudos-pos-edital","status":"publish","type":"post","link":"https:\/\/cj.estrategia.com\/portal\/cartorios-tj-ce-plano-de-estudos-pos-edital\/","title":{"rendered":"Cart\u00f3rios TJ CE &#8211; Plano de estudos p\u00f3s-edital para sair na frente!"},"content":{"rendered":"\n<p>O <strong>Estrat\u00e9gia Carreira Jur\u00eddica exibir\u00e1<\/strong>, <strong>nesta sexta-feira, 27 de junho, \u00e0s 18h<\/strong>, <strong>o webin\u00e1rio \u201cCart\u00f3rios TJ CE: Plano de Estudos P\u00f3s-Edital\u201d<\/strong>, focado no <strong>concurso p\u00fablico para outorga de delega\u00e7\u00f5es de notas e de registro do Estado do Cear\u00e1.<\/strong><\/p>\n\n\n\n<p><strong>Gratuita<\/strong>, a transmiss\u00e3o tem como objetivo<strong> orientar os candidatos do certame sobre como organizar uma prepara\u00e7\u00e3o at\u00e9 a aplica\u00e7\u00e3o das provas.<\/strong><\/p>\n\n\n\n<p><strong>Leonardo Fernandes<\/strong> conduzir\u00e1 o encontro e trar\u00e1 dicas pr\u00e1ticas atualizadas sobre como montar um cronograma eficiente, bem como priorizar disciplinas e aproveitar melhor seu tempo de estudo.<\/p>\n\n\n\n<p class=\"has-text-align-center has-vivid-red-color has-text-color has-link-color wp-elements-82824650def8ae09e2cdeae88de81f28\"><strong>N\u00e3o perca essa oportunidade de aprimorar sua prepara\u00e7\u00e3o.\u00a0Assista ao vivo e participe!<\/strong><\/p>\n\n\n\n<figure class=\"wp-block-embed is-type-video is-provider-youtube wp-block-embed-youtube wp-embed-aspect-16-9 wp-has-aspect-ratio\"><div class=\"wp-block-embed__wrapper\">\n<div class=\"cs-embed cs-embed-responsive\"><iframe title=\"Cart\u00f3rios TJ CE - Plano de estudos P\u00f3s-Edital\" width=\"1200\" height=\"675\" src=\"https:\/\/www.youtube.com\/embed\/O1MmO3zkjpc?feature=oembed\" frameborder=\"0\" allow=\"accelerometer; autoplay; clipboard-write; encrypted-media; gyroscope; picture-in-picture; web-share\" referrerpolicy=\"strict-origin-when-cross-origin\" allowfullscreen><\/iframe><\/div>\n<\/div><\/figure>\n\n\n<a id=\"cta-icon\" href=\"https:\/\/sndflw.com\/i\/cartorios-grupo\" target=\"blank\" style=\"background:rgb(41,166,26)\">\n            <img decoding=\"async\" src=\"https:\/\/cj.estrategia.com\/portal\/wp-content\/uploads\/2023\/12\/07160657\/whatsapp_1385.webp\" alt=\"\" alt=\"whatsapp_1385\"><span > Acesse agora o Grupo de Estudos para Concursos Cart\u00f3rio <\/span><\/a>\n\n\n\n<h2 class=\"wp-block-heading has-text-align-center\" id=\"h-voce-sonha-em-assumir-um-cartorio-no-ceara-entao-transforme-esse-sonho-em-realidade\"><span id=\"voce-sonha-em-assumir-um-cartorio-no-ceara-entao-transforme-esse-sonho-em-realidade-%f0%9f%a6%89\">Voc\u00ea sonha em assumir um cart\u00f3rio no Cear\u00e1? Ent\u00e3o transforme esse sonho em realidade! \ud83e\udd89<\/span><\/h2>\n\n\n\n<p class=\"has-text-align-center\"><strong><mark style=\"background-color:rgba(0, 0, 0, 0)\" class=\"has-inline-color has-vivid-red-color\">Clique no banner e d\u00ea o primeiro passo!<\/mark> \ud83d\udc47<\/strong><\/p>\n\n\n\n<div class=\"container\" id=\"boxes\">\n  <div class=\"row\">\n\n    <div class=\"col-sm\">\n      <div class=\"banner-estrategia-concursos-juridicos\" id=\"box-assinatura\">\n        <h3 id=\"cursos-para-cartorio-ce\" class=\"titulo-assinatura\">Cursos para Cart\u00f3rio CE<\/h3>\n        <p class=\"subtitulo-assinatura\">Conhe\u00e7a o curso<\/p>\n        <div class=\"box-botao\">\n          <a class=\"btn-assinatura-juridica\" target=\"_blank\" href=\"https:\/\/cj.estrategia.com\/curso\/cartorios-do-tj-ce-pacote-teorico\/\" role=\"button\" rel=\"noopener noreferrer\">Conhe\u00e7a mais<\/a>\n        <\/div>\n      <\/div>\n      <p class=\"texto-auxiliar\">Prepare-se com o melhor material e com quem mais aprova em Concursos P\u00fablicos em todo o pa\u00eds. Assine agora a nossa Assinatura Anual e tenha acesso ilimitado* a todos os nossos cursos.<\/p>\n    <\/div>\n\n  <\/div>\n<\/div>\n\n\n\n<h2 class=\"wp-block-heading\" id=\"h-quais-sao-os-requisitos-para-o-concurso-cartorios-ce\"><span id=\"quais-sao-os-requisitos-para-o-concurso-cartorios-ce\">Quais s\u00e3o os requisitos para o concurso Cart\u00f3rios CE?<\/span><\/h2>\n\n\n\n<p><strong>Provimento<\/strong><\/p>\n\n\n\n<ul class=\"wp-block-list\">\n<li>O candidato que concorre por provimento deve comprovar que \u00e9 bacharel em Direito, com diploma registrado, ou que exerceu atividades em servi\u00e7o notarial ou de registro por, no m\u00ednimo, dez anos antes da primeira publica\u00e7\u00e3o deste edital, conforme o artigo 15, \u00a7 2\u00ba, da Lei n\u00ba 8.935\/1994.<br><\/li>\n<\/ul>\n\n\n\n<p><strong>Remo\u00e7\u00e3o<\/strong><\/p>\n\n\n\n<ul class=\"wp-block-list\">\n<li>O candidato que concorre por remo\u00e7\u00e3o deve comprovar que exerce a titularidade de serventia extrajudicial em qualquer localidade do Estado do Cear\u00e1 h\u00e1 mais de dois anos, contados at\u00e9 a data da primeira publica\u00e7\u00e3o do edital.<\/li>\n<\/ul>\n\n\n\n<p class=\"has-text-align-center\"><em>Quer ficar por dentro de todos os detalhes acerca do concurso p\u00fablico para outorga de delega\u00e7\u00f5es de notas e de registro do Estado do Cear\u00e1. Ent\u00e3o confira nosso artigo!<\/em><\/p>\n\n\n\n<p class=\"has-text-align-center has-luminous-vivid-amber-to-luminous-vivid-orange-gradient-background has-background\"><strong><a href=\"https:\/\/cj.estrategia.com\/portal\/concurso-cartorio-ce\/\">Concurso Cart\u00f3rios CE<\/a><\/strong><\/p>\n\n\n\n<h2 class=\"wp-block-heading has-text-align-center\" id=\"h-quer-saber-tudo-sobre-concursos-previstos-confira-nossos-artigos\"><span id=\"quer-saber-tudo-sobre-concursos-previstosconfira-nossos-artigos\">Quer saber tudo sobre concursos previstos?<br><strong>Confira nossos artigos!<\/strong><\/span><\/h2>\n\n\n\n<ul class=\"wp-block-list\">\n<li><a href=\"https:\/\/cj.estrategia.com\/portal\/concursos-abertos-carreiras-juridicas\/\" target=\"_blank\" >Concursos Jur\u00eddicos abertos<\/a><\/li>\n\n\n\n<li><a href=\"https:\/\/cj.estrategia.com\/portal\/concursos-2025-carreiras-juridicas\/\" target=\"_blank\" >Concursos Jur\u00eddicos 2025<\/a><\/li>\n\n\n\n<li><a href=\"https:\/\/cj.estrategia.com\/portal\/concursos-de-cartorio\/\" target=\"_blank\" >Concursos Cart\u00f3rios<\/a><\/li>\n\n\n\n<li><a href=\"https:\/\/cj.estrategia.com\/portal\/exame-nacional-de-cartorios\/\">Exame Nacional de Cart\u00f3rios<\/a><\/li>\n<\/ul>\n\n\n\n<ul class=\"wp-block-list\"><\/ul>\n\n\n\n<ul class=\"wp-block-list\"><\/ul>\n\n\n\n<h2 class=\"wp-block-heading has-text-align-center\" id=\"cursos-concurso-cartorio-ro\"><span id=\"escolha-o-plano-ideal-de-assinatura-para-sua-preparacao\">Escolha o plano ideal de assinatura para sua prepara\u00e7\u00e3o!<\/span><\/h2>\n\n\n\n<div class=\"wp-block-cover\" style=\"min-height:155px;aspect-ratio:unset;\"><img decoding=\"async\" width=\"1890\" height=\"351\" class=\"wp-block-cover__image-background wp-image-8669\" alt=\"Assinaturas Jur\u00eddicas\" src=\"https:\/\/cj.estrategia.com\/portal\/wp-content\/uploads\/2022\/06\/20151253\/concurso-carreiras-juridicas-assinatura-juridica.jpg\" style=\"object-position:78% 43%\" data-object-fit=\"cover\" data-object-position=\"78% 43%\" srcset=\"https:\/\/cj.estrategia.com\/portal\/wp-content\/uploads\/2022\/06\/20151253\/concurso-carreiras-juridicas-assinatura-juridica.jpg 1890w, https:\/\/cj.estrategia.com\/portal\/wp-content\/uploads\/2022\/06\/20151253\/concurso-carreiras-juridicas-assinatura-juridica-300x56.jpg 300w, https:\/\/cj.estrategia.com\/portal\/wp-content\/uploads\/2022\/06\/20151253\/concurso-carreiras-juridicas-assinatura-juridica-1024x190.jpg 1024w, https:\/\/cj.estrategia.com\/portal\/wp-content\/uploads\/2022\/06\/20151253\/concurso-carreiras-juridicas-assinatura-juridica-768x143.jpg 768w, https:\/\/cj.estrategia.com\/portal\/wp-content\/uploads\/2022\/06\/20151253\/concurso-carreiras-juridicas-assinatura-juridica-1536x285.jpg 1536w, https:\/\/cj.estrategia.com\/portal\/wp-content\/uploads\/2022\/06\/20151253\/concurso-carreiras-juridicas-assinatura-juridica-380x71.jpg 380w, https:\/\/cj.estrategia.com\/portal\/wp-content\/uploads\/2022\/06\/20151253\/concurso-carreiras-juridicas-assinatura-juridica-800x149.jpg 800w, https:\/\/cj.estrategia.com\/portal\/wp-content\/uploads\/2022\/06\/20151253\/concurso-carreiras-juridicas-assinatura-juridica-1160x215.jpg 1160w\" sizes=\"(max-width: 1890px) 100vw, 1890px\" \/><span aria-hidden=\"true\" class=\"wp-block-cover__background has-background-dim\"><\/span><div class=\"wp-block-cover__inner-container is-layout-flow wp-block-cover-is-layout-flow\">\n<h3 id=\"faca-a-sua-assinatura\" class=\"titulo-assinatura\"><span style=\"color: #ffffff;\">Fa\u00e7a a sua assinatura!<\/span><\/h3>\n<p class=\"subtitulo-assinatura\" style=\"display:block!important; line-height: 0;\"><span style=\"color: #ffffff;\">Escolha a sua \u00e1rea.<\/span><\/p>\n<a target=\"_blank\" href=\"https:\/\/www.estrategiaconcursos.com.br\/assinaturas-ecj\/\" rel=\"noopener\"><button style=\"border-radius: 10px; text-transform: capitalize;\">Acessar<\/button><\/a>\n<\/div><\/div>\n\n\n\n<p><\/p>\n","protected":false},"excerpt":{"rendered":"O Estrat\u00e9gia Carreira Jur\u00eddica exibir\u00e1, nesta sexta-feira, 27 de junho, \u00e0s 18h, o webin\u00e1rio \u201cCart\u00f3rios TJ CE: Plano&hellip;\n","protected":false},"author":162,"featured_media":20773,"comment_status":"open","ping_status":"open","sticky":false,"template":"","format":"standard","meta":{"_jetpack_memberships_contains_paid_content":false,"footnotes":""},"categories":[29],"tags":[],"tax_estado":[35],"class_list":{"0":"post-131516","1":"post","2":"type-post","3":"status-publish","4":"format-standard","5":"has-post-thumbnail","7":"category-cartorio","8":"tax_estado-ce"},"acf":[],"yoast_head":"<!-- This site is optimized with the Yoast SEO Premium plugin v27.4 (Yoast SEO v27.4) - https:\/\/yoast.com\/product\/yoast-seo-premium-wordpress\/ -->\n<title>Cart\u00f3rios TJ CE - Plano de estudos p\u00f3s-edital para sair na frente!<\/title>\n<meta name=\"description\" content=\"Participe do webin\u00e1rio sobre os Cart\u00f3rios TJ CE - Plano de Estudos P\u00f3s-Edital e melhore sua prepara\u00e7\u00e3o para o concurso.\" \/>\n<meta name=\"robots\" content=\"index, follow, max-snippet:-1, max-image-preview:large, max-video-preview:-1\" \/>\n<link rel=\"canonical\" href=\"https:\/\/cj.estrategia.com\/portal\/cartorios-tj-ce-plano-de-estudos-pos-edital\/\" \/>\n<meta property=\"og:locale\" content=\"pt_BR\" \/>\n<meta property=\"og:type\" content=\"article\" \/>\n<meta property=\"og:title\" content=\"Cart\u00f3rios TJ CE - Plano de estudos p\u00f3s-edital para sair na frente!\" \/>\n<meta property=\"og:description\" content=\"Participe do webin\u00e1rio sobre os Cart\u00f3rios TJ CE - Plano de Estudos P\u00f3s-Edital e melhore sua prepara\u00e7\u00e3o para o concurso.\" \/>\n<meta property=\"og:url\" content=\"https:\/\/cj.estrategia.com\/portal\/cartorios-tj-ce-plano-de-estudos-pos-edital\/\" \/>\n<meta property=\"og:site_name\" content=\"Blog - Carreiras Jur\u00eddicas - Estrat\u00e9gia\" \/>\n<meta property=\"article:publisher\" content=\"https:\/\/www.facebook.com\/estrategiacarreirajuridica\/\" \/>\n<meta property=\"article:published_time\" content=\"2025-06-26T23:53:21+00:00\" \/>\n<meta property=\"article:modified_time\" content=\"2025-06-26T23:57:52+00:00\" \/>\n<meta property=\"og:image\" content=\"https:\/\/cj.estrategia.com\/portal\/wp-content\/uploads\/2022\/07\/04102041\/Concursos-Cartorios.jpg\" \/>\n\t<meta property=\"og:image:width\" content=\"768\" \/>\n\t<meta property=\"og:image:height\" content=\"432\" \/>\n\t<meta property=\"og:image:type\" content=\"image\/jpeg\" \/>\n<meta name=\"author\" content=\"Jos\u00e9 Ferreira\" \/>\n<meta name=\"twitter:card\" content=\"summary_large_image\" \/>\n<meta name=\"twitter:creator\" content=\"@EstratJuridica\" \/>\n<meta name=\"twitter:site\" content=\"@EstratJuridica\" \/>\n<meta name=\"twitter:label1\" content=\"Escrito por\" \/>\n\t<meta name=\"twitter:data1\" content=\"Jos\u00e9 Ferreira\" \/>\n\t<meta name=\"twitter:label2\" content=\"Est. tempo de leitura\" \/>\n\t<meta name=\"twitter:data2\" content=\"3 minutos\" \/>\n<script type=\"application\/ld+json\" class=\"yoast-schema-graph\">{\"@context\":\"https:\\\/\\\/schema.org\",\"@graph\":[{\"@type\":\"NewsArticle\",\"@id\":\"https:\\\/\\\/cj.estrategia.com\\\/portal\\\/cartorios-tj-ce-plano-de-estudos-pos-edital\\\/#article\",\"isPartOf\":{\"@id\":\"https:\\\/\\\/cj.estrategia.com\\\/portal\\\/cartorios-tj-ce-plano-de-estudos-pos-edital\\\/\"},\"author\":{\"name\":\"Jos\u00e9 Ferreira\",\"@id\":\"https:\\\/\\\/cj.estrategia.com\\\/portal\\\/#\\\/schema\\\/person\\\/4caf0099c42d736f2aade723f309f690\"},\"headline\":\"Cart\u00f3rios TJ CE &#8211; Plano de estudos p\u00f3s-edital para sair na frente!\",\"datePublished\":\"2025-06-26T23:53:21+00:00\",\"dateModified\":\"2025-06-26T23:57:52+00:00\",\"mainEntityOfPage\":{\"@id\":\"https:\\\/\\\/cj.estrategia.com\\\/portal\\\/cartorios-tj-ce-plano-de-estudos-pos-edital\\\/\"},\"wordCount\":374,\"commentCount\":0,\"publisher\":{\"@id\":\"https:\\\/\\\/cj.estrategia.com\\\/portal\\\/#organization\"},\"image\":{\"@id\":\"https:\\\/\\\/cj.estrategia.com\\\/portal\\\/cartorios-tj-ce-plano-de-estudos-pos-edital\\\/#primaryimage\"},\"thumbnailUrl\":\"https:\\\/\\\/cj.estrategia.com\\\/portal\\\/wp-content\\\/uploads\\\/2022\\\/07\\\/04102041\\\/Concursos-Cartorios.jpg\",\"articleSection\":[\"Cart\u00f3rio\"],\"inLanguage\":\"pt-BR\",\"potentialAction\":[{\"@type\":\"CommentAction\",\"name\":\"Comment\",\"target\":[\"https:\\\/\\\/cj.estrategia.com\\\/portal\\\/cartorios-tj-ce-plano-de-estudos-pos-edital\\\/#respond\"]}]},{\"@type\":\"WebPage\",\"@id\":\"https:\\\/\\\/cj.estrategia.com\\\/portal\\\/cartorios-tj-ce-plano-de-estudos-pos-edital\\\/\",\"url\":\"https:\\\/\\\/cj.estrategia.com\\\/portal\\\/cartorios-tj-ce-plano-de-estudos-pos-edital\\\/\",\"name\":\"Cart\u00f3rios TJ CE - Plano de estudos p\u00f3s-edital para sair na frente!\",\"isPartOf\":{\"@id\":\"https:\\\/\\\/cj.estrategia.com\\\/portal\\\/#website\"},\"primaryImageOfPage\":{\"@id\":\"https:\\\/\\\/cj.estrategia.com\\\/portal\\\/cartorios-tj-ce-plano-de-estudos-pos-edital\\\/#primaryimage\"},\"image\":{\"@id\":\"https:\\\/\\\/cj.estrategia.com\\\/portal\\\/cartorios-tj-ce-plano-de-estudos-pos-edital\\\/#primaryimage\"},\"thumbnailUrl\":\"https:\\\/\\\/cj.estrategia.com\\\/portal\\\/wp-content\\\/uploads\\\/2022\\\/07\\\/04102041\\\/Concursos-Cartorios.jpg\",\"datePublished\":\"2025-06-26T23:53:21+00:00\",\"dateModified\":\"2025-06-26T23:57:52+00:00\",\"description\":\"Participe do webin\u00e1rio sobre os Cart\u00f3rios TJ CE - Plano de Estudos P\u00f3s-Edital e melhore sua prepara\u00e7\u00e3o para o concurso.\",\"breadcrumb\":{\"@id\":\"https:\\\/\\\/cj.estrategia.com\\\/portal\\\/cartorios-tj-ce-plano-de-estudos-pos-edital\\\/#breadcrumb\"},\"inLanguage\":\"pt-BR\",\"potentialAction\":[{\"@type\":\"ReadAction\",\"target\":[\"https:\\\/\\\/cj.estrategia.com\\\/portal\\\/cartorios-tj-ce-plano-de-estudos-pos-edital\\\/\"]}]},{\"@type\":\"ImageObject\",\"inLanguage\":\"pt-BR\",\"@id\":\"https:\\\/\\\/cj.estrategia.com\\\/portal\\\/cartorios-tj-ce-plano-de-estudos-pos-edital\\\/#primaryimage\",\"url\":\"https:\\\/\\\/cj.estrategia.com\\\/portal\\\/wp-content\\\/uploads\\\/2022\\\/07\\\/04102041\\\/Concursos-Cartorios.jpg\",\"contentUrl\":\"https:\\\/\\\/cj.estrategia.com\\\/portal\\\/wp-content\\\/uploads\\\/2022\\\/07\\\/04102041\\\/Concursos-Cartorios.jpg\",\"width\":768,\"height\":432,\"caption\":\"Concurso de Cart\u00f3rio\"},{\"@type\":\"BreadcrumbList\",\"@id\":\"https:\\\/\\\/cj.estrategia.com\\\/portal\\\/cartorios-tj-ce-plano-de-estudos-pos-edital\\\/#breadcrumb\",\"itemListElement\":[{\"@type\":\"ListItem\",\"position\":1,\"name\":\"In\u00edcio\",\"item\":\"https:\\\/\\\/cj.estrategia.com\\\/portal\\\/\"},{\"@type\":\"ListItem\",\"position\":2,\"name\":\"Cart\u00f3rios TJ CE &#8211; Plano de estudos p\u00f3s-edital para sair na frente!\"}]},{\"@type\":\"WebSite\",\"@id\":\"https:\\\/\\\/cj.estrategia.com\\\/portal\\\/#website\",\"url\":\"https:\\\/\\\/cj.estrategia.com\\\/portal\\\/\",\"name\":\"Blog - Carreiras Jur\u00eddicas - Estrat\u00e9gia\",\"description\":\"\",\"publisher\":{\"@id\":\"https:\\\/\\\/cj.estrategia.com\\\/portal\\\/#organization\"},\"potentialAction\":[{\"@type\":\"SearchAction\",\"target\":{\"@type\":\"EntryPoint\",\"urlTemplate\":\"https:\\\/\\\/cj.estrategia.com\\\/portal\\\/?s={search_term_string}\"},\"query-input\":{\"@type\":\"PropertyValueSpecification\",\"valueRequired\":true,\"valueName\":\"search_term_string\"}}],\"inLanguage\":\"pt-BR\"},{\"@type\":\"Organization\",\"@id\":\"https:\\\/\\\/cj.estrategia.com\\\/portal\\\/#organization\",\"name\":\"Estrat\u00e9gia - Carreiras Jur\u00eddicas\",\"url\":\"https:\\\/\\\/cj.estrategia.com\\\/portal\\\/\",\"logo\":{\"@type\":\"ImageObject\",\"inLanguage\":\"pt-BR\",\"@id\":\"https:\\\/\\\/cj.estrategia.com\\\/portal\\\/#\\\/schema\\\/logo\\\/image\\\/\",\"url\":\"https:\\\/\\\/cj.estrategia.com\\\/portal\\\/wp-content\\\/uploads\\\/2022\\\/03\\\/11151052\\\/cj-logo.png\",\"contentUrl\":\"https:\\\/\\\/cj.estrategia.com\\\/portal\\\/wp-content\\\/uploads\\\/2022\\\/03\\\/11151052\\\/cj-logo.png\",\"width\":150,\"height\":39,\"caption\":\"Estrat\u00e9gia - Carreiras Jur\u00eddicas\"},\"image\":{\"@id\":\"https:\\\/\\\/cj.estrategia.com\\\/portal\\\/#\\\/schema\\\/logo\\\/image\\\/\"},\"sameAs\":[\"https:\\\/\\\/www.facebook.com\\\/estrategiacarreirajuridica\\\/\",\"https:\\\/\\\/x.com\\\/EstratJuridica\",\"https:\\\/\\\/www.instagram.com\\\/estrategiacarreirajuridica\\\/\",\"https:\\\/\\\/www.youtube.com\\\/channel\\\/UClbMGuYbj2Mh1m3w144ETWQ\"]},{\"@type\":\"Person\",\"@id\":\"https:\\\/\\\/cj.estrategia.com\\\/portal\\\/#\\\/schema\\\/person\\\/4caf0099c42d736f2aade723f309f690\",\"name\":\"Jos\u00e9 Ferreira\",\"image\":{\"@type\":\"ImageObject\",\"inLanguage\":\"pt-BR\",\"@id\":\"https:\\\/\\\/cj.estrategia.com\\\/portal\\\/wp-content\\\/uploads\\\/2025\\\/04\\\/18142237\\\/jose-ferreira-navarro-analista-de-conteudo-jornalismo-carreiras-juridicas-96x96.png\",\"url\":\"https:\\\/\\\/cj.estrategia.com\\\/portal\\\/wp-content\\\/uploads\\\/2025\\\/04\\\/18142237\\\/jose-ferreira-navarro-analista-de-conteudo-jornalismo-carreiras-juridicas-96x96.png\",\"contentUrl\":\"https:\\\/\\\/cj.estrategia.com\\\/portal\\\/wp-content\\\/uploads\\\/2025\\\/04\\\/18142237\\\/jose-ferreira-navarro-analista-de-conteudo-jornalismo-carreiras-juridicas-96x96.png\",\"caption\":\"Jos\u00e9 Ferreira\"},\"description\":\"Analista de conte\u00fado na equipe de Jornalismo, atua com SEO e estrat\u00e9gia para desenvolver conte\u00fados relevantes e de alta qualidade voltados para OAB e para o universo de Concursos Jur\u00eddicos.\",\"url\":\"https:\\\/\\\/cj.estrategia.com\\\/portal\\\/author\\\/jose-navarro-de-andrade-cintra-ferreira\\\/\"}]}<\/script>\n<!-- \/ Yoast SEO Premium plugin. -->","yoast_head_json":{"title":"Cart\u00f3rios TJ CE - Plano de estudos p\u00f3s-edital para sair na frente!","description":"Participe do webin\u00e1rio sobre os Cart\u00f3rios TJ CE - Plano de Estudos P\u00f3s-Edital e melhore sua prepara\u00e7\u00e3o para o concurso.","robots":{"index":"index","follow":"follow","max-snippet":"max-snippet:-1","max-image-preview":"max-image-preview:large","max-video-preview":"max-video-preview:-1"},"canonical":"https:\/\/cj.estrategia.com\/portal\/cartorios-tj-ce-plano-de-estudos-pos-edital\/","og_locale":"pt_BR","og_type":"article","og_title":"Cart\u00f3rios TJ CE - Plano de estudos p\u00f3s-edital para sair na frente!","og_description":"Participe do webin\u00e1rio sobre os Cart\u00f3rios TJ CE - Plano de Estudos P\u00f3s-Edital e melhore sua prepara\u00e7\u00e3o para o concurso.","og_url":"https:\/\/cj.estrategia.com\/portal\/cartorios-tj-ce-plano-de-estudos-pos-edital\/","og_site_name":"Blog - Carreiras Jur\u00eddicas - Estrat\u00e9gia","article_publisher":"https:\/\/www.facebook.com\/estrategiacarreirajuridica\/","article_published_time":"2025-06-26T23:53:21+00:00","article_modified_time":"2025-06-26T23:57:52+00:00","og_image":[{"width":768,"height":432,"url":"https:\/\/cj.estrategia.com\/portal\/wp-content\/uploads\/2022\/07\/04102041\/Concursos-Cartorios.jpg","type":"image\/jpeg"}],"author":"Jos\u00e9 Ferreira","twitter_card":"summary_large_image","twitter_creator":"@EstratJuridica","twitter_site":"@EstratJuridica","twitter_misc":{"Escrito por":"Jos\u00e9 Ferreira","Est. tempo de leitura":"3 minutos"},"schema":{"@context":"https:\/\/schema.org","@graph":[{"@type":"NewsArticle","@id":"https:\/\/cj.estrategia.com\/portal\/cartorios-tj-ce-plano-de-estudos-pos-edital\/#article","isPartOf":{"@id":"https:\/\/cj.estrategia.com\/portal\/cartorios-tj-ce-plano-de-estudos-pos-edital\/"},"author":{"name":"Jos\u00e9 Ferreira","@id":"https:\/\/cj.estrategia.com\/portal\/#\/schema\/person\/4caf0099c42d736f2aade723f309f690"},"headline":"Cart\u00f3rios TJ CE &#8211; Plano de estudos p\u00f3s-edital para sair na frente!","datePublished":"2025-06-26T23:53:21+00:00","dateModified":"2025-06-26T23:57:52+00:00","mainEntityOfPage":{"@id":"https:\/\/cj.estrategia.com\/portal\/cartorios-tj-ce-plano-de-estudos-pos-edital\/"},"wordCount":374,"commentCount":0,"publisher":{"@id":"https:\/\/cj.estrategia.com\/portal\/#organization"},"image":{"@id":"https:\/\/cj.estrategia.com\/portal\/cartorios-tj-ce-plano-de-estudos-pos-edital\/#primaryimage"},"thumbnailUrl":"https:\/\/cj.estrategia.com\/portal\/wp-content\/uploads\/2022\/07\/04102041\/Concursos-Cartorios.jpg","articleSection":["Cart\u00f3rio"],"inLanguage":"pt-BR","potentialAction":[{"@type":"CommentAction","name":"Comment","target":["https:\/\/cj.estrategia.com\/portal\/cartorios-tj-ce-plano-de-estudos-pos-edital\/#respond"]}]},{"@type":"WebPage","@id":"https:\/\/cj.estrategia.com\/portal\/cartorios-tj-ce-plano-de-estudos-pos-edital\/","url":"https:\/\/cj.estrategia.com\/portal\/cartorios-tj-ce-plano-de-estudos-pos-edital\/","name":"Cart\u00f3rios TJ CE - Plano de estudos p\u00f3s-edital para sair na frente!","isPartOf":{"@id":"https:\/\/cj.estrategia.com\/portal\/#website"},"primaryImageOfPage":{"@id":"https:\/\/cj.estrategia.com\/portal\/cartorios-tj-ce-plano-de-estudos-pos-edital\/#primaryimage"},"image":{"@id":"https:\/\/cj.estrategia.com\/portal\/cartorios-tj-ce-plano-de-estudos-pos-edital\/#primaryimage"},"thumbnailUrl":"https:\/\/cj.estrategia.com\/portal\/wp-content\/uploads\/2022\/07\/04102041\/Concursos-Cartorios.jpg","datePublished":"2025-06-26T23:53:21+00:00","dateModified":"2025-06-26T23:57:52+00:00","description":"Participe do webin\u00e1rio sobre os Cart\u00f3rios TJ CE - Plano de Estudos P\u00f3s-Edital e melhore sua prepara\u00e7\u00e3o para o concurso.","breadcrumb":{"@id":"https:\/\/cj.estrategia.com\/portal\/cartorios-tj-ce-plano-de-estudos-pos-edital\/#breadcrumb"},"inLanguage":"pt-BR","potentialAction":[{"@type":"ReadAction","target":["https:\/\/cj.estrategia.com\/portal\/cartorios-tj-ce-plano-de-estudos-pos-edital\/"]}]},{"@type":"ImageObject","inLanguage":"pt-BR","@id":"https:\/\/cj.estrategia.com\/portal\/cartorios-tj-ce-plano-de-estudos-pos-edital\/#primaryimage","url":"https:\/\/cj.estrategia.com\/portal\/wp-content\/uploads\/2022\/07\/04102041\/Concursos-Cartorios.jpg","contentUrl":"https:\/\/cj.estrategia.com\/portal\/wp-content\/uploads\/2022\/07\/04102041\/Concursos-Cartorios.jpg","width":768,"height":432,"caption":"Concurso de Cart\u00f3rio"},{"@type":"BreadcrumbList","@id":"https:\/\/cj.estrategia.com\/portal\/cartorios-tj-ce-plano-de-estudos-pos-edital\/#breadcrumb","itemListElement":[{"@type":"ListItem","position":1,"name":"In\u00edcio","item":"https:\/\/cj.estrategia.com\/portal\/"},{"@type":"ListItem","position":2,"name":"Cart\u00f3rios TJ CE &#8211; Plano de estudos p\u00f3s-edital para sair na frente!"}]},{"@type":"WebSite","@id":"https:\/\/cj.estrategia.com\/portal\/#website","url":"https:\/\/cj.estrategia.com\/portal\/","name":"Blog - Carreiras Jur\u00eddicas - Estrat\u00e9gia","description":"","publisher":{"@id":"https:\/\/cj.estrategia.com\/portal\/#organization"},"potentialAction":[{"@type":"SearchAction","target":{"@type":"EntryPoint","urlTemplate":"https:\/\/cj.estrategia.com\/portal\/?s={search_term_string}"},"query-input":{"@type":"PropertyValueSpecification","valueRequired":true,"valueName":"search_term_string"}}],"inLanguage":"pt-BR"},{"@type":"Organization","@id":"https:\/\/cj.estrategia.com\/portal\/#organization","name":"Estrat\u00e9gia - Carreiras Jur\u00eddicas","url":"https:\/\/cj.estrategia.com\/portal\/","logo":{"@type":"ImageObject","inLanguage":"pt-BR","@id":"https:\/\/cj.estrategia.com\/portal\/#\/schema\/logo\/image\/","url":"https:\/\/cj.estrategia.com\/portal\/wp-content\/uploads\/2022\/03\/11151052\/cj-logo.png","contentUrl":"https:\/\/cj.estrategia.com\/portal\/wp-content\/uploads\/2022\/03\/11151052\/cj-logo.png","width":150,"height":39,"caption":"Estrat\u00e9gia - Carreiras Jur\u00eddicas"},"image":{"@id":"https:\/\/cj.estrategia.com\/portal\/#\/schema\/logo\/image\/"},"sameAs":["https:\/\/www.facebook.com\/estrategiacarreirajuridica\/","https:\/\/x.com\/EstratJuridica","https:\/\/www.instagram.com\/estrategiacarreirajuridica\/","https:\/\/www.youtube.com\/channel\/UClbMGuYbj2Mh1m3w144ETWQ"]},{"@type":"Person","@id":"https:\/\/cj.estrategia.com\/portal\/#\/schema\/person\/4caf0099c42d736f2aade723f309f690","name":"Jos\u00e9 Ferreira","image":{"@type":"ImageObject","inLanguage":"pt-BR","@id":"https:\/\/cj.estrategia.com\/portal\/wp-content\/uploads\/2025\/04\/18142237\/jose-ferreira-navarro-analista-de-conteudo-jornalismo-carreiras-juridicas-96x96.png","url":"https:\/\/cj.estrategia.com\/portal\/wp-content\/uploads\/2025\/04\/18142237\/jose-ferreira-navarro-analista-de-conteudo-jornalismo-carreiras-juridicas-96x96.png","contentUrl":"https:\/\/cj.estrategia.com\/portal\/wp-content\/uploads\/2025\/04\/18142237\/jose-ferreira-navarro-analista-de-conteudo-jornalismo-carreiras-juridicas-96x96.png","caption":"Jos\u00e9 Ferreira"},"description":"Analista de conte\u00fado na equipe de Jornalismo, atua com SEO e estrat\u00e9gia para desenvolver conte\u00fados relevantes e de alta qualidade voltados para OAB e para o universo de Concursos Jur\u00eddicos.","url":"https:\/\/cj.estrategia.com\/portal\/author\/jose-navarro-de-andrade-cintra-ferreira\/"}]}},"jetpack_featured_media_url":"https:\/\/cj.estrategia.com\/portal\/wp-content\/uploads\/2022\/07\/04102041\/Concursos-Cartorios.jpg","jetpack_sharing_enabled":true,"_links":{"self":[{"href":"https:\/\/cj.estrategia.com\/portal\/wp-json\/wp\/v2\/posts\/131516","targetHints":{"allow":["GET"]}}],"collection":[{"href":"https:\/\/cj.estrategia.com\/portal\/wp-json\/wp\/v2\/posts"}],"about":[{"href":"https:\/\/cj.estrategia.com\/portal\/wp-json\/wp\/v2\/types\/post"}],"author":[{"embeddable":true,"href":"https:\/\/cj.estrategia.com\/portal\/wp-json\/wp\/v2\/users\/162"}],"replies":[{"embeddable":true,"href":"https:\/\/cj.estrategia.com\/portal\/wp-json\/wp\/v2\/comments?post=131516"}],"version-history":[{"count":13,"href":"https:\/\/cj.estrategia.com\/portal\/wp-json\/wp\/v2\/posts\/131516\/revisions"}],"predecessor-version":[{"id":131543,"href":"https:\/\/cj.estrategia.com\/portal\/wp-json\/wp\/v2\/posts\/131516\/revisions\/131543"}],"wp:featuredmedia":[{"embeddable":true,"href":"https:\/\/cj.estrategia.com\/portal\/wp-json\/wp\/v2\/media\/20773"}],"wp:attachment":[{"href":"https:\/\/cj.estrategia.com\/portal\/wp-json\/wp\/v2\/media?parent=131516"}],"wp:term":[{"taxonomy":"category","embeddable":true,"href":"https:\/\/cj.estrategia.com\/portal\/wp-json\/wp\/v2\/categories?post=131516"},{"taxonomy":"post_tag","embeddable":true,"href":"https:\/\/cj.estrategia.com\/portal\/wp-json\/wp\/v2\/tags?post=131516"},{"taxonomy":"tax_estado","embeddable":true,"href":"https:\/\/cj.estrategia.com\/portal\/wp-json\/wp\/v2\/tax_estado?post=131516"}],"curies":[{"name":"wp","href":"https:\/\/api.w.org\/{rel}","templated":true}]}}