{"id":131275,"date":"2025-06-26T09:58:11","date_gmt":"2025-06-26T12:58:11","guid":{"rendered":"https:\/\/cj.estrategia.com\/portal\/?p=131275"},"modified":"2025-06-26T12:46:30","modified_gmt":"2025-06-26T15:46:30","slug":"magistratura-to-o-que-levar-no-dia-da-prova-objetiva","status":"publish","type":"post","link":"https:\/\/cj.estrategia.com\/portal\/magistratura-to-o-que-levar-no-dia-da-prova-objetiva\/","title":{"rendered":"Concurso Magistratura TO: o que levar no dia da prova objetiva"},"content":{"rendered":"\n<p>Os candidatos ao cargo de<strong> Juiz Substituto do Tribunal de Justi\u00e7a do Tocantins (TJTO)<\/strong> devem ficar atentos aos itens obrigat\u00f3rios e proibidos para o dia da prova objetiva seletiva, marcada para <strong>29 de junho de 2025<\/strong>, com in\u00edcio \u00e0s <strong>13h (hor\u00e1rio de Bras\u00edlia)<\/strong>.<\/p>\n\n\n\n<h3 class=\"wp-block-heading\" id=\"h-itens-obrigatorios\"><span id=\"itens-obrigatorios\">Itens obrigat\u00f3rios<\/span><\/h3>\n\n\n\n<p>Quem for prestar a prova precisa comparecer ao local de aplica\u00e7\u00e3o com <strong>pelo menos 1h30 de anteced\u00eancia<\/strong> e estar munido de:<\/p>\n\n\n\n<ul class=\"wp-block-list\">\n<li><strong>Documento de identidade original com foto<\/strong>, como:\n<ul class=\"wp-block-list\">\n<li>Carteira de identidade (RG)<\/li>\n\n\n\n<li>Carteira Nacional de Habilita\u00e7\u00e3o (CNH) com foto<\/li>\n\n\n\n<li>Passaporte<\/li>\n<\/ul>\n<\/li>\n\n\n\n<li><strong>Caneta esferogr\u00e1fica de tinta azul ou preta<\/strong>, fabricada em material transparente.<\/li>\n<\/ul>\n\n\n\n<p><strong>Aten\u00e7\u00e3o:<\/strong> N\u00e3o ser\u00e3o aceitos documentos como CPF, certid\u00f5es de nascimento, carteira de estudante, t\u00edtulos eleitorais ou documentos com foto ileg\u00edvel, c\u00f3pias ou protocolos.<\/p>\n\n\n\n<p>Caso o candidato tenha perdido o documento recentemente, ser\u00e1 aceito <strong>boletim de ocorr\u00eancia emitido em at\u00e9 30 dias antes da prova<\/strong>, acompanhado de identifica\u00e7\u00e3o especial no local.<\/p>\n\n\n\n<h3 class=\"wp-block-heading\" id=\"h-itens-proibidos\"><span id=\"itens-proibidos\">Itens proibidos<\/span><\/h3>\n\n\n\n<p>Para garantir a lisura do certame, o edital traz uma lista rigorosa de objetos proibidos:<\/p>\n\n\n\n<ul class=\"wp-block-list\">\n<li><strong>Aparelhos eletr\u00f4nicos<\/strong>, como celular, smartwatch, fones de ouvido, tablet, calculadora, pendrive, entre outros.<\/li>\n\n\n\n<li><strong>Rel\u00f3gios de qualquer tipo<\/strong><\/li>\n\n\n\n<li><strong>\u00d3culos escuros ou protetores auriculares<\/strong><\/li>\n\n\n\n<li><strong>Materiais de papelaria n\u00e3o permitidos<\/strong>, como l\u00e1pis, borracha, lapiseira, marca-texto<\/li>\n\n\n\n<li><strong>Livros, impressos, anota\u00e7\u00f5es, c\u00f3digos ou legisla\u00e7\u00e3o<\/strong><\/li>\n\n\n\n<li><strong>Bon\u00e9s, chap\u00e9us ou qualquer acess\u00f3rio de chapelaria<\/strong><\/li>\n\n\n\n<li><strong>Embalagens n\u00e3o transparentes<\/strong>, como garrafas e potes opacos<\/li>\n\n\n\n<li><strong>Armas de qualquer esp\u00e9cie (exceto em caso de autoriza\u00e7\u00e3o e com procedimento espec\u00edfico para desmuniciamento)<\/strong><\/li>\n<\/ul>\n\n\n\n<p>Todos os objetos proibidos dever\u00e3o ser <strong>guardados em embalagem lacrada fornecida pela organiza\u00e7\u00e3o<\/strong>, permanecendo sob a mesa do candidato at\u00e9 o final da prova.<\/p>\n\n\n\n<p>Al\u00e9m disso, os candidatos ser\u00e3o submetidos a procedimentos de <strong>seguran\u00e7a como a coleta de impress\u00e3o digital e uso de detector de metais<\/strong>, tanto na entrada como nas sa\u00eddas para o banheiro.<\/p>\n\n\n\n<h3 class=\"wp-block-heading\" id=\"h-dica-final\"><span id=\"dica-final\">Dica final<\/span><\/h3>\n\n\n\n<p>Para evitar imprevistos, a organiza\u00e7\u00e3o recomenda que o candidato leve apenas o essencial: documento de identifica\u00e7\u00e3o v\u00e1lido, caneta transparente e, caso deseje, \u00e1gua e lanches em embalagens transparentes.<\/p>\n\n\n\n<p class=\"has-text-align-center has-luminous-vivid-amber-to-luminous-vivid-orange-gradient-background has-background\"><strong>Saiba mais: <\/strong><a href=\"https:\/\/cj.estrategia.com\/portal\/concurso-magistratura-to\/\" target=\"_blank\" >Concurso Magistratura TO<\/a><\/p>\n\n\n\n<h2 class=\"wp-block-heading has-text-align-center\" id=\"cursos\"><span id=\"quer-saber-tudo-sobre-concursos-previstosconfira-nossos-artigos\">Quer saber tudo sobre concursos previstos?<br><strong>Confira nossos artigos!<\/strong><\/span><\/h2>\n\n\n\n<ul class=\"wp-block-list\">\n<li><a href=\"https:\/\/cj.estrategia.com\/portal\/concursos-abertos-carreiras-juridicas\/\" target=\"_blank\" >Concursos jur\u00eddicos abertos<\/a><\/li>\n<\/ul>\n\n\n\n<ul class=\"wp-block-list\">\n<li><a href=\"https:\/\/cj.estrategia.com\/portal\/concursos-2025-carreiras-juridicas\/\" target=\"_blank\" >Concursos jur\u00eddicos 2025<\/a><\/li>\n<\/ul>\n\n\n\n<ul class=\"wp-block-list\">\n<li><a href=\"https:\/\/cj.estrategia.com\/portal\/concursos-magistratura\/\" target=\"_blank\" >Concursos magistratura<\/a><\/li>\n\n\n\n<li><a href=\"https:\/\/cj.estrategia.com\/portal\/exame-nacional-da-magistratura\/\" target=\"_blank\" >Exame Nacional da Magistratura<\/a><\/li>\n<\/ul>\n\n\n\n<h2 class=\"wp-block-heading has-text-align-center\" id=\"h-cursos-e-assinaturas\"><span id=\"cursos-e-assinaturas\">CURSOS E ASSINATURAS<\/span><\/h2>\n\n\n\n<div class=\"wp-block-cover\" style=\"min-height:155px;aspect-ratio:unset;\"><img decoding=\"async\" width=\"1890\" height=\"351\" class=\"wp-block-cover__image-background wp-image-8669\" alt=\"Assinaturas Jur\u00eddicas\" src=\"https:\/\/cj.estrategia.com\/portal\/wp-content\/uploads\/2022\/06\/20151253\/concurso-carreiras-juridicas-assinatura-juridica.jpg\" style=\"object-position:78% 43%\" data-object-fit=\"cover\" data-object-position=\"78% 43%\" srcset=\"https:\/\/cj.estrategia.com\/portal\/wp-content\/uploads\/2022\/06\/20151253\/concurso-carreiras-juridicas-assinatura-juridica.jpg 1890w, https:\/\/cj.estrategia.com\/portal\/wp-content\/uploads\/2022\/06\/20151253\/concurso-carreiras-juridicas-assinatura-juridica-300x56.jpg 300w, https:\/\/cj.estrategia.com\/portal\/wp-content\/uploads\/2022\/06\/20151253\/concurso-carreiras-juridicas-assinatura-juridica-1024x190.jpg 1024w, https:\/\/cj.estrategia.com\/portal\/wp-content\/uploads\/2022\/06\/20151253\/concurso-carreiras-juridicas-assinatura-juridica-768x143.jpg 768w, https:\/\/cj.estrategia.com\/portal\/wp-content\/uploads\/2022\/06\/20151253\/concurso-carreiras-juridicas-assinatura-juridica-1536x285.jpg 1536w, https:\/\/cj.estrategia.com\/portal\/wp-content\/uploads\/2022\/06\/20151253\/concurso-carreiras-juridicas-assinatura-juridica-380x71.jpg 380w, https:\/\/cj.estrategia.com\/portal\/wp-content\/uploads\/2022\/06\/20151253\/concurso-carreiras-juridicas-assinatura-juridica-800x149.jpg 800w, https:\/\/cj.estrategia.com\/portal\/wp-content\/uploads\/2022\/06\/20151253\/concurso-carreiras-juridicas-assinatura-juridica-1160x215.jpg 1160w\" sizes=\"(max-width: 1890px) 100vw, 1890px\" \/><span aria-hidden=\"true\" class=\"wp-block-cover__background has-background-dim\"><\/span><div class=\"wp-block-cover__inner-container is-layout-flow wp-block-cover-is-layout-flow\">\n<h3 id=\"faca-a-sua-assinatura\" class=\"titulo-assinatura\"><span style=\"color: #ffffff;\">Fa\u00e7a a sua assinatura!<\/span><\/h3>\n<p class=\"subtitulo-assinatura\" style=\"display:block!important; line-height: 0;\"><span style=\"color: #ffffff;\">Escolha a sua \u00e1rea.<\/span><\/p>\n<a target=\"_blank\" href=\"https:\/\/www.estrategiaconcursos.com.br\/assinaturas-ecj\/\" rel=\"noopener\"><button style=\"border-radius: 10px; text-transform: capitalize;\">Acessar<\/button><\/a>\n<\/div><\/div>\n\n\n\n<p><\/p>\n","protected":false},"excerpt":{"rendered":"Os candidatos ao cargo de Juiz Substituto do Tribunal de Justi\u00e7a do Tocantins (TJTO) devem ficar atentos aos&hellip;\n","protected":false},"author":135,"featured_media":32262,"comment_status":"open","ping_status":"open","sticky":false,"template":"","format":"standard","meta":{"_jetpack_memberships_contains_paid_content":false,"footnotes":""},"categories":[26],"tags":[],"tax_estado":[57],"class_list":{"0":"post-131275","1":"post","2":"type-post","3":"status-publish","4":"format-standard","5":"has-post-thumbnail","7":"category-magistratura","8":"tax_estado-to"},"acf":[],"yoast_head":"<!-- This site is optimized with the Yoast SEO Premium plugin v27.4 (Yoast SEO v27.4) - https:\/\/yoast.com\/product\/yoast-seo-premium-wordpress\/ -->\n<title>Concurso Magistratura TO: o que levar no dia da prova objetiva<\/title>\n<meta name=\"description\" content=\"Magistratura TO: o que levar no dia da prova objetiva? Confira AQUI a resposta para esta pergunta e continue a sua prepara\u00e7\u00e3o!\" \/>\n<meta name=\"robots\" content=\"index, follow, max-snippet:-1, max-image-preview:large, max-video-preview:-1\" \/>\n<link rel=\"canonical\" href=\"https:\/\/cj.estrategia.com\/portal\/magistratura-to-o-que-levar-no-dia-da-prova-objetiva\/\" \/>\n<meta property=\"og:locale\" content=\"pt_BR\" \/>\n<meta property=\"og:type\" content=\"article\" \/>\n<meta property=\"og:title\" content=\"Concurso Magistratura TO: o que levar no dia da prova objetiva\" \/>\n<meta property=\"og:description\" content=\"Magistratura TO: o que levar no dia da prova objetiva? Confira AQUI a resposta para esta pergunta e continue a sua prepara\u00e7\u00e3o!\" \/>\n<meta property=\"og:url\" content=\"https:\/\/cj.estrategia.com\/portal\/magistratura-to-o-que-levar-no-dia-da-prova-objetiva\/\" \/>\n<meta property=\"og:site_name\" content=\"Blog - Carreiras Jur\u00eddicas - Estrat\u00e9gia\" \/>\n<meta property=\"article:publisher\" content=\"https:\/\/www.facebook.com\/estrategiacarreirajuridica\/\" \/>\n<meta property=\"article:published_time\" content=\"2025-06-26T12:58:11+00:00\" \/>\n<meta property=\"article:modified_time\" content=\"2025-06-26T15:46:30+00:00\" \/>\n<meta property=\"og:image\" content=\"https:\/\/cj.estrategia.com\/portal\/wp-content\/uploads\/2023\/01\/27141216\/concurso-magistratura-to-tocantins.jpg\" \/>\n\t<meta property=\"og:image:width\" content=\"960\" \/>\n\t<meta property=\"og:image:height\" content=\"540\" \/>\n\t<meta property=\"og:image:type\" content=\"image\/jpeg\" \/>\n<meta name=\"author\" content=\"Tauana Silva\" \/>\n<meta name=\"twitter:card\" content=\"summary_large_image\" \/>\n<meta name=\"twitter:creator\" content=\"@EstratJuridica\" \/>\n<meta name=\"twitter:site\" content=\"@EstratJuridica\" \/>\n<meta name=\"twitter:label1\" content=\"Escrito por\" \/>\n\t<meta name=\"twitter:data1\" content=\"Tauana Silva\" \/>\n\t<meta name=\"twitter:label2\" content=\"Est. tempo de leitura\" \/>\n\t<meta name=\"twitter:data2\" content=\"5 minutos\" \/>\n<script type=\"application\/ld+json\" class=\"yoast-schema-graph\">{\"@context\":\"https:\\\/\\\/schema.org\",\"@graph\":[{\"@type\":\"NewsArticle\",\"@id\":\"https:\\\/\\\/cj.estrategia.com\\\/portal\\\/magistratura-to-o-que-levar-no-dia-da-prova-objetiva\\\/#article\",\"isPartOf\":{\"@id\":\"https:\\\/\\\/cj.estrategia.com\\\/portal\\\/magistratura-to-o-que-levar-no-dia-da-prova-objetiva\\\/\"},\"author\":{\"name\":\"Tauana Silva\",\"@id\":\"https:\\\/\\\/cj.estrategia.com\\\/portal\\\/#\\\/schema\\\/person\\\/cb116423095e5a9f157a839dc8a808eb\"},\"headline\":\"Concurso Magistratura TO: o que levar no dia da prova objetiva\",\"datePublished\":\"2025-06-26T12:58:11+00:00\",\"dateModified\":\"2025-06-26T15:46:30+00:00\",\"mainEntityOfPage\":{\"@id\":\"https:\\\/\\\/cj.estrategia.com\\\/portal\\\/magistratura-to-o-que-levar-no-dia-da-prova-objetiva\\\/\"},\"wordCount\":397,\"commentCount\":0,\"publisher\":{\"@id\":\"https:\\\/\\\/cj.estrategia.com\\\/portal\\\/#organization\"},\"image\":{\"@id\":\"https:\\\/\\\/cj.estrategia.com\\\/portal\\\/magistratura-to-o-que-levar-no-dia-da-prova-objetiva\\\/#primaryimage\"},\"thumbnailUrl\":\"https:\\\/\\\/cj.estrategia.com\\\/portal\\\/wp-content\\\/uploads\\\/2023\\\/01\\\/27141216\\\/concurso-magistratura-to-tocantins.jpg\",\"articleSection\":[\"Magistratura\"],\"inLanguage\":\"pt-BR\",\"potentialAction\":[{\"@type\":\"CommentAction\",\"name\":\"Comment\",\"target\":[\"https:\\\/\\\/cj.estrategia.com\\\/portal\\\/magistratura-to-o-que-levar-no-dia-da-prova-objetiva\\\/#respond\"]}]},{\"@type\":\"WebPage\",\"@id\":\"https:\\\/\\\/cj.estrategia.com\\\/portal\\\/magistratura-to-o-que-levar-no-dia-da-prova-objetiva\\\/\",\"url\":\"https:\\\/\\\/cj.estrategia.com\\\/portal\\\/magistratura-to-o-que-levar-no-dia-da-prova-objetiva\\\/\",\"name\":\"Concurso Magistratura TO: o que levar no dia da prova objetiva\",\"isPartOf\":{\"@id\":\"https:\\\/\\\/cj.estrategia.com\\\/portal\\\/#website\"},\"primaryImageOfPage\":{\"@id\":\"https:\\\/\\\/cj.estrategia.com\\\/portal\\\/magistratura-to-o-que-levar-no-dia-da-prova-objetiva\\\/#primaryimage\"},\"image\":{\"@id\":\"https:\\\/\\\/cj.estrategia.com\\\/portal\\\/magistratura-to-o-que-levar-no-dia-da-prova-objetiva\\\/#primaryimage\"},\"thumbnailUrl\":\"https:\\\/\\\/cj.estrategia.com\\\/portal\\\/wp-content\\\/uploads\\\/2023\\\/01\\\/27141216\\\/concurso-magistratura-to-tocantins.jpg\",\"datePublished\":\"2025-06-26T12:58:11+00:00\",\"dateModified\":\"2025-06-26T15:46:30+00:00\",\"description\":\"Magistratura TO: o que levar no dia da prova objetiva? Confira AQUI a resposta para esta pergunta e continue a sua prepara\u00e7\u00e3o!\",\"breadcrumb\":{\"@id\":\"https:\\\/\\\/cj.estrategia.com\\\/portal\\\/magistratura-to-o-que-levar-no-dia-da-prova-objetiva\\\/#breadcrumb\"},\"inLanguage\":\"pt-BR\",\"potentialAction\":[{\"@type\":\"ReadAction\",\"target\":[\"https:\\\/\\\/cj.estrategia.com\\\/portal\\\/magistratura-to-o-que-levar-no-dia-da-prova-objetiva\\\/\"]}]},{\"@type\":\"ImageObject\",\"inLanguage\":\"pt-BR\",\"@id\":\"https:\\\/\\\/cj.estrategia.com\\\/portal\\\/magistratura-to-o-que-levar-no-dia-da-prova-objetiva\\\/#primaryimage\",\"url\":\"https:\\\/\\\/cj.estrategia.com\\\/portal\\\/wp-content\\\/uploads\\\/2023\\\/01\\\/27141216\\\/concurso-magistratura-to-tocantins.jpg\",\"contentUrl\":\"https:\\\/\\\/cj.estrategia.com\\\/portal\\\/wp-content\\\/uploads\\\/2023\\\/01\\\/27141216\\\/concurso-magistratura-to-tocantins.jpg\",\"width\":960,\"height\":540,\"caption\":\"concurso magistratura tocantins\"},{\"@type\":\"BreadcrumbList\",\"@id\":\"https:\\\/\\\/cj.estrategia.com\\\/portal\\\/magistratura-to-o-que-levar-no-dia-da-prova-objetiva\\\/#breadcrumb\",\"itemListElement\":[{\"@type\":\"ListItem\",\"position\":1,\"name\":\"In\u00edcio\",\"item\":\"https:\\\/\\\/cj.estrategia.com\\\/portal\\\/\"},{\"@type\":\"ListItem\",\"position\":2,\"name\":\"Concurso Magistratura TO: o que levar no dia da prova objetiva\"}]},{\"@type\":\"WebSite\",\"@id\":\"https:\\\/\\\/cj.estrategia.com\\\/portal\\\/#website\",\"url\":\"https:\\\/\\\/cj.estrategia.com\\\/portal\\\/\",\"name\":\"Blog - Carreiras Jur\u00eddicas - Estrat\u00e9gia\",\"description\":\"\",\"publisher\":{\"@id\":\"https:\\\/\\\/cj.estrategia.com\\\/portal\\\/#organization\"},\"potentialAction\":[{\"@type\":\"SearchAction\",\"target\":{\"@type\":\"EntryPoint\",\"urlTemplate\":\"https:\\\/\\\/cj.estrategia.com\\\/portal\\\/?s={search_term_string}\"},\"query-input\":{\"@type\":\"PropertyValueSpecification\",\"valueRequired\":true,\"valueName\":\"search_term_string\"}}],\"inLanguage\":\"pt-BR\"},{\"@type\":\"Organization\",\"@id\":\"https:\\\/\\\/cj.estrategia.com\\\/portal\\\/#organization\",\"name\":\"Estrat\u00e9gia - Carreiras Jur\u00eddicas\",\"url\":\"https:\\\/\\\/cj.estrategia.com\\\/portal\\\/\",\"logo\":{\"@type\":\"ImageObject\",\"inLanguage\":\"pt-BR\",\"@id\":\"https:\\\/\\\/cj.estrategia.com\\\/portal\\\/#\\\/schema\\\/logo\\\/image\\\/\",\"url\":\"https:\\\/\\\/cj.estrategia.com\\\/portal\\\/wp-content\\\/uploads\\\/2022\\\/03\\\/11151052\\\/cj-logo.png\",\"contentUrl\":\"https:\\\/\\\/cj.estrategia.com\\\/portal\\\/wp-content\\\/uploads\\\/2022\\\/03\\\/11151052\\\/cj-logo.png\",\"width\":150,\"height\":39,\"caption\":\"Estrat\u00e9gia - Carreiras Jur\u00eddicas\"},\"image\":{\"@id\":\"https:\\\/\\\/cj.estrategia.com\\\/portal\\\/#\\\/schema\\\/logo\\\/image\\\/\"},\"sameAs\":[\"https:\\\/\\\/www.facebook.com\\\/estrategiacarreirajuridica\\\/\",\"https:\\\/\\\/x.com\\\/EstratJuridica\",\"https:\\\/\\\/www.instagram.com\\\/estrategiacarreirajuridica\\\/\",\"https:\\\/\\\/www.youtube.com\\\/channel\\\/UClbMGuYbj2Mh1m3w144ETWQ\"]},{\"@type\":\"Person\",\"@id\":\"https:\\\/\\\/cj.estrategia.com\\\/portal\\\/#\\\/schema\\\/person\\\/cb116423095e5a9f157a839dc8a808eb\",\"name\":\"Tauana Silva\",\"image\":{\"@type\":\"ImageObject\",\"inLanguage\":\"pt-BR\",\"@id\":\"https:\\\/\\\/cj.estrategia.com\\\/portal\\\/wp-content\\\/uploads\\\/2024\\\/04\\\/05223156\\\/WhatsApp-Image-2024-12-05-at-22.30.41-96x96.jpeg\",\"url\":\"https:\\\/\\\/cj.estrategia.com\\\/portal\\\/wp-content\\\/uploads\\\/2024\\\/04\\\/05223156\\\/WhatsApp-Image-2024-12-05-at-22.30.41-96x96.jpeg\",\"contentUrl\":\"https:\\\/\\\/cj.estrategia.com\\\/portal\\\/wp-content\\\/uploads\\\/2024\\\/04\\\/05223156\\\/WhatsApp-Image-2024-12-05-at-22.30.41-96x96.jpeg\",\"caption\":\"Tauana Silva\"},\"description\":\"Jornalista com expertise em gest\u00e3o e marketing, acumulando mais de uma d\u00e9cada de experi\u00eancia, com foco especializado nos \u00faltimos cinco anos no setor de concursos p\u00fablicos. Habilidades s\u00f3lidas como social media, em reda\u00e7\u00e3o jornal\u00edstica, pr\u00e1ticas de SEO e copywriting.\",\"url\":\"https:\\\/\\\/cj.estrategia.com\\\/portal\\\/author\\\/tauanasilva\\\/\"}]}<\/script>\n<!-- \/ Yoast SEO Premium plugin. -->","yoast_head_json":{"title":"Concurso Magistratura TO: o que levar no dia da prova objetiva","description":"Magistratura TO: o que levar no dia da prova objetiva? Confira AQUI a resposta para esta pergunta e continue a sua prepara\u00e7\u00e3o!","robots":{"index":"index","follow":"follow","max-snippet":"max-snippet:-1","max-image-preview":"max-image-preview:large","max-video-preview":"max-video-preview:-1"},"canonical":"https:\/\/cj.estrategia.com\/portal\/magistratura-to-o-que-levar-no-dia-da-prova-objetiva\/","og_locale":"pt_BR","og_type":"article","og_title":"Concurso Magistratura TO: o que levar no dia da prova objetiva","og_description":"Magistratura TO: o que levar no dia da prova objetiva? Confira AQUI a resposta para esta pergunta e continue a sua prepara\u00e7\u00e3o!","og_url":"https:\/\/cj.estrategia.com\/portal\/magistratura-to-o-que-levar-no-dia-da-prova-objetiva\/","og_site_name":"Blog - Carreiras Jur\u00eddicas - Estrat\u00e9gia","article_publisher":"https:\/\/www.facebook.com\/estrategiacarreirajuridica\/","article_published_time":"2025-06-26T12:58:11+00:00","article_modified_time":"2025-06-26T15:46:30+00:00","og_image":[{"width":960,"height":540,"url":"https:\/\/cj.estrategia.com\/portal\/wp-content\/uploads\/2023\/01\/27141216\/concurso-magistratura-to-tocantins.jpg","type":"image\/jpeg"}],"author":"Tauana Silva","twitter_card":"summary_large_image","twitter_creator":"@EstratJuridica","twitter_site":"@EstratJuridica","twitter_misc":{"Escrito por":"Tauana Silva","Est. tempo de leitura":"5 minutos"},"schema":{"@context":"https:\/\/schema.org","@graph":[{"@type":"NewsArticle","@id":"https:\/\/cj.estrategia.com\/portal\/magistratura-to-o-que-levar-no-dia-da-prova-objetiva\/#article","isPartOf":{"@id":"https:\/\/cj.estrategia.com\/portal\/magistratura-to-o-que-levar-no-dia-da-prova-objetiva\/"},"author":{"name":"Tauana Silva","@id":"https:\/\/cj.estrategia.com\/portal\/#\/schema\/person\/cb116423095e5a9f157a839dc8a808eb"},"headline":"Concurso Magistratura TO: o que levar no dia da prova objetiva","datePublished":"2025-06-26T12:58:11+00:00","dateModified":"2025-06-26T15:46:30+00:00","mainEntityOfPage":{"@id":"https:\/\/cj.estrategia.com\/portal\/magistratura-to-o-que-levar-no-dia-da-prova-objetiva\/"},"wordCount":397,"commentCount":0,"publisher":{"@id":"https:\/\/cj.estrategia.com\/portal\/#organization"},"image":{"@id":"https:\/\/cj.estrategia.com\/portal\/magistratura-to-o-que-levar-no-dia-da-prova-objetiva\/#primaryimage"},"thumbnailUrl":"https:\/\/cj.estrategia.com\/portal\/wp-content\/uploads\/2023\/01\/27141216\/concurso-magistratura-to-tocantins.jpg","articleSection":["Magistratura"],"inLanguage":"pt-BR","potentialAction":[{"@type":"CommentAction","name":"Comment","target":["https:\/\/cj.estrategia.com\/portal\/magistratura-to-o-que-levar-no-dia-da-prova-objetiva\/#respond"]}]},{"@type":"WebPage","@id":"https:\/\/cj.estrategia.com\/portal\/magistratura-to-o-que-levar-no-dia-da-prova-objetiva\/","url":"https:\/\/cj.estrategia.com\/portal\/magistratura-to-o-que-levar-no-dia-da-prova-objetiva\/","name":"Concurso Magistratura TO: o que levar no dia da prova objetiva","isPartOf":{"@id":"https:\/\/cj.estrategia.com\/portal\/#website"},"primaryImageOfPage":{"@id":"https:\/\/cj.estrategia.com\/portal\/magistratura-to-o-que-levar-no-dia-da-prova-objetiva\/#primaryimage"},"image":{"@id":"https:\/\/cj.estrategia.com\/portal\/magistratura-to-o-que-levar-no-dia-da-prova-objetiva\/#primaryimage"},"thumbnailUrl":"https:\/\/cj.estrategia.com\/portal\/wp-content\/uploads\/2023\/01\/27141216\/concurso-magistratura-to-tocantins.jpg","datePublished":"2025-06-26T12:58:11+00:00","dateModified":"2025-06-26T15:46:30+00:00","description":"Magistratura TO: o que levar no dia da prova objetiva? Confira AQUI a resposta para esta pergunta e continue a sua prepara\u00e7\u00e3o!","breadcrumb":{"@id":"https:\/\/cj.estrategia.com\/portal\/magistratura-to-o-que-levar-no-dia-da-prova-objetiva\/#breadcrumb"},"inLanguage":"pt-BR","potentialAction":[{"@type":"ReadAction","target":["https:\/\/cj.estrategia.com\/portal\/magistratura-to-o-que-levar-no-dia-da-prova-objetiva\/"]}]},{"@type":"ImageObject","inLanguage":"pt-BR","@id":"https:\/\/cj.estrategia.com\/portal\/magistratura-to-o-que-levar-no-dia-da-prova-objetiva\/#primaryimage","url":"https:\/\/cj.estrategia.com\/portal\/wp-content\/uploads\/2023\/01\/27141216\/concurso-magistratura-to-tocantins.jpg","contentUrl":"https:\/\/cj.estrategia.com\/portal\/wp-content\/uploads\/2023\/01\/27141216\/concurso-magistratura-to-tocantins.jpg","width":960,"height":540,"caption":"concurso magistratura tocantins"},{"@type":"BreadcrumbList","@id":"https:\/\/cj.estrategia.com\/portal\/magistratura-to-o-que-levar-no-dia-da-prova-objetiva\/#breadcrumb","itemListElement":[{"@type":"ListItem","position":1,"name":"In\u00edcio","item":"https:\/\/cj.estrategia.com\/portal\/"},{"@type":"ListItem","position":2,"name":"Concurso Magistratura TO: o que levar no dia da prova objetiva"}]},{"@type":"WebSite","@id":"https:\/\/cj.estrategia.com\/portal\/#website","url":"https:\/\/cj.estrategia.com\/portal\/","name":"Blog - Carreiras Jur\u00eddicas - Estrat\u00e9gia","description":"","publisher":{"@id":"https:\/\/cj.estrategia.com\/portal\/#organization"},"potentialAction":[{"@type":"SearchAction","target":{"@type":"EntryPoint","urlTemplate":"https:\/\/cj.estrategia.com\/portal\/?s={search_term_string}"},"query-input":{"@type":"PropertyValueSpecification","valueRequired":true,"valueName":"search_term_string"}}],"inLanguage":"pt-BR"},{"@type":"Organization","@id":"https:\/\/cj.estrategia.com\/portal\/#organization","name":"Estrat\u00e9gia - Carreiras Jur\u00eddicas","url":"https:\/\/cj.estrategia.com\/portal\/","logo":{"@type":"ImageObject","inLanguage":"pt-BR","@id":"https:\/\/cj.estrategia.com\/portal\/#\/schema\/logo\/image\/","url":"https:\/\/cj.estrategia.com\/portal\/wp-content\/uploads\/2022\/03\/11151052\/cj-logo.png","contentUrl":"https:\/\/cj.estrategia.com\/portal\/wp-content\/uploads\/2022\/03\/11151052\/cj-logo.png","width":150,"height":39,"caption":"Estrat\u00e9gia - Carreiras Jur\u00eddicas"},"image":{"@id":"https:\/\/cj.estrategia.com\/portal\/#\/schema\/logo\/image\/"},"sameAs":["https:\/\/www.facebook.com\/estrategiacarreirajuridica\/","https:\/\/x.com\/EstratJuridica","https:\/\/www.instagram.com\/estrategiacarreirajuridica\/","https:\/\/www.youtube.com\/channel\/UClbMGuYbj2Mh1m3w144ETWQ"]},{"@type":"Person","@id":"https:\/\/cj.estrategia.com\/portal\/#\/schema\/person\/cb116423095e5a9f157a839dc8a808eb","name":"Tauana Silva","image":{"@type":"ImageObject","inLanguage":"pt-BR","@id":"https:\/\/cj.estrategia.com\/portal\/wp-content\/uploads\/2024\/04\/05223156\/WhatsApp-Image-2024-12-05-at-22.30.41-96x96.jpeg","url":"https:\/\/cj.estrategia.com\/portal\/wp-content\/uploads\/2024\/04\/05223156\/WhatsApp-Image-2024-12-05-at-22.30.41-96x96.jpeg","contentUrl":"https:\/\/cj.estrategia.com\/portal\/wp-content\/uploads\/2024\/04\/05223156\/WhatsApp-Image-2024-12-05-at-22.30.41-96x96.jpeg","caption":"Tauana Silva"},"description":"Jornalista com expertise em gest\u00e3o e marketing, acumulando mais de uma d\u00e9cada de experi\u00eancia, com foco especializado nos \u00faltimos cinco anos no setor de concursos p\u00fablicos. Habilidades s\u00f3lidas como social media, em reda\u00e7\u00e3o jornal\u00edstica, pr\u00e1ticas de SEO e copywriting.","url":"https:\/\/cj.estrategia.com\/portal\/author\/tauanasilva\/"}]}},"jetpack_featured_media_url":"https:\/\/cj.estrategia.com\/portal\/wp-content\/uploads\/2023\/01\/27141216\/concurso-magistratura-to-tocantins.jpg","jetpack_sharing_enabled":true,"_links":{"self":[{"href":"https:\/\/cj.estrategia.com\/portal\/wp-json\/wp\/v2\/posts\/131275","targetHints":{"allow":["GET"]}}],"collection":[{"href":"https:\/\/cj.estrategia.com\/portal\/wp-json\/wp\/v2\/posts"}],"about":[{"href":"https:\/\/cj.estrategia.com\/portal\/wp-json\/wp\/v2\/types\/post"}],"author":[{"embeddable":true,"href":"https:\/\/cj.estrategia.com\/portal\/wp-json\/wp\/v2\/users\/135"}],"replies":[{"embeddable":true,"href":"https:\/\/cj.estrategia.com\/portal\/wp-json\/wp\/v2\/comments?post=131275"}],"version-history":[{"count":2,"href":"https:\/\/cj.estrategia.com\/portal\/wp-json\/wp\/v2\/posts\/131275\/revisions"}],"predecessor-version":[{"id":131293,"href":"https:\/\/cj.estrategia.com\/portal\/wp-json\/wp\/v2\/posts\/131275\/revisions\/131293"}],"wp:featuredmedia":[{"embeddable":true,"href":"https:\/\/cj.estrategia.com\/portal\/wp-json\/wp\/v2\/media\/32262"}],"wp:attachment":[{"href":"https:\/\/cj.estrategia.com\/portal\/wp-json\/wp\/v2\/media?parent=131275"}],"wp:term":[{"taxonomy":"category","embeddable":true,"href":"https:\/\/cj.estrategia.com\/portal\/wp-json\/wp\/v2\/categories?post=131275"},{"taxonomy":"post_tag","embeddable":true,"href":"https:\/\/cj.estrategia.com\/portal\/wp-json\/wp\/v2\/tags?post=131275"},{"taxonomy":"tax_estado","embeddable":true,"href":"https:\/\/cj.estrategia.com\/portal\/wp-json\/wp\/v2\/tax_estado?post=131275"}],"curies":[{"name":"wp","href":"https:\/\/api.w.org\/{rel}","templated":true}]}}