{"id":129481,"date":"2025-06-17T17:05:58","date_gmt":"2025-06-17T20:05:58","guid":{"rendered":"https:\/\/cj.estrategia.com\/portal\/?p=129481"},"modified":"2025-07-21T00:38:27","modified_gmt":"2025-07-21T03:38:27","slug":"abono-permanencia-remuneracao-stj","status":"publish","type":"post","link":"https:\/\/cj.estrategia.com\/portal\/abono-permanencia-remuneracao-stj\/","title":{"rendered":"Abono de perman\u00eancia integra remunera\u00e7\u00e3o do servidor, diz STJ"},"content":{"rendered":"\n<p><em>Superior Tribunal de Justi\u00e7a decide que o abono de perman\u00eancia integra a remunera\u00e7\u00e3o do servidor para efeitos legais e previdenci\u00e1rios.<\/em><\/p>\n\n\n\n<p><strong><em>* Thiago de Paula Leite \u00e9 procurador do Estado de S\u00e3o Paulo e professor de direito ambiental e agr\u00e1rio do Estrat\u00e9gia.<\/em><\/strong><\/p>\n\n\n\n<figure class=\"wp-block-image size-large\"><img decoding=\"async\" width=\"1024\" height=\"615\" src=\"https:\/\/cj.estrategia.com\/portal\/wp-content\/uploads\/2025\/06\/17163737\/abono-de-permanencia_01-1024x615.png\" alt=\"Abono de perman\u00eancia\" class=\"wp-image-129489\" srcset=\"https:\/\/cj.estrategia.com\/portal\/wp-content\/uploads\/2025\/06\/17163737\/abono-de-permanencia_01-1024x615.png 1024w, https:\/\/cj.estrategia.com\/portal\/wp-content\/uploads\/2025\/06\/17163737\/abono-de-permanencia_01-300x180.png 300w, https:\/\/cj.estrategia.com\/portal\/wp-content\/uploads\/2025\/06\/17163737\/abono-de-permanencia_01-768x461.png 768w, https:\/\/cj.estrategia.com\/portal\/wp-content\/uploads\/2025\/06\/17163737\/abono-de-permanencia_01-380x228.png 380w, https:\/\/cj.estrategia.com\/portal\/wp-content\/uploads\/2025\/06\/17163737\/abono-de-permanencia_01-560x336.png 560w, https:\/\/cj.estrategia.com\/portal\/wp-content\/uploads\/2025\/06\/17163737\/abono-de-permanencia_01-800x481.png 800w, https:\/\/cj.estrategia.com\/portal\/wp-content\/uploads\/2025\/06\/17163737\/abono-de-permanencia_01-150x90.png 150w, https:\/\/cj.estrategia.com\/portal\/wp-content\/uploads\/2025\/06\/17163737\/abono-de-permanencia_01.png 1127w\" sizes=\"(max-width: 1024px) 100vw, 1024px\" \/><\/figure>\n\n\n\n<h2 class=\"wp-block-heading\" id=\"h-decisao-do-stj\" style=\"font-style:normal;font-weight:400\"><span id=\"decisao-do-stj\"><strong>Decis\u00e3o do STJ<\/strong><\/span><\/h2>\n\n\n\n<p>O Superior Tribunal de Justi\u00e7a finalizou o julgamento do TEMA 1.233, <strong>adotando tese favor\u00e1vel aos servidores p\u00fablicos<\/strong> no que diz respeito <strong>\u00e0 inclus\u00e3o do abono de perman\u00eancia na base de c\u00e1lculo de verbas remunerat\u00f3rias.&nbsp;<\/strong><\/p>\n\n\n\n<p>A decis\u00e3o reconhece, de forma expressa, a natureza remunerat\u00f3ria e permanente do abono, com reflexo direto sobre o adicional de f\u00e9rias e a gratifica\u00e7\u00e3o natalina (13\u00ba sal\u00e1rio).&nbsp;<\/p>\n\n\n\n<p>Portanto, o objetivo do tem 1.233 era definir se o abono de perman\u00eancia integra as bases de c\u00e1lculo do adicional de f\u00e9rias e da gratifica\u00e7\u00e3o natalina (13\u00ba sal\u00e1rio) dos servidores p\u00fablicos federais.<\/p>\n\n\n\n<div class=\"wp-block-media-text cnvs-block-core-media-text-1750188832448\" style=\"grid-template-columns:25% auto\"><figure class=\"wp-block-media-text__media\"><img decoding=\"async\" width=\"484\" height=\"410\" src=\"https:\/\/cj.estrategia.com\/portal\/wp-content\/uploads\/2024\/12\/06210003\/484-410-max.png\" alt=\"\" class=\"wp-image-86519 size-full\" srcset=\"https:\/\/cj.estrategia.com\/portal\/wp-content\/uploads\/2024\/12\/06210003\/484-410-max.png 484w, https:\/\/cj.estrategia.com\/portal\/wp-content\/uploads\/2024\/12\/06210003\/484-410-max-300x254.png 300w, https:\/\/cj.estrategia.com\/portal\/wp-content\/uploads\/2024\/12\/06210003\/484-410-max-380x322.png 380w, https:\/\/cj.estrategia.com\/portal\/wp-content\/uploads\/2024\/12\/06210003\/484-410-max-150x127.png 150w\" sizes=\"(max-width: 484px) 100vw, 484px\" \/><\/figure><div class=\"wp-block-media-text__content\">\n<p><strong><mark style=\"background-color:rgba(0, 0, 0, 0)\" class=\"has-inline-color has-black-color\">O abono de perman\u00eancia \u00e9 um benef\u00edcio concedido a servidores p\u00fablicos que j\u00e1 cumpriram os requisitos para se aposentar, mas optam por continuar trabalhando no servi\u00e7o ativo, consistente no reembolso do valor da contribui\u00e7\u00e3o previdenci\u00e1ria mensal que o servidor paga.<\/mark><\/strong><\/p>\n<\/div><\/div>\n\n\n\n<p>O abono de perman\u00eancia tem por <strong>objetivo incentivar o servidor a permanecer na ativa<\/strong>, mesmo ap\u00f3s cumprir os requisitos para aposentadoria e \u00e9 pago enquanto o servidor continua trabalhando, mesmo ap\u00f3s ter direito \u00e0 aposentadoria volunt\u00e1ria.&nbsp;<\/p>\n\n\n\n<p>O <strong>valor do abono \u00e9 igual ao valor da contribui\u00e7\u00e3o previdenci\u00e1ria paga mensalmente pelo servidor.<\/strong><\/p>\n\n\n\n<p>Caso o servidor opte por continuar trabalhando mesmo ap\u00f3s o cumprimento dos requisitos para a aposentadoria volunt\u00e1ria, ele receber\u00e1 o abono de perman\u00eancia at\u00e9 que decida se aposentar ou at\u00e9 que chegue o momento da aposentadoria compuls\u00f3ria.&nbsp;<\/p>\n\n\n\n<p>Importante registrar que, em \u00e2mbito federal, a Licen\u00e7a Pr\u00eamio por Assiduidade n\u00e3o \u00e9 mais computada para fins de Abono de Perman\u00eancia ou Aposentadoria, assim como n\u00e3o \u00e9 poss\u00edvel seu pagamento administrativamente, conforme entendimento do Tribunal de Contas da Uni\u00e3o \u2013 TCU (<a href=\"https:\/\/pesquisa.apps.tcu.gov.br\/documento\/acordao-completo\/*\/NUMACORDAO%253A6380%2520ANOACORDAO%253A2020%2520COLEGIADO%253A%2522Segunda%2520C%25C3%25A2mara%2522\/DTRELEVANCIA%2520desc%252C%2520NUMACORDAOINT%2520desc\/0\">Ac\u00f3rd\u00e3o n\u00ba 6380\/2020 \u2013 TCU \u2013 2\u00aa C\u00e2mara)<\/a>.<\/p>\n\n\n\n<div class=\"wp-block-group is-style-cnvs-block-bg-light has-background\" style=\"background-color:#fcb90029\"><div class=\"wp-block-group__inner-container is-layout-constrained wp-block-group-is-layout-constrained\">\n<h5 class=\"wp-block-heading\" id=\"h-tese-do-tema-1-233-do-stj\" style=\"font-style:normal;font-weight:400\"><span id=\"tese-do-tema-1-233-do-stj\"><mark style=\"background-color:rgba(0, 0, 0, 0)\" class=\"has-inline-color has-black-color\"><strong>Tese do TEMA 1.233, do STJ: <\/strong><\/mark><\/span><\/h5>\n\n\n\n<p>\u201cO abono de perman\u00eancia, dada sua natureza remunerat\u00f3ria e permanente, integra a base de incid\u00eancia das verbas calculadas sobre a remunera\u00e7\u00e3o do servidor p\u00fablico, tais como o adicional de f\u00e9rias e gratifica\u00e7\u00e3o natalina\u201d.<\/p>\n<\/div><\/div>\n\n\n\n<p>Mas o alcance real do julgado \u00e9 bem mais amplo do que a tese acima parece demonstrar. Vejamos.<\/p>\n\n\n\n<p>Segundo entendimento do Superior Tribunal de Justi\u00e7a, <strong>o abono de perman\u00eancia n\u00e3o se apresenta como uma gratifica\u00e7\u00e3o eventual ou uma indeniza\u00e7\u00e3o isolada.&nbsp;<\/strong><\/p>\n\n\n\n<p>Ele integra a estrutura remunerat\u00f3ria do servidor que permanece em atividade mesmo ap\u00f3s preencher os requisitos para aposentadoria volunt\u00e1ria.&nbsp;<\/p>\n\n\n\n<div class=\"wp-block-group is-style-cnvs-block-bg-light has-white-background-color has-background cnvs-block-core-group-1750188718709\"><div class=\"wp-block-group__inner-container is-layout-constrained wp-block-group-is-layout-constrained\">\n<p><strong><mark style=\"background-color:rgba(0, 0, 0, 0)\" class=\"has-inline-color has-black-color\">Ao reconhecer essa natureza remunerat\u00f3ria e permanente, o STJ confirmou que o abono de perman\u00eancia deve incidir sobre todas as verbas calculadas a partir da remunera\u00e7\u00e3o &#8211; n\u00e3o apenas adicional de f\u00e9rias e 13\u00ba sal\u00e1rio.<\/mark><\/strong><\/p>\n<\/div><\/div>\n\n\n\n<h2 class=\"wp-block-heading\" id=\"h-natureza-juridica-do-abono-de-permanencia\" style=\"font-style:normal;font-weight:400\"><span id=\"natureza-juridica-do-abono-de-permanencia\">Natureza Jur\u00eddica do Abono de Perman\u00eancia<\/span><\/h2>\n\n\n\n<div class=\"wp-block-group is-style-default cnvs-block-core-group-1750189623269\"><div class=\"wp-block-group__inner-container is-layout-constrained wp-block-group-is-layout-constrained\">\n<p>Esse entendimento poderia ser aplicado a carreiras de outros entes da Federa\u00e7\u00e3o que preveem o abono de perman\u00eancia, e que possuem outras gratifica\u00e7\u00f5es ou adicionais, como quinqu\u00eanios e anu\u00eanios?<\/p>\n<\/div><\/div>\n\n\n\n<p>N\u00e3o \u00e9 raro Estados e Munic\u00edpios exclu\u00edrem o abono de perman\u00eancia da base de c\u00e1lculos de outras parcelas que tem por fundamento a remunera\u00e7\u00e3o do servidor, e isso com base na interpreta\u00e7\u00e3o de que o abono possui <mark style=\"background-color:rgba(0, 0, 0, 0)\" class=\"has-inline-color has-black-color\"><strong>natureza indenizat\u00f3ria<\/strong>.<\/mark><\/p>\n\n\n\n<p>Podemos dizer que uma <strong>verba de car\u00e1ter indenizat\u00f3rio \u00e9 aquela verba consubstanciado em um valor pago pelo empregador ao trabalhador como compensa\u00e7\u00e3o por despesas ou preju\u00edzos sofridos no exerc\u00edcio da fun\u00e7\u00e3o <\/strong>ou por situa\u00e7\u00f5es espec\u00edficas, como a licen\u00e7a compensat\u00f3ria, o aux\u00edlio-alimenta\u00e7\u00e3o e o aux\u00edlio-transporte.&nbsp;<\/p>\n\n\n\n<p>Diferentemente do sal\u00e1rio, que \u00e9 a remunera\u00e7\u00e3o pelo trabalho realizado, a indeniza\u00e7\u00e3o visa reparar um dano ou ressarcir uma despesa.<\/p>\n\n\n\n<p>Embora o julgamento do Tema 1.233 j\u00e1 tenha sido conclu\u00eddo, a efic\u00e1cia plena do precedente se dar\u00e1 com a publica\u00e7\u00e3o do ac\u00f3rd\u00e3o, momento em que o entendimento passar\u00e1 a vincular os demais tribunais, conforme o art. 927 do CPC.<\/p>\n\n\n\n<pre class=\"wp-block-preformatted\"><strong><em>Art. 927. Os ju\u00edzes e os tribunais observar\u00e3o:<\/em><\/strong>\n\n<em>I - as decis\u00f5es do Supremo Tribunal Federal em controle concentrado de constitucionalidade;<\/em>\n\n<em>II - os enunciados de s\u00famula vinculante;<\/em>\n\n<strong><em>III - os ac\u00f3rd\u00e3os em incidente de assun\u00e7\u00e3o de compet\u00eancia ou de resolu\u00e7\u00e3o de demandas repetitivas e em julgamento de recursos extraordin\u00e1rio e especial repetitivos;<\/em><\/strong>\n\n<em>IV - os enunciados das s\u00famulas do Supremo Tribunal Federal em mat\u00e9ria constitucional e do Superior Tribunal de Justi\u00e7a em mat\u00e9ria infraconstitucional;<\/em>\n\n<em>V - a orienta\u00e7\u00e3o do plen\u00e1rio ou do \u00f3rg\u00e3o especial aos quais estiverem vinculados.<\/em>\n\n(<em>CPC<\/em>)<\/pre>\n\n\n\n<h2 class=\"wp-block-heading\" id=\"h-precedentes-judiciais\" style=\"font-style:normal;font-weight:400\"><span id=\"precedentes-judiciais\"><strong>Precedentes Judiciais<\/strong><\/span><\/h2>\n\n\n\n<p>Precisamos acompanhar como os Tribunais ir\u00e3o aplicar esse precedente do STJ.<\/p>\n\n\n\n<p>Apenas \u00e0 t\u00edtulo de exemplo, temos, no \u00e2mbito do Tribunal de Justi\u00e7a de S\u00e3o Paulo, o PUIL n\u00ba10 (pedido de uniformiza\u00e7\u00e3o de interpreta\u00e7\u00e3o de lei), que trata sobre esse assunto no \u00e2mbito dos servidores p\u00fablicos paulistas.&nbsp;<\/p>\n\n\n\n<p>O entendimento do PUIL n\u00ba 10 vai no sentido de considerar o abono de perman\u00eancia como sendo uma verba remunerat\u00f3ria, de car\u00e1ter espec\u00edfico e transit\u00f3rio, n\u00e3o incorporada ou incorpor\u00e1vel aos vencimentos ou proventos.&nbsp;<\/p>\n\n\n\n<p>\u00c9 <strong>destacado o car\u00e1ter transit\u00f3rio do abono de perman\u00eancia em servi\u00e7o<\/strong> (lapso temporal defin\u00edvel), j\u00e1 que o pagamento do abono de perman\u00eancia tem in\u00edcio quando o servidor p\u00fablico preenche os requisitos legais para a aposentadoria volunt\u00e1ria, desde que feita a op\u00e7\u00e3o pela perman\u00eancia em atividade, e cessa quando da sua aposentadoria (reforma) compuls\u00f3ria ou se assim requerida.&nbsp;<\/p>\n\n\n\n<p>Portanto, <strong>\u00e9 indevida a inclus\u00e3o do abono de perman\u00eancia na base de c\u00e1lculo da sexta-parte<\/strong>, um adicional temporal previsto na legisla\u00e7\u00e3o paulista, que tem por base de c\u00e1lculo o vencimento do servidor.&nbsp;<\/p>\n\n\n\n<div class=\"wp-block-group is-style-cnvs-block-bg-light has-background\" style=\"background-color:#fcb90029\"><div class=\"wp-block-group__inner-container is-layout-constrained wp-block-group-is-layout-constrained\">\n<p><mark style=\"background-color:rgba(0, 0, 0, 0)\" class=\"has-inline-color has-black-color\"><strong>Tese jur\u00eddica fixada no PUIL 10 (TJSP): <\/strong><\/mark>\u201c<em>O abono de perman\u00eancia em servi\u00e7o, dado o seu car\u00e1ter transit\u00f3rio e espec\u00edfico, n\u00e3o deve ser considerado (inclu\u00eddo) na base de c\u00e1lculo da sexta-parte devida aos servidores p\u00fablicos estaduais, \u00e0 luz da intelig\u00eancia do artigo 129 da Constitui\u00e7\u00e3o estadual (SP) e tese firmada no julgamento do PUIL n. 0000037-53.2015.8.26.9006.<\/em>\u201d<\/p>\n<\/div><\/div>\n\n\n\n<p>A tese controvertida do TEMA 1.233 \u00e9:<\/p>\n\n\n\n<div class=\"wp-block-group is-style-cnvs-block-bg-light has-background\" style=\"background-color:#fcb90029\"><div class=\"wp-block-group__inner-container is-layout-constrained wp-block-group-is-layout-constrained\">\n<p><strong>\u201cDefinir se o abono de perman\u00eancia integra as bases de c\u00e1lculo do adicional de f\u00e9rias e da gratifica\u00e7\u00e3o natalina (13\u00ba sal\u00e1rio) dos <\/strong><strong>servidores p\u00fablicos federais<\/strong><strong>\u201d<\/strong><\/p>\n<\/div><\/div>\n\n\n\n<p>Quest\u00e3o crucial, portanto, \u00e9 saber se o TEMA 1.233, do STJ, aplica-se apenas aos servidores federais, que s\u00e3o o objeto do recurso repetitivo, ou se \u00e9 poss\u00edvel estender esse entendimento para outros entes da federa\u00e7\u00e3o (Estados e Munic\u00edpios), que possuem legisla\u00e7\u00e3o pr\u00f3pria, e que n\u00e3o \u00e9 necessariamente igual ou semelhante \u00e0 legisla\u00e7\u00e3o federal.<\/p>\n\n\n\n<p>\u00d3timo tema para provas de direito processual civil, direito de pessoal, e direito constitucional, motivo pelo qual recomenda-se acompanhar o tratamento dado pelo Poder Judici\u00e1rio.<\/p>\n\n\n\n<p class=\"has-text-align-center\" style=\"font-size:18px\"><strong>Quer saber quais ser\u00e3o os pr\u00f3ximos concursos?<\/strong><\/p>\n\n\n\n<p class=\"has-text-align-center\" style=\"font-size:20px\">Confira nossos&nbsp;<a href=\"https:\/\/cj.estrategia.com\/portal\/\" target=\"_blank\" >artigos para Carreiras Jur\u00eddicas<\/a>!<\/p>\n\n\n\n<p class=\"has-text-align-center has-white-color has-pale-cyan-blue-background-color has-text-color has-background has-link-color wp-elements-723b3278bf14a50a5e7b7e937b9a17d4\"><a href=\"https:\/\/cj.estrategia.com\/portal\/concursos-abertos-carreiras-juridicas\/\">Concursos jur\u00eddicos abertos<\/a><\/p>\n\n\n\n<p class=\"has-text-align-center has-pale-cyan-blue-background-color has-background\"><a href=\"https:\/\/cj.estrategia.com\/portal\/concursos-2025-carreiras-juridicas\/\" target=\"_blank\" >Concursos jur\u00eddicos 2025<\/a>&nbsp;&nbsp;&nbsp;<\/p>\n","protected":false},"excerpt":{"rendered":"STJ decide que o abono de perman\u00eancia integra a remunera\u00e7\u00e3o do servidor para efeitos legais e previdenci\u00e1rios.\n","protected":false},"author":81,"featured_media":129489,"comment_status":"open","ping_status":"open","sticky":false,"template":"","format":"standard","meta":{"_jetpack_memberships_contains_paid_content":false,"footnotes":""},"categories":[1],"tags":[2841,807,202],"tax_estado":[30,31,32,33,34,35,36,37,38,39,40,41,42,43,44,45,46,47,48,49,50,51,52,53,54,55,56,57],"class_list":{"0":"post-129481","1":"post","2":"type-post","3":"status-publish","4":"format-standard","5":"has-post-thumbnail","7":"category-carreiras-juridicas","8":"tag-abono-permanencia","9":"tag-aposentadoria","10":"tag-stj","11":"tax_estado-ac","12":"tax_estado-al","13":"tax_estado-am","14":"tax_estado-ap","15":"tax_estado-ba","16":"tax_estado-ce","17":"tax_estado-concursos-federais","18":"tax_estado-df","19":"tax_estado-es","20":"tax_estado-go","21":"tax_estado-ma","22":"tax_estado-mg","23":"tax_estado-ms","24":"tax_estado-mt","25":"tax_estado-pa","26":"tax_estado-pb","27":"tax_estado-pe","28":"tax_estado-pi","29":"tax_estado-pr","30":"tax_estado-rj","31":"tax_estado-rn","32":"tax_estado-ro","33":"tax_estado-rr","34":"tax_estado-rs","35":"tax_estado-sc","36":"tax_estado-se","37":"tax_estado-sp","38":"tax_estado-to"},"acf":[],"yoast_head":"<!-- This site is optimized with the Yoast SEO Premium plugin v27.4 (Yoast SEO v27.4) - https:\/\/yoast.com\/product\/yoast-seo-premium-wordpress\/ -->\n<title>Abono de perman\u00eancia integra remunera\u00e7\u00e3o do servidor, diz STJ<\/title>\n<meta name=\"description\" content=\"Superior Tribunal de Justi\u00e7a decide que o abono de perman\u00eancia integra a remunera\u00e7\u00e3o do servidor para efeitos legais e previdenci\u00e1rios.\" \/>\n<meta name=\"robots\" content=\"index, follow, max-snippet:-1, max-image-preview:large, max-video-preview:-1\" \/>\n<link rel=\"canonical\" href=\"https:\/\/cj.estrategia.com\/portal\/abono-permanencia-remuneracao-stj\/\" \/>\n<meta property=\"og:locale\" content=\"pt_BR\" \/>\n<meta property=\"og:type\" content=\"article\" \/>\n<meta property=\"og:title\" content=\"Abono de perman\u00eancia integra remunera\u00e7\u00e3o do servidor, diz STJ\" \/>\n<meta property=\"og:description\" content=\"Superior Tribunal de Justi\u00e7a decide que o abono de perman\u00eancia integra a remunera\u00e7\u00e3o do servidor para efeitos legais e previdenci\u00e1rios.\" \/>\n<meta property=\"og:url\" content=\"https:\/\/cj.estrategia.com\/portal\/abono-permanencia-remuneracao-stj\/\" \/>\n<meta property=\"og:site_name\" content=\"Blog - Carreiras Jur\u00eddicas - Estrat\u00e9gia\" \/>\n<meta property=\"article:publisher\" content=\"https:\/\/www.facebook.com\/estrategiacarreirajuridica\/\" \/>\n<meta property=\"article:published_time\" content=\"2025-06-17T20:05:58+00:00\" \/>\n<meta property=\"article:modified_time\" content=\"2025-07-21T03:38:27+00:00\" \/>\n<meta property=\"og:image\" content=\"https:\/\/cj.estrategia.com\/portal\/wp-content\/uploads\/2025\/06\/17163737\/abono-de-permanencia_01.png\" \/>\n\t<meta property=\"og:image:width\" content=\"1127\" \/>\n\t<meta property=\"og:image:height\" content=\"677\" \/>\n\t<meta property=\"og:image:type\" content=\"image\/png\" \/>\n<meta name=\"author\" content=\"Thiago Leite\" \/>\n<meta name=\"twitter:card\" content=\"summary_large_image\" \/>\n<meta name=\"twitter:creator\" content=\"@EstratJuridica\" \/>\n<meta name=\"twitter:site\" content=\"@EstratJuridica\" \/>\n<meta name=\"twitter:label1\" content=\"Escrito por\" \/>\n\t<meta name=\"twitter:data1\" content=\"Thiago Leite\" \/>\n\t<meta name=\"twitter:label2\" content=\"Est. tempo de leitura\" \/>\n\t<meta name=\"twitter:data2\" content=\"6 minutos\" \/>\n<script type=\"application\/ld+json\" class=\"yoast-schema-graph\">{\"@context\":\"https:\\\/\\\/schema.org\",\"@graph\":[{\"@type\":\"NewsArticle\",\"@id\":\"https:\\\/\\\/cj.estrategia.com\\\/portal\\\/abono-permanencia-remuneracao-stj\\\/#article\",\"isPartOf\":{\"@id\":\"https:\\\/\\\/cj.estrategia.com\\\/portal\\\/abono-permanencia-remuneracao-stj\\\/\"},\"author\":{\"name\":\"Thiago Leite\",\"@id\":\"https:\\\/\\\/cj.estrategia.com\\\/portal\\\/#\\\/schema\\\/person\\\/7d7d2b1c8386e2eeacc0b09cfbc1d0ff\"},\"headline\":\"Abono de perman\u00eancia integra remunera\u00e7\u00e3o do servidor, diz STJ\",\"datePublished\":\"2025-06-17T20:05:58+00:00\",\"dateModified\":\"2025-07-21T03:38:27+00:00\",\"mainEntityOfPage\":{\"@id\":\"https:\\\/\\\/cj.estrategia.com\\\/portal\\\/abono-permanencia-remuneracao-stj\\\/\"},\"wordCount\":1137,\"commentCount\":0,\"publisher\":{\"@id\":\"https:\\\/\\\/cj.estrategia.com\\\/portal\\\/#organization\"},\"image\":{\"@id\":\"https:\\\/\\\/cj.estrategia.com\\\/portal\\\/abono-permanencia-remuneracao-stj\\\/#primaryimage\"},\"thumbnailUrl\":\"https:\\\/\\\/cj.estrategia.com\\\/portal\\\/wp-content\\\/uploads\\\/2025\\\/06\\\/17163737\\\/abono-de-permanencia_01.png\",\"keywords\":[\"abono perman\u00eancia\",\"aposentadoria\",\"STJ\"],\"articleSection\":[\"Carreiras Jur\u00eddicas\"],\"inLanguage\":\"pt-BR\",\"potentialAction\":[{\"@type\":\"CommentAction\",\"name\":\"Comment\",\"target\":[\"https:\\\/\\\/cj.estrategia.com\\\/portal\\\/abono-permanencia-remuneracao-stj\\\/#respond\"]}]},{\"@type\":\"WebPage\",\"@id\":\"https:\\\/\\\/cj.estrategia.com\\\/portal\\\/abono-permanencia-remuneracao-stj\\\/\",\"url\":\"https:\\\/\\\/cj.estrategia.com\\\/portal\\\/abono-permanencia-remuneracao-stj\\\/\",\"name\":\"Abono de perman\u00eancia integra remunera\u00e7\u00e3o do servidor, diz STJ\",\"isPartOf\":{\"@id\":\"https:\\\/\\\/cj.estrategia.com\\\/portal\\\/#website\"},\"primaryImageOfPage\":{\"@id\":\"https:\\\/\\\/cj.estrategia.com\\\/portal\\\/abono-permanencia-remuneracao-stj\\\/#primaryimage\"},\"image\":{\"@id\":\"https:\\\/\\\/cj.estrategia.com\\\/portal\\\/abono-permanencia-remuneracao-stj\\\/#primaryimage\"},\"thumbnailUrl\":\"https:\\\/\\\/cj.estrategia.com\\\/portal\\\/wp-content\\\/uploads\\\/2025\\\/06\\\/17163737\\\/abono-de-permanencia_01.png\",\"datePublished\":\"2025-06-17T20:05:58+00:00\",\"dateModified\":\"2025-07-21T03:38:27+00:00\",\"description\":\"Superior Tribunal de Justi\u00e7a decide que o abono de perman\u00eancia integra a remunera\u00e7\u00e3o do servidor para efeitos legais e previdenci\u00e1rios.\",\"breadcrumb\":{\"@id\":\"https:\\\/\\\/cj.estrategia.com\\\/portal\\\/abono-permanencia-remuneracao-stj\\\/#breadcrumb\"},\"inLanguage\":\"pt-BR\",\"potentialAction\":[{\"@type\":\"ReadAction\",\"target\":[\"https:\\\/\\\/cj.estrategia.com\\\/portal\\\/abono-permanencia-remuneracao-stj\\\/\"]}]},{\"@type\":\"ImageObject\",\"inLanguage\":\"pt-BR\",\"@id\":\"https:\\\/\\\/cj.estrategia.com\\\/portal\\\/abono-permanencia-remuneracao-stj\\\/#primaryimage\",\"url\":\"https:\\\/\\\/cj.estrategia.com\\\/portal\\\/wp-content\\\/uploads\\\/2025\\\/06\\\/17163737\\\/abono-de-permanencia_01.png\",\"contentUrl\":\"https:\\\/\\\/cj.estrategia.com\\\/portal\\\/wp-content\\\/uploads\\\/2025\\\/06\\\/17163737\\\/abono-de-permanencia_01.png\",\"width\":1127,\"height\":677},{\"@type\":\"BreadcrumbList\",\"@id\":\"https:\\\/\\\/cj.estrategia.com\\\/portal\\\/abono-permanencia-remuneracao-stj\\\/#breadcrumb\",\"itemListElement\":[{\"@type\":\"ListItem\",\"position\":1,\"name\":\"In\u00edcio\",\"item\":\"https:\\\/\\\/cj.estrategia.com\\\/portal\\\/\"},{\"@type\":\"ListItem\",\"position\":2,\"name\":\"Abono de perman\u00eancia integra remunera\u00e7\u00e3o do servidor, diz STJ\"}]},{\"@type\":\"WebSite\",\"@id\":\"https:\\\/\\\/cj.estrategia.com\\\/portal\\\/#website\",\"url\":\"https:\\\/\\\/cj.estrategia.com\\\/portal\\\/\",\"name\":\"Blog - Carreiras Jur\u00eddicas - Estrat\u00e9gia\",\"description\":\"\",\"publisher\":{\"@id\":\"https:\\\/\\\/cj.estrategia.com\\\/portal\\\/#organization\"},\"potentialAction\":[{\"@type\":\"SearchAction\",\"target\":{\"@type\":\"EntryPoint\",\"urlTemplate\":\"https:\\\/\\\/cj.estrategia.com\\\/portal\\\/?s={search_term_string}\"},\"query-input\":{\"@type\":\"PropertyValueSpecification\",\"valueRequired\":true,\"valueName\":\"search_term_string\"}}],\"inLanguage\":\"pt-BR\"},{\"@type\":\"Organization\",\"@id\":\"https:\\\/\\\/cj.estrategia.com\\\/portal\\\/#organization\",\"name\":\"Estrat\u00e9gia - Carreiras Jur\u00eddicas\",\"url\":\"https:\\\/\\\/cj.estrategia.com\\\/portal\\\/\",\"logo\":{\"@type\":\"ImageObject\",\"inLanguage\":\"pt-BR\",\"@id\":\"https:\\\/\\\/cj.estrategia.com\\\/portal\\\/#\\\/schema\\\/logo\\\/image\\\/\",\"url\":\"https:\\\/\\\/cj.estrategia.com\\\/portal\\\/wp-content\\\/uploads\\\/2022\\\/03\\\/11151052\\\/cj-logo.png\",\"contentUrl\":\"https:\\\/\\\/cj.estrategia.com\\\/portal\\\/wp-content\\\/uploads\\\/2022\\\/03\\\/11151052\\\/cj-logo.png\",\"width\":150,\"height\":39,\"caption\":\"Estrat\u00e9gia - Carreiras Jur\u00eddicas\"},\"image\":{\"@id\":\"https:\\\/\\\/cj.estrategia.com\\\/portal\\\/#\\\/schema\\\/logo\\\/image\\\/\"},\"sameAs\":[\"https:\\\/\\\/www.facebook.com\\\/estrategiacarreirajuridica\\\/\",\"https:\\\/\\\/x.com\\\/EstratJuridica\",\"https:\\\/\\\/www.instagram.com\\\/estrategiacarreirajuridica\\\/\",\"https:\\\/\\\/www.youtube.com\\\/channel\\\/UClbMGuYbj2Mh1m3w144ETWQ\"]},{\"@type\":\"Person\",\"@id\":\"https:\\\/\\\/cj.estrategia.com\\\/portal\\\/#\\\/schema\\\/person\\\/7d7d2b1c8386e2eeacc0b09cfbc1d0ff\",\"name\":\"Thiago Leite\",\"image\":{\"@type\":\"ImageObject\",\"inLanguage\":\"pt-BR\",\"@id\":\"https:\\\/\\\/secure.gravatar.com\\\/avatar\\\/15ff5746ff9e313f1248fe2373ce03309054e96387bb9249055458d0c1aaa297?s=96&d=mm&r=g\",\"url\":\"https:\\\/\\\/secure.gravatar.com\\\/avatar\\\/15ff5746ff9e313f1248fe2373ce03309054e96387bb9249055458d0c1aaa297?s=96&d=mm&r=g\",\"contentUrl\":\"https:\\\/\\\/secure.gravatar.com\\\/avatar\\\/15ff5746ff9e313f1248fe2373ce03309054e96387bb9249055458d0c1aaa297?s=96&d=mm&r=g\",\"caption\":\"Thiago Leite\"},\"description\":\"Thiago de Paula Leite \u00e9 procurador do Estado de S\u00e3o Paulo e professor de direito ambiental e agr\u00e1rio do Estrat\u00e9gia.\",\"url\":\"https:\\\/\\\/cj.estrategia.com\\\/portal\\\/author\\\/thiago-leite\\\/\"}]}<\/script>\n<!-- \/ Yoast SEO Premium plugin. -->","yoast_head_json":{"title":"Abono de perman\u00eancia integra remunera\u00e7\u00e3o do servidor, diz STJ","description":"Superior Tribunal de Justi\u00e7a decide que o abono de perman\u00eancia integra a remunera\u00e7\u00e3o do servidor para efeitos legais e previdenci\u00e1rios.","robots":{"index":"index","follow":"follow","max-snippet":"max-snippet:-1","max-image-preview":"max-image-preview:large","max-video-preview":"max-video-preview:-1"},"canonical":"https:\/\/cj.estrategia.com\/portal\/abono-permanencia-remuneracao-stj\/","og_locale":"pt_BR","og_type":"article","og_title":"Abono de perman\u00eancia integra remunera\u00e7\u00e3o do servidor, diz STJ","og_description":"Superior Tribunal de Justi\u00e7a decide que o abono de perman\u00eancia integra a remunera\u00e7\u00e3o do servidor para efeitos legais e previdenci\u00e1rios.","og_url":"https:\/\/cj.estrategia.com\/portal\/abono-permanencia-remuneracao-stj\/","og_site_name":"Blog - Carreiras Jur\u00eddicas - Estrat\u00e9gia","article_publisher":"https:\/\/www.facebook.com\/estrategiacarreirajuridica\/","article_published_time":"2025-06-17T20:05:58+00:00","article_modified_time":"2025-07-21T03:38:27+00:00","og_image":[{"width":1127,"height":677,"url":"https:\/\/cj.estrategia.com\/portal\/wp-content\/uploads\/2025\/06\/17163737\/abono-de-permanencia_01.png","type":"image\/png"}],"author":"Thiago Leite","twitter_card":"summary_large_image","twitter_creator":"@EstratJuridica","twitter_site":"@EstratJuridica","twitter_misc":{"Escrito por":"Thiago Leite","Est. tempo de leitura":"6 minutos"},"schema":{"@context":"https:\/\/schema.org","@graph":[{"@type":"NewsArticle","@id":"https:\/\/cj.estrategia.com\/portal\/abono-permanencia-remuneracao-stj\/#article","isPartOf":{"@id":"https:\/\/cj.estrategia.com\/portal\/abono-permanencia-remuneracao-stj\/"},"author":{"name":"Thiago Leite","@id":"https:\/\/cj.estrategia.com\/portal\/#\/schema\/person\/7d7d2b1c8386e2eeacc0b09cfbc1d0ff"},"headline":"Abono de perman\u00eancia integra remunera\u00e7\u00e3o do servidor, diz STJ","datePublished":"2025-06-17T20:05:58+00:00","dateModified":"2025-07-21T03:38:27+00:00","mainEntityOfPage":{"@id":"https:\/\/cj.estrategia.com\/portal\/abono-permanencia-remuneracao-stj\/"},"wordCount":1137,"commentCount":0,"publisher":{"@id":"https:\/\/cj.estrategia.com\/portal\/#organization"},"image":{"@id":"https:\/\/cj.estrategia.com\/portal\/abono-permanencia-remuneracao-stj\/#primaryimage"},"thumbnailUrl":"https:\/\/cj.estrategia.com\/portal\/wp-content\/uploads\/2025\/06\/17163737\/abono-de-permanencia_01.png","keywords":["abono perman\u00eancia","aposentadoria","STJ"],"articleSection":["Carreiras Jur\u00eddicas"],"inLanguage":"pt-BR","potentialAction":[{"@type":"CommentAction","name":"Comment","target":["https:\/\/cj.estrategia.com\/portal\/abono-permanencia-remuneracao-stj\/#respond"]}]},{"@type":"WebPage","@id":"https:\/\/cj.estrategia.com\/portal\/abono-permanencia-remuneracao-stj\/","url":"https:\/\/cj.estrategia.com\/portal\/abono-permanencia-remuneracao-stj\/","name":"Abono de perman\u00eancia integra remunera\u00e7\u00e3o do servidor, diz STJ","isPartOf":{"@id":"https:\/\/cj.estrategia.com\/portal\/#website"},"primaryImageOfPage":{"@id":"https:\/\/cj.estrategia.com\/portal\/abono-permanencia-remuneracao-stj\/#primaryimage"},"image":{"@id":"https:\/\/cj.estrategia.com\/portal\/abono-permanencia-remuneracao-stj\/#primaryimage"},"thumbnailUrl":"https:\/\/cj.estrategia.com\/portal\/wp-content\/uploads\/2025\/06\/17163737\/abono-de-permanencia_01.png","datePublished":"2025-06-17T20:05:58+00:00","dateModified":"2025-07-21T03:38:27+00:00","description":"Superior Tribunal de Justi\u00e7a decide que o abono de perman\u00eancia integra a remunera\u00e7\u00e3o do servidor para efeitos legais e previdenci\u00e1rios.","breadcrumb":{"@id":"https:\/\/cj.estrategia.com\/portal\/abono-permanencia-remuneracao-stj\/#breadcrumb"},"inLanguage":"pt-BR","potentialAction":[{"@type":"ReadAction","target":["https:\/\/cj.estrategia.com\/portal\/abono-permanencia-remuneracao-stj\/"]}]},{"@type":"ImageObject","inLanguage":"pt-BR","@id":"https:\/\/cj.estrategia.com\/portal\/abono-permanencia-remuneracao-stj\/#primaryimage","url":"https:\/\/cj.estrategia.com\/portal\/wp-content\/uploads\/2025\/06\/17163737\/abono-de-permanencia_01.png","contentUrl":"https:\/\/cj.estrategia.com\/portal\/wp-content\/uploads\/2025\/06\/17163737\/abono-de-permanencia_01.png","width":1127,"height":677},{"@type":"BreadcrumbList","@id":"https:\/\/cj.estrategia.com\/portal\/abono-permanencia-remuneracao-stj\/#breadcrumb","itemListElement":[{"@type":"ListItem","position":1,"name":"In\u00edcio","item":"https:\/\/cj.estrategia.com\/portal\/"},{"@type":"ListItem","position":2,"name":"Abono de perman\u00eancia integra remunera\u00e7\u00e3o do servidor, diz STJ"}]},{"@type":"WebSite","@id":"https:\/\/cj.estrategia.com\/portal\/#website","url":"https:\/\/cj.estrategia.com\/portal\/","name":"Blog - Carreiras Jur\u00eddicas - Estrat\u00e9gia","description":"","publisher":{"@id":"https:\/\/cj.estrategia.com\/portal\/#organization"},"potentialAction":[{"@type":"SearchAction","target":{"@type":"EntryPoint","urlTemplate":"https:\/\/cj.estrategia.com\/portal\/?s={search_term_string}"},"query-input":{"@type":"PropertyValueSpecification","valueRequired":true,"valueName":"search_term_string"}}],"inLanguage":"pt-BR"},{"@type":"Organization","@id":"https:\/\/cj.estrategia.com\/portal\/#organization","name":"Estrat\u00e9gia - Carreiras Jur\u00eddicas","url":"https:\/\/cj.estrategia.com\/portal\/","logo":{"@type":"ImageObject","inLanguage":"pt-BR","@id":"https:\/\/cj.estrategia.com\/portal\/#\/schema\/logo\/image\/","url":"https:\/\/cj.estrategia.com\/portal\/wp-content\/uploads\/2022\/03\/11151052\/cj-logo.png","contentUrl":"https:\/\/cj.estrategia.com\/portal\/wp-content\/uploads\/2022\/03\/11151052\/cj-logo.png","width":150,"height":39,"caption":"Estrat\u00e9gia - Carreiras Jur\u00eddicas"},"image":{"@id":"https:\/\/cj.estrategia.com\/portal\/#\/schema\/logo\/image\/"},"sameAs":["https:\/\/www.facebook.com\/estrategiacarreirajuridica\/","https:\/\/x.com\/EstratJuridica","https:\/\/www.instagram.com\/estrategiacarreirajuridica\/","https:\/\/www.youtube.com\/channel\/UClbMGuYbj2Mh1m3w144ETWQ"]},{"@type":"Person","@id":"https:\/\/cj.estrategia.com\/portal\/#\/schema\/person\/7d7d2b1c8386e2eeacc0b09cfbc1d0ff","name":"Thiago Leite","image":{"@type":"ImageObject","inLanguage":"pt-BR","@id":"https:\/\/secure.gravatar.com\/avatar\/15ff5746ff9e313f1248fe2373ce03309054e96387bb9249055458d0c1aaa297?s=96&d=mm&r=g","url":"https:\/\/secure.gravatar.com\/avatar\/15ff5746ff9e313f1248fe2373ce03309054e96387bb9249055458d0c1aaa297?s=96&d=mm&r=g","contentUrl":"https:\/\/secure.gravatar.com\/avatar\/15ff5746ff9e313f1248fe2373ce03309054e96387bb9249055458d0c1aaa297?s=96&d=mm&r=g","caption":"Thiago Leite"},"description":"Thiago de Paula Leite \u00e9 procurador do Estado de S\u00e3o Paulo e professor de direito ambiental e agr\u00e1rio do Estrat\u00e9gia.","url":"https:\/\/cj.estrategia.com\/portal\/author\/thiago-leite\/"}]}},"jetpack_featured_media_url":"https:\/\/cj.estrategia.com\/portal\/wp-content\/uploads\/2025\/06\/17163737\/abono-de-permanencia_01.png","jetpack_sharing_enabled":true,"_links":{"self":[{"href":"https:\/\/cj.estrategia.com\/portal\/wp-json\/wp\/v2\/posts\/129481","targetHints":{"allow":["GET"]}}],"collection":[{"href":"https:\/\/cj.estrategia.com\/portal\/wp-json\/wp\/v2\/posts"}],"about":[{"href":"https:\/\/cj.estrategia.com\/portal\/wp-json\/wp\/v2\/types\/post"}],"author":[{"embeddable":true,"href":"https:\/\/cj.estrategia.com\/portal\/wp-json\/wp\/v2\/users\/81"}],"replies":[{"embeddable":true,"href":"https:\/\/cj.estrategia.com\/portal\/wp-json\/wp\/v2\/comments?post=129481"}],"version-history":[{"count":25,"href":"https:\/\/cj.estrategia.com\/portal\/wp-json\/wp\/v2\/posts\/129481\/revisions"}],"predecessor-version":[{"id":137114,"href":"https:\/\/cj.estrategia.com\/portal\/wp-json\/wp\/v2\/posts\/129481\/revisions\/137114"}],"wp:featuredmedia":[{"embeddable":true,"href":"https:\/\/cj.estrategia.com\/portal\/wp-json\/wp\/v2\/media\/129489"}],"wp:attachment":[{"href":"https:\/\/cj.estrategia.com\/portal\/wp-json\/wp\/v2\/media?parent=129481"}],"wp:term":[{"taxonomy":"category","embeddable":true,"href":"https:\/\/cj.estrategia.com\/portal\/wp-json\/wp\/v2\/categories?post=129481"},{"taxonomy":"post_tag","embeddable":true,"href":"https:\/\/cj.estrategia.com\/portal\/wp-json\/wp\/v2\/tags?post=129481"},{"taxonomy":"tax_estado","embeddable":true,"href":"https:\/\/cj.estrategia.com\/portal\/wp-json\/wp\/v2\/tax_estado?post=129481"}],"curies":[{"name":"wp","href":"https:\/\/api.w.org\/{rel}","templated":true}]}}