{"id":129029,"date":"2025-06-16T18:47:32","date_gmt":"2025-06-16T21:47:32","guid":{"rendered":"https:\/\/cj.estrategia.com\/portal\/?p=129029"},"modified":"2025-06-21T09:16:15","modified_gmt":"2025-06-21T12:16:15","slug":"prova-comentada-formacao-humanistica-concurso-trf1-juiz-federal","status":"publish","type":"post","link":"https:\/\/cj.estrategia.com\/portal\/prova-comentada-formacao-humanistica-concurso-trf1-juiz-federal\/","title":{"rendered":"Prova comentada Forma\u00e7\u00e3o Human\u00edstica Concurso TRF1 Juiz Federal"},"content":{"rendered":"<a id=\"cta-icon\" href=\"https:\/\/sndflw.com\/i\/magistratura-federal-grupo\" target=\"blank\" style=\"background:rgb(41,166,26)\">\n            <img decoding=\"async\" src=\"https:\/\/cj.estrategia.com\/portal\/wp-content\/uploads\/2023\/12\/07160657\/whatsapp_1385.webp\" alt=\"\" alt=\"whatsapp_1385\"><span > Acesse agora o Grupo de Estudos para Magistratura Federal <\/span><\/a>\n\n\n\n<p>Ol\u00e1, pessoal, tudo certo?!<\/p>\n\n\n\n<p>Em 15\/06\/2025, foi aplicada a prova objetiva do concurso p\u00fablico para o <strong>Tribunal Regional Federal da 1.\u00aa Regi\u00e3o<\/strong>. Assim que divulgados o caderno de provas e o gabarito preliminar oficial, nosso time de professores analisou cada uma das quest\u00f5es que agora ser\u00e3o apresentadas em nossa <strong>PROVA COMENTADA<\/strong>.<\/p>\n\n\n\n<p>Este material visa a auxili\u00e1-los na aferi\u00e7\u00e3o das notas, elabora\u00e7\u00e3o de eventuais recursos, verifica\u00e7\u00e3o das chances de avan\u00e7o para fase discursiva, bem como na revis\u00e3o do conte\u00fado cobrado no certame.<\/p>\n\n\n\n<p>Desde j\u00e1, destacamos que nosso time de professores identificou 2 quest\u00f5es pass\u00edveis de recurso e\/ou que deve ser anulada, por apresentar duas alternativas corretas, como veremos adiante. No tipo de prova comentado, trata-se das quest\u00f5es 18 e 40.<\/p>\n\n\n\n<p class=\"has-text-align-center has-luminous-vivid-amber-background-color has-background\"><a href=\"https:\/\/cj.estrategia.com\/rankings\/1427c55c-8865-4485-9e8d-edb4e834e43a\" target=\"_blank\" >Ranking TRF1 Juiz<\/a><\/p>\n\n\n\n<p>Al\u00e9m disso, montamos um caderno para nossos seguidores, alunos ou n\u00e3o, verem os coment\u00e1rios e comentar as quest\u00f5es da prova:<\/p>\n\n\n\n<p class=\"has-text-align-center has-luminous-vivid-amber-background-color has-background\"><a href=\"https:\/\/cj.estrategia.com\/cadernos-e-simulados\/cadernos\/4d5ffc65-6dce-489b-8766-5de0d700c5ac\" target=\"_blank\" >Caderno de prova para seguidores<\/a><\/p>\n\n\n\n<p>Por fim, comentaremos a prova, as quest\u00f5es mais pol\u00eamicas, as possibilidades de recurso, bem como a estimativa da nota de corte no <strong>TERM\u00d4METRO P\u00d3S-PROVA<\/strong>, no nosso canal do Youtube. Inscreva-se e ative as notifica\u00e7\u00f5es!<\/p>\n\n\n\n<p class=\"has-text-align-center has-luminous-vivid-amber-background-color has-background\"><a href=\"https:\/\/www.youtube.com\/@EstrategiaCarreiraJuridica\" target=\"_blank\" ><strong>Estrat\u00e9gia Carreira Jur\u00eddica &#8211; YouTube<\/strong><\/a><\/p>\n\n\n\n<p>Esperamos que gostem do material e de todos os novos projetos que preparamos para que avancem rumo \u00e0 aprova\u00e7\u00e3o.<\/p>\n\n\n\n<p>Contem sempre conosco. Yasmin Ushara,<\/p>\n\n\n\n<p>Coordena\u00e7\u00e3o de Rodadas do Estrat\u00e9gia Carreiras Jur\u00eddicas.<\/p>\n\n\n\n<p class=\"has-text-align-center has-luminous-vivid-amber-background-color has-background\"><strong><strong><a href=\"https:\/\/cj.estrategia.com\/portal\/provas-comentadas-concurso-trf1-juiz-federal\/\" target=\"_blank\" >Confira a prova comentada de todas as disciplinas<\/a><\/strong><\/strong><\/p>\n\n\n\n<p><strong>QUEST\u00c3O 94. Em rela\u00e7\u00e3o \u00e0s partes, a partir da interpreta\u00e7\u00e3o do mesmo preceito normativo, alcan\u00e7avam normas distintas, o que influenciava diretamente na compreens\u00e3o do objeto da lide. Uma das partes argumentava que o teor da norma que individualizara estava em perfeita harmonia com a l\u00f3gica do razo\u00e1vel. Afinal:<\/strong><strong><\/strong><\/p>\n\n\n\n<p><strong>I<\/strong>. <strong>referenciais semi\u00f3ticos n\u00e3o s\u00e3o refrat\u00e1rios a referenciais axiol\u00f3gicos, pois os \u00faltimos concorrem para a atribui\u00e7\u00e3o de significado aos primeiros;<\/strong><\/p>\n\n\n\n<ol style=\"list-style-type:upper-roman\" class=\"wp-block-list\"><\/ol>\n\n\n\n<p><strong>II. a interpreta\u00e7\u00e3o jur\u00eddica \u00e9 indissoci\u00e1vel da individualiza\u00e7\u00e3o da infer\u00eancia correta, materializada no conte\u00fado da norma; e<\/strong><\/p>\n\n\n\n<p><strong>III. a validade da norma jur\u00eddica deve ser reconhecida em uma perspectiva extr\u00ednseca.<\/strong><\/p>\n\n\n\n<ol style=\"list-style-type:upper-roman\" class=\"wp-block-list\"><\/ol>\n\n\n\n<p><strong>Ao analisar a compatibilidade dessas tr\u00eas assertivas com a l\u00f3gica do razo\u00e1vel, o magistrado concluiu corretamente que:<\/strong><strong><\/strong><\/p>\n\n\n\n<ol style=\"list-style-type:lower-alpha\" class=\"wp-block-list\">\n<li><strong>todas s\u00e3o compat\u00edveis;<\/strong><\/li>\n\n\n\n<li><strong>apenas a assertiva I \u00e9 compat\u00edvel;<\/strong><\/li>\n\n\n\n<li><strong>apenas as assertivas I e II s\u00e3o compat\u00edveis;<\/strong><\/li>\n\n\n\n<li><strong>apenas as assertivas I e III s\u00e3o compat\u00edveis;<\/strong><\/li>\n\n\n\n<li><strong>apenas as assertivas II e III s\u00e3o compat\u00edveis.<\/strong><\/li>\n<\/ol>\n\n\n\n<p><strong>Coment\u00e1rios.<\/strong><strong><\/strong><\/p>\n\n\n\n<p>A alternativa correta \u00e9 a <strong>letra D<\/strong>. A quest\u00e3o trata sobre hermen\u00eautica.<\/p>\n\n\n\n<p>O item I est\u00e1 certo. Ela admite a integra\u00e7\u00e3o entre a linguagem jur\u00eddica (referenciais semi\u00f3ticos) e os valores (referenciais axiol\u00f3gicos), reconhecendo que o sentido da norma n\u00e3o \u00e9 obtido por uma leitura puramente gramatical ou l\u00f3gica-formal, mas por meio de uma articula\u00e7\u00e3o com princ\u00edpios e valores que d\u00e3o densidade sem\u00e2ntica ao texto normativo. A l\u00f3gica do razo\u00e1vel justamente opera no plano argumentativo, em que valores exercem papel determinante na constru\u00e7\u00e3o do significado jur\u00eddico.<\/p>\n\n\n\n<p>O item II est\u00e1 errado. Embora a l\u00f3gica do razo\u00e1vel admita infer\u00eancias e argumenta\u00e7\u00f5es flex\u00edveis, ela n\u00e3o sustenta que haja uma infer\u00eancia \u201ccorreta\u201d de forma objetiva e \u00fanica, como sugerido pela assertiva. A ideia de \u201cinfer\u00eancia correta\u201d, como algo que se individualiza e se imp\u00f5e, est\u00e1 mais alinhada a um modelo de racionalidade dedutiva ou l\u00f3gica formal, e n\u00e3o \u00e0 l\u00f3gica do razo\u00e1vel, que admite a pluralidade de solu\u00e7\u00f5es razo\u00e1veis dentro de um espa\u00e7o de racionalidade compartilhada. Assim, ao postular uma \u00fanica infer\u00eancia correta, a assertiva contraria os fundamentos da l\u00f3gica do razo\u00e1vel.<\/p>\n\n\n\n<p>O item III est\u00e1 certo. A validade extr\u00ednseca de uma norma jur\u00eddica, relacionada \u00e0 l\u00f3gica do razo\u00e1vel, refere-se \u00e0 sua conformidade com crit\u00e9rios externos ao texto da norma, como sua adequa\u00e7\u00e3o \u00e0 realidade social e aos valores morais e \u00e9ticos. N\u00e3o se limita \u00e0 an\u00e1lise formal da norma, mas busca uma interpreta\u00e7\u00e3o que considere o contexto social e os fins sociais que a norma visa alcan\u00e7ar. A l\u00f3gica do razo\u00e1vel, nesse contexto, atua como um m\u00e9todo interpretativo que busca a solu\u00e7\u00e3o mais justa e adequada para um caso concreto, considerando as peculiaridades do caso e os valores sociais prevalecentes.<\/p>\n\n\n\n<p><strong>QUEST\u00c3O 95. Ana, Maria e Joana participaram de audi\u00eancia p\u00fablica na qual foram debatidos os balizamentos a serem observados pela Uni\u00e3o na demarca\u00e7\u00e3o de uma reserva ind\u00edgena. Ana sustentava o car\u00e1ter constitutivo da demarca\u00e7\u00e3o nas hip\u00f3teses em que a terra era ocupada por particulares, com t\u00edtulo de propriedade devidamente registrado, propriedade esta que seria transferida para a Uni\u00e3o, pois a reserva constitui bem p\u00fablico. Maria defendia que a exist\u00eancia de terras tradicionalmente ocupadas por comunidades ind\u00edgenas, o que direcionaria a demarca\u00e7\u00e3o da reserva, caracterizava uma posse id\u00eantica \u00e0 civil. Por fim, Joana observou que a tradicionalidade da ocupa\u00e7\u00e3o ind\u00edgena se estende, inclusive, \u00e0s \u00e1reas utilizadas para atividades produtivas, de vi\u00e9s essencialmente econ\u00f4mico.<\/strong><strong><\/strong><\/p>\n\n\n\n<p><strong>Na perspectiva da conformidade constitucional das afirma\u00e7\u00f5es de Ana, Maria e Joana, \u00e9 correto concluir que:<\/strong><strong><\/strong><\/p>\n\n\n\n<ol style=\"list-style-type:lower-alpha\" class=\"wp-block-list\">\n<li><strong>somente Ana est\u00e1 certa;<\/strong><\/li>\n\n\n\n<li><strong>somente Maria est\u00e1 certa;<\/strong><\/li>\n\n\n\n<li><strong>somente Joana est\u00e1 certa;<\/strong><\/li>\n\n\n\n<li><strong>somente Ana e Maria est\u00e3o certas;<\/strong><\/li>\n\n\n\n<li><strong>somente Maria e Joana est\u00e3o certas.<\/strong><\/li>\n<\/ol>\n\n\n\n<p><strong>Coment\u00e1rios.<\/strong><strong><\/strong><\/p>\n\n\n\n<p>A alternativa correta \u00e9 a <strong>letra C<\/strong>. A quest\u00e3o trata sobre terras ind\u00edgenas.<\/p>\n\n\n\n<p>Ana est\u00e1 errada. Ela alegou que, se a terra ind\u00edgena tiver sido titulada por particular, esse t\u00edtulo deve ser transferido para a Uni\u00e3o, pois a terra passa a ser bem p\u00fablico. De fato, a transfer\u00eancia e a inalienabilidade decorrem ap\u00f3s a demarca\u00e7\u00e3o, mas a titularidade origin\u00e1ria j\u00e1 existe por for\u00e7a constitucional desde o momento da ocupa\u00e7\u00e3o tradicional, n\u00e3o sendo criado pela demarca\u00e7\u00e3o. O STF considera que a demarca\u00e7\u00e3o \u00e9 ato declarat\u00f3rio, e n\u00e3o constitutivo.<\/p>\n\n\n\n<p>Maria est\u00e1 errada. Ela sustentou que essa ocupa\u00e7\u00e3o tradicional gera uma \u201cposse id\u00eantica \u00e0 civil\u201d. Entretanto, a doutrina e o STF explicam que a posse ind\u00edgena \u00e9 distinta da posse civil, pois n\u00e3o se fundamenta no exerc\u00edcio de poder sobre a terra como coisa, mas est\u00e1 intimamente ligada \u00e0 identidade, cultura e sobreviv\u00eancia do grupo. Portanto, n\u00e3o se enquadra nem assume a fei\u00e7\u00e3o t\u00edpica da posse civil, como Maria sugeriu.<\/p>\n\n\n\n<p>Joana est\u00e1 correta. Ela afirmou que a tradicionalidade da ocupa\u00e7\u00e3o ind\u00edgena se estende \u00e0s \u00e1reas utilizadas para atividades produtivas, de vi\u00e9s essencialmente econ\u00f4mico. Isso est\u00e1 claramente previsto no \u00a7 1\u00ba do art. 231 da CF, que define terra ind\u00edgena como aquelas habitadas permanentemente, utilizadas para atividades produtivas e imprescind\u00edveis \u00e0 reprodu\u00e7\u00e3o f\u00edsico\u2011cultural do grupo, e foi reafirmado pelo STF no julgamento do RE 1.017.365\/SC em 27\/9\/2023.<\/p>\n\n\n\n<p><strong>QUEST\u00c3O 97. Uma organiza\u00e7\u00e3o da sociedade civil, que tem entre seus objetivos o de defender as v\u00edtimas de persegui\u00e7\u00e3o il\u00edcita praticada por quaisquer estruturas estatais de poder, decidiu ingressar em ju\u00edzo com a\u00e7\u00e3o coletiva, em defesa dos seus associados, visando ao reconhecimento da ilicitude do uso de dados pessoais, em processos de responsabiliza\u00e7\u00e3o individual, nas distintas inst\u00e2ncias existentes, \u00e0 margem dos balizamentos estabelecidos pela Lei Geral de Prote\u00e7\u00e3o dos Dados Pessoais (LGPD).<\/strong><strong><\/strong><\/p>\n\n\n\n<p><strong>O magistrado competente, ao analisar o processo, concluiu corretamente, \u00e0 luz da LGPD, que:<\/strong><strong><\/strong><\/p>\n\n\n\n<ol style=\"list-style-type:lower-alpha\" class=\"wp-block-list\">\n<li><strong>podem ser utilizados dados pessoais na investiga\u00e7\u00e3o penal, \u00e0 margem dos balizamentos estabelecidos por esse diploma normativo;<\/strong><\/li>\n\n\n\n<li><strong>\u00e9 invi\u00e1vel a atua\u00e7\u00e3o coletiva da referida organiza\u00e7\u00e3o da sociedade civil, pois os dados pessoais t\u00eam natureza personal\u00edssima;<\/strong><\/li>\n\n\n\n<li><strong>n\u00e3o deve ser admitido o uso de dados pessoais, dos pr\u00f3prios indiv\u00edduos implicados, em processos de responsabiliza\u00e7\u00e3o individual, qualquer que seja a inst\u00e2ncia;<\/strong><\/li>\n\n\n\n<li><strong>pode ser admitido o uso de dados pessoais, em todas as inst\u00e2ncias de responsabiliza\u00e7\u00e3o, desde que seja precedido de autoriza\u00e7\u00e3o judicial, observados os balizamentos da LGPD;<\/strong><\/li>\n\n\n\n<li><strong>o uso de dados pessoais importa no seu tratamento, que pode ser realizado por todos os \u00f3rg\u00e3os estatais competentes para promover a responsabiliza\u00e7\u00e3o individual, nos termos da LGPD, desde que a obten\u00e7\u00e3o desses dados decorra de autoriza\u00e7\u00e3o judicial.<\/strong><\/li>\n<\/ol>\n\n\n\n<p><strong>Coment\u00e1rios.<\/strong><strong><\/strong><\/p>\n\n\n\n<p>A alternativa correta \u00e9 a <strong>letra A<\/strong>. A quest\u00e3o trata sobre a LGPD.<\/p>\n\n\n\n<p>A alternativa A est\u00e1 correta. Conforme artigo 4\u00ba, inciso III, al\u00ednea \u201cd\u201d, da LGPD: \u201cArt. 4\u00ba Esta Lei n\u00e3o se aplica ao tratamento de dados pessoais: III &#8211; realizado para fins exclusivos de: d) atividades de investiga\u00e7\u00e3o e repress\u00e3o de infra\u00e7\u00f5es penais;\u201d.<\/p>\n\n\n\n<p>A alternativa B est\u00e1 incorreta. O artigo 22 da LGPD autoriza expressamente o ajuizamento de a\u00e7\u00f5es coletivas para defesa dos interesses dos titulares: \u201cArt. 22. A defesa dos interesses e dos direitos dos titulares de dados poder\u00e1 ser exercida em ju\u00edzo, individual ou coletivamente, na forma do disposto na legisla\u00e7\u00e3o pertinente, acerca dos instrumentos de tutela individual e coletiva\u201d.<\/p>\n\n\n\n<p>A alternativa C est\u00e1 incorreta. A LGPD admite o uso de dados pessoais nas inst\u00e2ncias de responsabiliza\u00e7\u00e3o individual, desde que observados os princ\u00edpios, bases legais (art. 7\u00ba VI \u2014 \u201cpara o exerc\u00edcio regular de direitos em processo judicial, administrativo ou arbitral, esse \u00faltimo nos termos da Lei n\u00ba 9.307, de 23 de setembro de 1996 (Lei de Arbitragem)\u201d).<\/p>\n\n\n\n<p>A alternativa D est\u00e1 incorreta. Embora o uso de dados em processos exija respeito \u00e0s bases legais e princ\u00edpios da LGPD, n\u00e3o existe previs\u00e3o de autoriza\u00e7\u00e3o judicial obrigat\u00f3ria para todos os casos de tratamento.<\/p>\n\n\n\n<p>A alternativa E est\u00e1 incorreta. Embora dados sens\u00edveis possam ser usados em processos, a LGPD prev\u00ea hip\u00f3teses espec\u00edficas que dispensam o consentimento, como obriga\u00e7\u00e3o legal, pol\u00edticas p\u00fablicas, exerc\u00edcio regular de direitos (inclusive judiciais), mas n\u00e3o exige sempre autoriza\u00e7\u00e3o judicial. A exig\u00eancia de judicializa\u00e7\u00e3o depende do caso concreto \u2014 h\u00e1 hip\u00f3teses de dispensa de consentimento, sendo o controle feito pela ANPD ou pela DP\/MP. Portanto, n\u00e3o \u00e9 necess\u00e1rio passar por autoriza\u00e7\u00e3o judicial em todos os casos.<\/p>\n\n\n\n<p><strong>QUEST\u00c3O 98. A sociedade empres\u00e1ria Alfa, cujo objeto social \u00e9 a produ\u00e7\u00e3o e comercializa\u00e7\u00e3o de pe\u00e7as de vestu\u00e1rio, est\u00e1 h\u00e1 d\u00e9cadas estabelecida no territ\u00f3rio nacional, tendo influenciado fortemente as tend\u00eancias da moda em alguns per\u00edodos. Com o objetivo de ampliar as chances de \u00eaxito de sua pr\u00f3xima cole\u00e7\u00e3o de ver\u00e3o, contratou uma ag\u00eancia publicit\u00e1ria para estruturar a propaganda comercial a ser utilizada. Na ocasi\u00e3o, o diretor presidente de Alfa, especialista em economia comportamental, perguntou aos profissionais da ag\u00eancia sobre a relev\u00e2ncia das caracter\u00edsticas de Alfa e de sua influ\u00eancia pret\u00e9rita na moda, na perspectiva das heur\u00edsticas, para a estrutura\u00e7\u00e3o da propaganda comercial.<\/strong><strong><\/strong><\/p>\n\n\n\n<p><strong>Foi corretamente esclarecido ao diretor presidente que:<\/strong><strong><\/strong><strong><br><\/strong><\/p>\n\n\n\n<ol style=\"list-style-type:lower-alpha\" class=\"wp-block-list\">\n<li><strong>como as heur\u00edsticas instrumentalizam o pragmatismo, que \u00e9 essencialmente antifundacionalista, a imagem pret\u00e9rita de Alfa n\u00e3o ter\u00e1 qualquer relev\u00e2ncia nessa perspectiva de an\u00e1lise;<\/strong><\/li>\n\n\n\n<li><strong>as heur\u00edsticas, por serem direcionadas \u00e0 obten\u00e7\u00e3o de novas informa\u00e7\u00f5es a partir de cen\u00e1rios de incerteza, partem da pr\u00e9-compreens\u00e3o do p\u00fablico alvo, que levar\u00e1 em considera\u00e7\u00e3o a imagem pret\u00e9rita de Alfa;<\/strong><\/li>\n\n\n\n<li><strong>como as heur\u00edsticas direcionam um processo cognitivo de vi\u00e9s estrutural, em que cada fator \u00e9 detalhadamente analisado, postergando o processo de decis\u00e3o, a imagem pret\u00e9rita de Alfa ter\u00e1 grande relev\u00e2ncia;<\/strong><\/li>\n\n\n\n<li><strong>a heur\u00edstica de representatividade tende a direcionar o processo cognitivo de tomada de decis\u00e3o do p\u00fablico-alvo, que conhe\u00e7a a qualidade pret\u00e9rita de Alfa, em rela\u00e7\u00e3o \u00e0 previs\u00e3o de qualidade da nova cole\u00e7\u00e3o;<\/strong><\/li>\n\n\n\n<li><strong>a heur\u00edstica de disponibilidade tende a fazer que o indiv\u00edduo direcione o seu processo decis\u00f3rio por probabilidades e informa\u00e7\u00f5es ao seu alcance, de modo que as impress\u00f5es pret\u00e9ritas sobre Alfa ser\u00e3o facilmente afastadas.<\/strong><\/li>\n<\/ol>\n\n\n\n<p><strong>Coment\u00e1rios<\/strong><\/p>\n\n\n\n<p>A alternativa correta \u00e9 a <strong>letra D<\/strong>. A quest\u00e3o trata sobre heur\u00edsticas.<\/p>\n\n\n\n<p>A alternativa A est\u00e1 incorreta. Essa alternativa mistura conceitos filos\u00f3ficos (como o \u201cantifundacionalismo\u201d) com o campo da economia comportamental de forma imprecisa. A heur\u00edstica n\u00e3o elimina o papel de refer\u00eancias passadas; ao contr\u00e1rio, o atalho mental criado por ela frequentemente se apoia em experi\u00eancias anteriores, imagens pr\u00e9vias e padr\u00f5es j\u00e1 conhecidos. A ideia de que &#8220;n\u00e3o ter\u00e1 qualquer relev\u00e2ncia&#8221; desconsidera a fun\u00e7\u00e3o essencial das heur\u00edsticas na ativa\u00e7\u00e3o de conte\u00fados j\u00e1 armazenados na mem\u00f3ria do p\u00fablico.<\/p>\n\n\n\n<p>A alternativa B est\u00e1 incorreta. A assertiva acerta ao dizer que heur\u00edsticas operam sob incerteza e partem de uma pr\u00e9-compreens\u00e3o (um vi\u00e9s cognitivo j\u00e1 existente), mas peca ao deixar a natureza da heur\u00edstica vaga. Ela menciona genericamente \u201cheur\u00edsticas\u201d, sem indicar qual delas se aplica, e isso compromete a precis\u00e3o anal\u00edtica. Al\u00e9m disso, o foco da heur\u00edstica n\u00e3o \u00e9 obter \u201cnovas informa\u00e7\u00f5es\u201d, mas sim tomar decis\u00f5es r\u00e1pidas com base em informa\u00e7\u00f5es acess\u00edveis ou representativas.<\/p>\n\n\n\n<p>A alternativa C est\u00e1 incorreta. As heur\u00edsticas, por defini\u00e7\u00e3o, s\u00e3o atalhos mentais que visam economizar esfor\u00e7o cognitivo, e n\u00e3o estruturar decis\u00f5es por meio da an\u00e1lise detalhada de todos os fatores. A alternativa incorre num erro fundamental ao associar heur\u00edsticas com racionalidade anal\u00edtica e pormenorizada, o que \u00e9 t\u00edpico do modelo de decis\u00e3o racional cl\u00e1ssica, e n\u00e3o do modelo heur\u00edstico.<\/p>\n\n\n\n<p>A alternativa D est\u00e1 correta. Essa alternativa descreve com precis\u00e3o a aplica\u00e7\u00e3o da heur\u00edstica da representatividade: as pessoas tendem a julgar a probabilidade de um evento (ex.: qualidade da nova cole\u00e7\u00e3o) com base em semelhan\u00e7as percebidas com eventos anteriores (ex.: imagem consolidada da marca). Ou seja, o p\u00fablico ir\u00e1 associar a nova cole\u00e7\u00e3o \u00e0quilo que j\u00e1 conhece da empresa Alfa. Essa \u00e9 uma das heur\u00edsticas mais estudadas por Kahneman e Tversky e reflete exatamente o tipo de racioc\u00ednio impl\u00edcito desejado na propaganda comercial.<\/p>\n\n\n\n<p>A alternativa E est\u00e1 incorreta. A heur\u00edstica da disponibilidade faz com que o indiv\u00edduo se baseie em informa\u00e7\u00f5es mais acess\u00edveis ou facilmente lembradas, como eventos marcantes ou recentes. Por\u00e9m, isso n\u00e3o significa que impress\u00f5es pret\u00e9ritas sejam \u201cfacilmente afastadas\u201d; pelo contr\u00e1rio, impress\u00f5es passadas fortes e recorrentes (como a tradi\u00e7\u00e3o de uma marca) tendem a ser altamente dispon\u00edveis na mem\u00f3ria e, portanto, influenciam fortemente a tomada de decis\u00e3o.<\/p>\n\n\n\n<p class=\"has-text-align-center\"><em>Fique por dentro de todos os detalhes do concurso TRF 1 Juiz Federal.<br>Preparamos um artigo completo para voc\u00ea!<\/em><\/p>\n\n\n\n<p class=\"has-text-align-center has-luminous-vivid-amber-background-color has-background\"><strong>Saiba mais: <strong><a href=\"https:\/\/cj.estrategia.com\/portal\/concurso-trf1-juiz-federal\/\" target=\"_blank\" rel=\"noreferrer noopener nofollow\">Concurso TRF1 Juiz Federal<\/a><\/strong><\/strong><\/p>\n\n\n\n<h2 class=\"wp-block-heading has-text-align-center\" id=\"h-quer-saber-tudo-sobre-concursos-previstos-confira-nossos-artigos\"><span id=\"quer-saber-tudo-sobre-concursos-previstosconfira-nossos-artigos\">Quer saber tudo sobre concursos previstos?<br><strong>Confira nossos artigos!<\/strong><\/span><\/h2>\n\n\n\n<ul class=\"wp-block-list\">\n<li><a href=\"https:\/\/cj.estrategia.com\/portal\/concursos-abertos-carreiras-juridicas\/\" target=\"_blank\" >Concursos jur\u00eddicos abertos<\/a><\/li>\n\n\n\n<li><a href=\"https:\/\/cj.estrategia.com\/portal\/concursos-2025-carreiras-juridicas\/\" target=\"_blank\" >Concurso Jur\u00eddicos 2025<\/a><\/li>\n\n\n\n<li><a href=\"https:\/\/cj.estrategia.com\/portal\/concursos-procuradorias\/\" target=\"_blank\" >Concursos Procuradorias<\/a><\/li>\n<\/ul>\n\n\n\n<h2 class=\"wp-block-heading has-text-align-center\" id=\"assinatura-e-cursos\"><span id=\"quer-estudar-para-o-concurso-trf1-juiz-federal\">Quer estudar para o concurso TRF1 Juiz Federal?<\/span><\/h2>\n\n\n\n<h2 class=\"wp-block-heading has-text-align-center\" id=\"cursos-ficha\"><span id=\"cursos-e-assinaturas\">Cursos e Assinaturas<\/span><\/h2>\n\n\n\n<p>O Estrat\u00e9gia Carreira Jur\u00eddica \u00e9 campe\u00e3o de aprova\u00e7\u00f5es nos concursos para Carreiras Jur\u00eddicas com um corpo docente qualificado e materiais completos. Conhe\u00e7a nossos cursos e garanta sua aprova\u00e7\u00e3o:<\/p>\n\n\n\n<div class=\"container\" id=\"boxes\">\n  <div class=\"row\">\n\n    <div class=\"col-sm\">\n      <div class=\"banner-estrategia-concursos-juridicos\" id=\"box-assinatura\">\n        <h2 id=\"curso-para-trf1-juiz-federal\" class=\"titulo-assinatura\"><span style=\"color: #ffffff; font-size: 23px; \">Curso para TRF1 Juiz Federal <\/span><\/h2>\n        <p class=\"subtitulo-assinatura\">Cursos focados no edital do concurso<\/p>\n        <div class=\"box-botao\">\n          <a class=\"btn-assinatura-juridica\" target=\"_blank\" href=\"https:\/\/cj.estrategia.com\/curso\/trf-1-regio-juiz-substituto-pacote-teorico\/\" role=\"button\" rel=\"noopener noreferrer\">Conhe\u00e7a mais<\/a>\n        <\/div>\n      <\/div>\n      <p class=\"texto-auxiliar\">Prepare-se com o melhor material e com quem mais aprova em concursos em todo o pa\u00eds. \n<\/p>\n    <\/div>\n\n  <\/div>\n<\/div>\n\n\n\n<div class=\"wp-block-cover\" style=\"min-height:155px;aspect-ratio:unset;\"><span aria-hidden=\"true\" class=\"wp-block-cover__background has-background-dim\"><\/span><img decoding=\"async\" width=\"1890\" height=\"351\" class=\"wp-block-cover__image-background wp-image-8669\" alt=\"Assinaturas Jur\u00eddicas\" src=\"https:\/\/cj.estrategia.com\/portal\/wp-content\/uploads\/2022\/06\/20151253\/concurso-carreiras-juridicas-assinatura-juridica.jpg\" data-object-fit=\"cover\" srcset=\"https:\/\/cj.estrategia.com\/portal\/wp-content\/uploads\/2022\/06\/20151253\/concurso-carreiras-juridicas-assinatura-juridica.jpg 1890w, https:\/\/cj.estrategia.com\/portal\/wp-content\/uploads\/2022\/06\/20151253\/concurso-carreiras-juridicas-assinatura-juridica-300x56.jpg 300w, https:\/\/cj.estrategia.com\/portal\/wp-content\/uploads\/2022\/06\/20151253\/concurso-carreiras-juridicas-assinatura-juridica-1024x190.jpg 1024w, https:\/\/cj.estrategia.com\/portal\/wp-content\/uploads\/2022\/06\/20151253\/concurso-carreiras-juridicas-assinatura-juridica-768x143.jpg 768w, https:\/\/cj.estrategia.com\/portal\/wp-content\/uploads\/2022\/06\/20151253\/concurso-carreiras-juridicas-assinatura-juridica-1536x285.jpg 1536w, https:\/\/cj.estrategia.com\/portal\/wp-content\/uploads\/2022\/06\/20151253\/concurso-carreiras-juridicas-assinatura-juridica-380x71.jpg 380w, https:\/\/cj.estrategia.com\/portal\/wp-content\/uploads\/2022\/06\/20151253\/concurso-carreiras-juridicas-assinatura-juridica-800x149.jpg 800w, https:\/\/cj.estrategia.com\/portal\/wp-content\/uploads\/2022\/06\/20151253\/concurso-carreiras-juridicas-assinatura-juridica-1160x215.jpg 1160w\" sizes=\"(max-width: 1890px) 100vw, 1890px\" \/><div class=\"wp-block-cover__inner-container is-layout-flow wp-block-cover-is-layout-flow\">\n<h3 id=\"faca-a-sua-assinatura\" class=\"titulo-assinatura\"><span style=\"color: #ffffff;\">Fa\u00e7a a sua assinatura!<\/span><\/h3>\n<p class=\"subtitulo-assinatura\" style=\"display:block!important; line-height: 0;\"><span style=\"color: #ffffff;\">Escolha a sua \u00e1rea.<\/span><\/p>\n<a target=\"_blank\" href=\"https:\/\/www.estrategiaconcursos.com.br\/assinaturas-ecj\/\" rel=\"noopener\"><button style=\"border-radius: 10px; text-transform: capitalize;\">Acessar<\/button><\/a>\n<\/div><\/div>\n\n\n\n<p><\/p>\n","protected":false},"excerpt":{"rendered":"Ol\u00e1, pessoal, tudo certo?! Em 15\/06\/2025, foi aplicada a prova objetiva do concurso p\u00fablico para o Tribunal Regional&hellip;\n","protected":false},"author":162,"featured_media":20862,"comment_status":"open","ping_status":"open","sticky":false,"template":"","format":"standard","meta":{"_jetpack_memberships_contains_paid_content":false,"footnotes":""},"categories":[26],"tags":[],"tax_estado":[30,32,33,34,37,39,40,41,43,44,47,51,52,57],"class_list":{"0":"post-129029","1":"post","2":"type-post","3":"status-publish","4":"format-standard","5":"has-post-thumbnail","7":"category-magistratura","8":"tax_estado-ac","9":"tax_estado-am","10":"tax_estado-ap","11":"tax_estado-ba","12":"tax_estado-df","13":"tax_estado-go","14":"tax_estado-ma","15":"tax_estado-mg","16":"tax_estado-mt","17":"tax_estado-pa","18":"tax_estado-pi","19":"tax_estado-ro","20":"tax_estado-rr","21":"tax_estado-to"},"acf":[],"yoast_head":"<!-- This site is optimized with the Yoast SEO Premium plugin v27.4 (Yoast SEO v27.4) - https:\/\/yoast.com\/product\/yoast-seo-premium-wordpress\/ -->\n<title>Prova comentada Forma\u00e7\u00e3o Human\u00edstica Concurso TRF1 Juiz Federal<\/title>\n<meta name=\"description\" content=\"Confira agora mesmo a Prova comentada Forma\u00e7\u00e3o Human\u00edstica Concurso TRF1 Juiz Federal elaborada pelos nossos professores!\" \/>\n<meta name=\"robots\" content=\"index, follow, max-snippet:-1, max-image-preview:large, max-video-preview:-1\" \/>\n<link rel=\"canonical\" href=\"https:\/\/cj.estrategia.com\/portal\/prova-comentada-formacao-humanistica-concurso-trf1-juiz-federal\/\" \/>\n<meta property=\"og:locale\" content=\"pt_BR\" \/>\n<meta property=\"og:type\" content=\"article\" \/>\n<meta property=\"og:title\" content=\"Prova comentada Forma\u00e7\u00e3o Human\u00edstica Concurso TRF1 Juiz Federal\" \/>\n<meta property=\"og:description\" content=\"Confira agora mesmo a Prova comentada Forma\u00e7\u00e3o Human\u00edstica Concurso TRF1 Juiz Federal elaborada pelos nossos professores!\" \/>\n<meta property=\"og:url\" content=\"https:\/\/cj.estrategia.com\/portal\/prova-comentada-formacao-humanistica-concurso-trf1-juiz-federal\/\" \/>\n<meta property=\"og:site_name\" content=\"Blog - Carreiras Jur\u00eddicas - Estrat\u00e9gia\" \/>\n<meta property=\"article:publisher\" content=\"https:\/\/www.facebook.com\/estrategiacarreirajuridica\/\" \/>\n<meta property=\"article:published_time\" content=\"2025-06-16T21:47:32+00:00\" \/>\n<meta property=\"article:modified_time\" content=\"2025-06-21T12:16:15+00:00\" \/>\n<meta property=\"og:image\" content=\"https:\/\/cj.estrategia.com\/portal\/wp-content\/uploads\/2022\/09\/04111931\/TRF-1-JUIZ.jpg\" \/>\n\t<meta property=\"og:image:width\" content=\"768\" \/>\n\t<meta property=\"og:image:height\" content=\"432\" \/>\n\t<meta property=\"og:image:type\" content=\"image\/jpeg\" \/>\n<meta name=\"author\" content=\"Jos\u00e9 Ferreira\" \/>\n<meta name=\"twitter:card\" content=\"summary_large_image\" \/>\n<meta name=\"twitter:creator\" content=\"@EstratJuridica\" \/>\n<meta name=\"twitter:site\" content=\"@EstratJuridica\" \/>\n<meta name=\"twitter:label1\" content=\"Escrito por\" \/>\n\t<meta name=\"twitter:data1\" content=\"Jos\u00e9 Ferreira\" \/>\n\t<meta name=\"twitter:label2\" content=\"Est. tempo de leitura\" \/>\n\t<meta name=\"twitter:data2\" content=\"13 minutos\" \/>\n<script type=\"application\/ld+json\" class=\"yoast-schema-graph\">{\"@context\":\"https:\\\/\\\/schema.org\",\"@graph\":[{\"@type\":\"NewsArticle\",\"@id\":\"https:\\\/\\\/cj.estrategia.com\\\/portal\\\/prova-comentada-formacao-humanistica-concurso-trf1-juiz-federal\\\/#article\",\"isPartOf\":{\"@id\":\"https:\\\/\\\/cj.estrategia.com\\\/portal\\\/prova-comentada-formacao-humanistica-concurso-trf1-juiz-federal\\\/\"},\"author\":{\"name\":\"Jos\u00e9 Ferreira\",\"@id\":\"https:\\\/\\\/cj.estrategia.com\\\/portal\\\/#\\\/schema\\\/person\\\/4caf0099c42d736f2aade723f309f690\"},\"headline\":\"Prova comentada Forma\u00e7\u00e3o Human\u00edstica Concurso TRF1 Juiz Federal\",\"datePublished\":\"2025-06-16T21:47:32+00:00\",\"dateModified\":\"2025-06-21T12:16:15+00:00\",\"mainEntityOfPage\":{\"@id\":\"https:\\\/\\\/cj.estrategia.com\\\/portal\\\/prova-comentada-formacao-humanistica-concurso-trf1-juiz-federal\\\/\"},\"wordCount\":2594,\"commentCount\":0,\"publisher\":{\"@id\":\"https:\\\/\\\/cj.estrategia.com\\\/portal\\\/#organization\"},\"image\":{\"@id\":\"https:\\\/\\\/cj.estrategia.com\\\/portal\\\/prova-comentada-formacao-humanistica-concurso-trf1-juiz-federal\\\/#primaryimage\"},\"thumbnailUrl\":\"https:\\\/\\\/cj.estrategia.com\\\/portal\\\/wp-content\\\/uploads\\\/2022\\\/09\\\/04111931\\\/TRF-1-JUIZ.jpg\",\"articleSection\":[\"Magistratura\"],\"inLanguage\":\"pt-BR\",\"potentialAction\":[{\"@type\":\"CommentAction\",\"name\":\"Comment\",\"target\":[\"https:\\\/\\\/cj.estrategia.com\\\/portal\\\/prova-comentada-formacao-humanistica-concurso-trf1-juiz-federal\\\/#respond\"]}]},{\"@type\":\"WebPage\",\"@id\":\"https:\\\/\\\/cj.estrategia.com\\\/portal\\\/prova-comentada-formacao-humanistica-concurso-trf1-juiz-federal\\\/\",\"url\":\"https:\\\/\\\/cj.estrategia.com\\\/portal\\\/prova-comentada-formacao-humanistica-concurso-trf1-juiz-federal\\\/\",\"name\":\"Prova comentada Forma\u00e7\u00e3o Human\u00edstica Concurso TRF1 Juiz Federal\",\"isPartOf\":{\"@id\":\"https:\\\/\\\/cj.estrategia.com\\\/portal\\\/#website\"},\"primaryImageOfPage\":{\"@id\":\"https:\\\/\\\/cj.estrategia.com\\\/portal\\\/prova-comentada-formacao-humanistica-concurso-trf1-juiz-federal\\\/#primaryimage\"},\"image\":{\"@id\":\"https:\\\/\\\/cj.estrategia.com\\\/portal\\\/prova-comentada-formacao-humanistica-concurso-trf1-juiz-federal\\\/#primaryimage\"},\"thumbnailUrl\":\"https:\\\/\\\/cj.estrategia.com\\\/portal\\\/wp-content\\\/uploads\\\/2022\\\/09\\\/04111931\\\/TRF-1-JUIZ.jpg\",\"datePublished\":\"2025-06-16T21:47:32+00:00\",\"dateModified\":\"2025-06-21T12:16:15+00:00\",\"description\":\"Confira agora mesmo a Prova comentada Forma\u00e7\u00e3o Human\u00edstica Concurso TRF1 Juiz Federal elaborada pelos nossos professores!\",\"breadcrumb\":{\"@id\":\"https:\\\/\\\/cj.estrategia.com\\\/portal\\\/prova-comentada-formacao-humanistica-concurso-trf1-juiz-federal\\\/#breadcrumb\"},\"inLanguage\":\"pt-BR\",\"potentialAction\":[{\"@type\":\"ReadAction\",\"target\":[\"https:\\\/\\\/cj.estrategia.com\\\/portal\\\/prova-comentada-formacao-humanistica-concurso-trf1-juiz-federal\\\/\"]}]},{\"@type\":\"ImageObject\",\"inLanguage\":\"pt-BR\",\"@id\":\"https:\\\/\\\/cj.estrategia.com\\\/portal\\\/prova-comentada-formacao-humanistica-concurso-trf1-juiz-federal\\\/#primaryimage\",\"url\":\"https:\\\/\\\/cj.estrategia.com\\\/portal\\\/wp-content\\\/uploads\\\/2022\\\/09\\\/04111931\\\/TRF-1-JUIZ.jpg\",\"contentUrl\":\"https:\\\/\\\/cj.estrategia.com\\\/portal\\\/wp-content\\\/uploads\\\/2022\\\/09\\\/04111931\\\/TRF-1-JUIZ.jpg\",\"width\":768,\"height\":432,\"caption\":\"Edital TRF1 Magistratura\"},{\"@type\":\"BreadcrumbList\",\"@id\":\"https:\\\/\\\/cj.estrategia.com\\\/portal\\\/prova-comentada-formacao-humanistica-concurso-trf1-juiz-federal\\\/#breadcrumb\",\"itemListElement\":[{\"@type\":\"ListItem\",\"position\":1,\"name\":\"In\u00edcio\",\"item\":\"https:\\\/\\\/cj.estrategia.com\\\/portal\\\/\"},{\"@type\":\"ListItem\",\"position\":2,\"name\":\"Prova comentada Forma\u00e7\u00e3o Human\u00edstica Concurso TRF1 Juiz Federal\"}]},{\"@type\":\"WebSite\",\"@id\":\"https:\\\/\\\/cj.estrategia.com\\\/portal\\\/#website\",\"url\":\"https:\\\/\\\/cj.estrategia.com\\\/portal\\\/\",\"name\":\"Blog - Carreiras Jur\u00eddicas - Estrat\u00e9gia\",\"description\":\"\",\"publisher\":{\"@id\":\"https:\\\/\\\/cj.estrategia.com\\\/portal\\\/#organization\"},\"potentialAction\":[{\"@type\":\"SearchAction\",\"target\":{\"@type\":\"EntryPoint\",\"urlTemplate\":\"https:\\\/\\\/cj.estrategia.com\\\/portal\\\/?s={search_term_string}\"},\"query-input\":{\"@type\":\"PropertyValueSpecification\",\"valueRequired\":true,\"valueName\":\"search_term_string\"}}],\"inLanguage\":\"pt-BR\"},{\"@type\":\"Organization\",\"@id\":\"https:\\\/\\\/cj.estrategia.com\\\/portal\\\/#organization\",\"name\":\"Estrat\u00e9gia - Carreiras Jur\u00eddicas\",\"url\":\"https:\\\/\\\/cj.estrategia.com\\\/portal\\\/\",\"logo\":{\"@type\":\"ImageObject\",\"inLanguage\":\"pt-BR\",\"@id\":\"https:\\\/\\\/cj.estrategia.com\\\/portal\\\/#\\\/schema\\\/logo\\\/image\\\/\",\"url\":\"https:\\\/\\\/cj.estrategia.com\\\/portal\\\/wp-content\\\/uploads\\\/2022\\\/03\\\/11151052\\\/cj-logo.png\",\"contentUrl\":\"https:\\\/\\\/cj.estrategia.com\\\/portal\\\/wp-content\\\/uploads\\\/2022\\\/03\\\/11151052\\\/cj-logo.png\",\"width\":150,\"height\":39,\"caption\":\"Estrat\u00e9gia - Carreiras Jur\u00eddicas\"},\"image\":{\"@id\":\"https:\\\/\\\/cj.estrategia.com\\\/portal\\\/#\\\/schema\\\/logo\\\/image\\\/\"},\"sameAs\":[\"https:\\\/\\\/www.facebook.com\\\/estrategiacarreirajuridica\\\/\",\"https:\\\/\\\/x.com\\\/EstratJuridica\",\"https:\\\/\\\/www.instagram.com\\\/estrategiacarreirajuridica\\\/\",\"https:\\\/\\\/www.youtube.com\\\/channel\\\/UClbMGuYbj2Mh1m3w144ETWQ\"]},{\"@type\":\"Person\",\"@id\":\"https:\\\/\\\/cj.estrategia.com\\\/portal\\\/#\\\/schema\\\/person\\\/4caf0099c42d736f2aade723f309f690\",\"name\":\"Jos\u00e9 Ferreira\",\"image\":{\"@type\":\"ImageObject\",\"inLanguage\":\"pt-BR\",\"@id\":\"https:\\\/\\\/cj.estrategia.com\\\/portal\\\/wp-content\\\/uploads\\\/2025\\\/04\\\/18142237\\\/jose-ferreira-navarro-analista-de-conteudo-jornalismo-carreiras-juridicas-96x96.png\",\"url\":\"https:\\\/\\\/cj.estrategia.com\\\/portal\\\/wp-content\\\/uploads\\\/2025\\\/04\\\/18142237\\\/jose-ferreira-navarro-analista-de-conteudo-jornalismo-carreiras-juridicas-96x96.png\",\"contentUrl\":\"https:\\\/\\\/cj.estrategia.com\\\/portal\\\/wp-content\\\/uploads\\\/2025\\\/04\\\/18142237\\\/jose-ferreira-navarro-analista-de-conteudo-jornalismo-carreiras-juridicas-96x96.png\",\"caption\":\"Jos\u00e9 Ferreira\"},\"description\":\"Analista de conte\u00fado na equipe de Jornalismo, atua com SEO e estrat\u00e9gia para desenvolver conte\u00fados relevantes e de alta qualidade voltados para OAB e para o universo de Concursos Jur\u00eddicos.\",\"url\":\"https:\\\/\\\/cj.estrategia.com\\\/portal\\\/author\\\/jose-navarro-de-andrade-cintra-ferreira\\\/\"}]}<\/script>\n<!-- \/ Yoast SEO Premium plugin. -->","yoast_head_json":{"title":"Prova comentada Forma\u00e7\u00e3o Human\u00edstica Concurso TRF1 Juiz Federal","description":"Confira agora mesmo a Prova comentada Forma\u00e7\u00e3o Human\u00edstica Concurso TRF1 Juiz Federal elaborada pelos nossos professores!","robots":{"index":"index","follow":"follow","max-snippet":"max-snippet:-1","max-image-preview":"max-image-preview:large","max-video-preview":"max-video-preview:-1"},"canonical":"https:\/\/cj.estrategia.com\/portal\/prova-comentada-formacao-humanistica-concurso-trf1-juiz-federal\/","og_locale":"pt_BR","og_type":"article","og_title":"Prova comentada Forma\u00e7\u00e3o Human\u00edstica Concurso TRF1 Juiz Federal","og_description":"Confira agora mesmo a Prova comentada Forma\u00e7\u00e3o Human\u00edstica Concurso TRF1 Juiz Federal elaborada pelos nossos professores!","og_url":"https:\/\/cj.estrategia.com\/portal\/prova-comentada-formacao-humanistica-concurso-trf1-juiz-federal\/","og_site_name":"Blog - Carreiras Jur\u00eddicas - Estrat\u00e9gia","article_publisher":"https:\/\/www.facebook.com\/estrategiacarreirajuridica\/","article_published_time":"2025-06-16T21:47:32+00:00","article_modified_time":"2025-06-21T12:16:15+00:00","og_image":[{"width":768,"height":432,"url":"https:\/\/cj.estrategia.com\/portal\/wp-content\/uploads\/2022\/09\/04111931\/TRF-1-JUIZ.jpg","type":"image\/jpeg"}],"author":"Jos\u00e9 Ferreira","twitter_card":"summary_large_image","twitter_creator":"@EstratJuridica","twitter_site":"@EstratJuridica","twitter_misc":{"Escrito por":"Jos\u00e9 Ferreira","Est. tempo de leitura":"13 minutos"},"schema":{"@context":"https:\/\/schema.org","@graph":[{"@type":"NewsArticle","@id":"https:\/\/cj.estrategia.com\/portal\/prova-comentada-formacao-humanistica-concurso-trf1-juiz-federal\/#article","isPartOf":{"@id":"https:\/\/cj.estrategia.com\/portal\/prova-comentada-formacao-humanistica-concurso-trf1-juiz-federal\/"},"author":{"name":"Jos\u00e9 Ferreira","@id":"https:\/\/cj.estrategia.com\/portal\/#\/schema\/person\/4caf0099c42d736f2aade723f309f690"},"headline":"Prova comentada Forma\u00e7\u00e3o Human\u00edstica Concurso TRF1 Juiz Federal","datePublished":"2025-06-16T21:47:32+00:00","dateModified":"2025-06-21T12:16:15+00:00","mainEntityOfPage":{"@id":"https:\/\/cj.estrategia.com\/portal\/prova-comentada-formacao-humanistica-concurso-trf1-juiz-federal\/"},"wordCount":2594,"commentCount":0,"publisher":{"@id":"https:\/\/cj.estrategia.com\/portal\/#organization"},"image":{"@id":"https:\/\/cj.estrategia.com\/portal\/prova-comentada-formacao-humanistica-concurso-trf1-juiz-federal\/#primaryimage"},"thumbnailUrl":"https:\/\/cj.estrategia.com\/portal\/wp-content\/uploads\/2022\/09\/04111931\/TRF-1-JUIZ.jpg","articleSection":["Magistratura"],"inLanguage":"pt-BR","potentialAction":[{"@type":"CommentAction","name":"Comment","target":["https:\/\/cj.estrategia.com\/portal\/prova-comentada-formacao-humanistica-concurso-trf1-juiz-federal\/#respond"]}]},{"@type":"WebPage","@id":"https:\/\/cj.estrategia.com\/portal\/prova-comentada-formacao-humanistica-concurso-trf1-juiz-federal\/","url":"https:\/\/cj.estrategia.com\/portal\/prova-comentada-formacao-humanistica-concurso-trf1-juiz-federal\/","name":"Prova comentada Forma\u00e7\u00e3o Human\u00edstica Concurso TRF1 Juiz Federal","isPartOf":{"@id":"https:\/\/cj.estrategia.com\/portal\/#website"},"primaryImageOfPage":{"@id":"https:\/\/cj.estrategia.com\/portal\/prova-comentada-formacao-humanistica-concurso-trf1-juiz-federal\/#primaryimage"},"image":{"@id":"https:\/\/cj.estrategia.com\/portal\/prova-comentada-formacao-humanistica-concurso-trf1-juiz-federal\/#primaryimage"},"thumbnailUrl":"https:\/\/cj.estrategia.com\/portal\/wp-content\/uploads\/2022\/09\/04111931\/TRF-1-JUIZ.jpg","datePublished":"2025-06-16T21:47:32+00:00","dateModified":"2025-06-21T12:16:15+00:00","description":"Confira agora mesmo a Prova comentada Forma\u00e7\u00e3o Human\u00edstica Concurso TRF1 Juiz Federal elaborada pelos nossos professores!","breadcrumb":{"@id":"https:\/\/cj.estrategia.com\/portal\/prova-comentada-formacao-humanistica-concurso-trf1-juiz-federal\/#breadcrumb"},"inLanguage":"pt-BR","potentialAction":[{"@type":"ReadAction","target":["https:\/\/cj.estrategia.com\/portal\/prova-comentada-formacao-humanistica-concurso-trf1-juiz-federal\/"]}]},{"@type":"ImageObject","inLanguage":"pt-BR","@id":"https:\/\/cj.estrategia.com\/portal\/prova-comentada-formacao-humanistica-concurso-trf1-juiz-federal\/#primaryimage","url":"https:\/\/cj.estrategia.com\/portal\/wp-content\/uploads\/2022\/09\/04111931\/TRF-1-JUIZ.jpg","contentUrl":"https:\/\/cj.estrategia.com\/portal\/wp-content\/uploads\/2022\/09\/04111931\/TRF-1-JUIZ.jpg","width":768,"height":432,"caption":"Edital TRF1 Magistratura"},{"@type":"BreadcrumbList","@id":"https:\/\/cj.estrategia.com\/portal\/prova-comentada-formacao-humanistica-concurso-trf1-juiz-federal\/#breadcrumb","itemListElement":[{"@type":"ListItem","position":1,"name":"In\u00edcio","item":"https:\/\/cj.estrategia.com\/portal\/"},{"@type":"ListItem","position":2,"name":"Prova comentada Forma\u00e7\u00e3o Human\u00edstica Concurso TRF1 Juiz Federal"}]},{"@type":"WebSite","@id":"https:\/\/cj.estrategia.com\/portal\/#website","url":"https:\/\/cj.estrategia.com\/portal\/","name":"Blog - Carreiras Jur\u00eddicas - Estrat\u00e9gia","description":"","publisher":{"@id":"https:\/\/cj.estrategia.com\/portal\/#organization"},"potentialAction":[{"@type":"SearchAction","target":{"@type":"EntryPoint","urlTemplate":"https:\/\/cj.estrategia.com\/portal\/?s={search_term_string}"},"query-input":{"@type":"PropertyValueSpecification","valueRequired":true,"valueName":"search_term_string"}}],"inLanguage":"pt-BR"},{"@type":"Organization","@id":"https:\/\/cj.estrategia.com\/portal\/#organization","name":"Estrat\u00e9gia - Carreiras Jur\u00eddicas","url":"https:\/\/cj.estrategia.com\/portal\/","logo":{"@type":"ImageObject","inLanguage":"pt-BR","@id":"https:\/\/cj.estrategia.com\/portal\/#\/schema\/logo\/image\/","url":"https:\/\/cj.estrategia.com\/portal\/wp-content\/uploads\/2022\/03\/11151052\/cj-logo.png","contentUrl":"https:\/\/cj.estrategia.com\/portal\/wp-content\/uploads\/2022\/03\/11151052\/cj-logo.png","width":150,"height":39,"caption":"Estrat\u00e9gia - Carreiras Jur\u00eddicas"},"image":{"@id":"https:\/\/cj.estrategia.com\/portal\/#\/schema\/logo\/image\/"},"sameAs":["https:\/\/www.facebook.com\/estrategiacarreirajuridica\/","https:\/\/x.com\/EstratJuridica","https:\/\/www.instagram.com\/estrategiacarreirajuridica\/","https:\/\/www.youtube.com\/channel\/UClbMGuYbj2Mh1m3w144ETWQ"]},{"@type":"Person","@id":"https:\/\/cj.estrategia.com\/portal\/#\/schema\/person\/4caf0099c42d736f2aade723f309f690","name":"Jos\u00e9 Ferreira","image":{"@type":"ImageObject","inLanguage":"pt-BR","@id":"https:\/\/cj.estrategia.com\/portal\/wp-content\/uploads\/2025\/04\/18142237\/jose-ferreira-navarro-analista-de-conteudo-jornalismo-carreiras-juridicas-96x96.png","url":"https:\/\/cj.estrategia.com\/portal\/wp-content\/uploads\/2025\/04\/18142237\/jose-ferreira-navarro-analista-de-conteudo-jornalismo-carreiras-juridicas-96x96.png","contentUrl":"https:\/\/cj.estrategia.com\/portal\/wp-content\/uploads\/2025\/04\/18142237\/jose-ferreira-navarro-analista-de-conteudo-jornalismo-carreiras-juridicas-96x96.png","caption":"Jos\u00e9 Ferreira"},"description":"Analista de conte\u00fado na equipe de Jornalismo, atua com SEO e estrat\u00e9gia para desenvolver conte\u00fados relevantes e de alta qualidade voltados para OAB e para o universo de Concursos Jur\u00eddicos.","url":"https:\/\/cj.estrategia.com\/portal\/author\/jose-navarro-de-andrade-cintra-ferreira\/"}]}},"jetpack_featured_media_url":"https:\/\/cj.estrategia.com\/portal\/wp-content\/uploads\/2022\/09\/04111931\/TRF-1-JUIZ.jpg","jetpack_sharing_enabled":true,"_links":{"self":[{"href":"https:\/\/cj.estrategia.com\/portal\/wp-json\/wp\/v2\/posts\/129029","targetHints":{"allow":["GET"]}}],"collection":[{"href":"https:\/\/cj.estrategia.com\/portal\/wp-json\/wp\/v2\/posts"}],"about":[{"href":"https:\/\/cj.estrategia.com\/portal\/wp-json\/wp\/v2\/types\/post"}],"author":[{"embeddable":true,"href":"https:\/\/cj.estrategia.com\/portal\/wp-json\/wp\/v2\/users\/162"}],"replies":[{"embeddable":true,"href":"https:\/\/cj.estrategia.com\/portal\/wp-json\/wp\/v2\/comments?post=129029"}],"version-history":[{"count":11,"href":"https:\/\/cj.estrategia.com\/portal\/wp-json\/wp\/v2\/posts\/129029\/revisions"}],"predecessor-version":[{"id":130226,"href":"https:\/\/cj.estrategia.com\/portal\/wp-json\/wp\/v2\/posts\/129029\/revisions\/130226"}],"wp:featuredmedia":[{"embeddable":true,"href":"https:\/\/cj.estrategia.com\/portal\/wp-json\/wp\/v2\/media\/20862"}],"wp:attachment":[{"href":"https:\/\/cj.estrategia.com\/portal\/wp-json\/wp\/v2\/media?parent=129029"}],"wp:term":[{"taxonomy":"category","embeddable":true,"href":"https:\/\/cj.estrategia.com\/portal\/wp-json\/wp\/v2\/categories?post=129029"},{"taxonomy":"post_tag","embeddable":true,"href":"https:\/\/cj.estrategia.com\/portal\/wp-json\/wp\/v2\/tags?post=129029"},{"taxonomy":"tax_estado","embeddable":true,"href":"https:\/\/cj.estrategia.com\/portal\/wp-json\/wp\/v2\/tax_estado?post=129029"}],"curies":[{"name":"wp","href":"https:\/\/api.w.org\/{rel}","templated":true}]}}