{"id":129019,"date":"2025-06-16T18:46:51","date_gmt":"2025-06-16T21:46:51","guid":{"rendered":"https:\/\/cj.estrategia.com\/portal\/?p=129019"},"modified":"2025-06-16T18:53:49","modified_gmt":"2025-06-16T21:53:49","slug":"prova-comentada-direito-do-consumidor-concurso-trf1-juiz-federal","status":"publish","type":"post","link":"https:\/\/cj.estrategia.com\/portal\/prova-comentada-direito-do-consumidor-concurso-trf1-juiz-federal\/","title":{"rendered":"Prova comentada Direito do Consumidor Concurso TRF1 Juiz Federal"},"content":{"rendered":"<a id=\"cta-icon\" href=\"https:\/\/sndflw.com\/i\/magistratura-federal-grupo\" target=\"blank\" style=\"background:rgb(41,166,26)\">\n            <img decoding=\"async\" src=\"https:\/\/cj.estrategia.com\/portal\/wp-content\/uploads\/2023\/12\/07160657\/whatsapp_1385.webp\" alt=\"\" alt=\"whatsapp_1385\"><span > Acesse agora o Grupo de Estudos para Magistratura Federal <\/span><\/a>\n\n\n\n<p>Ol\u00e1, pessoal, tudo certo?!<\/p>\n\n\n\n<p>Em 15\/06\/2025, foi aplicada a prova objetiva do concurso p\u00fablico para o <strong>Tribunal Regional Federal da 1.\u00aa Regi\u00e3o<\/strong>. Assim que divulgados o caderno de provas e o gabarito preliminar oficial, nosso time de professores analisou cada uma das quest\u00f5es que agora ser\u00e3o apresentadas em nossa <strong>PROVA COMENTADA<\/strong>.<\/p>\n\n\n\n<p>Este material visa a auxili\u00e1-los na aferi\u00e7\u00e3o das notas, elabora\u00e7\u00e3o de eventuais recursos, verifica\u00e7\u00e3o das chances de avan\u00e7o para fase discursiva, bem como na revis\u00e3o do conte\u00fado cobrado no certame.<\/p>\n\n\n\n<p>Desde j\u00e1, destacamos que nosso time de professores identificou 2 quest\u00f5es pass\u00edveis de recurso e\/ou que deve ser anulada, por apresentar duas alternativas corretas, como veremos adiante. No tipo de prova comentado, trata-se das quest\u00f5es 18 e 40.<\/p>\n\n\n\n<p class=\"has-text-align-center has-luminous-vivid-amber-background-color has-background\"><a href=\"https:\/\/cj.estrategia.com\/rankings\/1427c55c-8865-4485-9e8d-edb4e834e43a\" target=\"_blank\" >Ranking TRF1 Juiz<\/a><\/p>\n\n\n\n<p>Al\u00e9m disso, montamos um caderno para nossos seguidores, alunos ou n\u00e3o, verem os coment\u00e1rios e comentar as quest\u00f5es da prova:<\/p>\n\n\n\n<p class=\"has-text-align-center has-luminous-vivid-amber-background-color has-background\"><a href=\"https:\/\/cj.estrategia.com\/cadernos-e-simulados\/cadernos\/4d5ffc65-6dce-489b-8766-5de0d700c5ac\" target=\"_blank\" >Caderno de prova para seguidores<\/a><\/p>\n\n\n\n<p>Por fim, comentaremos a prova, as quest\u00f5es mais pol\u00eamicas, as possibilidades de recurso, bem como a estimativa da nota de corte no <strong>TERM\u00d4METRO P\u00d3S-PROVA<\/strong>, no nosso canal do Youtube. Inscreva-se e ative as notifica\u00e7\u00f5es!<\/p>\n\n\n\n<p class=\"has-text-align-center has-luminous-vivid-amber-background-color has-background\"><a href=\"https:\/\/www.youtube.com\/@EstrategiaCarreiraJuridica\" target=\"_blank\" ><strong>Estrat\u00e9gia Carreira Jur\u00eddica &#8211; YouTube<\/strong><\/a><\/p>\n\n\n\n<p>Esperamos que gostem do material e de todos os novos projetos que preparamos para que avancem rumo \u00e0 aprova\u00e7\u00e3o.<\/p>\n\n\n\n<p>Contem sempre conosco. Yasmin Ushara,<\/p>\n\n\n\n<p>Coordena\u00e7\u00e3o de Rodadas do Estrat\u00e9gia Carreiras Jur\u00eddicas.<\/p>\n\n\n\n<p class=\"has-text-align-center has-luminous-vivid-amber-background-color has-background\"><strong><strong><a href=\"https:\/\/cj.estrategia.com\/portal\/provas-comentadas-concurso-trf1-juiz-federal\/\" target=\"_blank\" >Confira a prova comentada de todas as disciplinas<\/a><\/strong><\/strong><\/p>\n\n\n\n<p><strong>QUEST\u00c3O 33. Latic\u00ednios Manhua\u00e7u ajuizou a\u00e7\u00e3o em face do Banco de Naque S\/A pleiteando a declara\u00e7\u00e3o de nulidade de cl\u00e1usulas do contrato de abertura de cr\u00e9dito firmado pela sociedade com a institui\u00e7\u00e3o financeira. Um dos aspectos controvertidos da lide \u00e9 a aplica\u00e7\u00e3o ou n\u00e3o das disposi\u00e7\u00f5es do C\u00f3digo de Defesa do Consumidor (CDC) na rela\u00e7\u00e3o contratual, bem como a licitude da cobran\u00e7a de juros remunerat\u00f3rios acima do limite de 12% ao ano em caso de utiliza\u00e7\u00e3o do cr\u00e9dito disponibilizado pela institui\u00e7\u00e3o \u00e0 cliente.<\/strong><strong><\/strong><\/p>\n\n\n\n<p><strong>Acerca desses temas, \u00e9 correto afirmar que as institui\u00e7\u00f5es financeiras:<\/strong><strong><\/strong><\/p>\n\n\n\n<ol style=\"list-style-type:lower-alpha\" class=\"wp-block-list\">\n<li><strong>est\u00e3o submetidas, como fornecedores de servi\u00e7os, \u00e0s disposi\u00e7\u00f5es do CDC; no entanto, compete ao Conselho Monet\u00e1rio Nacional limitar, sempre que necess\u00e1rio, as taxas de juros de opera\u00e7\u00f5es e servi\u00e7os banc\u00e1rios ou financeiros, que podem ser superiores a 12% ao ano;<\/strong><\/li>\n\n\n\n<li><strong>integram o Sistema Financeiro Nacional e n\u00e3o se submetem \u00e0s disposi\u00e7\u00f5es do CDC, mas \u00e0s normas do Banco Central do Brasil; assim, compete ao Conselho Monet\u00e1rio Nacional limitar as taxas de juros de opera\u00e7\u00f5es e servi\u00e7os banc\u00e1rios ou financeiros ao dobro da taxa m\u00e1xima fixada pela Lei da Usura (Decreto no 22.626\/1933);<\/strong><\/li>\n\n\n\n<li><strong>est\u00e3o submetidas, como fornecedores de servi\u00e7os, \u00e0s disposi\u00e7\u00f5es do CDC, e as taxas de juros de opera\u00e7\u00f5es e servi\u00e7os banc\u00e1rios ou financeiros devem observar o limite fixado pela Lei da Usura (Decreto no 22.626\/1933), sob pena de nulidade da cl\u00e1usula contratual por ser abusiva;<\/strong><\/li>\n\n\n\n<li><strong>est\u00e3o submetidas, como fornecedores de servi\u00e7os, \u00e0s disposi\u00e7\u00f5es do CDC, e as taxas de juros de opera\u00e7\u00f5es e servi\u00e7os banc\u00e1rios ou financeiros devem observar o limite fixado pelo C\u00f3digo Civil (taxa referencial Selic), sob pena de nulidade da cl\u00e1usula contratual por ser abusiva;<\/strong><\/li>\n\n\n\n<li><strong>integram o Sistema Financeiro Nacional e n\u00e3o se submetem \u00e0s disposi\u00e7\u00f5es do CDC, mas \u00e0s normas do Conselho Monet\u00e1rio Nacional; assim, compete ao Banco Central do Brasil fixar as taxas de juros de opera\u00e7\u00f5es e servi\u00e7os banc\u00e1rios ou financeiros, que podem ser superiores a 12% ao ano.<\/strong><\/li>\n<\/ol>\n\n\n\n<p><strong>Coment\u00e1rios<\/strong><strong><\/strong><\/p>\n\n\n\n<p>A alternativa correta \u00e9 a <strong>letra A<\/strong>. A quest\u00e3o trata sobre o tema rela\u00e7\u00e3o contratual banc\u00e1ria no Direito do Consumidor.<\/p>\n\n\n\n<p>A alternativa A est\u00e1 correta. As institui\u00e7\u00f5es financeiras se submetem ao C\u00f3digo de Defesa do Consumidor, conforme S\u00famula 297 do STJ: &#8220;O C\u00f3digo de Defesa do Consumidor \u00e9 aplic\u00e1vel \u00e0s institui\u00e7\u00f5es financeiras&#8221;. Ademais, nos termos do artigo 4\u00ba, IX da Lei n\u00ba 4.595\/65: &#8221; Art. 4\u00ba Compete ao Conselho Monet\u00e1rio Nacional, segundo diretrizes estabelecidas pelo Presidente da Rep\u00fablica: IX &#8211; Limitar, sempre que necess\u00e1rio, as taxas de juros, descontos comiss\u00f5es e qualquer outra forma de remunera\u00e7\u00e3o de opera\u00e7\u00f5es e servi\u00e7os banc\u00e1rios ou financeiros, inclusive os prestados pelo Banco Central da Rep\u00fablica do Brasil, assegurando taxas favorecidas aos financiamentos que se destinem a promover:\u201d<\/p>\n\n\n\n<p>A alternativa B est\u00e1 incorreta. As institui\u00e7\u00f5es financeiras integram o Sistema Financeiro Nacional e se submetem \u00e0s disposi\u00e7\u00f5es do CDC, conforme S\u00famula 297 do STJ: &#8220;O C\u00f3digo de Defesa do Consumidor \u00e9 aplic\u00e1vel \u00e0s institui\u00e7\u00f5es financeiras&#8221;.<\/p>\n\n\n\n<p>A alternativa C est\u00e1 incorreta. Em rela\u00e7\u00e3o \u00e0s institui\u00e7\u00f5es financeiras e as taxas de juros de opera\u00e7\u00f5es e servi\u00e7os banc\u00e1rios ou financeiros, elas n\u00e3o devem observar o limite fixado pela Lei da Usura (Decreto no 22.626\/1933), conforme S\u00famula 596 do STF: &#8221; As disposi\u00e7\u00f5es do Decreto 22.626\/1933 n\u00e3o se aplicam \u00e0s taxas de juros e aos outros encargos cobrados nas opera\u00e7\u00f5es realizadas por institui\u00e7\u00f5es p\u00fablicas ou privadas, que integram o Sistema Financeiro Nacional.\u201d e S\u00famula 382 do STJ: \u201cA estipula\u00e7\u00e3o de juros remunerat\u00f3rios superiores a 12% ao ano, por si s\u00f3, n\u00e3o indica abusividade.\u201d<\/p>\n\n\n\n<p>A alternativa D est\u00e1 incorreta. As taxas de juros de opera\u00e7\u00f5es e servi\u00e7os banc\u00e1rios ou financeiros n\u00e3o devem observar o limite fixado pelo C\u00f3digo Civil.<\/p>\n\n\n\n<p>A alternativa E est\u00e1 incorreta. As institui\u00e7\u00f5es financeiras se submetem ao C\u00f3digo de Defesa do Consumidor, conforme S\u00famula 297 do STJ: &#8220;O C\u00f3digo de Defesa do Consumidor \u00e9 aplic\u00e1vel \u00e0s institui\u00e7\u00f5es financeiras&#8221;.<\/p>\n\n\n\n<p><strong>QUEST\u00c3O 34. Afonso aderiu a um sistema de cons\u00f3rcio para aquisi\u00e7\u00e3o de m\u00e1quinas agr\u00edcolas, mas n\u00e3o conseguiu pagar as parcelas at\u00e9 o final do contrato e n\u00e3o foi contemplado com o bem pretendido nos sorteios realizados, restando inadimplente.<\/strong><strong><\/strong><\/p>\n\n\n\n<p><strong>Diante do fato narrado e considerando as disposi\u00e7\u00f5es do C\u00f3digo de Defesa do Consumidor, \u00e9 correto afirmar que Afonso:<\/strong><strong><\/strong><\/p>\n\n\n\n<ol style=\"list-style-type:lower-alpha\" class=\"wp-block-list\">\n<li><strong>incorrer\u00e1 na perda total das presta\u00e7\u00f5es pagas diante da resolu\u00e7\u00e3o do contrato por inadimplemento, exceto se o credor optar por outra forma de compensa\u00e7\u00e3o dos preju\u00edzos<\/strong><\/li>\n\n\n\n<li><strong>ter\u00e1 direito \u00e0 compensa\u00e7\u00e3o ou \u00e0 restitui\u00e7\u00e3o das presta\u00e7\u00f5es pagas em caso de resolu\u00e7\u00e3o do contrato por inadimplemento, monetariamente atualizada;<\/strong><\/li>\n\n\n\n<li><strong>incorrer\u00e1 na perda total das presta\u00e7\u00f5es pagas e dever\u00e1 suportar os preju\u00edzos causados ao grupo consorcial pelo seu inadimplemento;<\/strong><\/li>\n\n\n\n<li><strong>n\u00e3o poder\u00e1 incorrer na perda total das presta\u00e7\u00f5es pagas, mas dever\u00e1 suportar os preju\u00edzos causados ao grupo consorcial pelo seu inadimplemento;<\/strong><\/li>\n\n\n\n<li><strong>ter\u00e1 direito \u00e0 restitui\u00e7\u00e3o das presta\u00e7\u00f5es pagas em caso de resolu\u00e7\u00e3o do contrato e n\u00e3o responder\u00e1 pelos preju\u00edzos decorrentes do causados ao grupo consorcial decorrentes do inadimplemento.<\/strong><\/li>\n<\/ol>\n\n\n\n<p><strong>Coment\u00e1rios<\/strong><strong><\/strong><\/p>\n\n\n\n<p>A alternativa correta \u00e9 a <strong>letra D<\/strong>. A quest\u00e3o trata do tema inadimplemento contratual e cons\u00f3rcio.<\/p>\n\n\n\n<p>A alternativa A est\u00e1 incorreta. Afonso n\u00e3o incorrer\u00e1 na perda total das presta\u00e7\u00f5es pagas diante da resolu\u00e7\u00e3o do contrato por inadimplemento, nos termos do artigo 53 caput do C\u00f3digo de Defesa do Consumidor: &#8220;Art. 53. Nos contratos de compra e venda de m\u00f3veis ou im\u00f3veis mediante pagamento em presta\u00e7\u00f5es, bem como nas aliena\u00e7\u00f5es fiduci\u00e1rias em garantia, consideram-se nulas de pleno direito as cl\u00e1usulas que estabele\u00e7am a perda total das presta\u00e7\u00f5es pagas em benef\u00edcio do credor que, em raz\u00e3o do inadimplemento, pleitear a resolu\u00e7\u00e3o do contrato e a retomada do produto alienado.\u201d<\/p>\n\n\n\n<p>A alternativa B est\u00e1 incorreta. A assertiva est\u00e1 incompleta. Afonso ter\u00e1 direito \u00e0 compensa\u00e7\u00e3o ou \u00e0 restitui\u00e7\u00e3o das presta\u00e7\u00f5es pagas em caso de resolu\u00e7\u00e3o do contrato por inadimplemento, monetariamente atualizada; mas al\u00e9m disso deve suportar os preju\u00edzos causados ao grupo consorcial pelo seu inadimplemento;<\/p>\n\n\n\n<p>A alternativa C est\u00e1 incorreta. N\u00e3o incorrer\u00e1 na perda total das presta\u00e7\u00f5es pagas, nos termos do artigo 53, caput do CDC: \u201cArt. 53. Nos contratos de compra e venda de m\u00f3veis ou im\u00f3veis mediante pagamento em presta\u00e7\u00f5es, bem como nas aliena\u00e7\u00f5es fiduci\u00e1rias em garantia, consideram-se nulas de pleno direito as cl\u00e1usulas que estabele\u00e7am a perda total das presta\u00e7\u00f5es pagas em benef\u00edcio do credor que, em raz\u00e3o do inadimplemento, pleitear a resolu\u00e7\u00e3o do contrato e a retomada do produto alienado.\u201d<\/p>\n\n\n\n<p>A alternativa D est\u00e1 correta. Afonso n\u00e3o poder\u00e1 incorrer na perda total das presta\u00e7\u00f5es pagas, mas dever\u00e1 suportar os preju\u00edzos causados ao grupo consorcial pelo seu inadimplemento. Nos termos do artigo 53, caput e \u00a7 2\u00ba do CDC: \u201cArt. 53. Nos contratos de compra e venda de m\u00f3veis ou im\u00f3veis mediante pagamento em presta\u00e7\u00f5es, bem como nas aliena\u00e7\u00f5es fiduci\u00e1rias em garantia, consideram-se nulas de pleno direito as cl\u00e1usulas que estabele\u00e7am a perda total das presta\u00e7\u00f5es pagas em benef\u00edcio do credor que, em raz\u00e3o do inadimplemento, pleitear a resolu\u00e7\u00e3o do contrato e a retomada do produto alienado. \u00a7 2\u00ba Nos contratos do sistema de cons\u00f3rcio de produtos dur\u00e1veis, a compensa\u00e7\u00e3o ou a restitui\u00e7\u00e3o das parcelas quitadas, na forma deste artigo, ter\u00e1 descontada, al\u00e9m da vantagem econ\u00f4mica auferida com a frui\u00e7\u00e3o, os preju\u00edzos que o desistente ou inadimplente causar ao grupo.\u201d<\/p>\n\n\n\n<p>A alternativa E est\u00e1 incorreta. Afonso responder\u00e1 pelos preju\u00edzos decorrentes do causados ao grupo consorcial decorrentes do inadimplemento, nos termos do artigo 53, \u00a7 2\u00ba do CDC: \u201cArt. 53. Nos contratos de compra e venda de m\u00f3veis ou im\u00f3veis mediante pagamento em presta\u00e7\u00f5es, bem como nas aliena\u00e7\u00f5es fiduci\u00e1rias em garantia, consideram-se nulas de pleno direito as cl\u00e1usulas que estabele\u00e7am a perda total das presta\u00e7\u00f5es pagas em benef\u00edcio do credor que, em raz\u00e3o do inadimplemento, pleitear a resolu\u00e7\u00e3o do contrato e a retomada do produto alienado. \u00a7 2\u00ba Nos contratos do sistema de cons\u00f3rcio de produtos dur\u00e1veis, a compensa\u00e7\u00e3o ou a restitui\u00e7\u00e3o das parcelas quitadas, na forma deste artigo, ter\u00e1 descontada, al\u00e9m da vantagem econ\u00f4mica auferida com a frui\u00e7\u00e3o, os preju\u00edzos que o desistente ou inadimplente causar ao grupo.\u201d<\/p>\n\n\n\n<p><strong>QUEST\u00c3O 36. Ol\u00edmpio, produtor rural, adquiriu equipamentos de medi\u00e7\u00e3o de \u00e1gua para a irriga\u00e7\u00e3o de suas planta\u00e7\u00f5es da sociedade empres\u00e1ria Panorama S\/A. A contrata\u00e7\u00e3o foi mediada por Cl\u00e1udio, representante comercial da companhia, que prestou as informa\u00e7\u00f5es sobre os equipamentos durante a oferta.<\/strong><strong><\/strong><\/p>\n\n\n\n<p><strong>Quando os equipamentos come\u00e7aram a ser utilizados, verificou-se sua inadequa\u00e7\u00e3o para as finalidades pretendidas pelo produtor rural e danos \u00e0s planta\u00e7\u00f5es pelo excesso de \u00e1gua acumulada.<\/strong><strong><\/strong><\/p>\n\n\n\n<p><strong>Ol\u00edmpio apresentou reclama\u00e7\u00e3o \u00e0 vendedora ap\u00f3s 75 dias da data da entrega do produto.<\/strong><strong><\/strong><\/p>\n\n\n\n<p><strong>A fornecedora apurou que a causa do problema foram as informa\u00e7\u00f5es equivocadas e incompletas prestadas por Cl\u00e1udio durante a oferta do produto, exonerando-se de qualquer responsabilidade.<\/strong><strong><\/strong><\/p>\n\n\n\n<p><strong>Ol\u00edmpio acionou tanto a sociedade empres\u00e1ria fornecedora quanto o representante comercial pedindo indeniza\u00e7\u00e3o pelos preju\u00edzos sofridos, devidamente comprovados. A sociedade fornecedora alegou que n\u00e3o houve defeito de fabrica\u00e7\u00e3o dos produtos e que n\u00e3o prestou as informa\u00e7\u00f5es erradas ao autor, invocando o fato exclusivo de terceiro como causa dos danos. Cl\u00e1udio, por sua vez, invocou sua ilegitimidade passiva, j\u00e1 que atuou apenas como mediador da oferta, n\u00e3o tendo sequer participado da contrata\u00e7\u00e3o como mandat\u00e1rio ou preposto.<\/strong><strong><\/strong><\/p>\n\n\n\n<p><strong>Considerados os fatos narrados, \u00e9 correto afirmar que o pedido deve ser julgado:<\/strong><strong><\/strong><\/p>\n\n\n\n<ol style=\"list-style-type:lower-alpha\" class=\"wp-block-list\">\n<li><strong>procedente e devem ser reconhecidas a legitimidade e a responsabilidade tanto da fornecedora quanto do representante comercial, pois a primeira \u00e9 solidariamente respons\u00e1vel pelos atos praticados pelo segundo;<\/strong><\/li>\n\n\n\n<li><strong>improcedente em rela\u00e7\u00e3o a ambas as partes, pois n\u00e3o ficou comprovado defeito de fabrica\u00e7\u00e3o do produto e o representante comercial n\u00e3o atuou na contrata\u00e7\u00e3o nem na condi\u00e7\u00e3o de mandat\u00e1rio;<\/strong><\/li>\n\n\n\n<li><strong>procedente e deve ser reconhecida a responsabilidade apenas em rela\u00e7\u00e3o ao representante comercial, pois foi ele quem prestou as informa\u00e7\u00f5es erradas ao produtor rural; a fornecedora est\u00e1 isenta de responsabilidade pelo fato exclusivo de terceiro;<\/strong><\/li>\n\n\n\n<li><strong>improcedente em rela\u00e7\u00e3o a ambas as partes, em raz\u00e3o de n\u00e3o ter sido observado o prazo legal de 30 dias para a apresenta\u00e7\u00e3o de reclama\u00e7\u00e3o \u00e0 fornecedora, operando-se, portanto, a decad\u00eancia;<\/strong><\/li>\n\n\n\n<li><strong>procedente<\/strong><strong> <\/strong><strong>apenas<\/strong><strong> <\/strong><strong>em<\/strong><strong> <\/strong><strong>rela\u00e7\u00e3o<\/strong><strong> <\/strong><strong>\u00e0<\/strong><strong> <\/strong><strong>fornecedora em<\/strong><strong> <\/strong><strong>raz\u00e3o<\/strong><strong> <\/strong><strong>da<\/strong><strong> <\/strong><strong>responsabilidade<\/strong><strong> <\/strong><strong>objetiva pelo v\u00edcio <\/strong><strong>do produto; o representante comercial n\u00e3o deve ser responsabilizado porque n\u00e3o atuou na contrata\u00e7\u00e3o nem na condi\u00e7\u00e3o de mandat\u00e1rio.<\/strong><\/li>\n<\/ol>\n\n\n\n<p><strong>Coment\u00e1rios<\/strong><strong><\/strong><\/p>\n\n\n\n<p>A alternativa correta \u00e9 a <strong>letra A<\/strong>. A quest\u00e3o trata do tema v\u00edcio do produto.<\/p>\n\n\n\n<p>A alternativa A est\u00e1 correta. O pedido deve ser julgado procedente e devem ser reconhecidas a legitimidade e a responsabilidade tanto da fornecedora quanto do representante comercial, pois a primeira \u00e9 solidariamente respons\u00e1vel pelos atos praticados pelo segundo, conforme o artigo 34 do C\u00f3digo de Defesa do Consumidor: &#8220;Art. 34. O fornecedor do produto ou servi\u00e7o \u00e9 solidariamente respons\u00e1vel pelos atos de seus prepostos ou representantes aut\u00f4nomos.\u201d<\/p>\n\n\n\n<p>A alternativa B est\u00e1 incorreta. O pedido deve ser julgado procedente em rela\u00e7\u00e3o a ambas as partes, devido \u00e0 solidariedade prevista no artigo 34 do CDC e o v\u00edcio refere-se \u00e0 falta de informa\u00e7\u00f5es.<\/p>\n\n\n\n<p>A alternativa C est\u00e1 incorreta. O pedido deve ser julgado procedente e deve ser reconhecida a responsabilidade tanto do representante comercial quanto da fornecedora, pois h\u00e1 solidariedade, nos termos do artigo 34 do CDC.<\/p>\n\n\n\n<p>A alternativa D est\u00e1 incorreta. O pedido deve ser julgado procedente em rela\u00e7\u00e3o a ambas as partes, e o prazo legal neste caso por ser um bem dur\u00e1vel \u00e9 de 90 dias, nos termos do artigo 26, inciso II do CDC: &#8220;Art. 26. O direito de reclamar pelos v\u00edcios aparentes ou de f\u00e1cil constata\u00e7\u00e3o caduca em: II &#8211; noventa dias, tratando-se de fornecimento de servi\u00e7o e de produtos dur\u00e1veis.\u201d Assim n\u00e3o ocorreu a decad\u00eancia.<\/p>\n\n\n\n<p>A alternativa E est\u00e1 incorreta. O pedido deve ser julgado procedente em rela\u00e7\u00e3o a todos os envolvidos devido \u00e0 solidariedade descrita no artigo 34 e 7\u00ba, par\u00e1grafo \u00fanico do CDC: &#8220;Art. 7\u00b0 Os direitos previstos neste c\u00f3digo n\u00e3o excluem outros decorrentes de tratados ou conven\u00e7\u00f5es internacionais de que o Brasil seja signat\u00e1rio, da legisla\u00e7\u00e3o interna ordin\u00e1ria, de regulamentos expedidos pelas autoridades administrativas competentes, bem como dos que derivam dos princ\u00edpios gerais do direito, analogia, costumes e eq\u00fcidade. Par\u00e1grafo \u00fanico. Tendo mais de um autor a ofensa, todos responder\u00e3o solidariamente pela repara\u00e7\u00e3o dos danos previstos nas normas de consumo.\u201d<\/p>\n\n\n\n<p><strong>QUEST\u00c3O 40. Carm\u00e9sia teve sua bagagem despachada extraviada em voo internacional no trajeto para o Brasil. A viagem foi realizada no dia 12 de janeiro de 2022, data da chegada ao destino e constata\u00e7\u00e3o do extravio. Carm\u00e9sia n\u00e3o aceitou as compensa\u00e7\u00f5es propostas pela transportadora a\u00e9rea e, em 15 de janeiro de 2025, ajuizou a\u00e7\u00e3o em face dela pleiteando danos materiais e morais. Infrut\u00edfera a concilia\u00e7\u00e3o, a r\u00e9 ofereceu sua contesta\u00e7\u00e3o.<\/strong><strong><\/strong><\/p>\n\n\n\n<p><strong>Em preliminar, alegou a prescri\u00e7\u00e3o da pretens\u00e3o indenizat\u00f3ria e, no m\u00e9rito, a limita\u00e7\u00e3o do valor indenizat\u00f3rio a 1.000 DES (mil Direitos Especiais de Saque).<\/strong><strong><\/strong><\/p>\n\n\n\n<p><strong>Sendo certo que a rela\u00e7\u00e3o entre Carm\u00e9sia e a transportadora a\u00e9rea \u00e9 de consumo, \u00e9 correto afirmar que:<\/strong><strong><\/strong><\/p>\n\n\n\n<ol style=\"list-style-type:lower-alpha\" class=\"wp-block-list\">\n<li><strong>n\u00e3o se verificou ainda a prescri\u00e7\u00e3o da pretens\u00e3o indenizat\u00f3ria diante de n\u00e3o terem ainda decorrido cinco anos da data da ocorr\u00eancia do dano no momento da propositura da a\u00e7\u00e3o e, quanto ao m\u00e9rito, deve ser reconhecido \u00e0 autora o direito repara\u00e7\u00e3o integral dos danos, ainda que o valor exceda a 1.000 DES (mil Direitos Especiais de Saque);<\/strong><\/li>\n\n\n\n<li><strong>est\u00e1 prescrita a pretens\u00e3o indenizat\u00f3ria da autora pelo decurso de mais de dois anos da data da ocorr\u00eancia do dano no momento da propositura da a\u00e7\u00e3o e, quanto ao m\u00e9rito o pedido deve ser julgado improcedente;<\/strong><\/li>\n\n\n\n<li><strong>n\u00e3o se verificou ainda a prescri\u00e7\u00e3o da pretens\u00e3o indenizat\u00f3ria diante de n\u00e3o terem ainda decorrido dez anos da data da ocorr\u00eancia do dano no momento da propositura da a\u00e7\u00e3o e, quanto ao m\u00e9rito, deve ser reconhecido \u00e0 autora o direito a repara\u00e7\u00e3o dos danos limitada ao valor de<\/strong> <strong>1.000 DES (mil Direitos Especiais de Saque);<\/strong><\/li>\n\n\n\n<li><strong>est\u00e1 prescrita a pretens\u00e3o indenizat\u00f3ria da autora pelo decurso de mais de um ano da data da ocorr\u00eancia do dano no momento da propositura da a\u00e7\u00e3o e, quanto ao m\u00e9rito, o pedido deve ser julgado improcedente;<\/strong><\/li>\n\n\n\n<li><strong>n\u00e3o se verificou ainda a prescri\u00e7\u00e3o da pretens\u00e3o indenizat\u00f3ria, pois a apresenta\u00e7\u00e3o da reclama\u00e7\u00e3o \u00e0 transportadora a\u00e9rea interrompeu o prazo prescricional de quatro anos, e, quanto ao m\u00e9rito, deve ser reconhecido \u00e0 autora o direito a repara\u00e7\u00e3o integral dos danos, ainda que o valor exceda a 1.000 DES (mil Direitos Especiais de Saque).<\/strong><\/li>\n<\/ol>\n\n\n\n<ul class=\"wp-block-list\">\n<li><\/li>\n<\/ul>\n\n\n\n<p><strong>Coment\u00e1rios<\/strong><strong><\/strong><\/p>\n\n\n\n<p>A alternativa correta \u00e9 a <strong>letra B<\/strong>. A quest\u00e3o trata do tema rela\u00e7\u00e3o de consumo no transporte a\u00e9reo. Quest\u00e3o pass\u00edvel de recurso e anula\u00e7\u00e3o, por n\u00e3o ter uma resposta certa, j\u00e1 que os enunciados n\u00e3o fazem a distin\u00e7\u00e3o do dano moral e material. Sendo assim, a resposta mais adequada \u00e9 a alternativa B.<\/p>\n\n\n\n<p>A alternativa A est\u00e1 incorreta. No caso do dano material proposto em rela\u00e7\u00e3o de transporte a\u00e9reo internacional, deve ser aplicada a Conven\u00e7\u00e3o de Montreal e de Vars\u00f3via, sendo assim, a indeniza\u00e7\u00e3o \u00e9 tarifada e o prazo prescricional \u00e9 de anos. Por isso essa alternativa estaria incorreta.<\/p>\n\n\n\n<p>\u201cNos termos do art. 178 da Constitui\u00e7\u00e3o da Rep\u00fablica, as normas e os tratados internacionais limitadores da responsabilidade das transportadoras a\u00e9reas de passageiros, especialmente as Conven\u00e7\u00f5es de Vars\u00f3via e Montreal, t\u00eam preval\u00eancia em rela\u00e7\u00e3o ao C\u00f3digo de Defesa do Consumidor. O presente entendimento n\u00e3o se aplica \u00e0s hip\u00f3teses de danos extrapatrimoniais. STF. Plen\u00e1rio. ARE 766618 ED\/SP, Rel. Min. Lu\u00eds Roberto Barroso, julgado em 30\/11\/2023 (Repercuss\u00e3o Geral \u2013 Tema 210).\u201d Mas em rela\u00e7\u00e3o aos danos morais, aplica-se o CDC. Com isso a repara\u00e7\u00e3o dos danos \u00e9 integral e o prazo prescricional \u00e9 de 5 anos. \u201cN\u00e3o se aplicam as Conven\u00e7\u00f5es de Vars\u00f3via e Montreal \u00e0s hip\u00f3teses de danos extrapatrimoniais decorrentes de contrato de transporte a\u00e9reo internacional. STF. Plen\u00e1rio. RE 1.394.401\/SP, Rel. Min. Rosa Weber, julgado em 15\/12\/2022 (Repercuss\u00e3o Geral \u2013 Tema 1.240).\u201d \u201cAs indeniza\u00e7\u00f5es por danos morais decorrentes de extravio de bagagem e de atraso de voo internacional n\u00e3o est\u00e3o submetidas \u00e0 tarifa\u00e7\u00e3o prevista na Conven\u00e7\u00e3o de Montreal, devendo-se observar, nesses casos, a efetiva repara\u00e7\u00e3o do consumidor preceituada pelo CDC. STJ. 3\u00aa Turma. REsp 1.842.066-RS, Rel. Min. Moura Ribeiro, julgado em 09\/06\/2020.\u201d<\/p>\n\n\n\n<p>A alternativa B est\u00e1 correta. Se considerar o dano material, realmente est\u00e1 prescrita a pretens\u00e3o indenizat\u00f3ria da autora pelo decurso de mais de dois anos da data da ocorr\u00eancia do dano no momento da propositura da a\u00e7\u00e3o e, quanto ao m\u00e9rito, o pedido deve ser julgado improcedente.<\/p>\n\n\n\n<p>A alternativa C est\u00e1 incorreta. Tanto no dano material quanto moral n\u00e3o h\u00e1 esse prazo prescricional de 10 anos.<\/p>\n\n\n\n<p>A alternativa D est\u00e1 incorreta. Tanto no dano material quanto moral n\u00e3o h\u00e1 esse prazo prescricional de 1 ano.<\/p>\n\n\n\n<p>A alternativa E est\u00e1 incorreta. Tanto no dano material quanto moral n\u00e3o h\u00e1 esse prazo prescricional de 4 anos.<\/p>\n\n\n\n<p class=\"has-text-align-center\"><em>Fique por dentro de todos os detalhes do concurso TRF 1 Juiz Federal.<br>Preparamos um artigo completo para voc\u00ea!<\/em><\/p>\n\n\n\n<p class=\"has-text-align-center has-luminous-vivid-amber-background-color has-background\"><strong>Saiba mais: <strong><a href=\"https:\/\/cj.estrategia.com\/portal\/concurso-trf1-juiz-federal\/\" target=\"_blank\" rel=\"noreferrer noopener nofollow\">Concurso TRF1 Juiz Federal<\/a><\/strong><\/strong><\/p>\n\n\n\n<h2 class=\"wp-block-heading has-text-align-center\" id=\"h-quer-saber-tudo-sobre-concursos-previstos-confira-nossos-artigos\"><span id=\"quer-saber-tudo-sobre-concursos-previstosconfira-nossos-artigos\">Quer saber tudo sobre concursos previstos?<br><strong>Confira nossos artigos!<\/strong><\/span><\/h2>\n\n\n\n<ul class=\"wp-block-list\">\n<li><a href=\"https:\/\/cj.estrategia.com\/portal\/concursos-abertos-carreiras-juridicas\/\" target=\"_blank\" >Concursos jur\u00eddicos abertos<\/a><\/li>\n\n\n\n<li><a href=\"https:\/\/cj.estrategia.com\/portal\/concursos-2025-carreiras-juridicas\/\" target=\"_blank\" >Concurso Jur\u00eddicos 2025<\/a><\/li>\n\n\n\n<li><a href=\"https:\/\/cj.estrategia.com\/portal\/concursos-procuradorias\/\" target=\"_blank\" >Concursos Procuradorias<\/a><\/li>\n<\/ul>\n\n\n\n<h2 class=\"wp-block-heading has-text-align-center\" id=\"assinatura-e-cursos\"><span id=\"quer-estudar-para-o-concurso-trf1-juiz-federal\">Quer estudar para o concurso TRF1 Juiz Federal?<\/span><\/h2>\n\n\n\n<h2 class=\"wp-block-heading has-text-align-center\" id=\"cursos-ficha\"><span id=\"cursos-e-assinaturas\">Cursos e Assinaturas<\/span><\/h2>\n\n\n\n<p>O Estrat\u00e9gia Carreira Jur\u00eddica \u00e9 campe\u00e3o de aprova\u00e7\u00f5es nos concursos para Carreiras Jur\u00eddicas com um corpo docente qualificado e materiais completos. Conhe\u00e7a nossos cursos e garanta sua aprova\u00e7\u00e3o:<\/p>\n\n\n\n<div class=\"container\" id=\"boxes\">\n  <div class=\"row\">\n\n    <div class=\"col-sm\">\n      <div class=\"banner-estrategia-concursos-juridicos\" id=\"box-assinatura\">\n        <h2 id=\"curso-para-trf1-juiz-federal\" class=\"titulo-assinatura\"><span style=\"color: #ffffff; font-size: 23px; \">Curso para TRF1 Juiz Federal <\/span><\/h2>\n        <p class=\"subtitulo-assinatura\">Cursos focados no edital do concurso<\/p>\n        <div class=\"box-botao\">\n          <a class=\"btn-assinatura-juridica\" target=\"_blank\" href=\"https:\/\/cj.estrategia.com\/curso\/trf-1-regio-juiz-substituto-pacote-teorico\/\" role=\"button\" rel=\"noopener noreferrer\">Conhe\u00e7a mais<\/a>\n        <\/div>\n      <\/div>\n      <p class=\"texto-auxiliar\">Prepare-se com o melhor material e com quem mais aprova em concursos em todo o pa\u00eds. \n<\/p>\n    <\/div>\n\n  <\/div>\n<\/div>\n\n\n\n<div class=\"wp-block-cover\" style=\"min-height:155px;aspect-ratio:unset;\"><span aria-hidden=\"true\" class=\"wp-block-cover__background has-background-dim\"><\/span><img decoding=\"async\" width=\"1890\" height=\"351\" class=\"wp-block-cover__image-background wp-image-8669\" alt=\"Assinaturas Jur\u00eddicas\" src=\"https:\/\/cj.estrategia.com\/portal\/wp-content\/uploads\/2022\/06\/20151253\/concurso-carreiras-juridicas-assinatura-juridica.jpg\" data-object-fit=\"cover\" srcset=\"https:\/\/cj.estrategia.com\/portal\/wp-content\/uploads\/2022\/06\/20151253\/concurso-carreiras-juridicas-assinatura-juridica.jpg 1890w, https:\/\/cj.estrategia.com\/portal\/wp-content\/uploads\/2022\/06\/20151253\/concurso-carreiras-juridicas-assinatura-juridica-300x56.jpg 300w, https:\/\/cj.estrategia.com\/portal\/wp-content\/uploads\/2022\/06\/20151253\/concurso-carreiras-juridicas-assinatura-juridica-1024x190.jpg 1024w, https:\/\/cj.estrategia.com\/portal\/wp-content\/uploads\/2022\/06\/20151253\/concurso-carreiras-juridicas-assinatura-juridica-768x143.jpg 768w, https:\/\/cj.estrategia.com\/portal\/wp-content\/uploads\/2022\/06\/20151253\/concurso-carreiras-juridicas-assinatura-juridica-1536x285.jpg 1536w, https:\/\/cj.estrategia.com\/portal\/wp-content\/uploads\/2022\/06\/20151253\/concurso-carreiras-juridicas-assinatura-juridica-380x71.jpg 380w, https:\/\/cj.estrategia.com\/portal\/wp-content\/uploads\/2022\/06\/20151253\/concurso-carreiras-juridicas-assinatura-juridica-800x149.jpg 800w, https:\/\/cj.estrategia.com\/portal\/wp-content\/uploads\/2022\/06\/20151253\/concurso-carreiras-juridicas-assinatura-juridica-1160x215.jpg 1160w\" sizes=\"(max-width: 1890px) 100vw, 1890px\" \/><div class=\"wp-block-cover__inner-container is-layout-flow wp-block-cover-is-layout-flow\">\n<h3 id=\"faca-a-sua-assinatura\" class=\"titulo-assinatura\"><span style=\"color: #ffffff;\">Fa\u00e7a a sua assinatura!<\/span><\/h3>\n<p class=\"subtitulo-assinatura\" style=\"display:block!important; line-height: 0;\"><span style=\"color: #ffffff;\">Escolha a sua \u00e1rea.<\/span><\/p>\n<a target=\"_blank\" href=\"https:\/\/www.estrategiaconcursos.com.br\/assinaturas-ecj\/\" rel=\"noopener\"><button style=\"border-radius: 10px; text-transform: capitalize;\">Acessar<\/button><\/a>\n<\/div><\/div>\n\n\n\n<p><\/p>\n","protected":false},"excerpt":{"rendered":"Ol\u00e1, pessoal, tudo certo?! Em 15\/06\/2025, foi aplicada a prova objetiva do concurso p\u00fablico para o Tribunal Regional&hellip;\n","protected":false},"author":162,"featured_media":20862,"comment_status":"open","ping_status":"open","sticky":false,"template":"","format":"standard","meta":{"_jetpack_memberships_contains_paid_content":false,"footnotes":""},"categories":[26],"tags":[],"tax_estado":[30,32,33,34,37,39,40,41,43,44,47,51,52,57],"class_list":{"0":"post-129019","1":"post","2":"type-post","3":"status-publish","4":"format-standard","5":"has-post-thumbnail","7":"category-magistratura","8":"tax_estado-ac","9":"tax_estado-am","10":"tax_estado-ap","11":"tax_estado-ba","12":"tax_estado-df","13":"tax_estado-go","14":"tax_estado-ma","15":"tax_estado-mg","16":"tax_estado-mt","17":"tax_estado-pa","18":"tax_estado-pi","19":"tax_estado-ro","20":"tax_estado-rr","21":"tax_estado-to"},"acf":[],"yoast_head":"<!-- This site is optimized with the Yoast SEO Premium plugin v27.4 (Yoast SEO v27.4) - https:\/\/yoast.com\/product\/yoast-seo-premium-wordpress\/ -->\n<title>Prova comentada Direito do Consumidor Concurso TRF1 Juiz Federal<\/title>\n<meta name=\"description\" content=\"Confira agora mesmo a Prova comentada Direito do Consumidor Concurso TRF1 Juiz Federal elaborada pelos nossos professores!\" \/>\n<meta name=\"robots\" content=\"index, follow, max-snippet:-1, max-image-preview:large, max-video-preview:-1\" \/>\n<link rel=\"canonical\" href=\"https:\/\/cj.estrategia.com\/portal\/prova-comentada-direito-do-consumidor-concurso-trf1-juiz-federal\/\" \/>\n<meta property=\"og:locale\" content=\"pt_BR\" \/>\n<meta property=\"og:type\" content=\"article\" \/>\n<meta property=\"og:title\" content=\"Prova comentada Direito do Consumidor Concurso TRF1 Juiz Federal\" \/>\n<meta property=\"og:description\" content=\"Confira agora mesmo a Prova comentada Direito do Consumidor Concurso TRF1 Juiz Federal elaborada pelos nossos professores!\" \/>\n<meta property=\"og:url\" content=\"https:\/\/cj.estrategia.com\/portal\/prova-comentada-direito-do-consumidor-concurso-trf1-juiz-federal\/\" \/>\n<meta property=\"og:site_name\" content=\"Blog - Carreiras Jur\u00eddicas - Estrat\u00e9gia\" \/>\n<meta property=\"article:publisher\" content=\"https:\/\/www.facebook.com\/estrategiacarreirajuridica\/\" \/>\n<meta property=\"article:published_time\" content=\"2025-06-16T21:46:51+00:00\" \/>\n<meta property=\"article:modified_time\" content=\"2025-06-16T21:53:49+00:00\" \/>\n<meta property=\"og:image\" content=\"https:\/\/cj.estrategia.com\/portal\/wp-content\/uploads\/2022\/09\/04111931\/TRF-1-JUIZ.jpg\" \/>\n\t<meta property=\"og:image:width\" content=\"768\" \/>\n\t<meta property=\"og:image:height\" content=\"432\" \/>\n\t<meta property=\"og:image:type\" content=\"image\/jpeg\" \/>\n<meta name=\"author\" content=\"Jos\u00e9 Ferreira\" \/>\n<meta name=\"twitter:card\" content=\"summary_large_image\" \/>\n<meta name=\"twitter:creator\" content=\"@EstratJuridica\" \/>\n<meta name=\"twitter:site\" content=\"@EstratJuridica\" \/>\n<meta name=\"twitter:label1\" content=\"Escrito por\" \/>\n\t<meta name=\"twitter:data1\" content=\"Jos\u00e9 Ferreira\" \/>\n\t<meta name=\"twitter:label2\" content=\"Est. tempo de leitura\" \/>\n\t<meta name=\"twitter:data2\" content=\"18 minutos\" \/>\n<script type=\"application\/ld+json\" class=\"yoast-schema-graph\">{\"@context\":\"https:\\\/\\\/schema.org\",\"@graph\":[{\"@type\":\"NewsArticle\",\"@id\":\"https:\\\/\\\/cj.estrategia.com\\\/portal\\\/prova-comentada-direito-do-consumidor-concurso-trf1-juiz-federal\\\/#article\",\"isPartOf\":{\"@id\":\"https:\\\/\\\/cj.estrategia.com\\\/portal\\\/prova-comentada-direito-do-consumidor-concurso-trf1-juiz-federal\\\/\"},\"author\":{\"name\":\"Jos\u00e9 Ferreira\",\"@id\":\"https:\\\/\\\/cj.estrategia.com\\\/portal\\\/#\\\/schema\\\/person\\\/4caf0099c42d736f2aade723f309f690\"},\"headline\":\"Prova comentada Direito do Consumidor Concurso TRF1 Juiz Federal\",\"datePublished\":\"2025-06-16T21:46:51+00:00\",\"dateModified\":\"2025-06-16T21:53:49+00:00\",\"mainEntityOfPage\":{\"@id\":\"https:\\\/\\\/cj.estrategia.com\\\/portal\\\/prova-comentada-direito-do-consumidor-concurso-trf1-juiz-federal\\\/\"},\"wordCount\":3395,\"commentCount\":0,\"publisher\":{\"@id\":\"https:\\\/\\\/cj.estrategia.com\\\/portal\\\/#organization\"},\"image\":{\"@id\":\"https:\\\/\\\/cj.estrategia.com\\\/portal\\\/prova-comentada-direito-do-consumidor-concurso-trf1-juiz-federal\\\/#primaryimage\"},\"thumbnailUrl\":\"https:\\\/\\\/cj.estrategia.com\\\/portal\\\/wp-content\\\/uploads\\\/2022\\\/09\\\/04111931\\\/TRF-1-JUIZ.jpg\",\"articleSection\":[\"Magistratura\"],\"inLanguage\":\"pt-BR\",\"potentialAction\":[{\"@type\":\"CommentAction\",\"name\":\"Comment\",\"target\":[\"https:\\\/\\\/cj.estrategia.com\\\/portal\\\/prova-comentada-direito-do-consumidor-concurso-trf1-juiz-federal\\\/#respond\"]}]},{\"@type\":\"WebPage\",\"@id\":\"https:\\\/\\\/cj.estrategia.com\\\/portal\\\/prova-comentada-direito-do-consumidor-concurso-trf1-juiz-federal\\\/\",\"url\":\"https:\\\/\\\/cj.estrategia.com\\\/portal\\\/prova-comentada-direito-do-consumidor-concurso-trf1-juiz-federal\\\/\",\"name\":\"Prova comentada Direito do Consumidor Concurso TRF1 Juiz Federal\",\"isPartOf\":{\"@id\":\"https:\\\/\\\/cj.estrategia.com\\\/portal\\\/#website\"},\"primaryImageOfPage\":{\"@id\":\"https:\\\/\\\/cj.estrategia.com\\\/portal\\\/prova-comentada-direito-do-consumidor-concurso-trf1-juiz-federal\\\/#primaryimage\"},\"image\":{\"@id\":\"https:\\\/\\\/cj.estrategia.com\\\/portal\\\/prova-comentada-direito-do-consumidor-concurso-trf1-juiz-federal\\\/#primaryimage\"},\"thumbnailUrl\":\"https:\\\/\\\/cj.estrategia.com\\\/portal\\\/wp-content\\\/uploads\\\/2022\\\/09\\\/04111931\\\/TRF-1-JUIZ.jpg\",\"datePublished\":\"2025-06-16T21:46:51+00:00\",\"dateModified\":\"2025-06-16T21:53:49+00:00\",\"description\":\"Confira agora mesmo a Prova comentada Direito do Consumidor Concurso TRF1 Juiz Federal elaborada pelos nossos professores!\",\"breadcrumb\":{\"@id\":\"https:\\\/\\\/cj.estrategia.com\\\/portal\\\/prova-comentada-direito-do-consumidor-concurso-trf1-juiz-federal\\\/#breadcrumb\"},\"inLanguage\":\"pt-BR\",\"potentialAction\":[{\"@type\":\"ReadAction\",\"target\":[\"https:\\\/\\\/cj.estrategia.com\\\/portal\\\/prova-comentada-direito-do-consumidor-concurso-trf1-juiz-federal\\\/\"]}]},{\"@type\":\"ImageObject\",\"inLanguage\":\"pt-BR\",\"@id\":\"https:\\\/\\\/cj.estrategia.com\\\/portal\\\/prova-comentada-direito-do-consumidor-concurso-trf1-juiz-federal\\\/#primaryimage\",\"url\":\"https:\\\/\\\/cj.estrategia.com\\\/portal\\\/wp-content\\\/uploads\\\/2022\\\/09\\\/04111931\\\/TRF-1-JUIZ.jpg\",\"contentUrl\":\"https:\\\/\\\/cj.estrategia.com\\\/portal\\\/wp-content\\\/uploads\\\/2022\\\/09\\\/04111931\\\/TRF-1-JUIZ.jpg\",\"width\":768,\"height\":432,\"caption\":\"Edital TRF1 Magistratura\"},{\"@type\":\"BreadcrumbList\",\"@id\":\"https:\\\/\\\/cj.estrategia.com\\\/portal\\\/prova-comentada-direito-do-consumidor-concurso-trf1-juiz-federal\\\/#breadcrumb\",\"itemListElement\":[{\"@type\":\"ListItem\",\"position\":1,\"name\":\"In\u00edcio\",\"item\":\"https:\\\/\\\/cj.estrategia.com\\\/portal\\\/\"},{\"@type\":\"ListItem\",\"position\":2,\"name\":\"Prova comentada Direito do Consumidor Concurso TRF1 Juiz Federal\"}]},{\"@type\":\"WebSite\",\"@id\":\"https:\\\/\\\/cj.estrategia.com\\\/portal\\\/#website\",\"url\":\"https:\\\/\\\/cj.estrategia.com\\\/portal\\\/\",\"name\":\"Blog - Carreiras Jur\u00eddicas - Estrat\u00e9gia\",\"description\":\"\",\"publisher\":{\"@id\":\"https:\\\/\\\/cj.estrategia.com\\\/portal\\\/#organization\"},\"potentialAction\":[{\"@type\":\"SearchAction\",\"target\":{\"@type\":\"EntryPoint\",\"urlTemplate\":\"https:\\\/\\\/cj.estrategia.com\\\/portal\\\/?s={search_term_string}\"},\"query-input\":{\"@type\":\"PropertyValueSpecification\",\"valueRequired\":true,\"valueName\":\"search_term_string\"}}],\"inLanguage\":\"pt-BR\"},{\"@type\":\"Organization\",\"@id\":\"https:\\\/\\\/cj.estrategia.com\\\/portal\\\/#organization\",\"name\":\"Estrat\u00e9gia - Carreiras Jur\u00eddicas\",\"url\":\"https:\\\/\\\/cj.estrategia.com\\\/portal\\\/\",\"logo\":{\"@type\":\"ImageObject\",\"inLanguage\":\"pt-BR\",\"@id\":\"https:\\\/\\\/cj.estrategia.com\\\/portal\\\/#\\\/schema\\\/logo\\\/image\\\/\",\"url\":\"https:\\\/\\\/cj.estrategia.com\\\/portal\\\/wp-content\\\/uploads\\\/2022\\\/03\\\/11151052\\\/cj-logo.png\",\"contentUrl\":\"https:\\\/\\\/cj.estrategia.com\\\/portal\\\/wp-content\\\/uploads\\\/2022\\\/03\\\/11151052\\\/cj-logo.png\",\"width\":150,\"height\":39,\"caption\":\"Estrat\u00e9gia - Carreiras Jur\u00eddicas\"},\"image\":{\"@id\":\"https:\\\/\\\/cj.estrategia.com\\\/portal\\\/#\\\/schema\\\/logo\\\/image\\\/\"},\"sameAs\":[\"https:\\\/\\\/www.facebook.com\\\/estrategiacarreirajuridica\\\/\",\"https:\\\/\\\/x.com\\\/EstratJuridica\",\"https:\\\/\\\/www.instagram.com\\\/estrategiacarreirajuridica\\\/\",\"https:\\\/\\\/www.youtube.com\\\/channel\\\/UClbMGuYbj2Mh1m3w144ETWQ\"]},{\"@type\":\"Person\",\"@id\":\"https:\\\/\\\/cj.estrategia.com\\\/portal\\\/#\\\/schema\\\/person\\\/4caf0099c42d736f2aade723f309f690\",\"name\":\"Jos\u00e9 Ferreira\",\"image\":{\"@type\":\"ImageObject\",\"inLanguage\":\"pt-BR\",\"@id\":\"https:\\\/\\\/cj.estrategia.com\\\/portal\\\/wp-content\\\/uploads\\\/2025\\\/04\\\/18142237\\\/jose-ferreira-navarro-analista-de-conteudo-jornalismo-carreiras-juridicas-96x96.png\",\"url\":\"https:\\\/\\\/cj.estrategia.com\\\/portal\\\/wp-content\\\/uploads\\\/2025\\\/04\\\/18142237\\\/jose-ferreira-navarro-analista-de-conteudo-jornalismo-carreiras-juridicas-96x96.png\",\"contentUrl\":\"https:\\\/\\\/cj.estrategia.com\\\/portal\\\/wp-content\\\/uploads\\\/2025\\\/04\\\/18142237\\\/jose-ferreira-navarro-analista-de-conteudo-jornalismo-carreiras-juridicas-96x96.png\",\"caption\":\"Jos\u00e9 Ferreira\"},\"description\":\"Analista de conte\u00fado na equipe de Jornalismo, atua com SEO e estrat\u00e9gia para desenvolver conte\u00fados relevantes e de alta qualidade voltados para OAB e para o universo de Concursos Jur\u00eddicos.\",\"url\":\"https:\\\/\\\/cj.estrategia.com\\\/portal\\\/author\\\/jose-navarro-de-andrade-cintra-ferreira\\\/\"}]}<\/script>\n<!-- \/ Yoast SEO Premium plugin. -->","yoast_head_json":{"title":"Prova comentada Direito do Consumidor Concurso TRF1 Juiz Federal","description":"Confira agora mesmo a Prova comentada Direito do Consumidor Concurso TRF1 Juiz Federal elaborada pelos nossos professores!","robots":{"index":"index","follow":"follow","max-snippet":"max-snippet:-1","max-image-preview":"max-image-preview:large","max-video-preview":"max-video-preview:-1"},"canonical":"https:\/\/cj.estrategia.com\/portal\/prova-comentada-direito-do-consumidor-concurso-trf1-juiz-federal\/","og_locale":"pt_BR","og_type":"article","og_title":"Prova comentada Direito do Consumidor Concurso TRF1 Juiz Federal","og_description":"Confira agora mesmo a Prova comentada Direito do Consumidor Concurso TRF1 Juiz Federal elaborada pelos nossos professores!","og_url":"https:\/\/cj.estrategia.com\/portal\/prova-comentada-direito-do-consumidor-concurso-trf1-juiz-federal\/","og_site_name":"Blog - Carreiras Jur\u00eddicas - Estrat\u00e9gia","article_publisher":"https:\/\/www.facebook.com\/estrategiacarreirajuridica\/","article_published_time":"2025-06-16T21:46:51+00:00","article_modified_time":"2025-06-16T21:53:49+00:00","og_image":[{"width":768,"height":432,"url":"https:\/\/cj.estrategia.com\/portal\/wp-content\/uploads\/2022\/09\/04111931\/TRF-1-JUIZ.jpg","type":"image\/jpeg"}],"author":"Jos\u00e9 Ferreira","twitter_card":"summary_large_image","twitter_creator":"@EstratJuridica","twitter_site":"@EstratJuridica","twitter_misc":{"Escrito por":"Jos\u00e9 Ferreira","Est. tempo de leitura":"18 minutos"},"schema":{"@context":"https:\/\/schema.org","@graph":[{"@type":"NewsArticle","@id":"https:\/\/cj.estrategia.com\/portal\/prova-comentada-direito-do-consumidor-concurso-trf1-juiz-federal\/#article","isPartOf":{"@id":"https:\/\/cj.estrategia.com\/portal\/prova-comentada-direito-do-consumidor-concurso-trf1-juiz-federal\/"},"author":{"name":"Jos\u00e9 Ferreira","@id":"https:\/\/cj.estrategia.com\/portal\/#\/schema\/person\/4caf0099c42d736f2aade723f309f690"},"headline":"Prova comentada Direito do Consumidor Concurso TRF1 Juiz Federal","datePublished":"2025-06-16T21:46:51+00:00","dateModified":"2025-06-16T21:53:49+00:00","mainEntityOfPage":{"@id":"https:\/\/cj.estrategia.com\/portal\/prova-comentada-direito-do-consumidor-concurso-trf1-juiz-federal\/"},"wordCount":3395,"commentCount":0,"publisher":{"@id":"https:\/\/cj.estrategia.com\/portal\/#organization"},"image":{"@id":"https:\/\/cj.estrategia.com\/portal\/prova-comentada-direito-do-consumidor-concurso-trf1-juiz-federal\/#primaryimage"},"thumbnailUrl":"https:\/\/cj.estrategia.com\/portal\/wp-content\/uploads\/2022\/09\/04111931\/TRF-1-JUIZ.jpg","articleSection":["Magistratura"],"inLanguage":"pt-BR","potentialAction":[{"@type":"CommentAction","name":"Comment","target":["https:\/\/cj.estrategia.com\/portal\/prova-comentada-direito-do-consumidor-concurso-trf1-juiz-federal\/#respond"]}]},{"@type":"WebPage","@id":"https:\/\/cj.estrategia.com\/portal\/prova-comentada-direito-do-consumidor-concurso-trf1-juiz-federal\/","url":"https:\/\/cj.estrategia.com\/portal\/prova-comentada-direito-do-consumidor-concurso-trf1-juiz-federal\/","name":"Prova comentada Direito do Consumidor Concurso TRF1 Juiz Federal","isPartOf":{"@id":"https:\/\/cj.estrategia.com\/portal\/#website"},"primaryImageOfPage":{"@id":"https:\/\/cj.estrategia.com\/portal\/prova-comentada-direito-do-consumidor-concurso-trf1-juiz-federal\/#primaryimage"},"image":{"@id":"https:\/\/cj.estrategia.com\/portal\/prova-comentada-direito-do-consumidor-concurso-trf1-juiz-federal\/#primaryimage"},"thumbnailUrl":"https:\/\/cj.estrategia.com\/portal\/wp-content\/uploads\/2022\/09\/04111931\/TRF-1-JUIZ.jpg","datePublished":"2025-06-16T21:46:51+00:00","dateModified":"2025-06-16T21:53:49+00:00","description":"Confira agora mesmo a Prova comentada Direito do Consumidor Concurso TRF1 Juiz Federal elaborada pelos nossos professores!","breadcrumb":{"@id":"https:\/\/cj.estrategia.com\/portal\/prova-comentada-direito-do-consumidor-concurso-trf1-juiz-federal\/#breadcrumb"},"inLanguage":"pt-BR","potentialAction":[{"@type":"ReadAction","target":["https:\/\/cj.estrategia.com\/portal\/prova-comentada-direito-do-consumidor-concurso-trf1-juiz-federal\/"]}]},{"@type":"ImageObject","inLanguage":"pt-BR","@id":"https:\/\/cj.estrategia.com\/portal\/prova-comentada-direito-do-consumidor-concurso-trf1-juiz-federal\/#primaryimage","url":"https:\/\/cj.estrategia.com\/portal\/wp-content\/uploads\/2022\/09\/04111931\/TRF-1-JUIZ.jpg","contentUrl":"https:\/\/cj.estrategia.com\/portal\/wp-content\/uploads\/2022\/09\/04111931\/TRF-1-JUIZ.jpg","width":768,"height":432,"caption":"Edital TRF1 Magistratura"},{"@type":"BreadcrumbList","@id":"https:\/\/cj.estrategia.com\/portal\/prova-comentada-direito-do-consumidor-concurso-trf1-juiz-federal\/#breadcrumb","itemListElement":[{"@type":"ListItem","position":1,"name":"In\u00edcio","item":"https:\/\/cj.estrategia.com\/portal\/"},{"@type":"ListItem","position":2,"name":"Prova comentada Direito do Consumidor Concurso TRF1 Juiz Federal"}]},{"@type":"WebSite","@id":"https:\/\/cj.estrategia.com\/portal\/#website","url":"https:\/\/cj.estrategia.com\/portal\/","name":"Blog - Carreiras Jur\u00eddicas - Estrat\u00e9gia","description":"","publisher":{"@id":"https:\/\/cj.estrategia.com\/portal\/#organization"},"potentialAction":[{"@type":"SearchAction","target":{"@type":"EntryPoint","urlTemplate":"https:\/\/cj.estrategia.com\/portal\/?s={search_term_string}"},"query-input":{"@type":"PropertyValueSpecification","valueRequired":true,"valueName":"search_term_string"}}],"inLanguage":"pt-BR"},{"@type":"Organization","@id":"https:\/\/cj.estrategia.com\/portal\/#organization","name":"Estrat\u00e9gia - Carreiras Jur\u00eddicas","url":"https:\/\/cj.estrategia.com\/portal\/","logo":{"@type":"ImageObject","inLanguage":"pt-BR","@id":"https:\/\/cj.estrategia.com\/portal\/#\/schema\/logo\/image\/","url":"https:\/\/cj.estrategia.com\/portal\/wp-content\/uploads\/2022\/03\/11151052\/cj-logo.png","contentUrl":"https:\/\/cj.estrategia.com\/portal\/wp-content\/uploads\/2022\/03\/11151052\/cj-logo.png","width":150,"height":39,"caption":"Estrat\u00e9gia - Carreiras Jur\u00eddicas"},"image":{"@id":"https:\/\/cj.estrategia.com\/portal\/#\/schema\/logo\/image\/"},"sameAs":["https:\/\/www.facebook.com\/estrategiacarreirajuridica\/","https:\/\/x.com\/EstratJuridica","https:\/\/www.instagram.com\/estrategiacarreirajuridica\/","https:\/\/www.youtube.com\/channel\/UClbMGuYbj2Mh1m3w144ETWQ"]},{"@type":"Person","@id":"https:\/\/cj.estrategia.com\/portal\/#\/schema\/person\/4caf0099c42d736f2aade723f309f690","name":"Jos\u00e9 Ferreira","image":{"@type":"ImageObject","inLanguage":"pt-BR","@id":"https:\/\/cj.estrategia.com\/portal\/wp-content\/uploads\/2025\/04\/18142237\/jose-ferreira-navarro-analista-de-conteudo-jornalismo-carreiras-juridicas-96x96.png","url":"https:\/\/cj.estrategia.com\/portal\/wp-content\/uploads\/2025\/04\/18142237\/jose-ferreira-navarro-analista-de-conteudo-jornalismo-carreiras-juridicas-96x96.png","contentUrl":"https:\/\/cj.estrategia.com\/portal\/wp-content\/uploads\/2025\/04\/18142237\/jose-ferreira-navarro-analista-de-conteudo-jornalismo-carreiras-juridicas-96x96.png","caption":"Jos\u00e9 Ferreira"},"description":"Analista de conte\u00fado na equipe de Jornalismo, atua com SEO e estrat\u00e9gia para desenvolver conte\u00fados relevantes e de alta qualidade voltados para OAB e para o universo de Concursos Jur\u00eddicos.","url":"https:\/\/cj.estrategia.com\/portal\/author\/jose-navarro-de-andrade-cintra-ferreira\/"}]}},"jetpack_featured_media_url":"https:\/\/cj.estrategia.com\/portal\/wp-content\/uploads\/2022\/09\/04111931\/TRF-1-JUIZ.jpg","jetpack_sharing_enabled":true,"_links":{"self":[{"href":"https:\/\/cj.estrategia.com\/portal\/wp-json\/wp\/v2\/posts\/129019","targetHints":{"allow":["GET"]}}],"collection":[{"href":"https:\/\/cj.estrategia.com\/portal\/wp-json\/wp\/v2\/posts"}],"about":[{"href":"https:\/\/cj.estrategia.com\/portal\/wp-json\/wp\/v2\/types\/post"}],"author":[{"embeddable":true,"href":"https:\/\/cj.estrategia.com\/portal\/wp-json\/wp\/v2\/users\/162"}],"replies":[{"embeddable":true,"href":"https:\/\/cj.estrategia.com\/portal\/wp-json\/wp\/v2\/comments?post=129019"}],"version-history":[{"count":12,"href":"https:\/\/cj.estrategia.com\/portal\/wp-json\/wp\/v2\/posts\/129019\/revisions"}],"predecessor-version":[{"id":129199,"href":"https:\/\/cj.estrategia.com\/portal\/wp-json\/wp\/v2\/posts\/129019\/revisions\/129199"}],"wp:featuredmedia":[{"embeddable":true,"href":"https:\/\/cj.estrategia.com\/portal\/wp-json\/wp\/v2\/media\/20862"}],"wp:attachment":[{"href":"https:\/\/cj.estrategia.com\/portal\/wp-json\/wp\/v2\/media?parent=129019"}],"wp:term":[{"taxonomy":"category","embeddable":true,"href":"https:\/\/cj.estrategia.com\/portal\/wp-json\/wp\/v2\/categories?post=129019"},{"taxonomy":"post_tag","embeddable":true,"href":"https:\/\/cj.estrategia.com\/portal\/wp-json\/wp\/v2\/tags?post=129019"},{"taxonomy":"tax_estado","embeddable":true,"href":"https:\/\/cj.estrategia.com\/portal\/wp-json\/wp\/v2\/tax_estado?post=129019"}],"curies":[{"name":"wp","href":"https:\/\/api.w.org\/{rel}","templated":true}]}}