{"id":128780,"date":"2025-06-15T19:23:30","date_gmt":"2025-06-15T22:23:30","guid":{"rendered":"https:\/\/cj.estrategia.com\/portal\/?p=128780"},"modified":"2025-07-21T00:24:35","modified_gmt":"2025-07-21T03:24:35","slug":"acessibilidade-pcd-autistas-concursos","status":"publish","type":"post","link":"https:\/\/cj.estrategia.com\/portal\/acessibilidade-pcd-autistas-concursos\/","title":{"rendered":"Acessibilidade a PCD e autistas em concursos do judici\u00e1rio"},"content":{"rendered":"\n<p><em>CNJ assegura acessibilidade para pessoas com defici\u00eancia e autistas em concursos do Judici\u00e1rio, garantindo inclus\u00e3o e igualdade de oportunidades.<\/em><\/p>\n\n\n\n<p>* Thiago de Paula Leite \u00e9 procurador do Estado de S\u00e3o Paulo e professor de direito ambiental e agr\u00e1rio do Estrat\u00e9gia.<\/p>\n\n\n\n<figure class=\"wp-block-image size-large\"><img decoding=\"async\" width=\"1024\" height=\"536\" src=\"https:\/\/cj.estrategia.com\/portal\/wp-content\/uploads\/2025\/06\/15192004\/pcd-1024x536.webp\" alt=\"acessibilidade\" class=\"wp-image-128812\" srcset=\"https:\/\/cj.estrategia.com\/portal\/wp-content\/uploads\/2025\/06\/15192004\/pcd-1024x536.webp 1024w, https:\/\/cj.estrategia.com\/portal\/wp-content\/uploads\/2025\/06\/15192004\/pcd-300x157.webp 300w, https:\/\/cj.estrategia.com\/portal\/wp-content\/uploads\/2025\/06\/15192004\/pcd-768x402.webp 768w, https:\/\/cj.estrategia.com\/portal\/wp-content\/uploads\/2025\/06\/15192004\/pcd-380x199.webp 380w, https:\/\/cj.estrategia.com\/portal\/wp-content\/uploads\/2025\/06\/15192004\/pcd-800x419.webp 800w, https:\/\/cj.estrategia.com\/portal\/wp-content\/uploads\/2025\/06\/15192004\/pcd-1160x607.webp 1160w, https:\/\/cj.estrategia.com\/portal\/wp-content\/uploads\/2025\/06\/15192004\/pcd-150x79.webp 150w, https:\/\/cj.estrategia.com\/portal\/wp-content\/uploads\/2025\/06\/15192004\/pcd.webp 1200w\" sizes=\"(max-width: 1024px) 100vw, 1024px\" \/><\/figure>\n\n\n\n<h2 class=\"wp-block-heading\" id=\"h-decisao-do-cnj\"><span id=\"decisao-do-cnj\"><strong>Decis\u00e3o do CNJ<\/strong><\/span><\/h2>\n\n\n\n<p>O Conselho Nacional de Justi\u00e7a acaba de aprovar um ato normativo que assegura \u00e0s pessoas com defici\u00eancia e com transtorno do espectro autista o direito a condi\u00e7\u00f5es adaptadas para fazer provas em concursos p\u00fablicos e processos seletivos promovidos pelo Poder Judici\u00e1rio.&nbsp;<\/p>\n\n\n\n<p>A medida abarca principalmente etapas orais dos concursos, garantindo plena acessibilidade, adapta\u00e7\u00f5es e o uso de tecnologias assistivas.<\/p>\n\n\n\n<p>A resolu\u00e7\u00e3o, de relatoria do conselheiro Guilherme Feliciano, tem como fundamento o dever de prote\u00e7\u00e3o dos direitos fundamentais das pessoas com defici\u00eancia, conforme estabelecido pela Conven\u00e7\u00e3o Internacional sobre os Direitos das Pessoas com Defici\u00eancia (Decreto n. 6.949\/2009).&nbsp;&nbsp;<\/p>\n\n\n\n<p>Uma das justificativas para a medida \u00e9 que, para assegurar o exerc\u00edcio, em igualdade de condi\u00e7\u00f5es, dos direitos humanos e liberdades fundamentais, \u00e9 necess\u00e1rio observar a \u201c<strong>Adapta\u00e7\u00e3o Razo\u00e1vel<\/strong>\u201d.<\/p>\n\n\n\n<p>Mas o que vem a ser essa adapta\u00e7\u00e3o razo\u00e1vel? Simples:<\/p>\n\n\n\n<div class=\"wp-block-media-text is-stacked-on-mobile cnvs-block-core-media-text-1750025554828\" style=\"grid-template-columns:30% auto\"><figure class=\"wp-block-media-text__media\"><img decoding=\"async\" width=\"1024\" height=\"683\" src=\"https:\/\/cj.estrategia.com\/portal\/wp-content\/uploads\/2025\/05\/11144028\/renata_coruja_marcatexto-1024x683.png\" alt=\"\" class=\"wp-image-119367 size-full\" srcset=\"https:\/\/cj.estrategia.com\/portal\/wp-content\/uploads\/2025\/05\/11144028\/renata_coruja_marcatexto-1024x683.png 1024w, https:\/\/cj.estrategia.com\/portal\/wp-content\/uploads\/2025\/05\/11144028\/renata_coruja_marcatexto-300x200.png 300w, https:\/\/cj.estrategia.com\/portal\/wp-content\/uploads\/2025\/05\/11144028\/renata_coruja_marcatexto-768x512.png 768w, https:\/\/cj.estrategia.com\/portal\/wp-content\/uploads\/2025\/05\/11144028\/renata_coruja_marcatexto-380x253.png 380w, https:\/\/cj.estrategia.com\/portal\/wp-content\/uploads\/2025\/05\/11144028\/renata_coruja_marcatexto-800x533.png 800w, https:\/\/cj.estrategia.com\/portal\/wp-content\/uploads\/2025\/05\/11144028\/renata_coruja_marcatexto-1160x773.png 1160w, https:\/\/cj.estrategia.com\/portal\/wp-content\/uploads\/2025\/05\/11144028\/renata_coruja_marcatexto-150x100.png 150w, https:\/\/cj.estrategia.com\/portal\/wp-content\/uploads\/2025\/05\/11144028\/renata_coruja_marcatexto.png 1536w\" sizes=\"(max-width: 1024px) 100vw, 1024px\" \/><\/figure><div class=\"wp-block-media-text__content\">\n<p><strong><mark style=\"background-color:rgba(0, 0, 0, 0)\" class=\"has-inline-color has-black-color\">\u201cAdapta\u00e7\u00e3o razo\u00e1vel\u201d<\/mark> <\/strong>significa as modifica\u00e7\u00f5es e os ajustes necess\u00e1rios e adequados que n\u00e3o acarretem \u00f4nus desproporcional ou indevido, quando requeridos em cada caso, a fim de assegurar que as pessoas com defici\u00eancia possam gozar ou exercer, em igualdade de oportunidades com as demais pessoas, todos os direitos humanos e liberdades fundamentais.<\/p>\n<\/div><\/div>\n\n\n\n<p>O CNJ reconheceu que h\u00e1 barreiras \u00e0 inser\u00e7\u00e3o de pessoas com defici\u00eancia no Judici\u00e1rio, evidenciadas por levantamento que demonstrou baixos \u00edndices de representatividade dessa popula\u00e7\u00e3o nos quadros da magistratura, servidores, terceirizados e estagi\u00e1rios.&nbsp;&nbsp;<\/p>\n\n\n\n<p>A norma aprovada estabelece que os editais dever\u00e3o prever como conte\u00fado m\u00ednimo:&nbsp;<\/p>\n\n\n\n<div class=\"wp-block-group is-style-cnvs-block-bordered\"><div class=\"wp-block-group__inner-container is-layout-constrained wp-block-group-is-layout-constrained\">\n<ul class=\"wp-block-list is-style-cnvs-list-styled-positive\">\n<li><strong>Adapta\u00e7\u00f5es razo\u00e1veis solicitadas no momento da inscri\u00e7\u00e3o;&nbsp;<\/strong><\/li>\n\n\n\n<li><strong>Fornecimento de tecnologias assistivas;&nbsp;<\/strong><\/li>\n\n\n\n<li><strong>Apoio qualificado na execu\u00e7\u00e3o das tarefas das provas; e&nbsp;<\/strong><\/li>\n\n\n\n<li><strong>Acessibilidade atitudinal para melhor acolhimento em todas as fases do certame.&nbsp;<\/strong><\/li>\n<\/ul>\n<\/div><\/div>\n\n\n\n<p>Garante, tamb\u00e9m, a adequa\u00e7\u00e3o dos crit\u00e9rios de realiza\u00e7\u00e3o e avalia\u00e7\u00e3o das provas \u00e0s especificidades do candidato, inclusive com tempo adicional e recursos humanos e tecnol\u00f3gicos, conforme avalia\u00e7\u00e3o por equipe multiprofissional.<\/p>\n\n\n\n<div class=\"wp-block-group is-style-cnvs-block-bordered\"><div class=\"wp-block-group__inner-container is-layout-constrained wp-block-group-is-layout-constrained\">\n<p><strong><em>O tratamento especial \u00e9 facultativo ao candidato, podendo ser recusado, e depende de solicita\u00e7\u00e3o com justificativa fundamentada.<\/em><\/strong><\/p>\n<\/div><\/div>\n\n\n\n<p>O conselheiro Guilherme Feliciano destacou:<\/p>\n\n\n\n<div class=\"wp-block-group is-style-cnvs-block-bg-light has-background\" style=\"background-color:#8dd2fc40\"><div class=\"wp-block-group__inner-container is-layout-constrained wp-block-group-is-layout-constrained\">\n<p><em>\u201cN\u00e3o apenas cotas s\u00e3o importantes, como tamb\u00e9m essas adapta\u00e7\u00f5es para que tais pessoas consigam concorrer em igualdade de condi\u00e7\u00f5es com outros candidatos e possam ascender a esses cargos\u202fe\u202ffun\u00e7\u00f5es.\u201d<\/em><\/p>\n<\/div><\/div>\n\n\n\n<p>A norma tamb\u00e9m enfatiza que os tribunais devem garantir certa flexibilidade na implementa\u00e7\u00e3o dessas medidas, respeitando as particularidades de cada caso concreto. O prazo inicial de vig\u00eancia da resolu\u00e7\u00e3o ser\u00e1 de 60 dias.&nbsp;&nbsp;<\/p>\n\n\n\n<p>Como bem apontado comentou pelo conselheiro da Frente Parlamentar pela Neurodiversidade, Silvano Furtado da Costa e Silva:<\/p>\n\n\n\n<div class=\"wp-block-group is-style-cnvs-block-bg-light has-background\" style=\"background-color:#8dd2fc40\"><div class=\"wp-block-group__inner-container is-layout-constrained wp-block-group-is-layout-constrained\">\n<p><em>\u201cA resolu\u00e7\u00e3o \u00e9 fundamental por promover o reconhecimento das individualidades das pessoas neurodivergentes por meio de uma diferencia\u00e7\u00e3o positiva, sem perder o rigor necess\u00e1rio \u00e0 carreira da magistratura. O Judici\u00e1rio poder\u00e1 contar com quadros que trar\u00e3o novas perspectivas atrav\u00e9s da diversidade neurol\u00f3gica. O \u2018nada sobre n\u00f3s sem n\u00f3s\u2019 ganha uma nova perspectiva com a inclus\u00e3o em um dos poderes da Rep\u00fablica virando pol\u00edtica.\u201d<\/em><\/p>\n<\/div><\/div>\n\n\n\n<h2 class=\"wp-block-heading\" id=\"h-conheca-um-pouco-mais-sobre-pcd\"><span id=\"conheca-um-pouco-mais-sobre-pcd\"><strong>Conhe\u00e7a um pouco mais sobre PCD<\/strong><\/span><\/h2>\n\n\n\n<p>A Conven\u00e7\u00e3o Internacional sobre os Direitos das Pessoas com Defici\u00eancia define PcD da seguinte forma:<\/p>\n\n\n\n<div class=\"wp-block-group is-style-cnvs-block-bg-light has-background\" style=\"background-color:#8dd2fc40\"><div class=\"wp-block-group__inner-container is-layout-constrained wp-block-group-is-layout-constrained\">\n<p><strong><em>\u201cPessoas com Defici\u00eancia s\u00e3o aquelas que t\u00eam impedimentos de longo prazo de natureza f\u00edsica, mental, intelectual ou sensorial, os quais, em intera\u00e7\u00e3o com diversas barreiras, podem obstruir sua participa\u00e7\u00e3o plena e efetiva na sociedade em igualdade de condi\u00e7\u00f5es com as demais pessoas\u201d.<\/em><\/strong><\/p>\n<\/div><\/div>\n\n\n\n<h2 class=\"wp-block-heading\" id=\"h-evolucao-da-nomenclatura\"><span id=\"evolucao-da-nomenclatura\"><strong>Evolu\u00e7\u00e3o da Nomenclatura<\/strong><\/span><\/h2>\n\n\n\n<div class=\"wp-block-group is-style-cnvs-block-bordered\"><div class=\"wp-block-group__inner-container is-layout-constrained wp-block-group-is-layout-constrained\">\n<ol class=\"wp-block-list is-style-cnvs-list-styled-positive\">\n<li><strong>PPD (Pessoa Portadora de Defici\u00eancia) \ud83e\udc6a<\/strong> O termo Pessoa Portadora de Defici\u00eancia ou PPD foi utilizado no passado, inclusive no texto da Constitui\u00e7\u00e3o de 1988, mas acabou caindo em desuso devido ao grande enfoque na defici\u00eancia das pessoas.<br><br>A utiliza\u00e7\u00e3o desse termo induz a enxergarmos a defici\u00eancia como a \u00fanica caracter\u00edstica que define a pessoa, sem levar em considera\u00e7\u00e3o outros aspectos, como habilidades, virtudes e compet\u00eancias pessoais e profissionais daquele indiv\u00edduo.&nbsp;<\/li>\n\n\n\n<li><strong>PNE (Pessoa com Necessidades Especiais) \ud83e\udc6a<\/strong> Esse termo substituiu a sigla PPD, nos anos 90, mas continuou problem\u00e1tica, j\u00e1 que tamb\u00e9m enfatizava a defici\u00eancia, colocando a pessoa em posi\u00e7\u00e3o de depend\u00eancia, como se ela n\u00e3o conseguisse fazer as tarefas b\u00e1sicas do dia a dia.<\/li>\n\n\n\n<li><strong>PcD (Pessoa com Defici\u00eancia) \ud83e\udc6a<\/strong> \u00c9 o termo utilizado atualmente na legisla\u00e7\u00e3o nacional e internacional. \u00c9 o termo mais adequado para usar, j\u00e1 que foca na pessoa e n\u00e3o na sua defici\u00eancia.<\/li>\n<\/ol>\n<\/div><\/div>\n\n\n\n<p>Como bem ressaltado pelo ministro Gilmar Mendes, a Conven\u00e7\u00e3o Internacional sobre os Direitos das Pessoas com Defici\u00eancia foi o primeiro tratado internacional aprovado pelo rito legislativo previsto no art. 5\u00ba, \u00a7 3\u00ba, da Constitui\u00e7\u00e3o Federal, o qual foi internalizado por meio do <a href=\"https:\/\/www.planalto.gov.br\/ccivil_03\/_ato2007-2010\/2009\/decreto\/d6949.htm\">Decreto Presidencial 6.949\/2009.\u00a0<\/a><\/p>\n\n\n\n<p>Assim, a Conven\u00e7\u00e3o ingressou em nosso ordenamento jur\u00eddico com for\u00e7a de emenda constitucional.<\/p>\n\n\n\n<p>Por meio de referida conven\u00e7\u00e3o, os Estados se comprometeram a adotar medidas legislativas, administrativas e de quaisquer outras naturezas para implementa\u00e7\u00e3o dos direitos nela reconhecidos e recha\u00e7ar, combater e erradicar, em plenitude, todas as formas, diretas e indiretas, de discrimina\u00e7\u00e3o das pessoas com defici\u00eancia.<\/p>\n\n\n\n<h2 class=\"wp-block-heading\" id=\"h-jurisprudencia-do-stf\"><span id=\"jurisprudencia-do-stf\"><strong>Jurisprud\u00eancia do STF<\/strong><\/span><\/h2>\n\n\n\n<p>O Supremo Tribunal Federal tem atuado de forma afirmativa na garantia dos direitos de acessibilidade de pessoas deficientes e autistas.<\/p>\n\n\n\n<p>A Corte, julgando o TEMA 1.286 (RE 1.198.269), validou a exig\u00eancia de carrinhos adaptados para crian\u00e7as PcD em mercados.<\/p>\n\n\n\n<p>A lei estadual paulista n\u00ba 16.674\/2018 imp\u00f4s a supermercados e estabelecimentos cong\u00eaneres o dever de disponibilizar 5% dos carrinhos de compras adaptados ao transporte de crian\u00e7as com defici\u00eancia ou mobilidade reduzida.<\/p>\n\n\n\n<p>Ao final, foi aprovada a seguinte tese no TEMA 1.286, do STF:<\/p>\n\n\n\n<div class=\"wp-block-group is-style-cnvs-block-bordered\"><div class=\"wp-block-group__inner-container is-layout-constrained wp-block-group-is-layout-constrained\">\n<p><em><strong><mark style=\"background-color:rgba(0, 0, 0, 0)\" class=\"has-inline-color has-black-color\">TEMA 1.286, do STF:<\/mark><\/strong> \u201c\u00c9 constitucional lei estadual que imp\u00f5e a obrigatoriedade de adapta\u00e7\u00e3o de percentual de carrinhos de compras para transporte de crian\u00e7as com defici\u00eancia ou mobilidade reduzida.\u201d<\/em><\/p>\n<\/div><\/div>\n\n\n\n<p>O relator, ministro Gilmar Mendes, ressaltou que a decis\u00e3o est\u00e1 alinhada com a jurisprud\u00eancia da Corte, que tem validado outras leis estaduais com objetivos similares de inclus\u00e3o e acessibilidade, a saber:<\/p>\n\n\n\n<ul class=\"wp-block-list is-style-cnvs-list-styled-positive\">\n<li><strong>ADIn 2.572 (cadeiras para pessoas obesas):<\/strong> considerada constitucional Lei do Estado do Paran\u00e1 que reservou 3% de lugares dispon\u00edveis em salas de proje\u00e7\u00f5es, teatros, espa\u00e7os culturais e transporte p\u00fablico para pessoas obesas.<\/li>\n<\/ul>\n\n\n\n<ul class=\"wp-block-list is-style-cnvs-list-styled-positive\">\n<li><strong>ADIn 6.989 (etiquetas acess\u00edveis em roupas):<\/strong> considerou constitucional a Lei do Estado do Piau\u00ed que cria obrigatoriedade de ado\u00e7\u00e3o de etiquetas em pe\u00e7as de vestu\u00e1rio em braile ou outro meio acess\u00edvel que atenda \u00e0s pessoas com defici\u00eancia.<\/li>\n<\/ul>\n\n\n\n<ul class=\"wp-block-list is-style-cnvs-list-styled-positive\">\n<li><strong>ADIn 903 (adapta\u00e7\u00e3o de transporte coletivo):<\/strong> considerou constitucional a Lei do Estado de Minas Gerais que disp\u00f5e sobre adapta\u00e7\u00e3o dos ve\u00edculos de transporte coletivo com a finalidade de assegurar seu acesso por pessoas com defici\u00eancia ou dificuldade de locomo\u00e7\u00e3o.<\/li>\n<\/ul>\n\n\n\n<p>Portanto, andou bem o CNJ ao aprovar norma para garantir a acessibilidade aos PCDs e autistas nos concursos para o Poder Judici\u00e1rio, j\u00e1 que corrobora o esfor\u00e7o estatal voltado a garantir mobilidade pessoal e acessibilidade das pessoas com defici\u00eancia.<\/p>\n\n\n\n<p class=\"has-text-align-center\"><strong>Quer saber quais ser\u00e3o os pr\u00f3ximos concursos?<\/strong><\/p>\n\n\n\n<p class=\"has-text-align-center\" style=\"font-size:20px\"><strong>Confira nossos&nbsp;<a href=\"https:\/\/cj.estrategia.com\/portal\/\" target=\"_blank\" >artigos para Carreiras Jur\u00eddicas<\/a>!<\/strong><\/p>\n\n\n\n<p class=\"has-text-align-center has-white-color has-pale-cyan-blue-background-color has-text-color has-background has-link-color wp-elements-723b3278bf14a50a5e7b7e937b9a17d4\"><a href=\"https:\/\/cj.estrategia.com\/portal\/concursos-abertos-carreiras-juridicas\/\">Concursos jur\u00eddicos abertos<\/a><\/p>\n\n\n\n<p class=\"has-text-align-center has-pale-cyan-blue-background-color has-background\"><a href=\"https:\/\/cj.estrategia.com\/portal\/concursos-2025-carreiras-juridicas\/\" target=\"_blank\" >Concursos jur\u00eddicos 2025<\/a>&nbsp;&nbsp;&nbsp;<\/p>\n","protected":false},"excerpt":{"rendered":"CNJ assegura acessibilidade para pessoas com defici\u00eancia e autistas em concursos do Judici\u00e1rio, garantindo inclus\u00e3o e igualdade de&hellip;\n","protected":false},"author":81,"featured_media":128812,"comment_status":"open","ping_status":"open","sticky":false,"template":"","format":"standard","meta":{"_jetpack_memberships_contains_paid_content":false,"footnotes":""},"categories":[1],"tags":[2592,1499,456,2833],"tax_estado":[30,31,32,33,34,35,36,37,38,39,40,41,42,43,44,45,46,47,48,49,50,51,52,53,54,55,56,57],"class_list":{"0":"post-128780","1":"post","2":"type-post","3":"status-publish","4":"format-standard","5":"has-post-thumbnail","7":"category-carreiras-juridicas","8":"tag-acessibilidade","9":"tag-autismo","10":"tag-concurso-publico","11":"tag-pessoa-com-deficiencia","12":"tax_estado-ac","13":"tax_estado-al","14":"tax_estado-am","15":"tax_estado-ap","16":"tax_estado-ba","17":"tax_estado-ce","18":"tax_estado-concursos-federais","19":"tax_estado-df","20":"tax_estado-es","21":"tax_estado-go","22":"tax_estado-ma","23":"tax_estado-mg","24":"tax_estado-ms","25":"tax_estado-mt","26":"tax_estado-pa","27":"tax_estado-pb","28":"tax_estado-pe","29":"tax_estado-pi","30":"tax_estado-pr","31":"tax_estado-rj","32":"tax_estado-rn","33":"tax_estado-ro","34":"tax_estado-rr","35":"tax_estado-rs","36":"tax_estado-sc","37":"tax_estado-se","38":"tax_estado-sp","39":"tax_estado-to"},"acf":[],"yoast_head":"<!-- This site is optimized with the Yoast SEO Premium plugin v27.4 (Yoast SEO v27.4) - https:\/\/yoast.com\/product\/yoast-seo-premium-wordpress\/ -->\n<title>Acessibilidade a PCD e autistas em concursos do judici\u00e1rio<\/title>\n<meta name=\"description\" content=\"Consenho Nacional de Justi\u00e7a assegura acessibilidade para pessoas com defici\u00eancia e autistas em concursos do Judici\u00e1rio.\" \/>\n<meta name=\"robots\" content=\"index, follow, max-snippet:-1, max-image-preview:large, max-video-preview:-1\" \/>\n<link rel=\"canonical\" href=\"https:\/\/cj.estrategia.com\/portal\/acessibilidade-pcd-autistas-concursos\/\" \/>\n<meta property=\"og:locale\" content=\"pt_BR\" \/>\n<meta property=\"og:type\" content=\"article\" \/>\n<meta property=\"og:title\" content=\"Acessibilidade a PCD e autistas em concursos do judici\u00e1rio\" \/>\n<meta property=\"og:description\" content=\"Consenho Nacional de Justi\u00e7a assegura acessibilidade para pessoas com defici\u00eancia e autistas em concursos do Judici\u00e1rio.\" \/>\n<meta property=\"og:url\" content=\"https:\/\/cj.estrategia.com\/portal\/acessibilidade-pcd-autistas-concursos\/\" \/>\n<meta property=\"og:site_name\" content=\"Blog - Carreiras Jur\u00eddicas - Estrat\u00e9gia\" \/>\n<meta property=\"article:publisher\" content=\"https:\/\/www.facebook.com\/estrategiacarreirajuridica\/\" \/>\n<meta property=\"article:published_time\" content=\"2025-06-15T22:23:30+00:00\" \/>\n<meta property=\"article:modified_time\" content=\"2025-07-21T03:24:35+00:00\" \/>\n<meta property=\"og:image\" content=\"https:\/\/cj.estrategia.com\/portal\/wp-content\/uploads\/2025\/06\/15192004\/pcd.webp\" \/>\n\t<meta property=\"og:image:width\" content=\"1200\" \/>\n\t<meta property=\"og:image:height\" content=\"628\" \/>\n\t<meta property=\"og:image:type\" content=\"image\/webp\" \/>\n<meta name=\"author\" content=\"Thiago Leite\" \/>\n<meta name=\"twitter:card\" content=\"summary_large_image\" \/>\n<meta name=\"twitter:creator\" content=\"@EstratJuridica\" \/>\n<meta name=\"twitter:site\" content=\"@EstratJuridica\" \/>\n<meta name=\"twitter:label1\" content=\"Escrito por\" \/>\n\t<meta name=\"twitter:data1\" content=\"Thiago Leite\" \/>\n\t<meta name=\"twitter:label2\" content=\"Est. tempo de leitura\" \/>\n\t<meta name=\"twitter:data2\" content=\"7 minutos\" \/>\n<script type=\"application\/ld+json\" class=\"yoast-schema-graph\">{\"@context\":\"https:\\\/\\\/schema.org\",\"@graph\":[{\"@type\":\"NewsArticle\",\"@id\":\"https:\\\/\\\/cj.estrategia.com\\\/portal\\\/acessibilidade-pcd-autistas-concursos\\\/#article\",\"isPartOf\":{\"@id\":\"https:\\\/\\\/cj.estrategia.com\\\/portal\\\/acessibilidade-pcd-autistas-concursos\\\/\"},\"author\":{\"name\":\"Thiago Leite\",\"@id\":\"https:\\\/\\\/cj.estrategia.com\\\/portal\\\/#\\\/schema\\\/person\\\/7d7d2b1c8386e2eeacc0b09cfbc1d0ff\"},\"headline\":\"Acessibilidade a PCD e autistas em concursos do judici\u00e1rio\",\"datePublished\":\"2025-06-15T22:23:30+00:00\",\"dateModified\":\"2025-07-21T03:24:35+00:00\",\"mainEntityOfPage\":{\"@id\":\"https:\\\/\\\/cj.estrategia.com\\\/portal\\\/acessibilidade-pcd-autistas-concursos\\\/\"},\"wordCount\":1273,\"commentCount\":0,\"publisher\":{\"@id\":\"https:\\\/\\\/cj.estrategia.com\\\/portal\\\/#organization\"},\"image\":{\"@id\":\"https:\\\/\\\/cj.estrategia.com\\\/portal\\\/acessibilidade-pcd-autistas-concursos\\\/#primaryimage\"},\"thumbnailUrl\":\"https:\\\/\\\/cj.estrategia.com\\\/portal\\\/wp-content\\\/uploads\\\/2025\\\/06\\\/15192004\\\/pcd.webp\",\"keywords\":[\"acessibilidade\",\"autismo\",\"concurso p\u00fablico\",\"pessoa com defici\u00eancia\"],\"articleSection\":[\"Carreiras Jur\u00eddicas\"],\"inLanguage\":\"pt-BR\",\"potentialAction\":[{\"@type\":\"CommentAction\",\"name\":\"Comment\",\"target\":[\"https:\\\/\\\/cj.estrategia.com\\\/portal\\\/acessibilidade-pcd-autistas-concursos\\\/#respond\"]}]},{\"@type\":\"WebPage\",\"@id\":\"https:\\\/\\\/cj.estrategia.com\\\/portal\\\/acessibilidade-pcd-autistas-concursos\\\/\",\"url\":\"https:\\\/\\\/cj.estrategia.com\\\/portal\\\/acessibilidade-pcd-autistas-concursos\\\/\",\"name\":\"Acessibilidade a PCD e autistas em concursos do judici\u00e1rio\",\"isPartOf\":{\"@id\":\"https:\\\/\\\/cj.estrategia.com\\\/portal\\\/#website\"},\"primaryImageOfPage\":{\"@id\":\"https:\\\/\\\/cj.estrategia.com\\\/portal\\\/acessibilidade-pcd-autistas-concursos\\\/#primaryimage\"},\"image\":{\"@id\":\"https:\\\/\\\/cj.estrategia.com\\\/portal\\\/acessibilidade-pcd-autistas-concursos\\\/#primaryimage\"},\"thumbnailUrl\":\"https:\\\/\\\/cj.estrategia.com\\\/portal\\\/wp-content\\\/uploads\\\/2025\\\/06\\\/15192004\\\/pcd.webp\",\"datePublished\":\"2025-06-15T22:23:30+00:00\",\"dateModified\":\"2025-07-21T03:24:35+00:00\",\"description\":\"Consenho Nacional de Justi\u00e7a assegura acessibilidade para pessoas com defici\u00eancia e autistas em concursos do Judici\u00e1rio.\",\"breadcrumb\":{\"@id\":\"https:\\\/\\\/cj.estrategia.com\\\/portal\\\/acessibilidade-pcd-autistas-concursos\\\/#breadcrumb\"},\"inLanguage\":\"pt-BR\",\"potentialAction\":[{\"@type\":\"ReadAction\",\"target\":[\"https:\\\/\\\/cj.estrategia.com\\\/portal\\\/acessibilidade-pcd-autistas-concursos\\\/\"]}]},{\"@type\":\"ImageObject\",\"inLanguage\":\"pt-BR\",\"@id\":\"https:\\\/\\\/cj.estrategia.com\\\/portal\\\/acessibilidade-pcd-autistas-concursos\\\/#primaryimage\",\"url\":\"https:\\\/\\\/cj.estrategia.com\\\/portal\\\/wp-content\\\/uploads\\\/2025\\\/06\\\/15192004\\\/pcd.webp\",\"contentUrl\":\"https:\\\/\\\/cj.estrategia.com\\\/portal\\\/wp-content\\\/uploads\\\/2025\\\/06\\\/15192004\\\/pcd.webp\",\"width\":1200,\"height\":628},{\"@type\":\"BreadcrumbList\",\"@id\":\"https:\\\/\\\/cj.estrategia.com\\\/portal\\\/acessibilidade-pcd-autistas-concursos\\\/#breadcrumb\",\"itemListElement\":[{\"@type\":\"ListItem\",\"position\":1,\"name\":\"In\u00edcio\",\"item\":\"https:\\\/\\\/cj.estrategia.com\\\/portal\\\/\"},{\"@type\":\"ListItem\",\"position\":2,\"name\":\"Acessibilidade a PCD e autistas em concursos do judici\u00e1rio\"}]},{\"@type\":\"WebSite\",\"@id\":\"https:\\\/\\\/cj.estrategia.com\\\/portal\\\/#website\",\"url\":\"https:\\\/\\\/cj.estrategia.com\\\/portal\\\/\",\"name\":\"Blog - Carreiras Jur\u00eddicas - Estrat\u00e9gia\",\"description\":\"\",\"publisher\":{\"@id\":\"https:\\\/\\\/cj.estrategia.com\\\/portal\\\/#organization\"},\"potentialAction\":[{\"@type\":\"SearchAction\",\"target\":{\"@type\":\"EntryPoint\",\"urlTemplate\":\"https:\\\/\\\/cj.estrategia.com\\\/portal\\\/?s={search_term_string}\"},\"query-input\":{\"@type\":\"PropertyValueSpecification\",\"valueRequired\":true,\"valueName\":\"search_term_string\"}}],\"inLanguage\":\"pt-BR\"},{\"@type\":\"Organization\",\"@id\":\"https:\\\/\\\/cj.estrategia.com\\\/portal\\\/#organization\",\"name\":\"Estrat\u00e9gia - Carreiras Jur\u00eddicas\",\"url\":\"https:\\\/\\\/cj.estrategia.com\\\/portal\\\/\",\"logo\":{\"@type\":\"ImageObject\",\"inLanguage\":\"pt-BR\",\"@id\":\"https:\\\/\\\/cj.estrategia.com\\\/portal\\\/#\\\/schema\\\/logo\\\/image\\\/\",\"url\":\"https:\\\/\\\/cj.estrategia.com\\\/portal\\\/wp-content\\\/uploads\\\/2022\\\/03\\\/11151052\\\/cj-logo.png\",\"contentUrl\":\"https:\\\/\\\/cj.estrategia.com\\\/portal\\\/wp-content\\\/uploads\\\/2022\\\/03\\\/11151052\\\/cj-logo.png\",\"width\":150,\"height\":39,\"caption\":\"Estrat\u00e9gia - Carreiras Jur\u00eddicas\"},\"image\":{\"@id\":\"https:\\\/\\\/cj.estrategia.com\\\/portal\\\/#\\\/schema\\\/logo\\\/image\\\/\"},\"sameAs\":[\"https:\\\/\\\/www.facebook.com\\\/estrategiacarreirajuridica\\\/\",\"https:\\\/\\\/x.com\\\/EstratJuridica\",\"https:\\\/\\\/www.instagram.com\\\/estrategiacarreirajuridica\\\/\",\"https:\\\/\\\/www.youtube.com\\\/channel\\\/UClbMGuYbj2Mh1m3w144ETWQ\"]},{\"@type\":\"Person\",\"@id\":\"https:\\\/\\\/cj.estrategia.com\\\/portal\\\/#\\\/schema\\\/person\\\/7d7d2b1c8386e2eeacc0b09cfbc1d0ff\",\"name\":\"Thiago Leite\",\"image\":{\"@type\":\"ImageObject\",\"inLanguage\":\"pt-BR\",\"@id\":\"https:\\\/\\\/secure.gravatar.com\\\/avatar\\\/15ff5746ff9e313f1248fe2373ce03309054e96387bb9249055458d0c1aaa297?s=96&d=mm&r=g\",\"url\":\"https:\\\/\\\/secure.gravatar.com\\\/avatar\\\/15ff5746ff9e313f1248fe2373ce03309054e96387bb9249055458d0c1aaa297?s=96&d=mm&r=g\",\"contentUrl\":\"https:\\\/\\\/secure.gravatar.com\\\/avatar\\\/15ff5746ff9e313f1248fe2373ce03309054e96387bb9249055458d0c1aaa297?s=96&d=mm&r=g\",\"caption\":\"Thiago Leite\"},\"description\":\"Thiago de Paula Leite \u00e9 procurador do Estado de S\u00e3o Paulo e professor de direito ambiental e agr\u00e1rio do Estrat\u00e9gia.\",\"url\":\"https:\\\/\\\/cj.estrategia.com\\\/portal\\\/author\\\/thiago-leite\\\/\"}]}<\/script>\n<!-- \/ Yoast SEO Premium plugin. -->","yoast_head_json":{"title":"Acessibilidade a PCD e autistas em concursos do judici\u00e1rio","description":"Consenho Nacional de Justi\u00e7a assegura acessibilidade para pessoas com defici\u00eancia e autistas em concursos do Judici\u00e1rio.","robots":{"index":"index","follow":"follow","max-snippet":"max-snippet:-1","max-image-preview":"max-image-preview:large","max-video-preview":"max-video-preview:-1"},"canonical":"https:\/\/cj.estrategia.com\/portal\/acessibilidade-pcd-autistas-concursos\/","og_locale":"pt_BR","og_type":"article","og_title":"Acessibilidade a PCD e autistas em concursos do judici\u00e1rio","og_description":"Consenho Nacional de Justi\u00e7a assegura acessibilidade para pessoas com defici\u00eancia e autistas em concursos do Judici\u00e1rio.","og_url":"https:\/\/cj.estrategia.com\/portal\/acessibilidade-pcd-autistas-concursos\/","og_site_name":"Blog - Carreiras Jur\u00eddicas - Estrat\u00e9gia","article_publisher":"https:\/\/www.facebook.com\/estrategiacarreirajuridica\/","article_published_time":"2025-06-15T22:23:30+00:00","article_modified_time":"2025-07-21T03:24:35+00:00","og_image":[{"width":1200,"height":628,"url":"https:\/\/cj.estrategia.com\/portal\/wp-content\/uploads\/2025\/06\/15192004\/pcd.webp","type":"image\/webp"}],"author":"Thiago Leite","twitter_card":"summary_large_image","twitter_creator":"@EstratJuridica","twitter_site":"@EstratJuridica","twitter_misc":{"Escrito por":"Thiago Leite","Est. tempo de leitura":"7 minutos"},"schema":{"@context":"https:\/\/schema.org","@graph":[{"@type":"NewsArticle","@id":"https:\/\/cj.estrategia.com\/portal\/acessibilidade-pcd-autistas-concursos\/#article","isPartOf":{"@id":"https:\/\/cj.estrategia.com\/portal\/acessibilidade-pcd-autistas-concursos\/"},"author":{"name":"Thiago Leite","@id":"https:\/\/cj.estrategia.com\/portal\/#\/schema\/person\/7d7d2b1c8386e2eeacc0b09cfbc1d0ff"},"headline":"Acessibilidade a PCD e autistas em concursos do judici\u00e1rio","datePublished":"2025-06-15T22:23:30+00:00","dateModified":"2025-07-21T03:24:35+00:00","mainEntityOfPage":{"@id":"https:\/\/cj.estrategia.com\/portal\/acessibilidade-pcd-autistas-concursos\/"},"wordCount":1273,"commentCount":0,"publisher":{"@id":"https:\/\/cj.estrategia.com\/portal\/#organization"},"image":{"@id":"https:\/\/cj.estrategia.com\/portal\/acessibilidade-pcd-autistas-concursos\/#primaryimage"},"thumbnailUrl":"https:\/\/cj.estrategia.com\/portal\/wp-content\/uploads\/2025\/06\/15192004\/pcd.webp","keywords":["acessibilidade","autismo","concurso p\u00fablico","pessoa com defici\u00eancia"],"articleSection":["Carreiras Jur\u00eddicas"],"inLanguage":"pt-BR","potentialAction":[{"@type":"CommentAction","name":"Comment","target":["https:\/\/cj.estrategia.com\/portal\/acessibilidade-pcd-autistas-concursos\/#respond"]}]},{"@type":"WebPage","@id":"https:\/\/cj.estrategia.com\/portal\/acessibilidade-pcd-autistas-concursos\/","url":"https:\/\/cj.estrategia.com\/portal\/acessibilidade-pcd-autistas-concursos\/","name":"Acessibilidade a PCD e autistas em concursos do judici\u00e1rio","isPartOf":{"@id":"https:\/\/cj.estrategia.com\/portal\/#website"},"primaryImageOfPage":{"@id":"https:\/\/cj.estrategia.com\/portal\/acessibilidade-pcd-autistas-concursos\/#primaryimage"},"image":{"@id":"https:\/\/cj.estrategia.com\/portal\/acessibilidade-pcd-autistas-concursos\/#primaryimage"},"thumbnailUrl":"https:\/\/cj.estrategia.com\/portal\/wp-content\/uploads\/2025\/06\/15192004\/pcd.webp","datePublished":"2025-06-15T22:23:30+00:00","dateModified":"2025-07-21T03:24:35+00:00","description":"Consenho Nacional de Justi\u00e7a assegura acessibilidade para pessoas com defici\u00eancia e autistas em concursos do Judici\u00e1rio.","breadcrumb":{"@id":"https:\/\/cj.estrategia.com\/portal\/acessibilidade-pcd-autistas-concursos\/#breadcrumb"},"inLanguage":"pt-BR","potentialAction":[{"@type":"ReadAction","target":["https:\/\/cj.estrategia.com\/portal\/acessibilidade-pcd-autistas-concursos\/"]}]},{"@type":"ImageObject","inLanguage":"pt-BR","@id":"https:\/\/cj.estrategia.com\/portal\/acessibilidade-pcd-autistas-concursos\/#primaryimage","url":"https:\/\/cj.estrategia.com\/portal\/wp-content\/uploads\/2025\/06\/15192004\/pcd.webp","contentUrl":"https:\/\/cj.estrategia.com\/portal\/wp-content\/uploads\/2025\/06\/15192004\/pcd.webp","width":1200,"height":628},{"@type":"BreadcrumbList","@id":"https:\/\/cj.estrategia.com\/portal\/acessibilidade-pcd-autistas-concursos\/#breadcrumb","itemListElement":[{"@type":"ListItem","position":1,"name":"In\u00edcio","item":"https:\/\/cj.estrategia.com\/portal\/"},{"@type":"ListItem","position":2,"name":"Acessibilidade a PCD e autistas em concursos do judici\u00e1rio"}]},{"@type":"WebSite","@id":"https:\/\/cj.estrategia.com\/portal\/#website","url":"https:\/\/cj.estrategia.com\/portal\/","name":"Blog - Carreiras Jur\u00eddicas - Estrat\u00e9gia","description":"","publisher":{"@id":"https:\/\/cj.estrategia.com\/portal\/#organization"},"potentialAction":[{"@type":"SearchAction","target":{"@type":"EntryPoint","urlTemplate":"https:\/\/cj.estrategia.com\/portal\/?s={search_term_string}"},"query-input":{"@type":"PropertyValueSpecification","valueRequired":true,"valueName":"search_term_string"}}],"inLanguage":"pt-BR"},{"@type":"Organization","@id":"https:\/\/cj.estrategia.com\/portal\/#organization","name":"Estrat\u00e9gia - Carreiras Jur\u00eddicas","url":"https:\/\/cj.estrategia.com\/portal\/","logo":{"@type":"ImageObject","inLanguage":"pt-BR","@id":"https:\/\/cj.estrategia.com\/portal\/#\/schema\/logo\/image\/","url":"https:\/\/cj.estrategia.com\/portal\/wp-content\/uploads\/2022\/03\/11151052\/cj-logo.png","contentUrl":"https:\/\/cj.estrategia.com\/portal\/wp-content\/uploads\/2022\/03\/11151052\/cj-logo.png","width":150,"height":39,"caption":"Estrat\u00e9gia - Carreiras Jur\u00eddicas"},"image":{"@id":"https:\/\/cj.estrategia.com\/portal\/#\/schema\/logo\/image\/"},"sameAs":["https:\/\/www.facebook.com\/estrategiacarreirajuridica\/","https:\/\/x.com\/EstratJuridica","https:\/\/www.instagram.com\/estrategiacarreirajuridica\/","https:\/\/www.youtube.com\/channel\/UClbMGuYbj2Mh1m3w144ETWQ"]},{"@type":"Person","@id":"https:\/\/cj.estrategia.com\/portal\/#\/schema\/person\/7d7d2b1c8386e2eeacc0b09cfbc1d0ff","name":"Thiago Leite","image":{"@type":"ImageObject","inLanguage":"pt-BR","@id":"https:\/\/secure.gravatar.com\/avatar\/15ff5746ff9e313f1248fe2373ce03309054e96387bb9249055458d0c1aaa297?s=96&d=mm&r=g","url":"https:\/\/secure.gravatar.com\/avatar\/15ff5746ff9e313f1248fe2373ce03309054e96387bb9249055458d0c1aaa297?s=96&d=mm&r=g","contentUrl":"https:\/\/secure.gravatar.com\/avatar\/15ff5746ff9e313f1248fe2373ce03309054e96387bb9249055458d0c1aaa297?s=96&d=mm&r=g","caption":"Thiago Leite"},"description":"Thiago de Paula Leite \u00e9 procurador do Estado de S\u00e3o Paulo e professor de direito ambiental e agr\u00e1rio do Estrat\u00e9gia.","url":"https:\/\/cj.estrategia.com\/portal\/author\/thiago-leite\/"}]}},"jetpack_featured_media_url":"https:\/\/cj.estrategia.com\/portal\/wp-content\/uploads\/2025\/06\/15192004\/pcd.webp","jetpack_sharing_enabled":true,"_links":{"self":[{"href":"https:\/\/cj.estrategia.com\/portal\/wp-json\/wp\/v2\/posts\/128780","targetHints":{"allow":["GET"]}}],"collection":[{"href":"https:\/\/cj.estrategia.com\/portal\/wp-json\/wp\/v2\/posts"}],"about":[{"href":"https:\/\/cj.estrategia.com\/portal\/wp-json\/wp\/v2\/types\/post"}],"author":[{"embeddable":true,"href":"https:\/\/cj.estrategia.com\/portal\/wp-json\/wp\/v2\/users\/81"}],"replies":[{"embeddable":true,"href":"https:\/\/cj.estrategia.com\/portal\/wp-json\/wp\/v2\/comments?post=128780"}],"version-history":[{"count":19,"href":"https:\/\/cj.estrategia.com\/portal\/wp-json\/wp\/v2\/posts\/128780\/revisions"}],"predecessor-version":[{"id":137101,"href":"https:\/\/cj.estrategia.com\/portal\/wp-json\/wp\/v2\/posts\/128780\/revisions\/137101"}],"wp:featuredmedia":[{"embeddable":true,"href":"https:\/\/cj.estrategia.com\/portal\/wp-json\/wp\/v2\/media\/128812"}],"wp:attachment":[{"href":"https:\/\/cj.estrategia.com\/portal\/wp-json\/wp\/v2\/media?parent=128780"}],"wp:term":[{"taxonomy":"category","embeddable":true,"href":"https:\/\/cj.estrategia.com\/portal\/wp-json\/wp\/v2\/categories?post=128780"},{"taxonomy":"post_tag","embeddable":true,"href":"https:\/\/cj.estrategia.com\/portal\/wp-json\/wp\/v2\/tags?post=128780"},{"taxonomy":"tax_estado","embeddable":true,"href":"https:\/\/cj.estrategia.com\/portal\/wp-json\/wp\/v2\/tax_estado?post=128780"}],"curies":[{"name":"wp","href":"https:\/\/api.w.org\/{rel}","templated":true}]}}