{"id":128771,"date":"2025-06-15T20:16:16","date_gmt":"2025-06-15T23:16:16","guid":{"rendered":"https:\/\/cj.estrategia.com\/portal\/?p=128771"},"modified":"2025-06-16T15:29:39","modified_gmt":"2025-06-16T18:29:39","slug":"senado-fim-atenuante-idade-estupradores","status":"publish","type":"post","link":"https:\/\/cj.estrategia.com\/portal\/senado-fim-atenuante-idade-estupradores\/","title":{"rendered":"Senado aprova fim de atenuante de idade para estupradores"},"content":{"rendered":"\n<p class=\"has-small-font-size\">* Thiago de Paula Leite \u00e9 procurador do Estado de S\u00e3o Paulo e professor de direito ambiental e agr\u00e1rio do Estrat\u00e9gia.<\/p>\n\n\n\n<h2 class=\"wp-block-heading\" id=\"h-projeto-de-lei-aprovado\"><span id=\"projeto-de-lei-aprovado\">Projeto de lei aprovado<\/span><\/h2>\n\n\n\n<p>Um projeto de lei que acaba com a diminui\u00e7\u00e3o de pena e com a redu\u00e7\u00e3o do prazo prescricional pela metade para estupradores que tenham menos de 21 anos ou mais de 70 anos foi aprovado no Senado, e vai para san\u00e7\u00e3o presidencial.<\/p>\n\n\n\n<figure class=\"wp-block-pullquote\"><blockquote><p><\/p><cite><mark style=\"background-color:rgba(0, 0, 0, 0)\" class=\"has-inline-color has-black-color\"><em><em>\u201cA juventude e a velhice n\u00e3o podem ser utilizadas como desculpas para a pr\u00e1tica de viol\u00eancia sexual contra mulheres. O agente jovem ou idoso que comete esses delitos deve ser punido da mesma maneira que qualquer outro\u201d. <\/em><\/em>(Senadora Dorinha, relatora do PL)<\/mark><\/cite><\/blockquote><\/figure>\n\n\n\n<p>Trata-se do Projeto de Lei n\u00ba 419\/2023, de autora da deputada Laura Carneiro. O texto exclui a possibilidade de atenuante \u2014 circunst\u00e2ncia que diminui a gravidade, ou intensidade de uma a\u00e7\u00e3o ou comportamento \u2014 pela idade do autor para crimes deste tipo, al\u00e9m de acabar com a redu\u00e7\u00e3o da prescri\u00e7\u00e3o para criminosos com essas idades.<\/p>\n\n\n\n<p>A deputada comemorou:<\/p>\n\n\n\n<p class=\"has-background\" style=\"background-color:#dddddd\"><em>\u201cHoje o Senado aprovou meu projeto de lei que acaba com um privil\u00e9gio absurdo: estupradores que tinham penas mais leves por serem menores de 21 ou maiores de 70 anos. Isso vai mudar. (&#8230;) \u00c9 hora de dar um basta na impunidade. Que venha a san\u00e7\u00e3o presidencial. Que vire lei. E que proteja nossas mulheres e meninas\u201d<\/em>.<\/p>\n\n\n\n<p>A relatora da proposta, senadora Professora Dorinha Seabra, tamb\u00e9m foi \u00e0s redes sociais comemorar a aprova\u00e7\u00e3o:<\/p>\n\n\n\n<p class=\"has-background\" style=\"background-color:#dddddd\"><em>\u201cN\u00f3s estamos excluindo essas atenuantes. N\u00e3o \u00e9 o fato da idade que deve minimizar o tamanho do crime. \u00c9 sua responsabilidade. Esse \u00e9 um direito e um respeito que n\u00f3s mulheres, queremos.\u201d<\/em><em><\/em><\/p>\n\n\n\n<h2 class=\"wp-block-heading\" id=\"h-como-era-e-como-fica\"><span id=\"como-era-e-como-fica\">Como era e como fica?<\/span><\/h2>\n\n\n\n<p>Atualmente, o c\u00f3digo penal prev\u00ea:<\/p>\n\n\n\n<p><strong>1 &#8211; A possibilidade de redu\u00e7\u00e3o das penas de condenados que tenham menos de 21 anos ou mais de 70 anos.<\/strong><strong><\/strong><\/p>\n\n\n\n<p><strong>2 &#8211; Essa condi\u00e7\u00e3o et\u00e1ria tamb\u00e9m leva \u00e0 redu\u00e7\u00e3o, pela metade, do prazo de prescri\u00e7\u00e3o do crime.<\/strong><strong><\/strong><\/p>\n\n\n\n<p>Com a nova reda\u00e7\u00e3o, o c\u00f3digo penal vai prever o seguinte:<\/p>\n\n\n\n<p><strong>1 &#8211; Artigo 65, I, do c\u00f3digo penal \u00e0\u00a0\u00c9 circunst\u00e2ncia que atenua a pena ser o agente menor de 21 (vinte e um) anos, na data do fato, ou maior de 70 (setenta) anos, na data da senten\u00e7a, <mark style=\"background-color:rgba(0, 0, 0, 0)\" class=\"has-inline-color has-black-color\">salvo se o crime envolver viol\u00eancia sexual contra a mulher<\/mark>.<\/strong><\/p>\n\n\n\n<p><strong>2 \u2013 Artigo 115, do c\u00f3digo penal \u00e0\u00a0S\u00e3o reduzidos de metade os prazos de prescri\u00e7\u00e3o quando o criminoso era, ao tempo do crime, menor de 21 (vinte e um) anos ou, na data da senten\u00e7a, maior de 70 (setenta) anos, <mark style=\"background-color:rgba(0, 0, 0, 0)\" class=\"has-inline-color has-black-color\">salvo se o crime envolver viol\u00eancia sexual contra a mulher<\/mark>.<\/strong><\/p>\n\n\n\n<p class=\"has-background\" style=\"background-color:#dddddd\"><strong>Inclusive, importante destacar que a atenuante de idade e a redu\u00e7\u00e3o et\u00e1ria da prescri\u00e7\u00e3o n\u00e3o deixar\u00e3o de existir no c\u00f3digo penal. Apenas elas n\u00e3o ser\u00e3o aplic\u00e1veis aos crimes envolvendo viol\u00eancia sexual contra a mulher.<\/strong><\/p>\n\n\n\n<h2 class=\"wp-block-heading\" id=\"h-estupro\"><span id=\"estupro\">Estupro<\/span><\/h2>\n\n\n\n<p>O crime de estupro, previsto no artigo 213, do c\u00f3digo penal, \u00e9 um crime que envolve viol\u00eancia sexual contra a mulher.<\/p>\n\n\n\n<pre class=\"wp-block-preformatted\">CP<br><br>Art. 213. &nbsp;Constranger algu\u00e9m, mediante viol\u00eancia ou grave amea\u00e7a, a ter conjun\u00e7\u00e3o carnal ou a praticar ou permitir que com ele se pratique outro ato libidinoso: &nbsp;&nbsp;&nbsp;&nbsp;&nbsp;&nbsp;&nbsp;&nbsp;&nbsp;<br><br>Pena - reclus\u00e3o, de 6 (seis) a 10 (dez) anos.<br><br>...<br><br>Estupro de vulner\u00e1vel<br><br>Art. 217-A. &nbsp;Ter conjun\u00e7\u00e3o carnal ou praticar outro ato libidinoso com menor de 14 (catorze) anos: &nbsp;&nbsp;&nbsp;&nbsp;&nbsp;&nbsp;&nbsp;&nbsp;&nbsp;&nbsp;&nbsp;&nbsp;&nbsp;&nbsp;<br><br>Pena - reclus\u00e3o, de 8 (oito) a 15 (quinze) anos. &nbsp;&nbsp;&nbsp;&nbsp;&nbsp;&nbsp;&nbsp;&nbsp;&nbsp;&nbsp;&nbsp;&nbsp;&nbsp;<br><br>\u00a7 1o &nbsp;Incorre na mesma pena quem pratica as a\u00e7\u00f5es descritas no caput com algu\u00e9m que, por enfermidade ou defici\u00eancia mental, n\u00e3o tem o necess\u00e1rio discernimento para a pr\u00e1tica do ato, ou que, por qualquer outra causa, n\u00e3o pode oferecer resist\u00eancia.<\/pre>\n\n\n\n<p>Importante ressaltar que o crime de estupro \u00e9 um crime contra a dignidade sexual, a exemplo dos crimes de viola\u00e7\u00e3o sexual mediante fraude, ass\u00e9dio sexual, corrup\u00e7\u00e3o de menores, casa de prostitui\u00e7\u00e3o, e ato obsceno.<\/p>\n\n\n\n<div class=\"wp-block-media-text is-stacked-on-mobile\" style=\"grid-template-columns:35% auto\"><figure class=\"wp-block-media-text__media\"><img decoding=\"async\" width=\"1024\" height=\"1024\" src=\"https:\/\/cj.estrategia.com\/portal\/wp-content\/uploads\/2025\/04\/23144603\/JUSTICA-DECISAO-PROCESSO-JURIDICO-TRIBUNAL-1024x1024.jpg\" alt=\"Estupradores\" class=\"wp-image-114240 size-full\" srcset=\"https:\/\/cj.estrategia.com\/portal\/wp-content\/uploads\/2025\/04\/23144603\/JUSTICA-DECISAO-PROCESSO-JURIDICO-TRIBUNAL-1024x1024.jpg 1024w, https:\/\/cj.estrategia.com\/portal\/wp-content\/uploads\/2025\/04\/23144603\/JUSTICA-DECISAO-PROCESSO-JURIDICO-TRIBUNAL-300x300.jpg 300w, https:\/\/cj.estrategia.com\/portal\/wp-content\/uploads\/2025\/04\/23144603\/JUSTICA-DECISAO-PROCESSO-JURIDICO-TRIBUNAL-150x150.jpg 150w, https:\/\/cj.estrategia.com\/portal\/wp-content\/uploads\/2025\/04\/23144603\/JUSTICA-DECISAO-PROCESSO-JURIDICO-TRIBUNAL-768x768.jpg 768w, https:\/\/cj.estrategia.com\/portal\/wp-content\/uploads\/2025\/04\/23144603\/JUSTICA-DECISAO-PROCESSO-JURIDICO-TRIBUNAL-1536x1536.jpg 1536w, https:\/\/cj.estrategia.com\/portal\/wp-content\/uploads\/2025\/04\/23144603\/JUSTICA-DECISAO-PROCESSO-JURIDICO-TRIBUNAL-80x80.jpg 80w, https:\/\/cj.estrategia.com\/portal\/wp-content\/uploads\/2025\/04\/23144603\/JUSTICA-DECISAO-PROCESSO-JURIDICO-TRIBUNAL-380x380.jpg 380w, https:\/\/cj.estrategia.com\/portal\/wp-content\/uploads\/2025\/04\/23144603\/JUSTICA-DECISAO-PROCESSO-JURIDICO-TRIBUNAL-800x800.jpg 800w, https:\/\/cj.estrategia.com\/portal\/wp-content\/uploads\/2025\/04\/23144603\/JUSTICA-DECISAO-PROCESSO-JURIDICO-TRIBUNAL-1160x1160.jpg 1160w, https:\/\/cj.estrategia.com\/portal\/wp-content\/uploads\/2025\/04\/23144603\/JUSTICA-DECISAO-PROCESSO-JURIDICO-TRIBUNAL-24x24.jpg 24w, https:\/\/cj.estrategia.com\/portal\/wp-content\/uploads\/2025\/04\/23144603\/JUSTICA-DECISAO-PROCESSO-JURIDICO-TRIBUNAL-48x48.jpg 48w, https:\/\/cj.estrategia.com\/portal\/wp-content\/uploads\/2025\/04\/23144603\/JUSTICA-DECISAO-PROCESSO-JURIDICO-TRIBUNAL-96x96.jpg 96w, https:\/\/cj.estrategia.com\/portal\/wp-content\/uploads\/2025\/04\/23144603\/JUSTICA-DECISAO-PROCESSO-JURIDICO-TRIBUNAL.jpg 2000w\" sizes=\"(max-width: 1024px) 100vw, 1024px\" \/><\/figure><div class=\"wp-block-media-text__content\">\n<p>A dignidade sexual, que \u00e9 um direito fundamental do ser humano, pode ser entendida como a pr\u00f3pria condi\u00e7\u00e3o humana no \u00e2mbito das rela\u00e7\u00f5es sexuais, envolvendo o respeito e a preserva\u00e7\u00e3o da sexualidade.<\/p>\n<\/div><\/div>\n\n\n\n<p>Assim, \u00e9 \u00e0 preserva\u00e7\u00e3o desse inestim\u00e1vel valor que os crimes contra a dignidade sexual se voltam, garantindo sua indisponibilidade e plena observ\u00e2ncia.<\/p>\n\n\n\n<h2 class=\"wp-block-heading\" id=\"h-violencia-domestica-e-familiar-contra-a-mulher\"><span id=\"violencia-domestica-e-familiar-contra-a-mulher\">Viol\u00eancia dom\u00e9stica e familiar contra a mulher<\/span><\/h2>\n\n\n\n<p>Temos, ainda, os crimes de viol\u00eancia dom\u00e9stica e familiar contra a mulher, com conceitos importantes trazidos pelo artigo 5\u00ba, da Lei Maria da Penha.<\/p>\n\n\n\n<p><strong><em><strong><em>Viol\u00eancia dom\u00e9stica e familiar contra a mulher: <\/em><\/strong><\/em><\/strong><strong><em><strong><em><\/em><\/strong><\/em><\/strong><\/p>\n\n\n\n<p><strong><em><strong><em>Qualquer a\u00e7\u00e3o ou omiss\u00e3o baseada no g\u00eanero que lhe cause morte, les\u00e3o, sofrimento f\u00edsico, sexual ou psicol\u00f3gico e dano moral ou patrimonial: &nbsp;&nbsp;&nbsp;&nbsp;&nbsp;&nbsp;&nbsp;&nbsp;&nbsp;&nbsp;&nbsp;&nbsp;<\/em><\/strong><\/em><\/strong><strong><em><strong><em><\/em><\/strong><\/em><\/strong><\/p>\n\n\n\n<p><strong><em><strong><em>I &#8211; no \u00e2mbito da unidade dom\u00e9stica, compreendida como o espa\u00e7o de conv\u00edvio permanente de pessoas, com ou sem v\u00ednculo familiar, inclusive as esporadicamente agregadas;<\/em><\/strong><\/em><\/strong><strong><em><strong><em><\/em><\/strong><\/em><\/strong><\/p>\n\n\n\n<p><strong><em><strong><em>II &#8211; no \u00e2mbito da fam\u00edlia, compreendida como a comunidade formada por indiv\u00edduos que s\u00e3o ou se consideram aparentados, unidos por la\u00e7os naturais, por afinidade ou por vontade expressa;<\/em><\/strong><\/em><\/strong><strong><em><strong><em><\/em><\/strong><\/em><\/strong><\/p>\n\n\n\n<p><strong><em><strong><em>III &#8211; em qualquer rela\u00e7\u00e3o \u00edntima de afeto, na qual o agressor conviva ou tenha convivido com a ofendida, independentemente de coabita\u00e7\u00e3o.<\/em><\/strong><\/em><\/strong><strong><em><strong><em><\/em><\/strong><\/em><\/strong><\/p>\n\n\n\n<p>A viol\u00eancia dom\u00e9stica e familiar contra a mulher constitui uma das formas de viola\u00e7\u00e3o dos direitos humanos, e as rela\u00e7\u00f5es pessoais envolvidas no crime independem da orienta\u00e7\u00e3o sexual.<\/p>\n\n\n\n<h3 class=\"wp-block-heading\" id=\"h-tipos\"><span id=\"tipos\">Tipos<\/span><\/h3>\n\n\n\n<p>Dentre os v\u00e1rios tipos desse tipo de viol\u00eancia, podemos citar:<\/p>\n\n\n\n<ul class=\"wp-block-list\">\n<li><strong><mark style=\"background-color:rgba(0, 0, 0, 0)\" class=\"has-inline-color has-black-color\">A viol\u00eancia f\u00edsica:<\/mark>\u00a0<\/strong>entendida como qualquer conduta que ofenda sua integridade ou sa\u00fade corporal;<\/li>\n<\/ul>\n\n\n\n<ul class=\"wp-block-list\">\n<li><strong><mark style=\"background-color:rgba(0, 0, 0, 0)\" class=\"has-inline-color has-black-color\">A viol\u00eancia psicol\u00f3gica:\u00a0<\/mark><\/strong>entendida como qualquer conduta que lhe cause dano emocional e diminui\u00e7\u00e3o da autoestima ou que lhe prejudique e perturbe o pleno desenvolvimento ou que vise degradar ou controlar suas a\u00e7\u00f5es, comportamentos, cren\u00e7as e decis\u00f5es, mediante amea\u00e7a, constrangimento, humilha\u00e7\u00e3o, manipula\u00e7\u00e3o, isolamento, vigil\u00e2ncia constante, persegui\u00e7\u00e3o contumaz, insulto, chantagem, viola\u00e7\u00e3o de sua intimidade, ridiculariza\u00e7\u00e3o, explora\u00e7\u00e3o e limita\u00e7\u00e3o do direito de ir e vir ou qualquer outro meio que lhe cause preju\u00edzo \u00e0 sa\u00fade psicol\u00f3gica e \u00e0 autodetermina\u00e7\u00e3o; <\/li>\n<\/ul>\n\n\n\n<ul class=\"wp-block-list\">\n<li><mark style=\"background-color:rgba(0, 0, 0, 0)\" class=\"has-inline-color has-black-color\"><strong>A viol\u00eancia sexual:<\/strong><\/mark>\u00a0entendida como qualquer conduta que a constranja a presenciar, a manter ou a participar de rela\u00e7\u00e3o sexual n\u00e3o desejada, mediante intimida\u00e7\u00e3o, amea\u00e7a, coa\u00e7\u00e3o ou uso da for\u00e7a; que a induza a comercializar ou a utilizar, de qualquer modo, a sua sexualidade, que a impe\u00e7a de usar qualquer m\u00e9todo contraceptivo ou que a force ao matrim\u00f4nio, \u00e0 gravidez, ao aborto ou \u00e0 prostitui\u00e7\u00e3o, mediante coa\u00e7\u00e3o, chantagem, suborno ou manipula\u00e7\u00e3o; ou que limite ou anule o exerc\u00edcio de seus direitos sexuais e reprodutivos;<\/li>\n<\/ul>\n\n\n\n<ul class=\"wp-block-list\">\n<li><strong><mark style=\"background-color:rgba(0, 0, 0, 0)\" class=\"has-inline-color has-black-color\">A viol\u00eancia patrimonial:<\/mark>\u00a0<\/strong>entendida como qualquer conduta que configure reten\u00e7\u00e3o, subtra\u00e7\u00e3o, destrui\u00e7\u00e3o parcial ou total de seus objetos, instrumentos de trabalho, documentos pessoais, bens, valores e direitos ou recursos econ\u00f4micos, incluindo os destinados a satisfazer suas necessidades;<\/li>\n<\/ul>\n\n\n\n<ul class=\"wp-block-list\">\n<li><strong><mark style=\"background-color:rgba(0, 0, 0, 0)\" class=\"has-inline-color has-black-color\">A viol\u00eancia moral:<\/mark>\u00a0<\/strong>entendida como qualquer conduta que configure cal\u00fania, difama\u00e7\u00e3o ou inj\u00faria.<\/li>\n<\/ul>\n\n\n\n<p>A altera\u00e7\u00e3o do c\u00f3digo penal trazida pelo projeto que acaba de ser aprovado pelo Senado <strong>\u00e9 voltada apenas aos crimes envolvendo viol\u00eancia <mark style=\"background-color:rgba(0, 0, 0, 0)\" class=\"has-inline-color has-black-color\">sexual <\/mark>contra a mulher. <\/strong><\/p>\n\n\n\n<p>Iniciativa importante para refor\u00e7ar a prote\u00e7\u00e3o da mulher. Tema que pode ser cobrado em provas de <strong><a href=\"https:\/\/www.estrategiaconcursos.com.br\/assinaturas-ecj\/\" target=\"_blank\" >direito processual penal<\/a><\/strong>. Portanto, muita aten\u00e7\u00e3o!<\/p>\n\n\n\n<hr class=\"wp-block-separator has-alpha-channel-opacity\"\/>\n\n\n\n<h2 class=\"wp-block-heading has-text-align-center\" id=\"h-quer-saber-quais-serao-os-proximos-concursos\"><span id=\"quer-saber-quais-serao-os-proximos-concursos\">Quer saber quais ser\u00e3o os pr\u00f3ximos concursos?<\/span><\/h2>\n\n\n\n<pre class=\"wp-block-verse has-text-align-center\">Confira nossos&nbsp;<a href=\"https:\/\/cj.estrategia.com\/portal\/\" target=\"_blank\" >artigos para Carreiras Jur\u00eddicas<\/a>!<\/pre>\n\n\n\n<p class=\"has-text-align-center has-white-color has-pale-cyan-blue-background-color has-text-color has-background has-link-color wp-elements-723b3278bf14a50a5e7b7e937b9a17d4\"><a href=\"https:\/\/cj.estrategia.com\/portal\/concursos-abertos-carreiras-juridicas\/\">Concursos jur\u00eddicos abertos<\/a><\/p>\n\n\n\n<p class=\"has-text-align-center has-white-color has-pale-cyan-blue-background-color has-text-color has-background has-link-color wp-elements-41349f36dc977263ca2129bf0f6dd541\"><a href=\"https:\/\/cj.estrategia.com\/portal\/concursos-2025-carreiras-juridicas\/\" target=\"_blank\" >Concursos jur\u00eddicos 2025<\/a><\/p>\n","protected":false},"excerpt":{"rendered":"* Thiago de Paula Leite \u00e9 procurador do Estado de S\u00e3o Paulo e professor de direito ambiental e&hellip;\n","protected":false},"author":81,"featured_media":128774,"comment_status":"open","ping_status":"open","sticky":false,"template":"","format":"standard","meta":{"_jetpack_memberships_contains_paid_content":false,"footnotes":""},"categories":[1],"tags":[2837,1256,1458,169,688,1093],"tax_estado":[30,31,32,33,34,35,36,37,38,39,40,41,42,43,44,45,46,47,48,49,50,51,52,53,54,55,56,57],"class_list":{"0":"post-128771","1":"post","2":"type-post","3":"status-publish","4":"format-standard","5":"has-post-thumbnail","7":"category-carreiras-juridicas","8":"tag-atenuante-de-idade","9":"tag-crime-contra-a-dignidade-sexual","10":"tag-direito-processual-penal","11":"tag-estupro","12":"tag-violencia-contra-a-mulher","13":"tag-violencia-domestica-ou-familiar","14":"tax_estado-ac","15":"tax_estado-al","16":"tax_estado-am","17":"tax_estado-ap","18":"tax_estado-ba","19":"tax_estado-ce","20":"tax_estado-concursos-federais","21":"tax_estado-df","22":"tax_estado-es","23":"tax_estado-go","24":"tax_estado-ma","25":"tax_estado-mg","26":"tax_estado-ms","27":"tax_estado-mt","28":"tax_estado-pa","29":"tax_estado-pb","30":"tax_estado-pe","31":"tax_estado-pi","32":"tax_estado-pr","33":"tax_estado-rj","34":"tax_estado-rn","35":"tax_estado-ro","36":"tax_estado-rr","37":"tax_estado-rs","38":"tax_estado-sc","39":"tax_estado-se","40":"tax_estado-sp","41":"tax_estado-to"},"acf":[],"yoast_head":"<!-- This site is optimized with the Yoast SEO Premium plugin v27.4 (Yoast SEO v27.4) - https:\/\/yoast.com\/product\/yoast-seo-premium-wordpress\/ -->\n<title>Senado aprova fim de atenuante de idade para estupradores<\/title>\n<meta name=\"description\" content=\"Um PL que acaba com a diminui\u00e7\u00e3o de pena e com a redu\u00e7\u00e3o do prazo prescricional pela metade para estupradores foi aprovado no Senado.\" \/>\n<meta name=\"robots\" content=\"index, follow, max-snippet:-1, max-image-preview:large, max-video-preview:-1\" \/>\n<link rel=\"canonical\" href=\"https:\/\/cj.estrategia.com\/portal\/senado-fim-atenuante-idade-estupradores\/\" \/>\n<meta property=\"og:locale\" content=\"pt_BR\" \/>\n<meta property=\"og:type\" content=\"article\" \/>\n<meta property=\"og:title\" content=\"Senado aprova fim de atenuante de idade para estupradores\" \/>\n<meta property=\"og:description\" content=\"Um PL que acaba com a diminui\u00e7\u00e3o de pena e com a redu\u00e7\u00e3o do prazo prescricional pela metade para estupradores foi aprovado no Senado.\" \/>\n<meta property=\"og:url\" content=\"https:\/\/cj.estrategia.com\/portal\/senado-fim-atenuante-idade-estupradores\/\" \/>\n<meta property=\"og:site_name\" content=\"Blog - Carreiras Jur\u00eddicas - Estrat\u00e9gia\" \/>\n<meta property=\"article:publisher\" content=\"https:\/\/www.facebook.com\/estrategiacarreirajuridica\/\" \/>\n<meta property=\"article:published_time\" content=\"2025-06-15T23:16:16+00:00\" \/>\n<meta property=\"article:modified_time\" content=\"2025-06-16T18:29:39+00:00\" \/>\n<meta property=\"og:image\" content=\"https:\/\/cj.estrategia.com\/portal\/wp-content\/uploads\/2025\/06\/15185908\/estupro.jpg\" \/>\n\t<meta property=\"og:image:width\" content=\"1200\" \/>\n\t<meta property=\"og:image:height\" content=\"761\" \/>\n\t<meta property=\"og:image:type\" content=\"image\/jpeg\" \/>\n<meta name=\"author\" content=\"Thiago Leite\" \/>\n<meta name=\"twitter:card\" content=\"summary_large_image\" \/>\n<meta name=\"twitter:creator\" content=\"@EstratJuridica\" \/>\n<meta name=\"twitter:site\" content=\"@EstratJuridica\" \/>\n<meta name=\"twitter:label1\" content=\"Escrito por\" \/>\n\t<meta name=\"twitter:data1\" content=\"Thiago Leite\" \/>\n\t<meta name=\"twitter:label2\" content=\"Est. tempo de leitura\" \/>\n\t<meta name=\"twitter:data2\" content=\"6 minutos\" \/>\n<script type=\"application\/ld+json\" class=\"yoast-schema-graph\">{\"@context\":\"https:\\\/\\\/schema.org\",\"@graph\":[{\"@type\":\"NewsArticle\",\"@id\":\"https:\\\/\\\/cj.estrategia.com\\\/portal\\\/senado-fim-atenuante-idade-estupradores\\\/#article\",\"isPartOf\":{\"@id\":\"https:\\\/\\\/cj.estrategia.com\\\/portal\\\/senado-fim-atenuante-idade-estupradores\\\/\"},\"author\":{\"name\":\"Thiago Leite\",\"@id\":\"https:\\\/\\\/cj.estrategia.com\\\/portal\\\/#\\\/schema\\\/person\\\/7d7d2b1c8386e2eeacc0b09cfbc1d0ff\"},\"headline\":\"Senado aprova fim de atenuante de idade para estupradores\",\"datePublished\":\"2025-06-15T23:16:16+00:00\",\"dateModified\":\"2025-06-16T18:29:39+00:00\",\"mainEntityOfPage\":{\"@id\":\"https:\\\/\\\/cj.estrategia.com\\\/portal\\\/senado-fim-atenuante-idade-estupradores\\\/\"},\"wordCount\":1159,\"commentCount\":0,\"publisher\":{\"@id\":\"https:\\\/\\\/cj.estrategia.com\\\/portal\\\/#organization\"},\"image\":{\"@id\":\"https:\\\/\\\/cj.estrategia.com\\\/portal\\\/senado-fim-atenuante-idade-estupradores\\\/#primaryimage\"},\"thumbnailUrl\":\"https:\\\/\\\/cj.estrategia.com\\\/portal\\\/wp-content\\\/uploads\\\/2025\\\/06\\\/15185908\\\/estupro.jpg\",\"keywords\":[\"atenuante de idade\",\"crime contra a dignidade sexual\",\"direito processual penal\",\"estupro\",\"viol\u00eancia contra a mulher\",\"viol\u00eancia dom\u00e9stica ou familiar\"],\"articleSection\":[\"Carreiras Jur\u00eddicas\"],\"inLanguage\":\"pt-BR\",\"potentialAction\":[{\"@type\":\"CommentAction\",\"name\":\"Comment\",\"target\":[\"https:\\\/\\\/cj.estrategia.com\\\/portal\\\/senado-fim-atenuante-idade-estupradores\\\/#respond\"]}]},{\"@type\":\"WebPage\",\"@id\":\"https:\\\/\\\/cj.estrategia.com\\\/portal\\\/senado-fim-atenuante-idade-estupradores\\\/\",\"url\":\"https:\\\/\\\/cj.estrategia.com\\\/portal\\\/senado-fim-atenuante-idade-estupradores\\\/\",\"name\":\"Senado aprova fim de atenuante de idade para estupradores\",\"isPartOf\":{\"@id\":\"https:\\\/\\\/cj.estrategia.com\\\/portal\\\/#website\"},\"primaryImageOfPage\":{\"@id\":\"https:\\\/\\\/cj.estrategia.com\\\/portal\\\/senado-fim-atenuante-idade-estupradores\\\/#primaryimage\"},\"image\":{\"@id\":\"https:\\\/\\\/cj.estrategia.com\\\/portal\\\/senado-fim-atenuante-idade-estupradores\\\/#primaryimage\"},\"thumbnailUrl\":\"https:\\\/\\\/cj.estrategia.com\\\/portal\\\/wp-content\\\/uploads\\\/2025\\\/06\\\/15185908\\\/estupro.jpg\",\"datePublished\":\"2025-06-15T23:16:16+00:00\",\"dateModified\":\"2025-06-16T18:29:39+00:00\",\"description\":\"Um PL que acaba com a diminui\u00e7\u00e3o de pena e com a redu\u00e7\u00e3o do prazo prescricional pela metade para estupradores foi aprovado no Senado.\",\"breadcrumb\":{\"@id\":\"https:\\\/\\\/cj.estrategia.com\\\/portal\\\/senado-fim-atenuante-idade-estupradores\\\/#breadcrumb\"},\"inLanguage\":\"pt-BR\",\"potentialAction\":[{\"@type\":\"ReadAction\",\"target\":[\"https:\\\/\\\/cj.estrategia.com\\\/portal\\\/senado-fim-atenuante-idade-estupradores\\\/\"]}]},{\"@type\":\"ImageObject\",\"inLanguage\":\"pt-BR\",\"@id\":\"https:\\\/\\\/cj.estrategia.com\\\/portal\\\/senado-fim-atenuante-idade-estupradores\\\/#primaryimage\",\"url\":\"https:\\\/\\\/cj.estrategia.com\\\/portal\\\/wp-content\\\/uploads\\\/2025\\\/06\\\/15185908\\\/estupro.jpg\",\"contentUrl\":\"https:\\\/\\\/cj.estrategia.com\\\/portal\\\/wp-content\\\/uploads\\\/2025\\\/06\\\/15185908\\\/estupro.jpg\",\"width\":1200,\"height\":761},{\"@type\":\"BreadcrumbList\",\"@id\":\"https:\\\/\\\/cj.estrategia.com\\\/portal\\\/senado-fim-atenuante-idade-estupradores\\\/#breadcrumb\",\"itemListElement\":[{\"@type\":\"ListItem\",\"position\":1,\"name\":\"In\u00edcio\",\"item\":\"https:\\\/\\\/cj.estrategia.com\\\/portal\\\/\"},{\"@type\":\"ListItem\",\"position\":2,\"name\":\"Senado aprova fim de atenuante de idade para estupradores\"}]},{\"@type\":\"WebSite\",\"@id\":\"https:\\\/\\\/cj.estrategia.com\\\/portal\\\/#website\",\"url\":\"https:\\\/\\\/cj.estrategia.com\\\/portal\\\/\",\"name\":\"Blog - Carreiras Jur\u00eddicas - Estrat\u00e9gia\",\"description\":\"\",\"publisher\":{\"@id\":\"https:\\\/\\\/cj.estrategia.com\\\/portal\\\/#organization\"},\"potentialAction\":[{\"@type\":\"SearchAction\",\"target\":{\"@type\":\"EntryPoint\",\"urlTemplate\":\"https:\\\/\\\/cj.estrategia.com\\\/portal\\\/?s={search_term_string}\"},\"query-input\":{\"@type\":\"PropertyValueSpecification\",\"valueRequired\":true,\"valueName\":\"search_term_string\"}}],\"inLanguage\":\"pt-BR\"},{\"@type\":\"Organization\",\"@id\":\"https:\\\/\\\/cj.estrategia.com\\\/portal\\\/#organization\",\"name\":\"Estrat\u00e9gia - Carreiras Jur\u00eddicas\",\"url\":\"https:\\\/\\\/cj.estrategia.com\\\/portal\\\/\",\"logo\":{\"@type\":\"ImageObject\",\"inLanguage\":\"pt-BR\",\"@id\":\"https:\\\/\\\/cj.estrategia.com\\\/portal\\\/#\\\/schema\\\/logo\\\/image\\\/\",\"url\":\"https:\\\/\\\/cj.estrategia.com\\\/portal\\\/wp-content\\\/uploads\\\/2022\\\/03\\\/11151052\\\/cj-logo.png\",\"contentUrl\":\"https:\\\/\\\/cj.estrategia.com\\\/portal\\\/wp-content\\\/uploads\\\/2022\\\/03\\\/11151052\\\/cj-logo.png\",\"width\":150,\"height\":39,\"caption\":\"Estrat\u00e9gia - Carreiras Jur\u00eddicas\"},\"image\":{\"@id\":\"https:\\\/\\\/cj.estrategia.com\\\/portal\\\/#\\\/schema\\\/logo\\\/image\\\/\"},\"sameAs\":[\"https:\\\/\\\/www.facebook.com\\\/estrategiacarreirajuridica\\\/\",\"https:\\\/\\\/x.com\\\/EstratJuridica\",\"https:\\\/\\\/www.instagram.com\\\/estrategiacarreirajuridica\\\/\",\"https:\\\/\\\/www.youtube.com\\\/channel\\\/UClbMGuYbj2Mh1m3w144ETWQ\"]},{\"@type\":\"Person\",\"@id\":\"https:\\\/\\\/cj.estrategia.com\\\/portal\\\/#\\\/schema\\\/person\\\/7d7d2b1c8386e2eeacc0b09cfbc1d0ff\",\"name\":\"Thiago Leite\",\"image\":{\"@type\":\"ImageObject\",\"inLanguage\":\"pt-BR\",\"@id\":\"https:\\\/\\\/secure.gravatar.com\\\/avatar\\\/15ff5746ff9e313f1248fe2373ce03309054e96387bb9249055458d0c1aaa297?s=96&d=mm&r=g\",\"url\":\"https:\\\/\\\/secure.gravatar.com\\\/avatar\\\/15ff5746ff9e313f1248fe2373ce03309054e96387bb9249055458d0c1aaa297?s=96&d=mm&r=g\",\"contentUrl\":\"https:\\\/\\\/secure.gravatar.com\\\/avatar\\\/15ff5746ff9e313f1248fe2373ce03309054e96387bb9249055458d0c1aaa297?s=96&d=mm&r=g\",\"caption\":\"Thiago Leite\"},\"description\":\"Thiago de Paula Leite \u00e9 procurador do Estado de S\u00e3o Paulo e professor de direito ambiental e agr\u00e1rio do Estrat\u00e9gia.\",\"url\":\"https:\\\/\\\/cj.estrategia.com\\\/portal\\\/author\\\/thiago-leite\\\/\"}]}<\/script>\n<!-- \/ Yoast SEO Premium plugin. -->","yoast_head_json":{"title":"Senado aprova fim de atenuante de idade para estupradores","description":"Um PL que acaba com a diminui\u00e7\u00e3o de pena e com a redu\u00e7\u00e3o do prazo prescricional pela metade para estupradores foi aprovado no Senado.","robots":{"index":"index","follow":"follow","max-snippet":"max-snippet:-1","max-image-preview":"max-image-preview:large","max-video-preview":"max-video-preview:-1"},"canonical":"https:\/\/cj.estrategia.com\/portal\/senado-fim-atenuante-idade-estupradores\/","og_locale":"pt_BR","og_type":"article","og_title":"Senado aprova fim de atenuante de idade para estupradores","og_description":"Um PL que acaba com a diminui\u00e7\u00e3o de pena e com a redu\u00e7\u00e3o do prazo prescricional pela metade para estupradores foi aprovado no Senado.","og_url":"https:\/\/cj.estrategia.com\/portal\/senado-fim-atenuante-idade-estupradores\/","og_site_name":"Blog - Carreiras Jur\u00eddicas - Estrat\u00e9gia","article_publisher":"https:\/\/www.facebook.com\/estrategiacarreirajuridica\/","article_published_time":"2025-06-15T23:16:16+00:00","article_modified_time":"2025-06-16T18:29:39+00:00","og_image":[{"width":1200,"height":761,"url":"https:\/\/cj.estrategia.com\/portal\/wp-content\/uploads\/2025\/06\/15185908\/estupro.jpg","type":"image\/jpeg"}],"author":"Thiago Leite","twitter_card":"summary_large_image","twitter_creator":"@EstratJuridica","twitter_site":"@EstratJuridica","twitter_misc":{"Escrito por":"Thiago Leite","Est. tempo de leitura":"6 minutos"},"schema":{"@context":"https:\/\/schema.org","@graph":[{"@type":"NewsArticle","@id":"https:\/\/cj.estrategia.com\/portal\/senado-fim-atenuante-idade-estupradores\/#article","isPartOf":{"@id":"https:\/\/cj.estrategia.com\/portal\/senado-fim-atenuante-idade-estupradores\/"},"author":{"name":"Thiago Leite","@id":"https:\/\/cj.estrategia.com\/portal\/#\/schema\/person\/7d7d2b1c8386e2eeacc0b09cfbc1d0ff"},"headline":"Senado aprova fim de atenuante de idade para estupradores","datePublished":"2025-06-15T23:16:16+00:00","dateModified":"2025-06-16T18:29:39+00:00","mainEntityOfPage":{"@id":"https:\/\/cj.estrategia.com\/portal\/senado-fim-atenuante-idade-estupradores\/"},"wordCount":1159,"commentCount":0,"publisher":{"@id":"https:\/\/cj.estrategia.com\/portal\/#organization"},"image":{"@id":"https:\/\/cj.estrategia.com\/portal\/senado-fim-atenuante-idade-estupradores\/#primaryimage"},"thumbnailUrl":"https:\/\/cj.estrategia.com\/portal\/wp-content\/uploads\/2025\/06\/15185908\/estupro.jpg","keywords":["atenuante de idade","crime contra a dignidade sexual","direito processual penal","estupro","viol\u00eancia contra a mulher","viol\u00eancia dom\u00e9stica ou familiar"],"articleSection":["Carreiras Jur\u00eddicas"],"inLanguage":"pt-BR","potentialAction":[{"@type":"CommentAction","name":"Comment","target":["https:\/\/cj.estrategia.com\/portal\/senado-fim-atenuante-idade-estupradores\/#respond"]}]},{"@type":"WebPage","@id":"https:\/\/cj.estrategia.com\/portal\/senado-fim-atenuante-idade-estupradores\/","url":"https:\/\/cj.estrategia.com\/portal\/senado-fim-atenuante-idade-estupradores\/","name":"Senado aprova fim de atenuante de idade para estupradores","isPartOf":{"@id":"https:\/\/cj.estrategia.com\/portal\/#website"},"primaryImageOfPage":{"@id":"https:\/\/cj.estrategia.com\/portal\/senado-fim-atenuante-idade-estupradores\/#primaryimage"},"image":{"@id":"https:\/\/cj.estrategia.com\/portal\/senado-fim-atenuante-idade-estupradores\/#primaryimage"},"thumbnailUrl":"https:\/\/cj.estrategia.com\/portal\/wp-content\/uploads\/2025\/06\/15185908\/estupro.jpg","datePublished":"2025-06-15T23:16:16+00:00","dateModified":"2025-06-16T18:29:39+00:00","description":"Um PL que acaba com a diminui\u00e7\u00e3o de pena e com a redu\u00e7\u00e3o do prazo prescricional pela metade para estupradores foi aprovado no Senado.","breadcrumb":{"@id":"https:\/\/cj.estrategia.com\/portal\/senado-fim-atenuante-idade-estupradores\/#breadcrumb"},"inLanguage":"pt-BR","potentialAction":[{"@type":"ReadAction","target":["https:\/\/cj.estrategia.com\/portal\/senado-fim-atenuante-idade-estupradores\/"]}]},{"@type":"ImageObject","inLanguage":"pt-BR","@id":"https:\/\/cj.estrategia.com\/portal\/senado-fim-atenuante-idade-estupradores\/#primaryimage","url":"https:\/\/cj.estrategia.com\/portal\/wp-content\/uploads\/2025\/06\/15185908\/estupro.jpg","contentUrl":"https:\/\/cj.estrategia.com\/portal\/wp-content\/uploads\/2025\/06\/15185908\/estupro.jpg","width":1200,"height":761},{"@type":"BreadcrumbList","@id":"https:\/\/cj.estrategia.com\/portal\/senado-fim-atenuante-idade-estupradores\/#breadcrumb","itemListElement":[{"@type":"ListItem","position":1,"name":"In\u00edcio","item":"https:\/\/cj.estrategia.com\/portal\/"},{"@type":"ListItem","position":2,"name":"Senado aprova fim de atenuante de idade para estupradores"}]},{"@type":"WebSite","@id":"https:\/\/cj.estrategia.com\/portal\/#website","url":"https:\/\/cj.estrategia.com\/portal\/","name":"Blog - Carreiras Jur\u00eddicas - Estrat\u00e9gia","description":"","publisher":{"@id":"https:\/\/cj.estrategia.com\/portal\/#organization"},"potentialAction":[{"@type":"SearchAction","target":{"@type":"EntryPoint","urlTemplate":"https:\/\/cj.estrategia.com\/portal\/?s={search_term_string}"},"query-input":{"@type":"PropertyValueSpecification","valueRequired":true,"valueName":"search_term_string"}}],"inLanguage":"pt-BR"},{"@type":"Organization","@id":"https:\/\/cj.estrategia.com\/portal\/#organization","name":"Estrat\u00e9gia - Carreiras Jur\u00eddicas","url":"https:\/\/cj.estrategia.com\/portal\/","logo":{"@type":"ImageObject","inLanguage":"pt-BR","@id":"https:\/\/cj.estrategia.com\/portal\/#\/schema\/logo\/image\/","url":"https:\/\/cj.estrategia.com\/portal\/wp-content\/uploads\/2022\/03\/11151052\/cj-logo.png","contentUrl":"https:\/\/cj.estrategia.com\/portal\/wp-content\/uploads\/2022\/03\/11151052\/cj-logo.png","width":150,"height":39,"caption":"Estrat\u00e9gia - Carreiras Jur\u00eddicas"},"image":{"@id":"https:\/\/cj.estrategia.com\/portal\/#\/schema\/logo\/image\/"},"sameAs":["https:\/\/www.facebook.com\/estrategiacarreirajuridica\/","https:\/\/x.com\/EstratJuridica","https:\/\/www.instagram.com\/estrategiacarreirajuridica\/","https:\/\/www.youtube.com\/channel\/UClbMGuYbj2Mh1m3w144ETWQ"]},{"@type":"Person","@id":"https:\/\/cj.estrategia.com\/portal\/#\/schema\/person\/7d7d2b1c8386e2eeacc0b09cfbc1d0ff","name":"Thiago Leite","image":{"@type":"ImageObject","inLanguage":"pt-BR","@id":"https:\/\/secure.gravatar.com\/avatar\/15ff5746ff9e313f1248fe2373ce03309054e96387bb9249055458d0c1aaa297?s=96&d=mm&r=g","url":"https:\/\/secure.gravatar.com\/avatar\/15ff5746ff9e313f1248fe2373ce03309054e96387bb9249055458d0c1aaa297?s=96&d=mm&r=g","contentUrl":"https:\/\/secure.gravatar.com\/avatar\/15ff5746ff9e313f1248fe2373ce03309054e96387bb9249055458d0c1aaa297?s=96&d=mm&r=g","caption":"Thiago Leite"},"description":"Thiago de Paula Leite \u00e9 procurador do Estado de S\u00e3o Paulo e professor de direito ambiental e agr\u00e1rio do Estrat\u00e9gia.","url":"https:\/\/cj.estrategia.com\/portal\/author\/thiago-leite\/"}]}},"jetpack_featured_media_url":"https:\/\/cj.estrategia.com\/portal\/wp-content\/uploads\/2025\/06\/15185908\/estupro.jpg","jetpack_sharing_enabled":true,"_links":{"self":[{"href":"https:\/\/cj.estrategia.com\/portal\/wp-json\/wp\/v2\/posts\/128771","targetHints":{"allow":["GET"]}}],"collection":[{"href":"https:\/\/cj.estrategia.com\/portal\/wp-json\/wp\/v2\/posts"}],"about":[{"href":"https:\/\/cj.estrategia.com\/portal\/wp-json\/wp\/v2\/types\/post"}],"author":[{"embeddable":true,"href":"https:\/\/cj.estrategia.com\/portal\/wp-json\/wp\/v2\/users\/81"}],"replies":[{"embeddable":true,"href":"https:\/\/cj.estrategia.com\/portal\/wp-json\/wp\/v2\/comments?post=128771"}],"version-history":[{"count":4,"href":"https:\/\/cj.estrategia.com\/portal\/wp-json\/wp\/v2\/posts\/128771\/revisions"}],"predecessor-version":[{"id":129101,"href":"https:\/\/cj.estrategia.com\/portal\/wp-json\/wp\/v2\/posts\/128771\/revisions\/129101"}],"wp:featuredmedia":[{"embeddable":true,"href":"https:\/\/cj.estrategia.com\/portal\/wp-json\/wp\/v2\/media\/128774"}],"wp:attachment":[{"href":"https:\/\/cj.estrategia.com\/portal\/wp-json\/wp\/v2\/media?parent=128771"}],"wp:term":[{"taxonomy":"category","embeddable":true,"href":"https:\/\/cj.estrategia.com\/portal\/wp-json\/wp\/v2\/categories?post=128771"},{"taxonomy":"post_tag","embeddable":true,"href":"https:\/\/cj.estrategia.com\/portal\/wp-json\/wp\/v2\/tags?post=128771"},{"taxonomy":"tax_estado","embeddable":true,"href":"https:\/\/cj.estrategia.com\/portal\/wp-json\/wp\/v2\/tax_estado?post=128771"}],"curies":[{"name":"wp","href":"https:\/\/api.w.org\/{rel}","templated":true}]}}