{"id":128697,"date":"2025-06-15T18:48:33","date_gmt":"2025-06-15T21:48:33","guid":{"rendered":"https:\/\/cj.estrategia.com\/portal\/?p=128697"},"modified":"2025-06-17T08:45:14","modified_gmt":"2025-06-17T11:45:14","slug":"perdao-judicial-negligencia-arma-crianca","status":"publish","type":"post","link":"https:\/\/cj.estrategia.com\/portal\/perdao-judicial-negligencia-arma-crianca\/","title":{"rendered":"Perd\u00e3o judicial e neglig\u00eancia: arma de fogo acess\u00edvel a crian\u00e7a"},"content":{"rendered":"\n<h2 class=\"wp-block-heading\" id=\"h-explicacao-do-caso-1\"><span id=\"explicacao-do-caso1\">Explica\u00e7\u00e3o do caso<sup data-fn=\"619b01cf-e9ec-42e5-bcbb-e5bc8f7022e4\" class=\"fn\"><a id=\"619b01cf-e9ec-42e5-bcbb-e5bc8f7022e4-link\" href=\"#619b01cf-e9ec-42e5-bcbb-e5bc8f7022e4\">1<\/a><\/sup><\/span><\/h2>\n\n\n\n<p>Um caso tr\u00e1gico ocorrido em Rio Verde de Mato Grosso (MS) levantou s\u00e9rias quest\u00f5es jur\u00eddicas e sociais. Uma crian\u00e7a de dois anos pegou a arma de fogo do pai, um produtor rural com porte e registro legal do armamento, e disparou acidentalmente contra a m\u00e3e, de 27 anos. A mulher foi atingida no bra\u00e7o e no t\u00f3rax e, apesar de ter sido socorrida, n\u00e3o resistiu aos ferimentos.<\/p>\n\n\n\n<p>Segundo a Pol\u00edcia Civil, o casal estava na varanda de casa com o filho quando o incidente ocorreu. As imagens de c\u00e2meras de seguran\u00e7a mostram o momento em que a crian\u00e7a manuseia a arma deixada sobre uma mesa e, em seguida, dispara em dire\u00e7\u00e3o \u00e0 m\u00e3e.<\/p>\n\n\n\n<div class=\"wp-block-media-text is-stacked-on-mobile\"><figure class=\"wp-block-media-text__media\"><img decoding=\"async\" width=\"1024\" height=\"683\" src=\"https:\/\/cj.estrategia.com\/portal\/wp-content\/uploads\/2024\/10\/10070652\/justica-julgamento-decisao-1024x683.jpg\" alt=\"Perd\u00e3o judicial\" class=\"wp-image-79212 size-full\" srcset=\"https:\/\/cj.estrategia.com\/portal\/wp-content\/uploads\/2024\/10\/10070652\/justica-julgamento-decisao-1024x683.jpg 1024w, https:\/\/cj.estrategia.com\/portal\/wp-content\/uploads\/2024\/10\/10070652\/justica-julgamento-decisao-300x200.jpg 300w, https:\/\/cj.estrategia.com\/portal\/wp-content\/uploads\/2024\/10\/10070652\/justica-julgamento-decisao-768x512.jpg 768w, https:\/\/cj.estrategia.com\/portal\/wp-content\/uploads\/2024\/10\/10070652\/justica-julgamento-decisao-1536x1024.jpg 1536w, https:\/\/cj.estrategia.com\/portal\/wp-content\/uploads\/2024\/10\/10070652\/justica-julgamento-decisao-2048x1365.jpg 2048w, https:\/\/cj.estrategia.com\/portal\/wp-content\/uploads\/2024\/10\/10070652\/justica-julgamento-decisao-380x253.jpg 380w, https:\/\/cj.estrategia.com\/portal\/wp-content\/uploads\/2024\/10\/10070652\/justica-julgamento-decisao-800x533.jpg 800w, https:\/\/cj.estrategia.com\/portal\/wp-content\/uploads\/2024\/10\/10070652\/justica-julgamento-decisao-1160x773.jpg 1160w, https:\/\/cj.estrategia.com\/portal\/wp-content\/uploads\/2024\/10\/10070652\/justica-julgamento-decisao-150x100.jpg 150w, https:\/\/cj.estrategia.com\/portal\/wp-content\/uploads\/2024\/10\/10070652\/justica-julgamento-decisao-scaled.jpg 2560w\" sizes=\"(max-width: 1024px) 100vw, 1024px\" \/><\/figure><div class=\"wp-block-media-text__content\">\n<p>O pai vai responder em liberdade por homic\u00eddio culposo e por omiss\u00e3o de cautela, conforme previsto na legisla\u00e7\u00e3o penal e no Estatuto do Desarmamento.<\/p>\n<\/div><\/div>\n\n\n\n<p>A arma, uma pistola calibre 9 mm, foi apreendida. O caso est\u00e1 sendo investigado e a crian\u00e7a deve passar por acompanhamento do Conselho Tutelar e do setor psicossocial.<\/p>\n\n\n\n<p>O epis\u00f3dio, al\u00e9m da dor pessoal e familiar, suscita debates sobre o dever de guarda respons\u00e1vel de armas de fogo, o papel do <strong><mark style=\"background-color:rgba(0, 0, 0, 0)\" class=\"has-inline-color has-black-color\">perd\u00e3o judicial<\/mark><\/strong> em casos de gravidade emocional extrema, e a responsabilidade penal por omiss\u00e3o em contexto dom\u00e9stico.<\/p>\n\n\n\n<h2 class=\"wp-block-heading\" id=\"h-aspectos-juridicos-relevantes\"><span id=\"aspectos-juridicos-relevantes\">Aspectos jur\u00eddicos relevantes<\/span><\/h2>\n\n\n\n<h3 class=\"wp-block-heading\" id=\"h-omissao-de-cautela\"><span id=\"omissao-de-cautela\">Omiss\u00e3o de cautela<\/span><\/h3>\n\n\n\n<p>A conduta do pai da crian\u00e7a subsume-se indiscutivelmente ao modelo previsto no artigo 13, da 10.826\/03 (<strong><a href=\"https:\/\/www.estrategiaconcursos.com.br\/assinaturas-ecj\/\" target=\"_blank\" >Estatuto do Desarmamento<\/a><\/strong>), que criminaliza a <strong><mark style=\"background-color:rgba(0, 0, 0, 0)\" class=\"has-inline-color has-black-color\">omiss\u00e3o de cautela<\/mark><\/strong> ao deixar que menor de 18 anos tenha acesso \u00e0 arma de fogo: <strong>Pena<\/strong>: deten\u00e7\u00e3o, de 1 a 2 anos, e multa. O crime \u00e9 de perigo e independe da ocorr\u00eancia de resultado lesivo para se configurar. No caso em an\u00e1lise, o resultado foi fatal, refor\u00e7ando a gravidade da omiss\u00e3o.<\/p>\n\n\n\n<p>A omiss\u00e3o do agente \u00e9 penalmente relevante, conforme previs\u00e3o inserta no artigo 13, \u00a72\u00ba, do CP, j\u00e1 que ele tinha a obriga\u00e7\u00e3o de <strong>cuidado, prote\u00e7\u00e3o e vigil\u00e2ncia<\/strong>.<\/p>\n\n\n\n<p>Al\u00e9m disso, o pai tamb\u00e9m poder\u00e1 responder por <strong><mark style=\"background-color:rgba(0, 0, 0, 0)\" class=\"has-inline-color has-black-color\">homic\u00eddio culposo<\/mark><\/strong>, tipificado no artigo 121, \u00a73\u00ba, do C\u00f3digo Penal: Se o homic\u00eddio \u00e9 culposo. <strong>Pena <\/strong>&#8211; deten\u00e7\u00e3o, de um a tr\u00eas anos. Trata-se de morte sem inten\u00e7\u00e3o, resultante de neglig\u00eancia, imprud\u00eancia ou imper\u00edcia. No caso concreto, o comportamento do agente revela <strong>neglig\u00eancia<\/strong>, ao deixar uma arma acess\u00edvel a uma crian\u00e7a de apenas dois anos, em viola\u00e7\u00e3o clara ao dever objetivo de cuidado.<\/p>\n\n\n\n<h3 class=\"wp-block-heading\" id=\"h-culpa-ou-dolo-eventual\"><span id=\"culpa-ou-dolo-eventual\">Culpa ou dolo eventual?<\/span><\/h3>\n\n\n\n<p>A situa\u00e7\u00e3o poderia despertar uma discuss\u00e3o interessante acerca do elemento subjetivo que animou o agente: se <strong>culpa<\/strong>, por inobserv\u00e2ncia de um dever objetivo de cuidado, como j\u00e1 abordado; ou <strong>dolo eventual<\/strong>, j\u00e1 que no contexto, ao deixar a arma completamente desvigiada, o agente teria assumido o risco de produzir o resultado. Vamos aguardar o posicionamento do Minist\u00e9rio P\u00fablico sul-mato-grossense, valendo lembrar que a tipifica\u00e7\u00e3o feita inicialmente pelo Delegado de Pol\u00edcia n\u00e3o vincula o Minist\u00e9rio P\u00fablico.<\/p>\n\n\n\n<p>Uma vez reconhecida a ocorr\u00eancia do homic\u00eddio culposo, e, considerando as circunst\u00e2ncias profundamente tr\u00e1gicas \u2014 a perda da companheira em decorr\u00eancia da pr\u00f3pria omiss\u00e3o \u2014, \u00e9 admiss\u00edvel a aplica\u00e7\u00e3o do <strong><mark style=\"background-color:rgba(0, 0, 0, 0)\" class=\"has-inline-color has-black-color\">perd\u00e3o judicial<\/mark><\/strong>, previsto no art. 121, \u00a75\u00ba, do C\u00f3digo Penal:<\/p>\n\n\n\n<p class=\"has-background\" style=\"background-color:#dddddd\">\u201cO juiz poder\u00e1 deixar de aplicar a pena, se as consequ\u00eancias da infra\u00e7\u00e3o atingirem o pr\u00f3prio agente de forma t\u00e3o grave que a san\u00e7\u00e3o penal se torne desnecess\u00e1ria.\u201d<\/p>\n\n\n\n<p>O perd\u00e3o judicial \u00e9 cab\u00edvel em casos excepcionais como este, em que a dor pessoal do agente \u00e9 considerada mais severa que a san\u00e7\u00e3o estatal. Como estabelece a S\u00famula 18, do STJ, a senten\u00e7a que concede o perd\u00e3o judicial \u201c\u00e9 declarat\u00f3ria da extin\u00e7\u00e3o da punibilidade, n\u00e3o produzindo qualquer efeito condenat\u00f3rio\u201d.<\/p>\n\n\n\n<p>O STJ j\u00e1 consignou que:<\/p>\n\n\n\n<p class=\"has-background\" style=\"background-color:#dddddd\">\u201cO&nbsp;perd\u00e3o judicial&nbsp;\u00e9 ato de clem\u00eancia do Estado, que, em hip\u00f3teses expressamente previstas em lei, como \u00e9 o caso do&nbsp;homic\u00eddio&nbsp;culposo praticado no tr\u00e2nsito, deixa de aplicar a pena, afastando, assim a punibilidade\u201d. (AgRg no REsp 1854277\/SP)<\/p>\n\n\n\n<p>Importante lembrar que o persecu\u00e7\u00e3o penal deve ser instaurada e h\u00e1 de tramitar normalmente, com apura\u00e7\u00e3o dos fatos e oferecimento de den\u00fancia. Por n\u00e3o haver dolo, a compet\u00eancia para julgamento n\u00e3o \u00e9 do Tribunal do J\u00fari, mas do ju\u00edzo criminal comum. Somente ao final da instru\u00e7\u00e3o poder\u00e1 o juiz avaliar a conveni\u00eancia de aplicar o perd\u00e3o judicial.<\/p>\n\n\n\n<h2 class=\"wp-block-heading\" id=\"h-consequencias\"><span id=\"consequencias\">Consequ\u00eancias <\/span><\/h2>\n\n\n\n<p>Do ponto de vista social, o caso desperta aten\u00e7\u00e3o para a responsabilidade de propriet\u00e1rios de armas de fogo em ambientes dom\u00e9sticos. Mesmo com porte e registro legais, a guarda negligente do armamento pode ter consequ\u00eancias irrevers\u00edveis, como demonstrado neste epis\u00f3dio.<\/p>\n\n\n\n<p>A trag\u00e9dia destaca a necessidade de pol\u00edticas mais eficazes de educa\u00e7\u00e3o sobre seguran\u00e7a com armas e fiscaliza\u00e7\u00e3o do cumprimento das exig\u00eancias legais de armazenamento.<\/p>\n\n\n\n<p>No plano jur\u00eddico, o epis\u00f3dio refor\u00e7a a import\u00e2ncia de mecanismos como o perd\u00e3o judicial para lidar com situa\u00e7\u00f5es de sofrimento extremo do pr\u00f3prio agente. A exist\u00eancia dessa ferramenta n\u00e3o elimina o processo, mas permite que, diante de uma dor pessoal que supere os efeitos da puni\u00e7\u00e3o estatal, o Estado deixe de, legitimamente, aplicar a pena.<\/p>\n\n\n\n<h3 class=\"wp-block-heading\" id=\"h-protecao-da-vida\"><span id=\"protecao-da-vida\">Prote\u00e7\u00e3o da vida<\/span><\/h3>\n\n\n\n<p>O caso deve servir de alerta para o rigor na aplica\u00e7\u00e3o do art. 13, do Estatuto do Desarmamento, que imp\u00f5e o dever de cautela na posse de armas. O cumprimento dessa norma \u00e9 essencial para a prote\u00e7\u00e3o da vida, sobretudo de crian\u00e7as, e sua viola\u00e7\u00e3o n\u00e3o pode ser tratada com leni\u00eancia \u2014 mesmo que, ao final, o perd\u00e3o judicial seja aplicado diante das circunst\u00e2ncias excepcionais.<\/p>\n\n\n\n<p><strong>Um adendo importante<\/strong>: o perd\u00e3o judicial \u00e9 aplic\u00e1vel, se caso, apenas em rela\u00e7\u00e3o ao homic\u00eddio culposo, subsistir a responsabilidade penal do agente pela conduta prevista no art. 13, da Lei 10.826\/03.<\/p>\n\n\n\n<figure class=\"wp-block-table\"><table class=\"has-fixed-layout\"><tbody><tr><td>Resumo: Uma crian\u00e7a de dois anos matou acidentalmente a m\u00e3e ao manusear uma arma deixada pelo pai sobre a mesa. O pai, que possu\u00eda porte legal, responder\u00e1 por omiss\u00e3o de cautela, prevista no art. 13 da Lei 10.826\/03. A omiss\u00e3o \u00e9 penalmente relevante, conforme o art. 13, \u00a72\u00ba, do C\u00f3digo Penal, pois ele tinha o dever de cuidado, prote\u00e7\u00e3o e vigil\u00e2ncia. Tamb\u00e9m poder\u00e1 responder por homic\u00eddio culposo (art. 121, \u00a73\u00ba, CP), pois agiu com neglig\u00eancia ao deixar o armamento acess\u00edvel \u00e0 crian\u00e7a. Diante da gravidade pessoal da perda, pode ser aplicado o perd\u00e3o judicial (art. 121, \u00a75\u00ba, CP), quando a pena se torna desnecess\u00e1ria. A S\u00famula 18 do STJ estabelece que o perd\u00e3o judicial extingue a punibilidade sem gerar efeitos condenat\u00f3rios.<\/td><\/tr><\/tbody><\/table><\/figure>\n\n\n\n<p><\/p>\n\n\n\n<hr class=\"wp-block-separator has-alpha-channel-opacity\"\/>\n\n\n<ol class=\"wp-block-footnotes\"><li id=\"619b01cf-e9ec-42e5-bcbb-e5bc8f7022e4\">MACHADO, Mirian. Crian\u00e7a de 2 anos pega arma do pai e mata a m\u00e3e com tiro acidental em MS. <strong>G1 Mato Grosso do Sul<\/strong>. 2025. Dispon\u00edvel em: &lt;https:\/\/g1.globo.com\/ms\/mato-grosso-do-sul\/noticia\/2025\/06\/14\/crianca-de-2-anos-pega-arma-do-pai-em-cima-da-mesa-atira-e-mata-a-mae-em-ms.ghtml>. <a href=\"#619b01cf-e9ec-42e5-bcbb-e5bc8f7022e4-link\" aria-label=\"Ir para a refer\u00eancia 1 na nota de rodap\u00e9\">\u21a9\ufe0e<\/a><\/li><\/ol>\n\n\n<hr class=\"wp-block-separator has-alpha-channel-opacity\"\/>\n\n\n\n<h2 class=\"wp-block-heading has-text-align-center\" id=\"h-quer-saber-quais-serao-os-proximos-concursos\"><span id=\"quer-saber-quais-serao-os-proximos-concursos\">Quer saber quais ser\u00e3o os pr\u00f3ximos concursos?<\/span><\/h2>\n\n\n\n<pre class=\"wp-block-verse has-text-align-center\">Confira nossos&nbsp;<a href=\"https:\/\/cj.estrategia.com\/portal\/\" target=\"_blank\" >artigos para Carreiras Jur\u00eddicas<\/a>!<\/pre>\n\n\n\n<p class=\"has-text-align-center has-white-color has-pale-cyan-blue-background-color has-text-color has-background has-link-color wp-elements-723b3278bf14a50a5e7b7e937b9a17d4\"><a href=\"https:\/\/cj.estrategia.com\/portal\/concursos-abertos-carreiras-juridicas\/\">Concursos jur\u00eddicos abertos<\/a><\/p>\n\n\n\n<p class=\"has-text-align-center has-white-color has-pale-cyan-blue-background-color has-text-color has-background has-link-color wp-elements-41349f36dc977263ca2129bf0f6dd541\"><a href=\"https:\/\/cj.estrategia.com\/portal\/concursos-2025-carreiras-juridicas\/\" target=\"_blank\" >Concursos jur\u00eddicos 2025<\/a><\/p>\n","protected":false},"excerpt":{"rendered":"Explica\u00e7\u00e3o do caso1 Um caso tr\u00e1gico ocorrido em Rio Verde de Mato Grosso (MS) levantou s\u00e9rias quest\u00f5es jur\u00eddicas&hellip;\n","protected":false},"author":63,"featured_media":128741,"comment_status":"open","ping_status":"open","sticky":false,"template":"","format":"standard","meta":{"_jetpack_memberships_contains_paid_content":false,"footnotes":"[{\"content\":\"MACHADO, Mirian. Crian\u00e7a de 2 anos pega arma do pai e mata a m\u00e3e com tiro acidental em MS. <strong>G1 Mato Grosso do Sul<\/strong>. 2025. Dispon\u00edvel em: &lt;https:\/\/g1.globo.com\/ms\/mato-grosso-do-sul\/noticia\/2025\/06\/14\/crianca-de-2-anos-pega-arma-do-pai-em-cima-da-mesa-atira-e-mata-a-mae-em-ms.ghtml>.\",\"id\":\"619b01cf-e9ec-42e5-bcbb-e5bc8f7022e4\"}]"},"categories":[1],"tags":[2829,2828,2830,2827,866,529,1663,2826,2825],"tax_estado":[30,31,32,33,34,35,36,37,38,39,40,41,42,43,44,45,46,47,48,49,50,51,52,53,54,55,56,57],"class_list":{"0":"post-128697","1":"post","2":"type-post","3":"status-publish","4":"format-standard","5":"has-post-thumbnail","7":"category-carreiras-juridicas","8":"tag-arma-de-fogo","9":"tag-conselho-tutelar","10":"tag-crianca-com-acesso-a-arma-de-fogo","11":"tag-culpa","12":"tag-homicidio-com-dolo-eventual","13":"tag-homicidio-culposo","14":"tag-negligencia","15":"tag-omissao-de-cautela","16":"tag-perdao-judicial","17":"tax_estado-ac","18":"tax_estado-al","19":"tax_estado-am","20":"tax_estado-ap","21":"tax_estado-ba","22":"tax_estado-ce","23":"tax_estado-concursos-federais","24":"tax_estado-df","25":"tax_estado-es","26":"tax_estado-go","27":"tax_estado-ma","28":"tax_estado-mg","29":"tax_estado-ms","30":"tax_estado-mt","31":"tax_estado-pa","32":"tax_estado-pb","33":"tax_estado-pe","34":"tax_estado-pi","35":"tax_estado-pr","36":"tax_estado-rj","37":"tax_estado-rn","38":"tax_estado-ro","39":"tax_estado-rr","40":"tax_estado-rs","41":"tax_estado-sc","42":"tax_estado-se","43":"tax_estado-sp","44":"tax_estado-to"},"acf":[],"yoast_head":"<!-- This site is optimized with the Yoast SEO Premium plugin v27.4 (Yoast SEO v27.4) - https:\/\/yoast.com\/product\/yoast-seo-premium-wordpress\/ -->\n<title>Perd\u00e3o judicial e neglig\u00eancia: arma de fogo acess\u00edvel a crian\u00e7a<\/title>\n<meta name=\"description\" content=\"Uma crian\u00e7a de dois anos pegou a arma de fogo do pai e disparou acidentalmente contra a m\u00e3e. O caso traz debates sobre perd\u00e3o judicial.\" \/>\n<meta name=\"robots\" content=\"index, follow, max-snippet:-1, max-image-preview:large, max-video-preview:-1\" \/>\n<link rel=\"canonical\" href=\"https:\/\/cj.estrategia.com\/portal\/perdao-judicial-negligencia-arma-crianca\/\" \/>\n<meta property=\"og:locale\" content=\"pt_BR\" \/>\n<meta property=\"og:type\" content=\"article\" \/>\n<meta property=\"og:title\" content=\"Perd\u00e3o judicial e neglig\u00eancia: arma de fogo acess\u00edvel a crian\u00e7a\" \/>\n<meta property=\"og:description\" content=\"Uma crian\u00e7a de dois anos pegou a arma de fogo do pai e disparou acidentalmente contra a m\u00e3e. O caso traz debates sobre perd\u00e3o judicial.\" \/>\n<meta property=\"og:url\" content=\"https:\/\/cj.estrategia.com\/portal\/perdao-judicial-negligencia-arma-crianca\/\" \/>\n<meta property=\"og:site_name\" content=\"Blog - Carreiras Jur\u00eddicas - Estrat\u00e9gia\" \/>\n<meta property=\"article:publisher\" content=\"https:\/\/www.facebook.com\/estrategiacarreirajuridica\/\" \/>\n<meta property=\"article:published_time\" content=\"2025-06-15T21:48:33+00:00\" \/>\n<meta property=\"article:modified_time\" content=\"2025-06-17T11:45:14+00:00\" \/>\n<meta property=\"og:image\" content=\"https:\/\/cj.estrategia.com\/portal\/wp-content\/uploads\/2025\/06\/15182633\/arma-fogo-crianca-pai-mae-negligencia-perdao-judicial.png\" \/>\n\t<meta property=\"og:image:width\" content=\"984\" \/>\n\t<meta property=\"og:image:height\" content=\"551\" \/>\n\t<meta property=\"og:image:type\" content=\"image\/png\" \/>\n<meta name=\"author\" content=\"Guilherme Rezende\" \/>\n<meta name=\"twitter:card\" content=\"summary_large_image\" \/>\n<meta name=\"twitter:creator\" content=\"@EstratJuridica\" \/>\n<meta name=\"twitter:site\" content=\"@EstratJuridica\" \/>\n<meta name=\"twitter:label1\" content=\"Escrito por\" \/>\n\t<meta name=\"twitter:data1\" content=\"Guilherme Rezende\" \/>\n\t<meta name=\"twitter:label2\" content=\"Est. tempo de leitura\" \/>\n\t<meta name=\"twitter:data2\" content=\"7 minutos\" \/>\n<script type=\"application\/ld+json\" class=\"yoast-schema-graph\">{\"@context\":\"https:\\\/\\\/schema.org\",\"@graph\":[{\"@type\":\"NewsArticle\",\"@id\":\"https:\\\/\\\/cj.estrategia.com\\\/portal\\\/perdao-judicial-negligencia-arma-crianca\\\/#article\",\"isPartOf\":{\"@id\":\"https:\\\/\\\/cj.estrategia.com\\\/portal\\\/perdao-judicial-negligencia-arma-crianca\\\/\"},\"author\":{\"name\":\"Guilherme Rezende\",\"@id\":\"https:\\\/\\\/cj.estrategia.com\\\/portal\\\/#\\\/schema\\\/person\\\/b8eb01d117c3441103d953565489f91a\"},\"headline\":\"Perd\u00e3o judicial e neglig\u00eancia: arma de fogo acess\u00edvel a crian\u00e7a\",\"datePublished\":\"2025-06-15T21:48:33+00:00\",\"dateModified\":\"2025-06-17T11:45:14+00:00\",\"mainEntityOfPage\":{\"@id\":\"https:\\\/\\\/cj.estrategia.com\\\/portal\\\/perdao-judicial-negligencia-arma-crianca\\\/\"},\"wordCount\":1177,\"commentCount\":0,\"publisher\":{\"@id\":\"https:\\\/\\\/cj.estrategia.com\\\/portal\\\/#organization\"},\"image\":{\"@id\":\"https:\\\/\\\/cj.estrategia.com\\\/portal\\\/perdao-judicial-negligencia-arma-crianca\\\/#primaryimage\"},\"thumbnailUrl\":\"https:\\\/\\\/cj.estrategia.com\\\/portal\\\/wp-content\\\/uploads\\\/2025\\\/06\\\/15182633\\\/arma-fogo-crianca-pai-mae-negligencia-perdao-judicial.png\",\"keywords\":[\"arma de fogo\",\"Conselho Tutelar\",\"crian\u00e7a com acesso a arma de fogo\",\"culpa\",\"homic\u00eddio com dolo eventual\",\"homic\u00eddio culposo\",\"neglig\u00eancia\",\"omiss\u00e3o de cautela\",\"perd\u00e3o judicial\"],\"articleSection\":[\"Carreiras Jur\u00eddicas\"],\"inLanguage\":\"pt-BR\",\"potentialAction\":[{\"@type\":\"CommentAction\",\"name\":\"Comment\",\"target\":[\"https:\\\/\\\/cj.estrategia.com\\\/portal\\\/perdao-judicial-negligencia-arma-crianca\\\/#respond\"]}]},{\"@type\":\"WebPage\",\"@id\":\"https:\\\/\\\/cj.estrategia.com\\\/portal\\\/perdao-judicial-negligencia-arma-crianca\\\/\",\"url\":\"https:\\\/\\\/cj.estrategia.com\\\/portal\\\/perdao-judicial-negligencia-arma-crianca\\\/\",\"name\":\"Perd\u00e3o judicial e neglig\u00eancia: arma de fogo acess\u00edvel a crian\u00e7a\",\"isPartOf\":{\"@id\":\"https:\\\/\\\/cj.estrategia.com\\\/portal\\\/#website\"},\"primaryImageOfPage\":{\"@id\":\"https:\\\/\\\/cj.estrategia.com\\\/portal\\\/perdao-judicial-negligencia-arma-crianca\\\/#primaryimage\"},\"image\":{\"@id\":\"https:\\\/\\\/cj.estrategia.com\\\/portal\\\/perdao-judicial-negligencia-arma-crianca\\\/#primaryimage\"},\"thumbnailUrl\":\"https:\\\/\\\/cj.estrategia.com\\\/portal\\\/wp-content\\\/uploads\\\/2025\\\/06\\\/15182633\\\/arma-fogo-crianca-pai-mae-negligencia-perdao-judicial.png\",\"datePublished\":\"2025-06-15T21:48:33+00:00\",\"dateModified\":\"2025-06-17T11:45:14+00:00\",\"description\":\"Uma crian\u00e7a de dois anos pegou a arma de fogo do pai e disparou acidentalmente contra a m\u00e3e. O caso traz debates sobre perd\u00e3o judicial.\",\"breadcrumb\":{\"@id\":\"https:\\\/\\\/cj.estrategia.com\\\/portal\\\/perdao-judicial-negligencia-arma-crianca\\\/#breadcrumb\"},\"inLanguage\":\"pt-BR\",\"potentialAction\":[{\"@type\":\"ReadAction\",\"target\":[\"https:\\\/\\\/cj.estrategia.com\\\/portal\\\/perdao-judicial-negligencia-arma-crianca\\\/\"]}]},{\"@type\":\"ImageObject\",\"inLanguage\":\"pt-BR\",\"@id\":\"https:\\\/\\\/cj.estrategia.com\\\/portal\\\/perdao-judicial-negligencia-arma-crianca\\\/#primaryimage\",\"url\":\"https:\\\/\\\/cj.estrategia.com\\\/portal\\\/wp-content\\\/uploads\\\/2025\\\/06\\\/15182633\\\/arma-fogo-crianca-pai-mae-negligencia-perdao-judicial.png\",\"contentUrl\":\"https:\\\/\\\/cj.estrategia.com\\\/portal\\\/wp-content\\\/uploads\\\/2025\\\/06\\\/15182633\\\/arma-fogo-crianca-pai-mae-negligencia-perdao-judicial.png\",\"width\":984,\"height\":551},{\"@type\":\"BreadcrumbList\",\"@id\":\"https:\\\/\\\/cj.estrategia.com\\\/portal\\\/perdao-judicial-negligencia-arma-crianca\\\/#breadcrumb\",\"itemListElement\":[{\"@type\":\"ListItem\",\"position\":1,\"name\":\"In\u00edcio\",\"item\":\"https:\\\/\\\/cj.estrategia.com\\\/portal\\\/\"},{\"@type\":\"ListItem\",\"position\":2,\"name\":\"Perd\u00e3o judicial e neglig\u00eancia: arma de fogo acess\u00edvel a crian\u00e7a\"}]},{\"@type\":\"WebSite\",\"@id\":\"https:\\\/\\\/cj.estrategia.com\\\/portal\\\/#website\",\"url\":\"https:\\\/\\\/cj.estrategia.com\\\/portal\\\/\",\"name\":\"Blog - Carreiras Jur\u00eddicas - Estrat\u00e9gia\",\"description\":\"\",\"publisher\":{\"@id\":\"https:\\\/\\\/cj.estrategia.com\\\/portal\\\/#organization\"},\"potentialAction\":[{\"@type\":\"SearchAction\",\"target\":{\"@type\":\"EntryPoint\",\"urlTemplate\":\"https:\\\/\\\/cj.estrategia.com\\\/portal\\\/?s={search_term_string}\"},\"query-input\":{\"@type\":\"PropertyValueSpecification\",\"valueRequired\":true,\"valueName\":\"search_term_string\"}}],\"inLanguage\":\"pt-BR\"},{\"@type\":\"Organization\",\"@id\":\"https:\\\/\\\/cj.estrategia.com\\\/portal\\\/#organization\",\"name\":\"Estrat\u00e9gia - Carreiras Jur\u00eddicas\",\"url\":\"https:\\\/\\\/cj.estrategia.com\\\/portal\\\/\",\"logo\":{\"@type\":\"ImageObject\",\"inLanguage\":\"pt-BR\",\"@id\":\"https:\\\/\\\/cj.estrategia.com\\\/portal\\\/#\\\/schema\\\/logo\\\/image\\\/\",\"url\":\"https:\\\/\\\/cj.estrategia.com\\\/portal\\\/wp-content\\\/uploads\\\/2022\\\/03\\\/11151052\\\/cj-logo.png\",\"contentUrl\":\"https:\\\/\\\/cj.estrategia.com\\\/portal\\\/wp-content\\\/uploads\\\/2022\\\/03\\\/11151052\\\/cj-logo.png\",\"width\":150,\"height\":39,\"caption\":\"Estrat\u00e9gia - Carreiras Jur\u00eddicas\"},\"image\":{\"@id\":\"https:\\\/\\\/cj.estrategia.com\\\/portal\\\/#\\\/schema\\\/logo\\\/image\\\/\"},\"sameAs\":[\"https:\\\/\\\/www.facebook.com\\\/estrategiacarreirajuridica\\\/\",\"https:\\\/\\\/x.com\\\/EstratJuridica\",\"https:\\\/\\\/www.instagram.com\\\/estrategiacarreirajuridica\\\/\",\"https:\\\/\\\/www.youtube.com\\\/channel\\\/UClbMGuYbj2Mh1m3w144ETWQ\"]},{\"@type\":\"Person\",\"@id\":\"https:\\\/\\\/cj.estrategia.com\\\/portal\\\/#\\\/schema\\\/person\\\/b8eb01d117c3441103d953565489f91a\",\"name\":\"Guilherme Rezende\",\"image\":{\"@type\":\"ImageObject\",\"inLanguage\":\"pt-BR\",\"@id\":\"https:\\\/\\\/cj.estrategia.com\\\/portal\\\/wp-content\\\/uploads\\\/2024\\\/02\\\/22174655\\\/professor-guilherme-resende-estrategia-concursos-ecj-96x96.jpeg\",\"url\":\"https:\\\/\\\/cj.estrategia.com\\\/portal\\\/wp-content\\\/uploads\\\/2024\\\/02\\\/22174655\\\/professor-guilherme-resende-estrategia-concursos-ecj-96x96.jpeg\",\"contentUrl\":\"https:\\\/\\\/cj.estrategia.com\\\/portal\\\/wp-content\\\/uploads\\\/2024\\\/02\\\/22174655\\\/professor-guilherme-resende-estrategia-concursos-ecj-96x96.jpeg\",\"caption\":\"Guilherme Rezende\"},\"description\":\"Professor Guilherme Rezende \u00e9 promotor de justi\u00e7a no Paran\u00e1, com uma carreira s\u00f3lida e impactante no campo jur\u00eddico. Al\u00e9m de sua atua\u00e7\u00e3o como promotor, ele possui mestrado em Direito e acumula experi\u00eancia como Ex-Procurador da Fazenda Nacional, Ex-Defensor P\u00fablico da Uni\u00e3o e Ex-Oficial de Apoio Judicial no TJMG. Destaca-se tamb\u00e9m por ter sido aprovado nos concursos de analista do TRF-1 e do MPU, consolidando sua compet\u00eancia e dedica\u00e7\u00e3o no universo jur\u00eddico.\",\"url\":\"https:\\\/\\\/cj.estrategia.com\\\/portal\\\/author\\\/guilherme-rezende\\\/\"}]}<\/script>\n<!-- \/ Yoast SEO Premium plugin. -->","yoast_head_json":{"title":"Perd\u00e3o judicial e neglig\u00eancia: arma de fogo acess\u00edvel a crian\u00e7a","description":"Uma crian\u00e7a de dois anos pegou a arma de fogo do pai e disparou acidentalmente contra a m\u00e3e. O caso traz debates sobre perd\u00e3o judicial.","robots":{"index":"index","follow":"follow","max-snippet":"max-snippet:-1","max-image-preview":"max-image-preview:large","max-video-preview":"max-video-preview:-1"},"canonical":"https:\/\/cj.estrategia.com\/portal\/perdao-judicial-negligencia-arma-crianca\/","og_locale":"pt_BR","og_type":"article","og_title":"Perd\u00e3o judicial e neglig\u00eancia: arma de fogo acess\u00edvel a crian\u00e7a","og_description":"Uma crian\u00e7a de dois anos pegou a arma de fogo do pai e disparou acidentalmente contra a m\u00e3e. O caso traz debates sobre perd\u00e3o judicial.","og_url":"https:\/\/cj.estrategia.com\/portal\/perdao-judicial-negligencia-arma-crianca\/","og_site_name":"Blog - Carreiras Jur\u00eddicas - Estrat\u00e9gia","article_publisher":"https:\/\/www.facebook.com\/estrategiacarreirajuridica\/","article_published_time":"2025-06-15T21:48:33+00:00","article_modified_time":"2025-06-17T11:45:14+00:00","og_image":[{"width":984,"height":551,"url":"https:\/\/cj.estrategia.com\/portal\/wp-content\/uploads\/2025\/06\/15182633\/arma-fogo-crianca-pai-mae-negligencia-perdao-judicial.png","type":"image\/png"}],"author":"Guilherme Rezende","twitter_card":"summary_large_image","twitter_creator":"@EstratJuridica","twitter_site":"@EstratJuridica","twitter_misc":{"Escrito por":"Guilherme Rezende","Est. tempo de leitura":"7 minutos"},"schema":{"@context":"https:\/\/schema.org","@graph":[{"@type":"NewsArticle","@id":"https:\/\/cj.estrategia.com\/portal\/perdao-judicial-negligencia-arma-crianca\/#article","isPartOf":{"@id":"https:\/\/cj.estrategia.com\/portal\/perdao-judicial-negligencia-arma-crianca\/"},"author":{"name":"Guilherme Rezende","@id":"https:\/\/cj.estrategia.com\/portal\/#\/schema\/person\/b8eb01d117c3441103d953565489f91a"},"headline":"Perd\u00e3o judicial e neglig\u00eancia: arma de fogo acess\u00edvel a crian\u00e7a","datePublished":"2025-06-15T21:48:33+00:00","dateModified":"2025-06-17T11:45:14+00:00","mainEntityOfPage":{"@id":"https:\/\/cj.estrategia.com\/portal\/perdao-judicial-negligencia-arma-crianca\/"},"wordCount":1177,"commentCount":0,"publisher":{"@id":"https:\/\/cj.estrategia.com\/portal\/#organization"},"image":{"@id":"https:\/\/cj.estrategia.com\/portal\/perdao-judicial-negligencia-arma-crianca\/#primaryimage"},"thumbnailUrl":"https:\/\/cj.estrategia.com\/portal\/wp-content\/uploads\/2025\/06\/15182633\/arma-fogo-crianca-pai-mae-negligencia-perdao-judicial.png","keywords":["arma de fogo","Conselho Tutelar","crian\u00e7a com acesso a arma de fogo","culpa","homic\u00eddio com dolo eventual","homic\u00eddio culposo","neglig\u00eancia","omiss\u00e3o de cautela","perd\u00e3o judicial"],"articleSection":["Carreiras Jur\u00eddicas"],"inLanguage":"pt-BR","potentialAction":[{"@type":"CommentAction","name":"Comment","target":["https:\/\/cj.estrategia.com\/portal\/perdao-judicial-negligencia-arma-crianca\/#respond"]}]},{"@type":"WebPage","@id":"https:\/\/cj.estrategia.com\/portal\/perdao-judicial-negligencia-arma-crianca\/","url":"https:\/\/cj.estrategia.com\/portal\/perdao-judicial-negligencia-arma-crianca\/","name":"Perd\u00e3o judicial e neglig\u00eancia: arma de fogo acess\u00edvel a crian\u00e7a","isPartOf":{"@id":"https:\/\/cj.estrategia.com\/portal\/#website"},"primaryImageOfPage":{"@id":"https:\/\/cj.estrategia.com\/portal\/perdao-judicial-negligencia-arma-crianca\/#primaryimage"},"image":{"@id":"https:\/\/cj.estrategia.com\/portal\/perdao-judicial-negligencia-arma-crianca\/#primaryimage"},"thumbnailUrl":"https:\/\/cj.estrategia.com\/portal\/wp-content\/uploads\/2025\/06\/15182633\/arma-fogo-crianca-pai-mae-negligencia-perdao-judicial.png","datePublished":"2025-06-15T21:48:33+00:00","dateModified":"2025-06-17T11:45:14+00:00","description":"Uma crian\u00e7a de dois anos pegou a arma de fogo do pai e disparou acidentalmente contra a m\u00e3e. O caso traz debates sobre perd\u00e3o judicial.","breadcrumb":{"@id":"https:\/\/cj.estrategia.com\/portal\/perdao-judicial-negligencia-arma-crianca\/#breadcrumb"},"inLanguage":"pt-BR","potentialAction":[{"@type":"ReadAction","target":["https:\/\/cj.estrategia.com\/portal\/perdao-judicial-negligencia-arma-crianca\/"]}]},{"@type":"ImageObject","inLanguage":"pt-BR","@id":"https:\/\/cj.estrategia.com\/portal\/perdao-judicial-negligencia-arma-crianca\/#primaryimage","url":"https:\/\/cj.estrategia.com\/portal\/wp-content\/uploads\/2025\/06\/15182633\/arma-fogo-crianca-pai-mae-negligencia-perdao-judicial.png","contentUrl":"https:\/\/cj.estrategia.com\/portal\/wp-content\/uploads\/2025\/06\/15182633\/arma-fogo-crianca-pai-mae-negligencia-perdao-judicial.png","width":984,"height":551},{"@type":"BreadcrumbList","@id":"https:\/\/cj.estrategia.com\/portal\/perdao-judicial-negligencia-arma-crianca\/#breadcrumb","itemListElement":[{"@type":"ListItem","position":1,"name":"In\u00edcio","item":"https:\/\/cj.estrategia.com\/portal\/"},{"@type":"ListItem","position":2,"name":"Perd\u00e3o judicial e neglig\u00eancia: arma de fogo acess\u00edvel a crian\u00e7a"}]},{"@type":"WebSite","@id":"https:\/\/cj.estrategia.com\/portal\/#website","url":"https:\/\/cj.estrategia.com\/portal\/","name":"Blog - Carreiras Jur\u00eddicas - Estrat\u00e9gia","description":"","publisher":{"@id":"https:\/\/cj.estrategia.com\/portal\/#organization"},"potentialAction":[{"@type":"SearchAction","target":{"@type":"EntryPoint","urlTemplate":"https:\/\/cj.estrategia.com\/portal\/?s={search_term_string}"},"query-input":{"@type":"PropertyValueSpecification","valueRequired":true,"valueName":"search_term_string"}}],"inLanguage":"pt-BR"},{"@type":"Organization","@id":"https:\/\/cj.estrategia.com\/portal\/#organization","name":"Estrat\u00e9gia - Carreiras Jur\u00eddicas","url":"https:\/\/cj.estrategia.com\/portal\/","logo":{"@type":"ImageObject","inLanguage":"pt-BR","@id":"https:\/\/cj.estrategia.com\/portal\/#\/schema\/logo\/image\/","url":"https:\/\/cj.estrategia.com\/portal\/wp-content\/uploads\/2022\/03\/11151052\/cj-logo.png","contentUrl":"https:\/\/cj.estrategia.com\/portal\/wp-content\/uploads\/2022\/03\/11151052\/cj-logo.png","width":150,"height":39,"caption":"Estrat\u00e9gia - Carreiras Jur\u00eddicas"},"image":{"@id":"https:\/\/cj.estrategia.com\/portal\/#\/schema\/logo\/image\/"},"sameAs":["https:\/\/www.facebook.com\/estrategiacarreirajuridica\/","https:\/\/x.com\/EstratJuridica","https:\/\/www.instagram.com\/estrategiacarreirajuridica\/","https:\/\/www.youtube.com\/channel\/UClbMGuYbj2Mh1m3w144ETWQ"]},{"@type":"Person","@id":"https:\/\/cj.estrategia.com\/portal\/#\/schema\/person\/b8eb01d117c3441103d953565489f91a","name":"Guilherme Rezende","image":{"@type":"ImageObject","inLanguage":"pt-BR","@id":"https:\/\/cj.estrategia.com\/portal\/wp-content\/uploads\/2024\/02\/22174655\/professor-guilherme-resende-estrategia-concursos-ecj-96x96.jpeg","url":"https:\/\/cj.estrategia.com\/portal\/wp-content\/uploads\/2024\/02\/22174655\/professor-guilherme-resende-estrategia-concursos-ecj-96x96.jpeg","contentUrl":"https:\/\/cj.estrategia.com\/portal\/wp-content\/uploads\/2024\/02\/22174655\/professor-guilherme-resende-estrategia-concursos-ecj-96x96.jpeg","caption":"Guilherme Rezende"},"description":"Professor Guilherme Rezende \u00e9 promotor de justi\u00e7a no Paran\u00e1, com uma carreira s\u00f3lida e impactante no campo jur\u00eddico. Al\u00e9m de sua atua\u00e7\u00e3o como promotor, ele possui mestrado em Direito e acumula experi\u00eancia como Ex-Procurador da Fazenda Nacional, Ex-Defensor P\u00fablico da Uni\u00e3o e Ex-Oficial de Apoio Judicial no TJMG. Destaca-se tamb\u00e9m por ter sido aprovado nos concursos de analista do TRF-1 e do MPU, consolidando sua compet\u00eancia e dedica\u00e7\u00e3o no universo jur\u00eddico.","url":"https:\/\/cj.estrategia.com\/portal\/author\/guilherme-rezende\/"}]}},"jetpack_featured_media_url":"https:\/\/cj.estrategia.com\/portal\/wp-content\/uploads\/2025\/06\/15182633\/arma-fogo-crianca-pai-mae-negligencia-perdao-judicial.png","jetpack_sharing_enabled":true,"_links":{"self":[{"href":"https:\/\/cj.estrategia.com\/portal\/wp-json\/wp\/v2\/posts\/128697","targetHints":{"allow":["GET"]}}],"collection":[{"href":"https:\/\/cj.estrategia.com\/portal\/wp-json\/wp\/v2\/posts"}],"about":[{"href":"https:\/\/cj.estrategia.com\/portal\/wp-json\/wp\/v2\/types\/post"}],"author":[{"embeddable":true,"href":"https:\/\/cj.estrategia.com\/portal\/wp-json\/wp\/v2\/users\/63"}],"replies":[{"embeddable":true,"href":"https:\/\/cj.estrategia.com\/portal\/wp-json\/wp\/v2\/comments?post=128697"}],"version-history":[{"count":9,"href":"https:\/\/cj.estrategia.com\/portal\/wp-json\/wp\/v2\/posts\/128697\/revisions"}],"predecessor-version":[{"id":129346,"href":"https:\/\/cj.estrategia.com\/portal\/wp-json\/wp\/v2\/posts\/128697\/revisions\/129346"}],"wp:featuredmedia":[{"embeddable":true,"href":"https:\/\/cj.estrategia.com\/portal\/wp-json\/wp\/v2\/media\/128741"}],"wp:attachment":[{"href":"https:\/\/cj.estrategia.com\/portal\/wp-json\/wp\/v2\/media?parent=128697"}],"wp:term":[{"taxonomy":"category","embeddable":true,"href":"https:\/\/cj.estrategia.com\/portal\/wp-json\/wp\/v2\/categories?post=128697"},{"taxonomy":"post_tag","embeddable":true,"href":"https:\/\/cj.estrategia.com\/portal\/wp-json\/wp\/v2\/tags?post=128697"},{"taxonomy":"tax_estado","embeddable":true,"href":"https:\/\/cj.estrategia.com\/portal\/wp-json\/wp\/v2\/tax_estado?post=128697"}],"curies":[{"name":"wp","href":"https:\/\/api.w.org\/{rel}","templated":true}]}}