{"id":128131,"date":"2025-06-12T21:08:12","date_gmt":"2025-06-13T00:08:12","guid":{"rendered":"https:\/\/cj.estrategia.com\/portal\/?p=128131"},"modified":"2025-06-12T21:10:58","modified_gmt":"2025-06-13T00:10:58","slug":"delegado-mg-cronograma-prova-dissertativa-do-concurso","status":"publish","type":"post","link":"https:\/\/cj.estrategia.com\/portal\/delegado-mg-cronograma-prova-dissertativa-do-concurso\/","title":{"rendered":"Delegado MG: cronograma ap\u00f3s prova dissertativa do concurso"},"content":{"rendered":"<a id=\"cta-icon\" href=\"https:\/\/www.redirectmais.com\/wpp\/delta-pc-mg-grupo\" target=\"blank\" style=\"background:rgb(41,166,26)\">\n            <img decoding=\"async\" src=\"https:\/\/cj.estrategia.com\/portal\/wp-content\/uploads\/2023\/12\/07160657\/whatsapp_1385.webp\" alt=\"\" alt=\"whatsapp_1385\"><span > Acesse agora o Grupo de Estudos para o concurso Delegado MG<\/span><\/a>\n\n\n\n<p>A <strong>prova dissertativa do concurso para Delegado da Pol\u00edcia Civil de Minas Gerais (PC MG) ser\u00e1 aplicada no pr\u00f3ximo domingo, dia 15 de junho<\/strong>.<\/p>\n\n\n\n<p>De<strong> car\u00e1ter eliminat\u00f3rio e classificat\u00f3rio<\/strong>, a avalia\u00e7\u00e3o precede a prova oral. Com<strong> dura\u00e7\u00e3o m\u00ednima de duas e m\u00e1xima de quatro horas, ela ocorrer\u00e1 em Belo Horizonte no turno da manh\u00e3<\/strong>. <\/p>\n\n\n\n<p>Locais e datas exatos podem ser conferidos no portal da banca organizadora, a Funda\u00e7\u00e3o Get\u00falio Vargas (FGV), por meio de consulta individual.<\/p>\n\n\n\n<p>A seguir confira o cronograma previsto a partir da aplica\u00e7\u00e3o da prova dissertativa. Confira poss\u00edveis atualiza\u00e7\u00f5es no portal.<\/p>\n\n\n\n<h2 class=\"wp-block-heading\" id=\"h-proximas-etapas-da-prova-dissertativa-do-concurso-delegado-mg\"><span id=\"proximas-etapas-da-prova-dissertativa-do-concurso-delegado-mg\">Pr\u00f3ximas etapas da prova dissertativa do concurso Delegado MG:<\/span><\/h2>\n\n\n\n<figure class=\"wp-block-table is-style-stripes\"><table class=\"has-background\" style=\"background:linear-gradient(135deg,rgb(252,185,0) 78%,rgb(255,105,0) 100%)\"><thead><tr><th class=\"has-text-align-center\" data-align=\"center\"><strong>Atividade<\/strong><\/th><th class=\"has-text-align-center\" data-align=\"center\"><strong>Data<\/strong><\/th><\/tr><\/thead><tbody><tr><td class=\"has-text-align-center\" data-align=\"center\">Publica\u00e7\u00e3o do Resultado Preliminar da Prova Dissertativa<\/td><td class=\"has-text-align-center\" data-align=\"center\">19\/08\/2025<\/td><\/tr><tr><td class=\"has-text-align-center\" data-align=\"center\">Interposi\u00e7\u00e3o de Recursos contra o Resultado Preliminar da Prova Dissertativa<\/td><td class=\"has-text-align-center\" data-align=\"center\">20\/08\/2025 \u2013 22\/08\/2025<\/td><\/tr><tr><td class=\"has-text-align-center\" data-align=\"center\">Publica\u00e7\u00e3o do Resultado Definitivo da Prova Dissertativa<\/td><td class=\"has-text-align-center\" data-align=\"center\">30\/09\/2025<\/td><\/tr><\/tbody><\/table><\/figure>\n\n\n\n<h2 class=\"wp-block-heading\" id=\"h-materiais-permitidos-e-proibidos-na-prova-dissertativa\"><span id=\"materiais-permitidos-e-proibidos-na-prova-dissertativa\">Materiais permitidos e proibidos na prova dissertativa<\/span><\/h2>\n\n\n\n<p>\u2714 Material\/Procedimentos permitidos:<\/p>\n\n\n\n<ul class=\"wp-block-list\">\n<li>Legisla\u00e7\u00e3o n\u00e3o comentada, n\u00e3o anotada e n\u00e3o comparada.<\/li>\n\n\n\n<li>C\u00f3digos, inclusive os organizados que n\u00e3o possuam \u00edndices de remiss\u00e3o<br>doutrin\u00e1ria, jurisprud\u00eancia, informativos dos tribunais ou quaisquer coment\u00e1rios,<br>anota\u00e7\u00f5es ou compara\u00e7\u00f5es.<\/li>\n\n\n\n<li>S\u00famulas, Enunciados.<\/li>\n\n\n\n<li>Leis de Introdu\u00e7\u00e3o dos C\u00f3digos.<\/li>\n\n\n\n<li>Instru\u00e7\u00f5es Normativas.<\/li>\n\n\n\n<li>\u00cdndices remissivos, em ordem alfab\u00e9tica ou tem\u00e1ticos.<\/li>\n\n\n\n<li>Regimento Interno.<\/li>\n\n\n\n<li>Utiliza\u00e7\u00e3o de marca texto, tra\u00e7o ou simples remiss\u00e3o a artigos ou a lei.<\/li>\n\n\n\n<li>Separa\u00e7\u00e3o de c\u00f3digos por clipes.<\/li>\n\n\n\n<li>Utiliza\u00e7\u00e3o de separadores de c\u00f3digos fabricados por editoras ou outras<br>institui\u00e7\u00f5es ligadas ao mercado gr\u00e1fico, desde que contenham apenas remiss\u00f5es a<br>ramos do Direito ou leis.<\/li>\n<\/ul>\n\n\n\n<p><em>\ud83d\udec7\u200b\u200b<\/em>\u00a0 Material\/Procedimentos proibidos:<\/p>\n\n\n\n<ul class=\"wp-block-list\">\n<li>C\u00f3digos comentados, anotados, comparados.<\/li>\n\n\n\n<li>Jurisprud\u00eancias e Orienta\u00e7\u00f5es Jurisprudenciais.<\/li>\n\n\n\n<li>Anota\u00e7\u00f5es pessoais ou transcri\u00e7\u00f5es.<\/li>\n\n\n\n<li>Exposi\u00e7\u00f5es de Motivos da Legisla\u00e7\u00e3o<\/li>\n\n\n\n<li>C\u00f3pias reprogr\u00e1ficas (xerox) ou impressos.<\/li>\n\n\n\n<li>Tra\u00e7os, s\u00edmbolos, post-its ou remiss\u00f5es a artigos.<\/li>\n\n\n\n<li>Utiliza\u00e7\u00e3o de notas adesivas manuscritas, em branco ou impressas pelo<br>pr\u00f3prio candidato.<\/li>\n\n\n\n<li>Utiliza\u00e7\u00e3o de separadores de c\u00f3digos fabricados por editoras ou outras<br>institui\u00e7\u00f5es ligadas ao mercado gr\u00e1fico em branco.<\/li>\n\n\n\n<li>Impressos da Internet.<\/li>\n\n\n\n<li>Informativos de Tribunais.<\/li>\n\n\n\n<li>Livros de Doutrina, revistas, apostilas, calend\u00e1rios e anota\u00e7\u00f5es.<\/li>\n\n\n\n<li>Dicion\u00e1rios ou qualquer outro material de consulta.<\/li>\n\n\n\n<li>Legisla\u00e7\u00e3o comentada, anotada ou comparada.<\/li>\n\n\n\n<li>S\u00famulas, Enunciados e Orienta\u00e7\u00f5es Jurisprudenciais comentados, anotados ou<br>comparados.<\/li>\n<\/ul>\n\n\n\n<p class=\"has-text-align-center\"><em>Quer saber todos os detalhes acerca do concurso para o cargo de Delegado da Pol\u00edcia Civil de Minas Gerais? Ent\u00e3o confira nosso artigo abaixo!<\/em><\/p>\n\n\n\n<p class=\"has-text-align-center has-luminous-vivid-orange-background-color has-background\"><strong>Saiba mais: <a href=\"https:\/\/cj.estrategia.com\/portal\/concurso-delegado-mg\/\" target=\"_blank\" rel=\"noreferrer noopener nofollow\">Concurso Delegado MG<\/a><\/strong><\/p>\n\n\n\n<h2 class=\"wp-block-heading has-text-align-center\" id=\"h-quer-saber-tudo-sobre-concursos-previstos-confira-nossos-artigos\"><span id=\"quer-saber-tudo-sobre-concursos-previstosconfira-nossos-artigos\">Quer saber tudo sobre concursos previstos?<br><strong>Confira nossos artigos!<\/strong><\/span><\/h2>\n\n\n\n<ul class=\"wp-block-list\">\n<li><a href=\"https:\/\/cj.estrategia.com\/portal\/concursos-abertos-carreiras-juridicas\/\" target=\"_blank\" >Concursos jur\u00eddicos abertos<\/a><\/li>\n<\/ul>\n\n\n\n<ul class=\"wp-block-list\">\n<li><a href=\"https:\/\/cj.estrategia.com\/portal\/concursos-2025-carreiras-juridicas\/\" target=\"_blank\" >Concursos jur\u00eddicos 2025<\/a><\/li>\n\n\n\n<li><a href=\"https:\/\/cj.estrategia.com\/portal\/concursos-delegado\/\" target=\"_blank\" >Concursos delegado<\/a><\/li>\n<\/ul>\n\n\n\n<h2 class=\"wp-block-heading has-text-align-center\" id=\"curso\"><span id=\"cursos-e-assinaturas\">CURSOS E ASSINATURAS<\/span><\/h2>\n\n\n\n<div class=\"container\" id=\"boxes\">\n  <div class=\"row\">\n\n    <div class=\"col-sm\">\n      <div class=\"banner-estrategia-concursos-juridicos\" id=\"box-assinatura\">\n        <h3 id=\"cursos-para-delegado-mg\" class=\"titulo-assinatura\">Cursos para Delegado MG<\/h3>\n        <p class=\"subtitulo-assinatura\">Cursos focados no edital do concurso<\/p>\n        <div class=\"box-botao\">\n          <a class=\"btn-assinatura-juridica\" target=\"_blank\" href=\"https:\/\/cj.estrategia.com\/curso\/pc-mg-delegado-direto-ao-ponto-pos-edital\/\" role=\"button\" rel=\"noopener noreferrer\">Conhe\u00e7a mais<\/a>\n        <\/div>\n      <\/div>\n      <p class=\"texto-auxiliar\">Prepare-se com o melhor material e com quem mais aprova em concursos em todo o pa\u00eds. \n<\/p>\n    <\/div>\n\n  <\/div>\n<\/div>\n\n\n\n<div class=\"wp-block-cover\" style=\"min-height:155px;aspect-ratio:unset;\"><img decoding=\"async\" width=\"1890\" height=\"351\" class=\"wp-block-cover__image-background wp-image-8669\" alt=\"Assinaturas Jur\u00eddicas\" src=\"https:\/\/cj.estrategia.com\/portal\/wp-content\/uploads\/2022\/06\/20151253\/concurso-carreiras-juridicas-assinatura-juridica.jpg\" style=\"object-position:78% 43%\" data-object-fit=\"cover\" data-object-position=\"78% 43%\" srcset=\"https:\/\/cj.estrategia.com\/portal\/wp-content\/uploads\/2022\/06\/20151253\/concurso-carreiras-juridicas-assinatura-juridica.jpg 1890w, https:\/\/cj.estrategia.com\/portal\/wp-content\/uploads\/2022\/06\/20151253\/concurso-carreiras-juridicas-assinatura-juridica-300x56.jpg 300w, https:\/\/cj.estrategia.com\/portal\/wp-content\/uploads\/2022\/06\/20151253\/concurso-carreiras-juridicas-assinatura-juridica-1024x190.jpg 1024w, https:\/\/cj.estrategia.com\/portal\/wp-content\/uploads\/2022\/06\/20151253\/concurso-carreiras-juridicas-assinatura-juridica-768x143.jpg 768w, https:\/\/cj.estrategia.com\/portal\/wp-content\/uploads\/2022\/06\/20151253\/concurso-carreiras-juridicas-assinatura-juridica-1536x285.jpg 1536w, https:\/\/cj.estrategia.com\/portal\/wp-content\/uploads\/2022\/06\/20151253\/concurso-carreiras-juridicas-assinatura-juridica-380x71.jpg 380w, https:\/\/cj.estrategia.com\/portal\/wp-content\/uploads\/2022\/06\/20151253\/concurso-carreiras-juridicas-assinatura-juridica-800x149.jpg 800w, https:\/\/cj.estrategia.com\/portal\/wp-content\/uploads\/2022\/06\/20151253\/concurso-carreiras-juridicas-assinatura-juridica-1160x215.jpg 1160w\" sizes=\"(max-width: 1890px) 100vw, 1890px\" \/><span aria-hidden=\"true\" class=\"wp-block-cover__background has-background-dim\"><\/span><div class=\"wp-block-cover__inner-container is-layout-flow wp-block-cover-is-layout-flow\">\n<h3 id=\"faca-a-sua-assinatura\" class=\"titulo-assinatura\"><span style=\"color: #ffffff;\">Fa\u00e7a a sua assinatura!<\/span><\/h3>\n<p class=\"subtitulo-assinatura\" style=\"display:block!important; line-height: 0;\"><span style=\"color: #ffffff;\">Escolha a sua \u00e1rea.<\/span><\/p>\n<a target=\"_blank\" href=\"https:\/\/www.estrategiaconcursos.com.br\/assinaturas-ecj\/\" rel=\"noopener\"><button style=\"border-radius: 10px; text-transform: capitalize;\">Acessar<\/button><\/a>\n<\/div><\/div>\n","protected":false},"excerpt":{"rendered":"A prova dissertativa do concurso para Delegado da Pol\u00edcia Civil de Minas Gerais (PC MG) ser\u00e1 aplicada no&hellip;\n","protected":false},"author":162,"featured_media":35552,"comment_status":"open","ping_status":"open","sticky":false,"template":"","format":"standard","meta":{"_jetpack_memberships_contains_paid_content":false,"footnotes":""},"categories":[28],"tags":[],"tax_estado":[41],"class_list":{"0":"post-128131","1":"post","2":"type-post","3":"status-publish","4":"format-standard","5":"has-post-thumbnail","7":"category-delegado","8":"tax_estado-mg"},"acf":[],"yoast_head":"<!-- This site is optimized with the Yoast SEO Premium plugin v27.4 (Yoast SEO v27.4) - https:\/\/yoast.com\/product\/yoast-seo-premium-wordpress\/ -->\n<title>Delegado MG: cronograma ap\u00f3s prova dissertativa do concurso<\/title>\n<meta name=\"description\" content=\"Confira o cronograma ap\u00f3s a prova dissertativa do Concurso Delegado MG e prepare-se para o resultado definitivo.\" \/>\n<meta name=\"robots\" content=\"index, follow, max-snippet:-1, max-image-preview:large, max-video-preview:-1\" \/>\n<link rel=\"canonical\" href=\"https:\/\/cj.estrategia.com\/portal\/delegado-mg-cronograma-prova-dissertativa-do-concurso\/\" \/>\n<meta property=\"og:locale\" content=\"pt_BR\" \/>\n<meta property=\"og:type\" content=\"article\" \/>\n<meta property=\"og:title\" content=\"Delegado MG: cronograma ap\u00f3s prova dissertativa do concurso\" \/>\n<meta property=\"og:description\" content=\"Confira o cronograma ap\u00f3s a prova dissertativa do Concurso Delegado MG e prepare-se para o resultado definitivo.\" \/>\n<meta property=\"og:url\" content=\"https:\/\/cj.estrategia.com\/portal\/delegado-mg-cronograma-prova-dissertativa-do-concurso\/\" \/>\n<meta property=\"og:site_name\" content=\"Blog - Carreiras Jur\u00eddicas - Estrat\u00e9gia\" \/>\n<meta property=\"article:publisher\" content=\"https:\/\/www.facebook.com\/estrategiacarreirajuridica\/\" \/>\n<meta property=\"article:published_time\" content=\"2025-06-13T00:08:12+00:00\" \/>\n<meta property=\"article:modified_time\" content=\"2025-06-13T00:10:58+00:00\" \/>\n<meta property=\"og:image\" content=\"https:\/\/cj.estrategia.com\/portal\/wp-content\/uploads\/2023\/02\/04180048\/concurso-delegado-minas-gerais-mg.jpg\" \/>\n\t<meta property=\"og:image:width\" content=\"960\" \/>\n\t<meta property=\"og:image:height\" content=\"540\" \/>\n\t<meta property=\"og:image:type\" content=\"image\/jpeg\" \/>\n<meta name=\"author\" content=\"Jos\u00e9 Ferreira\" \/>\n<meta name=\"twitter:card\" content=\"summary_large_image\" \/>\n<meta name=\"twitter:creator\" content=\"@EstratJuridica\" \/>\n<meta name=\"twitter:site\" content=\"@EstratJuridica\" \/>\n<meta name=\"twitter:label1\" content=\"Escrito por\" \/>\n\t<meta name=\"twitter:data1\" content=\"Jos\u00e9 Ferreira\" \/>\n\t<meta name=\"twitter:label2\" content=\"Est. tempo de leitura\" \/>\n\t<meta name=\"twitter:data2\" content=\"5 minutos\" \/>\n<script type=\"application\/ld+json\" class=\"yoast-schema-graph\">{\"@context\":\"https:\\\/\\\/schema.org\",\"@graph\":[{\"@type\":\"NewsArticle\",\"@id\":\"https:\\\/\\\/cj.estrategia.com\\\/portal\\\/delegado-mg-cronograma-prova-dissertativa-do-concurso\\\/#article\",\"isPartOf\":{\"@id\":\"https:\\\/\\\/cj.estrategia.com\\\/portal\\\/delegado-mg-cronograma-prova-dissertativa-do-concurso\\\/\"},\"author\":{\"name\":\"Jos\u00e9 Ferreira\",\"@id\":\"https:\\\/\\\/cj.estrategia.com\\\/portal\\\/#\\\/schema\\\/person\\\/4caf0099c42d736f2aade723f309f690\"},\"headline\":\"Delegado MG: cronograma ap\u00f3s prova dissertativa do concurso\",\"datePublished\":\"2025-06-13T00:08:12+00:00\",\"dateModified\":\"2025-06-13T00:10:58+00:00\",\"mainEntityOfPage\":{\"@id\":\"https:\\\/\\\/cj.estrategia.com\\\/portal\\\/delegado-mg-cronograma-prova-dissertativa-do-concurso\\\/\"},\"wordCount\":483,\"commentCount\":0,\"publisher\":{\"@id\":\"https:\\\/\\\/cj.estrategia.com\\\/portal\\\/#organization\"},\"image\":{\"@id\":\"https:\\\/\\\/cj.estrategia.com\\\/portal\\\/delegado-mg-cronograma-prova-dissertativa-do-concurso\\\/#primaryimage\"},\"thumbnailUrl\":\"https:\\\/\\\/cj.estrategia.com\\\/portal\\\/wp-content\\\/uploads\\\/2023\\\/02\\\/04180048\\\/concurso-delegado-minas-gerais-mg.jpg\",\"articleSection\":[\"Delegado\"],\"inLanguage\":\"pt-BR\",\"potentialAction\":[{\"@type\":\"CommentAction\",\"name\":\"Comment\",\"target\":[\"https:\\\/\\\/cj.estrategia.com\\\/portal\\\/delegado-mg-cronograma-prova-dissertativa-do-concurso\\\/#respond\"]}]},{\"@type\":\"WebPage\",\"@id\":\"https:\\\/\\\/cj.estrategia.com\\\/portal\\\/delegado-mg-cronograma-prova-dissertativa-do-concurso\\\/\",\"url\":\"https:\\\/\\\/cj.estrategia.com\\\/portal\\\/delegado-mg-cronograma-prova-dissertativa-do-concurso\\\/\",\"name\":\"Delegado MG: cronograma ap\u00f3s prova dissertativa do concurso\",\"isPartOf\":{\"@id\":\"https:\\\/\\\/cj.estrategia.com\\\/portal\\\/#website\"},\"primaryImageOfPage\":{\"@id\":\"https:\\\/\\\/cj.estrategia.com\\\/portal\\\/delegado-mg-cronograma-prova-dissertativa-do-concurso\\\/#primaryimage\"},\"image\":{\"@id\":\"https:\\\/\\\/cj.estrategia.com\\\/portal\\\/delegado-mg-cronograma-prova-dissertativa-do-concurso\\\/#primaryimage\"},\"thumbnailUrl\":\"https:\\\/\\\/cj.estrategia.com\\\/portal\\\/wp-content\\\/uploads\\\/2023\\\/02\\\/04180048\\\/concurso-delegado-minas-gerais-mg.jpg\",\"datePublished\":\"2025-06-13T00:08:12+00:00\",\"dateModified\":\"2025-06-13T00:10:58+00:00\",\"description\":\"Confira o cronograma ap\u00f3s a prova dissertativa do Concurso Delegado MG e prepare-se para o resultado definitivo.\",\"breadcrumb\":{\"@id\":\"https:\\\/\\\/cj.estrategia.com\\\/portal\\\/delegado-mg-cronograma-prova-dissertativa-do-concurso\\\/#breadcrumb\"},\"inLanguage\":\"pt-BR\",\"potentialAction\":[{\"@type\":\"ReadAction\",\"target\":[\"https:\\\/\\\/cj.estrategia.com\\\/portal\\\/delegado-mg-cronograma-prova-dissertativa-do-concurso\\\/\"]}]},{\"@type\":\"ImageObject\",\"inLanguage\":\"pt-BR\",\"@id\":\"https:\\\/\\\/cj.estrategia.com\\\/portal\\\/delegado-mg-cronograma-prova-dissertativa-do-concurso\\\/#primaryimage\",\"url\":\"https:\\\/\\\/cj.estrategia.com\\\/portal\\\/wp-content\\\/uploads\\\/2023\\\/02\\\/04180048\\\/concurso-delegado-minas-gerais-mg.jpg\",\"contentUrl\":\"https:\\\/\\\/cj.estrategia.com\\\/portal\\\/wp-content\\\/uploads\\\/2023\\\/02\\\/04180048\\\/concurso-delegado-minas-gerais-mg.jpg\",\"width\":960,\"height\":540,\"caption\":\"Gabarito Extraoficial Delegado MG\"},{\"@type\":\"BreadcrumbList\",\"@id\":\"https:\\\/\\\/cj.estrategia.com\\\/portal\\\/delegado-mg-cronograma-prova-dissertativa-do-concurso\\\/#breadcrumb\",\"itemListElement\":[{\"@type\":\"ListItem\",\"position\":1,\"name\":\"In\u00edcio\",\"item\":\"https:\\\/\\\/cj.estrategia.com\\\/portal\\\/\"},{\"@type\":\"ListItem\",\"position\":2,\"name\":\"Delegado MG: cronograma ap\u00f3s prova dissertativa do concurso\"}]},{\"@type\":\"WebSite\",\"@id\":\"https:\\\/\\\/cj.estrategia.com\\\/portal\\\/#website\",\"url\":\"https:\\\/\\\/cj.estrategia.com\\\/portal\\\/\",\"name\":\"Blog - Carreiras Jur\u00eddicas - Estrat\u00e9gia\",\"description\":\"\",\"publisher\":{\"@id\":\"https:\\\/\\\/cj.estrategia.com\\\/portal\\\/#organization\"},\"potentialAction\":[{\"@type\":\"SearchAction\",\"target\":{\"@type\":\"EntryPoint\",\"urlTemplate\":\"https:\\\/\\\/cj.estrategia.com\\\/portal\\\/?s={search_term_string}\"},\"query-input\":{\"@type\":\"PropertyValueSpecification\",\"valueRequired\":true,\"valueName\":\"search_term_string\"}}],\"inLanguage\":\"pt-BR\"},{\"@type\":\"Organization\",\"@id\":\"https:\\\/\\\/cj.estrategia.com\\\/portal\\\/#organization\",\"name\":\"Estrat\u00e9gia - Carreiras Jur\u00eddicas\",\"url\":\"https:\\\/\\\/cj.estrategia.com\\\/portal\\\/\",\"logo\":{\"@type\":\"ImageObject\",\"inLanguage\":\"pt-BR\",\"@id\":\"https:\\\/\\\/cj.estrategia.com\\\/portal\\\/#\\\/schema\\\/logo\\\/image\\\/\",\"url\":\"https:\\\/\\\/cj.estrategia.com\\\/portal\\\/wp-content\\\/uploads\\\/2022\\\/03\\\/11151052\\\/cj-logo.png\",\"contentUrl\":\"https:\\\/\\\/cj.estrategia.com\\\/portal\\\/wp-content\\\/uploads\\\/2022\\\/03\\\/11151052\\\/cj-logo.png\",\"width\":150,\"height\":39,\"caption\":\"Estrat\u00e9gia - Carreiras Jur\u00eddicas\"},\"image\":{\"@id\":\"https:\\\/\\\/cj.estrategia.com\\\/portal\\\/#\\\/schema\\\/logo\\\/image\\\/\"},\"sameAs\":[\"https:\\\/\\\/www.facebook.com\\\/estrategiacarreirajuridica\\\/\",\"https:\\\/\\\/x.com\\\/EstratJuridica\",\"https:\\\/\\\/www.instagram.com\\\/estrategiacarreirajuridica\\\/\",\"https:\\\/\\\/www.youtube.com\\\/channel\\\/UClbMGuYbj2Mh1m3w144ETWQ\"]},{\"@type\":\"Person\",\"@id\":\"https:\\\/\\\/cj.estrategia.com\\\/portal\\\/#\\\/schema\\\/person\\\/4caf0099c42d736f2aade723f309f690\",\"name\":\"Jos\u00e9 Ferreira\",\"image\":{\"@type\":\"ImageObject\",\"inLanguage\":\"pt-BR\",\"@id\":\"https:\\\/\\\/cj.estrategia.com\\\/portal\\\/wp-content\\\/uploads\\\/2025\\\/04\\\/18142237\\\/jose-ferreira-navarro-analista-de-conteudo-jornalismo-carreiras-juridicas-96x96.png\",\"url\":\"https:\\\/\\\/cj.estrategia.com\\\/portal\\\/wp-content\\\/uploads\\\/2025\\\/04\\\/18142237\\\/jose-ferreira-navarro-analista-de-conteudo-jornalismo-carreiras-juridicas-96x96.png\",\"contentUrl\":\"https:\\\/\\\/cj.estrategia.com\\\/portal\\\/wp-content\\\/uploads\\\/2025\\\/04\\\/18142237\\\/jose-ferreira-navarro-analista-de-conteudo-jornalismo-carreiras-juridicas-96x96.png\",\"caption\":\"Jos\u00e9 Ferreira\"},\"description\":\"Analista de conte\u00fado na equipe de Jornalismo, atua com SEO e estrat\u00e9gia para desenvolver conte\u00fados relevantes e de alta qualidade voltados para OAB e para o universo de Concursos Jur\u00eddicos.\",\"url\":\"https:\\\/\\\/cj.estrategia.com\\\/portal\\\/author\\\/jose-navarro-de-andrade-cintra-ferreira\\\/\"}]}<\/script>\n<!-- \/ Yoast SEO Premium plugin. -->","yoast_head_json":{"title":"Delegado MG: cronograma ap\u00f3s prova dissertativa do concurso","description":"Confira o cronograma ap\u00f3s a prova dissertativa do Concurso Delegado MG e prepare-se para o resultado definitivo.","robots":{"index":"index","follow":"follow","max-snippet":"max-snippet:-1","max-image-preview":"max-image-preview:large","max-video-preview":"max-video-preview:-1"},"canonical":"https:\/\/cj.estrategia.com\/portal\/delegado-mg-cronograma-prova-dissertativa-do-concurso\/","og_locale":"pt_BR","og_type":"article","og_title":"Delegado MG: cronograma ap\u00f3s prova dissertativa do concurso","og_description":"Confira o cronograma ap\u00f3s a prova dissertativa do Concurso Delegado MG e prepare-se para o resultado definitivo.","og_url":"https:\/\/cj.estrategia.com\/portal\/delegado-mg-cronograma-prova-dissertativa-do-concurso\/","og_site_name":"Blog - Carreiras Jur\u00eddicas - Estrat\u00e9gia","article_publisher":"https:\/\/www.facebook.com\/estrategiacarreirajuridica\/","article_published_time":"2025-06-13T00:08:12+00:00","article_modified_time":"2025-06-13T00:10:58+00:00","og_image":[{"width":960,"height":540,"url":"https:\/\/cj.estrategia.com\/portal\/wp-content\/uploads\/2023\/02\/04180048\/concurso-delegado-minas-gerais-mg.jpg","type":"image\/jpeg"}],"author":"Jos\u00e9 Ferreira","twitter_card":"summary_large_image","twitter_creator":"@EstratJuridica","twitter_site":"@EstratJuridica","twitter_misc":{"Escrito por":"Jos\u00e9 Ferreira","Est. tempo de leitura":"5 minutos"},"schema":{"@context":"https:\/\/schema.org","@graph":[{"@type":"NewsArticle","@id":"https:\/\/cj.estrategia.com\/portal\/delegado-mg-cronograma-prova-dissertativa-do-concurso\/#article","isPartOf":{"@id":"https:\/\/cj.estrategia.com\/portal\/delegado-mg-cronograma-prova-dissertativa-do-concurso\/"},"author":{"name":"Jos\u00e9 Ferreira","@id":"https:\/\/cj.estrategia.com\/portal\/#\/schema\/person\/4caf0099c42d736f2aade723f309f690"},"headline":"Delegado MG: cronograma ap\u00f3s prova dissertativa do concurso","datePublished":"2025-06-13T00:08:12+00:00","dateModified":"2025-06-13T00:10:58+00:00","mainEntityOfPage":{"@id":"https:\/\/cj.estrategia.com\/portal\/delegado-mg-cronograma-prova-dissertativa-do-concurso\/"},"wordCount":483,"commentCount":0,"publisher":{"@id":"https:\/\/cj.estrategia.com\/portal\/#organization"},"image":{"@id":"https:\/\/cj.estrategia.com\/portal\/delegado-mg-cronograma-prova-dissertativa-do-concurso\/#primaryimage"},"thumbnailUrl":"https:\/\/cj.estrategia.com\/portal\/wp-content\/uploads\/2023\/02\/04180048\/concurso-delegado-minas-gerais-mg.jpg","articleSection":["Delegado"],"inLanguage":"pt-BR","potentialAction":[{"@type":"CommentAction","name":"Comment","target":["https:\/\/cj.estrategia.com\/portal\/delegado-mg-cronograma-prova-dissertativa-do-concurso\/#respond"]}]},{"@type":"WebPage","@id":"https:\/\/cj.estrategia.com\/portal\/delegado-mg-cronograma-prova-dissertativa-do-concurso\/","url":"https:\/\/cj.estrategia.com\/portal\/delegado-mg-cronograma-prova-dissertativa-do-concurso\/","name":"Delegado MG: cronograma ap\u00f3s prova dissertativa do concurso","isPartOf":{"@id":"https:\/\/cj.estrategia.com\/portal\/#website"},"primaryImageOfPage":{"@id":"https:\/\/cj.estrategia.com\/portal\/delegado-mg-cronograma-prova-dissertativa-do-concurso\/#primaryimage"},"image":{"@id":"https:\/\/cj.estrategia.com\/portal\/delegado-mg-cronograma-prova-dissertativa-do-concurso\/#primaryimage"},"thumbnailUrl":"https:\/\/cj.estrategia.com\/portal\/wp-content\/uploads\/2023\/02\/04180048\/concurso-delegado-minas-gerais-mg.jpg","datePublished":"2025-06-13T00:08:12+00:00","dateModified":"2025-06-13T00:10:58+00:00","description":"Confira o cronograma ap\u00f3s a prova dissertativa do Concurso Delegado MG e prepare-se para o resultado definitivo.","breadcrumb":{"@id":"https:\/\/cj.estrategia.com\/portal\/delegado-mg-cronograma-prova-dissertativa-do-concurso\/#breadcrumb"},"inLanguage":"pt-BR","potentialAction":[{"@type":"ReadAction","target":["https:\/\/cj.estrategia.com\/portal\/delegado-mg-cronograma-prova-dissertativa-do-concurso\/"]}]},{"@type":"ImageObject","inLanguage":"pt-BR","@id":"https:\/\/cj.estrategia.com\/portal\/delegado-mg-cronograma-prova-dissertativa-do-concurso\/#primaryimage","url":"https:\/\/cj.estrategia.com\/portal\/wp-content\/uploads\/2023\/02\/04180048\/concurso-delegado-minas-gerais-mg.jpg","contentUrl":"https:\/\/cj.estrategia.com\/portal\/wp-content\/uploads\/2023\/02\/04180048\/concurso-delegado-minas-gerais-mg.jpg","width":960,"height":540,"caption":"Gabarito Extraoficial Delegado MG"},{"@type":"BreadcrumbList","@id":"https:\/\/cj.estrategia.com\/portal\/delegado-mg-cronograma-prova-dissertativa-do-concurso\/#breadcrumb","itemListElement":[{"@type":"ListItem","position":1,"name":"In\u00edcio","item":"https:\/\/cj.estrategia.com\/portal\/"},{"@type":"ListItem","position":2,"name":"Delegado MG: cronograma ap\u00f3s prova dissertativa do concurso"}]},{"@type":"WebSite","@id":"https:\/\/cj.estrategia.com\/portal\/#website","url":"https:\/\/cj.estrategia.com\/portal\/","name":"Blog - Carreiras Jur\u00eddicas - Estrat\u00e9gia","description":"","publisher":{"@id":"https:\/\/cj.estrategia.com\/portal\/#organization"},"potentialAction":[{"@type":"SearchAction","target":{"@type":"EntryPoint","urlTemplate":"https:\/\/cj.estrategia.com\/portal\/?s={search_term_string}"},"query-input":{"@type":"PropertyValueSpecification","valueRequired":true,"valueName":"search_term_string"}}],"inLanguage":"pt-BR"},{"@type":"Organization","@id":"https:\/\/cj.estrategia.com\/portal\/#organization","name":"Estrat\u00e9gia - Carreiras Jur\u00eddicas","url":"https:\/\/cj.estrategia.com\/portal\/","logo":{"@type":"ImageObject","inLanguage":"pt-BR","@id":"https:\/\/cj.estrategia.com\/portal\/#\/schema\/logo\/image\/","url":"https:\/\/cj.estrategia.com\/portal\/wp-content\/uploads\/2022\/03\/11151052\/cj-logo.png","contentUrl":"https:\/\/cj.estrategia.com\/portal\/wp-content\/uploads\/2022\/03\/11151052\/cj-logo.png","width":150,"height":39,"caption":"Estrat\u00e9gia - Carreiras Jur\u00eddicas"},"image":{"@id":"https:\/\/cj.estrategia.com\/portal\/#\/schema\/logo\/image\/"},"sameAs":["https:\/\/www.facebook.com\/estrategiacarreirajuridica\/","https:\/\/x.com\/EstratJuridica","https:\/\/www.instagram.com\/estrategiacarreirajuridica\/","https:\/\/www.youtube.com\/channel\/UClbMGuYbj2Mh1m3w144ETWQ"]},{"@type":"Person","@id":"https:\/\/cj.estrategia.com\/portal\/#\/schema\/person\/4caf0099c42d736f2aade723f309f690","name":"Jos\u00e9 Ferreira","image":{"@type":"ImageObject","inLanguage":"pt-BR","@id":"https:\/\/cj.estrategia.com\/portal\/wp-content\/uploads\/2025\/04\/18142237\/jose-ferreira-navarro-analista-de-conteudo-jornalismo-carreiras-juridicas-96x96.png","url":"https:\/\/cj.estrategia.com\/portal\/wp-content\/uploads\/2025\/04\/18142237\/jose-ferreira-navarro-analista-de-conteudo-jornalismo-carreiras-juridicas-96x96.png","contentUrl":"https:\/\/cj.estrategia.com\/portal\/wp-content\/uploads\/2025\/04\/18142237\/jose-ferreira-navarro-analista-de-conteudo-jornalismo-carreiras-juridicas-96x96.png","caption":"Jos\u00e9 Ferreira"},"description":"Analista de conte\u00fado na equipe de Jornalismo, atua com SEO e estrat\u00e9gia para desenvolver conte\u00fados relevantes e de alta qualidade voltados para OAB e para o universo de Concursos Jur\u00eddicos.","url":"https:\/\/cj.estrategia.com\/portal\/author\/jose-navarro-de-andrade-cintra-ferreira\/"}]}},"jetpack_featured_media_url":"https:\/\/cj.estrategia.com\/portal\/wp-content\/uploads\/2023\/02\/04180048\/concurso-delegado-minas-gerais-mg.jpg","jetpack_sharing_enabled":true,"_links":{"self":[{"href":"https:\/\/cj.estrategia.com\/portal\/wp-json\/wp\/v2\/posts\/128131","targetHints":{"allow":["GET"]}}],"collection":[{"href":"https:\/\/cj.estrategia.com\/portal\/wp-json\/wp\/v2\/posts"}],"about":[{"href":"https:\/\/cj.estrategia.com\/portal\/wp-json\/wp\/v2\/types\/post"}],"author":[{"embeddable":true,"href":"https:\/\/cj.estrategia.com\/portal\/wp-json\/wp\/v2\/users\/162"}],"replies":[{"embeddable":true,"href":"https:\/\/cj.estrategia.com\/portal\/wp-json\/wp\/v2\/comments?post=128131"}],"version-history":[{"count":10,"href":"https:\/\/cj.estrategia.com\/portal\/wp-json\/wp\/v2\/posts\/128131\/revisions"}],"predecessor-version":[{"id":165070,"href":"https:\/\/cj.estrategia.com\/portal\/wp-json\/wp\/v2\/posts\/128131\/revisions\/165070"}],"wp:featuredmedia":[{"embeddable":true,"href":"https:\/\/cj.estrategia.com\/portal\/wp-json\/wp\/v2\/media\/35552"}],"wp:attachment":[{"href":"https:\/\/cj.estrategia.com\/portal\/wp-json\/wp\/v2\/media?parent=128131"}],"wp:term":[{"taxonomy":"category","embeddable":true,"href":"https:\/\/cj.estrategia.com\/portal\/wp-json\/wp\/v2\/categories?post=128131"},{"taxonomy":"post_tag","embeddable":true,"href":"https:\/\/cj.estrategia.com\/portal\/wp-json\/wp\/v2\/tags?post=128131"},{"taxonomy":"tax_estado","embeddable":true,"href":"https:\/\/cj.estrategia.com\/portal\/wp-json\/wp\/v2\/tax_estado?post=128131"}],"curies":[{"name":"wp","href":"https:\/\/api.w.org\/{rel}","templated":true}]}}