{"id":127170,"date":"2025-06-09T22:47:39","date_gmt":"2025-06-10T01:47:39","guid":{"rendered":"https:\/\/cj.estrategia.com\/portal\/?p=127170"},"modified":"2025-06-13T09:05:02","modified_gmt":"2025-06-13T12:05:02","slug":"plantar-arvores-carro-natureza-tributaria","status":"publish","type":"post","link":"https:\/\/cj.estrategia.com\/portal\/plantar-arvores-carro-natureza-tributaria\/","title":{"rendered":"Natureza tribut\u00e1ria x pol\u00edtica ambiental: uma \u00e1rvore por carro"},"content":{"rendered":"\n<p class=\"has-small-font-size\">* Thiago de Paula Leite \u00e9 procurador do Estado de S\u00e3o Paulo e professor de direito ambiental e agr\u00e1rio do Estrat\u00e9gia.<\/p>\n\n\n\n<h2 class=\"wp-block-heading\" id=\"h-decisao-do-stf\"><span id=\"decisao-do-stf\">Decis\u00e3o do STF<\/span><\/h2>\n\n\n\n<p>O Supremo Tribunal Federal, julgando o ARE 1.472.760, decidiu que lei municipal que obriga as concession\u00e1rias de autom\u00f3veis a plantarem uma \u00e1rvore para cada carro novo vendido, n\u00e3o possui natureza tribut\u00e1ria, e sim de pol\u00edtica ambiental, sendo, portanto, constitucional.<\/p>\n\n\n\n<p>Trata-se de impugna\u00e7\u00e3o \u00e0 lei municipal de Londrina n\u00ba 10.766\/2009, apresentada pelo Sindicato do Com\u00e9rcio Varejista de Ve\u00edculos de Londrina.<\/p>\n\n\n\n<p class=\"has-background\" style=\"background-color:#dddddd\"><strong>Para o sindicado, a norma municipal veicula uma contribui\u00e7\u00e3o de interven\u00e7\u00e3o no dom\u00ednio econ\u00f4mico &#8211; CIDE, esp\u00e9cie tribut\u00e1ria cuja compet\u00eancia \u00e9 exclusiva da Uni\u00e3o. <\/strong><strong><\/strong><\/p>\n\n\n\n<h3 class=\"wp-block-heading\" id=\"h-inconstitucionalidades-formal-e-material\"><span id=\"inconstitucionalidades-formal-e-material\">Inconstitucionalidades formal e material<\/span><\/h3>\n\n\n\n<p>Na verdade, o sindicato arguiu tanto a inconstitucionalidade formal quanto a inconstitucionalidade material da norma municipal. Vejamos:<\/p>\n\n\n\n<p><strong><u><strong>Inconstitucionalidade formal:<\/strong><\/u><\/strong>&nbsp;para o sindicato, a norma municipal cria um tributo cuja compet\u00eancia \u00e9 exclusiva da Uni\u00e3o (CIDE), j\u00e1 que o fato gerador \u00e9 n\u00e3o vinculado e h\u00e1 destina\u00e7\u00e3o espec\u00edfica do produto da arrecada\u00e7\u00e3o. Portanto, haveria usurpa\u00e7\u00e3o da compet\u00eancia tribut\u00e1ria da Uni\u00e3o pelo Munic\u00edpio.<\/p>\n\n\n\n<p><strong><u><strong>Inconstitucionalidade material:<\/strong><\/u><\/strong>&nbsp;para o sindicato, a norma municipal acaba por violar o princ\u00edpio da livre iniciativa e da livre concorr\u00eancia, previstos no art. 170, da Constitui\u00e7\u00e3o Federal.<\/p>\n\n\n\n<pre class=\"wp-block-preformatted\">CF\/88<br><br>Art. 170. A ordem econ\u00f4mica, fundada na valoriza\u00e7\u00e3o do trabalho humano e <strong><mark style=\"background-color:rgba(0, 0, 0, 0)\" class=\"has-inline-color has-vivid-red-color\">na livre iniciativa<\/mark><\/strong>, tem por fim assegurar a todos exist\u00eancia digna, conforme os ditames da justi\u00e7a social, observados os seguintes princ\u00edpios:<br><br>I - soberania nacional;<br><br>II - propriedade privada;<br><br>III - fun\u00e7\u00e3o social da propriedade;<br><br>IV - <strong><mark style=\"background-color:rgba(0, 0, 0, 0)\" class=\"has-inline-color has-black-color\">livre concorr\u00eancia<\/mark><\/strong>;<br><br>V - defesa do consumidor;<br><br>VI - defesa do meio ambiente, inclusive mediante tratamento diferenciado conforme o impacto ambiental dos produtos e servi\u00e7os e de seus processos de elabora\u00e7\u00e3o e presta\u00e7\u00e3o; \u00a0\u00a0\u00a0\u00a0\u00a0\u00a0\u00a0\u00a0<br><br>VII - redu\u00e7\u00e3o das desigualdades regionais e sociais;<br><br>VIII - busca do pleno emprego;<br><br>IX - tratamento favorecido para as empresas de pequeno porte constitu\u00eddas sob as leis brasileiras e que tenham sua sede e administra\u00e7\u00e3o no Pa\u00eds. \u00a0\u00a0\u00a0\u00a0\u00a0\u00a0\u00a0\u00a0<br><br>Par\u00e1grafo \u00fanico. \u00c9 assegurado a todos o livre exerc\u00edcio de qualquer atividade econ\u00f4mica, independentemente de autoriza\u00e7\u00e3o de \u00f3rg\u00e3os p\u00fablicos, salvo nos casos previstos em lei.<\/pre>\n\n\n\n<p><strong><mark style=\"background-color:rgba(0, 0, 0, 0)\" class=\"has-inline-color has-black-color\">Contribui\u00e7\u00e3o de interven\u00e7\u00e3o no dom\u00ednio econ\u00f4mico \u2013 CIDE<\/mark><\/strong>:\u00a0Esp\u00e9cie tribut\u00e1ria, de natureza extrafiscal, de arrecada\u00e7\u00e3o vinculada e de compet\u00eancia exclusiva da Uni\u00e3o, criado para fins espec\u00edficos de interven\u00e7\u00e3o na economia. \u00c9 uma das modalidades de contribui\u00e7\u00e3o, prevista na Constitui\u00e7\u00e3o Federal. Sua aplica\u00e7\u00e3o est\u00e1 vinculada a setores espec\u00edficos, como a ind\u00fastria de petr\u00f3leo e g\u00e1s, transporte e agricultura.<\/p>\n\n\n\n<figure class=\"wp-block-table\"><table class=\"has-fixed-layout\"><tbody><tr><td class=\"has-text-align-center\" data-align=\"center\"><strong>FINALIDADES DA CIDE<\/strong><strong><\/strong><\/td><\/tr><tr><td class=\"has-text-align-center\" data-align=\"center\"><strong><span style=\"text-decoration: underline;\">Incentivo \u00e0 atividade econ\u00f4mica:<\/span>&nbsp;as CIDES podem ser utilizadas para incentivar setores espec\u00edficos ou atividades econ\u00f4micas que s\u00e3o consideradas importantes para o desenvolvimento da na\u00e7\u00e3o.<\/strong><\/td><\/tr><tr><td class=\"has-text-align-center\" data-align=\"center\"><strong><span style=\"text-decoration: underline;\">Corrigir distor\u00e7\u00f5es de mercado:<\/span> as CIDES podem ser utilizadas para corrigir desequil\u00edbrios de mercado, como a necessidade de subs\u00eddios ou de controle de pre\u00e7os.<\/strong><\/td><\/tr><tr><td class=\"has-text-align-center\" data-align=\"center\"><strong><span style=\"text-decoration: underline;\">Financiamento de projetos espec\u00edficos:<\/span>&nbsp;os recursos arrecadados com as CIDES podem ser utilizados para financiar projetos espec\u00edficos, como a constru\u00e7\u00e3o de infraestrutura ou o desenvolvimento de programas ambientais.<\/strong><\/td><\/tr><tr><td class=\"has-text-align-center\" data-align=\"center\"><strong><span style=\"text-decoration: underline;\">Interven\u00e7\u00e3o estatal na economia:<\/span> as CIDES s\u00e3o um instrumento de interven\u00e7\u00e3o estatal na economia, que visa a realiza\u00e7\u00e3o de determinadas a\u00e7\u00f5es ou a promo\u00e7\u00e3o de determinados objetivos.<\/strong><\/td><\/tr><\/tbody><\/table><\/figure>\n\n\n\n<h2 class=\"wp-block-heading\" id=\"h-fundamentos-do-tribunal-de-origem\"><span id=\"fundamentos-do-tribunal-de-origem\">Fundamentos do tribunal de origem<\/span><\/h2>\n\n\n\n<p>O tribunal de origem (Tribunal de Justi\u00e7a do Paran\u00e1) afastou a natureza tribut\u00e1ria da obriga\u00e7\u00e3o legal institu\u00edda pela norma municipal, sob os seguintes fundamentos:<\/p>\n\n\n\n<p><strong>1\u00ba) Apesar da compulsoriedade e da licitude serem caracter\u00edsticas do tributo, n\u00e3o s\u00e3o as \u00fanicas, devendo haver a an\u00e1lise de outros crit\u00e9rios;<\/strong><\/p>\n\n\n\n<p><strong>2\u00ba) O comportamento obrigat\u00f3rio imposto pela norma municipal n\u00e3o envolve uma presta\u00e7\u00e3o em dinheiro. Assim, n\u00e3o se pode falar que o fato de o bem ser suscet\u00edvel de avalia\u00e7\u00e3o pecuni\u00e1ria torna-o adequado ao conceito tribut\u00e1rio;<\/strong><\/p>\n\n\n\n<p><strong>3\u00ba) O fato da norma estipular uma multa pecuni\u00e1ria em caso de descumprimento ao mandamento n\u00e3o \u00e9 capaz de atrair o conceito de tributo. Isso porque a\u00ed temos uma san\u00e7\u00e3o por viola\u00e7\u00e3o de um preceito normativo, figura diversa.<\/strong><\/p>\n\n\n\n<p><strong>4\u00ba) <mark style=\"background-color:rgba(0, 0, 0, 0)\" class=\"has-inline-color has-black-color\">Conclus\u00e3o:<\/mark>\u00a0h\u00e1, sim, uma obriga\u00e7\u00e3o administrativa, fundada na preocupa\u00e7\u00e3o de prote\u00e7\u00e3o ao meio ambiente, e uma multa em caso de descumprimento.<\/strong><\/p>\n\n\n\n<figure class=\"wp-block-pullquote\"><blockquote><p><\/p><cite><em><em><mark style=\"background-color:rgba(0, 0, 0, 0)\" class=\"has-inline-color has-black-color\">A obriga\u00e7\u00e3o de as concession\u00e1rias de autom\u00f3veis plantarem uma \u00e1rvore para cada carro novo vendido n\u00e3o tem natureza tribut\u00e1ria, e sim de <strong>obriga\u00e7\u00e3o administrativa<\/strong>, fundada na preocupa\u00e7\u00e3o de prote\u00e7\u00e3o ao meio ambiente.<\/mark><\/em><\/em><\/cite><\/blockquote><\/figure>\n\n\n\n<p>O Supremo, reconhecendo que a an\u00e1lise do Tribunal de origem demandaria reexame da legisla\u00e7\u00e3o infraconstitucional aplic\u00e1vel \u00e0 esp\u00e9cie, provid\u00eancia invi\u00e1vel no \u00e2mbito do recurso extraordin\u00e1rio, decidiu por negar provimento o agravo regimental para confirmar o n\u00e3o conhecimento do recurso extraordin\u00e1rio, com base no \u00f3bice da S\u00famula 280 da Corte.<\/p>\n\n\n\n<h2 class=\"wp-block-heading\" id=\"h-competencia-do-municipio\"><span id=\"competencia-do-municipio\">Compet\u00eancia do munic\u00edpio<\/span><\/h2>\n\n\n\n<p>O Supremo, no TEMA 145, j\u00e1 decidiu que o munic\u00edpio \u00e9 competente para legislar sobre o meio ambiente, juntamente com a Uni\u00e3o e o Estado, no limite do seu interesse local e desde que tal regramento seja harm\u00f4nico com a disciplina estabelecida pelos demais entes federados (art. 24, VI, c\/c 30, I e II, da Constitui\u00e7\u00e3o Federal).<\/p>\n\n\n\n<p>O munic\u00edpio, portanto, ao legislar sobre direito ambiental, deve harmonizar-se com os demais entes federados e adequar-se aos limites de seu interesse local.<\/p>\n\n\n\n<div class=\"wp-block-media-text is-stacked-on-mobile\" style=\"grid-template-columns:29% auto\"><figure class=\"wp-block-media-text__media\"><img decoding=\"async\" width=\"512\" height=\"512\" src=\"https:\/\/cj.estrategia.com\/portal\/wp-content\/uploads\/2025\/04\/24131250\/resumo-estudo-anotacao-observacao-atencao-papel-decisao-lei.png\" alt=\"Natureza tribut\u00e1ria\" class=\"wp-image-114467 size-full\" srcset=\"https:\/\/cj.estrategia.com\/portal\/wp-content\/uploads\/2025\/04\/24131250\/resumo-estudo-anotacao-observacao-atencao-papel-decisao-lei.png 512w, https:\/\/cj.estrategia.com\/portal\/wp-content\/uploads\/2025\/04\/24131250\/resumo-estudo-anotacao-observacao-atencao-papel-decisao-lei-300x300.png 300w, https:\/\/cj.estrategia.com\/portal\/wp-content\/uploads\/2025\/04\/24131250\/resumo-estudo-anotacao-observacao-atencao-papel-decisao-lei-150x150.png 150w, https:\/\/cj.estrategia.com\/portal\/wp-content\/uploads\/2025\/04\/24131250\/resumo-estudo-anotacao-observacao-atencao-papel-decisao-lei-80x80.png 80w, https:\/\/cj.estrategia.com\/portal\/wp-content\/uploads\/2025\/04\/24131250\/resumo-estudo-anotacao-observacao-atencao-papel-decisao-lei-380x380.png 380w, https:\/\/cj.estrategia.com\/portal\/wp-content\/uploads\/2025\/04\/24131250\/resumo-estudo-anotacao-observacao-atencao-papel-decisao-lei-24x24.png 24w, https:\/\/cj.estrategia.com\/portal\/wp-content\/uploads\/2025\/04\/24131250\/resumo-estudo-anotacao-observacao-atencao-papel-decisao-lei-48x48.png 48w, https:\/\/cj.estrategia.com\/portal\/wp-content\/uploads\/2025\/04\/24131250\/resumo-estudo-anotacao-observacao-atencao-papel-decisao-lei-96x96.png 96w\" sizes=\"(max-width: 512px) 100vw, 512px\" \/><\/figure><div class=\"wp-block-media-text__content\">\n<p>Ou seja, a legisla\u00e7\u00e3o municipal poder\u00e1 versar sobre tema j\u00e1 disciplinado por legisla\u00e7\u00e3o de outro n\u00edvel hier\u00e1rquico e at\u00e9 mesmo excepcion\u00e1-la, desde que o fa\u00e7a por motivo de flagrante e inequ\u00edvoco interesse local.<\/p>\n<\/div><\/div>\n\n\n\n<p>O Supremo Tribunal Federal tem ressaltado a import\u00e2ncia de consolidar o equil\u00edbrio federativo em mat\u00e9ria ambiental, com a inten\u00e7\u00e3o de fortalecer n\u00e3o apenas a autonomia dos entes da Federa\u00e7\u00e3o, como atender \u00e0s peculiaridades regionais e locais. Assim, se mais protetivas ao meio ambiente, prevalecem as normas estaduais e municipais.\u2006<\/p>\n\n\n\n<p>O <strong><mark style=\"background-color:rgba(0, 0, 0, 0)\" class=\"has-inline-color has-black-color\">federalismo cooperativo<\/mark><\/strong>\u00a0\u00e9 particularmente efetivo em um pa\u00eds como o Brasil. Detentor de um territ\u00f3rio amplo e de diferentes biomas de relev\u00e2ncia substancial ao planeta, o pa\u00eds tem neste modelo a possibilidade de proteger e preservar o meio ambiente de maneira muito mais efetiva, pois os entes subnacionais, al\u00e9m de compartilharem compet\u00eancias, podem editar normas voltadas para as especificidades de cada regi\u00e3o. No entanto, a moldura estabelecida pelas normas federais limita tal possibilidade.<\/p>\n\n\n\n<h2 class=\"wp-block-heading\" id=\"h-meio-ambiente-equilibrado\"><span id=\"meio-ambiente-equilibrado\">Meio ambiente equilibrado<\/span><\/h2>\n\n\n\n<p>Importante pontuar que, entre as Constitui\u00e7\u00f5es brasileiras, a de 1988 foi a primeira a expressamente citar, no art. 225, o direito ao meio ambiente equilibrado.<\/p>\n\n\n\n<p>O fato de n\u00e3o haver men\u00e7\u00e3o ao meio ambiente no rol dos direitos fundamentais do art. 5\u00b0 da Constitui\u00e7\u00e3o em nada modifica o seu reconhecimento como direito fundamental.<\/p>\n\n\n\n<p>O Supremo Tribunal Federal tamb\u00e9m o reconhece como direito fundamental, uma vez que o meio ambiente equilibrado est\u00e1 intimamente relacionado com a ideia da dimens\u00e3o ecol\u00f3gica da dignidade da pessoa humana.<\/p>\n\n\n\n<p>Em decorr\u00eancia dessa constata\u00e7\u00e3o, n\u00e3o se pode exercer a atividade econ\u00f4mica em desarmonia com os princ\u00edpios destinados a tornar efetiva a prote\u00e7\u00e3o ao meio ambiente, conforme art. 170, da CF\/88.<\/p>\n\n\n\n<pre class=\"wp-block-verse\">A incolumidade do meio ambiente n\u00e3o pode ser comprometida por interesses empresariais nem ficar dependente de motiva\u00e7\u00f5es de \u00edndole meramente econ\u00f4mica, ainda mais se tiver presente que a \u00edndole econ\u00f4mica, considerada a disciplina constitucional que a rege, est\u00e1 subordinada, dentre outros princ\u00edpios gerais, \u00e0quele que privilegia a \u201cdefesa do meio ambiente\u201d (CF, art. 170, VI), que traduz conceito amplo e abrangente das no\u00e7\u00f5es de meio ambiente natural, meio ambiente cultural, meio ambiente artificial (espa\u00e7o urbano) e meio ambiente laboral.<\/pre>\n\n\n\n<p>Portanto, a lei municipal de Londrina, ao inv\u00e9s de carregar, em si, natureza tribut\u00e1ria (CIDE), traz consigo uma \u00edndole de verdadeira pol\u00edtica ambiental, necess\u00e1ria para garantir a prote\u00e7\u00e3o do meio ambiente, direito fundamental de terceira gera\u00e7\u00e3o.<\/p>\n\n\n\n<p>\u00d3timo tema para provas de <strong><a href=\"https:\/\/www.estrategiaconcursos.com.br\/promocoes\/assinaturas-ecj\/\" target=\"_blank\" >direito ambiental, direito tribut\u00e1rio e direito constitucional<\/a><\/strong>. Portanto, muita aten\u00e7\u00e3o!<\/p>\n\n\n\n<hr class=\"wp-block-separator has-alpha-channel-opacity\"\/>\n\n\n\n<h2 class=\"wp-block-heading has-text-align-center\" id=\"h-quer-saber-quais-serao-os-proximos-concursos\"><span id=\"quer-saber-quais-serao-os-proximos-concursos\">Quer saber quais ser\u00e3o os pr\u00f3ximos concursos?<\/span><\/h2>\n\n\n\n<pre class=\"wp-block-verse has-text-align-center\">Confira nossos&nbsp;<a href=\"https:\/\/cj.estrategia.com\/portal\/\" target=\"_blank\" >artigos para Carreiras Jur\u00eddicas<\/a>!<\/pre>\n\n\n\n<p class=\"has-text-align-center has-white-color has-pale-cyan-blue-background-color has-text-color has-background has-link-color wp-elements-723b3278bf14a50a5e7b7e937b9a17d4\"><a href=\"https:\/\/cj.estrategia.com\/portal\/concursos-abertos-carreiras-juridicas\/\">Concursos jur\u00eddicos abertos<\/a><\/p>\n\n\n\n<p class=\"has-text-align-center has-white-color has-pale-cyan-blue-background-color has-text-color has-background has-link-color wp-elements-41349f36dc977263ca2129bf0f6dd541\"><a href=\"https:\/\/cj.estrategia.com\/portal\/concursos-2025-carreiras-juridicas\/\" target=\"_blank\" >Concursos jur\u00eddicos 2025<\/a><\/p>\n","protected":false},"excerpt":{"rendered":"* Thiago de Paula Leite \u00e9 procurador do Estado de S\u00e3o Paulo e professor de direito ambiental e&hellip;\n","protected":false},"author":81,"featured_media":127177,"comment_status":"open","ping_status":"open","sticky":false,"template":"","format":"standard","meta":{"_jetpack_memberships_contains_paid_content":false,"footnotes":""},"categories":[1],"tags":[2785,2784,507,123,730,1100,2304,2047,2717,1689,2783,134],"tax_estado":[30,31,32,33,34,35,36,37,38,39,40,41,42,43,44,45,46,47,48,49,50,51,52,53,54,55,56,57],"class_list":{"0":"post-127170","1":"post","2":"type-post","3":"status-publish","4":"format-standard","5":"has-post-thumbnail","7":"category-carreiras-juridicas","8":"tag-concessionarias-de-veiculos","9":"tag-contribuicao-de-intervencao-no-dominio-economico-cide","10":"tag-dignidade-da-pessoa-humana","11":"tag-direito-ambiental","12":"tag-direito-constitucional","13":"tag-direito-tributario","14":"tag-federalismo-cooperativo","15":"tag-inconstitucionalidade","16":"tag-livre-iniciativa","17":"tag-meio-ambiente","18":"tag-politica-ambiental","19":"tag-stf","20":"tax_estado-ac","21":"tax_estado-al","22":"tax_estado-am","23":"tax_estado-ap","24":"tax_estado-ba","25":"tax_estado-ce","26":"tax_estado-concursos-federais","27":"tax_estado-df","28":"tax_estado-es","29":"tax_estado-go","30":"tax_estado-ma","31":"tax_estado-mg","32":"tax_estado-ms","33":"tax_estado-mt","34":"tax_estado-pa","35":"tax_estado-pb","36":"tax_estado-pe","37":"tax_estado-pi","38":"tax_estado-pr","39":"tax_estado-rj","40":"tax_estado-rn","41":"tax_estado-ro","42":"tax_estado-rr","43":"tax_estado-rs","44":"tax_estado-sc","45":"tax_estado-se","46":"tax_estado-sp","47":"tax_estado-to"},"acf":[],"yoast_head":"<!-- This site is optimized with the Yoast SEO Premium plugin v27.4 (Yoast SEO v27.4) - https:\/\/yoast.com\/product\/yoast-seo-premium-wordpress\/ -->\n<title>Natureza tribut\u00e1ria x pol\u00edtica ambiental: uma \u00e1rvore por carro<\/title>\n<meta name=\"description\" content=\"O STF decidiu que lei municipal que obriga concession\u00e1rias a plantarem \u00e1rvore para cada carro vendido n\u00e3o possui natureza tribut\u00e1ria.\" \/>\n<meta name=\"robots\" content=\"index, follow, max-snippet:-1, max-image-preview:large, max-video-preview:-1\" \/>\n<link rel=\"canonical\" href=\"https:\/\/cj.estrategia.com\/portal\/plantar-arvores-carro-natureza-tributaria\/\" \/>\n<meta property=\"og:locale\" content=\"pt_BR\" \/>\n<meta property=\"og:type\" content=\"article\" \/>\n<meta property=\"og:title\" content=\"Natureza tribut\u00e1ria x pol\u00edtica ambiental: uma \u00e1rvore por carro\" \/>\n<meta property=\"og:description\" content=\"O STF decidiu que lei municipal que obriga concession\u00e1rias a plantarem \u00e1rvore para cada carro vendido n\u00e3o possui natureza tribut\u00e1ria.\" \/>\n<meta property=\"og:url\" content=\"https:\/\/cj.estrategia.com\/portal\/plantar-arvores-carro-natureza-tributaria\/\" \/>\n<meta property=\"og:site_name\" content=\"Blog - Carreiras Jur\u00eddicas - Estrat\u00e9gia\" \/>\n<meta property=\"article:publisher\" content=\"https:\/\/www.facebook.com\/estrategiacarreirajuridica\/\" \/>\n<meta property=\"article:published_time\" content=\"2025-06-10T01:47:39+00:00\" \/>\n<meta property=\"article:modified_time\" content=\"2025-06-13T12:05:02+00:00\" \/>\n<meta property=\"og:image\" content=\"https:\/\/cj.estrategia.com\/portal\/wp-content\/uploads\/2025\/06\/09211715\/meio-ambiente-plantar.jpg\" \/>\n\t<meta property=\"og:image:width\" content=\"754\" \/>\n\t<meta property=\"og:image:height\" content=\"394\" \/>\n\t<meta property=\"og:image:type\" content=\"image\/jpeg\" \/>\n<meta name=\"author\" content=\"Thiago Leite\" \/>\n<meta name=\"twitter:card\" content=\"summary_large_image\" \/>\n<meta name=\"twitter:creator\" content=\"@EstratJuridica\" \/>\n<meta name=\"twitter:site\" content=\"@EstratJuridica\" \/>\n<meta name=\"twitter:label1\" content=\"Escrito por\" \/>\n\t<meta name=\"twitter:data1\" content=\"Thiago Leite\" \/>\n\t<meta name=\"twitter:label2\" content=\"Est. tempo de leitura\" \/>\n\t<meta name=\"twitter:data2\" content=\"6 minutos\" \/>\n<script type=\"application\/ld+json\" class=\"yoast-schema-graph\">{\"@context\":\"https:\\\/\\\/schema.org\",\"@graph\":[{\"@type\":\"NewsArticle\",\"@id\":\"https:\\\/\\\/cj.estrategia.com\\\/portal\\\/plantar-arvores-carro-natureza-tributaria\\\/#article\",\"isPartOf\":{\"@id\":\"https:\\\/\\\/cj.estrategia.com\\\/portal\\\/plantar-arvores-carro-natureza-tributaria\\\/\"},\"author\":{\"name\":\"Thiago Leite\",\"@id\":\"https:\\\/\\\/cj.estrategia.com\\\/portal\\\/#\\\/schema\\\/person\\\/7d7d2b1c8386e2eeacc0b09cfbc1d0ff\"},\"headline\":\"Natureza tribut\u00e1ria x pol\u00edtica ambiental: uma \u00e1rvore por carro\",\"datePublished\":\"2025-06-10T01:47:39+00:00\",\"dateModified\":\"2025-06-13T12:05:02+00:00\",\"mainEntityOfPage\":{\"@id\":\"https:\\\/\\\/cj.estrategia.com\\\/portal\\\/plantar-arvores-carro-natureza-tributaria\\\/\"},\"wordCount\":1162,\"commentCount\":0,\"publisher\":{\"@id\":\"https:\\\/\\\/cj.estrategia.com\\\/portal\\\/#organization\"},\"image\":{\"@id\":\"https:\\\/\\\/cj.estrategia.com\\\/portal\\\/plantar-arvores-carro-natureza-tributaria\\\/#primaryimage\"},\"thumbnailUrl\":\"https:\\\/\\\/cj.estrategia.com\\\/portal\\\/wp-content\\\/uploads\\\/2025\\\/06\\\/09211715\\\/meio-ambiente-plantar.jpg\",\"keywords\":[\"concession\u00e1rias de ve\u00edculos\",\"contribui\u00e7\u00e3o de interven\u00e7\u00e3o no dom\u00ednio econ\u00f4mico - CIDE\",\"dignidade da pessoa humana\",\"direito ambiental\",\"Direito Constitucional\",\"direito tribut\u00e1rio\",\"federalismo cooperativo\",\"Inconstitucionalidade\",\"livre iniciativa\",\"meio ambiente\",\"pol\u00edtica ambiental\",\"STF\"],\"articleSection\":[\"Carreiras Jur\u00eddicas\"],\"inLanguage\":\"pt-BR\",\"potentialAction\":[{\"@type\":\"CommentAction\",\"name\":\"Comment\",\"target\":[\"https:\\\/\\\/cj.estrategia.com\\\/portal\\\/plantar-arvores-carro-natureza-tributaria\\\/#respond\"]}]},{\"@type\":\"WebPage\",\"@id\":\"https:\\\/\\\/cj.estrategia.com\\\/portal\\\/plantar-arvores-carro-natureza-tributaria\\\/\",\"url\":\"https:\\\/\\\/cj.estrategia.com\\\/portal\\\/plantar-arvores-carro-natureza-tributaria\\\/\",\"name\":\"Natureza tribut\u00e1ria x pol\u00edtica ambiental: uma \u00e1rvore por carro\",\"isPartOf\":{\"@id\":\"https:\\\/\\\/cj.estrategia.com\\\/portal\\\/#website\"},\"primaryImageOfPage\":{\"@id\":\"https:\\\/\\\/cj.estrategia.com\\\/portal\\\/plantar-arvores-carro-natureza-tributaria\\\/#primaryimage\"},\"image\":{\"@id\":\"https:\\\/\\\/cj.estrategia.com\\\/portal\\\/plantar-arvores-carro-natureza-tributaria\\\/#primaryimage\"},\"thumbnailUrl\":\"https:\\\/\\\/cj.estrategia.com\\\/portal\\\/wp-content\\\/uploads\\\/2025\\\/06\\\/09211715\\\/meio-ambiente-plantar.jpg\",\"datePublished\":\"2025-06-10T01:47:39+00:00\",\"dateModified\":\"2025-06-13T12:05:02+00:00\",\"description\":\"O STF decidiu que lei municipal que obriga concession\u00e1rias a plantarem \u00e1rvore para cada carro vendido n\u00e3o possui natureza tribut\u00e1ria.\",\"breadcrumb\":{\"@id\":\"https:\\\/\\\/cj.estrategia.com\\\/portal\\\/plantar-arvores-carro-natureza-tributaria\\\/#breadcrumb\"},\"inLanguage\":\"pt-BR\",\"potentialAction\":[{\"@type\":\"ReadAction\",\"target\":[\"https:\\\/\\\/cj.estrategia.com\\\/portal\\\/plantar-arvores-carro-natureza-tributaria\\\/\"]}]},{\"@type\":\"ImageObject\",\"inLanguage\":\"pt-BR\",\"@id\":\"https:\\\/\\\/cj.estrategia.com\\\/portal\\\/plantar-arvores-carro-natureza-tributaria\\\/#primaryimage\",\"url\":\"https:\\\/\\\/cj.estrategia.com\\\/portal\\\/wp-content\\\/uploads\\\/2025\\\/06\\\/09211715\\\/meio-ambiente-plantar.jpg\",\"contentUrl\":\"https:\\\/\\\/cj.estrategia.com\\\/portal\\\/wp-content\\\/uploads\\\/2025\\\/06\\\/09211715\\\/meio-ambiente-plantar.jpg\",\"width\":754,\"height\":394},{\"@type\":\"BreadcrumbList\",\"@id\":\"https:\\\/\\\/cj.estrategia.com\\\/portal\\\/plantar-arvores-carro-natureza-tributaria\\\/#breadcrumb\",\"itemListElement\":[{\"@type\":\"ListItem\",\"position\":1,\"name\":\"In\u00edcio\",\"item\":\"https:\\\/\\\/cj.estrategia.com\\\/portal\\\/\"},{\"@type\":\"ListItem\",\"position\":2,\"name\":\"Natureza tribut\u00e1ria x pol\u00edtica ambiental: uma \u00e1rvore por carro\"}]},{\"@type\":\"WebSite\",\"@id\":\"https:\\\/\\\/cj.estrategia.com\\\/portal\\\/#website\",\"url\":\"https:\\\/\\\/cj.estrategia.com\\\/portal\\\/\",\"name\":\"Blog - Carreiras Jur\u00eddicas - Estrat\u00e9gia\",\"description\":\"\",\"publisher\":{\"@id\":\"https:\\\/\\\/cj.estrategia.com\\\/portal\\\/#organization\"},\"potentialAction\":[{\"@type\":\"SearchAction\",\"target\":{\"@type\":\"EntryPoint\",\"urlTemplate\":\"https:\\\/\\\/cj.estrategia.com\\\/portal\\\/?s={search_term_string}\"},\"query-input\":{\"@type\":\"PropertyValueSpecification\",\"valueRequired\":true,\"valueName\":\"search_term_string\"}}],\"inLanguage\":\"pt-BR\"},{\"@type\":\"Organization\",\"@id\":\"https:\\\/\\\/cj.estrategia.com\\\/portal\\\/#organization\",\"name\":\"Estrat\u00e9gia - Carreiras Jur\u00eddicas\",\"url\":\"https:\\\/\\\/cj.estrategia.com\\\/portal\\\/\",\"logo\":{\"@type\":\"ImageObject\",\"inLanguage\":\"pt-BR\",\"@id\":\"https:\\\/\\\/cj.estrategia.com\\\/portal\\\/#\\\/schema\\\/logo\\\/image\\\/\",\"url\":\"https:\\\/\\\/cj.estrategia.com\\\/portal\\\/wp-content\\\/uploads\\\/2022\\\/03\\\/11151052\\\/cj-logo.png\",\"contentUrl\":\"https:\\\/\\\/cj.estrategia.com\\\/portal\\\/wp-content\\\/uploads\\\/2022\\\/03\\\/11151052\\\/cj-logo.png\",\"width\":150,\"height\":39,\"caption\":\"Estrat\u00e9gia - Carreiras Jur\u00eddicas\"},\"image\":{\"@id\":\"https:\\\/\\\/cj.estrategia.com\\\/portal\\\/#\\\/schema\\\/logo\\\/image\\\/\"},\"sameAs\":[\"https:\\\/\\\/www.facebook.com\\\/estrategiacarreirajuridica\\\/\",\"https:\\\/\\\/x.com\\\/EstratJuridica\",\"https:\\\/\\\/www.instagram.com\\\/estrategiacarreirajuridica\\\/\",\"https:\\\/\\\/www.youtube.com\\\/channel\\\/UClbMGuYbj2Mh1m3w144ETWQ\"]},{\"@type\":\"Person\",\"@id\":\"https:\\\/\\\/cj.estrategia.com\\\/portal\\\/#\\\/schema\\\/person\\\/7d7d2b1c8386e2eeacc0b09cfbc1d0ff\",\"name\":\"Thiago Leite\",\"image\":{\"@type\":\"ImageObject\",\"inLanguage\":\"pt-BR\",\"@id\":\"https:\\\/\\\/secure.gravatar.com\\\/avatar\\\/15ff5746ff9e313f1248fe2373ce03309054e96387bb9249055458d0c1aaa297?s=96&d=mm&r=g\",\"url\":\"https:\\\/\\\/secure.gravatar.com\\\/avatar\\\/15ff5746ff9e313f1248fe2373ce03309054e96387bb9249055458d0c1aaa297?s=96&d=mm&r=g\",\"contentUrl\":\"https:\\\/\\\/secure.gravatar.com\\\/avatar\\\/15ff5746ff9e313f1248fe2373ce03309054e96387bb9249055458d0c1aaa297?s=96&d=mm&r=g\",\"caption\":\"Thiago Leite\"},\"description\":\"Thiago de Paula Leite \u00e9 procurador do Estado de S\u00e3o Paulo e professor de direito ambiental e agr\u00e1rio do Estrat\u00e9gia.\",\"url\":\"https:\\\/\\\/cj.estrategia.com\\\/portal\\\/author\\\/thiago-leite\\\/\"}]}<\/script>\n<!-- \/ Yoast SEO Premium plugin. -->","yoast_head_json":{"title":"Natureza tribut\u00e1ria x pol\u00edtica ambiental: uma \u00e1rvore por carro","description":"O STF decidiu que lei municipal que obriga concession\u00e1rias a plantarem \u00e1rvore para cada carro vendido n\u00e3o possui natureza tribut\u00e1ria.","robots":{"index":"index","follow":"follow","max-snippet":"max-snippet:-1","max-image-preview":"max-image-preview:large","max-video-preview":"max-video-preview:-1"},"canonical":"https:\/\/cj.estrategia.com\/portal\/plantar-arvores-carro-natureza-tributaria\/","og_locale":"pt_BR","og_type":"article","og_title":"Natureza tribut\u00e1ria x pol\u00edtica ambiental: uma \u00e1rvore por carro","og_description":"O STF decidiu que lei municipal que obriga concession\u00e1rias a plantarem \u00e1rvore para cada carro vendido n\u00e3o possui natureza tribut\u00e1ria.","og_url":"https:\/\/cj.estrategia.com\/portal\/plantar-arvores-carro-natureza-tributaria\/","og_site_name":"Blog - Carreiras Jur\u00eddicas - Estrat\u00e9gia","article_publisher":"https:\/\/www.facebook.com\/estrategiacarreirajuridica\/","article_published_time":"2025-06-10T01:47:39+00:00","article_modified_time":"2025-06-13T12:05:02+00:00","og_image":[{"width":754,"height":394,"url":"https:\/\/cj.estrategia.com\/portal\/wp-content\/uploads\/2025\/06\/09211715\/meio-ambiente-plantar.jpg","type":"image\/jpeg"}],"author":"Thiago Leite","twitter_card":"summary_large_image","twitter_creator":"@EstratJuridica","twitter_site":"@EstratJuridica","twitter_misc":{"Escrito por":"Thiago Leite","Est. tempo de leitura":"6 minutos"},"schema":{"@context":"https:\/\/schema.org","@graph":[{"@type":"NewsArticle","@id":"https:\/\/cj.estrategia.com\/portal\/plantar-arvores-carro-natureza-tributaria\/#article","isPartOf":{"@id":"https:\/\/cj.estrategia.com\/portal\/plantar-arvores-carro-natureza-tributaria\/"},"author":{"name":"Thiago Leite","@id":"https:\/\/cj.estrategia.com\/portal\/#\/schema\/person\/7d7d2b1c8386e2eeacc0b09cfbc1d0ff"},"headline":"Natureza tribut\u00e1ria x pol\u00edtica ambiental: uma \u00e1rvore por carro","datePublished":"2025-06-10T01:47:39+00:00","dateModified":"2025-06-13T12:05:02+00:00","mainEntityOfPage":{"@id":"https:\/\/cj.estrategia.com\/portal\/plantar-arvores-carro-natureza-tributaria\/"},"wordCount":1162,"commentCount":0,"publisher":{"@id":"https:\/\/cj.estrategia.com\/portal\/#organization"},"image":{"@id":"https:\/\/cj.estrategia.com\/portal\/plantar-arvores-carro-natureza-tributaria\/#primaryimage"},"thumbnailUrl":"https:\/\/cj.estrategia.com\/portal\/wp-content\/uploads\/2025\/06\/09211715\/meio-ambiente-plantar.jpg","keywords":["concession\u00e1rias de ve\u00edculos","contribui\u00e7\u00e3o de interven\u00e7\u00e3o no dom\u00ednio econ\u00f4mico - CIDE","dignidade da pessoa humana","direito ambiental","Direito Constitucional","direito tribut\u00e1rio","federalismo cooperativo","Inconstitucionalidade","livre iniciativa","meio ambiente","pol\u00edtica ambiental","STF"],"articleSection":["Carreiras Jur\u00eddicas"],"inLanguage":"pt-BR","potentialAction":[{"@type":"CommentAction","name":"Comment","target":["https:\/\/cj.estrategia.com\/portal\/plantar-arvores-carro-natureza-tributaria\/#respond"]}]},{"@type":"WebPage","@id":"https:\/\/cj.estrategia.com\/portal\/plantar-arvores-carro-natureza-tributaria\/","url":"https:\/\/cj.estrategia.com\/portal\/plantar-arvores-carro-natureza-tributaria\/","name":"Natureza tribut\u00e1ria x pol\u00edtica ambiental: uma \u00e1rvore por carro","isPartOf":{"@id":"https:\/\/cj.estrategia.com\/portal\/#website"},"primaryImageOfPage":{"@id":"https:\/\/cj.estrategia.com\/portal\/plantar-arvores-carro-natureza-tributaria\/#primaryimage"},"image":{"@id":"https:\/\/cj.estrategia.com\/portal\/plantar-arvores-carro-natureza-tributaria\/#primaryimage"},"thumbnailUrl":"https:\/\/cj.estrategia.com\/portal\/wp-content\/uploads\/2025\/06\/09211715\/meio-ambiente-plantar.jpg","datePublished":"2025-06-10T01:47:39+00:00","dateModified":"2025-06-13T12:05:02+00:00","description":"O STF decidiu que lei municipal que obriga concession\u00e1rias a plantarem \u00e1rvore para cada carro vendido n\u00e3o possui natureza tribut\u00e1ria.","breadcrumb":{"@id":"https:\/\/cj.estrategia.com\/portal\/plantar-arvores-carro-natureza-tributaria\/#breadcrumb"},"inLanguage":"pt-BR","potentialAction":[{"@type":"ReadAction","target":["https:\/\/cj.estrategia.com\/portal\/plantar-arvores-carro-natureza-tributaria\/"]}]},{"@type":"ImageObject","inLanguage":"pt-BR","@id":"https:\/\/cj.estrategia.com\/portal\/plantar-arvores-carro-natureza-tributaria\/#primaryimage","url":"https:\/\/cj.estrategia.com\/portal\/wp-content\/uploads\/2025\/06\/09211715\/meio-ambiente-plantar.jpg","contentUrl":"https:\/\/cj.estrategia.com\/portal\/wp-content\/uploads\/2025\/06\/09211715\/meio-ambiente-plantar.jpg","width":754,"height":394},{"@type":"BreadcrumbList","@id":"https:\/\/cj.estrategia.com\/portal\/plantar-arvores-carro-natureza-tributaria\/#breadcrumb","itemListElement":[{"@type":"ListItem","position":1,"name":"In\u00edcio","item":"https:\/\/cj.estrategia.com\/portal\/"},{"@type":"ListItem","position":2,"name":"Natureza tribut\u00e1ria x pol\u00edtica ambiental: uma \u00e1rvore por carro"}]},{"@type":"WebSite","@id":"https:\/\/cj.estrategia.com\/portal\/#website","url":"https:\/\/cj.estrategia.com\/portal\/","name":"Blog - Carreiras Jur\u00eddicas - Estrat\u00e9gia","description":"","publisher":{"@id":"https:\/\/cj.estrategia.com\/portal\/#organization"},"potentialAction":[{"@type":"SearchAction","target":{"@type":"EntryPoint","urlTemplate":"https:\/\/cj.estrategia.com\/portal\/?s={search_term_string}"},"query-input":{"@type":"PropertyValueSpecification","valueRequired":true,"valueName":"search_term_string"}}],"inLanguage":"pt-BR"},{"@type":"Organization","@id":"https:\/\/cj.estrategia.com\/portal\/#organization","name":"Estrat\u00e9gia - Carreiras Jur\u00eddicas","url":"https:\/\/cj.estrategia.com\/portal\/","logo":{"@type":"ImageObject","inLanguage":"pt-BR","@id":"https:\/\/cj.estrategia.com\/portal\/#\/schema\/logo\/image\/","url":"https:\/\/cj.estrategia.com\/portal\/wp-content\/uploads\/2022\/03\/11151052\/cj-logo.png","contentUrl":"https:\/\/cj.estrategia.com\/portal\/wp-content\/uploads\/2022\/03\/11151052\/cj-logo.png","width":150,"height":39,"caption":"Estrat\u00e9gia - Carreiras Jur\u00eddicas"},"image":{"@id":"https:\/\/cj.estrategia.com\/portal\/#\/schema\/logo\/image\/"},"sameAs":["https:\/\/www.facebook.com\/estrategiacarreirajuridica\/","https:\/\/x.com\/EstratJuridica","https:\/\/www.instagram.com\/estrategiacarreirajuridica\/","https:\/\/www.youtube.com\/channel\/UClbMGuYbj2Mh1m3w144ETWQ"]},{"@type":"Person","@id":"https:\/\/cj.estrategia.com\/portal\/#\/schema\/person\/7d7d2b1c8386e2eeacc0b09cfbc1d0ff","name":"Thiago Leite","image":{"@type":"ImageObject","inLanguage":"pt-BR","@id":"https:\/\/secure.gravatar.com\/avatar\/15ff5746ff9e313f1248fe2373ce03309054e96387bb9249055458d0c1aaa297?s=96&d=mm&r=g","url":"https:\/\/secure.gravatar.com\/avatar\/15ff5746ff9e313f1248fe2373ce03309054e96387bb9249055458d0c1aaa297?s=96&d=mm&r=g","contentUrl":"https:\/\/secure.gravatar.com\/avatar\/15ff5746ff9e313f1248fe2373ce03309054e96387bb9249055458d0c1aaa297?s=96&d=mm&r=g","caption":"Thiago Leite"},"description":"Thiago de Paula Leite \u00e9 procurador do Estado de S\u00e3o Paulo e professor de direito ambiental e agr\u00e1rio do Estrat\u00e9gia.","url":"https:\/\/cj.estrategia.com\/portal\/author\/thiago-leite\/"}]}},"jetpack_featured_media_url":"https:\/\/cj.estrategia.com\/portal\/wp-content\/uploads\/2025\/06\/09211715\/meio-ambiente-plantar.jpg","jetpack_sharing_enabled":true,"_links":{"self":[{"href":"https:\/\/cj.estrategia.com\/portal\/wp-json\/wp\/v2\/posts\/127170","targetHints":{"allow":["GET"]}}],"collection":[{"href":"https:\/\/cj.estrategia.com\/portal\/wp-json\/wp\/v2\/posts"}],"about":[{"href":"https:\/\/cj.estrategia.com\/portal\/wp-json\/wp\/v2\/types\/post"}],"author":[{"embeddable":true,"href":"https:\/\/cj.estrategia.com\/portal\/wp-json\/wp\/v2\/users\/81"}],"replies":[{"embeddable":true,"href":"https:\/\/cj.estrategia.com\/portal\/wp-json\/wp\/v2\/comments?post=127170"}],"version-history":[{"count":4,"href":"https:\/\/cj.estrategia.com\/portal\/wp-json\/wp\/v2\/posts\/127170\/revisions"}],"predecessor-version":[{"id":128247,"href":"https:\/\/cj.estrategia.com\/portal\/wp-json\/wp\/v2\/posts\/127170\/revisions\/128247"}],"wp:featuredmedia":[{"embeddable":true,"href":"https:\/\/cj.estrategia.com\/portal\/wp-json\/wp\/v2\/media\/127177"}],"wp:attachment":[{"href":"https:\/\/cj.estrategia.com\/portal\/wp-json\/wp\/v2\/media?parent=127170"}],"wp:term":[{"taxonomy":"category","embeddable":true,"href":"https:\/\/cj.estrategia.com\/portal\/wp-json\/wp\/v2\/categories?post=127170"},{"taxonomy":"post_tag","embeddable":true,"href":"https:\/\/cj.estrategia.com\/portal\/wp-json\/wp\/v2\/tags?post=127170"},{"taxonomy":"tax_estado","embeddable":true,"href":"https:\/\/cj.estrategia.com\/portal\/wp-json\/wp\/v2\/tax_estado?post=127170"}],"curies":[{"name":"wp","href":"https:\/\/api.w.org\/{rel}","templated":true}]}}