{"id":126490,"date":"2025-07-13T06:00:00","date_gmt":"2025-07-13T09:00:00","guid":{"rendered":"https:\/\/cj.estrategia.com\/portal\/?p=126490"},"modified":"2025-07-11T08:44:30","modified_gmt":"2025-07-11T11:44:30","slug":"simulado-pf-delegado-pos-edital","status":"publish","type":"post","link":"https:\/\/cj.estrategia.com\/portal\/simulado-pf-delegado-pos-edital\/","title":{"rendered":"Simulado &#8211; PF (Delegado) P\u00f3s-edital"},"content":{"rendered":"\n<p><\/p>\n\n\n<a id=\"cta-icon\" href=\"https:\/\/www.redirectmais.com\/wpp\/delta-pf-grupo\" target=\"blank\" style=\"background:rgb(41,166,26)\">\n            <img decoding=\"async\" src=\"https:\/\/cj.estrategia.com\/portal\/wp-content\/uploads\/2023\/12\/07160657\/whatsapp_1385.webp\" alt=\"\" alt=\"whatsapp_1385\"><span > Acesse agora o Grupo de Estudos para Delta PF <\/span><\/a>\n\n\n\n<p>O Estrat\u00e9gia Carreira Jur\u00eddica realiza no domingo,13 de julho, o&nbsp;<strong>Simulado &#8211; PF (Delegado) P\u00f3s-edital.<\/strong> Se voc\u00ea est\u00e1 se preparando para o certame, \u00e9 hora de colocar sua prepara\u00e7\u00e3o em teste!<\/p>\n\n\n\n<p>O edital oferta&nbsp;<strong>120 vagas<\/strong>&nbsp;ao cargo de&nbsp;<strong>Delegado da Pol\u00edcia Federal<\/strong>&nbsp;com&nbsp;<strong>iniciais de R$ 26,8 mil!<\/strong> Os candidatos ser\u00e3o avaliados por&nbsp;<strong>provas objetivas e discursivas em 27 de julho de 2025.&nbsp;<\/strong>Confira mais detalhes no artigo!<\/p>\n\n\n\n<p><strong>Mas aten\u00e7\u00e3o:&nbsp;<\/strong>para a realiza\u00e7\u00e3o do Simulado, \u00e9 necess\u00e1rio se&nbsp;<a href=\"https:\/\/concursos.estrategiaeducacional.com.br\/\" target=\"_blank\" >cadastrar na plataforma<\/a>, al\u00e9m de se manter logado durante todo o tempo. Isso porque, o simulado ser\u00e1 realizado somente e exclusivamente no Sistema de Quest\u00f5es. \u201cCompre\u201d o simulado no link abaixo e participe!<\/p>\n\n\n\n<p>O gabarito ficar\u00e1 dispon\u00edvel no<strong>&nbsp;pr\u00f3prio SQ<\/strong>, logo ap\u00f3s o encerramento, juntamente com a solu\u00e7\u00e3o das quest\u00f5es e o ranking.<\/p>\n\n\n\n<p class=\"has-text-align-center has-very-light-gray-to-cyan-bluish-gray-gradient-background has-background\">3\u00ba &#8211; simulado &#8211; <em><strong><a href=\"https:\/\/perfil.estrategia.com\/login?s=1&amp;target=https%3A%2F%2Fcj.estrategia.com%2Fauth%2F%3Fpath%3D%252Fcadernos-e-simulados%252Fsimulados%252F4d9f2513-8ffd-4c23-af17-fc4eb988e79d%252F%26login%3D1\">Link do simulado<\/a><\/strong><\/em><\/p>\n\n\n\n<p class=\"has-text-align-center has-very-light-gray-to-cyan-bluish-gray-gradient-background has-background\">2\u00ba &#8211; simulado &#8211; <em><strong><a href=\"https:\/\/cj.estrategia.com\/cadernos-e-simulados\/simulados\/7637e43e-46e0-4a36-ba13-309448920790\/\">Link do simulado<\/a><\/strong><\/em><\/p>\n\n\n\n<p class=\"has-text-align-center has-very-light-gray-to-cyan-bluish-gray-gradient-background has-background\">1\u00ba &#8211; simulado &#8211; <em><strong><a href=\"https:\/\/cj.estrategia.com\/cadernos-e-simulados\/simulados\/e87514fc-f059-48c8-965f-4815d49fb541\">Link do simulado<\/a><\/strong><\/em><\/p>\n\n\n\n<h3 class=\"wp-block-heading\" id=\"h-cronograma-de-aplicacao-do-nbsp-simulado-pf-delegado-pos-edital\"><span id=\"cronograma-de-aplicacao-do-simulado-pf-delegado-pos-edital\">Cronograma de aplica\u00e7\u00e3o do&nbsp;Simulado &#8211; PF (Delegado) P\u00f3s-edital<\/span><\/h3>\n\n\n\n<p><strong>Data 1\u00ba do Simulado: <\/strong>08\/06\/2025 (domingo) \u00e0s 08:30<br><strong>Data Corre\u00e7\u00e3o via YouTube do 1\u00ba Simulado:<\/strong> 08\/06\/2025 (domingo) \u00e0s 14:00<\/p>\n\n\n\n<p><strong>Data 2\u00ba do Simulado: <\/strong>29\/06\/2025 (domingo) \u00e0s 08:30<br><strong>Data Corre\u00e7\u00e3o via YouTube do 2\u00ba Simulado:<\/strong> 29\/06\/2025 (domingo) \u00e0s 14:00<\/p>\n\n\n\n<p><strong>Data 3\u00ba do Simulado: <\/strong>13\/07\/2025 (domingo) \u00e0s 08:30<br><strong>Data Corre\u00e7\u00e3o via YouTube do 3\u00ba Simulado:<\/strong> 13\/07\/2025 (domingo) \u00e0s 14:00<\/p>\n\n\n\n<h3 class=\"wp-block-heading\" id=\"1\u00ba-simulado-promotor-mp-sp-estrutura\"><span id=\"simulado-pf-delegado-pos-edital-estrutura\">Simulado &#8211; PF (Delegado) P\u00f3s-edital: Estrutura<\/span><\/h3>\n\n\n\n<p>O simulado conta com quest\u00f5es focadas no concurso. A prova cont\u00e9m 120 itens que abordam conhecimentos cobrados no \u00faltimo edital do concurso. Os participantes t\u00eam das 8h30 \u00e0s 13h30 para responder \u00e0s quest\u00f5es e preencher o Gabarito Eletr\u00f4nico.<\/p>\n\n\n\n<p><\/p>\n\n\n\n<figure class=\"wp-block-table is-style-stripes\"><table class=\"has-fixed-layout\"><tbody><tr><td><strong>Mat\u00e9ria<\/strong><\/td><td><strong>Professor<\/strong><\/td><td><strong>Quest\u00f5es<\/strong><\/td><\/tr><tr><td>Direito Constitucional<\/td><td>Nelma Fontana<\/td><td>01-15<\/td><\/tr><tr><td>Direito Administrativo<\/td><td>Rodolfo Penna<\/td><td>16-30<\/td><\/tr><tr><td>Direito Penal<\/td><td>Michael Proc\u00f3pio<\/td><td>31-45<\/td><\/tr><tr><td>Direito Processual Penal<\/td><td>Leonardo Tavares<\/td><td>46-60<\/td><\/tr><tr><td>Legisla\u00e7\u00e3o Penal E Processual Penal Extravagante<\/td><td>Ivan Marques<\/td><td>61-70<\/td><\/tr><tr><td>Medicina Legal<\/td><td>Lucas Brisola<\/td><td>71-75<\/td><\/tr><tr><td>Direito Civil&nbsp;<\/td><td>Paulo Sousa<\/td><td>76-80<\/td><\/tr><tr><td>Empresarial<\/td><td>Daniel Rizza<\/td><td>81-85<\/td><\/tr><tr><td>Direito Processual Civil<\/td><td>Rodrigo Vaslin<\/td><td>86-90<\/td><\/tr><tr><td>Direito Tribut\u00e1rio e Financeiro<\/td><td>Felipe Duque<\/td><td>91-95<\/td><\/tr><tr><td>Direito Ambiental<\/td><td>Thiago Leite<\/td><td>96-100<\/td><\/tr><tr><td>Direito Internacional P\u00fablico e Coopera\u00e7\u00e3o Internacional<\/td><td>Luciane Piveta<\/td><td>101-105<\/td><\/tr><tr><td>Direito Previdenci\u00e1rio<\/td><td>Adryan Juver<\/td><td>106-110<\/td><\/tr><tr><td>Direitos Humanos<\/td><td>Vin\u00edcius Zoponi<\/td><td>111-115<\/td><\/tr><tr><td>Criminologia e Legisla\u00e7\u00e3o institucional da PF<\/td><td>Waleska Alvarenga<\/td><td>116-120<\/td><\/tr><\/tbody><\/table><\/figure>\n\n\n\n<h3 class=\"wp-block-heading\" id=\"h-correcao-ao-vivo-a-partir-das-14h\"><span id=\"correcao-ao-vivo-a-partir-das-14h\">Corre\u00e7\u00e3o AO VIVO (a partir das 14h)<\/span><\/h3>\n\n\n\n<p>A partir das 14h, os nossos professores iniciar\u00e3o a Corre\u00e7\u00e3o da Prova AO VIVO no canal do Estrat\u00e9gia Carreira Jur\u00eddica no YouTube. Eles resolver\u00e3o todas as quest\u00f5es. Aproveite para assisti-la AO VIVO e corrigir os erros.<\/p>\n\n\n\n<h2 class=\"wp-block-heading\" id=\"h-algum-problema-nos-simulados-fale-conosco\"><span id=\"algum-problema-nos-simulados-fale-conosco\">Algum problema nos simulados? Fale conosco:<\/span><\/h2>\n\n\n\n<p class=\"has-pale-pink-background-color has-background\"><strong><a href=\"https:\/\/forms.gle\/4m2jW72tab1qXoRS7\" target=\"_blank\" >Clique aqui para baixar o formul\u00e1rio!<\/a><\/strong><\/p>\n\n\n\n<p class=\"has-text-align-center has-very-light-gray-to-cyan-bluish-gray-gradient-background has-background\"><strong>Saiba mais: <a href=\"https:\/\/cj.estrategia.com\/portal\/concurso-delegado-pf\/\">Concurso Delegado PF<\/a><\/strong><\/p>\n\n\n\n<h3 class=\"wp-block-heading has-text-align-center\" id=\"h-quer-saber-tudo-sobre-concursos-previstos-confira-nossos-artigos\"><span id=\"quer-saber-tudo-sobre-concursos-previstos-confira-nossos-artigos\">Quer saber tudo sobre concursos previstos? <br><strong>Confira nossos artigos!<\/strong><\/span><\/h3>\n\n\n\n<ul class=\"wp-block-list\">\n<li><a href=\"https:\/\/cj.estrategia.com\/portal\/concursos-abertos-carreiras-juridicas\/\" target=\"_blank\" >Concursos jur\u00eddicos abertos<\/a><\/li>\n<\/ul>\n\n\n\n<ul class=\"wp-block-list\">\n<li><a href=\"https:\/\/cj.estrategia.com\/portal\/concursos-2025-carreiras-juridicas\/\" target=\"_blank\" >Concursos jur\u00eddicos 2025<\/a><\/li>\n\n\n\n<li><a href=\"https:\/\/cj.estrategia.com\/portal\/concursos-delegado\/\" target=\"_blank\" >Concursos Delegado<\/a><\/li>\n<\/ul>\n\n\n\n<h2 class=\"wp-block-heading has-text-align-center\" id=\"cursos\"><span id=\"cursos-e-assinaturas\">CURSOS E ASSINATURAS<\/span><\/h2>\n\n\n\n<div class=\"wp-block-cover\" style=\"min-height:155px;aspect-ratio:unset;\"><img decoding=\"async\" width=\"1890\" height=\"351\" class=\"wp-block-cover__image-background wp-image-8669\" alt=\"Assinaturas Jur\u00eddicas\" src=\"https:\/\/cj.estrategia.com\/portal\/wp-content\/uploads\/2022\/06\/20151253\/concurso-carreiras-juridicas-assinatura-juridica.jpg\" style=\"object-position:78% 43%\" data-object-fit=\"cover\" data-object-position=\"78% 43%\" srcset=\"https:\/\/cj.estrategia.com\/portal\/wp-content\/uploads\/2022\/06\/20151253\/concurso-carreiras-juridicas-assinatura-juridica.jpg 1890w, https:\/\/cj.estrategia.com\/portal\/wp-content\/uploads\/2022\/06\/20151253\/concurso-carreiras-juridicas-assinatura-juridica-300x56.jpg 300w, https:\/\/cj.estrategia.com\/portal\/wp-content\/uploads\/2022\/06\/20151253\/concurso-carreiras-juridicas-assinatura-juridica-1024x190.jpg 1024w, https:\/\/cj.estrategia.com\/portal\/wp-content\/uploads\/2022\/06\/20151253\/concurso-carreiras-juridicas-assinatura-juridica-768x143.jpg 768w, https:\/\/cj.estrategia.com\/portal\/wp-content\/uploads\/2022\/06\/20151253\/concurso-carreiras-juridicas-assinatura-juridica-1536x285.jpg 1536w, https:\/\/cj.estrategia.com\/portal\/wp-content\/uploads\/2022\/06\/20151253\/concurso-carreiras-juridicas-assinatura-juridica-380x71.jpg 380w, https:\/\/cj.estrategia.com\/portal\/wp-content\/uploads\/2022\/06\/20151253\/concurso-carreiras-juridicas-assinatura-juridica-800x149.jpg 800w, https:\/\/cj.estrategia.com\/portal\/wp-content\/uploads\/2022\/06\/20151253\/concurso-carreiras-juridicas-assinatura-juridica-1160x215.jpg 1160w\" sizes=\"(max-width: 1890px) 100vw, 1890px\" \/><span aria-hidden=\"true\" class=\"wp-block-cover__background has-background-dim\"><\/span><div class=\"wp-block-cover__inner-container is-layout-flow wp-block-cover-is-layout-flow\">\n<h3 id=\"faca-a-sua-assinatura\" class=\"titulo-assinatura\"><span style=\"color: #ffffff;\">Fa\u00e7a a sua assinatura!<\/span><\/h3>\n<p class=\"subtitulo-assinatura\" style=\"display:block!important; line-height: 0;\"><span style=\"color: #ffffff;\">Escolha a sua \u00e1rea.<\/span><\/p>\n<a target=\"_blank\" href=\"https:\/\/www.estrategiaconcursos.com.br\/assinaturas-ecj\/\" rel=\"noopener\"><button style=\"border-radius: 10px; text-transform: capitalize;\">Acessar<\/button><\/a>\n<\/div><\/div>\n\n\n\n<p><em>Prepare-se com o melhor material e com quem mais aprova em Concursos P\u00fablicos em todo o pa\u00eds. Assine agora a nossa Assinatura e tenha acesso ilimitado* aos cursos para Delegado de Pol\u00edcia.<\/em><\/p>\n","protected":false},"excerpt":{"rendered":"O Estrat\u00e9gia Carreira Jur\u00eddica realiza no domingo,13 de julho, o&nbsp;Simulado &#8211; PF (Delegado) P\u00f3s-edital. Se voc\u00ea est\u00e1 se&hellip;\n","protected":false},"author":12,"featured_media":40746,"comment_status":"open","ping_status":"open","sticky":false,"template":"","format":"standard","meta":{"_jetpack_memberships_contains_paid_content":false,"footnotes":""},"categories":[28],"tags":[],"tax_estado":[36],"class_list":{"0":"post-126490","1":"post","2":"type-post","3":"status-publish","4":"format-standard","5":"has-post-thumbnail","7":"category-delegado","8":"tax_estado-concursos-federais"},"acf":[],"yoast_head":"<!-- This site is optimized with the Yoast SEO Premium plugin v27.4 (Yoast SEO v27.4) - https:\/\/yoast.com\/product\/yoast-seo-premium-wordpress\/ -->\n<title>Simulado - PF (Delegado) P\u00f3s-edital<\/title>\n<meta name=\"description\" content=\"Participe do Simulado - PF (Delegado) P\u00f3s-edital e prepare-se para o concurso da Pol\u00edcia Federal com \u00f3timas dicas e orienta\u00e7\u00f5es.\" \/>\n<meta name=\"robots\" content=\"index, follow, max-snippet:-1, max-image-preview:large, max-video-preview:-1\" \/>\n<link rel=\"canonical\" href=\"https:\/\/cj.estrategia.com\/portal\/simulado-pf-delegado-pos-edital\/\" \/>\n<meta property=\"og:locale\" content=\"pt_BR\" \/>\n<meta property=\"og:type\" content=\"article\" \/>\n<meta property=\"og:title\" content=\"Simulado - PF (Delegado) P\u00f3s-edital\" \/>\n<meta property=\"og:description\" content=\"Participe do Simulado - PF (Delegado) P\u00f3s-edital e prepare-se para o concurso da Pol\u00edcia Federal com \u00f3timas dicas e orienta\u00e7\u00f5es.\" \/>\n<meta property=\"og:url\" content=\"https:\/\/cj.estrategia.com\/portal\/simulado-pf-delegado-pos-edital\/\" \/>\n<meta property=\"og:site_name\" content=\"Blog - Carreiras Jur\u00eddicas - Estrat\u00e9gia\" \/>\n<meta property=\"article:publisher\" content=\"https:\/\/www.facebook.com\/estrategiacarreirajuridica\/\" \/>\n<meta property=\"article:published_time\" content=\"2025-07-13T09:00:00+00:00\" \/>\n<meta property=\"og:image\" content=\"https:\/\/cj.estrategia.com\/portal\/wp-content\/uploads\/2023\/06\/07102355\/concurso-delegado-pf-policia-federal.jpg\" \/>\n\t<meta property=\"og:image:width\" content=\"768\" \/>\n\t<meta property=\"og:image:height\" content=\"432\" \/>\n\t<meta property=\"og:image:type\" content=\"image\/jpeg\" \/>\n<meta name=\"author\" content=\"Coordena\u00e7\u00e3o\" \/>\n<meta name=\"twitter:card\" content=\"summary_large_image\" \/>\n<meta name=\"twitter:creator\" content=\"@EstratJuridica\" \/>\n<meta name=\"twitter:site\" content=\"@EstratJuridica\" \/>\n<meta name=\"twitter:label1\" content=\"Escrito por\" \/>\n\t<meta name=\"twitter:data1\" content=\"Coordena\u00e7\u00e3o\" \/>\n\t<meta name=\"twitter:label2\" content=\"Est. tempo de leitura\" \/>\n\t<meta name=\"twitter:data2\" content=\"3 minutos\" \/>\n<script type=\"application\/ld+json\" class=\"yoast-schema-graph\">{\"@context\":\"https:\\\/\\\/schema.org\",\"@graph\":[{\"@type\":\"NewsArticle\",\"@id\":\"https:\\\/\\\/cj.estrategia.com\\\/portal\\\/simulado-pf-delegado-pos-edital\\\/#article\",\"isPartOf\":{\"@id\":\"https:\\\/\\\/cj.estrategia.com\\\/portal\\\/simulado-pf-delegado-pos-edital\\\/\"},\"author\":{\"name\":\"Coordena\u00e7\u00e3o\",\"@id\":\"https:\\\/\\\/cj.estrategia.com\\\/portal\\\/#\\\/schema\\\/person\\\/4d70317d31449932b99102916b6637f5\"},\"headline\":\"Simulado &#8211; PF (Delegado) P\u00f3s-edital\",\"datePublished\":\"2025-07-13T09:00:00+00:00\",\"mainEntityOfPage\":{\"@id\":\"https:\\\/\\\/cj.estrategia.com\\\/portal\\\/simulado-pf-delegado-pos-edital\\\/\"},\"wordCount\":511,\"commentCount\":0,\"publisher\":{\"@id\":\"https:\\\/\\\/cj.estrategia.com\\\/portal\\\/#organization\"},\"image\":{\"@id\":\"https:\\\/\\\/cj.estrategia.com\\\/portal\\\/simulado-pf-delegado-pos-edital\\\/#primaryimage\"},\"thumbnailUrl\":\"https:\\\/\\\/cj.estrategia.com\\\/portal\\\/wp-content\\\/uploads\\\/2023\\\/06\\\/07102355\\\/concurso-delegado-pf-policia-federal.jpg\",\"articleSection\":[\"Delegado\"],\"inLanguage\":\"pt-BR\",\"potentialAction\":[{\"@type\":\"CommentAction\",\"name\":\"Comment\",\"target\":[\"https:\\\/\\\/cj.estrategia.com\\\/portal\\\/simulado-pf-delegado-pos-edital\\\/#respond\"]}]},{\"@type\":\"WebPage\",\"@id\":\"https:\\\/\\\/cj.estrategia.com\\\/portal\\\/simulado-pf-delegado-pos-edital\\\/\",\"url\":\"https:\\\/\\\/cj.estrategia.com\\\/portal\\\/simulado-pf-delegado-pos-edital\\\/\",\"name\":\"Simulado - PF (Delegado) P\u00f3s-edital\",\"isPartOf\":{\"@id\":\"https:\\\/\\\/cj.estrategia.com\\\/portal\\\/#website\"},\"primaryImageOfPage\":{\"@id\":\"https:\\\/\\\/cj.estrategia.com\\\/portal\\\/simulado-pf-delegado-pos-edital\\\/#primaryimage\"},\"image\":{\"@id\":\"https:\\\/\\\/cj.estrategia.com\\\/portal\\\/simulado-pf-delegado-pos-edital\\\/#primaryimage\"},\"thumbnailUrl\":\"https:\\\/\\\/cj.estrategia.com\\\/portal\\\/wp-content\\\/uploads\\\/2023\\\/06\\\/07102355\\\/concurso-delegado-pf-policia-federal.jpg\",\"datePublished\":\"2025-07-13T09:00:00+00:00\",\"description\":\"Participe do Simulado - PF (Delegado) P\u00f3s-edital e prepare-se para o concurso da Pol\u00edcia Federal com \u00f3timas dicas e orienta\u00e7\u00f5es.\",\"breadcrumb\":{\"@id\":\"https:\\\/\\\/cj.estrategia.com\\\/portal\\\/simulado-pf-delegado-pos-edital\\\/#breadcrumb\"},\"inLanguage\":\"pt-BR\",\"potentialAction\":[{\"@type\":\"ReadAction\",\"target\":[\"https:\\\/\\\/cj.estrategia.com\\\/portal\\\/simulado-pf-delegado-pos-edital\\\/\"]}]},{\"@type\":\"ImageObject\",\"inLanguage\":\"pt-BR\",\"@id\":\"https:\\\/\\\/cj.estrategia.com\\\/portal\\\/simulado-pf-delegado-pos-edital\\\/#primaryimage\",\"url\":\"https:\\\/\\\/cj.estrategia.com\\\/portal\\\/wp-content\\\/uploads\\\/2023\\\/06\\\/07102355\\\/concurso-delegado-pf-policia-federal.jpg\",\"contentUrl\":\"https:\\\/\\\/cj.estrategia.com\\\/portal\\\/wp-content\\\/uploads\\\/2023\\\/06\\\/07102355\\\/concurso-delegado-pf-policia-federal.jpg\",\"width\":768,\"height\":432},{\"@type\":\"BreadcrumbList\",\"@id\":\"https:\\\/\\\/cj.estrategia.com\\\/portal\\\/simulado-pf-delegado-pos-edital\\\/#breadcrumb\",\"itemListElement\":[{\"@type\":\"ListItem\",\"position\":1,\"name\":\"In\u00edcio\",\"item\":\"https:\\\/\\\/cj.estrategia.com\\\/portal\\\/\"},{\"@type\":\"ListItem\",\"position\":2,\"name\":\"Simulado &#8211; PF (Delegado) P\u00f3s-edital\"}]},{\"@type\":\"WebSite\",\"@id\":\"https:\\\/\\\/cj.estrategia.com\\\/portal\\\/#website\",\"url\":\"https:\\\/\\\/cj.estrategia.com\\\/portal\\\/\",\"name\":\"Blog - Carreiras Jur\u00eddicas - Estrat\u00e9gia\",\"description\":\"\",\"publisher\":{\"@id\":\"https:\\\/\\\/cj.estrategia.com\\\/portal\\\/#organization\"},\"potentialAction\":[{\"@type\":\"SearchAction\",\"target\":{\"@type\":\"EntryPoint\",\"urlTemplate\":\"https:\\\/\\\/cj.estrategia.com\\\/portal\\\/?s={search_term_string}\"},\"query-input\":{\"@type\":\"PropertyValueSpecification\",\"valueRequired\":true,\"valueName\":\"search_term_string\"}}],\"inLanguage\":\"pt-BR\"},{\"@type\":\"Organization\",\"@id\":\"https:\\\/\\\/cj.estrategia.com\\\/portal\\\/#organization\",\"name\":\"Estrat\u00e9gia - Carreiras Jur\u00eddicas\",\"url\":\"https:\\\/\\\/cj.estrategia.com\\\/portal\\\/\",\"logo\":{\"@type\":\"ImageObject\",\"inLanguage\":\"pt-BR\",\"@id\":\"https:\\\/\\\/cj.estrategia.com\\\/portal\\\/#\\\/schema\\\/logo\\\/image\\\/\",\"url\":\"https:\\\/\\\/cj.estrategia.com\\\/portal\\\/wp-content\\\/uploads\\\/2022\\\/03\\\/11151052\\\/cj-logo.png\",\"contentUrl\":\"https:\\\/\\\/cj.estrategia.com\\\/portal\\\/wp-content\\\/uploads\\\/2022\\\/03\\\/11151052\\\/cj-logo.png\",\"width\":150,\"height\":39,\"caption\":\"Estrat\u00e9gia - Carreiras Jur\u00eddicas\"},\"image\":{\"@id\":\"https:\\\/\\\/cj.estrategia.com\\\/portal\\\/#\\\/schema\\\/logo\\\/image\\\/\"},\"sameAs\":[\"https:\\\/\\\/www.facebook.com\\\/estrategiacarreirajuridica\\\/\",\"https:\\\/\\\/x.com\\\/EstratJuridica\",\"https:\\\/\\\/www.instagram.com\\\/estrategiacarreirajuridica\\\/\",\"https:\\\/\\\/www.youtube.com\\\/channel\\\/UClbMGuYbj2Mh1m3w144ETWQ\"]},{\"@type\":\"Person\",\"@id\":\"https:\\\/\\\/cj.estrategia.com\\\/portal\\\/#\\\/schema\\\/person\\\/4d70317d31449932b99102916b6637f5\",\"name\":\"Coordena\u00e7\u00e3o\",\"image\":{\"@type\":\"ImageObject\",\"inLanguage\":\"pt-BR\",\"@id\":\"https:\\\/\\\/cj.estrategia.com\\\/portal\\\/wp-content\\\/uploads\\\/2022\\\/05\\\/12164923\\\/estrategia-carreira-juridica-coordenacao-96x96.png\",\"url\":\"https:\\\/\\\/cj.estrategia.com\\\/portal\\\/wp-content\\\/uploads\\\/2022\\\/05\\\/12164923\\\/estrategia-carreira-juridica-coordenacao-96x96.png\",\"contentUrl\":\"https:\\\/\\\/cj.estrategia.com\\\/portal\\\/wp-content\\\/uploads\\\/2022\\\/05\\\/12164923\\\/estrategia-carreira-juridica-coordenacao-96x96.png\",\"caption\":\"Coordena\u00e7\u00e3o\"},\"url\":\"https:\\\/\\\/cj.estrategia.com\\\/portal\\\/author\\\/coordenacao\\\/\"}]}<\/script>\n<!-- \/ Yoast SEO Premium plugin. -->","yoast_head_json":{"title":"Simulado - PF (Delegado) P\u00f3s-edital","description":"Participe do Simulado - PF (Delegado) P\u00f3s-edital e prepare-se para o concurso da Pol\u00edcia Federal com \u00f3timas dicas e orienta\u00e7\u00f5es.","robots":{"index":"index","follow":"follow","max-snippet":"max-snippet:-1","max-image-preview":"max-image-preview:large","max-video-preview":"max-video-preview:-1"},"canonical":"https:\/\/cj.estrategia.com\/portal\/simulado-pf-delegado-pos-edital\/","og_locale":"pt_BR","og_type":"article","og_title":"Simulado - PF (Delegado) P\u00f3s-edital","og_description":"Participe do Simulado - PF (Delegado) P\u00f3s-edital e prepare-se para o concurso da Pol\u00edcia Federal com \u00f3timas dicas e orienta\u00e7\u00f5es.","og_url":"https:\/\/cj.estrategia.com\/portal\/simulado-pf-delegado-pos-edital\/","og_site_name":"Blog - Carreiras Jur\u00eddicas - Estrat\u00e9gia","article_publisher":"https:\/\/www.facebook.com\/estrategiacarreirajuridica\/","article_published_time":"2025-07-13T09:00:00+00:00","og_image":[{"width":768,"height":432,"url":"https:\/\/cj.estrategia.com\/portal\/wp-content\/uploads\/2023\/06\/07102355\/concurso-delegado-pf-policia-federal.jpg","type":"image\/jpeg"}],"author":"Coordena\u00e7\u00e3o","twitter_card":"summary_large_image","twitter_creator":"@EstratJuridica","twitter_site":"@EstratJuridica","twitter_misc":{"Escrito por":"Coordena\u00e7\u00e3o","Est. tempo de leitura":"3 minutos"},"schema":{"@context":"https:\/\/schema.org","@graph":[{"@type":"NewsArticle","@id":"https:\/\/cj.estrategia.com\/portal\/simulado-pf-delegado-pos-edital\/#article","isPartOf":{"@id":"https:\/\/cj.estrategia.com\/portal\/simulado-pf-delegado-pos-edital\/"},"author":{"name":"Coordena\u00e7\u00e3o","@id":"https:\/\/cj.estrategia.com\/portal\/#\/schema\/person\/4d70317d31449932b99102916b6637f5"},"headline":"Simulado &#8211; PF (Delegado) P\u00f3s-edital","datePublished":"2025-07-13T09:00:00+00:00","mainEntityOfPage":{"@id":"https:\/\/cj.estrategia.com\/portal\/simulado-pf-delegado-pos-edital\/"},"wordCount":511,"commentCount":0,"publisher":{"@id":"https:\/\/cj.estrategia.com\/portal\/#organization"},"image":{"@id":"https:\/\/cj.estrategia.com\/portal\/simulado-pf-delegado-pos-edital\/#primaryimage"},"thumbnailUrl":"https:\/\/cj.estrategia.com\/portal\/wp-content\/uploads\/2023\/06\/07102355\/concurso-delegado-pf-policia-federal.jpg","articleSection":["Delegado"],"inLanguage":"pt-BR","potentialAction":[{"@type":"CommentAction","name":"Comment","target":["https:\/\/cj.estrategia.com\/portal\/simulado-pf-delegado-pos-edital\/#respond"]}]},{"@type":"WebPage","@id":"https:\/\/cj.estrategia.com\/portal\/simulado-pf-delegado-pos-edital\/","url":"https:\/\/cj.estrategia.com\/portal\/simulado-pf-delegado-pos-edital\/","name":"Simulado - PF (Delegado) P\u00f3s-edital","isPartOf":{"@id":"https:\/\/cj.estrategia.com\/portal\/#website"},"primaryImageOfPage":{"@id":"https:\/\/cj.estrategia.com\/portal\/simulado-pf-delegado-pos-edital\/#primaryimage"},"image":{"@id":"https:\/\/cj.estrategia.com\/portal\/simulado-pf-delegado-pos-edital\/#primaryimage"},"thumbnailUrl":"https:\/\/cj.estrategia.com\/portal\/wp-content\/uploads\/2023\/06\/07102355\/concurso-delegado-pf-policia-federal.jpg","datePublished":"2025-07-13T09:00:00+00:00","description":"Participe do Simulado - PF (Delegado) P\u00f3s-edital e prepare-se para o concurso da Pol\u00edcia Federal com \u00f3timas dicas e orienta\u00e7\u00f5es.","breadcrumb":{"@id":"https:\/\/cj.estrategia.com\/portal\/simulado-pf-delegado-pos-edital\/#breadcrumb"},"inLanguage":"pt-BR","potentialAction":[{"@type":"ReadAction","target":["https:\/\/cj.estrategia.com\/portal\/simulado-pf-delegado-pos-edital\/"]}]},{"@type":"ImageObject","inLanguage":"pt-BR","@id":"https:\/\/cj.estrategia.com\/portal\/simulado-pf-delegado-pos-edital\/#primaryimage","url":"https:\/\/cj.estrategia.com\/portal\/wp-content\/uploads\/2023\/06\/07102355\/concurso-delegado-pf-policia-federal.jpg","contentUrl":"https:\/\/cj.estrategia.com\/portal\/wp-content\/uploads\/2023\/06\/07102355\/concurso-delegado-pf-policia-federal.jpg","width":768,"height":432},{"@type":"BreadcrumbList","@id":"https:\/\/cj.estrategia.com\/portal\/simulado-pf-delegado-pos-edital\/#breadcrumb","itemListElement":[{"@type":"ListItem","position":1,"name":"In\u00edcio","item":"https:\/\/cj.estrategia.com\/portal\/"},{"@type":"ListItem","position":2,"name":"Simulado &#8211; PF (Delegado) P\u00f3s-edital"}]},{"@type":"WebSite","@id":"https:\/\/cj.estrategia.com\/portal\/#website","url":"https:\/\/cj.estrategia.com\/portal\/","name":"Blog - Carreiras Jur\u00eddicas - Estrat\u00e9gia","description":"","publisher":{"@id":"https:\/\/cj.estrategia.com\/portal\/#organization"},"potentialAction":[{"@type":"SearchAction","target":{"@type":"EntryPoint","urlTemplate":"https:\/\/cj.estrategia.com\/portal\/?s={search_term_string}"},"query-input":{"@type":"PropertyValueSpecification","valueRequired":true,"valueName":"search_term_string"}}],"inLanguage":"pt-BR"},{"@type":"Organization","@id":"https:\/\/cj.estrategia.com\/portal\/#organization","name":"Estrat\u00e9gia - Carreiras Jur\u00eddicas","url":"https:\/\/cj.estrategia.com\/portal\/","logo":{"@type":"ImageObject","inLanguage":"pt-BR","@id":"https:\/\/cj.estrategia.com\/portal\/#\/schema\/logo\/image\/","url":"https:\/\/cj.estrategia.com\/portal\/wp-content\/uploads\/2022\/03\/11151052\/cj-logo.png","contentUrl":"https:\/\/cj.estrategia.com\/portal\/wp-content\/uploads\/2022\/03\/11151052\/cj-logo.png","width":150,"height":39,"caption":"Estrat\u00e9gia - Carreiras Jur\u00eddicas"},"image":{"@id":"https:\/\/cj.estrategia.com\/portal\/#\/schema\/logo\/image\/"},"sameAs":["https:\/\/www.facebook.com\/estrategiacarreirajuridica\/","https:\/\/x.com\/EstratJuridica","https:\/\/www.instagram.com\/estrategiacarreirajuridica\/","https:\/\/www.youtube.com\/channel\/UClbMGuYbj2Mh1m3w144ETWQ"]},{"@type":"Person","@id":"https:\/\/cj.estrategia.com\/portal\/#\/schema\/person\/4d70317d31449932b99102916b6637f5","name":"Coordena\u00e7\u00e3o","image":{"@type":"ImageObject","inLanguage":"pt-BR","@id":"https:\/\/cj.estrategia.com\/portal\/wp-content\/uploads\/2022\/05\/12164923\/estrategia-carreira-juridica-coordenacao-96x96.png","url":"https:\/\/cj.estrategia.com\/portal\/wp-content\/uploads\/2022\/05\/12164923\/estrategia-carreira-juridica-coordenacao-96x96.png","contentUrl":"https:\/\/cj.estrategia.com\/portal\/wp-content\/uploads\/2022\/05\/12164923\/estrategia-carreira-juridica-coordenacao-96x96.png","caption":"Coordena\u00e7\u00e3o"},"url":"https:\/\/cj.estrategia.com\/portal\/author\/coordenacao\/"}]}},"jetpack_featured_media_url":"https:\/\/cj.estrategia.com\/portal\/wp-content\/uploads\/2023\/06\/07102355\/concurso-delegado-pf-policia-federal.jpg","jetpack_sharing_enabled":true,"_links":{"self":[{"href":"https:\/\/cj.estrategia.com\/portal\/wp-json\/wp\/v2\/posts\/126490","targetHints":{"allow":["GET"]}}],"collection":[{"href":"https:\/\/cj.estrategia.com\/portal\/wp-json\/wp\/v2\/posts"}],"about":[{"href":"https:\/\/cj.estrategia.com\/portal\/wp-json\/wp\/v2\/types\/post"}],"author":[{"embeddable":true,"href":"https:\/\/cj.estrategia.com\/portal\/wp-json\/wp\/v2\/users\/12"}],"replies":[{"embeddable":true,"href":"https:\/\/cj.estrategia.com\/portal\/wp-json\/wp\/v2\/comments?post=126490"}],"version-history":[{"count":10,"href":"https:\/\/cj.estrategia.com\/portal\/wp-json\/wp\/v2\/posts\/126490\/revisions"}],"predecessor-version":[{"id":134919,"href":"https:\/\/cj.estrategia.com\/portal\/wp-json\/wp\/v2\/posts\/126490\/revisions\/134919"}],"wp:featuredmedia":[{"embeddable":true,"href":"https:\/\/cj.estrategia.com\/portal\/wp-json\/wp\/v2\/media\/40746"}],"wp:attachment":[{"href":"https:\/\/cj.estrategia.com\/portal\/wp-json\/wp\/v2\/media?parent=126490"}],"wp:term":[{"taxonomy":"category","embeddable":true,"href":"https:\/\/cj.estrategia.com\/portal\/wp-json\/wp\/v2\/categories?post=126490"},{"taxonomy":"post_tag","embeddable":true,"href":"https:\/\/cj.estrategia.com\/portal\/wp-json\/wp\/v2\/tags?post=126490"},{"taxonomy":"tax_estado","embeddable":true,"href":"https:\/\/cj.estrategia.com\/portal\/wp-json\/wp\/v2\/tax_estado?post=126490"}],"curies":[{"name":"wp","href":"https:\/\/api.w.org\/{rel}","templated":true}]}}