{"id":1263,"date":"2022-03-30T18:18:48","date_gmt":"2022-03-30T21:18:48","guid":{"rendered":"https:\/\/cj.estrategia.com\/portal\/?p=1263"},"modified":"2022-03-30T18:19:50","modified_gmt":"2022-03-30T21:19:50","slug":"recurso-medicina-legal-concurso-delegado-pc-am","status":"publish","type":"post","link":"https:\/\/cj.estrategia.com\/portal\/recurso-medicina-legal-concurso-delegado-pc-am\/","title":{"rendered":"Concurso Delegado PC AM: sugest\u00e3o de recurso para Medicina Legal"},"content":{"rendered":"\n<p>Ol\u00e1, futuro delegado da Policia Civil do Amazonas! <\/p>\n\n\n\n<p>Eu sou o Paulo Bilynskyj e vim apresentar para voc\u00ea a minha sugest\u00e3o de recurso para a uma das quest\u00f5es de <strong>Medicina Legal concurso Delegado PC AM<\/strong>.<\/p>\n\n\n\n<p>Abaixo voc\u00ea poder\u00e1 conferir minha sugest\u00e3o!<\/p>\n\n\n\n<p><strong>Quest\u00e3o 80<\/strong><\/p>\n\n\n\n<p>O conhecimento das caracter\u00edsticas das feridas \u00e9 fundamental para que a Autoridade Policial compreenda a din\u00e2mica dos eventos criminosos que causam les\u00f5es corporais.<\/p>\n\n\n\n<p>Assinale a op\u00e7\u00e3o que relaciona corretamente o tipo de feridas elencadas \u00e0s suas caracter\u00edsticas.<\/p>\n\n\n\n<ul class=\"wp-block-list\"><li>Ferida contusa: apresenta bodas regulares e fundo com traves de tecido \u00edntegro.<\/li><li>Ferida corto-contusa: \u00e9 produzida por objetos que tem massa e gume e tem bordas regulares.<\/li><li>Ferida perfuro-contusa: \u00e9 causada exclusivamente por proj\u00e9teis de arma de fogo.<\/li><li>Ferida perfuro-cortante: apresenta grande profundidade sem sangramento, pois \u00e9 causada pelo afastamento dos tecidos.<\/li><li>Ferida cortante: tem profundidade maior do que a extens\u00e3o, independentemente de ter um ou mais gumes.<\/li><\/ul>\n\n\n\n<p>A banca examinadora apresentou como gabarito a alternativa B, no entanto essa alternativa n\u00e3o est\u00e1 correta, uma vez que os ferimentos corto-contusos n\u00e3o apresentam bordos regulares, muito pelo contr\u00e1rio, se n\u00e3o vejamos:<\/p>\n\n\n\n<p>Fran\u00e7a diz o seguinte:<\/p>\n\n\n\n<p>S\u00e3o ferimentos produzidos por instrumentos que, mesmo sendo portadores de gume, s\u00e3o<\/p>\n\n\n\n<p>influenciados pela a\u00e7\u00e3o contundente, quer pelo seu pr\u00f3prio peso, quer pela for\u00e7a ativa de quem os maneja. Sua a\u00e7\u00e3o tanto se faz pelo deslizamento, pela percuss\u00e3o, como pela press\u00e3o. S\u00e3o exemplos desse tipo de instrumento: a foice, o fac\u00e3o, o machado, a enxada, a guilhotina, a serra el\u00e9trica, as rodas de um trem, a tesoura, as unhas e os dentes.<\/p>\n\n\n\n<p>As les\u00f5es verificadas por essa forma de energia s\u00e3o chamadas cortocontusas.<\/p>\n\n\n\n<p>T\u00eam forma bem vari\u00e1vel, dependendo da regi\u00e3o atingida e da inclina\u00e7\u00e3o, do peso, do gume e da for\u00e7a viva que atua. Sendo o instrumento mais afiado, predominam as caracter\u00edsticas dos ferimentos cortantes. Quando o fio de corte n\u00e3o for vivo, prevalecem os caracteres de contus\u00e3o nos tecidos.<\/p>\n\n\n\n<p>S\u00e3o les\u00f5es quase sempre graves, fundas, alcan\u00e7ando mais profundamente os planos interiores e determinando as mais variadas formas de ferimentos, inclusive fraturas (Figura 4.47) . N\u00e3o<\/p>\n\n\n\n<p>apresentam cauda de escoria\u00e7\u00e3o nem pontes de tecidos \u00edntegros entre as vertentes da ferida, o que as diferencia das feridas cortantes e contusas, respectivamente.<\/p>\n\n\n\n<p>O diagn\u00f3stico \u00e9 feito atrav\u00e9s do estudo cuidadoso das bordas da ferida, sua profundidade, comprometimento com os \u00f3rg\u00e3os mais internos, entre eles os ossos, fazendo-se assim a distin\u00e7\u00e3o entre esses instrumentos e os cortantes propriamente ditos.<\/p>\n\n\n\n<p>Pode-se incluir dentro do conjunto destas les\u00f5es um quadro representado pela redu\u00e7\u00e3o do corpo a fragmentos diversos e irregulares, mais comuns nas mortes por acidentes ferrovi\u00e1rios, denominado espostejamento (Figura 4.48). Esta ocorr\u00eancia, no entanto, pode ser usada como forma de dissimular uma morte por homic\u00eddio, quando o cad\u00e1ver \u00e9 colocado na via f\u00e9rrea para confundir com suic\u00eddio ou acidente, mas que a per\u00edcia tem condi\u00e7\u00f5es de evidenciar as caracter\u00edsticas vitais dos ferimentos, a verdadeira causa da morte e outros achados que possam desqualificar aqueles intentos.<\/p>\n\n\n\n<p>A tesoura, quando utilizada de forma convencional, \u00e9 um instrumento de a\u00e7\u00e3o cortocontundente. No entanto, quando \u00e9 usada de modo agressivo, produz les\u00f5es cut\u00e2neas de entrada de acordo com a disposi\u00e7\u00e3o de suas l\u00e2minas. Quando introduzida com as l\u00e2minas fechadas produz uma ferida \u00fanica, de forma ovalar, semelhante \u00e0s produzidas por instrumentos perfurantes de m\u00e9dio calibre. Quando produzida com as l\u00e2minas abertas produz quase sempre duas feridas. As extremidades proximais das feridas, correspondentes \u00e0s produzidas pelas bordas cortantes da tesoura, t\u00eam formato de \u00e2ngulo agudo e podem apresentar pequenas caudas de escoria\u00e7\u00e3o, e as extremidades distais t\u00eam \u00e2ngulos arredondados.<\/p>\n\n\n\n<p>Na obra Medicina Legal \u00e0 luz do Direito Penal e do Direito Processual Penal, folhas 88:<\/p>\n\n\n\n<p>3.6. Les\u00f5es e mortes produzidas por a\u00e7\u00e3o cortocontundente Instrumento cortocontundente \u00e9 aquele que apresenta peso, superf\u00edcie de corte e a for\u00e7a atuante \u00e9 a m\u00e3o do agressor.&nbsp;<\/p>\n\n\n\n<p>Exemplos: machado, fac\u00e3o de mato, enxada. A les\u00e3o associa as caracter\u00edsticas daquelas produzidas pelos instrumentos cortantes e pelos instrumentos contundentes. Tem grande for\u00e7a viva, que \u00e9 igual \u00e0 velocidade ao quadrado multiplicada pela massa do objeto, dividido por dois (lembrar da equa\u00e7\u00e3o de energia de movimento ou energia cin\u00e9tica, Ec =M x V2 \/ 2, em que \u201cM\u201d \u00e9 massa e \u201cV\u201d \u00e9 velocidade).&nbsp;<\/p>\n\n\n\n<p>Caracter\u00edsticas. Apresentam ferida bizarra e acompanhada de escoria\u00e7\u00f5es e equimoses. Se houver superf\u00edcie \u00f3ssea, em geral ocorre fratura. Apesar da combina\u00e7\u00e3o das duas a\u00e7\u00f5es (cortante e contundente), se assemelham mais, para efeito de descri\u00e7\u00e3o, \u00e0s feridas contusas.<\/p>\n\n\n\n<p>Em nosso curso esclarecemos:<\/p>\n\n\n\n<p>INSTRUMENTOS CORTO-CONTUNDENTES (LES\u00c3O CORTO-CONTUSA)<\/p>\n\n\n\n<p>S\u00e3o instrumentos com grande massa que transferem sua energia cin\u00e9tica geralmente por um gume n\u00e3o afiado, agindo por press\u00e3o. As les\u00f5es geralmente s\u00e3o profundas, graves e mutilantes. As bordas das les\u00f5es s\u00e3o afastadas, escoriadas, permitindo que se veja lacera\u00e7\u00e3o de outros planos.<\/p>\n\n\n\n<p>Ex. machado; enxada.<\/p>\n\n\n\n<h2 class=\"has-text-align-center has-luminous-vivid-amber-background-color has-background has-medium-font-size wp-block-heading\" id=\"saiba-mais-concurso-delegado-am\">Saiba mais: Concurso<a href=\"https:\/\/cj.estrategia.com\/portal\/concurso-delegado-am\/\" target=\"_blank\" > Delegado AM<\/a><\/h2>\n\n\n\n<hr class=\"wp-block-separator\"\/>\n\n\n\n<h2 class=\"has-text-align-center wp-block-heading\" id=\"h-quer-saber-tudo-sobre-concursos-previstos-confira-nossos-artigos\"><span id=\"quer-saber-tudo-sobre-concursos-previstosconfira-nossos-artigos\">Quer saber tudo sobre concursos previstos?<br>Confira nossos artigos!<\/span><\/h2>\n\n\n\n<ul class=\"wp-block-list\"><li><a href=\"https:\/\/www.estrategiaconcursos.com.br\/blog\/concursos-abertos\/\" target=\"_blank\" >Concursos abertos<\/a><\/li><li><a href=\"https:\/\/www.estrategiaconcursos.com.br\/blog\/concursos-2022\/\" target=\"_blank\" >Concursos 2022<\/a><\/li><\/ul>\n\n\n\n<div class=\"container\" id=\"boxes\">\n  <div class=\"row\">\n\n    <div class=\"col-sm\">\n      <div class=\"banner-ecj\" id=\"box-assinatura\">\n        <h3 id=\"curso-para-concurso-delegado-am\" class=\"titulo-assinatura\">Curso para Concurso Delegado AM  <\/h3>\n        <p class=\"subtitulo-assinatura\">Cursos focados no edital do concurso<\/p>\n        <div class=\"box-botao\">\n          <a class=\"btn-assinatura\" target=\"_blank\" href=\"https:\/\/www.estrategiaconcursos.com.br\/cursosPorConcurso\/policia-civil-am-delegado\/\" role=\"button\" rel=\"noopener noreferrer\">Conhe\u00e7a mais<\/a>\n        <\/div>\n      <\/div>\n      <p class=\"texto-auxiliar\">Prepare-se com o melhor material e com quem mais aprova em concursos em todo o pa\u00eds. \n<\/p>\n    <\/div>\n\n  <\/div>\n<\/div>\n\n\n\n<div class=\"container\" id=\"boxes\">\n  <div class=\"row\">\n\n    <div class=\"col-sm\">\n      <div class=\"banner-ecj\" id=\"box-assinatura\">\n        <h3 id=\"assinatura-juridica\" class=\"titulo-assinatura\">Assinatura Jur\u00eddica <\/h3>\n        <p class=\"subtitulo-assinatura\">Conhe\u00e7a os planos<\/p>\n        <div class=\"box-botao\">\n          <a class=\"btn-assinatura\" target=\"_blank\" href=\"https:\/\/www.estrategiaconcursos.com.br\/assinaturas-ecj\/\" role=\"button\" rel=\"noopener noreferrer\">Conhe\u00e7a mais<\/a>\n        <\/div>\n      <\/div>\n      <p class=\"texto-auxiliar\">Prepare-se com o melhor material e com quem mais aprova em Concursos P\u00fablicos em todo o pa\u00eds. \n<\/p>\n    <\/div>\n\n  <\/div>\n<\/div>\n","protected":false},"excerpt":{"rendered":"Ol\u00e1, futuro delegado da Policia Civil do Amazonas! Eu sou o Paulo Bilynskyj e vim apresentar para voc\u00ea&hellip;\n","protected":false},"author":12,"featured_media":887,"comment_status":"open","ping_status":"open","sticky":false,"template":"","format":"standard","meta":{"_jetpack_memberships_contains_paid_content":false,"footnotes":""},"categories":[28],"tags":[60,59],"tax_estado":[32],"class_list":{"0":"post-1263","1":"post","2":"type-post","3":"status-publish","4":"format-standard","5":"has-post-thumbnail","7":"category-delegado","8":"tag-concurso-delta-pc-am","9":"tag-delta-pc-am","10":"tax_estado-am"},"acf":[],"yoast_head":"<!-- This site is optimized with the Yoast SEO Premium plugin v27.4 (Yoast SEO v27.4) - https:\/\/yoast.com\/product\/yoast-seo-premium-wordpress\/ -->\n<title>Concurso Delegado PC AM: sugest\u00e3o de recurso para Medicina Legal<\/title>\n<meta name=\"robots\" content=\"index, follow, max-snippet:-1, max-image-preview:large, max-video-preview:-1\" \/>\n<link rel=\"canonical\" href=\"https:\/\/cj.estrategia.com\/portal\/recurso-medicina-legal-concurso-delegado-pc-am\/\" \/>\n<meta property=\"og:locale\" content=\"pt_BR\" \/>\n<meta property=\"og:type\" content=\"article\" \/>\n<meta property=\"og:title\" content=\"Concurso Delegado PC AM: sugest\u00e3o de recurso para Medicina Legal\" \/>\n<meta property=\"og:description\" content=\"Ol\u00e1, futuro delegado da Policia Civil do Amazonas! Eu sou o Paulo Bilynskyj e vim apresentar para voc\u00ea&hellip;\" \/>\n<meta property=\"og:url\" content=\"https:\/\/cj.estrategia.com\/portal\/recurso-medicina-legal-concurso-delegado-pc-am\/\" \/>\n<meta property=\"og:site_name\" content=\"Blog - Carreiras Jur\u00eddicas - Estrat\u00e9gia\" \/>\n<meta property=\"article:publisher\" content=\"https:\/\/www.facebook.com\/estrategiacarreirajuridica\/\" \/>\n<meta property=\"article:published_time\" content=\"2022-03-30T21:18:48+00:00\" \/>\n<meta property=\"article:modified_time\" content=\"2022-03-30T21:19:50+00:00\" \/>\n<meta property=\"og:image\" content=\"https:\/\/cj.estrategia.com\/portal\/wp-content\/uploads\/2022\/03\/24183845\/1280-720-max-2-1.jpg\" \/>\n\t<meta property=\"og:image:width\" content=\"1280\" \/>\n\t<meta property=\"og:image:height\" content=\"720\" \/>\n\t<meta property=\"og:image:type\" content=\"image\/jpeg\" \/>\n<meta name=\"author\" content=\"Coordena\u00e7\u00e3o\" \/>\n<meta name=\"twitter:card\" content=\"summary_large_image\" \/>\n<meta name=\"twitter:creator\" content=\"@EstratJuridica\" \/>\n<meta name=\"twitter:site\" content=\"@EstratJuridica\" \/>\n<meta name=\"twitter:label1\" content=\"Escrito por\" \/>\n\t<meta name=\"twitter:data1\" content=\"Coordena\u00e7\u00e3o\" \/>\n\t<meta name=\"twitter:label2\" content=\"Est. tempo de leitura\" \/>\n\t<meta name=\"twitter:data2\" content=\"5 minutos\" \/>\n<script type=\"application\/ld+json\" class=\"yoast-schema-graph\">{\"@context\":\"https:\\\/\\\/schema.org\",\"@graph\":[{\"@type\":\"NewsArticle\",\"@id\":\"https:\\\/\\\/cj.estrategia.com\\\/portal\\\/recurso-medicina-legal-concurso-delegado-pc-am\\\/#article\",\"isPartOf\":{\"@id\":\"https:\\\/\\\/cj.estrategia.com\\\/portal\\\/recurso-medicina-legal-concurso-delegado-pc-am\\\/\"},\"author\":{\"name\":\"Coordena\u00e7\u00e3o\",\"@id\":\"https:\\\/\\\/cj.estrategia.com\\\/portal\\\/#\\\/schema\\\/person\\\/4d70317d31449932b99102916b6637f5\"},\"headline\":\"Concurso Delegado PC AM: sugest\u00e3o de recurso para Medicina Legal\",\"datePublished\":\"2022-03-30T21:18:48+00:00\",\"dateModified\":\"2022-03-30T21:19:50+00:00\",\"mainEntityOfPage\":{\"@id\":\"https:\\\/\\\/cj.estrategia.com\\\/portal\\\/recurso-medicina-legal-concurso-delegado-pc-am\\\/\"},\"wordCount\":943,\"commentCount\":0,\"publisher\":{\"@id\":\"https:\\\/\\\/cj.estrategia.com\\\/portal\\\/#organization\"},\"image\":{\"@id\":\"https:\\\/\\\/cj.estrategia.com\\\/portal\\\/recurso-medicina-legal-concurso-delegado-pc-am\\\/#primaryimage\"},\"thumbnailUrl\":\"https:\\\/\\\/cj.estrategia.com\\\/portal\\\/wp-content\\\/uploads\\\/2022\\\/03\\\/24183845\\\/1280-720-max-2-1.jpg\",\"keywords\":[\"concurso delta pc am\",\"delta pc am\"],\"articleSection\":[\"Delegado\"],\"inLanguage\":\"pt-BR\",\"potentialAction\":[{\"@type\":\"CommentAction\",\"name\":\"Comment\",\"target\":[\"https:\\\/\\\/cj.estrategia.com\\\/portal\\\/recurso-medicina-legal-concurso-delegado-pc-am\\\/#respond\"]}]},{\"@type\":\"WebPage\",\"@id\":\"https:\\\/\\\/cj.estrategia.com\\\/portal\\\/recurso-medicina-legal-concurso-delegado-pc-am\\\/\",\"url\":\"https:\\\/\\\/cj.estrategia.com\\\/portal\\\/recurso-medicina-legal-concurso-delegado-pc-am\\\/\",\"name\":\"Concurso Delegado PC AM: sugest\u00e3o de recurso para Medicina Legal\",\"isPartOf\":{\"@id\":\"https:\\\/\\\/cj.estrategia.com\\\/portal\\\/#website\"},\"primaryImageOfPage\":{\"@id\":\"https:\\\/\\\/cj.estrategia.com\\\/portal\\\/recurso-medicina-legal-concurso-delegado-pc-am\\\/#primaryimage\"},\"image\":{\"@id\":\"https:\\\/\\\/cj.estrategia.com\\\/portal\\\/recurso-medicina-legal-concurso-delegado-pc-am\\\/#primaryimage\"},\"thumbnailUrl\":\"https:\\\/\\\/cj.estrategia.com\\\/portal\\\/wp-content\\\/uploads\\\/2022\\\/03\\\/24183845\\\/1280-720-max-2-1.jpg\",\"datePublished\":\"2022-03-30T21:18:48+00:00\",\"dateModified\":\"2022-03-30T21:19:50+00:00\",\"breadcrumb\":{\"@id\":\"https:\\\/\\\/cj.estrategia.com\\\/portal\\\/recurso-medicina-legal-concurso-delegado-pc-am\\\/#breadcrumb\"},\"inLanguage\":\"pt-BR\",\"potentialAction\":[{\"@type\":\"ReadAction\",\"target\":[\"https:\\\/\\\/cj.estrategia.com\\\/portal\\\/recurso-medicina-legal-concurso-delegado-pc-am\\\/\"]}]},{\"@type\":\"ImageObject\",\"inLanguage\":\"pt-BR\",\"@id\":\"https:\\\/\\\/cj.estrategia.com\\\/portal\\\/recurso-medicina-legal-concurso-delegado-pc-am\\\/#primaryimage\",\"url\":\"https:\\\/\\\/cj.estrategia.com\\\/portal\\\/wp-content\\\/uploads\\\/2022\\\/03\\\/24183845\\\/1280-720-max-2-1.jpg\",\"contentUrl\":\"https:\\\/\\\/cj.estrategia.com\\\/portal\\\/wp-content\\\/uploads\\\/2022\\\/03\\\/24183845\\\/1280-720-max-2-1.jpg\",\"width\":1280,\"height\":720,\"caption\":\"Gabarito Extraoficial Delta PC AM\"},{\"@type\":\"BreadcrumbList\",\"@id\":\"https:\\\/\\\/cj.estrategia.com\\\/portal\\\/recurso-medicina-legal-concurso-delegado-pc-am\\\/#breadcrumb\",\"itemListElement\":[{\"@type\":\"ListItem\",\"position\":1,\"name\":\"In\u00edcio\",\"item\":\"https:\\\/\\\/cj.estrategia.com\\\/portal\\\/\"},{\"@type\":\"ListItem\",\"position\":2,\"name\":\"Concurso Delegado PC AM: sugest\u00e3o de recurso para Medicina Legal\"}]},{\"@type\":\"WebSite\",\"@id\":\"https:\\\/\\\/cj.estrategia.com\\\/portal\\\/#website\",\"url\":\"https:\\\/\\\/cj.estrategia.com\\\/portal\\\/\",\"name\":\"Blog - Carreiras Jur\u00eddicas - Estrat\u00e9gia\",\"description\":\"\",\"publisher\":{\"@id\":\"https:\\\/\\\/cj.estrategia.com\\\/portal\\\/#organization\"},\"potentialAction\":[{\"@type\":\"SearchAction\",\"target\":{\"@type\":\"EntryPoint\",\"urlTemplate\":\"https:\\\/\\\/cj.estrategia.com\\\/portal\\\/?s={search_term_string}\"},\"query-input\":{\"@type\":\"PropertyValueSpecification\",\"valueRequired\":true,\"valueName\":\"search_term_string\"}}],\"inLanguage\":\"pt-BR\"},{\"@type\":\"Organization\",\"@id\":\"https:\\\/\\\/cj.estrategia.com\\\/portal\\\/#organization\",\"name\":\"Estrat\u00e9gia - Carreiras Jur\u00eddicas\",\"url\":\"https:\\\/\\\/cj.estrategia.com\\\/portal\\\/\",\"logo\":{\"@type\":\"ImageObject\",\"inLanguage\":\"pt-BR\",\"@id\":\"https:\\\/\\\/cj.estrategia.com\\\/portal\\\/#\\\/schema\\\/logo\\\/image\\\/\",\"url\":\"https:\\\/\\\/cj.estrategia.com\\\/portal\\\/wp-content\\\/uploads\\\/2022\\\/03\\\/11151052\\\/cj-logo.png\",\"contentUrl\":\"https:\\\/\\\/cj.estrategia.com\\\/portal\\\/wp-content\\\/uploads\\\/2022\\\/03\\\/11151052\\\/cj-logo.png\",\"width\":150,\"height\":39,\"caption\":\"Estrat\u00e9gia - Carreiras Jur\u00eddicas\"},\"image\":{\"@id\":\"https:\\\/\\\/cj.estrategia.com\\\/portal\\\/#\\\/schema\\\/logo\\\/image\\\/\"},\"sameAs\":[\"https:\\\/\\\/www.facebook.com\\\/estrategiacarreirajuridica\\\/\",\"https:\\\/\\\/x.com\\\/EstratJuridica\",\"https:\\\/\\\/www.instagram.com\\\/estrategiacarreirajuridica\\\/\",\"https:\\\/\\\/www.youtube.com\\\/channel\\\/UClbMGuYbj2Mh1m3w144ETWQ\"]},{\"@type\":\"Person\",\"@id\":\"https:\\\/\\\/cj.estrategia.com\\\/portal\\\/#\\\/schema\\\/person\\\/4d70317d31449932b99102916b6637f5\",\"name\":\"Coordena\u00e7\u00e3o\",\"image\":{\"@type\":\"ImageObject\",\"inLanguage\":\"pt-BR\",\"@id\":\"https:\\\/\\\/cj.estrategia.com\\\/portal\\\/wp-content\\\/uploads\\\/2022\\\/05\\\/12164923\\\/estrategia-carreira-juridica-coordenacao-96x96.png\",\"url\":\"https:\\\/\\\/cj.estrategia.com\\\/portal\\\/wp-content\\\/uploads\\\/2022\\\/05\\\/12164923\\\/estrategia-carreira-juridica-coordenacao-96x96.png\",\"contentUrl\":\"https:\\\/\\\/cj.estrategia.com\\\/portal\\\/wp-content\\\/uploads\\\/2022\\\/05\\\/12164923\\\/estrategia-carreira-juridica-coordenacao-96x96.png\",\"caption\":\"Coordena\u00e7\u00e3o\"},\"url\":\"https:\\\/\\\/cj.estrategia.com\\\/portal\\\/author\\\/coordenacao\\\/\"}]}<\/script>\n<!-- \/ Yoast SEO Premium plugin. -->","yoast_head_json":{"title":"Concurso Delegado PC AM: sugest\u00e3o de recurso para Medicina Legal","robots":{"index":"index","follow":"follow","max-snippet":"max-snippet:-1","max-image-preview":"max-image-preview:large","max-video-preview":"max-video-preview:-1"},"canonical":"https:\/\/cj.estrategia.com\/portal\/recurso-medicina-legal-concurso-delegado-pc-am\/","og_locale":"pt_BR","og_type":"article","og_title":"Concurso Delegado PC AM: sugest\u00e3o de recurso para Medicina Legal","og_description":"Ol\u00e1, futuro delegado da Policia Civil do Amazonas! Eu sou o Paulo Bilynskyj e vim apresentar para voc\u00ea&hellip;","og_url":"https:\/\/cj.estrategia.com\/portal\/recurso-medicina-legal-concurso-delegado-pc-am\/","og_site_name":"Blog - Carreiras Jur\u00eddicas - Estrat\u00e9gia","article_publisher":"https:\/\/www.facebook.com\/estrategiacarreirajuridica\/","article_published_time":"2022-03-30T21:18:48+00:00","article_modified_time":"2022-03-30T21:19:50+00:00","og_image":[{"width":1280,"height":720,"url":"https:\/\/cj.estrategia.com\/portal\/wp-content\/uploads\/2022\/03\/24183845\/1280-720-max-2-1.jpg","type":"image\/jpeg"}],"author":"Coordena\u00e7\u00e3o","twitter_card":"summary_large_image","twitter_creator":"@EstratJuridica","twitter_site":"@EstratJuridica","twitter_misc":{"Escrito por":"Coordena\u00e7\u00e3o","Est. tempo de leitura":"5 minutos"},"schema":{"@context":"https:\/\/schema.org","@graph":[{"@type":"NewsArticle","@id":"https:\/\/cj.estrategia.com\/portal\/recurso-medicina-legal-concurso-delegado-pc-am\/#article","isPartOf":{"@id":"https:\/\/cj.estrategia.com\/portal\/recurso-medicina-legal-concurso-delegado-pc-am\/"},"author":{"name":"Coordena\u00e7\u00e3o","@id":"https:\/\/cj.estrategia.com\/portal\/#\/schema\/person\/4d70317d31449932b99102916b6637f5"},"headline":"Concurso Delegado PC AM: sugest\u00e3o de recurso para Medicina Legal","datePublished":"2022-03-30T21:18:48+00:00","dateModified":"2022-03-30T21:19:50+00:00","mainEntityOfPage":{"@id":"https:\/\/cj.estrategia.com\/portal\/recurso-medicina-legal-concurso-delegado-pc-am\/"},"wordCount":943,"commentCount":0,"publisher":{"@id":"https:\/\/cj.estrategia.com\/portal\/#organization"},"image":{"@id":"https:\/\/cj.estrategia.com\/portal\/recurso-medicina-legal-concurso-delegado-pc-am\/#primaryimage"},"thumbnailUrl":"https:\/\/cj.estrategia.com\/portal\/wp-content\/uploads\/2022\/03\/24183845\/1280-720-max-2-1.jpg","keywords":["concurso delta pc am","delta pc am"],"articleSection":["Delegado"],"inLanguage":"pt-BR","potentialAction":[{"@type":"CommentAction","name":"Comment","target":["https:\/\/cj.estrategia.com\/portal\/recurso-medicina-legal-concurso-delegado-pc-am\/#respond"]}]},{"@type":"WebPage","@id":"https:\/\/cj.estrategia.com\/portal\/recurso-medicina-legal-concurso-delegado-pc-am\/","url":"https:\/\/cj.estrategia.com\/portal\/recurso-medicina-legal-concurso-delegado-pc-am\/","name":"Concurso Delegado PC AM: sugest\u00e3o de recurso para Medicina Legal","isPartOf":{"@id":"https:\/\/cj.estrategia.com\/portal\/#website"},"primaryImageOfPage":{"@id":"https:\/\/cj.estrategia.com\/portal\/recurso-medicina-legal-concurso-delegado-pc-am\/#primaryimage"},"image":{"@id":"https:\/\/cj.estrategia.com\/portal\/recurso-medicina-legal-concurso-delegado-pc-am\/#primaryimage"},"thumbnailUrl":"https:\/\/cj.estrategia.com\/portal\/wp-content\/uploads\/2022\/03\/24183845\/1280-720-max-2-1.jpg","datePublished":"2022-03-30T21:18:48+00:00","dateModified":"2022-03-30T21:19:50+00:00","breadcrumb":{"@id":"https:\/\/cj.estrategia.com\/portal\/recurso-medicina-legal-concurso-delegado-pc-am\/#breadcrumb"},"inLanguage":"pt-BR","potentialAction":[{"@type":"ReadAction","target":["https:\/\/cj.estrategia.com\/portal\/recurso-medicina-legal-concurso-delegado-pc-am\/"]}]},{"@type":"ImageObject","inLanguage":"pt-BR","@id":"https:\/\/cj.estrategia.com\/portal\/recurso-medicina-legal-concurso-delegado-pc-am\/#primaryimage","url":"https:\/\/cj.estrategia.com\/portal\/wp-content\/uploads\/2022\/03\/24183845\/1280-720-max-2-1.jpg","contentUrl":"https:\/\/cj.estrategia.com\/portal\/wp-content\/uploads\/2022\/03\/24183845\/1280-720-max-2-1.jpg","width":1280,"height":720,"caption":"Gabarito Extraoficial Delta PC AM"},{"@type":"BreadcrumbList","@id":"https:\/\/cj.estrategia.com\/portal\/recurso-medicina-legal-concurso-delegado-pc-am\/#breadcrumb","itemListElement":[{"@type":"ListItem","position":1,"name":"In\u00edcio","item":"https:\/\/cj.estrategia.com\/portal\/"},{"@type":"ListItem","position":2,"name":"Concurso Delegado PC AM: sugest\u00e3o de recurso para Medicina Legal"}]},{"@type":"WebSite","@id":"https:\/\/cj.estrategia.com\/portal\/#website","url":"https:\/\/cj.estrategia.com\/portal\/","name":"Blog - Carreiras Jur\u00eddicas - Estrat\u00e9gia","description":"","publisher":{"@id":"https:\/\/cj.estrategia.com\/portal\/#organization"},"potentialAction":[{"@type":"SearchAction","target":{"@type":"EntryPoint","urlTemplate":"https:\/\/cj.estrategia.com\/portal\/?s={search_term_string}"},"query-input":{"@type":"PropertyValueSpecification","valueRequired":true,"valueName":"search_term_string"}}],"inLanguage":"pt-BR"},{"@type":"Organization","@id":"https:\/\/cj.estrategia.com\/portal\/#organization","name":"Estrat\u00e9gia - Carreiras Jur\u00eddicas","url":"https:\/\/cj.estrategia.com\/portal\/","logo":{"@type":"ImageObject","inLanguage":"pt-BR","@id":"https:\/\/cj.estrategia.com\/portal\/#\/schema\/logo\/image\/","url":"https:\/\/cj.estrategia.com\/portal\/wp-content\/uploads\/2022\/03\/11151052\/cj-logo.png","contentUrl":"https:\/\/cj.estrategia.com\/portal\/wp-content\/uploads\/2022\/03\/11151052\/cj-logo.png","width":150,"height":39,"caption":"Estrat\u00e9gia - Carreiras Jur\u00eddicas"},"image":{"@id":"https:\/\/cj.estrategia.com\/portal\/#\/schema\/logo\/image\/"},"sameAs":["https:\/\/www.facebook.com\/estrategiacarreirajuridica\/","https:\/\/x.com\/EstratJuridica","https:\/\/www.instagram.com\/estrategiacarreirajuridica\/","https:\/\/www.youtube.com\/channel\/UClbMGuYbj2Mh1m3w144ETWQ"]},{"@type":"Person","@id":"https:\/\/cj.estrategia.com\/portal\/#\/schema\/person\/4d70317d31449932b99102916b6637f5","name":"Coordena\u00e7\u00e3o","image":{"@type":"ImageObject","inLanguage":"pt-BR","@id":"https:\/\/cj.estrategia.com\/portal\/wp-content\/uploads\/2022\/05\/12164923\/estrategia-carreira-juridica-coordenacao-96x96.png","url":"https:\/\/cj.estrategia.com\/portal\/wp-content\/uploads\/2022\/05\/12164923\/estrategia-carreira-juridica-coordenacao-96x96.png","contentUrl":"https:\/\/cj.estrategia.com\/portal\/wp-content\/uploads\/2022\/05\/12164923\/estrategia-carreira-juridica-coordenacao-96x96.png","caption":"Coordena\u00e7\u00e3o"},"url":"https:\/\/cj.estrategia.com\/portal\/author\/coordenacao\/"}]}},"jetpack_featured_media_url":"https:\/\/cj.estrategia.com\/portal\/wp-content\/uploads\/2022\/03\/24183845\/1280-720-max-2-1.jpg","jetpack_sharing_enabled":true,"_links":{"self":[{"href":"https:\/\/cj.estrategia.com\/portal\/wp-json\/wp\/v2\/posts\/1263","targetHints":{"allow":["GET"]}}],"collection":[{"href":"https:\/\/cj.estrategia.com\/portal\/wp-json\/wp\/v2\/posts"}],"about":[{"href":"https:\/\/cj.estrategia.com\/portal\/wp-json\/wp\/v2\/types\/post"}],"author":[{"embeddable":true,"href":"https:\/\/cj.estrategia.com\/portal\/wp-json\/wp\/v2\/users\/12"}],"replies":[{"embeddable":true,"href":"https:\/\/cj.estrategia.com\/portal\/wp-json\/wp\/v2\/comments?post=1263"}],"version-history":[{"count":9,"href":"https:\/\/cj.estrategia.com\/portal\/wp-json\/wp\/v2\/posts\/1263\/revisions"}],"predecessor-version":[{"id":1275,"href":"https:\/\/cj.estrategia.com\/portal\/wp-json\/wp\/v2\/posts\/1263\/revisions\/1275"}],"wp:featuredmedia":[{"embeddable":true,"href":"https:\/\/cj.estrategia.com\/portal\/wp-json\/wp\/v2\/media\/887"}],"wp:attachment":[{"href":"https:\/\/cj.estrategia.com\/portal\/wp-json\/wp\/v2\/media?parent=1263"}],"wp:term":[{"taxonomy":"category","embeddable":true,"href":"https:\/\/cj.estrategia.com\/portal\/wp-json\/wp\/v2\/categories?post=1263"},{"taxonomy":"post_tag","embeddable":true,"href":"https:\/\/cj.estrategia.com\/portal\/wp-json\/wp\/v2\/tags?post=1263"},{"taxonomy":"tax_estado","embeddable":true,"href":"https:\/\/cj.estrategia.com\/portal\/wp-json\/wp\/v2\/tax_estado?post=1263"}],"curies":[{"name":"wp","href":"https:\/\/api.w.org\/{rel}","templated":true}]}}