{"id":126028,"date":"2025-06-04T21:43:37","date_gmt":"2025-06-05T00:43:37","guid":{"rendered":"https:\/\/cj.estrategia.com\/portal\/?p=126028"},"modified":"2025-06-04T21:43:41","modified_gmt":"2025-06-05T00:43:41","slug":"concurso-juiz-trf2-requisitos","status":"publish","type":"post","link":"https:\/\/cj.estrategia.com\/portal\/concurso-juiz-trf2-requisitos\/","title":{"rendered":"Quais foram os requisitos para Juiz Substituto no \u00faltimo concurso TRF2?"},"content":{"rendered":"<a id=\"cta-icon\" href=\"https:\/\/www.redirectmais.com\/wpp\/juiz-trf2-grupo\" target=\"blank\" style=\"background:rgb(41,166,26)\">\n            <img decoding=\"async\" src=\"https:\/\/cj.estrategia.com\/portal\/wp-content\/uploads\/2023\/12\/07160657\/whatsapp_1385.webp\" alt=\"\" alt=\"whatsapp_1385\"><span > Acesse agora o Grupo de Estudos para o concurso Juiz TRF2<\/span><\/a>\n\n\n\n<p>O<strong> Tribunal Regional Federal da 2\u00aa Regi\u00e3o (TRF2) j\u00e1 autorizou, por decis\u00e3o un\u00e2nime do \u00d3rg\u00e3o Especial, a realiza\u00e7\u00e3o do XIX Concurso para Juiz Federal Substituto<\/strong>. A sess\u00e3o foi presidida pelo desembargador Guilherme Calmon.<\/p>\n\n\n\n<p>O \u00faltimo concurso, realizado em 2024, teve cinco etapas e exigiu aprova\u00e7\u00e3o no Exame Nacional da Magistratura (Enam). Ao todo, foram registrados 2.299 candidatos inscritos.<\/p>\n\n\n\n<p>Atualmente, o profissional da institui\u00e7\u00e3o p\u00fablica recebe uma remunera\u00e7\u00e3o inicial de&nbsp;<strong>R$ 37.765,55<\/strong>.<\/p>\n\n\n\n<p>Se voc\u00ea pretende se preparar para o pr\u00f3ximo concurso, conhe\u00e7a agora os principais requisitos para o cargo. Confira nesta mat\u00e9ria.<\/p>\n\n\n\n<h2 class=\"wp-block-heading\" id=\"h-requisitos-para-cargo-juiz-federal-substituo-do-trf2\"><span id=\"requisitos-para-cargo-juiz-federal-substituo-do-trf2\">Requisitos para cargo Juiz Federal Substituo do TRF2<\/span><\/h2>\n\n\n\n<p>De acordo com o edital, no<strong> \u00faltimo concurso foi necess\u00e1rio<\/strong> que os candidatos: <\/p>\n\n\n\n<ul class=\"wp-block-list\">\n<li>Ter sido aprovado no concurso p\u00fablico e possuir menos de setenta anos na data da posse.<\/li>\n\n\n\n<li>Estar no exerc\u00edcio dos direitos civis e pol\u00edticos.<\/li>\n\n\n\n<li>Possuir nacionalidade brasileira ou portuguesa. No caso de nacionalidade portuguesa, ter estado amparado pelo Estatuto de Igualdade entre Brasileiros e Portugueses (Decreto Federal n\u00ba 70.436, de 18 de abril de 1972), com reconhecimento do gozo dos direitos pol\u00edticos, nos termos do artigo 12, par\u00e1grafo primeiro, da Constitui\u00e7\u00e3o Federal.<\/li>\n\n\n\n<li>Estar em dia com as obriga\u00e7\u00f5es eleitorais e, se do sexo masculino, tamb\u00e9m com as obriga\u00e7\u00f5es militares.<\/li>\n\n\n\n<li>Ser bacharel em Direito h\u00e1 no m\u00ednimo tr\u00eas anos, com diploma registrado pelo Minist\u00e9rio da Educa\u00e7\u00e3o at\u00e9 a data da inscri\u00e7\u00e3o definitiva.<\/li>\n\n\n\n<li>Ter comprovado, na data da inscri\u00e7\u00e3o definitiva, o exerc\u00edcio de tr\u00eas anos de atividade jur\u00eddica ap\u00f3s a obten\u00e7\u00e3o do grau de bacharel em Direito, conforme definido no artigo 93, inciso I, da Constitui\u00e7\u00e3o Federal de 1988 e na Resolu\u00e7\u00e3o n\u00ba 75, de 2009, do Conselho Nacional de Justi\u00e7a, mediante apresenta\u00e7\u00e3o de documentos e certid\u00f5es.<\/li>\n\n\n\n<li>Possuir aptid\u00e3o f\u00edsica e mental para o exerc\u00edcio das atribui\u00e7\u00f5es do cargo.<\/li>\n\n\n\n<li>Ter apresentado bons antecedentes morais e sociais, comprovados por investiga\u00e7\u00e3o conduzida pelo Tribunal Regional Federal da 2\u00aa Regi\u00e3o, bem como laudo oficial atestando sa\u00fade f\u00edsica, mental e caracter\u00edsticas psicol\u00f3gicas compat\u00edveis com o exerc\u00edcio do cargo.<\/li>\n\n\n\n<li>Ter apresentado declara\u00e7\u00e3o p\u00fablica de bens e firmado compromisso de desempenhar as fun\u00e7\u00f5es do cargo com retid\u00e3o, observando a Constitui\u00e7\u00e3o e as leis.<\/li>\n\n\n\n<li>N\u00e3o possuir antecedentes criminais.<\/li>\n\n\n\n<li>N\u00e3o estar respondendo a processo nem ter sofrido penalidades por atos desabonadores no exerc\u00edcio profissional.<\/li>\n\n\n\n<li>Ter cumprido todas as determina\u00e7\u00f5es previstas no edital e na Resolu\u00e7\u00e3o n\u00ba TRF2-RSP-2024\/00081, de 5 de setembro de 2024, que regulamentou o XVIII Concurso P\u00fablico.<\/li>\n<\/ul>\n\n\n\n<h2 class=\"wp-block-heading\" id=\"h-como-foram-as-etapas-do-certame\"><span id=\"como-foram-as-etapas-do-certame\">Como foram as etapas do certame?<\/span><\/h2>\n\n\n\n<p>O concurso para a magistratura de 2024 foi dividido em cinco etapas. A primeira consistiu em uma prova objetiva seletiva, realizada por meio do Exame Nacional da Magistratura, de car\u00e1ter apenas eliminat\u00f3rio. Apenas os aprovados nesse exame puderam se inscrever nas etapas seguintes.<\/p>\n\n\n\n<p>A segunda etapa foi composta por provas escritas: uma discursiva geral, uma pr\u00e1tica de senten\u00e7a c\u00edvel e outra de senten\u00e7a criminal, todas com car\u00e1ter eliminat\u00f3rio e classificat\u00f3rio. A prova discursiva teve entre 8 e 20 quest\u00f5es e cada uma das tr\u00eas provas teve peso tr\u00eas.<\/p>\n\n\n\n<p>Na terceira etapa, ocorreu a inscri\u00e7\u00e3o definitiva, com sindic\u00e2ncia da vida pregressa, investiga\u00e7\u00e3o social, exame de sanidade f\u00edsica e mental, al\u00e9m de exame psicot\u00e9cnico, todos de car\u00e1ter eliminat\u00f3rio.<\/p>\n\n\n\n<p>A quarta etapa consistiu em prova oral, de natureza classificat\u00f3ria e eliminat\u00f3ria. A quinta e \u00faltima etapa foi a avalia\u00e7\u00e3o de t\u00edtulos, exclusivamente classificat\u00f3ria. <\/p>\n\n\n\n<p class=\"has-text-align-center\"><em>Quer ficar atualizado sobre o Concurso TRF 2 Juiz? Clique no link abaixo e confira todos os detalhes da futura sele\u00e7\u00e3o! <\/em><\/p>\n\n\n\n<p class=\"has-text-align-center is-style-default has-luminous-vivid-amber-background-color has-background\"><strong>Saiba mais: <a href=\"https:\/\/cj.estrategia.com\/portal\/concurso-trf2-juiz-federal\/\" target=\"_blank\" >Concurso TRF2 Juiz Federal<\/a><\/strong><\/p>\n\n\n\n<h2 class=\"wp-block-heading has-text-align-center\" id=\"h-quer-saber-tudo-sobre-concursos-previstos-confira-nossos-artigos\"><span id=\"quer-saber-tudo-sobre-concursos-previstosconfira-nossos-artigos\">Quer saber tudo sobre concursos previstos?<br><strong>Confira nossos artigos!<\/strong><\/span><\/h2>\n\n\n\n<ul class=\"wp-block-list\">\n<li><a href=\"https:\/\/cj.estrategia.com\/portal\/concursos-abertos-carreiras-juridicas\/\" target=\"_blank\" >Concursos jur\u00eddicos abertos<\/a><\/li>\n\n\n\n<li><a href=\"https:\/\/cj.estrategia.com\/portal\/concursos-advogados\/\" target=\"_blank\" >Concursos jur\u00eddicos 2025<\/a><\/li>\n\n\n\n<li><a href=\"https:\/\/cj.estrategia.com\/portal\/concursos-magistratura\/\" target=\"_blank\" >Concursos magistratura<\/a><\/li>\n\n\n\n<li><a href=\"https:\/\/cj.estrategia.com\/portal\/exame-nacional-da-magistratura\/\" target=\"_blank\" >Exame Nacional da Magistratura<\/a><\/li>\n<\/ul>\n\n\n\n<h2 class=\"wp-block-heading has-text-align-center\" id=\"curso\"><span id=\"cursos-e-assinaturas\">CURSOS E ASSINATURAS<\/span><\/h2>\n\n\n\n<div class=\"container\" id=\"boxes\">\n  <div class=\"row\">\n\n    <div class=\"col-sm\">\n      <div class=\"banner-estrategia-concursos-juridicos\" id=\"box-assinatura\">\n        <h2 id=\"curso-para-trf2-juiz-federal\" class=\"titulo-assinatura\"><span style=\"color: #ffffff; font-size: 23px; \">Curso para TRF2 Juiz Federal <\/span><\/h2>\n        <p class=\"subtitulo-assinatura\">Cursos focados no edital do concurso<\/p>\n        <div class=\"box-botao\">\n          <a class=\"btn-assinatura-juridica\" target=\"_blank\" href=\"https:\/\/cj.estrategia.com\/curso\/trf-2-regio-juiz-federal-pacote-teorico\/\" role=\"button\" rel=\"noopener noreferrer\">Conhe\u00e7a mais<\/a>\n        <\/div>\n      <\/div>\n      <p class=\"texto-auxiliar\">Prepare-se com o melhor material e com quem mais aprova em concursos de Procuradorias em todo o pa\u00eds. \n<\/p>\n    <\/div>\n\n  <\/div>\n<\/div>\n\n\n\n<div class=\"wp-block-cover\" style=\"min-height:155px;aspect-ratio:unset;\"><img decoding=\"async\" width=\"1890\" height=\"351\" class=\"wp-block-cover__image-background wp-image-8669\" alt=\"Assinaturas Jur\u00eddicas\" src=\"https:\/\/cj.estrategia.com\/portal\/wp-content\/uploads\/2022\/06\/20151253\/concurso-carreiras-juridicas-assinatura-juridica.jpg\" style=\"object-position:78% 43%\" data-object-fit=\"cover\" data-object-position=\"78% 43%\" srcset=\"https:\/\/cj.estrategia.com\/portal\/wp-content\/uploads\/2022\/06\/20151253\/concurso-carreiras-juridicas-assinatura-juridica.jpg 1890w, https:\/\/cj.estrategia.com\/portal\/wp-content\/uploads\/2022\/06\/20151253\/concurso-carreiras-juridicas-assinatura-juridica-300x56.jpg 300w, https:\/\/cj.estrategia.com\/portal\/wp-content\/uploads\/2022\/06\/20151253\/concurso-carreiras-juridicas-assinatura-juridica-1024x190.jpg 1024w, https:\/\/cj.estrategia.com\/portal\/wp-content\/uploads\/2022\/06\/20151253\/concurso-carreiras-juridicas-assinatura-juridica-768x143.jpg 768w, https:\/\/cj.estrategia.com\/portal\/wp-content\/uploads\/2022\/06\/20151253\/concurso-carreiras-juridicas-assinatura-juridica-1536x285.jpg 1536w, https:\/\/cj.estrategia.com\/portal\/wp-content\/uploads\/2022\/06\/20151253\/concurso-carreiras-juridicas-assinatura-juridica-380x71.jpg 380w, https:\/\/cj.estrategia.com\/portal\/wp-content\/uploads\/2022\/06\/20151253\/concurso-carreiras-juridicas-assinatura-juridica-800x149.jpg 800w, https:\/\/cj.estrategia.com\/portal\/wp-content\/uploads\/2022\/06\/20151253\/concurso-carreiras-juridicas-assinatura-juridica-1160x215.jpg 1160w\" sizes=\"(max-width: 1890px) 100vw, 1890px\" \/><span aria-hidden=\"true\" class=\"wp-block-cover__background has-background-dim\"><\/span><div class=\"wp-block-cover__inner-container is-layout-flow wp-block-cover-is-layout-flow\">\n<h3 id=\"faca-a-sua-assinatura\" class=\"titulo-assinatura\"><span style=\"color: #ffffff;\">Fa\u00e7a a sua assinatura!<\/span><\/h3>\n<p class=\"subtitulo-assinatura\" style=\"display:block!important; line-height: 0;\"><span style=\"color: #ffffff;\">Escolha a sua \u00e1rea.<\/span><\/p>\n<a target=\"_blank\" href=\"https:\/\/www.estrategiaconcursos.com.br\/assinaturas-ecj\/\" rel=\"noopener\"><button style=\"border-radius: 10px; text-transform: capitalize;\">Acessar<\/button><\/a>\n<\/div><\/div>\n","protected":false},"excerpt":{"rendered":"O Tribunal Regional Federal da 2\u00aa Regi\u00e3o (TRF2) j\u00e1 autorizou, por decis\u00e3o un\u00e2nime do \u00d3rg\u00e3o Especial, a realiza\u00e7\u00e3o&hellip;\n","protected":false},"author":162,"featured_media":20863,"comment_status":"open","ping_status":"open","sticky":false,"template":"","format":"standard","meta":{"_jetpack_memberships_contains_paid_content":false,"footnotes":""},"categories":[26],"tags":[],"tax_estado":[38,49],"class_list":{"0":"post-126028","1":"post","2":"type-post","3":"status-publish","4":"format-standard","5":"has-post-thumbnail","7":"category-magistratura","8":"tax_estado-es","9":"tax_estado-rj"},"acf":[],"yoast_head":"<!-- This site is optimized with the Yoast SEO Premium plugin v27.4 (Yoast SEO v27.4) - https:\/\/yoast.com\/product\/yoast-seo-premium-wordpress\/ -->\n<title>Quais foram os requisitos para Juiz Substituto no \u00faltimo concurso TRF2?<\/title>\n<meta name=\"description\" content=\"Descubra os requisitos do \u00faltimo certame para o Juiz Federal Substituto do TRF2 e prepare-se adequadamente.\" \/>\n<meta name=\"robots\" content=\"index, follow, max-snippet:-1, max-image-preview:large, max-video-preview:-1\" \/>\n<link rel=\"canonical\" href=\"https:\/\/cj.estrategia.com\/portal\/concurso-juiz-trf2-requisitos\/\" \/>\n<meta property=\"og:locale\" content=\"pt_BR\" \/>\n<meta property=\"og:type\" content=\"article\" \/>\n<meta property=\"og:title\" content=\"Quais foram os requisitos para Juiz Substituto no \u00faltimo concurso TRF2?\" \/>\n<meta property=\"og:description\" content=\"Descubra os requisitos do \u00faltimo certame para o Juiz Federal Substituto do TRF2 e prepare-se adequadamente.\" \/>\n<meta property=\"og:url\" content=\"https:\/\/cj.estrategia.com\/portal\/concurso-juiz-trf2-requisitos\/\" \/>\n<meta property=\"og:site_name\" content=\"Blog - Carreiras Jur\u00eddicas - Estrat\u00e9gia\" \/>\n<meta property=\"article:publisher\" content=\"https:\/\/www.facebook.com\/estrategiacarreirajuridica\/\" \/>\n<meta property=\"article:published_time\" content=\"2025-06-05T00:43:37+00:00\" \/>\n<meta property=\"article:modified_time\" content=\"2025-06-05T00:43:41+00:00\" \/>\n<meta property=\"og:image\" content=\"https:\/\/cj.estrategia.com\/portal\/wp-content\/uploads\/2021\/05\/04112020\/TRF-2-JUIZ.jpg\" \/>\n\t<meta property=\"og:image:width\" content=\"768\" \/>\n\t<meta property=\"og:image:height\" content=\"432\" \/>\n\t<meta property=\"og:image:type\" content=\"image\/jpeg\" \/>\n<meta name=\"author\" content=\"Jos\u00e9 Ferreira\" \/>\n<meta name=\"twitter:card\" content=\"summary_large_image\" \/>\n<meta name=\"twitter:creator\" content=\"@EstratJuridica\" \/>\n<meta name=\"twitter:site\" content=\"@EstratJuridica\" \/>\n<meta name=\"twitter:label1\" content=\"Escrito por\" \/>\n\t<meta name=\"twitter:data1\" content=\"Jos\u00e9 Ferreira\" \/>\n\t<meta name=\"twitter:label2\" content=\"Est. tempo de leitura\" \/>\n\t<meta name=\"twitter:data2\" content=\"8 minutos\" \/>\n<script type=\"application\/ld+json\" class=\"yoast-schema-graph\">{\"@context\":\"https:\\\/\\\/schema.org\",\"@graph\":[{\"@type\":\"NewsArticle\",\"@id\":\"https:\\\/\\\/cj.estrategia.com\\\/portal\\\/concurso-juiz-trf2-requisitos\\\/#article\",\"isPartOf\":{\"@id\":\"https:\\\/\\\/cj.estrategia.com\\\/portal\\\/concurso-juiz-trf2-requisitos\\\/\"},\"author\":{\"name\":\"Jos\u00e9 Ferreira\",\"@id\":\"https:\\\/\\\/cj.estrategia.com\\\/portal\\\/#\\\/schema\\\/person\\\/4caf0099c42d736f2aade723f309f690\"},\"headline\":\"Quais foram os requisitos para Juiz Substituto no \u00faltimo concurso TRF2?\",\"datePublished\":\"2025-06-05T00:43:37+00:00\",\"dateModified\":\"2025-06-05T00:43:41+00:00\",\"mainEntityOfPage\":{\"@id\":\"https:\\\/\\\/cj.estrategia.com\\\/portal\\\/concurso-juiz-trf2-requisitos\\\/\"},\"wordCount\":707,\"commentCount\":0,\"publisher\":{\"@id\":\"https:\\\/\\\/cj.estrategia.com\\\/portal\\\/#organization\"},\"image\":{\"@id\":\"https:\\\/\\\/cj.estrategia.com\\\/portal\\\/concurso-juiz-trf2-requisitos\\\/#primaryimage\"},\"thumbnailUrl\":\"https:\\\/\\\/cj.estrategia.com\\\/portal\\\/wp-content\\\/uploads\\\/2021\\\/05\\\/04112020\\\/TRF-2-JUIZ.jpg\",\"articleSection\":[\"Magistratura\"],\"inLanguage\":\"pt-BR\",\"potentialAction\":[{\"@type\":\"CommentAction\",\"name\":\"Comment\",\"target\":[\"https:\\\/\\\/cj.estrategia.com\\\/portal\\\/concurso-juiz-trf2-requisitos\\\/#respond\"]}]},{\"@type\":\"WebPage\",\"@id\":\"https:\\\/\\\/cj.estrategia.com\\\/portal\\\/concurso-juiz-trf2-requisitos\\\/\",\"url\":\"https:\\\/\\\/cj.estrategia.com\\\/portal\\\/concurso-juiz-trf2-requisitos\\\/\",\"name\":\"Quais foram os requisitos para Juiz Substituto no \u00faltimo concurso TRF2?\",\"isPartOf\":{\"@id\":\"https:\\\/\\\/cj.estrategia.com\\\/portal\\\/#website\"},\"primaryImageOfPage\":{\"@id\":\"https:\\\/\\\/cj.estrategia.com\\\/portal\\\/concurso-juiz-trf2-requisitos\\\/#primaryimage\"},\"image\":{\"@id\":\"https:\\\/\\\/cj.estrategia.com\\\/portal\\\/concurso-juiz-trf2-requisitos\\\/#primaryimage\"},\"thumbnailUrl\":\"https:\\\/\\\/cj.estrategia.com\\\/portal\\\/wp-content\\\/uploads\\\/2021\\\/05\\\/04112020\\\/TRF-2-JUIZ.jpg\",\"datePublished\":\"2025-06-05T00:43:37+00:00\",\"dateModified\":\"2025-06-05T00:43:41+00:00\",\"description\":\"Descubra os requisitos do \u00faltimo certame para o Juiz Federal Substituto do TRF2 e prepare-se adequadamente.\",\"breadcrumb\":{\"@id\":\"https:\\\/\\\/cj.estrategia.com\\\/portal\\\/concurso-juiz-trf2-requisitos\\\/#breadcrumb\"},\"inLanguage\":\"pt-BR\",\"potentialAction\":[{\"@type\":\"ReadAction\",\"target\":[\"https:\\\/\\\/cj.estrategia.com\\\/portal\\\/concurso-juiz-trf2-requisitos\\\/\"]}]},{\"@type\":\"ImageObject\",\"inLanguage\":\"pt-BR\",\"@id\":\"https:\\\/\\\/cj.estrategia.com\\\/portal\\\/concurso-juiz-trf2-requisitos\\\/#primaryimage\",\"url\":\"https:\\\/\\\/cj.estrategia.com\\\/portal\\\/wp-content\\\/uploads\\\/2021\\\/05\\\/04112020\\\/TRF-2-JUIZ.jpg\",\"contentUrl\":\"https:\\\/\\\/cj.estrategia.com\\\/portal\\\/wp-content\\\/uploads\\\/2021\\\/05\\\/04112020\\\/TRF-2-JUIZ.jpg\",\"width\":768,\"height\":432,\"caption\":\"Concurso TRF2 Juiz\"},{\"@type\":\"BreadcrumbList\",\"@id\":\"https:\\\/\\\/cj.estrategia.com\\\/portal\\\/concurso-juiz-trf2-requisitos\\\/#breadcrumb\",\"itemListElement\":[{\"@type\":\"ListItem\",\"position\":1,\"name\":\"In\u00edcio\",\"item\":\"https:\\\/\\\/cj.estrategia.com\\\/portal\\\/\"},{\"@type\":\"ListItem\",\"position\":2,\"name\":\"Quais foram os requisitos para Juiz Substituto no \u00faltimo concurso TRF2?\"}]},{\"@type\":\"WebSite\",\"@id\":\"https:\\\/\\\/cj.estrategia.com\\\/portal\\\/#website\",\"url\":\"https:\\\/\\\/cj.estrategia.com\\\/portal\\\/\",\"name\":\"Blog - Carreiras Jur\u00eddicas - Estrat\u00e9gia\",\"description\":\"\",\"publisher\":{\"@id\":\"https:\\\/\\\/cj.estrategia.com\\\/portal\\\/#organization\"},\"potentialAction\":[{\"@type\":\"SearchAction\",\"target\":{\"@type\":\"EntryPoint\",\"urlTemplate\":\"https:\\\/\\\/cj.estrategia.com\\\/portal\\\/?s={search_term_string}\"},\"query-input\":{\"@type\":\"PropertyValueSpecification\",\"valueRequired\":true,\"valueName\":\"search_term_string\"}}],\"inLanguage\":\"pt-BR\"},{\"@type\":\"Organization\",\"@id\":\"https:\\\/\\\/cj.estrategia.com\\\/portal\\\/#organization\",\"name\":\"Estrat\u00e9gia - Carreiras Jur\u00eddicas\",\"url\":\"https:\\\/\\\/cj.estrategia.com\\\/portal\\\/\",\"logo\":{\"@type\":\"ImageObject\",\"inLanguage\":\"pt-BR\",\"@id\":\"https:\\\/\\\/cj.estrategia.com\\\/portal\\\/#\\\/schema\\\/logo\\\/image\\\/\",\"url\":\"https:\\\/\\\/cj.estrategia.com\\\/portal\\\/wp-content\\\/uploads\\\/2022\\\/03\\\/11151052\\\/cj-logo.png\",\"contentUrl\":\"https:\\\/\\\/cj.estrategia.com\\\/portal\\\/wp-content\\\/uploads\\\/2022\\\/03\\\/11151052\\\/cj-logo.png\",\"width\":150,\"height\":39,\"caption\":\"Estrat\u00e9gia - Carreiras Jur\u00eddicas\"},\"image\":{\"@id\":\"https:\\\/\\\/cj.estrategia.com\\\/portal\\\/#\\\/schema\\\/logo\\\/image\\\/\"},\"sameAs\":[\"https:\\\/\\\/www.facebook.com\\\/estrategiacarreirajuridica\\\/\",\"https:\\\/\\\/x.com\\\/EstratJuridica\",\"https:\\\/\\\/www.instagram.com\\\/estrategiacarreirajuridica\\\/\",\"https:\\\/\\\/www.youtube.com\\\/channel\\\/UClbMGuYbj2Mh1m3w144ETWQ\"]},{\"@type\":\"Person\",\"@id\":\"https:\\\/\\\/cj.estrategia.com\\\/portal\\\/#\\\/schema\\\/person\\\/4caf0099c42d736f2aade723f309f690\",\"name\":\"Jos\u00e9 Ferreira\",\"image\":{\"@type\":\"ImageObject\",\"inLanguage\":\"pt-BR\",\"@id\":\"https:\\\/\\\/cj.estrategia.com\\\/portal\\\/wp-content\\\/uploads\\\/2025\\\/04\\\/18142237\\\/jose-ferreira-navarro-analista-de-conteudo-jornalismo-carreiras-juridicas-96x96.png\",\"url\":\"https:\\\/\\\/cj.estrategia.com\\\/portal\\\/wp-content\\\/uploads\\\/2025\\\/04\\\/18142237\\\/jose-ferreira-navarro-analista-de-conteudo-jornalismo-carreiras-juridicas-96x96.png\",\"contentUrl\":\"https:\\\/\\\/cj.estrategia.com\\\/portal\\\/wp-content\\\/uploads\\\/2025\\\/04\\\/18142237\\\/jose-ferreira-navarro-analista-de-conteudo-jornalismo-carreiras-juridicas-96x96.png\",\"caption\":\"Jos\u00e9 Ferreira\"},\"description\":\"Analista de conte\u00fado na equipe de Jornalismo, atua com SEO e estrat\u00e9gia para desenvolver conte\u00fados relevantes e de alta qualidade voltados para OAB e para o universo de Concursos Jur\u00eddicos.\",\"url\":\"https:\\\/\\\/cj.estrategia.com\\\/portal\\\/author\\\/jose-navarro-de-andrade-cintra-ferreira\\\/\"}]}<\/script>\n<!-- \/ Yoast SEO Premium plugin. -->","yoast_head_json":{"title":"Quais foram os requisitos para Juiz Substituto no \u00faltimo concurso TRF2?","description":"Descubra os requisitos do \u00faltimo certame para o Juiz Federal Substituto do TRF2 e prepare-se adequadamente.","robots":{"index":"index","follow":"follow","max-snippet":"max-snippet:-1","max-image-preview":"max-image-preview:large","max-video-preview":"max-video-preview:-1"},"canonical":"https:\/\/cj.estrategia.com\/portal\/concurso-juiz-trf2-requisitos\/","og_locale":"pt_BR","og_type":"article","og_title":"Quais foram os requisitos para Juiz Substituto no \u00faltimo concurso TRF2?","og_description":"Descubra os requisitos do \u00faltimo certame para o Juiz Federal Substituto do TRF2 e prepare-se adequadamente.","og_url":"https:\/\/cj.estrategia.com\/portal\/concurso-juiz-trf2-requisitos\/","og_site_name":"Blog - Carreiras Jur\u00eddicas - Estrat\u00e9gia","article_publisher":"https:\/\/www.facebook.com\/estrategiacarreirajuridica\/","article_published_time":"2025-06-05T00:43:37+00:00","article_modified_time":"2025-06-05T00:43:41+00:00","og_image":[{"width":768,"height":432,"url":"https:\/\/cj.estrategia.com\/portal\/wp-content\/uploads\/2021\/05\/04112020\/TRF-2-JUIZ.jpg","type":"image\/jpeg"}],"author":"Jos\u00e9 Ferreira","twitter_card":"summary_large_image","twitter_creator":"@EstratJuridica","twitter_site":"@EstratJuridica","twitter_misc":{"Escrito por":"Jos\u00e9 Ferreira","Est. tempo de leitura":"8 minutos"},"schema":{"@context":"https:\/\/schema.org","@graph":[{"@type":"NewsArticle","@id":"https:\/\/cj.estrategia.com\/portal\/concurso-juiz-trf2-requisitos\/#article","isPartOf":{"@id":"https:\/\/cj.estrategia.com\/portal\/concurso-juiz-trf2-requisitos\/"},"author":{"name":"Jos\u00e9 Ferreira","@id":"https:\/\/cj.estrategia.com\/portal\/#\/schema\/person\/4caf0099c42d736f2aade723f309f690"},"headline":"Quais foram os requisitos para Juiz Substituto no \u00faltimo concurso TRF2?","datePublished":"2025-06-05T00:43:37+00:00","dateModified":"2025-06-05T00:43:41+00:00","mainEntityOfPage":{"@id":"https:\/\/cj.estrategia.com\/portal\/concurso-juiz-trf2-requisitos\/"},"wordCount":707,"commentCount":0,"publisher":{"@id":"https:\/\/cj.estrategia.com\/portal\/#organization"},"image":{"@id":"https:\/\/cj.estrategia.com\/portal\/concurso-juiz-trf2-requisitos\/#primaryimage"},"thumbnailUrl":"https:\/\/cj.estrategia.com\/portal\/wp-content\/uploads\/2021\/05\/04112020\/TRF-2-JUIZ.jpg","articleSection":["Magistratura"],"inLanguage":"pt-BR","potentialAction":[{"@type":"CommentAction","name":"Comment","target":["https:\/\/cj.estrategia.com\/portal\/concurso-juiz-trf2-requisitos\/#respond"]}]},{"@type":"WebPage","@id":"https:\/\/cj.estrategia.com\/portal\/concurso-juiz-trf2-requisitos\/","url":"https:\/\/cj.estrategia.com\/portal\/concurso-juiz-trf2-requisitos\/","name":"Quais foram os requisitos para Juiz Substituto no \u00faltimo concurso TRF2?","isPartOf":{"@id":"https:\/\/cj.estrategia.com\/portal\/#website"},"primaryImageOfPage":{"@id":"https:\/\/cj.estrategia.com\/portal\/concurso-juiz-trf2-requisitos\/#primaryimage"},"image":{"@id":"https:\/\/cj.estrategia.com\/portal\/concurso-juiz-trf2-requisitos\/#primaryimage"},"thumbnailUrl":"https:\/\/cj.estrategia.com\/portal\/wp-content\/uploads\/2021\/05\/04112020\/TRF-2-JUIZ.jpg","datePublished":"2025-06-05T00:43:37+00:00","dateModified":"2025-06-05T00:43:41+00:00","description":"Descubra os requisitos do \u00faltimo certame para o Juiz Federal Substituto do TRF2 e prepare-se adequadamente.","breadcrumb":{"@id":"https:\/\/cj.estrategia.com\/portal\/concurso-juiz-trf2-requisitos\/#breadcrumb"},"inLanguage":"pt-BR","potentialAction":[{"@type":"ReadAction","target":["https:\/\/cj.estrategia.com\/portal\/concurso-juiz-trf2-requisitos\/"]}]},{"@type":"ImageObject","inLanguage":"pt-BR","@id":"https:\/\/cj.estrategia.com\/portal\/concurso-juiz-trf2-requisitos\/#primaryimage","url":"https:\/\/cj.estrategia.com\/portal\/wp-content\/uploads\/2021\/05\/04112020\/TRF-2-JUIZ.jpg","contentUrl":"https:\/\/cj.estrategia.com\/portal\/wp-content\/uploads\/2021\/05\/04112020\/TRF-2-JUIZ.jpg","width":768,"height":432,"caption":"Concurso TRF2 Juiz"},{"@type":"BreadcrumbList","@id":"https:\/\/cj.estrategia.com\/portal\/concurso-juiz-trf2-requisitos\/#breadcrumb","itemListElement":[{"@type":"ListItem","position":1,"name":"In\u00edcio","item":"https:\/\/cj.estrategia.com\/portal\/"},{"@type":"ListItem","position":2,"name":"Quais foram os requisitos para Juiz Substituto no \u00faltimo concurso TRF2?"}]},{"@type":"WebSite","@id":"https:\/\/cj.estrategia.com\/portal\/#website","url":"https:\/\/cj.estrategia.com\/portal\/","name":"Blog - Carreiras Jur\u00eddicas - Estrat\u00e9gia","description":"","publisher":{"@id":"https:\/\/cj.estrategia.com\/portal\/#organization"},"potentialAction":[{"@type":"SearchAction","target":{"@type":"EntryPoint","urlTemplate":"https:\/\/cj.estrategia.com\/portal\/?s={search_term_string}"},"query-input":{"@type":"PropertyValueSpecification","valueRequired":true,"valueName":"search_term_string"}}],"inLanguage":"pt-BR"},{"@type":"Organization","@id":"https:\/\/cj.estrategia.com\/portal\/#organization","name":"Estrat\u00e9gia - Carreiras Jur\u00eddicas","url":"https:\/\/cj.estrategia.com\/portal\/","logo":{"@type":"ImageObject","inLanguage":"pt-BR","@id":"https:\/\/cj.estrategia.com\/portal\/#\/schema\/logo\/image\/","url":"https:\/\/cj.estrategia.com\/portal\/wp-content\/uploads\/2022\/03\/11151052\/cj-logo.png","contentUrl":"https:\/\/cj.estrategia.com\/portal\/wp-content\/uploads\/2022\/03\/11151052\/cj-logo.png","width":150,"height":39,"caption":"Estrat\u00e9gia - Carreiras Jur\u00eddicas"},"image":{"@id":"https:\/\/cj.estrategia.com\/portal\/#\/schema\/logo\/image\/"},"sameAs":["https:\/\/www.facebook.com\/estrategiacarreirajuridica\/","https:\/\/x.com\/EstratJuridica","https:\/\/www.instagram.com\/estrategiacarreirajuridica\/","https:\/\/www.youtube.com\/channel\/UClbMGuYbj2Mh1m3w144ETWQ"]},{"@type":"Person","@id":"https:\/\/cj.estrategia.com\/portal\/#\/schema\/person\/4caf0099c42d736f2aade723f309f690","name":"Jos\u00e9 Ferreira","image":{"@type":"ImageObject","inLanguage":"pt-BR","@id":"https:\/\/cj.estrategia.com\/portal\/wp-content\/uploads\/2025\/04\/18142237\/jose-ferreira-navarro-analista-de-conteudo-jornalismo-carreiras-juridicas-96x96.png","url":"https:\/\/cj.estrategia.com\/portal\/wp-content\/uploads\/2025\/04\/18142237\/jose-ferreira-navarro-analista-de-conteudo-jornalismo-carreiras-juridicas-96x96.png","contentUrl":"https:\/\/cj.estrategia.com\/portal\/wp-content\/uploads\/2025\/04\/18142237\/jose-ferreira-navarro-analista-de-conteudo-jornalismo-carreiras-juridicas-96x96.png","caption":"Jos\u00e9 Ferreira"},"description":"Analista de conte\u00fado na equipe de Jornalismo, atua com SEO e estrat\u00e9gia para desenvolver conte\u00fados relevantes e de alta qualidade voltados para OAB e para o universo de Concursos Jur\u00eddicos.","url":"https:\/\/cj.estrategia.com\/portal\/author\/jose-navarro-de-andrade-cintra-ferreira\/"}]}},"jetpack_featured_media_url":"https:\/\/cj.estrategia.com\/portal\/wp-content\/uploads\/2021\/05\/04112020\/TRF-2-JUIZ.jpg","jetpack_sharing_enabled":true,"_links":{"self":[{"href":"https:\/\/cj.estrategia.com\/portal\/wp-json\/wp\/v2\/posts\/126028","targetHints":{"allow":["GET"]}}],"collection":[{"href":"https:\/\/cj.estrategia.com\/portal\/wp-json\/wp\/v2\/posts"}],"about":[{"href":"https:\/\/cj.estrategia.com\/portal\/wp-json\/wp\/v2\/types\/post"}],"author":[{"embeddable":true,"href":"https:\/\/cj.estrategia.com\/portal\/wp-json\/wp\/v2\/users\/162"}],"replies":[{"embeddable":true,"href":"https:\/\/cj.estrategia.com\/portal\/wp-json\/wp\/v2\/comments?post=126028"}],"version-history":[{"count":8,"href":"https:\/\/cj.estrategia.com\/portal\/wp-json\/wp\/v2\/posts\/126028\/revisions"}],"predecessor-version":[{"id":126052,"href":"https:\/\/cj.estrategia.com\/portal\/wp-json\/wp\/v2\/posts\/126028\/revisions\/126052"}],"wp:featuredmedia":[{"embeddable":true,"href":"https:\/\/cj.estrategia.com\/portal\/wp-json\/wp\/v2\/media\/20863"}],"wp:attachment":[{"href":"https:\/\/cj.estrategia.com\/portal\/wp-json\/wp\/v2\/media?parent=126028"}],"wp:term":[{"taxonomy":"category","embeddable":true,"href":"https:\/\/cj.estrategia.com\/portal\/wp-json\/wp\/v2\/categories?post=126028"},{"taxonomy":"post_tag","embeddable":true,"href":"https:\/\/cj.estrategia.com\/portal\/wp-json\/wp\/v2\/tags?post=126028"},{"taxonomy":"tax_estado","embeddable":true,"href":"https:\/\/cj.estrategia.com\/portal\/wp-json\/wp\/v2\/tax_estado?post=126028"}],"curies":[{"name":"wp","href":"https:\/\/api.w.org\/{rel}","templated":true}]}}