{"id":124704,"date":"2025-05-29T22:34:22","date_gmt":"2025-05-30T01:34:22","guid":{"rendered":"https:\/\/cj.estrategia.com\/portal\/?p=124704"},"modified":"2025-06-11T13:21:32","modified_gmt":"2025-06-11T16:21:32","slug":"marina-silva-violencia-politica-genero","status":"publish","type":"post","link":"https:\/\/cj.estrategia.com\/portal\/marina-silva-violencia-politica-genero\/","title":{"rendered":"Viol\u00eancia pol\u00edtica de g\u00eanero: ataques \u00e0 Marina Silva"},"content":{"rendered":"\n<p class=\"has-small-font-size\">* Thiago de Paula Leite \u00e9 procurador do Estado de S\u00e3o Paulo e professor de direito ambiental e agr\u00e1rio do Estrat\u00e9gia.<\/p>\n\n\n\n<h2 class=\"wp-block-heading\" id=\"h-entenda-o-que-aconteceu\"><span id=\"entenda-o-que-aconteceu\">Entenda o que aconteceu<\/span><\/h2>\n\n\n\n<p>A ministra do meio ambiente, Marina Silva, sofreu uma s\u00e9rie de ataques enquanto participava de audi\u00eancia na Comiss\u00e3o de Infraestrutura do Senado.<\/p>\n\n\n\n<p>Em meio \u00e0 discuss\u00e3o, o presidente do colegiado, Marcos Rog\u00e9rio, do PL-RO, exigiu que Marina se colocasse &#8220;no seu lugar&#8221;. O senador Omar Aziz, do PSD-AM, disse que ela n\u00e3o tinha &#8220;direito&#8221; de fazer seu trabalho com base nas leis. J\u00e1 Pl\u00ednio Val\u00e9rio, do PSDB-AM, disse que a respeitava como mulher, mas n\u00e3o como ministra.<\/p>\n\n\n\n<p>O senador Pl\u00ednio Val\u00e9rio, que j\u00e1 havia afirmado, anteriormente, ter vontade de enforcar Marina Silva, agora afirmou que a &#8220;<em>mulher merece respeito, e a ministra, n\u00e3o<\/em>&#8220;.<\/p>\n\n\n\n<pre class=\"wp-block-verse\"><strong>\u201c<em>Imagine o que \u00e9 tolerar a Marina seis horas e dez minutos sem enforc\u00e1-la<\/em>.\u201d (2023)<\/strong><\/pre>\n\n\n\n<p>Marina Silva disparou:<\/p>\n\n\n\n<pre class=\"wp-block-verse\"><em>\u201cSou uma mulher de luta e de paz. Mas, nunca vou abrir m\u00e3o da luta. N\u00e3o \u00e9 pelo fato de eu ser mulher que vou deixar as pessoas atribu\u00edrem a mim coisas que [eu] n\u00e3o disse...<br><br>Eu n\u00e3o posso aceitar que algu\u00e9m me diga qual \u00e9 o meu lugar. Meu lugar \u00e9 o da defesa da democracia, do meio ambiente, da luta contra a desigualdade, da prote\u00e7\u00e3o da biodiversidade e da promo\u00e7\u00e3o da infraestrutura necess\u00e1ria ao pa\u00eds\u201d.<\/em><\/pre>\n\n\n\n<p>Ap\u00f3s o bate-boca, a ministra exigiu um pedido de desculpas, o que n\u00e3o ocorreu, acarretando sua retirada da audi\u00eancia.<\/p>\n\n\n\n<pre class=\"wp-block-verse\"><em><strong>\u201cEu n\u00e3o fui convidada l\u00e1 por ser mulher, fui convidada por ser ministra. Obviamente, me retirei da audi\u00eancia. Estou aberta ao di\u00e1logo\u201d<\/strong>.<\/em><\/pre>\n\n\n\n<h2 class=\"wp-block-heading\" id=\"h-violencia-politica-de-genero\"><span id=\"violencia-politica-de-genero\">Viol\u00eancia pol\u00edtica de g\u00eanero<\/span><\/h2>\n\n\n\n<p>O Congresso aprovou, em 2021, a lei n\u00ba 14.192, que visa combater a viol\u00eancia pol\u00edtica de g\u00eanero.<\/p>\n\n\n<div class=\"wp-block-image\">\n<figure class=\"aligncenter size-full\"><img decoding=\"async\" width=\"579\" height=\"99\" src=\"https:\/\/cj.estrategia.com\/portal\/wp-content\/uploads\/2025\/05\/29220714\/violencia-politica-de-genero.png\" alt=\"Viol\u00eancia pol\u00edtica de g\u00eanero\" class=\"wp-image-124710\" srcset=\"https:\/\/cj.estrategia.com\/portal\/wp-content\/uploads\/2025\/05\/29220714\/violencia-politica-de-genero.png 579w, https:\/\/cj.estrategia.com\/portal\/wp-content\/uploads\/2025\/05\/29220714\/violencia-politica-de-genero-300x51.png 300w, https:\/\/cj.estrategia.com\/portal\/wp-content\/uploads\/2025\/05\/29220714\/violencia-politica-de-genero-380x65.png 380w, https:\/\/cj.estrategia.com\/portal\/wp-content\/uploads\/2025\/05\/29220714\/violencia-politica-de-genero-150x26.png 150w\" sizes=\"(max-width: 579px) 100vw, 579px\" \/><\/figure>\n<\/div>\n\n\n<p>As mulheres podem sofrer viol\u00eancia quando concorrem, j\u00e1 eleitas, durante o mandato ou durante o exerc\u00edcio de um cargo pol\u00edtico.<\/p>\n\n\n\n<p>Esse tipo de viol\u00eancia \u00e9 considerado uma das principais causas da sub-representa\u00e7\u00e3o das mulheres no Parlamento e nos espa\u00e7os de poder e decis\u00e3o, prejudicando a democracia no pa\u00eds.<\/p>\n\n\n\n<p class=\"has-background\" style=\"background-color:#dddddd\"><strong>Na viol\u00eancia pol\u00edtica de g\u00eanero, a maior v\u00edtima \u00e9 a democracia!<\/strong><\/p>\n\n\n\n<h3 class=\"wp-block-heading\" id=\"h-tipos-de-violencia-politica-de-genero-1\"><span id=\"tipos-de-violencia-politica-de-genero1\">Tipos de viol\u00eancia pol\u00edtica de g\u00eanero<a id=\"_ftnref1\" href=\"#_ftn1\"><sup>[1]<\/sup><\/a><\/span><\/h3>\n\n\n\n<ul class=\"wp-block-list\">\n<li><strong>Amea\u00e7as \u00e0 candidata, por palavras, gestos ou outros meios, de lhe causar mal injusto e grave;<\/strong><\/li>\n\n\n\n<li><strong>Interrup\u00e7\u00f5es frequentes de sua fala em ambientes pol\u00edticos, impedimento para usar a palavra e realizar clara sinaliza\u00e7\u00e3o de descr\u00e9dito;<\/strong><\/li>\n\n\n\n<li><strong>Desqualifica\u00e7\u00e3o, ou seja, indu\u00e7\u00e3o \u00e0 cren\u00e7a de que a mulher n\u00e3o possui compet\u00eancia para a fun\u00e7\u00e3o a que ela est\u00e1 se candidatando ou para ocupar o espa\u00e7o p\u00fablico onde se apresenta;<\/strong><\/li>\n\n\n\n<li><strong>Viola\u00e7\u00e3o da sua intimidade, por meio de divulga\u00e7\u00e3o de fotos \u00edntimas, dados pessoais ou e-mails, inclusive montagens;<\/strong><\/li>\n\n\n\n<li><strong>Difama\u00e7\u00e3o da candidata, atribuindo a ela fato que seja ofensivo a sua reputa\u00e7\u00e3o e a sua honra;<\/strong><\/li>\n\n\n\n<li><strong>Desvio de recursos de campanhas das candidaturas femininas para as masculinas;<\/strong><\/li>\n\n\n\n<li><strong>Viol\u00eancia emocional por meio de manipula\u00e7\u00e3o psicol\u00f3gica, que leva a mulher e todos ao redor a acharem que ela enlouqueceu;<\/strong><\/li>\n\n\n\n<li><strong>Quando o homem explica \u00e0 mulher coisas simples, como se ela n\u00e3o fosse capaz de compreender;<\/strong><\/li>\n\n\n\n<li><strong>A constante interrup\u00e7\u00e3o, impedindo a mulher de concluir pensamentos ou frases;<\/strong><\/li>\n\n\n\n<li><strong>Questionamento sobre a apar\u00eancia f\u00edsica e forma de vestir;<\/strong><\/li>\n\n\n\n<li><strong>Quando um homem se apropria da ideia de uma mulher.<\/strong><\/li>\n<\/ul>\n\n\n\n<p>O artigo 326-B, do C\u00f3digo Eleitoral, no entanto, n\u00e3o pode ser aplicado ao caso Marina Silva, porque ele se restringe \u00e0 viol\u00eancia sofrida por candidata ou detentora de mandato eletivo.<\/p>\n\n\n\n<p>Marina Silva \u00e9 ministra de Estado, e n\u00e3o disputou as elei\u00e7\u00f5es em 2022, n\u00e3o podendo se beneficiar dessa norma.<\/p>\n\n\n\n<pre class=\"wp-block-preformatted\"><em>C\u00f3digo Eleitoral<br><br>Art. 326-B. Assediar, constranger, humilhar, perseguir ou amea\u00e7ar, por qualquer meio, candidata a cargo eletivo ou detentora de mandato eletivo, utilizando-se de menosprezo ou discrimina\u00e7\u00e3o \u00e0 condi\u00e7\u00e3o de mulher ou \u00e0 sua cor, ra\u00e7a ou etnia, com a finalidade de impedir ou de dificultar a sua campanha eleitoral ou o desempenho de seu mandato eletivo.&nbsp;&nbsp;&nbsp;&nbsp;<br><br>Pena - reclus\u00e3o, de 1 (um) a 4 (quatro) anos, e multa.&nbsp;&nbsp;&nbsp;<br><br>Par\u00e1grafo \u00fanico. Aumenta-se a pena em 1\/3 (um ter\u00e7o), se o crime \u00e9 cometido contra mulher:&nbsp;&nbsp;&nbsp;<br><br>I - gestante;&nbsp;&nbsp;&nbsp;<br><br>II - maior de 60 (sessenta) anos;&nbsp;&nbsp;&nbsp;<br><br>III - com defici\u00eancia.<\/em><\/pre>\n\n\n\n<p>Mas isso n\u00e3o quer dizer que os ataques n\u00e3o possam ser enquadrados como crimes ou pass\u00edveis de indeniza\u00e7\u00e3o.<\/p>\n\n\n\n<h2 class=\"wp-block-heading\" id=\"h-quebra-de-decoro-parlamentar\"><span id=\"quebra-de-decoro-parlamentar\">Quebra de decoro parlamentar<\/span><\/h2>\n\n\n\n<p>Os ataques verbais foram considerados, por parte da opini\u00e3o p\u00fablica, como sendo:<\/p>\n\n\n\n<ul class=\"wp-block-list\">\n<li><strong><mark style=\"background-color:rgba(0, 0, 0, 0)\" class=\"has-inline-color has-black-color\">Mis\u00f3ginos<\/mark>: <\/strong>atitudes mis\u00f3ginas s\u00e3o comportamentos que demonstram \u00f3dio, avers\u00e3o e preconceito contra mulheres, baseados na condi\u00e7\u00e3o de g\u00eanero. Elas podem se manifestar de diversas formas, desde discursos e express\u00f5es que rebaixam as mulheres, at\u00e9 a\u00e7\u00f5es e pr\u00e1ticas que as excluem e violam seus direitos.<\/li>\n<\/ul>\n\n\n\n<ul class=\"wp-block-list\">\n<li><strong><mark style=\"background-color:rgba(0, 0, 0, 0)\" class=\"has-inline-color has-black-color\">Sexistas<\/mark>:<\/strong> pr\u00e1ticas sexistas s\u00e3o comportamentos, atitudes ou cren\u00e7as que discriminam pessoas com base no seu sexo ou g\u00eanero, geralmente levando \u00e0 inferioriza\u00e7\u00e3o ou marginaliza\u00e7\u00e3o de mulheres e pessoas LGBTQIA+.<\/li>\n<\/ul>\n\n\n\n<ul class=\"wp-block-list\">\n<li><strong><mark style=\"background-color:rgba(0, 0, 0, 0)\" class=\"has-inline-color has-black-color\">Machistas<\/mark>:<\/strong> atos machistas s\u00e3o comportamentos que expressam a cren\u00e7a na superioridade masculina e a subordina\u00e7\u00e3o das mulheres, rejeitando a igualdade de direitos entre os g\u00e9neros. S\u00e3o atos que manifestam desvaloriza\u00e7\u00e3o, preconceito e discrimina\u00e7\u00e3o contra mulheres, podendo ir desde micro-agress\u00f5es e coment\u00e1rios sexistas at\u00e9 viol\u00eancia f\u00edsica e sexual.<\/li>\n<\/ul>\n\n\n\n<ul class=\"wp-block-list\">\n<li><strong><mark style=\"background-color:rgba(0, 0, 0, 0)\" class=\"has-inline-color has-black-color\">Violentos<\/mark>:<\/strong> qualquer ato com o objetivo de excluir a mulher do espa\u00e7o pol\u00edtico, restringir seu acesso ou induzi-la a tomar decis\u00f5es contr\u00e1rias \u00e0 sua vontade.<\/li>\n<\/ul>\n\n\n\n<p>Logo, caso a ministra Marina Silva entenda que sofreu ataque \u00e0 sua honra, nada a impede de apresentar queixa-crime por inj\u00faria, al\u00e9m de pleitear indeniza\u00e7\u00e3o por danos morais sofridos com o ataque.<\/p>\n\n\n\n<p>A inj\u00faria atinge a honra subjetiva da v\u00edtima, ou seja, a dignidade ou o decoro de algu\u00e9m, e consiste em atribuir qualidades negativas \u00e0 pessoa, xing\u00e1-la ou menosprez\u00e1-la, enquanto a difama\u00e7\u00e3o atinge a honra objetiva, ou seja, a reputa\u00e7\u00e3o de algu\u00e9m perante a sociedade.<\/p>\n\n\n\n<p>Al\u00e9m disso, o senador que proferiu os ataques \u00e0 ministra poder\u00e1 responder perante o Conselho de \u00c9tica do Senado por quebra do decoro parlamentar.<\/p>\n\n\n\n<p>A quebra do decoro parlamentar, ou v\u00edcio de decoro parlamentar, refere-se \u00e0 viola\u00e7\u00e3o do padr\u00e3o \u00e9tico de comportamento esperado dos parlamentares, n\u00e3o se limitando a atos no Plen\u00e1rio.<\/p>\n\n\n\n<h3 class=\"wp-block-heading\" id=\"h-medidas-disciplinares\"><span id=\"medidas-disciplinares\">Medidas disciplinares<\/span><\/h3>\n\n\n\n<p>Ap\u00f3s den\u00fancia apresentada ao Conselho de \u00c9tica do Senado, o senador poder\u00e1 sofrer as medidas disciplinares previstas no C\u00f3digo de \u00c9tica, a saber:<\/p>\n\n\n\n<p><strong>a) advert\u00eancia;<\/strong><\/p>\n\n\n\n<p><strong>b) censura;<\/strong><\/p>\n\n\n\n<p><strong>c) perda tempor\u00e1ria do exerc\u00edcio do mandato;<\/strong><\/p>\n\n\n\n<p><strong>d) perda do mandato.<\/strong><\/p>\n\n\n\n<p>\u00d3timo tema para provas de <strong><a href=\"https:\/\/www.estrategiaconcursos.com.br\/promocoes\/assinaturas-ecj\/\">direito constitucional, direito eleitoral e direito penal<\/a><\/strong>.<\/p>\n\n\n\n<hr class=\"wp-block-separator has-alpha-channel-opacity\"\/>\n\n\n\n<p><a id=\"_ftn1\" href=\"#_ftnref1\">[1]<\/a>SECRETARIA da Mulher. Viol\u00eancia Pol\u00edtica de G\u00eanero, a maior v\u00edtima \u00e9 a democracia. <strong>C\u00e2mara dos Deputados<\/strong>. Dispon\u00edvel em: &lt;https:\/\/www2.camara.leg.br\/a-camara\/estruturaadm\/secretarias\/secretaria-da-mulher\/violencia-politica-de-genero-a-maior-vitima-e-a-democracia&gt;.<\/p>\n\n\n\n<hr class=\"wp-block-separator has-alpha-channel-opacity\"\/>\n\n\n\n<h2 class=\"wp-block-heading has-text-align-center\" id=\"h-quer-saber-quais-serao-os-proximos-concursos\"><span id=\"quer-saber-quais-serao-os-proximos-concursos\">Quer saber quais ser\u00e3o os pr\u00f3ximos concursos?<\/span><\/h2>\n\n\n\n<pre class=\"wp-block-verse has-text-align-center\">Confira nossos&nbsp;<a href=\"https:\/\/cj.estrategia.com\/portal\/\" target=\"_blank\" >artigos para Carreiras Jur\u00eddicas<\/a>!<\/pre>\n\n\n\n<p class=\"has-text-align-center has-white-color has-pale-cyan-blue-background-color has-text-color has-background has-link-color wp-elements-723b3278bf14a50a5e7b7e937b9a17d4\"><a href=\"https:\/\/cj.estrategia.com\/portal\/concursos-abertos-carreiras-juridicas\/\">Concursos jur\u00eddicos abertos<\/a><\/p>\n\n\n\n<p class=\"has-text-align-center has-white-color has-pale-cyan-blue-background-color has-text-color has-background has-link-color wp-elements-41349f36dc977263ca2129bf0f6dd541\"><a href=\"https:\/\/cj.estrategia.com\/portal\/concursos-2025-carreiras-juridicas\/\" target=\"_blank\" >Concursos jur\u00eddicos 2025<\/a><\/p>\n","protected":false},"excerpt":{"rendered":"* Thiago de Paula Leite \u00e9 procurador do Estado de S\u00e3o Paulo e professor de direito ambiental e&hellip;\n","protected":false},"author":81,"featured_media":124709,"comment_status":"open","ping_status":"open","sticky":false,"template":"","format":"standard","meta":{"_jetpack_memberships_contains_paid_content":false,"footnotes":""},"categories":[1],"tags":[2693,730,1119,154,367,2690,2692,2691,2695,1935,2694],"tax_estado":[30,31,32,33,34,35,36,37,38,39,40,41,42,43,44,45,46,47,48,49,50,51,52,53,54,55,56,57],"class_list":{"0":"post-124704","1":"post","2":"type-post","3":"status-publish","4":"format-standard","5":"has-post-thumbnail","7":"category-carreiras-juridicas","8":"tag-comissao-de-infraestrutura-do-senado","9":"tag-direito-constitucional","10":"tag-direito-eleitoral","11":"tag-direito-penal","12":"tag-injuria","13":"tag-marina-silva","14":"tag-ministra-de-estado","15":"tag-ministra-do-meio-ambiente","16":"tag-quebra-de-decoro-parlamentar","17":"tag-senado-federal","18":"tag-violencia-politica-de-genero","19":"tax_estado-ac","20":"tax_estado-al","21":"tax_estado-am","22":"tax_estado-ap","23":"tax_estado-ba","24":"tax_estado-ce","25":"tax_estado-concursos-federais","26":"tax_estado-df","27":"tax_estado-es","28":"tax_estado-go","29":"tax_estado-ma","30":"tax_estado-mg","31":"tax_estado-ms","32":"tax_estado-mt","33":"tax_estado-pa","34":"tax_estado-pb","35":"tax_estado-pe","36":"tax_estado-pi","37":"tax_estado-pr","38":"tax_estado-rj","39":"tax_estado-rn","40":"tax_estado-ro","41":"tax_estado-rr","42":"tax_estado-rs","43":"tax_estado-sc","44":"tax_estado-se","45":"tax_estado-sp","46":"tax_estado-to"},"acf":[],"yoast_head":"<!-- This site is optimized with the Yoast SEO Premium plugin v27.4 (Yoast SEO v27.4) - https:\/\/yoast.com\/product\/yoast-seo-premium-wordpress\/ -->\n<title>Viol\u00eancia pol\u00edtica de g\u00eanero: ataques \u00e0 Marina Silva<\/title>\n<meta name=\"description\" content=\"A ministra Marina Silva sofreu uma s\u00e9rie de ataques enquanto participava de audi\u00eancia. Teria sido viol\u00eancia pol\u00edtica de g\u00eanero?\" \/>\n<meta name=\"robots\" content=\"index, follow, max-snippet:-1, max-image-preview:large, max-video-preview:-1\" \/>\n<link rel=\"canonical\" href=\"https:\/\/cj.estrategia.com\/portal\/marina-silva-violencia-politica-genero\/\" \/>\n<meta property=\"og:locale\" content=\"pt_BR\" \/>\n<meta property=\"og:type\" content=\"article\" \/>\n<meta property=\"og:title\" content=\"Viol\u00eancia pol\u00edtica de g\u00eanero: ataques \u00e0 Marina Silva\" \/>\n<meta property=\"og:description\" content=\"A ministra Marina Silva sofreu uma s\u00e9rie de ataques enquanto participava de audi\u00eancia. Teria sido viol\u00eancia pol\u00edtica de g\u00eanero?\" \/>\n<meta property=\"og:url\" content=\"https:\/\/cj.estrategia.com\/portal\/marina-silva-violencia-politica-genero\/\" \/>\n<meta property=\"og:site_name\" content=\"Blog - Carreiras Jur\u00eddicas - Estrat\u00e9gia\" \/>\n<meta property=\"article:publisher\" content=\"https:\/\/www.facebook.com\/estrategiacarreirajuridica\/\" \/>\n<meta property=\"article:published_time\" content=\"2025-05-30T01:34:22+00:00\" \/>\n<meta property=\"article:modified_time\" content=\"2025-06-11T16:21:32+00:00\" \/>\n<meta property=\"og:image\" content=\"https:\/\/cj.estrategia.com\/portal\/wp-content\/uploads\/2025\/05\/29220334\/marina-silva-violencia-politica-de-genero_.jpg\" \/>\n\t<meta property=\"og:image:width\" content=\"750\" \/>\n\t<meta property=\"og:image:height\" content=\"500\" \/>\n\t<meta property=\"og:image:type\" content=\"image\/jpeg\" \/>\n<meta name=\"author\" content=\"Thiago Leite\" \/>\n<meta name=\"twitter:card\" content=\"summary_large_image\" \/>\n<meta name=\"twitter:creator\" content=\"@EstratJuridica\" \/>\n<meta name=\"twitter:site\" content=\"@EstratJuridica\" \/>\n<meta name=\"twitter:label1\" content=\"Escrito por\" \/>\n\t<meta name=\"twitter:data1\" content=\"Thiago Leite\" \/>\n\t<meta name=\"twitter:label2\" content=\"Est. tempo de leitura\" \/>\n\t<meta name=\"twitter:data2\" content=\"6 minutos\" \/>\n<script type=\"application\/ld+json\" class=\"yoast-schema-graph\">{\"@context\":\"https:\\\/\\\/schema.org\",\"@graph\":[{\"@type\":\"NewsArticle\",\"@id\":\"https:\\\/\\\/cj.estrategia.com\\\/portal\\\/marina-silva-violencia-politica-genero\\\/#article\",\"isPartOf\":{\"@id\":\"https:\\\/\\\/cj.estrategia.com\\\/portal\\\/marina-silva-violencia-politica-genero\\\/\"},\"author\":{\"name\":\"Thiago Leite\",\"@id\":\"https:\\\/\\\/cj.estrategia.com\\\/portal\\\/#\\\/schema\\\/person\\\/7d7d2b1c8386e2eeacc0b09cfbc1d0ff\"},\"headline\":\"Viol\u00eancia pol\u00edtica de g\u00eanero: ataques \u00e0 Marina Silva\",\"datePublished\":\"2025-05-30T01:34:22+00:00\",\"dateModified\":\"2025-06-11T16:21:32+00:00\",\"mainEntityOfPage\":{\"@id\":\"https:\\\/\\\/cj.estrategia.com\\\/portal\\\/marina-silva-violencia-politica-genero\\\/\"},\"wordCount\":991,\"commentCount\":0,\"publisher\":{\"@id\":\"https:\\\/\\\/cj.estrategia.com\\\/portal\\\/#organization\"},\"image\":{\"@id\":\"https:\\\/\\\/cj.estrategia.com\\\/portal\\\/marina-silva-violencia-politica-genero\\\/#primaryimage\"},\"thumbnailUrl\":\"https:\\\/\\\/cj.estrategia.com\\\/portal\\\/wp-content\\\/uploads\\\/2025\\\/05\\\/29220334\\\/marina-silva-violencia-politica-de-genero_.jpg\",\"keywords\":[\"Comiss\u00e3o de Infraestrutura do Senado\",\"Direito Constitucional\",\"direito eleitoral\",\"direito penal\",\"inj\u00faria\",\"Marina Silva\",\"ministra de Estado\",\"ministra do meio ambiente\",\"quebra de decoro parlamentar\",\"Senado Federal\",\"viol\u00eancia pol\u00edtica de g\u00eanero\"],\"articleSection\":[\"Carreiras Jur\u00eddicas\"],\"inLanguage\":\"pt-BR\",\"potentialAction\":[{\"@type\":\"CommentAction\",\"name\":\"Comment\",\"target\":[\"https:\\\/\\\/cj.estrategia.com\\\/portal\\\/marina-silva-violencia-politica-genero\\\/#respond\"]}]},{\"@type\":\"WebPage\",\"@id\":\"https:\\\/\\\/cj.estrategia.com\\\/portal\\\/marina-silva-violencia-politica-genero\\\/\",\"url\":\"https:\\\/\\\/cj.estrategia.com\\\/portal\\\/marina-silva-violencia-politica-genero\\\/\",\"name\":\"Viol\u00eancia pol\u00edtica de g\u00eanero: ataques \u00e0 Marina Silva\",\"isPartOf\":{\"@id\":\"https:\\\/\\\/cj.estrategia.com\\\/portal\\\/#website\"},\"primaryImageOfPage\":{\"@id\":\"https:\\\/\\\/cj.estrategia.com\\\/portal\\\/marina-silva-violencia-politica-genero\\\/#primaryimage\"},\"image\":{\"@id\":\"https:\\\/\\\/cj.estrategia.com\\\/portal\\\/marina-silva-violencia-politica-genero\\\/#primaryimage\"},\"thumbnailUrl\":\"https:\\\/\\\/cj.estrategia.com\\\/portal\\\/wp-content\\\/uploads\\\/2025\\\/05\\\/29220334\\\/marina-silva-violencia-politica-de-genero_.jpg\",\"datePublished\":\"2025-05-30T01:34:22+00:00\",\"dateModified\":\"2025-06-11T16:21:32+00:00\",\"description\":\"A ministra Marina Silva sofreu uma s\u00e9rie de ataques enquanto participava de audi\u00eancia. Teria sido viol\u00eancia pol\u00edtica de g\u00eanero?\",\"breadcrumb\":{\"@id\":\"https:\\\/\\\/cj.estrategia.com\\\/portal\\\/marina-silva-violencia-politica-genero\\\/#breadcrumb\"},\"inLanguage\":\"pt-BR\",\"potentialAction\":[{\"@type\":\"ReadAction\",\"target\":[\"https:\\\/\\\/cj.estrategia.com\\\/portal\\\/marina-silva-violencia-politica-genero\\\/\"]}]},{\"@type\":\"ImageObject\",\"inLanguage\":\"pt-BR\",\"@id\":\"https:\\\/\\\/cj.estrategia.com\\\/portal\\\/marina-silva-violencia-politica-genero\\\/#primaryimage\",\"url\":\"https:\\\/\\\/cj.estrategia.com\\\/portal\\\/wp-content\\\/uploads\\\/2025\\\/05\\\/29220334\\\/marina-silva-violencia-politica-de-genero_.jpg\",\"contentUrl\":\"https:\\\/\\\/cj.estrategia.com\\\/portal\\\/wp-content\\\/uploads\\\/2025\\\/05\\\/29220334\\\/marina-silva-violencia-politica-de-genero_.jpg\",\"width\":750,\"height\":500},{\"@type\":\"BreadcrumbList\",\"@id\":\"https:\\\/\\\/cj.estrategia.com\\\/portal\\\/marina-silva-violencia-politica-genero\\\/#breadcrumb\",\"itemListElement\":[{\"@type\":\"ListItem\",\"position\":1,\"name\":\"In\u00edcio\",\"item\":\"https:\\\/\\\/cj.estrategia.com\\\/portal\\\/\"},{\"@type\":\"ListItem\",\"position\":2,\"name\":\"Viol\u00eancia pol\u00edtica de g\u00eanero: ataques \u00e0 Marina Silva\"}]},{\"@type\":\"WebSite\",\"@id\":\"https:\\\/\\\/cj.estrategia.com\\\/portal\\\/#website\",\"url\":\"https:\\\/\\\/cj.estrategia.com\\\/portal\\\/\",\"name\":\"Blog - Carreiras Jur\u00eddicas - Estrat\u00e9gia\",\"description\":\"\",\"publisher\":{\"@id\":\"https:\\\/\\\/cj.estrategia.com\\\/portal\\\/#organization\"},\"potentialAction\":[{\"@type\":\"SearchAction\",\"target\":{\"@type\":\"EntryPoint\",\"urlTemplate\":\"https:\\\/\\\/cj.estrategia.com\\\/portal\\\/?s={search_term_string}\"},\"query-input\":{\"@type\":\"PropertyValueSpecification\",\"valueRequired\":true,\"valueName\":\"search_term_string\"}}],\"inLanguage\":\"pt-BR\"},{\"@type\":\"Organization\",\"@id\":\"https:\\\/\\\/cj.estrategia.com\\\/portal\\\/#organization\",\"name\":\"Estrat\u00e9gia - Carreiras Jur\u00eddicas\",\"url\":\"https:\\\/\\\/cj.estrategia.com\\\/portal\\\/\",\"logo\":{\"@type\":\"ImageObject\",\"inLanguage\":\"pt-BR\",\"@id\":\"https:\\\/\\\/cj.estrategia.com\\\/portal\\\/#\\\/schema\\\/logo\\\/image\\\/\",\"url\":\"https:\\\/\\\/cj.estrategia.com\\\/portal\\\/wp-content\\\/uploads\\\/2022\\\/03\\\/11151052\\\/cj-logo.png\",\"contentUrl\":\"https:\\\/\\\/cj.estrategia.com\\\/portal\\\/wp-content\\\/uploads\\\/2022\\\/03\\\/11151052\\\/cj-logo.png\",\"width\":150,\"height\":39,\"caption\":\"Estrat\u00e9gia - Carreiras Jur\u00eddicas\"},\"image\":{\"@id\":\"https:\\\/\\\/cj.estrategia.com\\\/portal\\\/#\\\/schema\\\/logo\\\/image\\\/\"},\"sameAs\":[\"https:\\\/\\\/www.facebook.com\\\/estrategiacarreirajuridica\\\/\",\"https:\\\/\\\/x.com\\\/EstratJuridica\",\"https:\\\/\\\/www.instagram.com\\\/estrategiacarreirajuridica\\\/\",\"https:\\\/\\\/www.youtube.com\\\/channel\\\/UClbMGuYbj2Mh1m3w144ETWQ\"]},{\"@type\":\"Person\",\"@id\":\"https:\\\/\\\/cj.estrategia.com\\\/portal\\\/#\\\/schema\\\/person\\\/7d7d2b1c8386e2eeacc0b09cfbc1d0ff\",\"name\":\"Thiago Leite\",\"image\":{\"@type\":\"ImageObject\",\"inLanguage\":\"pt-BR\",\"@id\":\"https:\\\/\\\/secure.gravatar.com\\\/avatar\\\/15ff5746ff9e313f1248fe2373ce03309054e96387bb9249055458d0c1aaa297?s=96&d=mm&r=g\",\"url\":\"https:\\\/\\\/secure.gravatar.com\\\/avatar\\\/15ff5746ff9e313f1248fe2373ce03309054e96387bb9249055458d0c1aaa297?s=96&d=mm&r=g\",\"contentUrl\":\"https:\\\/\\\/secure.gravatar.com\\\/avatar\\\/15ff5746ff9e313f1248fe2373ce03309054e96387bb9249055458d0c1aaa297?s=96&d=mm&r=g\",\"caption\":\"Thiago Leite\"},\"description\":\"Thiago de Paula Leite \u00e9 procurador do Estado de S\u00e3o Paulo e professor de direito ambiental e agr\u00e1rio do Estrat\u00e9gia.\",\"url\":\"https:\\\/\\\/cj.estrategia.com\\\/portal\\\/author\\\/thiago-leite\\\/\"}]}<\/script>\n<!-- \/ Yoast SEO Premium plugin. -->","yoast_head_json":{"title":"Viol\u00eancia pol\u00edtica de g\u00eanero: ataques \u00e0 Marina Silva","description":"A ministra Marina Silva sofreu uma s\u00e9rie de ataques enquanto participava de audi\u00eancia. Teria sido viol\u00eancia pol\u00edtica de g\u00eanero?","robots":{"index":"index","follow":"follow","max-snippet":"max-snippet:-1","max-image-preview":"max-image-preview:large","max-video-preview":"max-video-preview:-1"},"canonical":"https:\/\/cj.estrategia.com\/portal\/marina-silva-violencia-politica-genero\/","og_locale":"pt_BR","og_type":"article","og_title":"Viol\u00eancia pol\u00edtica de g\u00eanero: ataques \u00e0 Marina Silva","og_description":"A ministra Marina Silva sofreu uma s\u00e9rie de ataques enquanto participava de audi\u00eancia. Teria sido viol\u00eancia pol\u00edtica de g\u00eanero?","og_url":"https:\/\/cj.estrategia.com\/portal\/marina-silva-violencia-politica-genero\/","og_site_name":"Blog - Carreiras Jur\u00eddicas - Estrat\u00e9gia","article_publisher":"https:\/\/www.facebook.com\/estrategiacarreirajuridica\/","article_published_time":"2025-05-30T01:34:22+00:00","article_modified_time":"2025-06-11T16:21:32+00:00","og_image":[{"width":750,"height":500,"url":"https:\/\/cj.estrategia.com\/portal\/wp-content\/uploads\/2025\/05\/29220334\/marina-silva-violencia-politica-de-genero_.jpg","type":"image\/jpeg"}],"author":"Thiago Leite","twitter_card":"summary_large_image","twitter_creator":"@EstratJuridica","twitter_site":"@EstratJuridica","twitter_misc":{"Escrito por":"Thiago Leite","Est. tempo de leitura":"6 minutos"},"schema":{"@context":"https:\/\/schema.org","@graph":[{"@type":"NewsArticle","@id":"https:\/\/cj.estrategia.com\/portal\/marina-silva-violencia-politica-genero\/#article","isPartOf":{"@id":"https:\/\/cj.estrategia.com\/portal\/marina-silva-violencia-politica-genero\/"},"author":{"name":"Thiago Leite","@id":"https:\/\/cj.estrategia.com\/portal\/#\/schema\/person\/7d7d2b1c8386e2eeacc0b09cfbc1d0ff"},"headline":"Viol\u00eancia pol\u00edtica de g\u00eanero: ataques \u00e0 Marina Silva","datePublished":"2025-05-30T01:34:22+00:00","dateModified":"2025-06-11T16:21:32+00:00","mainEntityOfPage":{"@id":"https:\/\/cj.estrategia.com\/portal\/marina-silva-violencia-politica-genero\/"},"wordCount":991,"commentCount":0,"publisher":{"@id":"https:\/\/cj.estrategia.com\/portal\/#organization"},"image":{"@id":"https:\/\/cj.estrategia.com\/portal\/marina-silva-violencia-politica-genero\/#primaryimage"},"thumbnailUrl":"https:\/\/cj.estrategia.com\/portal\/wp-content\/uploads\/2025\/05\/29220334\/marina-silva-violencia-politica-de-genero_.jpg","keywords":["Comiss\u00e3o de Infraestrutura do Senado","Direito Constitucional","direito eleitoral","direito penal","inj\u00faria","Marina Silva","ministra de Estado","ministra do meio ambiente","quebra de decoro parlamentar","Senado Federal","viol\u00eancia pol\u00edtica de g\u00eanero"],"articleSection":["Carreiras Jur\u00eddicas"],"inLanguage":"pt-BR","potentialAction":[{"@type":"CommentAction","name":"Comment","target":["https:\/\/cj.estrategia.com\/portal\/marina-silva-violencia-politica-genero\/#respond"]}]},{"@type":"WebPage","@id":"https:\/\/cj.estrategia.com\/portal\/marina-silva-violencia-politica-genero\/","url":"https:\/\/cj.estrategia.com\/portal\/marina-silva-violencia-politica-genero\/","name":"Viol\u00eancia pol\u00edtica de g\u00eanero: ataques \u00e0 Marina Silva","isPartOf":{"@id":"https:\/\/cj.estrategia.com\/portal\/#website"},"primaryImageOfPage":{"@id":"https:\/\/cj.estrategia.com\/portal\/marina-silva-violencia-politica-genero\/#primaryimage"},"image":{"@id":"https:\/\/cj.estrategia.com\/portal\/marina-silva-violencia-politica-genero\/#primaryimage"},"thumbnailUrl":"https:\/\/cj.estrategia.com\/portal\/wp-content\/uploads\/2025\/05\/29220334\/marina-silva-violencia-politica-de-genero_.jpg","datePublished":"2025-05-30T01:34:22+00:00","dateModified":"2025-06-11T16:21:32+00:00","description":"A ministra Marina Silva sofreu uma s\u00e9rie de ataques enquanto participava de audi\u00eancia. Teria sido viol\u00eancia pol\u00edtica de g\u00eanero?","breadcrumb":{"@id":"https:\/\/cj.estrategia.com\/portal\/marina-silva-violencia-politica-genero\/#breadcrumb"},"inLanguage":"pt-BR","potentialAction":[{"@type":"ReadAction","target":["https:\/\/cj.estrategia.com\/portal\/marina-silva-violencia-politica-genero\/"]}]},{"@type":"ImageObject","inLanguage":"pt-BR","@id":"https:\/\/cj.estrategia.com\/portal\/marina-silva-violencia-politica-genero\/#primaryimage","url":"https:\/\/cj.estrategia.com\/portal\/wp-content\/uploads\/2025\/05\/29220334\/marina-silva-violencia-politica-de-genero_.jpg","contentUrl":"https:\/\/cj.estrategia.com\/portal\/wp-content\/uploads\/2025\/05\/29220334\/marina-silva-violencia-politica-de-genero_.jpg","width":750,"height":500},{"@type":"BreadcrumbList","@id":"https:\/\/cj.estrategia.com\/portal\/marina-silva-violencia-politica-genero\/#breadcrumb","itemListElement":[{"@type":"ListItem","position":1,"name":"In\u00edcio","item":"https:\/\/cj.estrategia.com\/portal\/"},{"@type":"ListItem","position":2,"name":"Viol\u00eancia pol\u00edtica de g\u00eanero: ataques \u00e0 Marina Silva"}]},{"@type":"WebSite","@id":"https:\/\/cj.estrategia.com\/portal\/#website","url":"https:\/\/cj.estrategia.com\/portal\/","name":"Blog - Carreiras Jur\u00eddicas - Estrat\u00e9gia","description":"","publisher":{"@id":"https:\/\/cj.estrategia.com\/portal\/#organization"},"potentialAction":[{"@type":"SearchAction","target":{"@type":"EntryPoint","urlTemplate":"https:\/\/cj.estrategia.com\/portal\/?s={search_term_string}"},"query-input":{"@type":"PropertyValueSpecification","valueRequired":true,"valueName":"search_term_string"}}],"inLanguage":"pt-BR"},{"@type":"Organization","@id":"https:\/\/cj.estrategia.com\/portal\/#organization","name":"Estrat\u00e9gia - Carreiras Jur\u00eddicas","url":"https:\/\/cj.estrategia.com\/portal\/","logo":{"@type":"ImageObject","inLanguage":"pt-BR","@id":"https:\/\/cj.estrategia.com\/portal\/#\/schema\/logo\/image\/","url":"https:\/\/cj.estrategia.com\/portal\/wp-content\/uploads\/2022\/03\/11151052\/cj-logo.png","contentUrl":"https:\/\/cj.estrategia.com\/portal\/wp-content\/uploads\/2022\/03\/11151052\/cj-logo.png","width":150,"height":39,"caption":"Estrat\u00e9gia - Carreiras Jur\u00eddicas"},"image":{"@id":"https:\/\/cj.estrategia.com\/portal\/#\/schema\/logo\/image\/"},"sameAs":["https:\/\/www.facebook.com\/estrategiacarreirajuridica\/","https:\/\/x.com\/EstratJuridica","https:\/\/www.instagram.com\/estrategiacarreirajuridica\/","https:\/\/www.youtube.com\/channel\/UClbMGuYbj2Mh1m3w144ETWQ"]},{"@type":"Person","@id":"https:\/\/cj.estrategia.com\/portal\/#\/schema\/person\/7d7d2b1c8386e2eeacc0b09cfbc1d0ff","name":"Thiago Leite","image":{"@type":"ImageObject","inLanguage":"pt-BR","@id":"https:\/\/secure.gravatar.com\/avatar\/15ff5746ff9e313f1248fe2373ce03309054e96387bb9249055458d0c1aaa297?s=96&d=mm&r=g","url":"https:\/\/secure.gravatar.com\/avatar\/15ff5746ff9e313f1248fe2373ce03309054e96387bb9249055458d0c1aaa297?s=96&d=mm&r=g","contentUrl":"https:\/\/secure.gravatar.com\/avatar\/15ff5746ff9e313f1248fe2373ce03309054e96387bb9249055458d0c1aaa297?s=96&d=mm&r=g","caption":"Thiago Leite"},"description":"Thiago de Paula Leite \u00e9 procurador do Estado de S\u00e3o Paulo e professor de direito ambiental e agr\u00e1rio do Estrat\u00e9gia.","url":"https:\/\/cj.estrategia.com\/portal\/author\/thiago-leite\/"}]}},"jetpack_featured_media_url":"https:\/\/cj.estrategia.com\/portal\/wp-content\/uploads\/2025\/05\/29220334\/marina-silva-violencia-politica-de-genero_.jpg","jetpack_sharing_enabled":true,"_links":{"self":[{"href":"https:\/\/cj.estrategia.com\/portal\/wp-json\/wp\/v2\/posts\/124704","targetHints":{"allow":["GET"]}}],"collection":[{"href":"https:\/\/cj.estrategia.com\/portal\/wp-json\/wp\/v2\/posts"}],"about":[{"href":"https:\/\/cj.estrategia.com\/portal\/wp-json\/wp\/v2\/types\/post"}],"author":[{"embeddable":true,"href":"https:\/\/cj.estrategia.com\/portal\/wp-json\/wp\/v2\/users\/81"}],"replies":[{"embeddable":true,"href":"https:\/\/cj.estrategia.com\/portal\/wp-json\/wp\/v2\/comments?post=124704"}],"version-history":[{"count":4,"href":"https:\/\/cj.estrategia.com\/portal\/wp-json\/wp\/v2\/posts\/124704\/revisions"}],"predecessor-version":[{"id":127568,"href":"https:\/\/cj.estrategia.com\/portal\/wp-json\/wp\/v2\/posts\/124704\/revisions\/127568"}],"wp:featuredmedia":[{"embeddable":true,"href":"https:\/\/cj.estrategia.com\/portal\/wp-json\/wp\/v2\/media\/124709"}],"wp:attachment":[{"href":"https:\/\/cj.estrategia.com\/portal\/wp-json\/wp\/v2\/media?parent=124704"}],"wp:term":[{"taxonomy":"category","embeddable":true,"href":"https:\/\/cj.estrategia.com\/portal\/wp-json\/wp\/v2\/categories?post=124704"},{"taxonomy":"post_tag","embeddable":true,"href":"https:\/\/cj.estrategia.com\/portal\/wp-json\/wp\/v2\/tags?post=124704"},{"taxonomy":"tax_estado","embeddable":true,"href":"https:\/\/cj.estrategia.com\/portal\/wp-json\/wp\/v2\/tax_estado?post=124704"}],"curies":[{"name":"wp","href":"https:\/\/api.w.org\/{rel}","templated":true}]}}