{"id":124166,"date":"2025-05-28T14:37:50","date_gmt":"2025-05-28T17:37:50","guid":{"rendered":"https:\/\/cj.estrategia.com\/portal\/?p=124166"},"modified":"2025-07-21T20:25:09","modified_gmt":"2025-07-21T23:25:09","slug":"pge-mt-procurador-provas-no-ultimo-concurso","status":"publish","type":"post","link":"https:\/\/cj.estrategia.com\/portal\/pge-mt-procurador-provas-no-ultimo-concurso\/","title":{"rendered":"PGE MT Procurador: como foram as etapas do \u00faltimo concurso?"},"content":{"rendered":"<a id=\"cta-icon\" href=\"https:\/\/sndflw.com\/i\/procuradorias-grupo\" target=\"blank\" style=\"background:rgb(41,166,26)\">\n            <img decoding=\"async\" src=\"https:\/\/cj.estrategia.com\/portal\/wp-content\/uploads\/2023\/12\/07160657\/whatsapp_1385.webp\" alt=\"\" alt=\"whatsapp_1385\"><span > Acesse agora o Grupo de Estudos para Concurso de Procuradorias <\/span><\/a>\n\n\n\n<p>Aten\u00e7\u00e3o, concurseiro e concurseira! O <strong>novo certame para Procurador da PGE MT j\u00e1 recebeu autoriza\u00e7\u00e3o e deve ser realizado em breve.<\/strong><\/p>\n\n\n\n<p>A <strong>sele\u00e7\u00e3o vai oferecer 15 vagas imediatas e forma\u00e7\u00e3o de cadastro de reserva para o cargo de Procurador do Estado<\/strong>. Atualmente, a <strong>remunera\u00e7\u00e3o do cargo \u00e9 de R$ 37.745,52.<\/strong><\/p>\n\n\n\n<p>\u00c9 importante lembrar que, recentemente, o Governo aprovou um projeto de lei que cria novos cargos para Procurador do Estado de Mato Grosso.<\/p>\n\n\n\n<p>Com a san\u00e7\u00e3o da lei, a quantidade de cargos efetivos aumentou, ampliando as chances para quem deseja ingressar na carreira de Procurador do Estado do Mato Grosso. <\/p>\n\n\n\n<p>A seguir, veja como foram as provas do \u00faltimo certame, realizado em 2016!<\/p>\n\n\n\n<h2 class=\"wp-block-heading\" id=\"h-como-foram-as-etapas-do-ultimo-concurso-para-procurador-da-pge-mt\"><span id=\"como-foram-as-etapas-do-ultimo-concurso-para-procurador-da-pge-mt\">Como foram as etapas do \u00faltimo concurso para Procurador da PGE MT?<\/span><\/h2>\n\n\n\n<p>O \u00faltimo concurso compreendeu as fases\/provas, disciplinas das provas, n\u00famero de quest\u00f5es, dura\u00e7\u00e3o das provas e car\u00e1ter constantes no quadro a seguir:<\/p>\n\n\n\n<figure class=\"wp-block-table is-style-stripes\"><table class=\"has-electric-grass-gradient-background has-background\"><thead><tr><th><strong>Fase<\/strong><\/th><th><strong>Prova\/Tipo<\/strong><\/th><th><strong>Disciplinas<\/strong><\/th><th><strong>N\u00famero de Quest\u00f5es \/ Itens<\/strong><\/th><th><strong>Dura\u00e7\u00e3o<\/strong><\/th><th><strong>Car\u00e1ter<\/strong><\/th><\/tr><\/thead><tbody><tr><td><strong>Primeira Fase<\/strong><\/td><td>Objetiva (Conhecimentos Espec\u00edficos I)<\/td><td>Direito Constitucional<br>Direito Administrativo<br>Direito Civil<br>Direito Processual Civil<br>Direito Tribut\u00e1rio<br>Direito do Trabalho<br>Direito Processual do Trabalho<br>Direito Previdenci\u00e1rio<br>Direito Agr\u00e1rio<br>Direito Ambiental<br>Legisla\u00e7\u00e3o Estadual<\/td><td>15<br>15<br>10<br>15<br>10<br>5<br>5<br>5<br>5<br>5<br>10<\/td><td>5 horas<\/td><td>Classificat\u00f3rio e Eliminat\u00f3rio<\/td><\/tr><tr><td><strong>Segunda Fase<\/strong><\/td><td>Prova Dissertativa 1<\/td><td>Direito Constitucional<br>Direito Administrativo<br>Direito Civil<br>Direito Processual Civil<br>Legisla\u00e7\u00e3o Estadual<\/td><td>1 parecer + 4 quest\u00f5es discursivas<\/td><td>4 horas (tarde)<\/td><td>Classificat\u00f3rio e Eliminat\u00f3rio<\/td><\/tr><tr><td><\/td><td>Prova Dissertativa 2<\/td><td>Direito Tribut\u00e1rio<br>Direito do Trabalho<br>Direito Processual do Trabalho<br>Direito Previdenci\u00e1rio<br>Direito Agr\u00e1rio<br>Direito Ambiental<br>Legisla\u00e7\u00e3o Estadual<\/td><td>1 parecer + 4 quest\u00f5es discursivas<\/td><td>4 horas (manh\u00e3)<\/td><td>Classificat\u00f3rio e Eliminat\u00f3rio<\/td><\/tr><tr><td><strong>Terceira Fase<\/strong><\/td><td>Prova Oral<\/td><td>Todas as disciplinas anteriores<\/td><td>\u2014<\/td><td>\u2014<\/td><td>Classificat\u00f3rio e Eliminat\u00f3rio<\/td><\/tr><tr><td><strong>Quarta Fase<\/strong><\/td><td>Avalia\u00e7\u00e3o de T\u00edtulos<\/td><td>\u2014<\/td><td>\u2014<\/td><td>\u2014<\/td><td>Classificat\u00f3rio<\/td><\/tr><\/tbody><\/table><\/figure>\n\n\n\n<h3 class=\"wp-block-heading\" id=\"h-prova-objetiva-conhecimentos-especificos\"><span id=\"prova-objetiva-conhecimentos-especificos\">Prova objetiva (Conhecimentos espec\u00edficos)<\/span><\/h3>\n\n\n\n<ul class=\"wp-block-list\">\n<li>A prova teve car\u00e1ter classificat\u00f3rio e habilitat\u00f3rio, com dura\u00e7\u00e3o de 5 horas.<\/li>\n\n\n\n<li>A prova contou com 100 quest\u00f5es objetivas de m\u00faltipla escolha, cada uma com cinco alternativas.<\/li>\n\n\n\n<li>As quest\u00f5es avaliaram habilidades al\u00e9m do conhecimento memorizado, incluindo:\n<ul class=\"wp-block-list\">\n<li>Compreens\u00e3o<\/li>\n\n\n\n<li>Aplica\u00e7\u00e3o<\/li>\n\n\n\n<li>An\u00e1lise<\/li>\n<\/ul>\n<\/li>\n\n\n\n<li>A prova valorizou a capacidade de racioc\u00ednio e contemplou mais de um objeto de avalia\u00e7\u00e3o por quest\u00e3o.<\/li>\n\n\n\n<li>A prova foi avaliada numa escala de 0 a 100 pontos.<\/li>\n\n\n\n<li>O candidato foi considerado habilitado se obteve pelo menos 70% de acertos.<\/li>\n\n\n\n<li>Candidatos que n\u00e3o foram habilitados nessa fase foram eliminados do concurso p\u00fablico.<\/li>\n<\/ul>\n\n\n\n<h3 class=\"wp-block-heading\" id=\"h-prova-dissertativa-1-e-2\"><span id=\"prova-dissertativa-1-e-2\">Prova dissertativa (1 e 2)<\/span><\/h3>\n\n\n\n<figure class=\"wp-block-table is-style-stripes\"><table class=\"has-electric-grass-gradient-background has-background\"><thead><tr><th class=\"has-text-align-center\" data-align=\"center\"><strong>Aspecto<\/strong><\/th><th class=\"has-text-align-center\" data-align=\"center\"><strong>Descri\u00e7\u00e3o<\/strong><\/th><\/tr><\/thead><tbody><tr><td class=\"has-text-align-center\" data-align=\"center\"><strong>Convoca\u00e7\u00e3o para a Segunda Fase<\/strong><\/td><td class=\"has-text-align-center\" data-align=\"center\">Foram convocados os candidatos habilitados na Primeira Fase que obtiveram as 300 melhores notas (inclu\u00eddos os empatados na 300\u00aa posi\u00e7\u00e3o) e todos os candidatos com defici\u00eancia habilitados. Candidatos n\u00e3o convocados foram exclu\u00eddos do concurso.<\/td><\/tr><tr><td class=\"has-text-align-center\" data-align=\"center\"><strong>Composi\u00e7\u00e3o da Prova<\/strong><\/td><td class=\"has-text-align-center\" data-align=\"center\">A prova teve car\u00e1ter eliminat\u00f3rio e classificat\u00f3rio, composta por duas Provas Dissertativas (Prova 1 e Prova 2), com um Parecer e quatro quest\u00f5es discursivas cada.<\/td><\/tr><tr><td class=\"has-text-align-center\" data-align=\"center\"><strong>Aplica\u00e7\u00e3o da Prova<\/strong><\/td><td class=\"has-text-align-center\" data-align=\"center\">As Provas 1 e 2 foram aplicadas em dias distintos, com dura\u00e7\u00e3o de 4 horas cada.<\/td><\/tr><tr><td class=\"has-text-align-center\" data-align=\"center\"><strong>Crit\u00e9rios de Avalia\u00e7\u00e3o<\/strong><\/td><td class=\"has-text-align-center\" data-align=\"center\">Avalia\u00e7\u00e3o baseada em: dom\u00ednio t\u00e9cnico, corre\u00e7\u00e3o gramatical, adequa\u00e7\u00e3o vocabular, coes\u00e3o, argumenta\u00e7\u00e3o e precis\u00e3o da linguagem jur\u00eddica. Cada prova valeu 100 pontos (10 por quest\u00e3o + 60 pelo parecer). A nota final foi a m\u00e9dia simples das notas das duas provas.<\/td><\/tr><tr><td class=\"has-text-align-center\" data-align=\"center\"><strong>Crit\u00e9rios de Habilita\u00e7\u00e3o<\/strong><\/td><td class=\"has-text-align-center\" data-align=\"center\">O candidato foi considerado habilitado se obteve, simultaneamente:<br>&#8211; Nota igual ou superior a 60 em cada uma das provas;<br>&#8211; Nota igual ou superior a 70 na m\u00e9dia das duas provas.<\/td><\/tr><tr><td class=\"has-text-align-center\" data-align=\"center\"><strong>Consulta Permitida<\/strong><\/td><td class=\"has-text-align-center\" data-align=\"center\">Permitida a consulta \u00e0 Constitui\u00e7\u00e3o Federal, legisla\u00e7\u00f5es (\u201clei seca\u201d) e s\u00famulas, todas sem anota\u00e7\u00f5es ou coment\u00e1rios. O material foi inspecionado.<\/td><\/tr><tr><td class=\"has-text-align-center\" data-align=\"center\"><strong>Casos de Nota Zero<\/strong><\/td><td class=\"has-text-align-center\" data-align=\"center\">A prova recebeu nota zero se:<br>&#8211; Foi assinada fora do local apropriado;<br>&#8211; Apresentou sinais de identifica\u00e7\u00e3o;<br>&#8211; Estava em branco;<br>&#8211; Abordou incorretamente o conte\u00fado;<br>&#8211; Tinha letra ileg\u00edvel;<br>&#8211; Fugiu ao tema proposto.<\/td><\/tr><tr><td class=\"has-text-align-center\" data-align=\"center\"><strong>Norma Ortogr\u00e1fica<\/strong><\/td><td class=\"has-text-align-center\" data-align=\"center\">A corre\u00e7\u00e3o gramatical seguiu o Acordo Ortogr\u00e1fico da L\u00edngua Portuguesa em vigor desde 1\u00ba de janeiro de 2016.<\/td><\/tr><tr><td class=\"has-text-align-center\" data-align=\"center\"><strong>Rascunho<\/strong><\/td><td class=\"has-text-align-center\" data-align=\"center\">O rascunho n\u00e3o foi considerado na corre\u00e7\u00e3o pela Banca Examinadora.<\/td><\/tr><tr><td class=\"has-text-align-center\" data-align=\"center\"><strong>Exclus\u00e3o do Concurso<\/strong><\/td><td class=\"has-text-align-center\" data-align=\"center\">O candidato que n\u00e3o atendeu aos crit\u00e9rios de habilita\u00e7\u00e3o foi exclu\u00eddo do concurso.<\/td><\/tr><tr><td class=\"has-text-align-center\" data-align=\"center\"><strong>Vista da Prova<\/strong><\/td><td class=\"has-text-align-center\" data-align=\"center\">Foi divulgada a grade de corre\u00e7\u00e3o com:<br>&#8211; Resposta esperada;<br>&#8211; Resposta apresentada pelo candidato;<br>&#8211; Pontua\u00e7\u00e3o atribu\u00edda segundo os crit\u00e9rios estabelecidos.<\/td><\/tr><\/tbody><\/table><\/figure>\n\n\n\n<h3 class=\"wp-block-heading\" id=\"h-prova-oral\"><span id=\"prova-oral\">Prova oral<\/span><\/h3>\n\n\n\n<p>Classificaram-se e foram convocados para a Terceira Fase \u2013 Prova Oral os 150 candidatos com as melhores notas na Segunda Fase \u2013 Prova de Conhecimentos Espec\u00edficos II, incluindo os empatados na \u00faltima posi\u00e7\u00e3o. Candidatos com defici\u00eancia habilitados tamb\u00e9m foram convocados.<\/p>\n\n\n\n<p>Os candidatos n\u00e3o convocados foram exclu\u00eddos do concurso. A Prova Oral, eliminat\u00f3ria e classificat\u00f3ria, ocorreu em datas e locais divulgados em edital espec\u00edfico.<\/p>\n\n\n\n<p>Na avalia\u00e7\u00e3o, considerou-se dom\u00ednio do conhecimento jur\u00eddico, uso adequado da linguagem, racioc\u00ednio, argumenta\u00e7\u00e3o e corre\u00e7\u00e3o do vern\u00e1culo. Cada examinador deu nota de 0 a 100, e a m\u00e9dia dessas notas formou a nota final.<\/p>\n\n\n\n<p>Foram habilitados os candidatos que obtiveram nota m\u00ednima de 50 por examinador e nota final igual ou superior a 70. Os demais foram eliminados.<\/p>\n\n\n\n<h3 class=\"wp-block-heading\" id=\"h-prova-de-titulos\"><span id=\"prova-de-titulos\">Prova de t\u00edtulos<\/span><\/h3>\n\n\n\n<p>Veja como funcionou a pontua\u00e7\u00e3o da prova de t\u00edtulos:<\/p>\n\n\n\n<p><strong>A.<\/strong> Diploma ou certificado\/declara\u00e7\u00e3o de conclus\u00e3o de curso de P\u00f3s-Gradua\u00e7\u00e3o <em>stricto sensu<\/em> (Doutorado em Direito), com hist\u00f3rico escolar e reconhecimento pelo MEC<\/p>\n\n\n\n<ul class=\"wp-block-list\">\n<li><strong>Valor unit\u00e1rio:<\/strong> 2,0 pontos<\/li>\n\n\n\n<li><strong>Valor m\u00e1ximo:<\/strong> 2,0 pontos<\/li>\n<\/ul>\n\n\n\n<p><strong>B.<\/strong> Diploma ou certificado\/declara\u00e7\u00e3o de conclus\u00e3o de curso de P\u00f3s-Gradua\u00e7\u00e3o <em>stricto sensu<\/em> (Mestrado em Direito), com hist\u00f3rico escolar e reconhecimento pelo MEC<\/p>\n\n\n\n<ul class=\"wp-block-list\">\n<li><strong>Valor unit\u00e1rio:<\/strong> 1,5 pontos<\/li>\n\n\n\n<li><strong>Valor m\u00e1ximo:<\/strong> 1,5 pontos<\/li>\n<\/ul>\n\n\n\n<p><strong>C.<\/strong> Certificado de conclus\u00e3o de curso de P\u00f3s-Gradua\u00e7\u00e3o <em>lato sensu<\/em> (Especializa\u00e7\u00e3o, MBA, LLM) na \u00e1rea jur\u00eddica, com carga hor\u00e1ria m\u00ednima de 360 horas, acompanhado do hist\u00f3rico escolar com disciplinas e respectivas cargas hor\u00e1rias<\/p>\n\n\n\n<ul class=\"wp-block-list\">\n<li><strong>Valor unit\u00e1rio:<\/strong> 0,5 ponto<\/li>\n\n\n\n<li><strong>Valor m\u00e1ximo:<\/strong> 0,5 ponto<\/li>\n<\/ul>\n\n\n\n<p><strong>Total m\u00e1ximo de pontos:<\/strong> 4,0 pontos<\/p>\n\n\n\n<p class=\"has-text-align-center\"><em>Fique por dentro de todos os detalhes do concurso PGE MT Procurador.<\/em><br><em>Preparamos um artigo completo para voc\u00ea!<\/em><\/p>\n\n\n\n<p class=\"has-text-align-center has-luminous-vivid-amber-to-luminous-vivid-orange-gradient-background has-background\"><a href=\"https:\/\/cj.estrategia.com\/portal\/concurso-pge-mt-procurador\/\" target=\"_blank\" rel=\"noreferrer noopener nofollow\">Concurso PGE MT Procurador<\/a><\/p>\n\n\n\n<h2 class=\"wp-block-heading has-text-align-center\" id=\"h-quer-saber-tudo-sobre-concursos-previstos-confira-nossos-artigos\"><span id=\"quer-saber-tudo-sobre-concursos-previstosconfira-nossos-artigos\">Quer saber tudo sobre concursos previstos?<br><strong>Confira nossos artigos!<\/strong><\/span><\/h2>\n\n\n\n<ul class=\"wp-block-list\">\n<li><a href=\"https:\/\/cj.estrategia.com\/portal\/concursos-abertos-carreiras-juridicas\/\" target=\"_blank\" >Concursos jur\u00eddicos abertos<\/a><\/li>\n<\/ul>\n\n\n\n<ul class=\"wp-block-list\">\n<li><a href=\"https:\/\/cj.estrategia.com\/portal\/concursos-2025-carreiras-juridicas\/\" target=\"_blank\" >Concursos jur\u00eddicos 2025<\/a><\/li>\n\n\n\n<li><a href=\"https:\/\/cj.estrategia.com\/portal\/concursos-procuradorias\/\">Concursos Procuradorias<\/a><\/li>\n<\/ul>\n\n\n\n<h2 class=\"wp-block-heading has-text-align-center\" id=\"cursos-ficha\"><span id=\"cursos-e-assinaturas\">CURSOS E ASSINATURAS<\/span><\/h2>\n\n\n\n<div class=\"container\" id=\"boxes\">\n  <div class=\"row\">\n\n    <div class=\"col-sm\">\n      <div class=\"banner-ecj\" id=\"box-assinatura\">\n        <h3 id=\"pge-mt-procurador\" class=\"titulo-assinatura\">PGE MT Procurador <\/h3>\n        <p class=\"subtitulo-assinatura\">Conhe\u00e7a os planos<\/p>\n        <div class=\"box-botao\">\n          <a class=\"btn-assinatura\" target=\"_blank\" href=\"https:\/\/cj.estrategia.com\/curso\/pge-mt-procurador-do-estado-pacote-teorico\/\" role=\"button\" rel=\"noopener noreferrer\">Conhe\u00e7a mais<\/a>\n        <\/div>\n      <\/div>\n      <p class=\"texto-auxiliar\">Prepare-se com o melhor material e com quem mais aprova em Concursos P\u00fablicos em todo o pa\u00eds. \n<\/p>\n    <\/div>\n\n  <\/div>\n<\/div>\n\n\n\n<div class=\"wp-block-cover\" style=\"min-height:155px;aspect-ratio:unset;\"><img decoding=\"async\" width=\"1890\" height=\"351\" class=\"wp-block-cover__image-background wp-image-8669\" alt=\"Assinaturas Jur\u00eddicas\" src=\"https:\/\/cj.estrategia.com\/portal\/wp-content\/uploads\/2022\/06\/20151253\/concurso-carreiras-juridicas-assinatura-juridica.jpg\" style=\"object-position:78% 43%\" data-object-fit=\"cover\" data-object-position=\"78% 43%\" srcset=\"https:\/\/cj.estrategia.com\/portal\/wp-content\/uploads\/2022\/06\/20151253\/concurso-carreiras-juridicas-assinatura-juridica.jpg 1890w, https:\/\/cj.estrategia.com\/portal\/wp-content\/uploads\/2022\/06\/20151253\/concurso-carreiras-juridicas-assinatura-juridica-300x56.jpg 300w, https:\/\/cj.estrategia.com\/portal\/wp-content\/uploads\/2022\/06\/20151253\/concurso-carreiras-juridicas-assinatura-juridica-1024x190.jpg 1024w, https:\/\/cj.estrategia.com\/portal\/wp-content\/uploads\/2022\/06\/20151253\/concurso-carreiras-juridicas-assinatura-juridica-768x143.jpg 768w, https:\/\/cj.estrategia.com\/portal\/wp-content\/uploads\/2022\/06\/20151253\/concurso-carreiras-juridicas-assinatura-juridica-1536x285.jpg 1536w, https:\/\/cj.estrategia.com\/portal\/wp-content\/uploads\/2022\/06\/20151253\/concurso-carreiras-juridicas-assinatura-juridica-380x71.jpg 380w, https:\/\/cj.estrategia.com\/portal\/wp-content\/uploads\/2022\/06\/20151253\/concurso-carreiras-juridicas-assinatura-juridica-800x149.jpg 800w, https:\/\/cj.estrategia.com\/portal\/wp-content\/uploads\/2022\/06\/20151253\/concurso-carreiras-juridicas-assinatura-juridica-1160x215.jpg 1160w\" sizes=\"(max-width: 1890px) 100vw, 1890px\" \/><span aria-hidden=\"true\" class=\"wp-block-cover__background has-background-dim\"><\/span><div class=\"wp-block-cover__inner-container is-layout-flow wp-block-cover-is-layout-flow\">\n<h3 id=\"faca-a-sua-assinatura\" class=\"titulo-assinatura\"><span style=\"color: #ffffff;\">Fa\u00e7a a sua assinatura!<\/span><\/h3>\n<p class=\"subtitulo-assinatura\" style=\"display:block!important; line-height: 0;\"><span style=\"color: #ffffff;\">Escolha a sua \u00e1rea.<\/span><\/p>\n<a target=\"_blank\" href=\"https:\/\/www.estrategiaconcursos.com.br\/assinaturas-ecj\/\" rel=\"noopener\"><button style=\"border-radius: 10px; text-transform: capitalize;\">Acessar<\/button><\/a>\n<\/div><\/div>\n","protected":false},"excerpt":{"rendered":"Aten\u00e7\u00e3o, concurseiro e concurseira! O novo certame para Procurador da PGE MT j\u00e1 recebeu autoriza\u00e7\u00e3o e deve ser&hellip;\n","protected":false},"author":162,"featured_media":37829,"comment_status":"open","ping_status":"open","sticky":false,"template":"","format":"standard","meta":{"_jetpack_memberships_contains_paid_content":false,"footnotes":""},"categories":[1,24],"tags":[],"tax_estado":[43],"class_list":{"0":"post-124166","1":"post","2":"type-post","3":"status-publish","4":"format-standard","5":"has-post-thumbnail","7":"category-carreiras-juridicas","8":"category-procuradoria","9":"tax_estado-mt"},"acf":[],"yoast_head":"<!-- This site is optimized with the Yoast SEO Premium plugin v27.4 (Yoast SEO v27.4) - https:\/\/yoast.com\/product\/yoast-seo-premium-wordpress\/ -->\n<title>PGE MT Procurador: como foram as etapas do \u00faltimo concurso?<\/title>\n<meta name=\"description\" content=\"Descubra tudo sobre as provas do \u00faltimo concurso PGE MT Procurador e as novas oportunidades criadas pela legisla\u00e7\u00e3o recente.\" \/>\n<meta name=\"robots\" content=\"index, follow, max-snippet:-1, max-image-preview:large, max-video-preview:-1\" \/>\n<link rel=\"canonical\" href=\"https:\/\/cj.estrategia.com\/portal\/pge-mt-procurador-provas-no-ultimo-concurso\/\" \/>\n<meta property=\"og:locale\" content=\"pt_BR\" \/>\n<meta property=\"og:type\" content=\"article\" \/>\n<meta property=\"og:title\" content=\"PGE MT Procurador: como foram as etapas do \u00faltimo concurso?\" \/>\n<meta property=\"og:description\" content=\"Descubra tudo sobre as provas do \u00faltimo concurso PGE MT Procurador e as novas oportunidades criadas pela legisla\u00e7\u00e3o recente.\" \/>\n<meta property=\"og:url\" content=\"https:\/\/cj.estrategia.com\/portal\/pge-mt-procurador-provas-no-ultimo-concurso\/\" \/>\n<meta property=\"og:site_name\" content=\"Blog - Carreiras Jur\u00eddicas - Estrat\u00e9gia\" \/>\n<meta property=\"article:publisher\" content=\"https:\/\/www.facebook.com\/estrategiacarreirajuridica\/\" \/>\n<meta property=\"article:published_time\" content=\"2025-05-28T17:37:50+00:00\" \/>\n<meta property=\"article:modified_time\" content=\"2025-07-21T23:25:09+00:00\" \/>\n<meta property=\"og:image\" content=\"https:\/\/cj.estrategia.com\/portal\/wp-content\/uploads\/2023\/06\/01151726\/PGE-MT-Procurador.jpg\" \/>\n\t<meta property=\"og:image:width\" content=\"960\" \/>\n\t<meta property=\"og:image:height\" content=\"540\" \/>\n\t<meta property=\"og:image:type\" content=\"image\/jpeg\" \/>\n<meta name=\"author\" content=\"Jos\u00e9 Ferreira\" \/>\n<meta name=\"twitter:card\" content=\"summary_large_image\" \/>\n<meta name=\"twitter:creator\" content=\"@EstratJuridica\" \/>\n<meta name=\"twitter:site\" content=\"@EstratJuridica\" \/>\n<meta name=\"twitter:label1\" content=\"Escrito por\" \/>\n\t<meta name=\"twitter:data1\" content=\"Jos\u00e9 Ferreira\" \/>\n\t<meta name=\"twitter:label2\" content=\"Est. tempo de leitura\" \/>\n\t<meta name=\"twitter:data2\" content=\"6 minutos\" \/>\n<script type=\"application\/ld+json\" class=\"yoast-schema-graph\">{\"@context\":\"https:\\\/\\\/schema.org\",\"@graph\":[{\"@type\":\"NewsArticle\",\"@id\":\"https:\\\/\\\/cj.estrategia.com\\\/portal\\\/pge-mt-procurador-provas-no-ultimo-concurso\\\/#article\",\"isPartOf\":{\"@id\":\"https:\\\/\\\/cj.estrategia.com\\\/portal\\\/pge-mt-procurador-provas-no-ultimo-concurso\\\/\"},\"author\":{\"name\":\"Jos\u00e9 Ferreira\",\"@id\":\"https:\\\/\\\/cj.estrategia.com\\\/portal\\\/#\\\/schema\\\/person\\\/4caf0099c42d736f2aade723f309f690\"},\"headline\":\"PGE MT Procurador: como foram as etapas do \u00faltimo concurso?\",\"datePublished\":\"2025-05-28T17:37:50+00:00\",\"dateModified\":\"2025-07-21T23:25:09+00:00\",\"mainEntityOfPage\":{\"@id\":\"https:\\\/\\\/cj.estrategia.com\\\/portal\\\/pge-mt-procurador-provas-no-ultimo-concurso\\\/\"},\"wordCount\":1081,\"commentCount\":0,\"publisher\":{\"@id\":\"https:\\\/\\\/cj.estrategia.com\\\/portal\\\/#organization\"},\"image\":{\"@id\":\"https:\\\/\\\/cj.estrategia.com\\\/portal\\\/pge-mt-procurador-provas-no-ultimo-concurso\\\/#primaryimage\"},\"thumbnailUrl\":\"https:\\\/\\\/cj.estrategia.com\\\/portal\\\/wp-content\\\/uploads\\\/2023\\\/06\\\/01151726\\\/PGE-MT-Procurador.jpg\",\"articleSection\":[\"Carreiras Jur\u00eddicas\",\"Procuradoria\"],\"inLanguage\":\"pt-BR\",\"potentialAction\":[{\"@type\":\"CommentAction\",\"name\":\"Comment\",\"target\":[\"https:\\\/\\\/cj.estrategia.com\\\/portal\\\/pge-mt-procurador-provas-no-ultimo-concurso\\\/#respond\"]}]},{\"@type\":\"WebPage\",\"@id\":\"https:\\\/\\\/cj.estrategia.com\\\/portal\\\/pge-mt-procurador-provas-no-ultimo-concurso\\\/\",\"url\":\"https:\\\/\\\/cj.estrategia.com\\\/portal\\\/pge-mt-procurador-provas-no-ultimo-concurso\\\/\",\"name\":\"PGE MT Procurador: como foram as etapas do \u00faltimo concurso?\",\"isPartOf\":{\"@id\":\"https:\\\/\\\/cj.estrategia.com\\\/portal\\\/#website\"},\"primaryImageOfPage\":{\"@id\":\"https:\\\/\\\/cj.estrategia.com\\\/portal\\\/pge-mt-procurador-provas-no-ultimo-concurso\\\/#primaryimage\"},\"image\":{\"@id\":\"https:\\\/\\\/cj.estrategia.com\\\/portal\\\/pge-mt-procurador-provas-no-ultimo-concurso\\\/#primaryimage\"},\"thumbnailUrl\":\"https:\\\/\\\/cj.estrategia.com\\\/portal\\\/wp-content\\\/uploads\\\/2023\\\/06\\\/01151726\\\/PGE-MT-Procurador.jpg\",\"datePublished\":\"2025-05-28T17:37:50+00:00\",\"dateModified\":\"2025-07-21T23:25:09+00:00\",\"description\":\"Descubra tudo sobre as provas do \u00faltimo concurso PGE MT Procurador e as novas oportunidades criadas pela legisla\u00e7\u00e3o recente.\",\"breadcrumb\":{\"@id\":\"https:\\\/\\\/cj.estrategia.com\\\/portal\\\/pge-mt-procurador-provas-no-ultimo-concurso\\\/#breadcrumb\"},\"inLanguage\":\"pt-BR\",\"potentialAction\":[{\"@type\":\"ReadAction\",\"target\":[\"https:\\\/\\\/cj.estrategia.com\\\/portal\\\/pge-mt-procurador-provas-no-ultimo-concurso\\\/\"]}]},{\"@type\":\"ImageObject\",\"inLanguage\":\"pt-BR\",\"@id\":\"https:\\\/\\\/cj.estrategia.com\\\/portal\\\/pge-mt-procurador-provas-no-ultimo-concurso\\\/#primaryimage\",\"url\":\"https:\\\/\\\/cj.estrategia.com\\\/portal\\\/wp-content\\\/uploads\\\/2023\\\/06\\\/01151726\\\/PGE-MT-Procurador.jpg\",\"contentUrl\":\"https:\\\/\\\/cj.estrategia.com\\\/portal\\\/wp-content\\\/uploads\\\/2023\\\/06\\\/01151726\\\/PGE-MT-Procurador.jpg\",\"width\":960,\"height\":540},{\"@type\":\"BreadcrumbList\",\"@id\":\"https:\\\/\\\/cj.estrategia.com\\\/portal\\\/pge-mt-procurador-provas-no-ultimo-concurso\\\/#breadcrumb\",\"itemListElement\":[{\"@type\":\"ListItem\",\"position\":1,\"name\":\"In\u00edcio\",\"item\":\"https:\\\/\\\/cj.estrategia.com\\\/portal\\\/\"},{\"@type\":\"ListItem\",\"position\":2,\"name\":\"PGE MT Procurador: como foram as etapas do \u00faltimo concurso?\"}]},{\"@type\":\"WebSite\",\"@id\":\"https:\\\/\\\/cj.estrategia.com\\\/portal\\\/#website\",\"url\":\"https:\\\/\\\/cj.estrategia.com\\\/portal\\\/\",\"name\":\"Blog - Carreiras Jur\u00eddicas - Estrat\u00e9gia\",\"description\":\"\",\"publisher\":{\"@id\":\"https:\\\/\\\/cj.estrategia.com\\\/portal\\\/#organization\"},\"potentialAction\":[{\"@type\":\"SearchAction\",\"target\":{\"@type\":\"EntryPoint\",\"urlTemplate\":\"https:\\\/\\\/cj.estrategia.com\\\/portal\\\/?s={search_term_string}\"},\"query-input\":{\"@type\":\"PropertyValueSpecification\",\"valueRequired\":true,\"valueName\":\"search_term_string\"}}],\"inLanguage\":\"pt-BR\"},{\"@type\":\"Organization\",\"@id\":\"https:\\\/\\\/cj.estrategia.com\\\/portal\\\/#organization\",\"name\":\"Estrat\u00e9gia - Carreiras Jur\u00eddicas\",\"url\":\"https:\\\/\\\/cj.estrategia.com\\\/portal\\\/\",\"logo\":{\"@type\":\"ImageObject\",\"inLanguage\":\"pt-BR\",\"@id\":\"https:\\\/\\\/cj.estrategia.com\\\/portal\\\/#\\\/schema\\\/logo\\\/image\\\/\",\"url\":\"https:\\\/\\\/cj.estrategia.com\\\/portal\\\/wp-content\\\/uploads\\\/2022\\\/03\\\/11151052\\\/cj-logo.png\",\"contentUrl\":\"https:\\\/\\\/cj.estrategia.com\\\/portal\\\/wp-content\\\/uploads\\\/2022\\\/03\\\/11151052\\\/cj-logo.png\",\"width\":150,\"height\":39,\"caption\":\"Estrat\u00e9gia - Carreiras Jur\u00eddicas\"},\"image\":{\"@id\":\"https:\\\/\\\/cj.estrategia.com\\\/portal\\\/#\\\/schema\\\/logo\\\/image\\\/\"},\"sameAs\":[\"https:\\\/\\\/www.facebook.com\\\/estrategiacarreirajuridica\\\/\",\"https:\\\/\\\/x.com\\\/EstratJuridica\",\"https:\\\/\\\/www.instagram.com\\\/estrategiacarreirajuridica\\\/\",\"https:\\\/\\\/www.youtube.com\\\/channel\\\/UClbMGuYbj2Mh1m3w144ETWQ\"]},{\"@type\":\"Person\",\"@id\":\"https:\\\/\\\/cj.estrategia.com\\\/portal\\\/#\\\/schema\\\/person\\\/4caf0099c42d736f2aade723f309f690\",\"name\":\"Jos\u00e9 Ferreira\",\"image\":{\"@type\":\"ImageObject\",\"inLanguage\":\"pt-BR\",\"@id\":\"https:\\\/\\\/cj.estrategia.com\\\/portal\\\/wp-content\\\/uploads\\\/2025\\\/04\\\/18142237\\\/jose-ferreira-navarro-analista-de-conteudo-jornalismo-carreiras-juridicas-96x96.png\",\"url\":\"https:\\\/\\\/cj.estrategia.com\\\/portal\\\/wp-content\\\/uploads\\\/2025\\\/04\\\/18142237\\\/jose-ferreira-navarro-analista-de-conteudo-jornalismo-carreiras-juridicas-96x96.png\",\"contentUrl\":\"https:\\\/\\\/cj.estrategia.com\\\/portal\\\/wp-content\\\/uploads\\\/2025\\\/04\\\/18142237\\\/jose-ferreira-navarro-analista-de-conteudo-jornalismo-carreiras-juridicas-96x96.png\",\"caption\":\"Jos\u00e9 Ferreira\"},\"description\":\"Analista de conte\u00fado na equipe de Jornalismo, atua com SEO e estrat\u00e9gia para desenvolver conte\u00fados relevantes e de alta qualidade voltados para OAB e para o universo de Concursos Jur\u00eddicos.\",\"url\":\"https:\\\/\\\/cj.estrategia.com\\\/portal\\\/author\\\/jose-navarro-de-andrade-cintra-ferreira\\\/\"}]}<\/script>\n<!-- \/ Yoast SEO Premium plugin. -->","yoast_head_json":{"title":"PGE MT Procurador: como foram as etapas do \u00faltimo concurso?","description":"Descubra tudo sobre as provas do \u00faltimo concurso PGE MT Procurador e as novas oportunidades criadas pela legisla\u00e7\u00e3o recente.","robots":{"index":"index","follow":"follow","max-snippet":"max-snippet:-1","max-image-preview":"max-image-preview:large","max-video-preview":"max-video-preview:-1"},"canonical":"https:\/\/cj.estrategia.com\/portal\/pge-mt-procurador-provas-no-ultimo-concurso\/","og_locale":"pt_BR","og_type":"article","og_title":"PGE MT Procurador: como foram as etapas do \u00faltimo concurso?","og_description":"Descubra tudo sobre as provas do \u00faltimo concurso PGE MT Procurador e as novas oportunidades criadas pela legisla\u00e7\u00e3o recente.","og_url":"https:\/\/cj.estrategia.com\/portal\/pge-mt-procurador-provas-no-ultimo-concurso\/","og_site_name":"Blog - Carreiras Jur\u00eddicas - Estrat\u00e9gia","article_publisher":"https:\/\/www.facebook.com\/estrategiacarreirajuridica\/","article_published_time":"2025-05-28T17:37:50+00:00","article_modified_time":"2025-07-21T23:25:09+00:00","og_image":[{"width":960,"height":540,"url":"https:\/\/cj.estrategia.com\/portal\/wp-content\/uploads\/2023\/06\/01151726\/PGE-MT-Procurador.jpg","type":"image\/jpeg"}],"author":"Jos\u00e9 Ferreira","twitter_card":"summary_large_image","twitter_creator":"@EstratJuridica","twitter_site":"@EstratJuridica","twitter_misc":{"Escrito por":"Jos\u00e9 Ferreira","Est. tempo de leitura":"6 minutos"},"schema":{"@context":"https:\/\/schema.org","@graph":[{"@type":"NewsArticle","@id":"https:\/\/cj.estrategia.com\/portal\/pge-mt-procurador-provas-no-ultimo-concurso\/#article","isPartOf":{"@id":"https:\/\/cj.estrategia.com\/portal\/pge-mt-procurador-provas-no-ultimo-concurso\/"},"author":{"name":"Jos\u00e9 Ferreira","@id":"https:\/\/cj.estrategia.com\/portal\/#\/schema\/person\/4caf0099c42d736f2aade723f309f690"},"headline":"PGE MT Procurador: como foram as etapas do \u00faltimo concurso?","datePublished":"2025-05-28T17:37:50+00:00","dateModified":"2025-07-21T23:25:09+00:00","mainEntityOfPage":{"@id":"https:\/\/cj.estrategia.com\/portal\/pge-mt-procurador-provas-no-ultimo-concurso\/"},"wordCount":1081,"commentCount":0,"publisher":{"@id":"https:\/\/cj.estrategia.com\/portal\/#organization"},"image":{"@id":"https:\/\/cj.estrategia.com\/portal\/pge-mt-procurador-provas-no-ultimo-concurso\/#primaryimage"},"thumbnailUrl":"https:\/\/cj.estrategia.com\/portal\/wp-content\/uploads\/2023\/06\/01151726\/PGE-MT-Procurador.jpg","articleSection":["Carreiras Jur\u00eddicas","Procuradoria"],"inLanguage":"pt-BR","potentialAction":[{"@type":"CommentAction","name":"Comment","target":["https:\/\/cj.estrategia.com\/portal\/pge-mt-procurador-provas-no-ultimo-concurso\/#respond"]}]},{"@type":"WebPage","@id":"https:\/\/cj.estrategia.com\/portal\/pge-mt-procurador-provas-no-ultimo-concurso\/","url":"https:\/\/cj.estrategia.com\/portal\/pge-mt-procurador-provas-no-ultimo-concurso\/","name":"PGE MT Procurador: como foram as etapas do \u00faltimo concurso?","isPartOf":{"@id":"https:\/\/cj.estrategia.com\/portal\/#website"},"primaryImageOfPage":{"@id":"https:\/\/cj.estrategia.com\/portal\/pge-mt-procurador-provas-no-ultimo-concurso\/#primaryimage"},"image":{"@id":"https:\/\/cj.estrategia.com\/portal\/pge-mt-procurador-provas-no-ultimo-concurso\/#primaryimage"},"thumbnailUrl":"https:\/\/cj.estrategia.com\/portal\/wp-content\/uploads\/2023\/06\/01151726\/PGE-MT-Procurador.jpg","datePublished":"2025-05-28T17:37:50+00:00","dateModified":"2025-07-21T23:25:09+00:00","description":"Descubra tudo sobre as provas do \u00faltimo concurso PGE MT Procurador e as novas oportunidades criadas pela legisla\u00e7\u00e3o recente.","breadcrumb":{"@id":"https:\/\/cj.estrategia.com\/portal\/pge-mt-procurador-provas-no-ultimo-concurso\/#breadcrumb"},"inLanguage":"pt-BR","potentialAction":[{"@type":"ReadAction","target":["https:\/\/cj.estrategia.com\/portal\/pge-mt-procurador-provas-no-ultimo-concurso\/"]}]},{"@type":"ImageObject","inLanguage":"pt-BR","@id":"https:\/\/cj.estrategia.com\/portal\/pge-mt-procurador-provas-no-ultimo-concurso\/#primaryimage","url":"https:\/\/cj.estrategia.com\/portal\/wp-content\/uploads\/2023\/06\/01151726\/PGE-MT-Procurador.jpg","contentUrl":"https:\/\/cj.estrategia.com\/portal\/wp-content\/uploads\/2023\/06\/01151726\/PGE-MT-Procurador.jpg","width":960,"height":540},{"@type":"BreadcrumbList","@id":"https:\/\/cj.estrategia.com\/portal\/pge-mt-procurador-provas-no-ultimo-concurso\/#breadcrumb","itemListElement":[{"@type":"ListItem","position":1,"name":"In\u00edcio","item":"https:\/\/cj.estrategia.com\/portal\/"},{"@type":"ListItem","position":2,"name":"PGE MT Procurador: como foram as etapas do \u00faltimo concurso?"}]},{"@type":"WebSite","@id":"https:\/\/cj.estrategia.com\/portal\/#website","url":"https:\/\/cj.estrategia.com\/portal\/","name":"Blog - Carreiras Jur\u00eddicas - Estrat\u00e9gia","description":"","publisher":{"@id":"https:\/\/cj.estrategia.com\/portal\/#organization"},"potentialAction":[{"@type":"SearchAction","target":{"@type":"EntryPoint","urlTemplate":"https:\/\/cj.estrategia.com\/portal\/?s={search_term_string}"},"query-input":{"@type":"PropertyValueSpecification","valueRequired":true,"valueName":"search_term_string"}}],"inLanguage":"pt-BR"},{"@type":"Organization","@id":"https:\/\/cj.estrategia.com\/portal\/#organization","name":"Estrat\u00e9gia - Carreiras Jur\u00eddicas","url":"https:\/\/cj.estrategia.com\/portal\/","logo":{"@type":"ImageObject","inLanguage":"pt-BR","@id":"https:\/\/cj.estrategia.com\/portal\/#\/schema\/logo\/image\/","url":"https:\/\/cj.estrategia.com\/portal\/wp-content\/uploads\/2022\/03\/11151052\/cj-logo.png","contentUrl":"https:\/\/cj.estrategia.com\/portal\/wp-content\/uploads\/2022\/03\/11151052\/cj-logo.png","width":150,"height":39,"caption":"Estrat\u00e9gia - Carreiras Jur\u00eddicas"},"image":{"@id":"https:\/\/cj.estrategia.com\/portal\/#\/schema\/logo\/image\/"},"sameAs":["https:\/\/www.facebook.com\/estrategiacarreirajuridica\/","https:\/\/x.com\/EstratJuridica","https:\/\/www.instagram.com\/estrategiacarreirajuridica\/","https:\/\/www.youtube.com\/channel\/UClbMGuYbj2Mh1m3w144ETWQ"]},{"@type":"Person","@id":"https:\/\/cj.estrategia.com\/portal\/#\/schema\/person\/4caf0099c42d736f2aade723f309f690","name":"Jos\u00e9 Ferreira","image":{"@type":"ImageObject","inLanguage":"pt-BR","@id":"https:\/\/cj.estrategia.com\/portal\/wp-content\/uploads\/2025\/04\/18142237\/jose-ferreira-navarro-analista-de-conteudo-jornalismo-carreiras-juridicas-96x96.png","url":"https:\/\/cj.estrategia.com\/portal\/wp-content\/uploads\/2025\/04\/18142237\/jose-ferreira-navarro-analista-de-conteudo-jornalismo-carreiras-juridicas-96x96.png","contentUrl":"https:\/\/cj.estrategia.com\/portal\/wp-content\/uploads\/2025\/04\/18142237\/jose-ferreira-navarro-analista-de-conteudo-jornalismo-carreiras-juridicas-96x96.png","caption":"Jos\u00e9 Ferreira"},"description":"Analista de conte\u00fado na equipe de Jornalismo, atua com SEO e estrat\u00e9gia para desenvolver conte\u00fados relevantes e de alta qualidade voltados para OAB e para o universo de Concursos Jur\u00eddicos.","url":"https:\/\/cj.estrategia.com\/portal\/author\/jose-navarro-de-andrade-cintra-ferreira\/"}]}},"jetpack_featured_media_url":"https:\/\/cj.estrategia.com\/portal\/wp-content\/uploads\/2023\/06\/01151726\/PGE-MT-Procurador.jpg","jetpack_sharing_enabled":true,"_links":{"self":[{"href":"https:\/\/cj.estrategia.com\/portal\/wp-json\/wp\/v2\/posts\/124166","targetHints":{"allow":["GET"]}}],"collection":[{"href":"https:\/\/cj.estrategia.com\/portal\/wp-json\/wp\/v2\/posts"}],"about":[{"href":"https:\/\/cj.estrategia.com\/portal\/wp-json\/wp\/v2\/types\/post"}],"author":[{"embeddable":true,"href":"https:\/\/cj.estrategia.com\/portal\/wp-json\/wp\/v2\/users\/162"}],"replies":[{"embeddable":true,"href":"https:\/\/cj.estrategia.com\/portal\/wp-json\/wp\/v2\/comments?post=124166"}],"version-history":[{"count":11,"href":"https:\/\/cj.estrategia.com\/portal\/wp-json\/wp\/v2\/posts\/124166\/revisions"}],"predecessor-version":[{"id":137520,"href":"https:\/\/cj.estrategia.com\/portal\/wp-json\/wp\/v2\/posts\/124166\/revisions\/137520"}],"wp:featuredmedia":[{"embeddable":true,"href":"https:\/\/cj.estrategia.com\/portal\/wp-json\/wp\/v2\/media\/37829"}],"wp:attachment":[{"href":"https:\/\/cj.estrategia.com\/portal\/wp-json\/wp\/v2\/media?parent=124166"}],"wp:term":[{"taxonomy":"category","embeddable":true,"href":"https:\/\/cj.estrategia.com\/portal\/wp-json\/wp\/v2\/categories?post=124166"},{"taxonomy":"post_tag","embeddable":true,"href":"https:\/\/cj.estrategia.com\/portal\/wp-json\/wp\/v2\/tags?post=124166"},{"taxonomy":"tax_estado","embeddable":true,"href":"https:\/\/cj.estrategia.com\/portal\/wp-json\/wp\/v2\/tax_estado?post=124166"}],"curies":[{"name":"wp","href":"https:\/\/api.w.org\/{rel}","templated":true}]}}