{"id":123772,"date":"2025-05-27T18:37:17","date_gmt":"2025-05-27T21:37:17","guid":{"rendered":"https:\/\/cj.estrategia.com\/portal\/?p=123772"},"modified":"2025-05-27T18:50:16","modified_gmt":"2025-05-27T21:50:16","slug":"prova-comentada-processual-penal-especial-concurso-juiz-federal-trf5","status":"publish","type":"post","link":"https:\/\/cj.estrategia.com\/portal\/prova-comentada-processual-penal-especial-concurso-juiz-federal-trf5\/","title":{"rendered":"Prova comentada Processual Penal Especial Concurso Juiz Federal TRF5"},"content":{"rendered":"\n<p>Ol\u00e1, pessoal, tudo certo?!<\/p>\n\n\n\n<p>Em 25\/05\/2025, foi aplicada a prova objetiva do concurso p\u00fablico para o <strong>Tribunal Regional Federal da 5.<\/strong><strong>\u00aa Regi\u00e3o<\/strong>. Assim que divulgados o caderno de provas e o gabarito preliminar oficial, nosso time de professores analisou cada uma das quest\u00f5es que agora ser\u00e3o apresentadas em nossa <strong>PROVA COMENTADA<\/strong>.<\/p>\n\n\n\n<p>Este material visa a auxili\u00e1-los na aferi\u00e7\u00e3o das notas, elabora\u00e7\u00e3o de eventuais recursos, verifica\u00e7\u00e3o das chances de avan\u00e7o para fase discursiva, bem como na revis\u00e3o do conte\u00fado cobrado no certame.<\/p>\n\n\n\n<p>Desde j\u00e1, destacamos que nosso time de professores identificou 5 quest\u00f5es pass\u00edveis de recurso e\/ou que deve ser anulada, por apresentar duas alternativas corretas, como veremos adiante. No tipo de prova comentado, trata-se das quest\u00f5es 07, 09, 38, 43 e 68.<\/p>\n\n\n\n<p>De modo complementar, elaboramos tamb\u00e9m o Ranking do <strong>TRF 5.\u00aa Regi\u00e3o <\/strong>em que nossos alunos e seguidores poder\u00e3o inserir suas respostas \u00e0 prova, e, ao final, aferir sua nota, de acordo com o gabarito elaborado por nossos professores. Atrav\u00e9s do ranking, tamb\u00e9m poderemos estimar a nota de corte da 1\u00ba fase. Essa ferramenta \u00e9 gratuita e, para participar, basta clicar no link abaixo:<\/p>\n\n\n\n<p class=\"has-text-align-center has-luminous-vivid-amber-background-color has-background\"><a href=\"https:\/\/cj.estrategia.com\/rankings\/eee909b1-52bc-46db-af28-11aa62a4624c\" target=\"_blank\" >Ranking TRF5<\/a><\/p>\n\n\n\n<p>Al\u00e9m disso, montamos um caderno para nossos seguidores, alunos ou n\u00e3o, verem os coment\u00e1rios e comentar as quest\u00f5es da prova:<\/p>\n\n\n\n<p class=\"has-text-align-center has-luminous-vivid-amber-background-color has-background\"><a href=\"https:\/\/cj.estrategia.com\/rankings\/eee909b1-52bc-46db-af28-11aa62a4624c\" target=\"_blank\" rel=\"noreferrer noopener nofollow\">Caderno de prova para seguidores<\/a><\/p>\n\n\n\n<p>Por fim, comentaremos a prova, as quest\u00f5es mais pol\u00eamicas, as possibilidades de recurso, bem como a estimativa da nota de corte no <strong>TERM\u00d4METRO P\u00d3S-PROVA<\/strong>, no nosso canal do Youtube. Inscreva-se e ative as notifica\u00e7\u00f5es!<\/p>\n\n\n\n<p class=\"has-text-align-center has-luminous-vivid-amber-background-color has-background\"><a href=\"https:\/\/www.youtube.com\/@EstrategiaCarreiraJuridica\"><strong>Estrat\u00e9gia Carreira Jur\u00eddica &#8211; YouTube<\/strong><\/a><\/p>\n\n\n\n<p>Esperamos que gostem do material e de todos os novos projetos que preparamos para que avancem rumo \u00e0 aprova\u00e7\u00e3o.<\/p>\n\n\n\n<p>Contem sempre conosco.<\/p>\n\n\n\n<p>Yasmin Ushara,<\/p>\n\n\n\n<p>Coordena\u00e7\u00e3o de Rodadas do Estrat\u00e9gia Carreiras Jur\u00eddicas.<\/p>\n\n\n\n<p class=\"has-text-align-center has-luminous-vivid-amber-background-color has-background\"><strong><strong><strong><a href=\"https:\/\/cj.estrategia.com\/portal\/provas-comentadas-de-todas-as-materias-do-concurso-juiz-federal-trf5\/\" target=\"_blank\" >Confira a prova comentada de todas as disciplinas<\/a><\/strong><\/strong><\/strong><\/p>\n\n\n\n<p><strong>QUEST\u00c3O 26. Ruy e Rodrigo, servidores p\u00fablicos federais, foram v\u00edtimas do crime de inj\u00faria racial praticado por Rafael, que foi formalmente indiciado em inqu\u00e9rito policial. Os autos do inqu\u00e9rito foram relatados e remetidos ao Minist\u00e9rio P\u00fablico, que, no prazo legal, entendeu pela atipicidade da conduta de Rafael e decidiu promover o arquivamento do feito, notificando as v\u00edtimas, a autoridade policial e o ju\u00edzo. Passados tr\u00eas meses da notifica\u00e7\u00e3o, Ruy ajuizou a\u00e7\u00e3o penal subsidi\u00e1ria da p\u00fablica em face de Rafael, sendo que Rodrigo n\u00e3o tomou qualquer provid\u00eancia. Diante desse contexto, a a\u00e7\u00e3o penal subsidi\u00e1ria:<\/strong><\/p>\n\n\n\n<p><strong>&nbsp;a) poder\u00e1 ser recebida pelo ju\u00edzo em raz\u00e3o de o crime ser imprescrit\u00edvel e n\u00e3o ter ocorrido a decad\u00eancia;<\/strong><\/p>\n\n\n\n<p><strong>&nbsp;b) n\u00e3o poder\u00e1 ser recebida pelo ju\u00edzo, pois houve ren\u00fancia ao direito de queixa por parte de Rodrigo;<\/strong><\/p>\n\n\n\n<p><strong>c) poder\u00e1 ser recebida pelo ju\u00edzo, pois o Minist\u00e9rio P\u00fablico n\u00e3o ajuizou a a\u00e7\u00e3o penal, que \u00e9 p\u00fablica incondicionada;<\/strong><\/p>\n\n\n\n<p><strong>d) n\u00e3o poder\u00e1 ser recebida pelo ju\u00edzo, pois o Minist\u00e9rio P\u00fablico promoveu o arquivamento no prazo legal;<\/strong><\/p>\n\n\n\n<p><strong>e) n\u00e3o poder\u00e1 ser recebida pelo ju\u00edzo, pois houve a peremp\u00e7\u00e3o do direito de queixa subsidi\u00e1ria por parte de Ruy.<\/strong><\/p>\n\n\n\n<p><strong>&nbsp;<\/strong><strong>Coment\u00e1rios<\/strong><\/p>\n\n\n\n<p>A alternativa correta \u00e9 a <strong>letra D.<\/strong> A quest\u00e3o versou sobre o tema a\u00e7\u00e3o penal privada subsidi\u00e1ria da p\u00fablica.<\/p>\n\n\n\n<p>A alternativa A est\u00e1 incorreta, porque n\u00e3o h\u00e1 que se falar em a\u00e7\u00e3o penal privada subsidi\u00e1ria da p\u00fablica, vez que o Minist\u00e9rio P\u00fablico n\u00e3o ficou inerte, mas decidiu pelo arquivamento do IP, pois entendeu que n\u00e3o houve conduta criminosa.<\/p>\n\n\n\n<p>A alternativa B est\u00e1 incorreta, porque n\u00e3o houve ren\u00fancia ao direito de queixa por parte de Rodrigo. Ocorreu, na verdade, o arquivamento do IP pelo fato de o MP entender pela atipicidade da conduta.<\/p>\n\n\n\n<p>A alternativa C est\u00e1 incorreta, pois n\u00e3o cabe a\u00e7\u00e3o subsidi\u00e1ria no caso, porque n\u00e3o houve in\u00e9rcia do MP. Ocorreu, na verdade, o arquivamento do IP pelo fato de o MP entender pela atipicidade da conduta.<\/p>\n\n\n\n<p>A alternativa D est\u00e1 correta, eis que n\u00e3o cabe a\u00e7\u00e3o subsidi\u00e1ria no caso, porque n\u00e3o houve in\u00e9rcia do MP. Se o Minist\u00e9rio P\u00fablico tivesse fica inerte, a\u00ed sim caberia a a\u00e7\u00e3o penal privada subsidi\u00e1ria da p\u00fablica, o que n\u00e3o foi o caso.<\/p>\n\n\n\n<p>A alternativa E est\u00e1 incorreta, pois n\u00e3o h\u00e1 falar em peremp\u00e7\u00e3o, instituto previsto no art. 60 do CPP, que diz respeito \u00e0s a\u00e7\u00f5es penais privadas. No caso, o crime de inj\u00faria racial, previsto no art. 2\u00ba-A da lei 7.716\/89 \u00e9 crime de a\u00e7\u00e3o penal p\u00fablica incondicionada. Vejamos: \u201cInjuriar algu\u00e9m, ofendendo-lhe a dignidade ou o decoro, em raz\u00e3o de ra\u00e7a, cor, etnia ou proced\u00eancia nacional: Pena: reclus\u00e3o, de 2 (dois) a 5 (cinco) anos, e multa.<\/p>\n\n\n\n<p><strong>QUEST\u00c3O 27. Adriano praticou o crime de estelionato mediante falsifica\u00e7\u00e3o de guias de recolhimento de contribui\u00e7\u00f5es previdenci\u00e1rias, tendo ocorrido les\u00e3o \u00e0 autarquia federal (Art. 171, \u00a73\u00ba, do C\u00f3digo Penal). Ouvido em sede policial, Adriano, que era prim\u00e1rio e n\u00e3o possu\u00eda antecedentes, negou a pr\u00e1tica do crime. Os autos do inqu\u00e9rito foram relatados pela autoridade policial, com indiciamento de Adriano pelo referido crime, e remetidos ao Minist\u00e9rio P\u00fablico. Nessa hip\u00f3tese, relativamente aos institutos despenalizadores previstos na legisla\u00e7\u00e3o penal e processual, \u00e9 correto afirmar que:<\/strong><\/p>\n\n\n\n<p><strong>a) poder\u00e1 o Minist\u00e9rio P\u00fablico, com o oferecimento da den\u00fancia, propor a Adriano a suspens\u00e3o condicional do processo, em raz\u00e3o de sua primariedade;<\/strong><\/p>\n\n\n\n<p><strong>b) poder\u00e1 o juiz, rejeitando a den\u00fancia, oferecer a Adriano acordo de n\u00e3o persecu\u00e7\u00e3o penal, se n\u00e3o o fizer o Minist\u00e9rio P\u00fablico;<\/strong><\/p>\n\n\n\n<p><strong>c) poder\u00e1 o Minist\u00e9rio P\u00fablico oferecer a Adriano transa\u00e7\u00e3o penal consistente em repara\u00e7\u00e3o do dano e presta\u00e7\u00e3o de servi\u00e7os \u00e0 comunidade pelo prazo de dois anos;<\/strong><\/p>\n\n\n\n<p><strong>d) poder\u00e1 o juiz, em caso de condena\u00e7\u00e3o n\u00e3o superior a dois anos, suspender a execu\u00e7\u00e3o da pena privativa de liberdade, se n\u00e3o for cab\u00edvel a substitui\u00e7\u00e3o da pena;<\/strong><\/p>\n\n\n\n<p><strong>e) poder\u00e1 o Minist\u00e9rio P\u00fablico oferecer a Adriano acordo de n\u00e3o persecu\u00e7\u00e3o penal, condicionado \u00e0 repara\u00e7\u00e3o do dano \u00e0 administra\u00e7\u00e3o.<\/strong><\/p>\n\n\n\n<p><strong>&nbsp;<\/strong><strong>Coment\u00e1rios<\/strong><\/p>\n\n\n\n<p>A alternativa correta \u00e9 a <strong>letra D.<\/strong> A quest\u00e3o versa sobre o tema suspens\u00e3o condicional da pena, art. 77 do C\u00f3digo Penal.<\/p>\n\n\n\n<p>A alternativa A est\u00e1 incorreta, porque n\u00e3o poderia o Minist\u00e9rio P\u00fablico propor a Adriano a suspens\u00e3o condicional do processo eis que com o aumento de um ter\u00e7o da pena (art. 171, \u00a73\u00ba) a pena m\u00ednima iria ultrapassar o limite de um ano e o sursis processual somente em crimes cuja pena m\u00ednima seja de at\u00e9 um ano.<\/p>\n\n\n\n<p>A alternativa B est\u00e1 incorreta, eis que o Juiz n\u00e3o pode oferecer acordo de n\u00e3o persecu\u00e7\u00e3o penal. No caso de recusa, por parte do Minist\u00e9rio P\u00fablico, em propor o acordo de n\u00e3o persecu\u00e7\u00e3o penal, o investigado poder\u00e1 requerer a remessa dos autos a \u00f3rg\u00e3o superior do MP.<\/p>\n\n\n\n<p>A alternativa C est\u00e1 incorreta, porque n\u00e3o poderia o Minist\u00e9rio P\u00fablico propor a Adriano a transa\u00e7\u00e3o penal, uma vez que n\u00e3o se trata de infra\u00e7\u00e3o de menor potencial ofensivo, vez que a pena m\u00e1xima ultrapassa os dois anos.<\/p>\n\n\n\n<p>A alternativa D est\u00e1 correta, pois poder\u00e1 sim o juiz, em caso de condena\u00e7\u00e3o n\u00e3o superior a dois anos, suspender a execu\u00e7\u00e3o da pena privativa de liberdade, se n\u00e3o for cab\u00edvel a substitui\u00e7\u00e3o da pena, conforme previsto no art. 77 do CP.<\/p>\n\n\n\n<p>A alternativa E est\u00e1 incorreta, pois embora o Minist\u00e9rio P\u00fablico pudesse oferecer a Adriano acordo de n\u00e3o persecu\u00e7\u00e3o penal, a repara\u00e7\u00e3o do dano \u00e0 administra\u00e7\u00e3o seria exigida somente se houvesse possibilidade de faz\u00ea-lo, por isso o erro na assertiva, conforme art. 28-A, inc. I &#8211; reparar o dano ou restituir a coisa \u00e0 v\u00edtima, exceto na impossibilidade de faz\u00ea-lo;<\/p>\n\n\n\n<p><strong>QUEST\u00c3O 28. Juan, Pablo e Oscar foram processados pelo Minist\u00e9rio P\u00fablico pela pr\u00e1tica dos crimes de associa\u00e7\u00e3o criminosa e tr\u00e1fico internacional de pessoas. Juan foi citado por edital e constituiu advogado em ju\u00edzo para se defender; Pablo se encontra em lugar sabido na Bol\u00edvia e foi expedida carta rogat\u00f3ria para a sua cita\u00e7\u00e3o; Oscar, por sua vez, foi citado pessoalmente, mas n\u00e3o apresentou resposta \u00e0 acusa\u00e7\u00e3o. Diante do contexto narrado, \u00e9 correto afirmar que:<\/strong><\/p>\n\n\n\n<p><strong>a) o curso do processo e da prescri\u00e7\u00e3o n\u00e3o ser\u00e3o suspensos em rela\u00e7\u00e3o a Juan e Oscar, sendo o curso da prescri\u00e7\u00e3o suspenso em rela\u00e7\u00e3o a Pablo at\u00e9 o cumprimento da rogat\u00f3ria;<\/strong><\/p>\n\n\n\n<p><strong>&nbsp;b) o curso do processo e da prescri\u00e7\u00e3o ser\u00e3o suspensos em rela\u00e7\u00e3o a Juan e Pablo, seguindo o processo e o prazo prescricional, sem suspens\u00f5es, em rela\u00e7\u00e3o a Oscar;<\/strong><\/p>\n\n\n\n<p><strong>c) o curso do processo e do prazo prescricional ser\u00e3o suspensos em rela\u00e7\u00e3o a Pablo at\u00e9 o cumprimento da rogat\u00f3ria, sendo o curso do processo suspenso em rela\u00e7\u00e3o a Juan e Oscar;<\/strong><\/p>\n\n\n\n<p><strong>d) o curso da prescri\u00e7\u00e3o ser\u00e1 interrompido em rela\u00e7\u00e3o a Juan e Oscar e ser\u00e1 suspenso em rela\u00e7\u00e3o a Pablo at\u00e9 o cumprimento da carta rogat\u00f3ria;<\/strong><\/p>\n\n\n\n<p><strong>e) o curso do processo e da prescri\u00e7\u00e3o ser\u00e3o interrompidos em rela\u00e7\u00e3o a Pablo at\u00e9 o cumprimento da rogat\u00f3ria, sendo o curso do processo suspenso em rela\u00e7\u00e3o a Juan.<\/strong><\/p>\n\n\n\n<p><strong>Coment\u00e1rios<\/strong><\/p>\n\n\n\n<p>A alternativa correta \u00e9 a <strong>letra A.<\/strong> A quest\u00e3o versou sobre o tema cita\u00e7\u00e3o no processo penal.<\/p>\n\n\n\n<p>A alternativa A est\u00e1 correta, porque realmente o curso do processo e da prescri\u00e7\u00e3o n\u00e3o ser\u00e3o suspensos em rela\u00e7\u00e3o a Juan e Oscar, uma vez que Juan foi citado por edital e constituiu advogado e Oscar foi citado pessoalmente. O curso da prescri\u00e7\u00e3o ser\u00e1 suspenso em rela\u00e7\u00e3o a Pablo at\u00e9 o cumprimento da rogat\u00f3ria, vez que ele ainda foi devidamente citado, conforme art. 368 do CPP: \u201cEstando o acusado no estrangeiro, em lugar sabido, ser\u00e1 citado mediante carta rogat\u00f3ria, suspendendo-se o curso do prazo de prescri\u00e7\u00e3o at\u00e9 o seu cumprimento.\u201d<\/p>\n\n\n\n<p>A alternativa B est\u00e1 incorreta, pois o curso do processo e da prescri\u00e7\u00e3o n\u00e3o ser\u00e3o suspensos em rela\u00e7\u00e3o a Juan e Oscar, uma vez que Juan foi citado por edital e constituiu advogado e Oscar foi citado pessoalmente. O curso da prescri\u00e7\u00e3o ser\u00e1 suspenso em rela\u00e7\u00e3o a Pablo at\u00e9 o cumprimento da rogat\u00f3ria, vez que ele ainda foi devidamente citado, conforme art. 368 do CPP.<\/p>\n\n\n\n<p>A alternativa C est\u00e1 incorreta, porque o curso do processo e da prescri\u00e7\u00e3o n\u00e3o ser\u00e3o suspensos em rela\u00e7\u00e3o a Juan e Oscar, uma vez que Juan foi citado por edital e constituiu advogado e Oscar foi citado pessoalmente. O curso da prescri\u00e7\u00e3o ser\u00e1 suspenso em rela\u00e7\u00e3o a Pablo at\u00e9 o cumprimento da rogat\u00f3ria, vez que ele ainda foi devidamente citado, conforme art. 368 do CPP.<\/p>\n\n\n\n<p>A alternativa D est\u00e1 incorreta, porque o curso do processo e da prescri\u00e7\u00e3o n\u00e3o ser\u00e3o suspensos em rela\u00e7\u00e3o a Juan e Oscar, uma vez que Juan foi citado por edital e constituiu advogado e Oscar foi citado pessoalmente. O curso da prescri\u00e7\u00e3o ser\u00e1 suspenso em rela\u00e7\u00e3o a Pablo at\u00e9 o cumprimento da rogat\u00f3ria, vez que ele ainda foi devidamente citado, conforme art. 368 do CPP.<\/p>\n\n\n\n<p>A alternativa E est\u00e1 incorreta, porque o curso do processo e da prescri\u00e7\u00e3o n\u00e3o ser\u00e3o suspensos em rela\u00e7\u00e3o a Juan e Oscar, uma vez que Juan foi citado por edital e constituiu advogado e Oscar foi citado pessoalmente. O curso da prescri\u00e7\u00e3o ser\u00e1 suspenso em rela\u00e7\u00e3o a Pablo at\u00e9 o cumprimento da rogat\u00f3ria, vez que ele ainda foi devidamente citado, conforme art. 368 do CPP.<\/p>\n\n\n\n<p><strong>QUEST\u00c3O 29. R\u00e9gis e Renato foram condenados a uma pena de quatro e seis anos de reclus\u00e3o e multa, bem como \u00e0 repara\u00e7\u00e3o dos danos m\u00ednimos causados em raz\u00e3o da pr\u00e1tica do crime de peculato em detrimento de bens da Uni\u00e3o. Renato tomou ci\u00eancia da senten\u00e7a e recorreu para anular o feito, em raz\u00e3o da in\u00e9pcia da den\u00fancia. R\u00e9gis, por sua vez, recorreu para diminuir a pena a ele aplicada, alegando n\u00e3o ter sido considerada a circunst\u00e2ncia de sua primariedade. O Minist\u00e9rio P\u00fablico deixou transcorrer o prazo recursal sem a interposi\u00e7\u00e3o de recurso. Diante desse contexto, \u00e9 correto afirmar que:<\/strong><\/p>\n\n\n\n<p><strong>a) a Uni\u00e3o poder\u00e1 interpor recurso de apela\u00e7\u00e3o, visando ao agravamento da pena de ambos os condenados e \u00e0 majora\u00e7\u00e3o da repara\u00e7\u00e3o m\u00ednima dos danos, no prazo de 15 dias ap\u00f3s decorrido prazo do Minist\u00e9rio P\u00fablico;<\/strong><\/p>\n\n\n\n<p><strong>b) o provimento do recurso de apela\u00e7\u00e3o interposto por R\u00e9gis poder\u00e1 aproveitar a Renato, acarretando a diminui\u00e7\u00e3o de sua pena, apesar de este n\u00e3o ter recorrido;<\/strong><\/p>\n\n\n\n<p><strong>c) o tribunal n\u00e3o poder\u00e1 conhecer de recurso da Uni\u00e3o visando ao aumento da pena dos condenados e da repara\u00e7\u00e3o dos danos, pois o Minist\u00e9rio P\u00fablico n\u00e3o recorreu;<\/strong><\/p>\n\n\n\n<p><strong>d) o provimento do recurso de Renato, por parte do tribunal, n\u00e3o poder\u00e1 aproveitar a R\u00e9gis, em raz\u00e3o da diversidade de fundamentos de cada impugna\u00e7\u00e3o recursal;<\/strong><\/p>\n\n\n\n<p><strong>e) a Uni\u00e3o n\u00e3o poder\u00e1 interpor recurso, pois n\u00e3o se habilitou anteriormente como assistente de acusa\u00e7\u00e3o durante o processo de primeiro grau.<\/strong><\/p>\n\n\n\n<p><strong>&nbsp;Coment\u00e1rios<\/strong><\/p>\n\n\n\n<p>A alternativa correta \u00e9 a <strong>letra A.<\/strong> A quest\u00e3o versou sobre o tema recurso de apela\u00e7\u00e3o.<\/p>\n\n\n\n<p>A alternativa A est\u00e1 correta, porque a Uni\u00e3o realmente poder\u00e1 interpor recurso de apela\u00e7\u00e3o, visando ao agravamento da pena de ambos os condenados e \u00e0 majora\u00e7\u00e3o da repara\u00e7\u00e3o m\u00ednima dos danos, no prazo de 15 dias ap\u00f3s decorrido prazo do Minist\u00e9rio P\u00fablico. O art. 598 do CPP. Vejamos: \u201cNos crimes de compet\u00eancia do Tribunal do J\u00fari, ou do juiz singular, se da senten\u00e7a n\u00e3o for interposta apela\u00e7\u00e3o pelo Minist\u00e9rio P\u00fablico no prazo legal, o ofendido ou qualquer das pessoas enumeradas no art. 31, ainda que n\u00e3o se tenha habilitado como assistente, poder\u00e1 interpor apela\u00e7\u00e3o, que n\u00e3o ter\u00e1, por\u00e9m, efeito suspensivo.\u201d<\/p>\n\n\n\n<p>A alternativa B est\u00e1 incorreta, porque o provimento do recurso de apela\u00e7\u00e3o interposto por R\u00e9gis n\u00e3o poder\u00e1 aproveitar a Renato, eis que versou sobre quest\u00e3o pessoal, pois alegou a circunst\u00e2ncia de sua primariedade, o que n\u00e3o atinge o corr\u00e9u.<\/p>\n\n\n\n<p>A alternativa C est\u00e1 incorreta, porque a Uni\u00e3o poder\u00e1 interpor recurso de apela\u00e7\u00e3o, visando ao agravamento da pena de ambos os condenados e \u00e0 majora\u00e7\u00e3o da repara\u00e7\u00e3o m\u00ednima dos danos, no prazo de 15 dias ap\u00f3s decorrido prazo do Minist\u00e9rio P\u00fablico. O art. 598 do CPP.<\/p>\n\n\n\n<p>A alternativa D est\u00e1 incorreta, porque o provimento do recurso de Renato poder\u00e1 aproveitar a R\u00e9gis, em raz\u00e3o de ser quest\u00e3o objetiva, em raz\u00e3o da in\u00e9pcia da den\u00fancia, o que aproveitaria ao corr\u00e9u.<\/p>\n\n\n\n<p>A alternativa E est\u00e1 incorreta, porque, a Uni\u00e3o poderia recorrer ainda que n\u00e3o tivesse se habilitado anteriormente como assistente, segundo o par\u00e1grafo \u00fanico do art. 598 do CPP: \u201cnos crimes de compet\u00eancia do Tribunal do J\u00fari, ou do juiz singular, se da senten\u00e7a n\u00e3o for interposta apela\u00e7\u00e3o pelo Minist\u00e9rio P\u00fablico no prazo legal, o ofendido ou qualquer das pessoas enumeradas no art. 31, ainda que n\u00e3o se tenha habilitado como assistente, poder\u00e1 interpor apela\u00e7\u00e3o, que n\u00e3o ter\u00e1, por\u00e9m, efeito suspensivo.\u201d<\/p>\n\n\n\n<p><strong>QUEST\u00c3O 30. Heitor, valendo-se da regra que disp\u00f5e que o habeas corpus pode ser impetrado por qualquer pessoa, ajuizou a referida a\u00e7\u00e3o em favor de seu inimigo declarado Aquiles, que sofria coa\u00e7\u00e3o em sua liberdade de locomo\u00e7\u00e3o por for\u00e7a de ato de juiz federal de primeiro grau. Contudo, Heitor foi propositalmente desidioso quanto \u00e0 referida a\u00e7\u00e3o, pois visava \u00e0 improced\u00eancia do pedido por ele formulado em favor de Aquiles, que n\u00e3o autorizou a impetra\u00e7\u00e3o. Diante desse contexto, \u00e9 correto afirmar que:<\/strong><\/p>\n\n\n\n<p><strong>a) o conhecimento do habeas corpus pela superior inst\u00e2ncia depende de manifesta\u00e7\u00e3o favor\u00e1vel do Minist\u00e9rio P\u00fablico;<\/strong><\/p>\n\n\n\n<p><strong>b) a decis\u00e3o de improced\u00eancia no habeas corpus vincula Aquiles, que foi substitu\u00eddo processualmente por Heitor;<\/strong><\/p>\n\n\n\n<p><strong>c) o conhecimento do habeas corpus pela superior inst\u00e2ncia pressup\u00f5e o consentimento de Aquiles \u00e0 impetra\u00e7\u00e3o de Heitor;<\/strong><\/p>\n\n\n\n<p><strong>d) a decis\u00e3o de improced\u00eancia no habeas corpus vincula o Minist\u00e9rio P\u00fablico, que n\u00e3o poder\u00e1 impetrar novo habeas corpus;<\/strong><\/p>\n\n\n\n<p><strong>e) o conhecimento do habeas corpus pela superior inst\u00e2ncia pressup\u00f5e impetra\u00e7\u00e3o por advogado constitu\u00eddo por parte de Heitor.<\/strong><\/p>\n\n\n\n<p><strong>&nbsp;<\/strong><strong>Coment\u00e1rios<\/strong><\/p>\n\n\n\n<p>A alternativa correta \u00e9 a <strong>letra C.<\/strong> A quest\u00e3o versa sobre o tema habeas corpus.<\/p>\n\n\n\n<p>A alternativa A est\u00e1 incorreta, porque o conhecimento do habeas corpus pela superior inst\u00e2ncia n\u00e3o depende de manifesta\u00e7\u00e3o favor\u00e1vel do Minist\u00e9rio P\u00fablico;<\/p>\n\n\n\n<p>A alternativa B est\u00e1 incorreta, porque a decis\u00e3o de improced\u00eancia no habeas corpus n\u00e3o vincula Aquiles, vez que n\u00e3o h\u00e1 falar em substitui\u00e7\u00e3o processual nesse caso.<\/p>\n\n\n\n<p>A alternativa C est\u00e1 correta, porque o conhecimento do habeas corpus pela superior inst\u00e2ncia pressup\u00f5e o consentimento de Aquiles \u00e0 impetra\u00e7\u00e3o de Heitor. Ele deve ser intimado para se manifestar expressamente sobre tal impetra\u00e7\u00e3o.&nbsp; Embora o art. 654 do CPP autorize que o habeas corpus possa ser impetrado por qualquer pessoa, em seu favor ou de outrem, \u00e9 pac\u00edfico na doutrina e jurisprud\u00eancia o entendimento de que deve haver a concord\u00e2ncia do paciente. Vejamos os julgados nesse sentido: \u201cEmenta: AGRAVO REGIMENTAL. HABEAS CORPUS IMPETRADO CONTRA RELATOR DO SUPREMO TRIBUNAL FEDERAL (STF). AUS\u00caNCIA DE AUTORIZA\u00c7\u00c3O DOS PACIENTES, QUE T\u00caM ADVOGADOS CONSTITU\u00cdDOS EM PROCEDIMENTOS INVESTIGAT\u00d3RIOS NO STF. IMPOSSIBILIDADE. INCID\u00caNCIA DA S\u00daMULA 606 DO STF. AGRAVO REGIMENTAL IMPROVIDO. I. Caso em exame 1. Pacientes alvos de pris\u00e3o preventiva e de outras medidas cautelares decretadas em procedimento investigat\u00f3rio em tr\u00e2mite no Supremo Tribunal Federal pela suposta pr\u00e1tica dos crimes de tentativa de aboli\u00e7\u00e3o violenta do estado democr\u00e1tico de direito (art. 359-L do C\u00f3digo Penal \u2014 CP), de tentativa de golpe de Estado (art. 359-M do CP) e de associa\u00e7\u00e3o criminosa (art. 288 do CP), todos em concurso material (art. 69 do CP). II. Quest\u00e3o em discuss\u00e3o 2. Saber se \u00e9 vi\u00e1vel a impetra\u00e7\u00e3o de habeas corpus contra decis\u00e3o de Ministro ou de \u00f3rg\u00e3o colegiado do Supremo Tribunal Federal, em situa\u00e7\u00f5es como a narrada nestes autos. III. Raz\u00f5es de decidir 3. A impetra\u00e7\u00e3o de habeas corpus em nome de terceiros, que j\u00e1 t\u00eam advogados constitu\u00eddos em distintos inqu\u00e9ritos que tramitam no Supremo Tribunal Federal, exige autoriza\u00e7\u00e3o expressa dos pacientes, a qual n\u00e3o foi juntada aos autos. 4. A jurisprud\u00eancia sumulada do Supremo Tribunal Federal estabelece que \u201cn\u00e3o cabe habeas corpus origin\u00e1rio para o Tribunal Pleno de decis\u00e3o de Turma, ou do Plen\u00e1rio, proferida em habeas corpus ou no respectivo recurso\u201d (S\u00famula 606). 5. O Plen\u00e1rio do STF reafirmou esse entendimento pela impossibilidade de impetra\u00e7\u00e3o de habeas corpus contra ato jurisdicional de \u00f3rg\u00e3o colegiado do Supremo Tribunal Federal ou de quaisquer de seus membros, a incidir a referida S\u00famula 606. IV. Dispositivo 6. Agravo regimental ao qual se nega provimento. (HC 249064 AgR, Relator(a): CRISTIANO ZANIN, Tribunal Pleno, julgado em 16-12-2024, PROCESSO ELETR\u00d4NICO DJe-s\/n&nbsp; DIVULG 14-01-2025&nbsp; PUBLIC 15-01-2025)\u201d.<\/p>\n\n\n\n<p>A alternativa D est\u00e1 incorreta, porque a decis\u00e3o de improced\u00eancia no habeas corpus n\u00e3o vincula o Minist\u00e9rio P\u00fablico, que n\u00e3o poder\u00e1 impetrar novo habeas corpus;<\/p>\n\n\n\n<p>A alternativa E est\u00e1 incorreta, porque o conhecimento do habeas corpus pela superior inst\u00e2ncia pressup\u00f5e n\u00e3o depende de impetra\u00e7\u00e3o de advogado.<\/p>\n\n\n\n<p><strong>QUEST\u00c3O 32. Washington e Wellington foram denunciados pelos crimes de tr\u00e1fico de armas e tr\u00e1fico internacional de entorpecentes. Durante a instru\u00e7\u00e3o criminal, o Minist\u00e9rio P\u00fablico n\u00e3o requereu que fossem juntados aos autos os laudos definitivos relativos \u00e0s armas e \u00e0s drogas apreendidas e, afirmando n\u00e3o haver prova segura da materialidade delitiva, opinou pela absolvi\u00e7\u00e3o dos acusados em alega\u00e7\u00f5es finais. Nesse contexto, \u00e9 correto afirmar que o juiz:<\/strong><\/p>\n\n\n\n<p><strong>a) n\u00e3o est\u00e1 vinculado ao pedido de absolvi\u00e7\u00e3o formulado pelo Minist\u00e9rio P\u00fablico, mas, em raz\u00e3o de sua imparcialidade, n\u00e3o poder\u00e1 requisitar a juntada dos laudos faltantes aos autos;<\/strong><\/p>\n\n\n\n<p><strong>b) est\u00e1 vinculado ao pedido de absolvi\u00e7\u00e3o formulado pelo Minist\u00e9rio P\u00fablico, pois este \u00e9 o titular da a\u00e7\u00e3o penal e desta desistiu formalmente;<\/strong><\/p>\n\n\n\n<p><strong>c) n\u00e3o est\u00e1 vinculado ao pedido de absolvi\u00e7\u00e3o formulado pelo Minist\u00e9rio P\u00fablico e desfruta de poderes instrut\u00f3rios para requisitar a juntada dos laudos faltantes aos autos;<\/strong><\/p>\n\n\n\n<p><strong>d) est\u00e1 vinculado ao pedido de absolvi\u00e7\u00e3o formulado pelo Minist\u00e9rio P\u00fablico, se este pedido for ratificado pela defesa dos acusados em suas alega\u00e7\u00f5es finais;<\/strong><\/p>\n\n\n\n<p><strong>e) n\u00e3o est\u00e1 vinculado ao pedido de absolvi\u00e7\u00e3o formulado pelo Minist\u00e9rio P\u00fablico, devendo, por\u00e9m, extinguir o feito sem an\u00e1lise do m\u00e9rito diante da preclus\u00e3o probat\u00f3ria.<\/strong><\/p>\n\n\n\n<p><strong>Coment\u00e1rios<\/strong><\/p>\n\n\n\n<p>A alternativa A est\u00e1 incorreta, porque o juiz poder\u00e1 sim requisitar a juntada dos laudos faltantes aos autos em raz\u00e3o do seu poder instrut\u00f3rio supletivo no processo penal, conforme art. 156, in. II, do CPP.<\/p>\n\n\n\n<p>&nbsp;A alternativa B est\u00e1 incorreta, porque o juiz n\u00e3o est\u00e1 vinculado ao pedido de absolvi\u00e7\u00e3o formulado pelo Minist\u00e9rio P\u00fablico e desfruta de poderes instrut\u00f3rios para requisitar a juntada dos laudos faltantes aos autos, segundo art. 385 do CPP.<\/p>\n\n\n\n<p>A alternativa C est\u00e1 correta, porque o juiz n\u00e3o est\u00e1 vinculado ao pedido de absolvi\u00e7\u00e3o formulado pelo Minist\u00e9rio P\u00fablico e desfruta de poderes instrut\u00f3rios para requisitar a juntada dos laudos faltantes aos autos, segundo <em>art. 385 do CPP:&nbsp; Nos crimes de a\u00e7\u00e3o p\u00fablica, o juiz poder\u00e1 proferir senten\u00e7a condenat\u00f3ria, ainda que o Minist\u00e9rio P\u00fablico tenha opinado pela absolvi\u00e7\u00e3o, bem como reconhecer agravantes, embora nenhuma tenha sido alegada.<\/em><\/p>\n\n\n\n<p>&nbsp;A alternativa D est\u00e1 incorreta, porque o juiz n\u00e3o est\u00e1 vinculado ao pedido de absolvi\u00e7\u00e3o formulado pelo Minist\u00e9rio P\u00fablico, ainda que este pedido tenha sido ratificado pela defesa dos acusados em suas alega\u00e7\u00f5es finais, segundo art. 385 do CPP.<\/p>\n\n\n\n<p>&nbsp;A alternativa E est\u00e1 incorreta, porque o juiz n\u00e3o est\u00e1 vinculado ao pedido de absolvi\u00e7\u00e3o formulado pelo Minist\u00e9rio P\u00fablico e n\u00e3o h\u00e1 nenhuma determina\u00e7\u00e3o para seja extinto o feito sem an\u00e1lise do m\u00e9rito diante da preclus\u00e3o probat\u00f3ria.<\/p>\n\n\n\n<p class=\"has-text-align-center\"><em>Fique por dentro de todos os detalhes do concurso TRF5<br>Preparamos um artigo completo para voc\u00ea!<\/em><\/p>\n\n\n\n<p class=\"has-text-align-center has-luminous-vivid-amber-background-color has-background\"><strong>Saiba mais: <\/strong><a href=\"https:\/\/cj.estrategia.com\/portal\/concurso-trf5-juiz-federal\/\"><strong>Concurso TRF<\/strong>5<\/a><\/p>\n\n\n\n<h2 class=\"wp-block-heading has-text-align-center\" id=\"h-quer-saber-tudo-sobre-concursos-previstos-confira-nossos-artigos\"><span id=\"quer-saber-tudo-sobre-concursos-previstosconfira-nossos-artigos\">Quer saber tudo sobre concursos previstos?<br><strong>Confira nossos artigos!<\/strong><\/span><\/h2>\n\n\n\n<ul class=\"wp-block-list\">\n<li><a href=\"https:\/\/cj.estrategia.com\/portal\/concursos-abertos-carreiras-juridicas\/\" target=\"_blank\" >Concursos jur\u00eddicos abertos<\/a><\/li>\n\n\n\n<li><a href=\"https:\/\/cj.estrategia.com\/portal\/concursos-2025-carreiras-juridicas\/\" target=\"_blank\" >Concurso Jur\u00eddicos 2025<\/a><\/li>\n\n\n\n<li><a href=\"https:\/\/cj.estrategia.com\/portal\/concursos-procuradorias\/\" target=\"_blank\" >Concursos Procuradorias<\/a><\/li>\n<\/ul>\n\n\n\n<h2 class=\"wp-block-heading has-text-align-center\" id=\"assinatura-e-cursos\"><span id=\"quer-estudar-para-o-concurso-trf5\">Quer estudar para o concurso TRF5?<\/span><\/h2>\n\n\n\n<h2 class=\"wp-block-heading has-text-align-center\" id=\"cursos-ficha\"><span id=\"cursos-e-assinaturas\">Cursos e Assinaturas<\/span><\/h2>\n\n\n\n<p>O Estrat\u00e9gia Carreira Jur\u00eddica \u00e9 campe\u00e3o de aprova\u00e7\u00f5es nos concursos para Carreiras Jur\u00eddicas com um corpo docente qualificado e materiais completos. Conhe\u00e7a nossos cursos e garanta sua aprova\u00e7\u00e3o:<\/p>\n\n\n\n<div class=\"container\" id=\"boxes\">\n  <div class=\"row\">\n\n    <div class=\"col-sm\">\n      <div class=\"banner-estrategia-concursos-juridicos\" id=\"box-assinatura\">\n        <h2 id=\"curso-para-trf5-juiz-federal\" class=\"titulo-assinatura\"><span style=\"color: #ffffff; font-size: 23px; \">Curso para TRF5 Juiz Federal <\/span><\/h2>\n        <p class=\"subtitulo-assinatura\">Cursos focados no edital do concurso<\/p>\n        <div class=\"box-botao\">\n          <a class=\"btn-assinatura-juridica\" target=\"_blank\" href=\"https:\/\/cj.estrategia.com\/curso\/trf-5-regio-juiz-federal-pacote-teorico-2025-pos-edital\/\" role=\"button\" rel=\"noopener noreferrer\">Conhe\u00e7a mais<\/a>\n        <\/div>\n      <\/div>\n      <p class=\"texto-auxiliar\">Prepare-se com o melhor material e com quem mais aprova em concursos em todo o pa\u00eds. \n<\/p>\n    <\/div>\n\n  <\/div>\n<\/div>\n\n\n\n<div class=\"wp-block-cover\" style=\"min-height:155px;aspect-ratio:unset;\"><span aria-hidden=\"true\" class=\"wp-block-cover__background has-background-dim\"><\/span><img decoding=\"async\" width=\"1890\" height=\"351\" class=\"wp-block-cover__image-background wp-image-8669\" alt=\"Assinaturas Jur\u00eddicas\" src=\"https:\/\/cj.estrategia.com\/portal\/wp-content\/uploads\/2022\/06\/20151253\/concurso-carreiras-juridicas-assinatura-juridica.jpg\" data-object-fit=\"cover\" srcset=\"https:\/\/cj.estrategia.com\/portal\/wp-content\/uploads\/2022\/06\/20151253\/concurso-carreiras-juridicas-assinatura-juridica.jpg 1890w, https:\/\/cj.estrategia.com\/portal\/wp-content\/uploads\/2022\/06\/20151253\/concurso-carreiras-juridicas-assinatura-juridica-300x56.jpg 300w, https:\/\/cj.estrategia.com\/portal\/wp-content\/uploads\/2022\/06\/20151253\/concurso-carreiras-juridicas-assinatura-juridica-1024x190.jpg 1024w, https:\/\/cj.estrategia.com\/portal\/wp-content\/uploads\/2022\/06\/20151253\/concurso-carreiras-juridicas-assinatura-juridica-768x143.jpg 768w, https:\/\/cj.estrategia.com\/portal\/wp-content\/uploads\/2022\/06\/20151253\/concurso-carreiras-juridicas-assinatura-juridica-1536x285.jpg 1536w, https:\/\/cj.estrategia.com\/portal\/wp-content\/uploads\/2022\/06\/20151253\/concurso-carreiras-juridicas-assinatura-juridica-380x71.jpg 380w, https:\/\/cj.estrategia.com\/portal\/wp-content\/uploads\/2022\/06\/20151253\/concurso-carreiras-juridicas-assinatura-juridica-800x149.jpg 800w, https:\/\/cj.estrategia.com\/portal\/wp-content\/uploads\/2022\/06\/20151253\/concurso-carreiras-juridicas-assinatura-juridica-1160x215.jpg 1160w\" sizes=\"(max-width: 1890px) 100vw, 1890px\" \/><div class=\"wp-block-cover__inner-container is-layout-flow wp-block-cover-is-layout-flow\">\n<h3 id=\"faca-a-sua-assinatura\" class=\"titulo-assinatura\"><span style=\"color: #ffffff;\">Fa\u00e7a a sua assinatura!<\/span><\/h3>\r\n<p class=\"subtitulo-assinatura\" style=\"display:block!important; line-height: 0;\"><span style=\"color: #ffffff;\">Escolha a sua \u00e1rea.<\/span><\/p>\r\n<a target=\"_blank\" href=\"https:\/\/www.estrategiaconcursos.com.br\/assinaturas-ecj\/\" rel=\"noopener\"><button style=\"border-radius: 10px; text-transform: capitalize;\">Acessar<\/button><\/a>\n<\/div><\/div>\n\n\n\n<p><\/p>\n","protected":false},"excerpt":{"rendered":"Ol\u00e1, pessoal, tudo certo?! Em 25\/05\/2025, foi aplicada a prova objetiva do concurso p\u00fablico para o Tribunal Regional&hellip;\n","protected":false},"author":162,"featured_media":20864,"comment_status":"open","ping_status":"open","sticky":false,"template":"","format":"standard","meta":{"_jetpack_memberships_contains_paid_content":false,"footnotes":""},"categories":[1,26],"tags":[],"tax_estado":[31,35,45,46,50,55],"class_list":{"0":"post-123772","1":"post","2":"type-post","3":"status-publish","4":"format-standard","5":"has-post-thumbnail","7":"category-carreiras-juridicas","8":"category-magistratura","9":"tax_estado-al","10":"tax_estado-ce","11":"tax_estado-pb","12":"tax_estado-pe","13":"tax_estado-rn","14":"tax_estado-se"},"acf":[],"yoast_head":"<!-- This site is optimized with the Yoast SEO Premium plugin v27.4 (Yoast SEO v27.4) - https:\/\/yoast.com\/product\/yoast-seo-premium-wordpress\/ -->\n<title>Prova comentada Processual Penal Especial Concurso Juiz Federal TRF5<\/title>\n<meta name=\"description\" content=\"Confira agora mesmo a Prova comentada Processual Penal Especial Concurso Juiz Federal TRF5 elaborada pelos nossos professores!\" \/>\n<meta name=\"robots\" content=\"index, follow, max-snippet:-1, max-image-preview:large, max-video-preview:-1\" \/>\n<link rel=\"canonical\" href=\"https:\/\/cj.estrategia.com\/portal\/prova-comentada-processual-penal-especial-concurso-juiz-federal-trf5\/\" \/>\n<meta property=\"og:locale\" content=\"pt_BR\" \/>\n<meta property=\"og:type\" content=\"article\" \/>\n<meta property=\"og:title\" content=\"Prova comentada Processual Penal Especial Concurso Juiz Federal TRF5\" \/>\n<meta property=\"og:description\" content=\"Confira agora mesmo a Prova comentada Processual Penal Especial Concurso Juiz Federal TRF5 elaborada pelos nossos professores!\" \/>\n<meta property=\"og:url\" content=\"https:\/\/cj.estrategia.com\/portal\/prova-comentada-processual-penal-especial-concurso-juiz-federal-trf5\/\" \/>\n<meta property=\"og:site_name\" content=\"Blog - Carreiras Jur\u00eddicas - Estrat\u00e9gia\" \/>\n<meta property=\"article:publisher\" content=\"https:\/\/www.facebook.com\/estrategiacarreirajuridica\/\" \/>\n<meta property=\"article:published_time\" content=\"2025-05-27T21:37:17+00:00\" \/>\n<meta property=\"article:modified_time\" content=\"2025-05-27T21:50:16+00:00\" \/>\n<meta property=\"og:image\" content=\"https:\/\/cj.estrategia.com\/portal\/wp-content\/uploads\/2021\/06\/04112042\/TRF-5-JUIZ.jpg\" \/>\n\t<meta property=\"og:image:width\" content=\"768\" \/>\n\t<meta property=\"og:image:height\" content=\"432\" \/>\n\t<meta property=\"og:image:type\" content=\"image\/jpeg\" \/>\n<meta name=\"author\" content=\"Jos\u00e9 Ferreira\" \/>\n<meta name=\"twitter:card\" content=\"summary_large_image\" \/>\n<meta name=\"twitter:creator\" content=\"@EstratJuridica\" \/>\n<meta name=\"twitter:site\" content=\"@EstratJuridica\" \/>\n<meta name=\"twitter:label1\" content=\"Escrito por\" \/>\n\t<meta name=\"twitter:data1\" content=\"Jos\u00e9 Ferreira\" \/>\n\t<meta name=\"twitter:label2\" content=\"Est. tempo de leitura\" \/>\n\t<meta name=\"twitter:data2\" content=\"20 minutos\" \/>\n<script type=\"application\/ld+json\" class=\"yoast-schema-graph\">{\"@context\":\"https:\\\/\\\/schema.org\",\"@graph\":[{\"@type\":\"NewsArticle\",\"@id\":\"https:\\\/\\\/cj.estrategia.com\\\/portal\\\/prova-comentada-processual-penal-especial-concurso-juiz-federal-trf5\\\/#article\",\"isPartOf\":{\"@id\":\"https:\\\/\\\/cj.estrategia.com\\\/portal\\\/prova-comentada-processual-penal-especial-concurso-juiz-federal-trf5\\\/\"},\"author\":{\"name\":\"Jos\u00e9 Ferreira\",\"@id\":\"https:\\\/\\\/cj.estrategia.com\\\/portal\\\/#\\\/schema\\\/person\\\/4caf0099c42d736f2aade723f309f690\"},\"headline\":\"Prova comentada Processual Penal Especial Concurso Juiz Federal TRF5\",\"datePublished\":\"2025-05-27T21:37:17+00:00\",\"dateModified\":\"2025-05-27T21:50:16+00:00\",\"mainEntityOfPage\":{\"@id\":\"https:\\\/\\\/cj.estrategia.com\\\/portal\\\/prova-comentada-processual-penal-especial-concurso-juiz-federal-trf5\\\/\"},\"wordCount\":3999,\"commentCount\":0,\"publisher\":{\"@id\":\"https:\\\/\\\/cj.estrategia.com\\\/portal\\\/#organization\"},\"image\":{\"@id\":\"https:\\\/\\\/cj.estrategia.com\\\/portal\\\/prova-comentada-processual-penal-especial-concurso-juiz-federal-trf5\\\/#primaryimage\"},\"thumbnailUrl\":\"https:\\\/\\\/cj.estrategia.com\\\/portal\\\/wp-content\\\/uploads\\\/2021\\\/06\\\/04112042\\\/TRF-5-JUIZ.jpg\",\"articleSection\":[\"Carreiras Jur\u00eddicas\",\"Magistratura\"],\"inLanguage\":\"pt-BR\",\"potentialAction\":[{\"@type\":\"CommentAction\",\"name\":\"Comment\",\"target\":[\"https:\\\/\\\/cj.estrategia.com\\\/portal\\\/prova-comentada-processual-penal-especial-concurso-juiz-federal-trf5\\\/#respond\"]}]},{\"@type\":\"WebPage\",\"@id\":\"https:\\\/\\\/cj.estrategia.com\\\/portal\\\/prova-comentada-processual-penal-especial-concurso-juiz-federal-trf5\\\/\",\"url\":\"https:\\\/\\\/cj.estrategia.com\\\/portal\\\/prova-comentada-processual-penal-especial-concurso-juiz-federal-trf5\\\/\",\"name\":\"Prova comentada Processual Penal Especial Concurso Juiz Federal TRF5\",\"isPartOf\":{\"@id\":\"https:\\\/\\\/cj.estrategia.com\\\/portal\\\/#website\"},\"primaryImageOfPage\":{\"@id\":\"https:\\\/\\\/cj.estrategia.com\\\/portal\\\/prova-comentada-processual-penal-especial-concurso-juiz-federal-trf5\\\/#primaryimage\"},\"image\":{\"@id\":\"https:\\\/\\\/cj.estrategia.com\\\/portal\\\/prova-comentada-processual-penal-especial-concurso-juiz-federal-trf5\\\/#primaryimage\"},\"thumbnailUrl\":\"https:\\\/\\\/cj.estrategia.com\\\/portal\\\/wp-content\\\/uploads\\\/2021\\\/06\\\/04112042\\\/TRF-5-JUIZ.jpg\",\"datePublished\":\"2025-05-27T21:37:17+00:00\",\"dateModified\":\"2025-05-27T21:50:16+00:00\",\"description\":\"Confira agora mesmo a Prova comentada Processual Penal Especial Concurso Juiz Federal TRF5 elaborada pelos nossos professores!\",\"breadcrumb\":{\"@id\":\"https:\\\/\\\/cj.estrategia.com\\\/portal\\\/prova-comentada-processual-penal-especial-concurso-juiz-federal-trf5\\\/#breadcrumb\"},\"inLanguage\":\"pt-BR\",\"potentialAction\":[{\"@type\":\"ReadAction\",\"target\":[\"https:\\\/\\\/cj.estrategia.com\\\/portal\\\/prova-comentada-processual-penal-especial-concurso-juiz-federal-trf5\\\/\"]}]},{\"@type\":\"ImageObject\",\"inLanguage\":\"pt-BR\",\"@id\":\"https:\\\/\\\/cj.estrategia.com\\\/portal\\\/prova-comentada-processual-penal-especial-concurso-juiz-federal-trf5\\\/#primaryimage\",\"url\":\"https:\\\/\\\/cj.estrategia.com\\\/portal\\\/wp-content\\\/uploads\\\/2021\\\/06\\\/04112042\\\/TRF-5-JUIZ.jpg\",\"contentUrl\":\"https:\\\/\\\/cj.estrategia.com\\\/portal\\\/wp-content\\\/uploads\\\/2021\\\/06\\\/04112042\\\/TRF-5-JUIZ.jpg\",\"width\":768,\"height\":432,\"caption\":\"concurso tf5 juiz federal\"},{\"@type\":\"BreadcrumbList\",\"@id\":\"https:\\\/\\\/cj.estrategia.com\\\/portal\\\/prova-comentada-processual-penal-especial-concurso-juiz-federal-trf5\\\/#breadcrumb\",\"itemListElement\":[{\"@type\":\"ListItem\",\"position\":1,\"name\":\"In\u00edcio\",\"item\":\"https:\\\/\\\/cj.estrategia.com\\\/portal\\\/\"},{\"@type\":\"ListItem\",\"position\":2,\"name\":\"Prova comentada Processual Penal Especial Concurso Juiz Federal TRF5\"}]},{\"@type\":\"WebSite\",\"@id\":\"https:\\\/\\\/cj.estrategia.com\\\/portal\\\/#website\",\"url\":\"https:\\\/\\\/cj.estrategia.com\\\/portal\\\/\",\"name\":\"Blog - Carreiras Jur\u00eddicas - Estrat\u00e9gia\",\"description\":\"\",\"publisher\":{\"@id\":\"https:\\\/\\\/cj.estrategia.com\\\/portal\\\/#organization\"},\"potentialAction\":[{\"@type\":\"SearchAction\",\"target\":{\"@type\":\"EntryPoint\",\"urlTemplate\":\"https:\\\/\\\/cj.estrategia.com\\\/portal\\\/?s={search_term_string}\"},\"query-input\":{\"@type\":\"PropertyValueSpecification\",\"valueRequired\":true,\"valueName\":\"search_term_string\"}}],\"inLanguage\":\"pt-BR\"},{\"@type\":\"Organization\",\"@id\":\"https:\\\/\\\/cj.estrategia.com\\\/portal\\\/#organization\",\"name\":\"Estrat\u00e9gia - Carreiras Jur\u00eddicas\",\"url\":\"https:\\\/\\\/cj.estrategia.com\\\/portal\\\/\",\"logo\":{\"@type\":\"ImageObject\",\"inLanguage\":\"pt-BR\",\"@id\":\"https:\\\/\\\/cj.estrategia.com\\\/portal\\\/#\\\/schema\\\/logo\\\/image\\\/\",\"url\":\"https:\\\/\\\/cj.estrategia.com\\\/portal\\\/wp-content\\\/uploads\\\/2022\\\/03\\\/11151052\\\/cj-logo.png\",\"contentUrl\":\"https:\\\/\\\/cj.estrategia.com\\\/portal\\\/wp-content\\\/uploads\\\/2022\\\/03\\\/11151052\\\/cj-logo.png\",\"width\":150,\"height\":39,\"caption\":\"Estrat\u00e9gia - Carreiras Jur\u00eddicas\"},\"image\":{\"@id\":\"https:\\\/\\\/cj.estrategia.com\\\/portal\\\/#\\\/schema\\\/logo\\\/image\\\/\"},\"sameAs\":[\"https:\\\/\\\/www.facebook.com\\\/estrategiacarreirajuridica\\\/\",\"https:\\\/\\\/x.com\\\/EstratJuridica\",\"https:\\\/\\\/www.instagram.com\\\/estrategiacarreirajuridica\\\/\",\"https:\\\/\\\/www.youtube.com\\\/channel\\\/UClbMGuYbj2Mh1m3w144ETWQ\"]},{\"@type\":\"Person\",\"@id\":\"https:\\\/\\\/cj.estrategia.com\\\/portal\\\/#\\\/schema\\\/person\\\/4caf0099c42d736f2aade723f309f690\",\"name\":\"Jos\u00e9 Ferreira\",\"image\":{\"@type\":\"ImageObject\",\"inLanguage\":\"pt-BR\",\"@id\":\"https:\\\/\\\/cj.estrategia.com\\\/portal\\\/wp-content\\\/uploads\\\/2025\\\/04\\\/18142237\\\/jose-ferreira-navarro-analista-de-conteudo-jornalismo-carreiras-juridicas-96x96.png\",\"url\":\"https:\\\/\\\/cj.estrategia.com\\\/portal\\\/wp-content\\\/uploads\\\/2025\\\/04\\\/18142237\\\/jose-ferreira-navarro-analista-de-conteudo-jornalismo-carreiras-juridicas-96x96.png\",\"contentUrl\":\"https:\\\/\\\/cj.estrategia.com\\\/portal\\\/wp-content\\\/uploads\\\/2025\\\/04\\\/18142237\\\/jose-ferreira-navarro-analista-de-conteudo-jornalismo-carreiras-juridicas-96x96.png\",\"caption\":\"Jos\u00e9 Ferreira\"},\"description\":\"Analista de conte\u00fado na equipe de Jornalismo, atua com SEO e estrat\u00e9gia para desenvolver conte\u00fados relevantes e de alta qualidade voltados para OAB e para o universo de Concursos Jur\u00eddicos.\",\"url\":\"https:\\\/\\\/cj.estrategia.com\\\/portal\\\/author\\\/jose-navarro-de-andrade-cintra-ferreira\\\/\"}]}<\/script>\n<!-- \/ Yoast SEO Premium plugin. -->","yoast_head_json":{"title":"Prova comentada Processual Penal Especial Concurso Juiz Federal TRF5","description":"Confira agora mesmo a Prova comentada Processual Penal Especial Concurso Juiz Federal TRF5 elaborada pelos nossos professores!","robots":{"index":"index","follow":"follow","max-snippet":"max-snippet:-1","max-image-preview":"max-image-preview:large","max-video-preview":"max-video-preview:-1"},"canonical":"https:\/\/cj.estrategia.com\/portal\/prova-comentada-processual-penal-especial-concurso-juiz-federal-trf5\/","og_locale":"pt_BR","og_type":"article","og_title":"Prova comentada Processual Penal Especial Concurso Juiz Federal TRF5","og_description":"Confira agora mesmo a Prova comentada Processual Penal Especial Concurso Juiz Federal TRF5 elaborada pelos nossos professores!","og_url":"https:\/\/cj.estrategia.com\/portal\/prova-comentada-processual-penal-especial-concurso-juiz-federal-trf5\/","og_site_name":"Blog - Carreiras Jur\u00eddicas - Estrat\u00e9gia","article_publisher":"https:\/\/www.facebook.com\/estrategiacarreirajuridica\/","article_published_time":"2025-05-27T21:37:17+00:00","article_modified_time":"2025-05-27T21:50:16+00:00","og_image":[{"width":768,"height":432,"url":"https:\/\/cj.estrategia.com\/portal\/wp-content\/uploads\/2021\/06\/04112042\/TRF-5-JUIZ.jpg","type":"image\/jpeg"}],"author":"Jos\u00e9 Ferreira","twitter_card":"summary_large_image","twitter_creator":"@EstratJuridica","twitter_site":"@EstratJuridica","twitter_misc":{"Escrito por":"Jos\u00e9 Ferreira","Est. tempo de leitura":"20 minutos"},"schema":{"@context":"https:\/\/schema.org","@graph":[{"@type":"NewsArticle","@id":"https:\/\/cj.estrategia.com\/portal\/prova-comentada-processual-penal-especial-concurso-juiz-federal-trf5\/#article","isPartOf":{"@id":"https:\/\/cj.estrategia.com\/portal\/prova-comentada-processual-penal-especial-concurso-juiz-federal-trf5\/"},"author":{"name":"Jos\u00e9 Ferreira","@id":"https:\/\/cj.estrategia.com\/portal\/#\/schema\/person\/4caf0099c42d736f2aade723f309f690"},"headline":"Prova comentada Processual Penal Especial Concurso Juiz Federal TRF5","datePublished":"2025-05-27T21:37:17+00:00","dateModified":"2025-05-27T21:50:16+00:00","mainEntityOfPage":{"@id":"https:\/\/cj.estrategia.com\/portal\/prova-comentada-processual-penal-especial-concurso-juiz-federal-trf5\/"},"wordCount":3999,"commentCount":0,"publisher":{"@id":"https:\/\/cj.estrategia.com\/portal\/#organization"},"image":{"@id":"https:\/\/cj.estrategia.com\/portal\/prova-comentada-processual-penal-especial-concurso-juiz-federal-trf5\/#primaryimage"},"thumbnailUrl":"https:\/\/cj.estrategia.com\/portal\/wp-content\/uploads\/2021\/06\/04112042\/TRF-5-JUIZ.jpg","articleSection":["Carreiras Jur\u00eddicas","Magistratura"],"inLanguage":"pt-BR","potentialAction":[{"@type":"CommentAction","name":"Comment","target":["https:\/\/cj.estrategia.com\/portal\/prova-comentada-processual-penal-especial-concurso-juiz-federal-trf5\/#respond"]}]},{"@type":"WebPage","@id":"https:\/\/cj.estrategia.com\/portal\/prova-comentada-processual-penal-especial-concurso-juiz-federal-trf5\/","url":"https:\/\/cj.estrategia.com\/portal\/prova-comentada-processual-penal-especial-concurso-juiz-federal-trf5\/","name":"Prova comentada Processual Penal Especial Concurso Juiz Federal TRF5","isPartOf":{"@id":"https:\/\/cj.estrategia.com\/portal\/#website"},"primaryImageOfPage":{"@id":"https:\/\/cj.estrategia.com\/portal\/prova-comentada-processual-penal-especial-concurso-juiz-federal-trf5\/#primaryimage"},"image":{"@id":"https:\/\/cj.estrategia.com\/portal\/prova-comentada-processual-penal-especial-concurso-juiz-federal-trf5\/#primaryimage"},"thumbnailUrl":"https:\/\/cj.estrategia.com\/portal\/wp-content\/uploads\/2021\/06\/04112042\/TRF-5-JUIZ.jpg","datePublished":"2025-05-27T21:37:17+00:00","dateModified":"2025-05-27T21:50:16+00:00","description":"Confira agora mesmo a Prova comentada Processual Penal Especial Concurso Juiz Federal TRF5 elaborada pelos nossos professores!","breadcrumb":{"@id":"https:\/\/cj.estrategia.com\/portal\/prova-comentada-processual-penal-especial-concurso-juiz-federal-trf5\/#breadcrumb"},"inLanguage":"pt-BR","potentialAction":[{"@type":"ReadAction","target":["https:\/\/cj.estrategia.com\/portal\/prova-comentada-processual-penal-especial-concurso-juiz-federal-trf5\/"]}]},{"@type":"ImageObject","inLanguage":"pt-BR","@id":"https:\/\/cj.estrategia.com\/portal\/prova-comentada-processual-penal-especial-concurso-juiz-federal-trf5\/#primaryimage","url":"https:\/\/cj.estrategia.com\/portal\/wp-content\/uploads\/2021\/06\/04112042\/TRF-5-JUIZ.jpg","contentUrl":"https:\/\/cj.estrategia.com\/portal\/wp-content\/uploads\/2021\/06\/04112042\/TRF-5-JUIZ.jpg","width":768,"height":432,"caption":"concurso tf5 juiz federal"},{"@type":"BreadcrumbList","@id":"https:\/\/cj.estrategia.com\/portal\/prova-comentada-processual-penal-especial-concurso-juiz-federal-trf5\/#breadcrumb","itemListElement":[{"@type":"ListItem","position":1,"name":"In\u00edcio","item":"https:\/\/cj.estrategia.com\/portal\/"},{"@type":"ListItem","position":2,"name":"Prova comentada Processual Penal Especial Concurso Juiz Federal TRF5"}]},{"@type":"WebSite","@id":"https:\/\/cj.estrategia.com\/portal\/#website","url":"https:\/\/cj.estrategia.com\/portal\/","name":"Blog - Carreiras Jur\u00eddicas - Estrat\u00e9gia","description":"","publisher":{"@id":"https:\/\/cj.estrategia.com\/portal\/#organization"},"potentialAction":[{"@type":"SearchAction","target":{"@type":"EntryPoint","urlTemplate":"https:\/\/cj.estrategia.com\/portal\/?s={search_term_string}"},"query-input":{"@type":"PropertyValueSpecification","valueRequired":true,"valueName":"search_term_string"}}],"inLanguage":"pt-BR"},{"@type":"Organization","@id":"https:\/\/cj.estrategia.com\/portal\/#organization","name":"Estrat\u00e9gia - Carreiras Jur\u00eddicas","url":"https:\/\/cj.estrategia.com\/portal\/","logo":{"@type":"ImageObject","inLanguage":"pt-BR","@id":"https:\/\/cj.estrategia.com\/portal\/#\/schema\/logo\/image\/","url":"https:\/\/cj.estrategia.com\/portal\/wp-content\/uploads\/2022\/03\/11151052\/cj-logo.png","contentUrl":"https:\/\/cj.estrategia.com\/portal\/wp-content\/uploads\/2022\/03\/11151052\/cj-logo.png","width":150,"height":39,"caption":"Estrat\u00e9gia - Carreiras Jur\u00eddicas"},"image":{"@id":"https:\/\/cj.estrategia.com\/portal\/#\/schema\/logo\/image\/"},"sameAs":["https:\/\/www.facebook.com\/estrategiacarreirajuridica\/","https:\/\/x.com\/EstratJuridica","https:\/\/www.instagram.com\/estrategiacarreirajuridica\/","https:\/\/www.youtube.com\/channel\/UClbMGuYbj2Mh1m3w144ETWQ"]},{"@type":"Person","@id":"https:\/\/cj.estrategia.com\/portal\/#\/schema\/person\/4caf0099c42d736f2aade723f309f690","name":"Jos\u00e9 Ferreira","image":{"@type":"ImageObject","inLanguage":"pt-BR","@id":"https:\/\/cj.estrategia.com\/portal\/wp-content\/uploads\/2025\/04\/18142237\/jose-ferreira-navarro-analista-de-conteudo-jornalismo-carreiras-juridicas-96x96.png","url":"https:\/\/cj.estrategia.com\/portal\/wp-content\/uploads\/2025\/04\/18142237\/jose-ferreira-navarro-analista-de-conteudo-jornalismo-carreiras-juridicas-96x96.png","contentUrl":"https:\/\/cj.estrategia.com\/portal\/wp-content\/uploads\/2025\/04\/18142237\/jose-ferreira-navarro-analista-de-conteudo-jornalismo-carreiras-juridicas-96x96.png","caption":"Jos\u00e9 Ferreira"},"description":"Analista de conte\u00fado na equipe de Jornalismo, atua com SEO e estrat\u00e9gia para desenvolver conte\u00fados relevantes e de alta qualidade voltados para OAB e para o universo de Concursos Jur\u00eddicos.","url":"https:\/\/cj.estrategia.com\/portal\/author\/jose-navarro-de-andrade-cintra-ferreira\/"}]}},"jetpack_featured_media_url":"https:\/\/cj.estrategia.com\/portal\/wp-content\/uploads\/2021\/06\/04112042\/TRF-5-JUIZ.jpg","jetpack_sharing_enabled":true,"_links":{"self":[{"href":"https:\/\/cj.estrategia.com\/portal\/wp-json\/wp\/v2\/posts\/123772","targetHints":{"allow":["GET"]}}],"collection":[{"href":"https:\/\/cj.estrategia.com\/portal\/wp-json\/wp\/v2\/posts"}],"about":[{"href":"https:\/\/cj.estrategia.com\/portal\/wp-json\/wp\/v2\/types\/post"}],"author":[{"embeddable":true,"href":"https:\/\/cj.estrategia.com\/portal\/wp-json\/wp\/v2\/users\/162"}],"replies":[{"embeddable":true,"href":"https:\/\/cj.estrategia.com\/portal\/wp-json\/wp\/v2\/comments?post=123772"}],"version-history":[{"count":9,"href":"https:\/\/cj.estrategia.com\/portal\/wp-json\/wp\/v2\/posts\/123772\/revisions"}],"predecessor-version":[{"id":123942,"href":"https:\/\/cj.estrategia.com\/portal\/wp-json\/wp\/v2\/posts\/123772\/revisions\/123942"}],"wp:featuredmedia":[{"embeddable":true,"href":"https:\/\/cj.estrategia.com\/portal\/wp-json\/wp\/v2\/media\/20864"}],"wp:attachment":[{"href":"https:\/\/cj.estrategia.com\/portal\/wp-json\/wp\/v2\/media?parent=123772"}],"wp:term":[{"taxonomy":"category","embeddable":true,"href":"https:\/\/cj.estrategia.com\/portal\/wp-json\/wp\/v2\/categories?post=123772"},{"taxonomy":"post_tag","embeddable":true,"href":"https:\/\/cj.estrategia.com\/portal\/wp-json\/wp\/v2\/tags?post=123772"},{"taxonomy":"tax_estado","embeddable":true,"href":"https:\/\/cj.estrategia.com\/portal\/wp-json\/wp\/v2\/tax_estado?post=123772"}],"curies":[{"name":"wp","href":"https:\/\/api.w.org\/{rel}","templated":true}]}}