{"id":123637,"date":"2025-05-27T13:17:02","date_gmt":"2025-05-27T16:17:02","guid":{"rendered":"https:\/\/cj.estrategia.com\/portal\/?p=123637"},"modified":"2025-06-09T15:13:39","modified_gmt":"2025-06-09T18:13:39","slug":"expulsao-beijo-homoafetivo-faculdade-indenizacao","status":"publish","type":"post","link":"https:\/\/cj.estrategia.com\/portal\/expulsao-beijo-homoafetivo-faculdade-indenizacao\/","title":{"rendered":"Faculdade indenizar\u00e1 estudante por beijo homoafetivo"},"content":{"rendered":"\n<p>Ol\u00e1, pessoal. Aqui \u00e9 o professor Allan Joos, defensor p\u00fablico do Estado de Goi\u00e1s e professor do Estrat\u00e9gia Carreira Jur\u00eddica.<\/p>\n\n\n\n<pre class=\"wp-block-verse\">Hoje vamos analisar um caso interessante, recentemente decidido pelo Poder Judici\u00e1rio do Estado de Minas Gerais: a condena\u00e7\u00e3o de uma faculdade de Juiz de Fora\/MG ao pagamento de indeniza\u00e7\u00e3o de R$ 20 mil a uma aluna expulsa por ter trocado um beijo com outra estudante do mesmo g\u00eanero em ambiente universit\u00e1rio.<\/pre>\n\n\n\n<p>Essa situa\u00e7\u00e3o, que \u00e0 primeira vista parece envolver apenas um desentendimento disciplinar, esconde, na realidade, um grave conflito entre moralidade institucional e direitos fundamentais. Um tema absolutamente essencial para quem estuda para concursos das carreiras jur\u00eddicas e para o Exame da OAB.<\/p>\n\n\n\n<h2 class=\"wp-block-heading\" id=\"h-contextualizacao-dos-fatos\"><span id=\"contextualizacao-dos-fatos\">Contextualiza\u00e7\u00e3o dos fatos<\/span><\/h2>\n\n\n\n<p>De acordo com o que fora noticiado nas redes sociais e principais canais de comunica\u00e7\u00e3o, a estudante foi surpreendida com a abertura de um processo administrativo disciplinar ap\u00f3s ser flagrada trocando um beijo com outra aluna. Como desdobramento, a faculdade desligou a aluna do curso sob o question\u00e1vel argumento de que o comportamento \u201cferia os padr\u00f5es \u00e9ticos e morais da institui\u00e7\u00e3o\u201d \u2013 vejam que absurdo!<\/p>\n\n\n\n<p>Em raz\u00e3o disso, a aluna ingressou com a\u00e7\u00e3o de indeniza\u00e7\u00e3o por danos morais contra a faculdade, sustentando que houve discrimina\u00e7\u00e3o com base em sua orienta\u00e7\u00e3o sexual, o que \u00e9 vedado pela Constitui\u00e7\u00e3o e pela legisla\u00e7\u00e3o infraconstitucional. Assim, o Ju\u00edzo de primeira inst\u00e2ncia reconheceu a abusividade da medida e condenou a institui\u00e7\u00e3o ao pagamento de R$ 20 mil, por viola\u00e7\u00e3o \u00e0 dignidade da pessoa humana e pr\u00e1tica discriminat\u00f3ria.<\/p>\n\n\n\n<h2 class=\"wp-block-heading\" id=\"h-da-dignidade-da-pessoa-humana-e-da-liberdade-sexual\"><span id=\"da-dignidade-da-pessoa-humana-e-da-liberdade-sexual\">Da dignidade da pessoa humana e da liberdade sexual<\/span><\/h2>\n\n\n\n<p>O ponto de partida da an\u00e1lise jur\u00eddica precisa ser o <strong>art. 1\u00ba, III, da Constitui\u00e7\u00e3o Federal<\/strong>, que consagra a dignidade da pessoa humana como um dos fundamentos da Rep\u00fablica. Nisso, \u00e9 evidente que inexiste dignidade quando se pune institucionalmente um indiv\u00edduo por expressar sua afetividade de maneira n\u00e3o ofensiva.<\/p>\n\n\n\n<p>Al\u00e9m disso, o <strong><mark style=\"background-color:rgba(0, 0, 0, 0)\" class=\"has-inline-color has-black-color\">direito \u00e0 liberdade<\/mark><\/strong> \u2013 previsto no <strong>art. 5\u00ba, caput<\/strong>, da Constitui\u00e7\u00e3o \u2013 abrange a liberdade sexual e a express\u00e3o da identidade de g\u00eanero. A sexualidade \u00e9 express\u00e3o da personalidade, protegida por um conjunto de normas constitucionais e infraconstitucionais que resguardam a inviolabilidade da intimidade, da vida privada e da honra.<\/p>\n\n\n\n<p>A sexualidade est\u00e1 intrinsecamente ligada \u00e0 autonomia da vontade. A discrimina\u00e7\u00e3o com base na orienta\u00e7\u00e3o sexual compromete o n\u00facleo essencial dos direitos humanos.<\/p>\n\n\n\n<h2 class=\"wp-block-heading\" id=\"h-discriminacao-e-responsabilidade-civil\"><span id=\"discriminacao-e-responsabilidade-civil\">Discrimina\u00e7\u00e3o e Responsabilidade Civil<\/span><\/h2>\n\n\n\n<p>O C\u00f3digo Civil, em seu <strong>art. 186<\/strong>, afirma que comete ato il\u00edcito aquele que, por a\u00e7\u00e3o ou omiss\u00e3o volunt\u00e1ria, viola direito e causa dano a outrem. De outra banda, o art. 927 do C\u00f3digo Civil imp\u00f5e o dever de reparar o dano causado por pr\u00e1tica de ato il\u00edcito.<\/p>\n\n\n\n<p>No caso concreto, a conduta da faculdade revela um abuso do poder disciplinar e uma viola\u00e7\u00e3o direta ao direito da aluna de manifestar livremente sua afetividade. Houve, de forma evidente, responsabiliza\u00e7\u00e3o civil n\u00e3o apenas pelo constrangimento, mas tamb\u00e9m pelo vi\u00e9s discriminat\u00f3rio da puni\u00e7\u00e3o \u2013 o beijo s\u00f3 foi punido porque envolvia duas mulheres.<\/p>\n\n\n\n<h2 class=\"wp-block-heading\" id=\"h-a-instituicao-de-ensino-e-o-poder-disciplinar\"><span id=\"a-instituicao-de-ensino-e-o-poder-disciplinar\">A institui\u00e7\u00e3o de ensino e o poder disciplinar<\/span><\/h2>\n\n\n\n<div class=\"wp-block-media-text is-stacked-on-mobile\" style=\"grid-template-columns:27% auto\"><figure class=\"wp-block-media-text__media\"><img decoding=\"async\" width=\"512\" height=\"512\" src=\"https:\/\/cj.estrategia.com\/portal\/wp-content\/uploads\/2025\/04\/24131250\/resumo-estudo-anotacao-observacao-atencao-papel-decisao-lei.png\" alt=\"Faculdade\" class=\"wp-image-114467 size-full\" srcset=\"https:\/\/cj.estrategia.com\/portal\/wp-content\/uploads\/2025\/04\/24131250\/resumo-estudo-anotacao-observacao-atencao-papel-decisao-lei.png 512w, https:\/\/cj.estrategia.com\/portal\/wp-content\/uploads\/2025\/04\/24131250\/resumo-estudo-anotacao-observacao-atencao-papel-decisao-lei-300x300.png 300w, https:\/\/cj.estrategia.com\/portal\/wp-content\/uploads\/2025\/04\/24131250\/resumo-estudo-anotacao-observacao-atencao-papel-decisao-lei-150x150.png 150w, https:\/\/cj.estrategia.com\/portal\/wp-content\/uploads\/2025\/04\/24131250\/resumo-estudo-anotacao-observacao-atencao-papel-decisao-lei-80x80.png 80w, https:\/\/cj.estrategia.com\/portal\/wp-content\/uploads\/2025\/04\/24131250\/resumo-estudo-anotacao-observacao-atencao-papel-decisao-lei-380x380.png 380w, https:\/\/cj.estrategia.com\/portal\/wp-content\/uploads\/2025\/04\/24131250\/resumo-estudo-anotacao-observacao-atencao-papel-decisao-lei-24x24.png 24w, https:\/\/cj.estrategia.com\/portal\/wp-content\/uploads\/2025\/04\/24131250\/resumo-estudo-anotacao-observacao-atencao-papel-decisao-lei-48x48.png 48w, https:\/\/cj.estrategia.com\/portal\/wp-content\/uploads\/2025\/04\/24131250\/resumo-estudo-anotacao-observacao-atencao-papel-decisao-lei-96x96.png 96w\" sizes=\"(max-width: 512px) 100vw, 512px\" \/><\/figure><div class=\"wp-block-media-text__content\">\n<p>\u00c9 leg\u00edtimo que uma institui\u00e7\u00e3o de ensino mantenha normas disciplinares para garantir o bom conv\u00edvio acad\u00eamico. Entretanto, esse poder necessariamente precisa se harmonizar com os direitos fundamentais, em especial o direito \u00e0 liberdade de express\u00e3o que pode ocorrer, inclusive, por meio de atos de afeto p\u00fablico.<\/p>\n<\/div><\/div>\n\n\n\n<p>O que se viu, no caso em tela, foi uma san\u00e7\u00e3o que n\u00e3o teve como fundamento um comportamento ofensivo, violento ou disruptivo, mas t\u00e3o somente a orienta\u00e7\u00e3o sexual da aluna. Isso ofende diretamente o <strong><mark style=\"background-color:rgba(0, 0, 0, 0)\" class=\"has-inline-color has-black-color\">princ\u00edpio da igualdade<\/mark><\/strong> (art. 5\u00ba, caput e inciso XLI, da CF\/88), que pro\u00edbe qualquer forma de discrimina\u00e7\u00e3o atentat\u00f3ria aos direitos e liberdades fundamentais.<\/p>\n\n\n\n<h2 class=\"wp-block-heading\" id=\"h-relevancia-do-caso-para-a-disciplina-de-direitos-humanos\"><span id=\"relevancia-do-caso-para-a-disciplina-de-direitos-humanos\">Relev\u00e2ncia do caso para a disciplina de Direitos Humanos<\/span><\/h2>\n\n\n\n<p>Esse caso \u00e9 exemplar de como muitas vezes invoca-se a moralidade institucional como pretexto para pr\u00e1ticas discriminat\u00f3rias. Deve-se confrontar a ideia de \u201cbons costumes\u201d com os valores constitucionais atuais, especialmente em rela\u00e7\u00e3o \u00e0 diversidade e ao pluralismo.<\/p>\n\n\n\n<p>A Conven\u00e7\u00e3o Americana de Direitos Humanos, incorporada pelo Brasil pelo <strong>Decreto n\u00ba 678\/1992<\/strong>, garante o direito \u00e0 igualdade perante a lei (art. 24) e o direito \u00e0 prote\u00e7\u00e3o contra qualquer forma de discrimina\u00e7\u00e3o (art. 1\u00ba.1).<\/p>\n\n\n\n<p>Al\u00e9m disso, a jurisprud\u00eancia da <strong>Corte Interamericana de Direitos Humanos<\/strong> \u00e9 clara ao afirmar que a orienta\u00e7\u00e3o sexual e a identidade de g\u00eanero s\u00e3o categorias protegidas contra discrimina\u00e7\u00e3o. O caso <strong>Atala Riffo vs. Chile (2012)<\/strong> \u00e9 paradigm\u00e1tico, ao reconhecer que o Estado chileno violou direitos humanos ao retirar a guarda de filhos de uma ju\u00edza por sua orienta\u00e7\u00e3o sexual.<\/p>\n\n\n\n<h2 class=\"wp-block-heading\" id=\"h-conclusao\"><span id=\"conclusao\">Conclus\u00e3o<\/span><\/h2>\n\n\n\n<p>Trata-se, portanto, de caso que envolve muito mais do que um problema individual. \u00c9, na realidade, um alerta institucional.<\/p>\n\n\n\n<p>Destaque-se que o Poder Judici\u00e1rio cumpriu com seu papel de guardi\u00e3o dos direitos fundamentais ao reconhecer o dano moral e impor \u00e0 faculdade a obriga\u00e7\u00e3o de reparar a aluna.<\/p>\n\n\n\n<p>\u00c9 importante destacar, inclusive, que, para quem se prepara para concursos p\u00fablicos, \u00e9 essencial compreender os diversos desdobramentos que esse tipo de caso envolve, em especial na atualidade em que temas que envolvem a tutela dos direitos fundamentas e sua corre\u00e7\u00e3o com os direitos humanos est\u00e3o sendo diariamente cobrados nos principais certames do pa\u00eds, em especial provas da <strong><a href=\"https:\/\/www.estrategiaconcursos.com.br\/promocoes\/assinaturas-ecj\/\" target=\"_blank\" >magistratura, defensoria p\u00fablica e minist\u00e9rio p\u00fablico<\/a><\/strong>.<\/p>\n\n\n\n<hr class=\"wp-block-separator has-alpha-channel-opacity\"\/>\n\n\n\n<h2 class=\"wp-block-heading has-text-align-center\" id=\"h-quer-saber-quais-serao-os-proximos-concursos\"><span id=\"quer-saber-quais-serao-os-proximos-concursos\">Quer saber quais ser\u00e3o os pr\u00f3ximos concursos?<\/span><\/h2>\n\n\n\n<pre class=\"wp-block-verse has-text-align-center\">Confira nossos\u00a0<a href=\"https:\/\/cj.estrategia.com\/portal\/\" target=\"_blank\" >artigos para Carreiras Jur\u00eddicas<\/a>!<\/pre>\n\n\n\n<p class=\"has-text-align-center has-white-color has-pale-cyan-blue-background-color has-text-color has-background has-link-color wp-elements-723b3278bf14a50a5e7b7e937b9a17d4\"><a href=\"https:\/\/cj.estrategia.com\/portal\/concursos-abertos-carreiras-juridicas\/\">Concursos jur\u00eddicos abertos<\/a><\/p>\n\n\n\n<p class=\"has-text-align-center has-white-color has-pale-cyan-blue-background-color has-text-color has-background has-link-color wp-elements-41349f36dc977263ca2129bf0f6dd541\"><a href=\"https:\/\/cj.estrategia.com\/portal\/concursos-2025-carreiras-juridicas\/\" target=\"_blank\" >Concursos jur\u00eddicos 2025<\/a><\/p>\n","protected":false},"excerpt":{"rendered":"Ol\u00e1, pessoal. Aqui \u00e9 o professor Allan Joos, defensor p\u00fablico do Estado de Goi\u00e1s e professor do Estrat\u00e9gia&hellip;\n","protected":false},"author":62,"featured_media":123656,"comment_status":"open","ping_status":"open","sticky":false,"template":"","format":"standard","meta":{"_jetpack_memberships_contains_paid_content":false,"footnotes":""},"categories":[1],"tags":[2663,1734,449,507,1027,579,578,453,2660,384,2661,1813,2664,2662,1013,1940,380,1672],"tax_estado":[30,31,32,33,34,35,36,37,38,39,40,41,42,43,44,45,46,47,48,49,50,51,52,53,54,55,56,57],"class_list":{"0":"post-123637","1":"post","2":"type-post","3":"status-publish","4":"format-standard","5":"has-post-thumbnail","7":"category-carreiras-juridicas","8":"tag-caso-atala-riffo-vs-chile","9":"tag-corte-interamericana-de-direitos-humanos","10":"tag-danos-morais","11":"tag-dignidade-da-pessoa-humana","12":"tag-direito-a-liberdade","13":"tag-direitos-fundamentais","14":"tag-direitos-humanos","15":"tag-discriminacao","16":"tag-expulsao","17":"tag-indenizacao","18":"tag-liberdade-sexual","19":"tag-moralidade","20":"tag-orientacao-sexual","21":"tag-poder-disciplinar","22":"tag-processo-administrativo-disciplinar","23":"tag-relacionamento-homoafetivo","24":"tag-responsabilidade-civil","25":"tag-universidades-privadas-e-unidades-publicas","26":"tax_estado-ac","27":"tax_estado-al","28":"tax_estado-am","29":"tax_estado-ap","30":"tax_estado-ba","31":"tax_estado-ce","32":"tax_estado-concursos-federais","33":"tax_estado-df","34":"tax_estado-es","35":"tax_estado-go","36":"tax_estado-ma","37":"tax_estado-mg","38":"tax_estado-ms","39":"tax_estado-mt","40":"tax_estado-pa","41":"tax_estado-pb","42":"tax_estado-pe","43":"tax_estado-pi","44":"tax_estado-pr","45":"tax_estado-rj","46":"tax_estado-rn","47":"tax_estado-ro","48":"tax_estado-rr","49":"tax_estado-rs","50":"tax_estado-sc","51":"tax_estado-se","52":"tax_estado-sp","53":"tax_estado-to"},"acf":[],"yoast_head":"<!-- This site is optimized with the Yoast SEO Premium plugin v27.5 (Yoast SEO v27.5) - https:\/\/yoast.com\/product\/yoast-seo-premium-wordpress\/ -->\n<title>Faculdade indenizar\u00e1 estudante por beijo homoafetivo<\/title>\n<meta name=\"description\" content=\"O que parece ser s\u00f3 um desentendimento disciplinar da faculdade esconde um conflito entre moralidade institucional e direitos fundamentais.\" \/>\n<meta name=\"robots\" content=\"index, follow, max-snippet:-1, max-image-preview:large, max-video-preview:-1\" \/>\n<link rel=\"canonical\" href=\"https:\/\/cj.estrategia.com\/portal\/expulsao-beijo-homoafetivo-faculdade-indenizacao\/\" \/>\n<meta property=\"og:locale\" content=\"pt_BR\" \/>\n<meta property=\"og:type\" content=\"article\" \/>\n<meta property=\"og:title\" content=\"Faculdade indenizar\u00e1 estudante por beijo homoafetivo\" \/>\n<meta property=\"og:description\" content=\"O que parece ser s\u00f3 um desentendimento disciplinar da faculdade esconde um conflito entre moralidade institucional e direitos fundamentais.\" \/>\n<meta property=\"og:url\" content=\"https:\/\/cj.estrategia.com\/portal\/expulsao-beijo-homoafetivo-faculdade-indenizacao\/\" \/>\n<meta property=\"og:site_name\" content=\"Blog - Carreiras Jur\u00eddicas - Estrat\u00e9gia\" \/>\n<meta property=\"article:publisher\" content=\"https:\/\/www.facebook.com\/estrategiacarreirajuridica\/\" \/>\n<meta property=\"article:published_time\" content=\"2025-05-27T16:17:02+00:00\" \/>\n<meta property=\"article:modified_time\" content=\"2025-06-09T18:13:39+00:00\" \/>\n<meta property=\"og:image\" content=\"https:\/\/cj.estrategia.com\/portal\/wp-content\/uploads\/2025\/05\/27130749\/estudantes-mulheres-maos-dadas-faculdade-universidade-ensino-discriminacao-preconceito-homoafetivo-direitos-scaled.jpg\" \/>\n\t<meta property=\"og:image:width\" content=\"2560\" \/>\n\t<meta property=\"og:image:height\" content=\"1707\" \/>\n\t<meta property=\"og:image:type\" content=\"image\/jpeg\" \/>\n<meta name=\"author\" content=\"Allan Joos\" \/>\n<meta name=\"twitter:card\" content=\"summary_large_image\" \/>\n<meta name=\"twitter:creator\" content=\"@EstratJuridica\" \/>\n<meta name=\"twitter:site\" content=\"@EstratJuridica\" \/>\n<meta name=\"twitter:label1\" content=\"Escrito por\" \/>\n\t<meta name=\"twitter:data1\" content=\"Allan Joos\" \/>\n\t<meta name=\"twitter:label2\" content=\"Est. tempo de leitura\" \/>\n\t<meta name=\"twitter:data2\" content=\"5 minutos\" \/>\n<script type=\"application\/ld+json\" class=\"yoast-schema-graph\">{\"@context\":\"https:\\\/\\\/schema.org\",\"@graph\":[{\"@type\":\"NewsArticle\",\"@id\":\"https:\\\/\\\/cj.estrategia.com\\\/portal\\\/expulsao-beijo-homoafetivo-faculdade-indenizacao\\\/#article\",\"isPartOf\":{\"@id\":\"https:\\\/\\\/cj.estrategia.com\\\/portal\\\/expulsao-beijo-homoafetivo-faculdade-indenizacao\\\/\"},\"author\":{\"name\":\"Allan Joos\",\"@id\":\"https:\\\/\\\/cj.estrategia.com\\\/portal\\\/#\\\/schema\\\/person\\\/c48648992c53b73c046825760c50c2f0\"},\"headline\":\"Faculdade indenizar\u00e1 estudante por beijo homoafetivo\",\"datePublished\":\"2025-05-27T16:17:02+00:00\",\"dateModified\":\"2025-06-09T18:13:39+00:00\",\"mainEntityOfPage\":{\"@id\":\"https:\\\/\\\/cj.estrategia.com\\\/portal\\\/expulsao-beijo-homoafetivo-faculdade-indenizacao\\\/\"},\"wordCount\":886,\"commentCount\":0,\"publisher\":{\"@id\":\"https:\\\/\\\/cj.estrategia.com\\\/portal\\\/#organization\"},\"image\":{\"@id\":\"https:\\\/\\\/cj.estrategia.com\\\/portal\\\/expulsao-beijo-homoafetivo-faculdade-indenizacao\\\/#primaryimage\"},\"thumbnailUrl\":\"https:\\\/\\\/cj.estrategia.com\\\/portal\\\/wp-content\\\/uploads\\\/2025\\\/05\\\/27130749\\\/estudantes-mulheres-maos-dadas-faculdade-universidade-ensino-discriminacao-preconceito-homoafetivo-direitos-scaled.jpg\",\"keywords\":[\"Caso Atala Riffo vs. Chile\",\"Corte Interamericana de Direitos Humanos\",\"danos morais\",\"dignidade da pessoa humana\",\"direito \u00e0 liberdade\",\"direitos fundamentais\",\"direitos humanos\",\"discrimina\u00e7\u00e3o\",\"expuls\u00e3o\",\"indeniza\u00e7\u00e3o\",\"liberdade sexual\",\"moralidade\",\"orienta\u00e7\u00e3o sexual\",\"poder disciplinar\",\"Processo Administrativo Disciplinar\",\"relacionamento homoafetivo\",\"responsabilidade civil\",\"universidades privadas e unidades p\u00fablicas\"],\"articleSection\":[\"Carreiras Jur\u00eddicas\"],\"inLanguage\":\"pt-BR\",\"potentialAction\":[{\"@type\":\"CommentAction\",\"name\":\"Comment\",\"target\":[\"https:\\\/\\\/cj.estrategia.com\\\/portal\\\/expulsao-beijo-homoafetivo-faculdade-indenizacao\\\/#respond\"]}]},{\"@type\":\"WebPage\",\"@id\":\"https:\\\/\\\/cj.estrategia.com\\\/portal\\\/expulsao-beijo-homoafetivo-faculdade-indenizacao\\\/\",\"url\":\"https:\\\/\\\/cj.estrategia.com\\\/portal\\\/expulsao-beijo-homoafetivo-faculdade-indenizacao\\\/\",\"name\":\"Faculdade indenizar\u00e1 estudante por beijo homoafetivo\",\"isPartOf\":{\"@id\":\"https:\\\/\\\/cj.estrategia.com\\\/portal\\\/#website\"},\"primaryImageOfPage\":{\"@id\":\"https:\\\/\\\/cj.estrategia.com\\\/portal\\\/expulsao-beijo-homoafetivo-faculdade-indenizacao\\\/#primaryimage\"},\"image\":{\"@id\":\"https:\\\/\\\/cj.estrategia.com\\\/portal\\\/expulsao-beijo-homoafetivo-faculdade-indenizacao\\\/#primaryimage\"},\"thumbnailUrl\":\"https:\\\/\\\/cj.estrategia.com\\\/portal\\\/wp-content\\\/uploads\\\/2025\\\/05\\\/27130749\\\/estudantes-mulheres-maos-dadas-faculdade-universidade-ensino-discriminacao-preconceito-homoafetivo-direitos-scaled.jpg\",\"datePublished\":\"2025-05-27T16:17:02+00:00\",\"dateModified\":\"2025-06-09T18:13:39+00:00\",\"description\":\"O que parece ser s\u00f3 um desentendimento disciplinar da faculdade esconde um conflito entre moralidade institucional e direitos fundamentais.\",\"breadcrumb\":{\"@id\":\"https:\\\/\\\/cj.estrategia.com\\\/portal\\\/expulsao-beijo-homoafetivo-faculdade-indenizacao\\\/#breadcrumb\"},\"inLanguage\":\"pt-BR\",\"potentialAction\":[{\"@type\":\"ReadAction\",\"target\":[\"https:\\\/\\\/cj.estrategia.com\\\/portal\\\/expulsao-beijo-homoafetivo-faculdade-indenizacao\\\/\"]}]},{\"@type\":\"ImageObject\",\"inLanguage\":\"pt-BR\",\"@id\":\"https:\\\/\\\/cj.estrategia.com\\\/portal\\\/expulsao-beijo-homoafetivo-faculdade-indenizacao\\\/#primaryimage\",\"url\":\"https:\\\/\\\/cj.estrategia.com\\\/portal\\\/wp-content\\\/uploads\\\/2025\\\/05\\\/27130749\\\/estudantes-mulheres-maos-dadas-faculdade-universidade-ensino-discriminacao-preconceito-homoafetivo-direitos-scaled.jpg\",\"contentUrl\":\"https:\\\/\\\/cj.estrategia.com\\\/portal\\\/wp-content\\\/uploads\\\/2025\\\/05\\\/27130749\\\/estudantes-mulheres-maos-dadas-faculdade-universidade-ensino-discriminacao-preconceito-homoafetivo-direitos-scaled.jpg\",\"width\":2560,\"height\":1707},{\"@type\":\"BreadcrumbList\",\"@id\":\"https:\\\/\\\/cj.estrategia.com\\\/portal\\\/expulsao-beijo-homoafetivo-faculdade-indenizacao\\\/#breadcrumb\",\"itemListElement\":[{\"@type\":\"ListItem\",\"position\":1,\"name\":\"In\u00edcio\",\"item\":\"https:\\\/\\\/cj.estrategia.com\\\/portal\\\/\"},{\"@type\":\"ListItem\",\"position\":2,\"name\":\"Faculdade indenizar\u00e1 estudante por beijo homoafetivo\"}]},{\"@type\":\"WebSite\",\"@id\":\"https:\\\/\\\/cj.estrategia.com\\\/portal\\\/#website\",\"url\":\"https:\\\/\\\/cj.estrategia.com\\\/portal\\\/\",\"name\":\"Blog - Carreiras Jur\u00eddicas - Estrat\u00e9gia\",\"description\":\"\",\"publisher\":{\"@id\":\"https:\\\/\\\/cj.estrategia.com\\\/portal\\\/#organization\"},\"potentialAction\":[{\"@type\":\"SearchAction\",\"target\":{\"@type\":\"EntryPoint\",\"urlTemplate\":\"https:\\\/\\\/cj.estrategia.com\\\/portal\\\/?s={search_term_string}\"},\"query-input\":{\"@type\":\"PropertyValueSpecification\",\"valueRequired\":true,\"valueName\":\"search_term_string\"}}],\"inLanguage\":\"pt-BR\"},{\"@type\":\"Organization\",\"@id\":\"https:\\\/\\\/cj.estrategia.com\\\/portal\\\/#organization\",\"name\":\"Estrat\u00e9gia - Carreiras Jur\u00eddicas\",\"url\":\"https:\\\/\\\/cj.estrategia.com\\\/portal\\\/\",\"logo\":{\"@type\":\"ImageObject\",\"inLanguage\":\"pt-BR\",\"@id\":\"https:\\\/\\\/cj.estrategia.com\\\/portal\\\/#\\\/schema\\\/logo\\\/image\\\/\",\"url\":\"https:\\\/\\\/cj.estrategia.com\\\/portal\\\/wp-content\\\/uploads\\\/2022\\\/03\\\/11151052\\\/cj-logo.png\",\"contentUrl\":\"https:\\\/\\\/cj.estrategia.com\\\/portal\\\/wp-content\\\/uploads\\\/2022\\\/03\\\/11151052\\\/cj-logo.png\",\"width\":150,\"height\":39,\"caption\":\"Estrat\u00e9gia - Carreiras Jur\u00eddicas\"},\"image\":{\"@id\":\"https:\\\/\\\/cj.estrategia.com\\\/portal\\\/#\\\/schema\\\/logo\\\/image\\\/\"},\"sameAs\":[\"https:\\\/\\\/www.facebook.com\\\/estrategiacarreirajuridica\\\/\",\"https:\\\/\\\/x.com\\\/EstratJuridica\",\"https:\\\/\\\/www.instagram.com\\\/estrategiacarreirajuridica\\\/\",\"https:\\\/\\\/www.youtube.com\\\/channel\\\/UClbMGuYbj2Mh1m3w144ETWQ\"]},{\"@type\":\"Person\",\"@id\":\"https:\\\/\\\/cj.estrategia.com\\\/portal\\\/#\\\/schema\\\/person\\\/c48648992c53b73c046825760c50c2f0\",\"name\":\"Allan Joos\",\"image\":{\"@type\":\"ImageObject\",\"inLanguage\":\"pt-BR\",\"@id\":\"https:\\\/\\\/secure.gravatar.com\\\/avatar\\\/1b8f33b5c8b83dae3a0e569e23f1e6d1898a7771af6690410413809652612016?s=96&d=mm&r=g\",\"url\":\"https:\\\/\\\/secure.gravatar.com\\\/avatar\\\/1b8f33b5c8b83dae3a0e569e23f1e6d1898a7771af6690410413809652612016?s=96&d=mm&r=g\",\"contentUrl\":\"https:\\\/\\\/secure.gravatar.com\\\/avatar\\\/1b8f33b5c8b83dae3a0e569e23f1e6d1898a7771af6690410413809652612016?s=96&d=mm&r=g\",\"caption\":\"Allan Joos\"},\"url\":\"https:\\\/\\\/cj.estrategia.com\\\/portal\\\/author\\\/allan-joos\\\/\"}]}<\/script>\n<!-- \/ Yoast SEO Premium plugin. -->","yoast_head_json":{"title":"Faculdade indenizar\u00e1 estudante por beijo homoafetivo","description":"O que parece ser s\u00f3 um desentendimento disciplinar da faculdade esconde um conflito entre moralidade institucional e direitos fundamentais.","robots":{"index":"index","follow":"follow","max-snippet":"max-snippet:-1","max-image-preview":"max-image-preview:large","max-video-preview":"max-video-preview:-1"},"canonical":"https:\/\/cj.estrategia.com\/portal\/expulsao-beijo-homoafetivo-faculdade-indenizacao\/","og_locale":"pt_BR","og_type":"article","og_title":"Faculdade indenizar\u00e1 estudante por beijo homoafetivo","og_description":"O que parece ser s\u00f3 um desentendimento disciplinar da faculdade esconde um conflito entre moralidade institucional e direitos fundamentais.","og_url":"https:\/\/cj.estrategia.com\/portal\/expulsao-beijo-homoafetivo-faculdade-indenizacao\/","og_site_name":"Blog - Carreiras Jur\u00eddicas - Estrat\u00e9gia","article_publisher":"https:\/\/www.facebook.com\/estrategiacarreirajuridica\/","article_published_time":"2025-05-27T16:17:02+00:00","article_modified_time":"2025-06-09T18:13:39+00:00","og_image":[{"width":2560,"height":1707,"url":"https:\/\/cj.estrategia.com\/portal\/wp-content\/uploads\/2025\/05\/27130749\/estudantes-mulheres-maos-dadas-faculdade-universidade-ensino-discriminacao-preconceito-homoafetivo-direitos-scaled.jpg","type":"image\/jpeg"}],"author":"Allan Joos","twitter_card":"summary_large_image","twitter_creator":"@EstratJuridica","twitter_site":"@EstratJuridica","twitter_misc":{"Escrito por":"Allan Joos","Est. tempo de leitura":"5 minutos"},"schema":{"@context":"https:\/\/schema.org","@graph":[{"@type":"NewsArticle","@id":"https:\/\/cj.estrategia.com\/portal\/expulsao-beijo-homoafetivo-faculdade-indenizacao\/#article","isPartOf":{"@id":"https:\/\/cj.estrategia.com\/portal\/expulsao-beijo-homoafetivo-faculdade-indenizacao\/"},"author":{"name":"Allan Joos","@id":"https:\/\/cj.estrategia.com\/portal\/#\/schema\/person\/c48648992c53b73c046825760c50c2f0"},"headline":"Faculdade indenizar\u00e1 estudante por beijo homoafetivo","datePublished":"2025-05-27T16:17:02+00:00","dateModified":"2025-06-09T18:13:39+00:00","mainEntityOfPage":{"@id":"https:\/\/cj.estrategia.com\/portal\/expulsao-beijo-homoafetivo-faculdade-indenizacao\/"},"wordCount":886,"commentCount":0,"publisher":{"@id":"https:\/\/cj.estrategia.com\/portal\/#organization"},"image":{"@id":"https:\/\/cj.estrategia.com\/portal\/expulsao-beijo-homoafetivo-faculdade-indenizacao\/#primaryimage"},"thumbnailUrl":"https:\/\/cj.estrategia.com\/portal\/wp-content\/uploads\/2025\/05\/27130749\/estudantes-mulheres-maos-dadas-faculdade-universidade-ensino-discriminacao-preconceito-homoafetivo-direitos-scaled.jpg","keywords":["Caso Atala Riffo vs. Chile","Corte Interamericana de Direitos Humanos","danos morais","dignidade da pessoa humana","direito \u00e0 liberdade","direitos fundamentais","direitos humanos","discrimina\u00e7\u00e3o","expuls\u00e3o","indeniza\u00e7\u00e3o","liberdade sexual","moralidade","orienta\u00e7\u00e3o sexual","poder disciplinar","Processo Administrativo Disciplinar","relacionamento homoafetivo","responsabilidade civil","universidades privadas e unidades p\u00fablicas"],"articleSection":["Carreiras Jur\u00eddicas"],"inLanguage":"pt-BR","potentialAction":[{"@type":"CommentAction","name":"Comment","target":["https:\/\/cj.estrategia.com\/portal\/expulsao-beijo-homoafetivo-faculdade-indenizacao\/#respond"]}]},{"@type":"WebPage","@id":"https:\/\/cj.estrategia.com\/portal\/expulsao-beijo-homoafetivo-faculdade-indenizacao\/","url":"https:\/\/cj.estrategia.com\/portal\/expulsao-beijo-homoafetivo-faculdade-indenizacao\/","name":"Faculdade indenizar\u00e1 estudante por beijo homoafetivo","isPartOf":{"@id":"https:\/\/cj.estrategia.com\/portal\/#website"},"primaryImageOfPage":{"@id":"https:\/\/cj.estrategia.com\/portal\/expulsao-beijo-homoafetivo-faculdade-indenizacao\/#primaryimage"},"image":{"@id":"https:\/\/cj.estrategia.com\/portal\/expulsao-beijo-homoafetivo-faculdade-indenizacao\/#primaryimage"},"thumbnailUrl":"https:\/\/cj.estrategia.com\/portal\/wp-content\/uploads\/2025\/05\/27130749\/estudantes-mulheres-maos-dadas-faculdade-universidade-ensino-discriminacao-preconceito-homoafetivo-direitos-scaled.jpg","datePublished":"2025-05-27T16:17:02+00:00","dateModified":"2025-06-09T18:13:39+00:00","description":"O que parece ser s\u00f3 um desentendimento disciplinar da faculdade esconde um conflito entre moralidade institucional e direitos fundamentais.","breadcrumb":{"@id":"https:\/\/cj.estrategia.com\/portal\/expulsao-beijo-homoafetivo-faculdade-indenizacao\/#breadcrumb"},"inLanguage":"pt-BR","potentialAction":[{"@type":"ReadAction","target":["https:\/\/cj.estrategia.com\/portal\/expulsao-beijo-homoafetivo-faculdade-indenizacao\/"]}]},{"@type":"ImageObject","inLanguage":"pt-BR","@id":"https:\/\/cj.estrategia.com\/portal\/expulsao-beijo-homoafetivo-faculdade-indenizacao\/#primaryimage","url":"https:\/\/cj.estrategia.com\/portal\/wp-content\/uploads\/2025\/05\/27130749\/estudantes-mulheres-maos-dadas-faculdade-universidade-ensino-discriminacao-preconceito-homoafetivo-direitos-scaled.jpg","contentUrl":"https:\/\/cj.estrategia.com\/portal\/wp-content\/uploads\/2025\/05\/27130749\/estudantes-mulheres-maos-dadas-faculdade-universidade-ensino-discriminacao-preconceito-homoafetivo-direitos-scaled.jpg","width":2560,"height":1707},{"@type":"BreadcrumbList","@id":"https:\/\/cj.estrategia.com\/portal\/expulsao-beijo-homoafetivo-faculdade-indenizacao\/#breadcrumb","itemListElement":[{"@type":"ListItem","position":1,"name":"In\u00edcio","item":"https:\/\/cj.estrategia.com\/portal\/"},{"@type":"ListItem","position":2,"name":"Faculdade indenizar\u00e1 estudante por beijo homoafetivo"}]},{"@type":"WebSite","@id":"https:\/\/cj.estrategia.com\/portal\/#website","url":"https:\/\/cj.estrategia.com\/portal\/","name":"Blog - Carreiras Jur\u00eddicas - Estrat\u00e9gia","description":"","publisher":{"@id":"https:\/\/cj.estrategia.com\/portal\/#organization"},"potentialAction":[{"@type":"SearchAction","target":{"@type":"EntryPoint","urlTemplate":"https:\/\/cj.estrategia.com\/portal\/?s={search_term_string}"},"query-input":{"@type":"PropertyValueSpecification","valueRequired":true,"valueName":"search_term_string"}}],"inLanguage":"pt-BR"},{"@type":"Organization","@id":"https:\/\/cj.estrategia.com\/portal\/#organization","name":"Estrat\u00e9gia - Carreiras Jur\u00eddicas","url":"https:\/\/cj.estrategia.com\/portal\/","logo":{"@type":"ImageObject","inLanguage":"pt-BR","@id":"https:\/\/cj.estrategia.com\/portal\/#\/schema\/logo\/image\/","url":"https:\/\/cj.estrategia.com\/portal\/wp-content\/uploads\/2022\/03\/11151052\/cj-logo.png","contentUrl":"https:\/\/cj.estrategia.com\/portal\/wp-content\/uploads\/2022\/03\/11151052\/cj-logo.png","width":150,"height":39,"caption":"Estrat\u00e9gia - Carreiras Jur\u00eddicas"},"image":{"@id":"https:\/\/cj.estrategia.com\/portal\/#\/schema\/logo\/image\/"},"sameAs":["https:\/\/www.facebook.com\/estrategiacarreirajuridica\/","https:\/\/x.com\/EstratJuridica","https:\/\/www.instagram.com\/estrategiacarreirajuridica\/","https:\/\/www.youtube.com\/channel\/UClbMGuYbj2Mh1m3w144ETWQ"]},{"@type":"Person","@id":"https:\/\/cj.estrategia.com\/portal\/#\/schema\/person\/c48648992c53b73c046825760c50c2f0","name":"Allan Joos","image":{"@type":"ImageObject","inLanguage":"pt-BR","@id":"https:\/\/secure.gravatar.com\/avatar\/1b8f33b5c8b83dae3a0e569e23f1e6d1898a7771af6690410413809652612016?s=96&d=mm&r=g","url":"https:\/\/secure.gravatar.com\/avatar\/1b8f33b5c8b83dae3a0e569e23f1e6d1898a7771af6690410413809652612016?s=96&d=mm&r=g","contentUrl":"https:\/\/secure.gravatar.com\/avatar\/1b8f33b5c8b83dae3a0e569e23f1e6d1898a7771af6690410413809652612016?s=96&d=mm&r=g","caption":"Allan Joos"},"url":"https:\/\/cj.estrategia.com\/portal\/author\/allan-joos\/"}]}},"jetpack_featured_media_url":"https:\/\/cj.estrategia.com\/portal\/wp-content\/uploads\/2025\/05\/27130749\/estudantes-mulheres-maos-dadas-faculdade-universidade-ensino-discriminacao-preconceito-homoafetivo-direitos-scaled.jpg","jetpack_sharing_enabled":true,"_links":{"self":[{"href":"https:\/\/cj.estrategia.com\/portal\/wp-json\/wp\/v2\/posts\/123637","targetHints":{"allow":["GET"]}}],"collection":[{"href":"https:\/\/cj.estrategia.com\/portal\/wp-json\/wp\/v2\/posts"}],"about":[{"href":"https:\/\/cj.estrategia.com\/portal\/wp-json\/wp\/v2\/types\/post"}],"author":[{"embeddable":true,"href":"https:\/\/cj.estrategia.com\/portal\/wp-json\/wp\/v2\/users\/62"}],"replies":[{"embeddable":true,"href":"https:\/\/cj.estrategia.com\/portal\/wp-json\/wp\/v2\/comments?post=123637"}],"version-history":[{"count":0,"href":"https:\/\/cj.estrategia.com\/portal\/wp-json\/wp\/v2\/posts\/123637\/revisions"}],"wp:featuredmedia":[{"embeddable":true,"href":"https:\/\/cj.estrategia.com\/portal\/wp-json\/wp\/v2\/media\/123656"}],"wp:attachment":[{"href":"https:\/\/cj.estrategia.com\/portal\/wp-json\/wp\/v2\/media?parent=123637"}],"wp:term":[{"taxonomy":"category","embeddable":true,"href":"https:\/\/cj.estrategia.com\/portal\/wp-json\/wp\/v2\/categories?post=123637"},{"taxonomy":"post_tag","embeddable":true,"href":"https:\/\/cj.estrategia.com\/portal\/wp-json\/wp\/v2\/tags?post=123637"},{"taxonomy":"tax_estado","embeddable":true,"href":"https:\/\/cj.estrategia.com\/portal\/wp-json\/wp\/v2\/tax_estado?post=123637"}],"curies":[{"name":"wp","href":"https:\/\/api.w.org\/{rel}","templated":true}]}}