{"id":123326,"date":"2025-05-26T20:12:33","date_gmt":"2025-05-26T23:12:33","guid":{"rendered":"https:\/\/cj.estrategia.com\/portal\/?p=123326"},"modified":"2025-05-26T20:29:03","modified_gmt":"2025-05-26T23:29:03","slug":"prova-comentada-direito-empresarial-concurso-delegado-ce","status":"publish","type":"post","link":"https:\/\/cj.estrategia.com\/portal\/prova-comentada-direito-empresarial-concurso-delegado-ce\/","title":{"rendered":"Prova comentada Direito Empresarial Concurso Delegado CE"},"content":{"rendered":"\n<p>Ol\u00e1, pessoal, tudo certo?!<\/p>\n\n\n\n<p>Em 25\/05\/2025, foi aplicada a prova objetiva do concurso p\u00fablico para a <strong>Pol\u00edcia Civil do Estado do Cear\u00e1<\/strong>. Assim que divulgados o caderno de provas e o gabarito preliminar oficial, nosso time de professores analisou cada uma das quest\u00f5es que agora ser\u00e3o apresentadas em nossa <strong>PROVA COMENTADA<\/strong>.<\/p>\n\n\n\n<p>Este material visa a auxili\u00e1-los na aferi\u00e7\u00e3o das notas, elabora\u00e7\u00e3o de eventuais recursos, verifica\u00e7\u00e3o das chances de avan\u00e7o para fase discursiva, bem como na revis\u00e3o do conte\u00fado cobrado no certame.<\/p>\n\n\n\n<p>Desde j\u00e1, destacamos que nosso time de professores identificou 2 quest\u00f5es pass\u00edveis de recurso e\/ou que deve ser anulada, por apresentar duas alternativas corretas, como veremos adiante. No tipo de prova comentado, trata-se das quest\u00f5es 18 e 67.<\/p>\n\n\n\n<p>De modo complementar, elaboramos tamb\u00e9m o Ranking do <strong>PC-CE<\/strong> em que nossos alunos e seguidores poder\u00e3o inserir suas respostas \u00e0 prova, e, ao final, aferir sua nota, de acordo com o gabarito elaborado por nossos professores. Atrav\u00e9s do ranking, tamb\u00e9m poderemos estimar a nota de corte da 1\u00ba fase. Essa ferramenta \u00e9 gratuita e, para participar, basta clicar no link abaixo:<\/p>\n\n\n\n<p class=\"has-text-align-center has-luminous-vivid-amber-background-color has-background\"><a href=\"https:\/\/cj.estrategia.com\/rankings\/f336a0e4-05c1-487d-acfa-ec0e14008016\" target=\"_blank\" rel=\"noreferrer noopener nofollow\">Ranking PC CE Delegado<\/a><\/p>\n\n\n\n<p>Al\u00e9m disso, montamos um caderno para nossos seguidores, alunos ou n\u00e3o, verem os coment\u00e1rios e comentar as quest\u00f5es da prova:<\/p>\n\n\n\n<p class=\"has-text-align-center has-luminous-vivid-amber-background-color has-background\"><a href=\"https:\/\/cj.estrategia.com\/cadernos-e-simulados\/cadernos\/3a1c2c91-5255-4797-84e8-37fc63ae00dc\" target=\"_blank\" rel=\"noreferrer noopener nofollow\">Caderno de prova para seguidores<\/a><\/p>\n\n\n\n<p>Por fim, comentaremos a prova, as quest\u00f5es mais pol\u00eamicas, as possibilidades de recurso, bem como a estimativa da nota de corte no <strong>TERM\u00d4METRO P\u00d3S-PROVA<\/strong>, no nosso canal do Youtube. Inscreva-se e ative as notifica\u00e7\u00f5es!<\/p>\n\n\n\n<p class=\"has-text-align-center has-luminous-vivid-amber-background-color has-background\"><a href=\"https:\/\/www.youtube.com\/@EstrategiaCarreiraJuridica\"><strong>Estrat\u00e9gia Carreira Jur\u00eddica &#8211; YouTube<\/strong><\/a><\/p>\n\n\n\n<p>Esperamos que gostem do material e de todos os novos projetos que preparamos para que avancem rumo \u00e0 aprova\u00e7\u00e3o.<\/p>\n\n\n\n<p>Contem sempre conosco.<\/p>\n\n\n\n<p>Yasmin Ushara,<\/p>\n\n\n\n<p>Coordena\u00e7\u00e3o de Rodadas do Estrat\u00e9gia Carreiras Jur\u00eddicas.<\/p>\n\n\n\n<p class=\"has-text-align-center has-luminous-vivid-amber-background-color has-background\"><strong><a href=\"https:\/\/cj.estrategia.com\/portal\/provas-comentadas-de-todas-as-materias-do-concurso-delegado-ce\/\" target=\"_blank\" >Confira a prova comentada de todas as disciplinas<\/a><\/strong><\/p>\n\n\n\n<p><strong>QUEST\u00c3O 70. Acerca dos processos de transforma\u00e7\u00e3o, incorpora\u00e7\u00e3o, fus\u00e3o e cis\u00e3o de sociedades, assinale a op\u00e7\u00e3o correta.<\/strong><\/p>\n\n\n\n<p><strong>a) Fus\u00e3o \u00e9 a opera\u00e7\u00e3o pela qual se unem duas ou mais sociedades para a forma\u00e7\u00e3o de sociedade nova, que lhes suceder\u00e1 em todos os direitos e obriga\u00e7\u00f5es.<\/strong><\/p>\n\n\n\n<p><strong>b) No processo de incorpora\u00e7\u00e3o, desaparecem todas as sociedades e surge uma sociedade com estrutura decorrente da incorpora\u00e7\u00e3o.<\/strong><\/p>\n\n\n\n<p><strong>c) Na cis\u00e3o, uma das sociedades desaparece e a remanescente permanece ativa, absorvendo a estrutura\u00e7\u00e3o patrimonial daquela.<\/strong><\/p>\n\n\n\n<p><strong>d) Nas opera\u00e7\u00f5es de incorpora\u00e7\u00e3o, fus\u00e3o e cis\u00e3o entre companhias abertas, as sociedades que se sucederem ser\u00e3o abertas ou fechadas.<\/strong><\/p>\n\n\n\n<p><strong>e) O ato de transforma\u00e7\u00e3o acarreta a dissolu\u00e7\u00e3o da sociedade transformada, surgindo em seu lugar uma nova sociedade.<\/strong><\/p>\n\n\n\n<p><strong>Coment\u00e1rios<\/strong><\/p>\n\n\n\n<p>A alternativa correta \u00e9 a <strong>letra A<\/strong>. A quest\u00e3o trata do tema opera\u00e7\u00f5es societ\u00e1rias.<\/p>\n\n\n\n<p>A alternativa A est\u00e1 correta. Corresponde \u00e0 literalidade do conceito de fus\u00e3o previsto na legisla\u00e7\u00e3o. De acordo com o artigo 228 da LSA &#8211; Lei 6.404\/76: \u201cA fus\u00e3o \u00e9 a opera\u00e7\u00e3o pela qual se unem duas ou mais sociedades para formar sociedade nova, que lhes suceder\u00e1 em todos os direitos e obriga\u00e7\u00f5es.\u201d O C\u00f3digo Civil ainda disp\u00f5e, em seu Art. 1.119 que: \u201cA fus\u00e3o determina a extin\u00e7\u00e3o das sociedades que se unem, para formar sociedade nova, que a elas suceder\u00e1 nos direitos e obriga\u00e7\u00f5es.\u201d;<\/p>\n\n\n\n<p>A alternativa B est\u00e1 incorreta. De acordo com o Art. 227 da LSA: \u201cA incorpora\u00e7\u00e3o \u00e9 a opera\u00e7\u00e3o pela qual uma ou mais sociedades s\u00e3o absorvidas por outra, que lhes sucede em todos os direitos e obriga\u00e7\u00f5es.\u201d;<\/p>\n\n\n\n<p>A alternativa C est\u00e1 incorreta. Conforme o art.229 da LSA Art. 229. A cis\u00e3o \u00e9 a opera\u00e7\u00e3o pela qual a companhia transfere parcelas do seu patrim\u00f4nio para uma ou mais sociedades, constitu\u00eddas para esse fim ou j\u00e1 existentes, extinguindo-se a companhia cindida, se houver vers\u00e3o de todo o seu patrim\u00f4nio, ou dividindo-se o seu capital, se parcial a vers\u00e3o.<\/p>\n\n\n\n<p>A alternativa D est\u00e1 incorreta. Neste caso tamb\u00e9m ser\u00e3o companhias abertas, conforme disp\u00f5e o Art. 223.\u00a7 3\u00ba da LSA:&nbsp; \u201cSe a incorpora\u00e7\u00e3o, fus\u00e3o ou cis\u00e3o envolverem companhia aberta, as sociedades que a sucederem ser\u00e3o tamb\u00e9m abertas, devendo obter o respectivo registro e, se for o caso, promover a admiss\u00e3o de negocia\u00e7\u00e3o das novas a\u00e7\u00f5es no mercado secund\u00e1rio, no prazo m\u00e1ximo de cento e vinte dias, contados da data da assembl\u00e9ia-geral que aprovou a opera\u00e7\u00e3o, observando as normas pertinentes baixadas pela Comiss\u00e3o de Valores Mobili\u00e1rios.<strong><em>\u201d;<\/em><\/strong><\/p>\n\n\n\n<p>A alternativa E est\u00e1 incorreta. A transforma\u00e7\u00e3o n\u00e3o acarreta dissolu\u00e7\u00e3o, conforme disp\u00f5e a LSA Art. 220: \u201cA transforma\u00e7\u00e3o \u00e9 a opera\u00e7\u00e3o pela qual a sociedade passa, independentemente de dissolu\u00e7\u00e3o e liquida\u00e7\u00e3o, de um tipo para outro.\u201d.<\/p>\n\n\n\n<p><strong>QUEST\u00c3O 72. Considerando as disposi\u00e7\u00f5es legais aplic\u00e1veis \u00e0s sociedades limitadas, assinale a op\u00e7\u00e3o correta.<\/strong><\/p>\n\n\n\n<p><strong>a) Para a constitui\u00e7\u00e3o das quotas do capital social, admite-se contribui\u00e7\u00e3o que consista na presta\u00e7\u00e3o de servi\u00e7os.<\/strong><\/p>\n\n\n\n<p><strong>b) Para a constitui\u00e7\u00e3o de uma sociedade limitada, exigem-se, pelo menos, duas pessoas.<\/strong><\/p>\n\n\n\n<p><strong>c) A administra\u00e7\u00e3o atribu\u00edda no contrato social a todos os s\u00f3cios se estende, de pleno direito, aos que posteriormente adquiram essa qualidade.<\/strong><\/p>\n\n\n\n<p><strong>d) A sociedade pode ser dissolvida judicialmente, a requerimento de qualquer dos s\u00f3cios, quando verificada sua inexequibilidade.<\/strong><\/p>\n\n\n\n<p><strong>e) Todos os s\u00f3cios respondem solidariamente pela integraliza\u00e7\u00e3o do capital social, independentemente da quantidade de cotas que cada um possua.<\/strong><\/p>\n\n\n\n<p><strong>Coment\u00e1rios<\/strong><\/p>\n\n\n\n<p>A alternativa correta \u00e9 a <strong>letra E<\/strong>. A quest\u00e3o trata do tema sociedades limitadas.<\/p>\n\n\n\n<p>A alternativa A est\u00e1 incorreta. \u00c9 vedada a contribui\u00e7\u00e3o na forma de presta\u00e7\u00e3o de servi\u00e7o, conforme disp\u00f5e o C\u00f3digo Civil Art. 1.055: \u201cO capital social divide-se em quotas, iguais ou desiguais, cabendo uma ou diversas a cada s\u00f3cio. \u00a7 1\u00ba Pela exata estima\u00e7\u00e3o de bens conferidos ao capital social respondem solidariamente todos os s\u00f3cios, at\u00e9 o prazo de cinco anos da data do registro da sociedade. \u00a7 2\u00ba \u00c9 vedada contribui\u00e7\u00e3o que consista em presta\u00e7\u00e3o de servi\u00e7os.\u201d;<\/p>\n\n\n\n<p>A alternativa B est\u00e1 incorreta. \u00c9 poss\u00edvel a sociedade unipessoal, na forma prevista no C\u00f3digo Civil, art. 1.052 \u00a7 1\u00ba: \u201cA sociedade limitada pode ser constitu\u00edda por 1 (uma) ou mais pessoas.\u201d;<\/p>\n\n\n\n<p>A alternativa C est\u00e1 incorreta. Contraria o C\u00f3digo Civil, que disp\u00f5e no Art. 1.060: \u201cA sociedade limitada \u00e9 administrada por uma ou mais pessoas designadas no contrato social ou em ato separado.Par\u00e1grafo \u00fanico. A administra\u00e7\u00e3o atribu\u00edda no contrato a todos os s\u00f3cios n\u00e3o se estende de pleno direito aos que posteriormente adquiram essa qualidade.\u201d;<\/p>\n\n\n\n<p>A alternativa D est\u00e1 incorreta. O C\u00f3digo Civil em seu Art. 1.034 elenca outras hip\u00f3teses de dissolu\u00e7\u00e3o: \u201cA sociedade pode ser dissolvida judicialmente, a requerimento de qualquer dos s\u00f3cios, quando: I &#8211; anulada a sua constitui\u00e7\u00e3o; II &#8211; exaurido o fim social, ou verificada a sua inexeq\u00fcibilidade.\u201d;<\/p>\n\n\n\n<p>A alternativa E est\u00e1 correta. De acordo com o C\u00f3digo Civil, Art. 1.052: \u201cNa sociedade limitada, a responsabilidade de cada s\u00f3cio \u00e9 restrita ao valor de suas quotas, mas todos respondem solidariamente pela integraliza\u00e7\u00e3o do capital social\u201d.<\/p>\n\n\n\n<p><strong>QUEST\u00c3O 73. A respeito da recupera\u00e7\u00e3o judicial e da extrajudicial, assinale a op\u00e7\u00e3o correta.<\/strong><\/p>\n\n\n\n<p><strong>a) O processo de recupera\u00e7\u00e3o extrajudicial n\u00e3o abrange cr\u00e9ditos trabalhistas.<\/strong><\/p>\n\n\n\n<p><strong>b) Empresas p\u00fablicas e sociedades de economia mista est\u00e3o sujeitas \u00e0 recupera\u00e7\u00e3o extrajudicial.<\/strong><\/p>\n\n\n\n<p><strong>c) A rejei\u00e7\u00e3o do plano de recupera\u00e7\u00e3o judicial ou extrajudicial acarretar\u00e1, de imediato, a decreta\u00e7\u00e3o de fal\u00eancia.<\/strong><\/p>\n\n\n\n<p><strong>d) O \u00c9 assegurado ao devedor em processo de recupera\u00e7\u00e3o judicial requerer a homologa\u00e7\u00e3o de plano de recupera\u00e7\u00e3o extrajudicial simultaneamente.<\/strong><\/p>\n\n\n\n<p><strong>e) \u00c9 competente para homologar o plano de recupera\u00e7\u00e3o extrajudicial o ju\u00edzo do local do principal estabelecimento do devedor ou da filial de empresa que tenha sede fora do Brasil.<\/strong><\/p>\n\n\n\n<p><strong>Coment\u00e1rios<\/strong><\/p>\n\n\n\n<p>A alternativa correta \u00e9 a <strong>letra E<\/strong>. A quest\u00e3o trata do tema recupera\u00e7\u00e3o judicial e extrajudicial.<\/p>\n\n\n\n<p>A alternativa A est\u00e1 incorreta. Conforme a Lei n\u00b0 11.101\/2005 que prev\u00ea no artigo 161 \u00a7 1\u00ba que: \u201cEst\u00e3o sujeitos \u00e0 recupera\u00e7\u00e3o extrajudicial todos os cr\u00e9ditos existentes na data do pedido, exceto os cr\u00e9ditos de natureza tribut\u00e1ria e aqueles previstos no \u00a7 3\u00ba do art. 49 e no inciso II do <strong>caput<\/strong> do art. 86 desta Lei, e a sujei\u00e7\u00e3o dos cr\u00e9ditos de natureza trabalhista e por acidentes de trabalho exige negocia\u00e7\u00e3o coletiva com o sindicato da respectiva categoria profissional.\u201d;<\/p>\n\n\n\n<p>A alternativa B est\u00e1 incorreta. A lei n\u00b011.101\/2005 n\u00e3o se aplica a tais empresas por expressa disposi\u00e7\u00e3o legal: \u201cArt. 2\u00ba Esta Lei n\u00e3o se aplica a:I \u2013 empresa p\u00fablica e sociedade de economia mista.\u201d;<\/p>\n\n\n\n<p>A alternativa C est\u00e1 incorreta. A lei n\u00b011.101\/2005 prev\u00ea no Art. 69-L. que: \u201cAdmitida a consolida\u00e7\u00e3o substancial, os devedores apresentar\u00e3o plano unit\u00e1rio, que discriminar\u00e1 os meios de recupera\u00e7\u00e3o a serem empregados e ser\u00e1 submetido a uma assembleia-geral de credores para a qual ser\u00e3o convocados os credores dos devedores.&nbsp; \u00a7 2\u00ba A rejei\u00e7\u00e3o do plano unit\u00e1rio de que trata o <strong>caput<\/strong> deste artigo implicar\u00e1 a convola\u00e7\u00e3o da recupera\u00e7\u00e3o judicial em fal\u00eancia dos devedores sob consolida\u00e7\u00e3o substancial.\u201d;<\/p>\n\n\n\n<p>A alternativa D est\u00e1 incorreta. N\u00e3o \u00e9 poss\u00edvel a simultaneidade, conforme rege o artigo 6\u00b0 \u00a7 8\u00ba:\u201d A distribui\u00e7\u00e3o do pedido de fal\u00eancia ou de recupera\u00e7\u00e3o judicial ou a homologa\u00e7\u00e3o de recupera\u00e7\u00e3o extrajudicial previne a jurisdi\u00e7\u00e3o para qualquer outro pedido de fal\u00eancia, de recupera\u00e7\u00e3o judicial ou de homologa\u00e7\u00e3o de recupera\u00e7\u00e3o extrajudicial relativo ao mesmo devedor.\u201d;<\/p>\n\n\n\n<p>A alternativa E est\u00e1 correta.&nbsp; De acordo com a Lei n\u00b0 11.101\/2005 que disp\u00f5e em seu Art. 3\u00ba que: \u201c\u00c9 competente para homologar o plano de recupera\u00e7\u00e3o extrajudicial, deferir a recupera\u00e7\u00e3o judicial ou decretar a fal\u00eancia o ju\u00edzo do local do principal estabelecimento do devedor ou da filial de empresa que tenha sede fora do Brasil.\u201d.<\/p>\n\n\n\n<p><strong>QUEST\u00c3O 74. No que se refere ao processo falimentar, assinale a op\u00e7\u00e3o correta.<\/strong><\/p>\n\n\n\n<p><strong>a) O ju\u00edzo indivis\u00edvel da fal\u00eancia \u00e9 o competente para conhecer todas as a\u00e7\u00f5es sobre bens, interesses e neg\u00f3cios do falido, inclu\u00eddas causas trabalhistas e fiscais.<\/strong><\/p>\n\n\n\n<p><strong>b) A decreta\u00e7\u00e3o da fal\u00eancia implica a suspens\u00e3o do curso da prescri\u00e7\u00e3o das obriga\u00e7\u00f5es do devedor sujeitas ao regime falimentar.<\/strong><\/p>\n\n\n\n<p><strong>c) O devedor n\u00e3o \u00e9 habilitado a requerer a pr\u00f3pria fal\u00eancia.<\/strong><\/p>\n\n\n\n<p><strong>d) S\u00e3o eficazes, em rela\u00e7\u00e3o \u00e0 massa falida, os atos praticados a t\u00edtulo gratuito desde dois anos antes da decreta\u00e7\u00e3o da fal\u00eancia.<\/strong><\/p>\n\n\n\n<p><strong>e) Na fal\u00eancia, s\u00e3o exig\u00edveis do devedor as despesas que os credores fizerem para tomar parte no processo falimentar.<\/strong><\/p>\n\n\n\n<p><strong>Coment\u00e1rios<\/strong><\/p>\n\n\n\n<p>A alternativa correta \u00e9 a <strong>letra B<\/strong>. A quest\u00e3o trata do tema recupera\u00e7\u00e3o judicial e extrajudicial.<\/p>\n\n\n\n<p>A alternativa A est\u00e1 incorreta. Contraria o disposto no Art. 76 da Lei n\u00b011.101\/2005: \u201cO ju\u00edzo da fal\u00eancia \u00e9 indivis\u00edvel e competente para conhecer todas as a\u00e7\u00f5es sobre bens, interesses e neg\u00f3cios do falido, ressalvadas as causas trabalhistas, fiscais e aquelas n\u00e3o reguladas nesta Lei em que o falido figurar como autor ou litisconsorte ativo.\u201d;<\/p>\n\n\n\n<p>A alternativa B est\u00e1 correta. De acordo com a Lei n\u00b011.101\/2005 no Art. 6\u00ba: \u201cA decreta\u00e7\u00e3o da fal\u00eancia ou o deferimento do processamento da recupera\u00e7\u00e3o judicial implica: I &#8211; suspens\u00e3o do curso da prescri\u00e7\u00e3o das obriga\u00e7\u00f5es do devedor sujeitas ao regime desta Lei.\u201d;<\/p>\n\n\n\n<p>A alternativa C est\u00e1 incorreta. O devedor \u00e9 legitimado, conforme prev\u00ea o Art. 97 da Lei n\u00b011.101\/2005: \u201cPodem requerer a fal\u00eancia do devedor: I \u2013 o pr\u00f3prio devedor, na forma do disposto nos arts. 105 a 107 desta Lei.\u201d;<\/p>\n\n\n\n<p>A alternativa D est\u00e1 incorreta. S\u00e3o ineficazes, conforme disposto na Lei n\u00b011.101\/2005 em seu Art. 129: \u201cS\u00e3o ineficazes em rela\u00e7\u00e3o \u00e0 massa falida, tenha ou n\u00e3o o contratante conhecimento do estado de crise econ\u00f4mico-financeira do devedor, seja ou n\u00e3o inten\u00e7\u00e3o deste fraudar credores: I \u2013 o pagamento de d\u00edvidas n\u00e3o vencidas realizado pelo devedor dentro do termo legal, por qualquer meio extintivo do direito de cr\u00e9dito, ainda que pelo desconto do pr\u00f3prio t\u00edtulo; II \u2013 o pagamento de d\u00edvidas vencidas e exig\u00edveis realizado dentro do termo legal, por qualquer forma que n\u00e3o seja a prevista pelo contrato; III \u2013 a constitui\u00e7\u00e3o de direito real de garantia, inclusive a reten\u00e7\u00e3o, dentro do termo legal, tratando-se de d\u00edvida contra\u00edda anteriormente; se os bens dados em hipoteca forem objeto de outras posteriores, a massa falida receber\u00e1 a parte que devia caber ao credor da hipoteca revogada; IV \u2013 a pr\u00e1tica de atos a t\u00edtulo gratuito, desde 2 (dois) anos antes da decreta\u00e7\u00e3o da fal\u00eancia; V \u2013 a ren\u00fancia \u00e0 heran\u00e7a ou a legado, at\u00e9 2 (dois) anos antes da decreta\u00e7\u00e3o da fal\u00eancia; VI \u2013 a venda ou transfer\u00eancia de estabelecimento feita sem o consentimento expresso ou o pagamento de todos os credores, a esse tempo existentes, n\u00e3o tendo restado ao devedor bens suficientes para solver o seu passivo, salvo se, no prazo de 30 (trinta) dias, n\u00e3o houver oposi\u00e7\u00e3o dos credores, ap\u00f3s serem devidamente notificados, judicialmente ou pelo oficial do registro de t\u00edtulos e documentos; VII \u2013 os registros de direitos reais e de transfer\u00eancia de propriedade entre vivos, por t\u00edtulo oneroso ou gratuito, ou a averba\u00e7\u00e3o relativa a im\u00f3veis realizados ap\u00f3s a decreta\u00e7\u00e3o da fal\u00eancia, salvo se tiver havido prenota\u00e7\u00e3o anterior. Par\u00e1grafo \u00fanico. A inefic\u00e1cia poder\u00e1 ser declarada de of\u00edcio pelo juiz, alegada em defesa ou pleiteada mediante a\u00e7\u00e3o pr\u00f3pria ou incidentalmente no curso do processo.\u201d;<\/p>\n\n\n\n<p>A alternativa E est\u00e1 incorreta. Conforme disp\u00f5e o Art. 5\u00ba da Lei n\u00b011.101\/2005: \u201cN\u00e3o s\u00e3o exig\u00edveis do devedor, na recupera\u00e7\u00e3o judicial ou na fal\u00eancia: I \u2013 as obriga\u00e7\u00f5es a t\u00edtulo gratuito; II \u2013 as despesas que os credores fizerem para tomar parte na recupera\u00e7\u00e3o judicial ou na fal\u00eancia, salvo as custas judiciais decorrentes de lit\u00edgio com o devedor.\u201d.<\/p>\n\n\n\n<p><strong>QUEST\u00c3O 75. Em rela\u00e7\u00e3o aos t\u00edtulos de cr\u00e9dito, assinale a op\u00e7\u00e3o correta.<\/strong><\/p>\n\n\n\n<p><strong>a) O pagamento de t\u00edtulo de cr\u00e9dito que contenha obriga\u00e7\u00e3o de pagar soma determinada pode ser garantido por aval parcial.<\/strong><\/p>\n\n\n\n<p><strong>b) O credor pode recusar o pagamento parcial do t\u00edtulo de cr\u00e9dito no seu vencimento.<\/strong><\/p>\n\n\n\n<p><strong>c) A omiss\u00e3o de qualquer requisito legal, caso tire ao escrito sua validade como t\u00edtulo de cr\u00e9dito, implica a invalidade neg\u00f3cio jur\u00eddico que lhe deu origem.<\/strong><\/p>\n\n\n\n<p><strong>d) A transfer\u00eancia do t\u00edtulo de cr\u00e9dito implica a de todos os direitos que lhe s\u00e3o inerentes.<\/strong><\/p>\n\n\n\n<p><strong>e) Ap\u00f3s pagar o t\u00edtulo de cr\u00e9dito, o avalista n\u00e3o tem prerrogativa de a\u00e7\u00e3o de regresso contra o avalizado os demais coobrigados anteriores.<\/strong><\/p>\n\n\n\n<p><strong>Coment\u00e1rios<\/strong><\/p>\n\n\n\n<p>A alternativa correta \u00e9 a <strong>letra D<\/strong>. A quest\u00e3o trata do tema t\u00edtulos de cr\u00e9dito.<\/p>\n\n\n\n<p>A alternativa A est\u00e1 incorreta. \u00c9 vedado o aval parcial, conforme prev\u00ea o C\u00f3digo Civil em seu Art. 897: \u201cO pagamento de t\u00edtulo de cr\u00e9dito, que contenha obriga\u00e7\u00e3o de pagar soma determinada, pode ser garantido por aval. Par\u00e1grafo \u00fanico. \u00c9 vedado o aval parcial.\u201d;<\/p>\n\n\n\n<p>A alternativa B est\u00e1 incorreta. N\u00e3o poder\u00e1 recusar, \u00e9 o que prev\u00ea o C\u00f3digo Civil no Art. 902: \u201cN\u00e3o \u00e9 o credor obrigado a receber o pagamento antes do vencimento do t\u00edtulo, e aquele que o paga, antes do vencimento, fica respons\u00e1vel pela validade do pagamento. \u00a7 1\u00baNo vencimento, n\u00e3o pode o credor recusar pagamento, ainda que parcial.\u201d;<\/p>\n\n\n\n<p>A alternativa C est\u00e1 incorreta. A invalidade do t\u00edtulo n\u00e3o implica na do neg\u00f3cio jur\u00eddico, pois aquele tem como caracter\u00edstica a abstratividade, expressamente prevista pelo C\u00f3digo Civil no Art. 888: \u201cA omiss\u00e3o de qualquer requisito legal, que tire ao escrito a sua validade como t\u00edtulo de cr\u00e9dito, n\u00e3o implica a invalidade do neg\u00f3cio jur\u00eddico que lhe deu origem.\u201d;<\/p>\n\n\n\n<p>A alternativa D est\u00e1 correta. De acordo com o C\u00f3digo Civil Art. 893. \u201cA transfer\u00eancia do t\u00edtulo de cr\u00e9dito implica a de todos os direitos que lhe s\u00e3o inerentes.\u201d;<\/p>\n\n\n\n<p>A alternativa E est\u00e1 incorreta. Ter\u00e1 sim direito o avalista \u00e0 a\u00e7\u00e3o de regresso, conforme prev\u00ea o C\u00f3digo Civil no Art. 899: \u201cO avalista equipara-se \u00e0quele cujo nome indicar; na falta de indica\u00e7\u00e3o, ao emitente ou devedor final. \u00a7 1\u00b0 Pagando o t\u00edtulo, tem o avalista a\u00e7\u00e3o de regresso contra o seu avalizado e demais coobrigados anteriores.\u201d.<\/p>\n\n\n\n<p class=\"has-text-align-center\"><em>Fique por dentro de todos os detalhes do concurso Delegado PC CE.<br>Preparamos um artigo completo para voc\u00ea!<\/em><\/p>\n\n\n\n<p class=\"has-text-align-center has-luminous-vivid-amber-background-color has-background\"><strong><a href=\"https:\/\/cj.estrategia.com\/portal\/concurso-delegado-ce\/#h-provas-e-etapas-do-concurso-delegado-ce\" target=\"_blank\" >Saiba mais: Concurso Delegado CE<\/a><\/strong><\/p>\n\n\n\n<h2 class=\"wp-block-heading has-text-align-center\" id=\"h-quer-saber-tudo-sobre-concursos-previstos-confira-nossos-artigos\"><span id=\"quer-saber-tudo-sobre-concursos-previstosconfira-nossos-artigos\">Quer saber tudo sobre concursos previstos?<br><strong>Confira nossos artigos!<\/strong><\/span><\/h2>\n\n\n\n<ul class=\"wp-block-list\">\n<li><a href=\"https:\/\/cj.estrategia.com\/portal\/concursos-abertos-carreiras-juridicas\/\" target=\"_blank\" >Concursos jur\u00eddicos abertos<\/a><\/li>\n\n\n\n<li><a href=\"https:\/\/cj.estrategia.com\/portal\/concursos-2025-carreiras-juridicas\/\" target=\"_blank\" >Concurso Jur\u00eddicos 2025<\/a><\/li>\n\n\n\n<li><a href=\"https:\/\/cj.estrategia.com\/portal\/concursos-procuradorias\/\" target=\"_blank\" >Concursos Procuradorias<\/a><\/li>\n<\/ul>\n\n\n\n<h2 class=\"wp-block-heading has-text-align-center\" id=\"assinatura-e-cursos\"><span id=\"quer-estudar-para-o-concurso-delegado-ce\">Quer estudar para o concurso Delegado CE?<\/span><\/h2>\n\n\n\n<h2 class=\"wp-block-heading has-text-align-center\" id=\"cursos-ficha\"><span id=\"cursos-e-assinaturas\">Cursos e Assinaturas<\/span><\/h2>\n\n\n\n<p>O Estrat\u00e9gia Carreira Jur\u00eddica \u00e9 campe\u00e3o de aprova\u00e7\u00f5es nos concursos para Carreiras Jur\u00eddicas com um corpo docente qualificado e materiais completos. Conhe\u00e7a nossos cursos e garanta sua aprova\u00e7\u00e3o:<\/p>\n\n\n\n<div class=\"container\" id=\"boxes\">\n  <div class=\"row\">\n\n    <div class=\"col-sm\">\n      <div class=\"banner-estrategia-concursos-juridicos\" id=\"box-assinatura\">\n        <h2 id=\"curso-para-delegado-ce\" class=\"titulo-assinatura\"><span style=\"color: #ffffff; font-size: 23px; \">Curso para Delegado-CE <\/span><\/h2>\n        <p class=\"subtitulo-assinatura\">Cursos focados no edital do concurso<\/p>\n        <div class=\"box-botao\">\n          <a class=\"btn-assinatura-juridica\" target=\"_blank\" href=\"https:\/\/cj.estrategia.com\/curso\/pc-ce-delegado-pacote-teorico\/\" role=\"button\" rel=\"noopener noreferrer\">Conhe\u00e7a mais<\/a>\n        <\/div>\n      <\/div>\n      <p class=\"texto-auxiliar\">Prepare-se com o melhor material e com quem mais aprova em concursos em todo o pa\u00eds. \n<\/p>\n    <\/div>\n\n  <\/div>\n<\/div>\n\n\n\n<div class=\"wp-block-cover\" style=\"min-height:155px;aspect-ratio:unset;\"><span aria-hidden=\"true\" class=\"wp-block-cover__background has-background-dim\"><\/span><img decoding=\"async\" width=\"1890\" height=\"351\" class=\"wp-block-cover__image-background wp-image-8669\" alt=\"Assinaturas Jur\u00eddicas\" src=\"https:\/\/cj.estrategia.com\/portal\/wp-content\/uploads\/2022\/06\/20151253\/concurso-carreiras-juridicas-assinatura-juridica.jpg\" data-object-fit=\"cover\" srcset=\"https:\/\/cj.estrategia.com\/portal\/wp-content\/uploads\/2022\/06\/20151253\/concurso-carreiras-juridicas-assinatura-juridica.jpg 1890w, https:\/\/cj.estrategia.com\/portal\/wp-content\/uploads\/2022\/06\/20151253\/concurso-carreiras-juridicas-assinatura-juridica-300x56.jpg 300w, https:\/\/cj.estrategia.com\/portal\/wp-content\/uploads\/2022\/06\/20151253\/concurso-carreiras-juridicas-assinatura-juridica-1024x190.jpg 1024w, https:\/\/cj.estrategia.com\/portal\/wp-content\/uploads\/2022\/06\/20151253\/concurso-carreiras-juridicas-assinatura-juridica-768x143.jpg 768w, https:\/\/cj.estrategia.com\/portal\/wp-content\/uploads\/2022\/06\/20151253\/concurso-carreiras-juridicas-assinatura-juridica-1536x285.jpg 1536w, https:\/\/cj.estrategia.com\/portal\/wp-content\/uploads\/2022\/06\/20151253\/concurso-carreiras-juridicas-assinatura-juridica-380x71.jpg 380w, https:\/\/cj.estrategia.com\/portal\/wp-content\/uploads\/2022\/06\/20151253\/concurso-carreiras-juridicas-assinatura-juridica-800x149.jpg 800w, https:\/\/cj.estrategia.com\/portal\/wp-content\/uploads\/2022\/06\/20151253\/concurso-carreiras-juridicas-assinatura-juridica-1160x215.jpg 1160w\" sizes=\"(max-width: 1890px) 100vw, 1890px\" \/><div class=\"wp-block-cover__inner-container is-layout-flow wp-block-cover-is-layout-flow\">\n<h3 id=\"faca-a-sua-assinatura\" class=\"titulo-assinatura\"><span style=\"color: #ffffff;\">Fa\u00e7a a sua assinatura!<\/span><\/h3>\n<p class=\"subtitulo-assinatura\" style=\"display:block!important; line-height: 0;\"><span style=\"color: #ffffff;\">Escolha a sua \u00e1rea.<\/span><\/p>\n<a target=\"_blank\" href=\"https:\/\/www.estrategiaconcursos.com.br\/assinaturas-ecj\/\" rel=\"noopener\"><button style=\"border-radius: 10px; text-transform: capitalize;\">Acessar<\/button><\/a>\n<\/div><\/div>\n\n\n\n<p><\/p>\n","protected":false},"excerpt":{"rendered":"Ol\u00e1, pessoal, tudo certo?! Em 25\/05\/2025, foi aplicada a prova objetiva do concurso p\u00fablico para a Pol\u00edcia Civil&hellip;\n","protected":false},"author":162,"featured_media":32071,"comment_status":"open","ping_status":"open","sticky":false,"template":"","format":"standard","meta":{"_jetpack_memberships_contains_paid_content":false,"footnotes":""},"categories":[1,28],"tags":[],"tax_estado":[35],"class_list":{"0":"post-123326","1":"post","2":"type-post","3":"status-publish","4":"format-standard","5":"has-post-thumbnail","7":"category-carreiras-juridicas","8":"category-delegado","9":"tax_estado-ce"},"acf":[],"yoast_head":"<!-- This site is optimized with the Yoast SEO Premium plugin v27.4 (Yoast SEO v27.4) - https:\/\/yoast.com\/product\/yoast-seo-premium-wordpress\/ -->\n<title>Prova comentada Direito Empresarial Concurso Delegado CE<\/title>\n<meta name=\"description\" content=\"Confira agora mesmo a Prova comentada Direito Empresarial Concurso Delegado CE elaborada pelos nossos professores!\" \/>\n<meta name=\"robots\" content=\"index, follow, max-snippet:-1, max-image-preview:large, max-video-preview:-1\" \/>\n<link rel=\"canonical\" href=\"https:\/\/cj.estrategia.com\/portal\/prova-comentada-direito-empresarial-concurso-delegado-ce\/\" \/>\n<meta property=\"og:locale\" content=\"pt_BR\" \/>\n<meta property=\"og:type\" content=\"article\" \/>\n<meta property=\"og:title\" content=\"Prova comentada Direito Empresarial Concurso Delegado CE\" \/>\n<meta property=\"og:description\" content=\"Confira agora mesmo a Prova comentada Direito Empresarial Concurso Delegado CE elaborada pelos nossos professores!\" \/>\n<meta property=\"og:url\" content=\"https:\/\/cj.estrategia.com\/portal\/prova-comentada-direito-empresarial-concurso-delegado-ce\/\" \/>\n<meta property=\"og:site_name\" content=\"Blog - Carreiras Jur\u00eddicas - Estrat\u00e9gia\" \/>\n<meta property=\"article:publisher\" content=\"https:\/\/www.facebook.com\/estrategiacarreirajuridica\/\" \/>\n<meta property=\"article:published_time\" content=\"2025-05-26T23:12:33+00:00\" \/>\n<meta property=\"article:modified_time\" content=\"2025-05-26T23:29:03+00:00\" \/>\n<meta property=\"og:image\" content=\"https:\/\/cj.estrategia.com\/portal\/wp-content\/uploads\/2023\/01\/24174531\/concurso-delegado-ce-ecj.jpg\" \/>\n\t<meta property=\"og:image:width\" content=\"960\" \/>\n\t<meta property=\"og:image:height\" content=\"540\" \/>\n\t<meta property=\"og:image:type\" content=\"image\/jpeg\" \/>\n<meta name=\"author\" content=\"Jos\u00e9 Ferreira\" \/>\n<meta name=\"twitter:card\" content=\"summary_large_image\" \/>\n<meta name=\"twitter:creator\" content=\"@EstratJuridica\" \/>\n<meta name=\"twitter:site\" content=\"@EstratJuridica\" \/>\n<meta name=\"twitter:label1\" content=\"Escrito por\" \/>\n\t<meta name=\"twitter:data1\" content=\"Jos\u00e9 Ferreira\" \/>\n\t<meta name=\"twitter:label2\" content=\"Est. tempo de leitura\" \/>\n\t<meta name=\"twitter:data2\" content=\"15 minutos\" \/>\n<script type=\"application\/ld+json\" class=\"yoast-schema-graph\">{\"@context\":\"https:\\\/\\\/schema.org\",\"@graph\":[{\"@type\":\"NewsArticle\",\"@id\":\"https:\\\/\\\/cj.estrategia.com\\\/portal\\\/prova-comentada-direito-empresarial-concurso-delegado-ce\\\/#article\",\"isPartOf\":{\"@id\":\"https:\\\/\\\/cj.estrategia.com\\\/portal\\\/prova-comentada-direito-empresarial-concurso-delegado-ce\\\/\"},\"author\":{\"name\":\"Jos\u00e9 Ferreira\",\"@id\":\"https:\\\/\\\/cj.estrategia.com\\\/portal\\\/#\\\/schema\\\/person\\\/4caf0099c42d736f2aade723f309f690\"},\"headline\":\"Prova comentada Direito Empresarial Concurso Delegado CE\",\"datePublished\":\"2025-05-26T23:12:33+00:00\",\"dateModified\":\"2025-05-26T23:29:03+00:00\",\"mainEntityOfPage\":{\"@id\":\"https:\\\/\\\/cj.estrategia.com\\\/portal\\\/prova-comentada-direito-empresarial-concurso-delegado-ce\\\/\"},\"wordCount\":2904,\"commentCount\":0,\"publisher\":{\"@id\":\"https:\\\/\\\/cj.estrategia.com\\\/portal\\\/#organization\"},\"image\":{\"@id\":\"https:\\\/\\\/cj.estrategia.com\\\/portal\\\/prova-comentada-direito-empresarial-concurso-delegado-ce\\\/#primaryimage\"},\"thumbnailUrl\":\"https:\\\/\\\/cj.estrategia.com\\\/portal\\\/wp-content\\\/uploads\\\/2023\\\/01\\\/24174531\\\/concurso-delegado-ce-ecj.jpg\",\"articleSection\":[\"Carreiras Jur\u00eddicas\",\"Delegado\"],\"inLanguage\":\"pt-BR\",\"potentialAction\":[{\"@type\":\"CommentAction\",\"name\":\"Comment\",\"target\":[\"https:\\\/\\\/cj.estrategia.com\\\/portal\\\/prova-comentada-direito-empresarial-concurso-delegado-ce\\\/#respond\"]}]},{\"@type\":\"WebPage\",\"@id\":\"https:\\\/\\\/cj.estrategia.com\\\/portal\\\/prova-comentada-direito-empresarial-concurso-delegado-ce\\\/\",\"url\":\"https:\\\/\\\/cj.estrategia.com\\\/portal\\\/prova-comentada-direito-empresarial-concurso-delegado-ce\\\/\",\"name\":\"Prova comentada Direito Empresarial Concurso Delegado CE\",\"isPartOf\":{\"@id\":\"https:\\\/\\\/cj.estrategia.com\\\/portal\\\/#website\"},\"primaryImageOfPage\":{\"@id\":\"https:\\\/\\\/cj.estrategia.com\\\/portal\\\/prova-comentada-direito-empresarial-concurso-delegado-ce\\\/#primaryimage\"},\"image\":{\"@id\":\"https:\\\/\\\/cj.estrategia.com\\\/portal\\\/prova-comentada-direito-empresarial-concurso-delegado-ce\\\/#primaryimage\"},\"thumbnailUrl\":\"https:\\\/\\\/cj.estrategia.com\\\/portal\\\/wp-content\\\/uploads\\\/2023\\\/01\\\/24174531\\\/concurso-delegado-ce-ecj.jpg\",\"datePublished\":\"2025-05-26T23:12:33+00:00\",\"dateModified\":\"2025-05-26T23:29:03+00:00\",\"description\":\"Confira agora mesmo a Prova comentada Direito Empresarial Concurso Delegado CE elaborada pelos nossos professores!\",\"breadcrumb\":{\"@id\":\"https:\\\/\\\/cj.estrategia.com\\\/portal\\\/prova-comentada-direito-empresarial-concurso-delegado-ce\\\/#breadcrumb\"},\"inLanguage\":\"pt-BR\",\"potentialAction\":[{\"@type\":\"ReadAction\",\"target\":[\"https:\\\/\\\/cj.estrategia.com\\\/portal\\\/prova-comentada-direito-empresarial-concurso-delegado-ce\\\/\"]}]},{\"@type\":\"ImageObject\",\"inLanguage\":\"pt-BR\",\"@id\":\"https:\\\/\\\/cj.estrategia.com\\\/portal\\\/prova-comentada-direito-empresarial-concurso-delegado-ce\\\/#primaryimage\",\"url\":\"https:\\\/\\\/cj.estrategia.com\\\/portal\\\/wp-content\\\/uploads\\\/2023\\\/01\\\/24174531\\\/concurso-delegado-ce-ecj.jpg\",\"contentUrl\":\"https:\\\/\\\/cj.estrategia.com\\\/portal\\\/wp-content\\\/uploads\\\/2023\\\/01\\\/24174531\\\/concurso-delegado-ce-ecj.jpg\",\"width\":960,\"height\":540,\"caption\":\"concurso delegado ce\"},{\"@type\":\"BreadcrumbList\",\"@id\":\"https:\\\/\\\/cj.estrategia.com\\\/portal\\\/prova-comentada-direito-empresarial-concurso-delegado-ce\\\/#breadcrumb\",\"itemListElement\":[{\"@type\":\"ListItem\",\"position\":1,\"name\":\"In\u00edcio\",\"item\":\"https:\\\/\\\/cj.estrategia.com\\\/portal\\\/\"},{\"@type\":\"ListItem\",\"position\":2,\"name\":\"Prova comentada Direito Empresarial Concurso Delegado CE\"}]},{\"@type\":\"WebSite\",\"@id\":\"https:\\\/\\\/cj.estrategia.com\\\/portal\\\/#website\",\"url\":\"https:\\\/\\\/cj.estrategia.com\\\/portal\\\/\",\"name\":\"Blog - Carreiras Jur\u00eddicas - Estrat\u00e9gia\",\"description\":\"\",\"publisher\":{\"@id\":\"https:\\\/\\\/cj.estrategia.com\\\/portal\\\/#organization\"},\"potentialAction\":[{\"@type\":\"SearchAction\",\"target\":{\"@type\":\"EntryPoint\",\"urlTemplate\":\"https:\\\/\\\/cj.estrategia.com\\\/portal\\\/?s={search_term_string}\"},\"query-input\":{\"@type\":\"PropertyValueSpecification\",\"valueRequired\":true,\"valueName\":\"search_term_string\"}}],\"inLanguage\":\"pt-BR\"},{\"@type\":\"Organization\",\"@id\":\"https:\\\/\\\/cj.estrategia.com\\\/portal\\\/#organization\",\"name\":\"Estrat\u00e9gia - Carreiras Jur\u00eddicas\",\"url\":\"https:\\\/\\\/cj.estrategia.com\\\/portal\\\/\",\"logo\":{\"@type\":\"ImageObject\",\"inLanguage\":\"pt-BR\",\"@id\":\"https:\\\/\\\/cj.estrategia.com\\\/portal\\\/#\\\/schema\\\/logo\\\/image\\\/\",\"url\":\"https:\\\/\\\/cj.estrategia.com\\\/portal\\\/wp-content\\\/uploads\\\/2022\\\/03\\\/11151052\\\/cj-logo.png\",\"contentUrl\":\"https:\\\/\\\/cj.estrategia.com\\\/portal\\\/wp-content\\\/uploads\\\/2022\\\/03\\\/11151052\\\/cj-logo.png\",\"width\":150,\"height\":39,\"caption\":\"Estrat\u00e9gia - Carreiras Jur\u00eddicas\"},\"image\":{\"@id\":\"https:\\\/\\\/cj.estrategia.com\\\/portal\\\/#\\\/schema\\\/logo\\\/image\\\/\"},\"sameAs\":[\"https:\\\/\\\/www.facebook.com\\\/estrategiacarreirajuridica\\\/\",\"https:\\\/\\\/x.com\\\/EstratJuridica\",\"https:\\\/\\\/www.instagram.com\\\/estrategiacarreirajuridica\\\/\",\"https:\\\/\\\/www.youtube.com\\\/channel\\\/UClbMGuYbj2Mh1m3w144ETWQ\"]},{\"@type\":\"Person\",\"@id\":\"https:\\\/\\\/cj.estrategia.com\\\/portal\\\/#\\\/schema\\\/person\\\/4caf0099c42d736f2aade723f309f690\",\"name\":\"Jos\u00e9 Ferreira\",\"image\":{\"@type\":\"ImageObject\",\"inLanguage\":\"pt-BR\",\"@id\":\"https:\\\/\\\/cj.estrategia.com\\\/portal\\\/wp-content\\\/uploads\\\/2025\\\/04\\\/18142237\\\/jose-ferreira-navarro-analista-de-conteudo-jornalismo-carreiras-juridicas-96x96.png\",\"url\":\"https:\\\/\\\/cj.estrategia.com\\\/portal\\\/wp-content\\\/uploads\\\/2025\\\/04\\\/18142237\\\/jose-ferreira-navarro-analista-de-conteudo-jornalismo-carreiras-juridicas-96x96.png\",\"contentUrl\":\"https:\\\/\\\/cj.estrategia.com\\\/portal\\\/wp-content\\\/uploads\\\/2025\\\/04\\\/18142237\\\/jose-ferreira-navarro-analista-de-conteudo-jornalismo-carreiras-juridicas-96x96.png\",\"caption\":\"Jos\u00e9 Ferreira\"},\"description\":\"Analista de conte\u00fado na equipe de Jornalismo, atua com SEO e estrat\u00e9gia para desenvolver conte\u00fados relevantes e de alta qualidade voltados para OAB e para o universo de Concursos Jur\u00eddicos.\",\"url\":\"https:\\\/\\\/cj.estrategia.com\\\/portal\\\/author\\\/jose-navarro-de-andrade-cintra-ferreira\\\/\"}]}<\/script>\n<!-- \/ Yoast SEO Premium plugin. -->","yoast_head_json":{"title":"Prova comentada Direito Empresarial Concurso Delegado CE","description":"Confira agora mesmo a Prova comentada Direito Empresarial Concurso Delegado CE elaborada pelos nossos professores!","robots":{"index":"index","follow":"follow","max-snippet":"max-snippet:-1","max-image-preview":"max-image-preview:large","max-video-preview":"max-video-preview:-1"},"canonical":"https:\/\/cj.estrategia.com\/portal\/prova-comentada-direito-empresarial-concurso-delegado-ce\/","og_locale":"pt_BR","og_type":"article","og_title":"Prova comentada Direito Empresarial Concurso Delegado CE","og_description":"Confira agora mesmo a Prova comentada Direito Empresarial Concurso Delegado CE elaborada pelos nossos professores!","og_url":"https:\/\/cj.estrategia.com\/portal\/prova-comentada-direito-empresarial-concurso-delegado-ce\/","og_site_name":"Blog - Carreiras Jur\u00eddicas - Estrat\u00e9gia","article_publisher":"https:\/\/www.facebook.com\/estrategiacarreirajuridica\/","article_published_time":"2025-05-26T23:12:33+00:00","article_modified_time":"2025-05-26T23:29:03+00:00","og_image":[{"width":960,"height":540,"url":"https:\/\/cj.estrategia.com\/portal\/wp-content\/uploads\/2023\/01\/24174531\/concurso-delegado-ce-ecj.jpg","type":"image\/jpeg"}],"author":"Jos\u00e9 Ferreira","twitter_card":"summary_large_image","twitter_creator":"@EstratJuridica","twitter_site":"@EstratJuridica","twitter_misc":{"Escrito por":"Jos\u00e9 Ferreira","Est. tempo de leitura":"15 minutos"},"schema":{"@context":"https:\/\/schema.org","@graph":[{"@type":"NewsArticle","@id":"https:\/\/cj.estrategia.com\/portal\/prova-comentada-direito-empresarial-concurso-delegado-ce\/#article","isPartOf":{"@id":"https:\/\/cj.estrategia.com\/portal\/prova-comentada-direito-empresarial-concurso-delegado-ce\/"},"author":{"name":"Jos\u00e9 Ferreira","@id":"https:\/\/cj.estrategia.com\/portal\/#\/schema\/person\/4caf0099c42d736f2aade723f309f690"},"headline":"Prova comentada Direito Empresarial Concurso Delegado CE","datePublished":"2025-05-26T23:12:33+00:00","dateModified":"2025-05-26T23:29:03+00:00","mainEntityOfPage":{"@id":"https:\/\/cj.estrategia.com\/portal\/prova-comentada-direito-empresarial-concurso-delegado-ce\/"},"wordCount":2904,"commentCount":0,"publisher":{"@id":"https:\/\/cj.estrategia.com\/portal\/#organization"},"image":{"@id":"https:\/\/cj.estrategia.com\/portal\/prova-comentada-direito-empresarial-concurso-delegado-ce\/#primaryimage"},"thumbnailUrl":"https:\/\/cj.estrategia.com\/portal\/wp-content\/uploads\/2023\/01\/24174531\/concurso-delegado-ce-ecj.jpg","articleSection":["Carreiras Jur\u00eddicas","Delegado"],"inLanguage":"pt-BR","potentialAction":[{"@type":"CommentAction","name":"Comment","target":["https:\/\/cj.estrategia.com\/portal\/prova-comentada-direito-empresarial-concurso-delegado-ce\/#respond"]}]},{"@type":"WebPage","@id":"https:\/\/cj.estrategia.com\/portal\/prova-comentada-direito-empresarial-concurso-delegado-ce\/","url":"https:\/\/cj.estrategia.com\/portal\/prova-comentada-direito-empresarial-concurso-delegado-ce\/","name":"Prova comentada Direito Empresarial Concurso Delegado CE","isPartOf":{"@id":"https:\/\/cj.estrategia.com\/portal\/#website"},"primaryImageOfPage":{"@id":"https:\/\/cj.estrategia.com\/portal\/prova-comentada-direito-empresarial-concurso-delegado-ce\/#primaryimage"},"image":{"@id":"https:\/\/cj.estrategia.com\/portal\/prova-comentada-direito-empresarial-concurso-delegado-ce\/#primaryimage"},"thumbnailUrl":"https:\/\/cj.estrategia.com\/portal\/wp-content\/uploads\/2023\/01\/24174531\/concurso-delegado-ce-ecj.jpg","datePublished":"2025-05-26T23:12:33+00:00","dateModified":"2025-05-26T23:29:03+00:00","description":"Confira agora mesmo a Prova comentada Direito Empresarial Concurso Delegado CE elaborada pelos nossos professores!","breadcrumb":{"@id":"https:\/\/cj.estrategia.com\/portal\/prova-comentada-direito-empresarial-concurso-delegado-ce\/#breadcrumb"},"inLanguage":"pt-BR","potentialAction":[{"@type":"ReadAction","target":["https:\/\/cj.estrategia.com\/portal\/prova-comentada-direito-empresarial-concurso-delegado-ce\/"]}]},{"@type":"ImageObject","inLanguage":"pt-BR","@id":"https:\/\/cj.estrategia.com\/portal\/prova-comentada-direito-empresarial-concurso-delegado-ce\/#primaryimage","url":"https:\/\/cj.estrategia.com\/portal\/wp-content\/uploads\/2023\/01\/24174531\/concurso-delegado-ce-ecj.jpg","contentUrl":"https:\/\/cj.estrategia.com\/portal\/wp-content\/uploads\/2023\/01\/24174531\/concurso-delegado-ce-ecj.jpg","width":960,"height":540,"caption":"concurso delegado ce"},{"@type":"BreadcrumbList","@id":"https:\/\/cj.estrategia.com\/portal\/prova-comentada-direito-empresarial-concurso-delegado-ce\/#breadcrumb","itemListElement":[{"@type":"ListItem","position":1,"name":"In\u00edcio","item":"https:\/\/cj.estrategia.com\/portal\/"},{"@type":"ListItem","position":2,"name":"Prova comentada Direito Empresarial Concurso Delegado CE"}]},{"@type":"WebSite","@id":"https:\/\/cj.estrategia.com\/portal\/#website","url":"https:\/\/cj.estrategia.com\/portal\/","name":"Blog - Carreiras Jur\u00eddicas - Estrat\u00e9gia","description":"","publisher":{"@id":"https:\/\/cj.estrategia.com\/portal\/#organization"},"potentialAction":[{"@type":"SearchAction","target":{"@type":"EntryPoint","urlTemplate":"https:\/\/cj.estrategia.com\/portal\/?s={search_term_string}"},"query-input":{"@type":"PropertyValueSpecification","valueRequired":true,"valueName":"search_term_string"}}],"inLanguage":"pt-BR"},{"@type":"Organization","@id":"https:\/\/cj.estrategia.com\/portal\/#organization","name":"Estrat\u00e9gia - Carreiras Jur\u00eddicas","url":"https:\/\/cj.estrategia.com\/portal\/","logo":{"@type":"ImageObject","inLanguage":"pt-BR","@id":"https:\/\/cj.estrategia.com\/portal\/#\/schema\/logo\/image\/","url":"https:\/\/cj.estrategia.com\/portal\/wp-content\/uploads\/2022\/03\/11151052\/cj-logo.png","contentUrl":"https:\/\/cj.estrategia.com\/portal\/wp-content\/uploads\/2022\/03\/11151052\/cj-logo.png","width":150,"height":39,"caption":"Estrat\u00e9gia - Carreiras Jur\u00eddicas"},"image":{"@id":"https:\/\/cj.estrategia.com\/portal\/#\/schema\/logo\/image\/"},"sameAs":["https:\/\/www.facebook.com\/estrategiacarreirajuridica\/","https:\/\/x.com\/EstratJuridica","https:\/\/www.instagram.com\/estrategiacarreirajuridica\/","https:\/\/www.youtube.com\/channel\/UClbMGuYbj2Mh1m3w144ETWQ"]},{"@type":"Person","@id":"https:\/\/cj.estrategia.com\/portal\/#\/schema\/person\/4caf0099c42d736f2aade723f309f690","name":"Jos\u00e9 Ferreira","image":{"@type":"ImageObject","inLanguage":"pt-BR","@id":"https:\/\/cj.estrategia.com\/portal\/wp-content\/uploads\/2025\/04\/18142237\/jose-ferreira-navarro-analista-de-conteudo-jornalismo-carreiras-juridicas-96x96.png","url":"https:\/\/cj.estrategia.com\/portal\/wp-content\/uploads\/2025\/04\/18142237\/jose-ferreira-navarro-analista-de-conteudo-jornalismo-carreiras-juridicas-96x96.png","contentUrl":"https:\/\/cj.estrategia.com\/portal\/wp-content\/uploads\/2025\/04\/18142237\/jose-ferreira-navarro-analista-de-conteudo-jornalismo-carreiras-juridicas-96x96.png","caption":"Jos\u00e9 Ferreira"},"description":"Analista de conte\u00fado na equipe de Jornalismo, atua com SEO e estrat\u00e9gia para desenvolver conte\u00fados relevantes e de alta qualidade voltados para OAB e para o universo de Concursos Jur\u00eddicos.","url":"https:\/\/cj.estrategia.com\/portal\/author\/jose-navarro-de-andrade-cintra-ferreira\/"}]}},"jetpack_featured_media_url":"https:\/\/cj.estrategia.com\/portal\/wp-content\/uploads\/2023\/01\/24174531\/concurso-delegado-ce-ecj.jpg","jetpack_sharing_enabled":true,"_links":{"self":[{"href":"https:\/\/cj.estrategia.com\/portal\/wp-json\/wp\/v2\/posts\/123326","targetHints":{"allow":["GET"]}}],"collection":[{"href":"https:\/\/cj.estrategia.com\/portal\/wp-json\/wp\/v2\/posts"}],"about":[{"href":"https:\/\/cj.estrategia.com\/portal\/wp-json\/wp\/v2\/types\/post"}],"author":[{"embeddable":true,"href":"https:\/\/cj.estrategia.com\/portal\/wp-json\/wp\/v2\/users\/162"}],"replies":[{"embeddable":true,"href":"https:\/\/cj.estrategia.com\/portal\/wp-json\/wp\/v2\/comments?post=123326"}],"version-history":[{"count":6,"href":"https:\/\/cj.estrategia.com\/portal\/wp-json\/wp\/v2\/posts\/123326\/revisions"}],"predecessor-version":[{"id":123449,"href":"https:\/\/cj.estrategia.com\/portal\/wp-json\/wp\/v2\/posts\/123326\/revisions\/123449"}],"wp:featuredmedia":[{"embeddable":true,"href":"https:\/\/cj.estrategia.com\/portal\/wp-json\/wp\/v2\/media\/32071"}],"wp:attachment":[{"href":"https:\/\/cj.estrategia.com\/portal\/wp-json\/wp\/v2\/media?parent=123326"}],"wp:term":[{"taxonomy":"category","embeddable":true,"href":"https:\/\/cj.estrategia.com\/portal\/wp-json\/wp\/v2\/categories?post=123326"},{"taxonomy":"post_tag","embeddable":true,"href":"https:\/\/cj.estrategia.com\/portal\/wp-json\/wp\/v2\/tags?post=123326"},{"taxonomy":"tax_estado","embeddable":true,"href":"https:\/\/cj.estrategia.com\/portal\/wp-json\/wp\/v2\/tax_estado?post=123326"}],"curies":[{"name":"wp","href":"https:\/\/api.w.org\/{rel}","templated":true}]}}