{"id":122939,"date":"2025-05-27T10:30:00","date_gmt":"2025-05-27T13:30:00","guid":{"rendered":"https:\/\/cj.estrategia.com\/portal\/?p=122939"},"modified":"2025-05-24T11:21:24","modified_gmt":"2025-05-24T14:21:24","slug":"quais-as-disciplinas-da-prova-objetiva-delegado-pf","status":"publish","type":"post","link":"https:\/\/cj.estrategia.com\/portal\/quais-as-disciplinas-da-prova-objetiva-delegado-pf\/","title":{"rendered":"Quais s\u00e3o as disciplinas da prova objetiva para Delegado da PF?"},"content":{"rendered":"<a id=\"cta-icon\" href=\"https:\/\/www.redirectmais.com\/wpp\/delta-pf-grupo\" target=\"blank\" style=\"background:rgb(41,166,26)\">\n            <img decoding=\"async\" src=\"https:\/\/cj.estrategia.com\/portal\/wp-content\/uploads\/2023\/12\/07160657\/whatsapp_1385.webp\" alt=\"\" alt=\"whatsapp_1385\"><span > Acesse agora o Grupo de Estudos para Delta PF <\/span><\/a>\n\n\n\n<p>A <strong>Pol\u00edcia Federal<\/strong> lan\u00e7ou, em 20 de maio, o <strong>novo edital do concurso para o cargo de Delegado<\/strong>. O certame oferece <strong>120 vagas imediatas<\/strong> e forma\u00e7\u00e3o de <strong>cadastro reserva<\/strong>, com <strong>remunera\u00e7\u00e3o inicial de at\u00e9 R$ 26,8 mil<\/strong>.<\/p>\n\n\n\n<p>Para participar, o candidato deve possuir <strong>diploma de bacharel em Direito<\/strong> e comprovar <strong>tr\u00eas anos de atividade jur\u00eddica<\/strong>.<\/p>\n\n\n\n<p>O Cebraspe, banca organizadora do concurso, aplicar\u00e1 <strong>provas objetivas e discursivas no dia 27 de julho de 2025<\/strong>.<\/p>\n\n\n\n<p>Os interessados devem se inscrever <strong>entre 26 de maio e 13 de junho de 2025<\/strong>, mediante o pagamento de uma <strong>taxa de R$ 250,00<\/strong>.<\/p>\n\n\n\n<p>Se voc\u00ea pretende concorrer a uma vaga e quer se preparar para a prova objetiva, confira este artigo as disciplinas presentes.<\/p>\n\n\n\n<h2 class=\"wp-block-heading\" id=\"h-quais-sao-as-disciplinas-da-prova-objetiva-para-delegado-da-pf\"><span id=\"quais-sao-as-disciplinas-da-prova-objetiva-para-delegado-da-pf\">Quais s\u00e3o as disciplinas da prova objetiva para Delegado da PF<\/span><\/h2>\n\n\n\n<p>As disciplinas s\u00e3o:<\/p>\n\n\n\n<ul class=\"wp-block-list\">\n<li>Direito Administrativo<\/li>\n\n\n\n<li>Direito Constitucional<\/li>\n\n\n\n<li>Direitos Humanos<\/li>\n\n\n\n<li>Direito Civil<\/li>\n\n\n\n<li>Direito Processual Civil<\/li>\n\n\n\n<li>Direito Empresarial<\/li>\n\n\n\n<li>Direito Internacional P\u00fablico e Coopera\u00e7\u00e3o Internacional<\/li>\n\n\n\n<li>Direito Penal<\/li>\n\n\n\n<li>Direito Processual Penal<\/li>\n\n\n\n<li>Criminologia<\/li>\n\n\n\n<li>Direito Previdenci\u00e1rio<\/li>\n\n\n\n<li>Direito Financeiro e Tribut\u00e1rio<\/li>\n\n\n\n<li>Direito Ambiental<\/li>\n<\/ul>\n\n\n\n<p>A\u00a0<strong>prova objetiva<\/strong>\u00a0com\u00a0<strong>valor total de 120 pontos\u00a0<\/strong>e<strong>\u00a0<strong>dura\u00e7\u00e3o de 3 horas e 30 minutos<\/strong><\/strong>, ser\u00e1 composta por itens de julgamento do tipo \u201c<strong>Certo<\/strong>\u201d ou \u201c<strong>Errado<\/strong>\u201d.<\/p>\n\n\n\n<p>Abaixo, veja o conte\u00fado de cada disciplina.<\/p>\n\n\n\n<div class=\"wp-block-yoast-seo-table-of-contents yoast-table-of-contents\"><h2 id=\"navegue-pelas-disciplinas\">Navegue pelas disciplinas:<\/h2><ul><li><a href=\"#h-quais-sao-as-disciplinas-da-prova-objetiva-para-delegado-da-pf\" data-level=\"2\">Quais s\u00e3o as disciplinas da prova objetiva para Delegado da PF<\/a><ul><li><a href=\"#h-direito-administrativo\" data-level=\"3\">Direito Administrativo<\/a><\/li><li><a href=\"#h-direito-constitucional\" data-level=\"3\">Direito Constitucional<\/a><\/li><li><a href=\"#h-direitos-humanos\" data-level=\"3\">Direitos Humanos<\/a><\/li><li><a href=\"#h-direito-civil\" data-level=\"3\">Direito Civil<\/a><\/li><li><a href=\"#h-direito-processual-civil\" data-level=\"3\">Direito Processual Civil<\/a><\/li><li><a href=\"#h-direito-empresarial\" data-level=\"3\">Direito Empresarial<\/a><\/li><li><a href=\"#h-direito-internacional-publico-e-cooperacao-internacional\" data-level=\"3\">Direito Internacional P\u00fablico e Coopera\u00e7\u00e3o Internacional<\/a><\/li><li><a href=\"#h-direito-penal\" data-level=\"3\">Direito Penal<\/a><\/li><li><a href=\"#h-direito-processual-penal\" data-level=\"3\">Direito Processual Penal<\/a><\/li><li><a href=\"#h-criminologia\" data-level=\"3\">Criminologia<\/a><\/li><li><a href=\"#h-direito-previdenciario\" data-level=\"3\">Direito Previdenci\u00e1rio<\/a><\/li><li><a href=\"#h-direito-financeiro-e-tributario\" data-level=\"3\">Direito Financeiro e Tribut\u00e1rio<\/a><\/li><li><a href=\"#h-direito-ambiental\" data-level=\"3\">Direito Ambiental<\/a><\/li><\/ul><\/li><\/ul><\/div>\n\n\n\n<h3 class=\"wp-block-heading\" id=\"h-direito-administrativo\"><span id=\"direito-administrativo\">Direito Administrativo<\/span><\/h3>\n\n\n\n<figure class=\"wp-block-table is-style-stripes\"><table class=\"has-blush-light-purple-gradient-background has-background\"><thead><tr><th class=\"has-text-align-center\" data-align=\"center\"><strong>N\u00ba<\/strong><\/th><th class=\"has-text-align-center\" data-align=\"center\"><strong>T\u00f3pico Principal<\/strong><\/th><th class=\"has-text-align-center\" data-align=\"center\"><strong>Subt\u00f3picos<\/strong><\/th><\/tr><\/thead><tbody><tr><td class=\"has-text-align-center\" data-align=\"center\">1<\/td><td class=\"has-text-align-center\" data-align=\"center\">Introdu\u00e7\u00e3o ao Direito Administrativo<\/td><td class=\"has-text-align-center\" data-align=\"center\">1.1 Crit\u00e9rios para conceitua\u00e7\u00e3o<br>1.2 Objeto<br>1.3 Fontes<br>1.4 Regime jur\u00eddico-administrativo: princ\u00edpios<br>1.5 Princ\u00edpios da administra\u00e7\u00e3o p\u00fablica<\/td><\/tr><tr><td class=\"has-text-align-center\" data-align=\"center\">2<\/td><td class=\"has-text-align-center\" data-align=\"center\">Administra\u00e7\u00e3o P\u00fablica<\/td><td class=\"has-text-align-center\" data-align=\"center\">2.1 Conceito (org\u00e2nico, formal, material)<br>2.2 \u00d3rg\u00e3o p\u00fablico: conceito e classifica\u00e7\u00e3o<br>2.3 Servidor: cargo e fun\u00e7\u00f5es<br>2.4 Atribui\u00e7\u00f5es<br>2.5 Compet\u00eancia administrativa: conceito e crit\u00e9rios<br>2.6 Avoca\u00e7\u00e3o e delega\u00e7\u00e3o de compet\u00eancia<br>2.7 Aus\u00eancia de compet\u00eancia: agente de fato<br>2.8 Administra\u00e7\u00e3o direta e indireta<br>2.9 Autarquias<br>2.10 Funda\u00e7\u00f5es p\u00fablicas<br>2.11 Empresas p\u00fablicas e privadas<br>2.12 Sociedades de economia mista<br>2.13 Entidades paraestatais<br>2.14 Dispositivos na Constitui\u00e7\u00e3o Federal de 1988<\/td><\/tr><tr><td class=\"has-text-align-center\" data-align=\"center\">3<\/td><td class=\"has-text-align-center\" data-align=\"center\">Atos Administrativos<\/td><td class=\"has-text-align-center\" data-align=\"center\">3.1 Conceitos, requisitos, elementos, pressupostos e classifica\u00e7\u00e3o<br>3.2 Fato e ato administrativo<br>3.3 Atos em esp\u00e9cie<br>3.4 Parecer: responsabilidade<br>3.5 Sil\u00eancio no direito administrativo<br>3.6 Cassa\u00e7\u00e3o<br>3.7 Revoga\u00e7\u00e3o e anula\u00e7\u00e3o<br>3.8 Processo administrativo<br>3.9 Lei n\u00ba 9.784\/1999 e altera\u00e7\u00f5es<br>3.10 Fatos da administra\u00e7\u00e3o p\u00fablica<br>3.11 Forma\u00e7\u00e3o do ato: elementos e procedimento<br>3.12 Validade, efic\u00e1cia e autoexecutoriedade<br>3.13 Atos simples, complexos e compostos<br>3.14 Atos unilaterais, bilaterais e multilaterais<br>3.15 Atos gerais e individuais<br>3.16 Atos vinculados e discricion\u00e1rios<br>3.17 M\u00e9rito e discricionariedade<br>3.18 Ato inexistente<br>3.19 Teoria das nulidades<br>3.20 Atos nulos e anul\u00e1veis<br>3.21 V\u00edcios do ato<br>3.22 Teoria dos motivos determinantes<br>3.23 Revoga\u00e7\u00e3o, anula\u00e7\u00e3o e convalida\u00e7\u00e3o<\/td><\/tr><tr><td class=\"has-text-align-center\" data-align=\"center\">4<\/td><td class=\"has-text-align-center\" data-align=\"center\">Poderes da Administra\u00e7\u00e3o P\u00fablica<\/td><td class=\"has-text-align-center\" data-align=\"center\">4.1 Hierarquia e manifesta\u00e7\u00f5es<br>4.2 Poder disciplinar<br>4.3 Poder de pol\u00edcia<br>4.4 Pol\u00edcia judici\u00e1ria e administrativa<br>4.5 Liberdades p\u00fablicas e poder de pol\u00edcia<br>4.6 Setores da pol\u00edcia administrativa<\/td><\/tr><tr><td class=\"has-text-align-center\" data-align=\"center\">5<\/td><td class=\"has-text-align-center\" data-align=\"center\">Servi\u00e7os P\u00fablicos<\/td><td class=\"has-text-align-center\" data-align=\"center\">5.1 Concess\u00e3o, permiss\u00e3o, autoriza\u00e7\u00e3o e delega\u00e7\u00e3o<br>5.2 Servi\u00e7os delegados<br>5.3 Conv\u00eanios e cons\u00f3rcios<br>5.4 Conceito de servi\u00e7o p\u00fablico<br>5.5 Caracteres jur\u00eddicos<br>5.6 Classifica\u00e7\u00e3o e garantias<br>5.7 Usu\u00e1rio do servi\u00e7o p\u00fablico<br>5.8 Extin\u00e7\u00e3o da concess\u00e3o e revers\u00e3o dos bens<br>5.9 Permiss\u00e3o e autoriza\u00e7\u00e3o<\/td><\/tr><tr><td class=\"has-text-align-center\" data-align=\"center\">6<\/td><td class=\"has-text-align-center\" data-align=\"center\">Interven\u00e7\u00e3o no Dom\u00ednio Econ\u00f4mico<\/td><td class=\"has-text-align-center\" data-align=\"center\">Desapropria\u00e7\u00e3o<\/td><\/tr><tr><td class=\"has-text-align-center\" data-align=\"center\">7<\/td><td class=\"has-text-align-center\" data-align=\"center\">Licita\u00e7\u00f5es<\/td><td class=\"has-text-align-center\" data-align=\"center\">7.1 Conceito, finalidades, princ\u00edpios e objeto<br>7.2 Obrigatoriedade, dispensa, inexigibilidade e veda\u00e7\u00e3o<br>7.3 Modalidades<br>7.4 Procedimento, revoga\u00e7\u00e3o e anula\u00e7\u00e3o<br>7.5 San\u00e7\u00f5es penais<br>7.6 Normas gerais<br>7.7 Legisla\u00e7\u00e3o: Lei n\u00ba 14.133\/2021 e Portaria MP-MF-CGU n\u00ba 127\/2008<br>7.8 Sistema de registro de pre\u00e7os<\/td><\/tr><tr><td class=\"has-text-align-center\" data-align=\"center\">8<\/td><td class=\"has-text-align-center\" data-align=\"center\">Contratos Administrativos<\/td><td class=\"has-text-align-center\" data-align=\"center\">8.1 Conceito, peculiaridades e interpreta\u00e7\u00e3o<br>8.2 Formaliza\u00e7\u00e3o<br>8.3 Execu\u00e7\u00e3o, inexecu\u00e7\u00e3o, revis\u00e3o e rescis\u00e3o<br>8.4 Conv\u00eanios e cons\u00f3rcios administrativos<\/td><\/tr><tr><td class=\"has-text-align-center\" data-align=\"center\">9<\/td><td class=\"has-text-align-center\" data-align=\"center\">Controle da Administra\u00e7\u00e3o P\u00fablica<\/td><td class=\"has-text-align-center\" data-align=\"center\">9.1 Conceito, tipos e formas<br>9.2 Controle interno e externo<br>9.3 Controle parlamentar<br>9.4 Controle pelos tribunais de contas<br>9.5 Controle administrativo<br>9.6 Recurso de administra\u00e7\u00e3o<br>9.7 Reclama\u00e7\u00e3o<br>9.8 Lei n\u00ba 8.429\/1992<br>9.9 Controle jurisdicional: contencioso e jurisdi\u00e7\u00e3o una<br>9.10 Controle jurisdicional no Brasil<br>9.11 Controle da atividade financeira: esp\u00e9cies e sistemas<br>9.12 Tribunal de Contas da Uni\u00e3o (TCU)<br>9.13 Sistema de correi\u00e7\u00e3o do Poder Executivo Federal<br>9.14 Pedido de reconsidera\u00e7\u00e3o e recurso hier\u00e1rquico<br>9.15 Prescri\u00e7\u00e3o administrativa<br>9.16 Representa\u00e7\u00e3o e reclama\u00e7\u00e3o administrativas<br>9.17 Advocacia p\u00fablica consultiva<br>9.18 Hip\u00f3teses de manifesta\u00e7\u00e3o obrigat\u00f3ria<br>9.19 Responsabilidades do parecerista e administrador<\/td><\/tr><tr><td class=\"has-text-align-center\" data-align=\"center\">10<\/td><td class=\"has-text-align-center\" data-align=\"center\">Agentes P\u00fablicos e Servidores P\u00fablicos<\/td><td class=\"has-text-align-center\" data-align=\"center\">10.1 Agentes p\u00fablicos: servidor e funcion\u00e1rio<br>10.2 Natureza jur\u00eddica do emprego p\u00fablico<br>10.3 Preceitos constitucionais<br>10.4 Servidor efetivo e vital\u00edcio: garantias<br>10.5 Est\u00e1gio probat\u00f3rio<br>10.6 Cargo em comiss\u00e3o<br>10.7 Direitos, deveres e responsabilidades<br>10.8 Lei n\u00ba 8.112\/1990<br>10.9 Lei n\u00ba 4.878\/1965 e Lei n\u00ba 15.047\/2024<br>10.10 Regime disciplinar e processo administrativo<br>10.11 Improbidade administrativa<br>10.12 Lei n\u00ba 8.429\/1992<br>10.13 Lei Complementar n\u00ba 101\/2000 (LRF)<br>10.14 Formas de provimento e vac\u00e2ncia<br>10.15 Concurso p\u00fablico obrigat\u00f3rio<\/td><\/tr><tr><td class=\"has-text-align-center\" data-align=\"center\">11<\/td><td class=\"has-text-align-center\" data-align=\"center\">Bens P\u00fablicos<\/td><td class=\"has-text-align-center\" data-align=\"center\">11.1 Classifica\u00e7\u00e3o e caracteres jur\u00eddicos<br>11.2 Natureza jur\u00eddica do dom\u00ednio p\u00fablico<br>11.3 Evolu\u00e7\u00e3o do regime jur\u00eddico das terras p\u00fablicas<br>11.4 Terras devolutas<br>11.5 Vias p\u00fablicas, cemit\u00e9rios e portos<br>11.6 Utiliza\u00e7\u00e3o: autoriza\u00e7\u00e3o, permiss\u00e3o, concess\u00e3o, aforamento<br>11.7 Limita\u00e7\u00f5es administrativas<br>11.8 Zoneamento<br>11.9 Pol\u00edcia edil\u00edcia<br>11.10 Zonas fortificadas e de fronteira<br>11.11 Florestas<br>11.12 Tombamento<br>11.13 Servid\u00f5es administrativas<br>11.14 Requisi\u00e7\u00e3o da propriedade privada<br>11.15 Ocupa\u00e7\u00e3o tempor\u00e1ria<\/td><\/tr><tr><td class=\"has-text-align-center\" data-align=\"center\">12<\/td><td class=\"has-text-align-center\" data-align=\"center\">Responsabilidade Civil do Estado<\/td><td class=\"has-text-align-center\" data-align=\"center\">12.1 Responsabilidade patrimonial: evolu\u00e7\u00e3o e fundamentos<br>12.2 Teorias subjetivas e objetivas<br>12.3 Responsabilidade no direito brasileiro<\/td><\/tr><tr><td class=\"has-text-align-center\" data-align=\"center\">13<\/td><td class=\"has-text-align-center\" data-align=\"center\">Direito Administrativo Disciplinar<\/td><td class=\"has-text-align-center\" data-align=\"center\">13.1 Fontes, princ\u00edpios, il\u00edcitos, procedimentos<br>13.2 Lei n\u00ba 8.112\/1990: regime disciplinar<br>13.3 Lei n\u00ba 9.784\/1999<br>13.4 Decreto n\u00ba 59.310\/1966<br>13.5 Lei n\u00ba 9.266\/1996<br>13.6 Lei n\u00ba 11.358\/2006<\/td><\/tr><tr><td class=\"has-text-align-center\" data-align=\"center\">14<\/td><td class=\"has-text-align-center\" data-align=\"center\">Controle e Fiscaliza\u00e7\u00e3o de Seguran\u00e7a Privada<\/td><td class=\"has-text-align-center\" data-align=\"center\">14.1 Lei n\u00ba 14.967\/2024 (Estatuto da Seguran\u00e7a Privada)<br>14.2 Atribui\u00e7\u00f5es da Pol\u00edcia Federal<\/td><\/tr><\/tbody><\/table><\/figure>\n\n\n\n<h3 class=\"wp-block-heading\" id=\"h-direito-constitucional\"><span id=\"direito-constitucional\">Direito Constitucional<\/span><\/h3>\n\n\n\n<figure class=\"wp-block-table is-style-stripes\"><table class=\"has-very-light-gray-to-cyan-bluish-gray-gradient-background has-background\"><thead><tr><th><strong>N\u00ba<\/strong><\/th><th class=\"has-text-align-center\" data-align=\"center\"><strong>T\u00f3pico Principal<\/strong><\/th><th class=\"has-text-align-center\" data-align=\"center\"><strong>Subt\u00f3picos<\/strong><\/th><\/tr><\/thead><tbody><tr><td>1<\/td><td class=\"has-text-align-center\" data-align=\"center\">Direito Constitucional<\/td><td class=\"has-text-align-center\" data-align=\"center\">1.1 Natureza, conceito e objeto<br>1.2 Perspectiva sociol\u00f3gica<br>1.3 Perspectiva pol\u00edtica<br>1.4 Perspectiva jur\u00eddica<br>1.5 Fontes formais<br>1.6 Concep\u00e7\u00e3o positiva<\/td><\/tr><tr><td>2<\/td><td class=\"has-text-align-center\" data-align=\"center\">Constitui\u00e7\u00e3o<\/td><td class=\"has-text-align-center\" data-align=\"center\">2.1 Sentidos sociol\u00f3gico, pol\u00edtico e jur\u00eddico; conceito, objetos e elementos<br>2.2 Classifica\u00e7\u00f5es das constitui\u00e7\u00f5es:<br>&nbsp;&nbsp;2.2.1 Constitui\u00e7\u00e3o material e formal<br>&nbsp;&nbsp;2.2.2 Constitui\u00e7\u00e3o-garantia e constitui\u00e7\u00e3o-dirigente<br>2.3 Normas constitucionais<\/td><\/tr><tr><td>3<\/td><td class=\"has-text-align-center\" data-align=\"center\">Poder Constituinte<\/td><td class=\"has-text-align-center\" data-align=\"center\">Fundamentos do poder constituinte<br>Poder constituinte origin\u00e1rio e derivado<br>Reforma e revis\u00e3o constitucionais<br>Limita\u00e7\u00e3o do poder de revis\u00e3o<br>Emendas \u00e0 Constitui\u00e7\u00e3o<\/td><\/tr><tr><td>4<\/td><td class=\"has-text-align-center\" data-align=\"center\">Controle de Constitucionalidade<\/td><td class=\"has-text-align-center\" data-align=\"center\">4.1 Conceito e sistemas de controle<br>4.2 Inconstitucionalidade: por a\u00e7\u00e3o e por omiss\u00e3o<br>4.3 Sistema brasileiro de controle de constitucionalidade<\/td><\/tr><tr><td>5<\/td><td class=\"has-text-align-center\" data-align=\"center\">Direitos e Deveres Fundamentais<\/td><td class=\"has-text-align-center\" data-align=\"center\">5.1 Direitos e deveres individuais e coletivos<br>5.2 Direito \u00e0 vida, liberdade, igualdade, seguran\u00e7a e propriedade<br>5.3 Direitos sociais, nacionalidade, cidadania e direitos pol\u00edticos<br>5.4 Partidos pol\u00edticos<br>5.5 Garantias constitucionais individuais<br>5.6 Garantias dos direitos coletivos, sociais e pol\u00edticos<br>5.7 Rem\u00e9dios do direito constitucional<\/td><\/tr><tr><td>6<\/td><td class=\"has-text-align-center\" data-align=\"center\">Poder Legislativo<\/td><td class=\"has-text-align-center\" data-align=\"center\">Fundamento, atribui\u00e7\u00f5es e garantias de independ\u00eancia<\/td><\/tr><tr><td>7<\/td><td class=\"has-text-align-center\" data-align=\"center\">Processo Legislativo<\/td><td class=\"has-text-align-center\" data-align=\"center\">Fundamento e garantias de independ\u00eancia<br>Conceito, objetos, atos e procedimentos<\/td><\/tr><tr><td>8<\/td><td class=\"has-text-align-center\" data-align=\"center\">Poder Executivo<\/td><td class=\"has-text-align-center\" data-align=\"center\">8.1 Forma e sistema de governo<br>8.2 Chefia de Estado e chefia de governo<br>8.3 Atribui\u00e7\u00f5es e responsabilidades do presidente da Rep\u00fablica<\/td><\/tr><tr><td>9<\/td><td class=\"has-text-align-center\" data-align=\"center\">Poder Judici\u00e1rio<\/td><td class=\"has-text-align-center\" data-align=\"center\">9.1 Disposi\u00e7\u00f5es gerais<br>9.2 Supremo Tribunal Federal<br>9.3 Superior Tribunal de Justi\u00e7a<br>9.4 Tribunais Regionais Federais e ju\u00edzes federais<br>9.5 Tribunais e ju\u00edzes dos estados<br>9.6 Fun\u00e7\u00f5es essenciais \u00e0 justi\u00e7a<\/td><\/tr><tr><td>10<\/td><td class=\"has-text-align-center\" data-align=\"center\">Defesa do Estado e das Institui\u00e7\u00f5es Democr\u00e1ticas<\/td><td class=\"has-text-align-center\" data-align=\"center\">10.1 Seguran\u00e7a p\u00fablica<br>10.2 Organiza\u00e7\u00e3o da seguran\u00e7a p\u00fablica<\/td><\/tr><tr><td>11<\/td><td class=\"has-text-align-center\" data-align=\"center\">Atribui\u00e7\u00f5es Constitucionais da Pol\u00edcia Federal<\/td><td class=\"has-text-align-center\" data-align=\"center\">&#8211;<\/td><\/tr><tr><td>12<\/td><td class=\"has-text-align-center\" data-align=\"center\">Ordem Social<\/td><td class=\"has-text-align-center\" data-align=\"center\">12.1 Base e objetivos da ordem social<br>12.2 Seguridade social<br>12.3 Educa\u00e7\u00e3o, cultura e desporto<br>12.4 Ci\u00eancia e tecnologia<br>12.5 Comunica\u00e7\u00e3o social<br>12.6 Meio ambiente<br>12.7 Fam\u00edlia, crian\u00e7a, adolescente e idoso<br>12.8 Ind\u00edgenas<\/td><\/tr><\/tbody><\/table><\/figure>\n\n\n\n<h3 class=\"wp-block-heading\" id=\"h-direitos-humanos\"><span id=\"direitos-humanos\">Direitos Humanos<\/span><\/h3>\n\n\n\n<figure class=\"wp-block-table is-style-stripes\"><table class=\"has-blush-light-purple-gradient-background has-background\"><thead><tr><th class=\"has-text-align-center\" data-align=\"center\"><strong>N\u00ba<\/strong><\/th><th class=\"has-text-align-center\" data-align=\"center\"><strong>T\u00f3pico Principal<\/strong><\/th><\/tr><\/thead><tbody><tr><td class=\"has-text-align-center\" data-align=\"center\">1<\/td><td class=\"has-text-align-center\" data-align=\"center\">Teoria geral dos direitos humanos<\/td><\/tr><tr><td class=\"has-text-align-center\" data-align=\"center\">2<\/td><td class=\"has-text-align-center\" data-align=\"center\">Conceito, terminologia, estrutura normativa, fundamenta\u00e7\u00e3o<\/td><\/tr><tr><td class=\"has-text-align-center\" data-align=\"center\">3<\/td><td class=\"has-text-align-center\" data-align=\"center\">Afirma\u00e7\u00e3o hist\u00f3rica dos direitos humanos<\/td><\/tr><tr><td class=\"has-text-align-center\" data-align=\"center\">4<\/td><td class=\"has-text-align-center\" data-align=\"center\">Globaliza\u00e7\u00e3o e direitos humanos<\/td><\/tr><tr><td class=\"has-text-align-center\" data-align=\"center\">5<\/td><td class=\"has-text-align-center\" data-align=\"center\">Prote\u00e7\u00e3o internacional dos direitos humanos<\/td><\/tr><tr><td class=\"has-text-align-center\" data-align=\"center\">6<\/td><td class=\"has-text-align-center\" data-align=\"center\">Direitos humanos, direito humanit\u00e1rio e direito dos refugiados<\/td><\/tr><tr><td class=\"has-text-align-center\" data-align=\"center\">7<\/td><td class=\"has-text-align-center\" data-align=\"center\">Interliga\u00e7\u00e3o entre o direito internacional e o direito interno na prote\u00e7\u00e3o dos direitos humanos<\/td><\/tr><tr><td class=\"has-text-align-center\" data-align=\"center\">8<\/td><td class=\"has-text-align-center\" data-align=\"center\">Direitos humanos e a responsabilidade do Estado<\/td><\/tr><tr><td class=\"has-text-align-center\" data-align=\"center\">9<\/td><td class=\"has-text-align-center\" data-align=\"center\">Direitos humanos na Constitui\u00e7\u00e3o Federal de 1988<\/td><\/tr><tr><td class=\"has-text-align-center\" data-align=\"center\">10<\/td><td class=\"has-text-align-center\" data-align=\"center\">Sistema internacional de prote\u00e7\u00e3o dos direitos humanos<\/td><\/tr><tr><td class=\"has-text-align-center\" data-align=\"center\">11<\/td><td class=\"has-text-align-center\" data-align=\"center\">Reflexos do direito internacional nos direitos humanos no direito brasileiro<\/td><\/tr><tr><td class=\"has-text-align-center\" data-align=\"center\">12<\/td><td class=\"has-text-align-center\" data-align=\"center\">Programas nacionais de direitos humanos (Decreto n\u00ba 7.037\/2009 e outros)<\/td><\/tr><tr><td class=\"has-text-align-center\" data-align=\"center\">13<\/td><td class=\"has-text-align-center\" data-align=\"center\">Conven\u00e7\u00e3o para a Preven\u00e7\u00e3o e Puni\u00e7\u00e3o ao Crime de Genoc\u00eddio<\/td><\/tr><tr><td class=\"has-text-align-center\" data-align=\"center\">14<\/td><td class=\"has-text-align-center\" data-align=\"center\">Conven\u00e7\u00e3o Relativa ao Estatuto dos Refugiados e Protocolo sobre o Estatuto dos Refugiados<\/td><\/tr><tr><td class=\"has-text-align-center\" data-align=\"center\">15<\/td><td class=\"has-text-align-center\" data-align=\"center\">Conven\u00e7\u00e3o sobre a Elimina\u00e7\u00e3o de Todas as Formas de Discrimina\u00e7\u00e3o Racial<\/td><\/tr><tr><td class=\"has-text-align-center\" data-align=\"center\">16<\/td><td class=\"has-text-align-center\" data-align=\"center\">Conven\u00e7\u00e3o sobre a Elimina\u00e7\u00e3o de Todas as Formas de Discrimina\u00e7\u00e3o contra a Mulher<\/td><\/tr><tr><td class=\"has-text-align-center\" data-align=\"center\">17<\/td><td class=\"has-text-align-center\" data-align=\"center\">Conven\u00e7\u00e3o contra a Tortura e Outros Tratamentos ou Penas Cru\u00e9is, Desumanos ou Degradantes<\/td><\/tr><tr><td class=\"has-text-align-center\" data-align=\"center\">18<\/td><td class=\"has-text-align-center\" data-align=\"center\">Conven\u00e7\u00e3o Internacional para a Prote\u00e7\u00e3o de Todas as Pessoas contra o Desaparecimento For\u00e7ado<\/td><\/tr><tr><td class=\"has-text-align-center\" data-align=\"center\">19<\/td><td class=\"has-text-align-center\" data-align=\"center\">Regras m\u00ednimas da ONU para o tratamento de pessoas presas<\/td><\/tr><tr><td class=\"has-text-align-center\" data-align=\"center\">20<\/td><td class=\"has-text-align-center\" data-align=\"center\">Princ\u00edpios B\u00e1sicos sobre o Uso da For\u00e7a e Armas de Fogo (8\u00ba Congresso da ONU, Havana, 1990)<\/td><\/tr><tr><td class=\"has-text-align-center\" data-align=\"center\">21<\/td><td class=\"has-text-align-center\" data-align=\"center\">Lei n\u00ba 13.060\/2014 \u2013 Uso de instrumentos de menor potencial ofensivo por agentes de seguran\u00e7a p\u00fablica<\/td><\/tr><tr><td class=\"has-text-align-center\" data-align=\"center\">22<\/td><td class=\"has-text-align-center\" data-align=\"center\">Decreto n\u00ba 12.341\/2024 \u2013 Regulamenta a Lei n\u00ba 13.060\/2014 sobre uso da for\u00e7a e instrumentos de menor potencial ofensivo<\/td><\/tr><\/tbody><\/table><\/figure>\n\n\n\n<h3 class=\"wp-block-heading\" id=\"h-direito-civil\"><span id=\"direito-civil\">Direito Civil<\/span><\/h3>\n\n\n\n<figure class=\"wp-block-table is-style-stripes\"><table class=\"has-very-light-gray-to-cyan-bluish-gray-gradient-background has-background\"><thead><tr><th class=\"has-text-align-center\" data-align=\"center\"><strong>N\u00ba<\/strong><\/th><th class=\"has-text-align-center\" data-align=\"center\"><strong>T\u00f3pico Principal<\/strong><\/th><\/tr><\/thead><tbody><tr><td class=\"has-text-align-center\" data-align=\"center\">1<\/td><td class=\"has-text-align-center\" data-align=\"center\">Lei de Introdu\u00e7\u00e3o \u00e0s normas do Direito Brasileiro; pessoa natural; pessoa jur\u00eddica<\/td><\/tr><tr><td class=\"has-text-align-center\" data-align=\"center\">1.1<\/td><td class=\"has-text-align-center\" data-align=\"center\">Personalidade, domic\u00edlio, resid\u00eancia, bens, diferentes categorias de bens<\/td><\/tr><tr><td class=\"has-text-align-center\" data-align=\"center\">1.2<\/td><td class=\"has-text-align-center\" data-align=\"center\">Fatos jur\u00eddicos, prescri\u00e7\u00e3o e decad\u00eancia, neg\u00f3cios jur\u00eddicos<\/td><\/tr><tr><td class=\"has-text-align-center\" data-align=\"center\">2<\/td><td class=\"has-text-align-center\" data-align=\"center\">Posse<\/td><\/tr><tr><td class=\"has-text-align-center\" data-align=\"center\">2.1<\/td><td class=\"has-text-align-center\" data-align=\"center\">Classifica\u00e7\u00e3o, aquisi\u00e7\u00e3o, efeitos e perda<\/td><\/tr><tr><td class=\"has-text-align-center\" data-align=\"center\">2.2<\/td><td class=\"has-text-align-center\" data-align=\"center\">Propriedade: aquisi\u00e7\u00e3o e perda da propriedade; direito real sobre coisa alheia<\/td><\/tr><tr><td class=\"has-text-align-center\" data-align=\"center\">2.3<\/td><td class=\"has-text-align-center\" data-align=\"center\">Responsabilidade civil: teoria da culpa e do risco<\/td><\/tr><tr><td class=\"has-text-align-center\" data-align=\"center\">3<\/td><td class=\"has-text-align-center\" data-align=\"center\">Comerciante ou empres\u00e1rio comercial<\/td><\/tr><tr><td class=\"has-text-align-center\" data-align=\"center\">3.1<\/td><td class=\"has-text-align-center\" data-align=\"center\">Condi\u00e7\u00f5es para o exerc\u00edcio da atividade comercial<\/td><\/tr><tr><td class=\"has-text-align-center\" data-align=\"center\">3.2<\/td><td class=\"has-text-align-center\" data-align=\"center\">Obriga\u00e7\u00e3o e privil\u00e9gios dos comerciantes<\/td><\/tr><tr><td class=\"has-text-align-center\" data-align=\"center\">3.3<\/td><td class=\"has-text-align-center\" data-align=\"center\">Sociedades comerciais: no\u00e7\u00f5es gerais, personalidade jur\u00eddica, dissolu\u00e7\u00e3o e liquida\u00e7\u00e3o<\/td><\/tr><tr><td class=\"has-text-align-center\" data-align=\"center\">3.4<\/td><td class=\"has-text-align-center\" data-align=\"center\">Sociedade por quotas de responsabilidade limitada<\/td><\/tr><tr><td class=\"has-text-align-center\" data-align=\"center\">3.5<\/td><td class=\"has-text-align-center\" data-align=\"center\">Sociedades por a\u00e7\u00f5es: caracter\u00edsticas gerais; responsabilidade dos s\u00f3cios<\/td><\/tr><tr><td class=\"has-text-align-center\" data-align=\"center\">4<\/td><td class=\"has-text-align-center\" data-align=\"center\">T\u00edtulos de cr\u00e9dito<\/td><\/tr><tr><td class=\"has-text-align-center\" data-align=\"center\">4.1<\/td><td class=\"has-text-align-center\" data-align=\"center\">Atributos gerais; integra\u00e7\u00e3o das leis uniformes de Genebra no direito brasileiro<\/td><\/tr><tr><td class=\"has-text-align-center\" data-align=\"center\">4.2<\/td><td class=\"has-text-align-center\" data-align=\"center\">Nota promiss\u00f3ria; duplicata; cheque<\/td><\/tr><\/tbody><\/table><\/figure>\n\n\n\n<h3 class=\"wp-block-heading\" id=\"h-direito-processual-civil\"><span id=\"direito-processual-civil\">Direito Processual Civil<\/span><\/h3>\n\n\n\n<figure class=\"wp-block-table is-style-stripes\"><table class=\"has-electric-grass-gradient-background has-background\"><thead><tr><th class=\"has-text-align-center\" data-align=\"center\"><strong>N\u00ba<\/strong><\/th><th class=\"has-text-align-center\" data-align=\"center\"><strong>T\u00f3pico Principal<\/strong><\/th><\/tr><\/thead><tbody><tr><td class=\"has-text-align-center\" data-align=\"center\">1<\/td><td class=\"has-text-align-center\" data-align=\"center\">Jurisdi\u00e7\u00e3o: natureza, conceito, caracter\u00edsticas, esp\u00e9cies, problem\u00e1tica da jurisdi\u00e7\u00e3o volunt\u00e1ria<\/td><\/tr><tr><td class=\"has-text-align-center\" data-align=\"center\">1.1<\/td><td class=\"has-text-align-center\" data-align=\"center\">Princ\u00edpios; estrutura constitucional (Poder Judici\u00e1rio, organiza\u00e7\u00e3o judici\u00e1ria, atividade jurisdicional, fun\u00e7\u00f5es essenciais)<\/td><\/tr><tr><td class=\"has-text-align-center\" data-align=\"center\">1.2<\/td><td class=\"has-text-align-center\" data-align=\"center\">Equivalentes jurisdicionais: autotutela, autocomposi\u00e7\u00e3o, media\u00e7\u00e3o, concilia\u00e7\u00e3o, arbitragem e dispute board<\/td><\/tr><tr><td class=\"has-text-align-center\" data-align=\"center\">2<\/td><td class=\"has-text-align-center\" data-align=\"center\">Jurisdi\u00e7\u00e3o constitucional das liberdades e seus principais mecanismos<\/td><\/tr><tr><td class=\"has-text-align-center\" data-align=\"center\">2.1<\/td><td class=\"has-text-align-center\" data-align=\"center\">Habeas corpus no processo civil; mandado de seguran\u00e7a individual e coletivo; habeas data<\/td><\/tr><tr><td class=\"has-text-align-center\" data-align=\"center\">2.2<\/td><td class=\"has-text-align-center\" data-align=\"center\">A\u00e7\u00e3o popular; a\u00e7\u00e3o civil p\u00fablica<\/td><\/tr><tr><td class=\"has-text-align-center\" data-align=\"center\">2.3<\/td><td class=\"has-text-align-center\" data-align=\"center\">Natureza, conceitos, hip\u00f3teses de cabimento e detalhes procedimentais de cada modalidade<\/td><\/tr><tr><td class=\"has-text-align-center\" data-align=\"center\">3<\/td><td class=\"has-text-align-center\" data-align=\"center\">Compet\u00eancia<\/td><\/tr><tr><td class=\"has-text-align-center\" data-align=\"center\">3.1<\/td><td class=\"has-text-align-center\" data-align=\"center\">Conceito, crit\u00e9rios de distribui\u00e7\u00e3o, esp\u00e9cies<\/td><\/tr><tr><td class=\"has-text-align-center\" data-align=\"center\">3.2<\/td><td class=\"has-text-align-center\" data-align=\"center\">Identifica\u00e7\u00e3o do foro competente<\/td><\/tr><tr><td class=\"has-text-align-center\" data-align=\"center\">3.3<\/td><td class=\"has-text-align-center\" data-align=\"center\">Modifica\u00e7\u00f5es: conex\u00e3o, contin\u00eancia, preven\u00e7\u00e3o; perpetuatio jurisdictionis; conflitos positivos e negativos<\/td><\/tr><tr><td class=\"has-text-align-center\" data-align=\"center\">3.4<\/td><td class=\"has-text-align-center\" data-align=\"center\">Compet\u00eancia interna e internacional (concorrente e exclusiva); homologa\u00e7\u00e3o de senten\u00e7a estrangeira<\/td><\/tr><tr><td class=\"has-text-align-center\" data-align=\"center\">3.5<\/td><td class=\"has-text-align-center\" data-align=\"center\">Compet\u00eancia da Justi\u00e7a Federal<\/td><\/tr><tr><td class=\"has-text-align-center\" data-align=\"center\">4<\/td><td class=\"has-text-align-center\" data-align=\"center\">Tutela<\/td><\/tr><tr><td class=\"has-text-align-center\" data-align=\"center\">4.1<\/td><td class=\"has-text-align-center\" data-align=\"center\">Tutela jur\u00eddica e jurisdicional; tutela processual e satisfativa; tutela inicial e final<\/td><\/tr><tr><td class=\"has-text-align-center\" data-align=\"center\">4.2<\/td><td class=\"has-text-align-center\" data-align=\"center\">Tutelas de urg\u00eancia e da evid\u00eancia: conceito, esp\u00e9cies, extens\u00e3o, profundidade<\/td><\/tr><tr><td class=\"has-text-align-center\" data-align=\"center\">4.3<\/td><td class=\"has-text-align-center\" data-align=\"center\">Antecipa\u00e7\u00e3o dos efeitos da tutela: natureza, conceito, caracter\u00edsticas, limites e estabiliza\u00e7\u00e3o da tutela provis\u00f3ria<\/td><\/tr><tr><td class=\"has-text-align-center\" data-align=\"center\">4.4<\/td><td class=\"has-text-align-center\" data-align=\"center\">Tutela cautelar: natureza e conceito; distin\u00e7\u00e3o em rela\u00e7\u00e3o \u00e0 antecipa\u00e7\u00e3o de tutela<\/td><\/tr><tr><td class=\"has-text-align-center\" data-align=\"center\">4.5<\/td><td class=\"has-text-align-center\" data-align=\"center\">Poder geral de cautela<\/td><\/tr><tr><td class=\"has-text-align-center\" data-align=\"center\">5<\/td><td class=\"has-text-align-center\" data-align=\"center\">Da forma\u00e7\u00e3o, da suspens\u00e3o e da extin\u00e7\u00e3o do processo<\/td><\/tr><\/tbody><\/table><\/figure>\n\n\n\n<h3 class=\"wp-block-heading\" id=\"h-direito-empresarial\"><span id=\"direito-empresarial\">Direito Empresarial<\/span><\/h3>\n\n\n\n<figure class=\"wp-block-table is-style-stripes\"><table class=\"has-very-light-gray-to-cyan-bluish-gray-gradient-background has-background\"><thead><tr><th class=\"has-text-align-center\" data-align=\"center\"><strong>N\u00ba<\/strong><\/th><th class=\"has-text-align-center\" data-align=\"center\"><strong>T\u00f3pico Principal<\/strong><\/th><\/tr><\/thead><tbody><tr><td class=\"has-text-align-center\" data-align=\"center\">1<\/td><td class=\"has-text-align-center\" data-align=\"center\">Direito comercial: origem, evolu\u00e7\u00e3o hist\u00f3rica, autonomia, fontes, caracter\u00edsticas<\/td><\/tr><tr><td class=\"has-text-align-center\" data-align=\"center\">1.1<\/td><td class=\"has-text-align-center\" data-align=\"center\">Empres\u00e1rio: caracteriza\u00e7\u00e3o, inscri\u00e7\u00e3o, capacidade, teoria da empresa e seus perfis<\/td><\/tr><tr><td class=\"has-text-align-center\" data-align=\"center\">2<\/td><td class=\"has-text-align-center\" data-align=\"center\">Teoria geral dos t\u00edtulos de cr\u00e9dito<\/td><\/tr><tr><td class=\"has-text-align-center\" data-align=\"center\">2.1<\/td><td class=\"has-text-align-center\" data-align=\"center\">T\u00edtulos de cr\u00e9dito: letra de c\u00e2mbio, cheque, nota promiss\u00f3ria, duplicata<\/td><\/tr><tr><td class=\"has-text-align-center\" data-align=\"center\">2.2<\/td><td class=\"has-text-align-center\" data-align=\"center\">Aceite, aval, endosso, protesto, prescri\u00e7\u00e3o<\/td><\/tr><tr><td class=\"has-text-align-center\" data-align=\"center\">2.3<\/td><td class=\"has-text-align-center\" data-align=\"center\">A\u00e7\u00f5es cambiais<\/td><\/tr><tr><td class=\"has-text-align-center\" data-align=\"center\">3<\/td><td class=\"has-text-align-center\" data-align=\"center\">Esp\u00e9cies de empresa<\/td><\/tr><tr><td class=\"has-text-align-center\" data-align=\"center\">3.1<\/td><td class=\"has-text-align-center\" data-align=\"center\">Responsabilidade dos s\u00f3cios<\/td><\/tr><tr><td class=\"has-text-align-center\" data-align=\"center\">3.2<\/td><td class=\"has-text-align-center\" data-align=\"center\">Distribui\u00e7\u00e3o de lucros<\/td><\/tr><tr><td class=\"has-text-align-center\" data-align=\"center\">3.3<\/td><td class=\"has-text-align-center\" data-align=\"center\">S\u00f3cio oculto<\/td><\/tr><tr><td class=\"has-text-align-center\" data-align=\"center\">3.4<\/td><td class=\"has-text-align-center\" data-align=\"center\">Segredo comercial<\/td><\/tr><tr><td class=\"has-text-align-center\" data-align=\"center\">4<\/td><td class=\"has-text-align-center\" data-align=\"center\">Teoria geral do direito societ\u00e1rio<\/td><\/tr><tr><td class=\"has-text-align-center\" data-align=\"center\">4.1<\/td><td class=\"has-text-align-center\" data-align=\"center\">Conceito de sociedade; personaliza\u00e7\u00e3o da sociedade<\/td><\/tr><tr><td class=\"has-text-align-center\" data-align=\"center\">4.2<\/td><td class=\"has-text-align-center\" data-align=\"center\">Classifica\u00e7\u00e3o das sociedades: n\u00e3o personificadas, personificadas, simples, nome coletivo, comandita simples, comandita por a\u00e7\u00f5es, cooperada, coligadas<\/td><\/tr><tr><td class=\"has-text-align-center\" data-align=\"center\">4.3<\/td><td class=\"has-text-align-center\" data-align=\"center\">Liquida\u00e7\u00e3o, transforma\u00e7\u00e3o, incorpora\u00e7\u00e3o, fus\u00e3o, cis\u00e3o, sociedades dependentes de autoriza\u00e7\u00e3o<\/td><\/tr><tr><td class=\"has-text-align-center\" data-align=\"center\">4.4<\/td><td class=\"has-text-align-center\" data-align=\"center\">Sociedade limitada; sociedade an\u00f4nima<\/td><\/tr><tr><td class=\"has-text-align-center\" data-align=\"center\">4.5<\/td><td class=\"has-text-align-center\" data-align=\"center\">Estabelecimento empresarial<\/td><\/tr><tr><td class=\"has-text-align-center\" data-align=\"center\">4.6<\/td><td class=\"has-text-align-center\" data-align=\"center\">Recupera\u00e7\u00e3o judicial, recupera\u00e7\u00e3o extrajudicial, fal\u00eancia do empres\u00e1rio e da sociedade empres\u00e1ria<\/td><\/tr><tr><td class=\"has-text-align-center\" data-align=\"center\">4.7<\/td><td class=\"has-text-align-center\" data-align=\"center\">Institutos complementares do direito empresarial: registro, nome, prepostos, escritura\u00e7\u00e3o, propriedade industrial<\/td><\/tr><tr><td class=\"has-text-align-center\" data-align=\"center\">5<\/td><td class=\"has-text-align-center\" data-align=\"center\">Sistema Financeiro Nacional: constitui\u00e7\u00e3o, compet\u00eancia das entidades integrantes, institui\u00e7\u00f5es financeiras p\u00fablicas e privadas, liquida\u00e7\u00e3o extrajudicial, sistema financeiro da habita\u00e7\u00e3o<\/td><\/tr><\/tbody><\/table><\/figure>\n\n\n\n<h3 class=\"wp-block-heading\" id=\"h-direito-internacional-publico-e-cooperacao-internacional\"><span id=\"direito-internacional-publico-e-cooperacao-internacional\">Direito Internacional P\u00fablico e Coopera\u00e7\u00e3o Internacional<\/span><\/h3>\n\n\n\n<figure class=\"wp-block-table is-style-stripes\"><table class=\"has-blush-light-purple-gradient-background has-background\"><thead><tr><th class=\"has-text-align-center\" data-align=\"center\"><strong>N\u00ba<\/strong><\/th><th class=\"has-text-align-center\" data-align=\"center\"><strong>T\u00f3pico Principal<\/strong><\/th><\/tr><\/thead><tbody><tr><td class=\"has-text-align-center\" data-align=\"center\">1<\/td><td class=\"has-text-align-center\" data-align=\"center\">Direito internacional p\u00fablico: conceito, fontes e princ\u00edpios<\/td><\/tr><tr><td class=\"has-text-align-center\" data-align=\"center\">2<\/td><td class=\"has-text-align-center\" data-align=\"center\">Atos internacionais<\/td><\/tr><tr><td class=\"has-text-align-center\" data-align=\"center\">2.1<\/td><td class=\"has-text-align-center\" data-align=\"center\">Tratados: validade, efeitos, ratifica\u00e7\u00e3o, promulga\u00e7\u00e3o, registro, publicidade, vig\u00eancia, incorpora\u00e7\u00e3o ao direito interno, viola\u00e7\u00e3o, conflito com norma interna, extin\u00e7\u00e3o<\/td><\/tr><tr><td class=\"has-text-align-center\" data-align=\"center\">2.2<\/td><td class=\"has-text-align-center\" data-align=\"center\">Conven\u00e7\u00f5es, acordos, ajustes e protocolos<\/td><\/tr><tr><td class=\"has-text-align-center\" data-align=\"center\">2.3<\/td><td class=\"has-text-align-center\" data-align=\"center\">Aspectos penais do Protocolo de S\u00e3o Lu\u00eds (Decreto n\u00ba 3.468\/2000)<\/td><\/tr><tr><td class=\"has-text-align-center\" data-align=\"center\">2.4<\/td><td class=\"has-text-align-center\" data-align=\"center\">Conven\u00e7\u00e3o das Na\u00e7\u00f5es Unidas contra o Crime Organizado Transnacional (Conven\u00e7\u00e3o de Palermo) \u2013 Decreto n\u00ba 5.015\/2004<\/td><\/tr><tr><td class=\"has-text-align-center\" data-align=\"center\">2.5<\/td><td class=\"has-text-align-center\" data-align=\"center\">Decreto n\u00ba 5.017\/2004 \u2013 Protocolo adicional \u00e0 Conven\u00e7\u00e3o de Palermo sobre tr\u00e1fico de pessoas<\/td><\/tr><tr><td class=\"has-text-align-center\" data-align=\"center\">2.6<\/td><td class=\"has-text-align-center\" data-align=\"center\">Atribui\u00e7\u00f5es do Departamento de Pol\u00edcia Federal decorrentes de tratados internacionais<\/td><\/tr><tr><td class=\"has-text-align-center\" data-align=\"center\">3<\/td><td class=\"has-text-align-center\" data-align=\"center\">Personalidade internacional<\/td><\/tr><tr><td class=\"has-text-align-center\" data-align=\"center\">3.1<\/td><td class=\"has-text-align-center\" data-align=\"center\">Estado: imunidade \u00e0 jurisdi\u00e7\u00e3o estatal; consulados e embaixadas<\/td><\/tr><tr><td class=\"has-text-align-center\" data-align=\"center\">3.2<\/td><td class=\"has-text-align-center\" data-align=\"center\">Organiza\u00e7\u00f5es internacionais: conceito, natureza jur\u00eddica, elementos caracterizadores, esp\u00e9cies<\/td><\/tr><tr><td class=\"has-text-align-center\" data-align=\"center\">3.3<\/td><td class=\"has-text-align-center\" data-align=\"center\">Popula\u00e7\u00e3o: nacionalidade, tratados multilaterais, estatuto da igualdade<\/td><\/tr><tr><td class=\"has-text-align-center\" data-align=\"center\">3.4<\/td><td class=\"has-text-align-center\" data-align=\"center\">Estrangeiros: vistos, deporta\u00e7\u00e3o, expuls\u00e3o, extradi\u00e7\u00e3o (fundamentos jur\u00eddicos, reciprocidade, controle jurisdicional)<\/td><\/tr><tr><td class=\"has-text-align-center\" data-align=\"center\">3.5<\/td><td class=\"has-text-align-center\" data-align=\"center\">Asilo pol\u00edtico: conceito, natureza e disciplina<\/td><\/tr><tr><td class=\"has-text-align-center\" data-align=\"center\">4<\/td><td class=\"has-text-align-center\" data-align=\"center\">Prote\u00e7\u00e3o internacional dos direitos humanos<\/td><\/tr><tr><td class=\"has-text-align-center\" data-align=\"center\">4.1<\/td><td class=\"has-text-align-center\" data-align=\"center\">Declara\u00e7\u00e3o Universal dos Direitos Humanos<\/td><\/tr><tr><td class=\"has-text-align-center\" data-align=\"center\">4.2<\/td><td class=\"has-text-align-center\" data-align=\"center\">Direitos civis, pol\u00edticos, econ\u00f4micos e culturais<\/td><\/tr><tr><td class=\"has-text-align-center\" data-align=\"center\">4.3<\/td><td class=\"has-text-align-center\" data-align=\"center\">Mecanismos de implementa\u00e7\u00e3o<\/td><\/tr><tr><td class=\"has-text-align-center\" data-align=\"center\">5<\/td><td class=\"has-text-align-center\" data-align=\"center\">Conflitos internacionais<\/td><\/tr><tr><td class=\"has-text-align-center\" data-align=\"center\">5.1<\/td><td class=\"has-text-align-center\" data-align=\"center\">Meios de solu\u00e7\u00e3o: diplom\u00e1ticos, pol\u00edticos e jurisdicionais<\/td><\/tr><tr><td class=\"has-text-align-center\" data-align=\"center\">5.2<\/td><td class=\"has-text-align-center\" data-align=\"center\">Cortes internacionais<\/td><\/tr><tr><td class=\"has-text-align-center\" data-align=\"center\">6<\/td><td class=\"has-text-align-center\" data-align=\"center\">Dom\u00ednio p\u00fablico internacional: mar, \u00e1guas interiores, mar territorial, zona cont\u00edgua, zona econ\u00f4mica, plataforma continental, alto-mar, rios internacionais, espa\u00e7o a\u00e9reo, nacionalidade das aeronaves, espa\u00e7o extra-atmosf\u00e9rico<\/td><\/tr><tr><td class=\"has-text-align-center\" data-align=\"center\">7<\/td><td class=\"has-text-align-center\" data-align=\"center\">Coopera\u00e7\u00e3o internacional: esp\u00e9cies e procedimentos<\/td><\/tr><tr><td class=\"has-text-align-center\" data-align=\"center\">8<\/td><td class=\"has-text-align-center\" data-align=\"center\">Coopera\u00e7\u00e3o policial internacional<\/td><\/tr><tr><td class=\"has-text-align-center\" data-align=\"center\">9<\/td><td class=\"has-text-align-center\" data-align=\"center\">Coopera\u00e7\u00e3o jur\u00eddica internacional em mat\u00e9ria penal<\/td><\/tr><tr><td class=\"has-text-align-center\" data-align=\"center\">10\u201321<\/td><td class=\"has-text-align-center\" data-align=\"center\">Legisla\u00e7\u00e3o correlata: Lei n\u00ba 13.445\/2017; Decretos n\u00ba 154\/1991, 3.468\/2000, 5.015\/2004, 5.016\/2004, 5.017\/2004, 5.687\/2006, 5.941\/2006, 6.340\/2008, 8.833\/2016, 12.337\/2024; artigos 26 a 41 do C\u00f3digo de Processo Civil<\/td><\/tr><\/tbody><\/table><\/figure>\n\n\n\n<h3 class=\"wp-block-heading\" id=\"h-direito-penal\"><span id=\"direito-penal\">Direito Penal<\/span><\/h3>\n\n\n\n<figure class=\"wp-block-table is-style-stripes\"><table class=\"has-electric-grass-gradient-background has-background\"><thead><tr><th class=\"has-text-align-center\" data-align=\"center\"><strong>N\u00ba<\/strong><\/th><th class=\"has-text-align-center\" data-align=\"center\"><strong>T\u00f3pico Principal<\/strong><\/th><\/tr><\/thead><tbody><tr><td class=\"has-text-align-center\" data-align=\"center\">1<\/td><td class=\"has-text-align-center\" data-align=\"center\">Introdu\u00e7\u00e3o ao direito penal: conceito, caracter\u00edsticas, fun\u00e7\u00e3o, princ\u00edpios, pol\u00edtica criminal<\/td><\/tr><tr><td class=\"has-text-align-center\" data-align=\"center\">2<\/td><td class=\"has-text-align-center\" data-align=\"center\">Lei penal: caracter\u00edsticas, fontes, interpreta\u00e7\u00e3o, aplica\u00e7\u00e3o, imunidade, punibilidade, concurso de normas<\/td><\/tr><tr><td class=\"has-text-align-center\" data-align=\"center\">3<\/td><td class=\"has-text-align-center\" data-align=\"center\">Teoria geral do crime: conceito, objeto, sujeitos, conduta, tipicidade, bem jur\u00eddico, punibilidade, etc.<\/td><\/tr><tr><td class=\"has-text-align-center\" data-align=\"center\">4<\/td><td class=\"has-text-align-center\" data-align=\"center\">Teoria do tipo: dolo\/culpa, crime preterdoloso, erro de tipo, comissivo\/omissivo, tentativa, etc.<\/td><\/tr><tr><td class=\"has-text-align-center\" data-align=\"center\">5<\/td><td class=\"has-text-align-center\" data-align=\"center\">Ilicitude: exclus\u00e3o (estado de necessidade, leg\u00edtima defesa, estrito dever legal, exerc\u00edcio regular)<\/td><\/tr><tr><td class=\"has-text-align-center\" data-align=\"center\">6<\/td><td class=\"has-text-align-center\" data-align=\"center\">Culpabilidade: fundamentos, elementos, exclus\u00e3o, erro de proibi\u00e7\u00e3o, imputabilidade<\/td><\/tr><tr><td class=\"has-text-align-center\" data-align=\"center\">7<\/td><td class=\"has-text-align-center\" data-align=\"center\">Concurso de agentes: autoria e participa\u00e7\u00e3o, rela\u00e7\u00e3o de causalidade, imputa\u00e7\u00e3o<\/td><\/tr><tr><td class=\"has-text-align-center\" data-align=\"center\">8<\/td><td class=\"has-text-align-center\" data-align=\"center\">Teoria geral da pena: esp\u00e9cies, regimes, medidas de seguran\u00e7a, aplica\u00e7\u00e3o, causas modificadoras, efeitos<\/td><\/tr><tr><td class=\"has-text-align-center\" data-align=\"center\">9<\/td><td class=\"has-text-align-center\" data-align=\"center\">Extin\u00e7\u00e3o da punibilidade: conceito, causas, prescri\u00e7\u00e3o (teorias, prazos, causas)<\/td><\/tr><tr><td class=\"has-text-align-center\" data-align=\"center\">10<\/td><td class=\"has-text-align-center\" data-align=\"center\">Crimes: classifica\u00e7\u00e3o e tipos<\/td><\/tr><tr><td class=\"has-text-align-center\" data-align=\"center\">10.1<\/td><td class=\"has-text-align-center\" data-align=\"center\">Contra a pessoa<\/td><\/tr><tr><td class=\"has-text-align-center\" data-align=\"center\">10.2<\/td><td class=\"has-text-align-center\" data-align=\"center\">Contra o patrim\u00f4nio<\/td><\/tr><tr><td class=\"has-text-align-center\" data-align=\"center\">10.3<\/td><td class=\"has-text-align-center\" data-align=\"center\">Contra a propriedade imaterial e intelectual<\/td><\/tr><tr><td class=\"has-text-align-center\" data-align=\"center\">10.4<\/td><td class=\"has-text-align-center\" data-align=\"center\">Contra a organiza\u00e7\u00e3o do trabalho<\/td><\/tr><tr><td class=\"has-text-align-center\" data-align=\"center\">10.5<\/td><td class=\"has-text-align-center\" data-align=\"center\">Contra o sentimento religioso e respeito aos mortos<\/td><\/tr><tr><td class=\"has-text-align-center\" data-align=\"center\">10.6<\/td><td class=\"has-text-align-center\" data-align=\"center\">Contra a dignidade sexual<\/td><\/tr><tr><td class=\"has-text-align-center\" data-align=\"center\">10.7<\/td><td class=\"has-text-align-center\" data-align=\"center\">Contra a fam\u00edlia<\/td><\/tr><tr><td class=\"has-text-align-center\" data-align=\"center\">10.8<\/td><td class=\"has-text-align-center\" data-align=\"center\">Contra a incolumidade p\u00fablica<\/td><\/tr><tr><td class=\"has-text-align-center\" data-align=\"center\">10.9<\/td><td class=\"has-text-align-center\" data-align=\"center\">Contra a paz p\u00fablica<\/td><\/tr><tr><td class=\"has-text-align-center\" data-align=\"center\">10.10<\/td><td class=\"has-text-align-center\" data-align=\"center\">Contra a f\u00e9 p\u00fablica<\/td><\/tr><tr><td class=\"has-text-align-center\" data-align=\"center\">10.11<\/td><td class=\"has-text-align-center\" data-align=\"center\">Contra a administra\u00e7\u00e3o p\u00fablica<\/td><\/tr><tr><td class=\"has-text-align-center\" data-align=\"center\">10.12<\/td><td class=\"has-text-align-center\" data-align=\"center\">Contra as finan\u00e7as p\u00fablicas<\/td><\/tr><tr><td class=\"has-text-align-center\" data-align=\"center\">10.13\u201310.26<\/td><td class=\"has-text-align-center\" data-align=\"center\">Leis penais especiais:<\/td><\/tr><tr><td class=\"has-text-align-center\" data-align=\"center\"><\/td><td class=\"has-text-align-center\" data-align=\"center\">\u2022 Lei n\u00ba 11.343\/2006 \u2013 Drogas<\/td><\/tr><tr><td class=\"has-text-align-center\" data-align=\"center\"><\/td><td class=\"has-text-align-center\" data-align=\"center\">\u2022 Lei n\u00ba 12.850\/2013 \u2013 Organiza\u00e7\u00e3o criminosa<\/td><\/tr><tr><td class=\"has-text-align-center\" data-align=\"center\"><\/td><td class=\"has-text-align-center\" data-align=\"center\">\u2022 Lei n\u00ba 7.492\/1986 \u2013 Sistema financeiro nacional<\/td><\/tr><tr><td class=\"has-text-align-center\" data-align=\"center\"><\/td><td class=\"has-text-align-center\" data-align=\"center\">\u2022 Lei n\u00ba 8.137\/1990 \u2013 Ordem econ\u00f4mica e tribut\u00e1ria, consumo<\/td><\/tr><tr><td class=\"has-text-align-center\" data-align=\"center\"><\/td><td class=\"has-text-align-center\" data-align=\"center\">\u2022 Lei n\u00ba 9.613\/1998 \u2013 Lavagem de dinheiro<\/td><\/tr><tr><td class=\"has-text-align-center\" data-align=\"center\"><\/td><td class=\"has-text-align-center\" data-align=\"center\">\u2022 Lei n\u00ba 8.176\/1991 \u2013 Ordem econ\u00f4mica<\/td><\/tr><tr><td class=\"has-text-align-center\" data-align=\"center\"><\/td><td class=\"has-text-align-center\" data-align=\"center\">\u2022 Lei n\u00ba 8.072\/1990 \u2013 Crimes hediondos<\/td><\/tr><tr><td class=\"has-text-align-center\" data-align=\"center\"><\/td><td class=\"has-text-align-center\" data-align=\"center\">\u2022 Lei n\u00ba 7.716\/1989 \u2013 Racismo<\/td><\/tr><tr><td class=\"has-text-align-center\" data-align=\"center\"><\/td><td class=\"has-text-align-center\" data-align=\"center\">\u2022 Lei n\u00ba 9.455\/1997 \u2013 Tortura<\/td><\/tr><tr><td class=\"has-text-align-center\" data-align=\"center\"><\/td><td class=\"has-text-align-center\" data-align=\"center\">\u2022 Lei n\u00ba 9.605\/1998 \u2013 Meio ambiente<\/td><\/tr><tr><td class=\"has-text-align-center\" data-align=\"center\"><\/td><td class=\"has-text-align-center\" data-align=\"center\">\u2022 DL n\u00ba 201\/1967, Lei n\u00ba 1.079\/1950 \u2013 Crimes de responsabilidade<\/td><\/tr><tr><td class=\"has-text-align-center\" data-align=\"center\"><\/td><td class=\"has-text-align-center\" data-align=\"center\">\u2022 Lei n\u00ba 11.101\/2005 \u2013 Crimes falimentares<\/td><\/tr><tr><td class=\"has-text-align-center\" data-align=\"center\"><\/td><td class=\"has-text-align-center\" data-align=\"center\">\u2022 Lei n\u00ba 14.133\/2021 \u2013 Crimes em licita\u00e7\u00f5es<\/td><\/tr><tr><td class=\"has-text-align-center\" data-align=\"center\">11<\/td><td class=\"has-text-align-center\" data-align=\"center\">Lei n\u00ba 13.869\/2019 \u2013 Abuso de autoridade<\/td><\/tr><tr><td class=\"has-text-align-center\" data-align=\"center\">12<\/td><td class=\"has-text-align-center\" data-align=\"center\">Lei n\u00ba 10.826\/2003 \u2013 Estatuto do desarmamento<\/td><\/tr><tr><td class=\"has-text-align-center\" data-align=\"center\">13<\/td><td class=\"has-text-align-center\" data-align=\"center\">Lei n\u00ba 5.553\/1968 \u2013 Identifica\u00e7\u00e3o pessoal<\/td><\/tr><tr><td class=\"has-text-align-center\" data-align=\"center\">14<\/td><td class=\"has-text-align-center\" data-align=\"center\">Lei n\u00ba 8.078\/1990 \u2013 C\u00f3digo de Defesa do Consumidor<\/td><\/tr><tr><td class=\"has-text-align-center\" data-align=\"center\">15<\/td><td class=\"has-text-align-center\" data-align=\"center\">Lei n\u00ba 6.001\/1973 \u2013 Estatuto do \u00cdndio<\/td><\/tr><tr><td class=\"has-text-align-center\" data-align=\"center\">16<\/td><td class=\"has-text-align-center\" data-align=\"center\">Lei n\u00ba 8.069\/1990 \u2013 Estatuto da Crian\u00e7a e do Adolescente<\/td><\/tr><tr><td class=\"has-text-align-center\" data-align=\"center\">16.1<\/td><td class=\"has-text-align-center\" data-align=\"center\">Decreto n\u00ba 11.491\/2023 \u2013 Conven\u00e7\u00e3o de Budapeste (crime cibern\u00e9tico)<\/td><\/tr><tr><td class=\"has-text-align-center\" data-align=\"center\">17<\/td><td class=\"has-text-align-center\" data-align=\"center\">Lei n\u00ba 9.296\/1996 \u2013 Intercepta\u00e7\u00e3o telef\u00f4nica<\/td><\/tr><tr><td class=\"has-text-align-center\" data-align=\"center\">18<\/td><td class=\"has-text-align-center\" data-align=\"center\">Lei n\u00ba 12.037\/2009 \u2013 Identifica\u00e7\u00e3o criminal<\/td><\/tr><tr><td class=\"has-text-align-center\" data-align=\"center\">19<\/td><td class=\"has-text-align-center\" data-align=\"center\">Lei n\u00ba 4.737\/1965 \u2013 C\u00f3digo Eleitoral<\/td><\/tr><tr><td class=\"has-text-align-center\" data-align=\"center\">20<\/td><td class=\"has-text-align-center\" data-align=\"center\">Lei n\u00ba 7.210\/1984 \u2013 Execu\u00e7\u00e3o penal<\/td><\/tr><tr><td class=\"has-text-align-center\" data-align=\"center\">21<\/td><td class=\"has-text-align-center\" data-align=\"center\">Lei n\u00ba 5.250\/1967 \u2013 Lei de Imprensa<\/td><\/tr><tr><td class=\"has-text-align-center\" data-align=\"center\">22<\/td><td class=\"has-text-align-center\" data-align=\"center\">Lei n\u00ba 9.099\/1995 \u2013 Juizados Especiais Criminais<\/td><\/tr><tr><td class=\"has-text-align-center\" data-align=\"center\">23<\/td><td class=\"has-text-align-center\" data-align=\"center\">Lei n\u00ba 13.146\/2015 \u2013 Estatuto da Pessoa com Defici\u00eancia<\/td><\/tr><tr><td class=\"has-text-align-center\" data-align=\"center\">24<\/td><td class=\"has-text-align-center\" data-align=\"center\">Lei n\u00ba 10.741\/2003 \u2013 Estatuto da Pessoa Idosa<\/td><\/tr><tr><td class=\"has-text-align-center\" data-align=\"center\">25<\/td><td class=\"has-text-align-center\" data-align=\"center\">Jurisprud\u00eancia e S\u00famulas dos Tribunais Superiores<\/td><\/tr><\/tbody><\/table><\/figure>\n\n\n\n<h3 class=\"wp-block-heading\" id=\"h-direito-processual-penal\"><span id=\"direito-processual-penal\">Direito Processual Penal<\/span><\/h3>\n\n\n\n<figure class=\"wp-block-table is-style-stripes\"><table class=\"has-very-light-gray-to-cyan-bluish-gray-gradient-background has-background\"><thead><tr><th class=\"has-text-align-center\" data-align=\"center\"><strong>N\u00ba<\/strong><\/th><th class=\"has-text-align-center\" data-align=\"center\"><strong>T\u00f3pico Principal<\/strong><\/th><\/tr><\/thead><tbody><tr><td class=\"has-text-align-center\" data-align=\"center\">1<\/td><td class=\"has-text-align-center\" data-align=\"center\"><strong>Direito processual penal:<\/strong> princ\u00edpios gerais, conceito, finalidade, caracter\u00edsticas; fontes; lei processual penal \u2013 fontes, efic\u00e1cia, interpreta\u00e7\u00e3o, analogia, imunidades; sistemas de processo penal.<\/td><\/tr><tr><td class=\"has-text-align-center\" data-align=\"center\">2<\/td><td class=\"has-text-align-center\" data-align=\"center\"><strong>Inqu\u00e9rito policial:<\/strong> hist\u00f3rico; natureza; conceito; finalidade; caracter\u00edsticas; fundamento; titularidade; grau de cogni\u00e7\u00e3o; valor probat\u00f3rio; formas de instaura\u00e7\u00e3o; notitia criminis; delatio criminis; procedimentos investigativos; indiciamento; garantias do investigado; conclus\u00e3o; prazos.<br><br><strong>Atribui\u00e7\u00f5es da pol\u00edcia federal:<\/strong> na persecu\u00e7\u00e3o criminal (Lei n\u00ba 10.446\/2002), abrangendo jurisdi\u00e7\u00e3o, compet\u00eancia, conex\u00e3o, contin\u00eancia, preven\u00e7\u00e3o e demais quest\u00f5es e procedimentos incidentes.<br><br><strong>Compet\u00eancia:<\/strong> da justi\u00e7a federal, dos tribunais regionais federais, do STJ e do STF, e os conflitos de compet\u00eancia.<\/td><\/tr><tr><td class=\"has-text-align-center\" data-align=\"center\">3<\/td><td class=\"has-text-align-center\" data-align=\"center\"><strong>Processo criminal:<\/strong> finalidade, pressupostos e sistemas.<\/td><\/tr><tr><td class=\"has-text-align-center\" data-align=\"center\">4<\/td><td class=\"has-text-align-center\" data-align=\"center\"><strong>A\u00e7\u00e3o penal:<\/strong> conceito, caracter\u00edsticas, esp\u00e9cies e condi\u00e7\u00f5es;<br><strong>Sujeitos do processo:<\/strong> juiz, Minist\u00e9rio P\u00fablico, acusado e seu defensor, assistente, curador do r\u00e9u menor, auxiliares da justi\u00e7a, peritos e int\u00e9rpretes, serventu\u00e1rios da justi\u00e7a, al\u00e9m dos impedimentos e suspei\u00e7\u00f5es.<\/td><\/tr><tr><td class=\"has-text-align-center\" data-align=\"center\">5<\/td><td class=\"has-text-align-center\" data-align=\"center\"><strong>Juizados especiais criminais:<\/strong> aplica\u00e7\u00e3o na justi\u00e7a federal.<\/td><\/tr><tr><td class=\"has-text-align-center\" data-align=\"center\">6<\/td><td class=\"has-text-align-center\" data-align=\"center\"><strong>Termo circunstanciado de ocorr\u00eancia e atos processuais:<\/strong> forma, lugar e tempo.<\/td><\/tr><tr><td class=\"has-text-align-center\" data-align=\"center\">7<\/td><td class=\"has-text-align-center\" data-align=\"center\"><strong>Provas:<\/strong> conceito, objeto, classifica\u00e7\u00e3o e sistemas de avalia\u00e7\u00e3o; princ\u00edpios gerais e procedimento probat\u00f3rio; valora\u00e7\u00e3o; \u00f4nus da prova; provas il\u00edcitas; meios de prova (per\u00edcias, interrogat\u00f3rio, confiss\u00e3o, testemunhas, reconhecimento de pessoas e coisas, acarea\u00e7\u00e3o, documentos, ind\u00edcios); busca e apreens\u00e3o (pessoal, domiciliar, com seus requisitos, restri\u00e7\u00f5es e hor\u00e1rios).<\/td><\/tr><tr><td class=\"has-text-align-center\" data-align=\"center\">8<\/td><td class=\"has-text-align-center\" data-align=\"center\"><strong>Pris\u00e3o:<\/strong> conceito, esp\u00e9cies, mandado de pris\u00e3o e seu cumprimento; pris\u00e3o em flagrante; pris\u00e3o tempor\u00e1ria; pris\u00e3o preventiva; princ\u00edpio da necessidade, pris\u00e3o especial, liberdade provis\u00f3ria; fian\u00e7a.<\/td><\/tr><tr><td class=\"has-text-align-center\" data-align=\"center\">9<\/td><td class=\"has-text-align-center\" data-align=\"center\"><strong>Senten\u00e7a criminal:<\/strong> participantes (juiz, Minist\u00e9rio P\u00fablico, acusado, defensor, assistentes e auxiliares da justi\u00e7a); cita\u00e7\u00e3o, intima\u00e7\u00e3o, interdi\u00e7\u00e3o de direito; processos relativos aos crimes de responsabilidade dos funcion\u00e1rios p\u00fablicos; aspectos da senten\u00e7a (coisa julgada, habeas corpus, mandado de seguran\u00e7a em mat\u00e9ria criminal).<\/td><\/tr><tr><td class=\"has-text-align-center\" data-align=\"center\">10<\/td><td class=\"has-text-align-center\" data-align=\"center\"><strong>Processo criminal de crimes comuns:<\/strong> an\u00e1lise e aplica\u00e7\u00e3o das seguintes legisla\u00e7\u00f5es:<br>\u2022 Lei n\u00ba 11.343\/2006 e suas altera\u00e7\u00f5es (tr\u00e1fico il\u00edcito e uso indevido de subst\u00e2ncias entorpecentes);<br>\u2022 Lei n\u00ba 12.850\/2013 e suas altera\u00e7\u00f5es (crime organizado);<br>\u2022 Lei n\u00ba 7.492\/1986 e suas altera\u00e7\u00f5es (crimes contra o sistema financeiro nacional);<br>\u2022 Lei n\u00ba 8.137\/1990 e suas altera\u00e7\u00f5es (crimes contra a ordem econ\u00f4mica, tribut\u00e1ria e rela\u00e7\u00f5es de consumo);<br>\u2022 Lei n\u00ba 9.613\/1998 e suas altera\u00e7\u00f5es (lavagem de dinheiro);<br>\u2022 Lei n\u00ba 8.072\/1990 e suas altera\u00e7\u00f5es (crimes hediondos);<br>\u2022 Lei n\u00ba 7.716\/1989 e suas altera\u00e7\u00f5es (crimes resultantes de preconceitos de ra\u00e7a ou de cor).<\/td><\/tr><tr><td class=\"has-text-align-center\" data-align=\"center\">11<\/td><td class=\"has-text-align-center\" data-align=\"center\"><strong>Lei n\u00ba 9.296\/1996:<\/strong> intercepta\u00e7\u00e3o telef\u00f4nica.<\/td><\/tr><tr><td class=\"has-text-align-center\" data-align=\"center\">12<\/td><td class=\"has-text-align-center\" data-align=\"center\"><strong>Lei n\u00ba 13.869\/2019:<\/strong> crimes de abuso de autoridade.<\/td><\/tr><tr><td class=\"has-text-align-center\" data-align=\"center\">13<\/td><td class=\"has-text-align-center\" data-align=\"center\"><strong>Lei n\u00ba 10.826\/2003:<\/strong> Estatuto do desarmamento.<\/td><\/tr><tr><td class=\"has-text-align-center\" data-align=\"center\">14<\/td><td class=\"has-text-align-center\" data-align=\"center\"><strong>Lei n\u00ba 5.553\/1968:<\/strong> apresenta\u00e7\u00e3o e uso de documento de identifica\u00e7\u00e3o pessoal.<\/td><\/tr><tr><td class=\"has-text-align-center\" data-align=\"center\">15<\/td><td class=\"has-text-align-center\" data-align=\"center\"><strong>Lei n\u00ba 8.078\/1990:<\/strong> C\u00f3digo de Prote\u00e7\u00e3o e Defesa do Consumidor.<\/td><\/tr><tr><td class=\"has-text-align-center\" data-align=\"center\">16<\/td><td class=\"has-text-align-center\" data-align=\"center\"><strong>Lei n\u00ba 6.001\/1973:<\/strong> Estatuto do \u00cdndio.<\/td><\/tr><tr><td class=\"has-text-align-center\" data-align=\"center\">17<\/td><td class=\"has-text-align-center\" data-align=\"center\"><strong>Lei n\u00ba 8.069\/1990:<\/strong> Estatuto da Crian\u00e7a e do Adolescente.<br><strong>16.1:<\/strong> Decreto n\u00ba 11.491\/2023 \u2013 Promulga\u00e7\u00e3o da Conven\u00e7\u00e3o sobre o Crime Cibern\u00e9tico.<\/td><\/tr><tr><td class=\"has-text-align-center\" data-align=\"center\">18<\/td><td class=\"has-text-align-center\" data-align=\"center\"><strong>Lei n\u00ba 4.737\/1965:<\/strong> C\u00f3digo Eleitoral.<\/td><\/tr><tr><td class=\"has-text-align-center\" data-align=\"center\">19<\/td><td class=\"has-text-align-center\" data-align=\"center\"><strong>Lei n\u00ba 7.210\/1984:<\/strong> Execu\u00e7\u00e3o penal.<\/td><\/tr><tr><td class=\"has-text-align-center\" data-align=\"center\">20<\/td><td class=\"has-text-align-center\" data-align=\"center\"><strong>Lei n\u00ba 5.250\/1967:<\/strong> Lei de Imprensa.<\/td><\/tr><tr><td class=\"has-text-align-center\" data-align=\"center\">21<\/td><td class=\"has-text-align-center\" data-align=\"center\"><strong>Lei n\u00ba 9.099\/1995:<\/strong> Juizados Especiais Criminais.<\/td><\/tr><tr><td class=\"has-text-align-center\" data-align=\"center\">22<\/td><td class=\"has-text-align-center\" data-align=\"center\"><strong>Lei n\u00ba 12.830\/2013.<\/strong><\/td><\/tr><tr><td class=\"has-text-align-center\" data-align=\"center\">23<\/td><td class=\"has-text-align-center\" data-align=\"center\"><strong>Lei n\u00ba 13.257\/2016<\/strong> e suas altera\u00e7\u00f5es.<\/td><\/tr><tr><td class=\"has-text-align-center\" data-align=\"center\">24<\/td><td class=\"has-text-align-center\" data-align=\"center\"><strong>Lei n\u00ba 12.737\/2012:<\/strong> Lei de Crimes Cibern\u00e9ticos.<\/td><\/tr><tr><td class=\"has-text-align-center\" data-align=\"center\">25<\/td><td class=\"has-text-align-center\" data-align=\"center\"><strong>Jurisprud\u00eancia e S\u00famulas<\/strong> dos Tribunais Superiores.<\/td><\/tr><tr><td class=\"has-text-align-center\" data-align=\"center\">26<\/td><td class=\"has-text-align-center\" data-align=\"center\"><strong>Decreto n\u00ba 11.491\/2023:<\/strong> Promulga\u00e7\u00e3o da Conven\u00e7\u00e3o sobre o Crime Cibern\u00e9tico.<\/td><\/tr><\/tbody><\/table><\/figure>\n\n\n\n<h3 class=\"wp-block-heading\" id=\"h-criminologia\"><span id=\"criminologia\">Criminologia<\/span><\/h3>\n\n\n\n<figure class=\"wp-block-table is-style-stripes\"><table class=\"has-pale-ocean-gradient-background has-background\"><thead><tr><th class=\"has-text-align-center\" data-align=\"center\"><strong>N\u00ba<\/strong><\/th><th class=\"has-text-align-center\" data-align=\"center\"><strong>T\u00f3pico Principal<\/strong><\/th><\/tr><\/thead><tbody><tr><td class=\"has-text-align-center\" data-align=\"center\">1<\/td><td class=\"has-text-align-center\" data-align=\"center\"><strong>Criminologia<\/strong><\/td><\/tr><tr><td class=\"has-text-align-center\" data-align=\"center\">1.1<\/td><td class=\"has-text-align-center\" data-align=\"center\">Conceito<\/td><\/tr><tr><td class=\"has-text-align-center\" data-align=\"center\">1.2<\/td><td class=\"has-text-align-center\" data-align=\"center\">M\u00e9todos: empirismo e interdisciplinaridade<\/td><\/tr><tr><td class=\"has-text-align-center\" data-align=\"center\">1.3<\/td><td class=\"has-text-align-center\" data-align=\"center\">Objetos da criminologia: delito, delinquente, v\u00edtima, controle social<\/td><\/tr><tr><td class=\"has-text-align-center\" data-align=\"center\">2<\/td><td class=\"has-text-align-center\" data-align=\"center\"><strong>Fun\u00e7\u00f5es da criminologia<\/strong><\/td><\/tr><tr><td class=\"has-text-align-center\" data-align=\"center\">2.1<\/td><td class=\"has-text-align-center\" data-align=\"center\">Criminologia e pol\u00edtica criminal<\/td><\/tr><tr><td class=\"has-text-align-center\" data-align=\"center\">2.2<\/td><td class=\"has-text-align-center\" data-align=\"center\">Rela\u00e7\u00e3o entre criminologia e direito penal<\/td><\/tr><tr><td class=\"has-text-align-center\" data-align=\"center\">3<\/td><td class=\"has-text-align-center\" data-align=\"center\"><strong>Modelos te\u00f3ricos da criminologia<\/strong><\/td><\/tr><tr><td class=\"has-text-align-center\" data-align=\"center\">3.1<\/td><td class=\"has-text-align-center\" data-align=\"center\">Teorias sociol\u00f3gicas<\/td><\/tr><tr><td class=\"has-text-align-center\" data-align=\"center\">3.2<\/td><td class=\"has-text-align-center\" data-align=\"center\">Preven\u00e7\u00e3o da infra\u00e7\u00e3o penal no Estado democr\u00e1tico de direito<\/td><\/tr><tr><td class=\"has-text-align-center\" data-align=\"center\">3.3<\/td><td class=\"has-text-align-center\" data-align=\"center\">Preven\u00e7\u00e3o prim\u00e1ria<\/td><\/tr><tr><td class=\"has-text-align-center\" data-align=\"center\">3.4<\/td><td class=\"has-text-align-center\" data-align=\"center\">Preven\u00e7\u00e3o secund\u00e1ria<\/td><\/tr><tr><td class=\"has-text-align-center\" data-align=\"center\">3.5<\/td><td class=\"has-text-align-center\" data-align=\"center\">Preven\u00e7\u00e3o terci\u00e1ria<\/td><\/tr><tr><td class=\"has-text-align-center\" data-align=\"center\">3.6<\/td><td class=\"has-text-align-center\" data-align=\"center\">Modelos de rea\u00e7\u00e3o ao crime<\/td><\/tr><\/tbody><\/table><\/figure>\n\n\n\n<h3 class=\"wp-block-heading\" id=\"h-direito-previdenciario\"><span id=\"direito-previdenciario\">Direito Previdenci\u00e1rio<\/span><\/h3>\n\n\n\n<figure class=\"wp-block-table is-style-stripes\"><table class=\"has-electric-grass-gradient-background has-background\"><thead><tr><th class=\"has-text-align-center\" data-align=\"center\"><strong>N\u00ba<\/strong><\/th><th class=\"has-text-align-center\" data-align=\"center\"><strong>T\u00f3pico Principal<\/strong><\/th><\/tr><\/thead><tbody><tr><td class=\"has-text-align-center\" data-align=\"center\">1<\/td><td class=\"has-text-align-center\" data-align=\"center\"><strong>Seguridade Social<\/strong><\/td><\/tr><tr><td class=\"has-text-align-center\" data-align=\"center\">1.1<\/td><td class=\"has-text-align-center\" data-align=\"center\">Conceito e disciplina constitucional<\/td><\/tr><tr><td class=\"has-text-align-center\" data-align=\"center\">1.2<\/td><td class=\"has-text-align-center\" data-align=\"center\">Princ\u00edpios e objetivos<\/td><\/tr><tr><td class=\"has-text-align-center\" data-align=\"center\">1.3<\/td><td class=\"has-text-align-center\" data-align=\"center\">Sa\u00fade, assist\u00eancia social e previd\u00eancia social<\/td><\/tr><tr><td class=\"has-text-align-center\" data-align=\"center\">2<\/td><td class=\"has-text-align-center\" data-align=\"center\"><strong>Financiamento da Seguridade Social<\/strong><\/td><\/tr><tr><td class=\"has-text-align-center\" data-align=\"center\">2.1<\/td><td class=\"has-text-align-center\" data-align=\"center\">Normas constitucionais<\/td><\/tr><tr><td class=\"has-text-align-center\" data-align=\"center\">2.2<\/td><td class=\"has-text-align-center\" data-align=\"center\">Contribui\u00e7\u00f5es sociais para custeio da seguridade social<\/td><\/tr><tr><td class=\"has-text-align-center\" data-align=\"center\">2.3<\/td><td class=\"has-text-align-center\" data-align=\"center\">Contribui\u00e7\u00f5es da Uni\u00e3o<\/td><\/tr><tr><td class=\"has-text-align-center\" data-align=\"center\">2.4<\/td><td class=\"has-text-align-center\" data-align=\"center\">Contribui\u00e7\u00f5es do empregador, empresa e entidades equiparadas<\/td><\/tr><tr><td class=\"has-text-align-center\" data-align=\"center\">2.5<\/td><td class=\"has-text-align-center\" data-align=\"center\">Contribui\u00e7\u00e3o do empregador dom\u00e9stico<\/td><\/tr><tr><td class=\"has-text-align-center\" data-align=\"center\">2.6<\/td><td class=\"has-text-align-center\" data-align=\"center\">Contribui\u00e7\u00e3o do segurado<\/td><\/tr><tr><td class=\"has-text-align-center\" data-align=\"center\">2.7<\/td><td class=\"has-text-align-center\" data-align=\"center\">Sal\u00e1rio de contribui\u00e7\u00e3o: conceito, parcelas integrantes e n\u00e3o integrantes<\/td><\/tr><tr><td class=\"has-text-align-center\" data-align=\"center\">2.8<\/td><td class=\"has-text-align-center\" data-align=\"center\">Outras receitas da seguridade social<\/td><\/tr><tr><td class=\"has-text-align-center\" data-align=\"center\">2.9<\/td><td class=\"has-text-align-center\" data-align=\"center\">Arrecada\u00e7\u00e3o e recolhimento das contribui\u00e7\u00f5es<\/td><\/tr><tr><td class=\"has-text-align-center\" data-align=\"center\">2.10<\/td><td class=\"has-text-align-center\" data-align=\"center\">Obriga\u00e7\u00f5es das empresas<\/td><\/tr><tr><td class=\"has-text-align-center\" data-align=\"center\">2.11<\/td><td class=\"has-text-align-center\" data-align=\"center\">Prazos de recolhimento, juros, multa e atualiza\u00e7\u00e3o monet\u00e1ria<\/td><\/tr><tr><td class=\"has-text-align-center\" data-align=\"center\">2.12<\/td><td class=\"has-text-align-center\" data-align=\"center\">Obriga\u00e7\u00f5es acess\u00f3rias<\/td><\/tr><tr><td class=\"has-text-align-center\" data-align=\"center\">2.13<\/td><td class=\"has-text-align-center\" data-align=\"center\">Prova da inexist\u00eancia do d\u00e9bito<\/td><\/tr><tr><td class=\"has-text-align-center\" data-align=\"center\">3<\/td><td class=\"has-text-align-center\" data-align=\"center\"><strong>Regime Geral de Previd\u00eancia Social<\/strong><\/td><\/tr><tr><td class=\"has-text-align-center\" data-align=\"center\">3.1<\/td><td class=\"has-text-align-center\" data-align=\"center\">Normas constitucionais<\/td><\/tr><tr><td class=\"has-text-align-center\" data-align=\"center\">3.2<\/td><td class=\"has-text-align-center\" data-align=\"center\">Planos de benef\u00edcios da previd\u00eancia social<\/td><\/tr><tr><td class=\"has-text-align-center\" data-align=\"center\">3.3<\/td><td class=\"has-text-align-center\" data-align=\"center\">Segurados obrigat\u00f3rios<\/td><\/tr><tr><td class=\"has-text-align-center\" data-align=\"center\">3.4<\/td><td class=\"has-text-align-center\" data-align=\"center\">Segurados facultativos<\/td><\/tr><tr><td class=\"has-text-align-center\" data-align=\"center\">3.5<\/td><td class=\"has-text-align-center\" data-align=\"center\">Aquisi\u00e7\u00e3o, manuten\u00e7\u00e3o, perda e reaquisi\u00e7\u00e3o da qualidade de segurado<\/td><\/tr><tr><td class=\"has-text-align-center\" data-align=\"center\">3.6<\/td><td class=\"has-text-align-center\" data-align=\"center\">Dependentes<\/td><\/tr><tr><td class=\"has-text-align-center\" data-align=\"center\">3.7<\/td><td class=\"has-text-align-center\" data-align=\"center\">Regras gerais aplic\u00e1veis aos benef\u00edcios<\/td><\/tr><tr><td class=\"has-text-align-center\" data-align=\"center\">3.8<\/td><td class=\"has-text-align-center\" data-align=\"center\">Per\u00edodo de car\u00eancia<\/td><\/tr><tr><td class=\"has-text-align-center\" data-align=\"center\">3.9<\/td><td class=\"has-text-align-center\" data-align=\"center\">C\u00e1lculo do valor do benef\u00edcio<\/td><\/tr><tr><td class=\"has-text-align-center\" data-align=\"center\">3.10<\/td><td class=\"has-text-align-center\" data-align=\"center\">Sal\u00e1rio de benef\u00edcio<\/td><\/tr><tr><td class=\"has-text-align-center\" data-align=\"center\">3.11<\/td><td class=\"has-text-align-center\" data-align=\"center\">Renda mensal do benef\u00edcio<\/td><\/tr><tr><td class=\"has-text-align-center\" data-align=\"center\">3.12<\/td><td class=\"has-text-align-center\" data-align=\"center\">Reajustamento do valor do benef\u00edcio<\/td><\/tr><tr><td class=\"has-text-align-center\" data-align=\"center\">3.13<\/td><td class=\"has-text-align-center\" data-align=\"center\">Per\u00edodo b\u00e1sico de c\u00e1lculo e fator previdenci\u00e1rio<\/td><\/tr><tr><td class=\"has-text-align-center\" data-align=\"center\">3.14<\/td><td class=\"has-text-align-center\" data-align=\"center\">Benef\u00edcios em esp\u00e9cie<\/td><\/tr><tr><td class=\"has-text-align-center\" data-align=\"center\">3.15<\/td><td class=\"has-text-align-center\" data-align=\"center\">Benef\u00edcios dos segurados<\/td><\/tr><tr><td class=\"has-text-align-center\" data-align=\"center\">3.16<\/td><td class=\"has-text-align-center\" data-align=\"center\">Benef\u00edcios dos dependentes<\/td><\/tr><tr><td class=\"has-text-align-center\" data-align=\"center\">3.17<\/td><td class=\"has-text-align-center\" data-align=\"center\">Servi\u00e7os da previd\u00eancia social<\/td><\/tr><tr><td class=\"has-text-align-center\" data-align=\"center\">3.18<\/td><td class=\"has-text-align-center\" data-align=\"center\">Cumula\u00e7\u00e3o de benef\u00edcios<\/td><\/tr><tr><td class=\"has-text-align-center\" data-align=\"center\">3.19<\/td><td class=\"has-text-align-center\" data-align=\"center\">Contagem rec\u00edproca de tempo de servi\u00e7o<\/td><\/tr><tr><td class=\"has-text-align-center\" data-align=\"center\">4<\/td><td class=\"has-text-align-center\" data-align=\"center\"><strong>Decad\u00eancia e Prescri\u00e7\u00e3o<\/strong><\/td><\/tr><tr><td class=\"has-text-align-center\" data-align=\"center\">4.1<\/td><td class=\"has-text-align-center\" data-align=\"center\">Decad\u00eancia e prescri\u00e7\u00e3o para os benefici\u00e1rios<\/td><\/tr><tr><td class=\"has-text-align-center\" data-align=\"center\">4.2<\/td><td class=\"has-text-align-center\" data-align=\"center\">Decad\u00eancia e prescri\u00e7\u00e3o para o INSS<\/td><\/tr><tr><td class=\"has-text-align-center\" data-align=\"center\">5<\/td><td class=\"has-text-align-center\" data-align=\"center\"><strong>Crimes contra a Seguridade e a Previd\u00eancia Social<\/strong><\/td><\/tr><tr><td class=\"has-text-align-center\" data-align=\"center\">5.1<\/td><td class=\"has-text-align-center\" data-align=\"center\">Apropria\u00e7\u00e3o e sonega\u00e7\u00e3o de contribui\u00e7\u00e3o previdenci\u00e1ria<\/td><\/tr><tr><td class=\"has-text-align-center\" data-align=\"center\">5.2<\/td><td class=\"has-text-align-center\" data-align=\"center\">Estelionato contra o INSS<\/td><\/tr><tr><td class=\"has-text-align-center\" data-align=\"center\">5.3<\/td><td class=\"has-text-align-center\" data-align=\"center\">Crimes contra a f\u00e9 p\u00fablica em detrimento do INSS<\/td><\/tr><tr><td class=\"has-text-align-center\" data-align=\"center\">5.4<\/td><td class=\"has-text-align-center\" data-align=\"center\">Crimes contra a administra\u00e7\u00e3o p\u00fablica em detrimento do INSS<\/td><\/tr><tr><td class=\"has-text-align-center\" data-align=\"center\">5.5<\/td><td class=\"has-text-align-center\" data-align=\"center\">Inser\u00e7\u00e3o de dados falsos em sistemas de informa\u00e7\u00f5es<\/td><\/tr><tr><td class=\"has-text-align-center\" data-align=\"center\">5.6<\/td><td class=\"has-text-align-center\" data-align=\"center\">Modifica\u00e7\u00e3o ou altera\u00e7\u00e3o n\u00e3o autorizada em sistemas de informa\u00e7\u00e3o<\/td><\/tr><tr><td class=\"has-text-align-center\" data-align=\"center\">5.7<\/td><td class=\"has-text-align-center\" data-align=\"center\">Extin\u00e7\u00e3o e suspens\u00e3o de punibilidade<\/td><\/tr><tr><td class=\"has-text-align-center\" data-align=\"center\">5.8<\/td><td class=\"has-text-align-center\" data-align=\"center\">Constitui\u00e7\u00e3o pr\u00e9via e definitiva da contribui\u00e7\u00e3o previdenci\u00e1ria no \u00e2mbito administrativo<\/td><\/tr><tr><td class=\"has-text-align-center\" data-align=\"center\">6<\/td><td class=\"has-text-align-center\" data-align=\"center\"><strong>Aspectos Criminais da Legisla\u00e7\u00e3o Previdenci\u00e1ria<\/strong><\/td><\/tr><tr><td class=\"has-text-align-center\" data-align=\"center\">6.1<\/td><td class=\"has-text-align-center\" data-align=\"center\">Lei n\u00ba 8.212\/1991 e suas altera\u00e7\u00f5es<\/td><\/tr><tr><td class=\"has-text-align-center\" data-align=\"center\">6.2<\/td><td class=\"has-text-align-center\" data-align=\"center\">Lei n\u00ba 8.213\/1991 e suas altera\u00e7\u00f5es<\/td><\/tr><tr><td class=\"has-text-align-center\" data-align=\"center\">6.3<\/td><td class=\"has-text-align-center\" data-align=\"center\">Decreto n\u00ba 3.048\/1999 e suas altera\u00e7\u00f5es<\/td><\/tr><\/tbody><\/table><\/figure>\n\n\n\n<h3 class=\"wp-block-heading\" id=\"h-direito-financeiro-e-tributario\"><span id=\"direito-financeiro-e-tributario\">Direito Financeiro e Tribut\u00e1rio<\/span><\/h3>\n\n\n\n<figure class=\"wp-block-table is-style-stripes\"><table class=\"has-very-light-gray-to-cyan-bluish-gray-gradient-background has-background\"><thead><tr><th class=\"has-text-align-center\" data-align=\"center\"><strong>N\u00ba<\/strong><\/th><th class=\"has-text-align-center\" data-align=\"center\"><strong>T\u00f3pico<\/strong><\/th><\/tr><\/thead><tbody><tr><td class=\"has-text-align-center\" data-align=\"center\">1<\/td><td class=\"has-text-align-center\" data-align=\"center\"><strong>Finan\u00e7as p\u00fablicas na Constitui\u00e7\u00e3o Federal de 1988<\/strong><\/td><\/tr><tr><td class=\"has-text-align-center\" data-align=\"center\">1.1<\/td><td class=\"has-text-align-center\" data-align=\"center\">Or\u00e7amento: conceito, esp\u00e9cies, natureza jur\u00eddica, princ\u00edpios or\u00e7ament\u00e1rios<\/td><\/tr><tr><td class=\"has-text-align-center\" data-align=\"center\">1.2<\/td><td class=\"has-text-align-center\" data-align=\"center\">Normas gerais de direito financeiro<\/td><\/tr><tr><td class=\"has-text-align-center\" data-align=\"center\">1.3<\/td><td class=\"has-text-align-center\" data-align=\"center\">Fiscaliza\u00e7\u00e3o e controle interno e externo dos or\u00e7amentos<\/td><\/tr><tr><td class=\"has-text-align-center\" data-align=\"center\">2<\/td><td class=\"has-text-align-center\" data-align=\"center\"><strong>Despesa p\u00fablica<\/strong><\/td><\/tr><tr><td class=\"has-text-align-center\" data-align=\"center\">2.1<\/td><td class=\"has-text-align-center\" data-align=\"center\">Conceito e classifica\u00e7\u00e3o; disciplina constitucional dos precat\u00f3rios<\/td><\/tr><tr><td class=\"has-text-align-center\" data-align=\"center\">2.2<\/td><td class=\"has-text-align-center\" data-align=\"center\"><strong>Receita p\u00fablica<\/strong><\/td><\/tr><tr><td class=\"has-text-align-center\" data-align=\"center\">2.2.1<\/td><td class=\"has-text-align-center\" data-align=\"center\">Conceito, ingressos e receitas<\/td><\/tr><tr><td class=\"has-text-align-center\" data-align=\"center\">2.2.2<\/td><td class=\"has-text-align-center\" data-align=\"center\">Classifica\u00e7\u00e3o: receitas origin\u00e1rias e derivadas<\/td><\/tr><tr><td class=\"has-text-align-center\" data-align=\"center\">3<\/td><td class=\"has-text-align-center\" data-align=\"center\">D\u00edvida ativa da Uni\u00e3o (tribut\u00e1ria e n\u00e3o tribut\u00e1ria); cr\u00e9dito p\u00fablico; d\u00edvida p\u00fablica<\/td><\/tr><tr><td class=\"has-text-align-center\" data-align=\"center\">4<\/td><td class=\"has-text-align-center\" data-align=\"center\"><strong>Sistema Tribut\u00e1rio Nacional<\/strong><\/td><\/tr><tr><td class=\"has-text-align-center\" data-align=\"center\">4.1<\/td><td class=\"has-text-align-center\" data-align=\"center\">Limita\u00e7\u00f5es constitucionais ao poder de tributar<\/td><\/tr><tr><td class=\"has-text-align-center\" data-align=\"center\">4.2<\/td><td class=\"has-text-align-center\" data-align=\"center\">Reparti\u00e7\u00e3o de compet\u00eancias na federa\u00e7\u00e3o brasileira<\/td><\/tr><tr><td class=\"has-text-align-center\" data-align=\"center\">4.3<\/td><td class=\"has-text-align-center\" data-align=\"center\">Delega\u00e7\u00e3o de arrecada\u00e7\u00e3o<\/td><\/tr><tr><td class=\"has-text-align-center\" data-align=\"center\">4.4<\/td><td class=\"has-text-align-center\" data-align=\"center\">Discrimina\u00e7\u00e3o constitucional das rendas tribut\u00e1rias<\/td><\/tr><tr><td class=\"has-text-align-center\" data-align=\"center\">4.5<\/td><td class=\"has-text-align-center\" data-align=\"center\">Legisla\u00e7\u00e3o sobre o sistema tribut\u00e1rio brasileiro<\/td><\/tr><tr><td class=\"has-text-align-center\" data-align=\"center\">4.6<\/td><td class=\"has-text-align-center\" data-align=\"center\">Defini\u00e7\u00e3o de tributo e esp\u00e9cies de tributos<\/td><\/tr><tr><td class=\"has-text-align-center\" data-align=\"center\">5<\/td><td class=\"has-text-align-center\" data-align=\"center\"><strong>Fontes do direito tribut\u00e1rio<\/strong><\/td><\/tr><tr><td class=\"has-text-align-center\" data-align=\"center\">5.1<\/td><td class=\"has-text-align-center\" data-align=\"center\">Conceito de fonte; fontes formais<\/td><\/tr><tr><td class=\"has-text-align-center\" data-align=\"center\">5.2<\/td><td class=\"has-text-align-center\" data-align=\"center\">Legisla\u00e7\u00e3o tribut\u00e1ria: leis, tratados, conven\u00e7\u00f5es internacionais, normas complementares<\/td><\/tr><tr><td class=\"has-text-align-center\" data-align=\"center\">5.3<\/td><td class=\"has-text-align-center\" data-align=\"center\">Vig\u00eancia da legisla\u00e7\u00e3o tribut\u00e1ria<\/td><\/tr><tr><td class=\"has-text-align-center\" data-align=\"center\">5.4<\/td><td class=\"has-text-align-center\" data-align=\"center\">Aplica\u00e7\u00e3o da legisla\u00e7\u00e3o tribut\u00e1ria<\/td><\/tr><tr><td class=\"has-text-align-center\" data-align=\"center\">5.5<\/td><td class=\"has-text-align-center\" data-align=\"center\">Interpreta\u00e7\u00e3o e integra\u00e7\u00e3o da legisla\u00e7\u00e3o tribut\u00e1ria<\/td><\/tr><tr><td class=\"has-text-align-center\" data-align=\"center\">6<\/td><td class=\"has-text-align-center\" data-align=\"center\"><strong>Obriga\u00e7\u00e3o tribut\u00e1ria (principal e acess\u00f3ria)<\/strong><\/td><\/tr><tr><td class=\"has-text-align-center\" data-align=\"center\">6.1<\/td><td class=\"has-text-align-center\" data-align=\"center\">Fato gerador; sujeitos ativo e passivo; capacidade tribut\u00e1ria; domic\u00edlio tribut\u00e1rio<\/td><\/tr><tr><td class=\"has-text-align-center\" data-align=\"center\">6.2<\/td><td class=\"has-text-align-center\" data-align=\"center\">Responsabilidade tribut\u00e1ria: solidariedade, sucessores, infra\u00e7\u00f5es<\/td><\/tr><tr><td class=\"has-text-align-center\" data-align=\"center\">7<\/td><td class=\"has-text-align-center\" data-align=\"center\"><strong>Cr\u00e9dito tribut\u00e1rio<\/strong><\/td><\/tr><tr><td class=\"has-text-align-center\" data-align=\"center\">7.1<\/td><td class=\"has-text-align-center\" data-align=\"center\">Constitui\u00e7\u00e3o; lan\u00e7amento; modalidades; suspens\u00e3o<\/td><\/tr><tr><td class=\"has-text-align-center\" data-align=\"center\">7.2<\/td><td class=\"has-text-align-center\" data-align=\"center\">Compensa\u00e7\u00e3o, restitui\u00e7\u00e3o, transa\u00e7\u00e3o, remiss\u00e3o, prescri\u00e7\u00e3o e decad\u00eancia<\/td><\/tr><tr><td class=\"has-text-align-center\" data-align=\"center\">7.3<\/td><td class=\"has-text-align-center\" data-align=\"center\">Convers\u00e3o de dep\u00f3sito em renda<\/td><\/tr><tr><td class=\"has-text-align-center\" data-align=\"center\">7.4<\/td><td class=\"has-text-align-center\" data-align=\"center\">Consigna\u00e7\u00e3o em pagamento<\/td><\/tr><tr><td class=\"has-text-align-center\" data-align=\"center\">7.5<\/td><td class=\"has-text-align-center\" data-align=\"center\">Decis\u00e3o administrativa irreform\u00e1vel e decis\u00e3o judicial passada em julgado<\/td><\/tr><tr><td class=\"has-text-align-center\" data-align=\"center\">7.6<\/td><td class=\"has-text-align-center\" data-align=\"center\">Restitui\u00e7\u00e3o do tributo transferido; juros, multas, corre\u00e7\u00e3o monet\u00e1ria<\/td><\/tr><tr><td class=\"has-text-align-center\" data-align=\"center\">7.7<\/td><td class=\"has-text-align-center\" data-align=\"center\">Suspens\u00e3o da exigibilidade do cr\u00e9dito tribut\u00e1rio<\/td><\/tr><tr><td class=\"has-text-align-center\" data-align=\"center\">8<\/td><td class=\"has-text-align-center\" data-align=\"center\"><strong>Compet\u00eancia tribut\u00e1ria<\/strong><\/td><\/tr><tr><td class=\"has-text-align-center\" data-align=\"center\">8.1<\/td><td class=\"has-text-align-center\" data-align=\"center\">N\u00e3o exerc\u00edcio da compet\u00eancia<\/td><\/tr><tr><td class=\"has-text-align-center\" data-align=\"center\">8.2<\/td><td class=\"has-text-align-center\" data-align=\"center\">Compet\u00eancia residual e extraordin\u00e1ria<\/td><\/tr><tr><td class=\"has-text-align-center\" data-align=\"center\">8.3<\/td><td class=\"has-text-align-center\" data-align=\"center\">Limita\u00e7\u00f5es da compet\u00eancia<\/td><\/tr><tr><td class=\"has-text-align-center\" data-align=\"center\">8.4<\/td><td class=\"has-text-align-center\" data-align=\"center\">Princ\u00edpios da legalidade e da tipicidade<\/td><\/tr><tr><td class=\"has-text-align-center\" data-align=\"center\">8.5<\/td><td class=\"has-text-align-center\" data-align=\"center\">Princ\u00edpio da anualidade<\/td><\/tr><tr><td class=\"has-text-align-center\" data-align=\"center\">8.6<\/td><td class=\"has-text-align-center\" data-align=\"center\">Proibi\u00e7\u00e3o de tributos interlocais<\/td><\/tr><tr><td class=\"has-text-align-center\" data-align=\"center\">8.7<\/td><td class=\"has-text-align-center\" data-align=\"center\">Imunidade e isen\u00e7\u00e3o<\/td><\/tr><tr><td class=\"has-text-align-center\" data-align=\"center\">8.8<\/td><td class=\"has-text-align-center\" data-align=\"center\">Uniformidade tribut\u00e1ria<\/td><\/tr><tr><td class=\"has-text-align-center\" data-align=\"center\">8.9<\/td><td class=\"has-text-align-center\" data-align=\"center\">Tributa\u00e7\u00e3o das concession\u00e1rias<\/td><\/tr><tr><td class=\"has-text-align-center\" data-align=\"center\">8.10<\/td><td class=\"has-text-align-center\" data-align=\"center\">Sociedades mistas e funda\u00e7\u00f5es<\/td><\/tr><tr><td class=\"has-text-align-center\" data-align=\"center\">8.11<\/td><td class=\"has-text-align-center\" data-align=\"center\">Imunidade rec\u00edproca<\/td><\/tr><tr><td class=\"has-text-align-center\" data-align=\"center\">8.12<\/td><td class=\"has-text-align-center\" data-align=\"center\">Extens\u00e3o da imunidade \u00e0s autarquias<\/td><\/tr><tr><td class=\"has-text-align-center\" data-align=\"center\">9<\/td><td class=\"has-text-align-center\" data-align=\"center\"><strong>Impostos federais<\/strong><\/td><\/tr><tr><td class=\"has-text-align-center\" data-align=\"center\">9.1<\/td><td class=\"has-text-align-center\" data-align=\"center\">Impostos sobre o com\u00e9rcio exterior<\/td><\/tr><tr><td class=\"has-text-align-center\" data-align=\"center\">9.2<\/td><td class=\"has-text-align-center\" data-align=\"center\">Imposto sobre produtos industrializados (IPI)<\/td><\/tr><tr><td class=\"has-text-align-center\" data-align=\"center\">9.3<\/td><td class=\"has-text-align-center\" data-align=\"center\">Imposto sobre opera\u00e7\u00f5es de cr\u00e9dito, c\u00e2mbio, seguro, t\u00edtulos e valores mobili\u00e1rios (IOF)<\/td><\/tr><tr><td class=\"has-text-align-center\" data-align=\"center\">10<\/td><td class=\"has-text-align-center\" data-align=\"center\"><strong>Imposto de Renda<\/strong><\/td><\/tr><tr><td class=\"has-text-align-center\" data-align=\"center\">10.1<\/td><td class=\"has-text-align-center\" data-align=\"center\">Regimes jur\u00eddicos<\/td><\/tr><tr><td class=\"has-text-align-center\" data-align=\"center\">10.2<\/td><td class=\"has-text-align-center\" data-align=\"center\">Imposto de renda pessoa jur\u00eddica<\/td><\/tr><tr><td class=\"has-text-align-center\" data-align=\"center\">10.3<\/td><td class=\"has-text-align-center\" data-align=\"center\">Imposto de renda pessoa f\u00edsica<\/td><\/tr><tr><td class=\"has-text-align-center\" data-align=\"center\">11<\/td><td class=\"has-text-align-center\" data-align=\"center\"><strong>Fato gerador<\/strong><\/td><\/tr><tr><td class=\"has-text-align-center\" data-align=\"center\">11.1<\/td><td class=\"has-text-align-center\" data-align=\"center\">Taxas e pre\u00e7os p\u00fablicos; taxas contratuais e facultativas<\/td><\/tr><tr><td class=\"has-text-align-center\" data-align=\"center\">11.2<\/td><td class=\"has-text-align-center\" data-align=\"center\">Contribui\u00e7\u00f5es para seguridade social; contribui\u00e7\u00e3o sobre o lucro<\/td><\/tr><tr><td class=\"has-text-align-center\" data-align=\"center\">11.3<\/td><td class=\"has-text-align-center\" data-align=\"center\">Regime da COFINS e da CIDE<\/td><\/tr><tr><td class=\"has-text-align-center\" data-align=\"center\">11.4<\/td><td class=\"has-text-align-center\" data-align=\"center\">Empr\u00e9stimo compuls\u00f3rio; limita\u00e7\u00f5es constitucionais<\/td><\/tr><tr><td class=\"has-text-align-center\" data-align=\"center\">12<\/td><td class=\"has-text-align-center\" data-align=\"center\"><strong>Administra\u00e7\u00e3o tribut\u00e1ria<\/strong><\/td><\/tr><tr><td class=\"has-text-align-center\" data-align=\"center\">12.1<\/td><td class=\"has-text-align-center\" data-align=\"center\">Procedimento fiscal; sigilo fiscal; presta\u00e7\u00e3o de informa\u00e7\u00f5es<\/td><\/tr><tr><td class=\"has-text-align-center\" data-align=\"center\">12.2<\/td><td class=\"has-text-align-center\" data-align=\"center\">D\u00edvida ativa; certid\u00f5es e cadastro<\/td><\/tr><\/tbody><\/table><\/figure>\n\n\n\n<h3 class=\"wp-block-heading\" id=\"h-direito-ambiental\"><span id=\"direito-ambiental\">Direito Ambiental<\/span><\/h3>\n\n\n\n<figure class=\"wp-block-table is-style-stripes\"><table class=\"has-electric-grass-gradient-background has-background\"><thead><tr><th class=\"has-text-align-center\" data-align=\"center\"><strong>N\u00ba<\/strong><\/th><th class=\"has-text-align-center\" data-align=\"center\"><strong>T\u00f3pico<\/strong><\/th><\/tr><\/thead><tbody><tr><td class=\"has-text-align-center\" data-align=\"center\">1<\/td><td class=\"has-text-align-center\" data-align=\"center\"><strong>Princ\u00edpios do Direito Ambiental<\/strong><\/td><\/tr><tr><td class=\"has-text-align-center\" data-align=\"center\">2<\/td><td class=\"has-text-align-center\" data-align=\"center\"><strong>A Constitui\u00e7\u00e3o Federal e o meio ambiente<\/strong><\/td><\/tr><tr><td class=\"has-text-align-center\" data-align=\"center\">3<\/td><td class=\"has-text-align-center\" data-align=\"center\"><strong>Reparti\u00e7\u00e3o de compet\u00eancias em mat\u00e9ria ambiental<\/strong><\/td><\/tr><tr><td class=\"has-text-align-center\" data-align=\"center\">3.1<\/td><td class=\"has-text-align-center\" data-align=\"center\">Normas de coopera\u00e7\u00e3o<\/td><\/tr><tr><td class=\"has-text-align-center\" data-align=\"center\">4<\/td><td class=\"has-text-align-center\" data-align=\"center\"><strong>Poder de pol\u00edcia e Direito Ambiental<\/strong><\/td><\/tr><tr><td class=\"has-text-align-center\" data-align=\"center\">4.1<\/td><td class=\"has-text-align-center\" data-align=\"center\">Licenciamento ambiental<\/td><\/tr><tr><td class=\"has-text-align-center\" data-align=\"center\">4.2<\/td><td class=\"has-text-align-center\" data-align=\"center\">Compensa\u00e7\u00e3o ambiental<\/td><\/tr><tr><td class=\"has-text-align-center\" data-align=\"center\">4.3<\/td><td class=\"has-text-align-center\" data-align=\"center\">Biosseguran\u00e7a<\/td><\/tr><tr><td class=\"has-text-align-center\" data-align=\"center\">4.4<\/td><td class=\"has-text-align-center\" data-align=\"center\">Infra\u00e7\u00f5es ambientais<\/td><\/tr><tr><td class=\"has-text-align-center\" data-align=\"center\">5<\/td><td class=\"has-text-align-center\" data-align=\"center\"><strong>Responsabilidade ambiental<\/strong><\/td><\/tr><tr><td class=\"has-text-align-center\" data-align=\"center\">5.1<\/td><td class=\"has-text-align-center\" data-align=\"center\">Conceito de dano<\/td><\/tr><tr><td class=\"has-text-align-center\" data-align=\"center\">5.2<\/td><td class=\"has-text-align-center\" data-align=\"center\">Repara\u00e7\u00e3o do dano ambiental<\/td><\/tr><tr><td class=\"has-text-align-center\" data-align=\"center\">5.3<\/td><td class=\"has-text-align-center\" data-align=\"center\">Extra\u00e7\u00e3o irregular de recursos minerais<\/td><\/tr><tr><td class=\"has-text-align-center\" data-align=\"center\">6<\/td><td class=\"has-text-align-center\" data-align=\"center\"><strong>Sistema Nacional do Meio Ambiente<\/strong><\/td><\/tr><tr><td class=\"has-text-align-center\" data-align=\"center\">6.1<\/td><td class=\"has-text-align-center\" data-align=\"center\">Pol\u00edtica Nacional do Meio Ambiente<\/td><\/tr><tr><td class=\"has-text-align-center\" data-align=\"center\">6.2<\/td><td class=\"has-text-align-center\" data-align=\"center\">Pol\u00edtica Energ\u00e9tica<\/td><\/tr><tr><td class=\"has-text-align-center\" data-align=\"center\">6.3<\/td><td class=\"has-text-align-center\" data-align=\"center\">Pol\u00edtica de Saneamento<\/td><\/tr><tr><td class=\"has-text-align-center\" data-align=\"center\">7<\/td><td class=\"has-text-align-center\" data-align=\"center\"><strong>Estudo de Impacto Ambiental (EIA)<\/strong><\/td><\/tr><tr><td class=\"has-text-align-center\" data-align=\"center\">7.1<\/td><td class=\"has-text-align-center\" data-align=\"center\">Conceito<\/td><\/tr><tr><td class=\"has-text-align-center\" data-align=\"center\">7.2<\/td><td class=\"has-text-align-center\" data-align=\"center\">Compet\u00eancias<\/td><\/tr><tr><td class=\"has-text-align-center\" data-align=\"center\">7.3<\/td><td class=\"has-text-align-center\" data-align=\"center\">Natureza jur\u00eddica<\/td><\/tr><tr><td class=\"has-text-align-center\" data-align=\"center\">7.4<\/td><td class=\"has-text-align-center\" data-align=\"center\">Requisitos<\/td><\/tr><tr><td class=\"has-text-align-center\" data-align=\"center\">8<\/td><td class=\"has-text-align-center\" data-align=\"center\"><strong>Biodiversidade<\/strong><\/td><\/tr><tr><td class=\"has-text-align-center\" data-align=\"center\">8.1<\/td><td class=\"has-text-align-center\" data-align=\"center\">Principais instrumentos de prote\u00e7\u00e3o internacional<\/td><\/tr><tr><td class=\"has-text-align-center\" data-align=\"center\">8.2<\/td><td class=\"has-text-align-center\" data-align=\"center\">Acesso<\/td><\/tr><tr><td class=\"has-text-align-center\" data-align=\"center\">8.3<\/td><td class=\"has-text-align-center\" data-align=\"center\">Pol\u00edtica nacional<\/td><\/tr><tr><td class=\"has-text-align-center\" data-align=\"center\">8.4<\/td><td class=\"has-text-align-center\" data-align=\"center\">Prote\u00e7\u00e3o jur\u00eddica do conhecimento tradicional associado<\/td><\/tr><tr><td class=\"has-text-align-center\" data-align=\"center\">9<\/td><td class=\"has-text-align-center\" data-align=\"center\"><strong>Prote\u00e7\u00e3o \u00e0s florestas<\/strong><\/td><\/tr><tr><td class=\"has-text-align-center\" data-align=\"center\">10<\/td><td class=\"has-text-align-center\" data-align=\"center\"><strong>\u00c1reas de Preserva\u00e7\u00e3o Permanente (APP) e Unidades de Conserva\u00e7\u00e3o<\/strong><\/td><\/tr><tr><td class=\"has-text-align-center\" data-align=\"center\">11<\/td><td class=\"has-text-align-center\" data-align=\"center\"><strong>Crimes contra o meio ambiente<\/strong><\/td><\/tr><\/tbody><\/table><\/figure>\n\n\n\n<p class=\"has-text-align-center\"><em>Fique por dentro de todos os detalhes do edital do concurso para Delegado PF.<br>Preparamos um artigo exclusivo para voc\u00ea, basta conferir abaixo:<\/em><\/p>\n\n\n\n<p class=\"has-text-align-center has-luminous-vivid-amber-background-color has-background cnvs-block-core-paragraph-1738691449545\"><strong><a href=\"https:\/\/cj.estrategia.com\/portal\/concurso-delegado-pf\/\" target=\"_blank\" >Concurso Delegado PF<\/a><\/strong><\/p>\n\n\n\n<h4 class=\"wp-block-heading has-text-align-center\" id=\"h-quer-saber-tudo-sobre-concursos-previstos-confira-nossos-artigos\"><span id=\"quer-saber-tudo-sobre-concursos-previstosconfira-nossos-artigos\">Quer saber tudo sobre concursos previstos?<br><strong>Confira nossos artigos!<\/strong><\/span><\/h4>\n\n\n\n<ul class=\"wp-block-list\">\n<li><a href=\"https:\/\/cj.estrategia.com\/portal\/concursos-abertos-carreiras-juridicas\/\" target=\"_blank\" >Concursos jur\u00eddicos abertos<\/a><\/li>\n\n\n\n<li><a href=\"https:\/\/cj.estrategia.com\/portal\/concursos-2025-carreiras-juridicas\/\" target=\"_blank\" >Concursos jur\u00eddicos 2025<\/a><\/li>\n\n\n\n<li><a href=\"https:\/\/cj.estrategia.com\/portal\/concursos-delegado\/\" target=\"_blank\" >Concursos Delegado<\/a><\/li>\n<\/ul>\n\n\n\n<h4 class=\"wp-block-heading has-text-align-center\" id=\"CURSO\"><span id=\"cursos-e-assinaturas\">CURSOS E ASSINATURAS<\/span><\/h4>\n\n\n\n<div class=\"container\" id=\"boxes\">\n  <div class=\"row\">\n\n    <div class=\"col-sm\">\n      <div class=\"banner-estrategia-concursos-juridicos\" id=\"box-assinatura\">\n        <h3 id=\"curso-para-delegado-pf\" class=\"titulo-assinatura\">Curso para Delegado PF<\/h3>\n        <p class=\"subtitulo-assinatura\">Cursos focados no edital do concurso<\/p>\n        <div class=\"box-botao\">\n          <a class=\"btn-assinatura-juridica\" target=\"_blank\" href=\"https:\/\/cj.estrategia.com\/curso\/policia-federal-delegado-pacote-teorico\" role=\"button\" rel=\"noopener noreferrer\">Conhe\u00e7a mais<\/a>\n        <\/div>\n      <\/div>\n  \n    <\/div>\n\n  <\/div>\n<\/div>\n\n\n\n<div class=\"wp-block-cover\" style=\"min-height:155px;aspect-ratio:unset;\"><img decoding=\"async\" width=\"1890\" height=\"351\" class=\"wp-block-cover__image-background wp-image-8669\" alt=\"Assinaturas Jur\u00eddicas\" src=\"https:\/\/cj.estrategia.com\/portal\/wp-content\/uploads\/2022\/06\/20151253\/concurso-carreiras-juridicas-assinatura-juridica.jpg\" style=\"object-position:78% 43%\" data-object-fit=\"cover\" data-object-position=\"78% 43%\" srcset=\"https:\/\/cj.estrategia.com\/portal\/wp-content\/uploads\/2022\/06\/20151253\/concurso-carreiras-juridicas-assinatura-juridica.jpg 1890w, https:\/\/cj.estrategia.com\/portal\/wp-content\/uploads\/2022\/06\/20151253\/concurso-carreiras-juridicas-assinatura-juridica-300x56.jpg 300w, https:\/\/cj.estrategia.com\/portal\/wp-content\/uploads\/2022\/06\/20151253\/concurso-carreiras-juridicas-assinatura-juridica-1024x190.jpg 1024w, https:\/\/cj.estrategia.com\/portal\/wp-content\/uploads\/2022\/06\/20151253\/concurso-carreiras-juridicas-assinatura-juridica-768x143.jpg 768w, https:\/\/cj.estrategia.com\/portal\/wp-content\/uploads\/2022\/06\/20151253\/concurso-carreiras-juridicas-assinatura-juridica-1536x285.jpg 1536w, https:\/\/cj.estrategia.com\/portal\/wp-content\/uploads\/2022\/06\/20151253\/concurso-carreiras-juridicas-assinatura-juridica-380x71.jpg 380w, https:\/\/cj.estrategia.com\/portal\/wp-content\/uploads\/2022\/06\/20151253\/concurso-carreiras-juridicas-assinatura-juridica-800x149.jpg 800w, https:\/\/cj.estrategia.com\/portal\/wp-content\/uploads\/2022\/06\/20151253\/concurso-carreiras-juridicas-assinatura-juridica-1160x215.jpg 1160w\" sizes=\"(max-width: 1890px) 100vw, 1890px\" \/><span aria-hidden=\"true\" class=\"wp-block-cover__background has-background-dim\"><\/span><div class=\"wp-block-cover__inner-container is-layout-flow wp-block-cover-is-layout-flow\">\n<h3 id=\"faca-a-sua-assinatura\" class=\"titulo-assinatura\"><span style=\"color: #ffffff;\">Fa\u00e7a a sua assinatura!<\/span><\/h3>\n<p class=\"subtitulo-assinatura\" style=\"display:block!important; line-height: 0;\"><span style=\"color: #ffffff;\">Escolha a sua \u00e1rea.<\/span><\/p>\n<a target=\"_blank\" href=\"https:\/\/www.estrategiaconcursos.com.br\/assinaturas-ecj\/\" rel=\"noopener\"><button style=\"border-radius: 10px; text-transform: capitalize;\">Acessar<\/button><\/a>\n<\/div><\/div>\n","protected":false},"excerpt":{"rendered":"A Pol\u00edcia Federal lan\u00e7ou, em 20 de maio, o novo edital do concurso para o cargo de Delegado.&hellip;\n","protected":false},"author":162,"featured_media":40746,"comment_status":"open","ping_status":"open","sticky":false,"template":"","format":"standard","meta":{"_jetpack_memberships_contains_paid_content":false,"footnotes":""},"categories":[1,28],"tags":[],"tax_estado":[36],"class_list":{"0":"post-122939","1":"post","2":"type-post","3":"status-publish","4":"format-standard","5":"has-post-thumbnail","7":"category-carreiras-juridicas","8":"category-delegado","9":"tax_estado-concursos-federais"},"acf":[],"yoast_head":"<!-- This site is optimized with the Yoast SEO Premium plugin v27.4 (Yoast SEO v27.4) - https:\/\/yoast.com\/product\/yoast-seo-premium-wordpress\/ -->\n<title>Quais s\u00e3o as disciplinas da prova objetiva para Delegado da PF?<\/title>\n<meta name=\"description\" content=\"Descubra quais disciplinas espec\u00edficas caem na prova objetiva de Delegado da PF e prepare-se para o exame com efici\u00eancia.\" \/>\n<meta name=\"robots\" content=\"index, follow, max-snippet:-1, max-image-preview:large, max-video-preview:-1\" \/>\n<link rel=\"canonical\" href=\"https:\/\/cj.estrategia.com\/portal\/quais-as-disciplinas-da-prova-objetiva-delegado-pf\/\" \/>\n<meta property=\"og:locale\" content=\"pt_BR\" \/>\n<meta property=\"og:type\" content=\"article\" \/>\n<meta property=\"og:title\" content=\"Quais s\u00e3o as disciplinas da prova objetiva para Delegado da PF?\" \/>\n<meta property=\"og:description\" content=\"Descubra quais disciplinas espec\u00edficas caem na prova objetiva de Delegado da PF e prepare-se para o exame com efici\u00eancia.\" \/>\n<meta property=\"og:url\" content=\"https:\/\/cj.estrategia.com\/portal\/quais-as-disciplinas-da-prova-objetiva-delegado-pf\/\" \/>\n<meta property=\"og:site_name\" content=\"Blog - Carreiras Jur\u00eddicas - Estrat\u00e9gia\" \/>\n<meta property=\"article:publisher\" content=\"https:\/\/www.facebook.com\/estrategiacarreirajuridica\/\" \/>\n<meta property=\"article:published_time\" content=\"2025-05-27T13:30:00+00:00\" \/>\n<meta property=\"og:image\" content=\"https:\/\/cj.estrategia.com\/portal\/wp-content\/uploads\/2023\/06\/07102355\/concurso-delegado-pf-policia-federal.jpg\" \/>\n\t<meta property=\"og:image:width\" content=\"768\" \/>\n\t<meta property=\"og:image:height\" content=\"432\" \/>\n\t<meta property=\"og:image:type\" content=\"image\/jpeg\" \/>\n<meta name=\"author\" content=\"Jos\u00e9 Ferreira\" \/>\n<meta name=\"twitter:card\" content=\"summary_large_image\" \/>\n<meta name=\"twitter:creator\" content=\"@EstratJuridica\" \/>\n<meta name=\"twitter:site\" content=\"@EstratJuridica\" \/>\n<meta name=\"twitter:label1\" content=\"Escrito por\" \/>\n\t<meta name=\"twitter:data1\" content=\"Jos\u00e9 Ferreira\" \/>\n\t<meta name=\"twitter:label2\" content=\"Est. tempo de leitura\" \/>\n\t<meta name=\"twitter:data2\" content=\"45 minutos\" \/>\n<script type=\"application\/ld+json\" class=\"yoast-schema-graph\">{\"@context\":\"https:\\\/\\\/schema.org\",\"@graph\":[{\"@type\":\"NewsArticle\",\"@id\":\"https:\\\/\\\/cj.estrategia.com\\\/portal\\\/quais-as-disciplinas-da-prova-objetiva-delegado-pf\\\/#article\",\"isPartOf\":{\"@id\":\"https:\\\/\\\/cj.estrategia.com\\\/portal\\\/quais-as-disciplinas-da-prova-objetiva-delegado-pf\\\/\"},\"author\":{\"name\":\"Jos\u00e9 Ferreira\",\"@id\":\"https:\\\/\\\/cj.estrategia.com\\\/portal\\\/#\\\/schema\\\/person\\\/4caf0099c42d736f2aade723f309f690\"},\"headline\":\"Quais s\u00e3o as disciplinas da prova objetiva para Delegado da PF?\",\"datePublished\":\"2025-05-27T13:30:00+00:00\",\"mainEntityOfPage\":{\"@id\":\"https:\\\/\\\/cj.estrategia.com\\\/portal\\\/quais-as-disciplinas-da-prova-objetiva-delegado-pf\\\/\"},\"wordCount\":4298,\"commentCount\":0,\"publisher\":{\"@id\":\"https:\\\/\\\/cj.estrategia.com\\\/portal\\\/#organization\"},\"image\":{\"@id\":\"https:\\\/\\\/cj.estrategia.com\\\/portal\\\/quais-as-disciplinas-da-prova-objetiva-delegado-pf\\\/#primaryimage\"},\"thumbnailUrl\":\"https:\\\/\\\/cj.estrategia.com\\\/portal\\\/wp-content\\\/uploads\\\/2023\\\/06\\\/07102355\\\/concurso-delegado-pf-policia-federal.jpg\",\"articleSection\":[\"Carreiras Jur\u00eddicas\",\"Delegado\"],\"inLanguage\":\"pt-BR\",\"potentialAction\":[{\"@type\":\"CommentAction\",\"name\":\"Comment\",\"target\":[\"https:\\\/\\\/cj.estrategia.com\\\/portal\\\/quais-as-disciplinas-da-prova-objetiva-delegado-pf\\\/#respond\"]}],\"accessibilityFeature\":[\"tableOfContents\"]},{\"@type\":\"WebPage\",\"@id\":\"https:\\\/\\\/cj.estrategia.com\\\/portal\\\/quais-as-disciplinas-da-prova-objetiva-delegado-pf\\\/\",\"url\":\"https:\\\/\\\/cj.estrategia.com\\\/portal\\\/quais-as-disciplinas-da-prova-objetiva-delegado-pf\\\/\",\"name\":\"Quais s\u00e3o as disciplinas da prova objetiva para Delegado da PF?\",\"isPartOf\":{\"@id\":\"https:\\\/\\\/cj.estrategia.com\\\/portal\\\/#website\"},\"primaryImageOfPage\":{\"@id\":\"https:\\\/\\\/cj.estrategia.com\\\/portal\\\/quais-as-disciplinas-da-prova-objetiva-delegado-pf\\\/#primaryimage\"},\"image\":{\"@id\":\"https:\\\/\\\/cj.estrategia.com\\\/portal\\\/quais-as-disciplinas-da-prova-objetiva-delegado-pf\\\/#primaryimage\"},\"thumbnailUrl\":\"https:\\\/\\\/cj.estrategia.com\\\/portal\\\/wp-content\\\/uploads\\\/2023\\\/06\\\/07102355\\\/concurso-delegado-pf-policia-federal.jpg\",\"datePublished\":\"2025-05-27T13:30:00+00:00\",\"description\":\"Descubra quais disciplinas espec\u00edficas caem na prova objetiva de Delegado da PF e prepare-se para o exame com efici\u00eancia.\",\"breadcrumb\":{\"@id\":\"https:\\\/\\\/cj.estrategia.com\\\/portal\\\/quais-as-disciplinas-da-prova-objetiva-delegado-pf\\\/#breadcrumb\"},\"inLanguage\":\"pt-BR\",\"potentialAction\":[{\"@type\":\"ReadAction\",\"target\":[\"https:\\\/\\\/cj.estrategia.com\\\/portal\\\/quais-as-disciplinas-da-prova-objetiva-delegado-pf\\\/\"]}]},{\"@type\":\"ImageObject\",\"inLanguage\":\"pt-BR\",\"@id\":\"https:\\\/\\\/cj.estrategia.com\\\/portal\\\/quais-as-disciplinas-da-prova-objetiva-delegado-pf\\\/#primaryimage\",\"url\":\"https:\\\/\\\/cj.estrategia.com\\\/portal\\\/wp-content\\\/uploads\\\/2023\\\/06\\\/07102355\\\/concurso-delegado-pf-policia-federal.jpg\",\"contentUrl\":\"https:\\\/\\\/cj.estrategia.com\\\/portal\\\/wp-content\\\/uploads\\\/2023\\\/06\\\/07102355\\\/concurso-delegado-pf-policia-federal.jpg\",\"width\":768,\"height\":432},{\"@type\":\"BreadcrumbList\",\"@id\":\"https:\\\/\\\/cj.estrategia.com\\\/portal\\\/quais-as-disciplinas-da-prova-objetiva-delegado-pf\\\/#breadcrumb\",\"itemListElement\":[{\"@type\":\"ListItem\",\"position\":1,\"name\":\"In\u00edcio\",\"item\":\"https:\\\/\\\/cj.estrategia.com\\\/portal\\\/\"},{\"@type\":\"ListItem\",\"position\":2,\"name\":\"Quais s\u00e3o as disciplinas da prova objetiva para Delegado da PF?\"}]},{\"@type\":\"WebSite\",\"@id\":\"https:\\\/\\\/cj.estrategia.com\\\/portal\\\/#website\",\"url\":\"https:\\\/\\\/cj.estrategia.com\\\/portal\\\/\",\"name\":\"Blog - Carreiras Jur\u00eddicas - Estrat\u00e9gia\",\"description\":\"\",\"publisher\":{\"@id\":\"https:\\\/\\\/cj.estrategia.com\\\/portal\\\/#organization\"},\"potentialAction\":[{\"@type\":\"SearchAction\",\"target\":{\"@type\":\"EntryPoint\",\"urlTemplate\":\"https:\\\/\\\/cj.estrategia.com\\\/portal\\\/?s={search_term_string}\"},\"query-input\":{\"@type\":\"PropertyValueSpecification\",\"valueRequired\":true,\"valueName\":\"search_term_string\"}}],\"inLanguage\":\"pt-BR\"},{\"@type\":\"Organization\",\"@id\":\"https:\\\/\\\/cj.estrategia.com\\\/portal\\\/#organization\",\"name\":\"Estrat\u00e9gia - Carreiras Jur\u00eddicas\",\"url\":\"https:\\\/\\\/cj.estrategia.com\\\/portal\\\/\",\"logo\":{\"@type\":\"ImageObject\",\"inLanguage\":\"pt-BR\",\"@id\":\"https:\\\/\\\/cj.estrategia.com\\\/portal\\\/#\\\/schema\\\/logo\\\/image\\\/\",\"url\":\"https:\\\/\\\/cj.estrategia.com\\\/portal\\\/wp-content\\\/uploads\\\/2022\\\/03\\\/11151052\\\/cj-logo.png\",\"contentUrl\":\"https:\\\/\\\/cj.estrategia.com\\\/portal\\\/wp-content\\\/uploads\\\/2022\\\/03\\\/11151052\\\/cj-logo.png\",\"width\":150,\"height\":39,\"caption\":\"Estrat\u00e9gia - Carreiras Jur\u00eddicas\"},\"image\":{\"@id\":\"https:\\\/\\\/cj.estrategia.com\\\/portal\\\/#\\\/schema\\\/logo\\\/image\\\/\"},\"sameAs\":[\"https:\\\/\\\/www.facebook.com\\\/estrategiacarreirajuridica\\\/\",\"https:\\\/\\\/x.com\\\/EstratJuridica\",\"https:\\\/\\\/www.instagram.com\\\/estrategiacarreirajuridica\\\/\",\"https:\\\/\\\/www.youtube.com\\\/channel\\\/UClbMGuYbj2Mh1m3w144ETWQ\"]},{\"@type\":\"Person\",\"@id\":\"https:\\\/\\\/cj.estrategia.com\\\/portal\\\/#\\\/schema\\\/person\\\/4caf0099c42d736f2aade723f309f690\",\"name\":\"Jos\u00e9 Ferreira\",\"image\":{\"@type\":\"ImageObject\",\"inLanguage\":\"pt-BR\",\"@id\":\"https:\\\/\\\/cj.estrategia.com\\\/portal\\\/wp-content\\\/uploads\\\/2025\\\/04\\\/18142237\\\/jose-ferreira-navarro-analista-de-conteudo-jornalismo-carreiras-juridicas-96x96.png\",\"url\":\"https:\\\/\\\/cj.estrategia.com\\\/portal\\\/wp-content\\\/uploads\\\/2025\\\/04\\\/18142237\\\/jose-ferreira-navarro-analista-de-conteudo-jornalismo-carreiras-juridicas-96x96.png\",\"contentUrl\":\"https:\\\/\\\/cj.estrategia.com\\\/portal\\\/wp-content\\\/uploads\\\/2025\\\/04\\\/18142237\\\/jose-ferreira-navarro-analista-de-conteudo-jornalismo-carreiras-juridicas-96x96.png\",\"caption\":\"Jos\u00e9 Ferreira\"},\"description\":\"Analista de conte\u00fado na equipe de Jornalismo, atua com SEO e estrat\u00e9gia para desenvolver conte\u00fados relevantes e de alta qualidade voltados para OAB e para o universo de Concursos Jur\u00eddicos.\",\"url\":\"https:\\\/\\\/cj.estrategia.com\\\/portal\\\/author\\\/jose-navarro-de-andrade-cintra-ferreira\\\/\"}]}<\/script>\n<!-- \/ Yoast SEO Premium plugin. -->","yoast_head_json":{"title":"Quais s\u00e3o as disciplinas da prova objetiva para Delegado da PF?","description":"Descubra quais disciplinas espec\u00edficas caem na prova objetiva de Delegado da PF e prepare-se para o exame com efici\u00eancia.","robots":{"index":"index","follow":"follow","max-snippet":"max-snippet:-1","max-image-preview":"max-image-preview:large","max-video-preview":"max-video-preview:-1"},"canonical":"https:\/\/cj.estrategia.com\/portal\/quais-as-disciplinas-da-prova-objetiva-delegado-pf\/","og_locale":"pt_BR","og_type":"article","og_title":"Quais s\u00e3o as disciplinas da prova objetiva para Delegado da PF?","og_description":"Descubra quais disciplinas espec\u00edficas caem na prova objetiva de Delegado da PF e prepare-se para o exame com efici\u00eancia.","og_url":"https:\/\/cj.estrategia.com\/portal\/quais-as-disciplinas-da-prova-objetiva-delegado-pf\/","og_site_name":"Blog - Carreiras Jur\u00eddicas - Estrat\u00e9gia","article_publisher":"https:\/\/www.facebook.com\/estrategiacarreirajuridica\/","article_published_time":"2025-05-27T13:30:00+00:00","og_image":[{"width":768,"height":432,"url":"https:\/\/cj.estrategia.com\/portal\/wp-content\/uploads\/2023\/06\/07102355\/concurso-delegado-pf-policia-federal.jpg","type":"image\/jpeg"}],"author":"Jos\u00e9 Ferreira","twitter_card":"summary_large_image","twitter_creator":"@EstratJuridica","twitter_site":"@EstratJuridica","twitter_misc":{"Escrito por":"Jos\u00e9 Ferreira","Est. tempo de leitura":"45 minutos"},"schema":{"@context":"https:\/\/schema.org","@graph":[{"@type":"NewsArticle","@id":"https:\/\/cj.estrategia.com\/portal\/quais-as-disciplinas-da-prova-objetiva-delegado-pf\/#article","isPartOf":{"@id":"https:\/\/cj.estrategia.com\/portal\/quais-as-disciplinas-da-prova-objetiva-delegado-pf\/"},"author":{"name":"Jos\u00e9 Ferreira","@id":"https:\/\/cj.estrategia.com\/portal\/#\/schema\/person\/4caf0099c42d736f2aade723f309f690"},"headline":"Quais s\u00e3o as disciplinas da prova objetiva para Delegado da PF?","datePublished":"2025-05-27T13:30:00+00:00","mainEntityOfPage":{"@id":"https:\/\/cj.estrategia.com\/portal\/quais-as-disciplinas-da-prova-objetiva-delegado-pf\/"},"wordCount":4298,"commentCount":0,"publisher":{"@id":"https:\/\/cj.estrategia.com\/portal\/#organization"},"image":{"@id":"https:\/\/cj.estrategia.com\/portal\/quais-as-disciplinas-da-prova-objetiva-delegado-pf\/#primaryimage"},"thumbnailUrl":"https:\/\/cj.estrategia.com\/portal\/wp-content\/uploads\/2023\/06\/07102355\/concurso-delegado-pf-policia-federal.jpg","articleSection":["Carreiras Jur\u00eddicas","Delegado"],"inLanguage":"pt-BR","potentialAction":[{"@type":"CommentAction","name":"Comment","target":["https:\/\/cj.estrategia.com\/portal\/quais-as-disciplinas-da-prova-objetiva-delegado-pf\/#respond"]}],"accessibilityFeature":["tableOfContents"]},{"@type":"WebPage","@id":"https:\/\/cj.estrategia.com\/portal\/quais-as-disciplinas-da-prova-objetiva-delegado-pf\/","url":"https:\/\/cj.estrategia.com\/portal\/quais-as-disciplinas-da-prova-objetiva-delegado-pf\/","name":"Quais s\u00e3o as disciplinas da prova objetiva para Delegado da PF?","isPartOf":{"@id":"https:\/\/cj.estrategia.com\/portal\/#website"},"primaryImageOfPage":{"@id":"https:\/\/cj.estrategia.com\/portal\/quais-as-disciplinas-da-prova-objetiva-delegado-pf\/#primaryimage"},"image":{"@id":"https:\/\/cj.estrategia.com\/portal\/quais-as-disciplinas-da-prova-objetiva-delegado-pf\/#primaryimage"},"thumbnailUrl":"https:\/\/cj.estrategia.com\/portal\/wp-content\/uploads\/2023\/06\/07102355\/concurso-delegado-pf-policia-federal.jpg","datePublished":"2025-05-27T13:30:00+00:00","description":"Descubra quais disciplinas espec\u00edficas caem na prova objetiva de Delegado da PF e prepare-se para o exame com efici\u00eancia.","breadcrumb":{"@id":"https:\/\/cj.estrategia.com\/portal\/quais-as-disciplinas-da-prova-objetiva-delegado-pf\/#breadcrumb"},"inLanguage":"pt-BR","potentialAction":[{"@type":"ReadAction","target":["https:\/\/cj.estrategia.com\/portal\/quais-as-disciplinas-da-prova-objetiva-delegado-pf\/"]}]},{"@type":"ImageObject","inLanguage":"pt-BR","@id":"https:\/\/cj.estrategia.com\/portal\/quais-as-disciplinas-da-prova-objetiva-delegado-pf\/#primaryimage","url":"https:\/\/cj.estrategia.com\/portal\/wp-content\/uploads\/2023\/06\/07102355\/concurso-delegado-pf-policia-federal.jpg","contentUrl":"https:\/\/cj.estrategia.com\/portal\/wp-content\/uploads\/2023\/06\/07102355\/concurso-delegado-pf-policia-federal.jpg","width":768,"height":432},{"@type":"BreadcrumbList","@id":"https:\/\/cj.estrategia.com\/portal\/quais-as-disciplinas-da-prova-objetiva-delegado-pf\/#breadcrumb","itemListElement":[{"@type":"ListItem","position":1,"name":"In\u00edcio","item":"https:\/\/cj.estrategia.com\/portal\/"},{"@type":"ListItem","position":2,"name":"Quais s\u00e3o as disciplinas da prova objetiva para Delegado da PF?"}]},{"@type":"WebSite","@id":"https:\/\/cj.estrategia.com\/portal\/#website","url":"https:\/\/cj.estrategia.com\/portal\/","name":"Blog - Carreiras Jur\u00eddicas - Estrat\u00e9gia","description":"","publisher":{"@id":"https:\/\/cj.estrategia.com\/portal\/#organization"},"potentialAction":[{"@type":"SearchAction","target":{"@type":"EntryPoint","urlTemplate":"https:\/\/cj.estrategia.com\/portal\/?s={search_term_string}"},"query-input":{"@type":"PropertyValueSpecification","valueRequired":true,"valueName":"search_term_string"}}],"inLanguage":"pt-BR"},{"@type":"Organization","@id":"https:\/\/cj.estrategia.com\/portal\/#organization","name":"Estrat\u00e9gia - Carreiras Jur\u00eddicas","url":"https:\/\/cj.estrategia.com\/portal\/","logo":{"@type":"ImageObject","inLanguage":"pt-BR","@id":"https:\/\/cj.estrategia.com\/portal\/#\/schema\/logo\/image\/","url":"https:\/\/cj.estrategia.com\/portal\/wp-content\/uploads\/2022\/03\/11151052\/cj-logo.png","contentUrl":"https:\/\/cj.estrategia.com\/portal\/wp-content\/uploads\/2022\/03\/11151052\/cj-logo.png","width":150,"height":39,"caption":"Estrat\u00e9gia - Carreiras Jur\u00eddicas"},"image":{"@id":"https:\/\/cj.estrategia.com\/portal\/#\/schema\/logo\/image\/"},"sameAs":["https:\/\/www.facebook.com\/estrategiacarreirajuridica\/","https:\/\/x.com\/EstratJuridica","https:\/\/www.instagram.com\/estrategiacarreirajuridica\/","https:\/\/www.youtube.com\/channel\/UClbMGuYbj2Mh1m3w144ETWQ"]},{"@type":"Person","@id":"https:\/\/cj.estrategia.com\/portal\/#\/schema\/person\/4caf0099c42d736f2aade723f309f690","name":"Jos\u00e9 Ferreira","image":{"@type":"ImageObject","inLanguage":"pt-BR","@id":"https:\/\/cj.estrategia.com\/portal\/wp-content\/uploads\/2025\/04\/18142237\/jose-ferreira-navarro-analista-de-conteudo-jornalismo-carreiras-juridicas-96x96.png","url":"https:\/\/cj.estrategia.com\/portal\/wp-content\/uploads\/2025\/04\/18142237\/jose-ferreira-navarro-analista-de-conteudo-jornalismo-carreiras-juridicas-96x96.png","contentUrl":"https:\/\/cj.estrategia.com\/portal\/wp-content\/uploads\/2025\/04\/18142237\/jose-ferreira-navarro-analista-de-conteudo-jornalismo-carreiras-juridicas-96x96.png","caption":"Jos\u00e9 Ferreira"},"description":"Analista de conte\u00fado na equipe de Jornalismo, atua com SEO e estrat\u00e9gia para desenvolver conte\u00fados relevantes e de alta qualidade voltados para OAB e para o universo de Concursos Jur\u00eddicos.","url":"https:\/\/cj.estrategia.com\/portal\/author\/jose-navarro-de-andrade-cintra-ferreira\/"}]}},"jetpack_featured_media_url":"https:\/\/cj.estrategia.com\/portal\/wp-content\/uploads\/2023\/06\/07102355\/concurso-delegado-pf-policia-federal.jpg","jetpack_sharing_enabled":true,"_links":{"self":[{"href":"https:\/\/cj.estrategia.com\/portal\/wp-json\/wp\/v2\/posts\/122939","targetHints":{"allow":["GET"]}}],"collection":[{"href":"https:\/\/cj.estrategia.com\/portal\/wp-json\/wp\/v2\/posts"}],"about":[{"href":"https:\/\/cj.estrategia.com\/portal\/wp-json\/wp\/v2\/types\/post"}],"author":[{"embeddable":true,"href":"https:\/\/cj.estrategia.com\/portal\/wp-json\/wp\/v2\/users\/162"}],"replies":[{"embeddable":true,"href":"https:\/\/cj.estrategia.com\/portal\/wp-json\/wp\/v2\/comments?post=122939"}],"version-history":[{"count":23,"href":"https:\/\/cj.estrategia.com\/portal\/wp-json\/wp\/v2\/posts\/122939\/revisions"}],"predecessor-version":[{"id":122963,"href":"https:\/\/cj.estrategia.com\/portal\/wp-json\/wp\/v2\/posts\/122939\/revisions\/122963"}],"wp:featuredmedia":[{"embeddable":true,"href":"https:\/\/cj.estrategia.com\/portal\/wp-json\/wp\/v2\/media\/40746"}],"wp:attachment":[{"href":"https:\/\/cj.estrategia.com\/portal\/wp-json\/wp\/v2\/media?parent=122939"}],"wp:term":[{"taxonomy":"category","embeddable":true,"href":"https:\/\/cj.estrategia.com\/portal\/wp-json\/wp\/v2\/categories?post=122939"},{"taxonomy":"post_tag","embeddable":true,"href":"https:\/\/cj.estrategia.com\/portal\/wp-json\/wp\/v2\/tags?post=122939"},{"taxonomy":"tax_estado","embeddable":true,"href":"https:\/\/cj.estrategia.com\/portal\/wp-json\/wp\/v2\/tax_estado?post=122939"}],"curies":[{"name":"wp","href":"https:\/\/api.w.org\/{rel}","templated":true}]}}