{"id":122713,"date":"2025-05-27T18:59:51","date_gmt":"2025-05-27T21:59:51","guid":{"rendered":"https:\/\/cj.estrategia.com\/portal\/?p=122713"},"modified":"2025-05-27T18:59:54","modified_gmt":"2025-05-27T21:59:54","slug":"gabarito-extraoficial-trf5-juiz","status":"publish","type":"post","link":"https:\/\/cj.estrategia.com\/portal\/gabarito-extraoficial-trf5-juiz\/","title":{"rendered":"Gabarito Extraoficial: TRF5 (Juiz)"},"content":{"rendered":"<a id=\"cta-icon\" href=\"https:\/\/sndflw.com\/i\/magistratura-federal-grupo\" target=\"blank\" style=\"background:rgb(41,166,26)\">\n            <img decoding=\"async\" src=\"https:\/\/cj.estrategia.com\/portal\/wp-content\/uploads\/2023\/12\/07160657\/whatsapp_1385.webp\" alt=\"\" alt=\"whatsapp_1385\"><span > Acesse agora o Grupo de Estudos para Magistratura Federal <\/span><\/a>\n\n\n\n<p>Aconteceu neste domingo, 25 de maio, as provas do<strong>&nbsp;Concurso TRF5 Juiz<\/strong>. As provas tiveram a dura\u00e7\u00e3o de 5 (cinco) horas e foram realizadas no hor\u00e1rio das 13h \u00e0s 18h (Hor\u00e1rio oficial de Bras\u00edlia\/DF).<\/p>\n\n\n\n<p>O<strong>&nbsp;concurso para Juiz Federal do TRF5<\/strong>&nbsp;registrou<strong>&nbsp;2.327 candidatos&nbsp;<\/strong>devidamente inscritos. Com 11 vagas dispon\u00edveis, a concorr\u00eancia ser\u00e1 acirrada: s\u00e3o, em m\u00e9dia, 211,54 candidatos por vaga!<\/p>\n\n\n\n<p class=\"wp-embed-aspect-16-9 wp-has-aspect-ratio\">Com o objetivo de ajud\u00e1-lo a diminuir um pouco a ansiedade e conferir seu desempenho, nossos professores realizar\u00e3o a corre\u00e7\u00e3o extraoficial, divulgando o&nbsp;<strong>Gabarito Extraoficial: TRF5 (Juiz)<\/strong> neste domingo, \u00e0s 19h.<\/p>\n\n\n\n<p class=\"has-very-light-gray-to-cyan-bluish-gray-gradient-background has-background\"><strong><strong><mark style=\"background-color:rgba(0, 0, 0, 0)\" class=\"has-inline-color has-vivid-red-color\">Mas aten\u00e7\u00e3o:<\/mark>&nbsp;<\/strong>Al\u00e9m da corre\u00e7\u00e3o, nosso super time disponibilizar\u00e1, o gabarito completo, com todas as quest\u00f5es escritas, um link para que voc\u00ea possa inserir seu gabarito e participar do ranking e realizar\u00e1 um webin\u00e1rio<\/strong> <strong>com todas as impress\u00f5es da prova. N\u00c3O PERCA!<\/strong><\/p>\n\n\n\n<h2 class=\"wp-block-heading\" id=\"h-gabarito-extraoficial-trf5-juiz-ao-vivo\"><span id=\"gabarito-extraoficial-trf5-juiz-ao-vivo\">Gabarito Extraoficial: TRF5 (Juiz): AO VIVO <\/span><\/h2>\n\n\n\n<figure class=\"wp-block-embed is-type-video is-provider-youtube wp-block-embed-youtube wp-embed-aspect-16-9 wp-has-aspect-ratio\"><div class=\"wp-block-embed__wrapper\">\n<div class=\"cs-embed cs-embed-responsive\"><iframe title=\"Gabarito Extraoficial TRF 5 (Juiz)\" width=\"1200\" height=\"675\" src=\"https:\/\/www.youtube.com\/embed\/JRO4TIH_Qbg?feature=oembed\" frameborder=\"0\" allow=\"accelerometer; autoplay; clipboard-write; encrypted-media; gyroscope; picture-in-picture; web-share\" referrerpolicy=\"strict-origin-when-cross-origin\" allowfullscreen><\/iframe><\/div>\n<\/div><\/figure>\n\n\n\n<h3 class=\"wp-block-heading\" id=\"h-confira-abaixo-os-professores-que-estarao-nas-correcoes-de-cada-disciplina\"><span id=\"confira-abaixo-os-professores-que-estarao-nas-correcoes-de-cada-disciplina\">Confira abaixo os professores que estar\u00e3o nas corre\u00e7\u00f5es de cada disciplina:<\/span><\/h3>\n\n\n\n<figure class=\"wp-block-table is-style-stripes\"><table class=\"has-very-light-gray-to-cyan-bluish-gray-gradient-background has-background has-fixed-layout\"><tbody><tr><td class=\"has-text-align-center\" data-align=\"center\"><strong>Mat\u00e9ria<\/strong><\/td><td class=\"has-text-align-center\" data-align=\"center\"><strong>Professor<\/strong><\/td><\/tr><tr><td class=\"has-text-align-center\" data-align=\"center\">\u00c2ncora<\/td><td class=\"has-text-align-center\" data-align=\"center\">Rodrigo Vaslin<\/td><\/tr><tr><td class=\"has-text-align-center\" data-align=\"center\">Direito Administrativo<\/td><td class=\"has-text-align-center\" data-align=\"center\">Igor Maciel<\/td><\/tr><tr><td class=\"has-text-align-center\" data-align=\"center\">Direito do Consumidor<\/td><td class=\"has-text-align-center\" data-align=\"center\">Igor Maciel<\/td><\/tr><tr><td class=\"has-text-align-center\" data-align=\"center\">Direito Constitucional<\/td><td class=\"has-text-align-center\" data-align=\"center\">Danniel Adriano<\/td><\/tr><tr><td class=\"has-text-align-center\" data-align=\"center\">Direito Econ\u00f4mico<\/td><td class=\"has-text-align-center\" data-align=\"center\">Jo\u00e3o Lawall<\/td><\/tr><tr><td class=\"has-text-align-center\" data-align=\"center\">Direito Financeiro<\/td><td class=\"has-text-align-center\" data-align=\"center\">Jo\u00e3o Lawal<\/td><\/tr><tr><td class=\"has-text-align-center\" data-align=\"center\">Direito Previdenci\u00e1rio<\/td><td class=\"has-text-align-center\" data-align=\"center\">Adriana Menezes<\/td><\/tr><tr><td class=\"has-text-align-center\" data-align=\"center\">Direito Processual Civil<\/td><td class=\"has-text-align-center\" data-align=\"center\">Rodrigo Vaslin<\/td><\/tr><tr><td class=\"has-text-align-center\" data-align=\"center\">Direito Civil<\/td><td class=\"has-text-align-center\" data-align=\"center\">Paulo Sousa<\/td><\/tr><tr><td class=\"has-text-align-center\" data-align=\"center\">Direito Empresarial<\/td><td class=\"has-text-align-center\" data-align=\"center\">Daniel Rizza<\/td><\/tr><tr><td class=\"has-text-align-center\" data-align=\"center\">Direito Tribut\u00e1rio&nbsp;<\/td><td class=\"has-text-align-center\" data-align=\"center\">Felipe Duque<\/td><\/tr><tr><td class=\"has-text-align-center\" data-align=\"center\">Direito Ambiental<\/td><td class=\"has-text-align-center\" data-align=\"center\">Thiago Leite<\/td><\/tr><tr><td class=\"has-text-align-center\" data-align=\"center\">Direito Penal<\/td><td class=\"has-text-align-center\" data-align=\"center\">Michael Proc\u00f3pio<\/td><\/tr><tr><td class=\"has-text-align-center\" data-align=\"center\">Direito Processual Penal<\/td><td class=\"has-text-align-center\" data-align=\"center\">Guilherme Rezende<\/td><\/tr><tr><td class=\"has-text-align-center\" data-align=\"center\">Internacional P\u00fablico e Privado<\/td><td class=\"has-text-align-center\" data-align=\"center\">Jos\u00e9 Luiz<\/td><\/tr><tr><td class=\"has-text-align-center\" data-align=\"center\">No\u00e7\u00f5es Gerais de Direito e Forma\u00e7\u00e3o Human\u00edstica<\/td><td class=\"has-text-align-center\" data-align=\"center\">Jo\u00e3o Lordelo<\/td><\/tr><tr><td class=\"has-text-align-center\" data-align=\"center\">Direitos Humanos<\/td><td class=\"has-text-align-center\" data-align=\"center\">Vin\u00edcius Zoponi<\/td><\/tr><tr><td class=\"has-text-align-center\" data-align=\"center\">Legisla\u00e7\u00e3o Penal e Processual Penal Especial<\/td><td class=\"has-text-align-center\" data-align=\"center\">Ivan Marques<\/td><\/tr><\/tbody><\/table><\/figure>\n\n\n\n<h3 class=\"wp-block-heading\" id=\"h-gabarito-extraoficial\"><span id=\"gabarito-extraoficial\">Gabarito Extraoficial<\/span><\/h3>\n\n\n\n<ul class=\"wp-block-list\">\n<li>PROVA TIPO 1 <\/li>\n<\/ul>\n\n\n\n<figure class=\"wp-block-table is-style-stripes\"><table class=\"has-pale-cyan-blue-background-color has-background has-fixed-layout\"><thead><tr><th>QUEST\u00d5ES<\/th><th class=\"has-text-align-center\" data-align=\"center\">RESPOSTAS<\/th><th>COMENT\u00c1RIOS<\/th><\/tr><\/thead><tbody><tr><td>1- Ato infralegal editado&#8230;<\/td><td class=\"has-text-align-center\" data-align=\"center\">B &#8211; est\u00e1 em harmonia&#8230;<\/td><td><\/td><\/tr><tr><td>2- Ana e Maria nasceram&#8230;<\/td><td class=\"has-text-align-center\" data-align=\"center\">B &#8211; Ana pode optar&#8230;<\/td><td><\/td><\/tr><tr><td>3- Jo\u00e3o, deputado federal&#8230;<\/td><td class=\"has-text-align-center\" data-align=\"center\">B &#8211; s\u00e3o exclu\u00eddos da receita&#8230;<\/td><td><\/td><\/tr><tr><td>4- Ap\u00f3s ampla mobiliza\u00e7\u00e3o&#8230;<\/td><td class=\"has-text-align-center\" data-align=\"center\">E &#8211; foi editado por Alfa&#8230;<\/td><td><\/td><\/tr><tr><td>5- A Lei federal n\u00ba X&#8230;<\/td><td class=\"has-text-align-center\" data-align=\"center\">C &#8211; constitucional, pois a cl\u00e1usula&#8230;<\/td><td><\/td><\/tr><tr><td>6- Ao proferir sua senten\u00e7a&#8230;<\/td><td class=\"has-text-align-center\" data-align=\"center\">B &#8211; os direitos fundamentais&#8230;<\/td><td><\/td><\/tr><tr><td>7- Determinado legitimado&#8230;<\/td><td class=\"has-text-align-center\" data-align=\"center\">D &#8211; a ADI perder\u00e1&#8230;<\/td><td><\/td><\/tr><tr><td>8-  Exercentes do controle&#8230;<\/td><td class=\"has-text-align-center\" data-align=\"center\">C &#8211; os Tribunais de Contas, auxiliares&#8230;<\/td><td><\/td><\/tr><tr><td>9- Os partidos pol\u00edticos&#8230;<\/td><td class=\"has-text-align-center\" data-align=\"center\">A &#8211; O Supremo Tribunal Federal&#8230;<\/td><td><\/td><\/tr><tr><td>10- As empresas p\u00fablicas e sociedades&#8230;<\/td><td class=\"has-text-align-center\" data-align=\"center\">B &#8211; considerando serem entidades&#8230;<\/td><td><\/td><\/tr><tr><td>11- M\u00e1rio, juiz federal&#8230;<\/td><td class=\"has-text-align-center\" data-align=\"center\">B &#8211; na hip\u00f3tese de agravamento&#8230;<\/td><td><\/td><\/tr><tr><td>12- Maria, moradora de cidade&#8230;<\/td><td class=\"has-text-align-center\" data-align=\"center\">E &#8211; caso Maria desempenhe&#8230; <\/td><td><\/td><\/tr><tr><td>13- Pedro, juiz federal&#8230;<\/td><td class=\"has-text-align-center\" data-align=\"center\">E &#8211; na hip\u00f3tese de comprovada&#8230;<\/td><td><\/td><\/tr><tr><td>14- A sociedade Brasiliana&#8230;<\/td><td class=\"has-text-align-center\" data-align=\"center\">A &#8211; a exposi\u00e7\u00e3o a agente&#8230;<\/td><td><\/td><\/tr><tr><td>15- Jorge, idoso e desempregado&#8230;<\/td><td class=\"has-text-align-center\" data-align=\"center\">B &#8211; Jorge poder\u00e1&#8230;mais de 65 anos&#8230;<\/td><td><\/td><\/tr><tr><td>16- Jo\u00e3o, segurado empregado&#8230;<\/td><td class=\"has-text-align-center\" data-align=\"center\">E &#8211; 60 anos&#8230;<\/td><td><\/td><\/tr><tr><td>17- A Constitui\u00e7\u00e3o de 1988&#8230;<\/td><td class=\"has-text-align-center\" data-align=\"center\">D &#8211; regra espec\u00edfica&#8230;<\/td><td><\/td><\/tr><tr><td>18- A sociedade XPTO&#8230;<\/td><td class=\"has-text-align-center\" data-align=\"center\">E &#8211; aportes \u00e0 previd\u00eancia&#8230;<\/td><td><\/td><\/tr><tr><td>19- Investiga\u00e7\u00e3o da Pol\u00edcia Federal&#8230;<\/td><td class=\"has-text-align-center\" data-align=\"center\">C &#8211; a transnacionalidade&#8230;<\/td><td><\/td><\/tr><tr><td>20- Dentre os princ\u00edpios&#8230;<\/td><td class=\"has-text-align-center\" data-align=\"center\">D &#8211; tratados e conven\u00e7\u00f5es&#8230;<\/td><td><\/td><\/tr><tr><td>21- A respeito do concurso&#8230;<\/td><td class=\"has-text-align-center\" data-align=\"center\">B &#8211; o princ\u00edpio da especialidade&#8230;<\/td><td><\/td><\/tr><tr><td>22- A respeito do fen\u00f4meno&#8230;<\/td><td class=\"has-text-align-center\" data-align=\"center\">C &#8211; o recebimento da den\u00fancia&#8230;<\/td><td><\/td><\/tr><tr><td>23- A Lei n\u00ba 7.492\/1986&#8230;<\/td><td class=\"has-text-align-center\" data-align=\"center\">E &#8211; o crime de gest\u00e3o&#8230;<\/td><td><\/td><\/tr><tr><td>24- A respeito do crime&#8230;<\/td><td class=\"has-text-align-center\" data-align=\"center\">B &#8211; a manuten\u00e7\u00e3o no exterior&#8230;<\/td><td><\/td><\/tr><tr><td>25- No que diz respeito ao&#8230;<\/td><td class=\"has-text-align-center\" data-align=\"center\">D &#8211; a decreta\u00e7\u00e3o da perda dos instrumentos&#8230;<\/td><td><\/td><\/tr><tr><td>26- Ruy e Rodrigo, servidores&#8230;<\/td><td class=\"has-text-align-center\" data-align=\"center\">D &#8211; n\u00e3o poder\u00e1&#8230;pois o Minist\u00e9rio&#8230;<\/td><td><\/td><\/tr><tr><td>27- Adriano praticou o crime&#8230;<\/td><td class=\"has-text-align-center\" data-align=\"center\">D &#8211; poder\u00e1 o juiz&#8230;em caso&#8230;<\/td><td><\/td><\/tr><tr><td>28- Juan, Pablo e Oscar&#8230;<\/td><td class=\"has-text-align-center\" data-align=\"center\">A &#8211; o curso do processo e da&#8230;n\u00e3o ser\u00e3o&#8230;<\/td><td><\/td><\/tr><tr><td>29- R\u00e9gis e Renato foram condenados&#8230;<\/td><td class=\"has-text-align-center\" data-align=\"center\">A &#8211; A Uni\u00e3o poder\u00e1 interpor recurso de apela\u00e7\u00e3o&#8230;<\/td><td><\/td><\/tr><tr><td>30- Heitor, valendo-se da regra&#8230;<\/td><td class=\"has-text-align-center\" data-align=\"center\">C &#8211; o conhecimento do&#8230;pressup\u00f5em o consentimento&#8230;<\/td><td><\/td><\/tr><tr><td>31- Luigi e Filippo&#8230;<\/td><td class=\"has-text-align-center\" data-align=\"center\">E &#8211; o Minist\u00e9rio&#8230;equivalente dos bens&#8230;<\/td><td><\/td><\/tr><tr><td>32- Washington e Wellington&#8230;<\/td><td class=\"has-text-align-center\" data-align=\"center\">C &#8211; n\u00e3o est\u00e1 vinculado&#8230;e desfruta&#8230;<\/td><td><\/td><\/tr><tr><td>33- Determinadas regras&#8230;<\/td><td class=\"has-text-align-center\" data-align=\"center\">D &#8211; \u00e9 admitida a lavratura&#8230;<\/td><td><\/td><\/tr><tr><td>34- Foi encaminhada representa\u00e7\u00e3o&#8230;<\/td><td class=\"has-text-align-center\" data-align=\"center\">D &#8211; a a\u00e7\u00e3o ou omiss\u00e3o&#8230;<\/td><td><\/td><\/tr><tr><td>35- A sociedade empres\u00e1ria Delta&#8230;<\/td><td class=\"has-text-align-center\" data-align=\"center\">C<\/td><td><\/td><\/tr><tr><td>36- A sociedade empres\u00e1ria Alfa&#8230;<\/td><td class=\"has-text-align-center\" data-align=\"center\">B &#8211; deve ser reconhecida a liberdade&#8230;<\/td><td><\/td><\/tr><tr><td>37- O juiz da 1\u00aa Vara Federal&#8230;<\/td><td class=\"has-text-align-center\" data-align=\"center\">A &#8211; \u00e9 acertada&#8230;desde que fundamentada&#8230;<\/td><td><\/td><\/tr><tr><td>38- Jo\u00e3o, benefici\u00e1rio&#8230;<\/td><td class=\"has-text-align-center\" data-align=\"center\">C &#8211; embora respaldada&#8230;<\/td><td><\/td><\/tr><tr><td>39- Considerando a jurisprud\u00eancia&#8230;<\/td><td class=\"has-text-align-center\" data-align=\"center\">B &#8211; n\u00e3o se aplica&#8230;<\/td><td><\/td><\/tr><tr><td>40- Resulta da for\u00e7a do&#8230;<\/td><td class=\"has-text-align-center\" data-align=\"center\">B &#8211; a inadmiss\u00e3o&#8230;<\/td><td><\/td><\/tr><tr><td>41- T\u00edcio deve R$ 10.000,00&#8230;<\/td><td class=\"has-text-align-center\" data-align=\"center\">A &#8211; R$ 10.000,00<\/td><td><\/td><\/tr><tr><td>42- Reinaldo era s\u00f3cio&#8230;<\/td><td class=\"has-text-align-center\" data-align=\"center\">D &#8211; poder\u00e1 prejudicar Reinado, uma vez<\/td><td><\/td><\/tr><tr><td>43- Fulano, jovem estagi\u00e1rio&#8230;<\/td><td class=\"has-text-align-center\" data-align=\"center\">B &#8211; deve-se reconhecer&#8230;porque&#8230;<\/td><td><\/td><\/tr><tr><td>44- A cooperativa XPTO&#8230;<\/td><td class=\"has-text-align-center\" data-align=\"center\">D &#8211; aplicada a teoria do terceiro&#8230;<\/td><td><\/td><\/tr><tr><td>45- Wagner, de 83 anos&#8230;<\/td><td class=\"has-text-align-center\" data-align=\"center\">E &#8211; de qualquer um dos&#8230;<\/td><td><\/td><\/tr><tr><td>46- A sociedade alfa&#8230;<\/td><td class=\"has-text-align-center\" data-align=\"center\">C &#8211; havia deca\u00eddo, pois o adquirente&#8230;<\/td><td><\/td><\/tr><tr><td>47- Inoc\u00eancio decidiu doar&#8230;<\/td><td class=\"has-text-align-center\" data-align=\"center\">E &#8211; Inoc\u00eancio ou&#8230;juntos ou em separado&#8230;<\/td><td><\/td><\/tr><tr><td>48- Aos 17 anos. Tadeu&#8230;<\/td><td class=\"has-text-align-center\" data-align=\"center\">C &#8211; poder\u00e1 executar a nova&#8230;<\/td><td><\/td><\/tr><tr><td>49- Noah, 15 anos&#8230;<\/td><td class=\"has-text-align-center\" data-align=\"center\">D &#8211; rio J\u00falio, tia Fl\u00e1via e&#8230;<\/td><td><\/td><\/tr><tr><td>50- Jana\u00edna, ajuizou&#8230;<\/td><td class=\"has-text-align-center\" data-align=\"center\">B &#8211; interven\u00e7\u00e3o an\u00f4mala&#8230;<\/td><td><\/td><\/tr><tr><td>51- Pedro, inconformado&#8230;<\/td><td class=\"has-text-align-center\" data-align=\"center\">C &#8211; al\u00e9m da Uni\u00e3o&#8230;<\/td><td><\/td><\/tr><tr><td>52- O direito processual civil&#8230;<\/td><td class=\"has-text-align-center\" data-align=\"center\">A &#8211; I, apenas&#8230;<\/td><td><\/td><\/tr><tr><td>53- A imparcialidade \u00e9 atributo&#8230;<\/td><td class=\"has-text-align-center\" data-align=\"center\">D &#8211; arguido  o impedimento&#8230;<\/td><td><\/td><\/tr><tr><td>54- A compet\u00eancia da justi\u00e7a&#8230;<\/td><td class=\"has-text-align-center\" data-align=\"center\">B &#8211; compete \u00e0 justi\u00e7a federal&#8230;<\/td><td><\/td><\/tr><tr><td>55- Solano, Manoel e Thiago&#8230;<\/td><td class=\"has-text-align-center\" data-align=\"center\">B &#8211; Manoel, somente&#8230;<\/td><td><\/td><\/tr><tr><td>56- Carla, aposentada&#8230;<\/td><td class=\"has-text-align-center\" data-align=\"center\">C &#8211; os honor\u00e1rios&#8230;<\/td><td><\/td><\/tr><tr><td>57- Jo\u00e3o, empregada p\u00fablico&#8230;<\/td><td class=\"has-text-align-center\" data-align=\"center\">D &#8211; o Estado Alfa&#8230;<\/td><td><\/td><\/tr><tr><td>58- Vladimir filho foi&#8230;<\/td><td class=\"has-text-align-center\" data-align=\"center\">D &#8211; a ilegitimidade passiva do executado&#8230;<\/td><td><\/td><\/tr><tr><td>59- Em 21 de junho de 2021&#8230;<\/td><td class=\"has-text-align-center\" data-align=\"center\">C &#8211; a execu\u00e7\u00e3o fiscal&#8230;sendo exce\u00e7\u00e3o&#8230;<\/td><td><\/td><\/tr><tr><td>60- Em a\u00e7\u00e3o pelo procedimento&#8230;<\/td><td class=\"has-text-align-center\" data-align=\"center\">A &#8211; \u00e9 assegurado&#8230;pelo mesmo requerente&#8230;<\/td><td><\/td><\/tr><tr><td>61- Acerca dos fundos&#8230;<\/td><td class=\"has-text-align-center\" data-align=\"center\">B &#8211; II, apenas&#8230;<\/td><td><\/td><\/tr><tr><td>62- Suponha que, ao final&#8230;<\/td><td class=\"has-text-align-center\" data-align=\"center\">D &#8211; n\u00e3o poder\u00e3o ser objeto&#8230;<\/td><td><\/td><\/tr><tr><td>63- A Lei Complementar n\u00ba 208&#8230;<\/td><td class=\"has-text-align-center\" data-align=\"center\">B &#8211; \u00e9 considerada opera\u00e7\u00e3o de venda&#8230;<\/td><td><\/td><\/tr><tr><td>64- A entidade religiosa XYZ&#8230;<\/td><td class=\"has-text-align-center\" data-align=\"center\">C &#8211; conceder a seguran\u00e7a, haja vista&#8230;<\/td><td><\/td><\/tr><tr><td>65- Suponha que determinada&#8230;<\/td><td class=\"has-text-align-center\" data-align=\"center\">A &#8211; materialmente&#8230; o valor da taxa&#8230;<\/td><td><\/td><\/tr><tr><td>66- O Banco ABC&#8230;<\/td><td class=\"has-text-align-center\" data-align=\"center\">C &#8211; procedente, tendo em vista&#8230;<\/td><td><\/td><\/tr><tr><td>67- A sociedade empres\u00e1ria ABC&#8230;<\/td><td class=\"has-text-align-center\" data-align=\"center\">B &#8211; isubsistente, haja vista<\/td><td><\/td><\/tr><tr><td>68- A sociedade empres\u00e1ria XYZ&#8230;<\/td><td class=\"has-text-align-center\" data-align=\"center\">A &#8211; dever\u00e1 ser&#8230;porquanto&#8230;<\/td><td><\/td><\/tr><tr><td>69- A Receita Federal&#8230;<\/td><td class=\"has-text-align-center\" data-align=\"center\">A &#8211; autoriza&#8230;uma ves que&#8230;<\/td><td><\/td><\/tr><tr><td>70- Ap\u00f3s a Constitui\u00e7\u00e3o&#8230;<\/td><td class=\"has-text-align-center\" data-align=\"center\">A &#8211; \u00e9 leg\u00edtima a averba\u00e7\u00e3o&#8230;<\/td><td><\/td><\/tr><tr><td>71- Jo\u00e3o, servidor p\u00fablico&#8230;<\/td><td class=\"has-text-align-center\" data-align=\"center\">C &#8211; faz jus&#8230; sem observ\u00e2ncia&#8230;<\/td><td><\/td><\/tr><tr><td>72- A funda\u00e7\u00e3o alfa&#8230;<\/td><td class=\"has-text-align-center\" data-align=\"center\">A &#8211; o ajuste a ser celebrado&#8230;<\/td><td><\/td><\/tr><tr><td>73- Alfa, sociedade&#8230;<\/td><td class=\"has-text-align-center\" data-align=\"center\">B &#8211; a ado\u00e7\u00e3o da consensualidade&#8230;<\/td><td><\/td><\/tr><tr><td>74- Ap\u00f3s a realiza\u00e7\u00e3o de&#8230;<\/td><td class=\"has-text-align-center\" data-align=\"center\">E &#8211; a declara\u00e7\u00e3o de&#8230;<\/td><td><\/td><\/tr><tr><td>75- O Tribunal de Contas&#8230;<\/td><td class=\"has-text-align-center\" data-align=\"center\">D &#8211; as tr\u00eas medidas cautelares&#8230;<\/td><td><\/td><\/tr><tr><td>76- A Uni\u00e3o, por seu&#8230;<\/td><td class=\"has-text-align-center\" data-align=\"center\">C &#8211; o compartilhamento objetivo&#8230;<\/td><td><\/td><\/tr><tr><td>77- A Uni\u00e3o&#8230;declarou&#8230;<\/td><td class=\"has-text-align-center\" data-align=\"center\">B &#8211; \u00e9 poss\u00edvel que a&#8230;<\/td><td><\/td><\/tr><tr><td>78- No curso de uma&#8230;<\/td><td class=\"has-text-align-center\" data-align=\"center\">B &#8211; os tr\u00eas est\u00e3o errados&#8230;<\/td><td><\/td><\/tr><tr><td>79- Jo\u00e3o possui im\u00f3vel&#8230;<\/td><td class=\"has-text-align-center\" data-align=\"center\">A &#8211; deve ser utilizada a taxa&#8230;<\/td><td><\/td><\/tr><tr><td>80- A Uni\u00e3o por interm\u00e9dio&#8230;<\/td><td class=\"has-text-align-center\" data-align=\"center\">B &#8211; em 2S, a administra\u00e7\u00e3o pode convocar&#8230;<\/td><td><\/td><\/tr><tr><td>81- Jo\u00e3o, propriet\u00e1rio&#8230;<\/td><td class=\"has-text-align-center\" data-align=\"center\">C &#8211; Federal&#8230;agricultura&#8230;<\/td><td><\/td><\/tr><tr><td>82- A microempresa rural&#8230;<\/td><td class=\"has-text-align-center\" data-align=\"center\">E &#8211; pode ser institu\u00edda&#8230;<\/td><td><\/td><\/tr><tr><td>83- Maria \u00e9 propriet\u00e1ria&#8230;<\/td><td class=\"has-text-align-center\" data-align=\"center\">D &#8211; \u00e9 respons\u00e1vel por manter&#8230;<\/td><td><\/td><\/tr><tr><td>84- No \u00e2mbito de suas&#8230;<\/td><td class=\"has-text-align-center\" data-align=\"center\">A &#8211; proceder com a&#8230;<\/td><td><\/td><\/tr><tr><td>85- Durante uma fiscaliza\u00e7\u00e3o&#8230;<\/td><td class=\"has-text-align-center\" data-align=\"center\">D &#8211; a celebra\u00e7\u00e3o do termo&#8230;<\/td><td><\/td><\/tr><tr><td>86- Determinado propriet\u00e1rio&#8230;<\/td><td class=\"has-text-align-center\" data-align=\"center\">B &#8211; o CAR deve conter&#8230;<\/td><td><\/td><\/tr><tr><td>87- Uma empresa de abastecimento&#8230;<\/td><td class=\"has-text-align-center\" data-align=\"center\">B &#8211; \u00e9 um ato administrativo&#8230;<\/td><td><\/td><\/tr><tr><td>88- Em 1943, no contexto&#8230;<\/td><td class=\"has-text-align-center\" data-align=\"center\">D &#8211; fique comprovada&#8230;aos direitos&#8230;<\/td><td><\/td><\/tr><tr><td>89- A expuls\u00e3o \u00e9 medida&#8230;<\/td><td class=\"has-text-align-center\" data-align=\"center\">E &#8211; tiver um filho brasileiro que esteja&#8230;<\/td><td><\/td><\/tr><tr><td>90- A Conven\u00e7\u00e3o de Haia&#8230; <\/td><td class=\"has-text-align-center\" data-align=\"center\">C &#8211; a autoridade central&#8230;<\/td><td><\/td><\/tr><tr><td>91- Uma empresa brasileira do setor&#8230;<\/td><td class=\"has-text-align-center\" data-align=\"center\">D &#8211; a avalia\u00e7\u00e3o&#8230;<\/td><td><\/td><\/tr><tr><td>92- O Conselho de Seguran\u00e7a&#8230;<\/td><td class=\"has-text-align-center\" data-align=\"center\">C -s\u00e3o dotadas de&#8230;<\/td><td><\/td><\/tr><tr><td>93- A Rep\u00fablica Federativa&#8230;<\/td><td class=\"has-text-align-center\" data-align=\"center\">A &#8211; a concess\u00e3o&#8230;<\/td><td><\/td><\/tr><tr><td>94- Jo\u00e3o investiu parte&#8230;<\/td><td class=\"has-text-align-center\" data-align=\"center\">B &#8211; a mutabilidade da cadeias&#8230;<\/td><td><\/td><\/tr><tr><td>95- Ao interpor recurso&#8230;<\/td><td class=\"has-text-align-center\" data-align=\"center\">E &#8211; defendeu que a norma&#8230;<\/td><td><\/td><\/tr><tr><td>96- Em uma gincana&#8230;<\/td><td class=\"has-text-align-center\" data-align=\"center\">B &#8211; apenas as do grupo alfa est\u00e3o certas&#8230;<\/td><td><\/td><\/tr><tr><td>97- A organiza\u00e7\u00e3o internacional&#8230;<\/td><td class=\"has-text-align-center\" data-align=\"center\">B &#8211; o requerimento&#8230;n\u00e3o suspender\u00e1&#8230;<\/td><td><\/td><\/tr><tr><td>98- Em janeiro de 2022&#8230;<\/td><td class=\"has-text-align-center\" data-align=\"center\">D &#8211; a supress\u00e3o&#8230;<\/td><td><\/td><\/tr><tr><td>99- A Conven\u00e7\u00e3o n\u00ba 169&#8230;<\/td><td class=\"has-text-align-center\" data-align=\"center\">C &#8211; a Conven\u00e7\u00e3o n\u00ba 169&#8230;<\/td><td><\/td><\/tr><tr><td>100- Em 2014, em resposta&#8230;<\/td><td class=\"has-text-align-center\" data-align=\"center\">B &#8211; nas hip\u00f3teses&#8230;<\/td><td><\/td><\/tr><\/tbody><\/table><\/figure>\n\n\n\n<h2 class=\"wp-block-heading\" id=\"h-prova-comentada-de-todas-as-disciplinas\"><span id=\"prova-comentada-de-todas-as-disciplinas\">Prova comentada de todas as disciplinas<\/span><\/h2>\n\n\n\n<p class=\"has-text-align-center\">Clique em cima do nome da mat\u00e9ria desejada:<\/p>\n\n\n\n<figure class=\"wp-block-table is-style-stripes\"><table class=\"has-pale-ocean-gradient-background has-background\"><thead><tr><th class=\"has-text-align-center\" data-align=\"center\">Mat\u00e9ria<\/th><\/tr><\/thead><tbody><tr><td class=\"has-text-align-center\" data-align=\"center\"><a href=\"https:\/\/cj.estrategia.com\/portal\/prova-comentada-direito-constitucional-concurso-juiz-federal-trf5\/\" target=\"_blank\" >Direito Constitucional<\/a><\/td><\/tr><tr><td class=\"has-text-align-center\" data-align=\"center\"><a href=\"https:\/\/cj.estrategia.com\/portal\/prova-comentada-direito-previdenciario-concurso-juiz-federal-trf5\/\" target=\"_blank\" >Direito Previdenci\u00e1rio<\/a><\/td><\/tr><tr><td class=\"has-text-align-center\" data-align=\"center\"><a href=\"https:\/\/cj.estrategia.com\/portal\/prova-comentada-direito-penal-concurso-juiz-federal-trf5\/\" target=\"_blank\" >Direito Penal<\/a><\/td><\/tr><tr><td class=\"has-text-align-center\" data-align=\"center\"><a href=\"https:\/\/cj.estrategia.com\/portal\/prova-comentada-legislacao-penal-concurso-juiz-federal-trf5\/\" target=\"_blank\" >Legisla\u00e7\u00e3o Penal<\/a><\/td><\/tr><tr><td class=\"has-text-align-center\" data-align=\"center\"><a href=\"https:\/\/cj.estrategia.com\/portal\/prova-comentada-processual-penal-especial-concurso-juiz-federal-trf5\/\" target=\"_blank\" >Processual Penal Especial<\/a><\/td><\/tr><tr><td class=\"has-text-align-center\" data-align=\"center\"><a href=\"https:\/\/cj.estrategia.com\/portal\/prova-comentada-direito-processual-penal-concurso-juiz-federal-trf5\/\" target=\"_blank\" >Direito Processual Penal<\/a><\/td><\/tr><tr><td class=\"has-text-align-center\" data-align=\"center\"><a href=\"https:\/\/cj.estrategia.com\/portal\/prova-comentada-direito-economico-concurso-juiz-federal-trf5\/\" target=\"_blank\" >Direito Econ\u00f4mico<\/a><\/td><\/tr><tr><td class=\"has-text-align-center\" data-align=\"center\"><a href=\"https:\/\/cj.estrategia.com\/portal\/prova-comentada-direito-do-consumidor-concurso-juiz-federal-trf5\/\" target=\"_blank\" >Direito do Consumidor<\/a><\/td><\/tr><tr><td class=\"has-text-align-center\" data-align=\"center\"><a href=\"https:\/\/cj.estrategia.com\/portal\/prova-comentada-direito-civil-concurso-juiz-federal-trf5\/\" target=\"_blank\" >Direito Civil<\/a><\/td><\/tr><tr><td class=\"has-text-align-center\" data-align=\"center\"><a href=\"https:\/\/cj.estrategia.com\/portal\/prova-comentada-direito-empresarial-concurso-juiz-federal-trf5\/\" target=\"_blank\" >Direito Empresarial<\/a><\/td><\/tr><tr><td class=\"has-text-align-center\" data-align=\"center\"><a href=\"https:\/\/cj.estrategia.com\/portal\/prova-comentada-direito-processual-civil-concurso-juiz-federal-trf5\/\" target=\"_blank\" >Direito Processual Civil<\/a><\/td><\/tr><tr><td class=\"has-text-align-center\" data-align=\"center\"><a href=\"https:\/\/cj.estrategia.com\/portal\/prova-comentada-direito-tributario-concurso-juiz-federal-trf5\/\" target=\"_blank\" >Direito Tribut\u00e1rio<\/a><\/td><\/tr><tr><td class=\"has-text-align-center\" data-align=\"center\"><a href=\"https:\/\/cj.estrategia.com\/portal\/prova-comentada-direito-financeiro-concurso-juiz-federal-trf5\/\" target=\"_blank\" >Direito Financeiro<\/a><\/td><\/tr><tr><td class=\"has-text-align-center\" data-align=\"center\"><a href=\"https:\/\/cj.estrategia.com\/portal\/prova-comentada-direito-administrativo-concurso-juiz-federal-trf5\/\" target=\"_blank\" >Direito Administrativo<\/a><\/td><\/tr><tr><td class=\"has-text-align-center\" data-align=\"center\"><a href=\"https:\/\/cj.estrategia.com\/portal\/prova-comentada-direito-ambiental-concurso-juiz-federal-trf5\/\" target=\"_blank\" >Direito Ambiental<\/a><\/td><\/tr><tr><td class=\"has-text-align-center\" data-align=\"center\"><a href=\"https:\/\/cj.estrategia.com\/portal\/prova-comentada-internacional-publico-e-privado-concurso-juiz-federal-trf5\/\" target=\"_blank\" >Internacional P\u00fablico e Privado<\/a><\/td><\/tr><tr><td class=\"has-text-align-center\" data-align=\"center\"><a href=\"https:\/\/cj.estrategia.com\/portal\/prova-comentada-nocoes-gerais-de-direito-e-formacao-humanistica-concurso-juiz-federal-trf5\/\" target=\"_blank\" >No\u00e7\u00f5es Gerais de Direito e Forma\u00e7\u00e3o Human\u00edstica<\/a><\/td><\/tr><tr><td class=\"has-text-align-center\" data-align=\"center\"><a href=\"https:\/\/cj.estrategia.com\/portal\/prova-comentada-direitos-humanos-concurso-juiz-federal-trf5\/\" target=\"_blank\" >Direitos Humanos<\/a><\/td><\/tr><\/tbody><\/table><\/figure>\n\n\n\n<p><\/p>\n\n\n\n<p class=\"has-text-align-center is-style-default has-very-light-gray-to-cyan-bluish-gray-gradient-background has-background\"><strong>Saiba mais: <a href=\"https:\/\/cj.estrategia.com\/portal\/concurso-trf5-juiz-federal\/\">Concurso TRF5 <\/a><\/strong><\/p>\n\n\n\n<h2 class=\"wp-block-heading has-text-align-center\" id=\"h-quer-saber-tudo-sobre-concursos-previstos-confira-nossos-artigos\"><span id=\"quer-saber-tudo-sobre-concursos-previstosconfira-nossos-artigos\">Quer saber tudo sobre concursos previstos?<br><strong>Confira nossos artigos!<\/strong><\/span><\/h2>\n\n\n\n<p><a href=\"https:\/\/cj.estrategia.com\/portal\/concursos-magistratura\/\" target=\"_blank\" >Concursos magistratura<\/a><\/p>\n\n\n\n<p><a href=\"https:\/\/cj.estrategia.com\/portal\/concursos-abertos-carreiras-juridicas\/\" target=\"_blank\" >Concursos jur\u00eddicos abertos<\/a><\/p>\n\n\n\n<p><a href=\"https:\/\/cj.estrategia.com\/portal\/concursos-2025-carreiras-juridicas\/\" target=\"_blank\" >Concursos jur\u00eddicos 2025<\/a><\/p>\n\n\n\n<p><\/p>\n","protected":false},"excerpt":{"rendered":"Aconteceu neste domingo, 25 de maio, as provas do&nbsp;Concurso TRF5 Juiz. As provas tiveram a dura\u00e7\u00e3o de 5&hellip;\n","protected":false},"author":12,"featured_media":20780,"comment_status":"open","ping_status":"open","sticky":false,"template":"","format":"standard","meta":{"_jetpack_memberships_contains_paid_content":false,"footnotes":""},"categories":[26],"tags":[],"tax_estado":[31,35,45,50,55],"class_list":{"0":"post-122713","1":"post","2":"type-post","3":"status-publish","4":"format-standard","5":"has-post-thumbnail","7":"category-magistratura","8":"tax_estado-al","9":"tax_estado-ce","10":"tax_estado-pb","11":"tax_estado-rn","12":"tax_estado-se"},"acf":[],"yoast_head":"<!-- This site is optimized with the Yoast SEO Premium plugin v27.4 (Yoast SEO v27.4) - https:\/\/yoast.com\/product\/yoast-seo-premium-wordpress\/ -->\n<title>Gabarito Extraoficial: TRF5 (Juiz)<\/title>\n<meta name=\"description\" content=\"Verifique seu desempenho no Concurso TRF5 Juiz com o Gabarito Extraoficial: TRF5 (Juiz) e nossa corre\u00e7\u00e3o detalhada!\" \/>\n<meta name=\"robots\" content=\"index, follow, max-snippet:-1, max-image-preview:large, max-video-preview:-1\" \/>\n<link rel=\"canonical\" href=\"https:\/\/cj.estrategia.com\/portal\/gabarito-extraoficial-trf5-juiz\/\" \/>\n<meta property=\"og:locale\" content=\"pt_BR\" \/>\n<meta property=\"og:type\" content=\"article\" \/>\n<meta property=\"og:title\" content=\"Gabarito Extraoficial: TRF5 (Juiz)\" \/>\n<meta property=\"og:description\" content=\"Verifique seu desempenho no Concurso TRF5 Juiz com o Gabarito Extraoficial: TRF5 (Juiz) e nossa corre\u00e7\u00e3o detalhada!\" \/>\n<meta property=\"og:url\" content=\"https:\/\/cj.estrategia.com\/portal\/gabarito-extraoficial-trf5-juiz\/\" \/>\n<meta property=\"og:site_name\" content=\"Blog - Carreiras Jur\u00eddicas - Estrat\u00e9gia\" \/>\n<meta property=\"article:publisher\" content=\"https:\/\/www.facebook.com\/estrategiacarreirajuridica\/\" \/>\n<meta property=\"article:published_time\" content=\"2025-05-27T21:59:51+00:00\" \/>\n<meta property=\"article:modified_time\" content=\"2025-05-27T21:59:54+00:00\" \/>\n<meta property=\"og:image\" content=\"https:\/\/cj.estrategia.com\/portal\/wp-content\/uploads\/2022\/09\/04102550\/Concursos-Magistratura.jpg\" \/>\n\t<meta property=\"og:image:width\" content=\"768\" \/>\n\t<meta property=\"og:image:height\" content=\"432\" \/>\n\t<meta property=\"og:image:type\" content=\"image\/jpeg\" \/>\n<meta name=\"author\" content=\"Coordena\u00e7\u00e3o\" \/>\n<meta name=\"twitter:card\" content=\"summary_large_image\" \/>\n<meta name=\"twitter:creator\" content=\"@EstratJuridica\" \/>\n<meta name=\"twitter:site\" content=\"@EstratJuridica\" \/>\n<meta name=\"twitter:label1\" content=\"Escrito por\" \/>\n\t<meta name=\"twitter:data1\" content=\"Coordena\u00e7\u00e3o\" \/>\n\t<meta name=\"twitter:label2\" content=\"Est. tempo de leitura\" \/>\n\t<meta name=\"twitter:data2\" content=\"8 minutos\" \/>\n<script type=\"application\/ld+json\" class=\"yoast-schema-graph\">{\"@context\":\"https:\\\/\\\/schema.org\",\"@graph\":[{\"@type\":\"NewsArticle\",\"@id\":\"https:\\\/\\\/cj.estrategia.com\\\/portal\\\/gabarito-extraoficial-trf5-juiz\\\/#article\",\"isPartOf\":{\"@id\":\"https:\\\/\\\/cj.estrategia.com\\\/portal\\\/gabarito-extraoficial-trf5-juiz\\\/\"},\"author\":{\"name\":\"Coordena\u00e7\u00e3o\",\"@id\":\"https:\\\/\\\/cj.estrategia.com\\\/portal\\\/#\\\/schema\\\/person\\\/4d70317d31449932b99102916b6637f5\"},\"headline\":\"Gabarito Extraoficial: TRF5 (Juiz)\",\"datePublished\":\"2025-05-27T21:59:51+00:00\",\"dateModified\":\"2025-05-27T21:59:54+00:00\",\"mainEntityOfPage\":{\"@id\":\"https:\\\/\\\/cj.estrategia.com\\\/portal\\\/gabarito-extraoficial-trf5-juiz\\\/\"},\"wordCount\":1520,\"commentCount\":0,\"publisher\":{\"@id\":\"https:\\\/\\\/cj.estrategia.com\\\/portal\\\/#organization\"},\"image\":{\"@id\":\"https:\\\/\\\/cj.estrategia.com\\\/portal\\\/gabarito-extraoficial-trf5-juiz\\\/#primaryimage\"},\"thumbnailUrl\":\"https:\\\/\\\/cj.estrategia.com\\\/portal\\\/wp-content\\\/uploads\\\/2022\\\/09\\\/04102550\\\/Concursos-Magistratura.jpg\",\"articleSection\":[\"Magistratura\"],\"inLanguage\":\"pt-BR\",\"potentialAction\":[{\"@type\":\"CommentAction\",\"name\":\"Comment\",\"target\":[\"https:\\\/\\\/cj.estrategia.com\\\/portal\\\/gabarito-extraoficial-trf5-juiz\\\/#respond\"]}]},{\"@type\":\"WebPage\",\"@id\":\"https:\\\/\\\/cj.estrategia.com\\\/portal\\\/gabarito-extraoficial-trf5-juiz\\\/\",\"url\":\"https:\\\/\\\/cj.estrategia.com\\\/portal\\\/gabarito-extraoficial-trf5-juiz\\\/\",\"name\":\"Gabarito Extraoficial: TRF5 (Juiz)\",\"isPartOf\":{\"@id\":\"https:\\\/\\\/cj.estrategia.com\\\/portal\\\/#website\"},\"primaryImageOfPage\":{\"@id\":\"https:\\\/\\\/cj.estrategia.com\\\/portal\\\/gabarito-extraoficial-trf5-juiz\\\/#primaryimage\"},\"image\":{\"@id\":\"https:\\\/\\\/cj.estrategia.com\\\/portal\\\/gabarito-extraoficial-trf5-juiz\\\/#primaryimage\"},\"thumbnailUrl\":\"https:\\\/\\\/cj.estrategia.com\\\/portal\\\/wp-content\\\/uploads\\\/2022\\\/09\\\/04102550\\\/Concursos-Magistratura.jpg\",\"datePublished\":\"2025-05-27T21:59:51+00:00\",\"dateModified\":\"2025-05-27T21:59:54+00:00\",\"description\":\"Verifique seu desempenho no Concurso TRF5 Juiz com o Gabarito Extraoficial: TRF5 (Juiz) e nossa corre\u00e7\u00e3o detalhada!\",\"breadcrumb\":{\"@id\":\"https:\\\/\\\/cj.estrategia.com\\\/portal\\\/gabarito-extraoficial-trf5-juiz\\\/#breadcrumb\"},\"inLanguage\":\"pt-BR\",\"potentialAction\":[{\"@type\":\"ReadAction\",\"target\":[\"https:\\\/\\\/cj.estrategia.com\\\/portal\\\/gabarito-extraoficial-trf5-juiz\\\/\"]}]},{\"@type\":\"ImageObject\",\"inLanguage\":\"pt-BR\",\"@id\":\"https:\\\/\\\/cj.estrategia.com\\\/portal\\\/gabarito-extraoficial-trf5-juiz\\\/#primaryimage\",\"url\":\"https:\\\/\\\/cj.estrategia.com\\\/portal\\\/wp-content\\\/uploads\\\/2022\\\/09\\\/04102550\\\/Concursos-Magistratura.jpg\",\"contentUrl\":\"https:\\\/\\\/cj.estrategia.com\\\/portal\\\/wp-content\\\/uploads\\\/2022\\\/09\\\/04102550\\\/Concursos-Magistratura.jpg\",\"width\":768,\"height\":432,\"caption\":\"magistratura\"},{\"@type\":\"BreadcrumbList\",\"@id\":\"https:\\\/\\\/cj.estrategia.com\\\/portal\\\/gabarito-extraoficial-trf5-juiz\\\/#breadcrumb\",\"itemListElement\":[{\"@type\":\"ListItem\",\"position\":1,\"name\":\"In\u00edcio\",\"item\":\"https:\\\/\\\/cj.estrategia.com\\\/portal\\\/\"},{\"@type\":\"ListItem\",\"position\":2,\"name\":\"Gabarito Extraoficial: TRF5 (Juiz)\"}]},{\"@type\":\"WebSite\",\"@id\":\"https:\\\/\\\/cj.estrategia.com\\\/portal\\\/#website\",\"url\":\"https:\\\/\\\/cj.estrategia.com\\\/portal\\\/\",\"name\":\"Blog - Carreiras Jur\u00eddicas - Estrat\u00e9gia\",\"description\":\"\",\"publisher\":{\"@id\":\"https:\\\/\\\/cj.estrategia.com\\\/portal\\\/#organization\"},\"potentialAction\":[{\"@type\":\"SearchAction\",\"target\":{\"@type\":\"EntryPoint\",\"urlTemplate\":\"https:\\\/\\\/cj.estrategia.com\\\/portal\\\/?s={search_term_string}\"},\"query-input\":{\"@type\":\"PropertyValueSpecification\",\"valueRequired\":true,\"valueName\":\"search_term_string\"}}],\"inLanguage\":\"pt-BR\"},{\"@type\":\"Organization\",\"@id\":\"https:\\\/\\\/cj.estrategia.com\\\/portal\\\/#organization\",\"name\":\"Estrat\u00e9gia - Carreiras Jur\u00eddicas\",\"url\":\"https:\\\/\\\/cj.estrategia.com\\\/portal\\\/\",\"logo\":{\"@type\":\"ImageObject\",\"inLanguage\":\"pt-BR\",\"@id\":\"https:\\\/\\\/cj.estrategia.com\\\/portal\\\/#\\\/schema\\\/logo\\\/image\\\/\",\"url\":\"https:\\\/\\\/cj.estrategia.com\\\/portal\\\/wp-content\\\/uploads\\\/2022\\\/03\\\/11151052\\\/cj-logo.png\",\"contentUrl\":\"https:\\\/\\\/cj.estrategia.com\\\/portal\\\/wp-content\\\/uploads\\\/2022\\\/03\\\/11151052\\\/cj-logo.png\",\"width\":150,\"height\":39,\"caption\":\"Estrat\u00e9gia - Carreiras Jur\u00eddicas\"},\"image\":{\"@id\":\"https:\\\/\\\/cj.estrategia.com\\\/portal\\\/#\\\/schema\\\/logo\\\/image\\\/\"},\"sameAs\":[\"https:\\\/\\\/www.facebook.com\\\/estrategiacarreirajuridica\\\/\",\"https:\\\/\\\/x.com\\\/EstratJuridica\",\"https:\\\/\\\/www.instagram.com\\\/estrategiacarreirajuridica\\\/\",\"https:\\\/\\\/www.youtube.com\\\/channel\\\/UClbMGuYbj2Mh1m3w144ETWQ\"]},{\"@type\":\"Person\",\"@id\":\"https:\\\/\\\/cj.estrategia.com\\\/portal\\\/#\\\/schema\\\/person\\\/4d70317d31449932b99102916b6637f5\",\"name\":\"Coordena\u00e7\u00e3o\",\"image\":{\"@type\":\"ImageObject\",\"inLanguage\":\"pt-BR\",\"@id\":\"https:\\\/\\\/cj.estrategia.com\\\/portal\\\/wp-content\\\/uploads\\\/2022\\\/05\\\/12164923\\\/estrategia-carreira-juridica-coordenacao-96x96.png\",\"url\":\"https:\\\/\\\/cj.estrategia.com\\\/portal\\\/wp-content\\\/uploads\\\/2022\\\/05\\\/12164923\\\/estrategia-carreira-juridica-coordenacao-96x96.png\",\"contentUrl\":\"https:\\\/\\\/cj.estrategia.com\\\/portal\\\/wp-content\\\/uploads\\\/2022\\\/05\\\/12164923\\\/estrategia-carreira-juridica-coordenacao-96x96.png\",\"caption\":\"Coordena\u00e7\u00e3o\"},\"url\":\"https:\\\/\\\/cj.estrategia.com\\\/portal\\\/author\\\/coordenacao\\\/\"}]}<\/script>\n<!-- \/ Yoast SEO Premium plugin. -->","yoast_head_json":{"title":"Gabarito Extraoficial: TRF5 (Juiz)","description":"Verifique seu desempenho no Concurso TRF5 Juiz com o Gabarito Extraoficial: TRF5 (Juiz) e nossa corre\u00e7\u00e3o detalhada!","robots":{"index":"index","follow":"follow","max-snippet":"max-snippet:-1","max-image-preview":"max-image-preview:large","max-video-preview":"max-video-preview:-1"},"canonical":"https:\/\/cj.estrategia.com\/portal\/gabarito-extraoficial-trf5-juiz\/","og_locale":"pt_BR","og_type":"article","og_title":"Gabarito Extraoficial: TRF5 (Juiz)","og_description":"Verifique seu desempenho no Concurso TRF5 Juiz com o Gabarito Extraoficial: TRF5 (Juiz) e nossa corre\u00e7\u00e3o detalhada!","og_url":"https:\/\/cj.estrategia.com\/portal\/gabarito-extraoficial-trf5-juiz\/","og_site_name":"Blog - Carreiras Jur\u00eddicas - Estrat\u00e9gia","article_publisher":"https:\/\/www.facebook.com\/estrategiacarreirajuridica\/","article_published_time":"2025-05-27T21:59:51+00:00","article_modified_time":"2025-05-27T21:59:54+00:00","og_image":[{"width":768,"height":432,"url":"https:\/\/cj.estrategia.com\/portal\/wp-content\/uploads\/2022\/09\/04102550\/Concursos-Magistratura.jpg","type":"image\/jpeg"}],"author":"Coordena\u00e7\u00e3o","twitter_card":"summary_large_image","twitter_creator":"@EstratJuridica","twitter_site":"@EstratJuridica","twitter_misc":{"Escrito por":"Coordena\u00e7\u00e3o","Est. tempo de leitura":"8 minutos"},"schema":{"@context":"https:\/\/schema.org","@graph":[{"@type":"NewsArticle","@id":"https:\/\/cj.estrategia.com\/portal\/gabarito-extraoficial-trf5-juiz\/#article","isPartOf":{"@id":"https:\/\/cj.estrategia.com\/portal\/gabarito-extraoficial-trf5-juiz\/"},"author":{"name":"Coordena\u00e7\u00e3o","@id":"https:\/\/cj.estrategia.com\/portal\/#\/schema\/person\/4d70317d31449932b99102916b6637f5"},"headline":"Gabarito Extraoficial: TRF5 (Juiz)","datePublished":"2025-05-27T21:59:51+00:00","dateModified":"2025-05-27T21:59:54+00:00","mainEntityOfPage":{"@id":"https:\/\/cj.estrategia.com\/portal\/gabarito-extraoficial-trf5-juiz\/"},"wordCount":1520,"commentCount":0,"publisher":{"@id":"https:\/\/cj.estrategia.com\/portal\/#organization"},"image":{"@id":"https:\/\/cj.estrategia.com\/portal\/gabarito-extraoficial-trf5-juiz\/#primaryimage"},"thumbnailUrl":"https:\/\/cj.estrategia.com\/portal\/wp-content\/uploads\/2022\/09\/04102550\/Concursos-Magistratura.jpg","articleSection":["Magistratura"],"inLanguage":"pt-BR","potentialAction":[{"@type":"CommentAction","name":"Comment","target":["https:\/\/cj.estrategia.com\/portal\/gabarito-extraoficial-trf5-juiz\/#respond"]}]},{"@type":"WebPage","@id":"https:\/\/cj.estrategia.com\/portal\/gabarito-extraoficial-trf5-juiz\/","url":"https:\/\/cj.estrategia.com\/portal\/gabarito-extraoficial-trf5-juiz\/","name":"Gabarito Extraoficial: TRF5 (Juiz)","isPartOf":{"@id":"https:\/\/cj.estrategia.com\/portal\/#website"},"primaryImageOfPage":{"@id":"https:\/\/cj.estrategia.com\/portal\/gabarito-extraoficial-trf5-juiz\/#primaryimage"},"image":{"@id":"https:\/\/cj.estrategia.com\/portal\/gabarito-extraoficial-trf5-juiz\/#primaryimage"},"thumbnailUrl":"https:\/\/cj.estrategia.com\/portal\/wp-content\/uploads\/2022\/09\/04102550\/Concursos-Magistratura.jpg","datePublished":"2025-05-27T21:59:51+00:00","dateModified":"2025-05-27T21:59:54+00:00","description":"Verifique seu desempenho no Concurso TRF5 Juiz com o Gabarito Extraoficial: TRF5 (Juiz) e nossa corre\u00e7\u00e3o detalhada!","breadcrumb":{"@id":"https:\/\/cj.estrategia.com\/portal\/gabarito-extraoficial-trf5-juiz\/#breadcrumb"},"inLanguage":"pt-BR","potentialAction":[{"@type":"ReadAction","target":["https:\/\/cj.estrategia.com\/portal\/gabarito-extraoficial-trf5-juiz\/"]}]},{"@type":"ImageObject","inLanguage":"pt-BR","@id":"https:\/\/cj.estrategia.com\/portal\/gabarito-extraoficial-trf5-juiz\/#primaryimage","url":"https:\/\/cj.estrategia.com\/portal\/wp-content\/uploads\/2022\/09\/04102550\/Concursos-Magistratura.jpg","contentUrl":"https:\/\/cj.estrategia.com\/portal\/wp-content\/uploads\/2022\/09\/04102550\/Concursos-Magistratura.jpg","width":768,"height":432,"caption":"magistratura"},{"@type":"BreadcrumbList","@id":"https:\/\/cj.estrategia.com\/portal\/gabarito-extraoficial-trf5-juiz\/#breadcrumb","itemListElement":[{"@type":"ListItem","position":1,"name":"In\u00edcio","item":"https:\/\/cj.estrategia.com\/portal\/"},{"@type":"ListItem","position":2,"name":"Gabarito Extraoficial: TRF5 (Juiz)"}]},{"@type":"WebSite","@id":"https:\/\/cj.estrategia.com\/portal\/#website","url":"https:\/\/cj.estrategia.com\/portal\/","name":"Blog - Carreiras Jur\u00eddicas - Estrat\u00e9gia","description":"","publisher":{"@id":"https:\/\/cj.estrategia.com\/portal\/#organization"},"potentialAction":[{"@type":"SearchAction","target":{"@type":"EntryPoint","urlTemplate":"https:\/\/cj.estrategia.com\/portal\/?s={search_term_string}"},"query-input":{"@type":"PropertyValueSpecification","valueRequired":true,"valueName":"search_term_string"}}],"inLanguage":"pt-BR"},{"@type":"Organization","@id":"https:\/\/cj.estrategia.com\/portal\/#organization","name":"Estrat\u00e9gia - Carreiras Jur\u00eddicas","url":"https:\/\/cj.estrategia.com\/portal\/","logo":{"@type":"ImageObject","inLanguage":"pt-BR","@id":"https:\/\/cj.estrategia.com\/portal\/#\/schema\/logo\/image\/","url":"https:\/\/cj.estrategia.com\/portal\/wp-content\/uploads\/2022\/03\/11151052\/cj-logo.png","contentUrl":"https:\/\/cj.estrategia.com\/portal\/wp-content\/uploads\/2022\/03\/11151052\/cj-logo.png","width":150,"height":39,"caption":"Estrat\u00e9gia - Carreiras Jur\u00eddicas"},"image":{"@id":"https:\/\/cj.estrategia.com\/portal\/#\/schema\/logo\/image\/"},"sameAs":["https:\/\/www.facebook.com\/estrategiacarreirajuridica\/","https:\/\/x.com\/EstratJuridica","https:\/\/www.instagram.com\/estrategiacarreirajuridica\/","https:\/\/www.youtube.com\/channel\/UClbMGuYbj2Mh1m3w144ETWQ"]},{"@type":"Person","@id":"https:\/\/cj.estrategia.com\/portal\/#\/schema\/person\/4d70317d31449932b99102916b6637f5","name":"Coordena\u00e7\u00e3o","image":{"@type":"ImageObject","inLanguage":"pt-BR","@id":"https:\/\/cj.estrategia.com\/portal\/wp-content\/uploads\/2022\/05\/12164923\/estrategia-carreira-juridica-coordenacao-96x96.png","url":"https:\/\/cj.estrategia.com\/portal\/wp-content\/uploads\/2022\/05\/12164923\/estrategia-carreira-juridica-coordenacao-96x96.png","contentUrl":"https:\/\/cj.estrategia.com\/portal\/wp-content\/uploads\/2022\/05\/12164923\/estrategia-carreira-juridica-coordenacao-96x96.png","caption":"Coordena\u00e7\u00e3o"},"url":"https:\/\/cj.estrategia.com\/portal\/author\/coordenacao\/"}]}},"jetpack_featured_media_url":"https:\/\/cj.estrategia.com\/portal\/wp-content\/uploads\/2022\/09\/04102550\/Concursos-Magistratura.jpg","jetpack_sharing_enabled":true,"_links":{"self":[{"href":"https:\/\/cj.estrategia.com\/portal\/wp-json\/wp\/v2\/posts\/122713","targetHints":{"allow":["GET"]}}],"collection":[{"href":"https:\/\/cj.estrategia.com\/portal\/wp-json\/wp\/v2\/posts"}],"about":[{"href":"https:\/\/cj.estrategia.com\/portal\/wp-json\/wp\/v2\/types\/post"}],"author":[{"embeddable":true,"href":"https:\/\/cj.estrategia.com\/portal\/wp-json\/wp\/v2\/users\/12"}],"replies":[{"embeddable":true,"href":"https:\/\/cj.estrategia.com\/portal\/wp-json\/wp\/v2\/comments?post=122713"}],"version-history":[{"count":61,"href":"https:\/\/cj.estrategia.com\/portal\/wp-json\/wp\/v2\/posts\/122713\/revisions"}],"predecessor-version":[{"id":123944,"href":"https:\/\/cj.estrategia.com\/portal\/wp-json\/wp\/v2\/posts\/122713\/revisions\/123944"}],"wp:featuredmedia":[{"embeddable":true,"href":"https:\/\/cj.estrategia.com\/portal\/wp-json\/wp\/v2\/media\/20780"}],"wp:attachment":[{"href":"https:\/\/cj.estrategia.com\/portal\/wp-json\/wp\/v2\/media?parent=122713"}],"wp:term":[{"taxonomy":"category","embeddable":true,"href":"https:\/\/cj.estrategia.com\/portal\/wp-json\/wp\/v2\/categories?post=122713"},{"taxonomy":"post_tag","embeddable":true,"href":"https:\/\/cj.estrategia.com\/portal\/wp-json\/wp\/v2\/tags?post=122713"},{"taxonomy":"tax_estado","embeddable":true,"href":"https:\/\/cj.estrategia.com\/portal\/wp-json\/wp\/v2\/tax_estado?post=122713"}],"curies":[{"name":"wp","href":"https:\/\/api.w.org\/{rel}","templated":true}]}}