{"id":119678,"date":"2025-05-13T13:30:54","date_gmt":"2025-05-13T16:30:54","guid":{"rendered":"https:\/\/cj.estrategia.com\/portal\/?p=119678"},"modified":"2025-05-13T13:36:05","modified_gmt":"2025-05-13T16:36:05","slug":"residencia-juridica-trajetoria-e-carreira","status":"publish","type":"post","link":"https:\/\/cj.estrategia.com\/portal\/residencia-juridica-trajetoria-e-carreira\/","title":{"rendered":"Como a Resid\u00eancia Jur\u00eddica impulsiona sua trajet\u00f3ria?"},"content":{"rendered":"\n<p>Aposto que voc\u00ea j\u00e1 sabe que a <mark style=\"background-color:#fcb900\" class=\"has-inline-color has-black-color\"><strong>Resid\u00eancia Jur\u00eddica \u00e9 uma modalidade de ensino e prepara\u00e7\u00e3o para a carreira voltada para bachar\u00e9is em Direito<\/strong><\/mark><strong> <\/strong>que estejam cursando especializa\u00e7\u00e3o, mestrado, doutorado ou p\u00f3s-doutorado, ou que tenham conclu\u00eddo a gradua\u00e7\u00e3o h\u00e1, no m\u00e1ximo, cinco anos.<\/p>\n\n\n\n<p>Al\u00e9m de proporcionar treinamento pr\u00e1tico em servi\u00e7o, integrando ensino, pesquisa e extens\u00e3o, o programa de resid\u00eancia jur\u00eddica pode <mark style=\"background-color:#000000\" class=\"has-inline-color has-luminous-vivid-amber-color\"><strong>auxiliar na trajet\u00f3ria em busca de uma carreira jur\u00eddica consolidada.<\/strong><\/mark><\/p>\n\n\n\n<p class=\"has-text-align-center\"><em>Inicie j\u00e1 sua prepara\u00e7\u00e3o para o pr\u00f3ximo concurso!<\/em><br><em>O&nbsp;<strong><a href=\"https:\/\/cj.estrategia.com\/\" target=\"_blank\" >Estrat\u00e9gia Carreira Jur\u00eddica<\/a><\/strong>&nbsp;criou um curso completo e estrat\u00e9gico para impulsionar sua aprova\u00e7\u00e3o. N\u00e3o perca essa oportunidade \u2014 garanta sua vaga agora mesmo!<\/em><\/p>\n\n\n\n<div class=\"container\" id=\"boxes\">\n  <div class=\"row\">\n\n    <div class=\"col-sm\">\n      <div class=\"banner-estrategia-concursos-juridicos\" id=\"box-assinatura\">\n        <h2 id=\"curso-para-concursos\" class=\"titulo-assinatura\"><span style=\"color: #ffffff; font-size: 23px; \">Curso para Concursos<\/span><\/h2>\n        <p class=\"subtitulo-assinatura\">Cursos focados no edital do concurso<\/p>\n        <div class=\"box-botao\">\n          <a class=\"btn-assinatura-juridica\" target=\"_blank\" href=\"https:\/\/cj.estrategia.com\/cursos\/home\" role=\"button\" rel=\"noopener noreferrer\">Conhe\u00e7a mais<\/a>\n        <\/div>\n      <\/div>\n      <p class=\"texto-auxiliar\">Prepare-se com o melhor material e com quem mais aprova em concursos em todo o pa\u00eds. \n<\/p>\n    <\/div>\n\n  <\/div>\n<\/div>\n\n\n\n<p><mark style=\"background-color:#fcb900\" class=\"has-inline-color has-black-color\"><strong>Os residentes jur\u00eddicos tem a fun\u00e7\u00e3o de auxiliar magistrados(as) e servidores(as) do Poder Judici\u00e1rio no exerc\u00edcio de suas fun\u00e7\u00f5es institucionais.<\/strong><\/mark> E funciona de forma semelhante \u00e0 resid\u00eancia m\u00e9dica, proporcionando uma <strong>experi\u00eancia pr\u00e1tica supervisionada<\/strong> em institui\u00e7\u00f5es p\u00fablicas ou privadas. <\/p>\n\n\n\n<p><em>Confira abaixo outros pontos positivos em iniciar a carreira com programa de resid\u00eancia jur\u00eddica:<\/em><\/p>\n\n\n\n<p><strong><mark style=\"background-color:#000000\" class=\"has-inline-color has-luminous-vivid-amber-color\">Aperfei\u00e7oamento pr\u00e1tico:<\/mark><\/strong> Voc\u00ea aplica o que aprendeu na gradua\u00e7\u00e3o em situa\u00e7\u00f5es reais, com acompanhamento de profissionais experientes. Isso fortalece sua base t\u00e9cnica e melhora a seguran\u00e7a para atuar no dia a dia jur\u00eddico.<\/p>\n\n\n\n<p><strong><mark style=\"background-color:#000000\" class=\"has-inline-color has-luminous-vivid-amber-color\">Orienta\u00e7\u00e3o de carreira:<\/mark><\/strong> Durante a resid\u00eancia, voc\u00ea tem contato com diversas \u00e1reas (como Direito Penal, Civil, Administrativo, etc.), <strong>o que ajuda a<\/strong> <strong>definir qual caminho seguir<\/strong>: Advocacia, Magistratura, MP, Defensoria, Procuradorias ou outra carreira p\u00fablica.<\/p>\n\n\n\n<p><strong><mark style=\"background-color:#000000\" class=\"has-inline-color has-luminous-vivid-amber-color\">Networking:<\/mark><\/strong> Conhecer pessoalmente professores, juristas, servidores e colegas que podem <strong>abrir portas<\/strong> no futuro \u2014 seja com indica\u00e7\u00f5es, oportunidades de est\u00e1gio ou concursos.<\/p>\n\n\n\n<p><mark style=\"background-color:#000000\" class=\"has-inline-color has-luminous-vivid-amber-color\"><strong>Valoriza\u00e7\u00e3o no mercado de trabalho:<\/strong><\/mark> Quem passou por uma resid\u00eancia costuma se <strong>destacar em entrevistas e sele\u00e7\u00f5es de emprego, <\/strong>pois demonstra comprometimento e bagagem pr\u00e1tica diferenciada.<\/p>\n\n\n\n<p><strong><mark style=\"background-color:#000000\" class=\"has-inline-color has-luminous-vivid-amber-color\">Bolsa aux\u00edlio:<\/mark><\/strong> praticamente todos os programas de resid\u00eancias oferecem <strong>remunera\u00e7\u00e3o mensal<\/strong> <strong>muito atrativa e com benef\u00edcios,<\/strong> o que ajuda financeiramente e ainda garante dedica\u00e7\u00e3o exclusiva aos estudos e \u00e0 pr\u00e1tica jur\u00eddica.<\/p>\n\n\n\n<h2 class=\"wp-block-heading has-text-color has-link-color wp-elements-b78368beb38927e270df22391c742d92\" id=\"h-quando-a-residencia-e-considerada-experiencia-profissional\" style=\"color:#aa7d00\"><span id=\"quando-a-residencia-e-considerada-experiencia-profissional\">Quando a resid\u00eancia \u00e9 considerada experi\u00eancia profissional?<\/span><\/h2>\n\n\n\n<ul class=\"wp-block-list\">\n<li><strong>Concursos que exigem pr\u00e1tica jur\u00eddica (ex.: Magistratura, MP, Defensoria, Procuradorias)<\/strong>. Os editais costumam <strong>aceitar resid\u00eancia jur\u00eddica como pr\u00e1tica jur\u00eddica<\/strong>, desde que ela tenha:\n<ul class=\"wp-block-list\">\n<li><strong>Carga hor\u00e1ria m\u00ednima<\/strong> (geralmente 30h semanais).<\/li>\n\n\n\n<li><strong>Dura\u00e7\u00e3o m\u00ednima de 1 a 3 anos<\/strong>, conforme exigido.<\/li>\n\n\n\n<li><strong>Atividades supervisionadas por profissional da \u00e1rea jur\u00eddica<\/strong>.<\/li>\n\n\n\n<li><strong>V\u00ednculo com institui\u00e7\u00e3o reconhecida (universidade, tribunal, minist\u00e9rio p\u00fablico, defensoria etc.)<\/strong>.<\/li>\n<\/ul>\n<\/li>\n\n\n\n<li><strong>Concursos com prova de t\u00edtulos<\/strong>\n<ul class=\"wp-block-list\">\n<li>Em concursos como Defensorias e alguns MPs, a resid\u00eancia jur\u00eddica pode <strong>contar pontos na fase de t\u00edtulos<\/strong>, mesmo quando n\u00e3o substitui a exig\u00eancia de pr\u00e1tica jur\u00eddica para a inscri\u00e7\u00e3o.<\/li>\n<\/ul>\n<\/li>\n<\/ul>\n\n\n\n<h3 class=\"wp-block-heading has-vivid-red-color has-text-color has-link-color wp-elements-f9d2ac4af8e4df572eeeba1d73202f32\" id=\"h-quando-nao-e-considerada\"><span id=\"quando-nao-e-considerada\">Quando n\u00e3o \u00e9 considerada?<\/span><\/h3>\n\n\n\n<p>Quando o edital <strong>restringe expressamente a pr\u00e1tica jur\u00eddica a atividades privativas de advogado ou a exerc\u00edcio de cargo p\u00fablico t\u00edpico da \u00e1rea jur\u00eddica<\/strong>.<\/p>\n\n\n\n<p>Se a resid\u00eancia tiver carga hor\u00e1ria muito baixa ou se n\u00e3o houver comprova\u00e7\u00e3o adequada (declara\u00e7\u00e3o com descri\u00e7\u00e3o das atividades, carga hor\u00e1ria e assinatura do respons\u00e1vel jur\u00eddico).<\/p>\n\n\n\n<p class=\"has-text-align-center\"><em>Fique por dentro de todos os detalhes de concursos abertos al\u00e9m de resid\u00eancia jur\u00eddica agora mesmo. Preparamos um artigo completo para voc\u00ea!<\/em><\/p>\n\n\n\n<p class=\"has-text-align-center is-style-cnvs-paragraph-callout has-luminous-vivid-amber-background-color has-background\"><a href=\"https:\/\/cj.estrategia.com\/portal\/residencia-juridica-tj-pa\/\" target=\"_blank\" ><\/a><strong><a href=\"https:\/\/cj.estrategia.com\/portal\/concursos-abertos-carreiras-juridicas\/\" target=\"_blank\" >Concursos jur\u00eddicos abertos<\/a><\/strong><\/p>\n\n\n\n<h2 class=\"wp-block-heading has-text-align-center\" id=\"h-quer-saber-tudo-sobre-concursos-previstos-confira-nossos-artigos\"><span id=\"quer-saber-tudo-sobre-concursos-previstosconfira-nossos-artigos\">Quer saber tudo sobre concursos previstos?<br><strong>Confira nossos artigos!<\/strong><\/span><\/h2>\n\n\n\n<ul class=\"wp-block-list\">\n<li><a href=\"https:\/\/cj.estrategia.com\/portal\/concursos-abertos-carreiras-juridicas\/\" target=\"_blank\" >Concursos jur\u00eddicos abertos<\/a><\/li>\n\n\n\n<li><a href=\"https:\/\/cj.estrategia.com\/portal\/concursos-2025-carreiras-juridicas\/\" target=\"_blank\" >Concursos jur\u00eddicos 2025<\/a><\/li>\n<\/ul>\n\n\n\n<h2 class=\"wp-block-heading has-text-align-center\" id=\"curso\"><span id=\"cursos-e-assinaturas\">CURSOS E ASSINATURAS<\/span><\/h2>\n\n\n\n<div class=\"wp-block-cover\" style=\"min-height:155px;aspect-ratio:unset;\"><img decoding=\"async\" width=\"1890\" height=\"351\" class=\"wp-block-cover__image-background wp-image-8669\" alt=\"Assinaturas Jur\u00eddicas\" src=\"https:\/\/cj.estrategia.com\/portal\/wp-content\/uploads\/2022\/06\/20151253\/concurso-carreiras-juridicas-assinatura-juridica.jpg\" style=\"object-position:78% 43%\" data-object-fit=\"cover\" data-object-position=\"78% 43%\" srcset=\"https:\/\/cj.estrategia.com\/portal\/wp-content\/uploads\/2022\/06\/20151253\/concurso-carreiras-juridicas-assinatura-juridica.jpg 1890w, https:\/\/cj.estrategia.com\/portal\/wp-content\/uploads\/2022\/06\/20151253\/concurso-carreiras-juridicas-assinatura-juridica-300x56.jpg 300w, https:\/\/cj.estrategia.com\/portal\/wp-content\/uploads\/2022\/06\/20151253\/concurso-carreiras-juridicas-assinatura-juridica-1024x190.jpg 1024w, https:\/\/cj.estrategia.com\/portal\/wp-content\/uploads\/2022\/06\/20151253\/concurso-carreiras-juridicas-assinatura-juridica-768x143.jpg 768w, https:\/\/cj.estrategia.com\/portal\/wp-content\/uploads\/2022\/06\/20151253\/concurso-carreiras-juridicas-assinatura-juridica-1536x285.jpg 1536w, https:\/\/cj.estrategia.com\/portal\/wp-content\/uploads\/2022\/06\/20151253\/concurso-carreiras-juridicas-assinatura-juridica-380x71.jpg 380w, https:\/\/cj.estrategia.com\/portal\/wp-content\/uploads\/2022\/06\/20151253\/concurso-carreiras-juridicas-assinatura-juridica-800x149.jpg 800w, https:\/\/cj.estrategia.com\/portal\/wp-content\/uploads\/2022\/06\/20151253\/concurso-carreiras-juridicas-assinatura-juridica-1160x215.jpg 1160w\" sizes=\"(max-width: 1890px) 100vw, 1890px\" \/><span aria-hidden=\"true\" class=\"wp-block-cover__background has-background-dim\"><\/span><div class=\"wp-block-cover__inner-container is-layout-flow wp-block-cover-is-layout-flow\">\n<h3 id=\"faca-a-sua-assinatura\" class=\"titulo-assinatura\"><span style=\"color: #ffffff;\">Fa\u00e7a a sua assinatura!<\/span><\/h3>\n<p class=\"subtitulo-assinatura\" style=\"display:block!important; line-height: 0;\"><span style=\"color: #ffffff;\">Escolha a sua \u00e1rea.<\/span><\/p>\n<a target=\"_blank\" href=\"https:\/\/www.estrategiaconcursos.com.br\/assinaturas-ecj\/\" rel=\"noopener\"><button style=\"border-radius: 10px; text-transform: capitalize;\">Acessar<\/button><\/a>\n<\/div><\/div>\n\n\n\n<p><\/p>\n\n\n\n<div class=\"container\" id=\"boxes\">\n  <div class=\"row\">\n\n    <div class=\"col-sm\">\n      <div class=\"banner-estrategia-concursos-juridicos\" id=\"box-assinatura\">\n        <h2 id=\"curso-para-concursos-2\" class=\"titulo-assinatura\"><span style=\"color: #ffffff; font-size: 23px; \">Curso para Concursos<\/span><\/h2>\n        <p class=\"subtitulo-assinatura\">Cursos focados no edital do concurso<\/p>\n        <div class=\"box-botao\">\n          <a class=\"btn-assinatura-juridica\" target=\"_blank\" href=\"https:\/\/cj.estrategia.com\/cursos\/home\" role=\"button\" rel=\"noopener noreferrer\">Conhe\u00e7a mais<\/a>\n        <\/div>\n      <\/div>\n      <p class=\"texto-auxiliar\">Prepare-se com o melhor material e com quem mais aprova em concursos em todo o pa\u00eds. \n<\/p>\n    <\/div>\n\n  <\/div>\n<\/div>\n\n\n\n<p><\/p>\n","protected":false},"excerpt":{"rendered":"Aposto que voc\u00ea j\u00e1 sabe que a Resid\u00eancia Jur\u00eddica \u00e9 uma modalidade de ensino e prepara\u00e7\u00e3o para a&hellip;\n","protected":false},"author":159,"featured_media":40798,"comment_status":"open","ping_status":"open","sticky":false,"template":"","format":"standard","meta":{"_jetpack_memberships_contains_paid_content":false,"footnotes":""},"categories":[1],"tags":[],"tax_estado":[30,31,32,33,34,35,37,38,39,40,41,42,43,44,45,46,47,48,49,50,51,52,53,54,55,56,57],"class_list":{"0":"post-119678","1":"post","2":"type-post","3":"status-publish","4":"format-standard","5":"has-post-thumbnail","7":"category-carreiras-juridicas","8":"tax_estado-ac","9":"tax_estado-al","10":"tax_estado-am","11":"tax_estado-ap","12":"tax_estado-ba","13":"tax_estado-ce","14":"tax_estado-df","15":"tax_estado-es","16":"tax_estado-go","17":"tax_estado-ma","18":"tax_estado-mg","19":"tax_estado-ms","20":"tax_estado-mt","21":"tax_estado-pa","22":"tax_estado-pb","23":"tax_estado-pe","24":"tax_estado-pi","25":"tax_estado-pr","26":"tax_estado-rj","27":"tax_estado-rn","28":"tax_estado-ro","29":"tax_estado-rr","30":"tax_estado-rs","31":"tax_estado-sc","32":"tax_estado-se","33":"tax_estado-sp","34":"tax_estado-to"},"acf":[],"yoast_head":"<!-- This site is optimized with the Yoast SEO Premium plugin v27.4 (Yoast SEO v27.4) - https:\/\/yoast.com\/product\/yoast-seo-premium-wordpress\/ -->\n<title>Como a Resid\u00eancia Jur\u00eddica impulsiona sua trajet\u00f3ria?<\/title>\n<meta name=\"description\" content=\"O programa de Residencia Jur\u00eddica tem potencial de impulsionar ainda mais sua trajet\u00f3ria e carreira na \u00e1rea jur\u00eddica, confira os detalhes...\" \/>\n<meta name=\"robots\" content=\"index, follow, max-snippet:-1, max-image-preview:large, max-video-preview:-1\" \/>\n<link rel=\"canonical\" href=\"https:\/\/cj.estrategia.com\/portal\/residencia-juridica-trajetoria-e-carreira\/\" \/>\n<meta property=\"og:locale\" content=\"pt_BR\" \/>\n<meta property=\"og:type\" content=\"article\" \/>\n<meta property=\"og:title\" content=\"Como a Resid\u00eancia Jur\u00eddica impulsiona sua trajet\u00f3ria?\" \/>\n<meta property=\"og:description\" content=\"O programa de Residencia Jur\u00eddica tem potencial de impulsionar ainda mais sua trajet\u00f3ria e carreira na \u00e1rea jur\u00eddica, confira os detalhes...\" \/>\n<meta property=\"og:url\" content=\"https:\/\/cj.estrategia.com\/portal\/residencia-juridica-trajetoria-e-carreira\/\" \/>\n<meta property=\"og:site_name\" content=\"Blog - Carreiras Jur\u00eddicas - Estrat\u00e9gia\" \/>\n<meta property=\"article:publisher\" content=\"https:\/\/www.facebook.com\/estrategiacarreirajuridica\/\" \/>\n<meta property=\"article:published_time\" content=\"2025-05-13T16:30:54+00:00\" \/>\n<meta property=\"article:modified_time\" content=\"2025-05-13T16:36:05+00:00\" \/>\n<meta property=\"og:image\" content=\"https:\/\/cj.estrategia.com\/portal\/wp-content\/uploads\/2023\/05\/07114108\/residencia-juridica-ecj-carreiras-juridicas.jpg\" \/>\n\t<meta property=\"og:image:width\" content=\"768\" \/>\n\t<meta property=\"og:image:height\" content=\"432\" \/>\n\t<meta property=\"og:image:type\" content=\"image\/jpeg\" \/>\n<meta name=\"author\" content=\"Priscila Bonomi\" \/>\n<meta name=\"twitter:card\" content=\"summary_large_image\" \/>\n<meta name=\"twitter:creator\" content=\"@EstratJuridica\" \/>\n<meta name=\"twitter:site\" content=\"@EstratJuridica\" \/>\n<meta name=\"twitter:label1\" content=\"Escrito por\" \/>\n\t<meta name=\"twitter:data1\" content=\"Priscila Bonomi\" \/>\n\t<meta name=\"twitter:label2\" content=\"Est. tempo de leitura\" \/>\n\t<meta name=\"twitter:data2\" content=\"4 minutos\" \/>\n<script type=\"application\/ld+json\" class=\"yoast-schema-graph\">{\"@context\":\"https:\\\/\\\/schema.org\",\"@graph\":[{\"@type\":\"NewsArticle\",\"@id\":\"https:\\\/\\\/cj.estrategia.com\\\/portal\\\/residencia-juridica-trajetoria-e-carreira\\\/#article\",\"isPartOf\":{\"@id\":\"https:\\\/\\\/cj.estrategia.com\\\/portal\\\/residencia-juridica-trajetoria-e-carreira\\\/\"},\"author\":{\"name\":\"Priscila Bonomi\",\"@id\":\"https:\\\/\\\/cj.estrategia.com\\\/portal\\\/#\\\/schema\\\/person\\\/b472e0140705ac6b5d15ed70554fae55\"},\"headline\":\"Como a Resid\u00eancia Jur\u00eddica impulsiona sua trajet\u00f3ria?\",\"datePublished\":\"2025-05-13T16:30:54+00:00\",\"dateModified\":\"2025-05-13T16:36:05+00:00\",\"mainEntityOfPage\":{\"@id\":\"https:\\\/\\\/cj.estrategia.com\\\/portal\\\/residencia-juridica-trajetoria-e-carreira\\\/\"},\"wordCount\":665,\"commentCount\":0,\"publisher\":{\"@id\":\"https:\\\/\\\/cj.estrategia.com\\\/portal\\\/#organization\"},\"image\":{\"@id\":\"https:\\\/\\\/cj.estrategia.com\\\/portal\\\/residencia-juridica-trajetoria-e-carreira\\\/#primaryimage\"},\"thumbnailUrl\":\"https:\\\/\\\/cj.estrategia.com\\\/portal\\\/wp-content\\\/uploads\\\/2023\\\/05\\\/07114108\\\/residencia-juridica-ecj-carreiras-juridicas.jpg\",\"articleSection\":[\"Carreiras Jur\u00eddicas\"],\"inLanguage\":\"pt-BR\",\"potentialAction\":[{\"@type\":\"CommentAction\",\"name\":\"Comment\",\"target\":[\"https:\\\/\\\/cj.estrategia.com\\\/portal\\\/residencia-juridica-trajetoria-e-carreira\\\/#respond\"]}]},{\"@type\":\"WebPage\",\"@id\":\"https:\\\/\\\/cj.estrategia.com\\\/portal\\\/residencia-juridica-trajetoria-e-carreira\\\/\",\"url\":\"https:\\\/\\\/cj.estrategia.com\\\/portal\\\/residencia-juridica-trajetoria-e-carreira\\\/\",\"name\":\"Como a Resid\u00eancia Jur\u00eddica impulsiona sua trajet\u00f3ria?\",\"isPartOf\":{\"@id\":\"https:\\\/\\\/cj.estrategia.com\\\/portal\\\/#website\"},\"primaryImageOfPage\":{\"@id\":\"https:\\\/\\\/cj.estrategia.com\\\/portal\\\/residencia-juridica-trajetoria-e-carreira\\\/#primaryimage\"},\"image\":{\"@id\":\"https:\\\/\\\/cj.estrategia.com\\\/portal\\\/residencia-juridica-trajetoria-e-carreira\\\/#primaryimage\"},\"thumbnailUrl\":\"https:\\\/\\\/cj.estrategia.com\\\/portal\\\/wp-content\\\/uploads\\\/2023\\\/05\\\/07114108\\\/residencia-juridica-ecj-carreiras-juridicas.jpg\",\"datePublished\":\"2025-05-13T16:30:54+00:00\",\"dateModified\":\"2025-05-13T16:36:05+00:00\",\"description\":\"O programa de Residencia Jur\u00eddica tem potencial de impulsionar ainda mais sua trajet\u00f3ria e carreira na \u00e1rea jur\u00eddica, confira os detalhes...\",\"breadcrumb\":{\"@id\":\"https:\\\/\\\/cj.estrategia.com\\\/portal\\\/residencia-juridica-trajetoria-e-carreira\\\/#breadcrumb\"},\"inLanguage\":\"pt-BR\",\"potentialAction\":[{\"@type\":\"ReadAction\",\"target\":[\"https:\\\/\\\/cj.estrategia.com\\\/portal\\\/residencia-juridica-trajetoria-e-carreira\\\/\"]}]},{\"@type\":\"ImageObject\",\"inLanguage\":\"pt-BR\",\"@id\":\"https:\\\/\\\/cj.estrategia.com\\\/portal\\\/residencia-juridica-trajetoria-e-carreira\\\/#primaryimage\",\"url\":\"https:\\\/\\\/cj.estrategia.com\\\/portal\\\/wp-content\\\/uploads\\\/2023\\\/05\\\/07114108\\\/residencia-juridica-ecj-carreiras-juridicas.jpg\",\"contentUrl\":\"https:\\\/\\\/cj.estrategia.com\\\/portal\\\/wp-content\\\/uploads\\\/2023\\\/05\\\/07114108\\\/residencia-juridica-ecj-carreiras-juridicas.jpg\",\"width\":768,\"height\":432},{\"@type\":\"BreadcrumbList\",\"@id\":\"https:\\\/\\\/cj.estrategia.com\\\/portal\\\/residencia-juridica-trajetoria-e-carreira\\\/#breadcrumb\",\"itemListElement\":[{\"@type\":\"ListItem\",\"position\":1,\"name\":\"In\u00edcio\",\"item\":\"https:\\\/\\\/cj.estrategia.com\\\/portal\\\/\"},{\"@type\":\"ListItem\",\"position\":2,\"name\":\"Como a Resid\u00eancia Jur\u00eddica impulsiona sua trajet\u00f3ria?\"}]},{\"@type\":\"WebSite\",\"@id\":\"https:\\\/\\\/cj.estrategia.com\\\/portal\\\/#website\",\"url\":\"https:\\\/\\\/cj.estrategia.com\\\/portal\\\/\",\"name\":\"Blog - Carreiras Jur\u00eddicas - Estrat\u00e9gia\",\"description\":\"\",\"publisher\":{\"@id\":\"https:\\\/\\\/cj.estrategia.com\\\/portal\\\/#organization\"},\"potentialAction\":[{\"@type\":\"SearchAction\",\"target\":{\"@type\":\"EntryPoint\",\"urlTemplate\":\"https:\\\/\\\/cj.estrategia.com\\\/portal\\\/?s={search_term_string}\"},\"query-input\":{\"@type\":\"PropertyValueSpecification\",\"valueRequired\":true,\"valueName\":\"search_term_string\"}}],\"inLanguage\":\"pt-BR\"},{\"@type\":\"Organization\",\"@id\":\"https:\\\/\\\/cj.estrategia.com\\\/portal\\\/#organization\",\"name\":\"Estrat\u00e9gia - Carreiras Jur\u00eddicas\",\"url\":\"https:\\\/\\\/cj.estrategia.com\\\/portal\\\/\",\"logo\":{\"@type\":\"ImageObject\",\"inLanguage\":\"pt-BR\",\"@id\":\"https:\\\/\\\/cj.estrategia.com\\\/portal\\\/#\\\/schema\\\/logo\\\/image\\\/\",\"url\":\"https:\\\/\\\/cj.estrategia.com\\\/portal\\\/wp-content\\\/uploads\\\/2022\\\/03\\\/11151052\\\/cj-logo.png\",\"contentUrl\":\"https:\\\/\\\/cj.estrategia.com\\\/portal\\\/wp-content\\\/uploads\\\/2022\\\/03\\\/11151052\\\/cj-logo.png\",\"width\":150,\"height\":39,\"caption\":\"Estrat\u00e9gia - Carreiras Jur\u00eddicas\"},\"image\":{\"@id\":\"https:\\\/\\\/cj.estrategia.com\\\/portal\\\/#\\\/schema\\\/logo\\\/image\\\/\"},\"sameAs\":[\"https:\\\/\\\/www.facebook.com\\\/estrategiacarreirajuridica\\\/\",\"https:\\\/\\\/x.com\\\/EstratJuridica\",\"https:\\\/\\\/www.instagram.com\\\/estrategiacarreirajuridica\\\/\",\"https:\\\/\\\/www.youtube.com\\\/channel\\\/UClbMGuYbj2Mh1m3w144ETWQ\"]},{\"@type\":\"Person\",\"@id\":\"https:\\\/\\\/cj.estrategia.com\\\/portal\\\/#\\\/schema\\\/person\\\/b472e0140705ac6b5d15ed70554fae55\",\"name\":\"Priscila Bonomi\",\"image\":{\"@type\":\"ImageObject\",\"inLanguage\":\"pt-BR\",\"@id\":\"https:\\\/\\\/cj.estrategia.com\\\/portal\\\/wp-content\\\/uploads\\\/2025\\\/02\\\/05144820\\\/Imagem-do-WhatsApp-de-2025-05-05-as-14.47.57_b98168e4-96x96.jpg\",\"url\":\"https:\\\/\\\/cj.estrategia.com\\\/portal\\\/wp-content\\\/uploads\\\/2025\\\/02\\\/05144820\\\/Imagem-do-WhatsApp-de-2025-05-05-as-14.47.57_b98168e4-96x96.jpg\",\"contentUrl\":\"https:\\\/\\\/cj.estrategia.com\\\/portal\\\/wp-content\\\/uploads\\\/2025\\\/02\\\/05144820\\\/Imagem-do-WhatsApp-de-2025-05-05-as-14.47.57_b98168e4-96x96.jpg\",\"caption\":\"Priscila Bonomi\"},\"url\":\"https:\\\/\\\/cj.estrategia.com\\\/portal\\\/author\\\/priscila-bonomi\\\/\"}]}<\/script>\n<!-- \/ Yoast SEO Premium plugin. -->","yoast_head_json":{"title":"Como a Resid\u00eancia Jur\u00eddica impulsiona sua trajet\u00f3ria?","description":"O programa de Residencia Jur\u00eddica tem potencial de impulsionar ainda mais sua trajet\u00f3ria e carreira na \u00e1rea jur\u00eddica, confira os detalhes...","robots":{"index":"index","follow":"follow","max-snippet":"max-snippet:-1","max-image-preview":"max-image-preview:large","max-video-preview":"max-video-preview:-1"},"canonical":"https:\/\/cj.estrategia.com\/portal\/residencia-juridica-trajetoria-e-carreira\/","og_locale":"pt_BR","og_type":"article","og_title":"Como a Resid\u00eancia Jur\u00eddica impulsiona sua trajet\u00f3ria?","og_description":"O programa de Residencia Jur\u00eddica tem potencial de impulsionar ainda mais sua trajet\u00f3ria e carreira na \u00e1rea jur\u00eddica, confira os detalhes...","og_url":"https:\/\/cj.estrategia.com\/portal\/residencia-juridica-trajetoria-e-carreira\/","og_site_name":"Blog - Carreiras Jur\u00eddicas - Estrat\u00e9gia","article_publisher":"https:\/\/www.facebook.com\/estrategiacarreirajuridica\/","article_published_time":"2025-05-13T16:30:54+00:00","article_modified_time":"2025-05-13T16:36:05+00:00","og_image":[{"width":768,"height":432,"url":"https:\/\/cj.estrategia.com\/portal\/wp-content\/uploads\/2023\/05\/07114108\/residencia-juridica-ecj-carreiras-juridicas.jpg","type":"image\/jpeg"}],"author":"Priscila Bonomi","twitter_card":"summary_large_image","twitter_creator":"@EstratJuridica","twitter_site":"@EstratJuridica","twitter_misc":{"Escrito por":"Priscila Bonomi","Est. tempo de leitura":"4 minutos"},"schema":{"@context":"https:\/\/schema.org","@graph":[{"@type":"NewsArticle","@id":"https:\/\/cj.estrategia.com\/portal\/residencia-juridica-trajetoria-e-carreira\/#article","isPartOf":{"@id":"https:\/\/cj.estrategia.com\/portal\/residencia-juridica-trajetoria-e-carreira\/"},"author":{"name":"Priscila Bonomi","@id":"https:\/\/cj.estrategia.com\/portal\/#\/schema\/person\/b472e0140705ac6b5d15ed70554fae55"},"headline":"Como a Resid\u00eancia Jur\u00eddica impulsiona sua trajet\u00f3ria?","datePublished":"2025-05-13T16:30:54+00:00","dateModified":"2025-05-13T16:36:05+00:00","mainEntityOfPage":{"@id":"https:\/\/cj.estrategia.com\/portal\/residencia-juridica-trajetoria-e-carreira\/"},"wordCount":665,"commentCount":0,"publisher":{"@id":"https:\/\/cj.estrategia.com\/portal\/#organization"},"image":{"@id":"https:\/\/cj.estrategia.com\/portal\/residencia-juridica-trajetoria-e-carreira\/#primaryimage"},"thumbnailUrl":"https:\/\/cj.estrategia.com\/portal\/wp-content\/uploads\/2023\/05\/07114108\/residencia-juridica-ecj-carreiras-juridicas.jpg","articleSection":["Carreiras Jur\u00eddicas"],"inLanguage":"pt-BR","potentialAction":[{"@type":"CommentAction","name":"Comment","target":["https:\/\/cj.estrategia.com\/portal\/residencia-juridica-trajetoria-e-carreira\/#respond"]}]},{"@type":"WebPage","@id":"https:\/\/cj.estrategia.com\/portal\/residencia-juridica-trajetoria-e-carreira\/","url":"https:\/\/cj.estrategia.com\/portal\/residencia-juridica-trajetoria-e-carreira\/","name":"Como a Resid\u00eancia Jur\u00eddica impulsiona sua trajet\u00f3ria?","isPartOf":{"@id":"https:\/\/cj.estrategia.com\/portal\/#website"},"primaryImageOfPage":{"@id":"https:\/\/cj.estrategia.com\/portal\/residencia-juridica-trajetoria-e-carreira\/#primaryimage"},"image":{"@id":"https:\/\/cj.estrategia.com\/portal\/residencia-juridica-trajetoria-e-carreira\/#primaryimage"},"thumbnailUrl":"https:\/\/cj.estrategia.com\/portal\/wp-content\/uploads\/2023\/05\/07114108\/residencia-juridica-ecj-carreiras-juridicas.jpg","datePublished":"2025-05-13T16:30:54+00:00","dateModified":"2025-05-13T16:36:05+00:00","description":"O programa de Residencia Jur\u00eddica tem potencial de impulsionar ainda mais sua trajet\u00f3ria e carreira na \u00e1rea jur\u00eddica, confira os detalhes...","breadcrumb":{"@id":"https:\/\/cj.estrategia.com\/portal\/residencia-juridica-trajetoria-e-carreira\/#breadcrumb"},"inLanguage":"pt-BR","potentialAction":[{"@type":"ReadAction","target":["https:\/\/cj.estrategia.com\/portal\/residencia-juridica-trajetoria-e-carreira\/"]}]},{"@type":"ImageObject","inLanguage":"pt-BR","@id":"https:\/\/cj.estrategia.com\/portal\/residencia-juridica-trajetoria-e-carreira\/#primaryimage","url":"https:\/\/cj.estrategia.com\/portal\/wp-content\/uploads\/2023\/05\/07114108\/residencia-juridica-ecj-carreiras-juridicas.jpg","contentUrl":"https:\/\/cj.estrategia.com\/portal\/wp-content\/uploads\/2023\/05\/07114108\/residencia-juridica-ecj-carreiras-juridicas.jpg","width":768,"height":432},{"@type":"BreadcrumbList","@id":"https:\/\/cj.estrategia.com\/portal\/residencia-juridica-trajetoria-e-carreira\/#breadcrumb","itemListElement":[{"@type":"ListItem","position":1,"name":"In\u00edcio","item":"https:\/\/cj.estrategia.com\/portal\/"},{"@type":"ListItem","position":2,"name":"Como a Resid\u00eancia Jur\u00eddica impulsiona sua trajet\u00f3ria?"}]},{"@type":"WebSite","@id":"https:\/\/cj.estrategia.com\/portal\/#website","url":"https:\/\/cj.estrategia.com\/portal\/","name":"Blog - Carreiras Jur\u00eddicas - Estrat\u00e9gia","description":"","publisher":{"@id":"https:\/\/cj.estrategia.com\/portal\/#organization"},"potentialAction":[{"@type":"SearchAction","target":{"@type":"EntryPoint","urlTemplate":"https:\/\/cj.estrategia.com\/portal\/?s={search_term_string}"},"query-input":{"@type":"PropertyValueSpecification","valueRequired":true,"valueName":"search_term_string"}}],"inLanguage":"pt-BR"},{"@type":"Organization","@id":"https:\/\/cj.estrategia.com\/portal\/#organization","name":"Estrat\u00e9gia - Carreiras Jur\u00eddicas","url":"https:\/\/cj.estrategia.com\/portal\/","logo":{"@type":"ImageObject","inLanguage":"pt-BR","@id":"https:\/\/cj.estrategia.com\/portal\/#\/schema\/logo\/image\/","url":"https:\/\/cj.estrategia.com\/portal\/wp-content\/uploads\/2022\/03\/11151052\/cj-logo.png","contentUrl":"https:\/\/cj.estrategia.com\/portal\/wp-content\/uploads\/2022\/03\/11151052\/cj-logo.png","width":150,"height":39,"caption":"Estrat\u00e9gia - Carreiras Jur\u00eddicas"},"image":{"@id":"https:\/\/cj.estrategia.com\/portal\/#\/schema\/logo\/image\/"},"sameAs":["https:\/\/www.facebook.com\/estrategiacarreirajuridica\/","https:\/\/x.com\/EstratJuridica","https:\/\/www.instagram.com\/estrategiacarreirajuridica\/","https:\/\/www.youtube.com\/channel\/UClbMGuYbj2Mh1m3w144ETWQ"]},{"@type":"Person","@id":"https:\/\/cj.estrategia.com\/portal\/#\/schema\/person\/b472e0140705ac6b5d15ed70554fae55","name":"Priscila Bonomi","image":{"@type":"ImageObject","inLanguage":"pt-BR","@id":"https:\/\/cj.estrategia.com\/portal\/wp-content\/uploads\/2025\/02\/05144820\/Imagem-do-WhatsApp-de-2025-05-05-as-14.47.57_b98168e4-96x96.jpg","url":"https:\/\/cj.estrategia.com\/portal\/wp-content\/uploads\/2025\/02\/05144820\/Imagem-do-WhatsApp-de-2025-05-05-as-14.47.57_b98168e4-96x96.jpg","contentUrl":"https:\/\/cj.estrategia.com\/portal\/wp-content\/uploads\/2025\/02\/05144820\/Imagem-do-WhatsApp-de-2025-05-05-as-14.47.57_b98168e4-96x96.jpg","caption":"Priscila Bonomi"},"url":"https:\/\/cj.estrategia.com\/portal\/author\/priscila-bonomi\/"}]}},"jetpack_featured_media_url":"https:\/\/cj.estrategia.com\/portal\/wp-content\/uploads\/2023\/05\/07114108\/residencia-juridica-ecj-carreiras-juridicas.jpg","jetpack_sharing_enabled":true,"_links":{"self":[{"href":"https:\/\/cj.estrategia.com\/portal\/wp-json\/wp\/v2\/posts\/119678","targetHints":{"allow":["GET"]}}],"collection":[{"href":"https:\/\/cj.estrategia.com\/portal\/wp-json\/wp\/v2\/posts"}],"about":[{"href":"https:\/\/cj.estrategia.com\/portal\/wp-json\/wp\/v2\/types\/post"}],"author":[{"embeddable":true,"href":"https:\/\/cj.estrategia.com\/portal\/wp-json\/wp\/v2\/users\/159"}],"replies":[{"embeddable":true,"href":"https:\/\/cj.estrategia.com\/portal\/wp-json\/wp\/v2\/comments?post=119678"}],"version-history":[{"count":25,"href":"https:\/\/cj.estrategia.com\/portal\/wp-json\/wp\/v2\/posts\/119678\/revisions"}],"predecessor-version":[{"id":119861,"href":"https:\/\/cj.estrategia.com\/portal\/wp-json\/wp\/v2\/posts\/119678\/revisions\/119861"}],"wp:featuredmedia":[{"embeddable":true,"href":"https:\/\/cj.estrategia.com\/portal\/wp-json\/wp\/v2\/media\/40798"}],"wp:attachment":[{"href":"https:\/\/cj.estrategia.com\/portal\/wp-json\/wp\/v2\/media?parent=119678"}],"wp:term":[{"taxonomy":"category","embeddable":true,"href":"https:\/\/cj.estrategia.com\/portal\/wp-json\/wp\/v2\/categories?post=119678"},{"taxonomy":"post_tag","embeddable":true,"href":"https:\/\/cj.estrategia.com\/portal\/wp-json\/wp\/v2\/tags?post=119678"},{"taxonomy":"tax_estado","embeddable":true,"href":"https:\/\/cj.estrategia.com\/portal\/wp-json\/wp\/v2\/tax_estado?post=119678"}],"curies":[{"name":"wp","href":"https:\/\/api.w.org\/{rel}","templated":true}]}}