{"id":117189,"date":"2025-05-03T09:49:16","date_gmt":"2025-05-03T12:49:16","guid":{"rendered":"https:\/\/cj.estrategia.com\/portal\/?p=117189"},"modified":"2025-05-17T17:09:59","modified_gmt":"2025-05-17T20:09:59","slug":"neymar-proibicao-podcast-liberdade-imprensa","status":"publish","type":"post","link":"https:\/\/cj.estrategia.com\/portal\/neymar-proibicao-podcast-liberdade-imprensa\/","title":{"rendered":"Neymar tenta proibir a podcast intitulado \u201cNeymar\u201d da Uol"},"content":{"rendered":"\n<p>Como se sabe<strong>, <\/strong>o recente embate jur\u00eddico envolvendo o atleta Neymar Jr. e seu pai contra o portal UOL merece uma an\u00e1lise mais aprofundada sob a \u00f3tica do direito constitucional brasileiro.<\/p>\n\n\n\n<p>Isto porque, a decis\u00e3o proferida pelo magistrado de Santos reflete princ\u00edpios fundamentais do nosso ordenamento jur\u00eddico e estabelece importantes precedentes sobre <strong><mark style=\"background-color:rgba(0, 0, 0, 0)\" class=\"has-inline-color has-black-color\">liberdade de imprensa<\/mark> e <mark style=\"background-color:rgba(0, 0, 0, 0)\" class=\"has-inline-color has-black-color\">direito \u00e0 informa\u00e7\u00e3o<\/mark><\/strong>.<\/p>\n\n\n\n<h2 class=\"wp-block-heading\" id=\"h-caso-neymar-e-os-fundamentos-da-decisao-judicial\"><span id=\"caso-neymar-e-os-fundamentos-da-decisao-judicial\">Caso Neymar e os fundamentos da decis\u00e3o judicial<\/span><\/h2>\n\n\n\n<p>De in\u00edcio, em abril de 2025, o astro do futebol e seu genitor ajuizaram a\u00e7\u00e3o com o objetivo de vetar a veicula\u00e7\u00e3o de podcast. Eles alegam haver a utiliza\u00e7\u00e3o de documentos sigilosos sem autoriza\u00e7\u00e3o pr\u00e9via.<\/p>\n\n\n\n<p>A estrat\u00e9gia processual envolveu duas tentativas: primeiro, a proibi\u00e7\u00e3o completa da publica\u00e7\u00e3o; depois, a pretens\u00e3o de acesso antecipado ao conte\u00fado para &#8220;avalia\u00e7\u00e3o pr\u00e9via&#8221;.<\/p>\n\n\n\n<p>O magistrado Eduardo Haddad, ao indeferir o <strong>primeiro pedido<\/strong>, destacou elemento crucial para compreens\u00e3o do caso: a notoriedade p\u00fablica do atleta. Conforme salientado na fundamenta\u00e7\u00e3o, a fama conquistada pelo pr\u00f3prio Neymar atrav\u00e9s dos meios de comunica\u00e7\u00e3o traz consigo n\u00e3o apenas benef\u00edcios, mas tamb\u00e9m determinados \u00f4nus &#8211; entre eles, um escrut\u00ednio p\u00fablico mais intenso de suas atividades.<\/p>\n\n\n\n<p>A <strong>segunda tentativa<\/strong>, igualmente malsucedida, revelou a verdadeira pretens\u00e3o dos autores, Neymar e Neymar Jr.: exercer controle pr\u00e9vio sobre informa\u00e7\u00f5es jornal\u00edsticas a seu respeito.<\/p>\n\n\n\n<p>O ju\u00edzo manteve sua posi\u00e7\u00e3o, reconhecendo que tal interven\u00e7\u00e3o caracterizaria censura pr\u00e9via, pr\u00e1tica expressamente vedada pela <strong><a href=\"https:\/\/www.estrategiaconcursos.com.br\/promocoes\/assinaturas-ecj\/\" target=\"_blank\" >Constitui\u00e7\u00e3o Federal de 1988<\/a><\/strong>.<\/p>\n\n\n\n<h3 class=\"wp-block-heading\" id=\"h-vedacao-constitucional-a-censura-previa\"><span id=\"vedacao-constitucional-a-censura-previa\">Veda\u00e7\u00e3o constitucional \u00e0 censura pr\u00e9via<\/span><\/h3>\n\n\n\n<p>Como se sabe, o texto constitucional \u00e9 cristalino ao estabelecer, em seu art. 5\u00ba, IX, que &#8220;\u00e9 livre a express\u00e3o da atividade intelectual, art\u00edstica, cient\u00edfica e de comunica\u00e7\u00e3o, independentemente de censura ou licen\u00e7a&#8221;.<\/p>\n\n\n\n<p>Esta garantia \u00e9 refor\u00e7ada pelo art. 220, \u00a7 2\u00ba, que disp\u00f5e: &#8220;\u00c9 vedada toda e qualquer censura de natureza pol\u00edtica, ideol\u00f3gica e art\u00edstica&#8221;.<\/p>\n\n\n\n<p>Dessa maneira, a <strong><mark style=\"background-color:rgba(0, 0, 0, 0)\" class=\"has-inline-color has-black-color\">censura pr\u00e9via<\/mark><\/strong>, por sua pr\u00f3pria natureza, representa grave atentado ao Estado Democr\u00e1tico de Direito, pois impede o fluxo informacional necess\u00e1rio \u00e0 forma\u00e7\u00e3o da opini\u00e3o p\u00fablica, elemento indispens\u00e1vel \u00e0s sociedades democr\u00e1ticas contempor\u00e2neas.<\/p>\n\n\n\n<pre class=\"wp-block-verse\">Como j\u00e1 manifestou o Ministro Alexandre de Moraes, \"a liberdade de express\u00e3o constitui um dos fundamentos essenciais de uma sociedade democr\u00e1tica e compreende n\u00e3o somente as informa\u00e7\u00f5es consideradas como inofensivas, indiferentes ou favor\u00e1veis, mas tamb\u00e9m as que possam causar transtornos, resist\u00eancia, inquietar pessoas\".<\/pre>\n\n\n\n<h3 class=\"wp-block-heading\" id=\"h-paralelo-com-o-caso-pablo-marcal-e-a-jurisprudencia-consolidada\"><span id=\"paralelo-com-o-caso-pablo-marcal-e-a-jurisprudencia-consolidada\">Paralelo com o caso Pablo Mar\u00e7al e a jurisprud\u00eancia consolidada<\/span><\/h3>\n\n\n\n<p>O epis\u00f3dio envolvendo o jogador Neymar guarda not\u00e1veis semelhan\u00e7as com outro caso recente: a tentativa do <a href=\"https:\/\/cj.estrategia.com\/portal\/livro-pablo-marcal-pode-seguir-venda\/\" target=\"_blank\" ><u>empres\u00e1rio Pablo Mar\u00e7al de retirar de circula\u00e7\u00e3o o livro &#8220;Pablo Mar\u00e7al: a trajet\u00f3ria de um criminoso<\/u><\/a>&#8220;.<\/p>\n\n\n\n<p>Ora, em ambas as situa\u00e7\u00f5es, figuras p\u00fablicas, incomodadas com publica\u00e7\u00f5es jornal\u00edsticas a seu respeito, buscaram no Poder Judici\u00e1rio instrumentos para silenciar previamente ve\u00edculos de comunica\u00e7\u00e3o.<\/p>\n\n\n\n<p>No caso Mar\u00e7al, a 8\u00aa C\u00e2mara de Direito Privado do TJSP, em decis\u00e3o t\u00e9cnica e juridicamente impec\u00e1vel, negou provimento ao agravo de instrumento que pretendia a retirada da obra liter\u00e1ria do mercado. <\/p>\n\n\n\n<p>A Desembargadora Clara Maria Ara\u00fajo Xavier, relatora do ac\u00f3rd\u00e3o, ponderou adequadamente os direitos em colis\u00e3o, concluindo pela predomin\u00e2ncia, naquele momento processual, da <strong>liberdade de express\u00e3o sobre os alegados danos \u00e0 honra e imagem<\/strong> do agravante.<\/p>\n\n\n\n<p>Importante notar que o Supremo Tribunal Federal j\u00e1 se manifestou sobre quest\u00e3o semelhante no julgamento da ADI 4815\/DF, que discutiu a constitucionalidade dos arts. 20 e 21 do C\u00f3digo Civil quanto \u00e0 exig\u00eancia de pr\u00e9via autoriza\u00e7\u00e3o para publica\u00e7\u00e3o de biografias.<\/p>\n\n\n\n<pre class=\"wp-block-verse\">Naquela hist\u00f3rica decis\u00e3o, sob relatoria da Ministra C\u00e1rmen L\u00facia, o STF declarou \"inexig\u00edvel o consentimento de pessoa biografada relativamente a obras biogr\u00e1ficas liter\u00e1rias ou audiovisuais\", consagrando a primazia da liberdade de express\u00e3o.<\/pre>\n\n\n\n<h3 class=\"wp-block-heading\" id=\"h-posicao-preferencial-da-liberdade-de-expressao-no-ordenamento-brasileiro\"><span id=\"posicao-preferencial-da-liberdade-de-expressao-no-ordenamento-brasileiro\">Posi\u00e7\u00e3o preferencial da liberdade de express\u00e3o no ordenamento brasileiro<\/span><\/h3>\n\n\n\n<p>Como se sabe, a doutrina constitucional contempor\u00e2nea tem reconhecido \u00e0 <strong>liberdade de express\u00e3o<\/strong> uma posi\u00e7\u00e3o preferencial (<em>preferred position<\/em>) quando em conflito com outros direitos fundamentais.<\/p>\n\n\n\n<p>Esta prefer\u00eancia n\u00e3o significa, contudo, absoluta preval\u00eancia em toda e qualquer situa\u00e7\u00e3o, mas implica um \u00f4nus argumentativo maior para justificar sua restri\u00e7\u00e3o.<\/p>\n\n\n\n<p>Como ensina o jurista Ingo Wolfgang Sarlet, &#8220;no caso espec\u00edfico da liberdade de express\u00e3o, a tend\u00eancia \u00e9 de se atribuir a esta uma posi\u00e7\u00e3o preferencial, quando da resolu\u00e7\u00e3o de conflitos com outros direitos fundamentais&#8221;. O STF vem acolhendo esse entendimento em diversos julgados.<\/p>\n\n\n\n<p>Para que seja publicada uma biografia <strong><mark style=\"background-color:rgba(0, 0, 0, 0)\" class=\"has-inline-color has-black-color\">N\u00c3O <\/mark><\/strong>\u00e9 necess\u00e1ria autoriza\u00e7\u00e3o pr\u00e9via do indiv\u00edduo biografado, das demais pessoas retratadas, nem de seus familiares. Essa autoriza\u00e7\u00e3o pr\u00e9via seria uma forma de censura, n\u00e3o sendo compat\u00edvel com a liberdade de express\u00e3o consagrada pela CF\/88. As exatas palavras do STF foram as seguintes:<\/p>\n\n\n\n<pre class=\"wp-block-preformatted\">\u201c\u00c9 inexig\u00edvel o consentimento de pessoa biografada relativamente a obras biogr\u00e1ficas liter\u00e1rias ou audiovisuais, sendo por igual desnecess\u00e1ria a autoriza\u00e7\u00e3o de pessoas retratadas como coadjuvantes ou de familiares, em caso de pessoas falecidas ou ausentes\u201d.<br><br>Caso o biografado ou qualquer outra pessoa retratada na biografia entenda que seus direitos foram violados pela publica\u00e7\u00e3o, ter\u00e1 direito \u00e0 repara\u00e7\u00e3o, que poder\u00e1 ser feita n\u00e3o apenas por meio de indeniza\u00e7\u00e3o pecuni\u00e1ria, como tamb\u00e9m por outras formas, tais como a publica\u00e7\u00e3o de ressalva, de nova edi\u00e7\u00e3o com corre\u00e7\u00e3o, de direito de resposta etc.<br><br>STF. Plen\u00e1rio. ADI 4815\/DF, Rel. Min. C\u00e1rmen L\u00facia, julgado em 10\/6\/2015 (Informativo 789).<\/pre>\n\n\n\n<p>Perceba, a raz\u00e3o dessa prefer\u00eancia reside na pr\u00f3pria <strong>natureza d\u00faplice da <mark style=\"background-color:rgba(0, 0, 0, 0)\" class=\"has-inline-color has-black-color\">liberdade de express\u00e3o<\/mark><\/strong>. Ou seja, al\u00e9m de direito individual, constitui verdadeira garantia institucional da democracia, ao assegurar o livre fluxo de ideias e informa\u00e7\u00f5es, indispens\u00e1vel \u00e0 forma\u00e7\u00e3o da vontade coletiva e ao controle social do poder.<\/p>\n\n\n\n<h3 class=\"wp-block-heading\" id=\"h-figuras-publicas-e-o-onus-da-exposicao\"><span id=\"figuras-publicas-e-o-onus-da-exposicao\">Figuras p\u00fablicas e o \u00f4nus da exposi\u00e7\u00e3o<\/span><\/h3>\n\n\n\n<p>Inclusive, outro aspecto fundamental nas decis\u00f5es analisadas \u00e9 o reconhecimento de que figuras p\u00fablicas \u2013 como atletas, pol\u00edticos e celebridades \u2013 possuem esfera de <strong>prote\u00e7\u00e3o \u00e0 privacidade<\/strong> naturalmente mais restrita que cidad\u00e3os comuns. N\u00e3o por acaso, tanto o juiz Eduardo Haddad, no caso Neymar, quanto a Desembargadora Clara Xavier, no caso Mar\u00e7al, destacaram esta circunst\u00e2ncia em suas fundamenta\u00e7\u00f5es.<\/p>\n\n\n\n<div class=\"wp-block-media-text is-stacked-on-mobile\"><figure class=\"wp-block-media-text__media\"><img decoding=\"async\" width=\"620\" height=\"390\" src=\"https:\/\/cj.estrategia.com\/portal\/wp-content\/uploads\/2025\/05\/03094139\/neymar-exposicao-privacidade.png\" alt=\"Neymar:\" class=\"wp-image-117224 size-full\" srcset=\"https:\/\/cj.estrategia.com\/portal\/wp-content\/uploads\/2025\/05\/03094139\/neymar-exposicao-privacidade.png 620w, https:\/\/cj.estrategia.com\/portal\/wp-content\/uploads\/2025\/05\/03094139\/neymar-exposicao-privacidade-300x189.png 300w, https:\/\/cj.estrategia.com\/portal\/wp-content\/uploads\/2025\/05\/03094139\/neymar-exposicao-privacidade-380x239.png 380w, https:\/\/cj.estrategia.com\/portal\/wp-content\/uploads\/2025\/05\/03094139\/neymar-exposicao-privacidade-150x94.png 150w\" sizes=\"(max-width: 620px) 100vw, 620px\" \/><\/figure><div class=\"wp-block-media-text__content\">\n<p>A doutrina e a jurisprud\u00eancia, nacional e internacional, s\u00e3o pac\u00edficas neste sentido. Como bem pontuou o Ministro Lu\u00eds Roberto Barroso, &#8220;quanto mais p\u00fablica for a pessoa, maior a redu\u00e7\u00e3o de sua esfera de privacidade&#8221;.<\/p>\n<\/div><\/div>\n\n\n\n<p>Lado outro, a Suprema Corte norte-americana, no emblem\u00e1tico caso New York Times v. Sullivan (1964), estabeleceu o princ\u00edpio de que agentes p\u00fablicos s\u00f3 podem obter repara\u00e7\u00e3o por difama\u00e7\u00e3o se comprovarem que a informa\u00e7\u00e3o foi publicada com &#8220;<em>actual malice<\/em>&#8221; (dolo direto ou eventual). Este crit\u00e9rio tem influenciado diversas jurisdi\u00e7\u00f5es, inclusive a brasileira.<\/p>\n\n\n\n<h3 class=\"wp-block-heading\" id=\"h-instrumentos-posteriores-de-reparacao-a-resposta-adequada-do-ordenamento\"><span id=\"instrumentos-posteriores-de-reparacao-a-resposta-adequada-do-ordenamento\">Instrumentos posteriores de repara\u00e7\u00e3o: a resposta adequada do ordenamento<\/span><\/h3>\n\n\n\n<p>Em ambos os casos examinados, as decis\u00f5es judiciais ressalvaram explicitamente que a veda\u00e7\u00e3o \u00e0 censura pr\u00e9via n\u00e3o significa desamparo aos direitos da personalidade.<\/p>\n\n\n\n<p>O ordenamento jur\u00eddico brasileiro oferece instrumentos posteriores de repara\u00e7\u00e3o. Alguns deles s\u00e3o a\u00e7\u00f5es indenizat\u00f3rias, direito de resposta e at\u00e9 mesmo responsabiliza\u00e7\u00e3o criminal, quando configurados excessos no exerc\u00edcio da liberdade de express\u00e3o.<\/p>\n\n\n\n<p>Esta solu\u00e7\u00e3o atende ao <strong><mark style=\"background-color:rgba(0, 0, 0, 0)\" class=\"has-inline-color has-black-color\">princ\u00edpio da proporcionalidade<\/mark><\/strong>. Isso porque preserva o n\u00facleo essencial de ambos os direitos em colis\u00e3o: de um lado, garante o livre fluxo informacional, essencial \u00e0 democracia; de outro, assegura a possibilidade de repara\u00e7\u00e3o em caso de danos injustos aos direitos da personalidade.<\/p>\n\n\n\n<pre class=\"wp-block-preformatted\">Como destacou o STF na ADI 4815\/DF, \"eventuais excessos no exerc\u00edcio da liberdade de express\u00e3o e de informa\u00e7\u00e3o devem ser analisados caso a caso, a posteriori, sendo pass\u00edveis de repara\u00e7\u00e3o civil e at\u00e9 mesmo de responsabiliza\u00e7\u00e3o penal, nos termos da legisla\u00e7\u00e3o em vigor\".<\/pre>\n\n\n\n<p>Logo, ao rejeitar tentativas de censura pr\u00e9via, mesmo quando travestidas de pedidos aparentemente leg\u00edtimos de prote\u00e7\u00e3o \u00e0 honra e \u00e0 imagem, o Poder Judici\u00e1rio reafirma seu compromisso com os valores democr\u00e1ticos e com a Constitui\u00e7\u00e3o Federal. Simultaneamente, ao ressalvar a possibilidade de responsabiliza\u00e7\u00e3o posterior por eventuais excessos, preserva a dignidade e os direitos individuais.<\/p>\n\n\n\n<p>Perceba, a informa\u00e7\u00e3o pode fluir sem obst\u00e1culos pr\u00e9vios, mas n\u00e3o isenta de consequ\u00eancias jur\u00eddicas quando exercida abusivamente.<\/p>\n\n\n\n<h2 class=\"wp-block-heading\" id=\"h-como-o-tema-ja-foi-cobrado-em-concursos\"><span id=\"como-o-tema-ja-foi-cobrado-em-concursos\">Como o tema j\u00e1 foi cobrado em concursos?<\/span><\/h2>\n\n\n\n<pre class=\"wp-block-preformatted\">(<strong>CESPE \/ CEBRASPE - 2023 - MPE-SC - Promotor de Justi\u00e7a Substituto<\/strong>)<br><br>\u00c0 luz do disposto na Lei de Introdu\u00e7\u00e3o \u00e0s Normas do Direito Brasileiro (LINDB), no C\u00f3digo Civil bem como da jurisprud\u00eancia do STF, julgue o pr\u00f3ximo item, relativos a pessoas, domic\u00edlio e bens.&nbsp;<br><br>Conforme a jurisprud\u00eancia do STF, a publica\u00e7\u00e3o de uma&nbsp;biografia&nbsp;prescinde de autoriza\u00e7\u00e3o pr\u00e9via do indiv\u00edduo biografado, das demais pessoas retratadas ou de seus familiares. (<strong>Certo<\/strong>)<\/pre>\n\n\n\n<pre class=\"wp-block-preformatted\">(<strong>FGV - TJPE - JUIZ SUBSTITUTO - 2024<\/strong>) Abolitio, famoso cinegrafista, resolveu contar a vida de Arresto, craque do futebol, em um document\u00e1rio. Em determinada altura da narrativa, menciona-se Precat\u00f3rio, goleiro que teria tomado um vergonhoso drible de Arresto.<br><br>Ambos, Arresto e Precat\u00f3rio, processam Abolitio, demandando indeniza\u00e7\u00e3o por danos morais por viola\u00e7\u00e3o a seus direitos autorais e de imagem.<br><br>Nesse caso:<br><br>a) ambos os pedidos s\u00e3o improcedentes;<br><br>b) procede o pleito de Arresto, desde que provado o preju\u00edzo, mas n\u00e3o o de Precat\u00f3rio;<br><br>c) ambos os pedidos s\u00e3o procedentes, desde que haja prova do preju\u00edzo sofrido por cada qual;<br><br>d) procede o pleito de Arresto, independentemente de prova do preju\u00edzo diante do intuito lucrativo, mas n\u00e3o o de Precat\u00f3rio;<br><br>e) ambos os pedidos s\u00e3o procedentes dispensada prova do preju\u00edzo sofrido por cada qual, diante do intuito lucrativo do document\u00e1rio.<br><br><strong>Gabarito: A.<\/strong><\/pre>\n\n\n\n<hr class=\"wp-block-separator has-alpha-channel-opacity\"\/>\n\n\n\n<h2 class=\"wp-block-heading has-text-align-center\" id=\"h-quer-saber-quais-serao-os-proximos-concursos\"><span id=\"quer-saber-quais-serao-os-proximos-concursos\">Quer saber quais ser\u00e3o os pr\u00f3ximos concursos?<\/span><\/h2>\n\n\n\n<pre class=\"wp-block-verse has-text-align-center\">Confira nossos&nbsp;<a href=\"https:\/\/cj.estrategia.com\/portal\/\" target=\"_blank\" >artigos para Carreiras Jur\u00eddicas<\/a>!<\/pre>\n\n\n\n<p class=\"has-text-align-center has-white-color has-pale-cyan-blue-background-color has-text-color has-background has-link-color wp-elements-723b3278bf14a50a5e7b7e937b9a17d4\"><a href=\"https:\/\/cj.estrategia.com\/portal\/concursos-abertos-carreiras-juridicas\/\">Concursos jur\u00eddicos abertos<\/a><\/p>\n\n\n\n<p class=\"has-text-align-center has-white-color has-pale-cyan-blue-background-color has-text-color has-background has-link-color wp-elements-41349f36dc977263ca2129bf0f6dd541\"><a href=\"https:\/\/cj.estrategia.com\/portal\/concursos-2025-carreiras-juridicas\/\" target=\"_blank\" >Concursos jur\u00eddicos 2025<\/a><\/p>\n","protected":false},"excerpt":{"rendered":"Como se sabe, o recente embate jur\u00eddico envolvendo o atleta Neymar Jr. e seu pai contra o portal&hellip;\n","protected":false},"author":93,"featured_media":117199,"comment_status":"open","ping_status":"open","sticky":false,"template":"","format":"standard","meta":{"_jetpack_memberships_contains_paid_content":false,"footnotes":""},"categories":[1],"tags":[1766,637,2565,730,198,2258,147,1092],"tax_estado":[30,31,32,33,34,35,36,37,38,39,40,41,42,43,44,45,46,47,48,49,50,51,52,53,54,55,56,57],"class_list":{"0":"post-117189","1":"post","2":"type-post","3":"status-publish","4":"format-standard","5":"has-post-thumbnail","7":"category-carreiras-juridicas","8":"tag-censura-previa","9":"tag-direito-a-honra-e-a-imagem","10":"tag-direito-a-informacao","11":"tag-direito-constitucional","12":"tag-liberdade-de-expressao","13":"tag-liberdade-de-imprensa","14":"tag-neymar","15":"tag-principio-da-proporcionalidade","16":"tax_estado-ac","17":"tax_estado-al","18":"tax_estado-am","19":"tax_estado-ap","20":"tax_estado-ba","21":"tax_estado-ce","22":"tax_estado-concursos-federais","23":"tax_estado-df","24":"tax_estado-es","25":"tax_estado-go","26":"tax_estado-ma","27":"tax_estado-mg","28":"tax_estado-ms","29":"tax_estado-mt","30":"tax_estado-pa","31":"tax_estado-pb","32":"tax_estado-pe","33":"tax_estado-pi","34":"tax_estado-pr","35":"tax_estado-rj","36":"tax_estado-rn","37":"tax_estado-ro","38":"tax_estado-rr","39":"tax_estado-rs","40":"tax_estado-sc","41":"tax_estado-se","42":"tax_estado-sp","43":"tax_estado-to"},"acf":[],"yoast_head":"<!-- This site is optimized with the Yoast SEO Premium plugin v27.4 (Yoast SEO v27.4) - https:\/\/yoast.com\/product\/yoast-seo-premium-wordpress\/ -->\n<title>Neymar tenta proibir a podcast intitulado \u201cNeymar\u201d da Uol<\/title>\n<meta name=\"description\" content=\"O embate jur\u00eddico envolvendo Neymar Jr. e seu pai contra o portal UOL merece uma an\u00e1lise aprofundada sob a \u00f3tica do direito constitucional.\" \/>\n<meta name=\"robots\" content=\"index, follow, max-snippet:-1, max-image-preview:large, max-video-preview:-1\" \/>\n<link rel=\"canonical\" href=\"https:\/\/cj.estrategia.com\/portal\/neymar-proibicao-podcast-liberdade-imprensa\/\" \/>\n<meta property=\"og:locale\" content=\"pt_BR\" \/>\n<meta property=\"og:type\" content=\"article\" \/>\n<meta property=\"og:title\" content=\"Neymar tenta proibir a podcast intitulado \u201cNeymar\u201d da Uol\" \/>\n<meta property=\"og:description\" content=\"O embate jur\u00eddico envolvendo Neymar Jr. e seu pai contra o portal UOL merece uma an\u00e1lise aprofundada sob a \u00f3tica do direito constitucional.\" \/>\n<meta property=\"og:url\" content=\"https:\/\/cj.estrategia.com\/portal\/neymar-proibicao-podcast-liberdade-imprensa\/\" \/>\n<meta property=\"og:site_name\" content=\"Blog - Carreiras Jur\u00eddicas - Estrat\u00e9gia\" \/>\n<meta property=\"article:publisher\" content=\"https:\/\/www.facebook.com\/estrategiacarreirajuridica\/\" \/>\n<meta property=\"article:published_time\" content=\"2025-05-03T12:49:16+00:00\" \/>\n<meta property=\"article:modified_time\" content=\"2025-05-17T20:09:59+00:00\" \/>\n<meta property=\"og:image\" content=\"https:\/\/cj.estrategia.com\/portal\/wp-content\/uploads\/2025\/05\/03091839\/neymar.png\" \/>\n\t<meta property=\"og:image:width\" content=\"637\" \/>\n\t<meta property=\"og:image:height\" content=\"354\" \/>\n\t<meta property=\"og:image:type\" content=\"image\/png\" \/>\n<meta name=\"author\" content=\"Felipe Duque\" \/>\n<meta name=\"twitter:card\" content=\"summary_large_image\" \/>\n<meta name=\"twitter:creator\" content=\"@https:\/\/x.com\/ProfessorDuque\" \/>\n<meta name=\"twitter:site\" content=\"@EstratJuridica\" \/>\n<meta name=\"twitter:label1\" content=\"Escrito por\" \/>\n\t<meta name=\"twitter:data1\" content=\"Felipe Duque\" \/>\n\t<meta name=\"twitter:label2\" content=\"Est. tempo de leitura\" \/>\n\t<meta name=\"twitter:data2\" content=\"7 minutos\" \/>\n<script type=\"application\/ld+json\" class=\"yoast-schema-graph\">{\"@context\":\"https:\\\/\\\/schema.org\",\"@graph\":[{\"@type\":\"NewsArticle\",\"@id\":\"https:\\\/\\\/cj.estrategia.com\\\/portal\\\/neymar-proibicao-podcast-liberdade-imprensa\\\/#article\",\"isPartOf\":{\"@id\":\"https:\\\/\\\/cj.estrategia.com\\\/portal\\\/neymar-proibicao-podcast-liberdade-imprensa\\\/\"},\"author\":{\"name\":\"Felipe Duque\",\"@id\":\"https:\\\/\\\/cj.estrategia.com\\\/portal\\\/#\\\/schema\\\/person\\\/b5b0253b269d7130d1f7770b1ba29285\"},\"headline\":\"Neymar tenta proibir a podcast intitulado \u201cNeymar\u201d da Uol\",\"datePublished\":\"2025-05-03T12:49:16+00:00\",\"dateModified\":\"2025-05-17T20:09:59+00:00\",\"mainEntityOfPage\":{\"@id\":\"https:\\\/\\\/cj.estrategia.com\\\/portal\\\/neymar-proibicao-podcast-liberdade-imprensa\\\/\"},\"wordCount\":1209,\"commentCount\":0,\"publisher\":{\"@id\":\"https:\\\/\\\/cj.estrategia.com\\\/portal\\\/#organization\"},\"image\":{\"@id\":\"https:\\\/\\\/cj.estrategia.com\\\/portal\\\/neymar-proibicao-podcast-liberdade-imprensa\\\/#primaryimage\"},\"thumbnailUrl\":\"https:\\\/\\\/cj.estrategia.com\\\/portal\\\/wp-content\\\/uploads\\\/2025\\\/05\\\/03091839\\\/neymar.png\",\"keywords\":[\"censura pr\u00e9via\",\"direito \u00e0 honra e \u00e0 imagem\",\"direito \u00e0 informa\u00e7\u00e3o\",\"Direito Constitucional\",\"liberdade de express\u00e3o\",\"liberdade de imprensa\",\"Neymar\",\"princ\u00edpio da proporcionalidade\"],\"articleSection\":[\"Carreiras Jur\u00eddicas\"],\"inLanguage\":\"pt-BR\",\"potentialAction\":[{\"@type\":\"CommentAction\",\"name\":\"Comment\",\"target\":[\"https:\\\/\\\/cj.estrategia.com\\\/portal\\\/neymar-proibicao-podcast-liberdade-imprensa\\\/#respond\"]}]},{\"@type\":\"WebPage\",\"@id\":\"https:\\\/\\\/cj.estrategia.com\\\/portal\\\/neymar-proibicao-podcast-liberdade-imprensa\\\/\",\"url\":\"https:\\\/\\\/cj.estrategia.com\\\/portal\\\/neymar-proibicao-podcast-liberdade-imprensa\\\/\",\"name\":\"Neymar tenta proibir a podcast intitulado \u201cNeymar\u201d da Uol\",\"isPartOf\":{\"@id\":\"https:\\\/\\\/cj.estrategia.com\\\/portal\\\/#website\"},\"primaryImageOfPage\":{\"@id\":\"https:\\\/\\\/cj.estrategia.com\\\/portal\\\/neymar-proibicao-podcast-liberdade-imprensa\\\/#primaryimage\"},\"image\":{\"@id\":\"https:\\\/\\\/cj.estrategia.com\\\/portal\\\/neymar-proibicao-podcast-liberdade-imprensa\\\/#primaryimage\"},\"thumbnailUrl\":\"https:\\\/\\\/cj.estrategia.com\\\/portal\\\/wp-content\\\/uploads\\\/2025\\\/05\\\/03091839\\\/neymar.png\",\"datePublished\":\"2025-05-03T12:49:16+00:00\",\"dateModified\":\"2025-05-17T20:09:59+00:00\",\"description\":\"O embate jur\u00eddico envolvendo Neymar Jr. e seu pai contra o portal UOL merece uma an\u00e1lise aprofundada sob a \u00f3tica do direito constitucional.\",\"breadcrumb\":{\"@id\":\"https:\\\/\\\/cj.estrategia.com\\\/portal\\\/neymar-proibicao-podcast-liberdade-imprensa\\\/#breadcrumb\"},\"inLanguage\":\"pt-BR\",\"potentialAction\":[{\"@type\":\"ReadAction\",\"target\":[\"https:\\\/\\\/cj.estrategia.com\\\/portal\\\/neymar-proibicao-podcast-liberdade-imprensa\\\/\"]}]},{\"@type\":\"ImageObject\",\"inLanguage\":\"pt-BR\",\"@id\":\"https:\\\/\\\/cj.estrategia.com\\\/portal\\\/neymar-proibicao-podcast-liberdade-imprensa\\\/#primaryimage\",\"url\":\"https:\\\/\\\/cj.estrategia.com\\\/portal\\\/wp-content\\\/uploads\\\/2025\\\/05\\\/03091839\\\/neymar.png\",\"contentUrl\":\"https:\\\/\\\/cj.estrategia.com\\\/portal\\\/wp-content\\\/uploads\\\/2025\\\/05\\\/03091839\\\/neymar.png\",\"width\":637,\"height\":354},{\"@type\":\"BreadcrumbList\",\"@id\":\"https:\\\/\\\/cj.estrategia.com\\\/portal\\\/neymar-proibicao-podcast-liberdade-imprensa\\\/#breadcrumb\",\"itemListElement\":[{\"@type\":\"ListItem\",\"position\":1,\"name\":\"In\u00edcio\",\"item\":\"https:\\\/\\\/cj.estrategia.com\\\/portal\\\/\"},{\"@type\":\"ListItem\",\"position\":2,\"name\":\"Neymar tenta proibir a podcast intitulado \u201cNeymar\u201d da Uol\"}]},{\"@type\":\"WebSite\",\"@id\":\"https:\\\/\\\/cj.estrategia.com\\\/portal\\\/#website\",\"url\":\"https:\\\/\\\/cj.estrategia.com\\\/portal\\\/\",\"name\":\"Blog - Carreiras Jur\u00eddicas - Estrat\u00e9gia\",\"description\":\"\",\"publisher\":{\"@id\":\"https:\\\/\\\/cj.estrategia.com\\\/portal\\\/#organization\"},\"potentialAction\":[{\"@type\":\"SearchAction\",\"target\":{\"@type\":\"EntryPoint\",\"urlTemplate\":\"https:\\\/\\\/cj.estrategia.com\\\/portal\\\/?s={search_term_string}\"},\"query-input\":{\"@type\":\"PropertyValueSpecification\",\"valueRequired\":true,\"valueName\":\"search_term_string\"}}],\"inLanguage\":\"pt-BR\"},{\"@type\":\"Organization\",\"@id\":\"https:\\\/\\\/cj.estrategia.com\\\/portal\\\/#organization\",\"name\":\"Estrat\u00e9gia - Carreiras Jur\u00eddicas\",\"url\":\"https:\\\/\\\/cj.estrategia.com\\\/portal\\\/\",\"logo\":{\"@type\":\"ImageObject\",\"inLanguage\":\"pt-BR\",\"@id\":\"https:\\\/\\\/cj.estrategia.com\\\/portal\\\/#\\\/schema\\\/logo\\\/image\\\/\",\"url\":\"https:\\\/\\\/cj.estrategia.com\\\/portal\\\/wp-content\\\/uploads\\\/2022\\\/03\\\/11151052\\\/cj-logo.png\",\"contentUrl\":\"https:\\\/\\\/cj.estrategia.com\\\/portal\\\/wp-content\\\/uploads\\\/2022\\\/03\\\/11151052\\\/cj-logo.png\",\"width\":150,\"height\":39,\"caption\":\"Estrat\u00e9gia - Carreiras Jur\u00eddicas\"},\"image\":{\"@id\":\"https:\\\/\\\/cj.estrategia.com\\\/portal\\\/#\\\/schema\\\/logo\\\/image\\\/\"},\"sameAs\":[\"https:\\\/\\\/www.facebook.com\\\/estrategiacarreirajuridica\\\/\",\"https:\\\/\\\/x.com\\\/EstratJuridica\",\"https:\\\/\\\/www.instagram.com\\\/estrategiacarreirajuridica\\\/\",\"https:\\\/\\\/www.youtube.com\\\/channel\\\/UClbMGuYbj2Mh1m3w144ETWQ\"]},{\"@type\":\"Person\",\"@id\":\"https:\\\/\\\/cj.estrategia.com\\\/portal\\\/#\\\/schema\\\/person\\\/b5b0253b269d7130d1f7770b1ba29285\",\"name\":\"Felipe Duque\",\"image\":{\"@type\":\"ImageObject\",\"inLanguage\":\"pt-BR\",\"@id\":\"https:\\\/\\\/cj.estrategia.com\\\/portal\\\/wp-content\\\/uploads\\\/2024\\\/08\\\/06162009\\\/Captura-de-Tela-2024-08-06-as-16.19.26-96x96.png\",\"url\":\"https:\\\/\\\/cj.estrategia.com\\\/portal\\\/wp-content\\\/uploads\\\/2024\\\/08\\\/06162009\\\/Captura-de-Tela-2024-08-06-as-16.19.26-96x96.png\",\"contentUrl\":\"https:\\\/\\\/cj.estrategia.com\\\/portal\\\/wp-content\\\/uploads\\\/2024\\\/08\\\/06162009\\\/Captura-de-Tela-2024-08-06-as-16.19.26-96x96.png\",\"caption\":\"Felipe Duque\"},\"description\":\"Felipe Duque - Mestre em Direito Pol\u00edtico e Econ\u00f4mico na Mackenzie-SP. Graduado em Direito pela Universidade Cat\u00f3lica de Pernambuco, com conclus\u00e3o pelo regime de Aproveitamento Extraordin\u00e1rio nos Estudos (art. 47, \u00a7 2\u00ba, da Lei n\u00ba 9.394\\\/96). Ex-Assessor de Desembargador no TJPE. Procurador da Fazenda Nacional. Integra voluntariamente a Coordena\u00e7\u00e3o de Assuntos Estrat\u00e9gicos Judiciais da PGFN. Professor do Estrat\u00e9gia Carreira Jur\u00eddica, Estrat\u00e9gia OAB e Buscador Dizer o Direito. Autor do livro \u201cReforma Tribut\u00e1ria Comentada e Esquematizada\u201d, \\\"Manual de Processo Tribut\u00e1rio: Administrativo e Judicial\\\" pela editora Juspodivm Parecerista na Revista de Estudos Jur\u00eddicos do Superior Tribunal de Justi\u00e7a (REJuriSTJ)\",\"sameAs\":[\"http:\\\/\\\/lattes.cnpq.br\\\/5755137268084324\",\"https:\\\/\\\/www.instagram.com\\\/felipe_duque\\\/\",\"https:\\\/\\\/br.linkedin.com\\\/in\\\/felipe-duque-56954638\",\"https:\\\/\\\/x.com\\\/https:\\\/\\\/x.com\\\/ProfessorDuque\",\"https:\\\/\\\/www.youtube.com\\\/@felipeduque-experienciasco5797\"],\"url\":\"https:\\\/\\\/cj.estrategia.com\\\/portal\\\/author\\\/felipe-duque\\\/\"}]}<\/script>\n<!-- \/ Yoast SEO Premium plugin. -->","yoast_head_json":{"title":"Neymar tenta proibir a podcast intitulado \u201cNeymar\u201d da Uol","description":"O embate jur\u00eddico envolvendo Neymar Jr. e seu pai contra o portal UOL merece uma an\u00e1lise aprofundada sob a \u00f3tica do direito constitucional.","robots":{"index":"index","follow":"follow","max-snippet":"max-snippet:-1","max-image-preview":"max-image-preview:large","max-video-preview":"max-video-preview:-1"},"canonical":"https:\/\/cj.estrategia.com\/portal\/neymar-proibicao-podcast-liberdade-imprensa\/","og_locale":"pt_BR","og_type":"article","og_title":"Neymar tenta proibir a podcast intitulado \u201cNeymar\u201d da Uol","og_description":"O embate jur\u00eddico envolvendo Neymar Jr. e seu pai contra o portal UOL merece uma an\u00e1lise aprofundada sob a \u00f3tica do direito constitucional.","og_url":"https:\/\/cj.estrategia.com\/portal\/neymar-proibicao-podcast-liberdade-imprensa\/","og_site_name":"Blog - Carreiras Jur\u00eddicas - Estrat\u00e9gia","article_publisher":"https:\/\/www.facebook.com\/estrategiacarreirajuridica\/","article_published_time":"2025-05-03T12:49:16+00:00","article_modified_time":"2025-05-17T20:09:59+00:00","og_image":[{"width":637,"height":354,"url":"https:\/\/cj.estrategia.com\/portal\/wp-content\/uploads\/2025\/05\/03091839\/neymar.png","type":"image\/png"}],"author":"Felipe Duque","twitter_card":"summary_large_image","twitter_creator":"@https:\/\/x.com\/ProfessorDuque","twitter_site":"@EstratJuridica","twitter_misc":{"Escrito por":"Felipe Duque","Est. tempo de leitura":"7 minutos"},"schema":{"@context":"https:\/\/schema.org","@graph":[{"@type":"NewsArticle","@id":"https:\/\/cj.estrategia.com\/portal\/neymar-proibicao-podcast-liberdade-imprensa\/#article","isPartOf":{"@id":"https:\/\/cj.estrategia.com\/portal\/neymar-proibicao-podcast-liberdade-imprensa\/"},"author":{"name":"Felipe Duque","@id":"https:\/\/cj.estrategia.com\/portal\/#\/schema\/person\/b5b0253b269d7130d1f7770b1ba29285"},"headline":"Neymar tenta proibir a podcast intitulado \u201cNeymar\u201d da Uol","datePublished":"2025-05-03T12:49:16+00:00","dateModified":"2025-05-17T20:09:59+00:00","mainEntityOfPage":{"@id":"https:\/\/cj.estrategia.com\/portal\/neymar-proibicao-podcast-liberdade-imprensa\/"},"wordCount":1209,"commentCount":0,"publisher":{"@id":"https:\/\/cj.estrategia.com\/portal\/#organization"},"image":{"@id":"https:\/\/cj.estrategia.com\/portal\/neymar-proibicao-podcast-liberdade-imprensa\/#primaryimage"},"thumbnailUrl":"https:\/\/cj.estrategia.com\/portal\/wp-content\/uploads\/2025\/05\/03091839\/neymar.png","keywords":["censura pr\u00e9via","direito \u00e0 honra e \u00e0 imagem","direito \u00e0 informa\u00e7\u00e3o","Direito Constitucional","liberdade de express\u00e3o","liberdade de imprensa","Neymar","princ\u00edpio da proporcionalidade"],"articleSection":["Carreiras Jur\u00eddicas"],"inLanguage":"pt-BR","potentialAction":[{"@type":"CommentAction","name":"Comment","target":["https:\/\/cj.estrategia.com\/portal\/neymar-proibicao-podcast-liberdade-imprensa\/#respond"]}]},{"@type":"WebPage","@id":"https:\/\/cj.estrategia.com\/portal\/neymar-proibicao-podcast-liberdade-imprensa\/","url":"https:\/\/cj.estrategia.com\/portal\/neymar-proibicao-podcast-liberdade-imprensa\/","name":"Neymar tenta proibir a podcast intitulado \u201cNeymar\u201d da Uol","isPartOf":{"@id":"https:\/\/cj.estrategia.com\/portal\/#website"},"primaryImageOfPage":{"@id":"https:\/\/cj.estrategia.com\/portal\/neymar-proibicao-podcast-liberdade-imprensa\/#primaryimage"},"image":{"@id":"https:\/\/cj.estrategia.com\/portal\/neymar-proibicao-podcast-liberdade-imprensa\/#primaryimage"},"thumbnailUrl":"https:\/\/cj.estrategia.com\/portal\/wp-content\/uploads\/2025\/05\/03091839\/neymar.png","datePublished":"2025-05-03T12:49:16+00:00","dateModified":"2025-05-17T20:09:59+00:00","description":"O embate jur\u00eddico envolvendo Neymar Jr. e seu pai contra o portal UOL merece uma an\u00e1lise aprofundada sob a \u00f3tica do direito constitucional.","breadcrumb":{"@id":"https:\/\/cj.estrategia.com\/portal\/neymar-proibicao-podcast-liberdade-imprensa\/#breadcrumb"},"inLanguage":"pt-BR","potentialAction":[{"@type":"ReadAction","target":["https:\/\/cj.estrategia.com\/portal\/neymar-proibicao-podcast-liberdade-imprensa\/"]}]},{"@type":"ImageObject","inLanguage":"pt-BR","@id":"https:\/\/cj.estrategia.com\/portal\/neymar-proibicao-podcast-liberdade-imprensa\/#primaryimage","url":"https:\/\/cj.estrategia.com\/portal\/wp-content\/uploads\/2025\/05\/03091839\/neymar.png","contentUrl":"https:\/\/cj.estrategia.com\/portal\/wp-content\/uploads\/2025\/05\/03091839\/neymar.png","width":637,"height":354},{"@type":"BreadcrumbList","@id":"https:\/\/cj.estrategia.com\/portal\/neymar-proibicao-podcast-liberdade-imprensa\/#breadcrumb","itemListElement":[{"@type":"ListItem","position":1,"name":"In\u00edcio","item":"https:\/\/cj.estrategia.com\/portal\/"},{"@type":"ListItem","position":2,"name":"Neymar tenta proibir a podcast intitulado \u201cNeymar\u201d da Uol"}]},{"@type":"WebSite","@id":"https:\/\/cj.estrategia.com\/portal\/#website","url":"https:\/\/cj.estrategia.com\/portal\/","name":"Blog - Carreiras Jur\u00eddicas - Estrat\u00e9gia","description":"","publisher":{"@id":"https:\/\/cj.estrategia.com\/portal\/#organization"},"potentialAction":[{"@type":"SearchAction","target":{"@type":"EntryPoint","urlTemplate":"https:\/\/cj.estrategia.com\/portal\/?s={search_term_string}"},"query-input":{"@type":"PropertyValueSpecification","valueRequired":true,"valueName":"search_term_string"}}],"inLanguage":"pt-BR"},{"@type":"Organization","@id":"https:\/\/cj.estrategia.com\/portal\/#organization","name":"Estrat\u00e9gia - Carreiras Jur\u00eddicas","url":"https:\/\/cj.estrategia.com\/portal\/","logo":{"@type":"ImageObject","inLanguage":"pt-BR","@id":"https:\/\/cj.estrategia.com\/portal\/#\/schema\/logo\/image\/","url":"https:\/\/cj.estrategia.com\/portal\/wp-content\/uploads\/2022\/03\/11151052\/cj-logo.png","contentUrl":"https:\/\/cj.estrategia.com\/portal\/wp-content\/uploads\/2022\/03\/11151052\/cj-logo.png","width":150,"height":39,"caption":"Estrat\u00e9gia - Carreiras Jur\u00eddicas"},"image":{"@id":"https:\/\/cj.estrategia.com\/portal\/#\/schema\/logo\/image\/"},"sameAs":["https:\/\/www.facebook.com\/estrategiacarreirajuridica\/","https:\/\/x.com\/EstratJuridica","https:\/\/www.instagram.com\/estrategiacarreirajuridica\/","https:\/\/www.youtube.com\/channel\/UClbMGuYbj2Mh1m3w144ETWQ"]},{"@type":"Person","@id":"https:\/\/cj.estrategia.com\/portal\/#\/schema\/person\/b5b0253b269d7130d1f7770b1ba29285","name":"Felipe Duque","image":{"@type":"ImageObject","inLanguage":"pt-BR","@id":"https:\/\/cj.estrategia.com\/portal\/wp-content\/uploads\/2024\/08\/06162009\/Captura-de-Tela-2024-08-06-as-16.19.26-96x96.png","url":"https:\/\/cj.estrategia.com\/portal\/wp-content\/uploads\/2024\/08\/06162009\/Captura-de-Tela-2024-08-06-as-16.19.26-96x96.png","contentUrl":"https:\/\/cj.estrategia.com\/portal\/wp-content\/uploads\/2024\/08\/06162009\/Captura-de-Tela-2024-08-06-as-16.19.26-96x96.png","caption":"Felipe Duque"},"description":"Felipe Duque - Mestre em Direito Pol\u00edtico e Econ\u00f4mico na Mackenzie-SP. Graduado em Direito pela Universidade Cat\u00f3lica de Pernambuco, com conclus\u00e3o pelo regime de Aproveitamento Extraordin\u00e1rio nos Estudos (art. 47, \u00a7 2\u00ba, da Lei n\u00ba 9.394\/96). Ex-Assessor de Desembargador no TJPE. Procurador da Fazenda Nacional. Integra voluntariamente a Coordena\u00e7\u00e3o de Assuntos Estrat\u00e9gicos Judiciais da PGFN. Professor do Estrat\u00e9gia Carreira Jur\u00eddica, Estrat\u00e9gia OAB e Buscador Dizer o Direito. Autor do livro \u201cReforma Tribut\u00e1ria Comentada e Esquematizada\u201d, \"Manual de Processo Tribut\u00e1rio: Administrativo e Judicial\" pela editora Juspodivm Parecerista na Revista de Estudos Jur\u00eddicos do Superior Tribunal de Justi\u00e7a (REJuriSTJ)","sameAs":["http:\/\/lattes.cnpq.br\/5755137268084324","https:\/\/www.instagram.com\/felipe_duque\/","https:\/\/br.linkedin.com\/in\/felipe-duque-56954638","https:\/\/x.com\/https:\/\/x.com\/ProfessorDuque","https:\/\/www.youtube.com\/@felipeduque-experienciasco5797"],"url":"https:\/\/cj.estrategia.com\/portal\/author\/felipe-duque\/"}]}},"jetpack_featured_media_url":"https:\/\/cj.estrategia.com\/portal\/wp-content\/uploads\/2025\/05\/03091839\/neymar.png","jetpack_sharing_enabled":true,"_links":{"self":[{"href":"https:\/\/cj.estrategia.com\/portal\/wp-json\/wp\/v2\/posts\/117189","targetHints":{"allow":["GET"]}}],"collection":[{"href":"https:\/\/cj.estrategia.com\/portal\/wp-json\/wp\/v2\/posts"}],"about":[{"href":"https:\/\/cj.estrategia.com\/portal\/wp-json\/wp\/v2\/types\/post"}],"author":[{"embeddable":true,"href":"https:\/\/cj.estrategia.com\/portal\/wp-json\/wp\/v2\/users\/93"}],"replies":[{"embeddable":true,"href":"https:\/\/cj.estrategia.com\/portal\/wp-json\/wp\/v2\/comments?post=117189"}],"version-history":[{"count":7,"href":"https:\/\/cj.estrategia.com\/portal\/wp-json\/wp\/v2\/posts\/117189\/revisions"}],"predecessor-version":[{"id":121153,"href":"https:\/\/cj.estrategia.com\/portal\/wp-json\/wp\/v2\/posts\/117189\/revisions\/121153"}],"wp:featuredmedia":[{"embeddable":true,"href":"https:\/\/cj.estrategia.com\/portal\/wp-json\/wp\/v2\/media\/117199"}],"wp:attachment":[{"href":"https:\/\/cj.estrategia.com\/portal\/wp-json\/wp\/v2\/media?parent=117189"}],"wp:term":[{"taxonomy":"category","embeddable":true,"href":"https:\/\/cj.estrategia.com\/portal\/wp-json\/wp\/v2\/categories?post=117189"},{"taxonomy":"post_tag","embeddable":true,"href":"https:\/\/cj.estrategia.com\/portal\/wp-json\/wp\/v2\/tags?post=117189"},{"taxonomy":"tax_estado","embeddable":true,"href":"https:\/\/cj.estrategia.com\/portal\/wp-json\/wp\/v2\/tax_estado?post=117189"}],"curies":[{"name":"wp","href":"https:\/\/api.w.org\/{rel}","templated":true}]}}