{"id":116705,"date":"2025-05-02T08:03:21","date_gmt":"2025-05-02T11:03:21","guid":{"rendered":"https:\/\/cj.estrategia.com\/portal\/?p=116705"},"modified":"2025-05-02T12:40:51","modified_gmt":"2025-05-02T15:40:51","slug":"dpdf-recomenda-que-editais-sejam-publicados-em-libras-no-df","status":"publish","type":"post","link":"https:\/\/cj.estrategia.com\/portal\/dpdf-recomenda-que-editais-sejam-publicados-em-libras-no-df\/","title":{"rendered":"DPDF recomenda que editais sejam publicados em Libras no DF"},"content":{"rendered":"\n<p>Tratar as&nbsp;pessoas com defici\u00eancia com igualdade perante a sociedade e garantir&nbsp;autonomia, essa \u00e9 a luta da Defensoria P\u00fablica do Distrito Federal (DPDF)!<\/p>\n\n\n\n<p>E para tentar garantir esses direitos, a DPDF enviou&nbsp;recentemente uma recomenda\u00e7\u00e3o ao&nbsp;Governo do Distrito Federal&nbsp;(GDF) para que os editais de&nbsp;concursos p\u00fablicos&nbsp;sejam publicados com vers\u00e3o em&nbsp;L\u00edngua Brasileira de Sinais&nbsp;(Libras).<\/p>\n\n\n\n<p>Essa \u00e9 uma das formas de&nbsp;garantir a acessibilidade comunicacional e a autonomia&nbsp;das&nbsp;pessoas surdas e com defici\u00eancia auditiva&nbsp;nas&nbsp;sele\u00e7\u00f5es p\u00fablicas.<\/p>\n\n\n\n<p>Caso aprovado, a recomenda\u00e7\u00e3o servir\u00e1 para o provimento de cargos e empregos na&nbsp;administra\u00e7\u00e3o p\u00fablica direta e indireta. Al\u00e9m disso, \u00e9 uma forma de promover solu\u00e7\u00f5es extrajudiciais dos conflitos e \u00e0&nbsp;defesa dos direitos fundamentais&nbsp;dessas pessoas.<\/p>\n\n\n\n<p><strong>Concursos P\u00fablicos DF: edital em Libras<br><\/strong><br>A recomenda\u00e7\u00e3o partiu da constata\u00e7\u00e3o da exist\u00eancia de barreiras de comunica\u00e7\u00e3o nos editais, publicados apenas em forma escrita, em l\u00edngua portuguesa ou com a utiliza\u00e7\u00e3o de recursos audiodescritivos.<\/p>\n\n\n\n<p>O N\u00facleo de Assist\u00eancia Jur\u00eddica de Promo\u00e7\u00e3o e Defesa dos Direitos Humanos da DPDF tem recebido diversas manifesta\u00e7\u00f5es de pessoas com defici\u00eancia auditiva que se consideram prejudicadas pela incompreens\u00e3o dos editais devido \u00e0 falta da disponibiliza\u00e7\u00e3o dos documentos em Libras.<\/p>\n\n\n\n<p>Por conta dessas ocorr\u00eancias, a DPDF tem oficiado diretamente \u00e0s bancas organizadoras dos certames, de maneira extrajudicial, para que o edital seja disponibilizado tamb\u00e9m em Libras com int\u00e9rprete.<\/p>\n\n\n\n<h3 class=\"wp-block-heading\" id=\"h-ja-teve-concurso-publico-com-edital-em-libras\"><span id=\"ja-teve-concurso-publico-com-edital-em-libras\">J\u00e1 teve concurso p\u00fablico com edital em libras?<\/span><\/h3>\n\n\n\n<p>SIM! O Concurso Nacional Unificado (CNU) e o TSE Unificado (Justi\u00e7a Eleitoral)! E foi baseado neles que&nbsp; a Defensoria P\u00fablica&nbsp;do DF elaborou recomenda\u00e7\u00e3o para que o GDF condicione a sele\u00e7\u00e3o e a contrata\u00e7\u00e3o de bancas examinadoras de concursos p\u00fablicos \u00e0 obrigatoriedade da disponibiliza\u00e7\u00e3o da \u00edntegra dos editais em vers\u00e3o acess\u00edvel em Libras.<\/p>\n\n\n\n<p>A previs\u00e3o de assist\u00eancia no momento da prova n\u00e3o supre a necessidade de acessibilidade desde o in\u00edcio do processo seletivo para pessoas com defici\u00eancia auditiva.<\/p>\n\n\n\n<p>Outra oportunidade rec\u00e9m publicada com o edital em libras foi a do <strong>Concurso PGE PI,<\/strong> para o cargo de <strong>procurador. <\/strong><\/p>\n\n\n\n<figure class=\"wp-block-image size-large\"><img decoding=\"async\" width=\"1024\" height=\"295\" src=\"https:\/\/cj.estrategia.com\/portal\/wp-content\/uploads\/2025\/05\/02065311\/82AE4B05-6EE3-40CD-BD02-E9DB33236892-1024x295.png\" alt=\"\" class=\"wp-image-116739\" srcset=\"https:\/\/cj.estrategia.com\/portal\/wp-content\/uploads\/2025\/05\/02065311\/82AE4B05-6EE3-40CD-BD02-E9DB33236892-1024x295.png 1024w, https:\/\/cj.estrategia.com\/portal\/wp-content\/uploads\/2025\/05\/02065311\/82AE4B05-6EE3-40CD-BD02-E9DB33236892-300x86.png 300w, https:\/\/cj.estrategia.com\/portal\/wp-content\/uploads\/2025\/05\/02065311\/82AE4B05-6EE3-40CD-BD02-E9DB33236892-768x221.png 768w, https:\/\/cj.estrategia.com\/portal\/wp-content\/uploads\/2025\/05\/02065311\/82AE4B05-6EE3-40CD-BD02-E9DB33236892-1536x442.png 1536w, https:\/\/cj.estrategia.com\/portal\/wp-content\/uploads\/2025\/05\/02065311\/82AE4B05-6EE3-40CD-BD02-E9DB33236892-380x109.png 380w, https:\/\/cj.estrategia.com\/portal\/wp-content\/uploads\/2025\/05\/02065311\/82AE4B05-6EE3-40CD-BD02-E9DB33236892-800x230.png 800w, https:\/\/cj.estrategia.com\/portal\/wp-content\/uploads\/2025\/05\/02065311\/82AE4B05-6EE3-40CD-BD02-E9DB33236892-1160x334.png 1160w, https:\/\/cj.estrategia.com\/portal\/wp-content\/uploads\/2025\/05\/02065311\/82AE4B05-6EE3-40CD-BD02-E9DB33236892-150x43.png 150w, https:\/\/cj.estrategia.com\/portal\/wp-content\/uploads\/2025\/05\/02065311\/82AE4B05-6EE3-40CD-BD02-E9DB33236892.png 1602w\" sizes=\"(max-width: 1024px) 100vw, 1024px\" \/><figcaption class=\"wp-element-caption\">edital em libras<\/figcaption><\/figure>\n\n\n\n<p><\/p>\n\n\n\n<h2 class=\"wp-block-heading\" id=\"h-concursos-juridicos-no-df\"><span id=\"concursos-juridicos-no-df\">Concursos Jur\u00eddicos no DF<\/span><\/h2>\n\n\n\n<p>O Distrito Federal tem v\u00e1rios oportunidades previstas, que com a recomenda\u00e7\u00e3o da Defensoria, ter\u00e3o que publicar seus editais tamb\u00e9m em libras. Entres eles o pr\u00f3prio concurso da DPDF:<\/p>\n\n\n\n<ul class=\"wp-block-list\">\n<li><a href=\"https:\/\/cj.estrategia.com\/portal\/concurso-dpdf-defensor\/\" target=\"_blank\" ><strong>Concurso DPDF<\/strong><\/a><\/li>\n<\/ul>\n\n\n\n<p><strong>Status:<\/strong>&nbsp;nova comiss\u00e3o ser\u00e1 formada<\/p>\n\n\n\n<p><strong>Forma\u00e7\u00e3o:<\/strong>&nbsp;bacharelado em Direito e 03 anos de&nbsp;pr\u00e1tica jur\u00eddica<\/p>\n\n\n\n<p><strong>Banca:<\/strong>&nbsp;a definir<\/p>\n\n\n\n<p><strong>Vagas:&nbsp;<\/strong>40<\/p>\n\n\n\n<p><strong>Sal\u00e1rio inicial:&nbsp;<\/strong>R$ 22.589,59<\/p>\n\n\n\n<ul class=\"wp-block-list\">\n<li><a href=\"https:\/\/cj.estrategia.com\/portal\/concurso-magistratura-df\/\" target=\"_blank\" ><strong>Concurso Magistratura DF<\/strong><\/a><\/li>\n<\/ul>\n\n\n\n<p><strong>Status:&nbsp;<\/strong>Banca definida<\/p>\n\n\n\n<p><strong>Forma\u00e7\u00e3o:<\/strong>&nbsp;Bacharel em Direito + 3 anos de pr\u00e1tica jur\u00eddica<\/p>\n\n\n\n<p><strong>Banca:<\/strong>&nbsp;Cebraspe<\/p>\n\n\n\n<p><strong>Vagas:&nbsp;<\/strong>24 vagas previstas<\/p>\n\n\n\n<p><strong>Sal\u00e1rio inicial:&nbsp;<\/strong>R$ 35.845,21<\/p>\n\n\n\n<ul class=\"wp-block-list\">\n<li><a href=\"https:\/\/cj.estrategia.com\/portal\/concurso-delegado-df\/\" target=\"_blank\" ><strong>Concurso Delegado DF<\/strong><\/a><\/li>\n<\/ul>\n\n\n\n<p><strong>Status:<\/strong>&nbsp;Banca definida<\/p>\n\n\n\n<p><strong>Forma\u00e7\u00e3o:&nbsp;<\/strong>Bacharelado em Direito&nbsp;<\/p>\n\n\n\n<p><strong>Banca:<\/strong>&nbsp;Cebraspe<\/p>\n\n\n\n<p><strong>Vagas:&nbsp;<\/strong>40 + 40 CR<\/p>\n\n\n\n<p><strong>Sal\u00e1rio inicial<\/strong>: R$ 21.449,24<\/p>\n\n\n\n<h2 class=\"wp-block-heading has-text-align-center\" id=\"h-quer-saber-tudo-sobre-concursos-previstos-confira-nossos-artigos\"><span id=\"quer-saber-tudo-sobre-concursos-previstosconfira-nossos-artigos\">Quer saber tudo sobre concursos previstos?<br><strong>Confira nossos artigos! <\/strong><\/span><\/h2>\n\n\n\n<ul class=\"wp-block-list\">\n<li><a href=\"https:\/\/cj.estrategia.com\/portal\/concursos-abertos-carreiras-juridicas\/\" target=\"_blank\" ><strong>Concursos Jur\u00eddicos Abertos<\/strong><\/a><\/li>\n\n\n\n<li><a href=\"https:\/\/cj.estrategia.com\/portal\/concursos-2025-carreiras-juridicas\/\" target=\"_blank\" ><strong>Concursos Jur\u00eddicos 2025<\/strong><\/a><\/li>\n<\/ul>\n\n\n\n<h2 class=\"wp-block-heading has-text-align-center\" id=\"cursos-ficha\"><span id=\"quer-estudar-para-concursos-de-direito\">Quer estudar para Concursos de Direito?<\/span><\/h2>\n\n\n\n<p>O Estrat\u00e9gia Carreira Jur\u00eddica \u00e9 campe\u00e3o de aprova\u00e7\u00f5es nos concursos para Carreiras Jur\u00eddicas com um corpo docente qualificado e materiais completos. Conhe\u00e7a nossos cursos e garanta sua aprova\u00e7\u00e3o:<\/p>\n\n\n\n<div class=\"wp-block-cover\" style=\"min-height:155px;aspect-ratio:unset;\"><img decoding=\"async\" width=\"1890\" height=\"351\" class=\"wp-block-cover__image-background wp-image-8669\" alt=\"Assinaturas Jur\u00eddicas\" src=\"https:\/\/cj.estrategia.com\/portal\/wp-content\/uploads\/2022\/06\/20151253\/concurso-carreiras-juridicas-assinatura-juridica.jpg\" style=\"object-position:78% 43%\" data-object-fit=\"cover\" data-object-position=\"78% 43%\" srcset=\"https:\/\/cj.estrategia.com\/portal\/wp-content\/uploads\/2022\/06\/20151253\/concurso-carreiras-juridicas-assinatura-juridica.jpg 1890w, https:\/\/cj.estrategia.com\/portal\/wp-content\/uploads\/2022\/06\/20151253\/concurso-carreiras-juridicas-assinatura-juridica-300x56.jpg 300w, https:\/\/cj.estrategia.com\/portal\/wp-content\/uploads\/2022\/06\/20151253\/concurso-carreiras-juridicas-assinatura-juridica-1024x190.jpg 1024w, https:\/\/cj.estrategia.com\/portal\/wp-content\/uploads\/2022\/06\/20151253\/concurso-carreiras-juridicas-assinatura-juridica-768x143.jpg 768w, https:\/\/cj.estrategia.com\/portal\/wp-content\/uploads\/2022\/06\/20151253\/concurso-carreiras-juridicas-assinatura-juridica-1536x285.jpg 1536w, https:\/\/cj.estrategia.com\/portal\/wp-content\/uploads\/2022\/06\/20151253\/concurso-carreiras-juridicas-assinatura-juridica-380x71.jpg 380w, https:\/\/cj.estrategia.com\/portal\/wp-content\/uploads\/2022\/06\/20151253\/concurso-carreiras-juridicas-assinatura-juridica-800x149.jpg 800w, https:\/\/cj.estrategia.com\/portal\/wp-content\/uploads\/2022\/06\/20151253\/concurso-carreiras-juridicas-assinatura-juridica-1160x215.jpg 1160w\" sizes=\"(max-width: 1890px) 100vw, 1890px\" \/><span aria-hidden=\"true\" class=\"wp-block-cover__background has-background-dim\"><\/span><div class=\"wp-block-cover__inner-container is-layout-flow wp-block-cover-is-layout-flow\">\n<h3 id=\"faca-a-sua-assinatura\" class=\"titulo-assinatura\"><span style=\"color: #ffffff;\">Fa\u00e7a a sua assinatura!<\/span><\/h3>\n<p class=\"subtitulo-assinatura\" style=\"display:block!important; line-height: 0;\"><span style=\"color: #ffffff;\">Escolha a sua \u00e1rea.<\/span><\/p>\n<a target=\"_blank\" href=\"https:\/\/www.estrategiaconcursos.com.br\/assinaturas-ecj\/\" rel=\"noopener\"><button style=\"border-radius: 10px; text-transform: capitalize;\">Acessar<\/button><\/a>\n<\/div><\/div>\n\n\n\n<h2 class=\"wp-block-heading has-text-align-center\" id=\"h-whatsapp-ecj-nbsp-clique-na-sua-carreira-e-participe\"><span id=\"whatsapp-ecj-clique-na-sua-carreira-e-participe\">Whatsapp ECJ:&nbsp;<strong>Clique na sua carreira e PARTICIPE!<\/strong><\/span><\/h2>\n\n\n\n<p>Com o&nbsp;<strong>Whatsapp ECJ<\/strong>&nbsp;vamos transformar a maneira como os estudantes se preparam para os concursos p\u00fablicos do momento e do futuro. <strong>Esta plataforma n\u00e3o apenas oferece suporte para tirar d\u00favidas cruciais, mas tamb\u00e9m fornece dicas valiosas para alcan\u00e7ar o sucesso nas provas<\/strong>, abrangendo todas as \u00e1reas da carreira jur\u00eddica.<\/p>\n\n\n\n<h3 class=\"wp-block-heading\" id=\"h-cartorios\"><span id=\"cartorios\">Cart\u00f3rios<\/span><\/h3>\n\n\n<a id=\"cta-icon\" href=\"https:\/\/sndflw.com\/i\/cartorios-grupo\" target=\"blank\" style=\"background:rgb(41,166,26)\">\n            <img decoding=\"async\" src=\"https:\/\/cj.estrategia.com\/portal\/wp-content\/uploads\/2023\/12\/07160657\/whatsapp_1385.webp\" alt=\"\" alt=\"whatsapp_1385\"><span > Acesse agora o Grupo de Estudos para Concursos Cart\u00f3rio <\/span><\/a>\n\n\n\n<h3 class=\"wp-block-heading\" id=\"h-defensorias\"><span id=\"defensorias\">Defensorias<\/span><\/h3>\n\n\n<a id=\"cta-icon\" href=\"https:\/\/sndflw.com\/i\/defensorias-grupo\" target=\"blank\" style=\"background:rgb(41,166,26)\">\n            <img decoding=\"async\" src=\"https:\/\/cj.estrategia.com\/portal\/wp-content\/uploads\/2023\/12\/07160657\/whatsapp_1385.webp\" alt=\"\" alt=\"whatsapp_1385\"><span > Acesse agora o Grupo de Estudos para Concursos em Defensoria<\/span><\/a>\n\n\n\n<h3 class=\"wp-block-heading\" id=\"h-delegado\"><span id=\"delegado\">Delegado<\/span><\/h3>\n\n\n<a id=\"cta-icon\" href=\"https:\/\/sndflw.com\/i\/delegado-civil-grupo\" target=\"blank\" style=\"background:rgb(41,166,26)\">\n            <img decoding=\"async\" src=\"https:\/\/cj.estrategia.com\/portal\/wp-content\/uploads\/2023\/12\/07160657\/whatsapp_1385.webp\" alt=\"\" alt=\"whatsapp_1385\"><span > Acesse agora o Grupo de Estudos para Delegado Civil<\/span><\/a>\n\n\n\n<h3 class=\"wp-block-heading\" id=\"h-magistratura-estadual\"><span id=\"magistratura-estadual\">Magistratura Estadual<\/span><\/h3>\n\n\n<a id=\"cta-icon\" href=\"https:\/\/sndflw.com\/i\/magistratura-estadual-grupo\" target=\"blank\" style=\"background:rgb(41,166,26)\">\n            <img decoding=\"async\" src=\"https:\/\/cj.estrategia.com\/portal\/wp-content\/uploads\/2023\/12\/07160657\/whatsapp_1385.webp\" alt=\"\" alt=\"whatsapp_1385\"><span > Acesse agora o Grupo de Estudos para Magistratura Estadual <\/span><\/a>\n\n\n\n<h3 class=\"wp-block-heading\" id=\"h-magistratura-federal\"><span id=\"magistratura-federal\">Magistratura Federal<\/span><\/h3>\n\n\n<a id=\"cta-icon\" href=\"https:\/\/sndflw.com\/i\/magistratura-federal-grupo\" target=\"blank\" style=\"background:rgb(41,166,26)\">\n            <img decoding=\"async\" src=\"https:\/\/cj.estrategia.com\/portal\/wp-content\/uploads\/2023\/12\/07160657\/whatsapp_1385.webp\" alt=\"\" alt=\"whatsapp_1385\"><span > Acesse agora o Grupo de Estudos para Magistratura Federal <\/span><\/a>\n\n\n\n<h3 class=\"wp-block-heading\" id=\"h-procuradorias\"><span id=\"procuradorias\">Procuradorias<\/span><\/h3>\n\n\n<a id=\"cta-icon\" href=\"https:\/\/sndflw.com\/i\/procuradorias-grupo\" target=\"blank\" style=\"background:rgb(41,166,26)\">\n            <img decoding=\"async\" src=\"https:\/\/cj.estrategia.com\/portal\/wp-content\/uploads\/2023\/12\/07160657\/whatsapp_1385.webp\" alt=\"\" alt=\"whatsapp_1385\"><span > Acesse agora o Grupo de Estudos para Concurso de Procuradorias <\/span><\/a>\n\n\n\n<h3 class=\"wp-block-heading\" id=\"h-promotorias\"><span id=\"promotorias\">Promotorias<\/span><\/h3>\n\n\n<a id=\"cta-icon\" href=\"https:\/\/sndflw.com\/i\/promotorias-grupo\" target=\"blank\" style=\"background:rgb(83,193,88)\">\n            <img decoding=\"async\" src=\"https:\/\/cj.estrategia.com\/portal\/wp-content\/uploads\/2023\/12\/07160657\/whatsapp_1385.webp\" alt=\"\" alt=\"whatsapp_1385\"><span > Acesse agora o Grupo de Estudos para Concurso de Promotorias <\/span><\/a>\n\n\n\n<p><\/p>\n\n\n\n<ul class=\"wp-block-list\">\n<li><\/li>\n<\/ul>\n","protected":false},"excerpt":{"rendered":"Tratar as&nbsp;pessoas com defici\u00eancia com igualdade perante a sociedade e garantir&nbsp;autonomia, essa \u00e9 a luta da Defensoria P\u00fablica&hellip;\n","protected":false},"author":135,"featured_media":30750,"comment_status":"open","ping_status":"open","sticky":false,"template":"","format":"standard","meta":{"_jetpack_memberships_contains_paid_content":false,"footnotes":""},"categories":[1],"tags":[],"tax_estado":[],"class_list":{"0":"post-116705","1":"post","2":"type-post","3":"status-publish","4":"format-standard","5":"has-post-thumbnail","7":"category-carreiras-juridicas"},"acf":[],"yoast_head":"<!-- This site is optimized with the Yoast SEO Premium plugin v27.4 (Yoast SEO v27.4) - https:\/\/yoast.com\/product\/yoast-seo-premium-wordpress\/ -->\n<title>DPDF recomenda que editais sejam publicados em Libras no DF<\/title>\n<meta name=\"description\" content=\"DPDF recomenda que editais sejam publicados em Libras no DF: Confira AQUI os detalhes desta recomenda\u00e7\u00e3o e exija seus direitos.\" \/>\n<meta name=\"robots\" content=\"index, follow, max-snippet:-1, max-image-preview:large, max-video-preview:-1\" \/>\n<link rel=\"canonical\" href=\"https:\/\/cj.estrategia.com\/portal\/dpdf-recomenda-que-editais-sejam-publicados-em-libras-no-df\/\" \/>\n<meta property=\"og:locale\" content=\"pt_BR\" \/>\n<meta property=\"og:type\" content=\"article\" \/>\n<meta property=\"og:title\" content=\"DPDF recomenda que editais sejam publicados em Libras no DF\" \/>\n<meta property=\"og:description\" content=\"DPDF recomenda que editais sejam publicados em Libras no DF: Confira AQUI os detalhes desta recomenda\u00e7\u00e3o e exija seus direitos.\" \/>\n<meta property=\"og:url\" content=\"https:\/\/cj.estrategia.com\/portal\/dpdf-recomenda-que-editais-sejam-publicados-em-libras-no-df\/\" \/>\n<meta property=\"og:site_name\" content=\"Blog - Carreiras Jur\u00eddicas - Estrat\u00e9gia\" \/>\n<meta property=\"article:publisher\" content=\"https:\/\/www.facebook.com\/estrategiacarreirajuridica\/\" \/>\n<meta property=\"article:published_time\" content=\"2025-05-02T11:03:21+00:00\" \/>\n<meta property=\"article:modified_time\" content=\"2025-05-02T15:40:51+00:00\" \/>\n<meta property=\"og:image\" content=\"https:\/\/cj.estrategia.com\/portal\/wp-content\/uploads\/2023\/03\/06105039\/concursos-juridicos-2023-carreira-juridica-magistratura-delegado-mp-dpe.png\" \/>\n\t<meta property=\"og:image:width\" content=\"960\" \/>\n\t<meta property=\"og:image:height\" content=\"540\" \/>\n\t<meta property=\"og:image:type\" content=\"image\/png\" \/>\n<meta name=\"author\" content=\"Tauana Silva\" \/>\n<meta name=\"twitter:card\" content=\"summary_large_image\" \/>\n<meta name=\"twitter:creator\" content=\"@EstratJuridica\" \/>\n<meta name=\"twitter:site\" content=\"@EstratJuridica\" \/>\n<meta name=\"twitter:label1\" content=\"Escrito por\" \/>\n\t<meta name=\"twitter:data1\" content=\"Tauana Silva\" \/>\n\t<meta name=\"twitter:label2\" content=\"Est. tempo de leitura\" \/>\n\t<meta name=\"twitter:data2\" content=\"7 minutos\" \/>\n<script type=\"application\/ld+json\" class=\"yoast-schema-graph\">{\"@context\":\"https:\\\/\\\/schema.org\",\"@graph\":[{\"@type\":\"NewsArticle\",\"@id\":\"https:\\\/\\\/cj.estrategia.com\\\/portal\\\/dpdf-recomenda-que-editais-sejam-publicados-em-libras-no-df\\\/#article\",\"isPartOf\":{\"@id\":\"https:\\\/\\\/cj.estrategia.com\\\/portal\\\/dpdf-recomenda-que-editais-sejam-publicados-em-libras-no-df\\\/\"},\"author\":{\"name\":\"Tauana Silva\",\"@id\":\"https:\\\/\\\/cj.estrategia.com\\\/portal\\\/#\\\/schema\\\/person\\\/cb116423095e5a9f157a839dc8a808eb\"},\"headline\":\"DPDF recomenda que editais sejam publicados em Libras no DF\",\"datePublished\":\"2025-05-02T11:03:21+00:00\",\"dateModified\":\"2025-05-02T15:40:51+00:00\",\"mainEntityOfPage\":{\"@id\":\"https:\\\/\\\/cj.estrategia.com\\\/portal\\\/dpdf-recomenda-que-editais-sejam-publicados-em-libras-no-df\\\/\"},\"wordCount\":682,\"commentCount\":0,\"publisher\":{\"@id\":\"https:\\\/\\\/cj.estrategia.com\\\/portal\\\/#organization\"},\"image\":{\"@id\":\"https:\\\/\\\/cj.estrategia.com\\\/portal\\\/dpdf-recomenda-que-editais-sejam-publicados-em-libras-no-df\\\/#primaryimage\"},\"thumbnailUrl\":\"https:\\\/\\\/cj.estrategia.com\\\/portal\\\/wp-content\\\/uploads\\\/2023\\\/03\\\/06105039\\\/concursos-juridicos-2023-carreira-juridica-magistratura-delegado-mp-dpe.png\",\"articleSection\":[\"Carreiras Jur\u00eddicas\"],\"inLanguage\":\"pt-BR\",\"potentialAction\":[{\"@type\":\"CommentAction\",\"name\":\"Comment\",\"target\":[\"https:\\\/\\\/cj.estrategia.com\\\/portal\\\/dpdf-recomenda-que-editais-sejam-publicados-em-libras-no-df\\\/#respond\"]}]},{\"@type\":\"WebPage\",\"@id\":\"https:\\\/\\\/cj.estrategia.com\\\/portal\\\/dpdf-recomenda-que-editais-sejam-publicados-em-libras-no-df\\\/\",\"url\":\"https:\\\/\\\/cj.estrategia.com\\\/portal\\\/dpdf-recomenda-que-editais-sejam-publicados-em-libras-no-df\\\/\",\"name\":\"DPDF recomenda que editais sejam publicados em Libras no DF\",\"isPartOf\":{\"@id\":\"https:\\\/\\\/cj.estrategia.com\\\/portal\\\/#website\"},\"primaryImageOfPage\":{\"@id\":\"https:\\\/\\\/cj.estrategia.com\\\/portal\\\/dpdf-recomenda-que-editais-sejam-publicados-em-libras-no-df\\\/#primaryimage\"},\"image\":{\"@id\":\"https:\\\/\\\/cj.estrategia.com\\\/portal\\\/dpdf-recomenda-que-editais-sejam-publicados-em-libras-no-df\\\/#primaryimage\"},\"thumbnailUrl\":\"https:\\\/\\\/cj.estrategia.com\\\/portal\\\/wp-content\\\/uploads\\\/2023\\\/03\\\/06105039\\\/concursos-juridicos-2023-carreira-juridica-magistratura-delegado-mp-dpe.png\",\"datePublished\":\"2025-05-02T11:03:21+00:00\",\"dateModified\":\"2025-05-02T15:40:51+00:00\",\"description\":\"DPDF recomenda que editais sejam publicados em Libras no DF: Confira AQUI os detalhes desta recomenda\u00e7\u00e3o e exija seus direitos.\",\"breadcrumb\":{\"@id\":\"https:\\\/\\\/cj.estrategia.com\\\/portal\\\/dpdf-recomenda-que-editais-sejam-publicados-em-libras-no-df\\\/#breadcrumb\"},\"inLanguage\":\"pt-BR\",\"potentialAction\":[{\"@type\":\"ReadAction\",\"target\":[\"https:\\\/\\\/cj.estrategia.com\\\/portal\\\/dpdf-recomenda-que-editais-sejam-publicados-em-libras-no-df\\\/\"]}]},{\"@type\":\"ImageObject\",\"inLanguage\":\"pt-BR\",\"@id\":\"https:\\\/\\\/cj.estrategia.com\\\/portal\\\/dpdf-recomenda-que-editais-sejam-publicados-em-libras-no-df\\\/#primaryimage\",\"url\":\"https:\\\/\\\/cj.estrategia.com\\\/portal\\\/wp-content\\\/uploads\\\/2023\\\/03\\\/06105039\\\/concursos-juridicos-2023-carreira-juridica-magistratura-delegado-mp-dpe.png\",\"contentUrl\":\"https:\\\/\\\/cj.estrategia.com\\\/portal\\\/wp-content\\\/uploads\\\/2023\\\/03\\\/06105039\\\/concursos-juridicos-2023-carreira-juridica-magistratura-delegado-mp-dpe.png\",\"width\":960,\"height\":540},{\"@type\":\"BreadcrumbList\",\"@id\":\"https:\\\/\\\/cj.estrategia.com\\\/portal\\\/dpdf-recomenda-que-editais-sejam-publicados-em-libras-no-df\\\/#breadcrumb\",\"itemListElement\":[{\"@type\":\"ListItem\",\"position\":1,\"name\":\"In\u00edcio\",\"item\":\"https:\\\/\\\/cj.estrategia.com\\\/portal\\\/\"},{\"@type\":\"ListItem\",\"position\":2,\"name\":\"DPDF recomenda que editais sejam publicados em Libras no DF\"}]},{\"@type\":\"WebSite\",\"@id\":\"https:\\\/\\\/cj.estrategia.com\\\/portal\\\/#website\",\"url\":\"https:\\\/\\\/cj.estrategia.com\\\/portal\\\/\",\"name\":\"Blog - Carreiras Jur\u00eddicas - Estrat\u00e9gia\",\"description\":\"\",\"publisher\":{\"@id\":\"https:\\\/\\\/cj.estrategia.com\\\/portal\\\/#organization\"},\"potentialAction\":[{\"@type\":\"SearchAction\",\"target\":{\"@type\":\"EntryPoint\",\"urlTemplate\":\"https:\\\/\\\/cj.estrategia.com\\\/portal\\\/?s={search_term_string}\"},\"query-input\":{\"@type\":\"PropertyValueSpecification\",\"valueRequired\":true,\"valueName\":\"search_term_string\"}}],\"inLanguage\":\"pt-BR\"},{\"@type\":\"Organization\",\"@id\":\"https:\\\/\\\/cj.estrategia.com\\\/portal\\\/#organization\",\"name\":\"Estrat\u00e9gia - Carreiras Jur\u00eddicas\",\"url\":\"https:\\\/\\\/cj.estrategia.com\\\/portal\\\/\",\"logo\":{\"@type\":\"ImageObject\",\"inLanguage\":\"pt-BR\",\"@id\":\"https:\\\/\\\/cj.estrategia.com\\\/portal\\\/#\\\/schema\\\/logo\\\/image\\\/\",\"url\":\"https:\\\/\\\/cj.estrategia.com\\\/portal\\\/wp-content\\\/uploads\\\/2022\\\/03\\\/11151052\\\/cj-logo.png\",\"contentUrl\":\"https:\\\/\\\/cj.estrategia.com\\\/portal\\\/wp-content\\\/uploads\\\/2022\\\/03\\\/11151052\\\/cj-logo.png\",\"width\":150,\"height\":39,\"caption\":\"Estrat\u00e9gia - Carreiras Jur\u00eddicas\"},\"image\":{\"@id\":\"https:\\\/\\\/cj.estrategia.com\\\/portal\\\/#\\\/schema\\\/logo\\\/image\\\/\"},\"sameAs\":[\"https:\\\/\\\/www.facebook.com\\\/estrategiacarreirajuridica\\\/\",\"https:\\\/\\\/x.com\\\/EstratJuridica\",\"https:\\\/\\\/www.instagram.com\\\/estrategiacarreirajuridica\\\/\",\"https:\\\/\\\/www.youtube.com\\\/channel\\\/UClbMGuYbj2Mh1m3w144ETWQ\"]},{\"@type\":\"Person\",\"@id\":\"https:\\\/\\\/cj.estrategia.com\\\/portal\\\/#\\\/schema\\\/person\\\/cb116423095e5a9f157a839dc8a808eb\",\"name\":\"Tauana Silva\",\"image\":{\"@type\":\"ImageObject\",\"inLanguage\":\"pt-BR\",\"@id\":\"https:\\\/\\\/cj.estrategia.com\\\/portal\\\/wp-content\\\/uploads\\\/2024\\\/04\\\/05223156\\\/WhatsApp-Image-2024-12-05-at-22.30.41-96x96.jpeg\",\"url\":\"https:\\\/\\\/cj.estrategia.com\\\/portal\\\/wp-content\\\/uploads\\\/2024\\\/04\\\/05223156\\\/WhatsApp-Image-2024-12-05-at-22.30.41-96x96.jpeg\",\"contentUrl\":\"https:\\\/\\\/cj.estrategia.com\\\/portal\\\/wp-content\\\/uploads\\\/2024\\\/04\\\/05223156\\\/WhatsApp-Image-2024-12-05-at-22.30.41-96x96.jpeg\",\"caption\":\"Tauana Silva\"},\"description\":\"Jornalista com expertise em gest\u00e3o e marketing, acumulando mais de uma d\u00e9cada de experi\u00eancia, com foco especializado nos \u00faltimos cinco anos no setor de concursos p\u00fablicos. Habilidades s\u00f3lidas como social media, em reda\u00e7\u00e3o jornal\u00edstica, pr\u00e1ticas de SEO e copywriting.\",\"url\":\"https:\\\/\\\/cj.estrategia.com\\\/portal\\\/author\\\/tauanasilva\\\/\"}]}<\/script>\n<!-- \/ Yoast SEO Premium plugin. -->","yoast_head_json":{"title":"DPDF recomenda que editais sejam publicados em Libras no DF","description":"DPDF recomenda que editais sejam publicados em Libras no DF: Confira AQUI os detalhes desta recomenda\u00e7\u00e3o e exija seus direitos.","robots":{"index":"index","follow":"follow","max-snippet":"max-snippet:-1","max-image-preview":"max-image-preview:large","max-video-preview":"max-video-preview:-1"},"canonical":"https:\/\/cj.estrategia.com\/portal\/dpdf-recomenda-que-editais-sejam-publicados-em-libras-no-df\/","og_locale":"pt_BR","og_type":"article","og_title":"DPDF recomenda que editais sejam publicados em Libras no DF","og_description":"DPDF recomenda que editais sejam publicados em Libras no DF: Confira AQUI os detalhes desta recomenda\u00e7\u00e3o e exija seus direitos.","og_url":"https:\/\/cj.estrategia.com\/portal\/dpdf-recomenda-que-editais-sejam-publicados-em-libras-no-df\/","og_site_name":"Blog - Carreiras Jur\u00eddicas - Estrat\u00e9gia","article_publisher":"https:\/\/www.facebook.com\/estrategiacarreirajuridica\/","article_published_time":"2025-05-02T11:03:21+00:00","article_modified_time":"2025-05-02T15:40:51+00:00","og_image":[{"width":960,"height":540,"url":"https:\/\/cj.estrategia.com\/portal\/wp-content\/uploads\/2023\/03\/06105039\/concursos-juridicos-2023-carreira-juridica-magistratura-delegado-mp-dpe.png","type":"image\/png"}],"author":"Tauana Silva","twitter_card":"summary_large_image","twitter_creator":"@EstratJuridica","twitter_site":"@EstratJuridica","twitter_misc":{"Escrito por":"Tauana Silva","Est. tempo de leitura":"7 minutos"},"schema":{"@context":"https:\/\/schema.org","@graph":[{"@type":"NewsArticle","@id":"https:\/\/cj.estrategia.com\/portal\/dpdf-recomenda-que-editais-sejam-publicados-em-libras-no-df\/#article","isPartOf":{"@id":"https:\/\/cj.estrategia.com\/portal\/dpdf-recomenda-que-editais-sejam-publicados-em-libras-no-df\/"},"author":{"name":"Tauana Silva","@id":"https:\/\/cj.estrategia.com\/portal\/#\/schema\/person\/cb116423095e5a9f157a839dc8a808eb"},"headline":"DPDF recomenda que editais sejam publicados em Libras no DF","datePublished":"2025-05-02T11:03:21+00:00","dateModified":"2025-05-02T15:40:51+00:00","mainEntityOfPage":{"@id":"https:\/\/cj.estrategia.com\/portal\/dpdf-recomenda-que-editais-sejam-publicados-em-libras-no-df\/"},"wordCount":682,"commentCount":0,"publisher":{"@id":"https:\/\/cj.estrategia.com\/portal\/#organization"},"image":{"@id":"https:\/\/cj.estrategia.com\/portal\/dpdf-recomenda-que-editais-sejam-publicados-em-libras-no-df\/#primaryimage"},"thumbnailUrl":"https:\/\/cj.estrategia.com\/portal\/wp-content\/uploads\/2023\/03\/06105039\/concursos-juridicos-2023-carreira-juridica-magistratura-delegado-mp-dpe.png","articleSection":["Carreiras Jur\u00eddicas"],"inLanguage":"pt-BR","potentialAction":[{"@type":"CommentAction","name":"Comment","target":["https:\/\/cj.estrategia.com\/portal\/dpdf-recomenda-que-editais-sejam-publicados-em-libras-no-df\/#respond"]}]},{"@type":"WebPage","@id":"https:\/\/cj.estrategia.com\/portal\/dpdf-recomenda-que-editais-sejam-publicados-em-libras-no-df\/","url":"https:\/\/cj.estrategia.com\/portal\/dpdf-recomenda-que-editais-sejam-publicados-em-libras-no-df\/","name":"DPDF recomenda que editais sejam publicados em Libras no DF","isPartOf":{"@id":"https:\/\/cj.estrategia.com\/portal\/#website"},"primaryImageOfPage":{"@id":"https:\/\/cj.estrategia.com\/portal\/dpdf-recomenda-que-editais-sejam-publicados-em-libras-no-df\/#primaryimage"},"image":{"@id":"https:\/\/cj.estrategia.com\/portal\/dpdf-recomenda-que-editais-sejam-publicados-em-libras-no-df\/#primaryimage"},"thumbnailUrl":"https:\/\/cj.estrategia.com\/portal\/wp-content\/uploads\/2023\/03\/06105039\/concursos-juridicos-2023-carreira-juridica-magistratura-delegado-mp-dpe.png","datePublished":"2025-05-02T11:03:21+00:00","dateModified":"2025-05-02T15:40:51+00:00","description":"DPDF recomenda que editais sejam publicados em Libras no DF: Confira AQUI os detalhes desta recomenda\u00e7\u00e3o e exija seus direitos.","breadcrumb":{"@id":"https:\/\/cj.estrategia.com\/portal\/dpdf-recomenda-que-editais-sejam-publicados-em-libras-no-df\/#breadcrumb"},"inLanguage":"pt-BR","potentialAction":[{"@type":"ReadAction","target":["https:\/\/cj.estrategia.com\/portal\/dpdf-recomenda-que-editais-sejam-publicados-em-libras-no-df\/"]}]},{"@type":"ImageObject","inLanguage":"pt-BR","@id":"https:\/\/cj.estrategia.com\/portal\/dpdf-recomenda-que-editais-sejam-publicados-em-libras-no-df\/#primaryimage","url":"https:\/\/cj.estrategia.com\/portal\/wp-content\/uploads\/2023\/03\/06105039\/concursos-juridicos-2023-carreira-juridica-magistratura-delegado-mp-dpe.png","contentUrl":"https:\/\/cj.estrategia.com\/portal\/wp-content\/uploads\/2023\/03\/06105039\/concursos-juridicos-2023-carreira-juridica-magistratura-delegado-mp-dpe.png","width":960,"height":540},{"@type":"BreadcrumbList","@id":"https:\/\/cj.estrategia.com\/portal\/dpdf-recomenda-que-editais-sejam-publicados-em-libras-no-df\/#breadcrumb","itemListElement":[{"@type":"ListItem","position":1,"name":"In\u00edcio","item":"https:\/\/cj.estrategia.com\/portal\/"},{"@type":"ListItem","position":2,"name":"DPDF recomenda que editais sejam publicados em Libras no DF"}]},{"@type":"WebSite","@id":"https:\/\/cj.estrategia.com\/portal\/#website","url":"https:\/\/cj.estrategia.com\/portal\/","name":"Blog - Carreiras Jur\u00eddicas - Estrat\u00e9gia","description":"","publisher":{"@id":"https:\/\/cj.estrategia.com\/portal\/#organization"},"potentialAction":[{"@type":"SearchAction","target":{"@type":"EntryPoint","urlTemplate":"https:\/\/cj.estrategia.com\/portal\/?s={search_term_string}"},"query-input":{"@type":"PropertyValueSpecification","valueRequired":true,"valueName":"search_term_string"}}],"inLanguage":"pt-BR"},{"@type":"Organization","@id":"https:\/\/cj.estrategia.com\/portal\/#organization","name":"Estrat\u00e9gia - Carreiras Jur\u00eddicas","url":"https:\/\/cj.estrategia.com\/portal\/","logo":{"@type":"ImageObject","inLanguage":"pt-BR","@id":"https:\/\/cj.estrategia.com\/portal\/#\/schema\/logo\/image\/","url":"https:\/\/cj.estrategia.com\/portal\/wp-content\/uploads\/2022\/03\/11151052\/cj-logo.png","contentUrl":"https:\/\/cj.estrategia.com\/portal\/wp-content\/uploads\/2022\/03\/11151052\/cj-logo.png","width":150,"height":39,"caption":"Estrat\u00e9gia - Carreiras Jur\u00eddicas"},"image":{"@id":"https:\/\/cj.estrategia.com\/portal\/#\/schema\/logo\/image\/"},"sameAs":["https:\/\/www.facebook.com\/estrategiacarreirajuridica\/","https:\/\/x.com\/EstratJuridica","https:\/\/www.instagram.com\/estrategiacarreirajuridica\/","https:\/\/www.youtube.com\/channel\/UClbMGuYbj2Mh1m3w144ETWQ"]},{"@type":"Person","@id":"https:\/\/cj.estrategia.com\/portal\/#\/schema\/person\/cb116423095e5a9f157a839dc8a808eb","name":"Tauana Silva","image":{"@type":"ImageObject","inLanguage":"pt-BR","@id":"https:\/\/cj.estrategia.com\/portal\/wp-content\/uploads\/2024\/04\/05223156\/WhatsApp-Image-2024-12-05-at-22.30.41-96x96.jpeg","url":"https:\/\/cj.estrategia.com\/portal\/wp-content\/uploads\/2024\/04\/05223156\/WhatsApp-Image-2024-12-05-at-22.30.41-96x96.jpeg","contentUrl":"https:\/\/cj.estrategia.com\/portal\/wp-content\/uploads\/2024\/04\/05223156\/WhatsApp-Image-2024-12-05-at-22.30.41-96x96.jpeg","caption":"Tauana Silva"},"description":"Jornalista com expertise em gest\u00e3o e marketing, acumulando mais de uma d\u00e9cada de experi\u00eancia, com foco especializado nos \u00faltimos cinco anos no setor de concursos p\u00fablicos. Habilidades s\u00f3lidas como social media, em reda\u00e7\u00e3o jornal\u00edstica, pr\u00e1ticas de SEO e copywriting.","url":"https:\/\/cj.estrategia.com\/portal\/author\/tauanasilva\/"}]}},"jetpack_featured_media_url":"https:\/\/cj.estrategia.com\/portal\/wp-content\/uploads\/2023\/03\/06105039\/concursos-juridicos-2023-carreira-juridica-magistratura-delegado-mp-dpe.png","jetpack_sharing_enabled":true,"_links":{"self":[{"href":"https:\/\/cj.estrategia.com\/portal\/wp-json\/wp\/v2\/posts\/116705","targetHints":{"allow":["GET"]}}],"collection":[{"href":"https:\/\/cj.estrategia.com\/portal\/wp-json\/wp\/v2\/posts"}],"about":[{"href":"https:\/\/cj.estrategia.com\/portal\/wp-json\/wp\/v2\/types\/post"}],"author":[{"embeddable":true,"href":"https:\/\/cj.estrategia.com\/portal\/wp-json\/wp\/v2\/users\/135"}],"replies":[{"embeddable":true,"href":"https:\/\/cj.estrategia.com\/portal\/wp-json\/wp\/v2\/comments?post=116705"}],"version-history":[{"count":5,"href":"https:\/\/cj.estrategia.com\/portal\/wp-json\/wp\/v2\/posts\/116705\/revisions"}],"predecessor-version":[{"id":116746,"href":"https:\/\/cj.estrategia.com\/portal\/wp-json\/wp\/v2\/posts\/116705\/revisions\/116746"}],"wp:featuredmedia":[{"embeddable":true,"href":"https:\/\/cj.estrategia.com\/portal\/wp-json\/wp\/v2\/media\/30750"}],"wp:attachment":[{"href":"https:\/\/cj.estrategia.com\/portal\/wp-json\/wp\/v2\/media?parent=116705"}],"wp:term":[{"taxonomy":"category","embeddable":true,"href":"https:\/\/cj.estrategia.com\/portal\/wp-json\/wp\/v2\/categories?post=116705"},{"taxonomy":"post_tag","embeddable":true,"href":"https:\/\/cj.estrategia.com\/portal\/wp-json\/wp\/v2\/tags?post=116705"},{"taxonomy":"tax_estado","embeddable":true,"href":"https:\/\/cj.estrategia.com\/portal\/wp-json\/wp\/v2\/tax_estado?post=116705"}],"curies":[{"name":"wp","href":"https:\/\/api.w.org\/{rel}","templated":true}]}}