{"id":116145,"date":"2025-05-02T13:04:33","date_gmt":"2025-05-02T16:04:33","guid":{"rendered":"https:\/\/cj.estrategia.com\/portal\/?p=116145"},"modified":"2025-05-02T13:22:31","modified_gmt":"2025-05-02T16:22:31","slug":"prova-comentada-ambiental-concurso-dpe-rs-defensor","status":"publish","type":"post","link":"https:\/\/cj.estrategia.com\/portal\/prova-comentada-ambiental-concurso-dpe-rs-defensor\/","title":{"rendered":"Prova comentada Ambiental Concurso DPE RS Defensor"},"content":{"rendered":"<a id=\"cta-icon\" href=\"https:\/\/www.redirectmais.com\/wpp\/defensor-dpe-rs-grupo\" target=\"blank\" style=\"background:rgb(41,166,26)\">\n            <img decoding=\"async\" src=\"https:\/\/cj.estrategia.com\/portal\/wp-content\/uploads\/2023\/12\/07160657\/whatsapp_1385.webp\" alt=\"\" alt=\"whatsapp_1385\"><span > Acesse agora o grupo de estudos para o Concurso DPE RS Defensor<\/span><\/a>\n\n\n\n<p>Ol\u00e1, pessoal, tudo certo?!<\/p>\n\n\n\n<p>Em 27\/04\/2025, foi aplicada a prova objetiva do concurso p\u00fablico para a <strong>Defensoria P\u00fablica do Estado do Rio Grande do Sul<\/strong>. Assim que divulgados o caderno de provas e o gabarito preliminar oficial, nosso time de professores analisou cada uma das quest\u00f5es que agora ser\u00e3o apresentadas em nossa <strong>PROVA COMENTADA<\/strong>.<\/p>\n\n\n\n<p>Este material visa a auxili\u00e1-los na aferi\u00e7\u00e3o das notas, elabora\u00e7\u00e3o de eventuais recursos, verifica\u00e7\u00e3o das chances de avan\u00e7o para fase discursiva, bem como na revis\u00e3o do conte\u00fado cobrado no certame.<\/p>\n\n\n\n<p>Desde j\u00e1, destacamos que nosso time de professores identificou 2 quest\u00f5es pass\u00edveis de recurso e\/ou que deve ser anulada, por apresentar duas alternativas corretas, como veremos adiante. No tipo de prova comentado, trata-se das quest\u00f5es 57 e 80.<\/p>\n\n\n\n<p>De modo complementar, elaboramos tamb\u00e9m o Ranking da <strong>DPE-RS<\/strong> em que nossos alunos e seguidores poder\u00e3o inserir suas respostas \u00e0 prova, e, ao final, aferir sua nota, de acordo com o gabarito elaborado por nossos professores. Atrav\u00e9s do ranking, tamb\u00e9m poderemos estimar a nota de corte da 1\u00ba fase. Essa ferramenta \u00e9 gratuita e, para participar, basta clicar no link abaixo:<\/p>\n\n\n\n<p class=\"has-text-align-center has-luminous-vivid-amber-background-color has-background\"><a href=\"https:\/\/cj.estrategia.com\/rankings\/8726027f-8da7-4aed-bb02-e0d31df56336\"><strong>Ranking DPE RS Defensor<\/strong><\/a><\/p>\n\n\n\n<p>Al\u00e9m disso, montamos um caderno para nossos seguidores, alunos ou n\u00e3o, verem os coment\u00e1rios e comentar as quest\u00f5es da prova:<\/p>\n\n\n\n<p class=\"has-text-align-center has-luminous-vivid-amber-background-color has-background\"><a href=\"https:\/\/cj.estrategia.com\/cadernos-e-simulados\/cadernos\/ce277356-06ff-48d9-9d1c-112cb0b9c914\"><strong>Caderno de prova para seguidores<\/strong><\/a><\/p>\n\n\n\n<p>Por fim, comentaremos a prova, as quest\u00f5es mais pol\u00eamicas, as possibilidades de recurso, bem como a estimativa da nota de corte no <strong>TERM\u00d4METRO P\u00d3S-PROVA<\/strong>, no nosso canal do Youtube. Inscreva-se e ative as notifica\u00e7\u00f5es!<\/p>\n\n\n\n<p class=\"has-text-align-center has-luminous-vivid-amber-background-color has-background\"><a href=\"https:\/\/www.youtube.com\/@EstrategiaCarreiraJuridica\"><strong>Estrat\u00e9gia Carreira Jur\u00eddica &#8211; YouTube<\/strong><\/a><\/p>\n\n\n\n<p>Esperamos que gostem do material e de todos os novos projetos que preparamos para que avancem rumo \u00e0 aprova\u00e7\u00e3o.<\/p>\n\n\n\n<p><em>Contem sempre conosco.<br>Yasmin Ushara,<br>Coordena\u00e7\u00e3o de Rodadas do Estrat\u00e9gia Carreiras Jur\u00eddicas.<\/em><\/p>\n\n\n\n<p class=\"has-text-align-center has-luminous-vivid-amber-background-color has-background\"><strong><a href=\"https:\/\/cj.estrategia.com\/portal\/provas-comentadas-de-todas-as-materias-concurso-dpe-rs-defensor\/\" target=\"_blank\" >Confira a prova comentada de todas as disciplinas<\/a><\/strong><\/p>\n\n\n\n<p><strong>QUEST\u00c3O 57. A Lei da Mata Atl\u00e2ntica (Lei n\u00ba 11.428\/06) disp\u00f5e expressamente sobre:<\/strong><\/p>\n\n\n\n<p><strong>a) Protetor-recebedor.<\/strong><\/p>\n\n\n\n<p><strong>b) Cobran\u00e7a pelo uso dos recursos h\u00eddricos.<\/strong><\/p>\n\n\n\n<p><strong>c) Zoneamento ambiental.<\/strong><\/p>\n\n\n\n<p><strong>d) Desenvolvimento sustent\u00e1vel.<\/strong><\/p>\n\n\n\n<p><strong>e) Fun\u00e7\u00e3o socioambiental da propriedade.<\/strong><\/p>\n\n\n\n<p><strong>Coment\u00e1rios<\/strong><\/p>\n\n\n\n<p>A alternativa apontada como correta pelo gabarito preliminar \u00e9 a <strong>letra E<\/strong>. No entanto, a letra D tamb\u00e9m est\u00e1 <strong>correta<\/strong>, motivo pelo qual a quest\u00e3o deve ser considerada <strong>NULA<\/strong>. A quest\u00e3o trata do tema Lei da Mata Atl\u00e2ntica (Lei n\u00ba 11.428\/06).<\/p>\n\n\n\n<p>Observe que n\u00e3o h\u00e1, na lei em comento, nenhuma men\u00e7\u00e3o ao princ\u00edpio do protetor recebedor, nem \u00e0 cobran\u00e7a pelo uso de recursos h\u00eddricos, ou ao zoneamento ambiental. Portanto, as alternativas A, B e C ficam, de pronto, incorretas. No entanto, no artigo 6\u00ba, caput, h\u00e1 men\u00e7\u00e3o expressa ao desenvolvimento sustent\u00e1vel (trazido pela alternativa D), que \u00e9 o objetivo geral da prote\u00e7\u00e3o e utiliza\u00e7\u00e3o do Bioma Mata Atl\u00e2ntica. Vejamos: \u201cArt. 6\u00ba A prote\u00e7\u00e3o e a utiliza\u00e7\u00e3o do Bioma Mata Atl\u00e2ntica t\u00eam por objetivo geral o desenvolvimento sustent\u00e1vel e, por objetivos espec\u00edficos, a salvaguarda da biodiversidade, da sa\u00fade humana, dos valores paisag\u00edsticos, est\u00e9ticos e tur\u00edsticos, do regime h\u00eddrico e da estabilidade social.\u201d Ademais, no par\u00e1grafo \u00fanico do mesmo artigo, tamb\u00e9m h\u00e1 men\u00e7\u00e3o expressa \u00e0 fun\u00e7\u00e3o socioambiental da propriedade (trazida pela alternativa E), que \u00e9 um princ\u00edpio balizador da prote\u00e7\u00e3o e utiliza\u00e7\u00e3o do Bioma Mata Atl\u00e2ntica. A seguir: \u201cPar\u00e1grafo \u00fanico. Na prote\u00e7\u00e3o e na utiliza\u00e7\u00e3o do Bioma Mata Atl\u00e2ntica, ser\u00e3o observados os princ\u00edpios da fun\u00e7\u00e3o socioambiental da propriedade, da equidade intergeracional, da preven\u00e7\u00e3o, da precau\u00e7\u00e3o, do usu\u00e1rio-pagador, da transpar\u00eancia das informa\u00e7\u00f5es e atos, da gest\u00e3o democr\u00e1tica, da celeridade procedimental, da gratuidade dos servi\u00e7os administrativos prestados ao pequeno produtor rural e \u00e0s popula\u00e7\u00f5es tradicionais e do respeito ao direito de propriedade.\u201d Portanto, apesar de o gabarito preliminar da banca trazer como correta a letra E, entendemos que a letra D tamb\u00e9m est\u00e1 correta, tendo em vista que a \u00fanica condi\u00e7\u00e3o pedida pelo enunciado da quest\u00e3o, \u00e9 de que houvesse men\u00e7\u00e3o expressa do instituto na Lei da Mata Atl\u00e2ntica. Assim sendo, a quest\u00e3o merece ser anulada.<\/p>\n\n\n\n<p><strong>QUEST\u00c3O 58. Considerando a aplica\u00e7\u00e3o do princ\u00edpio protetor-recebedor, em conson\u00e2ncia com a Lei que instituiu a Pol\u00edtica Nacional de Res\u00edduos S\u00f3lidos (Lei n\u00ba 12.305\/10), \u00e9 correto afirmar que:<\/strong><\/p>\n\n\n\n<p><strong>a) Os estabelecimentos comerciais e de presta\u00e7\u00e3o de servi\u00e7os que gerem res\u00edduos que, mesmo caracterizados como n\u00e3o perigosos, por sua natureza, composi\u00e7\u00e3o ou volume, n\u00e3o sejam equiparados aos res\u00edduos domiciliares pelo poder p\u00fablico municipal, s\u00e3o respons\u00e1veis pela implementa\u00e7\u00e3o e operacionaliza\u00e7\u00e3o integral do plano de gerenciamento de res\u00edduos s\u00f3lidos aprovado pelo \u00f3rg\u00e3o competente.<\/strong><\/p>\n\n\n\n<p><strong>b) \u00c9 objetivo da Pol\u00edtica Nacional de Res\u00edduos S\u00f3lidos a prioridade e a garantia de pre\u00e7o m\u00ednimo, nas aquisi\u00e7\u00f5es e contrata\u00e7\u00f5es governamentais, para produtos reciclados e recicl\u00e1veis.<\/strong><\/p>\n\n\n\n<p><strong>c) O poder p\u00fablico poder\u00e1 instituir medidas indutoras e linhas de financiamento para atender, prioritariamente, \u00e0s iniciativas de preven\u00e7\u00e3o, redu\u00e7\u00e3o da gera\u00e7\u00e3o e reutiliza\u00e7\u00e3o de res\u00edduos s\u00f3lidos no processo produtivo.<\/strong><\/p>\n\n\n\n<p><strong>d) \u00c9 objetivo da Pol\u00edtica Nacional de Res\u00edduos S\u00f3lidos a prioridade, nas aquisi\u00e7\u00f5es e contrata\u00e7\u00f5es governamentais, para bens, servi\u00e7os e obras que considerem crit\u00e9rios compat\u00edveis com padr\u00f5es de consumo social e ambientalmente sustent\u00e1veis.<\/strong><\/p>\n\n\n\n<p><strong>e) A Uni\u00e3o, os Estados, o Distrito Federal e os Munic\u00edpios, no \u00e2mbito de suas compet\u00eancias, poder\u00e3o instituir normas com o objetivo de conceder incentivos fiscais, financeiros ou credit\u00edcios, respeitadas as limita\u00e7\u00f5es da Lei de Responsabilidade Fiscal, a projetos relacionados a responsabilidade pelo ciclo de vida dos produtos, desde que em parceria com cooperativas ou outras formas de associa\u00e7\u00e3o de catadores de materiais reutiliz\u00e1veis e recicl\u00e1veis formadas por pessoas f\u00edsicas de baixa renda.<\/strong><\/p>\n\n\n\n<p><strong>Coment\u00e1rios<\/strong><\/p>\n\n\n\n<p>A alternativa correta \u00e9 a <strong>letra D<\/strong>. A quest\u00e3o trata do tema Pol\u00edtica Nacional de Res\u00edduos S\u00f3lidos (Lei n\u00ba 12.305\/2010).<\/p>\n\n\n\n<p>A alternativa A est\u00e1 incorreta. De acordo com art. 20, II, \u201cb\u201d, da PNRS, tais estabelecimentos est\u00e3o sujeitos \u00e0 elabora\u00e7\u00e3o do plano de gerenciamento dos res\u00edduos s\u00f3lidos, e n\u00e3o \u00e0 sua implementa\u00e7\u00e3o e operacionaliza\u00e7\u00e3o integral. Vejamos: \u201cArt. 20.&nbsp; Est\u00e3o sujeitos \u00e0 elabora\u00e7\u00e3o de plano de gerenciamento de res\u00edduos s\u00f3lidos:&nbsp; II &#8211; os estabelecimentos comerciais e de presta\u00e7\u00e3o de servi\u00e7os que: b) gerem res\u00edduos que, mesmo caracterizados como n\u00e3o perigosos, por sua natureza, composi\u00e7\u00e3o ou volume, n\u00e3o sejam equiparados aos res\u00edduos domiciliares pelo poder p\u00fablico municipal;\u201d<\/p>\n\n\n\n<p>A alternativa B est\u00e1 incorreta. N\u00e3o h\u00e1 de se falar em \u201cpre\u00e7o m\u00ednimo\u201d. Conforme art. 7\u00ba, XI, \u201ca\u201d, da PNRS: \u201cArt. 7\u00ba S\u00e3o objetivos da Pol\u00edtica Nacional de Res\u00edduos S\u00f3lidos: XI &#8211; prioridade, nas aquisi\u00e7\u00f5es e contrata\u00e7\u00f5es governamentais, para: a) produtos reciclados e recicl\u00e1veis;\u201d.<\/p>\n\n\n\n<p>A alternativa C est\u00e1 incorreta. N\u00e3o h\u00e1 de se falar em \u201creutiliza\u00e7\u00e3o\u201d. Conforme art. 42, I, da PNRS: \u201cArt. 42.&nbsp; O poder p\u00fablico poder\u00e1 instituir medidas indutoras e linhas de financiamento para atender, prioritariamente, \u00e0s iniciativas de: I &#8211; preven\u00e7\u00e3o e redu\u00e7\u00e3o da gera\u00e7\u00e3o de res\u00edduos s\u00f3lidos no processo produtivo;\u201d.<\/p>\n\n\n\n<p>A alternativa D est\u00e1 correta. Conforme art. 7\u00ba, XI, \u201cb\u201d, da PNRS: \u201cArt. 7\u00ba S\u00e3o objetivos da Pol\u00edtica Nacional de Res\u00edduos S\u00f3lidos: XI &#8211; prioridade, nas aquisi\u00e7\u00f5es e contrata\u00e7\u00f5es governamentais, para: b) bens, servi\u00e7os e obras que considerem crit\u00e9rios compat\u00edveis com padr\u00f5es de consumo social e ambientalmente sustent\u00e1veis;\u201d.<\/p>\n\n\n\n<p>A alternativa E est\u00e1 incorreta. A parceria com cooperativas ou outras formas de associa\u00e7\u00e3o de catadores de materiais reutiliz\u00e1veis e recicl\u00e1veis \u00e9 priorit\u00e1ria, e n\u00e3o exclusiva. Conforme art. 44, II, da PNRS: \u201cArt. 44.&nbsp; A Uni\u00e3o, os Estados, o Distrito Federal e os Munic\u00edpios, no \u00e2mbito de suas compet\u00eancias, poder\u00e3o instituir normas com o objetivo de conceder incentivos fiscais, financeiros ou credit\u00edcios, respeitadas as limita\u00e7\u00f5es da Lei Complementar no 101, de 4 de maio de 2000 (Lei de Responsabilidade Fiscal), a:&nbsp; II &#8211; projetos relacionados \u00e0 responsabilidade pelo ciclo de vida dos produtos, prioritariamente em parceria com cooperativas ou outras formas de associa\u00e7\u00e3o de catadores de materiais reutiliz\u00e1veis e recicl\u00e1veis formadas por pessoas f\u00edsicas de baixa renda;\u201d.<\/p>\n\n\n\n<p class=\"has-text-align-center\"><em>Fique por dentro de todos os detalhes do concurso DPE RS Defensor.<br>Preparamos um artigo completo para voc\u00ea!<\/em><\/p>\n\n\n\n<p class=\"has-text-align-center has-luminous-vivid-amber-background-color has-background\"><a href=\"https:\/\/cj.estrategia.com\/portal\/concurso-dpe-rs-defensor\/\" target=\"_blank\" rel=\"noreferrer noopener nofollow\"><strong>Concurso DPE RS Defensor<\/strong><\/a><\/p>\n\n\n\n<h2 class=\"wp-block-heading has-text-align-center\" id=\"h-quer-saber-tudo-sobre-concursos-previstos-confira-nossos-artigos\"><span id=\"quer-saber-tudo-sobre-concursos-previstosconfira-nossos-artigos\">Quer saber tudo sobre concursos previstos?<br><strong>Confira nossos artigos!<\/strong><\/span><\/h2>\n\n\n\n<ul class=\"wp-block-list\">\n<li><a href=\"https:\/\/cj.estrategia.com\/portal\/concursos-abertos-carreiras-juridicas\/\" target=\"_blank\" >Concursos jur\u00eddicos abertos<\/a><\/li>\n<\/ul>\n\n\n\n<ul class=\"wp-block-list\">\n<li><a href=\"https:\/\/cj.estrategia.com\/portal\/concursos-2025-carreiras-juridicas\/\" target=\"_blank\" >Concursos jur\u00eddicos 2025<\/a><\/li>\n\n\n\n<li><a href=\"https:\/\/cj.estrategia.com\/portal\/concursos-defensorias\/\">Concursos defe<\/a><a href=\"https:\/\/cj.estrategia.com\/portal\/concursos-defensorias\/\" target=\"_blank\" >nsorias<\/a><\/li>\n<\/ul>\n\n\n\n<h2 class=\"wp-block-heading has-text-align-center\" id=\"cursos\"><span id=\"cursos-e-assinaturas\">CURSOS E ASSINATURAS<\/span><\/h2>\n\n\n\n<div id=\"boxes\" class=\"container\">\n<div class=\"row\">\n<div class=\"col-sm\">\n<div id=\"box-assinatura\" class=\"banner-estrategia-concursos-juridicos\">\n<h2 id=\"cursos-para-dpe-rs-defensor\" class=\"titulo-assinatura\"><span style=\"color: #ffffff; font-size: 23px; \">Cursos para DPE RS Defensor<\/span><\/h2>\n<p class=\"subtitulo-assinatura\">Conhe\u00e7a os cursos<\/p>\n<div class=\"box-botao\"><a class=\"btn-assinatura-juridica\" role=\"button\" href=\"https:\/\/cj.estrategia.com\/curso\/dpe-rs-defensor-publico-reta-final-pos-edital\/\" target=\"_blank\" rel=\"noopener noreferrer\">Conhe\u00e7a mais<\/a><\/div>\n<\/div>\n<p class=\"texto-auxiliar\">Prepare-se com o melhor material e com quem mais aprova em Concursos P\u00fablicos em todo o pa\u00eds.<\/p>\n<\/div>\n<\/div>\n<\/div>\n\n\n\n<div class=\"wp-block-cover\" style=\"min-height:155px;aspect-ratio:unset;\"><img decoding=\"async\" width=\"1890\" height=\"351\" class=\"wp-block-cover__image-background wp-image-8669\" alt=\"Assinaturas Jur\u00eddicas\" src=\"https:\/\/cj.estrategia.com\/portal\/wp-content\/uploads\/2022\/06\/20151253\/concurso-carreiras-juridicas-assinatura-juridica.jpg\" style=\"object-position:78% 43%\" data-object-fit=\"cover\" data-object-position=\"78% 43%\" srcset=\"https:\/\/cj.estrategia.com\/portal\/wp-content\/uploads\/2022\/06\/20151253\/concurso-carreiras-juridicas-assinatura-juridica.jpg 1890w, https:\/\/cj.estrategia.com\/portal\/wp-content\/uploads\/2022\/06\/20151253\/concurso-carreiras-juridicas-assinatura-juridica-300x56.jpg 300w, https:\/\/cj.estrategia.com\/portal\/wp-content\/uploads\/2022\/06\/20151253\/concurso-carreiras-juridicas-assinatura-juridica-1024x190.jpg 1024w, https:\/\/cj.estrategia.com\/portal\/wp-content\/uploads\/2022\/06\/20151253\/concurso-carreiras-juridicas-assinatura-juridica-768x143.jpg 768w, https:\/\/cj.estrategia.com\/portal\/wp-content\/uploads\/2022\/06\/20151253\/concurso-carreiras-juridicas-assinatura-juridica-1536x285.jpg 1536w, https:\/\/cj.estrategia.com\/portal\/wp-content\/uploads\/2022\/06\/20151253\/concurso-carreiras-juridicas-assinatura-juridica-380x71.jpg 380w, https:\/\/cj.estrategia.com\/portal\/wp-content\/uploads\/2022\/06\/20151253\/concurso-carreiras-juridicas-assinatura-juridica-800x149.jpg 800w, https:\/\/cj.estrategia.com\/portal\/wp-content\/uploads\/2022\/06\/20151253\/concurso-carreiras-juridicas-assinatura-juridica-1160x215.jpg 1160w\" sizes=\"(max-width: 1890px) 100vw, 1890px\" \/><span aria-hidden=\"true\" class=\"wp-block-cover__background has-background-dim\"><\/span><div class=\"wp-block-cover__inner-container is-layout-flow wp-block-cover-is-layout-flow\">\n<h3 id=\"faca-a-sua-assinatura\" class=\"titulo-assinatura\"><span style=\"color: #ffffff;\">Fa\u00e7a a sua assinatura!<\/span><\/h3>\n<p class=\"subtitulo-assinatura\" style=\"display:block!important; line-height: 0;\"><span style=\"color: #ffffff;\">Escolha a sua \u00e1rea.<\/span><\/p>\n<a target=\"_blank\" href=\"https:\/\/www.estrategiaconcursos.com.br\/assinaturas-ecj\/\" rel=\"noopener\"><button style=\"border-radius: 10px; text-transform: capitalize;\">Acessar<\/button><\/a>\n<\/div><\/div>\n\n\n\n<p><\/p>\n","protected":false},"excerpt":{"rendered":"Ol\u00e1, pessoal, tudo certo?! Em 27\/04\/2025, foi aplicada a prova objetiva do concurso p\u00fablico para a Defensoria P\u00fablica&hellip;\n","protected":false},"author":162,"featured_media":20776,"comment_status":"open","ping_status":"open","sticky":false,"template":"","format":"standard","meta":{"_jetpack_memberships_contains_paid_content":false,"footnotes":""},"categories":[27],"tags":[],"tax_estado":[53],"class_list":{"0":"post-116145","1":"post","2":"type-post","3":"status-publish","4":"format-standard","5":"has-post-thumbnail","7":"category-defensoria","8":"tax_estado-rs"},"acf":[],"yoast_head":"<!-- This site is optimized with the Yoast SEO Premium plugin v27.4 (Yoast SEO v27.4) - https:\/\/yoast.com\/product\/yoast-seo-premium-wordpress\/ -->\n<title>Prova comentada Ambiental Concurso DPE RS Defensor<\/title>\n<meta name=\"description\" content=\"Confira agora mesmo a Prova comentada Ambiental Concurso DPE RS Defensor elaborada pelos nossos professores!\" \/>\n<meta name=\"robots\" content=\"index, follow, max-snippet:-1, max-image-preview:large, max-video-preview:-1\" \/>\n<link rel=\"canonical\" href=\"https:\/\/cj.estrategia.com\/portal\/prova-comentada-ambiental-concurso-dpe-rs-defensor\/\" \/>\n<meta property=\"og:locale\" content=\"pt_BR\" \/>\n<meta property=\"og:type\" content=\"article\" \/>\n<meta property=\"og:title\" content=\"Prova comentada Ambiental Concurso DPE RS Defensor\" \/>\n<meta property=\"og:description\" content=\"Confira agora mesmo a Prova comentada Ambiental Concurso DPE RS Defensor elaborada pelos nossos professores!\" \/>\n<meta property=\"og:url\" content=\"https:\/\/cj.estrategia.com\/portal\/prova-comentada-ambiental-concurso-dpe-rs-defensor\/\" \/>\n<meta property=\"og:site_name\" content=\"Blog - Carreiras Jur\u00eddicas - Estrat\u00e9gia\" \/>\n<meta property=\"article:publisher\" content=\"https:\/\/www.facebook.com\/estrategiacarreirajuridica\/\" \/>\n<meta property=\"article:published_time\" content=\"2025-05-02T16:04:33+00:00\" \/>\n<meta property=\"article:modified_time\" content=\"2025-05-02T16:22:31+00:00\" \/>\n<meta property=\"og:image\" content=\"https:\/\/cj.estrategia.com\/portal\/wp-content\/uploads\/2022\/05\/04102225\/Concursos-Defensorias.jpg\" \/>\n\t<meta property=\"og:image:width\" content=\"768\" \/>\n\t<meta property=\"og:image:height\" content=\"432\" \/>\n\t<meta property=\"og:image:type\" content=\"image\/jpeg\" \/>\n<meta name=\"author\" content=\"Jos\u00e9 Ferreira\" \/>\n<meta name=\"twitter:card\" content=\"summary_large_image\" \/>\n<meta name=\"twitter:creator\" content=\"@EstratJuridica\" \/>\n<meta name=\"twitter:site\" content=\"@EstratJuridica\" \/>\n<meta name=\"twitter:label1\" content=\"Escrito por\" \/>\n\t<meta name=\"twitter:data1\" content=\"Jos\u00e9 Ferreira\" \/>\n\t<meta name=\"twitter:label2\" content=\"Est. tempo de leitura\" \/>\n\t<meta name=\"twitter:data2\" content=\"8 minutos\" \/>\n<script type=\"application\/ld+json\" class=\"yoast-schema-graph\">{\"@context\":\"https:\\\/\\\/schema.org\",\"@graph\":[{\"@type\":\"NewsArticle\",\"@id\":\"https:\\\/\\\/cj.estrategia.com\\\/portal\\\/prova-comentada-ambiental-concurso-dpe-rs-defensor\\\/#article\",\"isPartOf\":{\"@id\":\"https:\\\/\\\/cj.estrategia.com\\\/portal\\\/prova-comentada-ambiental-concurso-dpe-rs-defensor\\\/\"},\"author\":{\"name\":\"Jos\u00e9 Ferreira\",\"@id\":\"https:\\\/\\\/cj.estrategia.com\\\/portal\\\/#\\\/schema\\\/person\\\/4caf0099c42d736f2aade723f309f690\"},\"headline\":\"Prova comentada Ambiental Concurso DPE RS Defensor\",\"datePublished\":\"2025-05-02T16:04:33+00:00\",\"dateModified\":\"2025-05-02T16:22:31+00:00\",\"mainEntityOfPage\":{\"@id\":\"https:\\\/\\\/cj.estrategia.com\\\/portal\\\/prova-comentada-ambiental-concurso-dpe-rs-defensor\\\/\"},\"wordCount\":1502,\"commentCount\":0,\"publisher\":{\"@id\":\"https:\\\/\\\/cj.estrategia.com\\\/portal\\\/#organization\"},\"image\":{\"@id\":\"https:\\\/\\\/cj.estrategia.com\\\/portal\\\/prova-comentada-ambiental-concurso-dpe-rs-defensor\\\/#primaryimage\"},\"thumbnailUrl\":\"https:\\\/\\\/cj.estrategia.com\\\/portal\\\/wp-content\\\/uploads\\\/2022\\\/05\\\/04102225\\\/Concursos-Defensorias.jpg\",\"articleSection\":[\"Defensoria\"],\"inLanguage\":\"pt-BR\",\"potentialAction\":[{\"@type\":\"CommentAction\",\"name\":\"Comment\",\"target\":[\"https:\\\/\\\/cj.estrategia.com\\\/portal\\\/prova-comentada-ambiental-concurso-dpe-rs-defensor\\\/#respond\"]}]},{\"@type\":\"WebPage\",\"@id\":\"https:\\\/\\\/cj.estrategia.com\\\/portal\\\/prova-comentada-ambiental-concurso-dpe-rs-defensor\\\/\",\"url\":\"https:\\\/\\\/cj.estrategia.com\\\/portal\\\/prova-comentada-ambiental-concurso-dpe-rs-defensor\\\/\",\"name\":\"Prova comentada Ambiental Concurso DPE RS Defensor\",\"isPartOf\":{\"@id\":\"https:\\\/\\\/cj.estrategia.com\\\/portal\\\/#website\"},\"primaryImageOfPage\":{\"@id\":\"https:\\\/\\\/cj.estrategia.com\\\/portal\\\/prova-comentada-ambiental-concurso-dpe-rs-defensor\\\/#primaryimage\"},\"image\":{\"@id\":\"https:\\\/\\\/cj.estrategia.com\\\/portal\\\/prova-comentada-ambiental-concurso-dpe-rs-defensor\\\/#primaryimage\"},\"thumbnailUrl\":\"https:\\\/\\\/cj.estrategia.com\\\/portal\\\/wp-content\\\/uploads\\\/2022\\\/05\\\/04102225\\\/Concursos-Defensorias.jpg\",\"datePublished\":\"2025-05-02T16:04:33+00:00\",\"dateModified\":\"2025-05-02T16:22:31+00:00\",\"description\":\"Confira agora mesmo a Prova comentada Ambiental Concurso DPE RS Defensor elaborada pelos nossos professores!\",\"breadcrumb\":{\"@id\":\"https:\\\/\\\/cj.estrategia.com\\\/portal\\\/prova-comentada-ambiental-concurso-dpe-rs-defensor\\\/#breadcrumb\"},\"inLanguage\":\"pt-BR\",\"potentialAction\":[{\"@type\":\"ReadAction\",\"target\":[\"https:\\\/\\\/cj.estrategia.com\\\/portal\\\/prova-comentada-ambiental-concurso-dpe-rs-defensor\\\/\"]}]},{\"@type\":\"ImageObject\",\"inLanguage\":\"pt-BR\",\"@id\":\"https:\\\/\\\/cj.estrategia.com\\\/portal\\\/prova-comentada-ambiental-concurso-dpe-rs-defensor\\\/#primaryimage\",\"url\":\"https:\\\/\\\/cj.estrategia.com\\\/portal\\\/wp-content\\\/uploads\\\/2022\\\/05\\\/04102225\\\/Concursos-Defensorias.jpg\",\"contentUrl\":\"https:\\\/\\\/cj.estrategia.com\\\/portal\\\/wp-content\\\/uploads\\\/2022\\\/05\\\/04102225\\\/Concursos-Defensorias.jpg\",\"width\":768,\"height\":432,\"caption\":\"Concursos de defensorias\"},{\"@type\":\"BreadcrumbList\",\"@id\":\"https:\\\/\\\/cj.estrategia.com\\\/portal\\\/prova-comentada-ambiental-concurso-dpe-rs-defensor\\\/#breadcrumb\",\"itemListElement\":[{\"@type\":\"ListItem\",\"position\":1,\"name\":\"In\u00edcio\",\"item\":\"https:\\\/\\\/cj.estrategia.com\\\/portal\\\/\"},{\"@type\":\"ListItem\",\"position\":2,\"name\":\"Prova comentada Ambiental Concurso DPE RS Defensor\"}]},{\"@type\":\"WebSite\",\"@id\":\"https:\\\/\\\/cj.estrategia.com\\\/portal\\\/#website\",\"url\":\"https:\\\/\\\/cj.estrategia.com\\\/portal\\\/\",\"name\":\"Blog - Carreiras Jur\u00eddicas - Estrat\u00e9gia\",\"description\":\"\",\"publisher\":{\"@id\":\"https:\\\/\\\/cj.estrategia.com\\\/portal\\\/#organization\"},\"potentialAction\":[{\"@type\":\"SearchAction\",\"target\":{\"@type\":\"EntryPoint\",\"urlTemplate\":\"https:\\\/\\\/cj.estrategia.com\\\/portal\\\/?s={search_term_string}\"},\"query-input\":{\"@type\":\"PropertyValueSpecification\",\"valueRequired\":true,\"valueName\":\"search_term_string\"}}],\"inLanguage\":\"pt-BR\"},{\"@type\":\"Organization\",\"@id\":\"https:\\\/\\\/cj.estrategia.com\\\/portal\\\/#organization\",\"name\":\"Estrat\u00e9gia - Carreiras Jur\u00eddicas\",\"url\":\"https:\\\/\\\/cj.estrategia.com\\\/portal\\\/\",\"logo\":{\"@type\":\"ImageObject\",\"inLanguage\":\"pt-BR\",\"@id\":\"https:\\\/\\\/cj.estrategia.com\\\/portal\\\/#\\\/schema\\\/logo\\\/image\\\/\",\"url\":\"https:\\\/\\\/cj.estrategia.com\\\/portal\\\/wp-content\\\/uploads\\\/2022\\\/03\\\/11151052\\\/cj-logo.png\",\"contentUrl\":\"https:\\\/\\\/cj.estrategia.com\\\/portal\\\/wp-content\\\/uploads\\\/2022\\\/03\\\/11151052\\\/cj-logo.png\",\"width\":150,\"height\":39,\"caption\":\"Estrat\u00e9gia - Carreiras Jur\u00eddicas\"},\"image\":{\"@id\":\"https:\\\/\\\/cj.estrategia.com\\\/portal\\\/#\\\/schema\\\/logo\\\/image\\\/\"},\"sameAs\":[\"https:\\\/\\\/www.facebook.com\\\/estrategiacarreirajuridica\\\/\",\"https:\\\/\\\/x.com\\\/EstratJuridica\",\"https:\\\/\\\/www.instagram.com\\\/estrategiacarreirajuridica\\\/\",\"https:\\\/\\\/www.youtube.com\\\/channel\\\/UClbMGuYbj2Mh1m3w144ETWQ\"]},{\"@type\":\"Person\",\"@id\":\"https:\\\/\\\/cj.estrategia.com\\\/portal\\\/#\\\/schema\\\/person\\\/4caf0099c42d736f2aade723f309f690\",\"name\":\"Jos\u00e9 Ferreira\",\"image\":{\"@type\":\"ImageObject\",\"inLanguage\":\"pt-BR\",\"@id\":\"https:\\\/\\\/cj.estrategia.com\\\/portal\\\/wp-content\\\/uploads\\\/2025\\\/04\\\/18142237\\\/jose-ferreira-navarro-analista-de-conteudo-jornalismo-carreiras-juridicas-96x96.png\",\"url\":\"https:\\\/\\\/cj.estrategia.com\\\/portal\\\/wp-content\\\/uploads\\\/2025\\\/04\\\/18142237\\\/jose-ferreira-navarro-analista-de-conteudo-jornalismo-carreiras-juridicas-96x96.png\",\"contentUrl\":\"https:\\\/\\\/cj.estrategia.com\\\/portal\\\/wp-content\\\/uploads\\\/2025\\\/04\\\/18142237\\\/jose-ferreira-navarro-analista-de-conteudo-jornalismo-carreiras-juridicas-96x96.png\",\"caption\":\"Jos\u00e9 Ferreira\"},\"description\":\"Analista de conte\u00fado na equipe de Jornalismo, atua com SEO e estrat\u00e9gia para desenvolver conte\u00fados relevantes e de alta qualidade voltados para OAB e para o universo de Concursos Jur\u00eddicos.\",\"url\":\"https:\\\/\\\/cj.estrategia.com\\\/portal\\\/author\\\/jose-navarro-de-andrade-cintra-ferreira\\\/\"}]}<\/script>\n<!-- \/ Yoast SEO Premium plugin. -->","yoast_head_json":{"title":"Prova comentada Ambiental Concurso DPE RS Defensor","description":"Confira agora mesmo a Prova comentada Ambiental Concurso DPE RS Defensor elaborada pelos nossos professores!","robots":{"index":"index","follow":"follow","max-snippet":"max-snippet:-1","max-image-preview":"max-image-preview:large","max-video-preview":"max-video-preview:-1"},"canonical":"https:\/\/cj.estrategia.com\/portal\/prova-comentada-ambiental-concurso-dpe-rs-defensor\/","og_locale":"pt_BR","og_type":"article","og_title":"Prova comentada Ambiental Concurso DPE RS Defensor","og_description":"Confira agora mesmo a Prova comentada Ambiental Concurso DPE RS Defensor elaborada pelos nossos professores!","og_url":"https:\/\/cj.estrategia.com\/portal\/prova-comentada-ambiental-concurso-dpe-rs-defensor\/","og_site_name":"Blog - Carreiras Jur\u00eddicas - Estrat\u00e9gia","article_publisher":"https:\/\/www.facebook.com\/estrategiacarreirajuridica\/","article_published_time":"2025-05-02T16:04:33+00:00","article_modified_time":"2025-05-02T16:22:31+00:00","og_image":[{"width":768,"height":432,"url":"https:\/\/cj.estrategia.com\/portal\/wp-content\/uploads\/2022\/05\/04102225\/Concursos-Defensorias.jpg","type":"image\/jpeg"}],"author":"Jos\u00e9 Ferreira","twitter_card":"summary_large_image","twitter_creator":"@EstratJuridica","twitter_site":"@EstratJuridica","twitter_misc":{"Escrito por":"Jos\u00e9 Ferreira","Est. tempo de leitura":"8 minutos"},"schema":{"@context":"https:\/\/schema.org","@graph":[{"@type":"NewsArticle","@id":"https:\/\/cj.estrategia.com\/portal\/prova-comentada-ambiental-concurso-dpe-rs-defensor\/#article","isPartOf":{"@id":"https:\/\/cj.estrategia.com\/portal\/prova-comentada-ambiental-concurso-dpe-rs-defensor\/"},"author":{"name":"Jos\u00e9 Ferreira","@id":"https:\/\/cj.estrategia.com\/portal\/#\/schema\/person\/4caf0099c42d736f2aade723f309f690"},"headline":"Prova comentada Ambiental Concurso DPE RS Defensor","datePublished":"2025-05-02T16:04:33+00:00","dateModified":"2025-05-02T16:22:31+00:00","mainEntityOfPage":{"@id":"https:\/\/cj.estrategia.com\/portal\/prova-comentada-ambiental-concurso-dpe-rs-defensor\/"},"wordCount":1502,"commentCount":0,"publisher":{"@id":"https:\/\/cj.estrategia.com\/portal\/#organization"},"image":{"@id":"https:\/\/cj.estrategia.com\/portal\/prova-comentada-ambiental-concurso-dpe-rs-defensor\/#primaryimage"},"thumbnailUrl":"https:\/\/cj.estrategia.com\/portal\/wp-content\/uploads\/2022\/05\/04102225\/Concursos-Defensorias.jpg","articleSection":["Defensoria"],"inLanguage":"pt-BR","potentialAction":[{"@type":"CommentAction","name":"Comment","target":["https:\/\/cj.estrategia.com\/portal\/prova-comentada-ambiental-concurso-dpe-rs-defensor\/#respond"]}]},{"@type":"WebPage","@id":"https:\/\/cj.estrategia.com\/portal\/prova-comentada-ambiental-concurso-dpe-rs-defensor\/","url":"https:\/\/cj.estrategia.com\/portal\/prova-comentada-ambiental-concurso-dpe-rs-defensor\/","name":"Prova comentada Ambiental Concurso DPE RS Defensor","isPartOf":{"@id":"https:\/\/cj.estrategia.com\/portal\/#website"},"primaryImageOfPage":{"@id":"https:\/\/cj.estrategia.com\/portal\/prova-comentada-ambiental-concurso-dpe-rs-defensor\/#primaryimage"},"image":{"@id":"https:\/\/cj.estrategia.com\/portal\/prova-comentada-ambiental-concurso-dpe-rs-defensor\/#primaryimage"},"thumbnailUrl":"https:\/\/cj.estrategia.com\/portal\/wp-content\/uploads\/2022\/05\/04102225\/Concursos-Defensorias.jpg","datePublished":"2025-05-02T16:04:33+00:00","dateModified":"2025-05-02T16:22:31+00:00","description":"Confira agora mesmo a Prova comentada Ambiental Concurso DPE RS Defensor elaborada pelos nossos professores!","breadcrumb":{"@id":"https:\/\/cj.estrategia.com\/portal\/prova-comentada-ambiental-concurso-dpe-rs-defensor\/#breadcrumb"},"inLanguage":"pt-BR","potentialAction":[{"@type":"ReadAction","target":["https:\/\/cj.estrategia.com\/portal\/prova-comentada-ambiental-concurso-dpe-rs-defensor\/"]}]},{"@type":"ImageObject","inLanguage":"pt-BR","@id":"https:\/\/cj.estrategia.com\/portal\/prova-comentada-ambiental-concurso-dpe-rs-defensor\/#primaryimage","url":"https:\/\/cj.estrategia.com\/portal\/wp-content\/uploads\/2022\/05\/04102225\/Concursos-Defensorias.jpg","contentUrl":"https:\/\/cj.estrategia.com\/portal\/wp-content\/uploads\/2022\/05\/04102225\/Concursos-Defensorias.jpg","width":768,"height":432,"caption":"Concursos de defensorias"},{"@type":"BreadcrumbList","@id":"https:\/\/cj.estrategia.com\/portal\/prova-comentada-ambiental-concurso-dpe-rs-defensor\/#breadcrumb","itemListElement":[{"@type":"ListItem","position":1,"name":"In\u00edcio","item":"https:\/\/cj.estrategia.com\/portal\/"},{"@type":"ListItem","position":2,"name":"Prova comentada Ambiental Concurso DPE RS Defensor"}]},{"@type":"WebSite","@id":"https:\/\/cj.estrategia.com\/portal\/#website","url":"https:\/\/cj.estrategia.com\/portal\/","name":"Blog - Carreiras Jur\u00eddicas - Estrat\u00e9gia","description":"","publisher":{"@id":"https:\/\/cj.estrategia.com\/portal\/#organization"},"potentialAction":[{"@type":"SearchAction","target":{"@type":"EntryPoint","urlTemplate":"https:\/\/cj.estrategia.com\/portal\/?s={search_term_string}"},"query-input":{"@type":"PropertyValueSpecification","valueRequired":true,"valueName":"search_term_string"}}],"inLanguage":"pt-BR"},{"@type":"Organization","@id":"https:\/\/cj.estrategia.com\/portal\/#organization","name":"Estrat\u00e9gia - Carreiras Jur\u00eddicas","url":"https:\/\/cj.estrategia.com\/portal\/","logo":{"@type":"ImageObject","inLanguage":"pt-BR","@id":"https:\/\/cj.estrategia.com\/portal\/#\/schema\/logo\/image\/","url":"https:\/\/cj.estrategia.com\/portal\/wp-content\/uploads\/2022\/03\/11151052\/cj-logo.png","contentUrl":"https:\/\/cj.estrategia.com\/portal\/wp-content\/uploads\/2022\/03\/11151052\/cj-logo.png","width":150,"height":39,"caption":"Estrat\u00e9gia - Carreiras Jur\u00eddicas"},"image":{"@id":"https:\/\/cj.estrategia.com\/portal\/#\/schema\/logo\/image\/"},"sameAs":["https:\/\/www.facebook.com\/estrategiacarreirajuridica\/","https:\/\/x.com\/EstratJuridica","https:\/\/www.instagram.com\/estrategiacarreirajuridica\/","https:\/\/www.youtube.com\/channel\/UClbMGuYbj2Mh1m3w144ETWQ"]},{"@type":"Person","@id":"https:\/\/cj.estrategia.com\/portal\/#\/schema\/person\/4caf0099c42d736f2aade723f309f690","name":"Jos\u00e9 Ferreira","image":{"@type":"ImageObject","inLanguage":"pt-BR","@id":"https:\/\/cj.estrategia.com\/portal\/wp-content\/uploads\/2025\/04\/18142237\/jose-ferreira-navarro-analista-de-conteudo-jornalismo-carreiras-juridicas-96x96.png","url":"https:\/\/cj.estrategia.com\/portal\/wp-content\/uploads\/2025\/04\/18142237\/jose-ferreira-navarro-analista-de-conteudo-jornalismo-carreiras-juridicas-96x96.png","contentUrl":"https:\/\/cj.estrategia.com\/portal\/wp-content\/uploads\/2025\/04\/18142237\/jose-ferreira-navarro-analista-de-conteudo-jornalismo-carreiras-juridicas-96x96.png","caption":"Jos\u00e9 Ferreira"},"description":"Analista de conte\u00fado na equipe de Jornalismo, atua com SEO e estrat\u00e9gia para desenvolver conte\u00fados relevantes e de alta qualidade voltados para OAB e para o universo de Concursos Jur\u00eddicos.","url":"https:\/\/cj.estrategia.com\/portal\/author\/jose-navarro-de-andrade-cintra-ferreira\/"}]}},"jetpack_featured_media_url":"https:\/\/cj.estrategia.com\/portal\/wp-content\/uploads\/2022\/05\/04102225\/Concursos-Defensorias.jpg","jetpack_sharing_enabled":true,"_links":{"self":[{"href":"https:\/\/cj.estrategia.com\/portal\/wp-json\/wp\/v2\/posts\/116145","targetHints":{"allow":["GET"]}}],"collection":[{"href":"https:\/\/cj.estrategia.com\/portal\/wp-json\/wp\/v2\/posts"}],"about":[{"href":"https:\/\/cj.estrategia.com\/portal\/wp-json\/wp\/v2\/types\/post"}],"author":[{"embeddable":true,"href":"https:\/\/cj.estrategia.com\/portal\/wp-json\/wp\/v2\/users\/162"}],"replies":[{"embeddable":true,"href":"https:\/\/cj.estrategia.com\/portal\/wp-json\/wp\/v2\/comments?post=116145"}],"version-history":[{"count":7,"href":"https:\/\/cj.estrategia.com\/portal\/wp-json\/wp\/v2\/posts\/116145\/revisions"}],"predecessor-version":[{"id":116904,"href":"https:\/\/cj.estrategia.com\/portal\/wp-json\/wp\/v2\/posts\/116145\/revisions\/116904"}],"wp:featuredmedia":[{"embeddable":true,"href":"https:\/\/cj.estrategia.com\/portal\/wp-json\/wp\/v2\/media\/20776"}],"wp:attachment":[{"href":"https:\/\/cj.estrategia.com\/portal\/wp-json\/wp\/v2\/media?parent=116145"}],"wp:term":[{"taxonomy":"category","embeddable":true,"href":"https:\/\/cj.estrategia.com\/portal\/wp-json\/wp\/v2\/categories?post=116145"},{"taxonomy":"post_tag","embeddable":true,"href":"https:\/\/cj.estrategia.com\/portal\/wp-json\/wp\/v2\/tags?post=116145"},{"taxonomy":"tax_estado","embeddable":true,"href":"https:\/\/cj.estrategia.com\/portal\/wp-json\/wp\/v2\/tax_estado?post=116145"}],"curies":[{"name":"wp","href":"https:\/\/api.w.org\/{rel}","templated":true}]}}