{"id":115882,"date":"2025-04-29T15:18:41","date_gmt":"2025-04-29T18:18:41","guid":{"rendered":"https:\/\/cj.estrategia.com\/portal\/?p=115882"},"modified":"2025-04-30T09:56:14","modified_gmt":"2025-04-30T12:56:14","slug":"constitucional-uniforme-selecao-brasileira-vermelho","status":"publish","type":"post","link":"https:\/\/cj.estrategia.com\/portal\/constitucional-uniforme-selecao-brasileira-vermelho\/","title":{"rendered":"Uniforme vermelho da sele\u00e7\u00e3o brasileira \u00e9 (in)constitucional?"},"content":{"rendered":"\n<p>De in\u00edcio, vazou a ideia de uma recente decis\u00e3o da Confedera\u00e7\u00e3o Brasileira de Futebol (CBF) de adotar um uniforme vermelho como segundo uniforme da Sele\u00e7\u00e3o Brasileira para a Copa do Mundo de 2026.<\/p>\n\n\n\n<p class=\"has-background\" style=\"background-color:#dddddd\">O site &#8216;Footy Headlines&#8217;, especialista em uniformes de futebol, foi quem primeiramente deu a informa\u00e7\u00e3o. O novo uniforme ter\u00e1 uma base vermelha, que desbotam gradativamente at\u00e9 preto, abandonando as tradicionais cores da bandeira. A camisa, com previs\u00e3o de lan\u00e7amento em mar\u00e7o de 2026, ainda traria outra novidade: o logotipo da Jordan, marca ligada ao \u00edcone Michael Jordan, substituiria o tradicional s\u00edmbolo da Nike.<\/p>\n\n\n\n<p>Entretanto, o tema suscita importantes <a href=\"https:\/\/www.estrategiaconcursos.com.br\/assinaturas-ecj\/\" target=\"_blank\" >debates jur\u00eddicos<\/a>, como veremos abaixo.<\/p>\n\n\n<div class=\"wp-block-image\">\n<figure class=\"aligncenter size-full\"><img decoding=\"async\" width=\"510\" height=\"632\" src=\"https:\/\/cj.estrategia.com\/portal\/wp-content\/uploads\/2025\/04\/29145244\/camisa-vermelha-selecao-brasileira.png\" alt=\"Uniforme\" class=\"wp-image-115886\" srcset=\"https:\/\/cj.estrategia.com\/portal\/wp-content\/uploads\/2025\/04\/29145244\/camisa-vermelha-selecao-brasileira.png 510w, https:\/\/cj.estrategia.com\/portal\/wp-content\/uploads\/2025\/04\/29145244\/camisa-vermelha-selecao-brasileira-242x300.png 242w, https:\/\/cj.estrategia.com\/portal\/wp-content\/uploads\/2025\/04\/29145244\/camisa-vermelha-selecao-brasileira-380x471.png 380w, https:\/\/cj.estrategia.com\/portal\/wp-content\/uploads\/2025\/04\/29145244\/camisa-vermelha-selecao-brasileira-150x186.png 150w\" sizes=\"(max-width: 510px) 100vw, 510px\" \/><\/figure>\n<\/div>\n\n\n<p>Al\u00e9m da cr\u00edtica especializada tornar a trazer o tema, num tom cr\u00edtico de falta de identidade, optamos aqui por tentar trazer o assunto no vi\u00e9s jur\u00eddico.<\/p>\n\n\n\n<p>Isto porque, em s\u00edntese, caso confirmado, temos um tema que representa uma ruptura com uma <strong><mark style=\"background-color:rgba(0, 0, 0, 0)\" class=\"has-inline-color has-black-color\">tradi\u00e7\u00e3o de mais de seis d\u00e9cadas<\/mark><\/strong>. Assim, isso pode enfrentar obst\u00e1culos legais significativos.<\/p>\n\n\n\n<p>Assim, enfrentaremos se a substitui\u00e7\u00e3o do tradicional \u201cverde e amarela\u201d por uma cor que n\u00e3o comp\u00f5e a bandeira nacional levanta quest\u00f5es sobre legalidade, constitucionalidade e respeito \u00e0s normativas que regem a entidade m\u00e1xima do futebol brasileiro.<\/p>\n\n\n\n<h2 class=\"wp-block-heading\" id=\"h-limites-estatutarios-e-possivel-ilegalidade\"><span id=\"limites-estatutarios-e-possivel-ilegalidade\">Limites estatut\u00e1rios e poss\u00edvel ilegalidade<\/span><\/h2>\n\n\n\n<p>De in\u00edcio, numa quest\u00e3o estatut\u00e1ria, como se sabe, o estatuto da CBF, em seu cap\u00edtulo III, artigo 13, inciso III, \u00e9 cristalino ao estabelecer que:<\/p>\n\n\n\n<pre class=\"wp-block-preformatted\">\"os uniformes obedecer\u00e3o \u00e0s cores existentes na bandeira da CBF e conter\u00e3o o emblema descrito no inciso II deste artigo [...] n\u00e3o sendo obrigat\u00f3rio que cada tipo de uniforme contenha todas as cores existentes na bandeira e sendo permitida a elabora\u00e7\u00e3o de modelos comemorativos em cores diversas, sempre mediante aprova\u00e7\u00e3o da Diretoria\".<\/pre>\n\n\n\n<p>Ora, o que temos aquie \u00e9 que h\u00e1 restri\u00e7\u00e3o estatut\u00e1ria que restringe o uso a quatro cores espec\u00edficas<strong><u><strong>: azul, amarelo, verde e branco<\/strong><\/u><\/strong>.<\/p>\n\n\n\n<p>Nessa linha, qualquer cor que saia desse modelo, temos uma restri\u00e7\u00e3o no estatuto, de maneira que outras cores n\u00e3o est\u00e3o nesse rol.<\/p>\n\n\n\n<p>Dessa forma, a ado\u00e7\u00e3o do vermelho como cor oficial para um ciclo completo de Copa do Mundo configura, em an\u00e1lise preliminar, viola\u00e7\u00e3o direta do texto estatut\u00e1rio.<\/p>\n\n\n\n<h3 class=\"wp-block-heading\" id=\"h-ha-excecao-estatutaria\"><span id=\"ha-excecao-estatutaria\">H\u00e1 exce\u00e7\u00e3o estatut\u00e1ria?<\/span><\/h3>\n\n\n\n<p>Sim. A \u00fanica brecha poss\u00edvel seria enquadrar o uniforme vermelho como &#8220;modelo comemorativo&#8221;.<\/p>\n\n\n\n<p>Dessa maneira, o pr\u00f3prio estatuto prev\u00ea apenas uma exce\u00e7\u00e3o \u00e0 regra das cores: a elabora\u00e7\u00e3o de &#8220;<strong><strong><mark style=\"background-color:rgba(0, 0, 0, 0)\" class=\"has-inline-color has-black-color\">modelos comemorativos em cores diversas<\/mark><\/strong><\/strong>&#8220;, condicionada \u00e0 aprova\u00e7\u00e3o da Diretoria da entidade.<\/p>\n\n\n\n<p>Isso j\u00e1 aconteceu?<\/p>\n\n\n\n<p>Sim. Houve um precedente desta exce\u00e7\u00e3o ocorreu <strong><u><strong>em junho de 2023<\/strong><\/u><\/strong>, quando a Sele\u00e7\u00e3o utilizou uma <strong><u><strong>camisa preta especial<\/strong><\/u><\/strong>&nbsp;em amistoso contra Guin\u00e9, como manifesta\u00e7\u00e3o contra o racismo e em homenagem ao jogador Vin\u00edcius J\u00fanior.<\/p>\n\n\n\n<p>No entanto, parte da doutrina entende que esse caso enquadra-se perfeitamente na exce\u00e7\u00e3o prevista, por se tratar de evento comemorativo&nbsp;com prop\u00f3sito espec\u00edfico e pontual. O que seria diferente de usar numa copa do mundo.<\/p>\n\n\n\n<h4 class=\"wp-block-heading\" id=\"h-quais-seriam-os-problemas-de-usar-uma-camisa-de-outra-cor-na-opiniao-de-quem-entende-inconstitucional\"><span id=\"quais-seriam-os-problemas-de-usar-uma-camisa-de-outra-cor-na-opiniao-de-quem-entende-inconstitucional\">Quais seriam os problemas de usar uma camisa de outra cor, na opini\u00e3o de quem entende inconstitucional?<\/span><\/h4>\n\n\n\n<p>Em s\u00edntese, usar a camisa vermelha na Copa do Mundo n\u00e3o estaria na exce\u00e7\u00e3o contida no Estatuto da CBF, uma vez que:<\/p>\n\n\n\n<ol class=\"wp-block-list\">\n<li>A natureza da exce\u00e7\u00e3o \u00e9 destinada a <strong><strong><mark style=\"background-color:rgba(0, 0, 0, 0)\" class=\"has-inline-color has-black-color\">eventos pontuais e espec\u00edficos<\/mark><\/strong><\/strong>;<\/li>\n\n\n\n<li>Uma Copa do Mundo, por defini\u00e7\u00e3o, \u00e9 o <strong><strong><mark style=\"background-color:rgba(0, 0, 0, 0)\" class=\"has-inline-color has-black-color\">evento principal do ciclo<\/mark><\/strong><\/strong>, n\u00e3o uma comemora\u00e7\u00e3o excepcional;<\/li>\n\n\n\n<li>N\u00e3o haveria evento comemorativo espec\u00edfico identificado que justifique a altera\u00e7\u00e3o.<\/li>\n<\/ol>\n\n\n\n<p>Em resumo, estender o conceito de &#8220;modelo comemorativo&#8221; para abarcar um uniforme oficial de Copa do Mundo pareceria contrariar as boas t\u00e9cnicas de interpreta\u00e7\u00e3o jur\u00eddica para quem entende pela inconstitucionalidade.<\/p>\n\n\n\n<p>H\u00e1 quem entenda que a discuss\u00e3o pode ser elevada ao plano constitucional, sob dois aspectos:<\/p>\n\n\n\n<h2 class=\"wp-block-heading\" id=\"h-simbolos-nacionais\"><span id=\"simbolos-nacionais\">S\u00edmbolos nacionais<\/span><\/h2>\n\n\n\n<p>De in\u00edcio, a Constitui\u00e7\u00e3o Federal, em seu artigo 13, \u00a71\u00ba, estabelece que &#8220;<strong>s\u00e3o s\u00edmbolos da Rep\u00fablica Federativa do Brasil a bandeira, o hino, as armas e o selo nacionais<\/strong>&#8220;.<\/p>\n\n\n\n<p>Ademais, a Lei n\u00ba 5.700\/71, que disp\u00f5e sobre os s\u00edmbolos nacionais, explicita em seu artigo 26 que &#8220;consideram-se cores nacionais o verde e o amarelo&#8221;.<\/p>\n\n\n\n<p>Dessa maneira, embora n\u00e3o exista previs\u00e3o legal expressa sobre as cores dos uniformes esportivos das sele\u00e7\u00f5es nacionais, haveria uma vincula\u00e7\u00e3o hist\u00f3rica e cultural entre a representa\u00e7\u00e3o esportiva e os s\u00edmbolos nacionais, reconhecida inclusive pelo Supremo Tribunal Federal em julgamentos sobre a prote\u00e7\u00e3o de s\u00edmbolos p\u00e1trios<sup data-fn=\"723edd9b-5d80-4ffa-b91f-707468b677d2\" class=\"fn\"><a id=\"723edd9b-5d80-4ffa-b91f-707468b677d2-link\" href=\"#723edd9b-5d80-4ffa-b91f-707468b677d2\">1<\/a><\/sup>.<\/p>\n\n\n\n<p>Em outras palavras, que entende pela inconstitucionalidade argumenta que a altera\u00e7\u00e3o radical de um elemento tradicional da representa\u00e7\u00e3o esportiva nacional poderia ser questionada sob o prisma da prote\u00e7\u00e3o constitucional \u00e0 identidade nacional.<\/p>\n\n\n\n<h3 class=\"wp-block-heading\" id=\"h-principio-da-legalidade-administrativa\"><span id=\"principio-da-legalidade-administrativa\">Princ\u00edpio da legalidade administrativa<\/span><\/h3>\n\n\n\n<p>Por fim, a CBF, embora seja pessoa jur\u00eddica de direito privado, exerce fun\u00e7\u00e3o de car\u00e1ter p\u00fablico na administra\u00e7\u00e3o do desporto nacional, conforme reconhecido pela Lei Pel\u00e9 (Lei 9.615\/98).<\/p>\n\n\n\n<p>Nesta condi\u00e7\u00e3o, suas decis\u00f5es devem observar o <strong><mark style=\"background-color:rgba(0, 0, 0, 0)\" class=\"has-inline-color has-black-color\">princ\u00edpio da legalidade em sentido amplo<\/mark><\/strong>, que abrange o respeito \u00e0s normas estatut\u00e1rias. Logo, se n\u00e3o h\u00e1 previs\u00e3o no estatuto da CBF para usar outras cores, isso seria ilegal.<\/p>\n\n\n\n<p>Em resumo, como tudo que \u00e9 no Brasil vai parar no Judici\u00e1rio, eu n\u00e3o desconfiaria que isso estar\u00e1 sendo decidido em breve.<\/p>\n\n\n\n<hr class=\"wp-block-separator has-alpha-channel-opacity\"\/>\n\n\n<ol class=\"wp-block-footnotes\"><li id=\"723edd9b-5d80-4ffa-b91f-707468b677d2\">MAGALH\u00c3ES, Allan Carlos Moreira. Os s\u00edmbolos nacionais numa sociedade plural. <strong>Consultor Jur\u00eddico<\/strong>. Dispon\u00edvel em: &lt;\u00a0https:\/\/www.conjur.com.br\/2024-out-01\/os-simbolos-nacionais-numa-sociedade-plural\/>. <a href=\"#723edd9b-5d80-4ffa-b91f-707468b677d2-link\" aria-label=\"Ir para a refer\u00eancia 1 na nota de rodap\u00e9\">\u21a9\ufe0e<\/a><\/li><\/ol>\n\n\n<hr class=\"wp-block-separator has-alpha-channel-opacity\"\/>\n\n\n\n<h2 class=\"wp-block-heading has-text-align-center\" id=\"h-quer-saber-quais-serao-os-proximos-concursos\"><span id=\"quer-saber-quais-serao-os-proximos-concursos\">Quer saber quais ser\u00e3o os pr\u00f3ximos concursos?<\/span><\/h2>\n\n\n\n<pre class=\"wp-block-verse has-text-align-center\">Confira nossos&nbsp;<a href=\"https:\/\/cj.estrategia.com\/portal\/\" target=\"_blank\" >artigos para Carreiras Jur\u00eddicas<\/a>!<\/pre>\n\n\n\n<p class=\"has-text-align-center has-white-color has-pale-cyan-blue-background-color has-text-color has-background has-link-color wp-elements-723b3278bf14a50a5e7b7e937b9a17d4\"><a href=\"https:\/\/cj.estrategia.com\/portal\/concursos-abertos-carreiras-juridicas\/\">Concursos jur\u00eddicos abertos<\/a><\/p>\n\n\n\n<p class=\"has-text-align-center has-white-color has-pale-cyan-blue-background-color has-text-color has-background has-link-color wp-elements-41349f36dc977263ca2129bf0f6dd541\"><a href=\"https:\/\/cj.estrategia.com\/portal\/concursos-2025-carreiras-juridicas\/\" target=\"_blank\" >Concursos jur\u00eddicos 2025<\/a><\/p>\n","protected":false},"excerpt":{"rendered":"De in\u00edcio, vazou a ideia de uma recente decis\u00e3o da Confedera\u00e7\u00e3o Brasileira de Futebol (CBF) de adotar um&hellip;\n","protected":false},"author":93,"featured_media":115895,"comment_status":"open","ping_status":"open","sticky":false,"template":"","format":"standard","meta":{"_jetpack_memberships_contains_paid_content":false,"footnotes":"[{\"content\":\"MAGALH\u00c3ES, Allan Carlos Moreira. Os s\u00edmbolos nacionais numa sociedade plural. <strong>Consultor Jur\u00eddico<\/strong>. Dispon\u00edvel em: &lt;\u00a0https:\/\/www.conjur.com.br\/2024-out-01\/os-simbolos-nacionais-numa-sociedade-plural\/>.\",\"id\":\"723edd9b-5d80-4ffa-b91f-707468b677d2\"}]"},"categories":[1],"tags":[2539,2538,2047,1399,2537,787,2540],"tax_estado":[30,31,32,33,34,35,36,37,38,39,40,41,42,43,44,45,46,47,48,49,50,51,52,53,54,55,56,57],"class_list":{"0":"post-115882","1":"post","2":"type-post","3":"status-publish","4":"format-standard","5":"has-post-thumbnail","7":"category-carreiras-juridicas","8":"tag-confederacao-brasileira-de-futebol-cbf","9":"tag-copa-do-mundo-2026","10":"tag-inconstitucionalidade","11":"tag-principio-da-legalidade","12":"tag-selecao-brasileira","13":"tag-simbolos-nacionais","14":"tag-uniforme-vermelho-da-selecao-brasileira","15":"tax_estado-ac","16":"tax_estado-al","17":"tax_estado-am","18":"tax_estado-ap","19":"tax_estado-ba","20":"tax_estado-ce","21":"tax_estado-concursos-federais","22":"tax_estado-df","23":"tax_estado-es","24":"tax_estado-go","25":"tax_estado-ma","26":"tax_estado-mg","27":"tax_estado-ms","28":"tax_estado-mt","29":"tax_estado-pa","30":"tax_estado-pb","31":"tax_estado-pe","32":"tax_estado-pi","33":"tax_estado-pr","34":"tax_estado-rj","35":"tax_estado-rn","36":"tax_estado-ro","37":"tax_estado-rr","38":"tax_estado-rs","39":"tax_estado-sc","40":"tax_estado-se","41":"tax_estado-sp","42":"tax_estado-to"},"acf":[],"yoast_head":"<!-- This site is optimized with the Yoast SEO Premium plugin v27.4 (Yoast SEO v27.4) - https:\/\/yoast.com\/product\/yoast-seo-premium-wordpress\/ -->\n<title>Uniforme vermelho da sele\u00e7\u00e3o brasileira \u00e9 (in)constitucional?<\/title>\n<meta name=\"description\" content=\"A ado\u00e7\u00e3o do uniforme vermelho como segundo uniforme da Sele\u00e7\u00e3o Brasileira para a Copa do Mundo de 2026 suscita relevantes debates jur\u00eddicos.\" \/>\n<meta name=\"robots\" content=\"index, follow, max-snippet:-1, max-image-preview:large, max-video-preview:-1\" \/>\n<link rel=\"canonical\" href=\"https:\/\/cj.estrategia.com\/portal\/constitucional-uniforme-selecao-brasileira-vermelho\/\" \/>\n<meta property=\"og:locale\" content=\"pt_BR\" \/>\n<meta property=\"og:type\" content=\"article\" \/>\n<meta property=\"og:title\" content=\"Uniforme vermelho da sele\u00e7\u00e3o brasileira \u00e9 (in)constitucional?\" \/>\n<meta property=\"og:description\" content=\"A ado\u00e7\u00e3o do uniforme vermelho como segundo uniforme da Sele\u00e7\u00e3o Brasileira para a Copa do Mundo de 2026 suscita relevantes debates jur\u00eddicos.\" \/>\n<meta property=\"og:url\" content=\"https:\/\/cj.estrategia.com\/portal\/constitucional-uniforme-selecao-brasileira-vermelho\/\" \/>\n<meta property=\"og:site_name\" content=\"Blog - Carreiras Jur\u00eddicas - Estrat\u00e9gia\" \/>\n<meta property=\"article:publisher\" content=\"https:\/\/www.facebook.com\/estrategiacarreirajuridica\/\" \/>\n<meta property=\"article:published_time\" content=\"2025-04-29T18:18:41+00:00\" \/>\n<meta property=\"article:modified_time\" content=\"2025-04-30T12:56:14+00:00\" \/>\n<meta property=\"og:image\" content=\"https:\/\/cj.estrategia.com\/portal\/wp-content\/uploads\/2025\/04\/29151254\/campo-futebol-uniforme-selecao-aposta-jogo-partida-cbf-confederacao-brasil-scaled.jpg\" \/>\n\t<meta property=\"og:image:width\" content=\"2560\" \/>\n\t<meta property=\"og:image:height\" content=\"1751\" \/>\n\t<meta property=\"og:image:type\" content=\"image\/jpeg\" \/>\n<meta name=\"author\" content=\"Felipe Duque\" \/>\n<meta name=\"twitter:card\" content=\"summary_large_image\" \/>\n<meta name=\"twitter:creator\" content=\"@https:\/\/x.com\/ProfessorDuque\" \/>\n<meta name=\"twitter:site\" content=\"@EstratJuridica\" \/>\n<meta name=\"twitter:label1\" content=\"Escrito por\" \/>\n\t<meta name=\"twitter:data1\" content=\"Felipe Duque\" \/>\n\t<meta name=\"twitter:label2\" content=\"Est. tempo de leitura\" \/>\n\t<meta name=\"twitter:data2\" content=\"5 minutos\" \/>\n<script type=\"application\/ld+json\" class=\"yoast-schema-graph\">{\"@context\":\"https:\\\/\\\/schema.org\",\"@graph\":[{\"@type\":\"NewsArticle\",\"@id\":\"https:\\\/\\\/cj.estrategia.com\\\/portal\\\/constitucional-uniforme-selecao-brasileira-vermelho\\\/#article\",\"isPartOf\":{\"@id\":\"https:\\\/\\\/cj.estrategia.com\\\/portal\\\/constitucional-uniforme-selecao-brasileira-vermelho\\\/\"},\"author\":{\"name\":\"Felipe Duque\",\"@id\":\"https:\\\/\\\/cj.estrategia.com\\\/portal\\\/#\\\/schema\\\/person\\\/b5b0253b269d7130d1f7770b1ba29285\"},\"headline\":\"Uniforme vermelho da sele\u00e7\u00e3o brasileira \u00e9 (in)constitucional?\",\"datePublished\":\"2025-04-29T18:18:41+00:00\",\"dateModified\":\"2025-04-30T12:56:14+00:00\",\"mainEntityOfPage\":{\"@id\":\"https:\\\/\\\/cj.estrategia.com\\\/portal\\\/constitucional-uniforme-selecao-brasileira-vermelho\\\/\"},\"wordCount\":873,\"commentCount\":0,\"publisher\":{\"@id\":\"https:\\\/\\\/cj.estrategia.com\\\/portal\\\/#organization\"},\"image\":{\"@id\":\"https:\\\/\\\/cj.estrategia.com\\\/portal\\\/constitucional-uniforme-selecao-brasileira-vermelho\\\/#primaryimage\"},\"thumbnailUrl\":\"https:\\\/\\\/cj.estrategia.com\\\/portal\\\/wp-content\\\/uploads\\\/2025\\\/04\\\/29151254\\\/campo-futebol-uniforme-selecao-aposta-jogo-partida-cbf-confederacao-brasil-scaled.jpg\",\"keywords\":[\"Confedera\u00e7\u00e3o Brasileira de Futebol (CBF)\",\"Copa do Mundo 2026\",\"Inconstitucionalidade\",\"princ\u00edpio da legalidade\",\"sele\u00e7\u00e3o brasileira\",\"s\u00edmbolos nacionais\",\"uniforme vermelho da sele\u00e7\u00e3o brasileira\"],\"articleSection\":[\"Carreiras Jur\u00eddicas\"],\"inLanguage\":\"pt-BR\",\"potentialAction\":[{\"@type\":\"CommentAction\",\"name\":\"Comment\",\"target\":[\"https:\\\/\\\/cj.estrategia.com\\\/portal\\\/constitucional-uniforme-selecao-brasileira-vermelho\\\/#respond\"]}]},{\"@type\":\"WebPage\",\"@id\":\"https:\\\/\\\/cj.estrategia.com\\\/portal\\\/constitucional-uniforme-selecao-brasileira-vermelho\\\/\",\"url\":\"https:\\\/\\\/cj.estrategia.com\\\/portal\\\/constitucional-uniforme-selecao-brasileira-vermelho\\\/\",\"name\":\"Uniforme vermelho da sele\u00e7\u00e3o brasileira \u00e9 (in)constitucional?\",\"isPartOf\":{\"@id\":\"https:\\\/\\\/cj.estrategia.com\\\/portal\\\/#website\"},\"primaryImageOfPage\":{\"@id\":\"https:\\\/\\\/cj.estrategia.com\\\/portal\\\/constitucional-uniforme-selecao-brasileira-vermelho\\\/#primaryimage\"},\"image\":{\"@id\":\"https:\\\/\\\/cj.estrategia.com\\\/portal\\\/constitucional-uniforme-selecao-brasileira-vermelho\\\/#primaryimage\"},\"thumbnailUrl\":\"https:\\\/\\\/cj.estrategia.com\\\/portal\\\/wp-content\\\/uploads\\\/2025\\\/04\\\/29151254\\\/campo-futebol-uniforme-selecao-aposta-jogo-partida-cbf-confederacao-brasil-scaled.jpg\",\"datePublished\":\"2025-04-29T18:18:41+00:00\",\"dateModified\":\"2025-04-30T12:56:14+00:00\",\"description\":\"A ado\u00e7\u00e3o do uniforme vermelho como segundo uniforme da Sele\u00e7\u00e3o Brasileira para a Copa do Mundo de 2026 suscita relevantes debates jur\u00eddicos.\",\"breadcrumb\":{\"@id\":\"https:\\\/\\\/cj.estrategia.com\\\/portal\\\/constitucional-uniforme-selecao-brasileira-vermelho\\\/#breadcrumb\"},\"inLanguage\":\"pt-BR\",\"potentialAction\":[{\"@type\":\"ReadAction\",\"target\":[\"https:\\\/\\\/cj.estrategia.com\\\/portal\\\/constitucional-uniforme-selecao-brasileira-vermelho\\\/\"]}]},{\"@type\":\"ImageObject\",\"inLanguage\":\"pt-BR\",\"@id\":\"https:\\\/\\\/cj.estrategia.com\\\/portal\\\/constitucional-uniforme-selecao-brasileira-vermelho\\\/#primaryimage\",\"url\":\"https:\\\/\\\/cj.estrategia.com\\\/portal\\\/wp-content\\\/uploads\\\/2025\\\/04\\\/29151254\\\/campo-futebol-uniforme-selecao-aposta-jogo-partida-cbf-confederacao-brasil-scaled.jpg\",\"contentUrl\":\"https:\\\/\\\/cj.estrategia.com\\\/portal\\\/wp-content\\\/uploads\\\/2025\\\/04\\\/29151254\\\/campo-futebol-uniforme-selecao-aposta-jogo-partida-cbf-confederacao-brasil-scaled.jpg\",\"width\":2560,\"height\":1751},{\"@type\":\"BreadcrumbList\",\"@id\":\"https:\\\/\\\/cj.estrategia.com\\\/portal\\\/constitucional-uniforme-selecao-brasileira-vermelho\\\/#breadcrumb\",\"itemListElement\":[{\"@type\":\"ListItem\",\"position\":1,\"name\":\"In\u00edcio\",\"item\":\"https:\\\/\\\/cj.estrategia.com\\\/portal\\\/\"},{\"@type\":\"ListItem\",\"position\":2,\"name\":\"Uniforme vermelho da sele\u00e7\u00e3o brasileira \u00e9 (in)constitucional?\"}]},{\"@type\":\"WebSite\",\"@id\":\"https:\\\/\\\/cj.estrategia.com\\\/portal\\\/#website\",\"url\":\"https:\\\/\\\/cj.estrategia.com\\\/portal\\\/\",\"name\":\"Blog - Carreiras Jur\u00eddicas - Estrat\u00e9gia\",\"description\":\"\",\"publisher\":{\"@id\":\"https:\\\/\\\/cj.estrategia.com\\\/portal\\\/#organization\"},\"potentialAction\":[{\"@type\":\"SearchAction\",\"target\":{\"@type\":\"EntryPoint\",\"urlTemplate\":\"https:\\\/\\\/cj.estrategia.com\\\/portal\\\/?s={search_term_string}\"},\"query-input\":{\"@type\":\"PropertyValueSpecification\",\"valueRequired\":true,\"valueName\":\"search_term_string\"}}],\"inLanguage\":\"pt-BR\"},{\"@type\":\"Organization\",\"@id\":\"https:\\\/\\\/cj.estrategia.com\\\/portal\\\/#organization\",\"name\":\"Estrat\u00e9gia - Carreiras Jur\u00eddicas\",\"url\":\"https:\\\/\\\/cj.estrategia.com\\\/portal\\\/\",\"logo\":{\"@type\":\"ImageObject\",\"inLanguage\":\"pt-BR\",\"@id\":\"https:\\\/\\\/cj.estrategia.com\\\/portal\\\/#\\\/schema\\\/logo\\\/image\\\/\",\"url\":\"https:\\\/\\\/cj.estrategia.com\\\/portal\\\/wp-content\\\/uploads\\\/2022\\\/03\\\/11151052\\\/cj-logo.png\",\"contentUrl\":\"https:\\\/\\\/cj.estrategia.com\\\/portal\\\/wp-content\\\/uploads\\\/2022\\\/03\\\/11151052\\\/cj-logo.png\",\"width\":150,\"height\":39,\"caption\":\"Estrat\u00e9gia - Carreiras Jur\u00eddicas\"},\"image\":{\"@id\":\"https:\\\/\\\/cj.estrategia.com\\\/portal\\\/#\\\/schema\\\/logo\\\/image\\\/\"},\"sameAs\":[\"https:\\\/\\\/www.facebook.com\\\/estrategiacarreirajuridica\\\/\",\"https:\\\/\\\/x.com\\\/EstratJuridica\",\"https:\\\/\\\/www.instagram.com\\\/estrategiacarreirajuridica\\\/\",\"https:\\\/\\\/www.youtube.com\\\/channel\\\/UClbMGuYbj2Mh1m3w144ETWQ\"]},{\"@type\":\"Person\",\"@id\":\"https:\\\/\\\/cj.estrategia.com\\\/portal\\\/#\\\/schema\\\/person\\\/b5b0253b269d7130d1f7770b1ba29285\",\"name\":\"Felipe Duque\",\"image\":{\"@type\":\"ImageObject\",\"inLanguage\":\"pt-BR\",\"@id\":\"https:\\\/\\\/cj.estrategia.com\\\/portal\\\/wp-content\\\/uploads\\\/2024\\\/08\\\/06162009\\\/Captura-de-Tela-2024-08-06-as-16.19.26-96x96.png\",\"url\":\"https:\\\/\\\/cj.estrategia.com\\\/portal\\\/wp-content\\\/uploads\\\/2024\\\/08\\\/06162009\\\/Captura-de-Tela-2024-08-06-as-16.19.26-96x96.png\",\"contentUrl\":\"https:\\\/\\\/cj.estrategia.com\\\/portal\\\/wp-content\\\/uploads\\\/2024\\\/08\\\/06162009\\\/Captura-de-Tela-2024-08-06-as-16.19.26-96x96.png\",\"caption\":\"Felipe Duque\"},\"description\":\"Felipe Duque - Mestre em Direito Pol\u00edtico e Econ\u00f4mico na Mackenzie-SP. Graduado em Direito pela Universidade Cat\u00f3lica de Pernambuco, com conclus\u00e3o pelo regime de Aproveitamento Extraordin\u00e1rio nos Estudos (art. 47, \u00a7 2\u00ba, da Lei n\u00ba 9.394\\\/96). Ex-Assessor de Desembargador no TJPE. Procurador da Fazenda Nacional. Integra voluntariamente a Coordena\u00e7\u00e3o de Assuntos Estrat\u00e9gicos Judiciais da PGFN. Professor do Estrat\u00e9gia Carreira Jur\u00eddica, Estrat\u00e9gia OAB e Buscador Dizer o Direito. Autor do livro \u201cReforma Tribut\u00e1ria Comentada e Esquematizada\u201d, \\\"Manual de Processo Tribut\u00e1rio: Administrativo e Judicial\\\" pela editora Juspodivm Parecerista na Revista de Estudos Jur\u00eddicos do Superior Tribunal de Justi\u00e7a (REJuriSTJ)\",\"sameAs\":[\"http:\\\/\\\/lattes.cnpq.br\\\/5755137268084324\",\"https:\\\/\\\/www.instagram.com\\\/felipe_duque\\\/\",\"https:\\\/\\\/br.linkedin.com\\\/in\\\/felipe-duque-56954638\",\"https:\\\/\\\/x.com\\\/https:\\\/\\\/x.com\\\/ProfessorDuque\",\"https:\\\/\\\/www.youtube.com\\\/@felipeduque-experienciasco5797\"],\"url\":\"https:\\\/\\\/cj.estrategia.com\\\/portal\\\/author\\\/felipe-duque\\\/\"}]}<\/script>\n<!-- \/ Yoast SEO Premium plugin. -->","yoast_head_json":{"title":"Uniforme vermelho da sele\u00e7\u00e3o brasileira \u00e9 (in)constitucional?","description":"A ado\u00e7\u00e3o do uniforme vermelho como segundo uniforme da Sele\u00e7\u00e3o Brasileira para a Copa do Mundo de 2026 suscita relevantes debates jur\u00eddicos.","robots":{"index":"index","follow":"follow","max-snippet":"max-snippet:-1","max-image-preview":"max-image-preview:large","max-video-preview":"max-video-preview:-1"},"canonical":"https:\/\/cj.estrategia.com\/portal\/constitucional-uniforme-selecao-brasileira-vermelho\/","og_locale":"pt_BR","og_type":"article","og_title":"Uniforme vermelho da sele\u00e7\u00e3o brasileira \u00e9 (in)constitucional?","og_description":"A ado\u00e7\u00e3o do uniforme vermelho como segundo uniforme da Sele\u00e7\u00e3o Brasileira para a Copa do Mundo de 2026 suscita relevantes debates jur\u00eddicos.","og_url":"https:\/\/cj.estrategia.com\/portal\/constitucional-uniforme-selecao-brasileira-vermelho\/","og_site_name":"Blog - Carreiras Jur\u00eddicas - Estrat\u00e9gia","article_publisher":"https:\/\/www.facebook.com\/estrategiacarreirajuridica\/","article_published_time":"2025-04-29T18:18:41+00:00","article_modified_time":"2025-04-30T12:56:14+00:00","og_image":[{"width":2560,"height":1751,"url":"https:\/\/cj.estrategia.com\/portal\/wp-content\/uploads\/2025\/04\/29151254\/campo-futebol-uniforme-selecao-aposta-jogo-partida-cbf-confederacao-brasil-scaled.jpg","type":"image\/jpeg"}],"author":"Felipe Duque","twitter_card":"summary_large_image","twitter_creator":"@https:\/\/x.com\/ProfessorDuque","twitter_site":"@EstratJuridica","twitter_misc":{"Escrito por":"Felipe Duque","Est. tempo de leitura":"5 minutos"},"schema":{"@context":"https:\/\/schema.org","@graph":[{"@type":"NewsArticle","@id":"https:\/\/cj.estrategia.com\/portal\/constitucional-uniforme-selecao-brasileira-vermelho\/#article","isPartOf":{"@id":"https:\/\/cj.estrategia.com\/portal\/constitucional-uniforme-selecao-brasileira-vermelho\/"},"author":{"name":"Felipe Duque","@id":"https:\/\/cj.estrategia.com\/portal\/#\/schema\/person\/b5b0253b269d7130d1f7770b1ba29285"},"headline":"Uniforme vermelho da sele\u00e7\u00e3o brasileira \u00e9 (in)constitucional?","datePublished":"2025-04-29T18:18:41+00:00","dateModified":"2025-04-30T12:56:14+00:00","mainEntityOfPage":{"@id":"https:\/\/cj.estrategia.com\/portal\/constitucional-uniforme-selecao-brasileira-vermelho\/"},"wordCount":873,"commentCount":0,"publisher":{"@id":"https:\/\/cj.estrategia.com\/portal\/#organization"},"image":{"@id":"https:\/\/cj.estrategia.com\/portal\/constitucional-uniforme-selecao-brasileira-vermelho\/#primaryimage"},"thumbnailUrl":"https:\/\/cj.estrategia.com\/portal\/wp-content\/uploads\/2025\/04\/29151254\/campo-futebol-uniforme-selecao-aposta-jogo-partida-cbf-confederacao-brasil-scaled.jpg","keywords":["Confedera\u00e7\u00e3o Brasileira de Futebol (CBF)","Copa do Mundo 2026","Inconstitucionalidade","princ\u00edpio da legalidade","sele\u00e7\u00e3o brasileira","s\u00edmbolos nacionais","uniforme vermelho da sele\u00e7\u00e3o brasileira"],"articleSection":["Carreiras Jur\u00eddicas"],"inLanguage":"pt-BR","potentialAction":[{"@type":"CommentAction","name":"Comment","target":["https:\/\/cj.estrategia.com\/portal\/constitucional-uniforme-selecao-brasileira-vermelho\/#respond"]}]},{"@type":"WebPage","@id":"https:\/\/cj.estrategia.com\/portal\/constitucional-uniforme-selecao-brasileira-vermelho\/","url":"https:\/\/cj.estrategia.com\/portal\/constitucional-uniforme-selecao-brasileira-vermelho\/","name":"Uniforme vermelho da sele\u00e7\u00e3o brasileira \u00e9 (in)constitucional?","isPartOf":{"@id":"https:\/\/cj.estrategia.com\/portal\/#website"},"primaryImageOfPage":{"@id":"https:\/\/cj.estrategia.com\/portal\/constitucional-uniforme-selecao-brasileira-vermelho\/#primaryimage"},"image":{"@id":"https:\/\/cj.estrategia.com\/portal\/constitucional-uniforme-selecao-brasileira-vermelho\/#primaryimage"},"thumbnailUrl":"https:\/\/cj.estrategia.com\/portal\/wp-content\/uploads\/2025\/04\/29151254\/campo-futebol-uniforme-selecao-aposta-jogo-partida-cbf-confederacao-brasil-scaled.jpg","datePublished":"2025-04-29T18:18:41+00:00","dateModified":"2025-04-30T12:56:14+00:00","description":"A ado\u00e7\u00e3o do uniforme vermelho como segundo uniforme da Sele\u00e7\u00e3o Brasileira para a Copa do Mundo de 2026 suscita relevantes debates jur\u00eddicos.","breadcrumb":{"@id":"https:\/\/cj.estrategia.com\/portal\/constitucional-uniforme-selecao-brasileira-vermelho\/#breadcrumb"},"inLanguage":"pt-BR","potentialAction":[{"@type":"ReadAction","target":["https:\/\/cj.estrategia.com\/portal\/constitucional-uniforme-selecao-brasileira-vermelho\/"]}]},{"@type":"ImageObject","inLanguage":"pt-BR","@id":"https:\/\/cj.estrategia.com\/portal\/constitucional-uniforme-selecao-brasileira-vermelho\/#primaryimage","url":"https:\/\/cj.estrategia.com\/portal\/wp-content\/uploads\/2025\/04\/29151254\/campo-futebol-uniforme-selecao-aposta-jogo-partida-cbf-confederacao-brasil-scaled.jpg","contentUrl":"https:\/\/cj.estrategia.com\/portal\/wp-content\/uploads\/2025\/04\/29151254\/campo-futebol-uniforme-selecao-aposta-jogo-partida-cbf-confederacao-brasil-scaled.jpg","width":2560,"height":1751},{"@type":"BreadcrumbList","@id":"https:\/\/cj.estrategia.com\/portal\/constitucional-uniforme-selecao-brasileira-vermelho\/#breadcrumb","itemListElement":[{"@type":"ListItem","position":1,"name":"In\u00edcio","item":"https:\/\/cj.estrategia.com\/portal\/"},{"@type":"ListItem","position":2,"name":"Uniforme vermelho da sele\u00e7\u00e3o brasileira \u00e9 (in)constitucional?"}]},{"@type":"WebSite","@id":"https:\/\/cj.estrategia.com\/portal\/#website","url":"https:\/\/cj.estrategia.com\/portal\/","name":"Blog - Carreiras Jur\u00eddicas - Estrat\u00e9gia","description":"","publisher":{"@id":"https:\/\/cj.estrategia.com\/portal\/#organization"},"potentialAction":[{"@type":"SearchAction","target":{"@type":"EntryPoint","urlTemplate":"https:\/\/cj.estrategia.com\/portal\/?s={search_term_string}"},"query-input":{"@type":"PropertyValueSpecification","valueRequired":true,"valueName":"search_term_string"}}],"inLanguage":"pt-BR"},{"@type":"Organization","@id":"https:\/\/cj.estrategia.com\/portal\/#organization","name":"Estrat\u00e9gia - Carreiras Jur\u00eddicas","url":"https:\/\/cj.estrategia.com\/portal\/","logo":{"@type":"ImageObject","inLanguage":"pt-BR","@id":"https:\/\/cj.estrategia.com\/portal\/#\/schema\/logo\/image\/","url":"https:\/\/cj.estrategia.com\/portal\/wp-content\/uploads\/2022\/03\/11151052\/cj-logo.png","contentUrl":"https:\/\/cj.estrategia.com\/portal\/wp-content\/uploads\/2022\/03\/11151052\/cj-logo.png","width":150,"height":39,"caption":"Estrat\u00e9gia - Carreiras Jur\u00eddicas"},"image":{"@id":"https:\/\/cj.estrategia.com\/portal\/#\/schema\/logo\/image\/"},"sameAs":["https:\/\/www.facebook.com\/estrategiacarreirajuridica\/","https:\/\/x.com\/EstratJuridica","https:\/\/www.instagram.com\/estrategiacarreirajuridica\/","https:\/\/www.youtube.com\/channel\/UClbMGuYbj2Mh1m3w144ETWQ"]},{"@type":"Person","@id":"https:\/\/cj.estrategia.com\/portal\/#\/schema\/person\/b5b0253b269d7130d1f7770b1ba29285","name":"Felipe Duque","image":{"@type":"ImageObject","inLanguage":"pt-BR","@id":"https:\/\/cj.estrategia.com\/portal\/wp-content\/uploads\/2024\/08\/06162009\/Captura-de-Tela-2024-08-06-as-16.19.26-96x96.png","url":"https:\/\/cj.estrategia.com\/portal\/wp-content\/uploads\/2024\/08\/06162009\/Captura-de-Tela-2024-08-06-as-16.19.26-96x96.png","contentUrl":"https:\/\/cj.estrategia.com\/portal\/wp-content\/uploads\/2024\/08\/06162009\/Captura-de-Tela-2024-08-06-as-16.19.26-96x96.png","caption":"Felipe Duque"},"description":"Felipe Duque - Mestre em Direito Pol\u00edtico e Econ\u00f4mico na Mackenzie-SP. Graduado em Direito pela Universidade Cat\u00f3lica de Pernambuco, com conclus\u00e3o pelo regime de Aproveitamento Extraordin\u00e1rio nos Estudos (art. 47, \u00a7 2\u00ba, da Lei n\u00ba 9.394\/96). Ex-Assessor de Desembargador no TJPE. Procurador da Fazenda Nacional. Integra voluntariamente a Coordena\u00e7\u00e3o de Assuntos Estrat\u00e9gicos Judiciais da PGFN. Professor do Estrat\u00e9gia Carreira Jur\u00eddica, Estrat\u00e9gia OAB e Buscador Dizer o Direito. Autor do livro \u201cReforma Tribut\u00e1ria Comentada e Esquematizada\u201d, \"Manual de Processo Tribut\u00e1rio: Administrativo e Judicial\" pela editora Juspodivm Parecerista na Revista de Estudos Jur\u00eddicos do Superior Tribunal de Justi\u00e7a (REJuriSTJ)","sameAs":["http:\/\/lattes.cnpq.br\/5755137268084324","https:\/\/www.instagram.com\/felipe_duque\/","https:\/\/br.linkedin.com\/in\/felipe-duque-56954638","https:\/\/x.com\/https:\/\/x.com\/ProfessorDuque","https:\/\/www.youtube.com\/@felipeduque-experienciasco5797"],"url":"https:\/\/cj.estrategia.com\/portal\/author\/felipe-duque\/"}]}},"jetpack_featured_media_url":"https:\/\/cj.estrategia.com\/portal\/wp-content\/uploads\/2025\/04\/29151254\/campo-futebol-uniforme-selecao-aposta-jogo-partida-cbf-confederacao-brasil-scaled.jpg","jetpack_sharing_enabled":true,"_links":{"self":[{"href":"https:\/\/cj.estrategia.com\/portal\/wp-json\/wp\/v2\/posts\/115882","targetHints":{"allow":["GET"]}}],"collection":[{"href":"https:\/\/cj.estrategia.com\/portal\/wp-json\/wp\/v2\/posts"}],"about":[{"href":"https:\/\/cj.estrategia.com\/portal\/wp-json\/wp\/v2\/types\/post"}],"author":[{"embeddable":true,"href":"https:\/\/cj.estrategia.com\/portal\/wp-json\/wp\/v2\/users\/93"}],"replies":[{"embeddable":true,"href":"https:\/\/cj.estrategia.com\/portal\/wp-json\/wp\/v2\/comments?post=115882"}],"version-history":[{"count":4,"href":"https:\/\/cj.estrategia.com\/portal\/wp-json\/wp\/v2\/posts\/115882\/revisions"}],"predecessor-version":[{"id":116287,"href":"https:\/\/cj.estrategia.com\/portal\/wp-json\/wp\/v2\/posts\/115882\/revisions\/116287"}],"wp:featuredmedia":[{"embeddable":true,"href":"https:\/\/cj.estrategia.com\/portal\/wp-json\/wp\/v2\/media\/115895"}],"wp:attachment":[{"href":"https:\/\/cj.estrategia.com\/portal\/wp-json\/wp\/v2\/media?parent=115882"}],"wp:term":[{"taxonomy":"category","embeddable":true,"href":"https:\/\/cj.estrategia.com\/portal\/wp-json\/wp\/v2\/categories?post=115882"},{"taxonomy":"post_tag","embeddable":true,"href":"https:\/\/cj.estrategia.com\/portal\/wp-json\/wp\/v2\/tags?post=115882"},{"taxonomy":"tax_estado","embeddable":true,"href":"https:\/\/cj.estrategia.com\/portal\/wp-json\/wp\/v2\/tax_estado?post=115882"}],"curies":[{"name":"wp","href":"https:\/\/api.w.org\/{rel}","templated":true}]}}