{"id":115134,"date":"2025-04-25T22:42:22","date_gmt":"2025-04-26T01:42:22","guid":{"rendered":"https:\/\/cj.estrategia.com\/portal\/?p=115134"},"modified":"2025-05-03T10:47:36","modified_gmt":"2025-05-03T13:47:36","slug":"obrigatoriedade-biblia-escolas-bibliotecas-constitucional","status":"publish","type":"post","link":"https:\/\/cj.estrategia.com\/portal\/obrigatoriedade-biblia-escolas-bibliotecas-constitucional\/","title":{"rendered":"B\u00edblia em escolas e bibliotecas \u00e9 constitucional?"},"content":{"rendered":"\n<p>Como \u00e9 cedi\u00e7o, a rela\u00e7\u00e3o entre Estado e religi\u00e3o no Brasil \u00e9 tema sens\u00edvel na popula\u00e7\u00e3o, e obviamente, no poder judici\u00e1rio tamb\u00e9m.<\/p>\n\n\n\n<p>Isto porque, precisamos rememorar, h\u00e1 o <strong>princ\u00edpio da laicidade estatal<\/strong>, previsto no art. 19, inciso I, da <strong><a href=\"https:\/\/www.estrategiaconcursos.com.br\/assinaturas-ecj\/\" target=\"_blank\" >Constitui\u00e7\u00e3o Federal<\/a><\/strong>, que estabelece a separa\u00e7\u00e3o entre Estado e Igreja, impedindo a rela\u00e7\u00e3o de depend\u00eancia ou alian\u00e7a entre ambos.<\/p>\n\n\n\n<p>Entretanto, recentemente esse tema foi debatido no STF e parece que pode mudar, ou mudou. Enfim, a ideia desse artigo \u00e9 refletir sobre isso justamente em um julgamento pendente no STF.<\/p>\n\n\n\n<p>Ora, dessa maneira, entre as quest\u00f5es que suscitam amplos debates nesse \u00e2mbito est\u00e1 a <strong><mark style=\"background-color:rgba(0, 0, 0, 0)\" class=\"has-inline-color has-black-color\">obrigatoriedade, por for\u00e7a de lei estadual, da disponibiliza\u00e7\u00e3o da B\u00edblia Sagrada<\/mark><\/strong> em bibliotecas p\u00fablicas e escolas da rede p\u00fablica de ensino.<\/p>\n\n\n\n<p>Isto porque, em 2021, o STF declarou <strong>inconstitucional <\/strong>leis estaduais do Amazonas e Mato Grosso do Sul que impunham essa obrigatoriedade das b\u00edblias em escolas e bibliotecas. O entendimento fixado parecia consolidar a jurisprud\u00eancia sobre o tema:<\/p>\n\n\n\n<pre class=\"wp-block-preformatted\"><strong>A imposi\u00e7\u00e3o legal de manuten\u00e7\u00e3o de exemplares de B\u00edblias em escolas e bibliotecas p\u00fablicas estaduais configura contrariedade \u00e0 laicidade estatal e \u00e0 liberdade religiosa consagrada pela Constitui\u00e7\u00e3o da Rep\u00fablica de 1988.<br><br>STF. Plen\u00e1rio. ADI 5258\/AM, Rel. Min. C\u00e1rmen L\u00facia, julgado em 12\/4\/2021 (Informativo 1012).<\/strong><\/pre>\n\n\n\n<h2 class=\"wp-block-heading\" id=\"h-adi-5255-do-rio-grande-do-norte-e-o-precedente-de-2021\"><span id=\"adi-5255-do-rio-grande-do-norte-e-o-precedente-de-2021\">ADI 5255 do Rio Grande do Norte e o precedente de 2021<\/span><\/h2>\n\n\n\n<p>Diante disso, surge a A\u00e7\u00e3o Direta de Inconstitucionalidade (ADI) 5255, proposta pelo Procurador-Geral da Rep\u00fablica contra a Lei 8.415\/2003 do Rio Grande do Norte. A ADI questiona dispositivo normativo que determina a inclus\u00e3o no acervo de todas as <span style=\"text-decoration: underline;\">bibliotecas p\u00fablicas do estado de, pelo menos, dez exemplares da B\u00edblia Sagrada, sendo quatro em linguagem braile<\/span>.<\/p>\n\n\n\n<p>Atualmente, o Ministro Nunes Marques, relator da a\u00e7\u00e3o, j\u00e1 proferiu seu voto pela proced\u00eancia do pedido, alinhando-se ao entendimento anteriormente firmado pela Corte.<\/p>\n\n\n\n<p class=\"has-background\" style=\"background-color:#dddddd\">Nessa linha, em seu voto, destacou que &#8220;aos entes pol\u00edticos da Federa\u00e7\u00e3o n\u00e3o cabe conceder, mediante atos legislativos, administrativos ou judiciais, tratamento privilegiado a determinada confiss\u00e3o religiosa&#8221;, e que &#8220;o acesso facilitado a determinado livro religioso em bibliotecas p\u00fablicas [&#8230;] caracterizam incentivo estatal injustific\u00e1vel a valores religiosos espec\u00edficos, em desconformidade com o princ\u00edpio da laicidade&#8221;.<\/p>\n\n\n\n<p>Dessa maneira, o precedente que orienta esse posicionamento \u00e9 a ADI 5256, julgada em 2021, relatada pela Ministra Rosa Weber. Na ocasi\u00e3o, o STF, por unanimidade, entendeu que leis estaduais que determinam a obrigatoriedade da presen\u00e7a da B\u00edblia em escolas e bibliotecas p\u00fablicas violam os princ\u00edpios da laicidade estatal e da isonomia.<\/p>\n\n\n\n<pre class=\"wp-block-verse\">Conforme destacou a Ministra: \"a laicidade estatal imp\u00f5e ao Estado a observ\u00e2ncia da imparcialidade relativamente \u00e0 pluralidade de cren\u00e7as e orienta\u00e7\u00f5es religiosas e n\u00e3o religiosas que constituem o tecido social, o imagin\u00e1rio e o esp\u00edrito cultural brasileiros\".<\/pre>\n\n\n\n<h2 class=\"wp-block-heading\" id=\"h-decisao-sobre-simbolos-religiosos-em-espacos-publicos\"><span id=\"decisao-sobre-simbolos-religiosos-em-espacos-publicos\">Decis\u00e3o sobre s\u00edmbolos religiosos em espa\u00e7os p\u00fablicos<\/span><\/h2>\n\n\n\n<p>No entanto, em novembro de 2024, contudo, o STF fixou tese em sentido aparentemente diverso ao julgar o ARE 1.249.095\/SP, no qual se discutia a constitucionalidade da presen\u00e7a de s\u00edmbolos religiosos, como crucifixos, em espa\u00e7os p\u00fablicos.<\/p>\n\n\n\n<p>Na ocasi\u00e3o, sob a relatoria do Ministro Cristiano Zanin, a Corte firmou a seguinte tese de repercuss\u00e3o geral (Tema 1.086):<\/p>\n\n\n\n<pre class=\"wp-block-preformatted\"><strong>A presen\u00e7a de s\u00edmbolos religiosos em pr\u00e9dios p\u00fablicos, pertencentes a qualquer dos Poderes da Uni\u00e3o, dos Estados, do Distrito Federal e dos Munic\u00edpios, desde que tenha o objetivo de manifestar a tradi\u00e7\u00e3o cultural da sociedade brasileira, n\u00e3o viola os princ\u00edpios da n\u00e3o discrimina\u00e7\u00e3o, da laicidade estatal e da impessoalidade.<br><br>STF. Plen\u00e1rio. ARE 1.249.095\/SP, Rel. Min. Cristiano Zanin, julgado em 27\/11\/2024 (Repercuss\u00e3o geral \u2013 Tema 1.086) (Informativo 1160).<\/strong><\/pre>\n\n\n\n<p>Veja, o julgamento, aprovado por unanimidade, fundamentou-se na compreens\u00e3o de que tais s\u00edmbolos manifestam a tradi\u00e7\u00e3o cultural brasileira, representando mais que meros elementos religiosos.<\/p>\n\n\n\n<p>Dessa maneira, o STF reconheceu que o Cristianismo esteve presente na forma\u00e7\u00e3o hist\u00f3rica do Brasil, desde os jesu\u00edtas na coloniza\u00e7\u00e3o at\u00e9 a nomenclatura de logradouros p\u00fablicos, estados brasileiros e feriados.<\/p>\n\n\n\n<pre class=\"wp-block-preformatted\"><strong>\u00c9 compat\u00edvel com a Constitui\u00e7\u00e3o Federal de 1988 \u2014 e n\u00e3o ofende a proibi\u00e7\u00e3o de discrimina\u00e7\u00e3o (arts. 3\u00ba, IV, e 5\u00ba, caput, CF\/88), o postulado da laicidade estatal (art. 19, I, CF\/88) e o princ\u00edpio da impessoalidade na Administra\u00e7\u00e3o P\u00fablica (art. 37, caput, CF\/88) \u2014 a presen\u00e7a de s\u00edmbolos religiosos em espa\u00e7os p\u00fablicos, pertencentes ao Estado, nas hip\u00f3teses em que se busca representar tradi\u00e7\u00e3o cultural da sociedade brasileira.<br><br>STF. Plen\u00e1rio. ARE 1.249.095\/SP, Rel. Min. Cristiano Zanin, julgado em 27\/11\/2024 (Repercuss\u00e3o geral \u2013 Tema 1.086) (Informativo 1160).<\/strong><\/pre>\n\n\n\n<p>O Cristianismo \u2014 at\u00e9 ent\u00e3o liderado pela Igreja Cat\u00f3lica \u2014 esteve presente na forma\u00e7\u00e3o da sociedade brasileira, registrando a presen\u00e7a jesu\u00edtica desde o epis\u00f3dio do descobrimento e, a partir da\u00ed, atuando na forma\u00e7\u00e3o educacional e moral do povo que surgia.<\/p>\n\n\n\n<p>N\u00e3o fossem apenas os crucifixos, n\u00e3o h\u00e1 como desconsiderar as dezenas de dias consagrados \u2014 diversos deles com decreta\u00e7\u00e3o de feriado \u2014, a nomenclatura de ruas, pra\u00e7as, avenidas e outros logradouros p\u00fablicos, escolas p\u00fablicas, estados brasileiros, que revelam a for\u00e7a de uma tradi\u00e7\u00e3o que, antes de segregar, comp\u00f5e a rica hist\u00f3ria brasileira.<\/p>\n\n\n\n<p>A presen\u00e7a de s\u00edmbolos religiosos nos espa\u00e7os p\u00fablicos, ao contr\u00e1rio do que sustenta o MPF:<\/p>\n\n\n\n<pre class=\"wp-block-preformatted\">\u2022 n\u00e3o deslegitima a a\u00e7\u00e3o do administrador ou a convic\u00e7\u00e3o imparcial do julgador (mesmo porque a fundamenta\u00e7\u00e3o jur\u00eddica n\u00e3o se assenta em elementos divinos, ou seja, n\u00e3o imp\u00f5e concep\u00e7\u00f5es filos\u00f3ficas aos cidad\u00e3os);<br><br>\u2022 n\u00e3o constrange o crente a renunciar \u00e0 sua f\u00e9;<br><br>\u2022 n\u00e3o retira a sua faculdade de autodetermina\u00e7\u00e3o e percep\u00e7\u00e3o m\u00edtico-simb\u00f3lica; e<br><br>\u2022 n\u00e3o fere a sua liberdade de ter, n\u00e3o ter ou deixar de ter uma religi\u00e3o.<\/pre>\n\n\n\n<h2 class=\"wp-block-heading\" id=\"h-possivel-mudanca-de-entendimento\"><span id=\"possivel-mudanca-de-entendimento\">Poss\u00edvel mudan\u00e7a de entendimento?<\/span><\/h2>\n\n\n\n<p class=\"has-background\" style=\"background-color:#dddddd\">Diante desse aparente contraste entre as decis\u00f5es, emerge a quest\u00e3o: estaria o STF caminhando para uma revis\u00e3o de seu entendimento acerca da obrigatoriedade da presen\u00e7a da B\u00edblia em bibliotecas p\u00fablicas?<\/p>\n\n\n\n<p>De in\u00edcio, apesar da proximidade tem\u00e1tica, h\u00e1 diferen\u00e7as substanciais entre os casos, mas abordaremos o assunto primeiro, literalmente.<\/p>\n\n\n\n<p>Como visto, na decis\u00e3o sobre s\u00edmbolos religiosos, o STF considerou que crucifixos em reparti\u00e7\u00f5es p\u00fablicas representam uma tradi\u00e7\u00e3o cultural enraizada na sociedade brasileira, sem impor concep\u00e7\u00f5es religiosas aos cidad\u00e3os.<\/p>\n\n\n\n<div class=\"wp-block-media-text is-stacked-on-mobile\" style=\"grid-template-columns:22% auto\"><figure class=\"wp-block-media-text__media\"><img decoding=\"async\" width=\"1000\" height=\"1000\" src=\"https:\/\/cj.estrategia.com\/portal\/wp-content\/uploads\/2025\/04\/25213905\/livro-biblioteca-escola-literatura-leitura.jpg\" alt=\"B\u00edblias em escolas e bibliotecas\" class=\"wp-image-115156 size-full\" srcset=\"https:\/\/cj.estrategia.com\/portal\/wp-content\/uploads\/2025\/04\/25213905\/livro-biblioteca-escola-literatura-leitura.jpg 1000w, https:\/\/cj.estrategia.com\/portal\/wp-content\/uploads\/2025\/04\/25213905\/livro-biblioteca-escola-literatura-leitura-300x300.jpg 300w, https:\/\/cj.estrategia.com\/portal\/wp-content\/uploads\/2025\/04\/25213905\/livro-biblioteca-escola-literatura-leitura-150x150.jpg 150w, https:\/\/cj.estrategia.com\/portal\/wp-content\/uploads\/2025\/04\/25213905\/livro-biblioteca-escola-literatura-leitura-768x768.jpg 768w, https:\/\/cj.estrategia.com\/portal\/wp-content\/uploads\/2025\/04\/25213905\/livro-biblioteca-escola-literatura-leitura-80x80.jpg 80w, https:\/\/cj.estrategia.com\/portal\/wp-content\/uploads\/2025\/04\/25213905\/livro-biblioteca-escola-literatura-leitura-380x380.jpg 380w, https:\/\/cj.estrategia.com\/portal\/wp-content\/uploads\/2025\/04\/25213905\/livro-biblioteca-escola-literatura-leitura-800x800.jpg 800w, https:\/\/cj.estrategia.com\/portal\/wp-content\/uploads\/2025\/04\/25213905\/livro-biblioteca-escola-literatura-leitura-24x24.jpg 24w, https:\/\/cj.estrategia.com\/portal\/wp-content\/uploads\/2025\/04\/25213905\/livro-biblioteca-escola-literatura-leitura-48x48.jpg 48w, https:\/\/cj.estrategia.com\/portal\/wp-content\/uploads\/2025\/04\/25213905\/livro-biblioteca-escola-literatura-leitura-96x96.jpg 96w\" sizes=\"(max-width: 1000px) 100vw, 1000px\" \/><\/figure><div class=\"wp-block-media-text__content\">\n<p>Por outro lado, no caso da B\u00edblia em bibliotecas, a quest\u00e3o envolve a obrigatoriedade, por lei, da aquisi\u00e7\u00e3o e disponibiliza\u00e7\u00e3o de exemplares espec\u00edficos de livro religioso com recursos p\u00fablicos.<\/p>\n<\/div><\/div>\n\n\n\n<p>Quem pensa que as decis\u00f5es n\u00e3o se misturam diz que, no caso da ADI 5255, a lei determina quantidade m\u00ednima de exemplares (dez, sendo quatro em braile). Isso evidenciaria <strong><mark style=\"background-color:rgba(0, 0, 0, 0)\" class=\"has-inline-color has-black-color\">car\u00e1ter impositivo<\/mark><\/strong> e direcionamento de recursos p\u00fablicos para promo\u00e7\u00e3o de determinada religi\u00e3o.<\/p>\n\n\n\n<p>Nesse pensamento, o parecer da Procuradoria-Geral da Rep\u00fablica no caso \u00e9 esclarecedor ao pontuar que &#8220;n\u00e3o se est\u00e1 a afirmar que seja vedado a escolas e bibliotecas p\u00fablicas a aquisi\u00e7\u00e3o da B\u00edblia&#8221;, mas sim que a &#8220;inconstitucionalidade h\u00e1 na imposi\u00e7\u00e3o normativa de compra de apenas um desses livros tidos como sagrados, por parte da administra\u00e7\u00e3o p\u00fablica, com evidente privil\u00e9gio a determinada manifesta\u00e7\u00e3o religiosa&#8221;.<\/p>\n\n\n\n<h2 class=\"wp-block-heading\" id=\"h-elementos-para-reflexao\"><span id=\"elementos-para-reflexao\">Elementos para reflex\u00e3o<\/span><\/h2>\n\n\n\n<p>O caso evidencia a linha t\u00eanue entre a preserva\u00e7\u00e3o cultural-religiosa e a viola\u00e7\u00e3o do princ\u00edpio da laicidade estatal. A distin\u00e7\u00e3o reside, possivelmente, no car\u00e1ter impositivo da norma e na destina\u00e7\u00e3o compuls\u00f3ria de recursos p\u00fablicos para promo\u00e7\u00e3o de literatura vinculada a determinada tradi\u00e7\u00e3o religiosa, em detrimento de outras.<\/p>\n\n\n\n<p>Enquanto um crucifixo em reparti\u00e7\u00e3o p\u00fablica pode ser interpretado como s\u00edmbolo cultural-hist\u00f3rico, sem onerar os cofres p\u00fablicos ou impor pr\u00e1ticas religiosas, a aquisi\u00e7\u00e3o obrigat\u00f3ria de exemplares da B\u00edblia representa destina\u00e7\u00e3o de recursos para promo\u00e7\u00e3o espec\u00edfica de literatura vinculada \u00e0 tradi\u00e7\u00e3o crist\u00e3, com exclus\u00e3o das demais.<\/p>\n\n\n\n<h2 class=\"wp-block-heading\" id=\"h-prognostico-manutencao-ou-revisao-do-entendimento\"><span id=\"prognostico-manutencao-ou-revisao-do-entendimento\">Progn\u00f3stico: manuten\u00e7\u00e3o ou revis\u00e3o do entendimento?<\/span><\/h2>\n\n\n\n<figure class=\"wp-block-table\"><table class=\"has-fixed-layout\"><tbody><tr><td><strong>Argumentos para manuten\u00e7\u00e3o do entendimento &#8211; inconstitucional<\/strong><strong><\/strong><\/td><td><strong>Argumentos para revis\u00e3o do entendimento &#8211; constitucional<\/strong><strong><\/strong><\/td><\/tr><tr><td>H\u00e1 diferen\u00e7a entre s\u00edmbolos passivos (crucifixos) que n\u00e3o demandam recursos p\u00fablicos e a aquisi\u00e7\u00e3o obrigat\u00f3ria de livros religiosos com dinheiro do er\u00e1rio<\/td><td>A tradi\u00e7\u00e3o crist\u00e3 \u00e9 reconhecida como elemento cultural formador da sociedade brasileira, assim como os s\u00edmbolos religiosos<\/td><\/tr><tr><td>A lei imp\u00f5e quantidade espec\u00edfica de exemplares, evidenciando direcionamento injustificado de recursos<\/td><td>Se a presen\u00e7a de s\u00edmbolos religiosos \u00e9 constitucional por representar tradi\u00e7\u00e3o cultural, o mesmo racioc\u00ednio poderia se aplicar \u00e0 B\u00edblia<\/td><\/tr><tr><td>A obrigatoriedade privilegia uma tradi\u00e7\u00e3o religiosa espec\u00edfica, enquanto a presen\u00e7a de s\u00edmbolos religiosos foi julgada constitucional por seu aspecto cultural, n\u00e3o confessional<\/td><td>Tanto a B\u00edblia quanto os crucifixos fazem parte da forma\u00e7\u00e3o hist\u00f3rica e cultural do Brasil<\/td><\/tr><tr><td>O STF tem precedentes consolidados sobre a quest\u00e3o espec\u00edfica, com julgamentos un\u00e2nimes das ADIs 5256, 5257 e 5258<\/td><td>A decis\u00e3o sobre s\u00edmbolos religiosos \u00e9 mais recente (2024) e pode representar evolu\u00e7\u00e3o na compreens\u00e3o do princ\u00edpio da laicidade<\/td><\/tr><tr><td>A aquisi\u00e7\u00e3o obrigat\u00f3ria demanda recursos p\u00fablicos, enquanto a mera presen\u00e7a de s\u00edmbolos n\u00e3o<\/td><td>A preserva\u00e7\u00e3o da tradi\u00e7\u00e3o cultural e hist\u00f3rica pode justificar a presen\u00e7a da B\u00edblia em bibliotecas p\u00fablicas como elemento formador da cultura nacional<\/td><\/tr><\/tbody><\/table><\/figure>\n\n\n\n<p><strong>E voc\u00ea, o que acha?<\/strong><strong><\/strong><\/p>\n\n\n\n<h2 class=\"wp-block-heading\" id=\"h-como-o-tema-ja-caiu-em-concurso\"><span id=\"como-o-tema-ja-caiu-em-concurso\">Como o tema j\u00e1 caiu em concurso?<\/span><\/h2>\n\n\n\n<pre class=\"wp-block-preformatted\"><strong>(TJMA \u2013 Instituto Consuplan \u2013 2023 \u2013 Cart\u00f3rios)<\/strong> Direitos fundamentais s\u00e3o essenciais para que se possa falar em democracia dentro de uma perspectiva substancial. Trata-se de elemento estrutural primordial na maior parte dos textos constitucionais p\u00f3s-Segunda Guerra Mundial, servindo como uma das \u00e2ncoras contra abusos e autoritarismos estatais. Neste contexto, assinale a afirmativa correta sobre os direitos e garantias fundamentais.<br><br>a) \u00c9 inconstitucional, por ofensa aos princ\u00edpios da isonomia, liberdade religiosa e da laicidade do Estado, norma que obrigue a manuten\u00e7\u00e3o de exemplar da b\u00edblia em unidades escolares e bibliotecas p\u00fablicas estaduais. (<strong>Certo<\/strong>)<\/pre>\n\n\n\n<hr class=\"wp-block-separator has-alpha-channel-opacity\"\/>\n\n\n\n<h2 class=\"wp-block-heading has-text-align-center\" id=\"h-quer-saber-quais-serao-os-proximos-concursos\"><span id=\"quer-saber-quais-serao-os-proximos-concursos\">Quer saber quais ser\u00e3o os pr\u00f3ximos concursos?<\/span><\/h2>\n\n\n\n<pre class=\"wp-block-verse has-text-align-center\">Confira nossos&nbsp;<a href=\"https:\/\/cj.estrategia.com\/portal\/\" target=\"_blank\" >artigos para Carreiras Jur\u00eddicas<\/a>!<\/pre>\n\n\n\n<p class=\"has-text-align-center has-white-color has-pale-cyan-blue-background-color has-text-color has-background has-link-color wp-elements-723b3278bf14a50a5e7b7e937b9a17d4\"><a href=\"https:\/\/cj.estrategia.com\/portal\/concursos-abertos-carreiras-juridicas\/\">Concursos jur\u00eddicos abertos<\/a><\/p>\n\n\n\n<p class=\"has-text-align-center has-white-color has-pale-cyan-blue-background-color has-text-color has-background has-link-color wp-elements-41349f36dc977263ca2129bf0f6dd541\"><a href=\"https:\/\/cj.estrategia.com\/portal\/concursos-2025-carreiras-juridicas\/\" target=\"_blank\" >Concursos jur\u00eddicos 2025<\/a><\/p>\n","protected":false},"excerpt":{"rendered":"Como \u00e9 cedi\u00e7o, a rela\u00e7\u00e3o entre Estado e religi\u00e3o no Brasil \u00e9 tema sens\u00edvel na popula\u00e7\u00e3o, e obviamente,&hellip;\n","protected":false},"author":93,"featured_media":115152,"comment_status":"open","ping_status":"open","sticky":false,"template":"","format":"standard","meta":{"_jetpack_memberships_contains_paid_content":false,"footnotes":""},"categories":[1],"tags":[2520,336,2519,2521,2495,1396,2522,1402,134,2025],"tax_estado":[30,31,32,33,34,35,36,37,38,39,40,41,42,43,44,45,46,47,48,49,50,51,52,53,54,55,56,57],"class_list":{"0":"post-115134","1":"post","2":"type-post","3":"status-publish","4":"format-standard","5":"has-post-thumbnail","7":"category-carreiras-juridicas","8":"tag-adi-5255","9":"tag-analise-juridica","10":"tag-biblia","11":"tag-biblia-nas-escolas","12":"tag-igreja-catolica","13":"tag-principio-da-laicidade-estatal","14":"tag-rede-publica-de-ensino","15":"tag-simbolos-religiosos","16":"tag-stf","17":"tag-tema-1-086","18":"tax_estado-ac","19":"tax_estado-al","20":"tax_estado-am","21":"tax_estado-ap","22":"tax_estado-ba","23":"tax_estado-ce","24":"tax_estado-concursos-federais","25":"tax_estado-df","26":"tax_estado-es","27":"tax_estado-go","28":"tax_estado-ma","29":"tax_estado-mg","30":"tax_estado-ms","31":"tax_estado-mt","32":"tax_estado-pa","33":"tax_estado-pb","34":"tax_estado-pe","35":"tax_estado-pi","36":"tax_estado-pr","37":"tax_estado-rj","38":"tax_estado-rn","39":"tax_estado-ro","40":"tax_estado-rr","41":"tax_estado-rs","42":"tax_estado-sc","43":"tax_estado-se","44":"tax_estado-sp","45":"tax_estado-to"},"acf":[],"yoast_head":"<!-- This site is optimized with the Yoast SEO Premium plugin v27.4 (Yoast SEO v27.4) - https:\/\/yoast.com\/product\/yoast-seo-premium-wordpress\/ -->\n<title>B\u00edblia em escolas e bibliotecas \u00e9 constitucional?<\/title>\n<meta name=\"description\" content=\"Uma quest\u00e3o que suscita debates \u00e9 a obrigatoriedade, por for\u00e7a de lei, da disponibiliza\u00e7\u00e3o da B\u00edblia em bibliotecas e escolas p\u00fablicas.\" \/>\n<meta name=\"robots\" content=\"index, follow, max-snippet:-1, max-image-preview:large, max-video-preview:-1\" \/>\n<link rel=\"canonical\" href=\"https:\/\/cj.estrategia.com\/portal\/obrigatoriedade-biblia-escolas-bibliotecas-constitucional\/\" \/>\n<meta property=\"og:locale\" content=\"pt_BR\" \/>\n<meta property=\"og:type\" content=\"article\" \/>\n<meta property=\"og:title\" content=\"B\u00edblia em escolas e bibliotecas \u00e9 constitucional?\" \/>\n<meta property=\"og:description\" content=\"Uma quest\u00e3o que suscita debates \u00e9 a obrigatoriedade, por for\u00e7a de lei, da disponibiliza\u00e7\u00e3o da B\u00edblia em bibliotecas e escolas p\u00fablicas.\" \/>\n<meta property=\"og:url\" content=\"https:\/\/cj.estrategia.com\/portal\/obrigatoriedade-biblia-escolas-bibliotecas-constitucional\/\" \/>\n<meta property=\"og:site_name\" content=\"Blog - Carreiras Jur\u00eddicas - Estrat\u00e9gia\" \/>\n<meta property=\"article:publisher\" content=\"https:\/\/www.facebook.com\/estrategiacarreirajuridica\/\" \/>\n<meta property=\"article:published_time\" content=\"2025-04-26T01:42:22+00:00\" \/>\n<meta property=\"article:modified_time\" content=\"2025-05-03T13:47:36+00:00\" \/>\n<meta property=\"og:image\" content=\"https:\/\/cj.estrategia.com\/portal\/wp-content\/uploads\/2025\/04\/25212349\/biblia-sagrada-escolas-bibliotecas-obrigatoriedade-stf.jpg\" \/>\n\t<meta property=\"og:image:width\" content=\"2000\" \/>\n\t<meta property=\"og:image:height\" content=\"1333\" \/>\n\t<meta property=\"og:image:type\" content=\"image\/jpeg\" \/>\n<meta name=\"author\" content=\"Felipe Duque\" \/>\n<meta name=\"twitter:card\" content=\"summary_large_image\" \/>\n<meta name=\"twitter:creator\" content=\"@https:\/\/x.com\/ProfessorDuque\" \/>\n<meta name=\"twitter:site\" content=\"@EstratJuridica\" \/>\n<meta name=\"twitter:label1\" content=\"Escrito por\" \/>\n\t<meta name=\"twitter:data1\" content=\"Felipe Duque\" \/>\n\t<meta name=\"twitter:label2\" content=\"Est. tempo de leitura\" \/>\n\t<meta name=\"twitter:data2\" content=\"7 minutos\" \/>\n<script type=\"application\/ld+json\" class=\"yoast-schema-graph\">{\"@context\":\"https:\\\/\\\/schema.org\",\"@graph\":[{\"@type\":\"NewsArticle\",\"@id\":\"https:\\\/\\\/cj.estrategia.com\\\/portal\\\/obrigatoriedade-biblia-escolas-bibliotecas-constitucional\\\/#article\",\"isPartOf\":{\"@id\":\"https:\\\/\\\/cj.estrategia.com\\\/portal\\\/obrigatoriedade-biblia-escolas-bibliotecas-constitucional\\\/\"},\"author\":{\"name\":\"Felipe Duque\",\"@id\":\"https:\\\/\\\/cj.estrategia.com\\\/portal\\\/#\\\/schema\\\/person\\\/b5b0253b269d7130d1f7770b1ba29285\"},\"headline\":\"B\u00edblia em escolas e bibliotecas \u00e9 constitucional?\",\"datePublished\":\"2025-04-26T01:42:22+00:00\",\"dateModified\":\"2025-05-03T13:47:36+00:00\",\"mainEntityOfPage\":{\"@id\":\"https:\\\/\\\/cj.estrategia.com\\\/portal\\\/obrigatoriedade-biblia-escolas-bibliotecas-constitucional\\\/\"},\"wordCount\":1293,\"commentCount\":0,\"publisher\":{\"@id\":\"https:\\\/\\\/cj.estrategia.com\\\/portal\\\/#organization\"},\"image\":{\"@id\":\"https:\\\/\\\/cj.estrategia.com\\\/portal\\\/obrigatoriedade-biblia-escolas-bibliotecas-constitucional\\\/#primaryimage\"},\"thumbnailUrl\":\"https:\\\/\\\/cj.estrategia.com\\\/portal\\\/wp-content\\\/uploads\\\/2025\\\/04\\\/25212349\\\/biblia-sagrada-escolas-bibliotecas-obrigatoriedade-stf.jpg\",\"keywords\":[\"ADI 5255\",\"an\u00e1lise jur\u00eddica\",\"b\u00edblia\",\"b\u00edblia nas escolas\",\"Igreja Cat\u00f3lica\",\"princ\u00edpio da laicidade estatal\",\"rede p\u00fablica de ensino\",\"s\u00edmbolos religiosos\",\"STF\",\"Tema 1.086\"],\"articleSection\":[\"Carreiras Jur\u00eddicas\"],\"inLanguage\":\"pt-BR\",\"potentialAction\":[{\"@type\":\"CommentAction\",\"name\":\"Comment\",\"target\":[\"https:\\\/\\\/cj.estrategia.com\\\/portal\\\/obrigatoriedade-biblia-escolas-bibliotecas-constitucional\\\/#respond\"]}]},{\"@type\":\"WebPage\",\"@id\":\"https:\\\/\\\/cj.estrategia.com\\\/portal\\\/obrigatoriedade-biblia-escolas-bibliotecas-constitucional\\\/\",\"url\":\"https:\\\/\\\/cj.estrategia.com\\\/portal\\\/obrigatoriedade-biblia-escolas-bibliotecas-constitucional\\\/\",\"name\":\"B\u00edblia em escolas e bibliotecas \u00e9 constitucional?\",\"isPartOf\":{\"@id\":\"https:\\\/\\\/cj.estrategia.com\\\/portal\\\/#website\"},\"primaryImageOfPage\":{\"@id\":\"https:\\\/\\\/cj.estrategia.com\\\/portal\\\/obrigatoriedade-biblia-escolas-bibliotecas-constitucional\\\/#primaryimage\"},\"image\":{\"@id\":\"https:\\\/\\\/cj.estrategia.com\\\/portal\\\/obrigatoriedade-biblia-escolas-bibliotecas-constitucional\\\/#primaryimage\"},\"thumbnailUrl\":\"https:\\\/\\\/cj.estrategia.com\\\/portal\\\/wp-content\\\/uploads\\\/2025\\\/04\\\/25212349\\\/biblia-sagrada-escolas-bibliotecas-obrigatoriedade-stf.jpg\",\"datePublished\":\"2025-04-26T01:42:22+00:00\",\"dateModified\":\"2025-05-03T13:47:36+00:00\",\"description\":\"Uma quest\u00e3o que suscita debates \u00e9 a obrigatoriedade, por for\u00e7a de lei, da disponibiliza\u00e7\u00e3o da B\u00edblia em bibliotecas e escolas p\u00fablicas.\",\"breadcrumb\":{\"@id\":\"https:\\\/\\\/cj.estrategia.com\\\/portal\\\/obrigatoriedade-biblia-escolas-bibliotecas-constitucional\\\/#breadcrumb\"},\"inLanguage\":\"pt-BR\",\"potentialAction\":[{\"@type\":\"ReadAction\",\"target\":[\"https:\\\/\\\/cj.estrategia.com\\\/portal\\\/obrigatoriedade-biblia-escolas-bibliotecas-constitucional\\\/\"]}]},{\"@type\":\"ImageObject\",\"inLanguage\":\"pt-BR\",\"@id\":\"https:\\\/\\\/cj.estrategia.com\\\/portal\\\/obrigatoriedade-biblia-escolas-bibliotecas-constitucional\\\/#primaryimage\",\"url\":\"https:\\\/\\\/cj.estrategia.com\\\/portal\\\/wp-content\\\/uploads\\\/2025\\\/04\\\/25212349\\\/biblia-sagrada-escolas-bibliotecas-obrigatoriedade-stf.jpg\",\"contentUrl\":\"https:\\\/\\\/cj.estrategia.com\\\/portal\\\/wp-content\\\/uploads\\\/2025\\\/04\\\/25212349\\\/biblia-sagrada-escolas-bibliotecas-obrigatoriedade-stf.jpg\",\"width\":2000,\"height\":1333},{\"@type\":\"BreadcrumbList\",\"@id\":\"https:\\\/\\\/cj.estrategia.com\\\/portal\\\/obrigatoriedade-biblia-escolas-bibliotecas-constitucional\\\/#breadcrumb\",\"itemListElement\":[{\"@type\":\"ListItem\",\"position\":1,\"name\":\"In\u00edcio\",\"item\":\"https:\\\/\\\/cj.estrategia.com\\\/portal\\\/\"},{\"@type\":\"ListItem\",\"position\":2,\"name\":\"B\u00edblia em escolas e bibliotecas \u00e9 constitucional?\"}]},{\"@type\":\"WebSite\",\"@id\":\"https:\\\/\\\/cj.estrategia.com\\\/portal\\\/#website\",\"url\":\"https:\\\/\\\/cj.estrategia.com\\\/portal\\\/\",\"name\":\"Blog - Carreiras Jur\u00eddicas - Estrat\u00e9gia\",\"description\":\"\",\"publisher\":{\"@id\":\"https:\\\/\\\/cj.estrategia.com\\\/portal\\\/#organization\"},\"potentialAction\":[{\"@type\":\"SearchAction\",\"target\":{\"@type\":\"EntryPoint\",\"urlTemplate\":\"https:\\\/\\\/cj.estrategia.com\\\/portal\\\/?s={search_term_string}\"},\"query-input\":{\"@type\":\"PropertyValueSpecification\",\"valueRequired\":true,\"valueName\":\"search_term_string\"}}],\"inLanguage\":\"pt-BR\"},{\"@type\":\"Organization\",\"@id\":\"https:\\\/\\\/cj.estrategia.com\\\/portal\\\/#organization\",\"name\":\"Estrat\u00e9gia - Carreiras Jur\u00eddicas\",\"url\":\"https:\\\/\\\/cj.estrategia.com\\\/portal\\\/\",\"logo\":{\"@type\":\"ImageObject\",\"inLanguage\":\"pt-BR\",\"@id\":\"https:\\\/\\\/cj.estrategia.com\\\/portal\\\/#\\\/schema\\\/logo\\\/image\\\/\",\"url\":\"https:\\\/\\\/cj.estrategia.com\\\/portal\\\/wp-content\\\/uploads\\\/2022\\\/03\\\/11151052\\\/cj-logo.png\",\"contentUrl\":\"https:\\\/\\\/cj.estrategia.com\\\/portal\\\/wp-content\\\/uploads\\\/2022\\\/03\\\/11151052\\\/cj-logo.png\",\"width\":150,\"height\":39,\"caption\":\"Estrat\u00e9gia - Carreiras Jur\u00eddicas\"},\"image\":{\"@id\":\"https:\\\/\\\/cj.estrategia.com\\\/portal\\\/#\\\/schema\\\/logo\\\/image\\\/\"},\"sameAs\":[\"https:\\\/\\\/www.facebook.com\\\/estrategiacarreirajuridica\\\/\",\"https:\\\/\\\/x.com\\\/EstratJuridica\",\"https:\\\/\\\/www.instagram.com\\\/estrategiacarreirajuridica\\\/\",\"https:\\\/\\\/www.youtube.com\\\/channel\\\/UClbMGuYbj2Mh1m3w144ETWQ\"]},{\"@type\":\"Person\",\"@id\":\"https:\\\/\\\/cj.estrategia.com\\\/portal\\\/#\\\/schema\\\/person\\\/b5b0253b269d7130d1f7770b1ba29285\",\"name\":\"Felipe Duque\",\"image\":{\"@type\":\"ImageObject\",\"inLanguage\":\"pt-BR\",\"@id\":\"https:\\\/\\\/cj.estrategia.com\\\/portal\\\/wp-content\\\/uploads\\\/2024\\\/08\\\/06162009\\\/Captura-de-Tela-2024-08-06-as-16.19.26-96x96.png\",\"url\":\"https:\\\/\\\/cj.estrategia.com\\\/portal\\\/wp-content\\\/uploads\\\/2024\\\/08\\\/06162009\\\/Captura-de-Tela-2024-08-06-as-16.19.26-96x96.png\",\"contentUrl\":\"https:\\\/\\\/cj.estrategia.com\\\/portal\\\/wp-content\\\/uploads\\\/2024\\\/08\\\/06162009\\\/Captura-de-Tela-2024-08-06-as-16.19.26-96x96.png\",\"caption\":\"Felipe Duque\"},\"description\":\"Felipe Duque - Mestre em Direito Pol\u00edtico e Econ\u00f4mico na Mackenzie-SP. Graduado em Direito pela Universidade Cat\u00f3lica de Pernambuco, com conclus\u00e3o pelo regime de Aproveitamento Extraordin\u00e1rio nos Estudos (art. 47, \u00a7 2\u00ba, da Lei n\u00ba 9.394\\\/96). Ex-Assessor de Desembargador no TJPE. Procurador da Fazenda Nacional. Integra voluntariamente a Coordena\u00e7\u00e3o de Assuntos Estrat\u00e9gicos Judiciais da PGFN. Professor do Estrat\u00e9gia Carreira Jur\u00eddica, Estrat\u00e9gia OAB e Buscador Dizer o Direito. Autor do livro \u201cReforma Tribut\u00e1ria Comentada e Esquematizada\u201d, \\\"Manual de Processo Tribut\u00e1rio: Administrativo e Judicial\\\" pela editora Juspodivm Parecerista na Revista de Estudos Jur\u00eddicos do Superior Tribunal de Justi\u00e7a (REJuriSTJ)\",\"sameAs\":[\"http:\\\/\\\/lattes.cnpq.br\\\/5755137268084324\",\"https:\\\/\\\/www.instagram.com\\\/felipe_duque\\\/\",\"https:\\\/\\\/br.linkedin.com\\\/in\\\/felipe-duque-56954638\",\"https:\\\/\\\/x.com\\\/https:\\\/\\\/x.com\\\/ProfessorDuque\",\"https:\\\/\\\/www.youtube.com\\\/@felipeduque-experienciasco5797\"],\"url\":\"https:\\\/\\\/cj.estrategia.com\\\/portal\\\/author\\\/felipe-duque\\\/\"}]}<\/script>\n<!-- \/ Yoast SEO Premium plugin. -->","yoast_head_json":{"title":"B\u00edblia em escolas e bibliotecas \u00e9 constitucional?","description":"Uma quest\u00e3o que suscita debates \u00e9 a obrigatoriedade, por for\u00e7a de lei, da disponibiliza\u00e7\u00e3o da B\u00edblia em bibliotecas e escolas p\u00fablicas.","robots":{"index":"index","follow":"follow","max-snippet":"max-snippet:-1","max-image-preview":"max-image-preview:large","max-video-preview":"max-video-preview:-1"},"canonical":"https:\/\/cj.estrategia.com\/portal\/obrigatoriedade-biblia-escolas-bibliotecas-constitucional\/","og_locale":"pt_BR","og_type":"article","og_title":"B\u00edblia em escolas e bibliotecas \u00e9 constitucional?","og_description":"Uma quest\u00e3o que suscita debates \u00e9 a obrigatoriedade, por for\u00e7a de lei, da disponibiliza\u00e7\u00e3o da B\u00edblia em bibliotecas e escolas p\u00fablicas.","og_url":"https:\/\/cj.estrategia.com\/portal\/obrigatoriedade-biblia-escolas-bibliotecas-constitucional\/","og_site_name":"Blog - Carreiras Jur\u00eddicas - Estrat\u00e9gia","article_publisher":"https:\/\/www.facebook.com\/estrategiacarreirajuridica\/","article_published_time":"2025-04-26T01:42:22+00:00","article_modified_time":"2025-05-03T13:47:36+00:00","og_image":[{"width":2000,"height":1333,"url":"https:\/\/cj.estrategia.com\/portal\/wp-content\/uploads\/2025\/04\/25212349\/biblia-sagrada-escolas-bibliotecas-obrigatoriedade-stf.jpg","type":"image\/jpeg"}],"author":"Felipe Duque","twitter_card":"summary_large_image","twitter_creator":"@https:\/\/x.com\/ProfessorDuque","twitter_site":"@EstratJuridica","twitter_misc":{"Escrito por":"Felipe Duque","Est. tempo de leitura":"7 minutos"},"schema":{"@context":"https:\/\/schema.org","@graph":[{"@type":"NewsArticle","@id":"https:\/\/cj.estrategia.com\/portal\/obrigatoriedade-biblia-escolas-bibliotecas-constitucional\/#article","isPartOf":{"@id":"https:\/\/cj.estrategia.com\/portal\/obrigatoriedade-biblia-escolas-bibliotecas-constitucional\/"},"author":{"name":"Felipe Duque","@id":"https:\/\/cj.estrategia.com\/portal\/#\/schema\/person\/b5b0253b269d7130d1f7770b1ba29285"},"headline":"B\u00edblia em escolas e bibliotecas \u00e9 constitucional?","datePublished":"2025-04-26T01:42:22+00:00","dateModified":"2025-05-03T13:47:36+00:00","mainEntityOfPage":{"@id":"https:\/\/cj.estrategia.com\/portal\/obrigatoriedade-biblia-escolas-bibliotecas-constitucional\/"},"wordCount":1293,"commentCount":0,"publisher":{"@id":"https:\/\/cj.estrategia.com\/portal\/#organization"},"image":{"@id":"https:\/\/cj.estrategia.com\/portal\/obrigatoriedade-biblia-escolas-bibliotecas-constitucional\/#primaryimage"},"thumbnailUrl":"https:\/\/cj.estrategia.com\/portal\/wp-content\/uploads\/2025\/04\/25212349\/biblia-sagrada-escolas-bibliotecas-obrigatoriedade-stf.jpg","keywords":["ADI 5255","an\u00e1lise jur\u00eddica","b\u00edblia","b\u00edblia nas escolas","Igreja Cat\u00f3lica","princ\u00edpio da laicidade estatal","rede p\u00fablica de ensino","s\u00edmbolos religiosos","STF","Tema 1.086"],"articleSection":["Carreiras Jur\u00eddicas"],"inLanguage":"pt-BR","potentialAction":[{"@type":"CommentAction","name":"Comment","target":["https:\/\/cj.estrategia.com\/portal\/obrigatoriedade-biblia-escolas-bibliotecas-constitucional\/#respond"]}]},{"@type":"WebPage","@id":"https:\/\/cj.estrategia.com\/portal\/obrigatoriedade-biblia-escolas-bibliotecas-constitucional\/","url":"https:\/\/cj.estrategia.com\/portal\/obrigatoriedade-biblia-escolas-bibliotecas-constitucional\/","name":"B\u00edblia em escolas e bibliotecas \u00e9 constitucional?","isPartOf":{"@id":"https:\/\/cj.estrategia.com\/portal\/#website"},"primaryImageOfPage":{"@id":"https:\/\/cj.estrategia.com\/portal\/obrigatoriedade-biblia-escolas-bibliotecas-constitucional\/#primaryimage"},"image":{"@id":"https:\/\/cj.estrategia.com\/portal\/obrigatoriedade-biblia-escolas-bibliotecas-constitucional\/#primaryimage"},"thumbnailUrl":"https:\/\/cj.estrategia.com\/portal\/wp-content\/uploads\/2025\/04\/25212349\/biblia-sagrada-escolas-bibliotecas-obrigatoriedade-stf.jpg","datePublished":"2025-04-26T01:42:22+00:00","dateModified":"2025-05-03T13:47:36+00:00","description":"Uma quest\u00e3o que suscita debates \u00e9 a obrigatoriedade, por for\u00e7a de lei, da disponibiliza\u00e7\u00e3o da B\u00edblia em bibliotecas e escolas p\u00fablicas.","breadcrumb":{"@id":"https:\/\/cj.estrategia.com\/portal\/obrigatoriedade-biblia-escolas-bibliotecas-constitucional\/#breadcrumb"},"inLanguage":"pt-BR","potentialAction":[{"@type":"ReadAction","target":["https:\/\/cj.estrategia.com\/portal\/obrigatoriedade-biblia-escolas-bibliotecas-constitucional\/"]}]},{"@type":"ImageObject","inLanguage":"pt-BR","@id":"https:\/\/cj.estrategia.com\/portal\/obrigatoriedade-biblia-escolas-bibliotecas-constitucional\/#primaryimage","url":"https:\/\/cj.estrategia.com\/portal\/wp-content\/uploads\/2025\/04\/25212349\/biblia-sagrada-escolas-bibliotecas-obrigatoriedade-stf.jpg","contentUrl":"https:\/\/cj.estrategia.com\/portal\/wp-content\/uploads\/2025\/04\/25212349\/biblia-sagrada-escolas-bibliotecas-obrigatoriedade-stf.jpg","width":2000,"height":1333},{"@type":"BreadcrumbList","@id":"https:\/\/cj.estrategia.com\/portal\/obrigatoriedade-biblia-escolas-bibliotecas-constitucional\/#breadcrumb","itemListElement":[{"@type":"ListItem","position":1,"name":"In\u00edcio","item":"https:\/\/cj.estrategia.com\/portal\/"},{"@type":"ListItem","position":2,"name":"B\u00edblia em escolas e bibliotecas \u00e9 constitucional?"}]},{"@type":"WebSite","@id":"https:\/\/cj.estrategia.com\/portal\/#website","url":"https:\/\/cj.estrategia.com\/portal\/","name":"Blog - Carreiras Jur\u00eddicas - Estrat\u00e9gia","description":"","publisher":{"@id":"https:\/\/cj.estrategia.com\/portal\/#organization"},"potentialAction":[{"@type":"SearchAction","target":{"@type":"EntryPoint","urlTemplate":"https:\/\/cj.estrategia.com\/portal\/?s={search_term_string}"},"query-input":{"@type":"PropertyValueSpecification","valueRequired":true,"valueName":"search_term_string"}}],"inLanguage":"pt-BR"},{"@type":"Organization","@id":"https:\/\/cj.estrategia.com\/portal\/#organization","name":"Estrat\u00e9gia - Carreiras Jur\u00eddicas","url":"https:\/\/cj.estrategia.com\/portal\/","logo":{"@type":"ImageObject","inLanguage":"pt-BR","@id":"https:\/\/cj.estrategia.com\/portal\/#\/schema\/logo\/image\/","url":"https:\/\/cj.estrategia.com\/portal\/wp-content\/uploads\/2022\/03\/11151052\/cj-logo.png","contentUrl":"https:\/\/cj.estrategia.com\/portal\/wp-content\/uploads\/2022\/03\/11151052\/cj-logo.png","width":150,"height":39,"caption":"Estrat\u00e9gia - Carreiras Jur\u00eddicas"},"image":{"@id":"https:\/\/cj.estrategia.com\/portal\/#\/schema\/logo\/image\/"},"sameAs":["https:\/\/www.facebook.com\/estrategiacarreirajuridica\/","https:\/\/x.com\/EstratJuridica","https:\/\/www.instagram.com\/estrategiacarreirajuridica\/","https:\/\/www.youtube.com\/channel\/UClbMGuYbj2Mh1m3w144ETWQ"]},{"@type":"Person","@id":"https:\/\/cj.estrategia.com\/portal\/#\/schema\/person\/b5b0253b269d7130d1f7770b1ba29285","name":"Felipe Duque","image":{"@type":"ImageObject","inLanguage":"pt-BR","@id":"https:\/\/cj.estrategia.com\/portal\/wp-content\/uploads\/2024\/08\/06162009\/Captura-de-Tela-2024-08-06-as-16.19.26-96x96.png","url":"https:\/\/cj.estrategia.com\/portal\/wp-content\/uploads\/2024\/08\/06162009\/Captura-de-Tela-2024-08-06-as-16.19.26-96x96.png","contentUrl":"https:\/\/cj.estrategia.com\/portal\/wp-content\/uploads\/2024\/08\/06162009\/Captura-de-Tela-2024-08-06-as-16.19.26-96x96.png","caption":"Felipe Duque"},"description":"Felipe Duque - Mestre em Direito Pol\u00edtico e Econ\u00f4mico na Mackenzie-SP. Graduado em Direito pela Universidade Cat\u00f3lica de Pernambuco, com conclus\u00e3o pelo regime de Aproveitamento Extraordin\u00e1rio nos Estudos (art. 47, \u00a7 2\u00ba, da Lei n\u00ba 9.394\/96). Ex-Assessor de Desembargador no TJPE. Procurador da Fazenda Nacional. Integra voluntariamente a Coordena\u00e7\u00e3o de Assuntos Estrat\u00e9gicos Judiciais da PGFN. Professor do Estrat\u00e9gia Carreira Jur\u00eddica, Estrat\u00e9gia OAB e Buscador Dizer o Direito. Autor do livro \u201cReforma Tribut\u00e1ria Comentada e Esquematizada\u201d, \"Manual de Processo Tribut\u00e1rio: Administrativo e Judicial\" pela editora Juspodivm Parecerista na Revista de Estudos Jur\u00eddicos do Superior Tribunal de Justi\u00e7a (REJuriSTJ)","sameAs":["http:\/\/lattes.cnpq.br\/5755137268084324","https:\/\/www.instagram.com\/felipe_duque\/","https:\/\/br.linkedin.com\/in\/felipe-duque-56954638","https:\/\/x.com\/https:\/\/x.com\/ProfessorDuque","https:\/\/www.youtube.com\/@felipeduque-experienciasco5797"],"url":"https:\/\/cj.estrategia.com\/portal\/author\/felipe-duque\/"}]}},"jetpack_featured_media_url":"https:\/\/cj.estrategia.com\/portal\/wp-content\/uploads\/2025\/04\/25212349\/biblia-sagrada-escolas-bibliotecas-obrigatoriedade-stf.jpg","jetpack_sharing_enabled":true,"_links":{"self":[{"href":"https:\/\/cj.estrategia.com\/portal\/wp-json\/wp\/v2\/posts\/115134","targetHints":{"allow":["GET"]}}],"collection":[{"href":"https:\/\/cj.estrategia.com\/portal\/wp-json\/wp\/v2\/posts"}],"about":[{"href":"https:\/\/cj.estrategia.com\/portal\/wp-json\/wp\/v2\/types\/post"}],"author":[{"embeddable":true,"href":"https:\/\/cj.estrategia.com\/portal\/wp-json\/wp\/v2\/users\/93"}],"replies":[{"embeddable":true,"href":"https:\/\/cj.estrategia.com\/portal\/wp-json\/wp\/v2\/comments?post=115134"}],"version-history":[{"count":7,"href":"https:\/\/cj.estrategia.com\/portal\/wp-json\/wp\/v2\/posts\/115134\/revisions"}],"predecessor-version":[{"id":117272,"href":"https:\/\/cj.estrategia.com\/portal\/wp-json\/wp\/v2\/posts\/115134\/revisions\/117272"}],"wp:featuredmedia":[{"embeddable":true,"href":"https:\/\/cj.estrategia.com\/portal\/wp-json\/wp\/v2\/media\/115152"}],"wp:attachment":[{"href":"https:\/\/cj.estrategia.com\/portal\/wp-json\/wp\/v2\/media?parent=115134"}],"wp:term":[{"taxonomy":"category","embeddable":true,"href":"https:\/\/cj.estrategia.com\/portal\/wp-json\/wp\/v2\/categories?post=115134"},{"taxonomy":"post_tag","embeddable":true,"href":"https:\/\/cj.estrategia.com\/portal\/wp-json\/wp\/v2\/tags?post=115134"},{"taxonomy":"tax_estado","embeddable":true,"href":"https:\/\/cj.estrategia.com\/portal\/wp-json\/wp\/v2\/tax_estado?post=115134"}],"curies":[{"name":"wp","href":"https:\/\/api.w.org\/{rel}","templated":true}]}}