{"id":113830,"date":"2025-04-24T14:00:00","date_gmt":"2025-04-24T17:00:00","guid":{"rendered":"https:\/\/cj.estrategia.com\/portal\/?p=113830"},"modified":"2025-04-22T15:03:13","modified_gmt":"2025-04-22T18:03:13","slug":"magistratura-sc-prova-no-domingo-27-4-e-correcao-aqui-no-ecj","status":"publish","type":"post","link":"https:\/\/cj.estrategia.com\/portal\/magistratura-sc-prova-no-domingo-27-4-e-correcao-aqui-no-ecj\/","title":{"rendered":"Magistratura SC: prova no domingo (27\/4) e corre\u00e7\u00e3o aqui no ECJ!"},"content":{"rendered":"<a id=\"cta-icon\" href=\"https:\/\/sndflw.com\/i\/cartorios-grupo\" target=\"blank\" style=\"background:rgb(41,166,26)\">\n            <img decoding=\"async\" src=\"https:\/\/cj.estrategia.com\/portal\/wp-content\/uploads\/2023\/12\/07160657\/whatsapp_1385.webp\" alt=\"\" alt=\"whatsapp_1385\"><span > Acesse agora o Grupo de Estudos para Concursos Cart\u00f3rio <\/span><\/a>\n\n\n\n<p>As <strong>provas objetivas<\/strong> para Magistratura SC acontecer\u00e3o neste domingo (27\/4), das\u00a0<strong>13h \u00e0s 18h<\/strong>, em Florian\u00f3polis. No mesmo dia, o <strong>Estrat\u00e9gia Carreiras Jur\u00eddicas<\/strong> realizar\u00e1 a corre\u00e7\u00e3o da prova e voc\u00ea poder\u00e1 conferi-la por meio deste blog.<\/p>\n\n\n\n<p>Os candidatos disputar\u00e3o 20 vagas, al\u00e9m da forma\u00e7\u00e3o de cadastro reserva, que oferecer\u00e3o <strong>remunera\u00e7\u00e3o inicial de R$ 32.350,06.<\/strong> Para saber o seu local de prova, acesse o link logo abaixo.<\/p>\n\n\n\n<p class=\"has-text-align-center has-white-color has-vivid-red-background-color has-text-color has-background has-link-color wp-elements-b8a679caceb62b161ee58b9937ca0443\"><a href=\"https:\/\/cj.estrategia.com\/portal\/concurso-magistratura-sc\/\"><strong>Consulte seu local de prova para o concurso Magistratura SC<\/strong><\/a><\/p>\n\n\n<div class=\"wp-block-image\">\n<figure class=\"aligncenter size-large\"><img decoding=\"async\" width=\"1024\" height=\"683\" src=\"https:\/\/cj.estrategia.com\/portal\/wp-content\/uploads\/2025\/04\/22093139\/ChatGPT-Image-22-de-abr.-de-2025-09_30_17-1024x683.png\" alt=\"Imagem para ilustrar mat\u00e9ria sobre prova para Magistratura SC.\" class=\"wp-image-113837\" srcset=\"https:\/\/cj.estrategia.com\/portal\/wp-content\/uploads\/2025\/04\/22093139\/ChatGPT-Image-22-de-abr.-de-2025-09_30_17-1024x683.png 1024w, https:\/\/cj.estrategia.com\/portal\/wp-content\/uploads\/2025\/04\/22093139\/ChatGPT-Image-22-de-abr.-de-2025-09_30_17-300x200.png 300w, https:\/\/cj.estrategia.com\/portal\/wp-content\/uploads\/2025\/04\/22093139\/ChatGPT-Image-22-de-abr.-de-2025-09_30_17-768x512.png 768w, https:\/\/cj.estrategia.com\/portal\/wp-content\/uploads\/2025\/04\/22093139\/ChatGPT-Image-22-de-abr.-de-2025-09_30_17-380x253.png 380w, https:\/\/cj.estrategia.com\/portal\/wp-content\/uploads\/2025\/04\/22093139\/ChatGPT-Image-22-de-abr.-de-2025-09_30_17-800x533.png 800w, https:\/\/cj.estrategia.com\/portal\/wp-content\/uploads\/2025\/04\/22093139\/ChatGPT-Image-22-de-abr.-de-2025-09_30_17-1160x773.png 1160w, https:\/\/cj.estrategia.com\/portal\/wp-content\/uploads\/2025\/04\/22093139\/ChatGPT-Image-22-de-abr.-de-2025-09_30_17-150x100.png 150w, https:\/\/cj.estrategia.com\/portal\/wp-content\/uploads\/2025\/04\/22093139\/ChatGPT-Image-22-de-abr.-de-2025-09_30_17.png 1536w\" sizes=\"(max-width: 1024px) 100vw, 1024px\" \/><figcaption class=\"wp-element-caption\">As provas objetivas acontecer\u00e3o das\u00a0<strong>13h \u00e0s 18h<\/strong>. Imagem: ChatGPT\/Estrat\u00e9gia Carreiras Jur\u00eddicas.<\/figcaption><\/figure>\n<\/div>\n\n\n<h2 class=\"wp-block-heading\" id=\"h-que-horas-chegar-ao-local-de-prova-e-o-que-levar\"><span id=\"que-horas-chegar-ao-local-de-prova-e-o-que-levar\">Que horas chegar ao local de prova e o que levar<\/span><\/h2>\n\n\n\n<p>O candidato dever\u00e1 comparecer ao local designado para a realiza\u00e7\u00e3o das provas com, no m\u00ednimo, uma hora e trinta minutos de anteced\u00eancia em rela\u00e7\u00e3o ao hor\u00e1rio previsto para o in\u00edcio, conforme o hor\u00e1rio oficial de Bras\u00edlia\/DF. <\/p>\n\n\n\n<p>\u00c9 obrigat\u00f3rio portar caneta esferogr\u00e1fica de tinta azul ou preta, fabricada em material transparente, al\u00e9m do documento de identidade original.<\/p>\n\n\n\n<p><strong>S\u00e3o considerados documentos de identidade<\/strong>: carteiras expedidas pelos Comandos Militares, pelas Secretarias de Seguran\u00e7a P\u00fablica, pelos Institutos de Identifica\u00e7\u00e3o e pelos Corpos de Bombeiros Militares; carteiras expedidas pelos \u00f3rg\u00e3os fiscalizadores de exerc\u00edcio profissional (ordens, conselhos etc.); passaporte brasileiro; certificado de reservista; carteiras funcionais expedidas por \u00f3rg\u00e3o p\u00fablico que, por lei federal, valham como identidade; carteira de trabalho; carteira nacional de habilita\u00e7\u00e3o. Somente ser\u00e3o aceitos documentos com foto.<\/p>\n\n\n\n<p><strong>N\u00e3o ser\u00e3o aceitos como documentos de identidade<\/strong>: certid\u00f5es de nascimento, CPF, t\u00edtulos eleitorais, identidade infantil, carteiras de motorista (modelo sem foto), carteiras de estudante, carteiras funcionais sem valor de identidade, nem documentos ileg\u00edveis, n\u00e3o<br>identific\u00e1veis e\/ou danificados.<\/p>\n\n\n<div class=\"wp-block-image\">\n<figure class=\"aligncenter size-large\"><img decoding=\"async\" width=\"1024\" height=\"683\" src=\"https:\/\/cj.estrategia.com\/portal\/wp-content\/uploads\/2025\/04\/22142700\/ChatGPT-Image-22-de-abr.-de-2025-14_25_30-1024x683.png\" alt=\"Imagem para ilustrar mat\u00e9ria sobre prova para Magistratura SC.\" class=\"wp-image-113988\" srcset=\"https:\/\/cj.estrategia.com\/portal\/wp-content\/uploads\/2025\/04\/22142700\/ChatGPT-Image-22-de-abr.-de-2025-14_25_30-1024x683.png 1024w, https:\/\/cj.estrategia.com\/portal\/wp-content\/uploads\/2025\/04\/22142700\/ChatGPT-Image-22-de-abr.-de-2025-14_25_30-300x200.png 300w, https:\/\/cj.estrategia.com\/portal\/wp-content\/uploads\/2025\/04\/22142700\/ChatGPT-Image-22-de-abr.-de-2025-14_25_30-768x512.png 768w, https:\/\/cj.estrategia.com\/portal\/wp-content\/uploads\/2025\/04\/22142700\/ChatGPT-Image-22-de-abr.-de-2025-14_25_30-380x253.png 380w, https:\/\/cj.estrategia.com\/portal\/wp-content\/uploads\/2025\/04\/22142700\/ChatGPT-Image-22-de-abr.-de-2025-14_25_30-800x533.png 800w, https:\/\/cj.estrategia.com\/portal\/wp-content\/uploads\/2025\/04\/22142700\/ChatGPT-Image-22-de-abr.-de-2025-14_25_30-1160x773.png 1160w, https:\/\/cj.estrategia.com\/portal\/wp-content\/uploads\/2025\/04\/22142700\/ChatGPT-Image-22-de-abr.-de-2025-14_25_30-150x100.png 150w, https:\/\/cj.estrategia.com\/portal\/wp-content\/uploads\/2025\/04\/22142700\/ChatGPT-Image-22-de-abr.-de-2025-14_25_30.png 1536w\" sizes=\"(max-width: 1024px) 100vw, 1024px\" \/><figcaption class=\"wp-element-caption\">Ao todo, foram 2.774 candidatos inscritos. Imagem: ChatGPT\/Estrat\u00e9gia Carreiras Jur\u00eddicas.<\/figcaption><\/figure>\n<\/div>\n\n\n<h2 class=\"wp-block-heading\" id=\"h-como-sera-a-prova-para-juiz-substituto-do-tj-sc\"><span id=\"como-sera-a-prova-para-juiz-substituto-do-tj-sc\">Como ser\u00e1 a prova para Juiz Substituto do TJ-SC?<\/span><\/h2>\n\n\n\n<p><strong>Etapas da concurso Magistratura SC 2025<\/strong><\/p>\n\n\n\n<p>O concurso da Magistratura de Santa Catarina se organiza em&nbsp;<strong>cinco etapas<\/strong>, todas elas ser\u00e3o aplicadas preferencialmente na cidade de Florian\u00f3polis (SC):<\/p>\n\n\n\n<ol class=\"wp-block-list\">\n<li><strong>Primeira Etapa \u2013 Prova Objetiva Seletiva<\/strong>, de car\u00e1ter eliminat\u00f3rio e classificat\u00f3rio;<\/li>\n\n\n\n<li><strong>Segunda Etapa \u2013 Provas Escritas (Discursiva e Senten\u00e7as)<\/strong>, de car\u00e1ter eliminat\u00f3rio e classificat\u00f3rio;<\/li>\n\n\n\n<li><strong>Terceira Etapa <\/strong>\u2013 com as seguintes fases, de car\u00e1ter eliminat\u00f3rio:<br>a) <strong>sindic\u00e2ncia da vida pregressa e investiga\u00e7\u00e3o social<\/strong>;<br>b) <strong>exame de sanidade f\u00edsica e mental<\/strong>;<br>c) <strong>exame psicot\u00e9cnico<\/strong>.<\/li>\n\n\n\n<li> <strong>Quarta Etapa &#8211; Prova Oral<\/strong>, de car\u00e1ter eliminat\u00f3rio e classificat\u00f3rio;<\/li>\n\n\n\n<li><strong>Quinta Etapa \u2013 Avalia\u00e7\u00e3o de t\u00edtulos<\/strong>, de car\u00e1ter classificat\u00f3rio;<\/li>\n<\/ol>\n\n\n\n<h3 class=\"wp-block-heading\" id=\"objetiva\"><span id=\"prova-objetiva\">Prova objetiva<\/span><\/h3>\n\n\n\n<p>A&nbsp;primeira etapa do certame ser\u00e1 aplicada no dia <strong>27 de abril de 2025. <\/strong>Esta fase ser\u00e1 composta por 100 quest\u00f5es de m\u00faltipla escolha com cinco alternativas, dividida em&nbsp;<strong>tr\u00eas blocos&nbsp;<\/strong>de disciplinas:<\/p>\n\n\n\n<figure class=\"wp-block-table is-style-stripes\"><table class=\"has-very-light-gray-to-cyan-bluish-gray-gradient-background has-background\"><tbody><tr><td class=\"has-text-align-center\" data-align=\"center\"><b>Bloco I<\/b><\/td><td class=\"has-text-align-center\" data-align=\"center\"><b>Bloco II<\/b><\/td><td class=\"has-text-align-center\" data-align=\"center\"><b>Bloco III<\/b><\/td><\/tr><tr><td class=\"has-text-align-center\" data-align=\"center\">Direito Civil<\/td><td class=\"has-text-align-center\" data-align=\"center\">Direito Penal<\/td><td class=\"has-text-align-center\" data-align=\"center\">Direito Administrativo<\/td><\/tr><tr><td class=\"has-text-align-center\" data-align=\"center\">Processo Civil<\/td><td class=\"has-text-align-center\" data-align=\"center\">Processo Penal<\/td><td class=\"has-text-align-center\" data-align=\"center\">Direito Ambiental<\/td><\/tr><tr><td class=\"has-text-align-center\" data-align=\"center\">Direito do Consumidor<\/td><td class=\"has-text-align-center\" data-align=\"center\">Direito Eleitoral<\/td><td class=\"has-text-align-center\" data-align=\"center\">Direito Tribut\u00e1rio Financeiro<\/td><\/tr><tr><td class=\"has-text-align-center\" data-align=\"center\">Direito da Crian\u00e7a e do Adolescente<\/td><td class=\"has-text-align-center\" data-align=\"center\">Direito Constitucional<\/td><td class=\"has-text-align-center\" data-align=\"center\">Direito Empresarial<\/td><\/tr><tr><td class=\"has-text-align-center\" data-align=\"center\"><\/td><td class=\"has-text-align-center\" data-align=\"center\"><\/td><td class=\"has-text-align-center\" data-align=\"center\">No\u00e7\u00f5es gerais de Direito e forma\u00e7\u00e3o human\u00edstica<br>Direitos Humanos<\/td><\/tr><tr><td class=\"has-text-align-center\" data-align=\"center\"><b>40 quest\u00f5es&nbsp;<\/b><\/td><td class=\"has-text-align-center\" data-align=\"center\"><b>30 quest\u00f5es&nbsp;<\/b><\/td><td class=\"has-text-align-center\" data-align=\"center\"><b>30 quest\u00f5es&nbsp;<\/b><\/td><\/tr><\/tbody><\/table><figcaption class=\"wp-element-caption\">Tabela de disciplinas e quest\u00f5es da objetiva<\/figcaption><\/figure>\n\n\n\n<p><strong>Dura\u00e7\u00e3o total<\/strong>: 5 horas<\/p>\n\n\n\n<p>Ser\u00e1 considerado habilitado na Prova Objetiva Seletiva o candidato que obtiver o m\u00ednimo de 12 (doze) acertos no Bloco I, 9 (nove) acertos no Bloco II e 9 (nove) acertos no Bloco III e, satisfeita essa condi\u00e7\u00e3o, alcan\u00e7ar, tamb\u00e9m, no m\u00ednimo, 60 acertos do total das quest\u00f5es dos tr\u00eas blocos.<\/p>\n\n\n\n<h3 class=\"wp-block-heading\" id=\"escrita\"><span id=\"provas-escritas\">PROVAS ESCRITAS<\/span><\/h3>\n\n\n\n<p>A segunda etapa do Concurso ser\u00e1 composta de <strong>duas provas escritas<\/strong>, uma discursiva e uma pr\u00e1tica, sendo que a prova discursiva ser\u00e1 realizada em um \u00fanico dia e a prova pr\u00e1tica ser\u00e1 dividida em 2 (dois) dias. O tempo de prova, em cada dia, ser\u00e1 de 5 (cinco) horas.<\/p>\n\n\n\n<p>O candidato poder\u00e1 consultar legisla\u00e7\u00e3o desacompanhada de anota\u00e7\u00e3o ou  coment\u00e1rio, vedada a consulta a obras doutrin\u00e1rias, s\u00famulas e orienta\u00e7\u00e3o jurisprudencial.<\/p>\n\n\n\n<p><strong>Material de uso permitido:<\/strong><\/p>\n\n\n\n<p>a) legisla\u00e7\u00e3o n\u00e3o comentada, n\u00e3o anotada e n\u00e3o comparada;<br>b) c\u00f3digos;<br>c) decretos;<br>d) resolu\u00e7\u00f5es;<br>e) instru\u00e7\u00f5es normativas;<br>f) portarias;<br>g) \u00edndice remissivo, exceto \u00edndices remissivos que contenham trechos de s\u00famulas;<br>h) regimento interno dos tribunais e dos conselhos;<br>i) leis de introdu\u00e7\u00e3o dos c\u00f3digos;<\/p>\n\n\n\n<h3 class=\"wp-block-heading\" id=\"h-prova-escrita-discursiva\"><span id=\"prova-escrita-discursiva\">PROVA ESCRITA DISCURSIVA<\/span><\/h3>\n\n\n\n<p>A prova discursiva consistir\u00e1 em 5 (cinco) quest\u00f5es acerca de quaisquer dos pontos do programa das disciplinas constantes no Edital. Cada quest\u00e3o da prova discursiva valer\u00e1 2,00 (dois) pontos.<\/p>\n\n\n\n<p>Na prova discursiva, ser\u00e1 aprovado o candidato que alcan\u00e7ar a nota igual ou superior a 6,00 (seis) pontos.<\/p>\n\n\n\n<h3 class=\"wp-block-heading\" id=\"h-prova-pratica\"><span id=\"prova-pratica\">PROVA PR\u00c1TICA<\/span><\/h3>\n\n\n\n<p>A prova pr\u00e1tica consistir\u00e1 na lavratura de 2 (duas) senten\u00e7as, uma criminal e outra c\u00edvel, em dias distintos.<\/p>\n\n\n\n<p>Na prova de senten\u00e7a, exigir-se-\u00e1, para aprova\u00e7\u00e3o, nota m\u00ednima de 6,00 (seis) pontos em cada uma delas, sendo a nota de cada senten\u00e7a atribu\u00edda entre 0,00 (zero) e 10,00 (dez) e a nota da prova escrita pr\u00e1tica de senten\u00e7a obtida pela m\u00e9dia aritm\u00e9tica das notas obtidas nas senten\u00e7as criminal e c\u00edvel.<\/p>\n\n\n\n<h3 class=\"wp-block-heading\" id=\"oral\"><span id=\"prova-oral\">PROVA ORAL<\/span><\/h3>\n\n\n\n<p>Nesta etapa do certame, os candidatos s\u00e3o arguidos em <u>sess\u00e3o p\u00fablica<\/u> pelos membros da Comiss\u00e3o do Concurso, sobre temas previstos conte\u00fado program\u00e1tico do edital.<\/p>\n\n\n\n<p>Cada candidato disp\u00f5e de, no m\u00e1ximo,&nbsp;<b>15 minutos<\/b>, para discorrer sobre o tema arguido pelo examinador. A partir da\u00ed, s\u00e3o atribu\u00eddas&nbsp;<b>quatro notas<\/b>&nbsp; de&nbsp;<b>0&nbsp;<\/b>a&nbsp;<b>10 pontos&nbsp;<\/b>a cada candidato.<\/p>\n\n\n\n<p>A crit\u00e9rio da comiss\u00e3o do certame, o candidato fica autorizado a consultar, durante a argui\u00e7\u00e3o, c\u00f3digos ou legisla\u00e7\u00e3o esparsa, n\u00e3o anotada ou comentada. Considerar-se-\u00e3o aprovados e habilitados para a seguinte etapa os candidatos que obtiverem nota igual ou superior a 6,0 (seis).<\/p>\n\n\n\n<h3 class=\"wp-block-heading\" id=\"t\u00edtulos\"><span id=\"avaliacao-de-titulos\">AVALIA\u00c7\u00c3O DE T\u00cdTULOS<\/span><\/h3>\n\n\n\n<p>Conclu\u00edda a quarta fase do Concurso (prova oral), a Comiss\u00e3o do Concurso avaliar\u00e1 os t\u00edtulos apresentados pelos candidatos.<\/p>\n\n\n\n<p><strong>Constituem t\u00edtulos:<\/strong><\/p>\n\n\n\n<p>I \u2013 exerc\u00edcio de cargo, emprego ou fun\u00e7\u00e3o p\u00fablica privativa de bacharel em Direito pelo per\u00edodo m\u00ednimo de um (1) ano: <\/p>\n\n\n\n<p>a) Judicatura (Juiz): at\u00e9 3 (tr\u00eas) anos \u2013 2,0; acima de 3 (tr\u00eas) anos \u2013 2,5 pontos; b) Pretor, Minist\u00e9rio P\u00fablico, Defensoria P\u00fablica, Advocacia-Geral da Uni\u00e3o, Procuradoria (Procurador) de qualquer \u00f3rg\u00e3o ou entidade da Administra\u00e7\u00e3o P\u00fablica direta ou indireta, de qualquer dos Poderes da Uni\u00e3o, dos Estados, do Distrito Federal e dos Munic\u00edpios: at\u00e9 3 (tr\u00eas) anos \u2013 1,5 ponto; acima de 3 (tr\u00eas) anos \u2013 2,0 pontos. <\/p>\n\n\n\n<p>II \u2013 exerc\u00edcio de Magist\u00e9rio Superior na \u00e1rea jur\u00eddica pelo per\u00edodo m\u00ednimo de cinco (5) anos: <\/p>\n\n\n\n<p>a) mediante admiss\u00e3o no corpo docente por concurso ou processo seletivo p\u00fablico de provas e\/ou t\u00edtulos \u2013 1,5 ponto; b) mediante admiss\u00e3o no corpo docente sem concurso ou processo seletivo p\u00fablico de provas e\/ou t\u00edtulos &#8211; 0,5 ponto. <\/p>\n\n\n\n<p>III \u2013 exerc\u00edcio de outro cargo, emprego ou fun\u00e7\u00e3o p\u00fablica privativa de bacharel em Direito n\u00e3o previsto no inciso I, pelo per\u00edodo m\u00ednimo de um (1) ano: <\/p>\n\n\n\n<p>a) mediante admiss\u00e3o por concurso: at\u00e9 3 (tr\u00eas) anos \u2013 0,5 ponto; acima de 3 (tr\u00eas) anos \u2013 1,0 ponto; b) mediante admiss\u00e3o sem concurso: at\u00e9 3 (tr\u00eas) anos \u2013 0,25 ponto; acima de 3 (tr\u00eas) anos \u2013 0,5 ponto. <\/p>\n\n\n\n<p>IV \u2013 exerc\u00edcio efetivo da advocacia pelo per\u00edodo m\u00ednimo de 3 (tr\u00eas) anos: at\u00e9 5 (cinco) anos \u2013 0,5 ponto; entre 5 (cinco) e 8 (oito) anos \u2013 1,0 ponto; acima de 8 (oito) anos \u2013 1,5 ponto; <\/p>\n\n\n\n<p>V \u2013 aprova\u00e7\u00e3o em concurso p\u00fablico, desde que n\u00e3o tenha sido utilizado para pontuar no inciso I: a) Judicatura (Juiz\/Pretor), Minist\u00e9rio P\u00fablico, Defensoria P\u00fablica, Advocacia-Geral da Uni\u00e3o, Procuradoria (Procurador) de qualquer \u00f3rg\u00e3o ou entidade da Administra\u00e7\u00e3o P\u00fablica direta ou indireta de quaisquer dos Poderes da Uni\u00e3o, dos Estados, do Distrito Federal e dos Munic\u00edpios: 0,5 ponto; b) outro concurso p\u00fablico para cargo, emprego ou fun\u00e7\u00e3o privativa de bacharel em Direito n\u00e3o constante do subitem acima: 0,25 ponto. <\/p>\n\n\n\n<p>VI \u2013 diplomas em curso de P\u00f3s-Gradua\u00e7\u00e3o: <\/p>\n\n\n\n<p>a) doutorado reconhecido ou revalidado: em Direito ou em Ci\u00eancias Sociais ou Humanas \u2013 2,0 pontos; b) mestrado reconhecido ou revalidado: em Direito ou em Ci\u00eancias Sociais ou Humanas \u2013 1,5 pontos; c) especializa\u00e7\u00e3o em Direito, na forma da legisla\u00e7\u00e3o educacional em vigor, com carga hor\u00e1ria m\u00ednima de 360 (trezentas e sessenta) horas-aula, cuja avalia\u00e7\u00e3o haja considerado monografia de final de curso: 0,5 ponto. <\/p>\n\n\n\n<p>VII \u2013 gradua\u00e7\u00e3o em qualquer curso superior reconhecido ou curso regular de prepara\u00e7\u00e3o \u00e0 Magistratura ou ao Minist\u00e9rio P\u00fablico. Com dura\u00e7\u00e3o m\u00ednima de 1 (um) ano, carga hor\u00e1ria m\u00ednima de 720 (setecentas e vinte) horas-aula, frequ\u00eancia m\u00ednima de 75% (setenta e cinco por cento) e nota de aproveitamento: 0,5 ponto; <\/p>\n\n\n\n<p>VIII \u2013 curso de extens\u00e3o sobre mat\u00e9ria jur\u00eddica de mais de 100 (cem) horas-aula, com nota de aproveitamento ou trabalho de conclus\u00e3o de curso e frequ\u00eancia m\u00ednima de 75% (setenta e cinco por cento) \u2013 0,25 ponto; <\/p>\n\n\n\n<p>IX \u2013 publica\u00e7\u00e3o de obras jur\u00eddicas: a) livro jur\u00eddico de autoria exclusiva do candidato com apreci\u00e1vel conte\u00fado jur\u00eddico \u2013 0,75 ponto; b) artigo ou trabalho publicado em obra jur\u00eddica coletiva ou revista jur\u00eddica especializada, com conselho editorial, de apreci\u00e1vel conte\u00fado jur\u00eddico \u2013 0,25 ponto. <\/p>\n\n\n\n<p>X \u2013 l\u00e1urea universit\u00e1ria no curso de Bacharelado em Direito: 0,5 ponto; <\/p>\n\n\n\n<p>XI \u2013 participa\u00e7\u00e3o em banca examinadora de concurso p\u00fablico para o provimento de cargo da Magistratura, Minist\u00e9rio P\u00fablico, Advocacia P\u00fablica, Defensoria P\u00fablica ou de cargo de docente em institui\u00e7\u00e3o p\u00fablica de ensino superior: 0,75 ponto; <\/p>\n\n\n\n<p>XII &#8211; Certificado de conclus\u00e3o de Programa de Resid\u00eancia institu\u00eddo por Tribunal, com dura\u00e7\u00e3o de pelo menos 12 (doze) meses: 0,5 ponto.<\/p>\n\n\n\n<p class=\"has-text-align-center\"><em>Inicie j\u00e1 sua prepara\u00e7\u00e3o para o pr\u00f3ximo concurso da Magistratura SC!<\/em><br><em>O <strong><a href=\"https:\/\/cj.estrategia.com\/\" target=\"_blank\" rel=\"noreferrer noopener nofollow\">Estrat\u00e9gia Carreira Jur\u00eddica<\/a><\/strong> criou um curso completo e estrat\u00e9gico para impulsionar sua aprova\u00e7\u00e3o. N\u00e3o perca essa oportunidade\u2014garanta sua vaga agora mesmo!<\/em><\/p>\n\n\n\n<div class=\"container\" id=\"boxes\">\n  <div class=\"row\">\n\n    <div class=\"col-sm\">\n      <div class=\"banner-estrategia-concursos-juridicos\" id=\"box-assinatura\">\n        <h2 id=\"curso-para-magistratura-sc\" class=\"titulo-assinatura\"><span style=\"color: #ffffff; font-size: 23px; \">Curso para Magistratura SC <\/span><\/h2>\n        <p class=\"subtitulo-assinatura\">Cursos focados no edital do concurso<\/p>\n        <div class=\"box-botao\">\n          <a class=\"btn-assinatura-juridica\" target=\"_blank\" href=\"https:\/\/cj.estrategia.com\/curso\/tj-sc-juiz-substituto-pacote-teorico-pre\/\" role=\"button\" rel=\"noopener noreferrer\">Conhe\u00e7a mais<\/a>\n        <\/div>\n      <\/div>\n      <p class=\"texto-auxiliar\">Prepare-se com o melhor material e com quem mais aprova em concursos de Procuradorias em todo o pa\u00eds. \n<\/p>\n    <\/div>\n\n  <\/div>\n<\/div>\n\n\n\n<p class=\"has-text-align-center\"><em>Confira todos os detalhes do concurso Magistratura SC<\/em>.<br><em>Preparamos um artigo exclusivo para voc\u00ea, basta conferir abaixo:<\/em><\/p>\n\n\n\n<p class=\"has-text-align-center has-luminous-vivid-amber-background-color has-background cnvs-block-core-paragraph-1738691449545\"><strong><a href=\"https:\/\/cj.estrategia.com\/portal\/concurso-magistratura-sc\/\" target=\"_blank\" >Concurso Magistratura SC<\/a><\/strong><\/p>\n\n\n\n<h2 class=\"wp-block-heading has-text-align-center\" id=\"h-quer-saber-quais-serao-os-proximos-concursos\"><span id=\"quer-saber-quais-serao-os-proximos-concursos\"><strong>Quer saber quais ser\u00e3o os pr\u00f3ximos concursos?<\/strong><\/span><\/h2>\n\n\n\n<ul class=\"wp-block-list\">\n<li><a href=\"https:\/\/cj.estrategia.com\/portal\/concursos-abertos-carreiras-juridicas\/\" target=\"_blank\" ><strong>Concursos jur\u00eddicos abertos<\/strong><\/a><\/li>\n\n\n\n<li><a href=\"https:\/\/cj.estrategia.com\/portal\/concursos-2025-carreiras-juridicas\/\" target=\"_blank\" ><strong>Concursos jur\u00eddicos 2025<\/strong><\/a><\/li>\n<\/ul>\n\n\n\n<h2 id=\"cursos-e-assinaturas\" class=\"wp-block-heading has-text-align-center\">Cursos e Assinaturas<\/h2>\n\n\n\n<div class=\"wp-block-cover\" style=\"min-height:155px;aspect-ratio:unset;\"><img decoding=\"async\" width=\"1890\" height=\"351\" class=\"wp-block-cover__image-background wp-image-8669\" alt=\"Assinaturas Jur\u00eddicas\" src=\"https:\/\/cj.estrategia.com\/portal\/wp-content\/uploads\/2022\/06\/20151253\/concurso-carreiras-juridicas-assinatura-juridica.jpg\" style=\"object-position:78% 43%\" data-object-fit=\"cover\" data-object-position=\"78% 43%\" srcset=\"https:\/\/cj.estrategia.com\/portal\/wp-content\/uploads\/2022\/06\/20151253\/concurso-carreiras-juridicas-assinatura-juridica.jpg 1890w, https:\/\/cj.estrategia.com\/portal\/wp-content\/uploads\/2022\/06\/20151253\/concurso-carreiras-juridicas-assinatura-juridica-300x56.jpg 300w, https:\/\/cj.estrategia.com\/portal\/wp-content\/uploads\/2022\/06\/20151253\/concurso-carreiras-juridicas-assinatura-juridica-1024x190.jpg 1024w, https:\/\/cj.estrategia.com\/portal\/wp-content\/uploads\/2022\/06\/20151253\/concurso-carreiras-juridicas-assinatura-juridica-768x143.jpg 768w, https:\/\/cj.estrategia.com\/portal\/wp-content\/uploads\/2022\/06\/20151253\/concurso-carreiras-juridicas-assinatura-juridica-1536x285.jpg 1536w, https:\/\/cj.estrategia.com\/portal\/wp-content\/uploads\/2022\/06\/20151253\/concurso-carreiras-juridicas-assinatura-juridica-380x71.jpg 380w, https:\/\/cj.estrategia.com\/portal\/wp-content\/uploads\/2022\/06\/20151253\/concurso-carreiras-juridicas-assinatura-juridica-800x149.jpg 800w, https:\/\/cj.estrategia.com\/portal\/wp-content\/uploads\/2022\/06\/20151253\/concurso-carreiras-juridicas-assinatura-juridica-1160x215.jpg 1160w\" sizes=\"(max-width: 1890px) 100vw, 1890px\" \/><span aria-hidden=\"true\" class=\"wp-block-cover__background has-background-dim\"><\/span><div class=\"wp-block-cover__inner-container is-layout-flow wp-block-cover-is-layout-flow\">\n<h3 id=\"faca-a-sua-assinatura\" class=\"titulo-assinatura\"><span style=\"color: #ffffff;\">Fa\u00e7a a sua assinatura!<\/span><\/h3>\n<p class=\"subtitulo-assinatura\" style=\"display:block!important; line-height: 0;\"><span style=\"color: #ffffff;\">Escolha a sua \u00e1rea.<\/span><\/p>\n<a target=\"_blank\" href=\"https:\/\/www.estrategiaconcursos.com.br\/assinaturas-ecj\/\" rel=\"noopener\"><button style=\"border-radius: 10px; text-transform: capitalize;\">Acessar<\/button><\/a>\n<\/div><\/div>\n\n\n\n<p><\/p>\n\n\n\n<div class=\"container\" id=\"boxes\">\n  <div class=\"row\">\n\n    <div class=\"col-sm\">\n      <div class=\"banner-estrategia-concursos-juridicos\" id=\"box-assinatura\">\n        <h2 id=\"curso-para-magistratura-sc-2\" class=\"titulo-assinatura\"><span style=\"color: #ffffff; font-size: 23px; \">Curso para Magistratura SC <\/span><\/h2>\n        <p class=\"subtitulo-assinatura\">Cursos focados no edital do concurso<\/p>\n        <div class=\"box-botao\">\n          <a class=\"btn-assinatura-juridica\" target=\"_blank\" href=\"https:\/\/cj.estrategia.com\/curso\/tj-sc-juiz-substituto-pacote-teorico-pre\/\" role=\"button\" rel=\"noopener noreferrer\">Conhe\u00e7a mais<\/a>\n        <\/div>\n      <\/div>\n      <p class=\"texto-auxiliar\">Prepare-se com o melhor material e com quem mais aprova em concursos de Procuradorias em todo o pa\u00eds. \n<\/p>\n    <\/div>\n\n  <\/div>\n<\/div>\n\n\n\n<p><\/p>\n","protected":false},"excerpt":{"rendered":"As provas objetivas para Magistratura SC acontecer\u00e3o neste domingo (27\/4), das\u00a013h \u00e0s 18h, em Florian\u00f3polis. No mesmo dia,&hellip;\n","protected":false},"author":12,"featured_media":32260,"comment_status":"open","ping_status":"open","sticky":false,"template":"","format":"standard","meta":{"_jetpack_memberships_contains_paid_content":false,"footnotes":""},"categories":[1],"tags":[],"tax_estado":[54],"class_list":{"0":"post-113830","1":"post","2":"type-post","3":"status-publish","4":"format-standard","5":"has-post-thumbnail","7":"category-carreiras-juridicas","8":"tax_estado-sc"},"acf":[],"yoast_head":"<!-- This site is optimized with the Yoast SEO Premium plugin v27.4 (Yoast SEO v27.4) - https:\/\/yoast.com\/product\/yoast-seo-premium-wordpress\/ -->\n<title>Magistratura SC: prova no domingo (27\/4) e corre\u00e7\u00e3o aqui no ECJ!<\/title>\n<meta name=\"description\" content=\"Saiba tudo sobre a Magistratura SC prova neste domingo e a corre\u00e7\u00e3o no blog do Estrat\u00e9gia Carreiras Jur\u00eddicas\" \/>\n<meta name=\"robots\" content=\"index, follow, max-snippet:-1, max-image-preview:large, max-video-preview:-1\" \/>\n<link rel=\"canonical\" href=\"https:\/\/cj.estrategia.com\/portal\/magistratura-sc-prova-no-domingo-27-4-e-correcao-aqui-no-ecj\/\" \/>\n<meta property=\"og:locale\" content=\"pt_BR\" \/>\n<meta property=\"og:type\" content=\"article\" \/>\n<meta property=\"og:title\" content=\"Magistratura SC: prova no domingo (27\/4) e corre\u00e7\u00e3o aqui no ECJ!\" \/>\n<meta property=\"og:description\" content=\"Saiba tudo sobre a Magistratura SC prova neste domingo e a corre\u00e7\u00e3o no blog do Estrat\u00e9gia Carreiras Jur\u00eddicas\" \/>\n<meta property=\"og:url\" content=\"https:\/\/cj.estrategia.com\/portal\/magistratura-sc-prova-no-domingo-27-4-e-correcao-aqui-no-ecj\/\" \/>\n<meta property=\"og:site_name\" content=\"Blog - Carreiras Jur\u00eddicas - Estrat\u00e9gia\" \/>\n<meta property=\"article:publisher\" content=\"https:\/\/www.facebook.com\/estrategiacarreirajuridica\/\" \/>\n<meta property=\"article:published_time\" content=\"2025-04-24T17:00:00+00:00\" \/>\n<meta property=\"og:image\" content=\"https:\/\/cj.estrategia.com\/portal\/wp-content\/uploads\/2023\/02\/27141038\/concurso-magistratura-sc-santa-catarina-juiz.jpg\" \/>\n\t<meta property=\"og:image:width\" content=\"960\" \/>\n\t<meta property=\"og:image:height\" content=\"540\" \/>\n\t<meta property=\"og:image:type\" content=\"image\/jpeg\" \/>\n<meta name=\"author\" content=\"Coordena\u00e7\u00e3o\" \/>\n<meta name=\"twitter:card\" content=\"summary_large_image\" \/>\n<meta name=\"twitter:creator\" content=\"@EstratJuridica\" \/>\n<meta name=\"twitter:site\" content=\"@EstratJuridica\" \/>\n<meta name=\"twitter:label1\" content=\"Escrito por\" \/>\n\t<meta name=\"twitter:data1\" content=\"Coordena\u00e7\u00e3o\" \/>\n\t<meta name=\"twitter:label2\" content=\"Est. tempo de leitura\" \/>\n\t<meta name=\"twitter:data2\" content=\"10 minutos\" \/>\n<script type=\"application\/ld+json\" class=\"yoast-schema-graph\">{\"@context\":\"https:\\\/\\\/schema.org\",\"@graph\":[{\"@type\":\"NewsArticle\",\"@id\":\"https:\\\/\\\/cj.estrategia.com\\\/portal\\\/magistratura-sc-prova-no-domingo-27-4-e-correcao-aqui-no-ecj\\\/#article\",\"isPartOf\":{\"@id\":\"https:\\\/\\\/cj.estrategia.com\\\/portal\\\/magistratura-sc-prova-no-domingo-27-4-e-correcao-aqui-no-ecj\\\/\"},\"author\":{\"name\":\"Coordena\u00e7\u00e3o\",\"@id\":\"https:\\\/\\\/cj.estrategia.com\\\/portal\\\/#\\\/schema\\\/person\\\/4d70317d31449932b99102916b6637f5\"},\"headline\":\"Magistratura SC: prova no domingo (27\\\/4) e corre\u00e7\u00e3o aqui no ECJ!\",\"datePublished\":\"2025-04-24T17:00:00+00:00\",\"mainEntityOfPage\":{\"@id\":\"https:\\\/\\\/cj.estrategia.com\\\/portal\\\/magistratura-sc-prova-no-domingo-27-4-e-correcao-aqui-no-ecj\\\/\"},\"wordCount\":1803,\"commentCount\":0,\"publisher\":{\"@id\":\"https:\\\/\\\/cj.estrategia.com\\\/portal\\\/#organization\"},\"image\":{\"@id\":\"https:\\\/\\\/cj.estrategia.com\\\/portal\\\/magistratura-sc-prova-no-domingo-27-4-e-correcao-aqui-no-ecj\\\/#primaryimage\"},\"thumbnailUrl\":\"https:\\\/\\\/cj.estrategia.com\\\/portal\\\/wp-content\\\/uploads\\\/2023\\\/02\\\/27141038\\\/concurso-magistratura-sc-santa-catarina-juiz.jpg\",\"articleSection\":[\"Carreiras Jur\u00eddicas\"],\"inLanguage\":\"pt-BR\",\"potentialAction\":[{\"@type\":\"CommentAction\",\"name\":\"Comment\",\"target\":[\"https:\\\/\\\/cj.estrategia.com\\\/portal\\\/magistratura-sc-prova-no-domingo-27-4-e-correcao-aqui-no-ecj\\\/#respond\"]}]},{\"@type\":\"WebPage\",\"@id\":\"https:\\\/\\\/cj.estrategia.com\\\/portal\\\/magistratura-sc-prova-no-domingo-27-4-e-correcao-aqui-no-ecj\\\/\",\"url\":\"https:\\\/\\\/cj.estrategia.com\\\/portal\\\/magistratura-sc-prova-no-domingo-27-4-e-correcao-aqui-no-ecj\\\/\",\"name\":\"Magistratura SC: prova no domingo (27\\\/4) e corre\u00e7\u00e3o aqui no ECJ!\",\"isPartOf\":{\"@id\":\"https:\\\/\\\/cj.estrategia.com\\\/portal\\\/#website\"},\"primaryImageOfPage\":{\"@id\":\"https:\\\/\\\/cj.estrategia.com\\\/portal\\\/magistratura-sc-prova-no-domingo-27-4-e-correcao-aqui-no-ecj\\\/#primaryimage\"},\"image\":{\"@id\":\"https:\\\/\\\/cj.estrategia.com\\\/portal\\\/magistratura-sc-prova-no-domingo-27-4-e-correcao-aqui-no-ecj\\\/#primaryimage\"},\"thumbnailUrl\":\"https:\\\/\\\/cj.estrategia.com\\\/portal\\\/wp-content\\\/uploads\\\/2023\\\/02\\\/27141038\\\/concurso-magistratura-sc-santa-catarina-juiz.jpg\",\"datePublished\":\"2025-04-24T17:00:00+00:00\",\"description\":\"Saiba tudo sobre a Magistratura SC prova neste domingo e a corre\u00e7\u00e3o no blog do Estrat\u00e9gia Carreiras Jur\u00eddicas\",\"breadcrumb\":{\"@id\":\"https:\\\/\\\/cj.estrategia.com\\\/portal\\\/magistratura-sc-prova-no-domingo-27-4-e-correcao-aqui-no-ecj\\\/#breadcrumb\"},\"inLanguage\":\"pt-BR\",\"potentialAction\":[{\"@type\":\"ReadAction\",\"target\":[\"https:\\\/\\\/cj.estrategia.com\\\/portal\\\/magistratura-sc-prova-no-domingo-27-4-e-correcao-aqui-no-ecj\\\/\"]}]},{\"@type\":\"ImageObject\",\"inLanguage\":\"pt-BR\",\"@id\":\"https:\\\/\\\/cj.estrategia.com\\\/portal\\\/magistratura-sc-prova-no-domingo-27-4-e-correcao-aqui-no-ecj\\\/#primaryimage\",\"url\":\"https:\\\/\\\/cj.estrategia.com\\\/portal\\\/wp-content\\\/uploads\\\/2023\\\/02\\\/27141038\\\/concurso-magistratura-sc-santa-catarina-juiz.jpg\",\"contentUrl\":\"https:\\\/\\\/cj.estrategia.com\\\/portal\\\/wp-content\\\/uploads\\\/2023\\\/02\\\/27141038\\\/concurso-magistratura-sc-santa-catarina-juiz.jpg\",\"width\":960,\"height\":540,\"caption\":\"Concurso Juiz SC\"},{\"@type\":\"BreadcrumbList\",\"@id\":\"https:\\\/\\\/cj.estrategia.com\\\/portal\\\/magistratura-sc-prova-no-domingo-27-4-e-correcao-aqui-no-ecj\\\/#breadcrumb\",\"itemListElement\":[{\"@type\":\"ListItem\",\"position\":1,\"name\":\"In\u00edcio\",\"item\":\"https:\\\/\\\/cj.estrategia.com\\\/portal\\\/\"},{\"@type\":\"ListItem\",\"position\":2,\"name\":\"Magistratura SC: prova no domingo (27\\\/4) e corre\u00e7\u00e3o aqui no ECJ!\"}]},{\"@type\":\"WebSite\",\"@id\":\"https:\\\/\\\/cj.estrategia.com\\\/portal\\\/#website\",\"url\":\"https:\\\/\\\/cj.estrategia.com\\\/portal\\\/\",\"name\":\"Blog - Carreiras Jur\u00eddicas - Estrat\u00e9gia\",\"description\":\"\",\"publisher\":{\"@id\":\"https:\\\/\\\/cj.estrategia.com\\\/portal\\\/#organization\"},\"potentialAction\":[{\"@type\":\"SearchAction\",\"target\":{\"@type\":\"EntryPoint\",\"urlTemplate\":\"https:\\\/\\\/cj.estrategia.com\\\/portal\\\/?s={search_term_string}\"},\"query-input\":{\"@type\":\"PropertyValueSpecification\",\"valueRequired\":true,\"valueName\":\"search_term_string\"}}],\"inLanguage\":\"pt-BR\"},{\"@type\":\"Organization\",\"@id\":\"https:\\\/\\\/cj.estrategia.com\\\/portal\\\/#organization\",\"name\":\"Estrat\u00e9gia - Carreiras Jur\u00eddicas\",\"url\":\"https:\\\/\\\/cj.estrategia.com\\\/portal\\\/\",\"logo\":{\"@type\":\"ImageObject\",\"inLanguage\":\"pt-BR\",\"@id\":\"https:\\\/\\\/cj.estrategia.com\\\/portal\\\/#\\\/schema\\\/logo\\\/image\\\/\",\"url\":\"https:\\\/\\\/cj.estrategia.com\\\/portal\\\/wp-content\\\/uploads\\\/2022\\\/03\\\/11151052\\\/cj-logo.png\",\"contentUrl\":\"https:\\\/\\\/cj.estrategia.com\\\/portal\\\/wp-content\\\/uploads\\\/2022\\\/03\\\/11151052\\\/cj-logo.png\",\"width\":150,\"height\":39,\"caption\":\"Estrat\u00e9gia - Carreiras Jur\u00eddicas\"},\"image\":{\"@id\":\"https:\\\/\\\/cj.estrategia.com\\\/portal\\\/#\\\/schema\\\/logo\\\/image\\\/\"},\"sameAs\":[\"https:\\\/\\\/www.facebook.com\\\/estrategiacarreirajuridica\\\/\",\"https:\\\/\\\/x.com\\\/EstratJuridica\",\"https:\\\/\\\/www.instagram.com\\\/estrategiacarreirajuridica\\\/\",\"https:\\\/\\\/www.youtube.com\\\/channel\\\/UClbMGuYbj2Mh1m3w144ETWQ\"]},{\"@type\":\"Person\",\"@id\":\"https:\\\/\\\/cj.estrategia.com\\\/portal\\\/#\\\/schema\\\/person\\\/4d70317d31449932b99102916b6637f5\",\"name\":\"Coordena\u00e7\u00e3o\",\"image\":{\"@type\":\"ImageObject\",\"inLanguage\":\"pt-BR\",\"@id\":\"https:\\\/\\\/cj.estrategia.com\\\/portal\\\/wp-content\\\/uploads\\\/2022\\\/05\\\/12164923\\\/estrategia-carreira-juridica-coordenacao-96x96.png\",\"url\":\"https:\\\/\\\/cj.estrategia.com\\\/portal\\\/wp-content\\\/uploads\\\/2022\\\/05\\\/12164923\\\/estrategia-carreira-juridica-coordenacao-96x96.png\",\"contentUrl\":\"https:\\\/\\\/cj.estrategia.com\\\/portal\\\/wp-content\\\/uploads\\\/2022\\\/05\\\/12164923\\\/estrategia-carreira-juridica-coordenacao-96x96.png\",\"caption\":\"Coordena\u00e7\u00e3o\"},\"url\":\"https:\\\/\\\/cj.estrategia.com\\\/portal\\\/author\\\/coordenacao\\\/\"}]}<\/script>\n<!-- \/ Yoast SEO Premium plugin. -->","yoast_head_json":{"title":"Magistratura SC: prova no domingo (27\/4) e corre\u00e7\u00e3o aqui no ECJ!","description":"Saiba tudo sobre a Magistratura SC prova neste domingo e a corre\u00e7\u00e3o no blog do Estrat\u00e9gia Carreiras Jur\u00eddicas","robots":{"index":"index","follow":"follow","max-snippet":"max-snippet:-1","max-image-preview":"max-image-preview:large","max-video-preview":"max-video-preview:-1"},"canonical":"https:\/\/cj.estrategia.com\/portal\/magistratura-sc-prova-no-domingo-27-4-e-correcao-aqui-no-ecj\/","og_locale":"pt_BR","og_type":"article","og_title":"Magistratura SC: prova no domingo (27\/4) e corre\u00e7\u00e3o aqui no ECJ!","og_description":"Saiba tudo sobre a Magistratura SC prova neste domingo e a corre\u00e7\u00e3o no blog do Estrat\u00e9gia Carreiras Jur\u00eddicas","og_url":"https:\/\/cj.estrategia.com\/portal\/magistratura-sc-prova-no-domingo-27-4-e-correcao-aqui-no-ecj\/","og_site_name":"Blog - Carreiras Jur\u00eddicas - Estrat\u00e9gia","article_publisher":"https:\/\/www.facebook.com\/estrategiacarreirajuridica\/","article_published_time":"2025-04-24T17:00:00+00:00","og_image":[{"width":960,"height":540,"url":"https:\/\/cj.estrategia.com\/portal\/wp-content\/uploads\/2023\/02\/27141038\/concurso-magistratura-sc-santa-catarina-juiz.jpg","type":"image\/jpeg"}],"author":"Coordena\u00e7\u00e3o","twitter_card":"summary_large_image","twitter_creator":"@EstratJuridica","twitter_site":"@EstratJuridica","twitter_misc":{"Escrito por":"Coordena\u00e7\u00e3o","Est. tempo de leitura":"10 minutos"},"schema":{"@context":"https:\/\/schema.org","@graph":[{"@type":"NewsArticle","@id":"https:\/\/cj.estrategia.com\/portal\/magistratura-sc-prova-no-domingo-27-4-e-correcao-aqui-no-ecj\/#article","isPartOf":{"@id":"https:\/\/cj.estrategia.com\/portal\/magistratura-sc-prova-no-domingo-27-4-e-correcao-aqui-no-ecj\/"},"author":{"name":"Coordena\u00e7\u00e3o","@id":"https:\/\/cj.estrategia.com\/portal\/#\/schema\/person\/4d70317d31449932b99102916b6637f5"},"headline":"Magistratura SC: prova no domingo (27\/4) e corre\u00e7\u00e3o aqui no ECJ!","datePublished":"2025-04-24T17:00:00+00:00","mainEntityOfPage":{"@id":"https:\/\/cj.estrategia.com\/portal\/magistratura-sc-prova-no-domingo-27-4-e-correcao-aqui-no-ecj\/"},"wordCount":1803,"commentCount":0,"publisher":{"@id":"https:\/\/cj.estrategia.com\/portal\/#organization"},"image":{"@id":"https:\/\/cj.estrategia.com\/portal\/magistratura-sc-prova-no-domingo-27-4-e-correcao-aqui-no-ecj\/#primaryimage"},"thumbnailUrl":"https:\/\/cj.estrategia.com\/portal\/wp-content\/uploads\/2023\/02\/27141038\/concurso-magistratura-sc-santa-catarina-juiz.jpg","articleSection":["Carreiras Jur\u00eddicas"],"inLanguage":"pt-BR","potentialAction":[{"@type":"CommentAction","name":"Comment","target":["https:\/\/cj.estrategia.com\/portal\/magistratura-sc-prova-no-domingo-27-4-e-correcao-aqui-no-ecj\/#respond"]}]},{"@type":"WebPage","@id":"https:\/\/cj.estrategia.com\/portal\/magistratura-sc-prova-no-domingo-27-4-e-correcao-aqui-no-ecj\/","url":"https:\/\/cj.estrategia.com\/portal\/magistratura-sc-prova-no-domingo-27-4-e-correcao-aqui-no-ecj\/","name":"Magistratura SC: prova no domingo (27\/4) e corre\u00e7\u00e3o aqui no ECJ!","isPartOf":{"@id":"https:\/\/cj.estrategia.com\/portal\/#website"},"primaryImageOfPage":{"@id":"https:\/\/cj.estrategia.com\/portal\/magistratura-sc-prova-no-domingo-27-4-e-correcao-aqui-no-ecj\/#primaryimage"},"image":{"@id":"https:\/\/cj.estrategia.com\/portal\/magistratura-sc-prova-no-domingo-27-4-e-correcao-aqui-no-ecj\/#primaryimage"},"thumbnailUrl":"https:\/\/cj.estrategia.com\/portal\/wp-content\/uploads\/2023\/02\/27141038\/concurso-magistratura-sc-santa-catarina-juiz.jpg","datePublished":"2025-04-24T17:00:00+00:00","description":"Saiba tudo sobre a Magistratura SC prova neste domingo e a corre\u00e7\u00e3o no blog do Estrat\u00e9gia Carreiras Jur\u00eddicas","breadcrumb":{"@id":"https:\/\/cj.estrategia.com\/portal\/magistratura-sc-prova-no-domingo-27-4-e-correcao-aqui-no-ecj\/#breadcrumb"},"inLanguage":"pt-BR","potentialAction":[{"@type":"ReadAction","target":["https:\/\/cj.estrategia.com\/portal\/magistratura-sc-prova-no-domingo-27-4-e-correcao-aqui-no-ecj\/"]}]},{"@type":"ImageObject","inLanguage":"pt-BR","@id":"https:\/\/cj.estrategia.com\/portal\/magistratura-sc-prova-no-domingo-27-4-e-correcao-aqui-no-ecj\/#primaryimage","url":"https:\/\/cj.estrategia.com\/portal\/wp-content\/uploads\/2023\/02\/27141038\/concurso-magistratura-sc-santa-catarina-juiz.jpg","contentUrl":"https:\/\/cj.estrategia.com\/portal\/wp-content\/uploads\/2023\/02\/27141038\/concurso-magistratura-sc-santa-catarina-juiz.jpg","width":960,"height":540,"caption":"Concurso Juiz SC"},{"@type":"BreadcrumbList","@id":"https:\/\/cj.estrategia.com\/portal\/magistratura-sc-prova-no-domingo-27-4-e-correcao-aqui-no-ecj\/#breadcrumb","itemListElement":[{"@type":"ListItem","position":1,"name":"In\u00edcio","item":"https:\/\/cj.estrategia.com\/portal\/"},{"@type":"ListItem","position":2,"name":"Magistratura SC: prova no domingo (27\/4) e corre\u00e7\u00e3o aqui no ECJ!"}]},{"@type":"WebSite","@id":"https:\/\/cj.estrategia.com\/portal\/#website","url":"https:\/\/cj.estrategia.com\/portal\/","name":"Blog - Carreiras Jur\u00eddicas - Estrat\u00e9gia","description":"","publisher":{"@id":"https:\/\/cj.estrategia.com\/portal\/#organization"},"potentialAction":[{"@type":"SearchAction","target":{"@type":"EntryPoint","urlTemplate":"https:\/\/cj.estrategia.com\/portal\/?s={search_term_string}"},"query-input":{"@type":"PropertyValueSpecification","valueRequired":true,"valueName":"search_term_string"}}],"inLanguage":"pt-BR"},{"@type":"Organization","@id":"https:\/\/cj.estrategia.com\/portal\/#organization","name":"Estrat\u00e9gia - Carreiras Jur\u00eddicas","url":"https:\/\/cj.estrategia.com\/portal\/","logo":{"@type":"ImageObject","inLanguage":"pt-BR","@id":"https:\/\/cj.estrategia.com\/portal\/#\/schema\/logo\/image\/","url":"https:\/\/cj.estrategia.com\/portal\/wp-content\/uploads\/2022\/03\/11151052\/cj-logo.png","contentUrl":"https:\/\/cj.estrategia.com\/portal\/wp-content\/uploads\/2022\/03\/11151052\/cj-logo.png","width":150,"height":39,"caption":"Estrat\u00e9gia - Carreiras Jur\u00eddicas"},"image":{"@id":"https:\/\/cj.estrategia.com\/portal\/#\/schema\/logo\/image\/"},"sameAs":["https:\/\/www.facebook.com\/estrategiacarreirajuridica\/","https:\/\/x.com\/EstratJuridica","https:\/\/www.instagram.com\/estrategiacarreirajuridica\/","https:\/\/www.youtube.com\/channel\/UClbMGuYbj2Mh1m3w144ETWQ"]},{"@type":"Person","@id":"https:\/\/cj.estrategia.com\/portal\/#\/schema\/person\/4d70317d31449932b99102916b6637f5","name":"Coordena\u00e7\u00e3o","image":{"@type":"ImageObject","inLanguage":"pt-BR","@id":"https:\/\/cj.estrategia.com\/portal\/wp-content\/uploads\/2022\/05\/12164923\/estrategia-carreira-juridica-coordenacao-96x96.png","url":"https:\/\/cj.estrategia.com\/portal\/wp-content\/uploads\/2022\/05\/12164923\/estrategia-carreira-juridica-coordenacao-96x96.png","contentUrl":"https:\/\/cj.estrategia.com\/portal\/wp-content\/uploads\/2022\/05\/12164923\/estrategia-carreira-juridica-coordenacao-96x96.png","caption":"Coordena\u00e7\u00e3o"},"url":"https:\/\/cj.estrategia.com\/portal\/author\/coordenacao\/"}]}},"jetpack_featured_media_url":"https:\/\/cj.estrategia.com\/portal\/wp-content\/uploads\/2023\/02\/27141038\/concurso-magistratura-sc-santa-catarina-juiz.jpg","jetpack_sharing_enabled":true,"_links":{"self":[{"href":"https:\/\/cj.estrategia.com\/portal\/wp-json\/wp\/v2\/posts\/113830","targetHints":{"allow":["GET"]}}],"collection":[{"href":"https:\/\/cj.estrategia.com\/portal\/wp-json\/wp\/v2\/posts"}],"about":[{"href":"https:\/\/cj.estrategia.com\/portal\/wp-json\/wp\/v2\/types\/post"}],"author":[{"embeddable":true,"href":"https:\/\/cj.estrategia.com\/portal\/wp-json\/wp\/v2\/users\/12"}],"replies":[{"embeddable":true,"href":"https:\/\/cj.estrategia.com\/portal\/wp-json\/wp\/v2\/comments?post=113830"}],"version-history":[{"count":22,"href":"https:\/\/cj.estrategia.com\/portal\/wp-json\/wp\/v2\/posts\/113830\/revisions"}],"predecessor-version":[{"id":113998,"href":"https:\/\/cj.estrategia.com\/portal\/wp-json\/wp\/v2\/posts\/113830\/revisions\/113998"}],"wp:featuredmedia":[{"embeddable":true,"href":"https:\/\/cj.estrategia.com\/portal\/wp-json\/wp\/v2\/media\/32260"}],"wp:attachment":[{"href":"https:\/\/cj.estrategia.com\/portal\/wp-json\/wp\/v2\/media?parent=113830"}],"wp:term":[{"taxonomy":"category","embeddable":true,"href":"https:\/\/cj.estrategia.com\/portal\/wp-json\/wp\/v2\/categories?post=113830"},{"taxonomy":"post_tag","embeddable":true,"href":"https:\/\/cj.estrategia.com\/portal\/wp-json\/wp\/v2\/tags?post=113830"},{"taxonomy":"tax_estado","embeddable":true,"href":"https:\/\/cj.estrategia.com\/portal\/wp-json\/wp\/v2\/tax_estado?post=113830"}],"curies":[{"name":"wp","href":"https:\/\/api.w.org\/{rel}","templated":true}]}}