{"id":113408,"date":"2025-05-12T12:00:00","date_gmt":"2025-05-12T15:00:00","guid":{"rendered":"https:\/\/cj.estrategia.com\/portal\/?p=113408"},"modified":"2025-04-17T20:25:34","modified_gmt":"2025-04-17T23:25:34","slug":"hora-da-verdade-enam-iii-juiz","status":"publish","type":"post","link":"https:\/\/cj.estrategia.com\/portal\/hora-da-verdade-enam-iii-juiz\/","title":{"rendered":"Hora da Verdade: ENAM III (Juiz)"},"content":{"rendered":"<a id=\"cta-icon\" href=\"https:\/\/sndflw.com\/i\/procuradorias-grupo\" target=\"blank\" style=\"background:rgb(41,166,26)\">\n            <img decoding=\"async\" src=\"https:\/\/cj.estrategia.com\/portal\/wp-content\/uploads\/2023\/12\/07160657\/whatsapp_1385.webp\" alt=\"\" alt=\"whatsapp_1385\"><span > Acesse agora o Grupo de Estudos para Concurso de Procuradorias <\/span><\/a>\n\n\n\n<p>A <a href=\"https:\/\/cj.estrategia.com\/portal\/o-que-cai-na-prova-do-enam-2025\/\">prova objetiva<\/a> do <strong>3\u00ba Exame Nacional da Magistratura (ENAM)<\/strong> est\u00e1 marcada para o dia <strong>18 de maio de 2025<\/strong>. Se o seu objetivo \u00e9 focar e ingressar na carreira da magistratura, \u00e9 essencial contar com uma prepara\u00e7\u00e3o estrat\u00e9gica!<\/p>\n\n\n\n<p>Abaixo, acesse e siga nosso canal no YouTube para assistir \u00e0s aulas com os melhores professores e professoras.<\/p>\n\n\n\n<p class=\"has-text-align-center has-black-color has-electric-grass-gradient-background has-text-color has-background has-link-color wp-elements-932c4f464ac8d80916ef709a4b7a6b3b\"><strong>YOUTUBE &#8211; <a href=\"https:\/\/www.youtube.com\/channel\/UClbMGuYbj2Mh1m3w144ETWQ\">ASSISTA COMPLETO AQUI<\/a><\/strong> <\/p>\n\n\n\n<p class=\"has-text-align-center has-luminous-vivid-amber-to-luminous-vivid-orange-gradient-background has-background\"><strong>Confira o cronograma do ENAM III: <\/strong><a href=\"https:\/\/cj.estrategia.com\/portal\/cronograma-do-3o-exame-nacional-da-magistratura\/\" target=\"_blank\" >Exame Nacional da Magistratura<\/a><\/p>\n\n\n\n<h2 class=\"wp-block-heading\" id=\"h-prepare-se-curso-premonicao-enam-iii-juiz\"><span id=\"%f0%9f%9a%a8prepare-se-curso-premonicao-enam-iii-juiz-%f0%9f%91%87\">\ud83d\udea8Prepare-se! Curso Premoni\u00e7\u00e3o ENAM III (Juiz) \ud83d\udc47<\/span><\/h2>\n\n\n\n<figure class=\"wp-block-embed is-type-video is-provider-youtube wp-block-embed-youtube wp-embed-aspect-16-9 wp-has-aspect-ratio\"><div class=\"wp-block-embed__wrapper\">\n<div class=\"cs-embed cs-embed-responsive\"><iframe title=\"Curso Premoni\u00e7\u00e3o para ENAM III (Juiz)\" width=\"1200\" height=\"675\" src=\"https:\/\/www.youtube.com\/embed\/AvfIhLH6yX0?feature=oembed\" frameborder=\"0\" allow=\"accelerometer; autoplay; clipboard-write; encrypted-media; gyroscope; picture-in-picture; web-share\" referrerpolicy=\"strict-origin-when-cross-origin\" allowfullscreen><\/iframe><\/div>\n<\/div><\/figure>\n\n\n\n<h2 class=\"wp-block-heading\" id=\"h-saiba-mais-sobre-o-concurso-juiz-enam-iii\"><span id=\"saiba-mais-sobre-o-concurso-juiz-enam-iii\">Saiba mais sobre o concurso Juiz ENAM III<\/span><\/h2>\n\n\n\n<h3 class=\"wp-block-heading\" id=\"h-locais-da-prova\"><span id=\"locais-da-prova\">Locais da prova<\/span><\/h3>\n\n\n\n<p><strong>A prova ser\u00e1 realizada nas cidades<\/strong>&nbsp;de Aracaju\/SE, Bel\u00e9m\/PA, Belo Horizonte\/MG, Boa Vista\/RR, Bras\u00edlia\/DF, Campo Grande\/MS, Cuiab\u00e1\/MT, Curitiba\/PR, Florian\u00f3polis\/SC, Fortaleza\/CE, Goi\u00e2nia\/GO, Jo\u00e3o Pessoa\/PB, Macap\u00e1\/AP, Macei\u00f3\/AL, Manaus\/AM, Natal\/RN, Palmas\/TO, Porto Alegre\/RS, Porto Velho\/RO, Recife\/PE, Rio Branco\/AC, Rio de Janeiro\/RJ, Salvador\/BA, S\u00e3o Lu\u00eds\/MA, S\u00e3o Paulo\/SP, Vit\u00f3ria\/ES e Teresina\/PI.<\/p>\n\n\n\n<h3 class=\"wp-block-heading\" id=\"h-criterios-de-aprovacao-no-exame-nacional-da-magistratura\"><span id=\"criterios-de-aprovacao-no-exame-nacional-da-magistratura\">Crit\u00e9rios de aprova\u00e7\u00e3o no Exame Nacional da Magistratura<\/span><\/h3>\n\n\n\n<p>Para ser habilitado, o candidato deve atingir pelo menos 70% de acertos na prova. Candidatos autodeclarados negros, ind\u00edgenas ou com defici\u00eancia necessitam acertar, no m\u00ednimo, 50% da prova.<\/p>\n\n\n\n<h3 class=\"wp-block-heading\" id=\"h-resultado-e-recursos\"><span id=\"resultado-e-recursos\">Resultado e recursos<\/span><\/h3>\n\n\n\n<p>Os resultados ser\u00e3o divulgados no Di\u00e1rio Oficial da Uni\u00e3o e nos sites oficiais da FGV e ENFAM. Recursos podem ser interpostos em at\u00e9 dois dias \u00fateis ap\u00f3s a publica\u00e7\u00e3o do resultado.<\/p>\n\n\n\n<p class=\"has-text-align-center\"><strong>Por que estudar com o <em>Estrat\u00e9gia Carreiras Jur\u00eddicas?<\/em><\/strong><\/p>\n\n\n\n<p class=\"has-text-align-center\">&#8211; Curso 100% atualizado com base no formato do ENAM<br>&#8211; Professores renomados e especialistas na magistratura<br>&#8211; Quest\u00f5es in\u00e9ditas e simulados para aprimorar seu desempenho<br>&#8211; Foco no racioc\u00ednio jur\u00eddico e na resolu\u00e7\u00e3o de problemas, exatamente como a banca exige<\/p>\n\n\n\n<div class=\"container\" id=\"boxes\">\r\n  <div class=\"row\">\r\n\r\n    <div class=\"col-sm\">\r\n      <div class=\"banner-estrategia-concursos-juridicos\" id=\"box-assinatura\">\r\n        <h2 id=\"curso-para-enam\" class=\"titulo-assinatura\"><span style=\"color: #ffffff; font-size: 23px; \">Curso para ENAM <\/span><\/h2>\r\n        <p class=\"subtitulo-assinatura\">Cursos focados no edital do concurso<\/p>\r\n        <div class=\"box-botao\">\r\n          <a class=\"btn-assinatura-juridica\" target=\"_blank\" href=\"https:\/\/cj.estrategia.com\/curso\/iii-enam-pacote-teorico\/\" role=\"button\" rel=\"noopener noreferrer\">Conhe\u00e7a mais<\/a>\r\n        <\/div>\r\n      <\/div>\r\n      <p class=\"texto-auxiliar\">Prepare-se com o melhor material e com quem mais aprova em concursos em todo o pa\u00eds. \r\n<\/p>\r\n    <\/div>\r\n\r\n  <\/div>\r\n<\/div>\n\n\n\n<div class=\"container\" id=\"boxes\">\r\n  <div class=\"row\">\r\n\r\n    <div class=\"col-sm\">\r\n      <div class=\"banner-estrategia-concursos-juridicos\" id=\"box-assinatura\">\r\n        <h2 id=\"assinatura-de-magistratura\" class=\"titulo-assinatura\"><span style=\"color: #ffffff; font-size: 23px; \">Assinatura de Magistratura <\/span><\/h2>\r\n        <p class=\"subtitulo-assinatura\">Cursos focados em Magistratura<\/p>\r\n        <div class=\"box-botao\">\r\n          <a class=\"btn-assinatura-juridica\" target=\"_blank\" href=\"https:\/\/www.estrategiaconcursos.com.br\/assinaturas-ecj\/\" role=\"button\" rel=\"noopener noreferrer\">Conhe\u00e7a mais<\/a>\r\n        <\/div>\r\n      <\/div>\r\n      <p class=\"texto-auxiliar\">Prepare-se com o melhor material e com quem mais aprova em concursos em todo o pa\u00eds. \r\n<\/p>\r\n    <\/div>\r\n\r\n  <\/div>\r\n<\/div>\n\n\n\n<h2 class=\"wp-block-heading has-text-align-center\" id=\"cursos\"><span id=\"quer-saber-tudo-sobre-concursos-previstos-confira-nossos-artigos\">Quer saber tudo sobre concursos previstos? <br>Confira nossos artigos!<\/span><\/h2>\n\n\n\n<ul class=\"wp-block-list\">\n<li><a href=\"https:\/\/cj.estrategia.com\/portal\/concursos-abertos-carreiras-juridicas\/\">Concursos jur\u00eddicos abertos<\/a><\/li>\n\n\n\n<li><a href=\"https:\/\/cj.estrategia.com\/portal\/concursos-advogados\/\">Concursos jur\u00eddicos 2025<\/a><\/li>\n\n\n\n<li><a href=\"https:\/\/cj.estrategia.com\/portal\/concursos-magistratura\/\">Concursos Magistratura<\/a><\/li>\n<\/ul>\n\n\n\n<h2 class=\"wp-block-heading has-text-align-center\" id=\"CURSO\"><span id=\"cursos-e-assinaturas\">CURSOS E ASSINATURAS<\/span><\/h2>\n\n\n\n<h3 id=\"faca-a-sua-assinatura\" class=\"titulo-assinatura\"><span style=\"color: #ffffff;\">Fa\u00e7a a sua assinatura!<\/span><\/h3>\n<p class=\"subtitulo-assinatura\" style=\"display:block!important; line-height: 0;\"><span style=\"color: #ffffff;\">Escolha a sua \u00e1rea.<\/span><\/p>\n<a target=\"_blank\" href=\"https:\/\/www.estrategiaconcursos.com.br\/assinaturas-ecj\/\" rel=\"noopener\"><button style=\"border-radius: 10px; text-transform: capitalize;\">Acessar<\/button><\/a>\n","protected":false},"excerpt":{"rendered":"A prova objetiva do 3\u00ba Exame Nacional da Magistratura (ENAM) est\u00e1 marcada para o dia 18 de maio&hellip;\n","protected":false},"author":162,"featured_media":20780,"comment_status":"open","ping_status":"open","sticky":false,"template":"","format":"standard","meta":{"_jetpack_memberships_contains_paid_content":false,"footnotes":""},"categories":[1],"tags":[],"tax_estado":[],"class_list":{"0":"post-113408","1":"post","2":"type-post","3":"status-publish","4":"format-standard","5":"has-post-thumbnail","7":"category-carreiras-juridicas"},"acf":[],"yoast_head":"<!-- This site is optimized with the Yoast SEO Premium plugin v27.4 (Yoast SEO v27.4) - https:\/\/yoast.com\/product\/yoast-seo-premium-wordpress\/ -->\n<title>Hora da Verdade: ENAM III (Juiz)<\/title>\n<meta name=\"description\" content=\"Saiba tudo sobre o ENAM III Juiz e prepare-se para a prova de 18 de maio de 2025 com as melhores dicas e estrat\u00e9gias\" \/>\n<meta name=\"robots\" content=\"index, follow, max-snippet:-1, max-image-preview:large, max-video-preview:-1\" \/>\n<link rel=\"canonical\" href=\"https:\/\/cj.estrategia.com\/portal\/hora-da-verdade-enam-iii-juiz\/\" \/>\n<meta property=\"og:locale\" content=\"pt_BR\" \/>\n<meta property=\"og:type\" content=\"article\" \/>\n<meta property=\"og:title\" content=\"Hora da Verdade: ENAM III (Juiz)\" \/>\n<meta property=\"og:description\" content=\"Saiba tudo sobre o ENAM III Juiz e prepare-se para a prova de 18 de maio de 2025 com as melhores dicas e estrat\u00e9gias\" \/>\n<meta property=\"og:url\" content=\"https:\/\/cj.estrategia.com\/portal\/hora-da-verdade-enam-iii-juiz\/\" \/>\n<meta property=\"og:site_name\" content=\"Blog - Carreiras Jur\u00eddicas - Estrat\u00e9gia\" \/>\n<meta property=\"article:publisher\" content=\"https:\/\/www.facebook.com\/estrategiacarreirajuridica\/\" \/>\n<meta property=\"article:published_time\" content=\"2025-05-12T15:00:00+00:00\" \/>\n<meta property=\"og:image\" content=\"https:\/\/cj.estrategia.com\/portal\/wp-content\/uploads\/2022\/09\/04102550\/Concursos-Magistratura.jpg\" \/>\n\t<meta property=\"og:image:width\" content=\"768\" \/>\n\t<meta property=\"og:image:height\" content=\"432\" \/>\n\t<meta property=\"og:image:type\" content=\"image\/jpeg\" \/>\n<meta name=\"author\" content=\"Jos\u00e9 Ferreira\" \/>\n<meta name=\"twitter:card\" content=\"summary_large_image\" \/>\n<meta name=\"twitter:creator\" content=\"@EstratJuridica\" \/>\n<meta name=\"twitter:site\" content=\"@EstratJuridica\" \/>\n<meta name=\"twitter:label1\" content=\"Escrito por\" \/>\n\t<meta name=\"twitter:data1\" content=\"Jos\u00e9 Ferreira\" \/>\n\t<meta name=\"twitter:label2\" content=\"Est. tempo de leitura\" \/>\n\t<meta name=\"twitter:data2\" content=\"3 minutos\" \/>\n<script type=\"application\/ld+json\" class=\"yoast-schema-graph\">{\"@context\":\"https:\\\/\\\/schema.org\",\"@graph\":[{\"@type\":\"NewsArticle\",\"@id\":\"https:\\\/\\\/cj.estrategia.com\\\/portal\\\/hora-da-verdade-enam-iii-juiz\\\/#article\",\"isPartOf\":{\"@id\":\"https:\\\/\\\/cj.estrategia.com\\\/portal\\\/hora-da-verdade-enam-iii-juiz\\\/\"},\"author\":{\"name\":\"Jos\u00e9 Ferreira\",\"@id\":\"https:\\\/\\\/cj.estrategia.com\\\/portal\\\/#\\\/schema\\\/person\\\/4caf0099c42d736f2aade723f309f690\"},\"headline\":\"Hora da Verdade: ENAM III (Juiz)\",\"datePublished\":\"2025-05-12T15:00:00+00:00\",\"mainEntityOfPage\":{\"@id\":\"https:\\\/\\\/cj.estrategia.com\\\/portal\\\/hora-da-verdade-enam-iii-juiz\\\/\"},\"wordCount\":404,\"commentCount\":0,\"publisher\":{\"@id\":\"https:\\\/\\\/cj.estrategia.com\\\/portal\\\/#organization\"},\"image\":{\"@id\":\"https:\\\/\\\/cj.estrategia.com\\\/portal\\\/hora-da-verdade-enam-iii-juiz\\\/#primaryimage\"},\"thumbnailUrl\":\"https:\\\/\\\/cj.estrategia.com\\\/portal\\\/wp-content\\\/uploads\\\/2022\\\/09\\\/04102550\\\/Concursos-Magistratura.jpg\",\"articleSection\":[\"Carreiras Jur\u00eddicas\"],\"inLanguage\":\"pt-BR\",\"potentialAction\":[{\"@type\":\"CommentAction\",\"name\":\"Comment\",\"target\":[\"https:\\\/\\\/cj.estrategia.com\\\/portal\\\/hora-da-verdade-enam-iii-juiz\\\/#respond\"]}]},{\"@type\":\"WebPage\",\"@id\":\"https:\\\/\\\/cj.estrategia.com\\\/portal\\\/hora-da-verdade-enam-iii-juiz\\\/\",\"url\":\"https:\\\/\\\/cj.estrategia.com\\\/portal\\\/hora-da-verdade-enam-iii-juiz\\\/\",\"name\":\"Hora da Verdade: ENAM III (Juiz)\",\"isPartOf\":{\"@id\":\"https:\\\/\\\/cj.estrategia.com\\\/portal\\\/#website\"},\"primaryImageOfPage\":{\"@id\":\"https:\\\/\\\/cj.estrategia.com\\\/portal\\\/hora-da-verdade-enam-iii-juiz\\\/#primaryimage\"},\"image\":{\"@id\":\"https:\\\/\\\/cj.estrategia.com\\\/portal\\\/hora-da-verdade-enam-iii-juiz\\\/#primaryimage\"},\"thumbnailUrl\":\"https:\\\/\\\/cj.estrategia.com\\\/portal\\\/wp-content\\\/uploads\\\/2022\\\/09\\\/04102550\\\/Concursos-Magistratura.jpg\",\"datePublished\":\"2025-05-12T15:00:00+00:00\",\"description\":\"Saiba tudo sobre o ENAM III Juiz e prepare-se para a prova de 18 de maio de 2025 com as melhores dicas e estrat\u00e9gias\",\"breadcrumb\":{\"@id\":\"https:\\\/\\\/cj.estrategia.com\\\/portal\\\/hora-da-verdade-enam-iii-juiz\\\/#breadcrumb\"},\"inLanguage\":\"pt-BR\",\"potentialAction\":[{\"@type\":\"ReadAction\",\"target\":[\"https:\\\/\\\/cj.estrategia.com\\\/portal\\\/hora-da-verdade-enam-iii-juiz\\\/\"]}]},{\"@type\":\"ImageObject\",\"inLanguage\":\"pt-BR\",\"@id\":\"https:\\\/\\\/cj.estrategia.com\\\/portal\\\/hora-da-verdade-enam-iii-juiz\\\/#primaryimage\",\"url\":\"https:\\\/\\\/cj.estrategia.com\\\/portal\\\/wp-content\\\/uploads\\\/2022\\\/09\\\/04102550\\\/Concursos-Magistratura.jpg\",\"contentUrl\":\"https:\\\/\\\/cj.estrategia.com\\\/portal\\\/wp-content\\\/uploads\\\/2022\\\/09\\\/04102550\\\/Concursos-Magistratura.jpg\",\"width\":768,\"height\":432,\"caption\":\"magistratura\"},{\"@type\":\"BreadcrumbList\",\"@id\":\"https:\\\/\\\/cj.estrategia.com\\\/portal\\\/hora-da-verdade-enam-iii-juiz\\\/#breadcrumb\",\"itemListElement\":[{\"@type\":\"ListItem\",\"position\":1,\"name\":\"In\u00edcio\",\"item\":\"https:\\\/\\\/cj.estrategia.com\\\/portal\\\/\"},{\"@type\":\"ListItem\",\"position\":2,\"name\":\"Hora da Verdade: ENAM III (Juiz)\"}]},{\"@type\":\"WebSite\",\"@id\":\"https:\\\/\\\/cj.estrategia.com\\\/portal\\\/#website\",\"url\":\"https:\\\/\\\/cj.estrategia.com\\\/portal\\\/\",\"name\":\"Blog - Carreiras Jur\u00eddicas - Estrat\u00e9gia\",\"description\":\"\",\"publisher\":{\"@id\":\"https:\\\/\\\/cj.estrategia.com\\\/portal\\\/#organization\"},\"potentialAction\":[{\"@type\":\"SearchAction\",\"target\":{\"@type\":\"EntryPoint\",\"urlTemplate\":\"https:\\\/\\\/cj.estrategia.com\\\/portal\\\/?s={search_term_string}\"},\"query-input\":{\"@type\":\"PropertyValueSpecification\",\"valueRequired\":true,\"valueName\":\"search_term_string\"}}],\"inLanguage\":\"pt-BR\"},{\"@type\":\"Organization\",\"@id\":\"https:\\\/\\\/cj.estrategia.com\\\/portal\\\/#organization\",\"name\":\"Estrat\u00e9gia - Carreiras Jur\u00eddicas\",\"url\":\"https:\\\/\\\/cj.estrategia.com\\\/portal\\\/\",\"logo\":{\"@type\":\"ImageObject\",\"inLanguage\":\"pt-BR\",\"@id\":\"https:\\\/\\\/cj.estrategia.com\\\/portal\\\/#\\\/schema\\\/logo\\\/image\\\/\",\"url\":\"https:\\\/\\\/cj.estrategia.com\\\/portal\\\/wp-content\\\/uploads\\\/2022\\\/03\\\/11151052\\\/cj-logo.png\",\"contentUrl\":\"https:\\\/\\\/cj.estrategia.com\\\/portal\\\/wp-content\\\/uploads\\\/2022\\\/03\\\/11151052\\\/cj-logo.png\",\"width\":150,\"height\":39,\"caption\":\"Estrat\u00e9gia - Carreiras Jur\u00eddicas\"},\"image\":{\"@id\":\"https:\\\/\\\/cj.estrategia.com\\\/portal\\\/#\\\/schema\\\/logo\\\/image\\\/\"},\"sameAs\":[\"https:\\\/\\\/www.facebook.com\\\/estrategiacarreirajuridica\\\/\",\"https:\\\/\\\/x.com\\\/EstratJuridica\",\"https:\\\/\\\/www.instagram.com\\\/estrategiacarreirajuridica\\\/\",\"https:\\\/\\\/www.youtube.com\\\/channel\\\/UClbMGuYbj2Mh1m3w144ETWQ\"]},{\"@type\":\"Person\",\"@id\":\"https:\\\/\\\/cj.estrategia.com\\\/portal\\\/#\\\/schema\\\/person\\\/4caf0099c42d736f2aade723f309f690\",\"name\":\"Jos\u00e9 Ferreira\",\"image\":{\"@type\":\"ImageObject\",\"inLanguage\":\"pt-BR\",\"@id\":\"https:\\\/\\\/cj.estrategia.com\\\/portal\\\/wp-content\\\/uploads\\\/2025\\\/04\\\/18142237\\\/jose-ferreira-navarro-analista-de-conteudo-jornalismo-carreiras-juridicas-96x96.png\",\"url\":\"https:\\\/\\\/cj.estrategia.com\\\/portal\\\/wp-content\\\/uploads\\\/2025\\\/04\\\/18142237\\\/jose-ferreira-navarro-analista-de-conteudo-jornalismo-carreiras-juridicas-96x96.png\",\"contentUrl\":\"https:\\\/\\\/cj.estrategia.com\\\/portal\\\/wp-content\\\/uploads\\\/2025\\\/04\\\/18142237\\\/jose-ferreira-navarro-analista-de-conteudo-jornalismo-carreiras-juridicas-96x96.png\",\"caption\":\"Jos\u00e9 Ferreira\"},\"description\":\"Analista de conte\u00fado na equipe de Jornalismo, atua com SEO e estrat\u00e9gia para desenvolver conte\u00fados relevantes e de alta qualidade voltados para OAB e para o universo de Concursos Jur\u00eddicos.\",\"url\":\"https:\\\/\\\/cj.estrategia.com\\\/portal\\\/author\\\/jose-navarro-de-andrade-cintra-ferreira\\\/\"}]}<\/script>\n<!-- \/ Yoast SEO Premium plugin. -->","yoast_head_json":{"title":"Hora da Verdade: ENAM III (Juiz)","description":"Saiba tudo sobre o ENAM III Juiz e prepare-se para a prova de 18 de maio de 2025 com as melhores dicas e estrat\u00e9gias","robots":{"index":"index","follow":"follow","max-snippet":"max-snippet:-1","max-image-preview":"max-image-preview:large","max-video-preview":"max-video-preview:-1"},"canonical":"https:\/\/cj.estrategia.com\/portal\/hora-da-verdade-enam-iii-juiz\/","og_locale":"pt_BR","og_type":"article","og_title":"Hora da Verdade: ENAM III (Juiz)","og_description":"Saiba tudo sobre o ENAM III Juiz e prepare-se para a prova de 18 de maio de 2025 com as melhores dicas e estrat\u00e9gias","og_url":"https:\/\/cj.estrategia.com\/portal\/hora-da-verdade-enam-iii-juiz\/","og_site_name":"Blog - Carreiras Jur\u00eddicas - Estrat\u00e9gia","article_publisher":"https:\/\/www.facebook.com\/estrategiacarreirajuridica\/","article_published_time":"2025-05-12T15:00:00+00:00","og_image":[{"width":768,"height":432,"url":"https:\/\/cj.estrategia.com\/portal\/wp-content\/uploads\/2022\/09\/04102550\/Concursos-Magistratura.jpg","type":"image\/jpeg"}],"author":"Jos\u00e9 Ferreira","twitter_card":"summary_large_image","twitter_creator":"@EstratJuridica","twitter_site":"@EstratJuridica","twitter_misc":{"Escrito por":"Jos\u00e9 Ferreira","Est. tempo de leitura":"3 minutos"},"schema":{"@context":"https:\/\/schema.org","@graph":[{"@type":"NewsArticle","@id":"https:\/\/cj.estrategia.com\/portal\/hora-da-verdade-enam-iii-juiz\/#article","isPartOf":{"@id":"https:\/\/cj.estrategia.com\/portal\/hora-da-verdade-enam-iii-juiz\/"},"author":{"name":"Jos\u00e9 Ferreira","@id":"https:\/\/cj.estrategia.com\/portal\/#\/schema\/person\/4caf0099c42d736f2aade723f309f690"},"headline":"Hora da Verdade: ENAM III (Juiz)","datePublished":"2025-05-12T15:00:00+00:00","mainEntityOfPage":{"@id":"https:\/\/cj.estrategia.com\/portal\/hora-da-verdade-enam-iii-juiz\/"},"wordCount":404,"commentCount":0,"publisher":{"@id":"https:\/\/cj.estrategia.com\/portal\/#organization"},"image":{"@id":"https:\/\/cj.estrategia.com\/portal\/hora-da-verdade-enam-iii-juiz\/#primaryimage"},"thumbnailUrl":"https:\/\/cj.estrategia.com\/portal\/wp-content\/uploads\/2022\/09\/04102550\/Concursos-Magistratura.jpg","articleSection":["Carreiras Jur\u00eddicas"],"inLanguage":"pt-BR","potentialAction":[{"@type":"CommentAction","name":"Comment","target":["https:\/\/cj.estrategia.com\/portal\/hora-da-verdade-enam-iii-juiz\/#respond"]}]},{"@type":"WebPage","@id":"https:\/\/cj.estrategia.com\/portal\/hora-da-verdade-enam-iii-juiz\/","url":"https:\/\/cj.estrategia.com\/portal\/hora-da-verdade-enam-iii-juiz\/","name":"Hora da Verdade: ENAM III (Juiz)","isPartOf":{"@id":"https:\/\/cj.estrategia.com\/portal\/#website"},"primaryImageOfPage":{"@id":"https:\/\/cj.estrategia.com\/portal\/hora-da-verdade-enam-iii-juiz\/#primaryimage"},"image":{"@id":"https:\/\/cj.estrategia.com\/portal\/hora-da-verdade-enam-iii-juiz\/#primaryimage"},"thumbnailUrl":"https:\/\/cj.estrategia.com\/portal\/wp-content\/uploads\/2022\/09\/04102550\/Concursos-Magistratura.jpg","datePublished":"2025-05-12T15:00:00+00:00","description":"Saiba tudo sobre o ENAM III Juiz e prepare-se para a prova de 18 de maio de 2025 com as melhores dicas e estrat\u00e9gias","breadcrumb":{"@id":"https:\/\/cj.estrategia.com\/portal\/hora-da-verdade-enam-iii-juiz\/#breadcrumb"},"inLanguage":"pt-BR","potentialAction":[{"@type":"ReadAction","target":["https:\/\/cj.estrategia.com\/portal\/hora-da-verdade-enam-iii-juiz\/"]}]},{"@type":"ImageObject","inLanguage":"pt-BR","@id":"https:\/\/cj.estrategia.com\/portal\/hora-da-verdade-enam-iii-juiz\/#primaryimage","url":"https:\/\/cj.estrategia.com\/portal\/wp-content\/uploads\/2022\/09\/04102550\/Concursos-Magistratura.jpg","contentUrl":"https:\/\/cj.estrategia.com\/portal\/wp-content\/uploads\/2022\/09\/04102550\/Concursos-Magistratura.jpg","width":768,"height":432,"caption":"magistratura"},{"@type":"BreadcrumbList","@id":"https:\/\/cj.estrategia.com\/portal\/hora-da-verdade-enam-iii-juiz\/#breadcrumb","itemListElement":[{"@type":"ListItem","position":1,"name":"In\u00edcio","item":"https:\/\/cj.estrategia.com\/portal\/"},{"@type":"ListItem","position":2,"name":"Hora da Verdade: ENAM III (Juiz)"}]},{"@type":"WebSite","@id":"https:\/\/cj.estrategia.com\/portal\/#website","url":"https:\/\/cj.estrategia.com\/portal\/","name":"Blog - Carreiras Jur\u00eddicas - Estrat\u00e9gia","description":"","publisher":{"@id":"https:\/\/cj.estrategia.com\/portal\/#organization"},"potentialAction":[{"@type":"SearchAction","target":{"@type":"EntryPoint","urlTemplate":"https:\/\/cj.estrategia.com\/portal\/?s={search_term_string}"},"query-input":{"@type":"PropertyValueSpecification","valueRequired":true,"valueName":"search_term_string"}}],"inLanguage":"pt-BR"},{"@type":"Organization","@id":"https:\/\/cj.estrategia.com\/portal\/#organization","name":"Estrat\u00e9gia - Carreiras Jur\u00eddicas","url":"https:\/\/cj.estrategia.com\/portal\/","logo":{"@type":"ImageObject","inLanguage":"pt-BR","@id":"https:\/\/cj.estrategia.com\/portal\/#\/schema\/logo\/image\/","url":"https:\/\/cj.estrategia.com\/portal\/wp-content\/uploads\/2022\/03\/11151052\/cj-logo.png","contentUrl":"https:\/\/cj.estrategia.com\/portal\/wp-content\/uploads\/2022\/03\/11151052\/cj-logo.png","width":150,"height":39,"caption":"Estrat\u00e9gia - Carreiras Jur\u00eddicas"},"image":{"@id":"https:\/\/cj.estrategia.com\/portal\/#\/schema\/logo\/image\/"},"sameAs":["https:\/\/www.facebook.com\/estrategiacarreirajuridica\/","https:\/\/x.com\/EstratJuridica","https:\/\/www.instagram.com\/estrategiacarreirajuridica\/","https:\/\/www.youtube.com\/channel\/UClbMGuYbj2Mh1m3w144ETWQ"]},{"@type":"Person","@id":"https:\/\/cj.estrategia.com\/portal\/#\/schema\/person\/4caf0099c42d736f2aade723f309f690","name":"Jos\u00e9 Ferreira","image":{"@type":"ImageObject","inLanguage":"pt-BR","@id":"https:\/\/cj.estrategia.com\/portal\/wp-content\/uploads\/2025\/04\/18142237\/jose-ferreira-navarro-analista-de-conteudo-jornalismo-carreiras-juridicas-96x96.png","url":"https:\/\/cj.estrategia.com\/portal\/wp-content\/uploads\/2025\/04\/18142237\/jose-ferreira-navarro-analista-de-conteudo-jornalismo-carreiras-juridicas-96x96.png","contentUrl":"https:\/\/cj.estrategia.com\/portal\/wp-content\/uploads\/2025\/04\/18142237\/jose-ferreira-navarro-analista-de-conteudo-jornalismo-carreiras-juridicas-96x96.png","caption":"Jos\u00e9 Ferreira"},"description":"Analista de conte\u00fado na equipe de Jornalismo, atua com SEO e estrat\u00e9gia para desenvolver conte\u00fados relevantes e de alta qualidade voltados para OAB e para o universo de Concursos Jur\u00eddicos.","url":"https:\/\/cj.estrategia.com\/portal\/author\/jose-navarro-de-andrade-cintra-ferreira\/"}]}},"jetpack_featured_media_url":"https:\/\/cj.estrategia.com\/portal\/wp-content\/uploads\/2022\/09\/04102550\/Concursos-Magistratura.jpg","jetpack_sharing_enabled":true,"_links":{"self":[{"href":"https:\/\/cj.estrategia.com\/portal\/wp-json\/wp\/v2\/posts\/113408","targetHints":{"allow":["GET"]}}],"collection":[{"href":"https:\/\/cj.estrategia.com\/portal\/wp-json\/wp\/v2\/posts"}],"about":[{"href":"https:\/\/cj.estrategia.com\/portal\/wp-json\/wp\/v2\/types\/post"}],"author":[{"embeddable":true,"href":"https:\/\/cj.estrategia.com\/portal\/wp-json\/wp\/v2\/users\/162"}],"replies":[{"embeddable":true,"href":"https:\/\/cj.estrategia.com\/portal\/wp-json\/wp\/v2\/comments?post=113408"}],"version-history":[{"count":10,"href":"https:\/\/cj.estrategia.com\/portal\/wp-json\/wp\/v2\/posts\/113408\/revisions"}],"predecessor-version":[{"id":113485,"href":"https:\/\/cj.estrategia.com\/portal\/wp-json\/wp\/v2\/posts\/113408\/revisions\/113485"}],"wp:featuredmedia":[{"embeddable":true,"href":"https:\/\/cj.estrategia.com\/portal\/wp-json\/wp\/v2\/media\/20780"}],"wp:attachment":[{"href":"https:\/\/cj.estrategia.com\/portal\/wp-json\/wp\/v2\/media?parent=113408"}],"wp:term":[{"taxonomy":"category","embeddable":true,"href":"https:\/\/cj.estrategia.com\/portal\/wp-json\/wp\/v2\/categories?post=113408"},{"taxonomy":"post_tag","embeddable":true,"href":"https:\/\/cj.estrategia.com\/portal\/wp-json\/wp\/v2\/tags?post=113408"},{"taxonomy":"tax_estado","embeddable":true,"href":"https:\/\/cj.estrategia.com\/portal\/wp-json\/wp\/v2\/tax_estado?post=113408"}],"curies":[{"name":"wp","href":"https:\/\/api.w.org\/{rel}","templated":true}]}}