{"id":112762,"date":"2025-04-15T18:53:00","date_gmt":"2025-04-15T21:53:00","guid":{"rendered":"https:\/\/cj.estrategia.com\/portal\/?p=112762"},"modified":"2025-06-15T01:49:03","modified_gmt":"2025-06-15T04:49:03","slug":"atividades-fisicas-sem-risco-dispensam-profissional","status":"publish","type":"post","link":"https:\/\/cj.estrategia.com\/portal\/atividades-fisicas-sem-risco-dispensam-profissional\/","title":{"rendered":"Atividades f\u00edsicas sem risco dispensam presen\u00e7a de profissional"},"content":{"rendered":"\n<p><em>STF libera exig\u00eancia de profissional de educa\u00e7\u00e3o f\u00edsica em atividades sem risco no RS. Decis\u00e3o vale para academias e clubes.<\/em><\/p>\n\n\n\n<p><strong>* Thiago de Paula Leite \u00e9 procurador do Estado de S\u00e3o Paulo e professor de direito ambiental e agr\u00e1rio do Estrat\u00e9gia.<\/strong><\/p>\n\n\n\n<figure class=\"wp-block-image size-large\"><img decoding=\"async\" width=\"1024\" height=\"683\" src=\"https:\/\/cj.estrategia.com\/portal\/wp-content\/uploads\/2025\/04\/15184625\/sports-teacher-gym-class-1024x683.jpg\" alt=\"atividades f\u00edsicas\" class=\"wp-image-112771\" srcset=\"https:\/\/cj.estrategia.com\/portal\/wp-content\/uploads\/2025\/04\/15184625\/sports-teacher-gym-class-1024x683.jpg 1024w, https:\/\/cj.estrategia.com\/portal\/wp-content\/uploads\/2025\/04\/15184625\/sports-teacher-gym-class-300x200.jpg 300w, https:\/\/cj.estrategia.com\/portal\/wp-content\/uploads\/2025\/04\/15184625\/sports-teacher-gym-class-768x512.jpg 768w, https:\/\/cj.estrategia.com\/portal\/wp-content\/uploads\/2025\/04\/15184625\/sports-teacher-gym-class-1536x1024.jpg 1536w, https:\/\/cj.estrategia.com\/portal\/wp-content\/uploads\/2025\/04\/15184625\/sports-teacher-gym-class-2048x1365.jpg 2048w, https:\/\/cj.estrategia.com\/portal\/wp-content\/uploads\/2025\/04\/15184625\/sports-teacher-gym-class-380x253.jpg 380w, https:\/\/cj.estrategia.com\/portal\/wp-content\/uploads\/2025\/04\/15184625\/sports-teacher-gym-class-800x533.jpg 800w, https:\/\/cj.estrategia.com\/portal\/wp-content\/uploads\/2025\/04\/15184625\/sports-teacher-gym-class-1160x773.jpg 1160w, https:\/\/cj.estrategia.com\/portal\/wp-content\/uploads\/2025\/04\/15184625\/sports-teacher-gym-class-150x100.jpg 150w, https:\/\/cj.estrategia.com\/portal\/wp-content\/uploads\/2025\/04\/15184625\/sports-teacher-gym-class-scaled.jpg 2560w\" sizes=\"(max-width: 1024px) 100vw, 1024px\" \/><\/figure>\n\n\n\n<h2 class=\"wp-block-heading\" id=\"h-decisao-do-stf\" style=\"font-style:normal;font-weight:400\"><span id=\"decisao-do-stf\"><strong>Decis\u00e3o do STF<\/strong><\/span><\/h2>\n\n\n\n<p>O Supremo Tribunal Federal decidiu, por maioria, afastar a exig\u00eancia de perman\u00eancia em tempo integral de profissionais de educa\u00e7\u00e3o f\u00edsica em estabelecimentos de pr\u00e1tica desportiva e atividade f\u00edsica do Rio Grande do Sul que n\u00e3o representem riscos excepcionais \u00e0 sa\u00fade e \u00e0 integridade f\u00edsica.\u00a0<\/p>\n\n\n\n<p>A decis\u00e3o foi tomada no julgamento da A\u00e7\u00e3o Direta de Inconstitucionalidade 4.399, ajuizada pela Confedera\u00e7\u00e3o Nacional de Servi\u00e7os.<\/p>\n\n\n\n<p>A norma impugnada foi o artigo 2\u00ba, da Lei ga\u00facha n\u00ba 11.721\/2002, que disciplina o funcionamento de clubes, academias e outros estabelecimentos que ministrem atividades de gin\u00e1stica, lutas, muscula\u00e7\u00e3o, artes marciais, esportes e demais atividades f\u00edsico-desportivo-recreativas.<\/p>\n\n\n\n<p><em><strong>Lei estadual n\u00ba 11.721\/2002<\/strong><\/em><\/p>\n\n\n\n<pre class=\"wp-block-preformatted\"><em>Art. 1\u00ba. Esta Lei se aplica \u00e0s academias, clubes desportivos ou recreativos e outros estabelecimentos que ministrem atividades de gin\u00e1stica, lutas, muscula\u00e7\u00e3o, artes marciais, esportes e demais atividades f\u00edsico-desportiva-recreativas ou similares, em funcionamento no Estado do Rio Grande do Sul.\u00a0<\/em><br><br><em>Art. 2\u00ba As pessoas jur\u00eddicas mencionadas no artigo anterior, para que possam funcionar regularmente, devem <\/em><strong><em>manter em tempo integral<\/em><\/strong><em>:<\/em><br><br><strong><em>I - profissionais de Educa\u00e7\u00e3o F\u00edsica, devidamente registrados no Conselho Regional de Educa\u00e7\u00e3o F\u00edsica do Estado do Rio Grande do Sul, sendo um deles o respons\u00e1vel t\u00e9cnico, em seus quadros;<\/em><\/strong><br><br><em>II - certificado de registro no Conselho Regional de Educa\u00e7\u00e3o F\u00edsica do Estado do Rio Grande do Sul;<\/em><\/pre>\n\n\n\n<p>A CNS argumentou que a Lei do Estado do Rio Grande do Sul fere o artigo 22, incisos I e XVI, da <a href=\"https:\/\/www.planalto.gov.br\/ccivil_03\/constituicao\/constituicaocompilado.htm\">CF\/88<\/a>, os quais estabelecem ser da compet\u00eancia privativa da Uni\u00e3o legislar sobre sistema nacional de emprego e condi\u00e7\u00f5es para o exerc\u00edcio de profiss\u00f5es, o mesmo ocorrendo com direito do trabalho.<\/p>\n\n\n\n<p><em><strong>Constitui\u00e7\u00e3o Federal<\/strong><\/em><\/p>\n\n\n\n<pre class=\"wp-block-preformatted\"><em>Art. 22. Compete privativamente \u00e0 Uni\u00e3o legislar sobre:<\/em><br><br><em>I - direito civil, comercial, penal, processual, eleitoral, agr\u00e1rio, mar\u00edtimo, aeron\u00e1utico, espacial e do trabalho;<\/em><br><br><em>XVI - organiza\u00e7\u00e3o do sistema nacional de emprego e condi\u00e7\u00f5es para o exerc\u00edcio de profiss\u00f5es.<\/em><\/pre>\n\n\n\n<p>A parte autora da ADI defendeu que a compet\u00eancia privativa exclui e impede a atua\u00e7\u00e3o legislativa dos Estados, seja de forma suplementar ou n\u00e3o. A lei estadual, portanto, teria sido confeccionada em estado de usurpa\u00e7\u00e3o de compet\u00eancia privativa da Uni\u00e3o.<\/p>\n\n\n\n<p>A Confedera\u00e7\u00e3o Nacional de Servi\u00e7os argumentou, tamb\u00e9m, que a lei estadual teria violado a liberdade de exerc\u00edcio de qualquer profiss\u00e3o (artigo 5\u00ba, XIII, da CF), ao exigir a contrata\u00e7\u00e3o de profissionais de educa\u00e7\u00e3o f\u00edsica ligados, obrigatoriamente, ao Conselho Regional de Educa\u00e7\u00e3o F\u00edsica do Estado do Rio Grande do Sul, beneficiando esse ente espec\u00edfico em detrimento dos demais.<\/p>\n\n\n\n<p>Por \u00faltimo, a CNS apontou viola\u00e7\u00e3o \u00e0 livre iniciativa e \u00e0 liberdade de exercer atividade econ\u00f4mica (artigo 170, caput e \u00a7\u00fanico, da CF).<\/p>\n\n\n\n<p><em><em><strong>Constitui\u00e7\u00e3o Federal<\/strong><\/em><\/em><\/p>\n\n\n\n<pre class=\"wp-block-preformatted\"><em>Art. 170. A ordem econ\u00f4mica, fundada na valoriza\u00e7\u00e3o do trabalho humano e na livre iniciativa, tem por fim assegurar a todos exist\u00eancia digna, conforme os ditames da justi\u00e7a social, observados os seguintes princ\u00edpios:<\/em><br><em>...<\/em><br><br><em>Par\u00e1grafo \u00fanico. \u00c9 assegurado a todos o livre exerc\u00edcio de qualquer atividade econ\u00f4mica, independentemente de autoriza\u00e7\u00e3o de \u00f3rg\u00e3os p\u00fablicos, salvo nos casos previstos em lei.\u00a0<\/em><\/pre>\n\n\n\n<figure class=\"wp-block-table\"><table class=\"has-fixed-layout\"><tbody><tr><td><strong>FUNDAMENTOS QUE EMBASARAM A INICIAL DA ADI 4.399<\/strong><\/td><\/tr><tr><td>Invas\u00e3o de compet\u00eancia privativa da Uni\u00e3o legislar sobre direito do trabalho, sistema nacional de emprego e condi\u00e7\u00f5es para o exerc\u00edcio de profiss\u00f5es\u00a0<strong>(Artigo 22, incisos I e XVI, da CF\/88)<\/strong><\/td><\/tr><tr><td>Viola\u00e7\u00e3o \u00e0 liberdade de exerc\u00edcio de qualquer profiss\u00e3o\u00a0<strong>(Artigo 5\u00ba, XIII, da CF\/88)<\/strong><\/td><\/tr><tr><td>Viola\u00e7\u00e3o \u00e0 livre iniciativa e \u00e0 liberdade de exercer atividade econ\u00f4mica\u00a0<strong>(Artigo 170, caput e \u00a7\u00fanico, da CF\/88).<\/strong><\/td><\/tr><\/tbody><\/table><\/figure>\n\n\n\n<p>De acordo com a ADI, clubes e academias estariam sendo notificados a firmar TACs \u2013 Termos de Ajustamento de Conduta para contrata\u00e7\u00e3o dos profissionais exigidos, sob pena de san\u00e7\u00f5es como multa e eventual fechamento.<\/p>\n\n\n\n<p>A entidade argumenta que a obrigatoriedade imposta pela lei estadual representa <strong>\u00f4nus desproporcional e excessivo<\/strong>, especialmente para as academias de gin\u00e1stica, artes marciais e atividades recreativas.<\/p>\n\n\n\n<h2 class=\"wp-block-heading\" id=\"h-voto-vencido\" style=\"font-style:normal;font-weight:400\"><span id=\"voto-vencido\"><strong>Voto Vencido<\/strong><\/span><\/h2>\n\n\n\n<p>O ministro Nunes Marques, relator da a\u00e7\u00e3o, juntamente com os ministros Cristiano Zanin e Edson Fachin, votaram pela constitucionalidade da norma, destacando que a norma estadual n\u00e3o cria ou regulamenta a profiss\u00e3o, mas apenas aplica, no \u00e2mbito local, par\u00e2metros previstos em legisla\u00e7\u00e3o federal \u2013 como a lei 9.696\/98 \u2013 com o objetivo de proteger a sa\u00fade e a seguran\u00e7a dos consumidores.<\/p>\n\n\n\n<p>Portanto, a exig\u00eancia prevista na lei ga\u00facha seria compat\u00edvel com a compet\u00eancia concorrente dos Estados para legislar sobre desporto, sa\u00fade e defesa do consumidor.<\/p>\n\n\n\n<p>Segundo os ministros vencidos, a exig\u00eancia de qualifica\u00e7\u00e3o profissional e registro n\u00e3o configura viola\u00e7\u00e3o \u00e0 liberdade de exerc\u00edcio profissional ou \u00e0 livre iniciativa, uma vez que a atividade de educa\u00e7\u00e3o f\u00edsica possui potencial lesivo se mal exercida, justificando o controle pelo Estado.<\/p>\n\n\n\n<h2 class=\"wp-block-heading\" id=\"h-voto-vencedor-divergencia\" style=\"font-style:normal;font-weight:400\"><span id=\"voto-vencedor-divergencia\"><strong>Voto Vencedor \u2013 Diverg\u00eancia<\/strong><\/span><\/h2>\n\n\n\n<p>Ao apresentar seu voto-vista, o ministro Fl\u00e1vio Dino abriu diverg\u00eancia,\u00a0ressaltando que, embora reconhe\u00e7a que a lei estadual busca conferir efic\u00e1cia \u00e0 legisla\u00e7\u00e3o federal, como a lei 9.696\/98 e a lei 6.839\/80, a reda\u00e7\u00e3o ampla da norma estadual abre margem para interpreta\u00e7\u00f5es que violam garantias constitucionais.<\/p>\n\n\n\n<p>Dino expressou entendimento de que a exig\u00eancia de registro e de respons\u00e1vel t\u00e9cnico deve se restringir a atividades com riscos reais \u00e0 sa\u00fade e seguran\u00e7a dos praticantes, como academias e clubes desportivos, n\u00e3o alcan\u00e7ando atividades de natureza exclusivamente l\u00fadica ou recreativa.<\/p>\n\n\n\n<p>Portanto, pr\u00e1ticas voltadas \u00e0 divers\u00e3o, socializa\u00e7\u00e3o e lazer, sem risco excepcional \u00e0 integridade f\u00edsica, n\u00e3o devem ser submetidas a tais exig\u00eancias, sob pena de viola\u00e7\u00e3o \u00e0s liberdades individuais e coletivas, o direito social ao lazer e \u00e0 pr\u00e1tica desportiva e, ainda, os princ\u00edpios da livre iniciativa e da liberdade de exerc\u00edcio de atividades econ\u00f4micas.\u00a0\u00a0<\/p>\n\n\n\n<p>Enfim, a norma estadual adotou uma reda\u00e7\u00e3o excessivamente ampla, ferindo a Constitui\u00e7\u00e3o Federal.\u00a0<\/p>\n\n\n\n<p>A supervis\u00e3o profissional imposta na legisla\u00e7\u00e3o federal destina-se apenas a estabelecimentos cujas atividades envolvam, por sua pr\u00f3pria natureza, riscos \u00e0 sa\u00fade, \u00e0 integridade f\u00edsica ou \u00e0 seguran\u00e7a pessoal dos praticantes.<\/p>\n\n\n\n<div class=\"wp-block-group is-style-cnvs-block-shadow has-border-color has-cf-2-e-2-e-border-color cnvs-block-core-group-1744752750832\"><div class=\"wp-block-group__inner-container is-layout-constrained wp-block-group-is-layout-constrained\">\n<p class=\"has-border-color has-cf-2-e-2-e-border-color cnvs-block-core-paragraph-1744752705851\" style=\"font-size:18px\"><mark style=\"background-color:rgba(0, 0, 0, 0)\" class=\"has-inline-color has-black-color\"><em>As atividades de natureza exclusivamente l\u00fadica ou recreativa, voltadas \u00e0 divers\u00e3o, \u00e0 socializa\u00e7\u00e3o e ao lazer e que n\u00e3o oferecem riscos excepcionais \u00e0 sa\u00fade n\u00e3o se submetem a exig\u00eancias de registro profissional ou de supervis\u00e3o especializada<\/em>.<\/mark><\/p>\n<\/div><\/div>\n\n\n\n<p>Ao final, a ADI foi julgada parcialmente procedente para dar interpreta\u00e7\u00e3o conforme \u00e0 CF a fim de afastar qualquer entendimento que obrigue estabelecimentos recreativos ou similares a cumprir os requisitos previstos na norma estadual impugnada, como registro no CREF e presen\u00e7a de profissional t\u00e9cnico em tempo integral.<\/p>\n\n\n\n<p>\u00d3timo tema para provas de direito constitucional!<\/p>\n\n\n\n<p>Quer saber quais ser\u00e3o os pr\u00f3ximos concursos?<\/p>\n\n\n\n<pre class=\"wp-block-verse has-text-align-center\">Confira nossos\u00a0<a href=\"https:\/\/cj.estrategia.com\/portal\/\" target=\"_blank\" >artigos para Carreiras Jur\u00eddicas<\/a>!<\/pre>\n\n\n\n<p class=\"has-text-align-center has-white-color has-pale-cyan-blue-background-color has-text-color has-background has-link-color wp-elements-723b3278bf14a50a5e7b7e937b9a17d4\"><a href=\"https:\/\/cj.estrategia.com\/portal\/concursos-abertos-carreiras-juridicas\/\">Concursos jur\u00eddicos abertos<\/a><\/p>\n\n\n\n<p class=\"has-text-align-center has-white-color has-pale-cyan-blue-background-color has-text-color has-background has-link-color wp-elements-41349f36dc977263ca2129bf0f6dd541\"><a href=\"https:\/\/cj.estrategia.com\/portal\/concursos-2025-carreiras-juridicas\/\" target=\"_blank\" >Concursos jur\u00eddicos 2025<\/a><\/p>\n\n\n\n<p><\/p>\n\n\n\n<p><\/p>\n","protected":false},"excerpt":{"rendered":"STF libera exig\u00eancia de profissional de educa\u00e7\u00e3o f\u00edsica em atividades sem risco no RS. Decis\u00e3o vale para academias&hellip;\n","protected":false},"author":81,"featured_media":112771,"comment_status":"open","ping_status":"open","sticky":false,"template":"","format":"standard","meta":{"_jetpack_memberships_contains_paid_content":false,"footnotes":""},"categories":[1],"tags":[2464,2461,2462,2463,134],"tax_estado":[36,53],"class_list":{"0":"post-112762","1":"post","2":"type-post","3":"status-publish","4":"format-standard","5":"has-post-thumbnail","7":"category-carreiras-juridicas","8":"tag-adi-4-399","9":"tag-atividade-fisica","10":"tag-atividade-profissional","11":"tag-lei-estadual-no-11-721-2002","12":"tag-stf","13":"tax_estado-concursos-federais","14":"tax_estado-rs"},"acf":[],"yoast_head":"<!-- This site is optimized with the Yoast SEO Premium plugin v27.5 (Yoast SEO v27.5) - https:\/\/yoast.com\/product\/yoast-seo-premium-wordpress\/ -->\n<title>Atividades f\u00edsicas sem risco dispensam presen\u00e7a de profissional<\/title>\n<meta name=\"description\" content=\"STF libera exig\u00eancia de profissional de educa\u00e7\u00e3o f\u00edsica em atividades sem risco no RS. Decis\u00e3o vale para academias e clubes.\" \/>\n<meta name=\"robots\" content=\"index, follow, max-snippet:-1, max-image-preview:large, max-video-preview:-1\" \/>\n<link rel=\"canonical\" href=\"https:\/\/cj.estrategia.com\/portal\/atividades-fisicas-sem-risco-dispensam-profissional\/\" \/>\n<meta property=\"og:locale\" content=\"pt_BR\" \/>\n<meta property=\"og:type\" content=\"article\" \/>\n<meta property=\"og:title\" content=\"Atividades f\u00edsicas sem risco dispensam presen\u00e7a de profissional\" \/>\n<meta property=\"og:description\" content=\"STF libera exig\u00eancia de profissional de educa\u00e7\u00e3o f\u00edsica em atividades sem risco no RS. Decis\u00e3o vale para academias e clubes.\" \/>\n<meta property=\"og:url\" content=\"https:\/\/cj.estrategia.com\/portal\/atividades-fisicas-sem-risco-dispensam-profissional\/\" \/>\n<meta property=\"og:site_name\" content=\"Blog - Carreiras Jur\u00eddicas - Estrat\u00e9gia\" \/>\n<meta property=\"article:publisher\" content=\"https:\/\/www.facebook.com\/estrategiacarreirajuridica\/\" \/>\n<meta property=\"article:published_time\" content=\"2025-04-15T21:53:00+00:00\" \/>\n<meta property=\"article:modified_time\" content=\"2025-06-15T04:49:03+00:00\" \/>\n<meta property=\"og:image\" content=\"https:\/\/cj.estrategia.com\/portal\/wp-content\/uploads\/2025\/04\/15184625\/sports-teacher-gym-class-scaled.jpg\" \/>\n\t<meta property=\"og:image:width\" content=\"2560\" \/>\n\t<meta property=\"og:image:height\" content=\"1707\" \/>\n\t<meta property=\"og:image:type\" content=\"image\/jpeg\" \/>\n<meta name=\"author\" content=\"Thiago Leite\" \/>\n<meta name=\"twitter:card\" content=\"summary_large_image\" \/>\n<meta name=\"twitter:creator\" content=\"@EstratJuridica\" \/>\n<meta name=\"twitter:site\" content=\"@EstratJuridica\" \/>\n<meta name=\"twitter:label1\" content=\"Escrito por\" \/>\n\t<meta name=\"twitter:data1\" content=\"Thiago Leite\" \/>\n\t<meta name=\"twitter:label2\" content=\"Est. tempo de leitura\" \/>\n\t<meta name=\"twitter:data2\" content=\"6 minutos\" \/>\n<script type=\"application\/ld+json\" class=\"yoast-schema-graph\">{\"@context\":\"https:\\\/\\\/schema.org\",\"@graph\":[{\"@type\":\"NewsArticle\",\"@id\":\"https:\\\/\\\/cj.estrategia.com\\\/portal\\\/atividades-fisicas-sem-risco-dispensam-profissional\\\/#article\",\"isPartOf\":{\"@id\":\"https:\\\/\\\/cj.estrategia.com\\\/portal\\\/atividades-fisicas-sem-risco-dispensam-profissional\\\/\"},\"author\":{\"name\":\"Thiago Leite\",\"@id\":\"https:\\\/\\\/cj.estrategia.com\\\/portal\\\/#\\\/schema\\\/person\\\/7d7d2b1c8386e2eeacc0b09cfbc1d0ff\"},\"headline\":\"Atividades f\u00edsicas sem risco dispensam presen\u00e7a de profissional\",\"datePublished\":\"2025-04-15T21:53:00+00:00\",\"dateModified\":\"2025-06-15T04:49:03+00:00\",\"mainEntityOfPage\":{\"@id\":\"https:\\\/\\\/cj.estrategia.com\\\/portal\\\/atividades-fisicas-sem-risco-dispensam-profissional\\\/\"},\"wordCount\":985,\"commentCount\":0,\"publisher\":{\"@id\":\"https:\\\/\\\/cj.estrategia.com\\\/portal\\\/#organization\"},\"image\":{\"@id\":\"https:\\\/\\\/cj.estrategia.com\\\/portal\\\/atividades-fisicas-sem-risco-dispensam-profissional\\\/#primaryimage\"},\"thumbnailUrl\":\"https:\\\/\\\/cj.estrategia.com\\\/portal\\\/wp-content\\\/uploads\\\/2025\\\/04\\\/15184625\\\/sports-teacher-gym-class-scaled.jpg\",\"keywords\":[\"ADI 4.399\",\"atividade f\u00edsica\",\"atividade profissional\",\"Lei estadual n\u00ba 11.721\\\/2002\",\"STF\"],\"articleSection\":[\"Carreiras Jur\u00eddicas\"],\"inLanguage\":\"pt-BR\",\"potentialAction\":[{\"@type\":\"CommentAction\",\"name\":\"Comment\",\"target\":[\"https:\\\/\\\/cj.estrategia.com\\\/portal\\\/atividades-fisicas-sem-risco-dispensam-profissional\\\/#respond\"]}]},{\"@type\":\"WebPage\",\"@id\":\"https:\\\/\\\/cj.estrategia.com\\\/portal\\\/atividades-fisicas-sem-risco-dispensam-profissional\\\/\",\"url\":\"https:\\\/\\\/cj.estrategia.com\\\/portal\\\/atividades-fisicas-sem-risco-dispensam-profissional\\\/\",\"name\":\"Atividades f\u00edsicas sem risco dispensam presen\u00e7a de profissional\",\"isPartOf\":{\"@id\":\"https:\\\/\\\/cj.estrategia.com\\\/portal\\\/#website\"},\"primaryImageOfPage\":{\"@id\":\"https:\\\/\\\/cj.estrategia.com\\\/portal\\\/atividades-fisicas-sem-risco-dispensam-profissional\\\/#primaryimage\"},\"image\":{\"@id\":\"https:\\\/\\\/cj.estrategia.com\\\/portal\\\/atividades-fisicas-sem-risco-dispensam-profissional\\\/#primaryimage\"},\"thumbnailUrl\":\"https:\\\/\\\/cj.estrategia.com\\\/portal\\\/wp-content\\\/uploads\\\/2025\\\/04\\\/15184625\\\/sports-teacher-gym-class-scaled.jpg\",\"datePublished\":\"2025-04-15T21:53:00+00:00\",\"dateModified\":\"2025-06-15T04:49:03+00:00\",\"description\":\"STF libera exig\u00eancia de profissional de educa\u00e7\u00e3o f\u00edsica em atividades sem risco no RS. Decis\u00e3o vale para academias e clubes.\",\"breadcrumb\":{\"@id\":\"https:\\\/\\\/cj.estrategia.com\\\/portal\\\/atividades-fisicas-sem-risco-dispensam-profissional\\\/#breadcrumb\"},\"inLanguage\":\"pt-BR\",\"potentialAction\":[{\"@type\":\"ReadAction\",\"target\":[\"https:\\\/\\\/cj.estrategia.com\\\/portal\\\/atividades-fisicas-sem-risco-dispensam-profissional\\\/\"]}]},{\"@type\":\"ImageObject\",\"inLanguage\":\"pt-BR\",\"@id\":\"https:\\\/\\\/cj.estrategia.com\\\/portal\\\/atividades-fisicas-sem-risco-dispensam-profissional\\\/#primaryimage\",\"url\":\"https:\\\/\\\/cj.estrategia.com\\\/portal\\\/wp-content\\\/uploads\\\/2025\\\/04\\\/15184625\\\/sports-teacher-gym-class-scaled.jpg\",\"contentUrl\":\"https:\\\/\\\/cj.estrategia.com\\\/portal\\\/wp-content\\\/uploads\\\/2025\\\/04\\\/15184625\\\/sports-teacher-gym-class-scaled.jpg\",\"width\":2560,\"height\":1707},{\"@type\":\"BreadcrumbList\",\"@id\":\"https:\\\/\\\/cj.estrategia.com\\\/portal\\\/atividades-fisicas-sem-risco-dispensam-profissional\\\/#breadcrumb\",\"itemListElement\":[{\"@type\":\"ListItem\",\"position\":1,\"name\":\"In\u00edcio\",\"item\":\"https:\\\/\\\/cj.estrategia.com\\\/portal\\\/\"},{\"@type\":\"ListItem\",\"position\":2,\"name\":\"Atividades f\u00edsicas sem risco dispensam presen\u00e7a de profissional\"}]},{\"@type\":\"WebSite\",\"@id\":\"https:\\\/\\\/cj.estrategia.com\\\/portal\\\/#website\",\"url\":\"https:\\\/\\\/cj.estrategia.com\\\/portal\\\/\",\"name\":\"Blog - Carreiras Jur\u00eddicas - Estrat\u00e9gia\",\"description\":\"\",\"publisher\":{\"@id\":\"https:\\\/\\\/cj.estrategia.com\\\/portal\\\/#organization\"},\"potentialAction\":[{\"@type\":\"SearchAction\",\"target\":{\"@type\":\"EntryPoint\",\"urlTemplate\":\"https:\\\/\\\/cj.estrategia.com\\\/portal\\\/?s={search_term_string}\"},\"query-input\":{\"@type\":\"PropertyValueSpecification\",\"valueRequired\":true,\"valueName\":\"search_term_string\"}}],\"inLanguage\":\"pt-BR\"},{\"@type\":\"Organization\",\"@id\":\"https:\\\/\\\/cj.estrategia.com\\\/portal\\\/#organization\",\"name\":\"Estrat\u00e9gia - Carreiras Jur\u00eddicas\",\"url\":\"https:\\\/\\\/cj.estrategia.com\\\/portal\\\/\",\"logo\":{\"@type\":\"ImageObject\",\"inLanguage\":\"pt-BR\",\"@id\":\"https:\\\/\\\/cj.estrategia.com\\\/portal\\\/#\\\/schema\\\/logo\\\/image\\\/\",\"url\":\"https:\\\/\\\/cj.estrategia.com\\\/portal\\\/wp-content\\\/uploads\\\/2022\\\/03\\\/11151052\\\/cj-logo.png\",\"contentUrl\":\"https:\\\/\\\/cj.estrategia.com\\\/portal\\\/wp-content\\\/uploads\\\/2022\\\/03\\\/11151052\\\/cj-logo.png\",\"width\":150,\"height\":39,\"caption\":\"Estrat\u00e9gia - Carreiras Jur\u00eddicas\"},\"image\":{\"@id\":\"https:\\\/\\\/cj.estrategia.com\\\/portal\\\/#\\\/schema\\\/logo\\\/image\\\/\"},\"sameAs\":[\"https:\\\/\\\/www.facebook.com\\\/estrategiacarreirajuridica\\\/\",\"https:\\\/\\\/x.com\\\/EstratJuridica\",\"https:\\\/\\\/www.instagram.com\\\/estrategiacarreirajuridica\\\/\",\"https:\\\/\\\/www.youtube.com\\\/channel\\\/UClbMGuYbj2Mh1m3w144ETWQ\"]},{\"@type\":\"Person\",\"@id\":\"https:\\\/\\\/cj.estrategia.com\\\/portal\\\/#\\\/schema\\\/person\\\/7d7d2b1c8386e2eeacc0b09cfbc1d0ff\",\"name\":\"Thiago Leite\",\"image\":{\"@type\":\"ImageObject\",\"inLanguage\":\"pt-BR\",\"@id\":\"https:\\\/\\\/secure.gravatar.com\\\/avatar\\\/15ff5746ff9e313f1248fe2373ce03309054e96387bb9249055458d0c1aaa297?s=96&d=mm&r=g\",\"url\":\"https:\\\/\\\/secure.gravatar.com\\\/avatar\\\/15ff5746ff9e313f1248fe2373ce03309054e96387bb9249055458d0c1aaa297?s=96&d=mm&r=g\",\"contentUrl\":\"https:\\\/\\\/secure.gravatar.com\\\/avatar\\\/15ff5746ff9e313f1248fe2373ce03309054e96387bb9249055458d0c1aaa297?s=96&d=mm&r=g\",\"caption\":\"Thiago Leite\"},\"description\":\"Thiago de Paula Leite \u00e9 procurador do Estado de S\u00e3o Paulo e professor de direito ambiental e agr\u00e1rio do Estrat\u00e9gia.\",\"url\":\"https:\\\/\\\/cj.estrategia.com\\\/portal\\\/author\\\/thiago-leite\\\/\"}]}<\/script>\n<!-- \/ Yoast SEO Premium plugin. -->","yoast_head_json":{"title":"Atividades f\u00edsicas sem risco dispensam presen\u00e7a de profissional","description":"STF libera exig\u00eancia de profissional de educa\u00e7\u00e3o f\u00edsica em atividades sem risco no RS. Decis\u00e3o vale para academias e clubes.","robots":{"index":"index","follow":"follow","max-snippet":"max-snippet:-1","max-image-preview":"max-image-preview:large","max-video-preview":"max-video-preview:-1"},"canonical":"https:\/\/cj.estrategia.com\/portal\/atividades-fisicas-sem-risco-dispensam-profissional\/","og_locale":"pt_BR","og_type":"article","og_title":"Atividades f\u00edsicas sem risco dispensam presen\u00e7a de profissional","og_description":"STF libera exig\u00eancia de profissional de educa\u00e7\u00e3o f\u00edsica em atividades sem risco no RS. Decis\u00e3o vale para academias e clubes.","og_url":"https:\/\/cj.estrategia.com\/portal\/atividades-fisicas-sem-risco-dispensam-profissional\/","og_site_name":"Blog - Carreiras Jur\u00eddicas - Estrat\u00e9gia","article_publisher":"https:\/\/www.facebook.com\/estrategiacarreirajuridica\/","article_published_time":"2025-04-15T21:53:00+00:00","article_modified_time":"2025-06-15T04:49:03+00:00","og_image":[{"width":2560,"height":1707,"url":"https:\/\/cj.estrategia.com\/portal\/wp-content\/uploads\/2025\/04\/15184625\/sports-teacher-gym-class-scaled.jpg","type":"image\/jpeg"}],"author":"Thiago Leite","twitter_card":"summary_large_image","twitter_creator":"@EstratJuridica","twitter_site":"@EstratJuridica","twitter_misc":{"Escrito por":"Thiago Leite","Est. tempo de leitura":"6 minutos"},"schema":{"@context":"https:\/\/schema.org","@graph":[{"@type":"NewsArticle","@id":"https:\/\/cj.estrategia.com\/portal\/atividades-fisicas-sem-risco-dispensam-profissional\/#article","isPartOf":{"@id":"https:\/\/cj.estrategia.com\/portal\/atividades-fisicas-sem-risco-dispensam-profissional\/"},"author":{"name":"Thiago Leite","@id":"https:\/\/cj.estrategia.com\/portal\/#\/schema\/person\/7d7d2b1c8386e2eeacc0b09cfbc1d0ff"},"headline":"Atividades f\u00edsicas sem risco dispensam presen\u00e7a de profissional","datePublished":"2025-04-15T21:53:00+00:00","dateModified":"2025-06-15T04:49:03+00:00","mainEntityOfPage":{"@id":"https:\/\/cj.estrategia.com\/portal\/atividades-fisicas-sem-risco-dispensam-profissional\/"},"wordCount":985,"commentCount":0,"publisher":{"@id":"https:\/\/cj.estrategia.com\/portal\/#organization"},"image":{"@id":"https:\/\/cj.estrategia.com\/portal\/atividades-fisicas-sem-risco-dispensam-profissional\/#primaryimage"},"thumbnailUrl":"https:\/\/cj.estrategia.com\/portal\/wp-content\/uploads\/2025\/04\/15184625\/sports-teacher-gym-class-scaled.jpg","keywords":["ADI 4.399","atividade f\u00edsica","atividade profissional","Lei estadual n\u00ba 11.721\/2002","STF"],"articleSection":["Carreiras Jur\u00eddicas"],"inLanguage":"pt-BR","potentialAction":[{"@type":"CommentAction","name":"Comment","target":["https:\/\/cj.estrategia.com\/portal\/atividades-fisicas-sem-risco-dispensam-profissional\/#respond"]}]},{"@type":"WebPage","@id":"https:\/\/cj.estrategia.com\/portal\/atividades-fisicas-sem-risco-dispensam-profissional\/","url":"https:\/\/cj.estrategia.com\/portal\/atividades-fisicas-sem-risco-dispensam-profissional\/","name":"Atividades f\u00edsicas sem risco dispensam presen\u00e7a de profissional","isPartOf":{"@id":"https:\/\/cj.estrategia.com\/portal\/#website"},"primaryImageOfPage":{"@id":"https:\/\/cj.estrategia.com\/portal\/atividades-fisicas-sem-risco-dispensam-profissional\/#primaryimage"},"image":{"@id":"https:\/\/cj.estrategia.com\/portal\/atividades-fisicas-sem-risco-dispensam-profissional\/#primaryimage"},"thumbnailUrl":"https:\/\/cj.estrategia.com\/portal\/wp-content\/uploads\/2025\/04\/15184625\/sports-teacher-gym-class-scaled.jpg","datePublished":"2025-04-15T21:53:00+00:00","dateModified":"2025-06-15T04:49:03+00:00","description":"STF libera exig\u00eancia de profissional de educa\u00e7\u00e3o f\u00edsica em atividades sem risco no RS. Decis\u00e3o vale para academias e clubes.","breadcrumb":{"@id":"https:\/\/cj.estrategia.com\/portal\/atividades-fisicas-sem-risco-dispensam-profissional\/#breadcrumb"},"inLanguage":"pt-BR","potentialAction":[{"@type":"ReadAction","target":["https:\/\/cj.estrategia.com\/portal\/atividades-fisicas-sem-risco-dispensam-profissional\/"]}]},{"@type":"ImageObject","inLanguage":"pt-BR","@id":"https:\/\/cj.estrategia.com\/portal\/atividades-fisicas-sem-risco-dispensam-profissional\/#primaryimage","url":"https:\/\/cj.estrategia.com\/portal\/wp-content\/uploads\/2025\/04\/15184625\/sports-teacher-gym-class-scaled.jpg","contentUrl":"https:\/\/cj.estrategia.com\/portal\/wp-content\/uploads\/2025\/04\/15184625\/sports-teacher-gym-class-scaled.jpg","width":2560,"height":1707},{"@type":"BreadcrumbList","@id":"https:\/\/cj.estrategia.com\/portal\/atividades-fisicas-sem-risco-dispensam-profissional\/#breadcrumb","itemListElement":[{"@type":"ListItem","position":1,"name":"In\u00edcio","item":"https:\/\/cj.estrategia.com\/portal\/"},{"@type":"ListItem","position":2,"name":"Atividades f\u00edsicas sem risco dispensam presen\u00e7a de profissional"}]},{"@type":"WebSite","@id":"https:\/\/cj.estrategia.com\/portal\/#website","url":"https:\/\/cj.estrategia.com\/portal\/","name":"Blog - Carreiras Jur\u00eddicas - Estrat\u00e9gia","description":"","publisher":{"@id":"https:\/\/cj.estrategia.com\/portal\/#organization"},"potentialAction":[{"@type":"SearchAction","target":{"@type":"EntryPoint","urlTemplate":"https:\/\/cj.estrategia.com\/portal\/?s={search_term_string}"},"query-input":{"@type":"PropertyValueSpecification","valueRequired":true,"valueName":"search_term_string"}}],"inLanguage":"pt-BR"},{"@type":"Organization","@id":"https:\/\/cj.estrategia.com\/portal\/#organization","name":"Estrat\u00e9gia - Carreiras Jur\u00eddicas","url":"https:\/\/cj.estrategia.com\/portal\/","logo":{"@type":"ImageObject","inLanguage":"pt-BR","@id":"https:\/\/cj.estrategia.com\/portal\/#\/schema\/logo\/image\/","url":"https:\/\/cj.estrategia.com\/portal\/wp-content\/uploads\/2022\/03\/11151052\/cj-logo.png","contentUrl":"https:\/\/cj.estrategia.com\/portal\/wp-content\/uploads\/2022\/03\/11151052\/cj-logo.png","width":150,"height":39,"caption":"Estrat\u00e9gia - Carreiras Jur\u00eddicas"},"image":{"@id":"https:\/\/cj.estrategia.com\/portal\/#\/schema\/logo\/image\/"},"sameAs":["https:\/\/www.facebook.com\/estrategiacarreirajuridica\/","https:\/\/x.com\/EstratJuridica","https:\/\/www.instagram.com\/estrategiacarreirajuridica\/","https:\/\/www.youtube.com\/channel\/UClbMGuYbj2Mh1m3w144ETWQ"]},{"@type":"Person","@id":"https:\/\/cj.estrategia.com\/portal\/#\/schema\/person\/7d7d2b1c8386e2eeacc0b09cfbc1d0ff","name":"Thiago Leite","image":{"@type":"ImageObject","inLanguage":"pt-BR","@id":"https:\/\/secure.gravatar.com\/avatar\/15ff5746ff9e313f1248fe2373ce03309054e96387bb9249055458d0c1aaa297?s=96&d=mm&r=g","url":"https:\/\/secure.gravatar.com\/avatar\/15ff5746ff9e313f1248fe2373ce03309054e96387bb9249055458d0c1aaa297?s=96&d=mm&r=g","contentUrl":"https:\/\/secure.gravatar.com\/avatar\/15ff5746ff9e313f1248fe2373ce03309054e96387bb9249055458d0c1aaa297?s=96&d=mm&r=g","caption":"Thiago Leite"},"description":"Thiago de Paula Leite \u00e9 procurador do Estado de S\u00e3o Paulo e professor de direito ambiental e agr\u00e1rio do Estrat\u00e9gia.","url":"https:\/\/cj.estrategia.com\/portal\/author\/thiago-leite\/"}]}},"jetpack_featured_media_url":"https:\/\/cj.estrategia.com\/portal\/wp-content\/uploads\/2025\/04\/15184625\/sports-teacher-gym-class-scaled.jpg","jetpack_sharing_enabled":true,"_links":{"self":[{"href":"https:\/\/cj.estrategia.com\/portal\/wp-json\/wp\/v2\/posts\/112762","targetHints":{"allow":["GET"]}}],"collection":[{"href":"https:\/\/cj.estrategia.com\/portal\/wp-json\/wp\/v2\/posts"}],"about":[{"href":"https:\/\/cj.estrategia.com\/portal\/wp-json\/wp\/v2\/types\/post"}],"author":[{"embeddable":true,"href":"https:\/\/cj.estrategia.com\/portal\/wp-json\/wp\/v2\/users\/81"}],"replies":[{"embeddable":true,"href":"https:\/\/cj.estrategia.com\/portal\/wp-json\/wp\/v2\/comments?post=112762"}],"version-history":[{"count":0,"href":"https:\/\/cj.estrategia.com\/portal\/wp-json\/wp\/v2\/posts\/112762\/revisions"}],"wp:featuredmedia":[{"embeddable":true,"href":"https:\/\/cj.estrategia.com\/portal\/wp-json\/wp\/v2\/media\/112771"}],"wp:attachment":[{"href":"https:\/\/cj.estrategia.com\/portal\/wp-json\/wp\/v2\/media?parent=112762"}],"wp:term":[{"taxonomy":"category","embeddable":true,"href":"https:\/\/cj.estrategia.com\/portal\/wp-json\/wp\/v2\/categories?post=112762"},{"taxonomy":"post_tag","embeddable":true,"href":"https:\/\/cj.estrategia.com\/portal\/wp-json\/wp\/v2\/tags?post=112762"},{"taxonomy":"tax_estado","embeddable":true,"href":"https:\/\/cj.estrategia.com\/portal\/wp-json\/wp\/v2\/tax_estado?post=112762"}],"curies":[{"name":"wp","href":"https:\/\/api.w.org\/{rel}","templated":true}]}}