{"id":112607,"date":"2025-04-15T15:20:00","date_gmt":"2025-04-15T18:20:00","guid":{"rendered":"https:\/\/cj.estrategia.com\/portal\/?p=112607"},"modified":"2025-04-15T15:20:06","modified_gmt":"2025-04-15T18:20:06","slug":"projeto-carreiras-juridicas-atividade-risco","status":"publish","type":"post","link":"https:\/\/cj.estrategia.com\/portal\/projeto-carreiras-juridicas-atividade-risco\/","title":{"rendered":"Carreiras jur\u00eddicas como atividade de risco"},"content":{"rendered":"\n<p class=\"has-small-font-size\"><strong>* Thiago de Paula Leite \u00e9 procurador do Estado de S\u00e3o Paulo e professor de direito ambiental e agr\u00e1rio do Estrat\u00e9gia.<\/strong><strong><\/strong><\/p>\n\n\n\n<h2 class=\"wp-block-heading\" id=\"h-projeto-de-lei-n\u00ba-4-015-2023\"><span id=\"projeto-de-lei-no-4-015-2023\">Projeto de Lei n\u00ba 4.015\/2023<\/span><\/h2>\n\n\n\n<p>O Congresso Nacional acaba de aprovar um projeto de lei que <strong>torna qualificados<\/strong> os crimes de <strong><mark style=\"background-color:rgba(0, 0, 0, 0)\" class=\"has-inline-color has-luminous-vivid-orange-color\">homic\u00eddio ou les\u00e3o corporal dolosa<\/mark> praticados contra membros<\/strong> do Minist\u00e9rio P\u00fablico, magistratura, defensoria, membros da AGU, procuradores do estado e do DF e oficiais de justi\u00e7a, em raz\u00e3o do exerc\u00edcio da fun\u00e7\u00e3o ou em decorr\u00eancia dela.<\/p>\n\n\n\n<p>Trata-se do PL n\u00ba 4.015\/2023, que agora ser\u00e1 enviado \u00e0 san\u00e7\u00e3o presidencial.<\/p>\n\n\n\n<p>O presidente da C\u00e2mara dos Deputados, Hugo Motta, ressaltou que a C\u00e2mara fez justi\u00e7a com categorias importantes que ajudam na atua\u00e7\u00e3o do Judici\u00e1rio como um todo.<\/p>\n\n\n\n<pre class=\"wp-block-verse\"><em>\u201cIncluir os oficiais de Justi\u00e7a, os defensores p\u00fablicos e os advogados p\u00fablicos \u00e9 uma maneira de igualar as carreiras e reconhecer a import\u00e2ncia desses homens e mulheres ajudando em um Judici\u00e1rio mais eficiente\u201d<\/em>.<\/pre>\n\n\n\n<p>Houve uma forte mobiliza\u00e7\u00e3o dessas categorias para a aprova\u00e7\u00e3o do texto. O l\u00edder do governo, deputado Jos\u00e9 Guimar\u00e3es (PT-CE), ressaltou que \u201c<em>Quem ganha com isso \u00e9 a democracia brasileira, porque n\u00e3o se faz democracia sem justi\u00e7a<\/em>\u201d.<\/p>\n\n\n\n<h3 class=\"wp-block-heading\" id=\"h-mudancas-na-legislacao\"><span id=\"mudancas-na-legislacao\">Mudan\u00e7as na legisla\u00e7\u00e3o<\/span><\/h3>\n\n\n\n<pre class=\"wp-block-verse\">O Projeto altera o C\u00f3digo Penal, a Lei de Crimes Hediondos e a Lei Geral de Prote\u00e7\u00e3o de Dados Pessoais para reconhecer como<strong> <mark style=\"background-color:rgba(0, 0, 0, 0)\" class=\"has-inline-color has-luminous-vivid-orange-color\">atividade de risco permanente<\/mark><\/strong> as atribui\u00e7\u00f5es inerentes aos membros do Poder Judici\u00e1rio, Minist\u00e9rio P\u00fablico, Defensoria P\u00fablica, Advocacia-Geral da Uni\u00e3o, Procuradorias dos Estados e DF e Oficiais de Justi\u00e7a, garantindo medidas de prote\u00e7\u00e3o, bem como recrudescer o tratamento penal destinado aos crimes de homic\u00eddio e de les\u00e3o corporal dolosa contra eles, desde que no exerc\u00edcio da fun\u00e7\u00e3o ou em decorr\u00eancia dela, ou contra seu c\u00f4njuge, companheiro ou parente, inclusive por afinidade, at\u00e9 o terceiro grau, em raz\u00e3o dessa condi\u00e7\u00e3o.<\/pre>\n\n\n\n<p>Para o Presidente da Associa\u00e7\u00e3o dos Magistrados Brasileiros \u2013 AMB, Frederico Mendes J\u00fanior, a aprova\u00e7\u00e3o \u00e9 uma grande vit\u00f3ria para a magistratura. Isso porque contribui para proteger os ju\u00edzes, que t\u00eam sofrido constantes amea\u00e7as \u00e0 seguran\u00e7a pr\u00f3pria e de seus familiares:<\/p>\n\n\n\n<pre class=\"wp-block-verse\"><em>\u201cO ato de julgar exp\u00f5e os magistrados \u00e0 inseguran\u00e7a. A independ\u00eancia da magistratura pressup\u00f5e prote\u00e7\u00e3o plena e permanente para os ju\u00edzes, que precisam sentir-se tranquilos ao exercer a fun\u00e7\u00e3o constitucional que lhes cabe\u201d<\/em>.<\/pre>\n\n\n\n<p>Durante a tramita\u00e7\u00e3o do projeto de lei, levou-se em considera\u00e7\u00e3o a pesquisa \u201cPerfil da Magistratura Latino-americana\u201d, realizada pelo Centro de Pesquisas Judiciais da AMB. O levantamento revelou que <strong><mark style=\"background-color:rgba(0, 0, 0, 0)\" class=\"has-inline-color has-luminous-vivid-orange-color\">metade dos magistrados<\/mark><\/strong> entrevistados j\u00e1 sofreu <strong>amea\u00e7as \u00e0 vida ou \u00e0 integridade f\u00edsica<\/strong>.<\/p>\n\n\n\n<p>Al\u00e9m disso, mais de 15% se sentem totalmente inseguros no exerc\u00edcio da fun\u00e7\u00e3o, enquanto apenas 20% consideram contar com seguran\u00e7a plena para desempenhar seu trabalho.<\/p>\n\n\n\n<h2 class=\"wp-block-heading\" id=\"h-o-que-muda\"><span id=\"o-que-muda\">O que muda<\/span><\/h2>\n\n\n\n<h3 class=\"wp-block-heading\" id=\"h-codigo-penal\"><span id=\"codigo-penal\">C\u00f3digo Penal<\/span><\/h3>\n\n\n\n<p>O C\u00f3digo Penal, em seu artigo 121, traz a previs\u00e3o do crime de homic\u00eddio, com pena-base de 6 a 20 anos.<\/p>\n\n\n\n<pre class=\"wp-block-preformatted\"><em>CP<br><br>Homic\u00eddio simples<br><br>Art. 121. Matar alguem:<br><br>Pena - reclus\u00e3o, de seis a vinte anos.<\/em><\/pre>\n\n\n\n<p>O \u00a72\u00ba, do artigo 121, traz as hip\u00f3teses de homic\u00eddio qualificado, com pena majorada para 12 a 30 anos.<\/p>\n\n\n\n<p>O projeto aprovado acrescenta uma nova hip\u00f3tese de homic\u00eddio qualificado.<\/p>\n\n\n\n<figure class=\"wp-block-pullquote\"><blockquote><p><\/p><cite><mark style=\"background-color:rgba(0, 0, 0, 0)\" class=\"has-inline-color has-vivid-cyan-blue-color\"><em><em>Se o crime de homic\u00eddio \u00e9 praticado contra magistrados, membros do Minist\u00e9rio P\u00fablico, Defensores P\u00fablicos, membros da AGU, Procuradores do Estado e Oficiais de Justi\u00e7a, no exerc\u00edcio de sua fun\u00e7\u00e3o ou por causa dela, ele ser\u00e1 qualificado, com pena de 12 a 30 anos.<\/em><\/em><br><br><em><em>Aplica-se a mesma qualificadora se o crime \u00e9 cometido contra c\u00f4njuge, companheiro ou parente, inclusive por afinidade, at\u00e9 o terceiro grau, em raz\u00e3o desse parentesco com os detentores dos cargos em quest\u00e3o.<\/em><\/em><\/mark><\/cite><\/blockquote><\/figure>\n\n\n\n<p>Mas n\u00e3o \u00e9 s\u00f3.<\/p>\n\n\n\n<p>O projeto altera o crime de les\u00e3o dolosa, que ter\u00e1 um aumento de pena de 1\/3 a 2\/3 nas mesmas situa\u00e7\u00f5es (praticado contra magistrados, membros do Minist\u00e9rio P\u00fablico, Defensores P\u00fablicos, membros da AGU, Procuradores do Estado e Oficiais de Justi\u00e7a, no exerc\u00edcio de sua fun\u00e7\u00e3o ou por causa dela, ou contra c\u00f4njuge, companheiro ou parente, inclusive por afinidade, at\u00e9 o terceiro grau, em raz\u00e3o desse parentesco com os detentores dos cargos em quest\u00e3o).<\/p>\n\n\n\n<h3 class=\"wp-block-heading\" id=\"h-lei-de-crimes-hediondos\"><span id=\"lei-de-crimes-hediondos\">Lei de crimes hediondos<\/span><\/h3>\n\n\n\n<p>A lei de crimes hediondos (Lei n\u00ba 8.072\/1990) tamb\u00e9m ter\u00e1 altera\u00e7\u00e3o para prever, como <strong><mark style=\"background-color:rgba(0, 0, 0, 0)\" class=\"has-inline-color has-luminous-vivid-orange-color\">hediondo<\/mark><\/strong>, o homic\u00eddio qualificado, a les\u00e3o corporal grav\u00edssima e a les\u00e3o seguida de morte contra essas pessoas.<\/p>\n\n\n\n<p>Condenados por crimes hediondos n\u00e3o podem contar com anistia, gra\u00e7a e indulto ou fian\u00e7a, e o cumprimento da pena come\u00e7ar\u00e1 em regime fechado.<\/p>\n\n\n<div class=\"wp-block-image\">\n<figure class=\"aligncenter size-full\"><img decoding=\"async\" width=\"714\" height=\"144\" src=\"https:\/\/cj.estrategia.com\/portal\/wp-content\/uploads\/2025\/04\/15142619\/crimes-hediondos.png\" alt=\"Projeto\" class=\"wp-image-112614\" srcset=\"https:\/\/cj.estrategia.com\/portal\/wp-content\/uploads\/2025\/04\/15142619\/crimes-hediondos.png 714w, https:\/\/cj.estrategia.com\/portal\/wp-content\/uploads\/2025\/04\/15142619\/crimes-hediondos-300x61.png 300w, https:\/\/cj.estrategia.com\/portal\/wp-content\/uploads\/2025\/04\/15142619\/crimes-hediondos-380x77.png 380w, https:\/\/cj.estrategia.com\/portal\/wp-content\/uploads\/2025\/04\/15142619\/crimes-hediondos-150x30.png 150w\" sizes=\"(max-width: 714px) 100vw, 714px\" \/><\/figure>\n<\/div>\n\n\n<pre class=\"wp-block-preformatted has-background\" style=\"background-color:#dddddd\"><strong>S\u00e3o consideradas les\u00f5es de natureza grav\u00edssima aquelas das quais resultam incapacidade permanente para o trabalho; enfermidade incur\u00e1vel; perda ou inutiliza\u00e7\u00e3o de membro, sentido ou fun\u00e7\u00e3o; deformidade permanente; ou aborto.<\/strong><strong><\/strong><\/pre>\n\n\n\n<h3 class=\"wp-block-heading\" id=\"h-protecao-especial\"><span id=\"protecao-especial\">Prote\u00e7\u00e3o especial<\/span><\/h3>\n\n\n\n<p>O projeto prev\u00ea, ainda, medidas de prote\u00e7\u00e3o em favor de membros do Minist\u00e9rio P\u00fablico, Magistratura, Defensoria P\u00fablica e Oficiais de justi\u00e7a, que exercem <strong>fun\u00e7\u00e3o de risco permanente<\/strong>. A medida independer\u00e1 de a \u00e1rea de atua\u00e7\u00e3o ser penal ou extrapenal.<\/p>\n\n\n\n<p>A garantia de <strong><mark style=\"background-color:rgba(0, 0, 0, 0)\" class=\"has-inline-color has-luminous-vivid-orange-color\">confidencialidade <\/mark>de suas informa\u00e7\u00f5es cadastrais e de dados pessoais<\/strong> e de familiares indicados pelos magistrados, defensores p\u00fablicos, membros do Minist\u00e9rio P\u00fablico e oficiais de Justi\u00e7a passa a ser uma diretriz da pol\u00edtica de prote\u00e7\u00e3o, juntamente com garantia de escolta e de aparatos de seguran\u00e7a dispon\u00edveis que possam ajudar em sua prote\u00e7\u00e3o.<\/p>\n\n\n\n<p>A prote\u00e7\u00e3o especial dever\u00e1 ser solicitada \u00e0 pol\u00edcia judici\u00e1ria por meio de requerimento instru\u00eddo com a narrativa dos fatos e eventuais documentos pertinentes. O processo sobre esse pedido tramitar\u00e1 com prioridade e em car\u00e1ter sigiloso, devendo-se adotar as primeiras provid\u00eancias de imediato.<\/p>\n\n\n\n<p class=\"has-background\" style=\"background-color:#dddddd\"><strong>Os membros da AGU e das procuradorias estaduais n\u00e3o contar\u00e3o com essas medidas de prote\u00e7\u00e3o, pois as emendas n\u00e3o contemplaram essas categorias.<\/strong><strong><\/strong><\/p>\n\n\n\n<h3 class=\"wp-block-heading\" id=\"h-outras-mudancas\"><span id=\"outras-mudancas\">Outras mudan\u00e7as<\/span><\/h3>\n\n\n\n<p>Outra mudan\u00e7a importante \u00e9 na lei que disciplinou os procedimentos de processo e julgamento colegiado em primeiro grau de crimes praticados por organiza\u00e7\u00f5es criminosas (Lei 12.694\/12).<\/p>\n\n\n\n<p>Para ju\u00edzes e promotores, o projeto aprovado cita medidas a serem aplicadas de forma isolada ou conjunta, como refor\u00e7o de seguran\u00e7a org\u00e2nica, escolta total ou parcial, colete a prova de balas, ve\u00edculo blindado e trabalho remoto.<\/p>\n\n\n\n<p>Existe, ainda, a medida de remo\u00e7\u00e3o provis\u00f3ria a pedido do servidor com pagamento de mudan\u00e7a, transporte e garantia de vaga em institui\u00e7\u00f5es p\u00fablicas de ensino para filhos e dependentes (essa remo\u00e7\u00e3o \u00e9 aplic\u00e1vel, al\u00e9m de ju\u00edzes e promotores, a defensores p\u00fablicos e oficiais de justi\u00e7a).<\/p>\n\n\n\n<p>As autoridades poder\u00e3o recorrer ao superior hier\u00e1rquico no caso de negativa de ado\u00e7\u00e3o de prote\u00e7\u00e3o pela pr\u00f3pria pol\u00edcia judici\u00e1ria ou por outras for\u00e7as policiais.<\/p>\n\n\n\n<pre class=\"wp-block-verse\">Se a negativa de prote\u00e7\u00e3o vier de \u00f3rg\u00e3os de seguran\u00e7a institucional, ela ser\u00e1 submetida \u00e0 an\u00e1lise do Conselho Nacional de Justi\u00e7a (CNJ) ou do Conselho Nacional do Minist\u00e9rio P\u00fablico (CNMP).<\/pre>\n\n\n\n<p>Por \u00faltimo, temos mudan\u00e7a tamb\u00e9m na Lei Geral de Prote\u00e7\u00e3o de Dados. Agora, no tratamento de dados pessoais de membro do Poder Judici\u00e1rio e do Minist\u00e9rio P\u00fablico, de oficial de Justi\u00e7a ou de defensor p\u00fablico, sempre se levar\u00e1 em considera\u00e7\u00e3o o <strong>risco inerente ao desempenho de suas atribui\u00e7\u00f5es<\/strong>.<\/p>\n\n\n\n<p>Qualquer vazamento ou acesso n\u00e3o autorizado desses dados que possa representar risco \u00e0 integridade de seu titular ser\u00e1 comunicado \u00e0 Autoridade Nacional de Prote\u00e7\u00e3o de Dados (ANPD). Assim, a ANPD dever\u00e1 adotar, em car\u00e1ter de urg\u00eancia, medidas cab\u00edveis para reverter ou mitigar os efeitos do incidente.<\/p>\n\n\n\n<p>\u00d3timo tema para provas de <strong><a href=\"https:\/\/www.estrategiaconcursos.com.br\/assinaturas-ecj\/\" target=\"_blank\" >magistratura, minist\u00e9rio p\u00fablico, defensoria p\u00fablica ou procuradorias<\/a><\/strong>. Portanto, muita aten\u00e7\u00e3o!!<\/p>\n\n\n\n<hr class=\"wp-block-separator has-alpha-channel-opacity\"\/>\n\n\n\n<h2 class=\"wp-block-heading has-text-align-center\" id=\"h-quer-saber-quais-serao-os-proximos-concursos\"><span id=\"quer-saber-quais-serao-os-proximos-concursos\">Quer saber quais ser\u00e3o os pr\u00f3ximos concursos?<\/span><\/h2>\n\n\n\n<pre class=\"wp-block-verse has-text-align-center\">Confira nossos&nbsp;<a href=\"https:\/\/cj.estrategia.com\/portal\/\" target=\"_blank\" >artigos para Carreiras Jur\u00eddicas<\/a>!<\/pre>\n\n\n\n<p class=\"has-text-align-center has-white-color has-pale-cyan-blue-background-color has-text-color has-background has-link-color wp-elements-3ffc9057f2314ec15f13b132eefb20e4\"><a href=\"https:\/\/www.estrategiaconcursos.com.br\/blog\/concursos-abertos\/\" target=\"_blank\" >Concursos p\u00fablicos abertos<\/a><\/p>\n\n\n\n<p class=\"has-text-align-center has-white-color has-pale-cyan-blue-background-color has-text-color has-background has-link-color wp-elements-0ddcc3bba7dead06242e688a17e9e277\"><a href=\"https:\/\/cj.estrategia.com\/portal\/concursos-2025-carreiras-juridicas\/\" target=\"_blank\" >Concursos 2025<\/a><\/p>\n","protected":false},"excerpt":{"rendered":"* Thiago de Paula Leite \u00e9 procurador do Estado de S\u00e3o Paulo e professor de direito ambiental e&hellip;\n","protected":false},"author":81,"featured_media":112613,"comment_status":"open","ping_status":"open","sticky":false,"template":"","format":"standard","meta":{"_jetpack_memberships_contains_paid_content":false,"footnotes":""},"categories":[1],"tags":[2451,247,84,338,723,1414,1658,2453],"tax_estado":[30,31,32,33,34,35,36,37,38,39,40,41,42,43,44,45,46,47,48,49,50,51,52,53,54,55,56,57],"class_list":{"0":"post-112607","1":"post","2":"type-post","3":"status-publish","4":"format-standard","5":"has-post-thumbnail","7":"category-carreiras-juridicas","8":"tag-atividade-de-risco-permanente","9":"tag-camara-dos-deputados","10":"tag-carreira-juridica","11":"tag-codigo-penal","12":"tag-congresso-nacional","13":"tag-crimes-hediondos","14":"tag-lei-geral-de-protecao-de-dados-lgpd","15":"tag-projeto-de-lei-4-015-2023","16":"tax_estado-ac","17":"tax_estado-al","18":"tax_estado-am","19":"tax_estado-ap","20":"tax_estado-ba","21":"tax_estado-ce","22":"tax_estado-concursos-federais","23":"tax_estado-df","24":"tax_estado-es","25":"tax_estado-go","26":"tax_estado-ma","27":"tax_estado-mg","28":"tax_estado-ms","29":"tax_estado-mt","30":"tax_estado-pa","31":"tax_estado-pb","32":"tax_estado-pe","33":"tax_estado-pi","34":"tax_estado-pr","35":"tax_estado-rj","36":"tax_estado-rn","37":"tax_estado-ro","38":"tax_estado-rr","39":"tax_estado-rs","40":"tax_estado-sc","41":"tax_estado-se","42":"tax_estado-sp","43":"tax_estado-to"},"acf":[],"yoast_head":"<!-- This site is optimized with the Yoast SEO Premium plugin v27.4 (Yoast SEO v27.4) - https:\/\/yoast.com\/product\/yoast-seo-premium-wordpress\/ -->\n<title>Projeto de Lei reconhece carreira jur\u00eddica como atividade de risco<\/title>\n<meta name=\"description\" content=\"Projeto de lei torna qualificados os crimes de homic\u00eddio ou les\u00e3o corporal dolosa praticados contra membros de carreiras jur\u00eddicas.\" \/>\n<meta name=\"robots\" content=\"index, follow, max-snippet:-1, max-image-preview:large, max-video-preview:-1\" \/>\n<link rel=\"canonical\" href=\"https:\/\/cj.estrategia.com\/portal\/projeto-carreiras-juridicas-atividade-risco\/\" \/>\n<meta property=\"og:locale\" content=\"pt_BR\" \/>\n<meta property=\"og:type\" content=\"article\" \/>\n<meta property=\"og:title\" content=\"Carreiras jur\u00eddicas como atividade de risco\" \/>\n<meta property=\"og:description\" content=\"Projeto de lei torna qualificados os crimes de homic\u00eddio ou les\u00e3o corporal dolosa praticados contra membros de carreiras jur\u00eddicas.\" \/>\n<meta property=\"og:url\" content=\"https:\/\/cj.estrategia.com\/portal\/projeto-carreiras-juridicas-atividade-risco\/\" \/>\n<meta property=\"og:site_name\" content=\"Blog - Carreiras Jur\u00eddicas - Estrat\u00e9gia\" \/>\n<meta property=\"article:publisher\" content=\"https:\/\/www.facebook.com\/estrategiacarreirajuridica\/\" \/>\n<meta property=\"article:published_time\" content=\"2025-04-15T18:20:00+00:00\" \/>\n<meta property=\"article:modified_time\" content=\"2025-04-15T18:20:06+00:00\" \/>\n<meta property=\"og:image\" content=\"https:\/\/cj.estrategia.com\/portal\/wp-content\/uploads\/2025\/04\/15142147\/camara.jpg\" \/>\n\t<meta property=\"og:image:width\" content=\"878\" \/>\n\t<meta property=\"og:image:height\" content=\"498\" \/>\n\t<meta property=\"og:image:type\" content=\"image\/jpeg\" \/>\n<meta name=\"author\" content=\"Thiago Leite\" \/>\n<meta name=\"twitter:card\" content=\"summary_large_image\" \/>\n<meta name=\"twitter:creator\" content=\"@EstratJuridica\" \/>\n<meta name=\"twitter:site\" content=\"@EstratJuridica\" \/>\n<meta name=\"twitter:label1\" content=\"Escrito por\" \/>\n\t<meta name=\"twitter:data1\" content=\"Thiago Leite\" \/>\n\t<meta name=\"twitter:label2\" content=\"Est. tempo de leitura\" \/>\n\t<meta name=\"twitter:data2\" content=\"6 minutos\" \/>\n<script type=\"application\/ld+json\" class=\"yoast-schema-graph\">{\"@context\":\"https:\\\/\\\/schema.org\",\"@graph\":[{\"@type\":\"NewsArticle\",\"@id\":\"https:\\\/\\\/cj.estrategia.com\\\/portal\\\/projeto-carreiras-juridicas-atividade-risco\\\/#article\",\"isPartOf\":{\"@id\":\"https:\\\/\\\/cj.estrategia.com\\\/portal\\\/projeto-carreiras-juridicas-atividade-risco\\\/\"},\"author\":{\"name\":\"Thiago Leite\",\"@id\":\"https:\\\/\\\/cj.estrategia.com\\\/portal\\\/#\\\/schema\\\/person\\\/7d7d2b1c8386e2eeacc0b09cfbc1d0ff\"},\"headline\":\"Carreiras jur\u00eddicas como atividade de risco\",\"datePublished\":\"2025-04-15T18:20:00+00:00\",\"dateModified\":\"2025-04-15T18:20:06+00:00\",\"mainEntityOfPage\":{\"@id\":\"https:\\\/\\\/cj.estrategia.com\\\/portal\\\/projeto-carreiras-juridicas-atividade-risco\\\/\"},\"wordCount\":1073,\"commentCount\":0,\"publisher\":{\"@id\":\"https:\\\/\\\/cj.estrategia.com\\\/portal\\\/#organization\"},\"image\":{\"@id\":\"https:\\\/\\\/cj.estrategia.com\\\/portal\\\/projeto-carreiras-juridicas-atividade-risco\\\/#primaryimage\"},\"thumbnailUrl\":\"https:\\\/\\\/cj.estrategia.com\\\/portal\\\/wp-content\\\/uploads\\\/2025\\\/04\\\/15142147\\\/camara.jpg\",\"keywords\":[\"atividade de risco permanente\",\"c\u00e2mara dos deputados\",\"carreira jur\u00eddica\",\"c\u00f3digo penal\",\"congresso nacional\",\"crimes hediondos\",\"Lei Geral de Prote\u00e7\u00e3o de Dados (LGPD)\",\"Projeto de Lei 4.015\\\/2023\"],\"articleSection\":[\"Carreiras Jur\u00eddicas\"],\"inLanguage\":\"pt-BR\",\"potentialAction\":[{\"@type\":\"CommentAction\",\"name\":\"Comment\",\"target\":[\"https:\\\/\\\/cj.estrategia.com\\\/portal\\\/projeto-carreiras-juridicas-atividade-risco\\\/#respond\"]}]},{\"@type\":\"WebPage\",\"@id\":\"https:\\\/\\\/cj.estrategia.com\\\/portal\\\/projeto-carreiras-juridicas-atividade-risco\\\/\",\"url\":\"https:\\\/\\\/cj.estrategia.com\\\/portal\\\/projeto-carreiras-juridicas-atividade-risco\\\/\",\"name\":\"Projeto de Lei reconhece carreira jur\u00eddica como atividade de risco\",\"isPartOf\":{\"@id\":\"https:\\\/\\\/cj.estrategia.com\\\/portal\\\/#website\"},\"primaryImageOfPage\":{\"@id\":\"https:\\\/\\\/cj.estrategia.com\\\/portal\\\/projeto-carreiras-juridicas-atividade-risco\\\/#primaryimage\"},\"image\":{\"@id\":\"https:\\\/\\\/cj.estrategia.com\\\/portal\\\/projeto-carreiras-juridicas-atividade-risco\\\/#primaryimage\"},\"thumbnailUrl\":\"https:\\\/\\\/cj.estrategia.com\\\/portal\\\/wp-content\\\/uploads\\\/2025\\\/04\\\/15142147\\\/camara.jpg\",\"datePublished\":\"2025-04-15T18:20:00+00:00\",\"dateModified\":\"2025-04-15T18:20:06+00:00\",\"description\":\"Projeto de lei torna qualificados os crimes de homic\u00eddio ou les\u00e3o corporal dolosa praticados contra membros de carreiras jur\u00eddicas.\",\"breadcrumb\":{\"@id\":\"https:\\\/\\\/cj.estrategia.com\\\/portal\\\/projeto-carreiras-juridicas-atividade-risco\\\/#breadcrumb\"},\"inLanguage\":\"pt-BR\",\"potentialAction\":[{\"@type\":\"ReadAction\",\"target\":[\"https:\\\/\\\/cj.estrategia.com\\\/portal\\\/projeto-carreiras-juridicas-atividade-risco\\\/\"]}]},{\"@type\":\"ImageObject\",\"inLanguage\":\"pt-BR\",\"@id\":\"https:\\\/\\\/cj.estrategia.com\\\/portal\\\/projeto-carreiras-juridicas-atividade-risco\\\/#primaryimage\",\"url\":\"https:\\\/\\\/cj.estrategia.com\\\/portal\\\/wp-content\\\/uploads\\\/2025\\\/04\\\/15142147\\\/camara.jpg\",\"contentUrl\":\"https:\\\/\\\/cj.estrategia.com\\\/portal\\\/wp-content\\\/uploads\\\/2025\\\/04\\\/15142147\\\/camara.jpg\",\"width\":878,\"height\":498,\"caption\":\"Imagem: Bruno Spada\\\/C\u00e2mara dos Deputados\"},{\"@type\":\"BreadcrumbList\",\"@id\":\"https:\\\/\\\/cj.estrategia.com\\\/portal\\\/projeto-carreiras-juridicas-atividade-risco\\\/#breadcrumb\",\"itemListElement\":[{\"@type\":\"ListItem\",\"position\":1,\"name\":\"In\u00edcio\",\"item\":\"https:\\\/\\\/cj.estrategia.com\\\/portal\\\/\"},{\"@type\":\"ListItem\",\"position\":2,\"name\":\"Carreiras jur\u00eddicas como atividade de risco\"}]},{\"@type\":\"WebSite\",\"@id\":\"https:\\\/\\\/cj.estrategia.com\\\/portal\\\/#website\",\"url\":\"https:\\\/\\\/cj.estrategia.com\\\/portal\\\/\",\"name\":\"Blog - Carreiras Jur\u00eddicas - Estrat\u00e9gia\",\"description\":\"\",\"publisher\":{\"@id\":\"https:\\\/\\\/cj.estrategia.com\\\/portal\\\/#organization\"},\"potentialAction\":[{\"@type\":\"SearchAction\",\"target\":{\"@type\":\"EntryPoint\",\"urlTemplate\":\"https:\\\/\\\/cj.estrategia.com\\\/portal\\\/?s={search_term_string}\"},\"query-input\":{\"@type\":\"PropertyValueSpecification\",\"valueRequired\":true,\"valueName\":\"search_term_string\"}}],\"inLanguage\":\"pt-BR\"},{\"@type\":\"Organization\",\"@id\":\"https:\\\/\\\/cj.estrategia.com\\\/portal\\\/#organization\",\"name\":\"Estrat\u00e9gia - Carreiras Jur\u00eddicas\",\"url\":\"https:\\\/\\\/cj.estrategia.com\\\/portal\\\/\",\"logo\":{\"@type\":\"ImageObject\",\"inLanguage\":\"pt-BR\",\"@id\":\"https:\\\/\\\/cj.estrategia.com\\\/portal\\\/#\\\/schema\\\/logo\\\/image\\\/\",\"url\":\"https:\\\/\\\/cj.estrategia.com\\\/portal\\\/wp-content\\\/uploads\\\/2022\\\/03\\\/11151052\\\/cj-logo.png\",\"contentUrl\":\"https:\\\/\\\/cj.estrategia.com\\\/portal\\\/wp-content\\\/uploads\\\/2022\\\/03\\\/11151052\\\/cj-logo.png\",\"width\":150,\"height\":39,\"caption\":\"Estrat\u00e9gia - Carreiras Jur\u00eddicas\"},\"image\":{\"@id\":\"https:\\\/\\\/cj.estrategia.com\\\/portal\\\/#\\\/schema\\\/logo\\\/image\\\/\"},\"sameAs\":[\"https:\\\/\\\/www.facebook.com\\\/estrategiacarreirajuridica\\\/\",\"https:\\\/\\\/x.com\\\/EstratJuridica\",\"https:\\\/\\\/www.instagram.com\\\/estrategiacarreirajuridica\\\/\",\"https:\\\/\\\/www.youtube.com\\\/channel\\\/UClbMGuYbj2Mh1m3w144ETWQ\"]},{\"@type\":\"Person\",\"@id\":\"https:\\\/\\\/cj.estrategia.com\\\/portal\\\/#\\\/schema\\\/person\\\/7d7d2b1c8386e2eeacc0b09cfbc1d0ff\",\"name\":\"Thiago Leite\",\"image\":{\"@type\":\"ImageObject\",\"inLanguage\":\"pt-BR\",\"@id\":\"https:\\\/\\\/secure.gravatar.com\\\/avatar\\\/15ff5746ff9e313f1248fe2373ce03309054e96387bb9249055458d0c1aaa297?s=96&d=mm&r=g\",\"url\":\"https:\\\/\\\/secure.gravatar.com\\\/avatar\\\/15ff5746ff9e313f1248fe2373ce03309054e96387bb9249055458d0c1aaa297?s=96&d=mm&r=g\",\"contentUrl\":\"https:\\\/\\\/secure.gravatar.com\\\/avatar\\\/15ff5746ff9e313f1248fe2373ce03309054e96387bb9249055458d0c1aaa297?s=96&d=mm&r=g\",\"caption\":\"Thiago Leite\"},\"description\":\"Thiago de Paula Leite \u00e9 procurador do Estado de S\u00e3o Paulo e professor de direito ambiental e agr\u00e1rio do Estrat\u00e9gia.\",\"url\":\"https:\\\/\\\/cj.estrategia.com\\\/portal\\\/author\\\/thiago-leite\\\/\"}]}<\/script>\n<!-- \/ Yoast SEO Premium plugin. -->","yoast_head_json":{"title":"Projeto de Lei reconhece carreira jur\u00eddica como atividade de risco","description":"Projeto de lei torna qualificados os crimes de homic\u00eddio ou les\u00e3o corporal dolosa praticados contra membros de carreiras jur\u00eddicas.","robots":{"index":"index","follow":"follow","max-snippet":"max-snippet:-1","max-image-preview":"max-image-preview:large","max-video-preview":"max-video-preview:-1"},"canonical":"https:\/\/cj.estrategia.com\/portal\/projeto-carreiras-juridicas-atividade-risco\/","og_locale":"pt_BR","og_type":"article","og_title":"Carreiras jur\u00eddicas como atividade de risco","og_description":"Projeto de lei torna qualificados os crimes de homic\u00eddio ou les\u00e3o corporal dolosa praticados contra membros de carreiras jur\u00eddicas.","og_url":"https:\/\/cj.estrategia.com\/portal\/projeto-carreiras-juridicas-atividade-risco\/","og_site_name":"Blog - Carreiras Jur\u00eddicas - Estrat\u00e9gia","article_publisher":"https:\/\/www.facebook.com\/estrategiacarreirajuridica\/","article_published_time":"2025-04-15T18:20:00+00:00","article_modified_time":"2025-04-15T18:20:06+00:00","og_image":[{"width":878,"height":498,"url":"https:\/\/cj.estrategia.com\/portal\/wp-content\/uploads\/2025\/04\/15142147\/camara.jpg","type":"image\/jpeg"}],"author":"Thiago Leite","twitter_card":"summary_large_image","twitter_creator":"@EstratJuridica","twitter_site":"@EstratJuridica","twitter_misc":{"Escrito por":"Thiago Leite","Est. tempo de leitura":"6 minutos"},"schema":{"@context":"https:\/\/schema.org","@graph":[{"@type":"NewsArticle","@id":"https:\/\/cj.estrategia.com\/portal\/projeto-carreiras-juridicas-atividade-risco\/#article","isPartOf":{"@id":"https:\/\/cj.estrategia.com\/portal\/projeto-carreiras-juridicas-atividade-risco\/"},"author":{"name":"Thiago Leite","@id":"https:\/\/cj.estrategia.com\/portal\/#\/schema\/person\/7d7d2b1c8386e2eeacc0b09cfbc1d0ff"},"headline":"Carreiras jur\u00eddicas como atividade de risco","datePublished":"2025-04-15T18:20:00+00:00","dateModified":"2025-04-15T18:20:06+00:00","mainEntityOfPage":{"@id":"https:\/\/cj.estrategia.com\/portal\/projeto-carreiras-juridicas-atividade-risco\/"},"wordCount":1073,"commentCount":0,"publisher":{"@id":"https:\/\/cj.estrategia.com\/portal\/#organization"},"image":{"@id":"https:\/\/cj.estrategia.com\/portal\/projeto-carreiras-juridicas-atividade-risco\/#primaryimage"},"thumbnailUrl":"https:\/\/cj.estrategia.com\/portal\/wp-content\/uploads\/2025\/04\/15142147\/camara.jpg","keywords":["atividade de risco permanente","c\u00e2mara dos deputados","carreira jur\u00eddica","c\u00f3digo penal","congresso nacional","crimes hediondos","Lei Geral de Prote\u00e7\u00e3o de Dados (LGPD)","Projeto de Lei 4.015\/2023"],"articleSection":["Carreiras Jur\u00eddicas"],"inLanguage":"pt-BR","potentialAction":[{"@type":"CommentAction","name":"Comment","target":["https:\/\/cj.estrategia.com\/portal\/projeto-carreiras-juridicas-atividade-risco\/#respond"]}]},{"@type":"WebPage","@id":"https:\/\/cj.estrategia.com\/portal\/projeto-carreiras-juridicas-atividade-risco\/","url":"https:\/\/cj.estrategia.com\/portal\/projeto-carreiras-juridicas-atividade-risco\/","name":"Projeto de Lei reconhece carreira jur\u00eddica como atividade de risco","isPartOf":{"@id":"https:\/\/cj.estrategia.com\/portal\/#website"},"primaryImageOfPage":{"@id":"https:\/\/cj.estrategia.com\/portal\/projeto-carreiras-juridicas-atividade-risco\/#primaryimage"},"image":{"@id":"https:\/\/cj.estrategia.com\/portal\/projeto-carreiras-juridicas-atividade-risco\/#primaryimage"},"thumbnailUrl":"https:\/\/cj.estrategia.com\/portal\/wp-content\/uploads\/2025\/04\/15142147\/camara.jpg","datePublished":"2025-04-15T18:20:00+00:00","dateModified":"2025-04-15T18:20:06+00:00","description":"Projeto de lei torna qualificados os crimes de homic\u00eddio ou les\u00e3o corporal dolosa praticados contra membros de carreiras jur\u00eddicas.","breadcrumb":{"@id":"https:\/\/cj.estrategia.com\/portal\/projeto-carreiras-juridicas-atividade-risco\/#breadcrumb"},"inLanguage":"pt-BR","potentialAction":[{"@type":"ReadAction","target":["https:\/\/cj.estrategia.com\/portal\/projeto-carreiras-juridicas-atividade-risco\/"]}]},{"@type":"ImageObject","inLanguage":"pt-BR","@id":"https:\/\/cj.estrategia.com\/portal\/projeto-carreiras-juridicas-atividade-risco\/#primaryimage","url":"https:\/\/cj.estrategia.com\/portal\/wp-content\/uploads\/2025\/04\/15142147\/camara.jpg","contentUrl":"https:\/\/cj.estrategia.com\/portal\/wp-content\/uploads\/2025\/04\/15142147\/camara.jpg","width":878,"height":498,"caption":"Imagem: Bruno Spada\/C\u00e2mara dos Deputados"},{"@type":"BreadcrumbList","@id":"https:\/\/cj.estrategia.com\/portal\/projeto-carreiras-juridicas-atividade-risco\/#breadcrumb","itemListElement":[{"@type":"ListItem","position":1,"name":"In\u00edcio","item":"https:\/\/cj.estrategia.com\/portal\/"},{"@type":"ListItem","position":2,"name":"Carreiras jur\u00eddicas como atividade de risco"}]},{"@type":"WebSite","@id":"https:\/\/cj.estrategia.com\/portal\/#website","url":"https:\/\/cj.estrategia.com\/portal\/","name":"Blog - Carreiras Jur\u00eddicas - Estrat\u00e9gia","description":"","publisher":{"@id":"https:\/\/cj.estrategia.com\/portal\/#organization"},"potentialAction":[{"@type":"SearchAction","target":{"@type":"EntryPoint","urlTemplate":"https:\/\/cj.estrategia.com\/portal\/?s={search_term_string}"},"query-input":{"@type":"PropertyValueSpecification","valueRequired":true,"valueName":"search_term_string"}}],"inLanguage":"pt-BR"},{"@type":"Organization","@id":"https:\/\/cj.estrategia.com\/portal\/#organization","name":"Estrat\u00e9gia - Carreiras Jur\u00eddicas","url":"https:\/\/cj.estrategia.com\/portal\/","logo":{"@type":"ImageObject","inLanguage":"pt-BR","@id":"https:\/\/cj.estrategia.com\/portal\/#\/schema\/logo\/image\/","url":"https:\/\/cj.estrategia.com\/portal\/wp-content\/uploads\/2022\/03\/11151052\/cj-logo.png","contentUrl":"https:\/\/cj.estrategia.com\/portal\/wp-content\/uploads\/2022\/03\/11151052\/cj-logo.png","width":150,"height":39,"caption":"Estrat\u00e9gia - Carreiras Jur\u00eddicas"},"image":{"@id":"https:\/\/cj.estrategia.com\/portal\/#\/schema\/logo\/image\/"},"sameAs":["https:\/\/www.facebook.com\/estrategiacarreirajuridica\/","https:\/\/x.com\/EstratJuridica","https:\/\/www.instagram.com\/estrategiacarreirajuridica\/","https:\/\/www.youtube.com\/channel\/UClbMGuYbj2Mh1m3w144ETWQ"]},{"@type":"Person","@id":"https:\/\/cj.estrategia.com\/portal\/#\/schema\/person\/7d7d2b1c8386e2eeacc0b09cfbc1d0ff","name":"Thiago Leite","image":{"@type":"ImageObject","inLanguage":"pt-BR","@id":"https:\/\/secure.gravatar.com\/avatar\/15ff5746ff9e313f1248fe2373ce03309054e96387bb9249055458d0c1aaa297?s=96&d=mm&r=g","url":"https:\/\/secure.gravatar.com\/avatar\/15ff5746ff9e313f1248fe2373ce03309054e96387bb9249055458d0c1aaa297?s=96&d=mm&r=g","contentUrl":"https:\/\/secure.gravatar.com\/avatar\/15ff5746ff9e313f1248fe2373ce03309054e96387bb9249055458d0c1aaa297?s=96&d=mm&r=g","caption":"Thiago Leite"},"description":"Thiago de Paula Leite \u00e9 procurador do Estado de S\u00e3o Paulo e professor de direito ambiental e agr\u00e1rio do Estrat\u00e9gia.","url":"https:\/\/cj.estrategia.com\/portal\/author\/thiago-leite\/"}]}},"jetpack_featured_media_url":"https:\/\/cj.estrategia.com\/portal\/wp-content\/uploads\/2025\/04\/15142147\/camara.jpg","jetpack_sharing_enabled":true,"_links":{"self":[{"href":"https:\/\/cj.estrategia.com\/portal\/wp-json\/wp\/v2\/posts\/112607","targetHints":{"allow":["GET"]}}],"collection":[{"href":"https:\/\/cj.estrategia.com\/portal\/wp-json\/wp\/v2\/posts"}],"about":[{"href":"https:\/\/cj.estrategia.com\/portal\/wp-json\/wp\/v2\/types\/post"}],"author":[{"embeddable":true,"href":"https:\/\/cj.estrategia.com\/portal\/wp-json\/wp\/v2\/users\/81"}],"replies":[{"embeddable":true,"href":"https:\/\/cj.estrategia.com\/portal\/wp-json\/wp\/v2\/comments?post=112607"}],"version-history":[{"count":6,"href":"https:\/\/cj.estrategia.com\/portal\/wp-json\/wp\/v2\/posts\/112607\/revisions"}],"predecessor-version":[{"id":112637,"href":"https:\/\/cj.estrategia.com\/portal\/wp-json\/wp\/v2\/posts\/112607\/revisions\/112637"}],"wp:featuredmedia":[{"embeddable":true,"href":"https:\/\/cj.estrategia.com\/portal\/wp-json\/wp\/v2\/media\/112613"}],"wp:attachment":[{"href":"https:\/\/cj.estrategia.com\/portal\/wp-json\/wp\/v2\/media?parent=112607"}],"wp:term":[{"taxonomy":"category","embeddable":true,"href":"https:\/\/cj.estrategia.com\/portal\/wp-json\/wp\/v2\/categories?post=112607"},{"taxonomy":"post_tag","embeddable":true,"href":"https:\/\/cj.estrategia.com\/portal\/wp-json\/wp\/v2\/tags?post=112607"},{"taxonomy":"tax_estado","embeddable":true,"href":"https:\/\/cj.estrategia.com\/portal\/wp-json\/wp\/v2\/tax_estado?post=112607"}],"curies":[{"name":"wp","href":"https:\/\/api.w.org\/{rel}","templated":true}]}}