{"id":111498,"date":"2025-04-10T15:20:35","date_gmt":"2025-04-10T18:20:35","guid":{"rendered":"https:\/\/cj.estrategia.com\/portal\/?p=111498"},"modified":"2025-04-10T15:20:40","modified_gmt":"2025-04-10T18:20:40","slug":"preferencia-honorarios-advocaticio-credito-tributario","status":"publish","type":"post","link":"https:\/\/cj.estrategia.com\/portal\/preferencia-honorarios-advocaticio-credito-tributario\/","title":{"rendered":"Prefer\u00eancia dos honor\u00e1rios advocat\u00edcios sobre o cr\u00e9dito tribut\u00e1rio: o tema 1.220 de Repercuss\u00e3o Geral"},"content":{"rendered":"\n<p>Adiante-se, o Supremo Tribunal Federal pacificou quest\u00e3o crucial para a advocacia brasileira ao julgar o Tema 1220 de Repercuss\u00e3o Geral.<\/p>\n\n\n\n<p>Na verdade, a decis\u00e3o conferiu aos <strong>honor\u00e1rios advocat\u00edcios<\/strong>, incluindo os contratuais, <strong><mark style=\"background-color:rgba(0, 0, 0, 0)\" class=\"has-inline-color has-luminous-vivid-orange-color\">prefer\u00eancia integral sobre o cr\u00e9dito tribut\u00e1rio<\/mark><\/strong>.<\/p>\n\n\n\n<p>Perceba, tal entendimento impacta profundamente as execu\u00e7\u00f5es fiscais e reconfigura o tratamento dispensado \u00e0 verba honor\u00e1ria no sistema de justi\u00e7a.<\/p>\n\n\n\n<p>Dessa forma, cumpre analisar os argumentos que prevaleceram e as consequ\u00eancias pr\u00e1ticas desta decis\u00e3o.<\/p>\n\n\n\n<h2 id=\"contexto-historico\" class=\"wp-block-heading\">Contexto hist\u00f3rico<\/h2>\n\n\n\n<p>De fato, a tens\u00e3o entre a cobran\u00e7a de tributos e a garantia dos honor\u00e1rios advocat\u00edcios precede o presente julgamento.<\/p>\n\n\n\n<p>De um lado, o art. 186 do <strong><a href=\"https:\/\/www.estrategiaconcursos.com.br\/assinaturas-ecj\/\" target=\"_blank\" >CTN<\/a><\/strong> estabelece que \u201co cr\u00e9dito tribut\u00e1rio prefere a qualquer outro, seja qual for sua natureza ou o tempo de sua constitui\u00e7\u00e3o, ressalvados os cr\u00e9ditos decorrentes da legisla\u00e7\u00e3o do trabalho ou do acidente de trabalho\u201d.<\/p>\n\n\n\n<p>De outro, o art. 85, \u00a7 14, do CPC disp\u00f5e que \u201cos honor\u00e1rios constituem direito do advogado e t\u00eam natureza alimentar, com os mesmos privil\u00e9gios dos cr\u00e9ditos oriundos da legisla\u00e7\u00e3o do trabalho\u201d.<\/p>\n\n\n\n<p>Nessa linha, essa aparente antinomia normativa criou cen\u00e1rio de disputas onde Fazenda P\u00fablica e advogados contendiam pela prefer\u00eancia no recebimento dos valores.<\/p>\n\n\n\n<p>Era comum que os Tribunais Regionais Federais frequentemente negassem tais pleitos, submetendo os caus\u00eddicos \u00e0 espera da <strong>quita\u00e7\u00e3o integral dos d\u00e9bitos fiscais<\/strong> por seus clientes para, s\u00f3 ent\u00e3o, receberem sua verba alimentar.<\/p>\n\n\n\n<p>Entretanto, isso mudou.<\/p>\n\n\n\n<h2 id=\"a-origem-do-caso\" class=\"wp-block-heading\">A origem do caso<\/h2>\n\n\n\n<p>O Recurso Extraordin\u00e1rio 1.326.559\/SC, que culminou na fixa\u00e7\u00e3o do Tema 1220, originou-se quando a sociedade de advogados Adolfo Manoel da Silva e Advogados Associados requereu a reserva de honor\u00e1rios contratuais em execu\u00e7\u00e3o onde havia penhora em favor da Fazenda Nacional.<\/p>\n\n\n\n<p>Tratava-se de a\u00e7\u00e3o para recuperar diferen\u00e7as de <strong>cr\u00e9ditos de empr\u00e9stimo compuls\u00f3rio<\/strong> sobre energia el\u00e9trica contra a Eletrobr\u00e1s.<\/p>\n\n\n\n<p>O ju\u00edzo de primeira inst\u00e2ncia e o Tribunal Regional Federal da 4\u00aa Regi\u00e3o rejeitaram o pedido, considerando inconstitucional o <strong>\u00a7 14 do art. 85 do CPC<\/strong> na parte que conferiria <strong><mark style=\"background-color:rgba(0, 0, 0, 0)\" class=\"has-inline-color has-luminous-vivid-orange-color\">prefer\u00eancia aos honor\u00e1rios sobre o cr\u00e9dito tribut\u00e1rio<\/mark><\/strong>.<\/p>\n\n\n\n<p>Dessa maneira, contra tal entendimento insurgiu-se a parte recorrente perante a Suprema Corte.<\/p>\n\n\n\n<p>Na sess\u00e3o do TRF-4 que declarou a <strong>inconstitucionalidade parcial<\/strong> do dispositivo, evidenciou-se tens\u00e3o entre diferentes concep\u00e7\u00f5es sobre o papel do tributo e do advogado na sociedade.<\/p>\n\n\n\n<p>Conforme manifesta\u00e7\u00e3o da Desembargadora Vivian Josete Pantale\u00e3o Caminha, \u201cse equipara\u00e7\u00e3o h\u00e1, por for\u00e7a do artigo 85, \u00a7 14, do CPC, ela est\u00e1 adstrita aos honor\u00e1rios advocat\u00edcios sucumbenciais \u2013 distin\u00e7\u00e3o absolutamente pertinente, uma vez que o valor destes \u00e9 definido por normas legais espec\u00edficas, ao passo que os honor\u00e1rios advocat\u00edcios contratuais s\u00e3o livremente pactuados pelas partes\u201d.<\/p>\n\n\n\n<h2 id=\"a-tese-da-fazenda-nacional\" class=\"wp-block-heading\">A tese da Fazenda Nacional<\/h2>\n\n\n\n<p>A Procuradoria-Geral da Fazenda Nacional sustentou a inconstitucionalidade formal do dispositivo do CPC, asseverando que somente lei complementar poderia dispor sobre prefer\u00eancia do cr\u00e9dito tribut\u00e1rio, conforme preconiza o art. 146, III, \u201cb\u201d, da Constitui\u00e7\u00e3o Federal.<\/p>\n\n\n\n<p>Al\u00e9m disso, a Fazenda defendeu que os honor\u00e1rios advocat\u00edcios, por decorrerem de contrato civil e n\u00e3o de rela\u00e7\u00e3o empregat\u00edcia, n\u00e3o se enquadrariam no conceito de \u201ccr\u00e9ditos decorrentes da legisla\u00e7\u00e3o do trabalho\u201d. O tributo, enquanto fonte de financiamento das pol\u00edticas p\u00fablicas, n\u00e3o poderia ser preterido em favor de interesses particulares.<\/p>\n\n\n\n<p>O argumento central residia na premissa de que o interesse p\u00fablico na arrecada\u00e7\u00e3o tribut\u00e1ria deveria prevalecer sobre o interesse individual do advogado em receber seus honor\u00e1rios. Em car\u00e1ter subsidi\u00e1rio, a PGFN prop\u00f4s que se estabelecesse limite de 150 sal\u00e1rios-m\u00ednimos para a prefer\u00eancia, seguindo o par\u00e2metro da Lei de Fal\u00eancias.<\/p>\n\n\n\n<h2 id=\"o-voto-do-ministro-dias-toffoli-vencedor\" class=\"wp-block-heading\">O voto do Ministro Dias Toffoli (vencedor)<\/h2>\n\n\n\n<p>Vale salientar que o Ministro Dias Toffoli, relator do caso, apresentou um voto em que proclamou apresentar uma \u201c<strong><mark style=\"background-color:rgba(0, 0, 0, 0)\" class=\"has-inline-color has-luminous-vivid-orange-color\">vis\u00e3o humanista do direito tribut\u00e1rio<\/mark><\/strong>\u201c.<\/p>\n\n\n\n<p>Segundo seu entendimento, a tributa\u00e7\u00e3o deve compatibilizar-se n\u00e3o apenas com os <strong>direitos de propriedade e liberdade<\/strong>, mas tamb\u00e9m com a <strong>dignidade da pessoa humana<\/strong> e outros valores fundamentais.<\/p>\n\n\n\n<p>O relator enfatizou a <strong>natureza alimentar dos honor\u00e1rios<\/strong>, destacando que, para muitos advogados, tais verbas constituem \u00fanica fonte de renda. Amparando-se no voto do Ministro Marco Aur\u00e9lio no RE 470.407\/DF, estabeleceu paralelo entre honor\u00e1rios e sal\u00e1rios, pela finalidade comum de prover a subsist\u00eancia do profissional e de sua fam\u00edlia.<\/p>\n\n\n\n<h3 class=\"wp-block-heading\" id=\"h-atividade-advocaticia-como-trabalho\"><span id=\"atividade-advocaticia-como-trabalho\">Atividade advocat\u00edcia como trabalho<\/span><\/h3>\n\n\n\n<div class=\"wp-block-media-text is-stacked-on-mobile\" style=\"grid-template-columns:31% auto\"><figure class=\"wp-block-media-text__media\"><img decoding=\"async\" width=\"740\" height=\"740\" src=\"https:\/\/cj.estrategia.com\/portal\/wp-content\/uploads\/2025\/04\/10150338\/maleta-trabalho-atividade.jpg\" alt=\"Prefer\u00eancia\" class=\"wp-image-111507 size-full\" srcset=\"https:\/\/cj.estrategia.com\/portal\/wp-content\/uploads\/2025\/04\/10150338\/maleta-trabalho-atividade.jpg 740w, https:\/\/cj.estrategia.com\/portal\/wp-content\/uploads\/2025\/04\/10150338\/maleta-trabalho-atividade-300x300.jpg 300w, https:\/\/cj.estrategia.com\/portal\/wp-content\/uploads\/2025\/04\/10150338\/maleta-trabalho-atividade-150x150.jpg 150w, https:\/\/cj.estrategia.com\/portal\/wp-content\/uploads\/2025\/04\/10150338\/maleta-trabalho-atividade-80x80.jpg 80w, https:\/\/cj.estrategia.com\/portal\/wp-content\/uploads\/2025\/04\/10150338\/maleta-trabalho-atividade-380x380.jpg 380w, https:\/\/cj.estrategia.com\/portal\/wp-content\/uploads\/2025\/04\/10150338\/maleta-trabalho-atividade-24x24.jpg 24w, https:\/\/cj.estrategia.com\/portal\/wp-content\/uploads\/2025\/04\/10150338\/maleta-trabalho-atividade-48x48.jpg 48w, https:\/\/cj.estrategia.com\/portal\/wp-content\/uploads\/2025\/04\/10150338\/maleta-trabalho-atividade-96x96.jpg 96w\" sizes=\"(max-width: 740px) 100vw, 740px\" \/><\/figure><div class=\"wp-block-media-text__content\">\n<p>Ponto crucial da argumenta\u00e7\u00e3o do Ministro Toffoli consistiu na demonstra\u00e7\u00e3o de que a pr\u00f3pria Lei 8.906\/94 (Estatuto da Advocacia) qualifica a atividade advocat\u00edcia como trabalho, <strong>mesmo sem v\u00ednculo empregat\u00edcio<\/strong>.<\/p>\n<\/div><\/div>\n\n\n\n<p>Ademais, diversos dispositivos do Estatuto empregam expressamente o termo \u201ctrabalho\u201d para se referir \u00e0 atua\u00e7\u00e3o dos advogados, como se verifica no art. 7\u00ba, II, que assegura ao advogado a \u201cinviolabilidade de seu escrit\u00f3rio ou local de trabalho\u201d.<\/p>\n\n\n\n<p>Na interpreta\u00e7\u00e3o do art. 186 do CTN, o relator considerou que a express\u00e3o \u201ccr\u00e9ditos decorrentes da legisla\u00e7\u00e3o do trabalho\u201d abrange os honor\u00e1rios advocat\u00edcios, tanto sucumbenciais quanto contratuais. Para corroborar tal posicionamento, mencionou precedentes do Superior Tribunal de Justi\u00e7a que equiparam os honor\u00e1rios a cr\u00e9ditos trabalhistas, conferindo-lhes prefer\u00eancia sobre o cr\u00e9dito tribut\u00e1rio.<\/p>\n\n\n\n<p>Quanto \u00e0 constitucionalidade formal do \u00a7 14 do art. 85 do CPC, o ministro afirmou que <strong>compete \u00e0 Uni\u00e3o<\/strong> legislar privativamente sobre direito do trabalho (art. 22, I, da CF), podendo enquadrar os honor\u00e1rios advocat\u00edcios no conceito de cr\u00e9ditos decorrentes da legisla\u00e7\u00e3o do trabalho, mesmo quando o advogado n\u00e3o est\u00e1 sujeito \u00e0 CLT.<\/p>\n\n\n\n<p>Por fim, o relator destacou a autonomia da primeira parte do \u00a7 14 do art. 85 do CPC em rela\u00e7\u00e3o ao caput do artigo. Embora o caput trate dos honor\u00e1rios sucumbenciais, o par\u00e1grafo em quest\u00e3o possui aplica\u00e7\u00e3o mais ampla, abrangendo tamb\u00e9m os honor\u00e1rios contratuais.<\/p>\n\n\n\n<p>Com base nesses fundamentos, o Ministro Dias Toffoli votou pelo provimento do recurso extraordin\u00e1rio, reconhecendo a prefer\u00eancia dos honor\u00e1rios advocat\u00edcios contratuais sobre o cr\u00e9dito tribut\u00e1rio.<\/p>\n\n\n\n<h2 id=\"a-divergencia-do-ministro-gilmar-mendes\" class=\"wp-block-heading\">A diverg\u00eancia do Ministro Gilmar Mendes<\/h2>\n\n\n\n<p>Por outro lado, o Ministro Gilmar Mendes, embora concordasse com a constitucionalidade formal do dispositivo, prop\u00f4s solu\u00e7\u00e3o intermedi\u00e1ria: limitar a prefer\u00eancia dos honor\u00e1rios a 150 sal\u00e1rios-m\u00ednimos, valor estabelecido pelo art. 83, I, da Lei 11.101\/2005 para os cr\u00e9ditos trabalhistas em processos falimentares.<\/p>\n\n\n\n<p>Sua fundamenta\u00e7\u00e3o baseou-se no conceito de Estado Fiscal, desenvolvido pelo jurista portugu\u00eas Jos\u00e9 Casalta Nabais, segundo o qual n\u00e3o h\u00e1 Estado Social sem Estado Fiscal.<\/p>\n\n\n\n<p>Isto porque, o tributo representa componente indispens\u00e1vel para o funcionamento estatal e a presta\u00e7\u00e3o de servi\u00e7os p\u00fablicos essenciais \u00e0 coletividade.<\/p>\n\n\n\n<p>Na verdade, o Ministro Gilmar Mendes buscou conciliar a prote\u00e7\u00e3o ao sustento do advogado com a necessidade de arrecada\u00e7\u00e3o tribut\u00e1ria. Em sua vis\u00e3o, montantes que ultrapassassem significativamente o necess\u00e1rio para a subsist\u00eancia n\u00e3o mereceriam a mesma prote\u00e7\u00e3o conferida \u00e0s verbas de car\u00e1ter essencialmente alimentar.<\/p>\n\n\n\n<p>A tese divergente, todavia, n\u00e3o obteve ades\u00e3o majorit\u00e1ria da Corte Suprema.<\/p>\n\n\n\n<h2 id=\"conclusao\" class=\"wp-block-heading\">Conclus\u00e3o<\/h2>\n\n\n\n<p>Por maioria, o Supremo Tribunal Federal fixou a seguinte tese:<\/p>\n\n\n\n<pre class=\"wp-block-preformatted\">\"\u00c9 formalmente constitucional o \u00a7 14 do art. 85 do C\u00f3digo de Processo Civil no que diz respeito \u00e0 prefer\u00eancia dos honor\u00e1rios advocat\u00edcios, inclusive contratuais, em rela\u00e7\u00e3o ao cr\u00e9dito tribut\u00e1rio, considerando-se o teor do art. 186 do CTN\".<\/pre>\n\n\n\n<p>Restaram vencidos os Ministros Gilmar Mendes, Cristiano Zanin e Fl\u00e1vio Dino, que propugnavam pela limita\u00e7\u00e3o valorativa.<\/p>\n\n\n\n<p>Na vida real, tal decis\u00e3o implica as seguintes consequ\u00eancias:<\/p>\n\n\n\n<ol class=\"wp-block-list\">\n<li>Em concurso de credores, os honor\u00e1rios advocat\u00edcios (contratuais ou sucumbenciais) dever\u00e3o ser <strong>adimplidos previamente<\/strong> ao cr\u00e9dito tribut\u00e1rio, sem limita\u00e7\u00e3o de valor.<\/li>\n\n\n\n<li>Nas execu\u00e7\u00f5es com penhora no rosto dos autos em favor da Fazenda P\u00fablica, <strong>faculta-se<\/strong> aos advogados requerer a reserva de seus honor\u00e1rios contratuais, com prefer\u00eancia no recebimento.<\/li>\n\n\n\n<li>Os <strong>magistrados <\/strong>devem observar essa prefer\u00eancia em suas decis\u00f5es, sob pena de viola\u00e7\u00e3o de precedente vinculante, nos termos do art. 927, III, do CPC.<\/li>\n\n\n\n<li>Em virtude da <strong>modula\u00e7\u00e3o<\/strong> dos efeitos da decis\u00e3o, valores j\u00e1 levantados pelos advogados, com prefer\u00eancia em rela\u00e7\u00e3o ao cr\u00e9dito tribut\u00e1rio, n\u00e3o est\u00e3o sujeitos a repeti\u00e7\u00e3o.<\/li>\n<\/ol>\n\n\n\n<p>Ora, o Tema 1220 encerra controv\u00e9rsia relevante, por\u00e9m inaugura um debate interessante, na opini\u00e3o desse articulista haver\u00e1 Embargos de Declara\u00e7\u00e3o discutindo a tem\u00e1tica novamente\u2026 mas, n\u00e3o tenho d\u00favidas isso cair\u00e1 muito em provas, do jeito que foi decidido.<\/p>\n\n\n\n<hr class=\"wp-block-separator has-alpha-channel-opacity\"\/>\n\n\n\n<h2 class=\"wp-block-heading has-text-align-center\" id=\"h-quer-saber-quais-serao-os-proximos-concursos\"><span id=\"quer-saber-quais-serao-os-proximos-concursos\">Quer saber quais ser\u00e3o os pr\u00f3ximos concursos?<\/span><\/h2>\n\n\n\n<pre class=\"wp-block-verse has-text-align-center\">Confira nossos\u00a0<a href=\"https:\/\/cj.estrategia.com\/portal\/\" target=\"_blank\" >artigos para Carreiras Jur\u00eddicas<\/a>!<\/pre>\n\n\n\n<p class=\"has-text-align-center has-white-color has-pale-cyan-blue-background-color has-text-color has-background has-link-color wp-elements-3ffc9057f2314ec15f13b132eefb20e4\"><a href=\"https:\/\/www.estrategiaconcursos.com.br\/blog\/concursos-abertos\/\" target=\"_blank\" >Concursos p\u00fablicos abertos<\/a><\/p>\n\n\n\n<p class=\"has-text-align-center has-white-color has-pale-cyan-blue-background-color has-text-color has-background has-link-color wp-elements-0ddcc3bba7dead06242e688a17e9e277\"><a href=\"https:\/\/cj.estrategia.com\/portal\/concursos-2025-carreiras-juridicas\/\" target=\"_blank\" >Concursos 2025<\/a><\/p>\n","protected":false},"excerpt":{"rendered":"Adiante-se, o Supremo Tribunal Federal pacificou quest\u00e3o crucial para a advocacia brasileira ao julgar o Tema 1220 de&hellip;\n","protected":false},"author":93,"featured_media":111503,"comment_status":"open","ping_status":"open","sticky":false,"template":"","format":"standard","meta":{"_jetpack_memberships_contains_paid_content":false,"footnotes":""},"categories":[1],"tags":[336,2427,507,2428,1100,1655,2426],"tax_estado":[30,31,32,33,34,35,36,37,38,39,40,41,42,43,44,45,46,47,48,49,50,51,52,53,54,55,56,57],"class_list":{"0":"post-111498","1":"post","2":"type-post","3":"status-publish","4":"format-standard","5":"has-post-thumbnail","7":"category-carreiras-juridicas","8":"tag-analise-juridica","9":"tag-credito-tributario","10":"tag-dignidade-da-pessoa-humana","11":"tag-direito-de-propriedade","12":"tag-direito-tributario","13":"tag-honorarios-advocaticios","14":"tag-tema-1-220-stf","15":"tax_estado-ac","16":"tax_estado-al","17":"tax_estado-am","18":"tax_estado-ap","19":"tax_estado-ba","20":"tax_estado-ce","21":"tax_estado-concursos-federais","22":"tax_estado-df","23":"tax_estado-es","24":"tax_estado-go","25":"tax_estado-ma","26":"tax_estado-mg","27":"tax_estado-ms","28":"tax_estado-mt","29":"tax_estado-pa","30":"tax_estado-pb","31":"tax_estado-pe","32":"tax_estado-pi","33":"tax_estado-pr","34":"tax_estado-rj","35":"tax_estado-rn","36":"tax_estado-ro","37":"tax_estado-rr","38":"tax_estado-rs","39":"tax_estado-sc","40":"tax_estado-se","41":"tax_estado-sp","42":"tax_estado-to"},"acf":[],"yoast_head":"<!-- This site is optimized with the Yoast SEO Premium plugin v27.5 (Yoast SEO v27.5) - https:\/\/yoast.com\/product\/yoast-seo-premium-wordpress\/ -->\n<title>Prefer\u00eancia dos honor\u00e1rios advocat\u00edcios sobre o cr\u00e9dito tribut\u00e1rio<\/title>\n<meta name=\"description\" content=\"Decis\u00e3o do STF conferiu aos honor\u00e1rios advocat\u00edcios, incluindo os contratuais, prefer\u00eancia integral sobre o cr\u00e9dito tribut\u00e1rio.\" \/>\n<meta name=\"robots\" content=\"index, follow, max-snippet:-1, max-image-preview:large, max-video-preview:-1\" \/>\n<link rel=\"canonical\" href=\"https:\/\/cj.estrategia.com\/portal\/preferencia-honorarios-advocaticio-credito-tributario\/\" \/>\n<meta property=\"og:locale\" content=\"pt_BR\" \/>\n<meta property=\"og:type\" content=\"article\" \/>\n<meta property=\"og:title\" content=\"Prefer\u00eancia dos honor\u00e1rios advocat\u00edcios sobre o cr\u00e9dito tribut\u00e1rio: o tema 1.220 de Repercuss\u00e3o Geral\" \/>\n<meta property=\"og:description\" content=\"Decis\u00e3o do STF conferiu aos honor\u00e1rios advocat\u00edcios, incluindo os contratuais, prefer\u00eancia integral sobre o cr\u00e9dito tribut\u00e1rio.\" \/>\n<meta property=\"og:url\" content=\"https:\/\/cj.estrategia.com\/portal\/preferencia-honorarios-advocaticio-credito-tributario\/\" \/>\n<meta property=\"og:site_name\" content=\"Blog - Carreiras Jur\u00eddicas - Estrat\u00e9gia\" \/>\n<meta property=\"article:publisher\" content=\"https:\/\/www.facebook.com\/estrategiacarreirajuridica\/\" \/>\n<meta property=\"article:published_time\" content=\"2025-04-10T18:20:35+00:00\" \/>\n<meta property=\"article:modified_time\" content=\"2025-04-10T18:20:40+00:00\" \/>\n<meta property=\"og:image\" content=\"https:\/\/cj.estrategia.com\/portal\/wp-content\/uploads\/2025\/04\/10145946\/advogado-honorarios-processo-justica-trabalho.jpg\" \/>\n\t<meta property=\"og:image:width\" content=\"1380\" \/>\n\t<meta property=\"og:image:height\" content=\"773\" \/>\n\t<meta property=\"og:image:type\" content=\"image\/jpeg\" \/>\n<meta name=\"author\" content=\"Felipe Duque\" \/>\n<meta name=\"twitter:card\" content=\"summary_large_image\" \/>\n<meta name=\"twitter:creator\" content=\"@https:\/\/x.com\/ProfessorDuque\" \/>\n<meta name=\"twitter:site\" content=\"@EstratJuridica\" \/>\n<meta name=\"twitter:label1\" content=\"Escrito por\" \/>\n\t<meta name=\"twitter:data1\" content=\"Felipe Duque\" \/>\n\t<meta name=\"twitter:label2\" content=\"Est. tempo de leitura\" \/>\n\t<meta name=\"twitter:data2\" content=\"8 minutos\" \/>\n<script type=\"application\/ld+json\" class=\"yoast-schema-graph\">{\"@context\":\"https:\\\/\\\/schema.org\",\"@graph\":[{\"@type\":\"NewsArticle\",\"@id\":\"https:\\\/\\\/cj.estrategia.com\\\/portal\\\/preferencia-honorarios-advocaticio-credito-tributario\\\/#article\",\"isPartOf\":{\"@id\":\"https:\\\/\\\/cj.estrategia.com\\\/portal\\\/preferencia-honorarios-advocaticio-credito-tributario\\\/\"},\"author\":{\"name\":\"Felipe Duque\",\"@id\":\"https:\\\/\\\/cj.estrategia.com\\\/portal\\\/#\\\/schema\\\/person\\\/b5b0253b269d7130d1f7770b1ba29285\"},\"headline\":\"Prefer\u00eancia dos honor\u00e1rios advocat\u00edcios sobre o cr\u00e9dito tribut\u00e1rio: o tema 1.220 de Repercuss\u00e3o Geral\",\"datePublished\":\"2025-04-10T18:20:35+00:00\",\"dateModified\":\"2025-04-10T18:20:40+00:00\",\"mainEntityOfPage\":{\"@id\":\"https:\\\/\\\/cj.estrategia.com\\\/portal\\\/preferencia-honorarios-advocaticio-credito-tributario\\\/\"},\"wordCount\":1426,\"commentCount\":0,\"publisher\":{\"@id\":\"https:\\\/\\\/cj.estrategia.com\\\/portal\\\/#organization\"},\"image\":{\"@id\":\"https:\\\/\\\/cj.estrategia.com\\\/portal\\\/preferencia-honorarios-advocaticio-credito-tributario\\\/#primaryimage\"},\"thumbnailUrl\":\"https:\\\/\\\/cj.estrategia.com\\\/portal\\\/wp-content\\\/uploads\\\/2025\\\/04\\\/10145946\\\/advogado-honorarios-processo-justica-trabalho.jpg\",\"keywords\":[\"an\u00e1lise jur\u00eddica\",\"cr\u00e9dito tribut\u00e1rio\",\"dignidade da pessoa humana\",\"direito de propriedade\",\"direito tribut\u00e1rio\",\"honor\u00e1rios advocat\u00edcios\",\"Tema 1.220 STF\"],\"articleSection\":[\"Carreiras Jur\u00eddicas\"],\"inLanguage\":\"pt-BR\",\"potentialAction\":[{\"@type\":\"CommentAction\",\"name\":\"Comment\",\"target\":[\"https:\\\/\\\/cj.estrategia.com\\\/portal\\\/preferencia-honorarios-advocaticio-credito-tributario\\\/#respond\"]}]},{\"@type\":\"WebPage\",\"@id\":\"https:\\\/\\\/cj.estrategia.com\\\/portal\\\/preferencia-honorarios-advocaticio-credito-tributario\\\/\",\"url\":\"https:\\\/\\\/cj.estrategia.com\\\/portal\\\/preferencia-honorarios-advocaticio-credito-tributario\\\/\",\"name\":\"Prefer\u00eancia dos honor\u00e1rios advocat\u00edcios sobre o cr\u00e9dito tribut\u00e1rio\",\"isPartOf\":{\"@id\":\"https:\\\/\\\/cj.estrategia.com\\\/portal\\\/#website\"},\"primaryImageOfPage\":{\"@id\":\"https:\\\/\\\/cj.estrategia.com\\\/portal\\\/preferencia-honorarios-advocaticio-credito-tributario\\\/#primaryimage\"},\"image\":{\"@id\":\"https:\\\/\\\/cj.estrategia.com\\\/portal\\\/preferencia-honorarios-advocaticio-credito-tributario\\\/#primaryimage\"},\"thumbnailUrl\":\"https:\\\/\\\/cj.estrategia.com\\\/portal\\\/wp-content\\\/uploads\\\/2025\\\/04\\\/10145946\\\/advogado-honorarios-processo-justica-trabalho.jpg\",\"datePublished\":\"2025-04-10T18:20:35+00:00\",\"dateModified\":\"2025-04-10T18:20:40+00:00\",\"description\":\"Decis\u00e3o do STF conferiu aos honor\u00e1rios advocat\u00edcios, incluindo os contratuais, prefer\u00eancia integral sobre o cr\u00e9dito tribut\u00e1rio.\",\"breadcrumb\":{\"@id\":\"https:\\\/\\\/cj.estrategia.com\\\/portal\\\/preferencia-honorarios-advocaticio-credito-tributario\\\/#breadcrumb\"},\"inLanguage\":\"pt-BR\",\"potentialAction\":[{\"@type\":\"ReadAction\",\"target\":[\"https:\\\/\\\/cj.estrategia.com\\\/portal\\\/preferencia-honorarios-advocaticio-credito-tributario\\\/\"]}]},{\"@type\":\"ImageObject\",\"inLanguage\":\"pt-BR\",\"@id\":\"https:\\\/\\\/cj.estrategia.com\\\/portal\\\/preferencia-honorarios-advocaticio-credito-tributario\\\/#primaryimage\",\"url\":\"https:\\\/\\\/cj.estrategia.com\\\/portal\\\/wp-content\\\/uploads\\\/2025\\\/04\\\/10145946\\\/advogado-honorarios-processo-justica-trabalho.jpg\",\"contentUrl\":\"https:\\\/\\\/cj.estrategia.com\\\/portal\\\/wp-content\\\/uploads\\\/2025\\\/04\\\/10145946\\\/advogado-honorarios-processo-justica-trabalho.jpg\",\"width\":1380,\"height\":773},{\"@type\":\"BreadcrumbList\",\"@id\":\"https:\\\/\\\/cj.estrategia.com\\\/portal\\\/preferencia-honorarios-advocaticio-credito-tributario\\\/#breadcrumb\",\"itemListElement\":[{\"@type\":\"ListItem\",\"position\":1,\"name\":\"In\u00edcio\",\"item\":\"https:\\\/\\\/cj.estrategia.com\\\/portal\\\/\"},{\"@type\":\"ListItem\",\"position\":2,\"name\":\"Prefer\u00eancia dos honor\u00e1rios advocat\u00edcios sobre o cr\u00e9dito tribut\u00e1rio: o tema 1.220 de Repercuss\u00e3o Geral\"}]},{\"@type\":\"WebSite\",\"@id\":\"https:\\\/\\\/cj.estrategia.com\\\/portal\\\/#website\",\"url\":\"https:\\\/\\\/cj.estrategia.com\\\/portal\\\/\",\"name\":\"Blog - Carreiras Jur\u00eddicas - Estrat\u00e9gia\",\"description\":\"\",\"publisher\":{\"@id\":\"https:\\\/\\\/cj.estrategia.com\\\/portal\\\/#organization\"},\"potentialAction\":[{\"@type\":\"SearchAction\",\"target\":{\"@type\":\"EntryPoint\",\"urlTemplate\":\"https:\\\/\\\/cj.estrategia.com\\\/portal\\\/?s={search_term_string}\"},\"query-input\":{\"@type\":\"PropertyValueSpecification\",\"valueRequired\":true,\"valueName\":\"search_term_string\"}}],\"inLanguage\":\"pt-BR\"},{\"@type\":\"Organization\",\"@id\":\"https:\\\/\\\/cj.estrategia.com\\\/portal\\\/#organization\",\"name\":\"Estrat\u00e9gia - Carreiras Jur\u00eddicas\",\"url\":\"https:\\\/\\\/cj.estrategia.com\\\/portal\\\/\",\"logo\":{\"@type\":\"ImageObject\",\"inLanguage\":\"pt-BR\",\"@id\":\"https:\\\/\\\/cj.estrategia.com\\\/portal\\\/#\\\/schema\\\/logo\\\/image\\\/\",\"url\":\"https:\\\/\\\/cj.estrategia.com\\\/portal\\\/wp-content\\\/uploads\\\/2022\\\/03\\\/11151052\\\/cj-logo.png\",\"contentUrl\":\"https:\\\/\\\/cj.estrategia.com\\\/portal\\\/wp-content\\\/uploads\\\/2022\\\/03\\\/11151052\\\/cj-logo.png\",\"width\":150,\"height\":39,\"caption\":\"Estrat\u00e9gia - Carreiras Jur\u00eddicas\"},\"image\":{\"@id\":\"https:\\\/\\\/cj.estrategia.com\\\/portal\\\/#\\\/schema\\\/logo\\\/image\\\/\"},\"sameAs\":[\"https:\\\/\\\/www.facebook.com\\\/estrategiacarreirajuridica\\\/\",\"https:\\\/\\\/x.com\\\/EstratJuridica\",\"https:\\\/\\\/www.instagram.com\\\/estrategiacarreirajuridica\\\/\",\"https:\\\/\\\/www.youtube.com\\\/channel\\\/UClbMGuYbj2Mh1m3w144ETWQ\"]},{\"@type\":\"Person\",\"@id\":\"https:\\\/\\\/cj.estrategia.com\\\/portal\\\/#\\\/schema\\\/person\\\/b5b0253b269d7130d1f7770b1ba29285\",\"name\":\"Felipe Duque\",\"image\":{\"@type\":\"ImageObject\",\"inLanguage\":\"pt-BR\",\"@id\":\"https:\\\/\\\/cj.estrategia.com\\\/portal\\\/wp-content\\\/uploads\\\/2024\\\/08\\\/06162009\\\/Captura-de-Tela-2024-08-06-as-16.19.26-96x96.png\",\"url\":\"https:\\\/\\\/cj.estrategia.com\\\/portal\\\/wp-content\\\/uploads\\\/2024\\\/08\\\/06162009\\\/Captura-de-Tela-2024-08-06-as-16.19.26-96x96.png\",\"contentUrl\":\"https:\\\/\\\/cj.estrategia.com\\\/portal\\\/wp-content\\\/uploads\\\/2024\\\/08\\\/06162009\\\/Captura-de-Tela-2024-08-06-as-16.19.26-96x96.png\",\"caption\":\"Felipe Duque\"},\"description\":\"Felipe Duque - Mestre em Direito Pol\u00edtico e Econ\u00f4mico na Mackenzie-SP. Graduado em Direito pela Universidade Cat\u00f3lica de Pernambuco, com conclus\u00e3o pelo regime de Aproveitamento Extraordin\u00e1rio nos Estudos (art. 47, \u00a7 2\u00ba, da Lei n\u00ba 9.394\\\/96). Ex-Assessor de Desembargador no TJPE. Procurador da Fazenda Nacional. Integra voluntariamente a Coordena\u00e7\u00e3o de Assuntos Estrat\u00e9gicos Judiciais da PGFN. Professor do Estrat\u00e9gia Carreira Jur\u00eddica, Estrat\u00e9gia OAB e Buscador Dizer o Direito. Autor do livro \u201cReforma Tribut\u00e1ria Comentada e Esquematizada\u201d, \\\"Manual de Processo Tribut\u00e1rio: Administrativo e Judicial\\\" pela editora Juspodivm Parecerista na Revista de Estudos Jur\u00eddicos do Superior Tribunal de Justi\u00e7a (REJuriSTJ)\",\"sameAs\":[\"http:\\\/\\\/lattes.cnpq.br\\\/5755137268084324\",\"https:\\\/\\\/www.instagram.com\\\/felipe_duque\\\/\",\"https:\\\/\\\/br.linkedin.com\\\/in\\\/felipe-duque-56954638\",\"https:\\\/\\\/x.com\\\/https:\\\/\\\/x.com\\\/ProfessorDuque\",\"https:\\\/\\\/www.youtube.com\\\/@felipeduque-experienciasco5797\"],\"url\":\"https:\\\/\\\/cj.estrategia.com\\\/portal\\\/author\\\/felipe-duque\\\/\"}]}<\/script>\n<!-- \/ Yoast SEO Premium plugin. -->","yoast_head_json":{"title":"Prefer\u00eancia dos honor\u00e1rios advocat\u00edcios sobre o cr\u00e9dito tribut\u00e1rio","description":"Decis\u00e3o do STF conferiu aos honor\u00e1rios advocat\u00edcios, incluindo os contratuais, prefer\u00eancia integral sobre o cr\u00e9dito tribut\u00e1rio.","robots":{"index":"index","follow":"follow","max-snippet":"max-snippet:-1","max-image-preview":"max-image-preview:large","max-video-preview":"max-video-preview:-1"},"canonical":"https:\/\/cj.estrategia.com\/portal\/preferencia-honorarios-advocaticio-credito-tributario\/","og_locale":"pt_BR","og_type":"article","og_title":"Prefer\u00eancia dos honor\u00e1rios advocat\u00edcios sobre o cr\u00e9dito tribut\u00e1rio: o tema 1.220 de Repercuss\u00e3o Geral","og_description":"Decis\u00e3o do STF conferiu aos honor\u00e1rios advocat\u00edcios, incluindo os contratuais, prefer\u00eancia integral sobre o cr\u00e9dito tribut\u00e1rio.","og_url":"https:\/\/cj.estrategia.com\/portal\/preferencia-honorarios-advocaticio-credito-tributario\/","og_site_name":"Blog - Carreiras Jur\u00eddicas - Estrat\u00e9gia","article_publisher":"https:\/\/www.facebook.com\/estrategiacarreirajuridica\/","article_published_time":"2025-04-10T18:20:35+00:00","article_modified_time":"2025-04-10T18:20:40+00:00","og_image":[{"width":1380,"height":773,"url":"https:\/\/cj.estrategia.com\/portal\/wp-content\/uploads\/2025\/04\/10145946\/advogado-honorarios-processo-justica-trabalho.jpg","type":"image\/jpeg"}],"author":"Felipe Duque","twitter_card":"summary_large_image","twitter_creator":"@https:\/\/x.com\/ProfessorDuque","twitter_site":"@EstratJuridica","twitter_misc":{"Escrito por":"Felipe Duque","Est. tempo de leitura":"8 minutos"},"schema":{"@context":"https:\/\/schema.org","@graph":[{"@type":"NewsArticle","@id":"https:\/\/cj.estrategia.com\/portal\/preferencia-honorarios-advocaticio-credito-tributario\/#article","isPartOf":{"@id":"https:\/\/cj.estrategia.com\/portal\/preferencia-honorarios-advocaticio-credito-tributario\/"},"author":{"name":"Felipe Duque","@id":"https:\/\/cj.estrategia.com\/portal\/#\/schema\/person\/b5b0253b269d7130d1f7770b1ba29285"},"headline":"Prefer\u00eancia dos honor\u00e1rios advocat\u00edcios sobre o cr\u00e9dito tribut\u00e1rio: o tema 1.220 de Repercuss\u00e3o Geral","datePublished":"2025-04-10T18:20:35+00:00","dateModified":"2025-04-10T18:20:40+00:00","mainEntityOfPage":{"@id":"https:\/\/cj.estrategia.com\/portal\/preferencia-honorarios-advocaticio-credito-tributario\/"},"wordCount":1426,"commentCount":0,"publisher":{"@id":"https:\/\/cj.estrategia.com\/portal\/#organization"},"image":{"@id":"https:\/\/cj.estrategia.com\/portal\/preferencia-honorarios-advocaticio-credito-tributario\/#primaryimage"},"thumbnailUrl":"https:\/\/cj.estrategia.com\/portal\/wp-content\/uploads\/2025\/04\/10145946\/advogado-honorarios-processo-justica-trabalho.jpg","keywords":["an\u00e1lise jur\u00eddica","cr\u00e9dito tribut\u00e1rio","dignidade da pessoa humana","direito de propriedade","direito tribut\u00e1rio","honor\u00e1rios advocat\u00edcios","Tema 1.220 STF"],"articleSection":["Carreiras Jur\u00eddicas"],"inLanguage":"pt-BR","potentialAction":[{"@type":"CommentAction","name":"Comment","target":["https:\/\/cj.estrategia.com\/portal\/preferencia-honorarios-advocaticio-credito-tributario\/#respond"]}]},{"@type":"WebPage","@id":"https:\/\/cj.estrategia.com\/portal\/preferencia-honorarios-advocaticio-credito-tributario\/","url":"https:\/\/cj.estrategia.com\/portal\/preferencia-honorarios-advocaticio-credito-tributario\/","name":"Prefer\u00eancia dos honor\u00e1rios advocat\u00edcios sobre o cr\u00e9dito tribut\u00e1rio","isPartOf":{"@id":"https:\/\/cj.estrategia.com\/portal\/#website"},"primaryImageOfPage":{"@id":"https:\/\/cj.estrategia.com\/portal\/preferencia-honorarios-advocaticio-credito-tributario\/#primaryimage"},"image":{"@id":"https:\/\/cj.estrategia.com\/portal\/preferencia-honorarios-advocaticio-credito-tributario\/#primaryimage"},"thumbnailUrl":"https:\/\/cj.estrategia.com\/portal\/wp-content\/uploads\/2025\/04\/10145946\/advogado-honorarios-processo-justica-trabalho.jpg","datePublished":"2025-04-10T18:20:35+00:00","dateModified":"2025-04-10T18:20:40+00:00","description":"Decis\u00e3o do STF conferiu aos honor\u00e1rios advocat\u00edcios, incluindo os contratuais, prefer\u00eancia integral sobre o cr\u00e9dito tribut\u00e1rio.","breadcrumb":{"@id":"https:\/\/cj.estrategia.com\/portal\/preferencia-honorarios-advocaticio-credito-tributario\/#breadcrumb"},"inLanguage":"pt-BR","potentialAction":[{"@type":"ReadAction","target":["https:\/\/cj.estrategia.com\/portal\/preferencia-honorarios-advocaticio-credito-tributario\/"]}]},{"@type":"ImageObject","inLanguage":"pt-BR","@id":"https:\/\/cj.estrategia.com\/portal\/preferencia-honorarios-advocaticio-credito-tributario\/#primaryimage","url":"https:\/\/cj.estrategia.com\/portal\/wp-content\/uploads\/2025\/04\/10145946\/advogado-honorarios-processo-justica-trabalho.jpg","contentUrl":"https:\/\/cj.estrategia.com\/portal\/wp-content\/uploads\/2025\/04\/10145946\/advogado-honorarios-processo-justica-trabalho.jpg","width":1380,"height":773},{"@type":"BreadcrumbList","@id":"https:\/\/cj.estrategia.com\/portal\/preferencia-honorarios-advocaticio-credito-tributario\/#breadcrumb","itemListElement":[{"@type":"ListItem","position":1,"name":"In\u00edcio","item":"https:\/\/cj.estrategia.com\/portal\/"},{"@type":"ListItem","position":2,"name":"Prefer\u00eancia dos honor\u00e1rios advocat\u00edcios sobre o cr\u00e9dito tribut\u00e1rio: o tema 1.220 de Repercuss\u00e3o Geral"}]},{"@type":"WebSite","@id":"https:\/\/cj.estrategia.com\/portal\/#website","url":"https:\/\/cj.estrategia.com\/portal\/","name":"Blog - Carreiras Jur\u00eddicas - Estrat\u00e9gia","description":"","publisher":{"@id":"https:\/\/cj.estrategia.com\/portal\/#organization"},"potentialAction":[{"@type":"SearchAction","target":{"@type":"EntryPoint","urlTemplate":"https:\/\/cj.estrategia.com\/portal\/?s={search_term_string}"},"query-input":{"@type":"PropertyValueSpecification","valueRequired":true,"valueName":"search_term_string"}}],"inLanguage":"pt-BR"},{"@type":"Organization","@id":"https:\/\/cj.estrategia.com\/portal\/#organization","name":"Estrat\u00e9gia - Carreiras Jur\u00eddicas","url":"https:\/\/cj.estrategia.com\/portal\/","logo":{"@type":"ImageObject","inLanguage":"pt-BR","@id":"https:\/\/cj.estrategia.com\/portal\/#\/schema\/logo\/image\/","url":"https:\/\/cj.estrategia.com\/portal\/wp-content\/uploads\/2022\/03\/11151052\/cj-logo.png","contentUrl":"https:\/\/cj.estrategia.com\/portal\/wp-content\/uploads\/2022\/03\/11151052\/cj-logo.png","width":150,"height":39,"caption":"Estrat\u00e9gia - Carreiras Jur\u00eddicas"},"image":{"@id":"https:\/\/cj.estrategia.com\/portal\/#\/schema\/logo\/image\/"},"sameAs":["https:\/\/www.facebook.com\/estrategiacarreirajuridica\/","https:\/\/x.com\/EstratJuridica","https:\/\/www.instagram.com\/estrategiacarreirajuridica\/","https:\/\/www.youtube.com\/channel\/UClbMGuYbj2Mh1m3w144ETWQ"]},{"@type":"Person","@id":"https:\/\/cj.estrategia.com\/portal\/#\/schema\/person\/b5b0253b269d7130d1f7770b1ba29285","name":"Felipe Duque","image":{"@type":"ImageObject","inLanguage":"pt-BR","@id":"https:\/\/cj.estrategia.com\/portal\/wp-content\/uploads\/2024\/08\/06162009\/Captura-de-Tela-2024-08-06-as-16.19.26-96x96.png","url":"https:\/\/cj.estrategia.com\/portal\/wp-content\/uploads\/2024\/08\/06162009\/Captura-de-Tela-2024-08-06-as-16.19.26-96x96.png","contentUrl":"https:\/\/cj.estrategia.com\/portal\/wp-content\/uploads\/2024\/08\/06162009\/Captura-de-Tela-2024-08-06-as-16.19.26-96x96.png","caption":"Felipe Duque"},"description":"Felipe Duque - Mestre em Direito Pol\u00edtico e Econ\u00f4mico na Mackenzie-SP. Graduado em Direito pela Universidade Cat\u00f3lica de Pernambuco, com conclus\u00e3o pelo regime de Aproveitamento Extraordin\u00e1rio nos Estudos (art. 47, \u00a7 2\u00ba, da Lei n\u00ba 9.394\/96). Ex-Assessor de Desembargador no TJPE. Procurador da Fazenda Nacional. Integra voluntariamente a Coordena\u00e7\u00e3o de Assuntos Estrat\u00e9gicos Judiciais da PGFN. Professor do Estrat\u00e9gia Carreira Jur\u00eddica, Estrat\u00e9gia OAB e Buscador Dizer o Direito. Autor do livro \u201cReforma Tribut\u00e1ria Comentada e Esquematizada\u201d, \"Manual de Processo Tribut\u00e1rio: Administrativo e Judicial\" pela editora Juspodivm Parecerista na Revista de Estudos Jur\u00eddicos do Superior Tribunal de Justi\u00e7a (REJuriSTJ)","sameAs":["http:\/\/lattes.cnpq.br\/5755137268084324","https:\/\/www.instagram.com\/felipe_duque\/","https:\/\/br.linkedin.com\/in\/felipe-duque-56954638","https:\/\/x.com\/https:\/\/x.com\/ProfessorDuque","https:\/\/www.youtube.com\/@felipeduque-experienciasco5797"],"url":"https:\/\/cj.estrategia.com\/portal\/author\/felipe-duque\/"}]}},"jetpack_featured_media_url":"https:\/\/cj.estrategia.com\/portal\/wp-content\/uploads\/2025\/04\/10145946\/advogado-honorarios-processo-justica-trabalho.jpg","jetpack_sharing_enabled":true,"_links":{"self":[{"href":"https:\/\/cj.estrategia.com\/portal\/wp-json\/wp\/v2\/posts\/111498","targetHints":{"allow":["GET"]}}],"collection":[{"href":"https:\/\/cj.estrategia.com\/portal\/wp-json\/wp\/v2\/posts"}],"about":[{"href":"https:\/\/cj.estrategia.com\/portal\/wp-json\/wp\/v2\/types\/post"}],"author":[{"embeddable":true,"href":"https:\/\/cj.estrategia.com\/portal\/wp-json\/wp\/v2\/users\/93"}],"replies":[{"embeddable":true,"href":"https:\/\/cj.estrategia.com\/portal\/wp-json\/wp\/v2\/comments?post=111498"}],"version-history":[{"count":0,"href":"https:\/\/cj.estrategia.com\/portal\/wp-json\/wp\/v2\/posts\/111498\/revisions"}],"wp:featuredmedia":[{"embeddable":true,"href":"https:\/\/cj.estrategia.com\/portal\/wp-json\/wp\/v2\/media\/111503"}],"wp:attachment":[{"href":"https:\/\/cj.estrategia.com\/portal\/wp-json\/wp\/v2\/media?parent=111498"}],"wp:term":[{"taxonomy":"category","embeddable":true,"href":"https:\/\/cj.estrategia.com\/portal\/wp-json\/wp\/v2\/categories?post=111498"},{"taxonomy":"post_tag","embeddable":true,"href":"https:\/\/cj.estrategia.com\/portal\/wp-json\/wp\/v2\/tags?post=111498"},{"taxonomy":"tax_estado","embeddable":true,"href":"https:\/\/cj.estrategia.com\/portal\/wp-json\/wp\/v2\/tax_estado?post=111498"}],"curies":[{"name":"wp","href":"https:\/\/api.w.org\/{rel}","templated":true}]}}