{"id":110753,"date":"2025-04-11T13:47:54","date_gmt":"2025-04-11T16:47:54","guid":{"rendered":"https:\/\/cj.estrategia.com\/portal\/?p=110753"},"modified":"2025-04-11T13:47:58","modified_gmt":"2025-04-11T16:47:58","slug":"programa-de-residencia-juridica-tj-es-provas","status":"publish","type":"post","link":"https:\/\/cj.estrategia.com\/portal\/programa-de-residencia-juridica-tj-es-provas\/","title":{"rendered":"\u00c9 neste domingo! Veja os detalhes das provas de Resid\u00eancia Jur\u00eddica TJ ES"},"content":{"rendered":"\n<p>Aten\u00e7\u00e3o, candidatos! O\u00a0<strong>Programa de Resid\u00eancia Jur\u00eddica TJ ES<\/strong>\u00a0ter\u00e1 suas etapas avaliativas aplicadas neste final de semana e n\u00f3s preparamos este artigo com os principais detalhes das provas, confira!<\/p>\n\n\n\n<p>O edital oferta <strong>55 vagas imediatas <\/strong>para o cargo de\u00a0<strong>Residente Jur\u00eddico<\/strong>\u00a0de n\u00edvel superior e\u00a0<strong>iniciais de R$ 4 mil!<\/strong><\/p>\n\n\n\n<p>Para participar da sele\u00e7\u00e3o, os candidatos precisam ter bacharel em Direito e estar cursando ou tenha conclu\u00eddo, h\u00e1 no m\u00e1ximo cinco anos, especializa\u00e7\u00e3o, mestrado, doutorado ou p\u00f3s-doutorado.<\/p>\n\n\n\n<p><em>Importante: os Programas de Resid\u00eancia poder\u00e3o ter jornada de est\u00e1gio m\u00e1xima de 30 horas semanais e dura\u00e7\u00e3o de at\u00e9 36 meses, n\u00e3o gerando v\u00ednculo de qualquer natureza com a Administra\u00e7\u00e3o P\u00fablica.<\/em><\/p>\n\n\n\n<h2 class=\"wp-block-heading\" id=\"h-residencia-juridica-tj-es-provas\"><span id=\"residencia-juridica-tj-es-provas\">Resid\u00eancia Jur\u00eddica TJ ES \u2013 Provas:<\/span><\/h2>\n\n\n\n<h3 class=\"wp-block-heading\" id=\"h-prova-objetiva\"><span id=\"prova-objetiva\">Prova objetiva<\/span><\/h3>\n\n\n\n<p>A prova objetiva composta de <strong>50 quest\u00f5es de m\u00faltipla escolha<\/strong> com <strong>dura\u00e7\u00e3o de 5 horas <\/strong>ser\u00e1 realizada presencialmente em Vit\u00f3ria\/ES e composta das seguintes disciplinas:<\/p>\n\n\n\n<figure class=\"wp-block-table is-style-stripes\"><table class=\"has-very-light-gray-to-cyan-bluish-gray-gradient-background has-background\"><thead><tr><th class=\"has-text-align-center\" data-align=\"center\"><strong>Disciplina<\/strong><\/th><th class=\"has-text-align-center\" data-align=\"center\"><strong>N\u00ba de Quest\u00f5es (Objetiva)<\/strong><\/th><\/tr><\/thead><tbody><tr><td class=\"has-text-align-center\" data-align=\"center\">Direito Constitucional<\/td><td class=\"has-text-align-center\" data-align=\"center\">07<\/td><\/tr><tr><td class=\"has-text-align-center\" data-align=\"center\">Direito Civil<\/td><td class=\"has-text-align-center\" data-align=\"center\">07<\/td><\/tr><tr><td class=\"has-text-align-center\" data-align=\"center\">Direito Processual Civil<\/td><td class=\"has-text-align-center\" data-align=\"center\">12<\/td><\/tr><tr><td class=\"has-text-align-center\" data-align=\"center\">Direito Processual Penal<\/td><td class=\"has-text-align-center\" data-align=\"center\">12<\/td><\/tr><tr><td class=\"has-text-align-center\" data-align=\"center\">Direito Penal<\/td><td class=\"has-text-align-center\" data-align=\"center\">07<\/td><\/tr><tr><td class=\"has-text-align-center\" data-align=\"center\">Inform\u00e1tica<\/td><td class=\"has-text-align-center\" data-align=\"center\">05<\/td><\/tr><\/tbody><\/table><figcaption class=\"wp-element-caption\">Programa de resid\u00eancia jur\u00eddica TJ ES provas objetivas.<\/figcaption><\/figure>\n\n\n\n<h3 class=\"wp-block-heading\" id=\"h-prova-discursiva\"><span id=\"prova-discursiva\">Prova discursiva<\/span><\/h3>\n\n\n\n<p>A prova discursiva ser\u00e1 aplicada no mesmo dia e hor\u00e1rio da prova objetiva e ser\u00e1 composta de duas quest\u00f5es dissertativas valendo at\u00e9 10 pontos cada.<\/p>\n\n\n\n<p>Ser\u00e1 necess\u00e1rio obter no m\u00ednimo 50% de acertos na objetiva para que a discursiva seja corrigida. A avalia\u00e7\u00e3o da prova discursiva considerar\u00e1 aspectos formais, textuais e t\u00e9cnicos, totalizando 10 pontos.<\/p>\n\n\n\n<p>Ser\u00e3o considerados os seguintes crit\u00e9rios:<\/p>\n\n\n\n<figure class=\"wp-block-table is-style-stripes\"><table class=\"has-very-light-gray-to-cyan-bluish-gray-gradient-background has-background\"><thead><tr><th><strong>Crit\u00e9rio<\/strong><\/th><th><strong>Descri\u00e7\u00e3o<\/strong><\/th><th><strong>Pontua\u00e7\u00e3o M\u00e1xima<\/strong><\/th><\/tr><\/thead><tbody><tr><td><strong>Aspecto Formal<\/strong><\/td><td>Dom\u00ednio da norma culta da l\u00edngua; pontua\u00e7\u00e3o, ortografia, concord\u00e2ncia, reg\u00eancia, uso adequado de pronomes, emprego de tempos e modos verbais.<\/td><td>2,5 pontos<\/td><\/tr><tr><td><strong>Aspecto Textual<\/strong><\/td><td>Respeito \u00e0 estrutura da tipologia textual; paragrafa\u00e7\u00e3o; uso adequado de conectivos e elementos anaf\u00f3ricos; estrutura sint\u00e1tico-sem\u00e2ntica dos per\u00edodos.<\/td><td>2,5 pontos<\/td><\/tr><tr><td><strong>Aspecto T\u00e9cnico<\/strong><\/td><td>Atendimento \u00e0 proposta tem\u00e1tica; sele\u00e7\u00e3o e organiza\u00e7\u00e3o de argumentos; demonstra\u00e7\u00e3o de conhecimento jur\u00eddico; progress\u00e3o tem\u00e1tica; clareza; propriedade vocabular e autoria.<\/td><td>5,0 pontos<\/td><\/tr><tr><td><strong>Total<\/strong><\/td><td><\/td><td><strong>10,0 pontos<\/strong><\/td><\/tr><\/tbody><\/table><figcaption class=\"wp-element-caption\">Programa de resid\u00eancia jur\u00eddica TJ ES provas discursivas.<\/figcaption><\/figure>\n\n\n\n<p class=\"has-text-align-center\"><em>Fique por dentro de todos os detalhes do programa de Resid\u00eancia Jur\u00eddica TJ ES al\u00e9m dos detalhes das provas. Confira nosso artigo:<\/em><\/p>\n\n\n\n<p class=\"has-text-align-center has-very-light-gray-to-cyan-bluish-gray-gradient-background has-background\"><a href=\"https:\/\/cj.estrategia.com\/portal\/residencia-juridica-tj-es\/\" target=\"_blank\" ><strong>Programa de Resid\u00eancia Jur\u00eddica TJ ES<\/strong><\/a><\/p>\n\n\n\n<h2 class=\"wp-block-heading has-text-align-center\" id=\"h-quer-saber-tudo-sobre-concursos-previstos-confira-nossos-artigos\"><span id=\"quer-saber-tudo-sobre-concursos-previstosconfira-nossos-artigos\">Quer saber tudo sobre concursos previstos?<br>Confira nossos artigos!<\/span><\/h2>\n\n\n\n<ul class=\"wp-block-list\">\n<li><a href=\"https:\/\/cj.estrategia.com\/portal\/concursos-abertos-carreiras-juridicas\/\" target=\"_blank\" >Concursos jur\u00eddicos abertos<\/a><\/li>\n<\/ul>\n\n\n\n<ul class=\"wp-block-list\">\n<li><a href=\"https:\/\/cj.estrategia.com\/portal\/concursos-2025-carreiras-juridicas\/\" target=\"_blank\" >Concursos Jur\u00eddicos 2025<\/a><\/li>\n<\/ul>\n\n\n\n<ul class=\"wp-block-list\">\n<li><a href=\"https:\/\/cj.estrategia.com\/portal\/concursos-magistratura\/\" target=\"_blank\" >Concursos Magistratura<\/a><\/li>\n<\/ul>\n\n\n\n<h2 class=\"wp-block-heading has-text-align-center\" id=\"cursos\"><span id=\"quer-estudar-para-carreiras-juridicas\">Quer estudar para Carreiras Jur\u00eddicas?<\/span><\/h2>\n\n\n\n<p>O Estrat\u00e9gia Carreira Jur\u00eddica \u00e9 campe\u00e3o de aprova\u00e7\u00f5es nos concursos para Carreiras Jur\u00eddicas com um corpo docente qualificado e materiais completos. Conhe\u00e7a nossos cursos e garanta sua aprova\u00e7\u00e3o:<\/p>\n\n\n\n<div class=\"container\" id=\"boxes\">\n\t<div class=\"row\">\n  \n\t  <div class=\"col-sm\">\n\t\t<div class=\"banner-estrategia-concursos-juridicos\" id=\"box-assinatura\">\n\t\t  <h2 id=\"curso-residencia-juridica-tj-es\" class=\"titulo-assinatura\"><span style=\"color: #ffffff; font-size: 25px;\">Curso Resid\u00eancia Jur\u00eddica TJ ES<\/span><\/h2>\n\t\t  <p class=\"subtitulo-assinatura\">Cursos focados no edital do concurso<\/p>\n\t\t  <div class=\"box-botao\">\n\t\t\t<a class=\"btn-assinatura-juridica\" target=\"_blank\" href=\"https:\/\/cj.estrategia.com\/curso\/\" role=\"button\" rel=\"noopener noreferrer\">Conhe\u00e7a mais<\/a>\n\t\t  <\/div>\n\t\t<\/div>\n\t\t<p class=\"texto-auxiliar\">Prepare-se com o melhor material e com quem mais aprova em concursos em todo o pa\u00eds. \n  <\/p>\n\t  <\/div>\n  \n\t<\/div>\n  <\/div>\n\n\n\n<div class=\"wp-block-cover\" style=\"min-height:155px;aspect-ratio:unset;\"><img decoding=\"async\" width=\"1890\" height=\"351\" class=\"wp-block-cover__image-background wp-image-8669\" alt=\"Assinaturas Jur\u00eddicas\" src=\"https:\/\/cj.estrategia.com\/portal\/wp-content\/uploads\/2022\/06\/20151253\/concurso-carreiras-juridicas-assinatura-juridica.jpg\" style=\"object-position:78% 43%\" data-object-fit=\"cover\" data-object-position=\"78% 43%\" srcset=\"https:\/\/cj.estrategia.com\/portal\/wp-content\/uploads\/2022\/06\/20151253\/concurso-carreiras-juridicas-assinatura-juridica.jpg 1890w, https:\/\/cj.estrategia.com\/portal\/wp-content\/uploads\/2022\/06\/20151253\/concurso-carreiras-juridicas-assinatura-juridica-300x56.jpg 300w, https:\/\/cj.estrategia.com\/portal\/wp-content\/uploads\/2022\/06\/20151253\/concurso-carreiras-juridicas-assinatura-juridica-1024x190.jpg 1024w, https:\/\/cj.estrategia.com\/portal\/wp-content\/uploads\/2022\/06\/20151253\/concurso-carreiras-juridicas-assinatura-juridica-768x143.jpg 768w, https:\/\/cj.estrategia.com\/portal\/wp-content\/uploads\/2022\/06\/20151253\/concurso-carreiras-juridicas-assinatura-juridica-1536x285.jpg 1536w, https:\/\/cj.estrategia.com\/portal\/wp-content\/uploads\/2022\/06\/20151253\/concurso-carreiras-juridicas-assinatura-juridica-380x71.jpg 380w, https:\/\/cj.estrategia.com\/portal\/wp-content\/uploads\/2022\/06\/20151253\/concurso-carreiras-juridicas-assinatura-juridica-800x149.jpg 800w, https:\/\/cj.estrategia.com\/portal\/wp-content\/uploads\/2022\/06\/20151253\/concurso-carreiras-juridicas-assinatura-juridica-1160x215.jpg 1160w\" sizes=\"(max-width: 1890px) 100vw, 1890px\" \/><span aria-hidden=\"true\" class=\"wp-block-cover__background has-background-dim\"><\/span><div class=\"wp-block-cover__inner-container is-layout-flow wp-block-cover-is-layout-flow\">\n<h3 id=\"faca-a-sua-assinatura\" class=\"titulo-assinatura\"><span style=\"color: #ffffff;\">Fa\u00e7a a sua assinatura!<\/span><\/h3>\n<p class=\"subtitulo-assinatura\" style=\"display:block!important; line-height: 0;\"><span style=\"color: #ffffff;\">Escolha a sua \u00e1rea.<\/span><\/p>\n<a target=\"_blank\" href=\"https:\/\/www.estrategiaconcursos.com.br\/assinaturas-ecj\/\" rel=\"noopener\"><button style=\"border-radius: 10px; text-transform: capitalize;\">Acessar<\/button><\/a>\n<\/div><\/div>\n\n\n\n<p><\/p>\n\n\n\n<p><\/p>\n","protected":false},"excerpt":{"rendered":"Provas ser\u00e3o aplicadas dia 13 de abril com in\u00edcio \u00e0s 13 horas e dura\u00e7\u00e3o de 5 horas!\n","protected":false},"author":159,"featured_media":40798,"comment_status":"open","ping_status":"open","sticky":false,"template":"","format":"standard","meta":{"_jetpack_memberships_contains_paid_content":false,"footnotes":""},"categories":[1],"tags":[],"tax_estado":[38],"class_list":{"0":"post-110753","1":"post","2":"type-post","3":"status-publish","4":"format-standard","5":"has-post-thumbnail","7":"category-carreiras-juridicas","8":"tax_estado-es"},"acf":[],"yoast_head":"<!-- This site is optimized with the Yoast SEO Premium plugin v27.4 (Yoast SEO v27.4) - https:\/\/yoast.com\/product\/yoast-seo-premium-wordpress\/ -->\n<title>\u00c9 neste domingo! Veja os detalhes das provas de Resid\u00eancia Jur\u00eddica TJ ES<\/title>\n<meta name=\"description\" content=\"O programa de resid\u00eancia jur\u00eddica TJ ES est\u00e1 se aproximando das etapas de provas. Confira os detalhes da avalia\u00e7\u00e3o!\" \/>\n<meta name=\"robots\" content=\"index, follow, max-snippet:-1, max-image-preview:large, max-video-preview:-1\" \/>\n<link rel=\"canonical\" href=\"https:\/\/cj.estrategia.com\/portal\/programa-de-residencia-juridica-tj-es-provas\/\" \/>\n<meta property=\"og:locale\" content=\"pt_BR\" \/>\n<meta property=\"og:type\" content=\"article\" \/>\n<meta property=\"og:title\" content=\"\u00c9 neste domingo! Veja os detalhes das provas de Resid\u00eancia Jur\u00eddica TJ ES\" \/>\n<meta property=\"og:description\" content=\"O programa de resid\u00eancia jur\u00eddica TJ ES est\u00e1 se aproximando das etapas de provas. Confira os detalhes da avalia\u00e7\u00e3o!\" \/>\n<meta property=\"og:url\" content=\"https:\/\/cj.estrategia.com\/portal\/programa-de-residencia-juridica-tj-es-provas\/\" \/>\n<meta property=\"og:site_name\" content=\"Blog - Carreiras Jur\u00eddicas - Estrat\u00e9gia\" \/>\n<meta property=\"article:publisher\" content=\"https:\/\/www.facebook.com\/estrategiacarreirajuridica\/\" \/>\n<meta property=\"article:published_time\" content=\"2025-04-11T16:47:54+00:00\" \/>\n<meta property=\"article:modified_time\" content=\"2025-04-11T16:47:58+00:00\" \/>\n<meta property=\"og:image\" content=\"https:\/\/cj.estrategia.com\/portal\/wp-content\/uploads\/2023\/05\/07114108\/residencia-juridica-ecj-carreiras-juridicas.jpg\" \/>\n\t<meta property=\"og:image:width\" content=\"768\" \/>\n\t<meta property=\"og:image:height\" content=\"432\" \/>\n\t<meta property=\"og:image:type\" content=\"image\/jpeg\" \/>\n<meta name=\"author\" content=\"Priscila Bonomi\" \/>\n<meta name=\"twitter:card\" content=\"summary_large_image\" \/>\n<meta name=\"twitter:creator\" content=\"@EstratJuridica\" \/>\n<meta name=\"twitter:site\" content=\"@EstratJuridica\" \/>\n<meta name=\"twitter:label1\" content=\"Escrito por\" \/>\n\t<meta name=\"twitter:data1\" content=\"Priscila Bonomi\" \/>\n\t<meta name=\"twitter:label2\" content=\"Est. tempo de leitura\" \/>\n\t<meta name=\"twitter:data2\" content=\"3 minutos\" \/>\n<script type=\"application\/ld+json\" class=\"yoast-schema-graph\">{\"@context\":\"https:\\\/\\\/schema.org\",\"@graph\":[{\"@type\":\"NewsArticle\",\"@id\":\"https:\\\/\\\/cj.estrategia.com\\\/portal\\\/programa-de-residencia-juridica-tj-es-provas\\\/#article\",\"isPartOf\":{\"@id\":\"https:\\\/\\\/cj.estrategia.com\\\/portal\\\/programa-de-residencia-juridica-tj-es-provas\\\/\"},\"author\":{\"name\":\"Priscila Bonomi\",\"@id\":\"https:\\\/\\\/cj.estrategia.com\\\/portal\\\/#\\\/schema\\\/person\\\/b472e0140705ac6b5d15ed70554fae55\"},\"headline\":\"\u00c9 neste domingo! Veja os detalhes das provas de Resid\u00eancia Jur\u00eddica TJ ES\",\"datePublished\":\"2025-04-11T16:47:54+00:00\",\"dateModified\":\"2025-04-11T16:47:58+00:00\",\"mainEntityOfPage\":{\"@id\":\"https:\\\/\\\/cj.estrategia.com\\\/portal\\\/programa-de-residencia-juridica-tj-es-provas\\\/\"},\"wordCount\":500,\"commentCount\":0,\"publisher\":{\"@id\":\"https:\\\/\\\/cj.estrategia.com\\\/portal\\\/#organization\"},\"image\":{\"@id\":\"https:\\\/\\\/cj.estrategia.com\\\/portal\\\/programa-de-residencia-juridica-tj-es-provas\\\/#primaryimage\"},\"thumbnailUrl\":\"https:\\\/\\\/cj.estrategia.com\\\/portal\\\/wp-content\\\/uploads\\\/2023\\\/05\\\/07114108\\\/residencia-juridica-ecj-carreiras-juridicas.jpg\",\"articleSection\":[\"Carreiras Jur\u00eddicas\"],\"inLanguage\":\"pt-BR\",\"potentialAction\":[{\"@type\":\"CommentAction\",\"name\":\"Comment\",\"target\":[\"https:\\\/\\\/cj.estrategia.com\\\/portal\\\/programa-de-residencia-juridica-tj-es-provas\\\/#respond\"]}]},{\"@type\":\"WebPage\",\"@id\":\"https:\\\/\\\/cj.estrategia.com\\\/portal\\\/programa-de-residencia-juridica-tj-es-provas\\\/\",\"url\":\"https:\\\/\\\/cj.estrategia.com\\\/portal\\\/programa-de-residencia-juridica-tj-es-provas\\\/\",\"name\":\"\u00c9 neste domingo! Veja os detalhes das provas de Resid\u00eancia Jur\u00eddica TJ ES\",\"isPartOf\":{\"@id\":\"https:\\\/\\\/cj.estrategia.com\\\/portal\\\/#website\"},\"primaryImageOfPage\":{\"@id\":\"https:\\\/\\\/cj.estrategia.com\\\/portal\\\/programa-de-residencia-juridica-tj-es-provas\\\/#primaryimage\"},\"image\":{\"@id\":\"https:\\\/\\\/cj.estrategia.com\\\/portal\\\/programa-de-residencia-juridica-tj-es-provas\\\/#primaryimage\"},\"thumbnailUrl\":\"https:\\\/\\\/cj.estrategia.com\\\/portal\\\/wp-content\\\/uploads\\\/2023\\\/05\\\/07114108\\\/residencia-juridica-ecj-carreiras-juridicas.jpg\",\"datePublished\":\"2025-04-11T16:47:54+00:00\",\"dateModified\":\"2025-04-11T16:47:58+00:00\",\"description\":\"O programa de resid\u00eancia jur\u00eddica TJ ES est\u00e1 se aproximando das etapas de provas. Confira os detalhes da avalia\u00e7\u00e3o!\",\"breadcrumb\":{\"@id\":\"https:\\\/\\\/cj.estrategia.com\\\/portal\\\/programa-de-residencia-juridica-tj-es-provas\\\/#breadcrumb\"},\"inLanguage\":\"pt-BR\",\"potentialAction\":[{\"@type\":\"ReadAction\",\"target\":[\"https:\\\/\\\/cj.estrategia.com\\\/portal\\\/programa-de-residencia-juridica-tj-es-provas\\\/\"]}]},{\"@type\":\"ImageObject\",\"inLanguage\":\"pt-BR\",\"@id\":\"https:\\\/\\\/cj.estrategia.com\\\/portal\\\/programa-de-residencia-juridica-tj-es-provas\\\/#primaryimage\",\"url\":\"https:\\\/\\\/cj.estrategia.com\\\/portal\\\/wp-content\\\/uploads\\\/2023\\\/05\\\/07114108\\\/residencia-juridica-ecj-carreiras-juridicas.jpg\",\"contentUrl\":\"https:\\\/\\\/cj.estrategia.com\\\/portal\\\/wp-content\\\/uploads\\\/2023\\\/05\\\/07114108\\\/residencia-juridica-ecj-carreiras-juridicas.jpg\",\"width\":768,\"height\":432},{\"@type\":\"BreadcrumbList\",\"@id\":\"https:\\\/\\\/cj.estrategia.com\\\/portal\\\/programa-de-residencia-juridica-tj-es-provas\\\/#breadcrumb\",\"itemListElement\":[{\"@type\":\"ListItem\",\"position\":1,\"name\":\"In\u00edcio\",\"item\":\"https:\\\/\\\/cj.estrategia.com\\\/portal\\\/\"},{\"@type\":\"ListItem\",\"position\":2,\"name\":\"\u00c9 neste domingo! Veja os detalhes das provas de Resid\u00eancia Jur\u00eddica TJ ES\"}]},{\"@type\":\"WebSite\",\"@id\":\"https:\\\/\\\/cj.estrategia.com\\\/portal\\\/#website\",\"url\":\"https:\\\/\\\/cj.estrategia.com\\\/portal\\\/\",\"name\":\"Blog - Carreiras Jur\u00eddicas - Estrat\u00e9gia\",\"description\":\"\",\"publisher\":{\"@id\":\"https:\\\/\\\/cj.estrategia.com\\\/portal\\\/#organization\"},\"potentialAction\":[{\"@type\":\"SearchAction\",\"target\":{\"@type\":\"EntryPoint\",\"urlTemplate\":\"https:\\\/\\\/cj.estrategia.com\\\/portal\\\/?s={search_term_string}\"},\"query-input\":{\"@type\":\"PropertyValueSpecification\",\"valueRequired\":true,\"valueName\":\"search_term_string\"}}],\"inLanguage\":\"pt-BR\"},{\"@type\":\"Organization\",\"@id\":\"https:\\\/\\\/cj.estrategia.com\\\/portal\\\/#organization\",\"name\":\"Estrat\u00e9gia - Carreiras Jur\u00eddicas\",\"url\":\"https:\\\/\\\/cj.estrategia.com\\\/portal\\\/\",\"logo\":{\"@type\":\"ImageObject\",\"inLanguage\":\"pt-BR\",\"@id\":\"https:\\\/\\\/cj.estrategia.com\\\/portal\\\/#\\\/schema\\\/logo\\\/image\\\/\",\"url\":\"https:\\\/\\\/cj.estrategia.com\\\/portal\\\/wp-content\\\/uploads\\\/2022\\\/03\\\/11151052\\\/cj-logo.png\",\"contentUrl\":\"https:\\\/\\\/cj.estrategia.com\\\/portal\\\/wp-content\\\/uploads\\\/2022\\\/03\\\/11151052\\\/cj-logo.png\",\"width\":150,\"height\":39,\"caption\":\"Estrat\u00e9gia - Carreiras Jur\u00eddicas\"},\"image\":{\"@id\":\"https:\\\/\\\/cj.estrategia.com\\\/portal\\\/#\\\/schema\\\/logo\\\/image\\\/\"},\"sameAs\":[\"https:\\\/\\\/www.facebook.com\\\/estrategiacarreirajuridica\\\/\",\"https:\\\/\\\/x.com\\\/EstratJuridica\",\"https:\\\/\\\/www.instagram.com\\\/estrategiacarreirajuridica\\\/\",\"https:\\\/\\\/www.youtube.com\\\/channel\\\/UClbMGuYbj2Mh1m3w144ETWQ\"]},{\"@type\":\"Person\",\"@id\":\"https:\\\/\\\/cj.estrategia.com\\\/portal\\\/#\\\/schema\\\/person\\\/b472e0140705ac6b5d15ed70554fae55\",\"name\":\"Priscila Bonomi\",\"image\":{\"@type\":\"ImageObject\",\"inLanguage\":\"pt-BR\",\"@id\":\"https:\\\/\\\/cj.estrategia.com\\\/portal\\\/wp-content\\\/uploads\\\/2025\\\/02\\\/05144820\\\/Imagem-do-WhatsApp-de-2025-05-05-as-14.47.57_b98168e4-96x96.jpg\",\"url\":\"https:\\\/\\\/cj.estrategia.com\\\/portal\\\/wp-content\\\/uploads\\\/2025\\\/02\\\/05144820\\\/Imagem-do-WhatsApp-de-2025-05-05-as-14.47.57_b98168e4-96x96.jpg\",\"contentUrl\":\"https:\\\/\\\/cj.estrategia.com\\\/portal\\\/wp-content\\\/uploads\\\/2025\\\/02\\\/05144820\\\/Imagem-do-WhatsApp-de-2025-05-05-as-14.47.57_b98168e4-96x96.jpg\",\"caption\":\"Priscila Bonomi\"},\"url\":\"https:\\\/\\\/cj.estrategia.com\\\/portal\\\/author\\\/priscila-bonomi\\\/\"}]}<\/script>\n<!-- \/ Yoast SEO Premium plugin. -->","yoast_head_json":{"title":"\u00c9 neste domingo! Veja os detalhes das provas de Resid\u00eancia Jur\u00eddica TJ ES","description":"O programa de resid\u00eancia jur\u00eddica TJ ES est\u00e1 se aproximando das etapas de provas. Confira os detalhes da avalia\u00e7\u00e3o!","robots":{"index":"index","follow":"follow","max-snippet":"max-snippet:-1","max-image-preview":"max-image-preview:large","max-video-preview":"max-video-preview:-1"},"canonical":"https:\/\/cj.estrategia.com\/portal\/programa-de-residencia-juridica-tj-es-provas\/","og_locale":"pt_BR","og_type":"article","og_title":"\u00c9 neste domingo! Veja os detalhes das provas de Resid\u00eancia Jur\u00eddica TJ ES","og_description":"O programa de resid\u00eancia jur\u00eddica TJ ES est\u00e1 se aproximando das etapas de provas. Confira os detalhes da avalia\u00e7\u00e3o!","og_url":"https:\/\/cj.estrategia.com\/portal\/programa-de-residencia-juridica-tj-es-provas\/","og_site_name":"Blog - Carreiras Jur\u00eddicas - Estrat\u00e9gia","article_publisher":"https:\/\/www.facebook.com\/estrategiacarreirajuridica\/","article_published_time":"2025-04-11T16:47:54+00:00","article_modified_time":"2025-04-11T16:47:58+00:00","og_image":[{"width":768,"height":432,"url":"https:\/\/cj.estrategia.com\/portal\/wp-content\/uploads\/2023\/05\/07114108\/residencia-juridica-ecj-carreiras-juridicas.jpg","type":"image\/jpeg"}],"author":"Priscila Bonomi","twitter_card":"summary_large_image","twitter_creator":"@EstratJuridica","twitter_site":"@EstratJuridica","twitter_misc":{"Escrito por":"Priscila Bonomi","Est. tempo de leitura":"3 minutos"},"schema":{"@context":"https:\/\/schema.org","@graph":[{"@type":"NewsArticle","@id":"https:\/\/cj.estrategia.com\/portal\/programa-de-residencia-juridica-tj-es-provas\/#article","isPartOf":{"@id":"https:\/\/cj.estrategia.com\/portal\/programa-de-residencia-juridica-tj-es-provas\/"},"author":{"name":"Priscila Bonomi","@id":"https:\/\/cj.estrategia.com\/portal\/#\/schema\/person\/b472e0140705ac6b5d15ed70554fae55"},"headline":"\u00c9 neste domingo! Veja os detalhes das provas de Resid\u00eancia Jur\u00eddica TJ ES","datePublished":"2025-04-11T16:47:54+00:00","dateModified":"2025-04-11T16:47:58+00:00","mainEntityOfPage":{"@id":"https:\/\/cj.estrategia.com\/portal\/programa-de-residencia-juridica-tj-es-provas\/"},"wordCount":500,"commentCount":0,"publisher":{"@id":"https:\/\/cj.estrategia.com\/portal\/#organization"},"image":{"@id":"https:\/\/cj.estrategia.com\/portal\/programa-de-residencia-juridica-tj-es-provas\/#primaryimage"},"thumbnailUrl":"https:\/\/cj.estrategia.com\/portal\/wp-content\/uploads\/2023\/05\/07114108\/residencia-juridica-ecj-carreiras-juridicas.jpg","articleSection":["Carreiras Jur\u00eddicas"],"inLanguage":"pt-BR","potentialAction":[{"@type":"CommentAction","name":"Comment","target":["https:\/\/cj.estrategia.com\/portal\/programa-de-residencia-juridica-tj-es-provas\/#respond"]}]},{"@type":"WebPage","@id":"https:\/\/cj.estrategia.com\/portal\/programa-de-residencia-juridica-tj-es-provas\/","url":"https:\/\/cj.estrategia.com\/portal\/programa-de-residencia-juridica-tj-es-provas\/","name":"\u00c9 neste domingo! Veja os detalhes das provas de Resid\u00eancia Jur\u00eddica TJ ES","isPartOf":{"@id":"https:\/\/cj.estrategia.com\/portal\/#website"},"primaryImageOfPage":{"@id":"https:\/\/cj.estrategia.com\/portal\/programa-de-residencia-juridica-tj-es-provas\/#primaryimage"},"image":{"@id":"https:\/\/cj.estrategia.com\/portal\/programa-de-residencia-juridica-tj-es-provas\/#primaryimage"},"thumbnailUrl":"https:\/\/cj.estrategia.com\/portal\/wp-content\/uploads\/2023\/05\/07114108\/residencia-juridica-ecj-carreiras-juridicas.jpg","datePublished":"2025-04-11T16:47:54+00:00","dateModified":"2025-04-11T16:47:58+00:00","description":"O programa de resid\u00eancia jur\u00eddica TJ ES est\u00e1 se aproximando das etapas de provas. Confira os detalhes da avalia\u00e7\u00e3o!","breadcrumb":{"@id":"https:\/\/cj.estrategia.com\/portal\/programa-de-residencia-juridica-tj-es-provas\/#breadcrumb"},"inLanguage":"pt-BR","potentialAction":[{"@type":"ReadAction","target":["https:\/\/cj.estrategia.com\/portal\/programa-de-residencia-juridica-tj-es-provas\/"]}]},{"@type":"ImageObject","inLanguage":"pt-BR","@id":"https:\/\/cj.estrategia.com\/portal\/programa-de-residencia-juridica-tj-es-provas\/#primaryimage","url":"https:\/\/cj.estrategia.com\/portal\/wp-content\/uploads\/2023\/05\/07114108\/residencia-juridica-ecj-carreiras-juridicas.jpg","contentUrl":"https:\/\/cj.estrategia.com\/portal\/wp-content\/uploads\/2023\/05\/07114108\/residencia-juridica-ecj-carreiras-juridicas.jpg","width":768,"height":432},{"@type":"BreadcrumbList","@id":"https:\/\/cj.estrategia.com\/portal\/programa-de-residencia-juridica-tj-es-provas\/#breadcrumb","itemListElement":[{"@type":"ListItem","position":1,"name":"In\u00edcio","item":"https:\/\/cj.estrategia.com\/portal\/"},{"@type":"ListItem","position":2,"name":"\u00c9 neste domingo! Veja os detalhes das provas de Resid\u00eancia Jur\u00eddica TJ ES"}]},{"@type":"WebSite","@id":"https:\/\/cj.estrategia.com\/portal\/#website","url":"https:\/\/cj.estrategia.com\/portal\/","name":"Blog - Carreiras Jur\u00eddicas - Estrat\u00e9gia","description":"","publisher":{"@id":"https:\/\/cj.estrategia.com\/portal\/#organization"},"potentialAction":[{"@type":"SearchAction","target":{"@type":"EntryPoint","urlTemplate":"https:\/\/cj.estrategia.com\/portal\/?s={search_term_string}"},"query-input":{"@type":"PropertyValueSpecification","valueRequired":true,"valueName":"search_term_string"}}],"inLanguage":"pt-BR"},{"@type":"Organization","@id":"https:\/\/cj.estrategia.com\/portal\/#organization","name":"Estrat\u00e9gia - Carreiras Jur\u00eddicas","url":"https:\/\/cj.estrategia.com\/portal\/","logo":{"@type":"ImageObject","inLanguage":"pt-BR","@id":"https:\/\/cj.estrategia.com\/portal\/#\/schema\/logo\/image\/","url":"https:\/\/cj.estrategia.com\/portal\/wp-content\/uploads\/2022\/03\/11151052\/cj-logo.png","contentUrl":"https:\/\/cj.estrategia.com\/portal\/wp-content\/uploads\/2022\/03\/11151052\/cj-logo.png","width":150,"height":39,"caption":"Estrat\u00e9gia - Carreiras Jur\u00eddicas"},"image":{"@id":"https:\/\/cj.estrategia.com\/portal\/#\/schema\/logo\/image\/"},"sameAs":["https:\/\/www.facebook.com\/estrategiacarreirajuridica\/","https:\/\/x.com\/EstratJuridica","https:\/\/www.instagram.com\/estrategiacarreirajuridica\/","https:\/\/www.youtube.com\/channel\/UClbMGuYbj2Mh1m3w144ETWQ"]},{"@type":"Person","@id":"https:\/\/cj.estrategia.com\/portal\/#\/schema\/person\/b472e0140705ac6b5d15ed70554fae55","name":"Priscila Bonomi","image":{"@type":"ImageObject","inLanguage":"pt-BR","@id":"https:\/\/cj.estrategia.com\/portal\/wp-content\/uploads\/2025\/02\/05144820\/Imagem-do-WhatsApp-de-2025-05-05-as-14.47.57_b98168e4-96x96.jpg","url":"https:\/\/cj.estrategia.com\/portal\/wp-content\/uploads\/2025\/02\/05144820\/Imagem-do-WhatsApp-de-2025-05-05-as-14.47.57_b98168e4-96x96.jpg","contentUrl":"https:\/\/cj.estrategia.com\/portal\/wp-content\/uploads\/2025\/02\/05144820\/Imagem-do-WhatsApp-de-2025-05-05-as-14.47.57_b98168e4-96x96.jpg","caption":"Priscila Bonomi"},"url":"https:\/\/cj.estrategia.com\/portal\/author\/priscila-bonomi\/"}]}},"jetpack_featured_media_url":"https:\/\/cj.estrategia.com\/portal\/wp-content\/uploads\/2023\/05\/07114108\/residencia-juridica-ecj-carreiras-juridicas.jpg","jetpack_sharing_enabled":true,"_links":{"self":[{"href":"https:\/\/cj.estrategia.com\/portal\/wp-json\/wp\/v2\/posts\/110753","targetHints":{"allow":["GET"]}}],"collection":[{"href":"https:\/\/cj.estrategia.com\/portal\/wp-json\/wp\/v2\/posts"}],"about":[{"href":"https:\/\/cj.estrategia.com\/portal\/wp-json\/wp\/v2\/types\/post"}],"author":[{"embeddable":true,"href":"https:\/\/cj.estrategia.com\/portal\/wp-json\/wp\/v2\/users\/159"}],"replies":[{"embeddable":true,"href":"https:\/\/cj.estrategia.com\/portal\/wp-json\/wp\/v2\/comments?post=110753"}],"version-history":[{"count":12,"href":"https:\/\/cj.estrategia.com\/portal\/wp-json\/wp\/v2\/posts\/110753\/revisions"}],"predecessor-version":[{"id":110769,"href":"https:\/\/cj.estrategia.com\/portal\/wp-json\/wp\/v2\/posts\/110753\/revisions\/110769"}],"wp:featuredmedia":[{"embeddable":true,"href":"https:\/\/cj.estrategia.com\/portal\/wp-json\/wp\/v2\/media\/40798"}],"wp:attachment":[{"href":"https:\/\/cj.estrategia.com\/portal\/wp-json\/wp\/v2\/media?parent=110753"}],"wp:term":[{"taxonomy":"category","embeddable":true,"href":"https:\/\/cj.estrategia.com\/portal\/wp-json\/wp\/v2\/categories?post=110753"},{"taxonomy":"post_tag","embeddable":true,"href":"https:\/\/cj.estrategia.com\/portal\/wp-json\/wp\/v2\/tags?post=110753"},{"taxonomy":"tax_estado","embeddable":true,"href":"https:\/\/cj.estrategia.com\/portal\/wp-json\/wp\/v2\/tax_estado?post=110753"}],"curies":[{"name":"wp","href":"https:\/\/api.w.org\/{rel}","templated":true}]}}