{"id":110507,"date":"2025-04-05T18:29:15","date_gmt":"2025-04-05T21:29:15","guid":{"rendered":"https:\/\/cj.estrategia.com\/portal\/?p=110507"},"modified":"2025-04-14T17:22:23","modified_gmt":"2025-04-14T20:22:23","slug":"proibe-revista-intima-vexatoria-presidio","status":"publish","type":"post","link":"https:\/\/cj.estrategia.com\/portal\/proibe-revista-intima-vexatoria-presidio\/","title":{"rendered":"STF pro\u00edbe revista \u00edntima vexat\u00f3ria em pres\u00eddio"},"content":{"rendered":"\n<p class=\"has-small-font-size\"><strong>* Thiago de Paula Leite \u00e9 procurador do Estado de S\u00e3o Paulo e professor de direito ambiental e agr\u00e1rio do Estrat\u00e9gia.<\/strong><strong><\/strong><\/p>\n\n\n\n<p>O Supremo Tribunal Federal, julgando o TEMA 998, fixou entendimento no sentido de proibir revistas \u00edntimas vexat\u00f3rias em visitantes nos pres\u00eddios (ARE 959.620).<\/p>\n\n\n\n<p>Com a decis\u00e3o, consideram-se il\u00edcitas as provas eventualmente encontradas por meio de procedimentos que envolvam a retirada de roupas e a realiza\u00e7\u00e3o de exames invasivos que humilham a pessoa.<\/p>\n\n\n\n<p>Os ministros entenderam que, nas visitas sociais realizadas em pres\u00eddios ou estabelecimentos de segrega\u00e7\u00e3o, \u00e9 inadmiss\u00edvel a realiza\u00e7\u00e3o de revista \u00edntima vexat\u00f3ria.<\/p>\n\n\n\n<figure class=\"wp-block-pullquote\"><blockquote><p><\/p><cite><em><em><mark style=\"background-color:rgba(0, 0, 0, 0)\" class=\"has-inline-color has-vivid-cyan-blue-color\">O Supremo proibiu o desnudamento dos visitantes ou a realiza\u00e7\u00e3o de exames invasivos visando causar humilha\u00e7\u00e3o, exposi\u00e7\u00e3o degradante ou constrangimento.<\/mark><\/em><\/em><\/cite><\/blockquote><\/figure>\n\n\n\n<p>Mas aten\u00e7\u00e3o: a revista \u00edntima, com a retirada total ou parcial de roupas e a inspe\u00e7\u00e3o de regi\u00f5es do corpo, continua sendo poss\u00edvel <strong><mark style=\"background-color:rgba(0, 0, 0, 0)\" class=\"has-inline-color has-vivid-red-color\">em casos excepcionais<\/mark><\/strong>.<\/p>\n\n\n\n<h2 class=\"wp-block-heading\" id=\"h-revista-intima\"><span id=\"revista-intima\">Revista \u00edntima<\/span><\/h2>\n\n\n\n<p>Ela pode ser feita quando for imposs\u00edvel usar scanners corporais ou equipamentos de raio-X e quando houver ind\u00edcios \u201crobustos\u201d e \u201cverific\u00e1veis\u201d de suspeita \u2013 e desde que o visitante concorde em ser revistado. Se n\u00e3o houver concord\u00e2ncia, \u00e9 poss\u00edvel barrar a visita. O poder p\u00fablico deve justificar o procedimento caso a caso.<\/p>\n\n\n\n<p>Tamb\u00e9m se admite a revista \u00edntima nas situa\u00e7\u00f5es em que o scanner n\u00e3o for efetivo, como nos casos em que o aparelho n\u00e3o conseguir identificar com precis\u00e3o objetos suspeitos ingeridos pelo visitante, por exemplo.<\/p>\n\n\n\n<p class=\"has-background\" style=\"background-color:#dddddd\"><strong>A revista \u00edntima \u00e9 um m\u00e9todo em que o visitante ou a visitante tira a roupa ou parte dela e tem suas cavidades corporais inspecionadas, como \u00e2nus ou vagina. Para isso, h\u00e1 casos em que se usam espelhos ou obriga-se a pessoa a agachar ou dar saltos.<\/strong><\/p>\n\n\n\n<p>O julgamento do tema come\u00e7ou no STF em 2020 e teve fim somente agora, em abril de 2025. Como julgou-se o recurso na sistem\u00e1tica da repercuss\u00e3o geral, o entendimento vincula os demais ju\u00edzes e Tribunais espalhados pelo pa\u00eds.<\/p>\n\n\n\n<p><\/p>\n\n\n\n<div class=\"container\" id=\"boxes\">\r\n  <div class=\"row\">\r\n\r\n    <div class=\"col-sm\">\r\n      <div class=\"banner-estrategia-concursos-juridicos\" id=\"box-assinatura\">\r\n        <h2 id=\"cursos-para-concursos-juridicos\" class=\"titulo-assinatura\"><span style=\"color: #ffffff; font-size: 23px; \">Cursos para Concursos Jur\u00eddicos<\/span><\/h2>\r\n        <p class=\"subtitulo-assinatura\">Cursos focados em Concursos Jur\u00eddicos<\/p>\r\n        <div class=\"box-botao\">\r\n          <a class=\"btn-assinatura-juridica\" target=\"_blank\" href=\"https:\/\/cj.estrategia.com\/cursos\/\" role=\"button\" rel=\"noopener noreferrer\">Conhe\u00e7a mais<\/a>\r\n        <\/div>\r\n      <\/div>\r\n      <p class=\"texto-auxiliar\">Prepare-se com o melhor material e com quem mais aprova em concursos jur\u00eddicos em todo o pa\u00eds. \r\n<\/p>\r\n    <\/div>\r\n\r\n  <\/div>\r\n<\/div>\n\n\n\n<p><\/p>\n\n\n\n<h2 class=\"wp-block-heading\" id=\"h-o-caso\"><span id=\"o-caso\">O caso<\/span><\/h2>\n\n\n\n<p>O caso concreto est\u00e1 relacionado a uma mulher acusada de tr\u00e1fico de drogas por levar 96 gramas de maconha no corpo para entregar ao irm\u00e3o, preso no Pres\u00eddio Central de Porto Alegre (RS).<\/p>\n\n\n\n<p>Ela foi absolvida porque a prova foi considerada il\u00edcita, e o Minist\u00e9rio P\u00fablico estadual recorreu ao STF. Por maioria, o Plen\u00e1rio negou provimento ao recurso do MP, ou seja, manteve a ilicitude da prova.<\/p>\n\n\n\n<p class=\"has-background\" style=\"background-color:#dddddd\"><strong>A efic\u00e1cia da decis\u00e3o tem efeitos prospectivos, ou seja, passa a valer a partir da publica\u00e7\u00e3o da ata do julgamento.<\/strong><strong><\/strong><\/p>\n\n\n\n<p>Para ingressar no pres\u00eddio, o visitante pode passar por tr\u00eas tipos de revistas:<\/p>\n\n\n\n<ul class=\"wp-block-list\">\n<li><strong>Eletr\u00f4nica,<\/strong><\/li>\n\n\n\n<li><strong>Manual, ou <\/strong><\/li>\n\n\n\n<li><strong>\u00cdntima. <\/strong><\/li>\n<\/ul>\n\n\n\n<h2 class=\"wp-block-heading\" id=\"h-revista-invertida\"><span id=\"revista-invertida\">Revista invertida<\/span><\/h2>\n\n\n\n<p>A reda\u00e7\u00e3o final da tese prev\u00ea que, nas situa\u00e7\u00f5es excepcionais em que se justificar, deve-se fazer a revista \u00edntima em lugar adequado e exclusivo para essa verifica\u00e7\u00e3o, por pessoa do mesmo g\u00eanero e s\u00f3 em maiores de idade. No caso de menores de idade ou de visitantes que n\u00e3o podem dar consentimento v\u00e1lido, deve-se fazer a revista posteriormente no preso que recebeu a visita (revista invertida).<\/p>\n\n\n<div class=\"wp-block-image\">\n<figure class=\"aligncenter size-full\"><img decoding=\"async\" width=\"724\" height=\"126\" src=\"https:\/\/cj.estrategia.com\/portal\/wp-content\/uploads\/2025\/04\/05174708\/revista-invertida.png\" alt=\"Revista\" class=\"wp-image-110508\" srcset=\"https:\/\/cj.estrategia.com\/portal\/wp-content\/uploads\/2025\/04\/05174708\/revista-invertida.png 724w, https:\/\/cj.estrategia.com\/portal\/wp-content\/uploads\/2025\/04\/05174708\/revista-invertida-300x52.png 300w, https:\/\/cj.estrategia.com\/portal\/wp-content\/uploads\/2025\/04\/05174708\/revista-invertida-380x66.png 380w, https:\/\/cj.estrategia.com\/portal\/wp-content\/uploads\/2025\/04\/05174708\/revista-invertida-150x26.png 150w\" sizes=\"(max-width: 724px) 100vw, 724px\" \/><\/figure>\n<\/div>\n\n\n<p>Eventuais abusos na revista poder\u00e3o levar \u00e0 responsabiliza\u00e7\u00e3o dos servidores p\u00fablicos implicados.<\/p>\n\n\n\n<p class=\"has-background\" style=\"background-color:#dddddd\"><strong>Quando envolver desnudamento e exames invasivos, a inspe\u00e7\u00e3o dever\u00e1 ser feita preferencialmente por profissionais de sa\u00fade.<\/strong><strong><\/strong><\/p>\n\n\n\n<p>As provas obtidas por meio de revista \u00edntima que seja humilhante ser\u00e3o consideradas il\u00edcitas daqui para frente. No entanto, decis\u00f5es judiciais em cada caso concreto poder\u00e3o validar essas provas.<\/p>\n\n\n\n<p>A autoridade administrativa mant\u00e9m a prerrogativa de impedir a realiza\u00e7\u00e3o da visita, desde que o fa\u00e7a de maneira fundamentada e por escrito.<\/p>\n\n\n\n<p>Tal medida \u00e9 v\u00e1lida quando houver ind\u00edcios robustos de que o visitante esteja ocultando, no corpo, itens proibidos, como drogas, armas ou objetos perigosos.<\/p>\n\n\n\n<p>Esses ind\u00edcios devem ser baseados em elementos concretos, tang\u00edveis e verific\u00e1veis, como relat\u00f3rios de intelig\u00eancia, den\u00fancias confi\u00e1veis ou comportamentos claramente suspeitos.<\/p>\n\n\n\n<h2 class=\"wp-block-heading\" id=\"h-unidades-prisionais-equipadas\"><span id=\"unidades-prisionais-equipadas\">Unidades prisionais equipadas<\/span><\/h2>\n\n\n\n<p>O Supremo fixou um <strong><mark style=\"background-color:rgba(0, 0, 0, 0)\" class=\"has-inline-color has-vivid-red-color\">prazo de 24 meses<\/mark><\/strong>, a partir do julgamento, para a compra e a instala\u00e7\u00e3o de equipamentos como scanners corporais, esteiras de raio X e portais detectores de metais em todas as unidades prisionais do pa\u00eds.<\/p>\n\n\n\n<p>A despesas ficar\u00e3o a cargo do Minist\u00e9rio da Justi\u00e7a e dos estados, que poder\u00e3o utilizar-se de recursos oriundos do:<\/p>\n\n\n\n<ul class=\"wp-block-list\">\n<li><strong>Fundo Penitenci\u00e1rio Nacional;<\/strong><\/li>\n\n\n\n<li><strong>Fundo Nacional de Seguran\u00e7a P\u00fablica.<\/strong><\/li>\n<\/ul>\n\n\n\n<p>A decis\u00e3o determina, ainda, que os entes federados, incluindo a Uni\u00e3o, possuem o dever de priorizar a compra ou loca\u00e7\u00e3o dos equipamentos mencionados nos seus respectivos planejamentos administrativos e or\u00e7ament\u00e1rios, devendo-se tratar a aquisi\u00e7\u00e3o dos equipamentos como prioridade absoluta na aloca\u00e7\u00e3o de recursos p\u00fablicos.<\/p>\n\n\n\n<p>Ao final, a tese aprovada foi a seguinte:<\/p>\n\n\n\n<pre class=\"wp-block-preformatted\"><strong>\"1. Em visitas sociais nos pres\u00eddios ou estabelecimentos de\u00a0segrega\u00e7\u00e3o, \u00e9 inadmiss\u00edvel a revista \u00edntima vexat\u00f3ria com o\u00a0desnudamento de visitantes ou exames invasivos com finalidade de causar humilha\u00e7\u00e3o. A prova obtida por esse tipo\u00a0de revista \u00e9 il\u00edcita, salvo decis\u00f5es judiciais em cada caso concreto.\u00a0A presente decis\u00e3o tem efeitos prospectivos a partir da\u00a0publica\u00e7\u00e3o da ata do julgamento.<br><br>2.\u00a0\u00a0A autoridade administrativa, de forma fundamentada e por\u00a0escrito, tem o poder de n\u00e3o permitir a visita diante da presen\u00e7a\u00a0de ind\u00edcio robusto de ser a pessoa visitante portadora de\u00a0qualquer item corporal oculto ou sonegado, especialmente de\u00a0material proibido, como produtos ilegais, drogas ou objetos\u00a0perigosos. S\u00e3o considerados robustos ind\u00edcios embasados em\u00a0elementos tang\u00edveis e verific\u00e1veis, como informa\u00e7\u00f5es pr\u00e9vias de\u00a0intelig\u00eancia, den\u00fancias, e comportamentos suspeitos.<br><br>3. Confere-se o prazo de 24 meses, a contar da data deste\u00a0julgamento, para aquisi\u00e7\u00e3o e instala\u00e7\u00e3o de equipamentos como\u00a0scanners corporais, esteiras de raio X e portais detectores de\u00a0metais em todos os estabelecimentos penais.<br><br>4. Fica determinado ao Minist\u00e9rio da Justi\u00e7a e da Seguran\u00e7a\u00a0P\u00fablica e aos Estados que, por meio dos recursos do Fundo\u00a0Penitenci\u00e1rio Nacional e do Fundo Nacional de Seguran\u00e7a\u00a0P\u00fablica, promovam a aquisi\u00e7\u00e3o ou loca\u00e7\u00e3o, e distribui\u00e7\u00e3o de\u00a0scanners corporais para as unidades prisionais, em\u00a0conformidade com sua atribui\u00e7\u00e3o de coordena\u00e7\u00e3o nacional da\u00a0pol\u00edtica penitenci\u00e1ria, assegurando a prote\u00e7\u00e3o dos servidores, a\u00a0integridade dos detentos e a dignidade dos visitantes,\u00a0prevenindo pr\u00e1ticas abusivas e il\u00edcitas, sem interferir na\u00a0autonomia dos entes federativos, e garantindo a aplica\u00e7\u00e3o\u00a0uniforme das diretrizes de seguran\u00e7a penitenci\u00e1ria no pa\u00eds.<br><br>5. Devem os entes federados, no \u00e2mbito de suas atribui\u00e7\u00f5es,\u00a0garantir que a aquisi\u00e7\u00e3o ou loca\u00e7\u00e3o de scanners corporais para\u00a0as unidades prisionais, esteja contemplada no respectivo\u00a0planejamento administrativo e or\u00e7amento, com total prioridade\u00a0na aplica\u00e7\u00e3o dos recursos.<br><br>6. Excepcionalmente, na impossibilidade ou inefetividade de\u00a0utiliza\u00e7\u00e3o do scanner corporal, esteira de raio-x, portais\u00a0detectores de metais, a revista \u00edntima para ingresso em\u00a0estabelecimentos prisionais, diante de ind\u00edcios robustos de\u00a0suspeitas, tang\u00edveis e verific\u00e1veis, dever\u00e1 ser motivada para\u00a0cada caso espec\u00edfico e depender\u00e1 da plena concord\u00e2ncia do\u00a0visitante, vedada, em qualquer circunst\u00e2ncia, a execu\u00e7\u00e3o da\u00a0revista como forma de humilha\u00e7\u00e3o e de exposi\u00e7\u00e3o vexat\u00f3ria;\u00a0deve ser realizada em local adequado, exclusivo para tal\u00a0verifica\u00e7\u00e3o, e apenas em pessoas maiores e que possam emitir\u00a0consentimento v\u00e1lido por si ou por meio de seu representante\u00a0legal, de acordo com protocolos gerais e nacionais\u00a0preestabelecidos e por pessoas do mesmo g\u00eanero do visitante,\u00a0preferencialmente por profissionais de sa\u00fade, nas hip\u00f3teses de\u00a0desnudamento e exames invasivos.<br><br>(i) O excesso ou o abuso da realiza\u00e7\u00e3o da revista \u00edntima\u00a0acarretar\u00e3o responsabilidade do agente p\u00fablico ou do\u00a0profissional de sa\u00fade habilitado e ilicitude de eventual prova\u00a0obtida.<br><br>(ii) Caso n\u00e3o haja concord\u00e2ncia do visitante, a autoridade\u00a0administrativa poder\u00e1, de forma fundamentada e por escrito,\u00a0impedir a realiza\u00e7\u00e3o da visita.<br><br>(iii) O procedimento de revista em crian\u00e7a, adolescente ou\u00a0pessoa com defici\u00eancia intelectual que n\u00e3o possa emitir\u00a0consentimento v\u00e1lido ser\u00e1 substitu\u00eddo pela revista invertida,\u00a0direcionada \u00e0 pessoa a ser visitada.\"<\/strong><\/pre>\n\n\n\n<p>Tema quente para prova de <strong><a href=\"https:\/\/www.estrategiaconcursos.com.br\/assinaturas-ecj\/\" target=\"_blank\" >direito constitucional, direito penal e direito processual penal<\/a><\/strong>. Portanto, muita aten\u00e7\u00e3o!<\/p>\n\n\n\n<hr class=\"wp-block-separator has-alpha-channel-opacity\"\/>\n\n\n\n<h2 class=\"wp-block-heading has-text-align-center\" id=\"h-quer-saber-quais-serao-os-proximos-concursos\"><span id=\"quer-saber-quais-serao-os-proximos-concursos\">Quer saber quais ser\u00e3o os pr\u00f3ximos concursos?<\/span><\/h2>\n\n\n\n<pre class=\"wp-block-verse has-text-align-center\">Confira nossos\u00a0<a href=\"https:\/\/cj.estrategia.com\/portal\/\" target=\"_blank\" >artigos para Carreiras Jur\u00eddicas<\/a>!<\/pre>\n\n\n\n<p class=\"has-text-align-center has-white-color has-pale-cyan-blue-background-color has-text-color has-background has-link-color wp-elements-3ffc9057f2314ec15f13b132eefb20e4\"><a href=\"https:\/\/www.estrategiaconcursos.com.br\/blog\/concursos-abertos\/\" target=\"_blank\" >Concursos p\u00fablicos abertos<\/a><\/p>\n\n\n\n<p class=\"has-text-align-center has-white-color has-pale-cyan-blue-background-color has-text-color has-background has-link-color wp-elements-0ddcc3bba7dead06242e688a17e9e277\"><a href=\"https:\/\/cj.estrategia.com\/portal\/concursos-2025-carreiras-juridicas\/\" target=\"_blank\" >Concursos 2025<\/a><\/p>\n\n\n\n<p><\/p>\n\n\n\n<p><\/p>\n\n\n\n<div class=\"wp-block-cover\" style=\"min-height:155px;aspect-ratio:unset;\"><img decoding=\"async\" width=\"1890\" height=\"351\" class=\"wp-block-cover__image-background wp-image-8669\" alt=\"Assinaturas Jur\u00eddicas\" src=\"https:\/\/cj.estrategia.com\/portal\/wp-content\/uploads\/2022\/06\/20151253\/concurso-carreiras-juridicas-assinatura-juridica.jpg\" style=\"object-position:78% 43%\" data-object-fit=\"cover\" data-object-position=\"78% 43%\" srcset=\"https:\/\/cj.estrategia.com\/portal\/wp-content\/uploads\/2022\/06\/20151253\/concurso-carreiras-juridicas-assinatura-juridica.jpg 1890w, https:\/\/cj.estrategia.com\/portal\/wp-content\/uploads\/2022\/06\/20151253\/concurso-carreiras-juridicas-assinatura-juridica-300x56.jpg 300w, https:\/\/cj.estrategia.com\/portal\/wp-content\/uploads\/2022\/06\/20151253\/concurso-carreiras-juridicas-assinatura-juridica-1024x190.jpg 1024w, https:\/\/cj.estrategia.com\/portal\/wp-content\/uploads\/2022\/06\/20151253\/concurso-carreiras-juridicas-assinatura-juridica-768x143.jpg 768w, https:\/\/cj.estrategia.com\/portal\/wp-content\/uploads\/2022\/06\/20151253\/concurso-carreiras-juridicas-assinatura-juridica-1536x285.jpg 1536w, https:\/\/cj.estrategia.com\/portal\/wp-content\/uploads\/2022\/06\/20151253\/concurso-carreiras-juridicas-assinatura-juridica-380x71.jpg 380w, https:\/\/cj.estrategia.com\/portal\/wp-content\/uploads\/2022\/06\/20151253\/concurso-carreiras-juridicas-assinatura-juridica-800x149.jpg 800w, https:\/\/cj.estrategia.com\/portal\/wp-content\/uploads\/2022\/06\/20151253\/concurso-carreiras-juridicas-assinatura-juridica-1160x215.jpg 1160w\" sizes=\"(max-width: 1890px) 100vw, 1890px\" \/><span aria-hidden=\"true\" class=\"wp-block-cover__background has-background-dim\"><\/span><div class=\"wp-block-cover__inner-container is-layout-flow wp-block-cover-is-layout-flow\">\n<h3 id=\"faca-a-sua-assinatura\" class=\"titulo-assinatura\"><span style=\"color: #ffffff;\">Fa\u00e7a a sua assinatura!<\/span><\/h3>\n<p class=\"subtitulo-assinatura\" style=\"display:block!important; line-height: 0;\"><span style=\"color: #ffffff;\">Escolha a sua \u00e1rea.<\/span><\/p>\n<a target=\"_blank\" href=\"https:\/\/www.estrategiaconcursos.com.br\/assinaturas-ecj\/\" rel=\"noopener\"><button style=\"border-radius: 10px; text-transform: capitalize;\">Acessar<\/button><\/a>\n<\/div><\/div>\n\n\n\n<p><\/p>\n","protected":false},"excerpt":{"rendered":"* Thiago de Paula Leite \u00e9 procurador do Estado de S\u00e3o Paulo e professor de direito ambiental e&hellip;\n","protected":false},"author":81,"featured_media":110509,"comment_status":"open","ping_status":"open","sticky":false,"template":"","format":"standard","meta":{"_jetpack_memberships_contains_paid_content":false,"footnotes":""},"categories":[1],"tags":[730,154,1458,1236,2369,1239,134,2370],"tax_estado":[30,31,32,33,34,35,36,37,38,39,40,41,42,43,44,45,46,47,48,49,50,51,52,53,54,55,56,57],"class_list":{"0":"post-110507","1":"post","2":"type-post","3":"status-publish","4":"format-standard","5":"has-post-thumbnail","7":"category-carreiras-juridicas","8":"tag-direito-constitucional","9":"tag-direito-penal","10":"tag-direito-processual-penal","11":"tag-revista-intima-vexatoria","12":"tag-revista-invertida","13":"tag-seguranca-em-presidios","14":"tag-stf","15":"tag-tema-988-stf","16":"tax_estado-ac","17":"tax_estado-al","18":"tax_estado-am","19":"tax_estado-ap","20":"tax_estado-ba","21":"tax_estado-ce","22":"tax_estado-concursos-federais","23":"tax_estado-df","24":"tax_estado-es","25":"tax_estado-go","26":"tax_estado-ma","27":"tax_estado-mg","28":"tax_estado-ms","29":"tax_estado-mt","30":"tax_estado-pa","31":"tax_estado-pb","32":"tax_estado-pe","33":"tax_estado-pi","34":"tax_estado-pr","35":"tax_estado-rj","36":"tax_estado-rn","37":"tax_estado-ro","38":"tax_estado-rr","39":"tax_estado-rs","40":"tax_estado-sc","41":"tax_estado-se","42":"tax_estado-sp","43":"tax_estado-to"},"acf":[],"yoast_head":"<!-- This site is optimized with the Yoast SEO Premium plugin v27.5 (Yoast SEO v27.5) - https:\/\/yoast.com\/product\/yoast-seo-premium-wordpress\/ -->\n<title>Revista \u00edntima vexat\u00f3ria \u00e9 proibida em pres\u00eddio<\/title>\n<meta name=\"description\" content=\"O STF, julgando o TEMA 998, fixou entendimento no sentido de proibir revistas \u00edntimas vexat\u00f3rias em visitantes nos pres\u00eddios (ARE 959.620).\" \/>\n<meta name=\"robots\" content=\"index, follow, max-snippet:-1, max-image-preview:large, max-video-preview:-1\" \/>\n<link rel=\"canonical\" href=\"https:\/\/cj.estrategia.com\/portal\/proibe-revista-intima-vexatoria-presidio\/\" \/>\n<meta property=\"og:locale\" content=\"pt_BR\" \/>\n<meta property=\"og:type\" content=\"article\" \/>\n<meta property=\"og:title\" content=\"STF pro\u00edbe revista \u00edntima vexat\u00f3ria em pres\u00eddio\" \/>\n<meta property=\"og:description\" content=\"O STF, julgando o TEMA 998, fixou entendimento no sentido de proibir revistas \u00edntimas vexat\u00f3rias em visitantes nos pres\u00eddios (ARE 959.620).\" \/>\n<meta property=\"og:url\" content=\"https:\/\/cj.estrategia.com\/portal\/proibe-revista-intima-vexatoria-presidio\/\" \/>\n<meta property=\"og:site_name\" content=\"Blog - Carreiras Jur\u00eddicas - Estrat\u00e9gia\" \/>\n<meta property=\"article:publisher\" content=\"https:\/\/www.facebook.com\/estrategiacarreirajuridica\/\" \/>\n<meta property=\"article:published_time\" content=\"2025-04-05T21:29:15+00:00\" \/>\n<meta property=\"article:modified_time\" content=\"2025-04-14T20:22:23+00:00\" \/>\n<meta property=\"og:image\" content=\"https:\/\/cj.estrategia.com\/portal\/wp-content\/uploads\/2025\/04\/05175217\/revista-intima.jpg\" \/>\n\t<meta property=\"og:image:width\" content=\"960\" \/>\n\t<meta property=\"og:image:height\" content=\"540\" \/>\n\t<meta property=\"og:image:type\" content=\"image\/jpeg\" \/>\n<meta name=\"author\" content=\"Thiago Leite\" \/>\n<meta name=\"twitter:card\" content=\"summary_large_image\" \/>\n<meta name=\"twitter:creator\" content=\"@EstratJuridica\" \/>\n<meta name=\"twitter:site\" content=\"@EstratJuridica\" \/>\n<meta name=\"twitter:label1\" content=\"Escrito por\" \/>\n\t<meta name=\"twitter:data1\" content=\"Thiago Leite\" \/>\n\t<meta name=\"twitter:label2\" content=\"Est. tempo de leitura\" \/>\n\t<meta name=\"twitter:data2\" content=\"5 minutos\" \/>\n<script type=\"application\/ld+json\" class=\"yoast-schema-graph\">{\"@context\":\"https:\\\/\\\/schema.org\",\"@graph\":[{\"@type\":\"NewsArticle\",\"@id\":\"https:\\\/\\\/cj.estrategia.com\\\/portal\\\/proibe-revista-intima-vexatoria-presidio\\\/#article\",\"isPartOf\":{\"@id\":\"https:\\\/\\\/cj.estrategia.com\\\/portal\\\/proibe-revista-intima-vexatoria-presidio\\\/\"},\"author\":{\"name\":\"Thiago Leite\",\"@id\":\"https:\\\/\\\/cj.estrategia.com\\\/portal\\\/#\\\/schema\\\/person\\\/7d7d2b1c8386e2eeacc0b09cfbc1d0ff\"},\"headline\":\"STF pro\u00edbe revista \u00edntima vexat\u00f3ria em pres\u00eddio\",\"datePublished\":\"2025-04-05T21:29:15+00:00\",\"dateModified\":\"2025-04-14T20:22:23+00:00\",\"mainEntityOfPage\":{\"@id\":\"https:\\\/\\\/cj.estrategia.com\\\/portal\\\/proibe-revista-intima-vexatoria-presidio\\\/\"},\"wordCount\":888,\"commentCount\":0,\"publisher\":{\"@id\":\"https:\\\/\\\/cj.estrategia.com\\\/portal\\\/#organization\"},\"image\":{\"@id\":\"https:\\\/\\\/cj.estrategia.com\\\/portal\\\/proibe-revista-intima-vexatoria-presidio\\\/#primaryimage\"},\"thumbnailUrl\":\"https:\\\/\\\/cj.estrategia.com\\\/portal\\\/wp-content\\\/uploads\\\/2025\\\/04\\\/05175217\\\/revista-intima.jpg\",\"keywords\":[\"Direito Constitucional\",\"direito penal\",\"direito processual penal\",\"revista \u00edntima vexat\u00f3ria\",\"revista invertida\",\"seguran\u00e7a em pres\u00eddios\",\"STF\",\"Tema 988 STF\"],\"articleSection\":[\"Carreiras Jur\u00eddicas\"],\"inLanguage\":\"pt-BR\",\"potentialAction\":[{\"@type\":\"CommentAction\",\"name\":\"Comment\",\"target\":[\"https:\\\/\\\/cj.estrategia.com\\\/portal\\\/proibe-revista-intima-vexatoria-presidio\\\/#respond\"]}]},{\"@type\":\"WebPage\",\"@id\":\"https:\\\/\\\/cj.estrategia.com\\\/portal\\\/proibe-revista-intima-vexatoria-presidio\\\/\",\"url\":\"https:\\\/\\\/cj.estrategia.com\\\/portal\\\/proibe-revista-intima-vexatoria-presidio\\\/\",\"name\":\"Revista \u00edntima vexat\u00f3ria \u00e9 proibida em pres\u00eddio\",\"isPartOf\":{\"@id\":\"https:\\\/\\\/cj.estrategia.com\\\/portal\\\/#website\"},\"primaryImageOfPage\":{\"@id\":\"https:\\\/\\\/cj.estrategia.com\\\/portal\\\/proibe-revista-intima-vexatoria-presidio\\\/#primaryimage\"},\"image\":{\"@id\":\"https:\\\/\\\/cj.estrategia.com\\\/portal\\\/proibe-revista-intima-vexatoria-presidio\\\/#primaryimage\"},\"thumbnailUrl\":\"https:\\\/\\\/cj.estrategia.com\\\/portal\\\/wp-content\\\/uploads\\\/2025\\\/04\\\/05175217\\\/revista-intima.jpg\",\"datePublished\":\"2025-04-05T21:29:15+00:00\",\"dateModified\":\"2025-04-14T20:22:23+00:00\",\"description\":\"O STF, julgando o TEMA 998, fixou entendimento no sentido de proibir revistas \u00edntimas vexat\u00f3rias em visitantes nos pres\u00eddios (ARE 959.620).\",\"breadcrumb\":{\"@id\":\"https:\\\/\\\/cj.estrategia.com\\\/portal\\\/proibe-revista-intima-vexatoria-presidio\\\/#breadcrumb\"},\"inLanguage\":\"pt-BR\",\"potentialAction\":[{\"@type\":\"ReadAction\",\"target\":[\"https:\\\/\\\/cj.estrategia.com\\\/portal\\\/proibe-revista-intima-vexatoria-presidio\\\/\"]}]},{\"@type\":\"ImageObject\",\"inLanguage\":\"pt-BR\",\"@id\":\"https:\\\/\\\/cj.estrategia.com\\\/portal\\\/proibe-revista-intima-vexatoria-presidio\\\/#primaryimage\",\"url\":\"https:\\\/\\\/cj.estrategia.com\\\/portal\\\/wp-content\\\/uploads\\\/2025\\\/04\\\/05175217\\\/revista-intima.jpg\",\"contentUrl\":\"https:\\\/\\\/cj.estrategia.com\\\/portal\\\/wp-content\\\/uploads\\\/2025\\\/04\\\/05175217\\\/revista-intima.jpg\",\"width\":960,\"height\":540},{\"@type\":\"BreadcrumbList\",\"@id\":\"https:\\\/\\\/cj.estrategia.com\\\/portal\\\/proibe-revista-intima-vexatoria-presidio\\\/#breadcrumb\",\"itemListElement\":[{\"@type\":\"ListItem\",\"position\":1,\"name\":\"In\u00edcio\",\"item\":\"https:\\\/\\\/cj.estrategia.com\\\/portal\\\/\"},{\"@type\":\"ListItem\",\"position\":2,\"name\":\"STF pro\u00edbe revista \u00edntima vexat\u00f3ria em pres\u00eddio\"}]},{\"@type\":\"WebSite\",\"@id\":\"https:\\\/\\\/cj.estrategia.com\\\/portal\\\/#website\",\"url\":\"https:\\\/\\\/cj.estrategia.com\\\/portal\\\/\",\"name\":\"Blog - Carreiras Jur\u00eddicas - Estrat\u00e9gia\",\"description\":\"\",\"publisher\":{\"@id\":\"https:\\\/\\\/cj.estrategia.com\\\/portal\\\/#organization\"},\"potentialAction\":[{\"@type\":\"SearchAction\",\"target\":{\"@type\":\"EntryPoint\",\"urlTemplate\":\"https:\\\/\\\/cj.estrategia.com\\\/portal\\\/?s={search_term_string}\"},\"query-input\":{\"@type\":\"PropertyValueSpecification\",\"valueRequired\":true,\"valueName\":\"search_term_string\"}}],\"inLanguage\":\"pt-BR\"},{\"@type\":\"Organization\",\"@id\":\"https:\\\/\\\/cj.estrategia.com\\\/portal\\\/#organization\",\"name\":\"Estrat\u00e9gia - Carreiras Jur\u00eddicas\",\"url\":\"https:\\\/\\\/cj.estrategia.com\\\/portal\\\/\",\"logo\":{\"@type\":\"ImageObject\",\"inLanguage\":\"pt-BR\",\"@id\":\"https:\\\/\\\/cj.estrategia.com\\\/portal\\\/#\\\/schema\\\/logo\\\/image\\\/\",\"url\":\"https:\\\/\\\/cj.estrategia.com\\\/portal\\\/wp-content\\\/uploads\\\/2022\\\/03\\\/11151052\\\/cj-logo.png\",\"contentUrl\":\"https:\\\/\\\/cj.estrategia.com\\\/portal\\\/wp-content\\\/uploads\\\/2022\\\/03\\\/11151052\\\/cj-logo.png\",\"width\":150,\"height\":39,\"caption\":\"Estrat\u00e9gia - Carreiras Jur\u00eddicas\"},\"image\":{\"@id\":\"https:\\\/\\\/cj.estrategia.com\\\/portal\\\/#\\\/schema\\\/logo\\\/image\\\/\"},\"sameAs\":[\"https:\\\/\\\/www.facebook.com\\\/estrategiacarreirajuridica\\\/\",\"https:\\\/\\\/x.com\\\/EstratJuridica\",\"https:\\\/\\\/www.instagram.com\\\/estrategiacarreirajuridica\\\/\",\"https:\\\/\\\/www.youtube.com\\\/channel\\\/UClbMGuYbj2Mh1m3w144ETWQ\"]},{\"@type\":\"Person\",\"@id\":\"https:\\\/\\\/cj.estrategia.com\\\/portal\\\/#\\\/schema\\\/person\\\/7d7d2b1c8386e2eeacc0b09cfbc1d0ff\",\"name\":\"Thiago Leite\",\"image\":{\"@type\":\"ImageObject\",\"inLanguage\":\"pt-BR\",\"@id\":\"https:\\\/\\\/secure.gravatar.com\\\/avatar\\\/15ff5746ff9e313f1248fe2373ce03309054e96387bb9249055458d0c1aaa297?s=96&d=mm&r=g\",\"url\":\"https:\\\/\\\/secure.gravatar.com\\\/avatar\\\/15ff5746ff9e313f1248fe2373ce03309054e96387bb9249055458d0c1aaa297?s=96&d=mm&r=g\",\"contentUrl\":\"https:\\\/\\\/secure.gravatar.com\\\/avatar\\\/15ff5746ff9e313f1248fe2373ce03309054e96387bb9249055458d0c1aaa297?s=96&d=mm&r=g\",\"caption\":\"Thiago Leite\"},\"description\":\"Thiago de Paula Leite \u00e9 procurador do Estado de S\u00e3o Paulo e professor de direito ambiental e agr\u00e1rio do Estrat\u00e9gia.\",\"url\":\"https:\\\/\\\/cj.estrategia.com\\\/portal\\\/author\\\/thiago-leite\\\/\"}]}<\/script>\n<!-- \/ Yoast SEO Premium plugin. -->","yoast_head_json":{"title":"Revista \u00edntima vexat\u00f3ria \u00e9 proibida em pres\u00eddio","description":"O STF, julgando o TEMA 998, fixou entendimento no sentido de proibir revistas \u00edntimas vexat\u00f3rias em visitantes nos pres\u00eddios (ARE 959.620).","robots":{"index":"index","follow":"follow","max-snippet":"max-snippet:-1","max-image-preview":"max-image-preview:large","max-video-preview":"max-video-preview:-1"},"canonical":"https:\/\/cj.estrategia.com\/portal\/proibe-revista-intima-vexatoria-presidio\/","og_locale":"pt_BR","og_type":"article","og_title":"STF pro\u00edbe revista \u00edntima vexat\u00f3ria em pres\u00eddio","og_description":"O STF, julgando o TEMA 998, fixou entendimento no sentido de proibir revistas \u00edntimas vexat\u00f3rias em visitantes nos pres\u00eddios (ARE 959.620).","og_url":"https:\/\/cj.estrategia.com\/portal\/proibe-revista-intima-vexatoria-presidio\/","og_site_name":"Blog - Carreiras Jur\u00eddicas - Estrat\u00e9gia","article_publisher":"https:\/\/www.facebook.com\/estrategiacarreirajuridica\/","article_published_time":"2025-04-05T21:29:15+00:00","article_modified_time":"2025-04-14T20:22:23+00:00","og_image":[{"width":960,"height":540,"url":"https:\/\/cj.estrategia.com\/portal\/wp-content\/uploads\/2025\/04\/05175217\/revista-intima.jpg","type":"image\/jpeg"}],"author":"Thiago Leite","twitter_card":"summary_large_image","twitter_creator":"@EstratJuridica","twitter_site":"@EstratJuridica","twitter_misc":{"Escrito por":"Thiago Leite","Est. tempo de leitura":"5 minutos"},"schema":{"@context":"https:\/\/schema.org","@graph":[{"@type":"NewsArticle","@id":"https:\/\/cj.estrategia.com\/portal\/proibe-revista-intima-vexatoria-presidio\/#article","isPartOf":{"@id":"https:\/\/cj.estrategia.com\/portal\/proibe-revista-intima-vexatoria-presidio\/"},"author":{"name":"Thiago Leite","@id":"https:\/\/cj.estrategia.com\/portal\/#\/schema\/person\/7d7d2b1c8386e2eeacc0b09cfbc1d0ff"},"headline":"STF pro\u00edbe revista \u00edntima vexat\u00f3ria em pres\u00eddio","datePublished":"2025-04-05T21:29:15+00:00","dateModified":"2025-04-14T20:22:23+00:00","mainEntityOfPage":{"@id":"https:\/\/cj.estrategia.com\/portal\/proibe-revista-intima-vexatoria-presidio\/"},"wordCount":888,"commentCount":0,"publisher":{"@id":"https:\/\/cj.estrategia.com\/portal\/#organization"},"image":{"@id":"https:\/\/cj.estrategia.com\/portal\/proibe-revista-intima-vexatoria-presidio\/#primaryimage"},"thumbnailUrl":"https:\/\/cj.estrategia.com\/portal\/wp-content\/uploads\/2025\/04\/05175217\/revista-intima.jpg","keywords":["Direito Constitucional","direito penal","direito processual penal","revista \u00edntima vexat\u00f3ria","revista invertida","seguran\u00e7a em pres\u00eddios","STF","Tema 988 STF"],"articleSection":["Carreiras Jur\u00eddicas"],"inLanguage":"pt-BR","potentialAction":[{"@type":"CommentAction","name":"Comment","target":["https:\/\/cj.estrategia.com\/portal\/proibe-revista-intima-vexatoria-presidio\/#respond"]}]},{"@type":"WebPage","@id":"https:\/\/cj.estrategia.com\/portal\/proibe-revista-intima-vexatoria-presidio\/","url":"https:\/\/cj.estrategia.com\/portal\/proibe-revista-intima-vexatoria-presidio\/","name":"Revista \u00edntima vexat\u00f3ria \u00e9 proibida em pres\u00eddio","isPartOf":{"@id":"https:\/\/cj.estrategia.com\/portal\/#website"},"primaryImageOfPage":{"@id":"https:\/\/cj.estrategia.com\/portal\/proibe-revista-intima-vexatoria-presidio\/#primaryimage"},"image":{"@id":"https:\/\/cj.estrategia.com\/portal\/proibe-revista-intima-vexatoria-presidio\/#primaryimage"},"thumbnailUrl":"https:\/\/cj.estrategia.com\/portal\/wp-content\/uploads\/2025\/04\/05175217\/revista-intima.jpg","datePublished":"2025-04-05T21:29:15+00:00","dateModified":"2025-04-14T20:22:23+00:00","description":"O STF, julgando o TEMA 998, fixou entendimento no sentido de proibir revistas \u00edntimas vexat\u00f3rias em visitantes nos pres\u00eddios (ARE 959.620).","breadcrumb":{"@id":"https:\/\/cj.estrategia.com\/portal\/proibe-revista-intima-vexatoria-presidio\/#breadcrumb"},"inLanguage":"pt-BR","potentialAction":[{"@type":"ReadAction","target":["https:\/\/cj.estrategia.com\/portal\/proibe-revista-intima-vexatoria-presidio\/"]}]},{"@type":"ImageObject","inLanguage":"pt-BR","@id":"https:\/\/cj.estrategia.com\/portal\/proibe-revista-intima-vexatoria-presidio\/#primaryimage","url":"https:\/\/cj.estrategia.com\/portal\/wp-content\/uploads\/2025\/04\/05175217\/revista-intima.jpg","contentUrl":"https:\/\/cj.estrategia.com\/portal\/wp-content\/uploads\/2025\/04\/05175217\/revista-intima.jpg","width":960,"height":540},{"@type":"BreadcrumbList","@id":"https:\/\/cj.estrategia.com\/portal\/proibe-revista-intima-vexatoria-presidio\/#breadcrumb","itemListElement":[{"@type":"ListItem","position":1,"name":"In\u00edcio","item":"https:\/\/cj.estrategia.com\/portal\/"},{"@type":"ListItem","position":2,"name":"STF pro\u00edbe revista \u00edntima vexat\u00f3ria em pres\u00eddio"}]},{"@type":"WebSite","@id":"https:\/\/cj.estrategia.com\/portal\/#website","url":"https:\/\/cj.estrategia.com\/portal\/","name":"Blog - Carreiras Jur\u00eddicas - Estrat\u00e9gia","description":"","publisher":{"@id":"https:\/\/cj.estrategia.com\/portal\/#organization"},"potentialAction":[{"@type":"SearchAction","target":{"@type":"EntryPoint","urlTemplate":"https:\/\/cj.estrategia.com\/portal\/?s={search_term_string}"},"query-input":{"@type":"PropertyValueSpecification","valueRequired":true,"valueName":"search_term_string"}}],"inLanguage":"pt-BR"},{"@type":"Organization","@id":"https:\/\/cj.estrategia.com\/portal\/#organization","name":"Estrat\u00e9gia - Carreiras Jur\u00eddicas","url":"https:\/\/cj.estrategia.com\/portal\/","logo":{"@type":"ImageObject","inLanguage":"pt-BR","@id":"https:\/\/cj.estrategia.com\/portal\/#\/schema\/logo\/image\/","url":"https:\/\/cj.estrategia.com\/portal\/wp-content\/uploads\/2022\/03\/11151052\/cj-logo.png","contentUrl":"https:\/\/cj.estrategia.com\/portal\/wp-content\/uploads\/2022\/03\/11151052\/cj-logo.png","width":150,"height":39,"caption":"Estrat\u00e9gia - Carreiras Jur\u00eddicas"},"image":{"@id":"https:\/\/cj.estrategia.com\/portal\/#\/schema\/logo\/image\/"},"sameAs":["https:\/\/www.facebook.com\/estrategiacarreirajuridica\/","https:\/\/x.com\/EstratJuridica","https:\/\/www.instagram.com\/estrategiacarreirajuridica\/","https:\/\/www.youtube.com\/channel\/UClbMGuYbj2Mh1m3w144ETWQ"]},{"@type":"Person","@id":"https:\/\/cj.estrategia.com\/portal\/#\/schema\/person\/7d7d2b1c8386e2eeacc0b09cfbc1d0ff","name":"Thiago Leite","image":{"@type":"ImageObject","inLanguage":"pt-BR","@id":"https:\/\/secure.gravatar.com\/avatar\/15ff5746ff9e313f1248fe2373ce03309054e96387bb9249055458d0c1aaa297?s=96&d=mm&r=g","url":"https:\/\/secure.gravatar.com\/avatar\/15ff5746ff9e313f1248fe2373ce03309054e96387bb9249055458d0c1aaa297?s=96&d=mm&r=g","contentUrl":"https:\/\/secure.gravatar.com\/avatar\/15ff5746ff9e313f1248fe2373ce03309054e96387bb9249055458d0c1aaa297?s=96&d=mm&r=g","caption":"Thiago Leite"},"description":"Thiago de Paula Leite \u00e9 procurador do Estado de S\u00e3o Paulo e professor de direito ambiental e agr\u00e1rio do Estrat\u00e9gia.","url":"https:\/\/cj.estrategia.com\/portal\/author\/thiago-leite\/"}]}},"jetpack_featured_media_url":"https:\/\/cj.estrategia.com\/portal\/wp-content\/uploads\/2025\/04\/05175217\/revista-intima.jpg","jetpack_sharing_enabled":true,"_links":{"self":[{"href":"https:\/\/cj.estrategia.com\/portal\/wp-json\/wp\/v2\/posts\/110507","targetHints":{"allow":["GET"]}}],"collection":[{"href":"https:\/\/cj.estrategia.com\/portal\/wp-json\/wp\/v2\/posts"}],"about":[{"href":"https:\/\/cj.estrategia.com\/portal\/wp-json\/wp\/v2\/types\/post"}],"author":[{"embeddable":true,"href":"https:\/\/cj.estrategia.com\/portal\/wp-json\/wp\/v2\/users\/81"}],"replies":[{"embeddable":true,"href":"https:\/\/cj.estrategia.com\/portal\/wp-json\/wp\/v2\/comments?post=110507"}],"version-history":[{"count":0,"href":"https:\/\/cj.estrategia.com\/portal\/wp-json\/wp\/v2\/posts\/110507\/revisions"}],"wp:featuredmedia":[{"embeddable":true,"href":"https:\/\/cj.estrategia.com\/portal\/wp-json\/wp\/v2\/media\/110509"}],"wp:attachment":[{"href":"https:\/\/cj.estrategia.com\/portal\/wp-json\/wp\/v2\/media?parent=110507"}],"wp:term":[{"taxonomy":"category","embeddable":true,"href":"https:\/\/cj.estrategia.com\/portal\/wp-json\/wp\/v2\/categories?post=110507"},{"taxonomy":"post_tag","embeddable":true,"href":"https:\/\/cj.estrategia.com\/portal\/wp-json\/wp\/v2\/tags?post=110507"},{"taxonomy":"tax_estado","embeddable":true,"href":"https:\/\/cj.estrategia.com\/portal\/wp-json\/wp\/v2\/tax_estado?post=110507"}],"curies":[{"name":"wp","href":"https:\/\/api.w.org\/{rel}","templated":true}]}}