{"id":11044,"date":"2026-04-13T12:51:00","date_gmt":"2026-04-13T15:51:00","guid":{"rendered":"https:\/\/cj.estrategia.com\/portal\/?p=11044"},"modified":"2026-04-13T12:51:42","modified_gmt":"2026-04-13T15:51:42","slug":"concurso-delegado-pi","status":"publish","type":"post","link":"https:\/\/cj.estrategia.com\/portal\/concurso-delegado-pi\/","title":{"rendered":"Concurso Delegado PI:\u00a0prova discursiva realizada!"},"content":{"rendered":"<a id=\"cta-icon\" href=\"https:\/\/sndflw.com\/i\/delegado-civil-grupo\" target=\"blank\" style=\"background:rgb(41,166,26)\">\n            <img decoding=\"async\" src=\"https:\/\/cj.estrategia.com\/portal\/wp-content\/uploads\/2023\/12\/07160657\/whatsapp_1385.webp\" alt=\"\" alt=\"whatsapp_1385\"><span > Acesse agora o Grupo de Estudos para Delegado Civil<\/span><\/a>\n\n\n\n<p>A <strong>Pol\u00edcia Civil do Estado do Piau\u00ed (PC PI)<\/strong> aplicou, por meio da Funda\u00e7\u00e3o Get\u00falio Vargas (FGV), a sua <strong>prova discursiva<\/strong>. O resultado preliminar deve ser publicado em breve. <\/p>\n\n\n\n<p>O certame registrou <a href=\"https:\/\/cj.estrategia.com\/portal\/wp-content\/uploads\/2025\/12\/22161852\/335-pcpi-delegado_demanda_por_vaga.pdf\">7.781 inscri\u00e7\u00f5es.<\/a> S\u00e3o ofertadas <strong>30 vagas imediatas<\/strong> e mais <strong>30 para forma\u00e7\u00e3o de cadastro de reserva<\/strong>, com <strong>remunera\u00e7\u00e3o inicial de R$ 20.601,38<\/strong>.<\/p>\n\n\n\n<ul class=\"wp-block-list has-very-light-gray-to-cyan-bluish-gray-gradient-background has-background\">\n<li><strong>Concurso Delegado PI<\/strong><\/li>\n\n\n\n<li><strong>Status<\/strong>: provas realizadas<\/li>\n\n\n\n<li><strong>Banca<\/strong>: <a href=\"https:\/\/conhecimento.fgv.br\/concursos\/pcpi25\/1\" target=\"_blank\" >FGV<\/a><\/li>\n\n\n\n<li><strong>Vagas<\/strong>: 30 + 30 CR <\/li>\n\n\n\n<li><strong>Sal\u00e1rio<\/strong>: R$ 20.601,38 [atualizado]<\/li>\n\n\n\n<li><strong>Edital:<\/strong> <a href=\"https:\/\/cj.estrategia.com\/portal\/wp-content\/uploads\/2025\/08\/19090615\/edital_delegado_pcpi_-_versao_final_18.09_assinado-1-ok-1.pdf\">Delegado PI 2025<\/a><\/li>\n<\/ul>\n\n\n\n<div class=\"container\" id=\"boxes\">\n  <div class=\"row\">\n\n    <div class=\"col-sm\">\n      <div class=\"banner-ecj-delegado\" id=\"box-assinatura\">\n        <h2 id=\"cursos-para-concurso-delegado-pi\" class=\"titulo-assinatura\"><span style=\"color: #ffffff; font-size: 23px; \">Cursos para Concurso Delegado PI<\/span><\/h2>\n        <p class=\"subtitulo-assinatura\">Cursos focados no edital!<\/p>\n        <div class=\"box-botao\">\n          <a class=\"btn-assinatura-juridica\" target=\"_blank\" href=\"https:\/\/cj.estrategia.com\/concurso\/pc-pi\" role=\"button\" rel=\"noopener noreferrer\">CLIQUE AQUI<\/a>\n        <\/div>\n      <\/div>\n      <p class=\"texto-auxiliar\">Prepare-se com o melhor material e com quem mais aprova em concursos em todo o pa\u00eds. \n<\/p>\n    <\/div>\n\n  <\/div>\n<\/div>\n\n\n\n<div class=\"wp-block-yoast-seo-table-of-contents yoast-table-of-contents\"><ul><li><a href=\"#h-concurso-delegado-pi-situacao-atual\" data-level=\"2\">Concurso Delegado PI: situa\u00e7\u00e3o atual<\/a><ul><li><a href=\"#h-qual-o-cronograma-do-concurso-delegado-pi\" data-level=\"3\">Qual o cronograma do Concurso Delegado PI?<\/a><\/li><li><a href=\"#h-linha-do-tempo-delegado-pi\" data-level=\"3\">Linha do tempo \u2013 Delegado PI<\/a><\/li><\/ul><\/li><li><a href=\"#carreira\" data-level=\"2\">Quais os principais detalhes do cargo de Delegado do Piau\u00ed?<\/a><ul><li><a href=\"#requisito\" data-level=\"3\">Quais s\u00e3o os requisitos?<\/a><\/li><li><a href=\"#atribui\u00e7\u00f5es\" data-level=\"3\">Quais s\u00e3o as atribui\u00e7\u00f5es de um Delegado na PC PI?<\/a><\/li><li><a href=\"#remunera\u00e7\u00e3o\" data-level=\"3\">Quanto ganha um Delegado da PC PI?<\/a><\/li><\/ul><\/li><li><a href=\"#h-quais-as-provas-e-etapas-do-concurso-de-delegado-do-piaui\" data-level=\"2\">Quais as provas e etapas do Concurso de Delegado do Piau\u00ed?<\/a><ul><li><a href=\"#h-prova-objetiva\" data-level=\"3\">Prova Objetiva<\/a><\/li><li><a href=\"#h-prova-discursiva\" data-level=\"3\">Prova Discursiva<\/a><\/li><li><a href=\"#h-avaliacao-de-titulos\" data-level=\"3\">Avalia\u00e7\u00e3o de T\u00edtulos<\/a><\/li><li><a href=\"#h-teste-de-aptidao-fisica\" data-level=\"3\">Teste de Aptid\u00e3o F\u00edsica<\/a><\/li><\/ul><\/li><li><a href=\"#ultimo\" data-level=\"2\">\u00daltimo Concurso Delegado PI \u2013 2018<\/a><ul><li><a href=\"#h-materiais-gratuitos-para-o-concurso-delegado-pi\" data-level=\"3\">Materiais gratuitos para o concurso Delegado PI<\/a><\/li><li><a href=\"#h-leia-tambem\" data-level=\"3\">Leia tamb\u00e9m:<\/a><\/li><\/ul><\/li><\/ul><\/div>\n\n\n\n<h2 class=\"wp-block-heading\" id=\"h-concurso-delegado-pi-situacao-atual\"><span id=\"concurso-delegado-pi-situacao-atual\">Concurso Delegado PI: situa\u00e7\u00e3o atual<\/span><\/h2>\n\n\n\n<h3 class=\"wp-block-heading\" id=\"h-qual-o-cronograma-do-concurso-delegado-pi\"><span id=\"qual-o-cronograma-do-concurso-delegado-pi\">Qual o cronograma do Concurso Delegado PI?<\/span><\/h3>\n\n\n\n<ul class=\"wp-block-list has-very-light-gray-to-cyan-bluish-gray-gradient-background has-background\">\n<li><strong>Inscri\u00e7\u00f5es: <\/strong><s>de 29 de setembro a 4 de novembro de 2025 (18\/11\/2025)<\/s><\/li>\n\n\n\n<li><strong>Isen\u00e7\u00e3o: <\/strong><s>29 de setembro e 1\u00ba de outubro de 2025<\/s><\/li>\n\n\n\n<li><strong>Pagamento da taxa:<\/strong> <s>5 de novembro de 2025 (19\/11\/2025)<\/s><\/li>\n\n\n\n<li><strong>Prova Objetiva:<\/strong> <s>25 de janeiro de 2026<\/s><\/li>\n\n\n\n<li><strong>Prova Escrita Discursiva:<\/strong> <s>12 de abril de 2026<\/s><\/li>\n<\/ul>\n\n\n\n<h3 class=\"wp-block-heading has-text-align-left\" id=\"h-linha-do-tempo-delegado-pi\"><span id=\"linha-do-tempo-delegado-pi\">Linha do tempo \u2013 Delegado PI<\/span><\/h3>\n\n\n\n<blockquote class=\"wp-block-quote is-layout-flow wp-block-quote-is-layout-flow\">\n<ul class=\"wp-block-list\">\n<li>06\/04\/2026 \u2013 <a href=\"https:\/\/cj.estrategia.com\/portal\/wp-content\/uploads\/2026\/02\/12105358\/335_pcpi-delegado-resultado-definitivo-prova-objetiva-2026-03-10.pdf\">Resultado definitivo da prova objetiva;<\/a><\/li>\n\n\n\n<li>24\/02\/2026 \u2013 <a href=\"https:\/\/cj.estrategia.com\/portal\/wp-content\/uploads\/2026\/02\/24212416\/pcpi-delegado-gabarito-definitivo.pdf\" target=\"_blank\" >Gabarito definitivo da prova objetiva<\/a>;<\/li>\n\n\n\n<li>27\/01\/2026 \u2013 <a href=\"https:\/\/cj.estrategia.com\/portal\/wp-content\/uploads\/2026\/01\/27194553\/delegado-de-policia-cns100-tipo-4.pdf\" target=\"_blank\" >Caderno de prova \u2013 tipo 4<\/a><\/li>\n\n\n\n<li>27\/01\/2026 \u2013 <a href=\"https:\/\/cj.estrategia.com\/portal\/wp-content\/uploads\/2026\/01\/27194554\/delegado-de-policia-cns100-tipo-3.pdf\" target=\"_blank\" >Caderno de prova \u2013 tipo 3<\/a><\/li>\n\n\n\n<li>27\/01\/2026 \u2013 <a href=\"https:\/\/cj.estrategia.com\/portal\/wp-content\/uploads\/2026\/01\/27194556\/delegado-de-policia-cns100-tipo-2.pdf\" target=\"_blank\" >Caderno de prova \u2013 tipo 2<\/a><\/li>\n\n\n\n<li>27\/01\/2026 \u2013 <a href=\"https:\/\/cj.estrategia.com\/portal\/wp-content\/uploads\/2026\/01\/27194600\/delegado-de-policia-cns100-tipo-1.pdf\" target=\"_blank\" >Caderno de prova \u2013 tipo 1<\/a><\/li>\n\n\n\n<li>27\/01\/2026 \u2013 <a href=\"https:\/\/cj.estrategia.com\/portal\/wp-content\/uploads\/2026\/01\/27130203\/pcpied01-gabaritos-para-publicacao.pdf\" target=\"_blank\" >Gabarito preliminar da prova objetiva<\/a>;<\/li>\n\n\n\n<li>23\/01\/2026 \u2013 <a href=\"https:\/\/www50.fgv.br\/ConsultaLocalProva.aspx?key=8UfaJCGqHU8=\" target=\"_blank\" >Consulta ao Local de Prova<\/a>;<\/li>\n\n\n\n<li>29\/12\/2025 \u2013 <a href=\"https:\/\/cj.estrategia.com\/portal\/wp-content\/uploads\/2025\/12\/29181624\/5refiticacaoeditalpiauidelegado.pdf\" target=\"_blank\" rel=\"noreferrer noopener nofollow\">T\u00edtulos novamente retificados<\/a>;<\/li>\n\n\n\n<li>22\/12\/2025 \u2013 <a href=\"https:\/\/cj.estrategia.com\/portal\/wp-content\/uploads\/2025\/12\/22175913\/sei_0021749443_edital_01.pdf\" target=\"_blank\" rel=\"noreferrer noopener nofollow\">T\u00edtulos retificados<\/a>;<\/li>\n\n\n\n<li>04\/11\/2025 \u2013 <a href=\"https:\/\/cj.estrategia.com\/portal\/wp-content\/uploads\/2025\/10\/04115911\/sei_0020993261_edital_01.pdf\" target=\"_blank\" rel=\"noreferrer noopener nofollow\">Retifica\u00e7\u00e3o inscri\u00e7\u00f5es<\/a>;<\/li>\n\n\n\n<li>29\/09\/2025 \u2013 <a href=\"https:\/\/cj.estrategia.com\/portal\/wp-content\/uploads\/2025\/10\/09160336\/delegado-pi.pdf\" target=\"_blank\" rel=\"noreferrer noopener nofollow\">Retifica\u00e7\u00e3o pontua\u00e7\u00e3o<\/a>;<\/li>\n\n\n\n<li>29\/09\/2025 \u2013 <a href=\"https:\/\/cj.estrategia.com\/portal\/wp-content\/uploads\/2025\/11\/18155234\/sei_gov-pi-0020427123-edital.pdf\" target=\"_blank\" rel=\"noreferrer noopener nofollow\">Retifica\u00e7\u00e3o isen\u00e7\u00e3o<\/a>;<\/li>\n\n\n\n<li>19\/09\/2025 \u2013 <a href=\"https:\/\/cj.estrategia.com\/portal\/wp-content\/uploads\/2025\/08\/19090615\/edital_delegado_pcpi_-_versao_final_18.09_assinado-1-ok-1.pdf\">Edital publicado<\/a>;<\/li>\n<\/ul>\n<\/blockquote>\n\n\n\n<h2 class=\"wp-block-heading\" id=\"carreira\"><span id=\"quais-os-principais-detalhes-do-cargo-de-delegado-do-piaui\">Quais os principais detalhes do cargo de Delegado do Piau\u00ed?<\/span><\/h2>\n\n\n\n<h3 class=\"wp-block-heading\" id=\"requisito\"><span id=\"quais-sao-os-requisitos\">Quais s\u00e3o os requisitos?<\/span><\/h3>\n\n\n\n<ul class=\"wp-block-list\">\n<li>Ser <strong>bacharel em Direito<\/strong>, com diploma reconhecido pelo MEC;<\/li>\n\n\n\n<li>Comprovar <strong>tr\u00eas anos de atividade jur\u00eddica ou policial<\/strong>;<\/li>\n\n\n\n<li>Possuir <strong>Carteira Nacional de Habilita\u00e7\u00e3o, categoria B<\/strong>.<\/li>\n<\/ul>\n\n\n\n<p>O Conselho Superior da Pol\u00edcia Civil do Piau\u00ed\u00a0<a href=\"https:\/\/cj.estrategia.com\/portal\/wp-content\/uploads\/2025\/08\/27202759\/DOEPI_165_2025.pdf\" target=\"_blank\" >publicou resolu\u00e7\u00e3o regulamentando os crit\u00e9rios de comprova\u00e7\u00e3o da atividade jur\u00eddica<\/a>\u00a0para ingresso no cargo de Delegado de Pol\u00edcia Civil.<\/p>\n\n\n\n<p><em>Quer um guia completo sobre\u00a0<a href=\"https:\/\/cj.estrategia.com\/portal\/atividade-juridica\/\" target=\"_blank\" >atividade jur\u00eddica<\/a>\u00a0em concursos p\u00fablicos? N\u00f3s temos!<\/em><\/p>\n\n\n\n<h3 class=\"wp-block-heading\" id=\"atribui\u00e7\u00f5es\"><span id=\"quais-sao-as-atribuicoes-de-um-delegado-na-pc-pi\">Quais s\u00e3o as atribui\u00e7\u00f5es de um Delegado na PC PI?<\/span><\/h3>\n\n\n\n<p>Aos Delegados de Pol\u00edcia de Carreira, al\u00e9m das atribui\u00e7\u00f5es previstas na legisla\u00e7\u00e3o processual, competem-lhes, ainda: cumprir e fazer cumprir, no \u00e2mbito de sua compet\u00eancia, as fun\u00e7\u00f5es institucionais da pol\u00edcia judici\u00e1ria; lavrar termos circunstanciados, instaurar e presidir inqu\u00e9ritos policiais e outros procedimentos administrativos e fazer o indiciamento de forma fundamentada, dentro de sua circunscri\u00e7\u00e3o.<\/p>\n\n\n\n<h3 class=\"wp-block-heading\" id=\"remunera\u00e7\u00e3o\"><span id=\"quanto-ganha-um-delegado-da-pc-pi\">Quanto ganha um Delegado da PC PI?<\/span><\/h3>\n\n\n\n<figure class=\"wp-block-table is-style-stripes\"><table class=\"has-luminous-vivid-amber-background-color has-background\"><thead><tr><th class=\"has-text-align-center\" data-align=\"center\">CLASSE<\/th><th class=\"has-text-align-center\" data-align=\"center\">DELEGADO DE POL\u00cdCIA<\/th><\/tr><\/thead><tbody><tr><td class=\"has-text-align-center\" data-align=\"center\">ESPECIAL<\/td><td class=\"has-text-align-center\" data-align=\"center\">R$ 28.417,53<\/td><\/tr><tr><td class=\"has-text-align-center\" data-align=\"center\">1\u00aa CLASSE<\/td><td class=\"has-text-align-center\" data-align=\"center\">R$ 25.834,14<\/td><\/tr><tr><td class=\"has-text-align-center\" data-align=\"center\">2\u00aa CLASSE<\/td><td class=\"has-text-align-center\" data-align=\"center\">R$ 23.485,56<\/td><\/tr><tr><td class=\"has-text-align-center\" data-align=\"center\">3\u00aa CLASSE<\/td><td class=\"has-text-align-center\" data-align=\"center\">R$ 21.350,52<\/td><\/tr><tr><td class=\"has-text-align-center\" data-align=\"center\">4\u00aa CLASSE<\/td><td class=\"has-text-align-center\" data-align=\"center\">R$ 20.601,38<\/td><\/tr><\/tbody><\/table><\/figure>\n\n\n\n<h2 class=\"wp-block-heading\" id=\"h-quais-as-provas-e-etapas-do-concurso-de-delegado-do-piaui\"><span id=\"quais-as-provas-e-etapas-do-concurso-de-delegado-do-piaui\">Quais as provas e etapas do Concurso de Delegado do Piau\u00ed?<\/span><\/h2>\n\n\n\n<p>O processo seletivo contar\u00e1 com\u00a0<strong>diversas fases eliminat\u00f3rias e classificat\u00f3rias<\/strong>. Confira as etapas espec\u00edficas:<\/p>\n\n\n\n<ul class=\"wp-block-list\">\n<li><strong>Prova objetiva<\/strong>\u00a0(eliminat\u00f3ria e classificat\u00f3ria);<\/li>\n\n\n\n<li><strong>Prova discursiva<\/strong>\u00a0(eliminat\u00f3ria e classificat\u00f3ria);<\/li>\n\n\n\n<li><strong>Prova oral<\/strong>\u00a0(eliminat\u00f3ria e classificat\u00f3ria);<\/li>\n\n\n\n<li><strong>Avalia\u00e7\u00e3o de t\u00edtulos<\/strong>\u00a0(classificat\u00f3ria);<\/li>\n\n\n\n<li><strong>Exame psicopatol\u00f3gico<\/strong>\u00a0(eliminat\u00f3rio);<\/li>\n\n\n\n<li><strong>Exame de sa\u00fade<\/strong>\u00a0(eliminat\u00f3rio);<\/li>\n\n\n\n<li><strong>Exame de aptid\u00e3o f\u00edsica<\/strong>\u00a0(eliminat\u00f3rio);<\/li>\n\n\n\n<li><strong>Investiga\u00e7\u00e3o social<\/strong>\u00a0(eliminat\u00f3rio);<\/li>\n\n\n\n<li><strong>Curso de forma\u00e7\u00e3o<\/strong>\u00a0(eliminat\u00f3rio).<\/li>\n<\/ul>\n\n\n\n<p>O exame de\u00a0<strong>t\u00edtulos contar\u00e1 pontos para tempo de atividade policial civil<\/strong>, podendo representar at\u00e9\u00a0<strong>30% da nota m\u00e1xima da etapa<\/strong>.<\/p>\n\n\n\n<h3 class=\"wp-block-heading\" id=\"h-prova-objetiva\"><span id=\"prova-objetiva\">Prova Objetiva<\/span><\/h3>\n\n\n\n<p>A primeira fase do concurso foi a prova objetiva. Composta por <strong>80 quest\u00f5es de m\u00faltipla escolha<\/strong>, cada uma valendo um ponto, a avalia\u00e7\u00e3o cobrou disciplinas como Direito Penal, Processual Penal, Constitucional, Administrativo, Civil, Direitos Humanos, Ci\u00eancias Forenses e Legisla\u00e7\u00e3o e Conhecimentos Regionais.<\/p>\n\n\n\n<p>Para ser aprovado, o candidato deve atingir <strong>pelo menos 60% do total (48 pontos)<\/strong> e n\u00e3o zerar nenhuma disciplina. <\/p>\n\n\n\n<h3 class=\"wp-block-heading\" id=\"h-prova-discursiva\"><span id=\"prova-discursiva\">Prova Discursiva<\/span><\/h3>\n\n\n\n<p>Os aprovados na objetiva ser\u00e3o convocados para a prova discursiva, prevista para <strong>12 de abril de 2026<\/strong>, tamb\u00e9m em Teresina. Esta etapa inclui <strong>tr\u00eas quest\u00f5es dissertativas e uma pe\u00e7a profissional<\/strong>, totalizando 100 pontos. <\/p>\n\n\n\n<p>Para avan\u00e7ar, \u00e9 necess\u00e1rio atingir <strong>m\u00ednimo de 25 pontos na pe\u00e7a profissional e 30 pontos nas quest\u00f5es dissertativas<\/strong>, sem zerar nenhuma quest\u00e3o.<\/p>\n\n\n\n<h3 class=\"wp-block-heading\" id=\"h-avaliacao-de-titulos\"><span id=\"avaliacao-de-titulos\">Avalia\u00e7\u00e3o de T\u00edtulos<\/span><\/h3>\n\n\n\n<p>A avalia\u00e7\u00e3o de t\u00edtulos \u00e9 opcional, mas pode somar at\u00e9 <strong>10 pontos \u00e0 nota final<\/strong>. (<a href=\"https:\/\/cj.estrategia.com\/portal\/wp-content\/uploads\/2025\/12\/22175913\/sei_0021749443_edital_01.pdf\" target=\"_blank\" rel=\"noreferrer noopener nofollow\">veja os t\u00edtulos considerados<\/a>)<\/p>\n\n\n\n<h3 class=\"wp-block-heading\" id=\"h-teste-de-aptidao-fisica\"><span id=\"teste-de-aptidao-fisica\">Teste de Aptid\u00e3o F\u00edsica<\/span><\/h3>\n\n\n\n<p>O Teste de Aptid\u00e3o F\u00edsica ser\u00e1 realizado em Teresina e visa avaliar a capacidade f\u00edsica necess\u00e1ria para o cargo. Os candidatos enfrentar\u00e3o <strong>quatro testes de esfor\u00e7o f\u00edsico<\/strong>: <\/p>\n\n\n\n<ul class=\"wp-block-list\">\n<li>flex\u00e3o na barra fixa, <\/li>\n\n\n\n<li>flex\u00e3o abdominal, <\/li>\n\n\n\n<li>corrida de velocidade (100 metros) e <\/li>\n\n\n\n<li>corrida de resist\u00eancia (2.000 metros para mulheres e 2.400 metros para homens).<\/li>\n<\/ul>\n\n\n\n<p>Todos os candidatos devem apresentar <strong>atestado m\u00e9dico atualizado<\/strong>, estar com <strong>trajes adequados para exerc\u00edcios f\u00edsicos<\/strong> e comparecer com anteced\u00eancia m\u00ednima de 60 minutos. Qualquer descumprimento das regras implica elimina\u00e7\u00e3o autom\u00e1tica.<\/p>\n\n\n\n<h2 class=\"wp-block-heading\" id=\"ultimo\"><span id=\"ultimo-concurso-delegado-pi-2018\">\u00daltimo Concurso Delegado PI \u2013 2018<\/span><\/h2>\n\n\n\n<p>O <strong>\u00faltimo concurso da Pol\u00edcia Civil do Piau\u00ed ocorreu em 2018 e ofertou 50 vagas para o cargo de Delegado.<\/strong> A sele\u00e7\u00e3o foi composta por sete etapas, incluindo provas objetivas e discursivas, al\u00e9m de fases eliminat\u00f3rias como exames de sa\u00fade, teste f\u00edsico, avalia\u00e7\u00e3o psicol\u00f3gica e investiga\u00e7\u00e3o social.<\/p>\n\n\n\n<ul class=\"wp-block-list\">\n<li><a href=\"https:\/\/cj.estrategia.com\/portal\/delegado-pi-saiba-como-foi-a-prova-do-ultimo-concurso\/\" target=\"_blank\" rel=\"noreferrer noopener nofollow\">Delegado PI: saiba como foi a prova objetiva do \u00faltimo concurso!<\/a><\/li>\n<\/ul>\n\n\n\n<h3 class=\"wp-block-heading\" id=\"h-materiais-gratuitos-para-o-concurso-delegado-pi\"><span id=\"materiais-gratuitos-para-o-concurso-delegado-pi\">Materiais gratuitos para o concurso Delegado PI<\/span><\/h3>\n\n\n\n<ul class=\"wp-block-list\">\n<li><a href=\"https:\/\/www.youtube.com\/watch?v=cQBOW_-Jr7I\" target=\"_blank\" >Como come\u00e7ar a estudar para Delegado? Passo a passo!<\/a><\/li>\n\n\n\n<li><a href=\"https:\/\/www.youtube.com\/watch?v=SHLnxorZJas&list=PLIqSUMY9ZmeEcoXqDChf6-Yf-DzFpZPqx\" target=\"_blank\" >Curso Principais Pe\u00e7as Pr\u00e1ticas para o Concurso de Delegado de Pol\u00edcia<\/a><\/li>\n<\/ul>\n\n\n\n<h3 class=\"wp-block-heading\" id=\"h-leia-tambem\"><span id=\"leia-tambem\">Leia tamb\u00e9m:<\/span><\/h3>\n\n\n\n<ul class=\"wp-block-list\">\n<li><a href=\"https:\/\/cj.estrategia.com\/portal\/concurso-delegado-pi-2025-x-2018-veja-o-que-mudou\/\" target=\"_blank\" >Concurso Delegado PI 2025 x 2018: veja o que mudou<\/a><\/li>\n\n\n\n<li><a href=\"https:\/\/cj.estrategia.com\/portal\/projeto-de-lei-exige-experiencia-minima-de-3-anos-para-delegado-pi\/\" target=\"_blank\" >Projeto de lei exige experi\u00eancia m\u00ednima de 3 anos para delegado PI<\/a><\/li>\n\n\n\n<li><a href=\"https:\/\/cj.estrategia.com\/portal\/edital-delegado-pi\/\" target=\"_blank\" >Edital Delegado PI: SAIU; 60 VAGAS e iniciais de R$ 20,6 mil!<\/a><\/li>\n<\/ul>\n\n\n\n<p class=\"has-text-align-center has-very-light-gray-to-cyan-bluish-gray-gradient-background has-background\"><a href=\"https:\/\/cj.estrategia.com\/portal\/provas-comentadas-de-delegado\/\" target=\"_blank\" >Provas Comentadas de Delegado: aprenda com cada quest\u00e3o!<\/a><\/p>\n\n\n\n<p class=\"has-text-align-center has-medium-font-size\">Quer saber tudo sobre concursos previstos? <strong>Confira nossos artigos!<\/strong><\/p>\n\n\n\n<ul class=\"wp-block-list\">\n<li><a href=\"https:\/\/cj.estrategia.com\/portal\/concursos-abertos-carreiras-juridicas\/\">Concurso jur\u00eddicos abertos<\/a><\/li>\n\n\n\n<li><a href=\"https:\/\/cj.estrategia.com\/portal\/concursos-2025-carreiras-juridicas\/\"><\/a><a href=\"https:\/\/cj.estrategia.com\/portal\/concursos-juridicos-2026-prepare-se-para-os-proximos-editais\/\" target=\"_blank\" >Concursos jur\u00eddicos 2026<\/a><\/li>\n\n\n\n<li><a href=\"https:\/\/cj.estrategia.com\/portal\/concursos-delegado\/\">Concursos delegados<\/a><\/li>\n<\/ul>\n\n\n\n<p class=\"has-text-align-center has-medium-font-size\"><strong>Assinaturas Carreiras Jur\u00eddicas <\/strong><\/p>\n\n\n\n<div class=\"wp-block-cover\" style=\"min-height:155px;aspect-ratio:unset;\"><img decoding=\"async\" width=\"1890\" height=\"351\" class=\"wp-block-cover__image-background wp-image-8669\" alt=\"Assinaturas Jur\u00eddicas\" src=\"https:\/\/cj.estrategia.com\/portal\/wp-content\/uploads\/2022\/06\/20151253\/concurso-carreiras-juridicas-assinatura-juridica.jpg\" style=\"object-position:78% 43%\" data-object-fit=\"cover\" data-object-position=\"78% 43%\" srcset=\"https:\/\/cj.estrategia.com\/portal\/wp-content\/uploads\/2022\/06\/20151253\/concurso-carreiras-juridicas-assinatura-juridica.jpg 1890w, https:\/\/cj.estrategia.com\/portal\/wp-content\/uploads\/2022\/06\/20151253\/concurso-carreiras-juridicas-assinatura-juridica-300x56.jpg 300w, https:\/\/cj.estrategia.com\/portal\/wp-content\/uploads\/2022\/06\/20151253\/concurso-carreiras-juridicas-assinatura-juridica-1024x190.jpg 1024w, https:\/\/cj.estrategia.com\/portal\/wp-content\/uploads\/2022\/06\/20151253\/concurso-carreiras-juridicas-assinatura-juridica-768x143.jpg 768w, https:\/\/cj.estrategia.com\/portal\/wp-content\/uploads\/2022\/06\/20151253\/concurso-carreiras-juridicas-assinatura-juridica-1536x285.jpg 1536w, https:\/\/cj.estrategia.com\/portal\/wp-content\/uploads\/2022\/06\/20151253\/concurso-carreiras-juridicas-assinatura-juridica-380x71.jpg 380w, https:\/\/cj.estrategia.com\/portal\/wp-content\/uploads\/2022\/06\/20151253\/concurso-carreiras-juridicas-assinatura-juridica-800x149.jpg 800w, https:\/\/cj.estrategia.com\/portal\/wp-content\/uploads\/2022\/06\/20151253\/concurso-carreiras-juridicas-assinatura-juridica-1160x215.jpg 1160w\" sizes=\"(max-width: 1890px) 100vw, 1890px\" \/><span aria-hidden=\"true\" class=\"wp-block-cover__background has-background-dim\"><\/span><div class=\"wp-block-cover__inner-container is-layout-flow wp-block-cover-is-layout-flow\">\n<h3 id=\"faca-a-sua-assinatura\" class=\"titulo-assinatura\"><span style=\"color: #ffffff;\">Fa\u00e7a a sua assinatura!<\/span><\/h3>\n<p class=\"subtitulo-assinatura\" style=\"display:block!important; line-height: 0;\"><span style=\"color: #ffffff;\">Escolha a sua \u00e1rea.<\/span><\/p>\n<a target=\"_blank\" href=\"https:\/\/www.estrategiaconcursos.com.br\/assinaturas-ecj\/\" rel=\"noopener\"><button style=\"border-radius: 10px; text-transform: capitalize;\">Acessar<\/button><\/a>\n<\/div><\/div>\n\n\n\n<figure class=\"wp-block-image size-large is-resized\"><img decoding=\"async\" src=\"https:\/\/dhg1h5j42swfq.cloudfront.net\/2021\/04\/21143506\/ficha-tecnica-160-1024x632.png\" alt=\"ficha t\u00e9cnica concurso delegado PI\" class=\"wp-image-720402\" style=\"width:192px;height:auto\"\/><\/figure>\n\n\n\n<h4 class=\"wp-block-heading\" id=\"h-informacoes-do-concurso-delegado-pi\"><span id=\"informacoes-do-concurso-delegado-pi\">Informa\u00e7\u00f5es do concurso Delegado PI<\/span><\/h4>\n\n\n\n<ul class=\"wp-block-list\">\n<li><span style=\"color: #000000;\"><strong>Vagas:<\/strong> <\/span>30 + 30 CR<\/li>\n\n\n\n<li><span style=\"color: #000000;\"><strong>Banca:<\/strong> <\/span>FGV<\/li>\n\n\n\n<li><span style=\"color: #000000;\"><strong>Escolaridade: <\/strong><\/span>Bacharelado em Direito<\/li>\n\n\n\n<li><strong>Edital:<\/strong> <a href=\"https:\/\/cj.estrategia.com\/portal\/wp-content\/uploads\/2025\/08\/19090615\/edital_delegado_pcpi_-_versao_final_18.09_assinado-1-ok-1.pdf\">Delegado PI 2025<\/a><\/li>\n\n\n\n<li><strong>\u00daltimo Edital:<\/strong> <a href=\"https:\/\/cj.estrategia.com\/portal\/wp-content\/uploads\/2022\/07\/06095056\/EDITAL_001-2018_DELEGADO.pdf\" target=\"_blank\" >PC PI Delegado 2018<\/a><\/li>\n<\/ul>\n","protected":false},"excerpt":{"rendered":"Concurso Delegado PI: s\u00e3o 30 vagas + 30 em CR com remunera\u00e7\u00e3o inicial de R$ 20,6 mil.\n","protected":false},"author":12,"featured_media":177696,"comment_status":"open","ping_status":"open","sticky":false,"template":"","format":"standard","meta":{"_jetpack_memberships_contains_paid_content":false,"footnotes":""},"categories":[28],"tags":[],"tax_estado":[47],"class_list":{"0":"post-11044","1":"post","2":"type-post","3":"status-publish","4":"format-standard","5":"has-post-thumbnail","7":"category-delegado","8":"tax_estado-pi"},"acf":[],"yoast_head":"<!-- This site is optimized with the Yoast SEO Premium plugin v27.5 (Yoast SEO v27.5) - https:\/\/yoast.com\/product\/yoast-seo-premium-wordpress\/ -->\n<title>Concurso Delegado PI:\u00a0prova discursiva realizada!<\/title>\n<meta name=\"description\" content=\"Concurso Delegado PI: s\u00e3o 30 vagas + 30 em CR com remunera\u00e7\u00e3o inicial de R$ 20,6 mil. Prova escrita em 12\/04!\" \/>\n<meta name=\"robots\" content=\"index, follow, max-snippet:-1, max-image-preview:large, max-video-preview:-1\" \/>\n<link rel=\"canonical\" href=\"https:\/\/cj.estrategia.com\/portal\/concurso-delegado-pi\/\" \/>\n<meta property=\"og:locale\" content=\"pt_BR\" \/>\n<meta property=\"og:type\" content=\"article\" \/>\n<meta property=\"og:title\" content=\"Concurso Delegado PI:\u00a0prova discursiva realizada!\" \/>\n<meta property=\"og:description\" content=\"Concurso Delegado PI: s\u00e3o 30 vagas + 30 em CR com remunera\u00e7\u00e3o inicial de R$ 20,6 mil. Prova escrita em 12\/04!\" \/>\n<meta property=\"og:url\" content=\"https:\/\/cj.estrategia.com\/portal\/concurso-delegado-pi\/\" \/>\n<meta property=\"og:site_name\" content=\"Blog - Carreiras Jur\u00eddicas - Estrat\u00e9gia\" \/>\n<meta property=\"article:publisher\" content=\"https:\/\/www.facebook.com\/estrategiacarreirajuridica\/\" \/>\n<meta property=\"article:published_time\" content=\"2026-04-13T15:51:00+00:00\" \/>\n<meta property=\"article:modified_time\" content=\"2026-04-13T15:51:42+00:00\" \/>\n<meta property=\"og:image\" content=\"https:\/\/cj.estrategia.com\/portal\/wp-content\/uploads\/2026\/01\/04105008\/CAPA-2-1.jpg\" \/>\n\t<meta property=\"og:image:width\" content=\"2459\" \/>\n\t<meta property=\"og:image:height\" content=\"1383\" \/>\n\t<meta property=\"og:image:type\" content=\"image\/jpeg\" \/>\n<meta name=\"author\" content=\"Coordena\u00e7\u00e3o\" \/>\n<meta name=\"twitter:card\" content=\"summary_large_image\" \/>\n<meta name=\"twitter:creator\" content=\"@EstratJuridica\" \/>\n<meta name=\"twitter:site\" content=\"@EstratJuridica\" \/>\n<meta name=\"twitter:label1\" content=\"Escrito por\" \/>\n\t<meta name=\"twitter:data1\" content=\"Coordena\u00e7\u00e3o\" \/>\n\t<meta name=\"twitter:label2\" content=\"Est. tempo de leitura\" \/>\n\t<meta name=\"twitter:data2\" content=\"6 minutos\" \/>\n<script type=\"application\/ld+json\" class=\"yoast-schema-graph\">{\"@context\":\"https:\\\/\\\/schema.org\",\"@graph\":[{\"@type\":\"NewsArticle\",\"@id\":\"https:\\\/\\\/cj.estrategia.com\\\/portal\\\/concurso-delegado-pi\\\/#article\",\"isPartOf\":{\"@id\":\"https:\\\/\\\/cj.estrategia.com\\\/portal\\\/concurso-delegado-pi\\\/\"},\"author\":{\"name\":\"Coordena\u00e7\u00e3o\",\"@id\":\"https:\\\/\\\/cj.estrategia.com\\\/portal\\\/#\\\/schema\\\/person\\\/4d70317d31449932b99102916b6637f5\"},\"headline\":\"Concurso Delegado PI:\u00a0prova discursiva realizada!\",\"datePublished\":\"2026-04-13T15:51:00+00:00\",\"dateModified\":\"2026-04-13T15:51:42+00:00\",\"mainEntityOfPage\":{\"@id\":\"https:\\\/\\\/cj.estrategia.com\\\/portal\\\/concurso-delegado-pi\\\/\"},\"wordCount\":1084,\"commentCount\":0,\"publisher\":{\"@id\":\"https:\\\/\\\/cj.estrategia.com\\\/portal\\\/#organization\"},\"image\":{\"@id\":\"https:\\\/\\\/cj.estrategia.com\\\/portal\\\/concurso-delegado-pi\\\/#primaryimage\"},\"thumbnailUrl\":\"https:\\\/\\\/cj.estrategia.com\\\/portal\\\/wp-content\\\/uploads\\\/2026\\\/01\\\/04105008\\\/CAPA-2-1.jpg\",\"articleSection\":[\"Delegado\"],\"inLanguage\":\"pt-BR\",\"potentialAction\":[{\"@type\":\"CommentAction\",\"name\":\"Comment\",\"target\":[\"https:\\\/\\\/cj.estrategia.com\\\/portal\\\/concurso-delegado-pi\\\/#respond\"]}],\"accessibilityFeature\":[\"tableOfContents\"]},{\"@type\":\"WebPage\",\"@id\":\"https:\\\/\\\/cj.estrategia.com\\\/portal\\\/concurso-delegado-pi\\\/\",\"url\":\"https:\\\/\\\/cj.estrategia.com\\\/portal\\\/concurso-delegado-pi\\\/\",\"name\":\"Concurso Delegado PI:\u00a0prova discursiva realizada!\",\"isPartOf\":{\"@id\":\"https:\\\/\\\/cj.estrategia.com\\\/portal\\\/#website\"},\"primaryImageOfPage\":{\"@id\":\"https:\\\/\\\/cj.estrategia.com\\\/portal\\\/concurso-delegado-pi\\\/#primaryimage\"},\"image\":{\"@id\":\"https:\\\/\\\/cj.estrategia.com\\\/portal\\\/concurso-delegado-pi\\\/#primaryimage\"},\"thumbnailUrl\":\"https:\\\/\\\/cj.estrategia.com\\\/portal\\\/wp-content\\\/uploads\\\/2026\\\/01\\\/04105008\\\/CAPA-2-1.jpg\",\"datePublished\":\"2026-04-13T15:51:00+00:00\",\"dateModified\":\"2026-04-13T15:51:42+00:00\",\"description\":\"Concurso Delegado PI: s\u00e3o 30 vagas + 30 em CR com remunera\u00e7\u00e3o inicial de R$ 20,6 mil. Prova escrita em 12\\\/04!\",\"breadcrumb\":{\"@id\":\"https:\\\/\\\/cj.estrategia.com\\\/portal\\\/concurso-delegado-pi\\\/#breadcrumb\"},\"inLanguage\":\"pt-BR\",\"potentialAction\":[{\"@type\":\"ReadAction\",\"target\":[\"https:\\\/\\\/cj.estrategia.com\\\/portal\\\/concurso-delegado-pi\\\/\"]}]},{\"@type\":\"ImageObject\",\"inLanguage\":\"pt-BR\",\"@id\":\"https:\\\/\\\/cj.estrategia.com\\\/portal\\\/concurso-delegado-pi\\\/#primaryimage\",\"url\":\"https:\\\/\\\/cj.estrategia.com\\\/portal\\\/wp-content\\\/uploads\\\/2026\\\/01\\\/04105008\\\/CAPA-2-1.jpg\",\"contentUrl\":\"https:\\\/\\\/cj.estrategia.com\\\/portal\\\/wp-content\\\/uploads\\\/2026\\\/01\\\/04105008\\\/CAPA-2-1.jpg\",\"width\":2459,\"height\":1383},{\"@type\":\"BreadcrumbList\",\"@id\":\"https:\\\/\\\/cj.estrategia.com\\\/portal\\\/concurso-delegado-pi\\\/#breadcrumb\",\"itemListElement\":[{\"@type\":\"ListItem\",\"position\":1,\"name\":\"In\u00edcio\",\"item\":\"https:\\\/\\\/cj.estrategia.com\\\/portal\\\/\"},{\"@type\":\"ListItem\",\"position\":2,\"name\":\"Concurso Delegado PI:\u00a0prova discursiva realizada!\"}]},{\"@type\":\"WebSite\",\"@id\":\"https:\\\/\\\/cj.estrategia.com\\\/portal\\\/#website\",\"url\":\"https:\\\/\\\/cj.estrategia.com\\\/portal\\\/\",\"name\":\"Blog - Carreiras Jur\u00eddicas - Estrat\u00e9gia\",\"description\":\"\",\"publisher\":{\"@id\":\"https:\\\/\\\/cj.estrategia.com\\\/portal\\\/#organization\"},\"potentialAction\":[{\"@type\":\"SearchAction\",\"target\":{\"@type\":\"EntryPoint\",\"urlTemplate\":\"https:\\\/\\\/cj.estrategia.com\\\/portal\\\/?s={search_term_string}\"},\"query-input\":{\"@type\":\"PropertyValueSpecification\",\"valueRequired\":true,\"valueName\":\"search_term_string\"}}],\"inLanguage\":\"pt-BR\"},{\"@type\":\"Organization\",\"@id\":\"https:\\\/\\\/cj.estrategia.com\\\/portal\\\/#organization\",\"name\":\"Estrat\u00e9gia - Carreiras Jur\u00eddicas\",\"url\":\"https:\\\/\\\/cj.estrategia.com\\\/portal\\\/\",\"logo\":{\"@type\":\"ImageObject\",\"inLanguage\":\"pt-BR\",\"@id\":\"https:\\\/\\\/cj.estrategia.com\\\/portal\\\/#\\\/schema\\\/logo\\\/image\\\/\",\"url\":\"https:\\\/\\\/cj.estrategia.com\\\/portal\\\/wp-content\\\/uploads\\\/2022\\\/03\\\/11151052\\\/cj-logo.png\",\"contentUrl\":\"https:\\\/\\\/cj.estrategia.com\\\/portal\\\/wp-content\\\/uploads\\\/2022\\\/03\\\/11151052\\\/cj-logo.png\",\"width\":150,\"height\":39,\"caption\":\"Estrat\u00e9gia - Carreiras Jur\u00eddicas\"},\"image\":{\"@id\":\"https:\\\/\\\/cj.estrategia.com\\\/portal\\\/#\\\/schema\\\/logo\\\/image\\\/\"},\"sameAs\":[\"https:\\\/\\\/www.facebook.com\\\/estrategiacarreirajuridica\\\/\",\"https:\\\/\\\/x.com\\\/EstratJuridica\",\"https:\\\/\\\/www.instagram.com\\\/estrategiacarreirajuridica\\\/\",\"https:\\\/\\\/www.youtube.com\\\/channel\\\/UClbMGuYbj2Mh1m3w144ETWQ\"]},{\"@type\":\"Person\",\"@id\":\"https:\\\/\\\/cj.estrategia.com\\\/portal\\\/#\\\/schema\\\/person\\\/4d70317d31449932b99102916b6637f5\",\"name\":\"Coordena\u00e7\u00e3o\",\"image\":{\"@type\":\"ImageObject\",\"inLanguage\":\"pt-BR\",\"@id\":\"https:\\\/\\\/cj.estrategia.com\\\/portal\\\/wp-content\\\/uploads\\\/2022\\\/05\\\/12164923\\\/estrategia-carreira-juridica-coordenacao-96x96.png\",\"url\":\"https:\\\/\\\/cj.estrategia.com\\\/portal\\\/wp-content\\\/uploads\\\/2022\\\/05\\\/12164923\\\/estrategia-carreira-juridica-coordenacao-96x96.png\",\"contentUrl\":\"https:\\\/\\\/cj.estrategia.com\\\/portal\\\/wp-content\\\/uploads\\\/2022\\\/05\\\/12164923\\\/estrategia-carreira-juridica-coordenacao-96x96.png\",\"caption\":\"Coordena\u00e7\u00e3o\"},\"url\":\"https:\\\/\\\/cj.estrategia.com\\\/portal\\\/author\\\/coordenacao\\\/\"}]}<\/script>\n<!-- \/ Yoast SEO Premium plugin. -->","yoast_head_json":{"title":"Concurso Delegado PI:\u00a0prova discursiva realizada!","description":"Concurso Delegado PI: s\u00e3o 30 vagas + 30 em CR com remunera\u00e7\u00e3o inicial de R$ 20,6 mil. Prova escrita em 12\/04!","robots":{"index":"index","follow":"follow","max-snippet":"max-snippet:-1","max-image-preview":"max-image-preview:large","max-video-preview":"max-video-preview:-1"},"canonical":"https:\/\/cj.estrategia.com\/portal\/concurso-delegado-pi\/","og_locale":"pt_BR","og_type":"article","og_title":"Concurso Delegado PI:\u00a0prova discursiva realizada!","og_description":"Concurso Delegado PI: s\u00e3o 30 vagas + 30 em CR com remunera\u00e7\u00e3o inicial de R$ 20,6 mil. Prova escrita em 12\/04!","og_url":"https:\/\/cj.estrategia.com\/portal\/concurso-delegado-pi\/","og_site_name":"Blog - Carreiras Jur\u00eddicas - Estrat\u00e9gia","article_publisher":"https:\/\/www.facebook.com\/estrategiacarreirajuridica\/","article_published_time":"2026-04-13T15:51:00+00:00","article_modified_time":"2026-04-13T15:51:42+00:00","og_image":[{"width":2459,"height":1383,"url":"https:\/\/cj.estrategia.com\/portal\/wp-content\/uploads\/2026\/01\/04105008\/CAPA-2-1.jpg","type":"image\/jpeg"}],"author":"Coordena\u00e7\u00e3o","twitter_card":"summary_large_image","twitter_creator":"@EstratJuridica","twitter_site":"@EstratJuridica","twitter_misc":{"Escrito por":"Coordena\u00e7\u00e3o","Est. tempo de leitura":"6 minutos"},"schema":{"@context":"https:\/\/schema.org","@graph":[{"@type":"NewsArticle","@id":"https:\/\/cj.estrategia.com\/portal\/concurso-delegado-pi\/#article","isPartOf":{"@id":"https:\/\/cj.estrategia.com\/portal\/concurso-delegado-pi\/"},"author":{"name":"Coordena\u00e7\u00e3o","@id":"https:\/\/cj.estrategia.com\/portal\/#\/schema\/person\/4d70317d31449932b99102916b6637f5"},"headline":"Concurso Delegado PI:\u00a0prova discursiva realizada!","datePublished":"2026-04-13T15:51:00+00:00","dateModified":"2026-04-13T15:51:42+00:00","mainEntityOfPage":{"@id":"https:\/\/cj.estrategia.com\/portal\/concurso-delegado-pi\/"},"wordCount":1084,"commentCount":0,"publisher":{"@id":"https:\/\/cj.estrategia.com\/portal\/#organization"},"image":{"@id":"https:\/\/cj.estrategia.com\/portal\/concurso-delegado-pi\/#primaryimage"},"thumbnailUrl":"https:\/\/cj.estrategia.com\/portal\/wp-content\/uploads\/2026\/01\/04105008\/CAPA-2-1.jpg","articleSection":["Delegado"],"inLanguage":"pt-BR","potentialAction":[{"@type":"CommentAction","name":"Comment","target":["https:\/\/cj.estrategia.com\/portal\/concurso-delegado-pi\/#respond"]}],"accessibilityFeature":["tableOfContents"]},{"@type":"WebPage","@id":"https:\/\/cj.estrategia.com\/portal\/concurso-delegado-pi\/","url":"https:\/\/cj.estrategia.com\/portal\/concurso-delegado-pi\/","name":"Concurso Delegado PI:\u00a0prova discursiva realizada!","isPartOf":{"@id":"https:\/\/cj.estrategia.com\/portal\/#website"},"primaryImageOfPage":{"@id":"https:\/\/cj.estrategia.com\/portal\/concurso-delegado-pi\/#primaryimage"},"image":{"@id":"https:\/\/cj.estrategia.com\/portal\/concurso-delegado-pi\/#primaryimage"},"thumbnailUrl":"https:\/\/cj.estrategia.com\/portal\/wp-content\/uploads\/2026\/01\/04105008\/CAPA-2-1.jpg","datePublished":"2026-04-13T15:51:00+00:00","dateModified":"2026-04-13T15:51:42+00:00","description":"Concurso Delegado PI: s\u00e3o 30 vagas + 30 em CR com remunera\u00e7\u00e3o inicial de R$ 20,6 mil. Prova escrita em 12\/04!","breadcrumb":{"@id":"https:\/\/cj.estrategia.com\/portal\/concurso-delegado-pi\/#breadcrumb"},"inLanguage":"pt-BR","potentialAction":[{"@type":"ReadAction","target":["https:\/\/cj.estrategia.com\/portal\/concurso-delegado-pi\/"]}]},{"@type":"ImageObject","inLanguage":"pt-BR","@id":"https:\/\/cj.estrategia.com\/portal\/concurso-delegado-pi\/#primaryimage","url":"https:\/\/cj.estrategia.com\/portal\/wp-content\/uploads\/2026\/01\/04105008\/CAPA-2-1.jpg","contentUrl":"https:\/\/cj.estrategia.com\/portal\/wp-content\/uploads\/2026\/01\/04105008\/CAPA-2-1.jpg","width":2459,"height":1383},{"@type":"BreadcrumbList","@id":"https:\/\/cj.estrategia.com\/portal\/concurso-delegado-pi\/#breadcrumb","itemListElement":[{"@type":"ListItem","position":1,"name":"In\u00edcio","item":"https:\/\/cj.estrategia.com\/portal\/"},{"@type":"ListItem","position":2,"name":"Concurso Delegado PI:\u00a0prova discursiva realizada!"}]},{"@type":"WebSite","@id":"https:\/\/cj.estrategia.com\/portal\/#website","url":"https:\/\/cj.estrategia.com\/portal\/","name":"Blog - Carreiras Jur\u00eddicas - Estrat\u00e9gia","description":"","publisher":{"@id":"https:\/\/cj.estrategia.com\/portal\/#organization"},"potentialAction":[{"@type":"SearchAction","target":{"@type":"EntryPoint","urlTemplate":"https:\/\/cj.estrategia.com\/portal\/?s={search_term_string}"},"query-input":{"@type":"PropertyValueSpecification","valueRequired":true,"valueName":"search_term_string"}}],"inLanguage":"pt-BR"},{"@type":"Organization","@id":"https:\/\/cj.estrategia.com\/portal\/#organization","name":"Estrat\u00e9gia - Carreiras Jur\u00eddicas","url":"https:\/\/cj.estrategia.com\/portal\/","logo":{"@type":"ImageObject","inLanguage":"pt-BR","@id":"https:\/\/cj.estrategia.com\/portal\/#\/schema\/logo\/image\/","url":"https:\/\/cj.estrategia.com\/portal\/wp-content\/uploads\/2022\/03\/11151052\/cj-logo.png","contentUrl":"https:\/\/cj.estrategia.com\/portal\/wp-content\/uploads\/2022\/03\/11151052\/cj-logo.png","width":150,"height":39,"caption":"Estrat\u00e9gia - Carreiras Jur\u00eddicas"},"image":{"@id":"https:\/\/cj.estrategia.com\/portal\/#\/schema\/logo\/image\/"},"sameAs":["https:\/\/www.facebook.com\/estrategiacarreirajuridica\/","https:\/\/x.com\/EstratJuridica","https:\/\/www.instagram.com\/estrategiacarreirajuridica\/","https:\/\/www.youtube.com\/channel\/UClbMGuYbj2Mh1m3w144ETWQ"]},{"@type":"Person","@id":"https:\/\/cj.estrategia.com\/portal\/#\/schema\/person\/4d70317d31449932b99102916b6637f5","name":"Coordena\u00e7\u00e3o","image":{"@type":"ImageObject","inLanguage":"pt-BR","@id":"https:\/\/cj.estrategia.com\/portal\/wp-content\/uploads\/2022\/05\/12164923\/estrategia-carreira-juridica-coordenacao-96x96.png","url":"https:\/\/cj.estrategia.com\/portal\/wp-content\/uploads\/2022\/05\/12164923\/estrategia-carreira-juridica-coordenacao-96x96.png","contentUrl":"https:\/\/cj.estrategia.com\/portal\/wp-content\/uploads\/2022\/05\/12164923\/estrategia-carreira-juridica-coordenacao-96x96.png","caption":"Coordena\u00e7\u00e3o"},"url":"https:\/\/cj.estrategia.com\/portal\/author\/coordenacao\/"}]}},"jetpack_featured_media_url":"https:\/\/cj.estrategia.com\/portal\/wp-content\/uploads\/2026\/01\/04105008\/CAPA-2-1.jpg","jetpack_sharing_enabled":true,"_links":{"self":[{"href":"https:\/\/cj.estrategia.com\/portal\/wp-json\/wp\/v2\/posts\/11044","targetHints":{"allow":["GET"]}}],"collection":[{"href":"https:\/\/cj.estrategia.com\/portal\/wp-json\/wp\/v2\/posts"}],"about":[{"href":"https:\/\/cj.estrategia.com\/portal\/wp-json\/wp\/v2\/types\/post"}],"author":[{"embeddable":true,"href":"https:\/\/cj.estrategia.com\/portal\/wp-json\/wp\/v2\/users\/12"}],"replies":[{"embeddable":true,"href":"https:\/\/cj.estrategia.com\/portal\/wp-json\/wp\/v2\/comments?post=11044"}],"version-history":[{"count":0,"href":"https:\/\/cj.estrategia.com\/portal\/wp-json\/wp\/v2\/posts\/11044\/revisions"}],"wp:featuredmedia":[{"embeddable":true,"href":"https:\/\/cj.estrategia.com\/portal\/wp-json\/wp\/v2\/media\/177696"}],"wp:attachment":[{"href":"https:\/\/cj.estrategia.com\/portal\/wp-json\/wp\/v2\/media?parent=11044"}],"wp:term":[{"taxonomy":"category","embeddable":true,"href":"https:\/\/cj.estrategia.com\/portal\/wp-json\/wp\/v2\/categories?post=11044"},{"taxonomy":"post_tag","embeddable":true,"href":"https:\/\/cj.estrategia.com\/portal\/wp-json\/wp\/v2\/tags?post=11044"},{"taxonomy":"tax_estado","embeddable":true,"href":"https:\/\/cj.estrategia.com\/portal\/wp-json\/wp\/v2\/tax_estado?post=11044"}],"curies":[{"name":"wp","href":"https:\/\/api.w.org\/{rel}","templated":true}]}}