{"id":110394,"date":"2025-04-04T21:15:53","date_gmt":"2025-04-05T00:15:53","guid":{"rendered":"https:\/\/cj.estrategia.com\/portal\/?p=110394"},"modified":"2025-04-04T21:18:24","modified_gmt":"2025-04-05T00:18:24","slug":"residencia-juridica-tj-go-provas","status":"publish","type":"post","link":"https:\/\/cj.estrategia.com\/portal\/residencia-juridica-tj-go-provas\/","title":{"rendered":"\u00c9 neste domingo! Veja os detalhes das provas de Resid\u00eancia Jur\u00eddica TJ GO"},"content":{"rendered":"\n<p>Aten\u00e7\u00e3o, candidatos! O <strong>Programa de Resid\u00eancia Jur\u00eddica TJ GO<\/strong> ter\u00e1 suas etapas avaliativas aplicadas neste final de semana e n\u00f3s preparamos este artigo com os principais detalhes das provas, confira!<\/p>\n\n\n\n<p>O edital oferta<strong> 1.000 vagas imediatas <\/strong>mais a forma\u00e7\u00e3o de cadastro reserva para o cargo de <strong>Residente Jur\u00eddico<\/strong> de n\u00edvel superior e <strong>iniciais de R$ 3.985,00.<\/strong><\/p>\n\n\n\n<p>Para participar da sele\u00e7\u00e3o, os candidatos precisaram ter bacharel em Direito e estar cursando especializa\u00e7\u00e3o, mestrado, doutorado, p\u00f3s-doutorado ou, ainda, ter conclu\u00eddo o curso de gradua\u00e7\u00e3o h\u00e1 no m\u00e1ximo 5 anos.<\/p>\n\n\n\n<p><em>Importante: os Programas de Resid\u00eancia poder\u00e3o ter jornada de est\u00e1gio m\u00e1xima de 30 horas semanais e dura\u00e7\u00e3o de at\u00e9 36 meses, n\u00e3o gerando v\u00ednculo de qualquer natureza com a Administra\u00e7\u00e3o P\u00fablica.\u00a0<\/em><\/p>\n\n\n\n<h2 class=\"wp-block-heading\" id=\"h-residencia-juridica-tj-go-provas\"><span id=\"residencia-juridica-tj-go-provas\">Resid\u00eancia Jur\u00eddica TJ GO &#8211; Provas:<\/span><\/h2>\n\n\n\n<p><strong>Os candidatos ser\u00e3o avaliados neste domingo, 6 de abril, das 9h as 13h por duas etapas:<\/strong><\/p>\n\n\n\n<ul class=\"wp-block-list\">\n<li><strong>Prova objetiva, <\/strong>de car\u00e1ter eliminat\u00f3rio e classificat\u00f3rio<\/li>\n\n\n\n<li><strong>Prova discursiva, <\/strong>de car\u00e1ter eliminat\u00f3rio e classificat\u00f3rio.<\/li>\n<\/ul>\n\n\n\n<p><em>Per\u00edcia M\u00e9dica e Heteroidentifica\u00e7\u00e3o ser\u00e3o aplicadas para aqueles que concorrerem, respectivamente, \u00e0 reserva de vagas para candidatos com defici\u00eancia e para candidatos negros (pretos\/pardos)<\/em>.<\/p>\n\n\n\n<h2 class=\"wp-block-heading\" id=\"h-prova-objetiva\"><span id=\"prova-objetiva\">Prova objetiva<\/span><\/h2>\n\n\n\n<p>A <strong>prova objetiva<\/strong> ser\u00e1 composta por <strong>60 quest\u00f5es<\/strong> de m\u00faltipla escolha, com <strong>cinco alternativas <\/strong>e apenas uma correta e <strong>dura\u00e7\u00e3o de 4 horas. <\/strong>Cada quest\u00e3o valer\u00e1 1 ponto, totalizando 60 pontos. Confira abaixo a distribui\u00e7\u00e3o das disciplinas:<\/p>\n\n\n\n<figure class=\"wp-block-table is-style-stripes\"><table class=\"has-very-light-gray-to-cyan-bluish-gray-gradient-background has-background\"><thead><tr><th class=\"has-text-align-center\" data-align=\"center\">Disciplina<\/th><th class=\"has-text-align-center\" data-align=\"center\">N\u00famero de Quest\u00f5es<\/th><\/tr><\/thead><tbody><tr><td class=\"has-text-align-center\" data-align=\"center\">Direito Constitucional<\/td><td class=\"has-text-align-center\" data-align=\"center\">10<\/td><\/tr><tr><td class=\"has-text-align-center\" data-align=\"center\">Direito Administrativo<\/td><td class=\"has-text-align-center\" data-align=\"center\">10<\/td><\/tr><tr><td class=\"has-text-align-center\" data-align=\"center\">Direito Civil<\/td><td class=\"has-text-align-center\" data-align=\"center\">10<\/td><\/tr><tr><td class=\"has-text-align-center\" data-align=\"center\">Direito Processual Civil<\/td><td class=\"has-text-align-center\" data-align=\"center\">10<\/td><\/tr><tr><td class=\"has-text-align-center\" data-align=\"center\">Direito Penal<\/td><td class=\"has-text-align-center\" data-align=\"center\">10<\/td><\/tr><tr><td class=\"has-text-align-center\" data-align=\"center\">Direito Processual Penal<\/td><td class=\"has-text-align-center\" data-align=\"center\">10<\/td><\/tr><tr><td class=\"has-text-align-center\" data-align=\"center\"><strong>Total<\/strong><\/td><td class=\"has-text-align-center\" data-align=\"center\"><strong>60<\/strong><\/td><\/tr><\/tbody><\/table><figcaption class=\"wp-element-caption\">Resid\u00eancia Jur\u00eddica TJ GO provas objetivas<\/figcaption><\/figure>\n\n\n\n<p>Para ser aprovado, o candidato dever\u00e1 alcan\u00e7ar pelo menos 30 pontos. J\u00e1 para os candidatos que concorrem \u00e0s vagas reservadas a pessoas com defici\u00eancia e candidatos negros, o m\u00ednimo exigido \u00e9 de 24 pontos.<\/p>\n\n\n\n<h2 class=\"wp-block-heading\" id=\"h-prova-discursiva\"><span id=\"prova-discursiva\">Prova discursiva<\/span><\/h2>\n\n\n\n<p>A <strong>prova discursiva <\/strong>ser\u00e1 composta por <strong>1 quest\u00e3o discursiva<\/strong>, que dever\u00e1 ser respondida em <strong>at\u00e9 30 linhas<\/strong>. A pontua\u00e7\u00e3o m\u00e1xima ser\u00e1 de <strong>20 pontos<\/strong>.<\/p>\n\n\n\n<p>A corre\u00e7\u00e3o da resposta levar\u00e1 em conta:<\/p>\n\n\n\n<ul class=\"wp-block-list\">\n<li>A <strong>precis\u00e3o da resposta<\/strong>;<\/li>\n\n\n\n<li>O <strong>grau de conhecimento do tema<\/strong> demonstrado;<\/li>\n\n\n\n<li>A <strong>flu\u00eancia e coer\u00eancia<\/strong> da exposi\u00e7\u00e3o.<\/li>\n<\/ul>\n\n\n\n<p>As provas discursivas s\u00f3 ser\u00e3o corrigidas se o candidato for aprovado na prova objetiva, conforme os crit\u00e9rios m\u00ednimos. Para ser aprovado na prova discursiva, o candidato deve obter:<\/p>\n\n\n\n<ul class=\"wp-block-list\"><\/ul>\n\n\n\n<figure class=\"wp-block-table is-style-stripes\"><table class=\"has-very-light-gray-to-cyan-bluish-gray-gradient-background has-background\"><thead><tr><th class=\"has-text-align-center\" data-align=\"center\">Categoria<\/th><th class=\"has-text-align-center\" data-align=\"center\">Nota m\u00ednima para aprova\u00e7\u00e3o<\/th><\/tr><\/thead><tbody><tr><td class=\"has-text-align-center\" data-align=\"center\">Ampla Concorr\u00eancia<\/td><td class=\"has-text-align-center\" data-align=\"center\">10 pontos<\/td><\/tr><tr><td class=\"has-text-align-center\" data-align=\"center\">Candidatos Negros (pretos\/pardos)<\/td><td class=\"has-text-align-center\" data-align=\"center\">8 pontos<\/td><\/tr><tr><td class=\"has-text-align-center\" data-align=\"center\">Pessoas com Defici\u00eancia (PCD)<\/td><td class=\"has-text-align-center\" data-align=\"center\">8 pontos<\/td><\/tr><\/tbody><\/table><figcaption class=\"wp-element-caption\">Resid\u00eancia Jur\u00eddica TJ GO provas discursivas.<\/figcaption><\/figure>\n\n\n\n<p>A classifica\u00e7\u00e3o final ser\u00e1 feita com base na <strong>soma das notas da prova objetiva e da prova discursiva<\/strong>. N\u00e3o haver\u00e1 arredondamento de nota.<\/p>\n\n\n\n<p class=\"has-text-align-center\"><em>Fique por dentro de todos os detalhes do programa de Resid\u00eancia Jur\u00eddica TJ GO al\u00e9m dos detalhes das provas. Confira nosso artigo:<\/em><\/p>\n\n\n\n<p class=\"has-text-align-center has-very-light-gray-to-cyan-bluish-gray-gradient-background has-background\"><strong><a href=\"https:\/\/cj.estrategia.com\/portal\/residencia-juridica-tj-go\/\" target=\"_blank\" >Resid\u00eancia Jur\u00eddica TJ GO<\/a><\/strong><\/p>\n\n\n\n<h2 class=\"wp-block-heading has-text-align-center\" id=\"h-quer-saber-tudo-sobre-concursos-previstos-confira-nossos-artigos\"><span id=\"quer-saber-tudo-sobre-concursos-previstosconfira-nossos-artigos\">Quer saber tudo sobre concursos previstos?<br>Confira nossos artigos!<\/span><\/h2>\n\n\n\n<ul class=\"wp-block-list\">\n<li><a href=\"https:\/\/cj.estrategia.com\/portal\/concursos-abertos-carreiras-juridicas\/\" target=\"_blank\" ><strong>Concursos abertos<\/strong><\/a><\/li>\n<\/ul>\n\n\n\n<ul class=\"wp-block-list\">\n<li><a href=\"https:\/\/cj.estrategia.com\/portal\/concursos-2025-carreiras-juridicas\/\" target=\"_blank\" ><strong>Concursos Jur\u00eddicos 2025<\/strong><\/a><\/li>\n<\/ul>\n\n\n\n<ul class=\"wp-block-list\">\n<li><strong><a href=\"https:\/\/cj.estrategia.com\/portal\/concursos-magistratura\/\" target=\"_blank\" >Concursos Magistratura<\/a><\/strong><\/li>\n<\/ul>\n\n\n\n<h2 class=\"wp-block-heading has-text-align-center\" id=\"cursos\"><span id=\"quer-estudar-para-carreiras-juridicas\">Quer estudar para Carreiras Jur\u00eddicas?<\/span><\/h2>\n\n\n\n<p>O Estrat\u00e9gia Carreira Jur\u00eddica \u00e9 campe\u00e3o de aprova\u00e7\u00f5es nos concursos para Carreiras Jur\u00eddicas com um corpo docente qualificado e materiais completos. Conhe\u00e7a nossos cursos e garanta sua aprova\u00e7\u00e3o:<\/p>\n\n\n\n<div class=\"wp-block-cover\" style=\"min-height:155px;aspect-ratio:unset;\"><img decoding=\"async\" width=\"1890\" height=\"351\" class=\"wp-block-cover__image-background wp-image-8669\" alt=\"Assinaturas Jur\u00eddicas\" src=\"https:\/\/cj.estrategia.com\/portal\/wp-content\/uploads\/2022\/06\/20151253\/concurso-carreiras-juridicas-assinatura-juridica.jpg\" style=\"object-position:78% 43%\" data-object-fit=\"cover\" data-object-position=\"78% 43%\" srcset=\"https:\/\/cj.estrategia.com\/portal\/wp-content\/uploads\/2022\/06\/20151253\/concurso-carreiras-juridicas-assinatura-juridica.jpg 1890w, https:\/\/cj.estrategia.com\/portal\/wp-content\/uploads\/2022\/06\/20151253\/concurso-carreiras-juridicas-assinatura-juridica-300x56.jpg 300w, https:\/\/cj.estrategia.com\/portal\/wp-content\/uploads\/2022\/06\/20151253\/concurso-carreiras-juridicas-assinatura-juridica-1024x190.jpg 1024w, https:\/\/cj.estrategia.com\/portal\/wp-content\/uploads\/2022\/06\/20151253\/concurso-carreiras-juridicas-assinatura-juridica-768x143.jpg 768w, https:\/\/cj.estrategia.com\/portal\/wp-content\/uploads\/2022\/06\/20151253\/concurso-carreiras-juridicas-assinatura-juridica-1536x285.jpg 1536w, https:\/\/cj.estrategia.com\/portal\/wp-content\/uploads\/2022\/06\/20151253\/concurso-carreiras-juridicas-assinatura-juridica-380x71.jpg 380w, https:\/\/cj.estrategia.com\/portal\/wp-content\/uploads\/2022\/06\/20151253\/concurso-carreiras-juridicas-assinatura-juridica-800x149.jpg 800w, https:\/\/cj.estrategia.com\/portal\/wp-content\/uploads\/2022\/06\/20151253\/concurso-carreiras-juridicas-assinatura-juridica-1160x215.jpg 1160w\" sizes=\"(max-width: 1890px) 100vw, 1890px\" \/><span aria-hidden=\"true\" class=\"wp-block-cover__background has-background-dim\"><\/span><div class=\"wp-block-cover__inner-container is-layout-flow wp-block-cover-is-layout-flow\">\n<h3 id=\"faca-a-sua-assinatura\" class=\"titulo-assinatura\"><span style=\"color: #ffffff;\">Fa\u00e7a a sua assinatura!<\/span><\/h3>\n<p class=\"subtitulo-assinatura\" style=\"display:block!important; line-height: 0;\"><span style=\"color: #ffffff;\">Escolha a sua \u00e1rea.<\/span><\/p>\n<a target=\"_blank\" href=\"https:\/\/www.estrategiaconcursos.com.br\/assinaturas-ecj\/\" rel=\"noopener\"><button style=\"border-radius: 10px; text-transform: capitalize;\">Acessar<\/button><\/a>\n<\/div><\/div>\n\n\n\n<p><\/p>\n","protected":false},"excerpt":{"rendered":"Aten\u00e7\u00e3o, candidatos! O Programa de Resid\u00eancia Jur\u00eddica TJ GO ter\u00e1 suas etapas avaliativas aplicadas neste final de semana&hellip;\n","protected":false},"author":159,"featured_media":40798,"comment_status":"open","ping_status":"open","sticky":false,"template":"","format":"standard","meta":{"_jetpack_memberships_contains_paid_content":false,"footnotes":""},"categories":[1],"tags":[],"tax_estado":[39],"class_list":{"0":"post-110394","1":"post","2":"type-post","3":"status-publish","4":"format-standard","5":"has-post-thumbnail","7":"category-carreiras-juridicas","8":"tax_estado-go"},"acf":[],"yoast_head":"<!-- This site is optimized with the Yoast SEO Premium plugin v27.4 (Yoast SEO v27.4) - https:\/\/yoast.com\/product\/yoast-seo-premium-wordpress\/ -->\n<title>\u00c9 neste domingo! Veja os detalhes das provas de Resid\u00eancia Jur\u00eddica TJ GO<\/title>\n<meta name=\"description\" content=\"Aten\u00e7\u00e3o candidatos do Programa de Resid\u00eancia jur\u00eddica TJ GO \u00e9 neste domingo (06\/04) a provas de car\u00e1ter eliminat\u00f3rio e classificat...\" \/>\n<meta name=\"robots\" content=\"index, follow, max-snippet:-1, max-image-preview:large, max-video-preview:-1\" \/>\n<link rel=\"canonical\" href=\"https:\/\/cj.estrategia.com\/portal\/residencia-juridica-tj-go-provas\/\" \/>\n<meta property=\"og:locale\" content=\"pt_BR\" \/>\n<meta property=\"og:type\" content=\"article\" \/>\n<meta property=\"og:title\" content=\"\u00c9 neste domingo! Veja os detalhes das provas de Resid\u00eancia Jur\u00eddica TJ GO\" \/>\n<meta property=\"og:description\" content=\"Aten\u00e7\u00e3o candidatos do Programa de Resid\u00eancia jur\u00eddica TJ GO \u00e9 neste domingo (06\/04) a provas de car\u00e1ter eliminat\u00f3rio e classificat...\" \/>\n<meta property=\"og:url\" content=\"https:\/\/cj.estrategia.com\/portal\/residencia-juridica-tj-go-provas\/\" \/>\n<meta property=\"og:site_name\" content=\"Blog - Carreiras Jur\u00eddicas - Estrat\u00e9gia\" \/>\n<meta property=\"article:publisher\" content=\"https:\/\/www.facebook.com\/estrategiacarreirajuridica\/\" \/>\n<meta property=\"article:published_time\" content=\"2025-04-05T00:15:53+00:00\" \/>\n<meta property=\"article:modified_time\" content=\"2025-04-05T00:18:24+00:00\" \/>\n<meta property=\"og:image\" content=\"https:\/\/cj.estrategia.com\/portal\/wp-content\/uploads\/2023\/05\/07114108\/residencia-juridica-ecj-carreiras-juridicas.jpg\" \/>\n\t<meta property=\"og:image:width\" content=\"768\" \/>\n\t<meta property=\"og:image:height\" content=\"432\" \/>\n\t<meta property=\"og:image:type\" content=\"image\/jpeg\" \/>\n<meta name=\"author\" content=\"Priscila Bonomi\" \/>\n<meta name=\"twitter:card\" content=\"summary_large_image\" \/>\n<meta name=\"twitter:creator\" content=\"@EstratJuridica\" \/>\n<meta name=\"twitter:site\" content=\"@EstratJuridica\" \/>\n<meta name=\"twitter:label1\" content=\"Escrito por\" \/>\n\t<meta name=\"twitter:data1\" content=\"Priscila Bonomi\" \/>\n\t<meta name=\"twitter:label2\" content=\"Est. tempo de leitura\" \/>\n\t<meta name=\"twitter:data2\" content=\"4 minutos\" \/>\n<script type=\"application\/ld+json\" class=\"yoast-schema-graph\">{\"@context\":\"https:\\\/\\\/schema.org\",\"@graph\":[{\"@type\":\"NewsArticle\",\"@id\":\"https:\\\/\\\/cj.estrategia.com\\\/portal\\\/residencia-juridica-tj-go-provas\\\/#article\",\"isPartOf\":{\"@id\":\"https:\\\/\\\/cj.estrategia.com\\\/portal\\\/residencia-juridica-tj-go-provas\\\/\"},\"author\":{\"name\":\"Priscila Bonomi\",\"@id\":\"https:\\\/\\\/cj.estrategia.com\\\/portal\\\/#\\\/schema\\\/person\\\/b472e0140705ac6b5d15ed70554fae55\"},\"headline\":\"\u00c9 neste domingo! Veja os detalhes das provas de Resid\u00eancia Jur\u00eddica TJ GO\",\"datePublished\":\"2025-04-05T00:15:53+00:00\",\"dateModified\":\"2025-04-05T00:18:24+00:00\",\"mainEntityOfPage\":{\"@id\":\"https:\\\/\\\/cj.estrategia.com\\\/portal\\\/residencia-juridica-tj-go-provas\\\/\"},\"wordCount\":553,\"commentCount\":0,\"publisher\":{\"@id\":\"https:\\\/\\\/cj.estrategia.com\\\/portal\\\/#organization\"},\"image\":{\"@id\":\"https:\\\/\\\/cj.estrategia.com\\\/portal\\\/residencia-juridica-tj-go-provas\\\/#primaryimage\"},\"thumbnailUrl\":\"https:\\\/\\\/cj.estrategia.com\\\/portal\\\/wp-content\\\/uploads\\\/2023\\\/05\\\/07114108\\\/residencia-juridica-ecj-carreiras-juridicas.jpg\",\"articleSection\":[\"Carreiras Jur\u00eddicas\"],\"inLanguage\":\"pt-BR\",\"potentialAction\":[{\"@type\":\"CommentAction\",\"name\":\"Comment\",\"target\":[\"https:\\\/\\\/cj.estrategia.com\\\/portal\\\/residencia-juridica-tj-go-provas\\\/#respond\"]}]},{\"@type\":\"WebPage\",\"@id\":\"https:\\\/\\\/cj.estrategia.com\\\/portal\\\/residencia-juridica-tj-go-provas\\\/\",\"url\":\"https:\\\/\\\/cj.estrategia.com\\\/portal\\\/residencia-juridica-tj-go-provas\\\/\",\"name\":\"\u00c9 neste domingo! Veja os detalhes das provas de Resid\u00eancia Jur\u00eddica TJ GO\",\"isPartOf\":{\"@id\":\"https:\\\/\\\/cj.estrategia.com\\\/portal\\\/#website\"},\"primaryImageOfPage\":{\"@id\":\"https:\\\/\\\/cj.estrategia.com\\\/portal\\\/residencia-juridica-tj-go-provas\\\/#primaryimage\"},\"image\":{\"@id\":\"https:\\\/\\\/cj.estrategia.com\\\/portal\\\/residencia-juridica-tj-go-provas\\\/#primaryimage\"},\"thumbnailUrl\":\"https:\\\/\\\/cj.estrategia.com\\\/portal\\\/wp-content\\\/uploads\\\/2023\\\/05\\\/07114108\\\/residencia-juridica-ecj-carreiras-juridicas.jpg\",\"datePublished\":\"2025-04-05T00:15:53+00:00\",\"dateModified\":\"2025-04-05T00:18:24+00:00\",\"description\":\"Aten\u00e7\u00e3o candidatos do Programa de Resid\u00eancia jur\u00eddica TJ GO \u00e9 neste domingo (06\\\/04) a provas de car\u00e1ter eliminat\u00f3rio e classificat...\",\"breadcrumb\":{\"@id\":\"https:\\\/\\\/cj.estrategia.com\\\/portal\\\/residencia-juridica-tj-go-provas\\\/#breadcrumb\"},\"inLanguage\":\"pt-BR\",\"potentialAction\":[{\"@type\":\"ReadAction\",\"target\":[\"https:\\\/\\\/cj.estrategia.com\\\/portal\\\/residencia-juridica-tj-go-provas\\\/\"]}]},{\"@type\":\"ImageObject\",\"inLanguage\":\"pt-BR\",\"@id\":\"https:\\\/\\\/cj.estrategia.com\\\/portal\\\/residencia-juridica-tj-go-provas\\\/#primaryimage\",\"url\":\"https:\\\/\\\/cj.estrategia.com\\\/portal\\\/wp-content\\\/uploads\\\/2023\\\/05\\\/07114108\\\/residencia-juridica-ecj-carreiras-juridicas.jpg\",\"contentUrl\":\"https:\\\/\\\/cj.estrategia.com\\\/portal\\\/wp-content\\\/uploads\\\/2023\\\/05\\\/07114108\\\/residencia-juridica-ecj-carreiras-juridicas.jpg\",\"width\":768,\"height\":432},{\"@type\":\"BreadcrumbList\",\"@id\":\"https:\\\/\\\/cj.estrategia.com\\\/portal\\\/residencia-juridica-tj-go-provas\\\/#breadcrumb\",\"itemListElement\":[{\"@type\":\"ListItem\",\"position\":1,\"name\":\"In\u00edcio\",\"item\":\"https:\\\/\\\/cj.estrategia.com\\\/portal\\\/\"},{\"@type\":\"ListItem\",\"position\":2,\"name\":\"\u00c9 neste domingo! Veja os detalhes das provas de Resid\u00eancia Jur\u00eddica TJ GO\"}]},{\"@type\":\"WebSite\",\"@id\":\"https:\\\/\\\/cj.estrategia.com\\\/portal\\\/#website\",\"url\":\"https:\\\/\\\/cj.estrategia.com\\\/portal\\\/\",\"name\":\"Blog - Carreiras Jur\u00eddicas - Estrat\u00e9gia\",\"description\":\"\",\"publisher\":{\"@id\":\"https:\\\/\\\/cj.estrategia.com\\\/portal\\\/#organization\"},\"potentialAction\":[{\"@type\":\"SearchAction\",\"target\":{\"@type\":\"EntryPoint\",\"urlTemplate\":\"https:\\\/\\\/cj.estrategia.com\\\/portal\\\/?s={search_term_string}\"},\"query-input\":{\"@type\":\"PropertyValueSpecification\",\"valueRequired\":true,\"valueName\":\"search_term_string\"}}],\"inLanguage\":\"pt-BR\"},{\"@type\":\"Organization\",\"@id\":\"https:\\\/\\\/cj.estrategia.com\\\/portal\\\/#organization\",\"name\":\"Estrat\u00e9gia - Carreiras Jur\u00eddicas\",\"url\":\"https:\\\/\\\/cj.estrategia.com\\\/portal\\\/\",\"logo\":{\"@type\":\"ImageObject\",\"inLanguage\":\"pt-BR\",\"@id\":\"https:\\\/\\\/cj.estrategia.com\\\/portal\\\/#\\\/schema\\\/logo\\\/image\\\/\",\"url\":\"https:\\\/\\\/cj.estrategia.com\\\/portal\\\/wp-content\\\/uploads\\\/2022\\\/03\\\/11151052\\\/cj-logo.png\",\"contentUrl\":\"https:\\\/\\\/cj.estrategia.com\\\/portal\\\/wp-content\\\/uploads\\\/2022\\\/03\\\/11151052\\\/cj-logo.png\",\"width\":150,\"height\":39,\"caption\":\"Estrat\u00e9gia - Carreiras Jur\u00eddicas\"},\"image\":{\"@id\":\"https:\\\/\\\/cj.estrategia.com\\\/portal\\\/#\\\/schema\\\/logo\\\/image\\\/\"},\"sameAs\":[\"https:\\\/\\\/www.facebook.com\\\/estrategiacarreirajuridica\\\/\",\"https:\\\/\\\/x.com\\\/EstratJuridica\",\"https:\\\/\\\/www.instagram.com\\\/estrategiacarreirajuridica\\\/\",\"https:\\\/\\\/www.youtube.com\\\/channel\\\/UClbMGuYbj2Mh1m3w144ETWQ\"]},{\"@type\":\"Person\",\"@id\":\"https:\\\/\\\/cj.estrategia.com\\\/portal\\\/#\\\/schema\\\/person\\\/b472e0140705ac6b5d15ed70554fae55\",\"name\":\"Priscila Bonomi\",\"image\":{\"@type\":\"ImageObject\",\"inLanguage\":\"pt-BR\",\"@id\":\"https:\\\/\\\/cj.estrategia.com\\\/portal\\\/wp-content\\\/uploads\\\/2025\\\/02\\\/05144820\\\/Imagem-do-WhatsApp-de-2025-05-05-as-14.47.57_b98168e4-96x96.jpg\",\"url\":\"https:\\\/\\\/cj.estrategia.com\\\/portal\\\/wp-content\\\/uploads\\\/2025\\\/02\\\/05144820\\\/Imagem-do-WhatsApp-de-2025-05-05-as-14.47.57_b98168e4-96x96.jpg\",\"contentUrl\":\"https:\\\/\\\/cj.estrategia.com\\\/portal\\\/wp-content\\\/uploads\\\/2025\\\/02\\\/05144820\\\/Imagem-do-WhatsApp-de-2025-05-05-as-14.47.57_b98168e4-96x96.jpg\",\"caption\":\"Priscila Bonomi\"},\"url\":\"https:\\\/\\\/cj.estrategia.com\\\/portal\\\/author\\\/priscila-bonomi\\\/\"}]}<\/script>\n<!-- \/ Yoast SEO Premium plugin. -->","yoast_head_json":{"title":"\u00c9 neste domingo! Veja os detalhes das provas de Resid\u00eancia Jur\u00eddica TJ GO","description":"Aten\u00e7\u00e3o candidatos do Programa de Resid\u00eancia jur\u00eddica TJ GO \u00e9 neste domingo (06\/04) a provas de car\u00e1ter eliminat\u00f3rio e classificat...","robots":{"index":"index","follow":"follow","max-snippet":"max-snippet:-1","max-image-preview":"max-image-preview:large","max-video-preview":"max-video-preview:-1"},"canonical":"https:\/\/cj.estrategia.com\/portal\/residencia-juridica-tj-go-provas\/","og_locale":"pt_BR","og_type":"article","og_title":"\u00c9 neste domingo! Veja os detalhes das provas de Resid\u00eancia Jur\u00eddica TJ GO","og_description":"Aten\u00e7\u00e3o candidatos do Programa de Resid\u00eancia jur\u00eddica TJ GO \u00e9 neste domingo (06\/04) a provas de car\u00e1ter eliminat\u00f3rio e classificat...","og_url":"https:\/\/cj.estrategia.com\/portal\/residencia-juridica-tj-go-provas\/","og_site_name":"Blog - Carreiras Jur\u00eddicas - Estrat\u00e9gia","article_publisher":"https:\/\/www.facebook.com\/estrategiacarreirajuridica\/","article_published_time":"2025-04-05T00:15:53+00:00","article_modified_time":"2025-04-05T00:18:24+00:00","og_image":[{"width":768,"height":432,"url":"https:\/\/cj.estrategia.com\/portal\/wp-content\/uploads\/2023\/05\/07114108\/residencia-juridica-ecj-carreiras-juridicas.jpg","type":"image\/jpeg"}],"author":"Priscila Bonomi","twitter_card":"summary_large_image","twitter_creator":"@EstratJuridica","twitter_site":"@EstratJuridica","twitter_misc":{"Escrito por":"Priscila Bonomi","Est. tempo de leitura":"4 minutos"},"schema":{"@context":"https:\/\/schema.org","@graph":[{"@type":"NewsArticle","@id":"https:\/\/cj.estrategia.com\/portal\/residencia-juridica-tj-go-provas\/#article","isPartOf":{"@id":"https:\/\/cj.estrategia.com\/portal\/residencia-juridica-tj-go-provas\/"},"author":{"name":"Priscila Bonomi","@id":"https:\/\/cj.estrategia.com\/portal\/#\/schema\/person\/b472e0140705ac6b5d15ed70554fae55"},"headline":"\u00c9 neste domingo! Veja os detalhes das provas de Resid\u00eancia Jur\u00eddica TJ GO","datePublished":"2025-04-05T00:15:53+00:00","dateModified":"2025-04-05T00:18:24+00:00","mainEntityOfPage":{"@id":"https:\/\/cj.estrategia.com\/portal\/residencia-juridica-tj-go-provas\/"},"wordCount":553,"commentCount":0,"publisher":{"@id":"https:\/\/cj.estrategia.com\/portal\/#organization"},"image":{"@id":"https:\/\/cj.estrategia.com\/portal\/residencia-juridica-tj-go-provas\/#primaryimage"},"thumbnailUrl":"https:\/\/cj.estrategia.com\/portal\/wp-content\/uploads\/2023\/05\/07114108\/residencia-juridica-ecj-carreiras-juridicas.jpg","articleSection":["Carreiras Jur\u00eddicas"],"inLanguage":"pt-BR","potentialAction":[{"@type":"CommentAction","name":"Comment","target":["https:\/\/cj.estrategia.com\/portal\/residencia-juridica-tj-go-provas\/#respond"]}]},{"@type":"WebPage","@id":"https:\/\/cj.estrategia.com\/portal\/residencia-juridica-tj-go-provas\/","url":"https:\/\/cj.estrategia.com\/portal\/residencia-juridica-tj-go-provas\/","name":"\u00c9 neste domingo! Veja os detalhes das provas de Resid\u00eancia Jur\u00eddica TJ GO","isPartOf":{"@id":"https:\/\/cj.estrategia.com\/portal\/#website"},"primaryImageOfPage":{"@id":"https:\/\/cj.estrategia.com\/portal\/residencia-juridica-tj-go-provas\/#primaryimage"},"image":{"@id":"https:\/\/cj.estrategia.com\/portal\/residencia-juridica-tj-go-provas\/#primaryimage"},"thumbnailUrl":"https:\/\/cj.estrategia.com\/portal\/wp-content\/uploads\/2023\/05\/07114108\/residencia-juridica-ecj-carreiras-juridicas.jpg","datePublished":"2025-04-05T00:15:53+00:00","dateModified":"2025-04-05T00:18:24+00:00","description":"Aten\u00e7\u00e3o candidatos do Programa de Resid\u00eancia jur\u00eddica TJ GO \u00e9 neste domingo (06\/04) a provas de car\u00e1ter eliminat\u00f3rio e classificat...","breadcrumb":{"@id":"https:\/\/cj.estrategia.com\/portal\/residencia-juridica-tj-go-provas\/#breadcrumb"},"inLanguage":"pt-BR","potentialAction":[{"@type":"ReadAction","target":["https:\/\/cj.estrategia.com\/portal\/residencia-juridica-tj-go-provas\/"]}]},{"@type":"ImageObject","inLanguage":"pt-BR","@id":"https:\/\/cj.estrategia.com\/portal\/residencia-juridica-tj-go-provas\/#primaryimage","url":"https:\/\/cj.estrategia.com\/portal\/wp-content\/uploads\/2023\/05\/07114108\/residencia-juridica-ecj-carreiras-juridicas.jpg","contentUrl":"https:\/\/cj.estrategia.com\/portal\/wp-content\/uploads\/2023\/05\/07114108\/residencia-juridica-ecj-carreiras-juridicas.jpg","width":768,"height":432},{"@type":"BreadcrumbList","@id":"https:\/\/cj.estrategia.com\/portal\/residencia-juridica-tj-go-provas\/#breadcrumb","itemListElement":[{"@type":"ListItem","position":1,"name":"In\u00edcio","item":"https:\/\/cj.estrategia.com\/portal\/"},{"@type":"ListItem","position":2,"name":"\u00c9 neste domingo! Veja os detalhes das provas de Resid\u00eancia Jur\u00eddica TJ GO"}]},{"@type":"WebSite","@id":"https:\/\/cj.estrategia.com\/portal\/#website","url":"https:\/\/cj.estrategia.com\/portal\/","name":"Blog - Carreiras Jur\u00eddicas - Estrat\u00e9gia","description":"","publisher":{"@id":"https:\/\/cj.estrategia.com\/portal\/#organization"},"potentialAction":[{"@type":"SearchAction","target":{"@type":"EntryPoint","urlTemplate":"https:\/\/cj.estrategia.com\/portal\/?s={search_term_string}"},"query-input":{"@type":"PropertyValueSpecification","valueRequired":true,"valueName":"search_term_string"}}],"inLanguage":"pt-BR"},{"@type":"Organization","@id":"https:\/\/cj.estrategia.com\/portal\/#organization","name":"Estrat\u00e9gia - Carreiras Jur\u00eddicas","url":"https:\/\/cj.estrategia.com\/portal\/","logo":{"@type":"ImageObject","inLanguage":"pt-BR","@id":"https:\/\/cj.estrategia.com\/portal\/#\/schema\/logo\/image\/","url":"https:\/\/cj.estrategia.com\/portal\/wp-content\/uploads\/2022\/03\/11151052\/cj-logo.png","contentUrl":"https:\/\/cj.estrategia.com\/portal\/wp-content\/uploads\/2022\/03\/11151052\/cj-logo.png","width":150,"height":39,"caption":"Estrat\u00e9gia - Carreiras Jur\u00eddicas"},"image":{"@id":"https:\/\/cj.estrategia.com\/portal\/#\/schema\/logo\/image\/"},"sameAs":["https:\/\/www.facebook.com\/estrategiacarreirajuridica\/","https:\/\/x.com\/EstratJuridica","https:\/\/www.instagram.com\/estrategiacarreirajuridica\/","https:\/\/www.youtube.com\/channel\/UClbMGuYbj2Mh1m3w144ETWQ"]},{"@type":"Person","@id":"https:\/\/cj.estrategia.com\/portal\/#\/schema\/person\/b472e0140705ac6b5d15ed70554fae55","name":"Priscila Bonomi","image":{"@type":"ImageObject","inLanguage":"pt-BR","@id":"https:\/\/cj.estrategia.com\/portal\/wp-content\/uploads\/2025\/02\/05144820\/Imagem-do-WhatsApp-de-2025-05-05-as-14.47.57_b98168e4-96x96.jpg","url":"https:\/\/cj.estrategia.com\/portal\/wp-content\/uploads\/2025\/02\/05144820\/Imagem-do-WhatsApp-de-2025-05-05-as-14.47.57_b98168e4-96x96.jpg","contentUrl":"https:\/\/cj.estrategia.com\/portal\/wp-content\/uploads\/2025\/02\/05144820\/Imagem-do-WhatsApp-de-2025-05-05-as-14.47.57_b98168e4-96x96.jpg","caption":"Priscila Bonomi"},"url":"https:\/\/cj.estrategia.com\/portal\/author\/priscila-bonomi\/"}]}},"jetpack_featured_media_url":"https:\/\/cj.estrategia.com\/portal\/wp-content\/uploads\/2023\/05\/07114108\/residencia-juridica-ecj-carreiras-juridicas.jpg","jetpack_sharing_enabled":true,"_links":{"self":[{"href":"https:\/\/cj.estrategia.com\/portal\/wp-json\/wp\/v2\/posts\/110394","targetHints":{"allow":["GET"]}}],"collection":[{"href":"https:\/\/cj.estrategia.com\/portal\/wp-json\/wp\/v2\/posts"}],"about":[{"href":"https:\/\/cj.estrategia.com\/portal\/wp-json\/wp\/v2\/types\/post"}],"author":[{"embeddable":true,"href":"https:\/\/cj.estrategia.com\/portal\/wp-json\/wp\/v2\/users\/159"}],"replies":[{"embeddable":true,"href":"https:\/\/cj.estrategia.com\/portal\/wp-json\/wp\/v2\/comments?post=110394"}],"version-history":[{"count":19,"href":"https:\/\/cj.estrategia.com\/portal\/wp-json\/wp\/v2\/posts\/110394\/revisions"}],"predecessor-version":[{"id":110413,"href":"https:\/\/cj.estrategia.com\/portal\/wp-json\/wp\/v2\/posts\/110394\/revisions\/110413"}],"wp:featuredmedia":[{"embeddable":true,"href":"https:\/\/cj.estrategia.com\/portal\/wp-json\/wp\/v2\/media\/40798"}],"wp:attachment":[{"href":"https:\/\/cj.estrategia.com\/portal\/wp-json\/wp\/v2\/media?parent=110394"}],"wp:term":[{"taxonomy":"category","embeddable":true,"href":"https:\/\/cj.estrategia.com\/portal\/wp-json\/wp\/v2\/categories?post=110394"},{"taxonomy":"post_tag","embeddable":true,"href":"https:\/\/cj.estrategia.com\/portal\/wp-json\/wp\/v2\/tags?post=110394"},{"taxonomy":"tax_estado","embeddable":true,"href":"https:\/\/cj.estrategia.com\/portal\/wp-json\/wp\/v2\/tax_estado?post=110394"}],"curies":[{"name":"wp","href":"https:\/\/api.w.org\/{rel}","templated":true}]}}