{"id":110125,"date":"2025-04-03T14:15:13","date_gmt":"2025-04-03T17:15:13","guid":{"rendered":"https:\/\/cj.estrategia.com\/portal\/?p=110125"},"modified":"2025-04-14T17:19:05","modified_gmt":"2025-04-14T20:19:05","slug":"cotas-trans-travestis-nao-binarias","status":"publish","type":"post","link":"https:\/\/cj.estrategia.com\/portal\/cotas-trans-travestis-nao-binarias\/","title":{"rendered":"Unicamp aprova cotas para pessoas trans, travestis e n\u00e3o-bin\u00e1rias"},"content":{"rendered":"\n<p class=\"has-small-font-size\"><strong>* Marcos Vin\u00edcius Manso Lopes Gomes. Defensor P\u00fablico do estado de S\u00e3o Paulo. Professor de Direito Constitucional do Estrat\u00e9gia Carreiras Jur\u00eddicas.<\/strong><\/p>\n\n\n\n<h2 class=\"wp-block-heading\" id=\"h-novos-criterios-de-cotas-na-unicamp\"><span id=\"novos-criterios-de-cotas-na-unicamp\">Novos crit\u00e9rios de cotas na Unicamp<\/span><\/h2>\n\n\n\n<p>O Conselho Universit\u00e1rio da Unicamp aprovou, por unanimidade, <strong>cotas para pessoas trans, travestis e n\u00e3o-bin\u00e1rias<\/strong> no vestibular para os cursos de gradua\u00e7\u00e3o<a id=\"_ftnref1\" href=\"#_ftn1\"><sup>[1]<\/sup><\/a> abrangendo candidatos de escolas p\u00fablicas e privadas. O texto aprovado assim prev\u00ea:<\/p>\n\n\n\n<ol style=\"list-style-type:lower-alpha\" class=\"wp-block-list\">\n<li>a reserva de, <strong>no m\u00ednimo, uma vaga em turmas com at\u00e9 30 estudantes<\/strong>, e, no m\u00ednimo, duas para cursos com mais de 30 vagas;<\/li>\n\n\n\n<li>o ingresso por meio das referidas cotas ir\u00e1 exigir um <strong>relato de vida<\/strong>, no qual os candidatos dever\u00e3o descrever sua trajet\u00f3ria de transi\u00e7\u00e3o e o processo de afirma\u00e7\u00e3o da identidade de g\u00eanero;<\/li>\n\n\n\n<li>esse relato de vida ser\u00e1 avaliado por uma <strong>comiss\u00e3o de verifica\u00e7\u00e3o<\/strong>, a qual dever\u00e1 ser composta por, no m\u00ednimo, uma pessoa trans, travesti ou n\u00e3o-bin\u00e1ria.<\/li>\n<\/ol>\n\n\n\n<h2 class=\"wp-block-heading\" id=\"h-evolucao-do-conceito-de-igualdade\"><span id=\"evolucao-do-conceito-de-igualdade\">Evolu\u00e7\u00e3o do conceito de igualdade<\/span><\/h2>\n\n\n\n<div class=\"wp-block-media-text is-stacked-on-mobile\" style=\"grid-template-columns:38% auto\"><figure class=\"wp-block-media-text__media\"><img decoding=\"async\" width=\"1000\" height=\"724\" src=\"https:\/\/cj.estrategia.com\/portal\/wp-content\/uploads\/2025\/04\/03141125\/ampulheta-tempo-prazo-mudancas.jpg\" alt=\"Cotas para\" class=\"wp-image-110143 size-full\" srcset=\"https:\/\/cj.estrategia.com\/portal\/wp-content\/uploads\/2025\/04\/03141125\/ampulheta-tempo-prazo-mudancas.jpg 1000w, https:\/\/cj.estrategia.com\/portal\/wp-content\/uploads\/2025\/04\/03141125\/ampulheta-tempo-prazo-mudancas-300x217.jpg 300w, https:\/\/cj.estrategia.com\/portal\/wp-content\/uploads\/2025\/04\/03141125\/ampulheta-tempo-prazo-mudancas-768x556.jpg 768w, https:\/\/cj.estrategia.com\/portal\/wp-content\/uploads\/2025\/04\/03141125\/ampulheta-tempo-prazo-mudancas-380x275.jpg 380w, https:\/\/cj.estrategia.com\/portal\/wp-content\/uploads\/2025\/04\/03141125\/ampulheta-tempo-prazo-mudancas-800x579.jpg 800w, https:\/\/cj.estrategia.com\/portal\/wp-content\/uploads\/2025\/04\/03141125\/ampulheta-tempo-prazo-mudancas-150x109.jpg 150w\" sizes=\"(max-width: 1000px) 100vw, 1000px\" \/><\/figure><div class=\"wp-block-media-text__content\">\n<p>O ideal de igualdade vem passando por in\u00fameras mudan\u00e7as ao longo do tempo. Em diversas sociedades, durante muito tempo, a pr\u00f3pria sociedade legitimava a desigualdade, sendo certo que diversos resqu\u00edcios permanecem at\u00e9 os dias atuais, a exemplo da escravid\u00e3o.<\/p>\n<\/div><\/div>\n\n\n\n<p>Com o passar do tempo e com o advento do Estado Liberal, surge uma fei\u00e7\u00e3o puramente formal de igualdade (<strong><u>igualdade formal<\/u><\/strong>). Na ideia de igualdade formal, nota-se uma perspectiva negativa, com os indiv\u00edduos sendo submetidos ao imp\u00e9rio da lei geral e abstrata, desconsiderando assim as desigualdades existentes no plano f\u00e1tico, almejando evitar distin\u00e7\u00f5es, privil\u00e9gios arbitr\u00e1rios, preconceitos e discrimina\u00e7\u00f5es.<\/p>\n\n\n\n<p>Continuando na evolu\u00e7\u00e3o hist\u00f3rica acima, com o passar do tempo, notou-se a exist\u00eancia de uma crise e forte desigualdade social no Estado liberal. Tais fatores deram ensejo a cria\u00e7\u00e3o do denominado Estado Social, que pregava maior interven\u00e7\u00e3o do Estado na sociedade, na econ\u00f4mica, etc. O conceito de igualdade, no Estado Social, sofre altera\u00e7\u00f5es substanciais surgindo a ideia de <strong><u>igualdade material<\/u><\/strong>. Assim, contempla-se a ideia de que a igualdade substancial n\u00e3o se restringe apenas ao plano jur\u00eddico-formal, mas busca uma atua\u00e7\u00e3o estatal positiva, almejando promover pol\u00edticas p\u00fablicas em prol de um tratamento efetivamente igualit\u00e1rio.<\/p>\n\n\n\n<p><\/p>\n\n\n\n<div class=\"container\" id=\"boxes\">\r\n  <div class=\"row\">\r\n\r\n    <div class=\"col-sm\">\r\n      <div class=\"banner-estrategia-concursos-juridicos\" id=\"box-assinatura\">\r\n        <h2 id=\"cursos-para-concursos-juridicos\" class=\"titulo-assinatura\"><span style=\"color: #ffffff; font-size: 23px; \">Cursos para Concursos Jur\u00eddicos<\/span><\/h2>\r\n        <p class=\"subtitulo-assinatura\">Cursos focados em Concursos Jur\u00eddicos<\/p>\r\n        <div class=\"box-botao\">\r\n          <a class=\"btn-assinatura-juridica\" target=\"_blank\" href=\"https:\/\/cj.estrategia.com\/cursos\/\" role=\"button\" rel=\"noopener noreferrer\">Conhe\u00e7a mais<\/a>\r\n        <\/div>\r\n      <\/div>\r\n      <p class=\"texto-auxiliar\">Prepare-se com o melhor material e com quem mais aprova em concursos jur\u00eddicos em todo o pa\u00eds. \r\n<\/p>\r\n    <\/div>\r\n\r\n  <\/div>\r\n<\/div>\n\n\n\n<p><\/p>\n\n\n\n<h3 class=\"wp-block-heading\" id=\"h-igualdade-como-reconhecimento\"><span id=\"igualdade-como-reconhecimento\">Igualdade como reconhecimento<\/span><\/h3>\n\n\n\n<p>Ousamos ir al\u00e9m. Como se sabe, as barb\u00e1ries do nazifascismo, onde destacamos o holocausto dos judeus, fez com que a comunidade jur\u00eddica e internacional n\u00e3o ficasse anestesiada diante dos nefastos acontecimentos, que muitas vezes possu\u00edam amparo na legisla\u00e7\u00e3o &#8211; vi\u00e9s positivista.<\/p>\n\n\n\n<p>Nesse sentido, apontamos uma passagem de um Estado Social para um Estado Democr\u00e1tico Constitucional de Direito, no qual a democracia \u00e9 vista n\u00e3o s\u00f3 como o direito da maioria, como tamb\u00e9m o respeito aos direitos fundamentais da minoria, sempre pautando-se na ideia de dignidade da pessoa humana como um valor supremo.<\/p>\n\n\n\n<p>Seguindo essa linha de racioc\u00ednio, destaca-se mais um avan\u00e7o no conceito de igualdade, a qual passa a ser formal, material e tamb\u00e9m como reconhecimento. Verifica-se o referido conceito no voto do Ministro Lu\u00edz Roberto Barroso, na ADC n. 41: \u201c<strong><u>Igualdade como reconhecimento<\/u><\/strong>, significando o respeito devido \u00e0s minorias, sua identidade e suas diferen\u00e7as, sejam raciais, religiosas, sexuais ou quaisquer outras\u201d. Exemplo: Sistema de Cotas.<\/p>\n\n\n\n<h2 class=\"wp-block-heading\" id=\"h-a-questao-das-cotas-para-ingresso-em-universidades\"><span id=\"a-questao-das-cotas-para-ingresso-em-universidades\">A quest\u00e3o das cotas para ingresso em universidades<\/span><\/h2>\n\n\n\n<p>O tema \u00e9 extremamente controvertido, motivo pelo qual merece uma aten\u00e7\u00e3o e detalhamento especial, notadamente em rela\u00e7\u00e3o aos argumentos contr\u00e1rios e a favor das cotas.<\/p>\n\n\n\n<figure class=\"wp-block-table\"><table class=\"has-fixed-layout\"><tbody><tr><td>Argumentos Contr\u00e1rios<\/td><\/tr><tr><td>Viola o princ\u00edpio da isonomia, criando uma discrimina\u00e7\u00e3o reversa<\/td><\/tr><tr><td>Viola o crit\u00e9rio republicano da meritocracia<\/td><\/tr><tr><td>Cada pessoa deve ser avaliada individualmente e n\u00e3o como membro de um grupo<\/td><\/tr><tr><td>Trata-se de medida imediatista e inapropriada para a solu\u00e7\u00e3o do problema<\/td><\/tr><\/tbody><\/table><\/figure>\n\n\n\n<figure class=\"wp-block-table\"><table class=\"has-fixed-layout\"><tbody><tr><td>Argumentos \u00e0 Favor<\/td><\/tr><tr><td>Necessidade de uma justi\u00e7a compensat\u00f3ria, ajustando falhas cometidas no passado<\/td><\/tr><tr><td>Trata-se de implementar a justi\u00e7a retributiva.<\/td><\/tr><tr><td>O sistema de cotas promove a diversidade, permitindo uma sociedade mais tolerante<\/td><\/tr><tr><td>Ainda que n\u00e3o solucione o problema definitivamente, promove uma igualdade real<\/td><\/tr><\/tbody><\/table><\/figure>\n\n\n\n<h3 class=\"wp-block-heading\" id=\"h-julgamentos-do-stf-sobre-cotas\"><span id=\"julgamentos-do-stf-sobre-cotas\">Julgamentos do STF sobre cotas<\/span><\/h3>\n\n\n\n<p>Analisados os argumentos contr\u00e1rios e a favor, imprescind\u00edvel que nossos alunos tenham conhecimento de <strong>dois julgamentos do STF<\/strong>, sendo que o primeiro envolve cotas em universidades p\u00fablicas e o segundo envolve cotas em concursos p\u00fablicos.<\/p>\n\n\n\n<pre class=\"wp-block-preformatted\">STF, ADPF n\u00ba 186: ARGUI\u00c7\u00c3O DE DESCUMPRIMENTO DE PRECEITO FUNDAMENTAL. ATOS QUE INSTITU\u00cdRAM SISTEMA DE RESERVA DE VAGAS COM BASE EM CRIT\u00c9RIO \u00c9TNICO-RACIAL (COTAS) NO PROCESSO DE SELE\u00c7\u00c3O PARA INGRESSO EM INSTITUI\u00c7\u00c3O P\u00daBLICA DE ENSINO SUPERIOR. ALEGADA OFENSA AOS ARTS. 1\u00ba, CAPUT, III, 3\u00ba, IV, 4\u00ba, VIII, 5\u00ba, I, II XXXIII, XLI, LIV, 37, CAPUT, 205, 206, CAPUT, I, 207, CAPUT, E 208, V, TODOS DA CONSTITUI\u00c7\u00c3O FEDERAL. A\u00c7\u00c3O JULGADA IMPROCEDENTE. I - N\u00e3o contraria - ao contr\u00e1rio, prestigia - o princ\u00edpio da igualdade material, previsto no caput do art. 5\u00ba da Carta da Rep\u00fablica, a possibilidade de o Estado lan\u00e7ar m\u00e3o seja de pol\u00edticas de cunho universalista, que abrangem um n\u00famero indeterminados de indiv\u00edduos, mediante a\u00e7\u00f5es de natureza estrutural, seja de a\u00e7\u00f5es afirmativas, que atingem grupos sociais determinados, de maneira pontual, atribuindo a estes certas vantagens, por um tempo limitado, de modo a permitir-lhes a supera\u00e7\u00e3o de desigualdades decorrentes de situa\u00e7\u00f5es hist\u00f3ricas particulares.<\/pre>\n\n\n\n<p>No \u00e2mbito federal, a Lei n\u00ba 12.990 de 2014 reserva aos negros 20% das vagas oferecidas nos concursos p\u00fablicos para provimento de cargos efetivos e empregos p\u00fablicos no \u00e2mbito da administra\u00e7\u00e3o p\u00fablica federal, das autarquias, das funda\u00e7\u00f5es p\u00fablicas, das empresas p\u00fablicas e das sociedades de economia mista controladas pela Uni\u00e3o.<\/p>\n\n\n\n<p>Em julgamento realizado em 08\/06\/2017, pelo Supremo Tribunal Federal, restou decidido, na <strong>ADC n\u00ba 41\/DF<\/strong>, questionando-se a constitucionalidade da Lei n\u00b0 12.990\/2014, que \u201c\u00e9 constitucional a reserva de 20% das vagas oferecidas nos concursos p\u00fablicos para provimento de cargos efetivos e empregos p\u00fablicos no \u00e2mbito da administra\u00e7\u00e3o p\u00fablica direta e indireta. \u00c9 leg\u00edtima a utiliza\u00e7\u00e3o, al\u00e9m da autodeclara\u00e7\u00e3o, de crit\u00e9rios subsidi\u00e1rios de heteroidentifica\u00e7\u00e3o, desde que respeitada a dignidade da pessoa humana e garantidos o contradit\u00f3rio e a ampla defesa\u201d.<\/p>\n\n\n\n<p>Uma conclus\u00e3o muito oportuna para os concursos de <strong><a href=\"https:\/\/www.estrategiaconcursos.com.br\/assinaturas-ecj\/\" target=\"_blank\" >carreiras jur\u00eddicas<\/a><\/strong> \u00e9 apresentada por Marcelo Novelino (NOVELINO, Marcelo. Direito Constitucional. 5\u00aa Edi\u00e7\u00e3o. Rio de Janeiro: Forense. S\u00e3o Paulo: M\u00e9todo, 2011, p\u00e1gina 439):<\/p>\n\n\n\n<pre class=\"wp-block-preformatted\">\u201cEm s\u00edntese conclusiva, as a\u00e7\u00f5es afirmativas representam uma evolu\u00e7\u00e3o do princ\u00edpio da igualdade em seu aspecto substancial. S\u00e3o medidas tomadas com o intuito de implementar um dos objetivos fundamentais da Rep\u00fablica Federativa do Brasil: a redu\u00e7\u00e3o das desigualdades sociais. (...) Do ponto de vista das pol\u00edticas p\u00fablicas, ainda que o sistema de cotas (reserva de vagas) n\u00e3o seja a solu\u00e7\u00e3o mais justa e adequada para resolver o problema de forma definitiva, n\u00e3o se pode fechar os olhos para a realidade atual daqueles que n\u00e3o tiveram igualdade real de condi\u00e7\u00f5es e oportunidades para alcan\u00e7ar determinadas posi\u00e7\u00f5es na sociedade\u201d.<\/pre>\n\n\n\n<h2 class=\"wp-block-heading\" id=\"h-quotas-para-pessoas-trans\"><span id=\"quotas-para-pessoas-trans\">Quotas para pessoas trans<\/span><\/h2>\n\n\n\n<p>As quotas para pessoas trans, tal como aquelas aprovadas pela Unicamp, s\u00e3o fundamentadas na ideia de igualdade material e igualdade como reconhecimento. Ademais, utilizam-se de uma aplica\u00e7\u00e3o anal\u00f3gica da Conven\u00e7\u00e3o Interamericana contra o Racismo, a Discrimina\u00e7\u00e3o Racial e Formas Correlatas de Intoler\u00e2ncia, ratificada pelo rito do artigo 5\u00ba, \u00a7 3\u00ba, da Constitui\u00e7\u00e3o Federal, considerando em especial sua defini\u00e7\u00e3o de intoler\u00e2ncia e a previs\u00e3o de medidas especiais ou de a\u00e7\u00f5es afirmativas.<\/p>\n\n\n\n<p>As referidas quotas tamb\u00e9m podem ter fundamento em outras normativa internacionais (Declara\u00e7\u00e3o Universal dos Direitos Humanos, Pacto Internacional sobre Direitos Civis e Pol\u00edticos e Conven\u00e7\u00e3o Americana Sobre Direitos Humanos), na jurisprud\u00eancia do STF (ADO n. 26, MI n. 4733 c\/c ADC n. 41), na doutrina (a\u00e7\u00f5es afirmativas, igualdade material e como reconhecimento, bem como em casos da Corte Interamericana (Caso Atala Riffo e Filhas vs. Chile&nbsp; e Caso Azul Rojas Mar\u00edn y outra vs. Peru).<\/p>\n\n\n\n<h2 class=\"wp-block-heading\" id=\"h-questao-de-concurso\"><span id=\"questao-de-concurso\">Quest\u00e3o de concurso<\/span><\/h2>\n\n\n\n<p>Por fim, destacamos uma quest\u00e3o sobre o tema cobrada na prova dissertativa DPESP (2023 \u2013 FCC \u2013 Banca Pr\u00f3pria). &#8220;A Defensoria P\u00fablica do Estado de S\u00e3o Paulo implantou a\u00e7\u00f5es afirmativas em seus concursos p\u00fablicos com a reserva de vagas de 2% para pessoas trans. Uma cidad\u00e3 apresentou representa\u00e7\u00e3o \u00e0 ouvidoria da Institui\u00e7\u00e3o, questionando a regularidade dessa destina\u00e7\u00e3o de vagas, fundamentada na afronta \u00e0 Constitui\u00e7\u00e3o Federal (artigos 19, III e 37) e na falta de previs\u00e3o na legisla\u00e7\u00e3o org\u00e2nica da Defensoria P\u00fablica estadual. Nesse sentido, apresente os poss\u00edveis argumentos jur\u00eddicos que podem ser aduzidos para defesa da regularidade dessa pol\u00edtica de quotas para pessoas trans, trazendo, necessariamente, fundamentos relacionados \u00e0 jurisprud\u00eancia constitucional e \u00e0s normas de n\u00edvel constitucional&#8221;.<\/p>\n\n\n\n<p>No ponto, independentemente de o aluno concordar ou n\u00e3o com quotas para trans, apresentaremos o gabarito sugerido pela banca examinadora, a qual demonstra a tend\u00eancia de eventual resposta a ser cobrada nos certames da institui\u00e7\u00e3o. Ent\u00e3o vejamos:<\/p>\n\n\n\n<pre class=\"wp-block-preformatted\">a) Igualdade material na Constitui\u00e7\u00e3o Federal de 1988 considerando seus fundamentos.<br><br>b) Aplica\u00e7\u00e3o anal\u00f3gica da Conven\u00e7\u00e3o Interamericana contra o Racismo, a Discrimina\u00e7\u00e3o Racial e Formas Correlatas de Intoler\u00e2ncia, ratificada pelo rito do artigo 5o, \u00a7 3o, da Constitui\u00e7\u00e3o Federal, considerando em especial sua defini\u00e7\u00e3o de intoler\u00e2ncia e a previs\u00e3o de medidas especiais ou de a\u00e7\u00f5es afirmativas.<br><br>c) Autonomia administrativa da Defensoria P\u00fablica prevista na Constitui\u00e7\u00e3o Federal.<br><br>d) Aplica\u00e7\u00e3o do entendimento esposado no julgamento da ADC 41 pelo Supremo Tribunal Federal quanto \u00e0 regularidade da pol\u00edtica de cotas.<br><br>e) Aplica\u00e7\u00e3o do entendimento esposado no julgamento da ADPF 186 quanto \u00e0 desnecessidade de lei quando frente \u00e0 ente com autonomia prevista na Constitui\u00e7\u00e3o Federal.<\/pre>\n\n\n\n<p>N\u00e3o podemos prescindir, por fim, que a Defensoria P\u00fablica da Uni\u00e3o publicou a Resolu\u00e7\u00e3o CSDPU n. 222\/2024, a qual prev\u00ea quota para pessoas trans nos concursos realizados pela Institui\u00e7\u00e3o. E voc\u00ea, o que pensa do tema? Deixe seus coment\u00e1rios!<\/p>\n\n\n\n<hr class=\"wp-block-separator has-alpha-channel-opacity\"\/>\n\n\n\n<p><a id=\"_ftn1\" href=\"#_ftnref1\">[1]<\/a> Dispon\u00edvel em <a href=\"https:\/\/g1.globo.com\/sp\/campinas-regiao\/educacao\/noticia\/2025\/04\/01\/unicamp-aprova-cotas-para-pessoas-trans-travestis-e-nao-binarias.ghtml\" target=\"_blank\" >https:\/\/g1.globo.com\/sp\/campinas-regiao\/educacao\/noticia\/2025\/04\/01\/unicamp-aprova-cotas-para-pessoas-trans-travestis-e-nao-binarias.ghtml<\/a>. Acesso em 02 de abril de 2025.<\/p>\n\n\n\n<hr class=\"wp-block-separator has-alpha-channel-opacity\"\/>\n\n\n\n<h2 class=\"wp-block-heading has-text-align-center\" id=\"h-quer-saber-quais-serao-os-proximos-concursos\"><span id=\"quer-saber-quais-serao-os-proximos-concursos\">Quer saber quais ser\u00e3o os pr\u00f3ximos concursos?<\/span><\/h2>\n\n\n\n<pre class=\"wp-block-verse has-text-align-center\">Confira nossos&nbsp;<a href=\"https:\/\/cj.estrategia.com\/portal\/\" target=\"_blank\" >artigos para Carreiras Jur\u00eddicas<\/a>!<\/pre>\n\n\n\n<p class=\"has-text-align-center has-white-color has-pale-cyan-blue-background-color has-text-color has-background has-link-color wp-elements-3ffc9057f2314ec15f13b132eefb20e4\"><a href=\"https:\/\/www.estrategiaconcursos.com.br\/blog\/concursos-abertos\/\" target=\"_blank\" >Concursos p\u00fablicos abertos<\/a><\/p>\n\n\n\n<p class=\"has-text-align-center has-white-color has-pale-cyan-blue-background-color has-text-color has-background has-link-color wp-elements-0ddcc3bba7dead06242e688a17e9e277\"><a href=\"https:\/\/cj.estrategia.com\/portal\/concursos-2025-carreiras-juridicas\/\" target=\"_blank\" >Concursos 2025<\/a><\/p>\n\n\n\n<p><\/p>\n\n\n\n<div class=\"wp-block-cover\" style=\"min-height:155px;aspect-ratio:unset;\"><img decoding=\"async\" width=\"1890\" height=\"351\" class=\"wp-block-cover__image-background wp-image-8669\" alt=\"Assinaturas Jur\u00eddicas\" src=\"https:\/\/cj.estrategia.com\/portal\/wp-content\/uploads\/2022\/06\/20151253\/concurso-carreiras-juridicas-assinatura-juridica.jpg\" style=\"object-position:78% 43%\" data-object-fit=\"cover\" data-object-position=\"78% 43%\" srcset=\"https:\/\/cj.estrategia.com\/portal\/wp-content\/uploads\/2022\/06\/20151253\/concurso-carreiras-juridicas-assinatura-juridica.jpg 1890w, https:\/\/cj.estrategia.com\/portal\/wp-content\/uploads\/2022\/06\/20151253\/concurso-carreiras-juridicas-assinatura-juridica-300x56.jpg 300w, https:\/\/cj.estrategia.com\/portal\/wp-content\/uploads\/2022\/06\/20151253\/concurso-carreiras-juridicas-assinatura-juridica-1024x190.jpg 1024w, https:\/\/cj.estrategia.com\/portal\/wp-content\/uploads\/2022\/06\/20151253\/concurso-carreiras-juridicas-assinatura-juridica-768x143.jpg 768w, https:\/\/cj.estrategia.com\/portal\/wp-content\/uploads\/2022\/06\/20151253\/concurso-carreiras-juridicas-assinatura-juridica-1536x285.jpg 1536w, https:\/\/cj.estrategia.com\/portal\/wp-content\/uploads\/2022\/06\/20151253\/concurso-carreiras-juridicas-assinatura-juridica-380x71.jpg 380w, https:\/\/cj.estrategia.com\/portal\/wp-content\/uploads\/2022\/06\/20151253\/concurso-carreiras-juridicas-assinatura-juridica-800x149.jpg 800w, https:\/\/cj.estrategia.com\/portal\/wp-content\/uploads\/2022\/06\/20151253\/concurso-carreiras-juridicas-assinatura-juridica-1160x215.jpg 1160w\" sizes=\"(max-width: 1890px) 100vw, 1890px\" \/><span aria-hidden=\"true\" class=\"wp-block-cover__background has-background-dim\"><\/span><div class=\"wp-block-cover__inner-container is-layout-flow wp-block-cover-is-layout-flow\">\n<h3 id=\"faca-a-sua-assinatura\" class=\"titulo-assinatura\"><span style=\"color: #ffffff;\">Fa\u00e7a a sua assinatura!<\/span><\/h3>\n<p class=\"subtitulo-assinatura\" style=\"display:block!important; line-height: 0;\"><span style=\"color: #ffffff;\">Escolha a sua \u00e1rea.<\/span><\/p>\n<a target=\"_blank\" href=\"https:\/\/www.estrategiaconcursos.com.br\/assinaturas-ecj\/\" rel=\"noopener\"><button style=\"border-radius: 10px; text-transform: capitalize;\">Acessar<\/button><\/a>\n<\/div><\/div>\n\n\n\n<p><\/p>\n","protected":false},"excerpt":{"rendered":"* Marcos Vin\u00edcius Manso Lopes Gomes. Defensor P\u00fablico do estado de S\u00e3o Paulo. Professor de Direito Constitucional do&hellip;\n","protected":false},"author":54,"featured_media":110145,"comment_status":"open","ping_status":"open","sticky":false,"template":"","format":"standard","meta":{"_jetpack_memberships_contains_paid_content":false,"footnotes":""},"categories":[1],"tags":[2359,1495,2356,2360,1210,1209,1583,2357,2358],"tax_estado":[30,31,32,33,34,35,36,37,38,39,40,41,42,43,44,45,46,47,48,49,50,51,52,53,54,55,56,57],"class_list":{"0":"post-110125","1":"post","2":"type-post","3":"status-publish","4":"format-standard","5":"has-post-thumbnail","7":"category-carreiras-juridicas","8":"tag-comissao-de-verificacao","9":"tag-cotas","10":"tag-cotas-para-pessoas-trans-travestis-e-nao-binarias","11":"tag-igualdade-como-reconhecimento","12":"tag-igualdade-formal","13":"tag-igualdade-material","14":"tag-sistema-de-cotas","15":"tag-unicamp","16":"tag-vestibular","17":"tax_estado-ac","18":"tax_estado-al","19":"tax_estado-am","20":"tax_estado-ap","21":"tax_estado-ba","22":"tax_estado-ce","23":"tax_estado-concursos-federais","24":"tax_estado-df","25":"tax_estado-es","26":"tax_estado-go","27":"tax_estado-ma","28":"tax_estado-mg","29":"tax_estado-ms","30":"tax_estado-mt","31":"tax_estado-pa","32":"tax_estado-pb","33":"tax_estado-pe","34":"tax_estado-pi","35":"tax_estado-pr","36":"tax_estado-rj","37":"tax_estado-rn","38":"tax_estado-ro","39":"tax_estado-rr","40":"tax_estado-rs","41":"tax_estado-sc","42":"tax_estado-se","43":"tax_estado-sp","44":"tax_estado-to"},"acf":[],"yoast_head":"<!-- This site is optimized with the Yoast SEO Premium plugin v27.4 (Yoast SEO v27.4) - https:\/\/yoast.com\/product\/yoast-seo-premium-wordpress\/ -->\n<title>Cotas para pessoas trans, travestis e n\u00e3o-bin\u00e1rias na Unicamp<\/title>\n<meta name=\"description\" content=\"O Conselho Universit\u00e1rio da Unicamp aprovou, por unanimidade, cotas para pessoas trans, travestis e n\u00e3o-bin\u00e1rias no vestibular.\" \/>\n<meta name=\"robots\" content=\"index, follow, max-snippet:-1, max-image-preview:large, max-video-preview:-1\" \/>\n<link rel=\"canonical\" href=\"https:\/\/cj.estrategia.com\/portal\/cotas-trans-travestis-nao-binarias\/\" \/>\n<meta property=\"og:locale\" content=\"pt_BR\" \/>\n<meta property=\"og:type\" content=\"article\" \/>\n<meta property=\"og:title\" content=\"Unicamp aprova cotas para pessoas trans, travestis e n\u00e3o-bin\u00e1rias\" \/>\n<meta property=\"og:description\" content=\"O Conselho Universit\u00e1rio da Unicamp aprovou, por unanimidade, cotas para pessoas trans, travestis e n\u00e3o-bin\u00e1rias no vestibular.\" \/>\n<meta property=\"og:url\" content=\"https:\/\/cj.estrategia.com\/portal\/cotas-trans-travestis-nao-binarias\/\" \/>\n<meta property=\"og:site_name\" content=\"Blog - Carreiras Jur\u00eddicas - Estrat\u00e9gia\" \/>\n<meta property=\"article:publisher\" content=\"https:\/\/www.facebook.com\/estrategiacarreirajuridica\/\" \/>\n<meta property=\"article:published_time\" content=\"2025-04-03T17:15:13+00:00\" \/>\n<meta property=\"article:modified_time\" content=\"2025-04-14T20:19:05+00:00\" \/>\n<meta property=\"og:image\" content=\"https:\/\/cj.estrategia.com\/portal\/wp-content\/uploads\/2025\/04\/03141237\/unicamp-cotas-vestibular.png\" \/>\n\t<meta property=\"og:image:width\" content=\"980\" \/>\n\t<meta property=\"og:image:height\" content=\"660\" \/>\n\t<meta property=\"og:image:type\" content=\"image\/png\" \/>\n<meta name=\"author\" content=\"Marcos Gomes\" \/>\n<meta name=\"twitter:card\" content=\"summary_large_image\" \/>\n<meta name=\"twitter:creator\" content=\"@EstratJuridica\" \/>\n<meta name=\"twitter:site\" content=\"@EstratJuridica\" \/>\n<meta name=\"twitter:label1\" content=\"Escrito por\" \/>\n\t<meta name=\"twitter:data1\" content=\"Marcos Gomes\" \/>\n\t<meta name=\"twitter:label2\" content=\"Est. tempo de leitura\" \/>\n\t<meta name=\"twitter:data2\" content=\"14 minutos\" \/>\n<script type=\"application\/ld+json\" class=\"yoast-schema-graph\">{\"@context\":\"https:\\\/\\\/schema.org\",\"@graph\":[{\"@type\":\"NewsArticle\",\"@id\":\"https:\\\/\\\/cj.estrategia.com\\\/portal\\\/cotas-trans-travestis-nao-binarias\\\/#article\",\"isPartOf\":{\"@id\":\"https:\\\/\\\/cj.estrategia.com\\\/portal\\\/cotas-trans-travestis-nao-binarias\\\/\"},\"author\":{\"name\":\"Marcos Gomes\",\"@id\":\"https:\\\/\\\/cj.estrategia.com\\\/portal\\\/#\\\/schema\\\/person\\\/aa7e4ed652b4a209e40869071fda4361\"},\"headline\":\"Unicamp aprova cotas para pessoas trans, travestis e n\u00e3o-bin\u00e1rias\",\"datePublished\":\"2025-04-03T17:15:13+00:00\",\"dateModified\":\"2025-04-14T20:19:05+00:00\",\"mainEntityOfPage\":{\"@id\":\"https:\\\/\\\/cj.estrategia.com\\\/portal\\\/cotas-trans-travestis-nao-binarias\\\/\"},\"wordCount\":1357,\"commentCount\":0,\"publisher\":{\"@id\":\"https:\\\/\\\/cj.estrategia.com\\\/portal\\\/#organization\"},\"image\":{\"@id\":\"https:\\\/\\\/cj.estrategia.com\\\/portal\\\/cotas-trans-travestis-nao-binarias\\\/#primaryimage\"},\"thumbnailUrl\":\"https:\\\/\\\/cj.estrategia.com\\\/portal\\\/wp-content\\\/uploads\\\/2025\\\/04\\\/03141237\\\/unicamp-cotas-vestibular.png\",\"keywords\":[\"comiss\u00e3o de verifica\u00e7\u00e3o\",\"cotas\",\"cotas para pessoas trans travestis e n\u00e3o-bin\u00e1rias\",\"igualdade como reconhecimento\",\"igualdade formal\",\"igualdade material\",\"sistema de cotas\",\"unicamp\",\"vestibular\"],\"articleSection\":[\"Carreiras Jur\u00eddicas\"],\"inLanguage\":\"pt-BR\",\"potentialAction\":[{\"@type\":\"CommentAction\",\"name\":\"Comment\",\"target\":[\"https:\\\/\\\/cj.estrategia.com\\\/portal\\\/cotas-trans-travestis-nao-binarias\\\/#respond\"]}]},{\"@type\":\"WebPage\",\"@id\":\"https:\\\/\\\/cj.estrategia.com\\\/portal\\\/cotas-trans-travestis-nao-binarias\\\/\",\"url\":\"https:\\\/\\\/cj.estrategia.com\\\/portal\\\/cotas-trans-travestis-nao-binarias\\\/\",\"name\":\"Cotas para pessoas trans, travestis e n\u00e3o-bin\u00e1rias na Unicamp\",\"isPartOf\":{\"@id\":\"https:\\\/\\\/cj.estrategia.com\\\/portal\\\/#website\"},\"primaryImageOfPage\":{\"@id\":\"https:\\\/\\\/cj.estrategia.com\\\/portal\\\/cotas-trans-travestis-nao-binarias\\\/#primaryimage\"},\"image\":{\"@id\":\"https:\\\/\\\/cj.estrategia.com\\\/portal\\\/cotas-trans-travestis-nao-binarias\\\/#primaryimage\"},\"thumbnailUrl\":\"https:\\\/\\\/cj.estrategia.com\\\/portal\\\/wp-content\\\/uploads\\\/2025\\\/04\\\/03141237\\\/unicamp-cotas-vestibular.png\",\"datePublished\":\"2025-04-03T17:15:13+00:00\",\"dateModified\":\"2025-04-14T20:19:05+00:00\",\"description\":\"O Conselho Universit\u00e1rio da Unicamp aprovou, por unanimidade, cotas para pessoas trans, travestis e n\u00e3o-bin\u00e1rias no vestibular.\",\"breadcrumb\":{\"@id\":\"https:\\\/\\\/cj.estrategia.com\\\/portal\\\/cotas-trans-travestis-nao-binarias\\\/#breadcrumb\"},\"inLanguage\":\"pt-BR\",\"potentialAction\":[{\"@type\":\"ReadAction\",\"target\":[\"https:\\\/\\\/cj.estrategia.com\\\/portal\\\/cotas-trans-travestis-nao-binarias\\\/\"]}]},{\"@type\":\"ImageObject\",\"inLanguage\":\"pt-BR\",\"@id\":\"https:\\\/\\\/cj.estrategia.com\\\/portal\\\/cotas-trans-travestis-nao-binarias\\\/#primaryimage\",\"url\":\"https:\\\/\\\/cj.estrategia.com\\\/portal\\\/wp-content\\\/uploads\\\/2025\\\/04\\\/03141237\\\/unicamp-cotas-vestibular.png\",\"contentUrl\":\"https:\\\/\\\/cj.estrategia.com\\\/portal\\\/wp-content\\\/uploads\\\/2025\\\/04\\\/03141237\\\/unicamp-cotas-vestibular.png\",\"width\":980,\"height\":660},{\"@type\":\"BreadcrumbList\",\"@id\":\"https:\\\/\\\/cj.estrategia.com\\\/portal\\\/cotas-trans-travestis-nao-binarias\\\/#breadcrumb\",\"itemListElement\":[{\"@type\":\"ListItem\",\"position\":1,\"name\":\"In\u00edcio\",\"item\":\"https:\\\/\\\/cj.estrategia.com\\\/portal\\\/\"},{\"@type\":\"ListItem\",\"position\":2,\"name\":\"Unicamp aprova cotas para pessoas trans, travestis e n\u00e3o-bin\u00e1rias\"}]},{\"@type\":\"WebSite\",\"@id\":\"https:\\\/\\\/cj.estrategia.com\\\/portal\\\/#website\",\"url\":\"https:\\\/\\\/cj.estrategia.com\\\/portal\\\/\",\"name\":\"Blog - Carreiras Jur\u00eddicas - Estrat\u00e9gia\",\"description\":\"\",\"publisher\":{\"@id\":\"https:\\\/\\\/cj.estrategia.com\\\/portal\\\/#organization\"},\"potentialAction\":[{\"@type\":\"SearchAction\",\"target\":{\"@type\":\"EntryPoint\",\"urlTemplate\":\"https:\\\/\\\/cj.estrategia.com\\\/portal\\\/?s={search_term_string}\"},\"query-input\":{\"@type\":\"PropertyValueSpecification\",\"valueRequired\":true,\"valueName\":\"search_term_string\"}}],\"inLanguage\":\"pt-BR\"},{\"@type\":\"Organization\",\"@id\":\"https:\\\/\\\/cj.estrategia.com\\\/portal\\\/#organization\",\"name\":\"Estrat\u00e9gia - Carreiras Jur\u00eddicas\",\"url\":\"https:\\\/\\\/cj.estrategia.com\\\/portal\\\/\",\"logo\":{\"@type\":\"ImageObject\",\"inLanguage\":\"pt-BR\",\"@id\":\"https:\\\/\\\/cj.estrategia.com\\\/portal\\\/#\\\/schema\\\/logo\\\/image\\\/\",\"url\":\"https:\\\/\\\/cj.estrategia.com\\\/portal\\\/wp-content\\\/uploads\\\/2022\\\/03\\\/11151052\\\/cj-logo.png\",\"contentUrl\":\"https:\\\/\\\/cj.estrategia.com\\\/portal\\\/wp-content\\\/uploads\\\/2022\\\/03\\\/11151052\\\/cj-logo.png\",\"width\":150,\"height\":39,\"caption\":\"Estrat\u00e9gia - Carreiras Jur\u00eddicas\"},\"image\":{\"@id\":\"https:\\\/\\\/cj.estrategia.com\\\/portal\\\/#\\\/schema\\\/logo\\\/image\\\/\"},\"sameAs\":[\"https:\\\/\\\/www.facebook.com\\\/estrategiacarreirajuridica\\\/\",\"https:\\\/\\\/x.com\\\/EstratJuridica\",\"https:\\\/\\\/www.instagram.com\\\/estrategiacarreirajuridica\\\/\",\"https:\\\/\\\/www.youtube.com\\\/channel\\\/UClbMGuYbj2Mh1m3w144ETWQ\"]},{\"@type\":\"Person\",\"@id\":\"https:\\\/\\\/cj.estrategia.com\\\/portal\\\/#\\\/schema\\\/person\\\/aa7e4ed652b4a209e40869071fda4361\",\"name\":\"Marcos Gomes\",\"image\":{\"@type\":\"ImageObject\",\"inLanguage\":\"pt-BR\",\"@id\":\"https:\\\/\\\/cj.estrategia.com\\\/portal\\\/wp-content\\\/uploads\\\/2023\\\/06\\\/01191815\\\/IMG_8949-96x96.jpg\",\"url\":\"https:\\\/\\\/cj.estrategia.com\\\/portal\\\/wp-content\\\/uploads\\\/2023\\\/06\\\/01191815\\\/IMG_8949-96x96.jpg\",\"contentUrl\":\"https:\\\/\\\/cj.estrategia.com\\\/portal\\\/wp-content\\\/uploads\\\/2023\\\/06\\\/01191815\\\/IMG_8949-96x96.jpg\",\"caption\":\"Marcos Gomes\"},\"description\":\"Defensor P\u00fablico do Estado de S\u00e3o Paulo. Especialista em Direito P\u00fablico. Professor de Direito Constitucional e Princ\u00edpios Institucionais no Estrat\u00e9gia Carreiras Jur\u00eddicas. Coordenador da Cole\u00e7\u00e3o Defensoria Ponto a Ponto.\",\"url\":\"https:\\\/\\\/cj.estrategia.com\\\/portal\\\/author\\\/marcos-gomes\\\/\"}]}<\/script>\n<!-- \/ Yoast SEO Premium plugin. -->","yoast_head_json":{"title":"Cotas para pessoas trans, travestis e n\u00e3o-bin\u00e1rias na Unicamp","description":"O Conselho Universit\u00e1rio da Unicamp aprovou, por unanimidade, cotas para pessoas trans, travestis e n\u00e3o-bin\u00e1rias no vestibular.","robots":{"index":"index","follow":"follow","max-snippet":"max-snippet:-1","max-image-preview":"max-image-preview:large","max-video-preview":"max-video-preview:-1"},"canonical":"https:\/\/cj.estrategia.com\/portal\/cotas-trans-travestis-nao-binarias\/","og_locale":"pt_BR","og_type":"article","og_title":"Unicamp aprova cotas para pessoas trans, travestis e n\u00e3o-bin\u00e1rias","og_description":"O Conselho Universit\u00e1rio da Unicamp aprovou, por unanimidade, cotas para pessoas trans, travestis e n\u00e3o-bin\u00e1rias no vestibular.","og_url":"https:\/\/cj.estrategia.com\/portal\/cotas-trans-travestis-nao-binarias\/","og_site_name":"Blog - Carreiras Jur\u00eddicas - Estrat\u00e9gia","article_publisher":"https:\/\/www.facebook.com\/estrategiacarreirajuridica\/","article_published_time":"2025-04-03T17:15:13+00:00","article_modified_time":"2025-04-14T20:19:05+00:00","og_image":[{"width":980,"height":660,"url":"https:\/\/cj.estrategia.com\/portal\/wp-content\/uploads\/2025\/04\/03141237\/unicamp-cotas-vestibular.png","type":"image\/png"}],"author":"Marcos Gomes","twitter_card":"summary_large_image","twitter_creator":"@EstratJuridica","twitter_site":"@EstratJuridica","twitter_misc":{"Escrito por":"Marcos Gomes","Est. tempo de leitura":"14 minutos"},"schema":{"@context":"https:\/\/schema.org","@graph":[{"@type":"NewsArticle","@id":"https:\/\/cj.estrategia.com\/portal\/cotas-trans-travestis-nao-binarias\/#article","isPartOf":{"@id":"https:\/\/cj.estrategia.com\/portal\/cotas-trans-travestis-nao-binarias\/"},"author":{"name":"Marcos Gomes","@id":"https:\/\/cj.estrategia.com\/portal\/#\/schema\/person\/aa7e4ed652b4a209e40869071fda4361"},"headline":"Unicamp aprova cotas para pessoas trans, travestis e n\u00e3o-bin\u00e1rias","datePublished":"2025-04-03T17:15:13+00:00","dateModified":"2025-04-14T20:19:05+00:00","mainEntityOfPage":{"@id":"https:\/\/cj.estrategia.com\/portal\/cotas-trans-travestis-nao-binarias\/"},"wordCount":1357,"commentCount":0,"publisher":{"@id":"https:\/\/cj.estrategia.com\/portal\/#organization"},"image":{"@id":"https:\/\/cj.estrategia.com\/portal\/cotas-trans-travestis-nao-binarias\/#primaryimage"},"thumbnailUrl":"https:\/\/cj.estrategia.com\/portal\/wp-content\/uploads\/2025\/04\/03141237\/unicamp-cotas-vestibular.png","keywords":["comiss\u00e3o de verifica\u00e7\u00e3o","cotas","cotas para pessoas trans travestis e n\u00e3o-bin\u00e1rias","igualdade como reconhecimento","igualdade formal","igualdade material","sistema de cotas","unicamp","vestibular"],"articleSection":["Carreiras Jur\u00eddicas"],"inLanguage":"pt-BR","potentialAction":[{"@type":"CommentAction","name":"Comment","target":["https:\/\/cj.estrategia.com\/portal\/cotas-trans-travestis-nao-binarias\/#respond"]}]},{"@type":"WebPage","@id":"https:\/\/cj.estrategia.com\/portal\/cotas-trans-travestis-nao-binarias\/","url":"https:\/\/cj.estrategia.com\/portal\/cotas-trans-travestis-nao-binarias\/","name":"Cotas para pessoas trans, travestis e n\u00e3o-bin\u00e1rias na Unicamp","isPartOf":{"@id":"https:\/\/cj.estrategia.com\/portal\/#website"},"primaryImageOfPage":{"@id":"https:\/\/cj.estrategia.com\/portal\/cotas-trans-travestis-nao-binarias\/#primaryimage"},"image":{"@id":"https:\/\/cj.estrategia.com\/portal\/cotas-trans-travestis-nao-binarias\/#primaryimage"},"thumbnailUrl":"https:\/\/cj.estrategia.com\/portal\/wp-content\/uploads\/2025\/04\/03141237\/unicamp-cotas-vestibular.png","datePublished":"2025-04-03T17:15:13+00:00","dateModified":"2025-04-14T20:19:05+00:00","description":"O Conselho Universit\u00e1rio da Unicamp aprovou, por unanimidade, cotas para pessoas trans, travestis e n\u00e3o-bin\u00e1rias no vestibular.","breadcrumb":{"@id":"https:\/\/cj.estrategia.com\/portal\/cotas-trans-travestis-nao-binarias\/#breadcrumb"},"inLanguage":"pt-BR","potentialAction":[{"@type":"ReadAction","target":["https:\/\/cj.estrategia.com\/portal\/cotas-trans-travestis-nao-binarias\/"]}]},{"@type":"ImageObject","inLanguage":"pt-BR","@id":"https:\/\/cj.estrategia.com\/portal\/cotas-trans-travestis-nao-binarias\/#primaryimage","url":"https:\/\/cj.estrategia.com\/portal\/wp-content\/uploads\/2025\/04\/03141237\/unicamp-cotas-vestibular.png","contentUrl":"https:\/\/cj.estrategia.com\/portal\/wp-content\/uploads\/2025\/04\/03141237\/unicamp-cotas-vestibular.png","width":980,"height":660},{"@type":"BreadcrumbList","@id":"https:\/\/cj.estrategia.com\/portal\/cotas-trans-travestis-nao-binarias\/#breadcrumb","itemListElement":[{"@type":"ListItem","position":1,"name":"In\u00edcio","item":"https:\/\/cj.estrategia.com\/portal\/"},{"@type":"ListItem","position":2,"name":"Unicamp aprova cotas para pessoas trans, travestis e n\u00e3o-bin\u00e1rias"}]},{"@type":"WebSite","@id":"https:\/\/cj.estrategia.com\/portal\/#website","url":"https:\/\/cj.estrategia.com\/portal\/","name":"Blog - Carreiras Jur\u00eddicas - Estrat\u00e9gia","description":"","publisher":{"@id":"https:\/\/cj.estrategia.com\/portal\/#organization"},"potentialAction":[{"@type":"SearchAction","target":{"@type":"EntryPoint","urlTemplate":"https:\/\/cj.estrategia.com\/portal\/?s={search_term_string}"},"query-input":{"@type":"PropertyValueSpecification","valueRequired":true,"valueName":"search_term_string"}}],"inLanguage":"pt-BR"},{"@type":"Organization","@id":"https:\/\/cj.estrategia.com\/portal\/#organization","name":"Estrat\u00e9gia - Carreiras Jur\u00eddicas","url":"https:\/\/cj.estrategia.com\/portal\/","logo":{"@type":"ImageObject","inLanguage":"pt-BR","@id":"https:\/\/cj.estrategia.com\/portal\/#\/schema\/logo\/image\/","url":"https:\/\/cj.estrategia.com\/portal\/wp-content\/uploads\/2022\/03\/11151052\/cj-logo.png","contentUrl":"https:\/\/cj.estrategia.com\/portal\/wp-content\/uploads\/2022\/03\/11151052\/cj-logo.png","width":150,"height":39,"caption":"Estrat\u00e9gia - Carreiras Jur\u00eddicas"},"image":{"@id":"https:\/\/cj.estrategia.com\/portal\/#\/schema\/logo\/image\/"},"sameAs":["https:\/\/www.facebook.com\/estrategiacarreirajuridica\/","https:\/\/x.com\/EstratJuridica","https:\/\/www.instagram.com\/estrategiacarreirajuridica\/","https:\/\/www.youtube.com\/channel\/UClbMGuYbj2Mh1m3w144ETWQ"]},{"@type":"Person","@id":"https:\/\/cj.estrategia.com\/portal\/#\/schema\/person\/aa7e4ed652b4a209e40869071fda4361","name":"Marcos Gomes","image":{"@type":"ImageObject","inLanguage":"pt-BR","@id":"https:\/\/cj.estrategia.com\/portal\/wp-content\/uploads\/2023\/06\/01191815\/IMG_8949-96x96.jpg","url":"https:\/\/cj.estrategia.com\/portal\/wp-content\/uploads\/2023\/06\/01191815\/IMG_8949-96x96.jpg","contentUrl":"https:\/\/cj.estrategia.com\/portal\/wp-content\/uploads\/2023\/06\/01191815\/IMG_8949-96x96.jpg","caption":"Marcos Gomes"},"description":"Defensor P\u00fablico do Estado de S\u00e3o Paulo. Especialista em Direito P\u00fablico. Professor de Direito Constitucional e Princ\u00edpios Institucionais no Estrat\u00e9gia Carreiras Jur\u00eddicas. Coordenador da Cole\u00e7\u00e3o Defensoria Ponto a Ponto.","url":"https:\/\/cj.estrategia.com\/portal\/author\/marcos-gomes\/"}]}},"jetpack_featured_media_url":"https:\/\/cj.estrategia.com\/portal\/wp-content\/uploads\/2025\/04\/03141237\/unicamp-cotas-vestibular.png","jetpack_sharing_enabled":true,"_links":{"self":[{"href":"https:\/\/cj.estrategia.com\/portal\/wp-json\/wp\/v2\/posts\/110125","targetHints":{"allow":["GET"]}}],"collection":[{"href":"https:\/\/cj.estrategia.com\/portal\/wp-json\/wp\/v2\/posts"}],"about":[{"href":"https:\/\/cj.estrategia.com\/portal\/wp-json\/wp\/v2\/types\/post"}],"author":[{"embeddable":true,"href":"https:\/\/cj.estrategia.com\/portal\/wp-json\/wp\/v2\/users\/54"}],"replies":[{"embeddable":true,"href":"https:\/\/cj.estrategia.com\/portal\/wp-json\/wp\/v2\/comments?post=110125"}],"version-history":[{"count":5,"href":"https:\/\/cj.estrategia.com\/portal\/wp-json\/wp\/v2\/posts\/110125\/revisions"}],"predecessor-version":[{"id":112355,"href":"https:\/\/cj.estrategia.com\/portal\/wp-json\/wp\/v2\/posts\/110125\/revisions\/112355"}],"wp:featuredmedia":[{"embeddable":true,"href":"https:\/\/cj.estrategia.com\/portal\/wp-json\/wp\/v2\/media\/110145"}],"wp:attachment":[{"href":"https:\/\/cj.estrategia.com\/portal\/wp-json\/wp\/v2\/media?parent=110125"}],"wp:term":[{"taxonomy":"category","embeddable":true,"href":"https:\/\/cj.estrategia.com\/portal\/wp-json\/wp\/v2\/categories?post=110125"},{"taxonomy":"post_tag","embeddable":true,"href":"https:\/\/cj.estrategia.com\/portal\/wp-json\/wp\/v2\/tags?post=110125"},{"taxonomy":"tax_estado","embeddable":true,"href":"https:\/\/cj.estrategia.com\/portal\/wp-json\/wp\/v2\/tax_estado?post=110125"}],"curies":[{"name":"wp","href":"https:\/\/api.w.org\/{rel}","templated":true}]}}