{"id":109450,"date":"2025-04-01T06:24:22","date_gmt":"2025-04-01T09:24:22","guid":{"rendered":"https:\/\/cj.estrategia.com\/portal\/?p=109450"},"modified":"2025-04-14T17:06:11","modified_gmt":"2025-04-14T20:06:11","slug":"stj-amamentacao-trabalho-remicao-pena","status":"publish","type":"post","link":"https:\/\/cj.estrategia.com\/portal\/stj-amamentacao-trabalho-remicao-pena\/","title":{"rendered":"STJ equipara amamenta\u00e7\u00e3o a trabalho para fins de remi\u00e7\u00e3o de pena"},"content":{"rendered":"\n<p class=\"has-small-font-size\"><strong>* Thiago de Paula Leite \u00e9 procurador do Estado de S\u00e3o Paulo e professor de direito ambiental e agr\u00e1rio do Estrat\u00e9gia.<\/strong><strong><\/strong><\/p>\n\n\n\n<h2 class=\"wp-block-heading\" id=\"h-entenda-o-caso\"><span id=\"entenda-o-caso\">Entenda o caso<\/span><\/h2>\n\n\n\n<p>O Superior Tribunal de Justi\u00e7a equiparou a amamenta\u00e7\u00e3o ao trabalho para fins de remi\u00e7\u00e3o da pena de uma detenta.<\/p>\n\n\n\n<p>O Ministro Messod Azulay Neto considerou a amamenta\u00e7\u00e3o da filha rec\u00e9m-nascida da presa como trabalho na creche da Penitenci\u00e1ria de Mogi Gua\u00e7u. Tal fun\u00e7\u00e3o garantiria automaticamente a diminui\u00e7\u00e3o do tempo de pris\u00e3o.<\/p>\n\n\n\n<p>A mulher deu entrada no sistema carcer\u00e1rio em abril de 2023, ap\u00f3s ser condenada a cumprir pena de 13 anos e 4 meses de pris\u00e3o por tr\u00e1fico de drogas. A beb\u00ea nasceu em setembro do mesmo ano e foi amamentada por 6 meses, como previsto em lei, at\u00e9 ser retirada da m\u00e3e.<\/p>\n\n\n\n<pre class=\"wp-block-preformatted\"><em>Lei de execu\u00e7\u00f5es penais<\/em><br><br>Art. 83...<br><br>\u00a7 2\u00ba Os estabelecimentos penais destinados a mulheres ser\u00e3o dotados de ber\u00e7\u00e1rio, onde as condenadas possam cuidar de seus filhos, inclusive <strong>amament\u00e1-los, no m\u00ednimo, at\u00e9 6 (seis) meses de idade<\/strong>.<\/pre>\n\n\n\n<p>Assim, como a mulher amamentou por 6 meses, a Defensoria P\u00fablica de S\u00e3o Paulo pediu a redu\u00e7\u00e3o de 2 meses na condena\u00e7\u00e3o.<\/p>\n\n\n\n<p>O ministro Messod considerou que, caso a detenta trabalhasse na creche do pres\u00eddio, ela teria direito a redu\u00e7\u00e3o da pena. Portanto, seria uma injusti\u00e7a e um contrassenso n\u00e3o computar o per\u00edodo de amamenta\u00e7\u00e3o como trabalho para fins de remi\u00e7\u00e3o da pena.<\/p>\n\n\n\n<pre class=\"wp-block-verse\"><em>\u201cDesigualdade seria impedir a remi\u00e7\u00e3o pelo cuidado do pr\u00f3prio filho, enquanto se concede a remi\u00e7\u00e3o pelo cuidado dos filhos de outras detentas\u201d<\/em>.<\/pre>\n\n\n\n<p>Mas o que vem a ser o instituto da <strong>remi\u00e7\u00e3o de pena<\/strong>? Vejamos.<\/p>\n\n\n\n<h2 class=\"wp-block-heading\" id=\"h-remicao-de-pena\"><span id=\"remicao-de-pena\">Remi\u00e7\u00e3o de pena<\/span><\/h2>\n\n\n<div class=\"wp-block-image\">\n<figure class=\"aligncenter size-full\"><img decoding=\"async\" width=\"720\" height=\"154\" src=\"https:\/\/cj.estrategia.com\/portal\/wp-content\/uploads\/2025\/04\/01055703\/remicao-de-pena.png\" alt=\"Amamenta\u00e7\u00e3o\" class=\"wp-image-109454\" srcset=\"https:\/\/cj.estrategia.com\/portal\/wp-content\/uploads\/2025\/04\/01055703\/remicao-de-pena.png 720w, https:\/\/cj.estrategia.com\/portal\/wp-content\/uploads\/2025\/04\/01055703\/remicao-de-pena-300x64.png 300w, https:\/\/cj.estrategia.com\/portal\/wp-content\/uploads\/2025\/04\/01055703\/remicao-de-pena-380x81.png 380w, https:\/\/cj.estrategia.com\/portal\/wp-content\/uploads\/2025\/04\/01055703\/remicao-de-pena-150x32.png 150w\" sizes=\"(max-width: 720px) 100vw, 720px\" \/><\/figure>\n<\/div>\n\n\n<p>Importante pontuar que o fato da amamenta\u00e7\u00e3o n\u00e3o possuir express\u00e3o econ\u00f4mica, n\u00e3o se caracterizando como um trabalho formal, n\u00e3o impede o reconhecimento do direito da detenta de ver sua pena reduzida pela remi\u00e7\u00e3o.<\/p>\n\n\n\n<p>A Defensoria P\u00fablica de S\u00e3o Paulo celebra a decis\u00e3o. Isso porque \u00e9 a primeira vez que um tribunal superior reconhece a <strong>economia do cuidado<\/strong>&nbsp;como causa de redu\u00e7\u00e3o da pena de uma m\u00e3e que amamentou o filho na pris\u00e3o.<\/p>\n\n\n\n<p><\/p>\n\n\n\n<div class=\"container\" id=\"boxes\">\n  <div class=\"row\">\n\n    <div class=\"col-sm\">\n      <div class=\"banner-estrategia-concursos-juridicos\" id=\"box-assinatura\">\n        <h2 id=\"cursos-para-concursos-juridicos\" class=\"titulo-assinatura\"><span style=\"color: #ffffff; font-size: 23px; \">Cursos para Concursos Jur\u00eddicos<\/span><\/h2>\n        <p class=\"subtitulo-assinatura\">Cursos focados em Concursos Jur\u00eddicos<\/p>\n        <div class=\"box-botao\">\n          <a class=\"btn-assinatura-juridica\" target=\"_blank\" href=\"https:\/\/cj.estrategia.com\/cursos\/\" role=\"button\" rel=\"noopener noreferrer\">Conhe\u00e7a mais<\/a>\n        <\/div>\n      <\/div>\n      <p class=\"texto-auxiliar\">Prepare-se com o melhor material e com quem mais aprova em concursos jur\u00eddicos em todo o pa\u00eds. \n<\/p>\n    <\/div>\n\n  <\/div>\n<\/div>\n\n\n\n<h2 class=\"wp-block-heading\" id=\"h-economia-do-cuidado\"><span id=\"economia-do-cuidado\">Economia do cuidado<\/span><\/h2>\n\n\n\n<p class=\"has-background\" style=\"background-color:#dddddd\"><strong><mark style=\"background-color:rgba(0, 0, 0, 0)\" class=\"has-inline-color has-vivid-cyan-blue-color\">Economia do cuidado (<em>care economy<\/em>) -&gt;<\/mark>&nbsp;Trabalho n\u00e3o remunerado, de pouco visibilidade social, que envolve predominantemente mulheres, relacionado ao lar ou ao cuidado e ao suporte de crian\u00e7as, idosos ou pessoas com defici\u00eancia.<\/strong><\/p>\n\n\n\n<p>Apesar de invis\u00edvel e subvalorizado, a economia do cuidado \u00e9 fundamental para o funcionamento da sociedade e da economia, permitindo a presta\u00e7\u00e3o de outras atividades e servi\u00e7os.<\/p>\n\n\n\n<p>Exemplos de trabalhadores da economia do cuidado:<\/p>\n\n\n\n<ul class=\"wp-block-list is-style-cnvs-list-styled-positive\">\n<li><strong>Enfermeiras e t\u00e9cnicas de enfermagem;<\/strong><\/li>\n\n\n\n<li><strong>Cuidadores de idosos;<\/strong><\/li>\n\n\n\n<li><strong>Assistentes sociais;<\/strong><\/li>\n\n\n\n<li><strong>Bab\u00e1s e acompanhantes de crian\u00e7as;<\/strong><\/li>\n\n\n\n<li><strong>Do lar;<\/strong><\/li>\n\n\n\n<li><strong>Auxiliares de limpeza;<\/strong><\/li>\n\n\n\n<li><strong>M\u00e3es que amamentam.<\/strong>&nbsp;<\/li>\n<\/ul>\n\n\n\n<h2 class=\"wp-block-heading\" id=\"h-igualdade-de-genero\"><span id=\"igualdade-de-genero\">Igualdade de g\u00eanero<\/span><\/h2>\n\n\n\n<p>Segundo o coordenador do N\u00facleo Especializado de Situa\u00e7\u00e3o Carcer\u00e1ria da Defensoria P\u00fablica de S\u00e3o Paulo, o defensor Bruno Shimizu, o STJ &#8220;<em>cumpriu o mandamento de igualdade de g\u00eanero previsto na Constitui\u00e7\u00e3o Federal<\/em>&#8220;:<\/p>\n\n\n\n<pre class=\"wp-block-verse\"><em>\u201cAinda que a lei de execu\u00e7\u00f5es penais n\u00e3o traga previs\u00e3o espec\u00edfica nesse sentido, \u00e9 uma discrimina\u00e7\u00e3o evidente que a amamenta\u00e7\u00e3o, essa atividade socialmente essencial e desgastante f\u00edsica e mentalmente, n\u00e3o seja reconhecida. Em uma sociedade patriarcal, feito a nossa, o cuidado acaba quase sempre sendo atribu\u00eddo \u00e0s mulheres\u201d<\/em>.<\/pre>\n\n\n\n<p>Deve-se entender a amamenta\u00e7\u00e3o, portanto, no contexto do trabalho moderno, sendo um trabalho que qualifica e dignifica a mulher.<\/p>\n\n\n\n<p>Se atividades como costurar bolas, bolsas, fabricar cadeiras, mesas, consertar equipamentos, montar antenas ou a simples leitura de livros s\u00e3o consideradas como aptas a reduzirem a pena do detento, por que n\u00e3o incluir, tamb\u00e9m, a nobre fun\u00e7\u00e3o do cuidado com o rec\u00e9m-nascido atrav\u00e9s da amamenta\u00e7\u00e3o?<\/p>\n\n\n\n<h2 class=\"wp-block-heading\" id=\"h-direitos-da-crianca\"><span id=\"direitos-da-crianca\">Direitos da crian\u00e7a<\/span><\/h2>\n\n\n\n<p>A Lei n\u00ba 13.257\/2016 &nbsp;disp\u00f5e sobre as pol\u00edticas p\u00fablicas para a primeira inf\u00e2ncia, que vai at\u00e9 os 6 primeiros anos de vida (72 meses). Dessa maneira, ela reconhece a import\u00e2ncia do cuidado nos primeiros meses de vida e impondo ao poder p\u00fablico uma s\u00e9rie de deveres voltados a concretizar essas pol\u00edticas p\u00fablicas.<\/p>\n\n\n\n<p class=\"has-background\" style=\"background-color:#dddddd\"><strong>A prioridade absoluta em assegurar os direitos da crian\u00e7a implica o dever do Estado de estabelecer pol\u00edticas, planos, programas e servi\u00e7os para a primeira inf\u00e2ncia que atendam \u00e0s especificidades dessa faixa et\u00e1ria, visando a garantir seu desenvolvimento integral.<\/strong><strong><\/strong><\/p>\n\n\n\n<p>O enquadramento da amamenta\u00e7\u00e3o como atividade apta a gerar redu\u00e7\u00e3o de pena pode ser visto como uma pol\u00edtica p\u00fablica voltada a garantir os direitos das crian\u00e7as, que s\u00e3o as mais beneficiadas com a medida.<\/p>\n\n\n\n<p>Al\u00e9m do mais, a Constitui\u00e7\u00e3o Federal, em seu art. 5\u00ba, X, prev\u00ea que, \u00e0s presidi\u00e1rias, ser\u00e3o asseguradas condi\u00e7\u00f5es para que possam permanecer com seus filhos durante o per\u00edodo de amamenta\u00e7\u00e3o.<\/p>\n\n\n\n<div class=\"wp-block-media-text is-stacked-on-mobile\"><figure class=\"wp-block-media-text__media\"><img decoding=\"async\" width=\"1024\" height=\"615\" src=\"https:\/\/cj.estrategia.com\/portal\/wp-content\/uploads\/2024\/08\/28133019\/stf-1024x615.png\" alt=\"Amamenta\u00e7\u00e3o\" class=\"wp-image-74051 size-full\" srcset=\"https:\/\/cj.estrategia.com\/portal\/wp-content\/uploads\/2024\/08\/28133019\/stf-1024x615.png 1024w, https:\/\/cj.estrategia.com\/portal\/wp-content\/uploads\/2024\/08\/28133019\/stf-300x180.png 300w, https:\/\/cj.estrategia.com\/portal\/wp-content\/uploads\/2024\/08\/28133019\/stf-768x461.png 768w, https:\/\/cj.estrategia.com\/portal\/wp-content\/uploads\/2024\/08\/28133019\/stf-380x228.png 380w, https:\/\/cj.estrategia.com\/portal\/wp-content\/uploads\/2024\/08\/28133019\/stf-560x336.png 560w, https:\/\/cj.estrategia.com\/portal\/wp-content\/uploads\/2024\/08\/28133019\/stf-800x480.png 800w, https:\/\/cj.estrategia.com\/portal\/wp-content\/uploads\/2024\/08\/28133019\/stf-150x90.png 150w, https:\/\/cj.estrategia.com\/portal\/wp-content\/uploads\/2024\/08\/28133019\/stf.png 1086w\" sizes=\"(max-width: 1024px) 100vw, 1024px\" \/><\/figure><div class=\"wp-block-media-text__content\">\n<p>O Supremo Tribunal Federal, em decis\u00e3o hist\u00f3rica, concedeu, com base no art. 318, do C\u00f3digo de Processo Penal, <em>habeas corpus<\/em>&nbsp;coletivo para determinar a substitui\u00e7\u00e3o da pris\u00e3o preventiva por domiciliar de gestantes, lactantes e m\u00e3es de crian\u00e7as de at\u00e9 12 anos ou de pessoas com defici\u00eancia, em todo o territ\u00f3rio nacional (HC 143641).<\/p>\n<\/div><\/div>\n\n\n\n<p>Segundo o Superior Tribunal de Justi\u00e7a, o afastamento da pris\u00e3o domiciliar para mulher gestante ou m\u00e3e de filho menor de 12 anos exige <strong>fundamenta\u00e7\u00e3o id\u00f4nea e casu\u00edstica<\/strong>&nbsp;(AgRg no HC n. 805.493).<\/p>\n\n\n\n<p>Portanto, o ordenamento jur\u00eddico e a jurisprud\u00eancia s\u00e3o cristalinos em garantir prioridade no atendimento \u00e0s crian\u00e7as em est\u00e1gio inicial de desenvolvimento.<\/p>\n\n\n\n<h2 class=\"wp-block-heading\" id=\"h-conclusao\"><span id=\"conclusao\">Conclus\u00e3o<\/span><\/h2>\n\n\n\n<pre class=\"wp-block-verse\">A quest\u00e3o, portanto, n\u00e3o \u00e9 de maior o menor elasticidade ao art. 126, da Lei de Execu\u00e7\u00f5es Penais, mas sim de entender a amamenta\u00e7\u00e3o no contexto do trabalho moderno, como uma atividade essencial para a aten\u00e7\u00e3o adequada \u00e0 primeira inf\u00e2ncia, al\u00e9m de uma atividade que resgata a mulher de sua particularidade restritiva e a joga em um universo dial\u00f3gico de compartilhamento, como bem ressaltou o desembargador S\u00e9rgio Mazina Martins, em voto no Agravo de Execu\u00e7\u00e3o Penal n\u00ba 0000513-77.2024.8.26.0502, do Tribunal de Justi\u00e7a de S\u00e3o Paulo.<\/pre>\n\n\n\n<p>O trabalho diuturno de amamenta\u00e7\u00e3o acompanha toda a hist\u00f3ria da humanidade. Ontem, eram as amas de leite, que garantiam a nutri\u00e7\u00e3o dos filhos dos senhores. Hoje, temos os bancos de leite, gerenciados pelos hospitais, que se valem do trabalho de mulheres guerreiras que doam seu tempo, sua energia, seu leite, compartilhando, ao final, sua pr\u00f3pria exist\u00eancia em uma atitude altru\u00edsta e desprendida.<\/p>\n\n\n\n<p>A economia do cuidado requer um trabalhador do cuidado. \u00c9 nesse cen\u00e1rio que a amamenta\u00e7\u00e3o pode e deve se enquadrar como trabalho moderno, apto, inclusive, a reduzir a pena das detentas nessa situa\u00e7\u00e3o.<\/p>\n\n\n\n<p>Toda a sociedade deve comemorar, portanto, a decis\u00e3o do Superior Tribunal de Justi\u00e7a. Isso porque reconhece-se a amamenta\u00e7\u00e3o como trabalho, assegurando os direitos b\u00e1sicos tanto da detenta quanto do rec\u00e9m-nascido, concretizando, ainda, o princ\u00edpio da igualdade de g\u00eanero, extra\u00eddo da Constitui\u00e7\u00e3o Federal.<\/p>\n\n\n\n<p>Que esse entendimento seja consolidado pelos Tribunais e ju\u00edzes, e aplicado de forma espont\u00e2nea pela Administra\u00e7\u00e3o P\u00fablica. &nbsp;<\/p>\n\n\n\n<p>\u00d3timo tema para provas de <strong><a href=\"https:\/\/www.estrategiaconcursos.com.br\/assinaturas-ecj\/\" target=\"_blank\" >Defensoria P\u00fablica, Magistratura e Minist\u00e9rio P\u00fablico<\/a><\/strong>. Portanto, muita aten\u00e7\u00e3o!<\/p>\n\n\n\n<hr class=\"wp-block-separator has-alpha-channel-opacity\"\/>\n\n\n\n<h2 class=\"wp-block-heading has-text-align-center\" id=\"h-quer-saber-quais-serao-os-proximos-concursos\"><span id=\"quer-saber-quais-serao-os-proximos-concursos\">Quer saber quais ser\u00e3o os pr\u00f3ximos concursos?<\/span><\/h2>\n\n\n\n<pre class=\"wp-block-verse has-text-align-center\">Confira nossos&nbsp;<a href=\"https:\/\/cj.estrategia.com\/portal\/\" target=\"_blank\" >artigos para Carreiras Jur\u00eddicas<\/a>!<\/pre>\n\n\n\n<p class=\"has-text-align-center has-white-color has-pale-cyan-blue-background-color has-text-color has-background has-link-color wp-elements-3ffc9057f2314ec15f13b132eefb20e4\"><a href=\"https:\/\/www.estrategiaconcursos.com.br\/blog\/concursos-abertos\/\" target=\"_blank\" >Concursos p\u00fablicos abertos<\/a><\/p>\n\n\n\n<p class=\"has-text-align-center has-white-color has-pale-cyan-blue-background-color has-text-color has-background has-link-color wp-elements-0ddcc3bba7dead06242e688a17e9e277\"><a href=\"https:\/\/cj.estrategia.com\/portal\/concursos-2025-carreiras-juridicas\/\" target=\"_blank\" >Concursos 2025<\/a><\/p>\n\n\n\n<h2 class=\"wp-block-heading has-text-align-center\" id=\"h-assinatura-juridica\"><span id=\"assinatura-juridica\">Assinatura Jur\u00eddica<\/span><\/h2>\n\n\n\n<p class=\"has-text-align-left\">Estude com a maior assinatura jur\u00eddica! Cursos on\u2011line complet\u00edssimos em PDFs e videoaulas, com conte\u00fado te\u00f3rico did\u00e1tico, legisla\u00e7\u00e3o e jurisprud\u00eancia analisados, resolu\u00e7\u00e3o de in\u00fameras quest\u00f5es e resumos ao final de cada aula.<\/p>\n\n\n\n<div class=\"wp-block-cover\" style=\"min-height:155px;aspect-ratio:unset;\"><img decoding=\"async\" width=\"1890\" height=\"351\" class=\"wp-block-cover__image-background wp-image-8669\" alt=\"Assinaturas Jur\u00eddicas\" src=\"https:\/\/cj.estrategia.com\/portal\/wp-content\/uploads\/2022\/06\/20151253\/concurso-carreiras-juridicas-assinatura-juridica.jpg\" style=\"object-position:78% 43%\" data-object-fit=\"cover\" data-object-position=\"78% 43%\" srcset=\"https:\/\/cj.estrategia.com\/portal\/wp-content\/uploads\/2022\/06\/20151253\/concurso-carreiras-juridicas-assinatura-juridica.jpg 1890w, https:\/\/cj.estrategia.com\/portal\/wp-content\/uploads\/2022\/06\/20151253\/concurso-carreiras-juridicas-assinatura-juridica-300x56.jpg 300w, https:\/\/cj.estrategia.com\/portal\/wp-content\/uploads\/2022\/06\/20151253\/concurso-carreiras-juridicas-assinatura-juridica-1024x190.jpg 1024w, https:\/\/cj.estrategia.com\/portal\/wp-content\/uploads\/2022\/06\/20151253\/concurso-carreiras-juridicas-assinatura-juridica-768x143.jpg 768w, https:\/\/cj.estrategia.com\/portal\/wp-content\/uploads\/2022\/06\/20151253\/concurso-carreiras-juridicas-assinatura-juridica-1536x285.jpg 1536w, https:\/\/cj.estrategia.com\/portal\/wp-content\/uploads\/2022\/06\/20151253\/concurso-carreiras-juridicas-assinatura-juridica-380x71.jpg 380w, https:\/\/cj.estrategia.com\/portal\/wp-content\/uploads\/2022\/06\/20151253\/concurso-carreiras-juridicas-assinatura-juridica-800x149.jpg 800w, https:\/\/cj.estrategia.com\/portal\/wp-content\/uploads\/2022\/06\/20151253\/concurso-carreiras-juridicas-assinatura-juridica-1160x215.jpg 1160w\" sizes=\"(max-width: 1890px) 100vw, 1890px\" \/><span aria-hidden=\"true\" class=\"wp-block-cover__background has-background-dim\"><\/span><div class=\"wp-block-cover__inner-container is-layout-flow wp-block-cover-is-layout-flow\">\n<h3 id=\"faca-a-sua-assinatura\" class=\"titulo-assinatura\"><span style=\"color: #ffffff;\">Fa\u00e7a a sua assinatura!<\/span><\/h3>\n<p class=\"subtitulo-assinatura\" style=\"display:block!important; line-height: 0;\"><span style=\"color: #ffffff;\">Escolha a sua \u00e1rea.<\/span><\/p>\n<a target=\"_blank\" href=\"https:\/\/www.estrategiaconcursos.com.br\/assinaturas-ecj\/\" rel=\"noopener\"><button style=\"border-radius: 10px; text-transform: capitalize;\">Acessar<\/button><\/a>\n<\/div><\/div>\n\n\n\n<p><\/p>\n","protected":false},"excerpt":{"rendered":"* Thiago de Paula Leite \u00e9 procurador do Estado de S\u00e3o Paulo e professor de direito ambiental e&hellip;\n","protected":false},"author":81,"featured_media":109451,"comment_status":"open","ping_status":"open","sticky":false,"template":"","format":"standard","meta":{"_jetpack_memberships_contains_paid_content":false,"footnotes":""},"categories":[1],"tags":[2331,2328,2327,1670,2330,2329,915,1248,134,202],"tax_estado":[30,31,32,33,34,35,36,37,38,39,40,41,42,43,44,45,46,47,48,49,50,51,52,53,54,55,56,57],"class_list":{"0":"post-109450","1":"post","2":"type-post","3":"status-publish","4":"format-standard","5":"has-post-thumbnail","7":"category-carreiras-juridicas","8":"tag-amamentacao-por-detentas","9":"tag-direitos-da-crianca","10":"tag-economia-do-cuidado","11":"tag-igualdade-de-genero","12":"tag-politicas-publicas","13":"tag-primeira-infancia","14":"tag-prisao-domiciliar","15":"tag-remicao-de-pena","16":"tag-stf","17":"tag-stj","18":"tax_estado-ac","19":"tax_estado-al","20":"tax_estado-am","21":"tax_estado-ap","22":"tax_estado-ba","23":"tax_estado-ce","24":"tax_estado-concursos-federais","25":"tax_estado-df","26":"tax_estado-es","27":"tax_estado-go","28":"tax_estado-ma","29":"tax_estado-mg","30":"tax_estado-ms","31":"tax_estado-mt","32":"tax_estado-pa","33":"tax_estado-pb","34":"tax_estado-pe","35":"tax_estado-pi","36":"tax_estado-pr","37":"tax_estado-rj","38":"tax_estado-rn","39":"tax_estado-ro","40":"tax_estado-rr","41":"tax_estado-rs","42":"tax_estado-sc","43":"tax_estado-se","44":"tax_estado-sp","45":"tax_estado-to"},"acf":[],"yoast_head":"<!-- This site is optimized with the Yoast SEO Premium plugin v27.4 (Yoast SEO v27.4) - https:\/\/yoast.com\/product\/yoast-seo-premium-wordpress\/ -->\n<title>Amamenta\u00e7\u00e3o \u00e9 equiparada a trabalho para fins de remi\u00e7\u00e3o<\/title>\n<meta name=\"description\" content=\"O STJ equiparou a amamenta\u00e7\u00e3o ao trabalho para fins de remi\u00e7\u00e3o da pena de uma detenta. Tal fun\u00e7\u00e3o garantiria a diminui\u00e7\u00e3o do tempo de pris\u00e3o.\" \/>\n<meta name=\"robots\" content=\"index, follow, max-snippet:-1, max-image-preview:large, max-video-preview:-1\" \/>\n<link rel=\"canonical\" href=\"https:\/\/cj.estrategia.com\/portal\/stj-amamentacao-trabalho-remicao-pena\/\" \/>\n<meta property=\"og:locale\" content=\"pt_BR\" \/>\n<meta property=\"og:type\" content=\"article\" \/>\n<meta property=\"og:title\" content=\"STJ equipara amamenta\u00e7\u00e3o a trabalho para fins de remi\u00e7\u00e3o de pena\" \/>\n<meta property=\"og:description\" content=\"O STJ equiparou a amamenta\u00e7\u00e3o ao trabalho para fins de remi\u00e7\u00e3o da pena de uma detenta. Tal fun\u00e7\u00e3o garantiria a diminui\u00e7\u00e3o do tempo de pris\u00e3o.\" \/>\n<meta property=\"og:url\" content=\"https:\/\/cj.estrategia.com\/portal\/stj-amamentacao-trabalho-remicao-pena\/\" \/>\n<meta property=\"og:site_name\" content=\"Blog - Carreiras Jur\u00eddicas - Estrat\u00e9gia\" \/>\n<meta property=\"article:publisher\" content=\"https:\/\/www.facebook.com\/estrategiacarreirajuridica\/\" \/>\n<meta property=\"article:published_time\" content=\"2025-04-01T09:24:22+00:00\" \/>\n<meta property=\"article:modified_time\" content=\"2025-04-14T20:06:11+00:00\" \/>\n<meta property=\"og:image\" content=\"https:\/\/cj.estrategia.com\/portal\/wp-content\/uploads\/2025\/04\/01054758\/prisao-maes-amamentacao-remicao-pena-detentas-infancia-penal-cadeia.jpg\" \/>\n\t<meta property=\"og:image:width\" content=\"500\" \/>\n\t<meta property=\"og:image:height\" content=\"333\" \/>\n\t<meta property=\"og:image:type\" content=\"image\/jpeg\" \/>\n<meta name=\"author\" content=\"Thiago Leite\" \/>\n<meta name=\"twitter:card\" content=\"summary_large_image\" \/>\n<meta name=\"twitter:creator\" content=\"@EstratJuridica\" \/>\n<meta name=\"twitter:site\" content=\"@EstratJuridica\" \/>\n<meta name=\"twitter:label1\" content=\"Escrito por\" \/>\n\t<meta name=\"twitter:data1\" content=\"Thiago Leite\" \/>\n\t<meta name=\"twitter:label2\" content=\"Est. tempo de leitura\" \/>\n\t<meta name=\"twitter:data2\" content=\"7 minutos\" \/>\n<script type=\"application\/ld+json\" class=\"yoast-schema-graph\">{\"@context\":\"https:\\\/\\\/schema.org\",\"@graph\":[{\"@type\":\"NewsArticle\",\"@id\":\"https:\\\/\\\/cj.estrategia.com\\\/portal\\\/stj-amamentacao-trabalho-remicao-pena\\\/#article\",\"isPartOf\":{\"@id\":\"https:\\\/\\\/cj.estrategia.com\\\/portal\\\/stj-amamentacao-trabalho-remicao-pena\\\/\"},\"author\":{\"name\":\"Thiago Leite\",\"@id\":\"https:\\\/\\\/cj.estrategia.com\\\/portal\\\/#\\\/schema\\\/person\\\/7d7d2b1c8386e2eeacc0b09cfbc1d0ff\"},\"headline\":\"STJ equipara amamenta\u00e7\u00e3o a trabalho para fins de remi\u00e7\u00e3o de pena\",\"datePublished\":\"2025-04-01T09:24:22+00:00\",\"dateModified\":\"2025-04-14T20:06:11+00:00\",\"mainEntityOfPage\":{\"@id\":\"https:\\\/\\\/cj.estrategia.com\\\/portal\\\/stj-amamentacao-trabalho-remicao-pena\\\/\"},\"wordCount\":1141,\"commentCount\":0,\"publisher\":{\"@id\":\"https:\\\/\\\/cj.estrategia.com\\\/portal\\\/#organization\"},\"image\":{\"@id\":\"https:\\\/\\\/cj.estrategia.com\\\/portal\\\/stj-amamentacao-trabalho-remicao-pena\\\/#primaryimage\"},\"thumbnailUrl\":\"https:\\\/\\\/cj.estrategia.com\\\/portal\\\/wp-content\\\/uploads\\\/2025\\\/04\\\/01054758\\\/prisao-maes-amamentacao-remicao-pena-detentas-infancia-penal-cadeia.jpg\",\"keywords\":[\"amamenta\u00e7\u00e3o por detentas\",\"direitos da crian\u00e7a\",\"economia do cuidado\",\"igualdade de g\u00eanero\",\"pol\u00edticas p\u00fablicas\",\"primeira inf\u00e2ncia\",\"pris\u00e3o domiciliar\",\"remi\u00e7\u00e3o de pena\",\"STF\",\"STJ\"],\"articleSection\":[\"Carreiras Jur\u00eddicas\"],\"inLanguage\":\"pt-BR\",\"potentialAction\":[{\"@type\":\"CommentAction\",\"name\":\"Comment\",\"target\":[\"https:\\\/\\\/cj.estrategia.com\\\/portal\\\/stj-amamentacao-trabalho-remicao-pena\\\/#respond\"]}]},{\"@type\":\"WebPage\",\"@id\":\"https:\\\/\\\/cj.estrategia.com\\\/portal\\\/stj-amamentacao-trabalho-remicao-pena\\\/\",\"url\":\"https:\\\/\\\/cj.estrategia.com\\\/portal\\\/stj-amamentacao-trabalho-remicao-pena\\\/\",\"name\":\"Amamenta\u00e7\u00e3o \u00e9 equiparada a trabalho para fins de remi\u00e7\u00e3o\",\"isPartOf\":{\"@id\":\"https:\\\/\\\/cj.estrategia.com\\\/portal\\\/#website\"},\"primaryImageOfPage\":{\"@id\":\"https:\\\/\\\/cj.estrategia.com\\\/portal\\\/stj-amamentacao-trabalho-remicao-pena\\\/#primaryimage\"},\"image\":{\"@id\":\"https:\\\/\\\/cj.estrategia.com\\\/portal\\\/stj-amamentacao-trabalho-remicao-pena\\\/#primaryimage\"},\"thumbnailUrl\":\"https:\\\/\\\/cj.estrategia.com\\\/portal\\\/wp-content\\\/uploads\\\/2025\\\/04\\\/01054758\\\/prisao-maes-amamentacao-remicao-pena-detentas-infancia-penal-cadeia.jpg\",\"datePublished\":\"2025-04-01T09:24:22+00:00\",\"dateModified\":\"2025-04-14T20:06:11+00:00\",\"description\":\"O STJ equiparou a amamenta\u00e7\u00e3o ao trabalho para fins de remi\u00e7\u00e3o da pena de uma detenta. Tal fun\u00e7\u00e3o garantiria a diminui\u00e7\u00e3o do tempo de pris\u00e3o.\",\"breadcrumb\":{\"@id\":\"https:\\\/\\\/cj.estrategia.com\\\/portal\\\/stj-amamentacao-trabalho-remicao-pena\\\/#breadcrumb\"},\"inLanguage\":\"pt-BR\",\"potentialAction\":[{\"@type\":\"ReadAction\",\"target\":[\"https:\\\/\\\/cj.estrategia.com\\\/portal\\\/stj-amamentacao-trabalho-remicao-pena\\\/\"]}]},{\"@type\":\"ImageObject\",\"inLanguage\":\"pt-BR\",\"@id\":\"https:\\\/\\\/cj.estrategia.com\\\/portal\\\/stj-amamentacao-trabalho-remicao-pena\\\/#primaryimage\",\"url\":\"https:\\\/\\\/cj.estrategia.com\\\/portal\\\/wp-content\\\/uploads\\\/2025\\\/04\\\/01054758\\\/prisao-maes-amamentacao-remicao-pena-detentas-infancia-penal-cadeia.jpg\",\"contentUrl\":\"https:\\\/\\\/cj.estrategia.com\\\/portal\\\/wp-content\\\/uploads\\\/2025\\\/04\\\/01054758\\\/prisao-maes-amamentacao-remicao-pena-detentas-infancia-penal-cadeia.jpg\",\"width\":500,\"height\":333},{\"@type\":\"BreadcrumbList\",\"@id\":\"https:\\\/\\\/cj.estrategia.com\\\/portal\\\/stj-amamentacao-trabalho-remicao-pena\\\/#breadcrumb\",\"itemListElement\":[{\"@type\":\"ListItem\",\"position\":1,\"name\":\"In\u00edcio\",\"item\":\"https:\\\/\\\/cj.estrategia.com\\\/portal\\\/\"},{\"@type\":\"ListItem\",\"position\":2,\"name\":\"STJ equipara amamenta\u00e7\u00e3o a trabalho para fins de remi\u00e7\u00e3o de pena\"}]},{\"@type\":\"WebSite\",\"@id\":\"https:\\\/\\\/cj.estrategia.com\\\/portal\\\/#website\",\"url\":\"https:\\\/\\\/cj.estrategia.com\\\/portal\\\/\",\"name\":\"Blog - Carreiras Jur\u00eddicas - Estrat\u00e9gia\",\"description\":\"\",\"publisher\":{\"@id\":\"https:\\\/\\\/cj.estrategia.com\\\/portal\\\/#organization\"},\"potentialAction\":[{\"@type\":\"SearchAction\",\"target\":{\"@type\":\"EntryPoint\",\"urlTemplate\":\"https:\\\/\\\/cj.estrategia.com\\\/portal\\\/?s={search_term_string}\"},\"query-input\":{\"@type\":\"PropertyValueSpecification\",\"valueRequired\":true,\"valueName\":\"search_term_string\"}}],\"inLanguage\":\"pt-BR\"},{\"@type\":\"Organization\",\"@id\":\"https:\\\/\\\/cj.estrategia.com\\\/portal\\\/#organization\",\"name\":\"Estrat\u00e9gia - Carreiras Jur\u00eddicas\",\"url\":\"https:\\\/\\\/cj.estrategia.com\\\/portal\\\/\",\"logo\":{\"@type\":\"ImageObject\",\"inLanguage\":\"pt-BR\",\"@id\":\"https:\\\/\\\/cj.estrategia.com\\\/portal\\\/#\\\/schema\\\/logo\\\/image\\\/\",\"url\":\"https:\\\/\\\/cj.estrategia.com\\\/portal\\\/wp-content\\\/uploads\\\/2022\\\/03\\\/11151052\\\/cj-logo.png\",\"contentUrl\":\"https:\\\/\\\/cj.estrategia.com\\\/portal\\\/wp-content\\\/uploads\\\/2022\\\/03\\\/11151052\\\/cj-logo.png\",\"width\":150,\"height\":39,\"caption\":\"Estrat\u00e9gia - Carreiras Jur\u00eddicas\"},\"image\":{\"@id\":\"https:\\\/\\\/cj.estrategia.com\\\/portal\\\/#\\\/schema\\\/logo\\\/image\\\/\"},\"sameAs\":[\"https:\\\/\\\/www.facebook.com\\\/estrategiacarreirajuridica\\\/\",\"https:\\\/\\\/x.com\\\/EstratJuridica\",\"https:\\\/\\\/www.instagram.com\\\/estrategiacarreirajuridica\\\/\",\"https:\\\/\\\/www.youtube.com\\\/channel\\\/UClbMGuYbj2Mh1m3w144ETWQ\"]},{\"@type\":\"Person\",\"@id\":\"https:\\\/\\\/cj.estrategia.com\\\/portal\\\/#\\\/schema\\\/person\\\/7d7d2b1c8386e2eeacc0b09cfbc1d0ff\",\"name\":\"Thiago Leite\",\"image\":{\"@type\":\"ImageObject\",\"inLanguage\":\"pt-BR\",\"@id\":\"https:\\\/\\\/secure.gravatar.com\\\/avatar\\\/15ff5746ff9e313f1248fe2373ce03309054e96387bb9249055458d0c1aaa297?s=96&d=mm&r=g\",\"url\":\"https:\\\/\\\/secure.gravatar.com\\\/avatar\\\/15ff5746ff9e313f1248fe2373ce03309054e96387bb9249055458d0c1aaa297?s=96&d=mm&r=g\",\"contentUrl\":\"https:\\\/\\\/secure.gravatar.com\\\/avatar\\\/15ff5746ff9e313f1248fe2373ce03309054e96387bb9249055458d0c1aaa297?s=96&d=mm&r=g\",\"caption\":\"Thiago Leite\"},\"description\":\"Thiago de Paula Leite \u00e9 procurador do Estado de S\u00e3o Paulo e professor de direito ambiental e agr\u00e1rio do Estrat\u00e9gia.\",\"url\":\"https:\\\/\\\/cj.estrategia.com\\\/portal\\\/author\\\/thiago-leite\\\/\"}]}<\/script>\n<!-- \/ Yoast SEO Premium plugin. -->","yoast_head_json":{"title":"Amamenta\u00e7\u00e3o \u00e9 equiparada a trabalho para fins de remi\u00e7\u00e3o","description":"O STJ equiparou a amamenta\u00e7\u00e3o ao trabalho para fins de remi\u00e7\u00e3o da pena de uma detenta. Tal fun\u00e7\u00e3o garantiria a diminui\u00e7\u00e3o do tempo de pris\u00e3o.","robots":{"index":"index","follow":"follow","max-snippet":"max-snippet:-1","max-image-preview":"max-image-preview:large","max-video-preview":"max-video-preview:-1"},"canonical":"https:\/\/cj.estrategia.com\/portal\/stj-amamentacao-trabalho-remicao-pena\/","og_locale":"pt_BR","og_type":"article","og_title":"STJ equipara amamenta\u00e7\u00e3o a trabalho para fins de remi\u00e7\u00e3o de pena","og_description":"O STJ equiparou a amamenta\u00e7\u00e3o ao trabalho para fins de remi\u00e7\u00e3o da pena de uma detenta. Tal fun\u00e7\u00e3o garantiria a diminui\u00e7\u00e3o do tempo de pris\u00e3o.","og_url":"https:\/\/cj.estrategia.com\/portal\/stj-amamentacao-trabalho-remicao-pena\/","og_site_name":"Blog - Carreiras Jur\u00eddicas - Estrat\u00e9gia","article_publisher":"https:\/\/www.facebook.com\/estrategiacarreirajuridica\/","article_published_time":"2025-04-01T09:24:22+00:00","article_modified_time":"2025-04-14T20:06:11+00:00","og_image":[{"width":500,"height":333,"url":"https:\/\/cj.estrategia.com\/portal\/wp-content\/uploads\/2025\/04\/01054758\/prisao-maes-amamentacao-remicao-pena-detentas-infancia-penal-cadeia.jpg","type":"image\/jpeg"}],"author":"Thiago Leite","twitter_card":"summary_large_image","twitter_creator":"@EstratJuridica","twitter_site":"@EstratJuridica","twitter_misc":{"Escrito por":"Thiago Leite","Est. tempo de leitura":"7 minutos"},"schema":{"@context":"https:\/\/schema.org","@graph":[{"@type":"NewsArticle","@id":"https:\/\/cj.estrategia.com\/portal\/stj-amamentacao-trabalho-remicao-pena\/#article","isPartOf":{"@id":"https:\/\/cj.estrategia.com\/portal\/stj-amamentacao-trabalho-remicao-pena\/"},"author":{"name":"Thiago Leite","@id":"https:\/\/cj.estrategia.com\/portal\/#\/schema\/person\/7d7d2b1c8386e2eeacc0b09cfbc1d0ff"},"headline":"STJ equipara amamenta\u00e7\u00e3o a trabalho para fins de remi\u00e7\u00e3o de pena","datePublished":"2025-04-01T09:24:22+00:00","dateModified":"2025-04-14T20:06:11+00:00","mainEntityOfPage":{"@id":"https:\/\/cj.estrategia.com\/portal\/stj-amamentacao-trabalho-remicao-pena\/"},"wordCount":1141,"commentCount":0,"publisher":{"@id":"https:\/\/cj.estrategia.com\/portal\/#organization"},"image":{"@id":"https:\/\/cj.estrategia.com\/portal\/stj-amamentacao-trabalho-remicao-pena\/#primaryimage"},"thumbnailUrl":"https:\/\/cj.estrategia.com\/portal\/wp-content\/uploads\/2025\/04\/01054758\/prisao-maes-amamentacao-remicao-pena-detentas-infancia-penal-cadeia.jpg","keywords":["amamenta\u00e7\u00e3o por detentas","direitos da crian\u00e7a","economia do cuidado","igualdade de g\u00eanero","pol\u00edticas p\u00fablicas","primeira inf\u00e2ncia","pris\u00e3o domiciliar","remi\u00e7\u00e3o de pena","STF","STJ"],"articleSection":["Carreiras Jur\u00eddicas"],"inLanguage":"pt-BR","potentialAction":[{"@type":"CommentAction","name":"Comment","target":["https:\/\/cj.estrategia.com\/portal\/stj-amamentacao-trabalho-remicao-pena\/#respond"]}]},{"@type":"WebPage","@id":"https:\/\/cj.estrategia.com\/portal\/stj-amamentacao-trabalho-remicao-pena\/","url":"https:\/\/cj.estrategia.com\/portal\/stj-amamentacao-trabalho-remicao-pena\/","name":"Amamenta\u00e7\u00e3o \u00e9 equiparada a trabalho para fins de remi\u00e7\u00e3o","isPartOf":{"@id":"https:\/\/cj.estrategia.com\/portal\/#website"},"primaryImageOfPage":{"@id":"https:\/\/cj.estrategia.com\/portal\/stj-amamentacao-trabalho-remicao-pena\/#primaryimage"},"image":{"@id":"https:\/\/cj.estrategia.com\/portal\/stj-amamentacao-trabalho-remicao-pena\/#primaryimage"},"thumbnailUrl":"https:\/\/cj.estrategia.com\/portal\/wp-content\/uploads\/2025\/04\/01054758\/prisao-maes-amamentacao-remicao-pena-detentas-infancia-penal-cadeia.jpg","datePublished":"2025-04-01T09:24:22+00:00","dateModified":"2025-04-14T20:06:11+00:00","description":"O STJ equiparou a amamenta\u00e7\u00e3o ao trabalho para fins de remi\u00e7\u00e3o da pena de uma detenta. Tal fun\u00e7\u00e3o garantiria a diminui\u00e7\u00e3o do tempo de pris\u00e3o.","breadcrumb":{"@id":"https:\/\/cj.estrategia.com\/portal\/stj-amamentacao-trabalho-remicao-pena\/#breadcrumb"},"inLanguage":"pt-BR","potentialAction":[{"@type":"ReadAction","target":["https:\/\/cj.estrategia.com\/portal\/stj-amamentacao-trabalho-remicao-pena\/"]}]},{"@type":"ImageObject","inLanguage":"pt-BR","@id":"https:\/\/cj.estrategia.com\/portal\/stj-amamentacao-trabalho-remicao-pena\/#primaryimage","url":"https:\/\/cj.estrategia.com\/portal\/wp-content\/uploads\/2025\/04\/01054758\/prisao-maes-amamentacao-remicao-pena-detentas-infancia-penal-cadeia.jpg","contentUrl":"https:\/\/cj.estrategia.com\/portal\/wp-content\/uploads\/2025\/04\/01054758\/prisao-maes-amamentacao-remicao-pena-detentas-infancia-penal-cadeia.jpg","width":500,"height":333},{"@type":"BreadcrumbList","@id":"https:\/\/cj.estrategia.com\/portal\/stj-amamentacao-trabalho-remicao-pena\/#breadcrumb","itemListElement":[{"@type":"ListItem","position":1,"name":"In\u00edcio","item":"https:\/\/cj.estrategia.com\/portal\/"},{"@type":"ListItem","position":2,"name":"STJ equipara amamenta\u00e7\u00e3o a trabalho para fins de remi\u00e7\u00e3o de pena"}]},{"@type":"WebSite","@id":"https:\/\/cj.estrategia.com\/portal\/#website","url":"https:\/\/cj.estrategia.com\/portal\/","name":"Blog - Carreiras Jur\u00eddicas - Estrat\u00e9gia","description":"","publisher":{"@id":"https:\/\/cj.estrategia.com\/portal\/#organization"},"potentialAction":[{"@type":"SearchAction","target":{"@type":"EntryPoint","urlTemplate":"https:\/\/cj.estrategia.com\/portal\/?s={search_term_string}"},"query-input":{"@type":"PropertyValueSpecification","valueRequired":true,"valueName":"search_term_string"}}],"inLanguage":"pt-BR"},{"@type":"Organization","@id":"https:\/\/cj.estrategia.com\/portal\/#organization","name":"Estrat\u00e9gia - Carreiras Jur\u00eddicas","url":"https:\/\/cj.estrategia.com\/portal\/","logo":{"@type":"ImageObject","inLanguage":"pt-BR","@id":"https:\/\/cj.estrategia.com\/portal\/#\/schema\/logo\/image\/","url":"https:\/\/cj.estrategia.com\/portal\/wp-content\/uploads\/2022\/03\/11151052\/cj-logo.png","contentUrl":"https:\/\/cj.estrategia.com\/portal\/wp-content\/uploads\/2022\/03\/11151052\/cj-logo.png","width":150,"height":39,"caption":"Estrat\u00e9gia - Carreiras Jur\u00eddicas"},"image":{"@id":"https:\/\/cj.estrategia.com\/portal\/#\/schema\/logo\/image\/"},"sameAs":["https:\/\/www.facebook.com\/estrategiacarreirajuridica\/","https:\/\/x.com\/EstratJuridica","https:\/\/www.instagram.com\/estrategiacarreirajuridica\/","https:\/\/www.youtube.com\/channel\/UClbMGuYbj2Mh1m3w144ETWQ"]},{"@type":"Person","@id":"https:\/\/cj.estrategia.com\/portal\/#\/schema\/person\/7d7d2b1c8386e2eeacc0b09cfbc1d0ff","name":"Thiago Leite","image":{"@type":"ImageObject","inLanguage":"pt-BR","@id":"https:\/\/secure.gravatar.com\/avatar\/15ff5746ff9e313f1248fe2373ce03309054e96387bb9249055458d0c1aaa297?s=96&d=mm&r=g","url":"https:\/\/secure.gravatar.com\/avatar\/15ff5746ff9e313f1248fe2373ce03309054e96387bb9249055458d0c1aaa297?s=96&d=mm&r=g","contentUrl":"https:\/\/secure.gravatar.com\/avatar\/15ff5746ff9e313f1248fe2373ce03309054e96387bb9249055458d0c1aaa297?s=96&d=mm&r=g","caption":"Thiago Leite"},"description":"Thiago de Paula Leite \u00e9 procurador do Estado de S\u00e3o Paulo e professor de direito ambiental e agr\u00e1rio do Estrat\u00e9gia.","url":"https:\/\/cj.estrategia.com\/portal\/author\/thiago-leite\/"}]}},"jetpack_featured_media_url":"https:\/\/cj.estrategia.com\/portal\/wp-content\/uploads\/2025\/04\/01054758\/prisao-maes-amamentacao-remicao-pena-detentas-infancia-penal-cadeia.jpg","jetpack_sharing_enabled":true,"_links":{"self":[{"href":"https:\/\/cj.estrategia.com\/portal\/wp-json\/wp\/v2\/posts\/109450","targetHints":{"allow":["GET"]}}],"collection":[{"href":"https:\/\/cj.estrategia.com\/portal\/wp-json\/wp\/v2\/posts"}],"about":[{"href":"https:\/\/cj.estrategia.com\/portal\/wp-json\/wp\/v2\/types\/post"}],"author":[{"embeddable":true,"href":"https:\/\/cj.estrategia.com\/portal\/wp-json\/wp\/v2\/users\/81"}],"replies":[{"embeddable":true,"href":"https:\/\/cj.estrategia.com\/portal\/wp-json\/wp\/v2\/comments?post=109450"}],"version-history":[{"count":3,"href":"https:\/\/cj.estrategia.com\/portal\/wp-json\/wp\/v2\/posts\/109450\/revisions"}],"predecessor-version":[{"id":112347,"href":"https:\/\/cj.estrategia.com\/portal\/wp-json\/wp\/v2\/posts\/109450\/revisions\/112347"}],"wp:featuredmedia":[{"embeddable":true,"href":"https:\/\/cj.estrategia.com\/portal\/wp-json\/wp\/v2\/media\/109451"}],"wp:attachment":[{"href":"https:\/\/cj.estrategia.com\/portal\/wp-json\/wp\/v2\/media?parent=109450"}],"wp:term":[{"taxonomy":"category","embeddable":true,"href":"https:\/\/cj.estrategia.com\/portal\/wp-json\/wp\/v2\/categories?post=109450"},{"taxonomy":"post_tag","embeddable":true,"href":"https:\/\/cj.estrategia.com\/portal\/wp-json\/wp\/v2\/tags?post=109450"},{"taxonomy":"tax_estado","embeddable":true,"href":"https:\/\/cj.estrategia.com\/portal\/wp-json\/wp\/v2\/tax_estado?post=109450"}],"curies":[{"name":"wp","href":"https:\/\/api.w.org\/{rel}","templated":true}]}}