{"id":1069,"date":"2026-04-15T08:02:00","date_gmt":"2026-04-15T11:02:00","guid":{"rendered":"https:\/\/cj.estrategia.com\/portal\/?p=1069"},"modified":"2026-04-15T11:16:21","modified_gmt":"2026-04-15T14:16:21","slug":"concurso-magistratura-pr","status":"publish","type":"post","link":"https:\/\/cj.estrategia.com\/portal\/concurso-magistratura-pr\/","title":{"rendered":"Concurso Magistratura PR: SAIU o resultado final da objetiva!"},"content":{"rendered":"<a id=\"cta-icon\" href=\"https:\/\/sndflw.com\/i\/magistratura-estadual-grupo\" target=\"blank\" style=\"background:rgb(41,166,26)\">\n            <img decoding=\"async\" src=\"https:\/\/cj.estrategia.com\/portal\/wp-content\/uploads\/2023\/12\/07160657\/whatsapp_1385.webp\" alt=\"\" alt=\"whatsapp_1385\"><span > Acesse agora o Grupo de Estudos para Magistratura Estadual <\/span><\/a>\n\n\n\n<p>A prova objetiva do concurso para a magistratura do Tribunal de Justi\u00e7a do Estado do Paran\u00e1 (TJ-PR) foi aplicada em 22 de fevereiro. Agora, os candidatos j\u00e1 podem conferir o resultado final desta primeira fase.<\/p>\n\n\n\n<ul class=\"wp-block-list\">\n<li><a href=\"https:\/\/cj.estrategia.com\/portal\/wp-content\/uploads\/2026\/03\/15091352\/resultado-definitivo-da-prova-objetiva.pdf\" target=\"_blank\" >Resultado final da prova objetiva <\/a><\/li>\n<\/ul>\n\n\n\n<p><strong>Importante:<\/strong> a nota de corte da ampla concorr\u00eancia foi de <strong>81 pontos<\/strong>.<\/p>\n\n\n\n<p>O certame oferece <strong>18 vagas<\/strong>, com remunera\u00e7\u00e3o inicial de <strong>R$ 34.083,41<\/strong>. As provas escritas est\u00e3o previstas para os dias <strong>10 e 11 de maio de 2026<\/strong>.<\/p>\n\n\n\n<ul class=\"wp-block-list\"><\/ul>\n\n\n\n<ul class=\"wp-block-list has-very-light-gray-to-cyan-bluish-gray-gradient-background has-background\">\n<li><strong>Concurso Magistratura PR<\/strong><\/li>\n\n\n\n<li><strong>Status:<\/strong> resultados<\/li>\n\n\n\n<li><strong>Banca:&nbsp;<\/strong><a href=\"https:\/\/conhecimento.fgv.br\/concursos\/tjpr25\" target=\"_blank\" rel=\"noreferrer noopener nofollow\">FGV<\/a><\/li>\n\n\n\n<li><strong>Vagas:&nbsp;<\/strong>18<\/li>\n\n\n\n<li><strong>Sal\u00e1rio inicial:<\/strong> R$ 34.083,41 [atualizado]<\/li>\n<\/ul>\n\n\n\n<div class=\"container\" id=\"boxes\">\n  <div class=\"row\">\n\n    <div class=\"col-sm\">\n      <div class=\"banner-ecj-magistratura\" id=\"box-assinatura\">\n        <h2 id=\"cursos-para-concurso-magistratura-pr\" class=\"titulo-assinatura\"><span style=\"color: #ffffff; font-size: 23px; \">Cursos para Concurso Magistratura PR<\/span><\/h2>\n        <p class=\"subtitulo-assinatura\">Cursos focados no edital!<\/p>\n        <div class=\"box-botao\">\n          <a class=\"btn-assinatura-juridica\" target=\"_blank\" href=\"https:\/\/cj.estrategia.com\/concurso\/tj-pr\" role=\"button\" rel=\"noopener noreferrer\">CLIQUE AQUI<\/a>\n        <\/div>\n      <\/div>\n      <p class=\"texto-auxiliar\">Prepare-se com o melhor material e com quem mais aprova em concursos em todo o pa\u00eds. \n<\/p>\n    <\/div>\n\n  <\/div>\n<\/div>\n\n\n\n<div class=\"wp-block-yoast-seo-table-of-contents yoast-table-of-contents\"><ul><li><a href=\"#h-concurso-magistratura-pr-situacao-atual\" data-level=\"2\">Concurso Magistratura PR: situa\u00e7\u00e3o atual<\/a><ul><li><a href=\"#h-cronograma\" data-level=\"3\">Cronograma<\/a><\/li><li><a href=\"#h-linha-do-tempo\" data-level=\"3\">Linha do tempo<\/a><\/li><\/ul><\/li><li><a href=\"#h-carreira-na-magistratura-pr\" data-level=\"2\">Carreira na Magistratura PR<\/a><ul><li><a href=\"#h-vagas-ofertadas-no-concurso\" data-level=\"3\">Vagas ofertadas no concurso<\/a><\/li><li><a href=\"#h-remuneracao\" data-level=\"3\">Remunera\u00e7\u00e3o<\/a><\/li><li><a href=\"#h-cargos-vagos-e-ocupados\" data-level=\"3\">Cargos vagos e ocupados<\/a><\/li><li><a href=\"#requisitos\" data-level=\"3\">Requisitos<\/a><\/li><\/ul><\/li><li><a href=\"#h-etapas-do-concurso-magistratura-pr\" data-level=\"2\">Etapas do concurso Magistratura PR<\/a><ul><li><a href=\"#h-prova-objetiva\" data-level=\"3\">Prova Objetiva<\/a><\/li><li><a href=\"#escritas\" data-level=\"3\">Provas Escritas<\/a><\/li><li><a href=\"#h-prova-pratica\" data-level=\"3\">Prova Pr\u00e1tica<\/a><\/li><li><a href=\"#exame\" data-level=\"3\">Inscri\u00e7\u00e3o Definitiva e Exames<\/a><\/li><li><a href=\"#oral\" data-level=\"3\">Prova Oral<\/a><\/li><li><a href=\"#titulo\" data-level=\"3\">Prova de T\u00edtulos<\/a><\/li><\/ul><\/li><li><a href=\"#etapas\" data-level=\"2\">\u00daltimo concurso Magistratura PR<\/a><ul><li><a href=\"#h-provas-comentadas\" data-level=\"3\">Provas comentadas<\/a><\/li><li><a href=\"#h-concurso-tjpr-aprovada-para-o-cargo-de-juiz-priscilla-jorge\" data-level=\"3\">Concurso TJPR &#8211; Aprovada para o cargo de Juiz Priscilla Jorge<\/a><\/li><\/ul><\/li><\/ul><\/div>\n\n\n\n<h2 class=\"wp-block-heading\" id=\"h-concurso-magistratura-pr-situacao-atual\"><span id=\"concurso-magistratura-pr-situacao-atual\">Concurso Magistratura PR: situa\u00e7\u00e3o atual<\/span><\/h2>\n\n\n\n<h3 class=\"wp-block-heading\" id=\"h-cronograma\"><span id=\"cronograma\">Cronograma<\/span><\/h3>\n\n\n\n<ul class=\"wp-block-list has-very-light-gray-to-cyan-bluish-gray-gradient-background has-background\">\n<li><strong>Inscri\u00e7\u00f5es:<\/strong> <s>1\u00ba de dezembro de 2025 e 2 de janeiro de 2026<\/s><\/li>\n\n\n\n<li><strong>Isen\u00e7\u00e3o da taxa: <\/strong><s>entre \u00e0s 16h do dia 01 de dezembro de 2025 e \u00e0s 16h do dia 03 de dezembro de 2025<\/s><\/li>\n\n\n\n<li><strong>Prova Objetiva: <\/strong><s>22\/02\/2026<\/s><\/li>\n\n\n\n<li><strong>Provas Escritas: <\/strong>10 e 11\/05\/2026<\/li>\n<\/ul>\n\n\n\n<h3 class=\"wp-block-heading\" id=\"h-linha-do-tempo\"><span id=\"linha-do-tempo\">Linha do tempo<\/span><\/h3>\n\n\n\n<blockquote class=\"wp-block-quote is-layout-flow wp-block-quote-is-layout-flow\">\n<ul class=\"wp-block-list\">\n<li>31\/03\/2026 &#8211; <a href=\"https:\/\/cj.estrategia.com\/portal\/wp-content\/uploads\/2026\/02\/30085955\/edital-resultado-preliminar-da-prova-objetiva-1.pdf\" target=\"_blank\" rel=\"noreferrer noopener nofollow\">Resultado preliminar prova objetiva<\/a> \/ <a href=\"https:\/\/cj.estrategia.com\/portal\/wp-content\/uploads\/2026\/02\/30090023\/edital-gabarito-definitivo.pdf\" target=\"_blank\" rel=\"noreferrer noopener nofollow\">Gabarito Definitivo<\/a><\/li>\n\n\n\n<li>24\/02\/2026 &#8211; <a href=\"https:\/\/cj.estrategia.com\/portal\/wp-content\/uploads\/2026\/02\/24133237\/SEI_12709632_Edital_108524.pdf\" target=\"_blank\" >Gabarito preliminar da prova objetiva<\/a>;<\/li>\n\n\n\n<li>12\/12\/2025 &#8211; <a href=\"https:\/\/cj.estrategia.com\/portal\/wp-content\/uploads\/2025\/12\/12162558\/sei_12516066_edital_10118-1-3.pdf\" target=\"_blank\" rel=\"noreferrer noopener nofollow\">2\u00aa Retifica\u00e7\u00e3o<\/a>;<\/li>\n\n\n\n<li>01\/12\/2025 &#8211; <a href=\"https:\/\/cj.estrategia.com\/portal\/wp-content\/uploads\/2025\/12\/12162542\/1a-retificacao-1.pdf\" target=\"_blank\" rel=\"noreferrer noopener nofollow\">1\u00aa Retifica\u00e7\u00e3o<\/a>;<\/li>\n\n\n\n<li>24\/11\/2025 &#8211; <a href=\"https:\/\/cj.estrategia.com\/portal\/wp-content\/uploads\/2025\/12\/01091935\/tjpr-minuta-edital-de-abertura-cnper-ccicm-fgv-28.11-4.pdf\" target=\"_blank\" rel=\"noreferrer noopener nofollow\">Edital&nbsp;Publicado<\/a>.<\/li>\n<\/ul>\n<\/blockquote>\n\n\n\n<h2 class=\"wp-block-heading\" id=\"h-carreira-na-magistratura-pr\"><span id=\"carreira-na-magistratura-pr\">Carreira na Magistratura PR<\/span><\/h2>\n\n\n\n<h3 class=\"wp-block-heading\" id=\"h-vagas-ofertadas-no-concurso\"><span id=\"vagas-ofertadas-no-concurso\">Vagas ofertadas no concurso<\/span><\/h3>\n\n\n\n<p>O Concurso P\u00fablico destina-se ao provimento de <strong>18 vagas para o cargo de Juiz Substituto do Tribunal de Justi\u00e7a do Estado do Paran\u00e1, bem como aqueles que vierem a surgir durante o per\u00edodo de validade do certame<\/strong>, desde que haja necessidade do servi\u00e7o e disponibilidade or\u00e7ament\u00e1ria e financeira.<\/p>\n\n\n\n<h3 class=\"wp-block-heading\" id=\"h-remuneracao\"><span id=\"remuneracao\">Remunera\u00e7\u00e3o<\/span><\/h3>\n\n\n\n<figure class=\"wp-block-table is-style-stripes\"><table class=\"has-luminous-vivid-amber-background-color has-background\"><thead><tr><th class=\"has-text-align-center\" data-align=\"center\">Membros da Magistratura<\/th><th class=\"has-text-align-center\" data-align=\"center\">Subs\u00eddio<\/th><\/tr><\/thead><tbody><tr><td class=\"has-text-align-center\" data-align=\"center\">Desembargador<\/td><td class=\"has-text-align-center\" data-align=\"center\">R$ 41.845,49<\/td><\/tr><tr><td class=\"has-text-align-center\" data-align=\"center\">Juiz de Direito de 1\u00ba Grau de Entr\u00e2ncia Final<\/td><td class=\"has-text-align-center\" data-align=\"center\">R$ 39.753,21<\/td><\/tr><tr><td class=\"has-text-align-center\" data-align=\"center\">Juiz de Direito de 1\u00ba Grau de Entr\u00e2ncia Intermedi\u00e1ria<\/td><td class=\"has-text-align-center\" data-align=\"center\">R$ 37.765,55<\/td><\/tr><tr><td class=\"has-text-align-center\" data-align=\"center\">Juiz de Direito de 1\u00ba Grau de Entr\u00e2ncia Inicial<\/td><td class=\"has-text-align-center\" data-align=\"center\">R$ 35.877,27<\/td><\/tr><tr><td class=\"has-text-align-center\" data-align=\"center\">Juiz Substituto<\/td><td class=\"has-text-align-center\" data-align=\"center\">R$ 34.083,41<\/td><\/tr><\/tbody><\/table><figcaption class=\"wp-element-caption\"><a href=\"https:\/\/www.tjpr.jus.br\/estrutura-remuneratoria\" target=\"_blank\" rel=\"noreferrer noopener nofollow\">Agosto de 2025*<\/a><\/figcaption><\/figure>\n\n\n\n<h3 class=\"wp-block-heading\" id=\"h-cargos-vagos-e-ocupados\"><span id=\"cargos-vagos-e-ocupados\">Cargos vagos e ocupados<\/span><\/h3>\n\n\n\n<figure class=\"wp-block-table is-style-stripes\"><table class=\"has-luminous-vivid-amber-background-color has-background\"><thead><tr><th class=\"has-text-align-center\" data-align=\"center\">Cargo<\/th><th class=\"has-text-align-center\" data-align=\"center\">Quantidade de Cargos Ocupados<\/th><th class=\"has-text-align-center\" data-align=\"center\">Vagos<\/th><th class=\"has-text-align-center\" data-align=\"center\">Total<\/th><\/tr><\/thead><tbody><tr><td class=\"has-text-align-center\" data-align=\"center\">Desembargador<\/td><td class=\"has-text-align-center\" data-align=\"center\">125<\/td><td class=\"has-text-align-center\" data-align=\"center\">5<\/td><td class=\"has-text-align-center\" data-align=\"center\">130<\/td><\/tr><tr><td class=\"has-text-align-center\" data-align=\"center\">Juiz de Direito<\/td><td class=\"has-text-align-center\" data-align=\"center\">780<\/td><td class=\"has-text-align-center\" data-align=\"center\">12<\/td><td class=\"has-text-align-center\" data-align=\"center\">792<\/td><\/tr><tr><td class=\"has-text-align-center\" data-align=\"center\">Juiz Substituto<\/td><td class=\"has-text-align-center\" data-align=\"center\">46<\/td><td class=\"has-text-align-center\" data-align=\"center\">2<\/td><td class=\"has-text-align-center\" data-align=\"center\">48<\/td><\/tr><tr><td class=\"has-text-align-center\" data-align=\"center\"><strong>Total<\/strong><\/td><td class=\"has-text-align-center\" data-align=\"center\">951<\/td><td class=\"has-text-align-center\" data-align=\"center\">19<\/td><td class=\"has-text-align-center\" data-align=\"center\">970<\/td><\/tr><\/tbody><\/table><figcaption class=\"wp-element-caption\"><a href=\"https:\/\/portal.tjpr.jus.br\/transparencia\/AnexoIVe_3400_1.html\" target=\"_blank\" rel=\"noreferrer noopener nofollow\">Agosto de 2025*<\/a><\/figcaption><\/figure>\n\n\n\n<h3 class=\"wp-block-heading\" id=\"requisitos\">Requisitos<\/h3>\n\n\n\n<p>\u00c9 necess\u00e1rio ser bacharel em Direito e contar, na data da inscri\u00e7\u00e3o definitiva, com pelo menos tr\u00eas anos de atividade jur\u00eddica, exercida exclusivamente ap\u00f3s a cola\u00e7\u00e3o de grau.<\/p>\n\n\n\n<p>O que \u00e9 aceito como atividade jur\u00eddica (Resolu\u00e7\u00e3o 75\/09 CNJ)?<\/p>\n\n\n\n<ul class=\"wp-block-list\">\n<li>Atividade exercida com exclusividade por bacharel em Direito.<br>Exerc\u00edcio da advocacia, com participa\u00e7\u00e3o anual m\u00ednima de 5 atos privativos de advogado em causas ou quest\u00f5es distintas.<\/li>\n\n\n\n<li>Exerc\u00edcio de cargos, empregos e fun\u00e7\u00f5es (inclusive magist\u00e9rio) que exigem o uso preponderante de conhecimento jur\u00eddico.<\/li>\n\n\n\n<li>Exerc\u00edcio da fun\u00e7\u00e3o de conciliador junto ao Poder Judici\u00e1rio por no m\u00ednimo 16 horas mensais e durante 1 ano.<br>Exerc\u00edcio de media\u00e7\u00e3o ou de arbitragem na composi\u00e7\u00e3o de lit\u00edgios (16 horas, 1 ano).<\/li>\n<\/ul>\n\n\n\n<p>Veja um guia completo sobre <a href=\"https:\/\/cj.estrategia.com\/portal\/atividade-juridica\/\" target=\"_blank\" >atividade jur\u00eddica<\/a> em concursos p\u00fablicos!<\/p>\n\n\n\n<h2 class=\"wp-block-heading\" id=\"h-etapas-do-concurso-magistratura-pr\"><span id=\"etapas-do-concurso-magistratura-pr\">Etapas do concurso Magistratura PR<\/span><\/h2>\n\n\n\n<h3 class=\"wp-block-heading\" id=\"h-prova-objetiva\"><span id=\"prova-objetiva\">Prova Objetiva<\/span><\/h3>\n\n\n\n<p>A Prova Escrita Objetiva foi composta por 100 quest\u00f5es de m\u00faltipla escolha, com 5 alternativas e apenas uma resposta correta.<\/p>\n\n\n\n<figure class=\"wp-block-table is-style-stripes\"><table class=\"has-luminous-vivid-amber-background-color has-background\"><thead><tr><th class=\"has-text-align-center\" data-align=\"center\">Bloco<\/th><th class=\"has-text-align-center\" data-align=\"center\">N\u00famero de Quest\u00f5es<\/th><th class=\"has-text-align-center\" data-align=\"center\">Disciplinas<\/th><\/tr><\/thead><tbody><tr><td class=\"has-text-align-center\" data-align=\"center\">I<\/td><td class=\"has-text-align-center\" data-align=\"center\"><br>30<\/td><td class=\"has-text-align-center\" data-align=\"center\">Direito Civil, Direito Processual Civil, Direito do Consumidor, Direito da Crian\u00e7a e do Adolescente<\/td><\/tr><tr><td class=\"has-text-align-center\" data-align=\"center\">II<\/td><td class=\"has-text-align-center\" data-align=\"center\"><br>40<\/td><td class=\"has-text-align-center\" data-align=\"center\">Direito Penal, Direito Processual Penal, Direito Constitucional, Direito Eleitoral, Juizados Especiais, C\u00f3digo de Normas da Corregedoria-Geral da Justi\u00e7a, C\u00f3digo de Organiza\u00e7\u00e3o e Divis\u00e3o Judici\u00e1rias do Estado do Paran\u00e1<\/td><\/tr><tr><td class=\"has-text-align-center\" data-align=\"center\">III<\/td><td class=\"has-text-align-center\" data-align=\"center\"><br>30<\/td><td class=\"has-text-align-center\" data-align=\"center\">Direito Empresarial, Direito Tribut\u00e1rio, Direito Ambiental, Direito Administrativo, Direito Previdenci\u00e1rio, No\u00e7\u00f5es Gerais de Direito e Forma\u00e7\u00e3o Human\u00edstica.<\/td><\/tr><\/tbody><\/table><figcaption class=\"wp-element-caption\">Bloco com as informa\u00e7\u00f5es sobre a prova objetiva do Concurso Magistratura PR.<\/figcaption><\/figure>\n\n\n\n<h3 class=\"wp-block-heading\" id=\"escritas\"><span id=\"provas-escritas\">Provas Escritas<\/span><\/h3>\n\n\n\n<p>A prova discursiva consistir\u00e1 de 2 disserta\u00e7\u00f5es e de 6 quest\u00f5es discursivas. Cada quest\u00e3o dissertativa valer\u00e1 2,00 pontos e cada quest\u00e3o discursiva valer\u00e1 1,00 ponto, totalizando 10,00 pontos.<\/p>\n\n\n\n<p>Na prova discursiva, ser\u00e1 aprovado o candidato que alcan\u00e7ar a nota igual ou superior a 6,00 pontos.<\/p>\n\n\n\n<h3 class=\"wp-block-heading\" id=\"h-prova-pratica\"><span id=\"prova-pratica\">Prova Pr\u00e1tica<\/span><\/h3>\n\n\n\n<p>A prova pr\u00e1tica consistir\u00e1 na lavratura de 2 senten\u00e7as, uma criminal e outra c\u00edvel, em dias distintos.<\/p>\n\n\n\n<p>Na prova de senten\u00e7a, exigir-se-\u00e1, para aprova\u00e7\u00e3o, nota m\u00ednima de 6 pontos em cada uma delas, sendo a nota de cada senten\u00e7a atribu\u00edda entre 0,00 e 10,00 e a nota da prova escrita pr\u00e1tica de senten\u00e7a obtida pela m\u00e9dia aritm\u00e9tica das notas obtidas nas senten\u00e7as criminal e c\u00edvel.<\/p>\n\n\n\n<h3 class=\"wp-block-heading\" id=\"exame\"><span id=\"inscricao-definitiva-e-exames\">Inscri\u00e7\u00e3o Definitiva e Exames<\/span><\/h3>\n\n\n\n<p>O candidato aprovado na segunda etapa do Concurso dever\u00e1 apresentar no prazo de quinze dias \u00fateis contados da data da convoca\u00e7\u00e3o, requerimento de inscri\u00e7\u00e3o definitiva no Tribunal de Justi\u00e7a do Estado do Paran\u00e1, na sala da Comiss\u00e3o do Concurso da Magistratura.<\/p>\n\n\n\n<p>No per\u00edodo da inscri\u00e7\u00e3o definitiva, o candidato ser\u00e1 convocado a prestar exames de sanidade f\u00edsica e mental, bem como de aptid\u00e3o psicol\u00f3gica. A aus\u00eancia n\u00e3o justificada a qualquer exame acarretar\u00e1 o cancelamento da inscri\u00e7\u00e3o do candidato.<\/p>\n\n\n\n<h3 class=\"wp-block-heading\" id=\"oral\"><span id=\"prova-oral\">Prova Oral<\/span><\/h3>\n\n\n\n<p>A prova oral ser\u00e1 prestada em sess\u00e3o p\u00fablica, na presen\u00e7a de todos os membros da Comiss\u00e3o Examinadora, de forma individual para cada candidato.<\/p>\n\n\n\n<p>A argui\u00e7\u00e3o do candidato versar\u00e1 sobre conhecimento t\u00e9cnico acerca dos temas relacionados ao ponto sorteado, cabendo \u00e0 Comiss\u00e3o Examinadora avaliar seu dom\u00ednio do conhecimento jur\u00eddico, a adequa\u00e7\u00e3o da linguagem, a articula\u00e7\u00e3o do racioc\u00ednio, a capacidade de argumenta\u00e7\u00e3o e o uso correto do vern\u00e1culo.<\/p>\n\n\n\n<p>A nota da prova oral corresponder\u00e1 \u00e0 m\u00e9dia aritm\u00e9tica simples das notas atribu\u00eddas pelos examinadores em cada uma das disciplinas. Ser\u00e1 considerado aprovado o candidato que obtiver nota igual ou superior a seis pontos.<\/p>\n\n\n\n<h3 class=\"wp-block-heading\" id=\"titulo\"><span id=\"prova-de-titulos\">Prova de T\u00edtulos<\/span><\/h3>\n\n\n\n<figure class=\"wp-block-table is-style-stripes\"><table class=\"has-luminous-vivid-amber-background-color has-background\"><thead><tr><th>Inciso<\/th><th>Atividade \/ T\u00edtulo<\/th><th>Requisito<\/th><th>Pontua\u00e7\u00e3o<\/th><\/tr><\/thead><tbody><tr><td><strong>I<\/strong><\/td><td>Exerc\u00edcio de cargo\/emprego\/fun\u00e7\u00e3o p\u00fablica privativa de bacharel em Direito<\/td><td>m\u00ednimo 1 ano<\/td><td>\u2014<\/td><\/tr><tr><td>I-a<\/td><td>Judicatura (Juiz)<\/td><td>at\u00e9 3 anos<\/td><td><strong>2,0<\/strong><\/td><\/tr><tr><td>I-a<\/td><td>Judicatura (Juiz)<\/td><td>acima de 3 anos<\/td><td><strong>2,5<\/strong><\/td><\/tr><tr><td>I-b<\/td><td>MP, DP, AGU, Procuradorias (todas)<\/td><td>at\u00e9 3 anos<\/td><td><strong>1,5<\/strong><\/td><\/tr><tr><td>I-b<\/td><td>MP, DP, AGU, Procuradorias (todas)<\/td><td>acima de 3 anos<\/td><td><strong>2,0<\/strong><\/td><\/tr><tr><td><strong>II<\/strong><\/td><td>Magist\u00e9rio Superior na \u00e1rea jur\u00eddica<\/td><td>m\u00ednimo 5 anos<\/td><td>\u2014<\/td><\/tr><tr><td>II-a<\/td><td>Admiss\u00e3o com concurso\/processo seletivo<\/td><td>\u2014<\/td><td><strong>1,5<\/strong><\/td><\/tr><tr><td>II-b<\/td><td>Admiss\u00e3o sem concurso<\/td><td>\u2014<\/td><td><strong>0,5<\/strong><\/td><\/tr><tr><td><strong>III<\/strong><\/td><td>Outro cargo\/emprego\/fun\u00e7\u00e3o p\u00fablica privativa de bacharel em Direito (n\u00e3o previsto no inciso I)<\/td><td>m\u00ednimo 1 ano<\/td><td>\u2014<\/td><\/tr><tr><td>III-a<\/td><td>Com concurso<\/td><td>at\u00e9 3 anos<\/td><td><strong>0,5<\/strong><\/td><\/tr><tr><td>III-a<\/td><td>Com concurso<\/td><td>acima de 3 anos<\/td><td><strong>1,0<\/strong><\/td><\/tr><tr><td>III-b<\/td><td>Sem concurso<\/td><td>at\u00e9 3 anos<\/td><td><strong>0,25<\/strong><\/td><\/tr><tr><td>III-b<\/td><td>Sem concurso<\/td><td>acima de 3 anos<\/td><td><strong>0,5<\/strong><\/td><\/tr><tr><td><strong>IV<\/strong><\/td><td>Exerc\u00edcio efetivo da advocacia<\/td><td>m\u00ednimo 3 anos<\/td><td>\u2014<\/td><\/tr><tr><td>IV<\/td><td>Advocacia<\/td><td>at\u00e9 5 anos<\/td><td><strong>0,5<\/strong><\/td><\/tr><tr><td>IV<\/td><td>Advocacia<\/td><td>entre 5 e 8 anos<\/td><td><strong>1,0<\/strong><\/td><\/tr><tr><td>IV<\/td><td>Advocacia<\/td><td>acima de 8 anos<\/td><td><strong>1,5<\/strong><\/td><\/tr><tr><td><strong>V<\/strong><\/td><td>Aprova\u00e7\u00e3o em concurso p\u00fablico (n\u00e3o utilizado no inciso I)<\/td><td>\u2014<\/td><td>\u2014<\/td><\/tr><tr><td>V-a<\/td><td>Magistratura, MP, DP, AGU, Procuradorias<\/td><td>\u2014<\/td><td><strong>0,5<\/strong><\/td><\/tr><tr><td>V-b<\/td><td>Outro concurso privativo de bacharel em Direito<\/td><td>\u2014<\/td><td><strong>0,25<\/strong><\/td><\/tr><tr><td><strong>VI<\/strong><\/td><td>P\u00f3s-gradua\u00e7\u00e3o<\/td><td>\u2014<\/td><td>\u2014<\/td><\/tr><tr><td>VI-a<\/td><td>Doutorado (Direito ou Ci\u00eancias Sociais\/Humanas)<\/td><td>reconhecido\/revalidado<\/td><td><strong>2,0<\/strong><\/td><\/tr><tr><td>VI-b<\/td><td>Mestrado (Direito ou Ci\u00eancias Sociais\/Humanas)<\/td><td>reconhecido\/revalidado<\/td><td><strong>1,5<\/strong><\/td><\/tr><tr><td>VI-c<\/td><td>Especializa\u00e7\u00e3o em Direito (m\u00edn. 360h + monografia)<\/td><td>\u2014<\/td><td><strong>0,5<\/strong><\/td><\/tr><tr><td><strong>VII<\/strong><\/td><td>Gradua\u00e7\u00e3o extra ou curso regular de prepara\u00e7\u00e3o \u00e0 Magistratura\/MP<\/td><td>m\u00edn. 1 ano, 720h, freq. 75%, nota<\/td><td><strong>0,5<\/strong><\/td><\/tr><tr><td><strong>VIII<\/strong><\/td><td>Curso de extens\u00e3o jur\u00eddica<\/td><td>+100h, freq. 75%, nota ou TCC<\/td><td><strong>0,25<\/strong><\/td><\/tr><tr><td><strong>IX<\/strong><\/td><td>Publica\u00e7\u00f5es jur\u00eddicas<\/td><td>\u2014<\/td><td>\u2014<\/td><\/tr><tr><td>IX-a<\/td><td>Livro jur\u00eddico de autoria exclusiva<\/td><td>\u2014<\/td><td><strong>0,75<\/strong><\/td><\/tr><tr><td>IX-b<\/td><td>Artigo\/trabalho em obra coletiva ou revista jur\u00eddica<\/td><td>\u2014<\/td><td><strong>0,25<\/strong><\/td><\/tr><tr><td><strong>X<\/strong><\/td><td>L\u00e1urea universit\u00e1ria em Direito<\/td><td>\u2014<\/td><td><strong>0,5<\/strong><\/td><\/tr><tr><td><strong>XI<\/strong><\/td><td>Participa\u00e7\u00e3o em banca examinadora (Magistratura, MP, etc.)<\/td><td>\u2014<\/td><td><strong>0,75<\/strong><\/td><\/tr><tr><td><strong>XII<\/strong><\/td><td>Conciliador\/Juiz Leigo\/Assist\u00eancia jur\u00eddica volunt\u00e1ria<\/td><td>m\u00edn. 1 ano<\/td><td><strong>0,5<\/strong><\/td><\/tr><tr><td><strong>XIII<\/strong><\/td><td>Programa de Resid\u00eancia de Tribunal<\/td><td>m\u00edn. 12 meses<\/td><td><strong>0,5<\/strong><\/td><\/tr><\/tbody><\/table><\/figure>\n\n\n\n<h2 class=\"wp-block-heading\" id=\"etapas\"><span id=\"ultimo-concurso-magistratura-pr\">\u00daltimo concurso Magistratura PR <\/span><\/h2>\n\n\n\n<p>Os magistrados e magistradas <a href=\"https:\/\/cj.estrategia.com\/portal\/wp-content\/uploads\/2024\/09\/07145603\/Resultado-final-Concurso-Magistratura-PR.pdf\" target=\"_blank\" rel=\"noreferrer noopener nofollow\">aprovados (as)<\/a> j\u00e1 tomaram posse no <strong>Tribunal de Justi\u00e7a do Paran\u00e1 (TJ PR)<\/strong> e atuar\u00e3o em se\u00e7\u00f5es judici\u00e1rias do interior, recebendo o <strong>curso de forma\u00e7\u00e3o de 480 horas<\/strong> pela Enfam, certificado pela Escola Judicial do Paran\u00e1 (Ejud-PR), antes de iniciarem suas atividades.<\/p>\n\n\n\n<h3 class=\"wp-block-heading\" id=\"h-provas-comentadas\"><span id=\"provas-comentadas\">Provas comentadas<\/span><\/h3>\n\n\n\n<ul class=\"wp-block-list\">\n<li><a href=\"https:\/\/cj.estrategia.com\/portal\/wp-content\/uploads\/2025\/09\/26130407\/Prova-comentada-TJ-PR-juiz.pdf\">Prova comentada TJ PR \u2013 2023<\/a><\/li>\n\n\n\n<li><a href=\"https:\/\/cj.estrategia.com\/portal\/provas-comentadas-de-carreiras-juridicas\/\">Provas comentadas de carreiras jur\u00eddicas<\/a><\/li>\n<\/ul>\n\n\n\n<h3 class=\"wp-block-heading has-text-align-left\" id=\"h-concurso-tjpr-aprovada-para-o-cargo-de-juiz-priscilla-jorge\"><span id=\"concurso-tjpr-aprovada-para-o-cargo-de-juizpriscilla-jorge\">Concurso TJPR &#8211; Aprovada para o cargo de Juiz<br>Priscilla Jorge<\/span><\/h3>\n\n\n\n<figure class=\"wp-block-embed is-type-video is-provider-youtube wp-block-embed-youtube wp-embed-aspect-16-9 wp-has-aspect-ratio\"><div class=\"wp-block-embed__wrapper\">\n<div class=\"cs-embed cs-embed-responsive\"><iframe title=\"Concurso TJPR - Aprovado para o cargo de Juiz - Priscilla Jorge - Entrevista\" width=\"1200\" height=\"675\" src=\"https:\/\/www.youtube.com\/embed\/rsptzxj3mQU?feature=oembed\" frameborder=\"0\" allow=\"accelerometer; autoplay; clipboard-write; encrypted-media; gyroscope; picture-in-picture; web-share\" referrerpolicy=\"strict-origin-when-cross-origin\" allowfullscreen><\/iframe><\/div>\n<\/div><\/figure>\n\n\n\n<p class=\"has-text-align-center has-medium-font-size\"><strong>Quer saber tudo sobre concursos previstos? Confira nossos artigos!<\/strong><\/p>\n\n\n\n<ul class=\"wp-block-list\">\n<li><a href=\"https:\/\/cj.estrategia.com\/portal\/concursos-abertos-carreiras-juridicas\/\" target=\"_blank\" >Concursos jur\u00eddicos abertos<\/a><\/li>\n\n\n\n<li><a href=\"https:\/\/cj.estrategia.com\/portal\/concursos-juridicos-2026\/\">Concursos jur\u00eddicos 2026<\/a><\/li>\n\n\n\n<li><a href=\"https:\/\/cj.estrategia.com\/portal\/concursos-magistratura\/\" target=\"_blank\" >Concursos magistratura<\/a><\/li>\n<\/ul>\n\n\n\n<p class=\"has-text-align-center has-medium-font-size\" id=\"cursos\"><strong>Assinaturas Carreiras Jur\u00eddicas <\/strong><\/p>\n\n\n\n<div class=\"wp-block-cover\" style=\"min-height:155px;aspect-ratio:unset;\"><img decoding=\"async\" width=\"1890\" height=\"351\" class=\"wp-block-cover__image-background wp-image-8669\" alt=\"Assinaturas Jur\u00eddicas\" src=\"https:\/\/cj.estrategia.com\/portal\/wp-content\/uploads\/2022\/06\/20151253\/concurso-carreiras-juridicas-assinatura-juridica.jpg\" style=\"object-position:78% 43%\" data-object-fit=\"cover\" data-object-position=\"78% 43%\" srcset=\"https:\/\/cj.estrategia.com\/portal\/wp-content\/uploads\/2022\/06\/20151253\/concurso-carreiras-juridicas-assinatura-juridica.jpg 1890w, https:\/\/cj.estrategia.com\/portal\/wp-content\/uploads\/2022\/06\/20151253\/concurso-carreiras-juridicas-assinatura-juridica-300x56.jpg 300w, https:\/\/cj.estrategia.com\/portal\/wp-content\/uploads\/2022\/06\/20151253\/concurso-carreiras-juridicas-assinatura-juridica-1024x190.jpg 1024w, https:\/\/cj.estrategia.com\/portal\/wp-content\/uploads\/2022\/06\/20151253\/concurso-carreiras-juridicas-assinatura-juridica-768x143.jpg 768w, https:\/\/cj.estrategia.com\/portal\/wp-content\/uploads\/2022\/06\/20151253\/concurso-carreiras-juridicas-assinatura-juridica-1536x285.jpg 1536w, https:\/\/cj.estrategia.com\/portal\/wp-content\/uploads\/2022\/06\/20151253\/concurso-carreiras-juridicas-assinatura-juridica-380x71.jpg 380w, https:\/\/cj.estrategia.com\/portal\/wp-content\/uploads\/2022\/06\/20151253\/concurso-carreiras-juridicas-assinatura-juridica-800x149.jpg 800w, https:\/\/cj.estrategia.com\/portal\/wp-content\/uploads\/2022\/06\/20151253\/concurso-carreiras-juridicas-assinatura-juridica-1160x215.jpg 1160w\" sizes=\"(max-width: 1890px) 100vw, 1890px\" \/><span aria-hidden=\"true\" class=\"wp-block-cover__background has-background-dim\"><\/span><div class=\"wp-block-cover__inner-container is-layout-flow wp-block-cover-is-layout-flow\">\n<h3 id=\"faca-a-sua-assinatura\" class=\"titulo-assinatura\"><span style=\"color: #ffffff;\">Fa\u00e7a a sua assinatura!<\/span><\/h3>\n<p class=\"subtitulo-assinatura\" style=\"display:block!important; line-height: 0;\"><span style=\"color: #ffffff;\">Escolha a sua \u00e1rea.<\/span><\/p>\n<a target=\"_blank\" href=\"https:\/\/www.estrategiaconcursos.com.br\/assinaturas-ecj\/\" rel=\"noopener\"><button style=\"border-radius: 10px; text-transform: capitalize;\">Acessar<\/button><\/a>\n<\/div><\/div>\n\n\n\n<figure class=\"wp-block-image size-large is-resized\"><img decoding=\"async\" src=\"https:\/\/dhg1h5j42swfq.cloudfront.net\/2021\/04\/05122037\/ficha-tecnica-1-2-1024x632.png\" alt=\"ficha t\u00e9cnica Concurso Magistratura PR\" class=\"wp-image-707512\" style=\"width:193px;height:119px\"\/><\/figure>\n\n\n\n<h4 class=\"wp-block-heading\" id=\"ficha\"><span id=\"informacoes-sobre-o-concurso-magistratura-pr\">Informa\u00e7\u00f5es sobre o concurso Magistratura PR<\/span><\/h4>\n\n\n\n<ul class=\"wp-block-list\">\n<li><strong>Cargos<\/strong>: Juiz Substituto<\/li>\n\n\n\n<li><strong>Lota\u00e7\u00f5es<\/strong>: Paran\u00e1<\/li>\n\n\n\n<li><strong>Banca<\/strong>: FGV<\/li>\n\n\n\n<li><strong>Vagas: <\/strong>18<\/li>\n\n\n\n<li><strong>Escolaridade<\/strong>: Bacharelado em Direito + 3 anos de atividade jur\u00eddica<\/li>\n\n\n\n<li><strong>Edital: <\/strong><a href=\"https:\/\/cj.estrategia.com\/portal\/wp-content\/uploads\/2025\/12\/01091935\/tjpr-minuta-edital-de-abertura-cnper-ccicm-fgv-28.11-4.pdf\">TJ PR 2025 (retificado)<\/a><\/li>\n\n\n\n<li><strong>\u00daltimos editais<\/strong>: <a href=\"https:\/\/cj.estrategia.com\/portal\/wp-content\/uploads\/2023\/09\/04085238\/edital-001-2023-abertura-do-concurso-1-assinado.pdf\">TJ PR Juiz 2023<\/a> \/ <a href=\"https:\/\/dhg1h5j42swfq.cloudfront.net\/2021\/06\/01085749\/edital-2021.pdf\" target=\"_blank\" rel=\"noreferrer noopener nofollow\">Magistratura PR 2021<\/a> \/  <a href=\"https:\/\/dhg1h5j42swfq.cloudfront.net\/2019\/03\/07153141\/TJPR_EDITAL_DE_ABERTURA.pdf\" target=\"_blank\" rel=\"noreferrer noopener nofollow\">TJ PR Juiz 2018<\/a><\/li>\n<\/ul>\n\n\n\n<p><\/p>\n\n\n\n<p><\/p>\n","protected":false},"excerpt":{"rendered":"O certame oferece 18 vagas, com remunera\u00e7\u00e3o inicial de R$ 34.083,41.\n","protected":false},"author":12,"featured_media":177745,"comment_status":"open","ping_status":"open","sticky":false,"template":"","format":"standard","meta":{"_jetpack_memberships_contains_paid_content":false,"footnotes":""},"categories":[1,26],"tags":[],"tax_estado":[48],"class_list":{"0":"post-1069","1":"post","2":"type-post","3":"status-publish","4":"format-standard","5":"has-post-thumbnail","7":"category-carreiras-juridicas","8":"category-magistratura","9":"tax_estado-pr"},"acf":[],"yoast_head":"<!-- This site is optimized with the Yoast SEO Premium plugin v27.4 (Yoast SEO v27.4) - https:\/\/yoast.com\/product\/yoast-seo-premium-wordpress\/ -->\n<title>Concurso Magistratura PR: SAIU o resultado final da objetiva!<\/title>\n<meta name=\"description\" content=\"Concurso Magistratura PR: edital oferta 18 vagas para Juiz com remunera\u00e7\u00e3o de R$34,1 mil. Confira os principais detalhes AQUI!\" \/>\n<meta name=\"robots\" content=\"index, follow, max-snippet:-1, max-image-preview:large, max-video-preview:-1\" \/>\n<link rel=\"canonical\" href=\"https:\/\/cj.estrategia.com\/portal\/concurso-magistratura-pr\/\" \/>\n<meta property=\"og:locale\" content=\"pt_BR\" \/>\n<meta property=\"og:type\" content=\"article\" \/>\n<meta property=\"og:title\" content=\"Concurso Magistratura PR: SAIU o resultado final da objetiva!\" \/>\n<meta property=\"og:description\" content=\"Concurso Magistratura PR: edital oferta 18 vagas para Juiz com remunera\u00e7\u00e3o de R$34,1 mil. Confira os principais detalhes AQUI!\" \/>\n<meta property=\"og:url\" content=\"https:\/\/cj.estrategia.com\/portal\/concurso-magistratura-pr\/\" \/>\n<meta property=\"og:site_name\" content=\"Blog - Carreiras Jur\u00eddicas - Estrat\u00e9gia\" \/>\n<meta property=\"article:publisher\" content=\"https:\/\/www.facebook.com\/estrategiacarreirajuridica\/\" \/>\n<meta property=\"article:published_time\" content=\"2026-04-15T11:02:00+00:00\" \/>\n<meta property=\"article:modified_time\" content=\"2026-04-15T14:16:21+00:00\" \/>\n<meta property=\"og:image\" content=\"https:\/\/cj.estrategia.com\/portal\/wp-content\/uploads\/2026\/02\/04110838\/juiz.jpg\" \/>\n\t<meta property=\"og:image:width\" content=\"2459\" \/>\n\t<meta property=\"og:image:height\" content=\"1383\" \/>\n\t<meta property=\"og:image:type\" content=\"image\/jpeg\" \/>\n<meta name=\"author\" content=\"Coordena\u00e7\u00e3o\" \/>\n<meta name=\"twitter:card\" content=\"summary_large_image\" \/>\n<meta name=\"twitter:creator\" content=\"@EstratJuridica\" \/>\n<meta name=\"twitter:site\" content=\"@EstratJuridica\" \/>\n<meta name=\"twitter:label1\" content=\"Escrito por\" \/>\n\t<meta name=\"twitter:data1\" content=\"Coordena\u00e7\u00e3o\" \/>\n\t<meta name=\"twitter:label2\" content=\"Est. tempo de leitura\" \/>\n\t<meta name=\"twitter:data2\" content=\"8 minutos\" \/>\n<script type=\"application\/ld+json\" class=\"yoast-schema-graph\">{\"@context\":\"https:\\\/\\\/schema.org\",\"@graph\":[{\"@type\":\"NewsArticle\",\"@id\":\"https:\\\/\\\/cj.estrategia.com\\\/portal\\\/concurso-magistratura-pr\\\/#article\",\"isPartOf\":{\"@id\":\"https:\\\/\\\/cj.estrategia.com\\\/portal\\\/concurso-magistratura-pr\\\/\"},\"author\":{\"name\":\"Coordena\u00e7\u00e3o\",\"@id\":\"https:\\\/\\\/cj.estrategia.com\\\/portal\\\/#\\\/schema\\\/person\\\/4d70317d31449932b99102916b6637f5\"},\"headline\":\"Concurso Magistratura PR: SAIU o resultado final da objetiva!\",\"datePublished\":\"2026-04-15T11:02:00+00:00\",\"dateModified\":\"2026-04-15T14:16:21+00:00\",\"mainEntityOfPage\":{\"@id\":\"https:\\\/\\\/cj.estrategia.com\\\/portal\\\/concurso-magistratura-pr\\\/\"},\"wordCount\":1429,\"commentCount\":0,\"publisher\":{\"@id\":\"https:\\\/\\\/cj.estrategia.com\\\/portal\\\/#organization\"},\"image\":{\"@id\":\"https:\\\/\\\/cj.estrategia.com\\\/portal\\\/concurso-magistratura-pr\\\/#primaryimage\"},\"thumbnailUrl\":\"https:\\\/\\\/cj.estrategia.com\\\/portal\\\/wp-content\\\/uploads\\\/2026\\\/02\\\/04110838\\\/juiz.jpg\",\"articleSection\":[\"Carreiras Jur\u00eddicas\",\"Magistratura\"],\"inLanguage\":\"pt-BR\",\"potentialAction\":[{\"@type\":\"CommentAction\",\"name\":\"Comment\",\"target\":[\"https:\\\/\\\/cj.estrategia.com\\\/portal\\\/concurso-magistratura-pr\\\/#respond\"]}],\"accessibilityFeature\":[\"tableOfContents\"]},{\"@type\":\"WebPage\",\"@id\":\"https:\\\/\\\/cj.estrategia.com\\\/portal\\\/concurso-magistratura-pr\\\/\",\"url\":\"https:\\\/\\\/cj.estrategia.com\\\/portal\\\/concurso-magistratura-pr\\\/\",\"name\":\"Concurso Magistratura PR: SAIU o resultado final da objetiva!\",\"isPartOf\":{\"@id\":\"https:\\\/\\\/cj.estrategia.com\\\/portal\\\/#website\"},\"primaryImageOfPage\":{\"@id\":\"https:\\\/\\\/cj.estrategia.com\\\/portal\\\/concurso-magistratura-pr\\\/#primaryimage\"},\"image\":{\"@id\":\"https:\\\/\\\/cj.estrategia.com\\\/portal\\\/concurso-magistratura-pr\\\/#primaryimage\"},\"thumbnailUrl\":\"https:\\\/\\\/cj.estrategia.com\\\/portal\\\/wp-content\\\/uploads\\\/2026\\\/02\\\/04110838\\\/juiz.jpg\",\"datePublished\":\"2026-04-15T11:02:00+00:00\",\"dateModified\":\"2026-04-15T14:16:21+00:00\",\"description\":\"Concurso Magistratura PR: edital oferta 18 vagas para Juiz com remunera\u00e7\u00e3o de R$34,1 mil. Confira os principais detalhes AQUI!\",\"breadcrumb\":{\"@id\":\"https:\\\/\\\/cj.estrategia.com\\\/portal\\\/concurso-magistratura-pr\\\/#breadcrumb\"},\"inLanguage\":\"pt-BR\",\"potentialAction\":[{\"@type\":\"ReadAction\",\"target\":[\"https:\\\/\\\/cj.estrategia.com\\\/portal\\\/concurso-magistratura-pr\\\/\"]}]},{\"@type\":\"ImageObject\",\"inLanguage\":\"pt-BR\",\"@id\":\"https:\\\/\\\/cj.estrategia.com\\\/portal\\\/concurso-magistratura-pr\\\/#primaryimage\",\"url\":\"https:\\\/\\\/cj.estrategia.com\\\/portal\\\/wp-content\\\/uploads\\\/2026\\\/02\\\/04110838\\\/juiz.jpg\",\"contentUrl\":\"https:\\\/\\\/cj.estrategia.com\\\/portal\\\/wp-content\\\/uploads\\\/2026\\\/02\\\/04110838\\\/juiz.jpg\",\"width\":2459,\"height\":1383},{\"@type\":\"BreadcrumbList\",\"@id\":\"https:\\\/\\\/cj.estrategia.com\\\/portal\\\/concurso-magistratura-pr\\\/#breadcrumb\",\"itemListElement\":[{\"@type\":\"ListItem\",\"position\":1,\"name\":\"In\u00edcio\",\"item\":\"https:\\\/\\\/cj.estrategia.com\\\/portal\\\/\"},{\"@type\":\"ListItem\",\"position\":2,\"name\":\"Concurso Magistratura PR: SAIU o resultado final da objetiva!\"}]},{\"@type\":\"WebSite\",\"@id\":\"https:\\\/\\\/cj.estrategia.com\\\/portal\\\/#website\",\"url\":\"https:\\\/\\\/cj.estrategia.com\\\/portal\\\/\",\"name\":\"Blog - Carreiras Jur\u00eddicas - Estrat\u00e9gia\",\"description\":\"\",\"publisher\":{\"@id\":\"https:\\\/\\\/cj.estrategia.com\\\/portal\\\/#organization\"},\"potentialAction\":[{\"@type\":\"SearchAction\",\"target\":{\"@type\":\"EntryPoint\",\"urlTemplate\":\"https:\\\/\\\/cj.estrategia.com\\\/portal\\\/?s={search_term_string}\"},\"query-input\":{\"@type\":\"PropertyValueSpecification\",\"valueRequired\":true,\"valueName\":\"search_term_string\"}}],\"inLanguage\":\"pt-BR\"},{\"@type\":\"Organization\",\"@id\":\"https:\\\/\\\/cj.estrategia.com\\\/portal\\\/#organization\",\"name\":\"Estrat\u00e9gia - Carreiras Jur\u00eddicas\",\"url\":\"https:\\\/\\\/cj.estrategia.com\\\/portal\\\/\",\"logo\":{\"@type\":\"ImageObject\",\"inLanguage\":\"pt-BR\",\"@id\":\"https:\\\/\\\/cj.estrategia.com\\\/portal\\\/#\\\/schema\\\/logo\\\/image\\\/\",\"url\":\"https:\\\/\\\/cj.estrategia.com\\\/portal\\\/wp-content\\\/uploads\\\/2022\\\/03\\\/11151052\\\/cj-logo.png\",\"contentUrl\":\"https:\\\/\\\/cj.estrategia.com\\\/portal\\\/wp-content\\\/uploads\\\/2022\\\/03\\\/11151052\\\/cj-logo.png\",\"width\":150,\"height\":39,\"caption\":\"Estrat\u00e9gia - Carreiras Jur\u00eddicas\"},\"image\":{\"@id\":\"https:\\\/\\\/cj.estrategia.com\\\/portal\\\/#\\\/schema\\\/logo\\\/image\\\/\"},\"sameAs\":[\"https:\\\/\\\/www.facebook.com\\\/estrategiacarreirajuridica\\\/\",\"https:\\\/\\\/x.com\\\/EstratJuridica\",\"https:\\\/\\\/www.instagram.com\\\/estrategiacarreirajuridica\\\/\",\"https:\\\/\\\/www.youtube.com\\\/channel\\\/UClbMGuYbj2Mh1m3w144ETWQ\"]},{\"@type\":\"Person\",\"@id\":\"https:\\\/\\\/cj.estrategia.com\\\/portal\\\/#\\\/schema\\\/person\\\/4d70317d31449932b99102916b6637f5\",\"name\":\"Coordena\u00e7\u00e3o\",\"image\":{\"@type\":\"ImageObject\",\"inLanguage\":\"pt-BR\",\"@id\":\"https:\\\/\\\/cj.estrategia.com\\\/portal\\\/wp-content\\\/uploads\\\/2022\\\/05\\\/12164923\\\/estrategia-carreira-juridica-coordenacao-96x96.png\",\"url\":\"https:\\\/\\\/cj.estrategia.com\\\/portal\\\/wp-content\\\/uploads\\\/2022\\\/05\\\/12164923\\\/estrategia-carreira-juridica-coordenacao-96x96.png\",\"contentUrl\":\"https:\\\/\\\/cj.estrategia.com\\\/portal\\\/wp-content\\\/uploads\\\/2022\\\/05\\\/12164923\\\/estrategia-carreira-juridica-coordenacao-96x96.png\",\"caption\":\"Coordena\u00e7\u00e3o\"},\"url\":\"https:\\\/\\\/cj.estrategia.com\\\/portal\\\/author\\\/coordenacao\\\/\"}]}<\/script>\n<!-- \/ Yoast SEO Premium plugin. -->","yoast_head_json":{"title":"Concurso Magistratura PR: SAIU o resultado final da objetiva!","description":"Concurso Magistratura PR: edital oferta 18 vagas para Juiz com remunera\u00e7\u00e3o de R$34,1 mil. Confira os principais detalhes AQUI!","robots":{"index":"index","follow":"follow","max-snippet":"max-snippet:-1","max-image-preview":"max-image-preview:large","max-video-preview":"max-video-preview:-1"},"canonical":"https:\/\/cj.estrategia.com\/portal\/concurso-magistratura-pr\/","og_locale":"pt_BR","og_type":"article","og_title":"Concurso Magistratura PR: SAIU o resultado final da objetiva!","og_description":"Concurso Magistratura PR: edital oferta 18 vagas para Juiz com remunera\u00e7\u00e3o de R$34,1 mil. Confira os principais detalhes AQUI!","og_url":"https:\/\/cj.estrategia.com\/portal\/concurso-magistratura-pr\/","og_site_name":"Blog - Carreiras Jur\u00eddicas - Estrat\u00e9gia","article_publisher":"https:\/\/www.facebook.com\/estrategiacarreirajuridica\/","article_published_time":"2026-04-15T11:02:00+00:00","article_modified_time":"2026-04-15T14:16:21+00:00","og_image":[{"width":2459,"height":1383,"url":"https:\/\/cj.estrategia.com\/portal\/wp-content\/uploads\/2026\/02\/04110838\/juiz.jpg","type":"image\/jpeg"}],"author":"Coordena\u00e7\u00e3o","twitter_card":"summary_large_image","twitter_creator":"@EstratJuridica","twitter_site":"@EstratJuridica","twitter_misc":{"Escrito por":"Coordena\u00e7\u00e3o","Est. tempo de leitura":"8 minutos"},"schema":{"@context":"https:\/\/schema.org","@graph":[{"@type":"NewsArticle","@id":"https:\/\/cj.estrategia.com\/portal\/concurso-magistratura-pr\/#article","isPartOf":{"@id":"https:\/\/cj.estrategia.com\/portal\/concurso-magistratura-pr\/"},"author":{"name":"Coordena\u00e7\u00e3o","@id":"https:\/\/cj.estrategia.com\/portal\/#\/schema\/person\/4d70317d31449932b99102916b6637f5"},"headline":"Concurso Magistratura PR: SAIU o resultado final da objetiva!","datePublished":"2026-04-15T11:02:00+00:00","dateModified":"2026-04-15T14:16:21+00:00","mainEntityOfPage":{"@id":"https:\/\/cj.estrategia.com\/portal\/concurso-magistratura-pr\/"},"wordCount":1429,"commentCount":0,"publisher":{"@id":"https:\/\/cj.estrategia.com\/portal\/#organization"},"image":{"@id":"https:\/\/cj.estrategia.com\/portal\/concurso-magistratura-pr\/#primaryimage"},"thumbnailUrl":"https:\/\/cj.estrategia.com\/portal\/wp-content\/uploads\/2026\/02\/04110838\/juiz.jpg","articleSection":["Carreiras Jur\u00eddicas","Magistratura"],"inLanguage":"pt-BR","potentialAction":[{"@type":"CommentAction","name":"Comment","target":["https:\/\/cj.estrategia.com\/portal\/concurso-magistratura-pr\/#respond"]}],"accessibilityFeature":["tableOfContents"]},{"@type":"WebPage","@id":"https:\/\/cj.estrategia.com\/portal\/concurso-magistratura-pr\/","url":"https:\/\/cj.estrategia.com\/portal\/concurso-magistratura-pr\/","name":"Concurso Magistratura PR: SAIU o resultado final da objetiva!","isPartOf":{"@id":"https:\/\/cj.estrategia.com\/portal\/#website"},"primaryImageOfPage":{"@id":"https:\/\/cj.estrategia.com\/portal\/concurso-magistratura-pr\/#primaryimage"},"image":{"@id":"https:\/\/cj.estrategia.com\/portal\/concurso-magistratura-pr\/#primaryimage"},"thumbnailUrl":"https:\/\/cj.estrategia.com\/portal\/wp-content\/uploads\/2026\/02\/04110838\/juiz.jpg","datePublished":"2026-04-15T11:02:00+00:00","dateModified":"2026-04-15T14:16:21+00:00","description":"Concurso Magistratura PR: edital oferta 18 vagas para Juiz com remunera\u00e7\u00e3o de R$34,1 mil. Confira os principais detalhes AQUI!","breadcrumb":{"@id":"https:\/\/cj.estrategia.com\/portal\/concurso-magistratura-pr\/#breadcrumb"},"inLanguage":"pt-BR","potentialAction":[{"@type":"ReadAction","target":["https:\/\/cj.estrategia.com\/portal\/concurso-magistratura-pr\/"]}]},{"@type":"ImageObject","inLanguage":"pt-BR","@id":"https:\/\/cj.estrategia.com\/portal\/concurso-magistratura-pr\/#primaryimage","url":"https:\/\/cj.estrategia.com\/portal\/wp-content\/uploads\/2026\/02\/04110838\/juiz.jpg","contentUrl":"https:\/\/cj.estrategia.com\/portal\/wp-content\/uploads\/2026\/02\/04110838\/juiz.jpg","width":2459,"height":1383},{"@type":"BreadcrumbList","@id":"https:\/\/cj.estrategia.com\/portal\/concurso-magistratura-pr\/#breadcrumb","itemListElement":[{"@type":"ListItem","position":1,"name":"In\u00edcio","item":"https:\/\/cj.estrategia.com\/portal\/"},{"@type":"ListItem","position":2,"name":"Concurso Magistratura PR: SAIU o resultado final da objetiva!"}]},{"@type":"WebSite","@id":"https:\/\/cj.estrategia.com\/portal\/#website","url":"https:\/\/cj.estrategia.com\/portal\/","name":"Blog - Carreiras Jur\u00eddicas - Estrat\u00e9gia","description":"","publisher":{"@id":"https:\/\/cj.estrategia.com\/portal\/#organization"},"potentialAction":[{"@type":"SearchAction","target":{"@type":"EntryPoint","urlTemplate":"https:\/\/cj.estrategia.com\/portal\/?s={search_term_string}"},"query-input":{"@type":"PropertyValueSpecification","valueRequired":true,"valueName":"search_term_string"}}],"inLanguage":"pt-BR"},{"@type":"Organization","@id":"https:\/\/cj.estrategia.com\/portal\/#organization","name":"Estrat\u00e9gia - Carreiras Jur\u00eddicas","url":"https:\/\/cj.estrategia.com\/portal\/","logo":{"@type":"ImageObject","inLanguage":"pt-BR","@id":"https:\/\/cj.estrategia.com\/portal\/#\/schema\/logo\/image\/","url":"https:\/\/cj.estrategia.com\/portal\/wp-content\/uploads\/2022\/03\/11151052\/cj-logo.png","contentUrl":"https:\/\/cj.estrategia.com\/portal\/wp-content\/uploads\/2022\/03\/11151052\/cj-logo.png","width":150,"height":39,"caption":"Estrat\u00e9gia - Carreiras Jur\u00eddicas"},"image":{"@id":"https:\/\/cj.estrategia.com\/portal\/#\/schema\/logo\/image\/"},"sameAs":["https:\/\/www.facebook.com\/estrategiacarreirajuridica\/","https:\/\/x.com\/EstratJuridica","https:\/\/www.instagram.com\/estrategiacarreirajuridica\/","https:\/\/www.youtube.com\/channel\/UClbMGuYbj2Mh1m3w144ETWQ"]},{"@type":"Person","@id":"https:\/\/cj.estrategia.com\/portal\/#\/schema\/person\/4d70317d31449932b99102916b6637f5","name":"Coordena\u00e7\u00e3o","image":{"@type":"ImageObject","inLanguage":"pt-BR","@id":"https:\/\/cj.estrategia.com\/portal\/wp-content\/uploads\/2022\/05\/12164923\/estrategia-carreira-juridica-coordenacao-96x96.png","url":"https:\/\/cj.estrategia.com\/portal\/wp-content\/uploads\/2022\/05\/12164923\/estrategia-carreira-juridica-coordenacao-96x96.png","contentUrl":"https:\/\/cj.estrategia.com\/portal\/wp-content\/uploads\/2022\/05\/12164923\/estrategia-carreira-juridica-coordenacao-96x96.png","caption":"Coordena\u00e7\u00e3o"},"url":"https:\/\/cj.estrategia.com\/portal\/author\/coordenacao\/"}]}},"jetpack_featured_media_url":"https:\/\/cj.estrategia.com\/portal\/wp-content\/uploads\/2026\/02\/04110838\/juiz.jpg","jetpack_sharing_enabled":true,"_links":{"self":[{"href":"https:\/\/cj.estrategia.com\/portal\/wp-json\/wp\/v2\/posts\/1069","targetHints":{"allow":["GET"]}}],"collection":[{"href":"https:\/\/cj.estrategia.com\/portal\/wp-json\/wp\/v2\/posts"}],"about":[{"href":"https:\/\/cj.estrategia.com\/portal\/wp-json\/wp\/v2\/types\/post"}],"author":[{"embeddable":true,"href":"https:\/\/cj.estrategia.com\/portal\/wp-json\/wp\/v2\/users\/12"}],"replies":[{"embeddable":true,"href":"https:\/\/cj.estrategia.com\/portal\/wp-json\/wp\/v2\/comments?post=1069"}],"version-history":[{"count":289,"href":"https:\/\/cj.estrategia.com\/portal\/wp-json\/wp\/v2\/posts\/1069\/revisions"}],"predecessor-version":[{"id":186895,"href":"https:\/\/cj.estrategia.com\/portal\/wp-json\/wp\/v2\/posts\/1069\/revisions\/186895"}],"wp:featuredmedia":[{"embeddable":true,"href":"https:\/\/cj.estrategia.com\/portal\/wp-json\/wp\/v2\/media\/177745"}],"wp:attachment":[{"href":"https:\/\/cj.estrategia.com\/portal\/wp-json\/wp\/v2\/media?parent=1069"}],"wp:term":[{"taxonomy":"category","embeddable":true,"href":"https:\/\/cj.estrategia.com\/portal\/wp-json\/wp\/v2\/categories?post=1069"},{"taxonomy":"post_tag","embeddable":true,"href":"https:\/\/cj.estrategia.com\/portal\/wp-json\/wp\/v2\/tags?post=1069"},{"taxonomy":"tax_estado","embeddable":true,"href":"https:\/\/cj.estrategia.com\/portal\/wp-json\/wp\/v2\/tax_estado?post=1069"}],"curies":[{"name":"wp","href":"https:\/\/api.w.org\/{rel}","templated":true}]}}