{"id":106132,"date":"2026-01-23T17:04:02","date_gmt":"2026-01-23T20:04:02","guid":{"rendered":"https:\/\/cj.estrategia.com\/portal\/?p=106132"},"modified":"2026-01-26T08:35:16","modified_gmt":"2026-01-26T11:35:16","slug":"concurso-procurador-camara-de-santa-rita-do-passa-quatro","status":"publish","type":"post","link":"https:\/\/cj.estrategia.com\/portal\/concurso-procurador-camara-de-santa-rita-do-passa-quatro\/","title":{"rendered":"Concurso Procurador C\u00e2mara de Santa Rita do Passa Quatro SP: saiu o gabarito"},"content":{"rendered":"<a id=\"cta-icon\" href=\"https:\/\/sndflw.com\/i\/procuradorias-grupo\" target=\"blank\" style=\"background:rgb(41,166,26)\">\n            <img decoding=\"async\" src=\"https:\/\/cj.estrategia.com\/portal\/wp-content\/uploads\/2023\/12\/07160657\/whatsapp_1385.webp\" alt=\"\" alt=\"whatsapp_1385\"><span > Acesse agora o Grupo de Estudos para Concurso de Procuradorias <\/span><\/a>\n\n\n\n<p>A C\u00e2mara Municipal de Santa Rita do Passa Quatro, em S\u00e3o Paulo, aplicou as provas do <strong>Concurso P\u00fablico para o cargo de Procurador Jur\u00eddico<\/strong>, no domingo (18). E agora, est\u00e3o dispon\u00edveis os gabaritos, veja:<\/p>\n\n\n\n<ul class=\"wp-block-list\">\n<li><a href=\"https:\/\/cj.estrategia.com\/portal\/wp-content\/uploads\/2026\/01\/23170134\/51701bac-3758-432d-8c07-d9a30a677f31.pdf\" target=\"_blank\" rel=\"noreferrer noopener nofollow\">Gabarito preliminar<\/a>.<\/li>\n<\/ul>\n\n\n\n<p>O certame oferta <strong>1 vaga imediata<\/strong>, al\u00e9m de <strong>forma\u00e7\u00e3o de cadastro reserva<\/strong>. De acordo com o edital, o gabarito preliminar deve ser publicado ainda hoje no site da banca organizadora! <\/p>\n\n\n\n<p>O certame, organizado pelo INDEPAC e supervisionado pela Comiss\u00e3o Fiscalizadora, oferece a <strong>remunera\u00e7\u00e3o de R$ 9.615,97<\/strong> para <strong>35 horas semanais de trabalho<\/strong>.<\/p>\n\n\n\n<p>O concurso ter\u00e1 <strong>validade de dois anos<\/strong>, prorrog\u00e1vel por igual per\u00edodo. Confira os detalhes no artigo!<\/p>\n\n\n\n<ul class=\"wp-block-list has-very-light-gray-to-cyan-bluish-gray-gradient-background has-background\">\n<li><strong>Concurso Procurador C\u00e2mara de Santa Rita do Passa Quatro<\/strong><\/li>\n\n\n\n<li><strong>Status:<\/strong> gabarito dispon\u00edvel<\/li>\n\n\n\n<li><strong>Banca:<\/strong>&nbsp;<a href=\"https:\/\/indepac.selecao.net.br\/informacoes\/62\/\" target=\"_blank\" >INDEPAC<\/a><\/li>\n\n\n\n<li><strong>Vagas:<\/strong>&nbsp;1 + CR<\/li>\n\n\n\n<li><strong>Sal\u00e1rio inicial:<\/strong>&nbsp;R$ 9.615,97<\/li>\n<\/ul>\n\n\n\n<div class=\"container\" id=\"boxes\">\n  <div class=\"row\">\n\n    <div class=\"col-sm\">\n      <div class=\"banner-estrategia-concursos-juridicos\" id=\"box-assinatura\">\n        <h2 id=\"curso-para-concurso-procurador-camara-de-santa-rita-do-passa-quatro\" class=\"titulo-assinatura\"><span style=\"color: #ffffff; font-size: 23px; \">Curso para Concurso Procurador C\u00e2mara de Santa Rita do Passa Quatro<\/span><\/h2>\n        <p class=\"subtitulo-assinatura\">Cursos focados no edital do concurso<\/p>\n        <div class=\"box-botao\">\n          <a class=\"btn-assinatura-juridica\" target=\"_blank\" href=\"https:\/\/cj.estrategia.com\/cursos\/home\" role=\"button\" rel=\"noopener noreferrer\">Conhe\u00e7a mais<\/a>\n        <\/div>\n      <\/div>\n      <p class=\"texto-auxiliar\">Prepare-se com o melhor material e com quem mais aprova em concursos em todo o pa\u00eds. \n<\/p>\n    <\/div>\n\n  <\/div>\n<\/div>\n\n\n\n<div class=\"wp-block-yoast-seo-table-of-contents yoast-table-of-contents\"><h3 id=\"o-que-voce-vai-encontrar-neste-artigo\">O que voc\u00ea vai encontrar neste artigo?<\/h3><ul><li><a href=\"#atual\" data-level=\"2\">Concurso Procurador C\u00e2mara de Santa Rita do Passa Quatro: situa\u00e7\u00e3o atual<\/a><ul><li><a href=\"#h-documentos-e-resultados\" data-level=\"3\">Documentos e resultados<\/a><\/li><\/ul><\/li><li><a href=\"#carreira\" data-level=\"2\">Carreira de Procurador na C\u00e2mara de Santa Rita do Passa Quatro<\/a><ul><li><a href=\"#h-cargos-e-vagas\" data-level=\"3\">Cargos e vagas<\/a><\/li><li><a href=\"#requisitos\" data-level=\"3\">Quais s\u00e3o os requisitos?<\/a><\/li><\/ul><\/li><li><a href=\"#h-quais-as-etapas-do-concurso-camara-de-santa-rita-do-passa-quatro\" data-level=\"2\">Quais as etapas do concurso C\u00e2mara de Santa Rita do Passa Quatro?<\/a><ul><li><a href=\"#h-prova-objetiva\" data-level=\"3\">Prova Objetiva<\/a><\/li><li><a href=\"#h-prova-dissertativa\" data-level=\"3\">Prova Dissertativa<\/a><\/li><li><a href=\"#h-peca-processual\" data-level=\"3\">Pe\u00e7a Processual<\/a><\/li><li><a href=\"#h-avaliacao-de-titulos\" data-level=\"3\">Avalia\u00e7\u00e3o de T\u00edtulos<\/a><\/li><li><a href=\"#h-material-de-estudo\" data-level=\"3\">Material de Estudo<\/a><\/li><\/ul><\/li><li><a href=\"#cursos\" data-level=\"2\">Quer saber tudo sobre concursos previstos? Confira nossos artigos!<\/a><\/li><li><a href=\"#cursos\" data-level=\"2\">Quer estudar para Concursos de Procuradorias?<\/a><\/li><\/ul><\/div>\n\n\n\n<h2 class=\"wp-block-heading\" id=\"atual\"><span id=\"concurso-procurador-camara-de-santa-rita-do-passa-quatro-situacao-atual\">Concurso Procurador C\u00e2mara de Santa Rita do Passa Quatro: situa\u00e7\u00e3o atual<\/span><\/h2>\n\n\n\n<h3 class=\"wp-block-heading\" id=\"h-documentos-e-resultados\"><span id=\"documentos-e-resultados\">Documentos e resultados<\/span><\/h3>\n\n\n\n<ul class=\"wp-block-list\">\n<li><a href=\"https:\/\/cj.estrategia.com\/portal\/wp-content\/uploads\/2026\/01\/23170134\/51701bac-3758-432d-8c07-d9a30a677f31.pdf\" target=\"_blank\" rel=\"noreferrer noopener nofollow\">Gabarito preliminar<\/a>;<\/li>\n\n\n\n<li><a href=\"https:\/\/cj.estrategia.com\/portal\/wp-content\/uploads\/2025\/12\/19160802\/fdce461a-9e7d-4b48-8e44-f5142c0a235c.pdf\" target=\"_blank\" >122 candidatos inscritos<\/a>.<\/li>\n<\/ul>\n\n\n\n<h2 class=\"wp-block-heading\" id=\"carreira\"><span id=\"carreira-de-procurador-na-camara-de-santa-rita-do-passa-quatro\">Carreira de Procurador na C\u00e2mara de Santa Rita do Passa Quatro<\/span><\/h2>\n\n\n\n<h3 class=\"wp-block-heading\" id=\"h-cargos-e-vagas\"><span id=\"cargos-e-vagas\">Cargos e vagas<\/span><\/h3>\n\n\n\n<figure class=\"wp-block-table is-style-stripes\"><table class=\"has-very-light-gray-to-cyan-bluish-gray-gradient-background has-background\"><thead><tr><th class=\"has-text-align-center\" data-align=\"center\">CARGO<\/th><th class=\"has-text-align-center\" data-align=\"center\">VAGAS<\/th><th class=\"has-text-align-center\" data-align=\"center\">HORAS<\/th><th class=\"has-text-align-center\" data-align=\"center\">SAL\u00c1RIO<\/th><\/tr><\/thead><tbody><tr><td class=\"has-text-align-center\" data-align=\"center\">Procurador Jur\u00eddico<\/td><td class=\"has-text-align-center\" data-align=\"center\">1 + CR<\/td><td class=\"has-text-align-center\" data-align=\"center\">35 horas semanais<\/td><td class=\"has-text-align-center\" data-align=\"center\">R$ 9.615,97<\/td><\/tr><\/tbody><\/table><\/figure>\n\n\n\n<h3 class=\"wp-block-heading\" id=\"requisitos\"><span id=\"quais-sao-os-requisitos\">Quais s\u00e3o os requisitos?<\/span><\/h3>\n\n\n\n<ul class=\"wp-block-list\">\n<li>Ter nacionalidade brasileira ou portuguesa, amparada pelo Estatuto da Igualdade entre brasileiros e portugueses.<\/li>\n\n\n\n<li>Ter, na data da posse, idade m\u00ednima de 18 anos completos.<\/li>\n\n\n\n<li>Para candidatos do sexo masculino, estar em dia com o Servi\u00e7o Militar.<\/li>\n\n\n\n<li>Ser eleitor e estar quite com a Justi\u00e7a Eleitoral.<\/li>\n\n\n\n<li>Possuir documenta\u00e7\u00e3o comprobat\u00f3ria dos requisitos m\u00ednimos exigidos para o cargo, conforme especificado no edital.<\/li>\n\n\n\n<li>Ter aptid\u00e3o f\u00edsica e mental, sem defici\u00eancia incompat\u00edvel com o exerc\u00edcio do cargo, comprovada em inspe\u00e7\u00e3o m\u00e9dica oficial.<\/li>\n\n\n\n<li>N\u00e3o ter sido demitido ou exonerado do servi\u00e7o p\u00fablico em decorr\u00eancia de processo administrativo.<\/li>\n\n\n\n<li>N\u00e3o ter sido condenado por crimes contra o patrim\u00f4nio, administra\u00e7\u00e3o, f\u00e9 p\u00fablica, costumes ou previstos na Lei Federal n\u00ba 11.343\/2006.<\/li>\n\n\n\n<li>N\u00e3o estar, no ato da posse, impedido de assumir outro cargo p\u00fablico.<\/li>\n\n\n\n<li>N\u00e3o possuir antecedentes criminais.<\/li>\n\n\n\n<li>N\u00e3o estar na idade de aposentadoria compuls\u00f3ria.<\/li>\n\n\n\n<li>N\u00e3o receber proventos de aposentadoria ou remunera\u00e7\u00e3o de outro cargo, emprego ou fun\u00e7\u00e3o p\u00fablica, exceto nos casos de ac\u00famulo permitidos pela Constitui\u00e7\u00e3o Federal.<\/li>\n<\/ul>\n\n\n\n<h2 class=\"wp-block-heading\" id=\"h-quais-as-etapas-do-concurso-camara-de-santa-rita-do-passa-quatro\"><span id=\"quais-as-etapas-do-concurso-camara-de-santa-rita-do-passa-quatro\">Quais as etapas do concurso C\u00e2mara de Santa Rita do Passa Quatro?<\/span><\/h2>\n\n\n\n<p>Os candidatos foram avaliados por:<\/p>\n\n\n\n<ul class=\"wp-block-list\">\n<li><strong>Prova Objetiva<\/strong>: de car\u00e1ter eliminat\u00f3rio e classificat\u00f3rio;<\/li>\n\n\n\n<li><strong>Prova Discursiva<\/strong> + <strong>Pe\u00e7a Processual<\/strong>: de car\u00e1ter eliminat\u00f3rio e classificat\u00f3rio.<\/li>\n\n\n\n<li><strong>Prova de T\u00edtulos: <\/strong>de car\u00e1ter classificat\u00f3rio.<\/li>\n<\/ul>\n\n\n\n<h3 class=\"wp-block-heading\" id=\"h-prova-objetiva\"><span id=\"prova-objetiva\">Prova Objetiva<\/span><\/h3>\n\n\n\n<p>A <strong>prova objetiva<\/strong> do concurso para <strong>Procurador Jur\u00eddico<\/strong> da C\u00e2mara Municipal de Santa Rita do Passa Quatro foi composta por <strong>50 quest\u00f5es de m\u00faltipla escolha<\/strong>, abrangendo conte\u00fados jur\u00eddicos e de l\u00edngua portuguesa.<\/p>\n\n\n\n<p>As disciplinas foram <strong>L\u00edngua Portuguesa<\/strong> (10 quest\u00f5es), <strong>Direito Constitucional<\/strong> (8), <strong>Direito Administrativo<\/strong> (8), <strong>Direito Civil<\/strong> (2), <strong>Direito Processual Civil<\/strong> (2), <strong>Direito Urban\u00edstico e Ambiental<\/strong> (5), <strong>Administra\u00e7\u00e3o Financeira e Or\u00e7ament\u00e1ria<\/strong> (5), <strong>Direito Tribut\u00e1rio<\/strong> (5) e <strong>Legisla\u00e7\u00e3o Municipal<\/strong> (5).<\/p>\n\n\n\n<h3 class=\"wp-block-heading\" id=\"h-prova-dissertativa\"><span id=\"prova-dissertativa\">Prova Dissertativa<\/span><\/h3>\n\n\n\n<p>Somente ter\u00e3o suas provas dissertativas corrigidas os candidatos habilitados e com as maiores pontua\u00e7\u00f5es na prova objetiva, respeitando o n\u00famero de vagas definidas por ampla concorr\u00eancia, pessoas com defici\u00eancia e pessoas autodeclaradas pretas ou pardas.<\/p>\n\n\n\n<p>A prova consistiu em <strong>tr\u00eas quest\u00f5es te\u00f3rico-pr\u00e1ticas<\/strong>, que tiveram de ser respondidas em texto dissertativo argumentativo, escrito \u00e0 m\u00e3o, com caneta azul ou preta, e sem identifica\u00e7\u00e3o do candidato fora do local espec\u00edfico.<\/p>\n\n\n\n<p>Cada quest\u00e3o valer\u00e1 <strong>10 pontos<\/strong>, totalizando <strong>30 pontos<\/strong>, sendo considerado habilitado o candidato que obtiver <strong>15 pontos ou mais<\/strong>. <\/p>\n\n\n\n<p>A avalia\u00e7\u00e3o levar\u00e1 em conta a adequa\u00e7\u00e3o ao tema, a coer\u00eancia e clareza do texto, bem como o dom\u00ednio da norma culta da l\u00edngua portuguesa.<\/p>\n\n\n\n<h3 class=\"wp-block-heading\" id=\"h-peca-processual\"><span id=\"peca-processual\">Pe\u00e7a Processual<\/span><\/h3>\n\n\n\n<p>Ser\u00e3o corrigidas apenas as pe\u00e7as dos candidatos habilitados e com as maiores pontua\u00e7\u00f5es na prova objetiva, conforme o n\u00famero de vagas por ampla concorr\u00eancia, pessoas com defici\u00eancia e pessoas autodeclaradas pretas ou pardas. <\/p>\n\n\n\n<p>O candidato teve de elaborar <strong>uma pe\u00e7a profissional<\/strong> relacionada ao conte\u00fado program\u00e1tico do cargo, utilizando caneta azul ou preta, escrita \u00e0 m\u00e3o e em letra leg\u00edvel, sem qualquer identifica\u00e7\u00e3o fora do local espec\u00edfico.<\/p>\n\n\n\n<p>A pe\u00e7a processual ser\u00e1 avaliada quanto \u00e0 <strong>adequa\u00e7\u00e3o ao problema proposto, fundamenta\u00e7\u00e3o jur\u00eddica, capacidade de interpreta\u00e7\u00e3o e exposi\u00e7\u00e3o, t\u00e9cnica profissional e uso correto da l\u00edngua portuguesa<\/strong>, valendo de <strong>0 a 10 pontos<\/strong>, sendo considerado habilitado quem obtiver <strong>5 pontos ou mais<\/strong>. <\/p>\n\n\n\n<h3 class=\"wp-block-heading\" id=\"h-avaliacao-de-titulos\"><span id=\"avaliacao-de-titulos\">Avalia\u00e7\u00e3o de T\u00edtulos<\/span><\/h3>\n\n\n\n<p>Cada t\u00edtulo tem um <strong>valor unit\u00e1rio<\/strong>, um <strong>valor m\u00e1ximo aproveit\u00e1vel<\/strong> e exige comprova\u00e7\u00e3o documental espec\u00edfica, conforme detalhado a seguir:<\/p>\n\n\n\n<figure class=\"wp-block-table is-style-stripes\"><table class=\"has-very-light-gray-to-cyan-bluish-gray-gradient-background has-background\"><thead><tr><th class=\"has-text-align-center\" data-align=\"center\">T\u00cdTULOS<\/th><th class=\"has-text-align-center\" data-align=\"center\">VALOR UNIT\u00c1RIO<\/th><th class=\"has-text-align-center\" data-align=\"center\">VALOR M\u00c1XIMO<\/th><th class=\"has-text-align-center\" data-align=\"center\">COMPROVA\u00c7\u00c3O<\/th><\/tr><\/thead><tbody><tr><td class=\"has-text-align-center\" data-align=\"center\">a) Doutorado em \u00e1reas relacionadas ao cargo de inscri\u00e7\u00e3o &#8211; P\u00f3s-gradua\u00e7\u00e3o Stricto Sensu, conclu\u00eddo at\u00e9 a data de apresenta\u00e7\u00e3o dos t\u00edtulos<\/td><td class=\"has-text-align-center\" data-align=\"center\">3 pontos<\/td><td class=\"has-text-align-center\" data-align=\"center\">3 pontos<\/td><td class=\"has-text-align-center\" data-align=\"center\">C\u00f3pia do Diploma devidamente registrado ou de Certificado\/Certid\u00e3o\/Declara\u00e7\u00e3o de conclus\u00e3o de curso<\/td><\/tr><tr><td class=\"has-text-align-center\" data-align=\"center\">b) Mestrado em \u00e1reas relacionadas ao cargo de inscri\u00e7\u00e3o &#8211; P\u00f3s-gradua\u00e7\u00e3o Stricto Sensu, conclu\u00eddo at\u00e9 a data de apresenta\u00e7\u00e3o dos t\u00edtulos<\/td><td class=\"has-text-align-center\" data-align=\"center\">2 pontos<\/td><td class=\"has-text-align-center\" data-align=\"center\">2 pontos<\/td><td class=\"has-text-align-center\" data-align=\"center\">C\u00f3pia do Diploma devidamente registrado ou de Certificado\/Certid\u00e3o\/Declara\u00e7\u00e3o de conclus\u00e3o de curso<\/td><\/tr><tr><td class=\"has-text-align-center\" data-align=\"center\">c) P\u00f3s-gradua\u00e7\u00e3o Lato Sensu (especializa\u00e7\u00e3o) em \u00e1reas relacionadas ao cargo de inscri\u00e7\u00e3o, com carga hor\u00e1ria m\u00ednima de 360 horas, conclu\u00edda at\u00e9 a data de apresenta\u00e7\u00e3o dos t\u00edtulos, incluindo cursos designados como MBA<\/td><td class=\"has-text-align-center\" data-align=\"center\">1 ponto<\/td><td class=\"has-text-align-center\" data-align=\"center\">1 ponto<\/td><td class=\"has-text-align-center\" data-align=\"center\">C\u00f3pia do Certificado, Certid\u00e3o ou Declara\u00e7\u00e3o de conclus\u00e3o do curso, indicando o n\u00famero de horas e per\u00edodo de realiza\u00e7\u00e3o, acompanhada do respectivo hist\u00f3rico escolar<\/td><\/tr><\/tbody><\/table><\/figure>\n\n\n\n<h3 class=\"wp-block-heading\" id=\"h-material-de-estudo\"><span id=\"material-de-estudo\">Material de Estudo <\/span><\/h3>\n\n\n\n<ul class=\"wp-block-list\">\n<li><a href=\"https:\/\/cj.estrategia.com\/portal\/provas-comentadas-de-procuradorias\/\" target=\"_blank\" >Provas comentadas de Procuradorias<\/a><\/li>\n<\/ul>\n\n\n\n<h2 class=\"wp-block-heading has-text-align-center\" id=\"cursos\"><span id=\"quer-saber-tudo-sobre-concursos-previstosconfira-nossos-artigos\">Quer saber tudo sobre concursos previstos?<br><strong>Confira nossos artigos!<\/strong><\/span><\/h2>\n\n\n\n<ul class=\"wp-block-list\">\n<li><a href=\"https:\/\/cj.estrategia.com\/portal\/concursos-abertos-carreiras-juridicas\/\" target=\"_blank\" >Concursos jur\u00eddicos abertos<\/a><\/li>\n\n\n\n<li><a href=\"https:\/\/cj.estrategia.com\/portal\/concursos-juridicos-2026\/\">Concursos jur\u00eddicos 2026<\/a><\/li>\n\n\n\n<li><a href=\"https:\/\/cj.estrategia.com\/portal\/concursos-procuradorias\/\" target=\"_blank\" >Concursos procuradorias<\/a><\/li>\n<\/ul>\n\n\n\n<h2 class=\"wp-block-heading has-text-align-center\" id=\"cursos\"><span id=\"quer-estudar-para-concursos-de-procuradorias\">Quer estudar para Concursos de Procuradorias?<\/span><\/h2>\n\n\n\n<p class=\"has-text-align-center\"><em>Gostou desta oportunidade e deseja se preparar? <\/em><br>C<em>onfira abaixo nosso curso exclusivo e inicie seus estudos agora mesmo:<\/em><\/p>\n\n\n\n<div class=\"wp-block-cover\" style=\"min-height:155px;aspect-ratio:unset;\"><img decoding=\"async\" width=\"1890\" height=\"351\" class=\"wp-block-cover__image-background wp-image-8669\" alt=\"Assinaturas Jur\u00eddicas\" src=\"https:\/\/cj.estrategia.com\/portal\/wp-content\/uploads\/2022\/06\/20151253\/concurso-carreiras-juridicas-assinatura-juridica.jpg\" style=\"object-position:78% 43%\" data-object-fit=\"cover\" data-object-position=\"78% 43%\" srcset=\"https:\/\/cj.estrategia.com\/portal\/wp-content\/uploads\/2022\/06\/20151253\/concurso-carreiras-juridicas-assinatura-juridica.jpg 1890w, https:\/\/cj.estrategia.com\/portal\/wp-content\/uploads\/2022\/06\/20151253\/concurso-carreiras-juridicas-assinatura-juridica-300x56.jpg 300w, https:\/\/cj.estrategia.com\/portal\/wp-content\/uploads\/2022\/06\/20151253\/concurso-carreiras-juridicas-assinatura-juridica-1024x190.jpg 1024w, https:\/\/cj.estrategia.com\/portal\/wp-content\/uploads\/2022\/06\/20151253\/concurso-carreiras-juridicas-assinatura-juridica-768x143.jpg 768w, https:\/\/cj.estrategia.com\/portal\/wp-content\/uploads\/2022\/06\/20151253\/concurso-carreiras-juridicas-assinatura-juridica-1536x285.jpg 1536w, https:\/\/cj.estrategia.com\/portal\/wp-content\/uploads\/2022\/06\/20151253\/concurso-carreiras-juridicas-assinatura-juridica-380x71.jpg 380w, https:\/\/cj.estrategia.com\/portal\/wp-content\/uploads\/2022\/06\/20151253\/concurso-carreiras-juridicas-assinatura-juridica-800x149.jpg 800w, https:\/\/cj.estrategia.com\/portal\/wp-content\/uploads\/2022\/06\/20151253\/concurso-carreiras-juridicas-assinatura-juridica-1160x215.jpg 1160w\" sizes=\"(max-width: 1890px) 100vw, 1890px\" \/><span aria-hidden=\"true\" class=\"wp-block-cover__background has-background-dim\"><\/span><div class=\"wp-block-cover__inner-container is-layout-flow wp-block-cover-is-layout-flow\">\n<h3 id=\"faca-a-sua-assinatura\" class=\"titulo-assinatura\"><span style=\"color: #ffffff;\">Fa\u00e7a a sua assinatura!<\/span><\/h3>\n<p class=\"subtitulo-assinatura\" style=\"display:block!important; line-height: 0;\"><span style=\"color: #ffffff;\">Escolha a sua \u00e1rea.<\/span><\/p>\n<a target=\"_blank\" href=\"https:\/\/www.estrategiaconcursos.com.br\/assinaturas-ecj\/\" rel=\"noopener\"><button style=\"border-radius: 10px; text-transform: capitalize;\">Acessar<\/button><\/a>\n<\/div><\/div>\n\n\n\n<figure class=\"wp-block-image size-large is-resized\"><img decoding=\"async\" src=\"https:\/\/dhg1h5j42swfq.cloudfront.net\/2021\/08\/03075659\/ficha-tecnica-1-1024x632.png\" alt=\"Ficha t\u00e9cnica concurso procurador C\u00e2mara de Santa Rita do Passa Quatro\" class=\"wp-image-827472\" style=\"aspect-ratio:1.6229508196721312;width:213px;height:auto\"\/><\/figure>\n\n\n\n<h4 class=\"wp-block-heading\" id=\"h-informacoes-do-concurso-procurador-camara-de-santa-rita-do-passa-quatro\"><span id=\"informacoes-do-concurso-procurador-camara-de-santa-rita-do-passa-quatro\">Informa\u00e7\u00f5es do Concurso Procurador C\u00e2mara de Santa Rita do Passa Quatro<\/span><\/h4>\n\n\n\n<ul class=\"wp-block-list\">\n<li><strong>Vagas<\/strong>: 1 + CR<\/li>\n\n\n\n<li><strong>Cargos<\/strong>: Procurador Jur\u00eddico<\/li>\n\n\n\n<li><strong>Banca<\/strong>: INDEPAC<\/li>\n\n\n\n<li><strong>Requisitos:<\/strong> Ter nacionalidade brasileira ou portuguesa, 18 anos ou mais, ensino superior em Direito com inscri\u00e7\u00e3o na OAB, estar quite com obriga\u00e7\u00f5es militares e eleitorais, aptid\u00e3o f\u00edsica e mental, sem antecedentes criminais ou impedimentos legais para posse.<\/li>\n\n\n\n<li><strong>Edital<\/strong>: <a href=\"https:\/\/cj.estrategia.com\/portal\/wp-content\/uploads\/2025\/10\/17123716\/55d5e983-6d10-4a53-ac02-f0bc505cb2d9.pdf\" target=\"_blank\" >Procurador C\u00e2mara de Santa Rita do Passa Quatro 2025<\/a><\/li>\n<\/ul>\n\n\n\n<p><\/p>\n\n\n\n<p><\/p>\n","protected":false},"excerpt":{"rendered":"A C\u00e2mara Municipal de Santa Rita do Passa Quatro, em S\u00e3o Paulo, aplicou as provas do Concurso P\u00fablico&hellip;\n","protected":false},"author":12,"featured_media":20782,"comment_status":"open","ping_status":"open","sticky":false,"template":"","format":"standard","meta":{"_jetpack_memberships_contains_paid_content":false,"footnotes":""},"categories":[24],"tags":[],"tax_estado":[56],"class_list":{"0":"post-106132","1":"post","2":"type-post","3":"status-publish","4":"format-standard","5":"has-post-thumbnail","7":"category-procuradoria","8":"tax_estado-sp"},"acf":[],"yoast_head":"<!-- This site is optimized with the Yoast SEO Premium plugin v27.4 (Yoast SEO v27.4) - https:\/\/yoast.com\/product\/yoast-seo-premium-wordpress\/ -->\n<title>Concurso Procurador C\u00e2mara de Santa Rita do Passa Quatro SP: saiu o gabarito<\/title>\n<meta name=\"description\" content=\"Concurso Procurador C\u00e2mara de Santa Rita do Passa Quatro SP: edital oferta 1 vaga com inicial de R$ 9,6 mil. Veja resultados!\" \/>\n<meta name=\"robots\" content=\"index, follow, max-snippet:-1, max-image-preview:large, max-video-preview:-1\" \/>\n<link rel=\"canonical\" href=\"https:\/\/cj.estrategia.com\/portal\/concurso-procurador-camara-de-santa-rita-do-passa-quatro\/\" \/>\n<meta property=\"og:locale\" content=\"pt_BR\" \/>\n<meta property=\"og:type\" content=\"article\" \/>\n<meta property=\"og:title\" content=\"Concurso Procurador C\u00e2mara de Santa Rita do Passa Quatro SP: saiu o gabarito\" \/>\n<meta property=\"og:description\" content=\"Concurso Procurador C\u00e2mara de Santa Rita do Passa Quatro SP: edital oferta 1 vaga com inicial de R$ 9,6 mil. Veja resultados!\" \/>\n<meta property=\"og:url\" content=\"https:\/\/cj.estrategia.com\/portal\/concurso-procurador-camara-de-santa-rita-do-passa-quatro\/\" \/>\n<meta property=\"og:site_name\" content=\"Blog - Carreiras Jur\u00eddicas - Estrat\u00e9gia\" \/>\n<meta property=\"article:publisher\" content=\"https:\/\/www.facebook.com\/estrategiacarreirajuridica\/\" \/>\n<meta property=\"article:published_time\" content=\"2026-01-23T20:04:02+00:00\" \/>\n<meta property=\"article:modified_time\" content=\"2026-01-26T11:35:16+00:00\" \/>\n<meta property=\"og:image\" content=\"https:\/\/cj.estrategia.com\/portal\/wp-content\/uploads\/2022\/09\/04102635\/Concursos-Procuradorias.jpg\" \/>\n\t<meta property=\"og:image:width\" content=\"768\" \/>\n\t<meta property=\"og:image:height\" content=\"432\" \/>\n\t<meta property=\"og:image:type\" content=\"image\/jpeg\" \/>\n<meta name=\"author\" content=\"Coordena\u00e7\u00e3o\" \/>\n<meta name=\"twitter:card\" content=\"summary_large_image\" \/>\n<meta name=\"twitter:creator\" content=\"@EstratJuridica\" \/>\n<meta name=\"twitter:site\" content=\"@EstratJuridica\" \/>\n<meta name=\"twitter:label1\" content=\"Escrito por\" \/>\n\t<meta name=\"twitter:data1\" content=\"Coordena\u00e7\u00e3o\" \/>\n\t<meta name=\"twitter:label2\" content=\"Est. tempo de leitura\" \/>\n\t<meta name=\"twitter:data2\" content=\"7 minutos\" \/>\n<script type=\"application\/ld+json\" class=\"yoast-schema-graph\">{\"@context\":\"https:\\\/\\\/schema.org\",\"@graph\":[{\"@type\":\"NewsArticle\",\"@id\":\"https:\\\/\\\/cj.estrategia.com\\\/portal\\\/concurso-procurador-camara-de-santa-rita-do-passa-quatro\\\/#article\",\"isPartOf\":{\"@id\":\"https:\\\/\\\/cj.estrategia.com\\\/portal\\\/concurso-procurador-camara-de-santa-rita-do-passa-quatro\\\/\"},\"author\":{\"name\":\"Coordena\u00e7\u00e3o\",\"@id\":\"https:\\\/\\\/cj.estrategia.com\\\/portal\\\/#\\\/schema\\\/person\\\/4d70317d31449932b99102916b6637f5\"},\"headline\":\"Concurso Procurador C\u00e2mara de Santa Rita do Passa Quatro SP: saiu o gabarito\",\"datePublished\":\"2026-01-23T20:04:02+00:00\",\"dateModified\":\"2026-01-26T11:35:16+00:00\",\"mainEntityOfPage\":{\"@id\":\"https:\\\/\\\/cj.estrategia.com\\\/portal\\\/concurso-procurador-camara-de-santa-rita-do-passa-quatro\\\/\"},\"wordCount\":1226,\"commentCount\":0,\"publisher\":{\"@id\":\"https:\\\/\\\/cj.estrategia.com\\\/portal\\\/#organization\"},\"image\":{\"@id\":\"https:\\\/\\\/cj.estrategia.com\\\/portal\\\/concurso-procurador-camara-de-santa-rita-do-passa-quatro\\\/#primaryimage\"},\"thumbnailUrl\":\"https:\\\/\\\/cj.estrategia.com\\\/portal\\\/wp-content\\\/uploads\\\/2022\\\/09\\\/04102635\\\/Concursos-Procuradorias.jpg\",\"articleSection\":[\"Procuradoria\"],\"inLanguage\":\"pt-BR\",\"potentialAction\":[{\"@type\":\"CommentAction\",\"name\":\"Comment\",\"target\":[\"https:\\\/\\\/cj.estrategia.com\\\/portal\\\/concurso-procurador-camara-de-santa-rita-do-passa-quatro\\\/#respond\"]}],\"accessibilityFeature\":[\"tableOfContents\"]},{\"@type\":\"WebPage\",\"@id\":\"https:\\\/\\\/cj.estrategia.com\\\/portal\\\/concurso-procurador-camara-de-santa-rita-do-passa-quatro\\\/\",\"url\":\"https:\\\/\\\/cj.estrategia.com\\\/portal\\\/concurso-procurador-camara-de-santa-rita-do-passa-quatro\\\/\",\"name\":\"Concurso Procurador C\u00e2mara de Santa Rita do Passa Quatro SP: saiu o gabarito\",\"isPartOf\":{\"@id\":\"https:\\\/\\\/cj.estrategia.com\\\/portal\\\/#website\"},\"primaryImageOfPage\":{\"@id\":\"https:\\\/\\\/cj.estrategia.com\\\/portal\\\/concurso-procurador-camara-de-santa-rita-do-passa-quatro\\\/#primaryimage\"},\"image\":{\"@id\":\"https:\\\/\\\/cj.estrategia.com\\\/portal\\\/concurso-procurador-camara-de-santa-rita-do-passa-quatro\\\/#primaryimage\"},\"thumbnailUrl\":\"https:\\\/\\\/cj.estrategia.com\\\/portal\\\/wp-content\\\/uploads\\\/2022\\\/09\\\/04102635\\\/Concursos-Procuradorias.jpg\",\"datePublished\":\"2026-01-23T20:04:02+00:00\",\"dateModified\":\"2026-01-26T11:35:16+00:00\",\"description\":\"Concurso Procurador C\u00e2mara de Santa Rita do Passa Quatro SP: edital oferta 1 vaga com inicial de R$ 9,6 mil. Veja resultados!\",\"breadcrumb\":{\"@id\":\"https:\\\/\\\/cj.estrategia.com\\\/portal\\\/concurso-procurador-camara-de-santa-rita-do-passa-quatro\\\/#breadcrumb\"},\"inLanguage\":\"pt-BR\",\"potentialAction\":[{\"@type\":\"ReadAction\",\"target\":[\"https:\\\/\\\/cj.estrategia.com\\\/portal\\\/concurso-procurador-camara-de-santa-rita-do-passa-quatro\\\/\"]}]},{\"@type\":\"ImageObject\",\"inLanguage\":\"pt-BR\",\"@id\":\"https:\\\/\\\/cj.estrategia.com\\\/portal\\\/concurso-procurador-camara-de-santa-rita-do-passa-quatro\\\/#primaryimage\",\"url\":\"https:\\\/\\\/cj.estrategia.com\\\/portal\\\/wp-content\\\/uploads\\\/2022\\\/09\\\/04102635\\\/Concursos-Procuradorias.jpg\",\"contentUrl\":\"https:\\\/\\\/cj.estrategia.com\\\/portal\\\/wp-content\\\/uploads\\\/2022\\\/09\\\/04102635\\\/Concursos-Procuradorias.jpg\",\"width\":768,\"height\":432,\"caption\":\"Concurso de procuradorias\"},{\"@type\":\"BreadcrumbList\",\"@id\":\"https:\\\/\\\/cj.estrategia.com\\\/portal\\\/concurso-procurador-camara-de-santa-rita-do-passa-quatro\\\/#breadcrumb\",\"itemListElement\":[{\"@type\":\"ListItem\",\"position\":1,\"name\":\"In\u00edcio\",\"item\":\"https:\\\/\\\/cj.estrategia.com\\\/portal\\\/\"},{\"@type\":\"ListItem\",\"position\":2,\"name\":\"Concurso Procurador C\u00e2mara de Santa Rita do Passa Quatro SP: saiu o gabarito\"}]},{\"@type\":\"WebSite\",\"@id\":\"https:\\\/\\\/cj.estrategia.com\\\/portal\\\/#website\",\"url\":\"https:\\\/\\\/cj.estrategia.com\\\/portal\\\/\",\"name\":\"Blog - Carreiras Jur\u00eddicas - Estrat\u00e9gia\",\"description\":\"\",\"publisher\":{\"@id\":\"https:\\\/\\\/cj.estrategia.com\\\/portal\\\/#organization\"},\"potentialAction\":[{\"@type\":\"SearchAction\",\"target\":{\"@type\":\"EntryPoint\",\"urlTemplate\":\"https:\\\/\\\/cj.estrategia.com\\\/portal\\\/?s={search_term_string}\"},\"query-input\":{\"@type\":\"PropertyValueSpecification\",\"valueRequired\":true,\"valueName\":\"search_term_string\"}}],\"inLanguage\":\"pt-BR\"},{\"@type\":\"Organization\",\"@id\":\"https:\\\/\\\/cj.estrategia.com\\\/portal\\\/#organization\",\"name\":\"Estrat\u00e9gia - Carreiras Jur\u00eddicas\",\"url\":\"https:\\\/\\\/cj.estrategia.com\\\/portal\\\/\",\"logo\":{\"@type\":\"ImageObject\",\"inLanguage\":\"pt-BR\",\"@id\":\"https:\\\/\\\/cj.estrategia.com\\\/portal\\\/#\\\/schema\\\/logo\\\/image\\\/\",\"url\":\"https:\\\/\\\/cj.estrategia.com\\\/portal\\\/wp-content\\\/uploads\\\/2022\\\/03\\\/11151052\\\/cj-logo.png\",\"contentUrl\":\"https:\\\/\\\/cj.estrategia.com\\\/portal\\\/wp-content\\\/uploads\\\/2022\\\/03\\\/11151052\\\/cj-logo.png\",\"width\":150,\"height\":39,\"caption\":\"Estrat\u00e9gia - Carreiras Jur\u00eddicas\"},\"image\":{\"@id\":\"https:\\\/\\\/cj.estrategia.com\\\/portal\\\/#\\\/schema\\\/logo\\\/image\\\/\"},\"sameAs\":[\"https:\\\/\\\/www.facebook.com\\\/estrategiacarreirajuridica\\\/\",\"https:\\\/\\\/x.com\\\/EstratJuridica\",\"https:\\\/\\\/www.instagram.com\\\/estrategiacarreirajuridica\\\/\",\"https:\\\/\\\/www.youtube.com\\\/channel\\\/UClbMGuYbj2Mh1m3w144ETWQ\"]},{\"@type\":\"Person\",\"@id\":\"https:\\\/\\\/cj.estrategia.com\\\/portal\\\/#\\\/schema\\\/person\\\/4d70317d31449932b99102916b6637f5\",\"name\":\"Coordena\u00e7\u00e3o\",\"image\":{\"@type\":\"ImageObject\",\"inLanguage\":\"pt-BR\",\"@id\":\"https:\\\/\\\/cj.estrategia.com\\\/portal\\\/wp-content\\\/uploads\\\/2022\\\/05\\\/12164923\\\/estrategia-carreira-juridica-coordenacao-96x96.png\",\"url\":\"https:\\\/\\\/cj.estrategia.com\\\/portal\\\/wp-content\\\/uploads\\\/2022\\\/05\\\/12164923\\\/estrategia-carreira-juridica-coordenacao-96x96.png\",\"contentUrl\":\"https:\\\/\\\/cj.estrategia.com\\\/portal\\\/wp-content\\\/uploads\\\/2022\\\/05\\\/12164923\\\/estrategia-carreira-juridica-coordenacao-96x96.png\",\"caption\":\"Coordena\u00e7\u00e3o\"},\"url\":\"https:\\\/\\\/cj.estrategia.com\\\/portal\\\/author\\\/coordenacao\\\/\"}]}<\/script>\n<!-- \/ Yoast SEO Premium plugin. -->","yoast_head_json":{"title":"Concurso Procurador C\u00e2mara de Santa Rita do Passa Quatro SP: saiu o gabarito","description":"Concurso Procurador C\u00e2mara de Santa Rita do Passa Quatro SP: edital oferta 1 vaga com inicial de R$ 9,6 mil. Veja resultados!","robots":{"index":"index","follow":"follow","max-snippet":"max-snippet:-1","max-image-preview":"max-image-preview:large","max-video-preview":"max-video-preview:-1"},"canonical":"https:\/\/cj.estrategia.com\/portal\/concurso-procurador-camara-de-santa-rita-do-passa-quatro\/","og_locale":"pt_BR","og_type":"article","og_title":"Concurso Procurador C\u00e2mara de Santa Rita do Passa Quatro SP: saiu o gabarito","og_description":"Concurso Procurador C\u00e2mara de Santa Rita do Passa Quatro SP: edital oferta 1 vaga com inicial de R$ 9,6 mil. Veja resultados!","og_url":"https:\/\/cj.estrategia.com\/portal\/concurso-procurador-camara-de-santa-rita-do-passa-quatro\/","og_site_name":"Blog - Carreiras Jur\u00eddicas - Estrat\u00e9gia","article_publisher":"https:\/\/www.facebook.com\/estrategiacarreirajuridica\/","article_published_time":"2026-01-23T20:04:02+00:00","article_modified_time":"2026-01-26T11:35:16+00:00","og_image":[{"width":768,"height":432,"url":"https:\/\/cj.estrategia.com\/portal\/wp-content\/uploads\/2022\/09\/04102635\/Concursos-Procuradorias.jpg","type":"image\/jpeg"}],"author":"Coordena\u00e7\u00e3o","twitter_card":"summary_large_image","twitter_creator":"@EstratJuridica","twitter_site":"@EstratJuridica","twitter_misc":{"Escrito por":"Coordena\u00e7\u00e3o","Est. tempo de leitura":"7 minutos"},"schema":{"@context":"https:\/\/schema.org","@graph":[{"@type":"NewsArticle","@id":"https:\/\/cj.estrategia.com\/portal\/concurso-procurador-camara-de-santa-rita-do-passa-quatro\/#article","isPartOf":{"@id":"https:\/\/cj.estrategia.com\/portal\/concurso-procurador-camara-de-santa-rita-do-passa-quatro\/"},"author":{"name":"Coordena\u00e7\u00e3o","@id":"https:\/\/cj.estrategia.com\/portal\/#\/schema\/person\/4d70317d31449932b99102916b6637f5"},"headline":"Concurso Procurador C\u00e2mara de Santa Rita do Passa Quatro SP: saiu o gabarito","datePublished":"2026-01-23T20:04:02+00:00","dateModified":"2026-01-26T11:35:16+00:00","mainEntityOfPage":{"@id":"https:\/\/cj.estrategia.com\/portal\/concurso-procurador-camara-de-santa-rita-do-passa-quatro\/"},"wordCount":1226,"commentCount":0,"publisher":{"@id":"https:\/\/cj.estrategia.com\/portal\/#organization"},"image":{"@id":"https:\/\/cj.estrategia.com\/portal\/concurso-procurador-camara-de-santa-rita-do-passa-quatro\/#primaryimage"},"thumbnailUrl":"https:\/\/cj.estrategia.com\/portal\/wp-content\/uploads\/2022\/09\/04102635\/Concursos-Procuradorias.jpg","articleSection":["Procuradoria"],"inLanguage":"pt-BR","potentialAction":[{"@type":"CommentAction","name":"Comment","target":["https:\/\/cj.estrategia.com\/portal\/concurso-procurador-camara-de-santa-rita-do-passa-quatro\/#respond"]}],"accessibilityFeature":["tableOfContents"]},{"@type":"WebPage","@id":"https:\/\/cj.estrategia.com\/portal\/concurso-procurador-camara-de-santa-rita-do-passa-quatro\/","url":"https:\/\/cj.estrategia.com\/portal\/concurso-procurador-camara-de-santa-rita-do-passa-quatro\/","name":"Concurso Procurador C\u00e2mara de Santa Rita do Passa Quatro SP: saiu o gabarito","isPartOf":{"@id":"https:\/\/cj.estrategia.com\/portal\/#website"},"primaryImageOfPage":{"@id":"https:\/\/cj.estrategia.com\/portal\/concurso-procurador-camara-de-santa-rita-do-passa-quatro\/#primaryimage"},"image":{"@id":"https:\/\/cj.estrategia.com\/portal\/concurso-procurador-camara-de-santa-rita-do-passa-quatro\/#primaryimage"},"thumbnailUrl":"https:\/\/cj.estrategia.com\/portal\/wp-content\/uploads\/2022\/09\/04102635\/Concursos-Procuradorias.jpg","datePublished":"2026-01-23T20:04:02+00:00","dateModified":"2026-01-26T11:35:16+00:00","description":"Concurso Procurador C\u00e2mara de Santa Rita do Passa Quatro SP: edital oferta 1 vaga com inicial de R$ 9,6 mil. Veja resultados!","breadcrumb":{"@id":"https:\/\/cj.estrategia.com\/portal\/concurso-procurador-camara-de-santa-rita-do-passa-quatro\/#breadcrumb"},"inLanguage":"pt-BR","potentialAction":[{"@type":"ReadAction","target":["https:\/\/cj.estrategia.com\/portal\/concurso-procurador-camara-de-santa-rita-do-passa-quatro\/"]}]},{"@type":"ImageObject","inLanguage":"pt-BR","@id":"https:\/\/cj.estrategia.com\/portal\/concurso-procurador-camara-de-santa-rita-do-passa-quatro\/#primaryimage","url":"https:\/\/cj.estrategia.com\/portal\/wp-content\/uploads\/2022\/09\/04102635\/Concursos-Procuradorias.jpg","contentUrl":"https:\/\/cj.estrategia.com\/portal\/wp-content\/uploads\/2022\/09\/04102635\/Concursos-Procuradorias.jpg","width":768,"height":432,"caption":"Concurso de procuradorias"},{"@type":"BreadcrumbList","@id":"https:\/\/cj.estrategia.com\/portal\/concurso-procurador-camara-de-santa-rita-do-passa-quatro\/#breadcrumb","itemListElement":[{"@type":"ListItem","position":1,"name":"In\u00edcio","item":"https:\/\/cj.estrategia.com\/portal\/"},{"@type":"ListItem","position":2,"name":"Concurso Procurador C\u00e2mara de Santa Rita do Passa Quatro SP: saiu o gabarito"}]},{"@type":"WebSite","@id":"https:\/\/cj.estrategia.com\/portal\/#website","url":"https:\/\/cj.estrategia.com\/portal\/","name":"Blog - Carreiras Jur\u00eddicas - Estrat\u00e9gia","description":"","publisher":{"@id":"https:\/\/cj.estrategia.com\/portal\/#organization"},"potentialAction":[{"@type":"SearchAction","target":{"@type":"EntryPoint","urlTemplate":"https:\/\/cj.estrategia.com\/portal\/?s={search_term_string}"},"query-input":{"@type":"PropertyValueSpecification","valueRequired":true,"valueName":"search_term_string"}}],"inLanguage":"pt-BR"},{"@type":"Organization","@id":"https:\/\/cj.estrategia.com\/portal\/#organization","name":"Estrat\u00e9gia - Carreiras Jur\u00eddicas","url":"https:\/\/cj.estrategia.com\/portal\/","logo":{"@type":"ImageObject","inLanguage":"pt-BR","@id":"https:\/\/cj.estrategia.com\/portal\/#\/schema\/logo\/image\/","url":"https:\/\/cj.estrategia.com\/portal\/wp-content\/uploads\/2022\/03\/11151052\/cj-logo.png","contentUrl":"https:\/\/cj.estrategia.com\/portal\/wp-content\/uploads\/2022\/03\/11151052\/cj-logo.png","width":150,"height":39,"caption":"Estrat\u00e9gia - Carreiras Jur\u00eddicas"},"image":{"@id":"https:\/\/cj.estrategia.com\/portal\/#\/schema\/logo\/image\/"},"sameAs":["https:\/\/www.facebook.com\/estrategiacarreirajuridica\/","https:\/\/x.com\/EstratJuridica","https:\/\/www.instagram.com\/estrategiacarreirajuridica\/","https:\/\/www.youtube.com\/channel\/UClbMGuYbj2Mh1m3w144ETWQ"]},{"@type":"Person","@id":"https:\/\/cj.estrategia.com\/portal\/#\/schema\/person\/4d70317d31449932b99102916b6637f5","name":"Coordena\u00e7\u00e3o","image":{"@type":"ImageObject","inLanguage":"pt-BR","@id":"https:\/\/cj.estrategia.com\/portal\/wp-content\/uploads\/2022\/05\/12164923\/estrategia-carreira-juridica-coordenacao-96x96.png","url":"https:\/\/cj.estrategia.com\/portal\/wp-content\/uploads\/2022\/05\/12164923\/estrategia-carreira-juridica-coordenacao-96x96.png","contentUrl":"https:\/\/cj.estrategia.com\/portal\/wp-content\/uploads\/2022\/05\/12164923\/estrategia-carreira-juridica-coordenacao-96x96.png","caption":"Coordena\u00e7\u00e3o"},"url":"https:\/\/cj.estrategia.com\/portal\/author\/coordenacao\/"}]}},"jetpack_featured_media_url":"https:\/\/cj.estrategia.com\/portal\/wp-content\/uploads\/2022\/09\/04102635\/Concursos-Procuradorias.jpg","jetpack_sharing_enabled":true,"_links":{"self":[{"href":"https:\/\/cj.estrategia.com\/portal\/wp-json\/wp\/v2\/posts\/106132","targetHints":{"allow":["GET"]}}],"collection":[{"href":"https:\/\/cj.estrategia.com\/portal\/wp-json\/wp\/v2\/posts"}],"about":[{"href":"https:\/\/cj.estrategia.com\/portal\/wp-json\/wp\/v2\/types\/post"}],"author":[{"embeddable":true,"href":"https:\/\/cj.estrategia.com\/portal\/wp-json\/wp\/v2\/users\/12"}],"replies":[{"embeddable":true,"href":"https:\/\/cj.estrategia.com\/portal\/wp-json\/wp\/v2\/comments?post=106132"}],"version-history":[{"count":62,"href":"https:\/\/cj.estrategia.com\/portal\/wp-json\/wp\/v2\/posts\/106132\/revisions"}],"predecessor-version":[{"id":176061,"href":"https:\/\/cj.estrategia.com\/portal\/wp-json\/wp\/v2\/posts\/106132\/revisions\/176061"}],"wp:featuredmedia":[{"embeddable":true,"href":"https:\/\/cj.estrategia.com\/portal\/wp-json\/wp\/v2\/media\/20782"}],"wp:attachment":[{"href":"https:\/\/cj.estrategia.com\/portal\/wp-json\/wp\/v2\/media?parent=106132"}],"wp:term":[{"taxonomy":"category","embeddable":true,"href":"https:\/\/cj.estrategia.com\/portal\/wp-json\/wp\/v2\/categories?post=106132"},{"taxonomy":"post_tag","embeddable":true,"href":"https:\/\/cj.estrategia.com\/portal\/wp-json\/wp\/v2\/tags?post=106132"},{"taxonomy":"tax_estado","embeddable":true,"href":"https:\/\/cj.estrategia.com\/portal\/wp-json\/wp\/v2\/tax_estado?post=106132"}],"curies":[{"name":"wp","href":"https:\/\/api.w.org\/{rel}","templated":true}]}}