{"id":105533,"date":"2025-03-17T05:42:53","date_gmt":"2025-03-17T08:42:53","guid":{"rendered":"https:\/\/cj.estrategia.com\/portal\/?p=105533"},"modified":"2025-07-07T18:17:26","modified_gmt":"2025-07-07T21:17:26","slug":"isencao-ipva-icms-contribuinte-deficiencia-auditiva","status":"publish","type":"post","link":"https:\/\/cj.estrategia.com\/portal\/isencao-ipva-icms-contribuinte-deficiencia-auditiva\/","title":{"rendered":"Isen\u00e7\u00e3o de IPVA e ICMS a contribuinte com defici\u00eancia auditiva"},"content":{"rendered":"\n<p><em>Contribuintes com defici\u00eancia auditiva passam a ter direito \u00e0 isen\u00e7\u00e3o de IPVA e ICMS na aquisi\u00e7\u00e3o de ve\u00edculos, ampliando os benef\u00edcios fiscais a pessoas com defici\u00eancia<\/em><\/p>\n\n\n\n<p><strong>*Jo\u00e3o Paulo Lawall Valle \u00e9 Advogado da Uni\u00e3o (AGU) e professor de direito administrativo, financeiro e econ\u00f4mico do Estrat\u00e9gia carreira jur\u00eddica.<\/strong><\/p>\n\n\n\n<figure class=\"wp-block-image size-full\"><img decoding=\"async\" width=\"771\" height=\"420\" src=\"https:\/\/cj.estrategia.com\/portal\/wp-content\/uploads\/2025\/03\/17052249\/ipva.jpeg\" alt=\"isen\u00e7\u00e3o de IPVA e ICMS\" class=\"wp-image-105536\" srcset=\"https:\/\/cj.estrategia.com\/portal\/wp-content\/uploads\/2025\/03\/17052249\/ipva.jpeg 771w, https:\/\/cj.estrategia.com\/portal\/wp-content\/uploads\/2025\/03\/17052249\/ipva-300x163.jpeg 300w, https:\/\/cj.estrategia.com\/portal\/wp-content\/uploads\/2025\/03\/17052249\/ipva-768x418.jpeg 768w, https:\/\/cj.estrategia.com\/portal\/wp-content\/uploads\/2025\/03\/17052249\/ipva-380x207.jpeg 380w, https:\/\/cj.estrategia.com\/portal\/wp-content\/uploads\/2025\/03\/17052249\/ipva-150x82.jpeg 150w\" sizes=\"(max-width: 771px) 100vw, 771px\" \/><\/figure>\n\n\n\n<h2 class=\"wp-block-heading\" id=\"h-entenda-o-caso-isencao-de-ipva-e-icms\"><span id=\"entenda-o-caso-isencao-de-ipva-e-icms\"><strong>Entenda o caso \u2013 Isen\u00e7\u00e3o de IPVA e ICMS<\/strong><\/span><\/h2>\n\n\n\n<p>Um contribuinte, residente no Estado do Rio Grande do Sul, ajuizou a\u00e7\u00e3o declarat\u00f3ria c\/c repeti\u00e7\u00e3o de ind\u00e9bito em face do Estado do Rio Grande do Sul requerendo o reconhecimento do seu direito a isen\u00e7\u00e3o dos tributos estaduais Imposto sobre a propriedade de ve\u00edculos automotores (IPVA) e Imposto sobre opera\u00e7\u00f5es relativas \u00e0 circula\u00e7\u00e3o de mercadorias e sobre presta\u00e7\u00f5es de servi\u00e7os de transporte interestadual e intermunicipal e de comunica\u00e7\u00e3o (ICMS) <strong>incidentes sobre um determinado ve\u00edculo que havia adquirido<\/strong>.<\/p>\n\n\n\n<p>O argumento para a solicita\u00e7\u00e3o do benef\u00edcio tribut\u00e1rio era a sua condi\u00e7\u00e3o de portador de defici\u00eancia auditiva.<\/p>\n\n\n\n<p>No bojo da a\u00e7\u00e3o judicial em curso na comarca de Porto Alegre o Autor produziu prova documental (laudo m\u00e9dico) comprovando a sua condi\u00e7\u00e3o de deficiente auditivo portador \u201cdefici\u00eancia auditiva bilateral severa\u201d em ambos os ouvidos.<\/p>\n\n\n\n<p>Dadas as provas produzidas pelo Autor na peti\u00e7\u00e3o inicial, o Poder Judici\u00e1rio ga\u00facho deferiu o pedido de tutela provis\u00f3ria de urg\u00eancia para determinar \u00e0 Fazenda Estadual se abster de exigir o pagamento do IPVA e do ICMS em rela\u00e7\u00e3o ao ve\u00edculo de propriedade do autor.<\/p>\n\n\n\n<h2 class=\"wp-block-heading\" id=\"h-analise-juridica\" style=\"font-style:normal;font-weight:400\"><span id=\"analise-juridica\"><strong>An\u00e1lise Jur\u00eddica<\/strong><\/span><\/h2>\n\n\n\n<p>Inicialmente, analisando sob a \u00f3tica processual civil, \u00e9 relevante recordar que de acordo com o artigo 300 do C\u00f3digo de Processo Civil, o deferimento de pedido de tutela provis\u00f3ria de urg\u00eancia \u00e9 medida excepcional e que demanda a demonstra\u00e7\u00e3o da probabilidade do direito e do perigo de dano ou o risco ao resultado \u00fatil do processo.<\/p>\n\n\n\n<p>No caso em discuss\u00e3o a quest\u00e3o \u00e9 uma lide tribut\u00e1ria que questiona em ju\u00edzo a juridicidade da incid\u00eancia dos impostos estaduais IPVA e ICMS sobre ve\u00edculo automotor cujo propriet\u00e1rio \u00e9 pessoa portadora de defici\u00eancia.<\/p>\n\n\n\n<p>Ambos os tributos questionados judicialmente (IPVA e ICMS) tem previs\u00e3o constitucional no artigo 155 da Constitui\u00e7\u00e3o Federal de 1988, da seguinte forma:<\/p>\n\n\n\n<pre class=\"wp-block-preformatted\">Art. 155. Compete aos Estados e ao Distrito Federal instituir impostos sobre:\u00a0\u00a0\u00a0\u00a0\u00a0\u00a0\u00a0\u00a0\u00a0<br><br>I - transmiss\u00e3o causa mortis e doa\u00e7\u00e3o, de quaisquer bens ou direitos;\u00a0\u00a0\u00a0\u00a0\u00a0\u00a0\u00a0\u00a0<br><br>II - opera\u00e7\u00f5es relativas \u00e0 circula\u00e7\u00e3o de mercadorias e sobre presta\u00e7\u00f5es de servi\u00e7os de transporte interestadual e intermunicipal e de comunica\u00e7\u00e3o, ainda que as opera\u00e7\u00f5es e as presta\u00e7\u00f5es se iniciem no exterior;<br><br>III - propriedade de ve\u00edculos automotores.<\/pre>\n\n\n\n<p>Como se trata de impostos de compet\u00eancia estadual, as normas que concedem isen\u00e7\u00f5es tribut\u00e1rias s\u00e3o, igualmente, de compet\u00eancia do Estado da Federa\u00e7\u00e3o respectivo. No caso do Estado do Rio Grande do Sul, as regras de isen\u00e7\u00e3o do IPVA constam do artigo 4\u00ba, IV da Lei estadual n\u00ba 8.115\/1985, que prev\u00ea o seguinte:<\/p>\n\n\n\n<pre class=\"wp-block-preformatted\">Art. 4.\u00ba S\u00e3o isentos do imposto:\u00a0<br><br>(...)\u00a0<br><br>VI - os portadores de defici\u00eancia f\u00edsica, visual, mental severa ou profunda, ou autistas, propriet\u00e1rios de ve\u00edculo automotor de uso terrestre, obedecidas as condi\u00e7\u00f5es previstas no Regulamento do Imposto sobre a Propriedade de Ve\u00edculos Automotores e nas instru\u00e7\u00f5es baixadas pela Receita Estadual; (Reda\u00e7\u00e3o dada pela Lei n.\u00ba 14.381\/13) (Vide Lei n.\u00ba 13.320\/09, que consolida a legisla\u00e7\u00e3o relativa \u00e0 pessoa com defici\u00eancia)\u00a0<\/pre>\n\n\n\n<p>Por sua vez, o Regulamento do ICMS ga\u00facho (Decreto n\u00ba 37.699\/1997) previu o seguinte acerca da isen\u00e7\u00e3o tribut\u00e1ria para portadores de defici\u00eancia:<\/p>\n\n\n\n<pre class=\"wp-block-preformatted\">Art. 9\u00b0 - S\u00e3o isentas do imposto as seguintes opera\u00e7\u00f5es com mercadorias:\u00a0<br><br>(\u2026)\u00a0<br><br>XL - sa\u00eddas, no per\u00edodo de 1\u00ba de janeiro de 2013 a 30 de abril de 2024, de ve\u00edculo automotor novo quando adquirido por pessoas com defici\u00eancia f\u00edsica, visual, mental severa ou profunda, s\u00edndrome de Down ou autistas, diretamente ou por interm\u00e9dio de seu representante legal;<\/pre>\n\n\n\n<p>Importante destacar que a defici\u00eancia auditiva tem a sua defini\u00e7\u00e3o trazida pela Lei 14.768\/2023, sendo considerada a limita\u00e7\u00e3o de longo prazo da audi\u00e7\u00e3o, unilateral total ou bilateral parcial ou total, a qual, em intera\u00e7\u00e3o com uma ou mais barreiras, obstrui a participa\u00e7\u00e3o plena e efetiva da pessoa na sociedade, em igualdade de condi\u00e7\u00f5es com as demais pessoa.<\/p>\n\n\n\n<p>Como se percebe da legisla\u00e7\u00e3o estadual transcrita acima, os portadores de defici\u00eancia auditiva n\u00e3o constam expressamente do rol de isen\u00e7\u00e3o de ICMS e IPVA. Por\u00e9m, a hermen\u00eautica jur\u00eddica (e a ampla capacidade de interpreta\u00e7\u00f5es el\u00e1sticas do Poder Judici\u00e1rio), no caso concreto, ampliou o sentido da literalidade das normas que concederam isen\u00e7\u00f5es de IPVA e ICMS para incluir e beneficiar os portadores de defici\u00eancia auditiva.<\/p>\n\n\n\n<p>De acordo com o prolator da decis\u00e3o que deferiu a tutela provis\u00f3ria de urg\u00eancia, a n\u00e3o extens\u00e3o da isen\u00e7\u00e3o do IPVA e do ICMS aos portadores de defici\u00eancia auditiva afronta ao princ\u00edpio da igualdade expresso na Constitui\u00e7\u00e3o Federal.<\/p>\n\n\n\n<p>Al\u00e9m disso, como fundamento infralegal o ju\u00edzo invocou o Estatuto da Pessoa com Defici\u00eancia (Lei n\u00ba 13.146\/2015) com dois argumentos diversos:<\/p>\n\n\n\n<div class=\"wp-block-group is-style-cnvs-block-bg-light\"><div class=\"wp-block-group__inner-container is-layout-constrained wp-block-group-is-layout-constrained\">\n<ul class=\"wp-block-list is-style-cnvs-list-styled-positive\">\n<li><strong>Artigo 2\u00ba: <\/strong>ao definir pessoa com defici\u00eancia traz o impedimento sensorial, o que inclui a limita\u00e7\u00e3o auditiva;<\/li>\n\n\n\n<li><strong>Artigo 4\u00ba: <\/strong>dispositivo que assegura e refor\u00e7a o direito \u00e0 igualdade e veda qualquer esp\u00e9cie de discrimina\u00e7\u00e3o em rela\u00e7\u00e3o aos portadores de defici\u00eancia.<\/li>\n<\/ul>\n<\/div><\/div>\n\n\n\n<p>Em suma, o ju\u00edzo que analisou o pedido de tutela provis\u00f3ria de urg\u00eancia, com base em interpreta\u00e7\u00e3o jur\u00eddica, ampliou o efeito de norma estadual isentiva.<\/p>\n\n\n\n<div class=\"wp-block-group cnvs-block-core-group-1742200602574\"><div class=\"wp-block-group__inner-container is-layout-constrained wp-block-group-is-layout-constrained\">\n<div class=\"wp-block-media-text\" style=\"grid-template-columns:24% auto\"><figure class=\"wp-block-media-text__media\"><img decoding=\"async\" width=\"484\" height=\"410\" src=\"https:\/\/cj.estrategia.com\/portal\/wp-content\/uploads\/2024\/12\/06210003\/484-410-max.png\" alt=\"isen\u00e7\u00e3o de IPVA e ICMS\" class=\"wp-image-86519 size-full\" srcset=\"https:\/\/cj.estrategia.com\/portal\/wp-content\/uploads\/2024\/12\/06210003\/484-410-max.png 484w, https:\/\/cj.estrategia.com\/portal\/wp-content\/uploads\/2024\/12\/06210003\/484-410-max-300x254.png 300w, https:\/\/cj.estrategia.com\/portal\/wp-content\/uploads\/2024\/12\/06210003\/484-410-max-380x322.png 380w, https:\/\/cj.estrategia.com\/portal\/wp-content\/uploads\/2024\/12\/06210003\/484-410-max-150x127.png 150w\" sizes=\"(max-width: 484px) 100vw, 484px\" \/><\/figure><div class=\"wp-block-media-text__content\">\n<p><strong><mark style=\"background-color:rgba(0, 0, 0, 0)\" class=\"has-inline-color has-vivid-red-color\">Mas esta forma de agir n\u00e3o violou o artigo 111 do C\u00f3digo Tribut\u00e1rio Nacional que determina a interpreta\u00e7\u00e3o literal da legisla\u00e7\u00e3o tribut\u00e1ria que disponha sobre a outorga de isen\u00e7\u00e3o?<\/mark><\/strong><\/p>\n<\/div><\/div>\n<\/div><\/div>\n\n\n\n<p>Com fundamento na doutrina do professor Leandro Paulsen o entendimento adotado foi de que o artigo 111 do <a href=\"https:\/\/www.planalto.gov.br\/ccivil_03\/leis\/l5172compilado.htm\">CTN<\/a> veda a utiliza\u00e7\u00e3o de analogia para a outorga de isen\u00e7\u00e3o tribut\u00e1ria, n\u00e3o havendo proibi\u00e7\u00e3o de interpreta\u00e7\u00e3o mais ampla que use outros m\u00e9todos interpretativos.<\/p>\n\n\n\n<p>Assim <strong>ensina o renomado doutrinador:<\/strong><\/p>\n\n\n\n<div class=\"wp-block-group is-style-cnvs-block-single-border has-background cnvs-block-core-group-1742199517108\" style=\"background-color:#ffc90740\"><div class=\"wp-block-group__inner-container is-layout-constrained wp-block-group-is-layout-constrained\">\n<p>\u201c\u2026deve-se entender, por exemplo, o disposto no art. 111 do C\u00f3digo Tribut\u00e1rio Nacional, o qual estabelece que se interpretar\u00e1 \u2018literalmente\u2019 a legisla\u00e7\u00e3o tribut\u00e1ria que disponha sobre \u2018outorga de isen\u00e7\u00e3o\u2019. Dele resulta somente uma proibi\u00e7\u00e3o \u00e0 analogia, e n\u00e3o uma impossibilidade de interpreta\u00e7\u00e3o mais ampla\u201d.<\/p>\n<\/div><\/div>\n\n\n\n<p class=\"has-text-align-center\" style=\"font-size:25px\"><strong>Quer saber quais ser\u00e3o os pr\u00f3ximos concursos?<\/strong><\/p>\n\n\n\n<pre class=\"wp-block-verse has-text-align-center\">Confira nossos\u00a0<a href=\"https:\/\/cj.estrategia.com\/portal\/\" target=\"_blank\" >artigos para Carreiras Jur\u00eddicas<\/a>!<\/pre>\n\n\n\n<p class=\"has-text-align-center has-white-color has-pale-cyan-blue-background-color has-text-color has-background has-link-color wp-elements-723b3278bf14a50a5e7b7e937b9a17d4\"><a href=\"https:\/\/cj.estrategia.com\/portal\/concursos-abertos-carreiras-juridicas\/\">Concursos jur\u00eddicos abertos<\/a><\/p>\n\n\n\n<p class=\"has-text-align-center has-pale-cyan-blue-background-color has-background\"><a href=\"https:\/\/cj.estrategia.com\/portal\/concursos-2025-carreiras-juridicas\/\" target=\"_blank\" >Concursos jur\u00eddicos 2025<\/a><\/p>\n\n\n\n<p><em>Est\u00e1 pronto para come\u00e7ar a prepara\u00e7\u00e3o para concursos de Carreiras Jur\u00eddicas? Os cursos do <a href=\"https:\/\/cj.estrategia.com\/\" target=\"_blank\" >Estrat\u00e9gia Carreira Jur\u00eddica<\/a> s\u00e3o o que voc\u00ea precisa para alcan\u00e7ar a aprova\u00e7\u00e3o!<\/em><\/p>\n\n\n\n<p><\/p>\n\n\n\n<p><\/p>\n","protected":false},"excerpt":{"rendered":"Contribuintes com defici\u00eancia auditiva passam a ter direito \u00e0 isen\u00e7\u00e3o de IPVA e ICMS na aquisi\u00e7\u00e3o de ve\u00edculos,&hellip;\n","protected":false},"author":97,"featured_media":105536,"comment_status":"open","ping_status":"open","sticky":false,"template":"","format":"standard","meta":{"_jetpack_memberships_contains_paid_content":false,"footnotes":""},"categories":[1],"tags":[336,2219,1100,2218,1790,2071],"tax_estado":[30,31,32,33,34,35,36,37,38,39,40,41,42,43,44,45,46,47,48,49,50,51,52,53,54,55,56,57],"class_list":{"0":"post-105533","1":"post","2":"type-post","3":"status-publish","4":"format-standard","5":"has-post-thumbnail","7":"category-carreiras-juridicas","8":"tag-analise-juridica","9":"tag-deficiencia-auditiva","10":"tag-direito-tributario","11":"tag-icms","12":"tag-ipva","13":"tag-isencao-de-ipva","14":"tax_estado-ac","15":"tax_estado-al","16":"tax_estado-am","17":"tax_estado-ap","18":"tax_estado-ba","19":"tax_estado-ce","20":"tax_estado-concursos-federais","21":"tax_estado-df","22":"tax_estado-es","23":"tax_estado-go","24":"tax_estado-ma","25":"tax_estado-mg","26":"tax_estado-ms","27":"tax_estado-mt","28":"tax_estado-pa","29":"tax_estado-pb","30":"tax_estado-pe","31":"tax_estado-pi","32":"tax_estado-pr","33":"tax_estado-rj","34":"tax_estado-rn","35":"tax_estado-ro","36":"tax_estado-rr","37":"tax_estado-rs","38":"tax_estado-sc","39":"tax_estado-se","40":"tax_estado-sp","41":"tax_estado-to"},"acf":[],"yoast_head":"<!-- This site is optimized with the Yoast SEO Premium plugin v27.5 (Yoast SEO v27.5) - https:\/\/yoast.com\/product\/yoast-seo-premium-wordpress\/ -->\n<title>Isen\u00e7\u00e3o de IPVA e ICMS a contribuinte com defici\u00eancia auditiva<\/title>\n<meta name=\"description\" content=\"Poder Judici\u00e1rio garante isen\u00e7\u00e3o de IPVA e ICMS a contribuinte com defici\u00eancia auditiva. Saiba mais sobre essa decis\u00e3o e seus impactos!\" \/>\n<meta name=\"robots\" content=\"index, follow, max-snippet:-1, max-image-preview:large, max-video-preview:-1\" \/>\n<link rel=\"canonical\" href=\"https:\/\/cj.estrategia.com\/portal\/isencao-ipva-icms-contribuinte-deficiencia-auditiva\/\" \/>\n<meta property=\"og:locale\" content=\"pt_BR\" \/>\n<meta property=\"og:type\" content=\"article\" \/>\n<meta property=\"og:title\" content=\"Isen\u00e7\u00e3o de IPVA e ICMS a contribuinte com defici\u00eancia auditiva\" \/>\n<meta property=\"og:description\" content=\"Poder Judici\u00e1rio garante isen\u00e7\u00e3o de IPVA e ICMS a contribuinte com defici\u00eancia auditiva. Saiba mais sobre essa decis\u00e3o e seus impactos!\" \/>\n<meta property=\"og:url\" content=\"https:\/\/cj.estrategia.com\/portal\/isencao-ipva-icms-contribuinte-deficiencia-auditiva\/\" \/>\n<meta property=\"og:site_name\" content=\"Blog - Carreiras Jur\u00eddicas - Estrat\u00e9gia\" \/>\n<meta property=\"article:publisher\" content=\"https:\/\/www.facebook.com\/estrategiacarreirajuridica\/\" \/>\n<meta property=\"article:published_time\" content=\"2025-03-17T08:42:53+00:00\" \/>\n<meta property=\"article:modified_time\" content=\"2025-07-07T21:17:26+00:00\" \/>\n<meta property=\"og:image\" content=\"https:\/\/cj.estrategia.com\/portal\/wp-content\/uploads\/2025\/03\/17052249\/ipva.jpeg\" \/>\n\t<meta property=\"og:image:width\" content=\"771\" \/>\n\t<meta property=\"og:image:height\" content=\"420\" \/>\n\t<meta property=\"og:image:type\" content=\"image\/jpeg\" \/>\n<meta name=\"author\" content=\"Jo\u00e3o Lawall\" \/>\n<meta name=\"twitter:card\" content=\"summary_large_image\" \/>\n<meta name=\"twitter:creator\" content=\"@EstratJuridica\" \/>\n<meta name=\"twitter:site\" content=\"@EstratJuridica\" \/>\n<meta name=\"twitter:label1\" content=\"Escrito por\" \/>\n\t<meta name=\"twitter:data1\" content=\"Jo\u00e3o Lawall\" \/>\n\t<meta name=\"twitter:label2\" content=\"Est. tempo de leitura\" \/>\n\t<meta name=\"twitter:data2\" content=\"6 minutos\" \/>\n<script type=\"application\/ld+json\" class=\"yoast-schema-graph\">{\"@context\":\"https:\\\/\\\/schema.org\",\"@graph\":[{\"@type\":\"NewsArticle\",\"@id\":\"https:\\\/\\\/cj.estrategia.com\\\/portal\\\/isencao-ipva-icms-contribuinte-deficiencia-auditiva\\\/#article\",\"isPartOf\":{\"@id\":\"https:\\\/\\\/cj.estrategia.com\\\/portal\\\/isencao-ipva-icms-contribuinte-deficiencia-auditiva\\\/\"},\"author\":{\"name\":\"Jo\u00e3o Lawall\",\"@id\":\"https:\\\/\\\/cj.estrategia.com\\\/portal\\\/#\\\/schema\\\/person\\\/a938c693b3129f719ab13aac0332b06e\"},\"headline\":\"Isen\u00e7\u00e3o de IPVA e ICMS a contribuinte com defici\u00eancia auditiva\",\"datePublished\":\"2025-03-17T08:42:53+00:00\",\"dateModified\":\"2025-07-07T21:17:26+00:00\",\"mainEntityOfPage\":{\"@id\":\"https:\\\/\\\/cj.estrategia.com\\\/portal\\\/isencao-ipva-icms-contribuinte-deficiencia-auditiva\\\/\"},\"wordCount\":954,\"commentCount\":0,\"publisher\":{\"@id\":\"https:\\\/\\\/cj.estrategia.com\\\/portal\\\/#organization\"},\"image\":{\"@id\":\"https:\\\/\\\/cj.estrategia.com\\\/portal\\\/isencao-ipva-icms-contribuinte-deficiencia-auditiva\\\/#primaryimage\"},\"thumbnailUrl\":\"https:\\\/\\\/cj.estrategia.com\\\/portal\\\/wp-content\\\/uploads\\\/2025\\\/03\\\/17052249\\\/ipva.jpeg\",\"keywords\":[\"an\u00e1lise jur\u00eddica\",\"defici\u00eancia auditiva\",\"direito tribut\u00e1rio\",\"icms\",\"IPVA\",\"isen\u00e7\u00e3o de IPVA\"],\"articleSection\":[\"Carreiras Jur\u00eddicas\"],\"inLanguage\":\"pt-BR\",\"potentialAction\":[{\"@type\":\"CommentAction\",\"name\":\"Comment\",\"target\":[\"https:\\\/\\\/cj.estrategia.com\\\/portal\\\/isencao-ipva-icms-contribuinte-deficiencia-auditiva\\\/#respond\"]}]},{\"@type\":\"WebPage\",\"@id\":\"https:\\\/\\\/cj.estrategia.com\\\/portal\\\/isencao-ipva-icms-contribuinte-deficiencia-auditiva\\\/\",\"url\":\"https:\\\/\\\/cj.estrategia.com\\\/portal\\\/isencao-ipva-icms-contribuinte-deficiencia-auditiva\\\/\",\"name\":\"Isen\u00e7\u00e3o de IPVA e ICMS a contribuinte com defici\u00eancia auditiva\",\"isPartOf\":{\"@id\":\"https:\\\/\\\/cj.estrategia.com\\\/portal\\\/#website\"},\"primaryImageOfPage\":{\"@id\":\"https:\\\/\\\/cj.estrategia.com\\\/portal\\\/isencao-ipva-icms-contribuinte-deficiencia-auditiva\\\/#primaryimage\"},\"image\":{\"@id\":\"https:\\\/\\\/cj.estrategia.com\\\/portal\\\/isencao-ipva-icms-contribuinte-deficiencia-auditiva\\\/#primaryimage\"},\"thumbnailUrl\":\"https:\\\/\\\/cj.estrategia.com\\\/portal\\\/wp-content\\\/uploads\\\/2025\\\/03\\\/17052249\\\/ipva.jpeg\",\"datePublished\":\"2025-03-17T08:42:53+00:00\",\"dateModified\":\"2025-07-07T21:17:26+00:00\",\"description\":\"Poder Judici\u00e1rio garante isen\u00e7\u00e3o de IPVA e ICMS a contribuinte com defici\u00eancia auditiva. Saiba mais sobre essa decis\u00e3o e seus impactos!\",\"breadcrumb\":{\"@id\":\"https:\\\/\\\/cj.estrategia.com\\\/portal\\\/isencao-ipva-icms-contribuinte-deficiencia-auditiva\\\/#breadcrumb\"},\"inLanguage\":\"pt-BR\",\"potentialAction\":[{\"@type\":\"ReadAction\",\"target\":[\"https:\\\/\\\/cj.estrategia.com\\\/portal\\\/isencao-ipva-icms-contribuinte-deficiencia-auditiva\\\/\"]}]},{\"@type\":\"ImageObject\",\"inLanguage\":\"pt-BR\",\"@id\":\"https:\\\/\\\/cj.estrategia.com\\\/portal\\\/isencao-ipva-icms-contribuinte-deficiencia-auditiva\\\/#primaryimage\",\"url\":\"https:\\\/\\\/cj.estrategia.com\\\/portal\\\/wp-content\\\/uploads\\\/2025\\\/03\\\/17052249\\\/ipva.jpeg\",\"contentUrl\":\"https:\\\/\\\/cj.estrategia.com\\\/portal\\\/wp-content\\\/uploads\\\/2025\\\/03\\\/17052249\\\/ipva.jpeg\",\"width\":771,\"height\":420},{\"@type\":\"BreadcrumbList\",\"@id\":\"https:\\\/\\\/cj.estrategia.com\\\/portal\\\/isencao-ipva-icms-contribuinte-deficiencia-auditiva\\\/#breadcrumb\",\"itemListElement\":[{\"@type\":\"ListItem\",\"position\":1,\"name\":\"In\u00edcio\",\"item\":\"https:\\\/\\\/cj.estrategia.com\\\/portal\\\/\"},{\"@type\":\"ListItem\",\"position\":2,\"name\":\"Isen\u00e7\u00e3o de IPVA e ICMS a contribuinte com defici\u00eancia auditiva\"}]},{\"@type\":\"WebSite\",\"@id\":\"https:\\\/\\\/cj.estrategia.com\\\/portal\\\/#website\",\"url\":\"https:\\\/\\\/cj.estrategia.com\\\/portal\\\/\",\"name\":\"Blog - Carreiras Jur\u00eddicas - Estrat\u00e9gia\",\"description\":\"\",\"publisher\":{\"@id\":\"https:\\\/\\\/cj.estrategia.com\\\/portal\\\/#organization\"},\"potentialAction\":[{\"@type\":\"SearchAction\",\"target\":{\"@type\":\"EntryPoint\",\"urlTemplate\":\"https:\\\/\\\/cj.estrategia.com\\\/portal\\\/?s={search_term_string}\"},\"query-input\":{\"@type\":\"PropertyValueSpecification\",\"valueRequired\":true,\"valueName\":\"search_term_string\"}}],\"inLanguage\":\"pt-BR\"},{\"@type\":\"Organization\",\"@id\":\"https:\\\/\\\/cj.estrategia.com\\\/portal\\\/#organization\",\"name\":\"Estrat\u00e9gia - Carreiras Jur\u00eddicas\",\"url\":\"https:\\\/\\\/cj.estrategia.com\\\/portal\\\/\",\"logo\":{\"@type\":\"ImageObject\",\"inLanguage\":\"pt-BR\",\"@id\":\"https:\\\/\\\/cj.estrategia.com\\\/portal\\\/#\\\/schema\\\/logo\\\/image\\\/\",\"url\":\"https:\\\/\\\/cj.estrategia.com\\\/portal\\\/wp-content\\\/uploads\\\/2022\\\/03\\\/11151052\\\/cj-logo.png\",\"contentUrl\":\"https:\\\/\\\/cj.estrategia.com\\\/portal\\\/wp-content\\\/uploads\\\/2022\\\/03\\\/11151052\\\/cj-logo.png\",\"width\":150,\"height\":39,\"caption\":\"Estrat\u00e9gia - Carreiras Jur\u00eddicas\"},\"image\":{\"@id\":\"https:\\\/\\\/cj.estrategia.com\\\/portal\\\/#\\\/schema\\\/logo\\\/image\\\/\"},\"sameAs\":[\"https:\\\/\\\/www.facebook.com\\\/estrategiacarreirajuridica\\\/\",\"https:\\\/\\\/x.com\\\/EstratJuridica\",\"https:\\\/\\\/www.instagram.com\\\/estrategiacarreirajuridica\\\/\",\"https:\\\/\\\/www.youtube.com\\\/channel\\\/UClbMGuYbj2Mh1m3w144ETWQ\"]},{\"@type\":\"Person\",\"@id\":\"https:\\\/\\\/cj.estrategia.com\\\/portal\\\/#\\\/schema\\\/person\\\/a938c693b3129f719ab13aac0332b06e\",\"name\":\"Jo\u00e3o Lawall\",\"image\":{\"@type\":\"ImageObject\",\"inLanguage\":\"pt-BR\",\"@id\":\"https:\\\/\\\/secure.gravatar.com\\\/avatar\\\/cf7a02c39d899eb1575ce4c3ad1a73df939f01629ae0c9f366ddf83725b3ea6c?s=96&d=mm&r=g\",\"url\":\"https:\\\/\\\/secure.gravatar.com\\\/avatar\\\/cf7a02c39d899eb1575ce4c3ad1a73df939f01629ae0c9f366ddf83725b3ea6c?s=96&d=mm&r=g\",\"contentUrl\":\"https:\\\/\\\/secure.gravatar.com\\\/avatar\\\/cf7a02c39d899eb1575ce4c3ad1a73df939f01629ae0c9f366ddf83725b3ea6c?s=96&d=mm&r=g\",\"caption\":\"Jo\u00e3o Lawall\"},\"url\":\"https:\\\/\\\/cj.estrategia.com\\\/portal\\\/author\\\/joao-lawall\\\/\"}]}<\/script>\n<!-- \/ Yoast SEO Premium plugin. -->","yoast_head_json":{"title":"Isen\u00e7\u00e3o de IPVA e ICMS a contribuinte com defici\u00eancia auditiva","description":"Poder Judici\u00e1rio garante isen\u00e7\u00e3o de IPVA e ICMS a contribuinte com defici\u00eancia auditiva. Saiba mais sobre essa decis\u00e3o e seus impactos!","robots":{"index":"index","follow":"follow","max-snippet":"max-snippet:-1","max-image-preview":"max-image-preview:large","max-video-preview":"max-video-preview:-1"},"canonical":"https:\/\/cj.estrategia.com\/portal\/isencao-ipva-icms-contribuinte-deficiencia-auditiva\/","og_locale":"pt_BR","og_type":"article","og_title":"Isen\u00e7\u00e3o de IPVA e ICMS a contribuinte com defici\u00eancia auditiva","og_description":"Poder Judici\u00e1rio garante isen\u00e7\u00e3o de IPVA e ICMS a contribuinte com defici\u00eancia auditiva. Saiba mais sobre essa decis\u00e3o e seus impactos!","og_url":"https:\/\/cj.estrategia.com\/portal\/isencao-ipva-icms-contribuinte-deficiencia-auditiva\/","og_site_name":"Blog - Carreiras Jur\u00eddicas - Estrat\u00e9gia","article_publisher":"https:\/\/www.facebook.com\/estrategiacarreirajuridica\/","article_published_time":"2025-03-17T08:42:53+00:00","article_modified_time":"2025-07-07T21:17:26+00:00","og_image":[{"width":771,"height":420,"url":"https:\/\/cj.estrategia.com\/portal\/wp-content\/uploads\/2025\/03\/17052249\/ipva.jpeg","type":"image\/jpeg"}],"author":"Jo\u00e3o Lawall","twitter_card":"summary_large_image","twitter_creator":"@EstratJuridica","twitter_site":"@EstratJuridica","twitter_misc":{"Escrito por":"Jo\u00e3o Lawall","Est. tempo de leitura":"6 minutos"},"schema":{"@context":"https:\/\/schema.org","@graph":[{"@type":"NewsArticle","@id":"https:\/\/cj.estrategia.com\/portal\/isencao-ipva-icms-contribuinte-deficiencia-auditiva\/#article","isPartOf":{"@id":"https:\/\/cj.estrategia.com\/portal\/isencao-ipva-icms-contribuinte-deficiencia-auditiva\/"},"author":{"name":"Jo\u00e3o Lawall","@id":"https:\/\/cj.estrategia.com\/portal\/#\/schema\/person\/a938c693b3129f719ab13aac0332b06e"},"headline":"Isen\u00e7\u00e3o de IPVA e ICMS a contribuinte com defici\u00eancia auditiva","datePublished":"2025-03-17T08:42:53+00:00","dateModified":"2025-07-07T21:17:26+00:00","mainEntityOfPage":{"@id":"https:\/\/cj.estrategia.com\/portal\/isencao-ipva-icms-contribuinte-deficiencia-auditiva\/"},"wordCount":954,"commentCount":0,"publisher":{"@id":"https:\/\/cj.estrategia.com\/portal\/#organization"},"image":{"@id":"https:\/\/cj.estrategia.com\/portal\/isencao-ipva-icms-contribuinte-deficiencia-auditiva\/#primaryimage"},"thumbnailUrl":"https:\/\/cj.estrategia.com\/portal\/wp-content\/uploads\/2025\/03\/17052249\/ipva.jpeg","keywords":["an\u00e1lise jur\u00eddica","defici\u00eancia auditiva","direito tribut\u00e1rio","icms","IPVA","isen\u00e7\u00e3o de IPVA"],"articleSection":["Carreiras Jur\u00eddicas"],"inLanguage":"pt-BR","potentialAction":[{"@type":"CommentAction","name":"Comment","target":["https:\/\/cj.estrategia.com\/portal\/isencao-ipva-icms-contribuinte-deficiencia-auditiva\/#respond"]}]},{"@type":"WebPage","@id":"https:\/\/cj.estrategia.com\/portal\/isencao-ipva-icms-contribuinte-deficiencia-auditiva\/","url":"https:\/\/cj.estrategia.com\/portal\/isencao-ipva-icms-contribuinte-deficiencia-auditiva\/","name":"Isen\u00e7\u00e3o de IPVA e ICMS a contribuinte com defici\u00eancia auditiva","isPartOf":{"@id":"https:\/\/cj.estrategia.com\/portal\/#website"},"primaryImageOfPage":{"@id":"https:\/\/cj.estrategia.com\/portal\/isencao-ipva-icms-contribuinte-deficiencia-auditiva\/#primaryimage"},"image":{"@id":"https:\/\/cj.estrategia.com\/portal\/isencao-ipva-icms-contribuinte-deficiencia-auditiva\/#primaryimage"},"thumbnailUrl":"https:\/\/cj.estrategia.com\/portal\/wp-content\/uploads\/2025\/03\/17052249\/ipva.jpeg","datePublished":"2025-03-17T08:42:53+00:00","dateModified":"2025-07-07T21:17:26+00:00","description":"Poder Judici\u00e1rio garante isen\u00e7\u00e3o de IPVA e ICMS a contribuinte com defici\u00eancia auditiva. Saiba mais sobre essa decis\u00e3o e seus impactos!","breadcrumb":{"@id":"https:\/\/cj.estrategia.com\/portal\/isencao-ipva-icms-contribuinte-deficiencia-auditiva\/#breadcrumb"},"inLanguage":"pt-BR","potentialAction":[{"@type":"ReadAction","target":["https:\/\/cj.estrategia.com\/portal\/isencao-ipva-icms-contribuinte-deficiencia-auditiva\/"]}]},{"@type":"ImageObject","inLanguage":"pt-BR","@id":"https:\/\/cj.estrategia.com\/portal\/isencao-ipva-icms-contribuinte-deficiencia-auditiva\/#primaryimage","url":"https:\/\/cj.estrategia.com\/portal\/wp-content\/uploads\/2025\/03\/17052249\/ipva.jpeg","contentUrl":"https:\/\/cj.estrategia.com\/portal\/wp-content\/uploads\/2025\/03\/17052249\/ipva.jpeg","width":771,"height":420},{"@type":"BreadcrumbList","@id":"https:\/\/cj.estrategia.com\/portal\/isencao-ipva-icms-contribuinte-deficiencia-auditiva\/#breadcrumb","itemListElement":[{"@type":"ListItem","position":1,"name":"In\u00edcio","item":"https:\/\/cj.estrategia.com\/portal\/"},{"@type":"ListItem","position":2,"name":"Isen\u00e7\u00e3o de IPVA e ICMS a contribuinte com defici\u00eancia auditiva"}]},{"@type":"WebSite","@id":"https:\/\/cj.estrategia.com\/portal\/#website","url":"https:\/\/cj.estrategia.com\/portal\/","name":"Blog - Carreiras Jur\u00eddicas - Estrat\u00e9gia","description":"","publisher":{"@id":"https:\/\/cj.estrategia.com\/portal\/#organization"},"potentialAction":[{"@type":"SearchAction","target":{"@type":"EntryPoint","urlTemplate":"https:\/\/cj.estrategia.com\/portal\/?s={search_term_string}"},"query-input":{"@type":"PropertyValueSpecification","valueRequired":true,"valueName":"search_term_string"}}],"inLanguage":"pt-BR"},{"@type":"Organization","@id":"https:\/\/cj.estrategia.com\/portal\/#organization","name":"Estrat\u00e9gia - Carreiras Jur\u00eddicas","url":"https:\/\/cj.estrategia.com\/portal\/","logo":{"@type":"ImageObject","inLanguage":"pt-BR","@id":"https:\/\/cj.estrategia.com\/portal\/#\/schema\/logo\/image\/","url":"https:\/\/cj.estrategia.com\/portal\/wp-content\/uploads\/2022\/03\/11151052\/cj-logo.png","contentUrl":"https:\/\/cj.estrategia.com\/portal\/wp-content\/uploads\/2022\/03\/11151052\/cj-logo.png","width":150,"height":39,"caption":"Estrat\u00e9gia - Carreiras Jur\u00eddicas"},"image":{"@id":"https:\/\/cj.estrategia.com\/portal\/#\/schema\/logo\/image\/"},"sameAs":["https:\/\/www.facebook.com\/estrategiacarreirajuridica\/","https:\/\/x.com\/EstratJuridica","https:\/\/www.instagram.com\/estrategiacarreirajuridica\/","https:\/\/www.youtube.com\/channel\/UClbMGuYbj2Mh1m3w144ETWQ"]},{"@type":"Person","@id":"https:\/\/cj.estrategia.com\/portal\/#\/schema\/person\/a938c693b3129f719ab13aac0332b06e","name":"Jo\u00e3o Lawall","image":{"@type":"ImageObject","inLanguage":"pt-BR","@id":"https:\/\/secure.gravatar.com\/avatar\/cf7a02c39d899eb1575ce4c3ad1a73df939f01629ae0c9f366ddf83725b3ea6c?s=96&d=mm&r=g","url":"https:\/\/secure.gravatar.com\/avatar\/cf7a02c39d899eb1575ce4c3ad1a73df939f01629ae0c9f366ddf83725b3ea6c?s=96&d=mm&r=g","contentUrl":"https:\/\/secure.gravatar.com\/avatar\/cf7a02c39d899eb1575ce4c3ad1a73df939f01629ae0c9f366ddf83725b3ea6c?s=96&d=mm&r=g","caption":"Jo\u00e3o Lawall"},"url":"https:\/\/cj.estrategia.com\/portal\/author\/joao-lawall\/"}]}},"jetpack_featured_media_url":"https:\/\/cj.estrategia.com\/portal\/wp-content\/uploads\/2025\/03\/17052249\/ipva.jpeg","jetpack_sharing_enabled":true,"_links":{"self":[{"href":"https:\/\/cj.estrategia.com\/portal\/wp-json\/wp\/v2\/posts\/105533","targetHints":{"allow":["GET"]}}],"collection":[{"href":"https:\/\/cj.estrategia.com\/portal\/wp-json\/wp\/v2\/posts"}],"about":[{"href":"https:\/\/cj.estrategia.com\/portal\/wp-json\/wp\/v2\/types\/post"}],"author":[{"embeddable":true,"href":"https:\/\/cj.estrategia.com\/portal\/wp-json\/wp\/v2\/users\/97"}],"replies":[{"embeddable":true,"href":"https:\/\/cj.estrategia.com\/portal\/wp-json\/wp\/v2\/comments?post=105533"}],"version-history":[{"count":0,"href":"https:\/\/cj.estrategia.com\/portal\/wp-json\/wp\/v2\/posts\/105533\/revisions"}],"wp:featuredmedia":[{"embeddable":true,"href":"https:\/\/cj.estrategia.com\/portal\/wp-json\/wp\/v2\/media\/105536"}],"wp:attachment":[{"href":"https:\/\/cj.estrategia.com\/portal\/wp-json\/wp\/v2\/media?parent=105533"}],"wp:term":[{"taxonomy":"category","embeddable":true,"href":"https:\/\/cj.estrategia.com\/portal\/wp-json\/wp\/v2\/categories?post=105533"},{"taxonomy":"post_tag","embeddable":true,"href":"https:\/\/cj.estrategia.com\/portal\/wp-json\/wp\/v2\/tags?post=105533"},{"taxonomy":"tax_estado","embeddable":true,"href":"https:\/\/cj.estrategia.com\/portal\/wp-json\/wp\/v2\/tax_estado?post=105533"}],"curies":[{"name":"wp","href":"https:\/\/api.w.org\/{rel}","templated":true}]}}