{"id":104864,"date":"2025-03-19T16:02:13","date_gmt":"2025-03-19T19:02:13","guid":{"rendered":"https:\/\/cj.estrategia.com\/portal\/?p=104864"},"modified":"2025-03-19T16:04:56","modified_gmt":"2025-03-19T19:04:56","slug":"gabarito-extraoficial-mp-sp-promotor-veja-seu-desempenho","status":"publish","type":"post","link":"https:\/\/cj.estrategia.com\/portal\/gabarito-extraoficial-mp-sp-promotor-veja-seu-desempenho\/","title":{"rendered":"Gabarito extraoficial MP SP Promotor: veja seu desempenho!"},"content":{"rendered":"<a id=\"cta-icon\" href=\"https:\/\/www.redirectmais.com\/wpp\/promotor-mp-sp-grupo\" target=\"blank\" style=\"background:rgb(41,166,26)\">\n            <img decoding=\"async\" src=\"https:\/\/cj.estrategia.com\/portal\/wp-content\/uploads\/2023\/12\/07160657\/whatsapp_1385.webp\" alt=\"\" alt=\"whatsapp_1385\"><span > Acesse agora o grupo de estudos do Concurso MP SP Promotor<\/span><\/a>\n\n\n\n<p>Neste domingo, 16 de mar\u00e7o, foram aplicadas as provas do<strong>\u00a0Concurso MP SP Promotor <\/strong>e <strong>nossos professores realizaram a corre\u00e7\u00e3o do<\/strong>\u00a0<strong>gabarito extraoficial da prova<\/strong>.<\/p>\n\n\n\n<p>O exame teve dura\u00e7\u00e3o de 5 horas e contou com 100 quest\u00f5es objetivas de m\u00faltipla escolha. A sele\u00e7\u00e3o oferta <strong>87 vagas imediatas + CR<\/strong> para o cargo de <strong>Promotor de Justi\u00e7a Substituto<\/strong> com iniciais de R$ 32.350,05!<\/p>\n\n\n\n<p>Com o objetivo de ajud\u00e1-lo a diminuir um pouco a ansiedade e conferir seu desempenho voc\u00ea poder\u00e1 conferir AO VIVO a nossa corre\u00e7\u00e3o. Clique no V\u00eddeo abaixo e participe AO VIVO!<\/p>\n\n\n\n<p class=\"has-cyan-bluish-gray-background-color has-background\"><strong><mark>Mas aten\u00e7\u00e3o:<\/mark>\u00a0Al\u00e9m da corre\u00e7\u00e3o, nosso super time disponibilizar\u00e1 o gabarito completo, com todas as quest\u00f5es escritas, um link para que voc\u00ea possa inserir seu gabarito e participar do ranking e realizar\u00e1 um webin\u00e1rio\u00a0com todas as impress\u00f5es da prova. N\u00c3O PERCA!<\/strong><\/p>\n\n\n\n<h2 class=\"wp-block-heading\" id=\"h-gabarito-extraoficial-mp-sp-promotor\"><span id=\"gabarito-extraoficial-mp-sp-promotor\">Gabarito extraoficial: MP SP Promotor<\/span><\/h2>\n\n\n\n<figure class=\"wp-block-embed aligncenter is-type-video is-provider-youtube wp-block-embed-youtube wp-embed-aspect-16-9 wp-has-aspect-ratio\"><div class=\"wp-block-embed__wrapper\">\n<div class=\"cs-embed cs-embed-responsive\"><iframe title=\"Gabarito Extraoficial: MP SP (Promotor)\" width=\"1200\" height=\"675\" src=\"https:\/\/www.youtube.com\/embed\/2sVKDjqLrVE?feature=oembed\" frameborder=\"0\" allow=\"accelerometer; autoplay; clipboard-write; encrypted-media; gyroscope; picture-in-picture; web-share\" referrerpolicy=\"strict-origin-when-cross-origin\" allowfullscreen><\/iframe><\/div>\n<\/div><\/figure>\n\n\n\n<h2 class=\"wp-block-heading\" id=\"block-b7403160-07a3-40ec-b394-538034a6977f\"><span id=\"provas-comentadas\">Provas comentadas<\/span><\/h2>\n\n\n\n<figure class=\"wp-block-table is-style-stripes\"><table class=\"has-luminous-vivid-amber-background-color has-background has-fixed-layout\"><tbody><tr><td class=\"has-text-align-center\" data-align=\"center\"><a href=\"https:\/\/cj.estrategia.com\/portal\/prova-comentada-direito-penal-mp-sp-promotor-2025\/\" target=\"_blank\" >Direito Penal<\/a><\/td><\/tr><tr><td class=\"has-text-align-center\" data-align=\"center\"><a href=\"https:\/\/cj.estrategia.com\/portal\/prova-comentada-legislacao-penal-especial-mp-sp-promotor-2025\/\" target=\"_blank\" >Legisla\u00e7\u00e3o penal especial<\/a><\/td><\/tr><tr><td class=\"has-text-align-center\" data-align=\"center\"><a href=\"https:\/\/cj.estrategia.com\/portal\/prova-comentada-direito-processo-penal-mp-sp-promotor-2025\/\" target=\"_blank\" >Direito Processo Penal<\/a><\/td><\/tr><tr><td class=\"has-text-align-center\" data-align=\"center\"><a href=\"https:\/\/cj.estrategia.com\/portal\/prova-comentada-direito-civil-mp-sp-promotor-2025\/\" target=\"_blank\" >Direito Civil<\/a><\/td><\/tr><tr><td class=\"has-text-align-center\" data-align=\"center\"><a href=\"https:\/\/cj.estrategia.com\/portal\/prova-comentada-direito-processo-civil-mp-sp-promotor-2025\/\" target=\"_blank\" >Direito Processo Civil<\/a><\/td><\/tr><tr><td class=\"has-text-align-center\" data-align=\"center\"><a href=\"https:\/\/cj.estrategia.com\/portal\/prova-comentada-direito-constitucional-mp-sp-promotor-2025\/\" target=\"_blank\" >Direito Constitucional<\/a><\/td><\/tr><tr><td class=\"has-text-align-center\" data-align=\"center\"><a href=\"https:\/\/cj.estrategia.com\/portal\/prova-comentada-infancia-e-juventude-mp-sp-promotor\/\" target=\"_blank\" >Inf\u00e2ncia e juventude<\/a><\/td><\/tr><tr><td class=\"has-text-align-center\" data-align=\"center\"><a href=\"https:\/\/cj.estrategia.com\/portal\/prova-comentada-direito-comercial-e-empresarial-mp-sp-promotor-2\/\" target=\"_blank\" >Direito comercial e Empresarial<\/a><\/td><\/tr><tr><td class=\"has-text-align-center\" data-align=\"center\"><a href=\"https:\/\/cj.estrategia.com\/portal\/prova-comentada-tutela-de-interesses-difusos-coletivos-e-individuais-homogeneos-mp-sp-promotor\/\" target=\"_blank\" >Tutela de interesses difusos, coletivos e individuais homog\u00eaneos<\/a><\/td><\/tr><tr><td class=\"has-text-align-center\" data-align=\"center\"><a href=\"https:\/\/cj.estrategia.com\/portal\/prova-comentada-direitos-humanos-mp-sp-promotor\/\" target=\"_blank\" >Direitos Humanos<\/a><\/td><\/tr><tr><td class=\"has-text-align-center\" data-align=\"center\"><a href=\"https:\/\/cj.estrategia.com\/portal\/prova-comentada-direito-administrativo-mp-sp-promotor\/\" target=\"_blank\" >Direito Administrativo<\/a><\/td><\/tr><tr><td class=\"has-text-align-center\" data-align=\"center\"><a href=\"https:\/\/cj.estrategia.com\/portal\/prova-comentada-direito-eleitoral-mp-sp-promotor\/\" target=\"_blank\" >Direito Eleitoral<\/a><\/td><\/tr><\/tbody><\/table><\/figure>\n\n\n\n<h3 class=\"wp-block-heading\" id=\"h-contaremos-com-os-seguintes-professores\"><span id=\"contaremos-com-os-seguintes-professores\">Contaremos com os seguintes professores:<\/span><\/h3>\n\n\n\n<figure class=\"wp-block-table is-style-stripes\"><table class=\"has-luminous-vivid-amber-background-color has-background\"><thead><tr><th class=\"has-text-align-center\" data-align=\"center\">Disciplina<\/th><th class=\"has-text-align-center\" data-align=\"center\">Professor<\/th><\/tr><\/thead><tbody><tr><td class=\"has-text-align-center\" data-align=\"center\">Direito Processo Penal<\/td><td class=\"has-text-align-center\" data-align=\"center\">Guilherme Rezende<\/td><\/tr><tr><td class=\"has-text-align-center\" data-align=\"center\">Direito Administrativo<\/td><td class=\"has-text-align-center\" data-align=\"center\">Rodolfo Penna<\/td><\/tr><tr><td class=\"has-text-align-center\" data-align=\"center\">Direito Constitucional<\/td><td class=\"has-text-align-center\" data-align=\"center\">Vinicius Zoponi<\/td><\/tr><tr><td class=\"has-text-align-center\" data-align=\"center\">Direitos Humanos<\/td><td class=\"has-text-align-center\" data-align=\"center\">Vinicius Zoponi<\/td><\/tr><tr><td class=\"has-text-align-center\" data-align=\"center\">Direito Penal\u00a0<\/td><td class=\"has-text-align-center\" data-align=\"center\">Michael Proc\u00f3pio<\/td><\/tr><tr><td class=\"has-text-align-center\" data-align=\"center\">Legisla\u00e7\u00e3o penal especial<\/td><td class=\"has-text-align-center\" data-align=\"center\">Alex Fadel<\/td><\/tr><tr><td class=\"has-text-align-center\" data-align=\"center\">Direito Civil<\/td><td class=\"has-text-align-center\" data-align=\"center\">Paulo Sousa<\/td><\/tr><tr><td class=\"has-text-align-center\" data-align=\"center\">Direito Processo Civil<\/td><td class=\"has-text-align-center\" data-align=\"center\">Rodrigo Vaslin<\/td><\/tr><tr><td class=\"has-text-align-center\" data-align=\"center\">Tutela de interesses difusos<br>coletivos e individuais homog\u00eaneos<\/td><td class=\"has-text-align-center\" data-align=\"center\">Gustavo Cordeiro<\/td><\/tr><tr><td class=\"has-text-align-center\" data-align=\"center\">Direito comercial e Empresarial<\/td><td class=\"has-text-align-center\" data-align=\"center\">Nick Simonek<\/td><\/tr><tr><td class=\"has-text-align-center\" data-align=\"center\">Inf\u00e2ncia e juventude<\/td><td class=\"has-text-align-center\" data-align=\"center\">Alex Fadel<\/td><\/tr><tr><td class=\"has-text-align-center\" data-align=\"center\">Direito Eleitoral<\/td><td class=\"has-text-align-center\" data-align=\"center\">Leonardo Fernandes<\/td><\/tr><\/tbody><\/table><\/figure>\n\n\n\n<h2 class=\"wp-block-heading\" id=\"h-gabarito-extraoficial-mp-sp-promotor-0\"><span id=\"gabarito-extraoficial-mp-sp-promotor-2\">Gabarito Extraoficial: MP SP Promotor<\/span><\/h2>\n\n\n\n<p>Abaixo, voc\u00ea confere os gabaritos das quest\u00f5es corrigidas pelos nossos professores:<\/p>\n\n\n\n<figure class=\"wp-block-table is-style-stripes\"><table class=\"has-luminous-vivid-amber-background-color has-background has-fixed-layout\"><thead><tr><th>QUEST\u00d5ES<\/th><th>RESPOSTAS<\/th><th>COMENT\u00c1RIOS<\/th><\/tr><\/thead><tbody><tr><td>1-O artigo 1\u00ba do C\u00f3digo Penal (\u201cN\u00e3o h\u00e1 crime sem lei\u2026<\/td><td><strong>C<\/strong> \u2013 II, IV e V<\/td><td>ADO 26<\/td><\/tr><tr><td>2-A rela\u00e7\u00e3o de casualidade \u00e9 tema estrutural\u2026<\/td><td><strong>A<\/strong> \u2013 O \u00a7 do 2\u00ba do artigo 13\u2026<\/td><td><\/td><\/tr><tr><td>3-Uma promotora de justi\u00e7a ofereceu den\u00fancia perante\u2026<\/td><td><strong>C<\/strong> \u2013 A den\u00fancia imputou ao condutor\u2026<\/td><td><\/td><\/tr><tr><td>4-Os artigos 35 da Lei n\u00ba 11.343\/2006\u2026<\/td><td><strong>D<\/strong> \u2013 II e IV<\/td><td>Jurisprud\u00eancia<\/td><\/tr><tr><td>5-A Lei n\u00ba 9.605\/1998 veio em resposta ao mandamento\u2026<\/td><td><strong>B<\/strong> \u2013 Reconheceu-se o concurso formal\u2026<\/td><td>STJ, AgRg no AREsp n. 1.068.614\/SP, Quinta Turma, julgado em 8\/8\/2017, DJe de 25\/8\/2017<\/td><\/tr><tr><td>6-O crime de inj\u00faria racial, que, at\u00e9 a promulga\u00e7\u00e3o da Lei\u2026<\/td><td><strong>B <\/strong>\u2013 II e III<\/td><td><\/td><\/tr><tr><td>7-Um jovem de 20 anos foi \u00e0 casa da v\u00edtima\u2026<\/td><td><strong>E<\/strong> \u2013 Todos os crimes previsto na Lei\u2026<\/td><td><\/td><\/tr><tr><td>8-A Lei n\u00ba 10.741\/2003 (Estatuto da Pessoa Idosa)\u2026<\/td><td><strong>A<\/strong> \u2013 A a\u00e7\u00e3o penal ser\u00e1 p\u00fablica\u2026<\/td><td>Artigo 171, \u00a7 5\u00ba, IV, do CP<\/td><\/tr><tr><td>9-A Resolu\u00e7\u00e3o CNJ 487\/2023 (alterada pela Resolu\u00e7\u00e3o\u2026<\/td><td><strong>D<\/strong> \u2013 Apesar de a medida de seguran\u00e7a\u2026<\/td><td>S\u00famula 527 do STJ<\/td><\/tr><tr><td>10-O artigo 23, <em>caput<\/em>, do C\u00f3digo Penal trata das\u2026<\/td><td><strong>C<\/strong> \u2013 I, II e IV<\/td><td>ADPF 779<\/td><\/tr><tr><td>11-O rol dos crimes contra a liberdade pessoal, descritos\u2026<\/td><td><strong>D<\/strong> \u2013 I, II e V<\/td><td>Artigos 146-A, caput e par\u00e1grafo \u00fanico, 147-A, 147-B, do CP, e artigo 1\u00ba, da Lei n. 8072\/90<\/td><\/tr><tr><td>12-O artigo 227, \u00a7 4\u00ba, da Constitui\u00e7\u00e3o Federal disp\u00f5e\u2026<\/td><td><strong>C<\/strong> \u2013 Acrescentou o \u00a7 1\u00ba ao artigo 226\u2026<\/td><td>Artigo 226, \u00a7 1\u00ba, do ECA, Lei n. 14.344\/2022<\/td><\/tr><tr><td>13-Os crimes de concuss\u00e3o (artigo 316, <em>caput<\/em>, do C\u00f3digo\u2026<\/td><td><strong>B<\/strong> \u2013  Sob a perspectiva da classifica\u00e7\u00e3o\u2026<\/td><td>STJ, AgRg no AREsp 1389718\/RS, Rel. Min. Reynaldo Soares da Fonseca, Quinta Turma, DJe 17\/12\/19<\/td><\/tr><tr><td>14-A Lei n\u00ba 14.321\/2022 alterou a Lei n\u00ba 13.869\/2019 (Abuso\u2026<\/td><td><strong>E<\/strong> \u2013 Se o agente p\u00fablico intimidara a v\u00edtima\u2026<\/td><td><\/td><\/tr><tr><td>15-O esporte tem, entre outros, como princ\u00edpios\u2026<\/td><td><strong>E<\/strong> \u2013 A Lei Geral do Esporte revogou\u2026<\/td><td><\/td><\/tr><tr><td>16-Assinale a alternativa correta sobre as medidas\u2026<\/td><td><strong>A<\/strong> \u2013 Segundo a Lei maria da Penha\u2026<\/td><td><\/td><\/tr><tr><td>17-Assinale a alternativa correta a respeito da intercep\u00e7\u00e3o\u2026<\/td><td><strong>C <\/strong>\u2013 O artigo 2\u00ba, III, da lei n\u00ba 9.296\/1996\u2026<\/td><td><\/td><\/tr><tr><td>18-Assinale a alternativa correta a respeito dos debates\u2026<\/td><td><strong>D<\/strong> \u2013 Conclu\u00eddos os debates, o juiz presidente\u2026<\/td><td><\/td><\/tr><tr><td>19-Em rela\u00e7\u00e3o \u00e0 senten\u00e7a, \u00e9 correto afirmar:<\/td><td><strong>B<\/strong> \u2013 Embora admitida a fundamenta\u00e7\u00e3o\u2026<\/td><td><\/td><\/tr><tr><td>20-Em rela\u00e7\u00e3o ao Acordo de N\u00e3o Persecu\u00e7\u00e3o Penal (ANPP)\u2026<\/td><td><strong>A<\/strong> \u2013 O Minist\u00e9rio P\u00fablico n\u00e3o \u00e9 obrigado a notificar\u2026<\/td><td><\/td><\/tr><tr><td>21-No que diz respeito \u00e0 pris\u00e3o preventiva, \u00e9 correto afirmar:<\/td><td><strong>E<\/strong> \u2013 A exig\u00eancia de revis\u00e3o peri\u00f3dica\u2026<\/td><td><\/td><\/tr><tr><td>22-Em rela\u00e7\u00e3o \u00e0 legalidade das a\u00e7\u00f5es das Guardas\u2026<\/td><td><strong>C<\/strong> \u2013 N\u00e3o est\u00e1 proibida a realiza\u00e7\u00e3o de patrulhamento\u2026<\/td><td><\/td><\/tr><tr><td>23-Assinale a alternativa correta a respeito das provas\u2026<\/td><td><strong>B<\/strong> \u2013 O Supremo Tribunal Federal proclamou\u2026<\/td><td><\/td><\/tr><tr><td>24-Em rela\u00e7\u00e3o ao juiz das garantias\u2026<\/td><td><strong>A<\/strong> \u2013 As regras relativas ao juiz das garantias\u2026<\/td><td><\/td><\/tr><tr><td>25-Em rela\u00e7\u00e3o a inqu\u00e9rito policial e \u00e0 investiga\u00e7\u00e3o\u2026<\/td><td><strong>A<\/strong> \u2013 H\u00e1 duas alternativas corretas.<\/td><td><\/td><\/tr><tr><td>26-Assinale a alternativa correta a respeito da pena de multa.<\/td><td><strong>A<\/strong> \u2013 De acordo com o entendimento do Superior Tribunal\u2026<\/td><td><\/td><\/tr><tr><td>27-Em rela\u00e7\u00e3o aos recursos no processo penal, \u00e9 correto\u2026<\/td><td><strong>D<\/strong> \u2013 Apresentadas as raz\u00f5es e contrarraz\u00f5es\u2026<\/td><td><\/td><\/tr><tr><td>28-A respeito da personalidade e da capacidade jur\u00eddica\u2026<\/td><td><strong>A <\/strong>\u2013 O representante do incapaz manifesta\u2026<\/td><td>doutrina<\/td><\/tr><tr><td>29-Assinale a alternativa correta em rela\u00e7\u00e3o ao neg\u00f3cio\u2026<\/td><td><strong>C <\/strong>\u2013 S\u00e3o requisitos de validade\u2026<\/td><td>art. 104 do\u00a0CC<\/td><\/tr><tr><td>30-Em rela\u00e7\u00e3o direito das obriga\u00e7\u00f5es, assinale\u2026<\/td><td><strong>B<\/strong> \u2013 Todos os bens do devedor\u2026<\/td><td>art. 391 do\u00a0CC<\/td><\/tr><tr><td>31-Sobre o instituto da responsabilidade civil\u2026<\/td><td><strong>D<\/strong> \u2013  O sistema geral da responsabilidade civil\u2026<\/td><td>art. 927, caput e par\u00e1grafo \u00fanico, do\u00a0CC<\/td><\/tr><tr><td>32-Em rela\u00e7\u00e3o aos contratos em geral, assinale\u2026<\/td><td><strong>C<\/strong> \u2013 Caso o contrato de doa\u00e7\u00e3o seja feiro\u2026<\/td><td>arts. 544 e 2.005 do\u00a0CC; REsp 1.523.552<strong>*<\/strong><\/td><\/tr><tr><td>33-Nos termos da legisla\u00e7\u00e3o civil a respeito da aquisi\u00e7\u00e3o\u2026<\/td><td><strong>E<\/strong> \u2013 A prescri\u00e7\u00e3o aquisitiva\u2026<\/td><td>art. 1.238 caput e PU\u00a0do\u00a0CC<\/td><\/tr><tr><td>34-A respeito do casamento, assinale\u2026<\/td><td><strong>A<\/strong> \u2013 O neg\u00f3cio antinupcial \u00e9 o contrato\u2026<\/td><td>art. 1.640, par\u00e1grafo \u00fanico, do\u00a0CC<\/td><\/tr><tr><td>35-Assinale a alternativa correta em rela\u00e7\u00e3o ao instituto da ado\u00e7\u00e3o.<\/td><td><strong>A<\/strong> \u2013 O Minist\u00e9rio P\u00fablico, assim como\u2026<\/td><td>art. 155 do ECA e jurisprud\u00eancia do STJ, em segredo de justi\u00e7a<\/td><\/tr><tr><td>36-Sobre sucess\u00e3o testament\u00e1ria, de acordo com\u2026<\/td><td><strong>D<\/strong> \u2013 A sucess\u00e3o testament\u00e1ria\u2026<\/td><td>art. 1.857, caput e par\u00e1grafos, do CC<\/td><\/tr><tr><td>37-Em rela\u00e7\u00e3o \u00e0 aceita\u00e7\u00e3o e \u00e0 ren\u00fancia\u2026<\/td><td><strong>B<\/strong> \u2013 A aceita\u00e7\u00e3o da heran\u00e7a toma\u2026<\/td><td>art. 1.812 do CC<\/td><\/tr><tr><td>38-Interposto recurso de apela\u00e7\u00e3o sem que a\u2026<\/td><td><strong>C<\/strong> \u2013 Ap\u00f3s o prazo para reapresenta\u00e7\u00e3o\u2026<\/td><td><\/td><\/tr><tr><td>39-Sobre o procedimento de jurisdi\u00e7\u00e3o volunt\u00e1ria\u2026<\/td><td><strong>E<\/strong> \u2013 Os itens II e V est\u00e3o corretos<\/td><td><\/td><\/tr><tr><td>40-Considere as afirma\u00e7\u00f5es que seguem:<\/td><td><strong>E<\/strong> \u2013 Os itens III e V est\u00e3o incorretos<\/td><td><\/td><\/tr><tr><td>41-Assinale a alternativa <strong>incorreta<\/strong>.<\/td><td><strong>C<\/strong> \u2013 O fato de a empresa devedora estar\u2026<\/td><td><\/td><\/tr><tr><td>42-Assinale a alternativa <strong>incorreta<\/strong>.<\/td><td><strong>A<\/strong> \u2013 O Supremo Tribunal Federal admite o chamado\u2026<\/td><td><\/td><\/tr><tr><td>43-Sobre a desconsidera\u00e7\u00e3o inversa\u2026<\/td><td><strong>E<\/strong> \u2013 A decis\u00e3o que acolhe ou rejeita o incidente\u2026<\/td><td><\/td><\/tr><tr><td>44-\u00c9 licito ao r\u00e9u, antes de ser\u2026<\/td><td><strong>D<\/strong> \u2013 Ouvido o autor no prazo de 5 dias\u2026<\/td><td><\/td><\/tr><tr><td>45-A decis\u00e3o judicial transitada em julgado\u2026<\/td><td><strong>B<\/strong> \u2013 As decis\u00f5es ou senten\u00e7as que fixam alimentos\u2026<\/td><td><\/td><\/tr><tr><td>46-Segundo a jurisprud\u00eancia atualizada\u2026<\/td><td><strong>D<\/strong> \u2013 Conselho Nacional do Minist\u00e9rio P\u00fablico<\/td><td><\/td><\/tr><tr><td>47-Assinale a alternativa <strong>incorreta<\/strong>.<\/td><td><strong>D<\/strong> \u2013 Os embargos de declara\u00e7\u00e3o ser\u00e3o\u2026<\/td><td><\/td><\/tr><tr><td>48-De acordo com a Constitui\u00e7\u00e3o Federal\u2026<\/td><td><strong>C<\/strong> \u2013 O Minist\u00e9rio P\u00fablico junto ao Tribunal de Contas\u2026<\/td><td>jurisprud\u00eancia do STF; ex. ADI 5254<\/td><\/tr><tr><td>49-A respeito da interven\u00e7\u00e3o federal\u2026<\/td><td><strong>A<\/strong> \u2013 Desde que suficiente ao reestabelecimento\u2026<\/td><td>CF88, art. 36, \u00a7 3\u00ba<\/td><\/tr><tr><td>50-Acerda da teoria do poder\u2026<\/td><td><strong>E<\/strong> \u2013 O Ato das Disposi\u00e7\u00f5es Constitucionais\u2026<\/td><td>doutrina<\/td><\/tr><tr><td>51-Acerca do processo legislativo\u2026<\/td><td><strong>A <\/strong>\u2013 A exig\u00eancia de pr\u00e9via autoriza\u00e7\u00e3o\u2026<\/td><td>STF, ADI 1726<\/td><\/tr><tr><td>52-A seguridade processual compreende\u2026<\/td><td><strong>C<\/strong> \u2013 A pessoa jur\u00eddica em d\u00e9bito com o sistema\u2026<\/td><td>CF88, art. 195, \u00a7 3\u00ba<\/td><\/tr><tr><td>53-A respeito da jurisprud\u00eancia atual e\u2026<\/td><td><strong>B<\/strong> \u2013 \u00c9 constitucional a incid\u00eancia de contribui\u00e7\u00e3o\u2026<\/td><td>STF, Tema 72 da Repercuss\u00e3o Geral<\/td><\/tr><tr><td>54-A respeito da sistem\u00e1tica constitucional\u2026<\/td><td><strong>D<\/strong> \u2013 O sistema constitucional de reparti\u00e7\u00e3o\u2026<\/td><td>doutrina<\/td><\/tr><tr><td>55-Considerando a legisla\u00e7\u00e3o, bem como\u2026<\/td><td><strong>C<\/strong> \u2013 A pessoa f\u00edsica tem representatividade adequada\u2026<\/td><td>jurisprud\u00eancia do STF; exs.: ADPF 513 AgR e ADI 3396<\/td><\/tr><tr><td>56-De acordo com as disposi\u00e7\u00f5es constitucionais\u2026<\/td><td><strong>A<\/strong> \u2013 A lei poder\u00e1 estabelecer distin\u00e7\u00e3o\u2026<\/td><td>CF88, art. 12, \u00a7 2\u00ba e \u00a7 3\u00ba, inc. VII<\/td><\/tr><tr><td>57-A respeito da teoria dos fen\u00f4menos\u2026<\/td><td><strong>A<\/strong> \u2013 Em raz\u00e3o da ado\u00e7\u00e3o do princ\u00edpio\u2026<\/td><td>jurisprud\u00eancia do STF; sinaliza\u00e7\u00e3o de anula\u00e7\u00e3o, por 2 alternativas corretas: A e E<\/td><\/tr><tr><td>58-De acordo com a Constitui\u00e7\u00e3o Federal e a jurisprud\u00eancia\u2026<\/td><td><strong>C<\/strong> \u2013 O principio da proibi\u00e7\u00e3o do retrocesso\u2026<\/td><td>jurisprud\u00eancia do STF; ex.: ADI 5224<\/td><\/tr><tr><td>59-Acerca do mandado de seguran\u00e7a\u2026<\/td><td><strong>C<\/strong> \u2013 O Minist\u00e9rio P\u00fablico possui legitimidade ativa..<\/td><td>STJ, RMS 67108<\/td><\/tr><tr><td>60-A um socioeducando a quem foi\u2026<\/td><td><strong>B<\/strong> \u2013 Quando aplicada qualquer das medidas socioeducativas previstas no artigo 112, incisos I a VI, do ECA, tamb\u00e9m podem\u2026<\/td><td><\/td><\/tr><tr><td>61-A Lei n\u00ba 13.431\/2017\u2026<\/td><td><strong>A <\/strong>\u2013 \u00c9 garantido \u00e0 vitima ou testemunha de viol\u00eancia\u2026<\/td><td><\/td><\/tr><tr><td>62-Al\u00e9m da orfandade, entre outras\u2026<\/td><td><strong>D<\/strong> \u2013 Na hip\u00f3tese de impossibilidade de reintegra\u00e7\u00e3o\u2026<\/td><td><\/td><\/tr><tr><td>63-um Promotor de Justi\u00e7a, que\u2026<\/td><td><strong>E<\/strong> \u2013 O Prefeito Municipal incorreu\u2026<\/td><td><\/td><\/tr><tr><td>64-Recente estudo realizado\u2026<\/td><td><strong>E <\/strong>\u2013 II, III e V<\/td><td><\/td><\/tr><tr><td>65-A Lei n\u00ba 12.594\/2012 instituiu\u2026<\/td><td><strong>A<\/strong> \u2013 Est\u00e3o entre os princ\u00edpios que regem\u2026<\/td><td><\/td><\/tr><tr><td>66-Considerando o posicionamento majorit\u00e1rio\u2026<\/td><td><strong>B<\/strong> \u2013 Na intima\u00e7\u00e3o do protesto para\u2026<\/td><td>S\u00famula 361, STJ<br>A notifica\u00e7\u00e3o do protesto, para requerimento de fal\u00eancia da empresa devedora, exige a identifica\u00e7\u00e3o da pessoa que a recebeu<\/td><\/tr><tr><td>67-Considerando que a  partir da vig\u00eancia\u2026<\/td><td><strong>C<\/strong> \u2013 O ju\u00edzo recuperacional conceder\u00e1\u2026<\/td><td>REsp 2.082.781<\/td><\/tr><tr><td>68-Assinale a alternativa <strong>incorreta<\/strong>.<\/td><td><strong>A<\/strong> \u2013 O credor dever\u00e1 apresentar pedido\u2026<\/td><td>Art. 10. N\u00e3o observado o prazo estipulado no art. 7\u00ba , \u00a7 1\u00ba , desta Lei, as habilita\u00e7\u00f5es de cr\u00e9dito ser\u00e3o recebidas como retardat\u00e1rias.<br>\u00a7 10. O credor dever\u00e1 apresentar pedido de habilita\u00e7\u00e3o ou de reserva de cr\u00e9dito em, no m\u00e1ximo, 3 (tr\u00eas) anos, contados da data de publica\u00e7\u00e3o da senten\u00e7a que decretar a fal\u00eancia, sob pena de decad\u00eancia<\/td><\/tr><tr><td>69-Assinale a alternativa <strong>incorreta<\/strong>.<\/td><td><strong>E<\/strong> \u2013 O pedido de fal\u00eancia de institui\u00e7\u00e3o financeira\u2026<\/td><td>lEI 6024<br>Art . 21. A vista do relat\u00f3rio ou da proposta previstos no artigo 11, apresentados pelo liquidante na conformidade do artigo anterior o Banco Central do Brasil poder\u00e1 autoriz\u00e1-lo a:<br><code>a) prosseguir na liquida\u00e7\u00e3o extrajudicial; <\/code><br><code>b) requerer a fal\u00eancia da entidade, quando o seu ativo n\u00e3o for suficiente para cobrir pelo menos a metade do valor dos cr\u00e9ditos quirograf\u00e1rios, ou quando houver fundados ind\u00edcios de crimes falimentares.<\/code><\/td><\/tr><tr><td>70-Considerando que todo indiv\u00edduo\u2026<\/td><td><strong>D<\/strong> \u2013 Propor a\u00e7\u00e3o civil p\u00fablica\u2026<\/td><td>CF, art. 225 (prote\u00e7\u00e3o ao meio ambiente) e art. 6\u00ba (direito \u00e0 moradia)<\/td><\/tr><tr><td>71-No caso de negativa\u2026<\/td><td><strong>A<\/strong> \u2013 Eventual cl\u00e1usula que exclua\u2026<\/td><td>Tema 1069 do STJ (REsps 1.870.834-SP e 1.872.321-SP)<\/td><\/tr><tr><td>72-uma associa\u00e7\u00e3o, que te como objeto\u2026<\/td><td><strong>A<\/strong> \u2013 A associa\u00e7\u00e3o tem legitimidade\u2026<\/td><td>Art. 5\u00ba, V, da Lei n\u00ba 7.347\/85 e art. 81, par\u00e1grafo \u00fanico, III, do CDC<\/td><\/tr><tr><td>73-Em uma \u00c1rea de Preserva\u00e7\u00e3o\u2026<\/td><td><strong>B<\/strong>\u2013 O alienante do im\u00f3vel n\u00e3o se\u2026<\/td><td>S\u00famula 623 do STJ<\/td><\/tr><tr><td>74-O regime de improbidade\u2026<\/td><td><strong>B<\/strong> \u2013 A norma ben\u00e9fica da lei n\u00ba 14.230\/2021 \u00e9\u2026<\/td><td>Tema 1199 de Repercuss\u00e3o Geral do STF (ADI 7.326\/DF, ADI 7.331\/DF e RE 1.585.1935\/GO)<\/td><\/tr><tr><td>75-Assinale a alternativa <strong>incorreta<\/strong>.<\/td><td><strong>E<\/strong> \u2013  Embora a educa\u00e7\u00e3o infantil seja um direito\u2026<\/td><td>Tema 548 do STF (RE 1008166\/SC)<\/td><\/tr><tr><td>76-Sobre a cria\u00e7\u00e3o e manuten\u00e7\u00e3o\u2026<\/td><td><strong>C<\/strong> \u2013 Para a forma\u00e7\u00e3o do banco de dados\u2026<\/td><td>Art. 3\u00ba, \u00a71\u00ba, da Lei n\u00ba 12.414\/2011 (Lei do Cadastro Positivo)<\/td><\/tr><tr><td>77-Uma pessoa (A) teve sua\u2026<\/td><td><strong>D<\/strong> \u2013 Tem direito de exigir a retirada\u2026<\/td><td>S\u00famula 479 do STJ e REsp 1.197.929\/PR<\/td><\/tr><tr><td>78-Considere a seguintes afirma\u00e7\u00f5es:<\/td><td><strong>A<\/strong> \u2013 A hip\u00f3tese III est\u00e1 incorreta.<\/td><td>REsp 1.929.211\/MT<\/td><\/tr><tr><td>79-Diante da constata\u00e7\u00e3o de atos\u2026<\/td><td><strong>E<\/strong> \u2013 O processo cuida de a\u00e7\u00e3o de repara\u00e7\u00e3o\u2026<\/td><td>Art. 19, \u00a74\u00ba, da Lei n\u00ba 12.846\/2013 (Lei Anticorrup\u00e7\u00e3o)<\/td><\/tr><tr><td>80-Uma lei estadual foi promulgada\u2026<\/td><td><strong>E<\/strong> \u2013 A lei estadual \u00e9 constitucional\u2026<\/td><td>CF, art. 225, \u00a71\u00ba, VII e ADI 1.856\/RJ<\/td><\/tr><tr><td>81-No que se refere \u00e0 disciplina jur\u00eddica\u2026<\/td><td><strong>B<\/strong> \u00c9 vedada, expressa ou implicitamente\u2026<\/td><td>Art. 54-C, III, do CDC (Lei n\u00ba 8.078\/90, alterada pela Lei n\u00ba 14.181\/2021)<\/td><\/tr><tr><td>82-Decorrido um ano do tr\u00e2nsito\u2026<\/td><td><strong>B<\/strong> \u2013  Os legitimados para propositura\u2026<\/td><td>Art. 100 e par\u00e1grafo \u00fanico do CDC (Lei n\u00ba 8.078\/90)<\/td><\/tr><tr><td>83-Assinale a alternativa <strong>incorreta<\/strong>.<\/td><td><strong>C<\/strong> \u2013 A senten\u00e7a proferida em a\u00e7\u00e3o p\u00fablica\u2026<\/td><td>REsp 1.243.887\/PR (Tema 480\/STJ)<\/td><\/tr><tr><td>84-No contexto da imuniza\u00e7\u00e3o\u2026<\/td><td><strong>A<\/strong> \u2013 Impor aos pais a obrigatoriedade de vacinar\u2026<\/td><td>STF, Tema 1103 da Repercuss\u00e3o Geral<\/td><\/tr><tr><td>85-A Lei n\u00ba 10.741, de 1\u00ba de outubro\u2026<\/td><td><strong>D<\/strong> \u2013 Aos maiores de 65 anos fica assegurada a gratuidade nos transportes coletivos p\u00fablicos urbanos e semiurbanos.<\/td><td>Estatuto da Pessoa Idosa, art. 39<\/td><\/tr><tr><td>86-A comercializa\u00e7\u00e3o de produtos\u2026<\/td><td><strong>E<\/strong> \u2013 \u00c9 vedada (esse tipo de publicidade)\u2026<\/td><td>Lei n. 11.265\/2006, art. 4\u00ba c.c. art. 2\u00ba, inc. I<\/td><\/tr><tr><td>87-A Constitui\u00e7\u00e3o Federal garante\u2026<\/td><td><strong>A<\/strong> \u2013 S\u00e3o obrigadas a oferecer 1 ve\u00edculo\u2026<\/td><td>Lei n. 13.146\/2015, art. 52<\/td><\/tr><tr><td>88-Assinale a alternativa correta a respeito da cl\u00e1usula\u2026<\/td><td><strong>B<\/strong> \u2013 As normas de reg\u00eancia desse mecanismo\u2026<\/td><td><\/td><\/tr><tr><td>89-Assinale a alternativa correta sobre a desapropria\u00e7\u00e3o\u2026<\/td><td><strong>B<\/strong> \u2013 Os concession\u00e1rios, inclusive aqueles\u2026<\/td><td><\/td><\/tr><tr><td>90-Assinale a alternativa <strong>incorreta <\/strong>a respeito dos impactos\u2026<\/td><td><strong>E<\/strong> \u2013 Em decis\u00e3o sobre regularidade\u2026<\/td><td><\/td><\/tr><tr><td>91-Assinale a alternativa correta em rela\u00e7\u00e3o \u00e0 Lei de Improbidade\u2026<\/td><td><strong>C<\/strong> \u2013 O Supremo Tribunal Federal decidiu\u2026.<\/td><td><\/td><\/tr><tr><td>92-Assinale a alternativa correta a respeito da dispensa de licita\u00e7\u00e3o\u2026<\/td><td><strong>B<\/strong> \u2013 O Supremo Tribunal Federal considerou\u2026<\/td><td><\/td><\/tr><tr><td>93-Assinale a alternativa correta sobre o acordo\u2026<\/td><td><strong>D<\/strong> \u2013 Caso a possibilidade do ajuste surja\u2026<\/td><td><\/td><\/tr><tr><td>94-Assinale a alternativa <strong>incorreta <\/strong>sobre servidores p\u00fablicos.<\/td><td><strong>C<\/strong> \u2013 \u00e9 vedada a contrata\u00e7\u00e3o de c\u00f4njuge<\/td><td><\/td><\/tr><tr><td>95-Assinale a alternativa correta sobre o processo administrativo\u2026<\/td><td><strong>A<\/strong> \u2013 Os processos ser\u00e3o instru\u00eddos pela Comiss\u00e3o\u2026<\/td><td><\/td><\/tr><tr><td>96-Assinale a alternativa correta, considerando o disposto\u2026<\/td><td><strong>D<\/strong> \u2013 As informa\u00e7\u00f5es pessoais relacionadas\u2026<\/td><td><\/td><\/tr><tr><td>97-Considerando o disposto na Lei n\u00ba 14.133\u2026<\/td><td><strong>E<\/strong> \u2013 O di\u00e1logo competitivo \u00e9 modalidade\u2026<\/td><td><\/td><\/tr><tr><td>98-A respeito da propaganda eleitoral\u2026<\/td><td><strong>A <\/strong>\u2013 Apenas I, II e IV s\u00e3o verdadeiras.<\/td><td><\/td><\/tr><tr><td>99-A respeito das a\u00e7\u00f5es eleitorais\u2026<\/td><td><strong>D <\/strong>\u2013 Nos processos de registro de candidatura\u2026<\/td><td><\/td><\/tr><tr><td>100-A Lei Complementar n\u00ba 135\/2010\u2026<\/td><td><strong>D <\/strong>\u2013 Admite-se a substitui\u00e7\u00e3o processual\u2026<\/td><td><\/td><\/tr><\/tbody><\/table><figcaption class=\"wp-element-caption\">Tabela de quest\u00f5es prova MP SP Promotor.<\/figcaption><\/figure>\n\n\n\n<p class=\"has-text-align-center has-luminous-vivid-amber-background-color has-background has-medium-font-size\"><strong>Saiba mais: <a href=\"https:\/\/cj.estrategia.com\/portal\/concurso-mp-sp-promotor\/\" target=\"_blank\" rel=\"noreferrer noopener nofollow\">Concurso MP SP Promotor<\/a><\/strong><\/p>\n\n\n\n<h2 class=\"wp-block-heading has-text-align-center\" id=\"cursos\"><span id=\"quer-saber-tudo-sobre-concursos-previstosconfira-nossos-artigos\">Quer saber tudo sobre concursos previstos?<br>Confira nossos artigos!<\/span><\/h2>\n\n\n\n<ul class=\"wp-block-list\">\n<li><a href=\"https:\/\/cj.estrategia.com\/portal\/concursos-abertos-carreiras-juridicas\/\" target=\"_blank\" >Concursos Jur\u00eddicos abertos<\/a><\/li>\n\n\n\n<li><a href=\"https:\/\/cj.estrategia.com\/portal\/concursos-2025-carreiras-juridicas\/\" target=\"_blank\" >Concurso Jur\u00eddicos 2025<\/a><\/li>\n<\/ul>\n\n\n\n<h2 class=\"wp-block-heading has-text-align-center\" id=\"assinatura-e-cursos\"><span id=\"quer-estudar-para-o-concurso-mp-sp-promotor\">Quer estudar para o concurso MP SP Promotor?<\/span><\/h2>\n\n\n\n<h2 class=\"wp-block-heading has-text-align-center\" id=\"cursos-ficha\"><span id=\"cursos-e-assinaturas\">Cursos e Assinaturas<\/span><\/h2>\n\n\n\n<p>O Estrat\u00e9gia Carreira Jur\u00eddica \u00e9 campe\u00e3o de aprova\u00e7\u00f5es nos concursos para Carreiras Jur\u00eddicas com um corpo docente qualificado e materiais completos. Conhe\u00e7a nossos cursos e garanta sua aprova\u00e7\u00e3o:<\/p>\n\n\n\n<div class=\"container\" id=\"boxes\">\n  <div class=\"row\">\n\n    <div class=\"col-sm\">\n      <div class=\"banner-estrategia-concursos-juridicos\" id=\"box-assinatura\">\n        <h3 id=\"cursos-para-mp-sp-promotor\" class=\"titulo-assinatura\">Cursos para MP SP Promotor<\/h3>\n        <p class=\"subtitulo-assinatura\">Conhe\u00e7a os cursos<\/p>\n        <div class=\"box-botao\">\n          <a class=\"btn-assinatura-juridica\" target=\"_blank\" href=\"https:\/\/cj.estrategia.com\/curso\/mp-sp-promotor-de-justica-pacote-teorico\/\" rel=\"noopener noreferrer\">Conhe\u00e7a mais<\/a>\n        <\/div>\n      <\/div>\n      <p class=\"texto-auxiliar\">Prepare-se com o melhor material e com quem mais aprova em Concursos P\u00fablicos em todo o pa\u00eds.<\/p>\n    <\/div>\n\n  <\/div>\n<\/div>\n\n\n\n<p><\/p>\n\n\n\n<div class=\"wp-block-cover\" style=\"min-height:155px;aspect-ratio:unset;\"><span aria-hidden=\"true\" class=\"wp-block-cover__background has-background-dim\"><\/span><img decoding=\"async\" width=\"1890\" height=\"351\" class=\"wp-block-cover__image-background wp-image-8669\" alt=\"Assinaturas Jur\u00eddicas\" src=\"https:\/\/cj.estrategia.com\/portal\/wp-content\/uploads\/2022\/06\/20151253\/concurso-carreiras-juridicas-assinatura-juridica.jpg\" data-object-fit=\"cover\" srcset=\"https:\/\/cj.estrategia.com\/portal\/wp-content\/uploads\/2022\/06\/20151253\/concurso-carreiras-juridicas-assinatura-juridica.jpg 1890w, https:\/\/cj.estrategia.com\/portal\/wp-content\/uploads\/2022\/06\/20151253\/concurso-carreiras-juridicas-assinatura-juridica-300x56.jpg 300w, https:\/\/cj.estrategia.com\/portal\/wp-content\/uploads\/2022\/06\/20151253\/concurso-carreiras-juridicas-assinatura-juridica-1024x190.jpg 1024w, https:\/\/cj.estrategia.com\/portal\/wp-content\/uploads\/2022\/06\/20151253\/concurso-carreiras-juridicas-assinatura-juridica-768x143.jpg 768w, https:\/\/cj.estrategia.com\/portal\/wp-content\/uploads\/2022\/06\/20151253\/concurso-carreiras-juridicas-assinatura-juridica-1536x285.jpg 1536w, https:\/\/cj.estrategia.com\/portal\/wp-content\/uploads\/2022\/06\/20151253\/concurso-carreiras-juridicas-assinatura-juridica-380x71.jpg 380w, https:\/\/cj.estrategia.com\/portal\/wp-content\/uploads\/2022\/06\/20151253\/concurso-carreiras-juridicas-assinatura-juridica-800x149.jpg 800w, https:\/\/cj.estrategia.com\/portal\/wp-content\/uploads\/2022\/06\/20151253\/concurso-carreiras-juridicas-assinatura-juridica-1160x215.jpg 1160w\" sizes=\"(max-width: 1890px) 100vw, 1890px\" \/><div class=\"wp-block-cover__inner-container is-layout-flow wp-block-cover-is-layout-flow\">\n<h3 id=\"faca-a-sua-assinatura\" class=\"titulo-assinatura\"><span style=\"color: #ffffff;\">Fa\u00e7a a sua assinatura!<\/span><\/h3>\n<p class=\"subtitulo-assinatura\" style=\"display:block!important; line-height: 0;\"><span style=\"color: #ffffff;\">Escolha a sua \u00e1rea.<\/span><\/p>\n<a target=\"_blank\" href=\"https:\/\/www.estrategiaconcursos.com.br\/assinaturas-ecj\/\" rel=\"noopener\"><button style=\"border-radius: 10px; text-transform: capitalize;\">Acessar<\/button><\/a>\n<\/div><\/div>\n\n\n\n<p><\/p>\n","protected":false},"excerpt":{"rendered":"Neste domingo, 16 de mar\u00e7o, foram aplicadas as provas do\u00a0Concurso MP SP Promotor e nossos professores realizaram a&hellip;\n","protected":false},"author":12,"featured_media":30902,"comment_status":"open","ping_status":"open","sticky":false,"template":"","format":"standard","meta":{"_jetpack_memberships_contains_paid_content":false,"footnotes":""},"categories":[25],"tags":[],"tax_estado":[56],"class_list":{"0":"post-104864","1":"post","2":"type-post","3":"status-publish","4":"format-standard","5":"has-post-thumbnail","7":"category-promotoria","8":"tax_estado-sp"},"acf":[],"yoast_head":"<!-- This site is optimized with the Yoast SEO Premium plugin v27.5 (Yoast SEO v27.5) - https:\/\/yoast.com\/product\/yoast-seo-premium-wordpress\/ -->\n<title>Gabarito extraoficial MP SP Promotor: veja seu desempenho!<\/title>\n<meta name=\"description\" content=\"Confira a corre\u00e7\u00e3o do gabarito das provas do concurso MP SP para Promotor AO VIVO em nosso canal do YOUTUBE e aqui neste artigo!\" \/>\n<meta name=\"robots\" content=\"index, follow, max-snippet:-1, max-image-preview:large, max-video-preview:-1\" \/>\n<link rel=\"canonical\" href=\"https:\/\/cj.estrategia.com\/portal\/gabarito-extraoficial-mp-sp-promotor-veja-seu-desempenho\/\" \/>\n<meta property=\"og:locale\" content=\"pt_BR\" \/>\n<meta property=\"og:type\" content=\"article\" \/>\n<meta property=\"og:title\" content=\"Gabarito extraoficial MP SP Promotor: veja seu desempenho!\" \/>\n<meta property=\"og:description\" content=\"Confira a corre\u00e7\u00e3o do gabarito das provas do concurso MP SP para Promotor AO VIVO em nosso canal do YOUTUBE e aqui neste artigo!\" \/>\n<meta property=\"og:url\" content=\"https:\/\/cj.estrategia.com\/portal\/gabarito-extraoficial-mp-sp-promotor-veja-seu-desempenho\/\" \/>\n<meta property=\"og:site_name\" content=\"Blog - Carreiras Jur\u00eddicas - Estrat\u00e9gia\" \/>\n<meta property=\"article:publisher\" content=\"https:\/\/www.facebook.com\/estrategiacarreirajuridica\/\" \/>\n<meta property=\"article:published_time\" content=\"2025-03-19T19:02:13+00:00\" \/>\n<meta property=\"article:modified_time\" content=\"2025-03-19T19:04:56+00:00\" \/>\n<meta property=\"og:image\" content=\"https:\/\/cj.estrategia.com\/portal\/wp-content\/uploads\/2023\/02\/07142359\/concurso-mp-sp-promotor-estado-de-sao-paulo-1.jpg\" \/>\n\t<meta property=\"og:image:width\" content=\"960\" \/>\n\t<meta property=\"og:image:height\" content=\"540\" \/>\n\t<meta property=\"og:image:type\" content=\"image\/jpeg\" \/>\n<meta name=\"author\" content=\"Coordena\u00e7\u00e3o\" \/>\n<meta name=\"twitter:card\" content=\"summary_large_image\" \/>\n<meta name=\"twitter:creator\" content=\"@EstratJuridica\" \/>\n<meta name=\"twitter:site\" content=\"@EstratJuridica\" \/>\n<meta name=\"twitter:label1\" content=\"Escrito por\" \/>\n\t<meta name=\"twitter:data1\" content=\"Coordena\u00e7\u00e3o\" \/>\n\t<meta name=\"twitter:label2\" content=\"Est. tempo de leitura\" \/>\n\t<meta name=\"twitter:data2\" content=\"13 minutos\" \/>\n<script type=\"application\/ld+json\" class=\"yoast-schema-graph\">{\"@context\":\"https:\\\/\\\/schema.org\",\"@graph\":[{\"@type\":\"NewsArticle\",\"@id\":\"https:\\\/\\\/cj.estrategia.com\\\/portal\\\/gabarito-extraoficial-mp-sp-promotor-veja-seu-desempenho\\\/#article\",\"isPartOf\":{\"@id\":\"https:\\\/\\\/cj.estrategia.com\\\/portal\\\/gabarito-extraoficial-mp-sp-promotor-veja-seu-desempenho\\\/\"},\"author\":{\"name\":\"Coordena\u00e7\u00e3o\",\"@id\":\"https:\\\/\\\/cj.estrategia.com\\\/portal\\\/#\\\/schema\\\/person\\\/4d70317d31449932b99102916b6637f5\"},\"headline\":\"Gabarito extraoficial MP SP Promotor: veja seu desempenho!\",\"datePublished\":\"2025-03-19T19:02:13+00:00\",\"dateModified\":\"2025-03-19T19:04:56+00:00\",\"mainEntityOfPage\":{\"@id\":\"https:\\\/\\\/cj.estrategia.com\\\/portal\\\/gabarito-extraoficial-mp-sp-promotor-veja-seu-desempenho\\\/\"},\"wordCount\":2401,\"commentCount\":0,\"publisher\":{\"@id\":\"https:\\\/\\\/cj.estrategia.com\\\/portal\\\/#organization\"},\"image\":{\"@id\":\"https:\\\/\\\/cj.estrategia.com\\\/portal\\\/gabarito-extraoficial-mp-sp-promotor-veja-seu-desempenho\\\/#primaryimage\"},\"thumbnailUrl\":\"https:\\\/\\\/cj.estrategia.com\\\/portal\\\/wp-content\\\/uploads\\\/2023\\\/02\\\/07142359\\\/concurso-mp-sp-promotor-estado-de-sao-paulo-1.jpg\",\"articleSection\":[\"Promotoria\"],\"inLanguage\":\"pt-BR\",\"potentialAction\":[{\"@type\":\"CommentAction\",\"name\":\"Comment\",\"target\":[\"https:\\\/\\\/cj.estrategia.com\\\/portal\\\/gabarito-extraoficial-mp-sp-promotor-veja-seu-desempenho\\\/#respond\"]}]},{\"@type\":\"WebPage\",\"@id\":\"https:\\\/\\\/cj.estrategia.com\\\/portal\\\/gabarito-extraoficial-mp-sp-promotor-veja-seu-desempenho\\\/\",\"url\":\"https:\\\/\\\/cj.estrategia.com\\\/portal\\\/gabarito-extraoficial-mp-sp-promotor-veja-seu-desempenho\\\/\",\"name\":\"Gabarito extraoficial MP SP Promotor: veja seu desempenho!\",\"isPartOf\":{\"@id\":\"https:\\\/\\\/cj.estrategia.com\\\/portal\\\/#website\"},\"primaryImageOfPage\":{\"@id\":\"https:\\\/\\\/cj.estrategia.com\\\/portal\\\/gabarito-extraoficial-mp-sp-promotor-veja-seu-desempenho\\\/#primaryimage\"},\"image\":{\"@id\":\"https:\\\/\\\/cj.estrategia.com\\\/portal\\\/gabarito-extraoficial-mp-sp-promotor-veja-seu-desempenho\\\/#primaryimage\"},\"thumbnailUrl\":\"https:\\\/\\\/cj.estrategia.com\\\/portal\\\/wp-content\\\/uploads\\\/2023\\\/02\\\/07142359\\\/concurso-mp-sp-promotor-estado-de-sao-paulo-1.jpg\",\"datePublished\":\"2025-03-19T19:02:13+00:00\",\"dateModified\":\"2025-03-19T19:04:56+00:00\",\"description\":\"Confira a corre\u00e7\u00e3o do gabarito das provas do concurso MP SP para Promotor AO VIVO em nosso canal do YOUTUBE e aqui neste artigo!\",\"breadcrumb\":{\"@id\":\"https:\\\/\\\/cj.estrategia.com\\\/portal\\\/gabarito-extraoficial-mp-sp-promotor-veja-seu-desempenho\\\/#breadcrumb\"},\"inLanguage\":\"pt-BR\",\"potentialAction\":[{\"@type\":\"ReadAction\",\"target\":[\"https:\\\/\\\/cj.estrategia.com\\\/portal\\\/gabarito-extraoficial-mp-sp-promotor-veja-seu-desempenho\\\/\"]}]},{\"@type\":\"ImageObject\",\"inLanguage\":\"pt-BR\",\"@id\":\"https:\\\/\\\/cj.estrategia.com\\\/portal\\\/gabarito-extraoficial-mp-sp-promotor-veja-seu-desempenho\\\/#primaryimage\",\"url\":\"https:\\\/\\\/cj.estrategia.com\\\/portal\\\/wp-content\\\/uploads\\\/2023\\\/02\\\/07142359\\\/concurso-mp-sp-promotor-estado-de-sao-paulo-1.jpg\",\"contentUrl\":\"https:\\\/\\\/cj.estrategia.com\\\/portal\\\/wp-content\\\/uploads\\\/2023\\\/02\\\/07142359\\\/concurso-mp-sp-promotor-estado-de-sao-paulo-1.jpg\",\"width\":960,\"height\":540},{\"@type\":\"BreadcrumbList\",\"@id\":\"https:\\\/\\\/cj.estrategia.com\\\/portal\\\/gabarito-extraoficial-mp-sp-promotor-veja-seu-desempenho\\\/#breadcrumb\",\"itemListElement\":[{\"@type\":\"ListItem\",\"position\":1,\"name\":\"In\u00edcio\",\"item\":\"https:\\\/\\\/cj.estrategia.com\\\/portal\\\/\"},{\"@type\":\"ListItem\",\"position\":2,\"name\":\"Gabarito extraoficial MP SP Promotor: veja seu desempenho!\"}]},{\"@type\":\"WebSite\",\"@id\":\"https:\\\/\\\/cj.estrategia.com\\\/portal\\\/#website\",\"url\":\"https:\\\/\\\/cj.estrategia.com\\\/portal\\\/\",\"name\":\"Blog - Carreiras Jur\u00eddicas - Estrat\u00e9gia\",\"description\":\"\",\"publisher\":{\"@id\":\"https:\\\/\\\/cj.estrategia.com\\\/portal\\\/#organization\"},\"potentialAction\":[{\"@type\":\"SearchAction\",\"target\":{\"@type\":\"EntryPoint\",\"urlTemplate\":\"https:\\\/\\\/cj.estrategia.com\\\/portal\\\/?s={search_term_string}\"},\"query-input\":{\"@type\":\"PropertyValueSpecification\",\"valueRequired\":true,\"valueName\":\"search_term_string\"}}],\"inLanguage\":\"pt-BR\"},{\"@type\":\"Organization\",\"@id\":\"https:\\\/\\\/cj.estrategia.com\\\/portal\\\/#organization\",\"name\":\"Estrat\u00e9gia - Carreiras Jur\u00eddicas\",\"url\":\"https:\\\/\\\/cj.estrategia.com\\\/portal\\\/\",\"logo\":{\"@type\":\"ImageObject\",\"inLanguage\":\"pt-BR\",\"@id\":\"https:\\\/\\\/cj.estrategia.com\\\/portal\\\/#\\\/schema\\\/logo\\\/image\\\/\",\"url\":\"https:\\\/\\\/cj.estrategia.com\\\/portal\\\/wp-content\\\/uploads\\\/2022\\\/03\\\/11151052\\\/cj-logo.png\",\"contentUrl\":\"https:\\\/\\\/cj.estrategia.com\\\/portal\\\/wp-content\\\/uploads\\\/2022\\\/03\\\/11151052\\\/cj-logo.png\",\"width\":150,\"height\":39,\"caption\":\"Estrat\u00e9gia - Carreiras Jur\u00eddicas\"},\"image\":{\"@id\":\"https:\\\/\\\/cj.estrategia.com\\\/portal\\\/#\\\/schema\\\/logo\\\/image\\\/\"},\"sameAs\":[\"https:\\\/\\\/www.facebook.com\\\/estrategiacarreirajuridica\\\/\",\"https:\\\/\\\/x.com\\\/EstratJuridica\",\"https:\\\/\\\/www.instagram.com\\\/estrategiacarreirajuridica\\\/\",\"https:\\\/\\\/www.youtube.com\\\/channel\\\/UClbMGuYbj2Mh1m3w144ETWQ\"]},{\"@type\":\"Person\",\"@id\":\"https:\\\/\\\/cj.estrategia.com\\\/portal\\\/#\\\/schema\\\/person\\\/4d70317d31449932b99102916b6637f5\",\"name\":\"Coordena\u00e7\u00e3o\",\"image\":{\"@type\":\"ImageObject\",\"inLanguage\":\"pt-BR\",\"@id\":\"https:\\\/\\\/cj.estrategia.com\\\/portal\\\/wp-content\\\/uploads\\\/2022\\\/05\\\/12164923\\\/estrategia-carreira-juridica-coordenacao-96x96.png\",\"url\":\"https:\\\/\\\/cj.estrategia.com\\\/portal\\\/wp-content\\\/uploads\\\/2022\\\/05\\\/12164923\\\/estrategia-carreira-juridica-coordenacao-96x96.png\",\"contentUrl\":\"https:\\\/\\\/cj.estrategia.com\\\/portal\\\/wp-content\\\/uploads\\\/2022\\\/05\\\/12164923\\\/estrategia-carreira-juridica-coordenacao-96x96.png\",\"caption\":\"Coordena\u00e7\u00e3o\"},\"url\":\"https:\\\/\\\/cj.estrategia.com\\\/portal\\\/author\\\/coordenacao\\\/\"}]}<\/script>\n<!-- \/ Yoast SEO Premium plugin. -->","yoast_head_json":{"title":"Gabarito extraoficial MP SP Promotor: veja seu desempenho!","description":"Confira a corre\u00e7\u00e3o do gabarito das provas do concurso MP SP para Promotor AO VIVO em nosso canal do YOUTUBE e aqui neste artigo!","robots":{"index":"index","follow":"follow","max-snippet":"max-snippet:-1","max-image-preview":"max-image-preview:large","max-video-preview":"max-video-preview:-1"},"canonical":"https:\/\/cj.estrategia.com\/portal\/gabarito-extraoficial-mp-sp-promotor-veja-seu-desempenho\/","og_locale":"pt_BR","og_type":"article","og_title":"Gabarito extraoficial MP SP Promotor: veja seu desempenho!","og_description":"Confira a corre\u00e7\u00e3o do gabarito das provas do concurso MP SP para Promotor AO VIVO em nosso canal do YOUTUBE e aqui neste artigo!","og_url":"https:\/\/cj.estrategia.com\/portal\/gabarito-extraoficial-mp-sp-promotor-veja-seu-desempenho\/","og_site_name":"Blog - Carreiras Jur\u00eddicas - Estrat\u00e9gia","article_publisher":"https:\/\/www.facebook.com\/estrategiacarreirajuridica\/","article_published_time":"2025-03-19T19:02:13+00:00","article_modified_time":"2025-03-19T19:04:56+00:00","og_image":[{"width":960,"height":540,"url":"https:\/\/cj.estrategia.com\/portal\/wp-content\/uploads\/2023\/02\/07142359\/concurso-mp-sp-promotor-estado-de-sao-paulo-1.jpg","type":"image\/jpeg"}],"author":"Coordena\u00e7\u00e3o","twitter_card":"summary_large_image","twitter_creator":"@EstratJuridica","twitter_site":"@EstratJuridica","twitter_misc":{"Escrito por":"Coordena\u00e7\u00e3o","Est. tempo de leitura":"13 minutos"},"schema":{"@context":"https:\/\/schema.org","@graph":[{"@type":"NewsArticle","@id":"https:\/\/cj.estrategia.com\/portal\/gabarito-extraoficial-mp-sp-promotor-veja-seu-desempenho\/#article","isPartOf":{"@id":"https:\/\/cj.estrategia.com\/portal\/gabarito-extraoficial-mp-sp-promotor-veja-seu-desempenho\/"},"author":{"name":"Coordena\u00e7\u00e3o","@id":"https:\/\/cj.estrategia.com\/portal\/#\/schema\/person\/4d70317d31449932b99102916b6637f5"},"headline":"Gabarito extraoficial MP SP Promotor: veja seu desempenho!","datePublished":"2025-03-19T19:02:13+00:00","dateModified":"2025-03-19T19:04:56+00:00","mainEntityOfPage":{"@id":"https:\/\/cj.estrategia.com\/portal\/gabarito-extraoficial-mp-sp-promotor-veja-seu-desempenho\/"},"wordCount":2401,"commentCount":0,"publisher":{"@id":"https:\/\/cj.estrategia.com\/portal\/#organization"},"image":{"@id":"https:\/\/cj.estrategia.com\/portal\/gabarito-extraoficial-mp-sp-promotor-veja-seu-desempenho\/#primaryimage"},"thumbnailUrl":"https:\/\/cj.estrategia.com\/portal\/wp-content\/uploads\/2023\/02\/07142359\/concurso-mp-sp-promotor-estado-de-sao-paulo-1.jpg","articleSection":["Promotoria"],"inLanguage":"pt-BR","potentialAction":[{"@type":"CommentAction","name":"Comment","target":["https:\/\/cj.estrategia.com\/portal\/gabarito-extraoficial-mp-sp-promotor-veja-seu-desempenho\/#respond"]}]},{"@type":"WebPage","@id":"https:\/\/cj.estrategia.com\/portal\/gabarito-extraoficial-mp-sp-promotor-veja-seu-desempenho\/","url":"https:\/\/cj.estrategia.com\/portal\/gabarito-extraoficial-mp-sp-promotor-veja-seu-desempenho\/","name":"Gabarito extraoficial MP SP Promotor: veja seu desempenho!","isPartOf":{"@id":"https:\/\/cj.estrategia.com\/portal\/#website"},"primaryImageOfPage":{"@id":"https:\/\/cj.estrategia.com\/portal\/gabarito-extraoficial-mp-sp-promotor-veja-seu-desempenho\/#primaryimage"},"image":{"@id":"https:\/\/cj.estrategia.com\/portal\/gabarito-extraoficial-mp-sp-promotor-veja-seu-desempenho\/#primaryimage"},"thumbnailUrl":"https:\/\/cj.estrategia.com\/portal\/wp-content\/uploads\/2023\/02\/07142359\/concurso-mp-sp-promotor-estado-de-sao-paulo-1.jpg","datePublished":"2025-03-19T19:02:13+00:00","dateModified":"2025-03-19T19:04:56+00:00","description":"Confira a corre\u00e7\u00e3o do gabarito das provas do concurso MP SP para Promotor AO VIVO em nosso canal do YOUTUBE e aqui neste artigo!","breadcrumb":{"@id":"https:\/\/cj.estrategia.com\/portal\/gabarito-extraoficial-mp-sp-promotor-veja-seu-desempenho\/#breadcrumb"},"inLanguage":"pt-BR","potentialAction":[{"@type":"ReadAction","target":["https:\/\/cj.estrategia.com\/portal\/gabarito-extraoficial-mp-sp-promotor-veja-seu-desempenho\/"]}]},{"@type":"ImageObject","inLanguage":"pt-BR","@id":"https:\/\/cj.estrategia.com\/portal\/gabarito-extraoficial-mp-sp-promotor-veja-seu-desempenho\/#primaryimage","url":"https:\/\/cj.estrategia.com\/portal\/wp-content\/uploads\/2023\/02\/07142359\/concurso-mp-sp-promotor-estado-de-sao-paulo-1.jpg","contentUrl":"https:\/\/cj.estrategia.com\/portal\/wp-content\/uploads\/2023\/02\/07142359\/concurso-mp-sp-promotor-estado-de-sao-paulo-1.jpg","width":960,"height":540},{"@type":"BreadcrumbList","@id":"https:\/\/cj.estrategia.com\/portal\/gabarito-extraoficial-mp-sp-promotor-veja-seu-desempenho\/#breadcrumb","itemListElement":[{"@type":"ListItem","position":1,"name":"In\u00edcio","item":"https:\/\/cj.estrategia.com\/portal\/"},{"@type":"ListItem","position":2,"name":"Gabarito extraoficial MP SP Promotor: veja seu desempenho!"}]},{"@type":"WebSite","@id":"https:\/\/cj.estrategia.com\/portal\/#website","url":"https:\/\/cj.estrategia.com\/portal\/","name":"Blog - Carreiras Jur\u00eddicas - Estrat\u00e9gia","description":"","publisher":{"@id":"https:\/\/cj.estrategia.com\/portal\/#organization"},"potentialAction":[{"@type":"SearchAction","target":{"@type":"EntryPoint","urlTemplate":"https:\/\/cj.estrategia.com\/portal\/?s={search_term_string}"},"query-input":{"@type":"PropertyValueSpecification","valueRequired":true,"valueName":"search_term_string"}}],"inLanguage":"pt-BR"},{"@type":"Organization","@id":"https:\/\/cj.estrategia.com\/portal\/#organization","name":"Estrat\u00e9gia - Carreiras Jur\u00eddicas","url":"https:\/\/cj.estrategia.com\/portal\/","logo":{"@type":"ImageObject","inLanguage":"pt-BR","@id":"https:\/\/cj.estrategia.com\/portal\/#\/schema\/logo\/image\/","url":"https:\/\/cj.estrategia.com\/portal\/wp-content\/uploads\/2022\/03\/11151052\/cj-logo.png","contentUrl":"https:\/\/cj.estrategia.com\/portal\/wp-content\/uploads\/2022\/03\/11151052\/cj-logo.png","width":150,"height":39,"caption":"Estrat\u00e9gia - Carreiras Jur\u00eddicas"},"image":{"@id":"https:\/\/cj.estrategia.com\/portal\/#\/schema\/logo\/image\/"},"sameAs":["https:\/\/www.facebook.com\/estrategiacarreirajuridica\/","https:\/\/x.com\/EstratJuridica","https:\/\/www.instagram.com\/estrategiacarreirajuridica\/","https:\/\/www.youtube.com\/channel\/UClbMGuYbj2Mh1m3w144ETWQ"]},{"@type":"Person","@id":"https:\/\/cj.estrategia.com\/portal\/#\/schema\/person\/4d70317d31449932b99102916b6637f5","name":"Coordena\u00e7\u00e3o","image":{"@type":"ImageObject","inLanguage":"pt-BR","@id":"https:\/\/cj.estrategia.com\/portal\/wp-content\/uploads\/2022\/05\/12164923\/estrategia-carreira-juridica-coordenacao-96x96.png","url":"https:\/\/cj.estrategia.com\/portal\/wp-content\/uploads\/2022\/05\/12164923\/estrategia-carreira-juridica-coordenacao-96x96.png","contentUrl":"https:\/\/cj.estrategia.com\/portal\/wp-content\/uploads\/2022\/05\/12164923\/estrategia-carreira-juridica-coordenacao-96x96.png","caption":"Coordena\u00e7\u00e3o"},"url":"https:\/\/cj.estrategia.com\/portal\/author\/coordenacao\/"}]}},"jetpack_featured_media_url":"https:\/\/cj.estrategia.com\/portal\/wp-content\/uploads\/2023\/02\/07142359\/concurso-mp-sp-promotor-estado-de-sao-paulo-1.jpg","jetpack_sharing_enabled":true,"_links":{"self":[{"href":"https:\/\/cj.estrategia.com\/portal\/wp-json\/wp\/v2\/posts\/104864","targetHints":{"allow":["GET"]}}],"collection":[{"href":"https:\/\/cj.estrategia.com\/portal\/wp-json\/wp\/v2\/posts"}],"about":[{"href":"https:\/\/cj.estrategia.com\/portal\/wp-json\/wp\/v2\/types\/post"}],"author":[{"embeddable":true,"href":"https:\/\/cj.estrategia.com\/portal\/wp-json\/wp\/v2\/users\/12"}],"replies":[{"embeddable":true,"href":"https:\/\/cj.estrategia.com\/portal\/wp-json\/wp\/v2\/comments?post=104864"}],"version-history":[{"count":0,"href":"https:\/\/cj.estrategia.com\/portal\/wp-json\/wp\/v2\/posts\/104864\/revisions"}],"wp:featuredmedia":[{"embeddable":true,"href":"https:\/\/cj.estrategia.com\/portal\/wp-json\/wp\/v2\/media\/30902"}],"wp:attachment":[{"href":"https:\/\/cj.estrategia.com\/portal\/wp-json\/wp\/v2\/media?parent=104864"}],"wp:term":[{"taxonomy":"category","embeddable":true,"href":"https:\/\/cj.estrategia.com\/portal\/wp-json\/wp\/v2\/categories?post=104864"},{"taxonomy":"post_tag","embeddable":true,"href":"https:\/\/cj.estrategia.com\/portal\/wp-json\/wp\/v2\/tags?post=104864"},{"taxonomy":"tax_estado","embeddable":true,"href":"https:\/\/cj.estrategia.com\/portal\/wp-json\/wp\/v2\/tax_estado?post=104864"}],"curies":[{"name":"wp","href":"https:\/\/api.w.org\/{rel}","templated":true}]}}