{"id":104786,"date":"2025-03-13T19:07:30","date_gmt":"2025-03-13T22:07:30","guid":{"rendered":"https:\/\/cj.estrategia.com\/portal\/?p=104786"},"modified":"2025-03-13T19:09:04","modified_gmt":"2025-03-13T22:09:04","slug":"pl-aprovado-preve-40-vagas-para-defensor-da-dpdf","status":"publish","type":"post","link":"https:\/\/cj.estrategia.com\/portal\/pl-aprovado-preve-40-vagas-para-defensor-da-dpdf\/","title":{"rendered":"PL aprovado prev\u00ea 40 vagas para Defensor da DPDF!"},"content":{"rendered":"<a id=\"cta-icon\" href=\"https:\/\/sndflw.com\/i\/defensorias-grupo\" target=\"blank\" style=\"background:rgb(41,166,26)\">\n            <img decoding=\"async\" src=\"https:\/\/cj.estrategia.com\/portal\/wp-content\/uploads\/2023\/12\/07160657\/whatsapp_1385.webp\" alt=\"\" alt=\"whatsapp_1385\"><span > Acesse agora o Grupo de Estudos para Concursos em Defensoria<\/span><\/a>\n\n\n\n<p>Em sess\u00e3o plen\u00e1ria, os deputados distritais <a href=\"https:\/\/www.cl.df.gov.br\/-\/alteracoes-a-ldo-preveem-criacao-de-cargos-na-defensoria-publica-e-nomeacoes-na-assistencia-social-e-novacap\" target=\"_blank\" >aprovaram<\/a> o Projeto de Lei n\u00ba 1.588\/2025 que permite a cria\u00e7\u00e3o de <strong>40 vagas para Defensores P\u00fablicos (Classe inicial). <\/strong>Al\u00e9m disso, o PL tamb\u00e9m prev\u00ea or\u00e7amento para nomea\u00e7\u00e3o de novos servidores p\u00fablicos em 2025.<\/p>\n\n\n\n<p>Em novembro de 2024, o Mecanismo Nacional de Preven\u00e7\u00e3o e Combate \u00e0 Tortura (MNPCT) j\u00e1 havia recomendado a realiza\u00e7\u00e3o de um novo <strong>concurso para Defensor P\u00fablico do DPDF.<\/strong><\/p>\n\n\n\n<p>A informa\u00e7\u00e3o est\u00e1 presente no <a href=\"https:\/\/cj.estrategia.com\/portal\/wp-content\/uploads\/2024\/11\/28131842\/relatorio-de-inspecao-pdf-i-final.pdf\" target=\"_blank\" >Relat\u00f3rio de Inspe\u00e7\u00e3o do Distrito Federal I<\/a> e ressalta a necessidade do certame para garantir a quantidade suficiente de servidores para suprir as demandas coletivas e individuais do sistema prisional do DF. <\/p>\n\n\n\n<p>Al\u00e9m disso, um <strong>novo concurso<\/strong> para Defensor P\u00fablico do DF est\u00e1 previsto no Projeto de Lei de Diretrizes Or\u00e7ament\u00e1rias (PLDO) 2024.<\/p>\n\n\n\n<p>Para ingressar na carreira de Defensor P\u00fablico do Distrito Federal, exige-se o diploma de bacharel em Direito, inscri\u00e7\u00e3o regular na Ordem dos Advogados do Brasil (OAB) e&nbsp;<strong><em>dois anos<\/em><\/strong>&nbsp;de pr\u00e1tica forense. <\/p>\n\n\n\n<p>O \u00faltimo <strong>Concurso DPDF Defensor<\/strong> aconteceu em <strong>2019<\/strong> e ofertou <strong>12 vagas<\/strong> para o cargo de <strong>Defensor P\u00fablico de Segunda Categoria.<\/strong> A remunera\u00e7\u00e3o inicial ofertada passou de R$ 22 mil e a banca organizadora foi o Cebraspe.<\/p>\n\n\n\n<p class=\"has-text-align-center\"><em>Quer saber mais sobre o Concurso DPDF Defensor? Clique no link abaixo e confira todos os detalhes<\/em>:<\/p>\n\n\n\n<p class=\"has-text-align-center has-very-light-gray-to-cyan-bluish-gray-gradient-background has-background\"><a href=\"https:\/\/cj.estrategia.com\/portal\/concurso-dpdf-defensor\/\" target=\"_blank\" >Concurso DPDF Defensor <\/a><\/p>\n\n\n\n<h2 class=\"wp-block-heading has-text-align-center\" id=\"h-quer-saber-tudo-sobre-concursos-previstos-confira-nossos-artigos\"><span id=\"quer-saber-tudo-sobre-concursos-previstosconfira-nossos-artigos\">Quer saber tudo sobre concursos previstos?<br><strong>Confira nossos artigos!<\/strong><\/span><\/h2>\n\n\n\n<ul class=\"wp-block-list\">\n<li><a href=\"https:\/\/cj.estrategia.com\/portal\/concursos-abertos-carreiras-juridicas\/\" target=\"_blank\" >Concursos jur\u00eddicos abertos<\/a><\/li>\n<\/ul>\n\n\n\n<ul class=\"wp-block-list\">\n<li><a href=\"https:\/\/cj.estrategia.com\/portal\/concursos-2025-carreiras-juridicas\/\" target=\"_blank\" >Concursos jur\u00eddicos 2025<\/a><\/li>\n\n\n\n<li><a href=\"https:\/\/cj.estrategia.com\/portal\/concursos-defensorias\/\">Concursos Defe<\/a><a href=\"https:\/\/cj.estrategia.com\/portal\/concursos-defensorias\/\" target=\"_blank\" >nsorias<\/a><\/li>\n<\/ul>\n\n\n\n<h2 class=\"wp-block-heading has-text-align-center\" id=\"curso\"><span id=\"quer-estudar-para-o-concurso-dpdf-defensor\">Quer estudar para o Concurso DPDF Defensor?<\/span><\/h2>\n\n\n\n<div id=\"boxes\" class=\"container\">\r\n<div class=\"row\">\r\n<div class=\"col-sm\">\r\n<div id=\"box-assinatura\" class=\"banner-estrategia-concursos-juridicos\">\r\n<h2 id=\"cursos-para-dpdf-defensor\" class=\"titulo-assinatura\"><span style=\"color: #ffffff; font-size: 23px; \">Cursos para DPDF Defensor<\/span><\/h2>\r\n<p class=\"subtitulo-assinatura\">Conhe\u00e7a os cursos<\/p>\r\n<div class=\"box-botao\"><a class=\"btn-assinatura-juridica\" role=\"button\" href=\"https:\/\/cj.estrategia.com\/curso\/dpdf-defensor-publico-pacote-teorico\/\" target=\"_blank\" rel=\"noopener noreferrer\">Conhe\u00e7a mais<\/a><\/div>\r\n<\/div>\r\n<p class=\"texto-auxiliar\">Prepare-se com o melhor material e com quem mais aprova em Concursos P\u00fablicos em todo o pa\u00eds.<\/p>\r\n<\/div>\r\n<\/div>\r\n<\/div>\n\n\n\n<div class=\"wp-block-cover\" style=\"min-height:155px;aspect-ratio:unset;\"><img decoding=\"async\" width=\"1890\" height=\"351\" class=\"wp-block-cover__image-background wp-image-8669\" alt=\"Assinaturas Jur\u00eddicas\" src=\"https:\/\/cj.estrategia.com\/portal\/wp-content\/uploads\/2022\/06\/20151253\/concurso-carreiras-juridicas-assinatura-juridica.jpg\" style=\"object-position:78% 43%\" data-object-fit=\"cover\" data-object-position=\"78% 43%\" srcset=\"https:\/\/cj.estrategia.com\/portal\/wp-content\/uploads\/2022\/06\/20151253\/concurso-carreiras-juridicas-assinatura-juridica.jpg 1890w, https:\/\/cj.estrategia.com\/portal\/wp-content\/uploads\/2022\/06\/20151253\/concurso-carreiras-juridicas-assinatura-juridica-300x56.jpg 300w, https:\/\/cj.estrategia.com\/portal\/wp-content\/uploads\/2022\/06\/20151253\/concurso-carreiras-juridicas-assinatura-juridica-1024x190.jpg 1024w, https:\/\/cj.estrategia.com\/portal\/wp-content\/uploads\/2022\/06\/20151253\/concurso-carreiras-juridicas-assinatura-juridica-768x143.jpg 768w, https:\/\/cj.estrategia.com\/portal\/wp-content\/uploads\/2022\/06\/20151253\/concurso-carreiras-juridicas-assinatura-juridica-1536x285.jpg 1536w, https:\/\/cj.estrategia.com\/portal\/wp-content\/uploads\/2022\/06\/20151253\/concurso-carreiras-juridicas-assinatura-juridica-380x71.jpg 380w, https:\/\/cj.estrategia.com\/portal\/wp-content\/uploads\/2022\/06\/20151253\/concurso-carreiras-juridicas-assinatura-juridica-800x149.jpg 800w, https:\/\/cj.estrategia.com\/portal\/wp-content\/uploads\/2022\/06\/20151253\/concurso-carreiras-juridicas-assinatura-juridica-1160x215.jpg 1160w\" sizes=\"(max-width: 1890px) 100vw, 1890px\" \/><span aria-hidden=\"true\" class=\"wp-block-cover__background has-background-dim\"><\/span><div class=\"wp-block-cover__inner-container is-layout-flow wp-block-cover-is-layout-flow\">\n<h3 id=\"faca-a-sua-assinatura\" class=\"titulo-assinatura\"><span style=\"color: #ffffff;\">Fa\u00e7a a sua assinatura!<\/span><\/h3>\n<p class=\"subtitulo-assinatura\" style=\"display:block!important; line-height: 0;\"><span style=\"color: #ffffff;\">Escolha a sua \u00e1rea.<\/span><\/p>\n<a target=\"_blank\" href=\"https:\/\/www.estrategiaconcursos.com.br\/assinaturas-ecj\/\" rel=\"noopener\"><button style=\"border-radius: 10px; text-transform: capitalize;\">Acessar<\/button><\/a>\n<\/div><\/div>\n\n\n\n<p><\/p>\n\n\n\n<p><\/p>\n\n\n\n<p><\/p>\n\n\n\n<p><\/p>\n\n\n\n<p><\/p>\n\n\n\n<p class=\"has-text-align-center\"><\/p>\n","protected":false},"excerpt":{"rendered":"Em sess\u00e3o plen\u00e1ria, os deputados distritais aprovaram o Projeto de Lei n\u00ba 1.588\/2025 que permite a cria\u00e7\u00e3o de&hellip;\n","protected":false},"author":141,"featured_media":34112,"comment_status":"open","ping_status":"open","sticky":false,"template":"","format":"standard","meta":{"_jetpack_memberships_contains_paid_content":false,"footnotes":""},"categories":[1,27],"tags":[],"tax_estado":[37],"class_list":{"0":"post-104786","1":"post","2":"type-post","3":"status-publish","4":"format-standard","5":"has-post-thumbnail","7":"category-carreiras-juridicas","8":"category-defensoria","9":"tax_estado-df"},"acf":[],"yoast_head":"<!-- This site is optimized with the Yoast SEO Premium plugin v27.4 (Yoast SEO v27.4) - https:\/\/yoast.com\/product\/yoast-seo-premium-wordpress\/ -->\n<title>PL aprovado prev\u00ea 40 vagas para Defensor da DPDF!<\/title>\n<meta name=\"description\" content=\"PL aprovado prev\u00ea 40 vagas para Defensor da DPDF! \u00daltimo concurso foi realizado em 2019 e ofertou 12 vagas de R$ 22 mil!\" \/>\n<meta name=\"robots\" content=\"index, follow, max-snippet:-1, max-image-preview:large, max-video-preview:-1\" \/>\n<link rel=\"canonical\" href=\"https:\/\/cj.estrategia.com\/portal\/pl-aprovado-preve-40-vagas-para-defensor-da-dpdf\/\" \/>\n<meta property=\"og:locale\" content=\"pt_BR\" \/>\n<meta property=\"og:type\" content=\"article\" \/>\n<meta property=\"og:title\" content=\"PL aprovado prev\u00ea 40 vagas para Defensor da DPDF!\" \/>\n<meta property=\"og:description\" content=\"PL aprovado prev\u00ea 40 vagas para Defensor da DPDF! \u00daltimo concurso foi realizado em 2019 e ofertou 12 vagas de R$ 22 mil!\" \/>\n<meta property=\"og:url\" content=\"https:\/\/cj.estrategia.com\/portal\/pl-aprovado-preve-40-vagas-para-defensor-da-dpdf\/\" \/>\n<meta property=\"og:site_name\" content=\"Blog - Carreiras Jur\u00eddicas - Estrat\u00e9gia\" \/>\n<meta property=\"article:publisher\" content=\"https:\/\/www.facebook.com\/estrategiacarreirajuridica\/\" \/>\n<meta property=\"article:published_time\" content=\"2025-03-13T22:07:30+00:00\" \/>\n<meta property=\"article:modified_time\" content=\"2025-03-13T22:09:04+00:00\" \/>\n<meta property=\"og:image\" content=\"https:\/\/cj.estrategia.com\/portal\/wp-content\/uploads\/2022\/12\/19141438\/concurso-dpdf-defensor.jpg\" \/>\n\t<meta property=\"og:image:width\" content=\"768\" \/>\n\t<meta property=\"og:image:height\" content=\"432\" \/>\n\t<meta property=\"og:image:type\" content=\"image\/jpeg\" \/>\n<meta name=\"author\" content=\"Carolina Jurado\" \/>\n<meta name=\"twitter:card\" content=\"summary_large_image\" \/>\n<meta name=\"twitter:creator\" content=\"@EstratJuridica\" \/>\n<meta name=\"twitter:site\" content=\"@EstratJuridica\" \/>\n<meta name=\"twitter:label1\" content=\"Escrito por\" \/>\n\t<meta name=\"twitter:data1\" content=\"Carolina Jurado\" \/>\n\t<meta name=\"twitter:label2\" content=\"Est. tempo de leitura\" \/>\n\t<meta name=\"twitter:data2\" content=\"2 minutos\" \/>\n<script type=\"application\/ld+json\" class=\"yoast-schema-graph\">{\"@context\":\"https:\\\/\\\/schema.org\",\"@graph\":[{\"@type\":\"NewsArticle\",\"@id\":\"https:\\\/\\\/cj.estrategia.com\\\/portal\\\/pl-aprovado-preve-40-vagas-para-defensor-da-dpdf\\\/#article\",\"isPartOf\":{\"@id\":\"https:\\\/\\\/cj.estrategia.com\\\/portal\\\/pl-aprovado-preve-40-vagas-para-defensor-da-dpdf\\\/\"},\"author\":{\"name\":\"Carolina Jurado\",\"@id\":\"https:\\\/\\\/cj.estrategia.com\\\/portal\\\/#\\\/schema\\\/person\\\/448bdaa83b34d80730e0a2c3d5636b39\"},\"headline\":\"PL aprovado prev\u00ea 40 vagas para Defensor da DPDF!\",\"datePublished\":\"2025-03-13T22:07:30+00:00\",\"dateModified\":\"2025-03-13T22:09:04+00:00\",\"mainEntityOfPage\":{\"@id\":\"https:\\\/\\\/cj.estrategia.com\\\/portal\\\/pl-aprovado-preve-40-vagas-para-defensor-da-dpdf\\\/\"},\"wordCount\":299,\"commentCount\":0,\"publisher\":{\"@id\":\"https:\\\/\\\/cj.estrategia.com\\\/portal\\\/#organization\"},\"image\":{\"@id\":\"https:\\\/\\\/cj.estrategia.com\\\/portal\\\/pl-aprovado-preve-40-vagas-para-defensor-da-dpdf\\\/#primaryimage\"},\"thumbnailUrl\":\"https:\\\/\\\/cj.estrategia.com\\\/portal\\\/wp-content\\\/uploads\\\/2022\\\/12\\\/19141438\\\/concurso-dpdf-defensor.jpg\",\"articleSection\":[\"Carreiras Jur\u00eddicas\",\"Defensoria\"],\"inLanguage\":\"pt-BR\",\"potentialAction\":[{\"@type\":\"CommentAction\",\"name\":\"Comment\",\"target\":[\"https:\\\/\\\/cj.estrategia.com\\\/portal\\\/pl-aprovado-preve-40-vagas-para-defensor-da-dpdf\\\/#respond\"]}]},{\"@type\":\"WebPage\",\"@id\":\"https:\\\/\\\/cj.estrategia.com\\\/portal\\\/pl-aprovado-preve-40-vagas-para-defensor-da-dpdf\\\/\",\"url\":\"https:\\\/\\\/cj.estrategia.com\\\/portal\\\/pl-aprovado-preve-40-vagas-para-defensor-da-dpdf\\\/\",\"name\":\"PL aprovado prev\u00ea 40 vagas para Defensor da DPDF!\",\"isPartOf\":{\"@id\":\"https:\\\/\\\/cj.estrategia.com\\\/portal\\\/#website\"},\"primaryImageOfPage\":{\"@id\":\"https:\\\/\\\/cj.estrategia.com\\\/portal\\\/pl-aprovado-preve-40-vagas-para-defensor-da-dpdf\\\/#primaryimage\"},\"image\":{\"@id\":\"https:\\\/\\\/cj.estrategia.com\\\/portal\\\/pl-aprovado-preve-40-vagas-para-defensor-da-dpdf\\\/#primaryimage\"},\"thumbnailUrl\":\"https:\\\/\\\/cj.estrategia.com\\\/portal\\\/wp-content\\\/uploads\\\/2022\\\/12\\\/19141438\\\/concurso-dpdf-defensor.jpg\",\"datePublished\":\"2025-03-13T22:07:30+00:00\",\"dateModified\":\"2025-03-13T22:09:04+00:00\",\"description\":\"PL aprovado prev\u00ea 40 vagas para Defensor da DPDF! \u00daltimo concurso foi realizado em 2019 e ofertou 12 vagas de R$ 22 mil!\",\"breadcrumb\":{\"@id\":\"https:\\\/\\\/cj.estrategia.com\\\/portal\\\/pl-aprovado-preve-40-vagas-para-defensor-da-dpdf\\\/#breadcrumb\"},\"inLanguage\":\"pt-BR\",\"potentialAction\":[{\"@type\":\"ReadAction\",\"target\":[\"https:\\\/\\\/cj.estrategia.com\\\/portal\\\/pl-aprovado-preve-40-vagas-para-defensor-da-dpdf\\\/\"]}]},{\"@type\":\"ImageObject\",\"inLanguage\":\"pt-BR\",\"@id\":\"https:\\\/\\\/cj.estrategia.com\\\/portal\\\/pl-aprovado-preve-40-vagas-para-defensor-da-dpdf\\\/#primaryimage\",\"url\":\"https:\\\/\\\/cj.estrategia.com\\\/portal\\\/wp-content\\\/uploads\\\/2022\\\/12\\\/19141438\\\/concurso-dpdf-defensor.jpg\",\"contentUrl\":\"https:\\\/\\\/cj.estrategia.com\\\/portal\\\/wp-content\\\/uploads\\\/2022\\\/12\\\/19141438\\\/concurso-dpdf-defensor.jpg\",\"width\":768,\"height\":432,\"caption\":\"concurso DPDF Defensor\"},{\"@type\":\"BreadcrumbList\",\"@id\":\"https:\\\/\\\/cj.estrategia.com\\\/portal\\\/pl-aprovado-preve-40-vagas-para-defensor-da-dpdf\\\/#breadcrumb\",\"itemListElement\":[{\"@type\":\"ListItem\",\"position\":1,\"name\":\"In\u00edcio\",\"item\":\"https:\\\/\\\/cj.estrategia.com\\\/portal\\\/\"},{\"@type\":\"ListItem\",\"position\":2,\"name\":\"PL aprovado prev\u00ea 40 vagas para Defensor da DPDF!\"}]},{\"@type\":\"WebSite\",\"@id\":\"https:\\\/\\\/cj.estrategia.com\\\/portal\\\/#website\",\"url\":\"https:\\\/\\\/cj.estrategia.com\\\/portal\\\/\",\"name\":\"Blog - Carreiras Jur\u00eddicas - Estrat\u00e9gia\",\"description\":\"\",\"publisher\":{\"@id\":\"https:\\\/\\\/cj.estrategia.com\\\/portal\\\/#organization\"},\"potentialAction\":[{\"@type\":\"SearchAction\",\"target\":{\"@type\":\"EntryPoint\",\"urlTemplate\":\"https:\\\/\\\/cj.estrategia.com\\\/portal\\\/?s={search_term_string}\"},\"query-input\":{\"@type\":\"PropertyValueSpecification\",\"valueRequired\":true,\"valueName\":\"search_term_string\"}}],\"inLanguage\":\"pt-BR\"},{\"@type\":\"Organization\",\"@id\":\"https:\\\/\\\/cj.estrategia.com\\\/portal\\\/#organization\",\"name\":\"Estrat\u00e9gia - Carreiras Jur\u00eddicas\",\"url\":\"https:\\\/\\\/cj.estrategia.com\\\/portal\\\/\",\"logo\":{\"@type\":\"ImageObject\",\"inLanguage\":\"pt-BR\",\"@id\":\"https:\\\/\\\/cj.estrategia.com\\\/portal\\\/#\\\/schema\\\/logo\\\/image\\\/\",\"url\":\"https:\\\/\\\/cj.estrategia.com\\\/portal\\\/wp-content\\\/uploads\\\/2022\\\/03\\\/11151052\\\/cj-logo.png\",\"contentUrl\":\"https:\\\/\\\/cj.estrategia.com\\\/portal\\\/wp-content\\\/uploads\\\/2022\\\/03\\\/11151052\\\/cj-logo.png\",\"width\":150,\"height\":39,\"caption\":\"Estrat\u00e9gia - Carreiras Jur\u00eddicas\"},\"image\":{\"@id\":\"https:\\\/\\\/cj.estrategia.com\\\/portal\\\/#\\\/schema\\\/logo\\\/image\\\/\"},\"sameAs\":[\"https:\\\/\\\/www.facebook.com\\\/estrategiacarreirajuridica\\\/\",\"https:\\\/\\\/x.com\\\/EstratJuridica\",\"https:\\\/\\\/www.instagram.com\\\/estrategiacarreirajuridica\\\/\",\"https:\\\/\\\/www.youtube.com\\\/channel\\\/UClbMGuYbj2Mh1m3w144ETWQ\"]},{\"@type\":\"Person\",\"@id\":\"https:\\\/\\\/cj.estrategia.com\\\/portal\\\/#\\\/schema\\\/person\\\/448bdaa83b34d80730e0a2c3d5636b39\",\"name\":\"Carolina Jurado\",\"image\":{\"@type\":\"ImageObject\",\"inLanguage\":\"pt-BR\",\"@id\":\"https:\\\/\\\/cj.estrategia.com\\\/portal\\\/wp-content\\\/uploads\\\/2024\\\/04\\\/06134840\\\/1679532598692-96x96.jpg\",\"url\":\"https:\\\/\\\/cj.estrategia.com\\\/portal\\\/wp-content\\\/uploads\\\/2024\\\/04\\\/06134840\\\/1679532598692-96x96.jpg\",\"contentUrl\":\"https:\\\/\\\/cj.estrategia.com\\\/portal\\\/wp-content\\\/uploads\\\/2024\\\/04\\\/06134840\\\/1679532598692-96x96.jpg\",\"caption\":\"Carolina Jurado\"},\"description\":\"Jornalista do Estrat\u00e9gia Carreira Jur\u00eddica e Estrat\u00e9gia OAB. Al\u00e9m disso, \u00e9 Mestra em Estudos da M\u00eddia pela UFRN, Bacharel em Jornalismo pela UFPB e desenvolve um projeto pessoal de turismo nas redes sociais.\",\"url\":\"https:\\\/\\\/cj.estrategia.com\\\/portal\\\/author\\\/ana-carolina-gomes\\\/\"}]}<\/script>\n<!-- \/ Yoast SEO Premium plugin. -->","yoast_head_json":{"title":"PL aprovado prev\u00ea 40 vagas para Defensor da DPDF!","description":"PL aprovado prev\u00ea 40 vagas para Defensor da DPDF! \u00daltimo concurso foi realizado em 2019 e ofertou 12 vagas de R$ 22 mil!","robots":{"index":"index","follow":"follow","max-snippet":"max-snippet:-1","max-image-preview":"max-image-preview:large","max-video-preview":"max-video-preview:-1"},"canonical":"https:\/\/cj.estrategia.com\/portal\/pl-aprovado-preve-40-vagas-para-defensor-da-dpdf\/","og_locale":"pt_BR","og_type":"article","og_title":"PL aprovado prev\u00ea 40 vagas para Defensor da DPDF!","og_description":"PL aprovado prev\u00ea 40 vagas para Defensor da DPDF! \u00daltimo concurso foi realizado em 2019 e ofertou 12 vagas de R$ 22 mil!","og_url":"https:\/\/cj.estrategia.com\/portal\/pl-aprovado-preve-40-vagas-para-defensor-da-dpdf\/","og_site_name":"Blog - Carreiras Jur\u00eddicas - Estrat\u00e9gia","article_publisher":"https:\/\/www.facebook.com\/estrategiacarreirajuridica\/","article_published_time":"2025-03-13T22:07:30+00:00","article_modified_time":"2025-03-13T22:09:04+00:00","og_image":[{"width":768,"height":432,"url":"https:\/\/cj.estrategia.com\/portal\/wp-content\/uploads\/2022\/12\/19141438\/concurso-dpdf-defensor.jpg","type":"image\/jpeg"}],"author":"Carolina Jurado","twitter_card":"summary_large_image","twitter_creator":"@EstratJuridica","twitter_site":"@EstratJuridica","twitter_misc":{"Escrito por":"Carolina Jurado","Est. tempo de leitura":"2 minutos"},"schema":{"@context":"https:\/\/schema.org","@graph":[{"@type":"NewsArticle","@id":"https:\/\/cj.estrategia.com\/portal\/pl-aprovado-preve-40-vagas-para-defensor-da-dpdf\/#article","isPartOf":{"@id":"https:\/\/cj.estrategia.com\/portal\/pl-aprovado-preve-40-vagas-para-defensor-da-dpdf\/"},"author":{"name":"Carolina Jurado","@id":"https:\/\/cj.estrategia.com\/portal\/#\/schema\/person\/448bdaa83b34d80730e0a2c3d5636b39"},"headline":"PL aprovado prev\u00ea 40 vagas para Defensor da DPDF!","datePublished":"2025-03-13T22:07:30+00:00","dateModified":"2025-03-13T22:09:04+00:00","mainEntityOfPage":{"@id":"https:\/\/cj.estrategia.com\/portal\/pl-aprovado-preve-40-vagas-para-defensor-da-dpdf\/"},"wordCount":299,"commentCount":0,"publisher":{"@id":"https:\/\/cj.estrategia.com\/portal\/#organization"},"image":{"@id":"https:\/\/cj.estrategia.com\/portal\/pl-aprovado-preve-40-vagas-para-defensor-da-dpdf\/#primaryimage"},"thumbnailUrl":"https:\/\/cj.estrategia.com\/portal\/wp-content\/uploads\/2022\/12\/19141438\/concurso-dpdf-defensor.jpg","articleSection":["Carreiras Jur\u00eddicas","Defensoria"],"inLanguage":"pt-BR","potentialAction":[{"@type":"CommentAction","name":"Comment","target":["https:\/\/cj.estrategia.com\/portal\/pl-aprovado-preve-40-vagas-para-defensor-da-dpdf\/#respond"]}]},{"@type":"WebPage","@id":"https:\/\/cj.estrategia.com\/portal\/pl-aprovado-preve-40-vagas-para-defensor-da-dpdf\/","url":"https:\/\/cj.estrategia.com\/portal\/pl-aprovado-preve-40-vagas-para-defensor-da-dpdf\/","name":"PL aprovado prev\u00ea 40 vagas para Defensor da DPDF!","isPartOf":{"@id":"https:\/\/cj.estrategia.com\/portal\/#website"},"primaryImageOfPage":{"@id":"https:\/\/cj.estrategia.com\/portal\/pl-aprovado-preve-40-vagas-para-defensor-da-dpdf\/#primaryimage"},"image":{"@id":"https:\/\/cj.estrategia.com\/portal\/pl-aprovado-preve-40-vagas-para-defensor-da-dpdf\/#primaryimage"},"thumbnailUrl":"https:\/\/cj.estrategia.com\/portal\/wp-content\/uploads\/2022\/12\/19141438\/concurso-dpdf-defensor.jpg","datePublished":"2025-03-13T22:07:30+00:00","dateModified":"2025-03-13T22:09:04+00:00","description":"PL aprovado prev\u00ea 40 vagas para Defensor da DPDF! \u00daltimo concurso foi realizado em 2019 e ofertou 12 vagas de R$ 22 mil!","breadcrumb":{"@id":"https:\/\/cj.estrategia.com\/portal\/pl-aprovado-preve-40-vagas-para-defensor-da-dpdf\/#breadcrumb"},"inLanguage":"pt-BR","potentialAction":[{"@type":"ReadAction","target":["https:\/\/cj.estrategia.com\/portal\/pl-aprovado-preve-40-vagas-para-defensor-da-dpdf\/"]}]},{"@type":"ImageObject","inLanguage":"pt-BR","@id":"https:\/\/cj.estrategia.com\/portal\/pl-aprovado-preve-40-vagas-para-defensor-da-dpdf\/#primaryimage","url":"https:\/\/cj.estrategia.com\/portal\/wp-content\/uploads\/2022\/12\/19141438\/concurso-dpdf-defensor.jpg","contentUrl":"https:\/\/cj.estrategia.com\/portal\/wp-content\/uploads\/2022\/12\/19141438\/concurso-dpdf-defensor.jpg","width":768,"height":432,"caption":"concurso DPDF Defensor"},{"@type":"BreadcrumbList","@id":"https:\/\/cj.estrategia.com\/portal\/pl-aprovado-preve-40-vagas-para-defensor-da-dpdf\/#breadcrumb","itemListElement":[{"@type":"ListItem","position":1,"name":"In\u00edcio","item":"https:\/\/cj.estrategia.com\/portal\/"},{"@type":"ListItem","position":2,"name":"PL aprovado prev\u00ea 40 vagas para Defensor da DPDF!"}]},{"@type":"WebSite","@id":"https:\/\/cj.estrategia.com\/portal\/#website","url":"https:\/\/cj.estrategia.com\/portal\/","name":"Blog - Carreiras Jur\u00eddicas - Estrat\u00e9gia","description":"","publisher":{"@id":"https:\/\/cj.estrategia.com\/portal\/#organization"},"potentialAction":[{"@type":"SearchAction","target":{"@type":"EntryPoint","urlTemplate":"https:\/\/cj.estrategia.com\/portal\/?s={search_term_string}"},"query-input":{"@type":"PropertyValueSpecification","valueRequired":true,"valueName":"search_term_string"}}],"inLanguage":"pt-BR"},{"@type":"Organization","@id":"https:\/\/cj.estrategia.com\/portal\/#organization","name":"Estrat\u00e9gia - Carreiras Jur\u00eddicas","url":"https:\/\/cj.estrategia.com\/portal\/","logo":{"@type":"ImageObject","inLanguage":"pt-BR","@id":"https:\/\/cj.estrategia.com\/portal\/#\/schema\/logo\/image\/","url":"https:\/\/cj.estrategia.com\/portal\/wp-content\/uploads\/2022\/03\/11151052\/cj-logo.png","contentUrl":"https:\/\/cj.estrategia.com\/portal\/wp-content\/uploads\/2022\/03\/11151052\/cj-logo.png","width":150,"height":39,"caption":"Estrat\u00e9gia - Carreiras Jur\u00eddicas"},"image":{"@id":"https:\/\/cj.estrategia.com\/portal\/#\/schema\/logo\/image\/"},"sameAs":["https:\/\/www.facebook.com\/estrategiacarreirajuridica\/","https:\/\/x.com\/EstratJuridica","https:\/\/www.instagram.com\/estrategiacarreirajuridica\/","https:\/\/www.youtube.com\/channel\/UClbMGuYbj2Mh1m3w144ETWQ"]},{"@type":"Person","@id":"https:\/\/cj.estrategia.com\/portal\/#\/schema\/person\/448bdaa83b34d80730e0a2c3d5636b39","name":"Carolina Jurado","image":{"@type":"ImageObject","inLanguage":"pt-BR","@id":"https:\/\/cj.estrategia.com\/portal\/wp-content\/uploads\/2024\/04\/06134840\/1679532598692-96x96.jpg","url":"https:\/\/cj.estrategia.com\/portal\/wp-content\/uploads\/2024\/04\/06134840\/1679532598692-96x96.jpg","contentUrl":"https:\/\/cj.estrategia.com\/portal\/wp-content\/uploads\/2024\/04\/06134840\/1679532598692-96x96.jpg","caption":"Carolina Jurado"},"description":"Jornalista do Estrat\u00e9gia Carreira Jur\u00eddica e Estrat\u00e9gia OAB. Al\u00e9m disso, \u00e9 Mestra em Estudos da M\u00eddia pela UFRN, Bacharel em Jornalismo pela UFPB e desenvolve um projeto pessoal de turismo nas redes sociais.","url":"https:\/\/cj.estrategia.com\/portal\/author\/ana-carolina-gomes\/"}]}},"jetpack_featured_media_url":"https:\/\/cj.estrategia.com\/portal\/wp-content\/uploads\/2022\/12\/19141438\/concurso-dpdf-defensor.jpg","jetpack_sharing_enabled":true,"_links":{"self":[{"href":"https:\/\/cj.estrategia.com\/portal\/wp-json\/wp\/v2\/posts\/104786","targetHints":{"allow":["GET"]}}],"collection":[{"href":"https:\/\/cj.estrategia.com\/portal\/wp-json\/wp\/v2\/posts"}],"about":[{"href":"https:\/\/cj.estrategia.com\/portal\/wp-json\/wp\/v2\/types\/post"}],"author":[{"embeddable":true,"href":"https:\/\/cj.estrategia.com\/portal\/wp-json\/wp\/v2\/users\/141"}],"replies":[{"embeddable":true,"href":"https:\/\/cj.estrategia.com\/portal\/wp-json\/wp\/v2\/comments?post=104786"}],"version-history":[{"count":4,"href":"https:\/\/cj.estrategia.com\/portal\/wp-json\/wp\/v2\/posts\/104786\/revisions"}],"predecessor-version":[{"id":104790,"href":"https:\/\/cj.estrategia.com\/portal\/wp-json\/wp\/v2\/posts\/104786\/revisions\/104790"}],"wp:featuredmedia":[{"embeddable":true,"href":"https:\/\/cj.estrategia.com\/portal\/wp-json\/wp\/v2\/media\/34112"}],"wp:attachment":[{"href":"https:\/\/cj.estrategia.com\/portal\/wp-json\/wp\/v2\/media?parent=104786"}],"wp:term":[{"taxonomy":"category","embeddable":true,"href":"https:\/\/cj.estrategia.com\/portal\/wp-json\/wp\/v2\/categories?post=104786"},{"taxonomy":"post_tag","embeddable":true,"href":"https:\/\/cj.estrategia.com\/portal\/wp-json\/wp\/v2\/tags?post=104786"},{"taxonomy":"tax_estado","embeddable":true,"href":"https:\/\/cj.estrategia.com\/portal\/wp-json\/wp\/v2\/tax_estado?post=104786"}],"curies":[{"name":"wp","href":"https:\/\/api.w.org\/{rel}","templated":true}]}}